{"id":30894,"date":"2022-05-30T14:45:44","date_gmt":"2022-05-30T17:45:44","guid":{"rendered":"https:\/\/jornalfatosenoticias.com.br\/?p=30894"},"modified":"2022-05-30T14:48:07","modified_gmt":"2022-05-30T17:48:07","slug":"avancini-fatura-ouro-no-pan-americano-de-mountain-bike-na-argentina","status":"publish","type":"post","link":"https:\/\/jornalfatosenoticias.com.br\/index.php\/2022\/05\/30\/avancini-fatura-ouro-no-pan-americano-de-mountain-bike-na-argentina\/","title":{"rendered":"Avancini fatura ouro no Pan-Americano de Mountain Bike na Argentina"},"content":{"rendered":"\n<p><em><span class=\"has-inline-color has-black-color\">Brasileiro j\u00e1 conquistara prata na prova Short Track na \u00faltima sexta<\/span><\/em><\/p>\n\n\n\n<div class=\"wp-block-image\"><figure class=\"aligncenter size-large is-resized\"><img loading=\"lazy\" decoding=\"async\" src=\"https:\/\/jornalfatosenoticias.com.br\/wp-content\/uploads\/2020\/02\/Logo-Mizu-segunda-2-1024x99.png\" alt=\"\" class=\"wp-image-2353\" width=\"373\" height=\"36\" srcset=\"https:\/\/jornalfatosenoticias.com.br\/wp-content\/uploads\/2020\/02\/Logo-Mizu-segunda-2-1024x99.png 1024w, https:\/\/jornalfatosenoticias.com.br\/wp-content\/uploads\/2020\/02\/Logo-Mizu-segunda-2-300x29.png 300w, https:\/\/jornalfatosenoticias.com.br\/wp-content\/uploads\/2020\/02\/Logo-Mizu-segunda-2-768x74.png 768w, https:\/\/jornalfatosenoticias.com.br\/wp-content\/uploads\/2020\/02\/Logo-Mizu-segunda-2.png 1240w\" sizes=\"auto, (max-width: 373px) 100vw, 373px\" \/><\/figure><\/div>\n\n\n\n<p>Dois dias ap\u00f3s conquistar a medalha prata na prova montain bike Short Track (XCC), o ciclista Henrique Avancini faturou o ouro neste domingo (29) na disputa de mountain bike cross country ol\u00edmpico (XCO) no Campeonato Pan-Americano, em Catamarca (Argentina). Este \u00e9 a segunda vez que Avancini vence a prova no Pan: a primeira foi em 2015. A competi\u00e7\u00e3o vale pontos para o ranking mundial e ol\u00edmpico.<\/p>\n\n\n\n<div class=\"wp-block-image\"><figure class=\"aligncenter size-large is-resized\"><img loading=\"lazy\" decoding=\"async\" src=\"https:\/\/jornalfatosenoticias.com.br\/wp-content\/uploads\/2022\/02\/Serra-Pack-459.png\" alt=\"\" class=\"wp-image-27471\" width=\"220\" height=\"88\"\/><\/figure><\/div>\n\n\n\n<blockquote class=\"wp-block-quote is-layout-flow wp-block-quote-is-layout-flow\"><p><span class=\"has-inline-color has-luminous-vivid-orange-color\">&#8220;\u00c9 incr\u00edvel o carinho e o respeito que recebi aqui na Argentina durante esses dias. Estou feliz com o desempenho e a vit\u00f3ria&#8221;, declarou o ciclista, nascido em Petr\u00f3polis (RJ), que n\u00e3o disputava o Pan h\u00e1 quatro anos.<\/span><\/p><\/blockquote>\n\n\n\n<div class=\"wp-block-image\"><figure class=\"aligncenter size-large is-resized\"><img loading=\"lazy\" decoding=\"async\" src=\"https:\/\/jornalfatosenoticias.com.br\/wp-content\/uploads\/2022\/05\/NOVA-LOGO-CESCONETTO-1024x100.jpg\" alt=\"\" class=\"wp-image-30792\" width=\"448\" height=\"43\" srcset=\"https:\/\/jornalfatosenoticias.com.br\/wp-content\/uploads\/2022\/05\/NOVA-LOGO-CESCONETTO-1024x100.jpg 1024w, https:\/\/jornalfatosenoticias.com.br\/wp-content\/uploads\/2022\/05\/NOVA-LOGO-CESCONETTO-300x29.jpg 300w, https:\/\/jornalfatosenoticias.com.br\/wp-content\/uploads\/2022\/05\/NOVA-LOGO-CESCONETTO-768x75.jpg 768w, https:\/\/jornalfatosenoticias.com.br\/wp-content\/uploads\/2022\/05\/NOVA-LOGO-CESCONETTO.jpg 1280w\" sizes=\"auto, (max-width: 448px) 100vw, 448px\" \/><\/figure><\/div>\n\n\n\n<figure class=\"wp-block-embed-twitter wp-block-embed is-type-rich is-provider-twitter\"><div class=\"wp-block-embed__wrapper\">\n<blockquote class=\"twitter-tweet\" data-width=\"550\" data-dnt=\"true\"><p lang=\"pt\" dir=\"ltr\">\u00c9 OUROOOOOOOOOO! \ud83e\udd47\ud83d\udeb5\ud83c\udffb\u200d\u2642\ufe0f<br><br>\u00c9 de Henrique Avancini, campe\u00e3o pan-americano de MTB em Catamarca \ud83c\udde6\ud83c\uddf7<br><br>Ele j\u00e1 havia sido \ud83e\udd48 no short track, a\u00ed no XCO n\u00e3o teve para ningu\u00e9m! \ud83d\ude1b\ud83c\udde7\ud83c\uddf7<br><br>\ud83d\udcf8 Jos\u00e9 Mar\u00eda Cabrera <a href=\"https:\/\/t.co\/fkBfhPRCCH\">pic.twitter.com\/fkBfhPRCCH<\/a><\/p>&mdash; Time Brasil (@timebrasil) <a href=\"https:\/\/twitter.com\/timebrasil\/status\/1531058845782618112?ref_src=twsrc%5Etfw\">May 29, 2022<\/a><\/blockquote><script async src=\"https:\/\/platform.twitter.com\/widgets.js\" charset=\"utf-8\"><\/script>\n<\/div><\/figure>\n\n\n\n<div class=\"wp-block-image\"><figure class=\"alignright size-large is-resized\"><img loading=\"lazy\" decoding=\"async\" src=\"https:\/\/jornalfatosenoticias.com.br\/wp-content\/uploads\/2020\/02\/nova-logo-Marquetti.jpg\" alt=\"\" class=\"wp-image-22331\" width=\"240\" height=\"161\" srcset=\"https:\/\/jornalfatosenoticias.com.br\/wp-content\/uploads\/2020\/02\/nova-logo-Marquetti.jpg 643w, https:\/\/jornalfatosenoticias.com.br\/wp-content\/uploads\/2020\/02\/nova-logo-Marquetti-300x202.jpg 300w\" sizes=\"auto, (max-width: 240px) 100vw, 240px\" \/><\/figure><\/div>\n\n\n\n<p>A disputa teve clima de revanche entre Avancini e o mexicano Jos\u00e9 Ulloa, que na \u00faltima sexta-feira (27) superou o brasileiro nos metros finais da prova Short Track (XCC), assegurando o ouro. Mas neste domingo (29), foi Avancini que levou a melhor, e o mexicano ficou com a prata. A argentino Joel Contreras chegou em terceiro e foi bronze.<br>Tamb\u00e9m neste domingo (29), quatro brasileiras representaram o pa\u00eds na prova Elite feminino. A mais bem colocada foi Let\u00edcia C\u00e2ndido que completou o percurso em quinto lugar. Na sequ\u00eancia ficaram Raiza Goul\u00e3o (6\u00ba), Herc\u00edlia Najara (7\u00ba) e Aline Sim\u00f5es (26\u00ba).<\/p>\n\n\n\n<div class=\"wp-block-image\"><figure class=\"alignleft size-large is-resized\"><img loading=\"lazy\" decoding=\"async\" src=\"https:\/\/jornalfatosenoticias.com.br\/wp-content\/uploads\/2022\/03\/logo-Suinco-1024x390.jpg\" alt=\"\" class=\"wp-image-28785\" width=\"262\" height=\"99\"\/><\/figure><\/div>\n\n\n\n<p>A equipe feminina garantiu medalha de bronze na sexta (27) com Ra\u00edza Goul\u00e3o na prova XCC, vencida pela mexicana Daniela Campuzano. A prata ficou com a norte-americana Kelsey Urban, segunda colocada.<\/p>\n\n\n\n<p><em><span class=\"has-inline-color has-black-color\"><strong>Foto: <\/strong>Michele Mondini\/COB\/Direitos Reservados<\/span><\/em><\/p>\n\n\n\n<p><strong><em>Fonte: <a href=\"https:\/\/agenciabrasil.ebc.com.br\/esportes\/noticia\/2022-05\/avancini-fatura-ouro-no-pan-americano-de-mountain-bike-na-argentina\">Ag\u00eancia Brasil<\/a><\/em><\/strong><\/p>\n","protected":false},"excerpt":{"rendered":"<p>Brasileiro j\u00e1 conquistara prata na prova Short Track na \u00faltima sexta Dois dias ap\u00f3s conquistar a medalha prata na prova montain bike Short Track (XCC), o ciclista Henrique Avancini faturou o ouro neste domingo (29) na disputa de mountain bike cross country ol\u00edmpico (XCO) no Campeonato Pan-Americano, em Catamarca (Argentina). Este \u00e9 a segunda vez [&hellip;]<\/p>\n","protected":false},"author":2,"featured_media":30895,"comment_status":"open","ping_status":"open","sticky":false,"template":"","format":"standard","meta":{"footnotes":""},"categories":[12],"tags":[8812,43,11874,14676,14675,14679,14678,14677],"class_list":["post-30894","post","type-post","status-publish","format-standard","has-post-thumbnail","hentry","category-esportes","tag-ciclismo","tag-esportes","tag-henrique-avancini","tag-mountain-bike-olimpico","tag-pan-americano","tag-raiza-goulao","tag-xcc","tag-xco"],"yoast_head":"<!-- This site is optimized with the Yoast SEO plugin v26.5 - https:\/\/yoast.com\/wordpress\/plugins\/seo\/ -->\n<title>Avancini fatura ouro no Pan-Americano de Mountain Bike na Argentina - Jornal Fatos e Not\u00edcias<\/title>\n<meta name=\"robots\" content=\"index, follow, max-snippet:-1, max-image-preview:large, max-video-preview:-1\" \/>\n<link rel=\"canonical\" href=\"https:\/\/jornalfatosenoticias.com.br\/index.php\/2022\/05\/30\/avancini-fatura-ouro-no-pan-americano-de-mountain-bike-na-argentina\/\" \/>\n<meta property=\"og:locale\" content=\"pt_BR\" \/>\n<meta property=\"og:type\" content=\"article\" \/>\n<meta property=\"og:title\" content=\"Avancini fatura ouro no Pan-Americano de Mountain Bike na Argentina - Jornal Fatos e Not\u00edcias\" \/>\n<meta property=\"og:description\" content=\"Brasileiro j\u00e1 conquistara prata na prova Short Track na \u00faltima sexta Dois dias ap\u00f3s conquistar a medalha prata na prova montain bike Short Track (XCC), o ciclista Henrique Avancini faturou o ouro neste domingo (29) na disputa de mountain bike cross country ol\u00edmpico (XCO) no Campeonato Pan-Americano, em Catamarca (Argentina). Este \u00e9 a segunda vez [&hellip;]\" \/>\n<meta property=\"og:url\" content=\"https:\/\/jornalfatosenoticias.com.br\/index.php\/2022\/05\/30\/avancini-fatura-ouro-no-pan-americano-de-mountain-bike-na-argentina\/\" \/>\n<meta property=\"og:site_name\" content=\"Jornal Fatos e Not\u00edcias\" \/>\n<meta property=\"article:published_time\" content=\"2022-05-30T17:45:44+00:00\" \/>\n<meta property=\"article:modified_time\" content=\"2022-05-30T17:48:07+00:00\" \/>\n<meta property=\"og:image\" content=\"https:\/\/jornalfatosenoticias.com.br\/wp-content\/uploads\/2022\/05\/henrique_avancini_montain_bike.jpg\" \/>\n\t<meta property=\"og:image:width\" content=\"1000\" \/>\n\t<meta property=\"og:image:height\" content=\"598\" \/>\n\t<meta property=\"og:image:type\" content=\"image\/jpeg\" \/>\n<meta name=\"author\" content=\"Luzimara Fernandes\" \/>\n<meta name=\"twitter:card\" content=\"summary_large_image\" \/>\n<meta name=\"twitter:label1\" content=\"Escrito por\" \/>\n\t<meta name=\"twitter:data1\" content=\"Luzimara Fernandes\" \/>\n\t<meta name=\"twitter:label2\" content=\"Est. tempo de leitura\" \/>\n\t<meta name=\"twitter:data2\" content=\"1 minuto\" \/>\n<script type=\"application\/ld+json\" class=\"yoast-schema-graph\">{\"@context\":\"https:\/\/schema.org\",\"@graph\":[{\"@type\":\"Article\",\"@id\":\"https:\/\/jornalfatosenoticias.com.br\/index.php\/2022\/05\/30\/avancini-fatura-ouro-no-pan-americano-de-mountain-bike-na-argentina\/#article\",\"isPartOf\":{\"@id\":\"https:\/\/jornalfatosenoticias.com.br\/index.php\/2022\/05\/30\/avancini-fatura-ouro-no-pan-americano-de-mountain-bike-na-argentina\/\"},\"author\":{\"name\":\"Luzimara Fernandes\",\"@id\":\"https:\/\/jornalfatosenoticias.com.br\/#\/schema\/person\/d63837fa13ac8666eb9e74e0985d6f81\"},\"headline\":\"Avancini fatura ouro no Pan-Americano de Mountain Bike na Argentina\",\"datePublished\":\"2022-05-30T17:45:44+00:00\",\"dateModified\":\"2022-05-30T17:48:07+00:00\",\"mainEntityOfPage\":{\"@id\":\"https:\/\/jornalfatosenoticias.com.br\/index.php\/2022\/05\/30\/avancini-fatura-ouro-no-pan-americano-de-mountain-bike-na-argentina\/\"},\"wordCount\":304,\"commentCount\":0,\"publisher\":{\"@id\":\"https:\/\/jornalfatosenoticias.com.br\/#organization\"},\"image\":{\"@id\":\"https:\/\/jornalfatosenoticias.com.br\/index.php\/2022\/05\/30\/avancini-fatura-ouro-no-pan-americano-de-mountain-bike-na-argentina\/#primaryimage\"},\"thumbnailUrl\":\"https:\/\/jornalfatosenoticias.com.br\/wp-content\/uploads\/2022\/05\/henrique_avancini_montain_bike.jpg\",\"keywords\":[\"ciclismo\",\"esportes\",\"Henrique Avancini\",\"mountain bike ol\u00edmpico\",\"Pan-Americano\",\"Ra\u00edza Goul\u00e3o\",\"XCC\",\"XCO\"],\"articleSection\":[\"Esportes\"],\"inLanguage\":\"pt-BR\",\"potentialAction\":[{\"@type\":\"CommentAction\",\"name\":\"Comment\",\"target\":[\"https:\/\/jornalfatosenoticias.com.br\/index.php\/2022\/05\/30\/avancini-fatura-ouro-no-pan-americano-de-mountain-bike-na-argentina\/#respond\"]}]},{\"@type\":\"WebPage\",\"@id\":\"https:\/\/jornalfatosenoticias.com.br\/index.php\/2022\/05\/30\/avancini-fatura-ouro-no-pan-americano-de-mountain-bike-na-argentina\/\",\"url\":\"https:\/\/jornalfatosenoticias.com.br\/index.php\/2022\/05\/30\/avancini-fatura-ouro-no-pan-americano-de-mountain-bike-na-argentina\/\",\"name\":\"Avancini fatura ouro no Pan-Americano de Mountain Bike na Argentina - Jornal Fatos e Not\u00edcias\",\"isPartOf\":{\"@id\":\"https:\/\/jornalfatosenoticias.com.br\/#website\"},\"primaryImageOfPage\":{\"@id\":\"https:\/\/jornalfatosenoticias.com.br\/index.php\/2022\/05\/30\/avancini-fatura-ouro-no-pan-americano-de-mountain-bike-na-argentina\/#primaryimage\"},\"image\":{\"@id\":\"https:\/\/jornalfatosenoticias.com.br\/index.php\/2022\/05\/30\/avancini-fatura-ouro-no-pan-americano-de-mountain-bike-na-argentina\/#primaryimage\"},\"thumbnailUrl\":\"https:\/\/jornalfatosenoticias.com.br\/wp-content\/uploads\/2022\/05\/henrique_avancini_montain_bike.jpg\",\"datePublished\":\"2022-05-30T17:45:44+00:00\",\"dateModified\":\"2022-05-30T17:48:07+00:00\",\"breadcrumb\":{\"@id\":\"https:\/\/jornalfatosenoticias.com.br\/index.php\/2022\/05\/30\/avancini-fatura-ouro-no-pan-americano-de-mountain-bike-na-argentina\/#breadcrumb\"},\"inLanguage\":\"pt-BR\",\"potentialAction\":[{\"@type\":\"ReadAction\",\"target\":[\"https:\/\/jornalfatosenoticias.com.br\/index.php\/2022\/05\/30\/avancini-fatura-ouro-no-pan-americano-de-mountain-bike-na-argentina\/\"]}]},{\"@type\":\"ImageObject\",\"inLanguage\":\"pt-BR\",\"@id\":\"https:\/\/jornalfatosenoticias.com.br\/index.php\/2022\/05\/30\/avancini-fatura-ouro-no-pan-americano-de-mountain-bike-na-argentina\/#primaryimage\",\"url\":\"https:\/\/jornalfatosenoticias.com.br\/wp-content\/uploads\/2022\/05\/henrique_avancini_montain_bike.jpg\",\"contentUrl\":\"https:\/\/jornalfatosenoticias.com.br\/wp-content\/uploads\/2022\/05\/henrique_avancini_montain_bike.jpg\",\"width\":1000,\"height\":598},{\"@type\":\"BreadcrumbList\",\"@id\":\"https:\/\/jornalfatosenoticias.com.br\/index.php\/2022\/05\/30\/avancini-fatura-ouro-no-pan-americano-de-mountain-bike-na-argentina\/#breadcrumb\",\"itemListElement\":[{\"@type\":\"ListItem\",\"position\":1,\"name\":\"In\u00edcio\",\"item\":\"https:\/\/jornalfatosenoticias.com.br\/\"},{\"@type\":\"ListItem\",\"position\":2,\"name\":\"Avancini fatura ouro no Pan-Americano de Mountain Bike na Argentina\"}]},{\"@type\":\"WebSite\",\"@id\":\"https:\/\/jornalfatosenoticias.com.br\/#website\",\"url\":\"https:\/\/jornalfatosenoticias.com.br\/\",\"name\":\"Jornal Fatos e Not\u00edcias\",\"description\":\"Not\u00edcias em geral\",\"publisher\":{\"@id\":\"https:\/\/jornalfatosenoticias.com.br\/#organization\"},\"potentialAction\":[{\"@type\":\"SearchAction\",\"target\":{\"@type\":\"EntryPoint\",\"urlTemplate\":\"https:\/\/jornalfatosenoticias.com.br\/?s={search_term_string}\"},\"query-input\":{\"@type\":\"PropertyValueSpecification\",\"valueRequired\":true,\"valueName\":\"search_term_string\"}}],\"inLanguage\":\"pt-BR\"},{\"@type\":\"Organization\",\"@id\":\"https:\/\/jornalfatosenoticias.com.br\/#organization\",\"name\":\"Jornal Fatos e Not\u00edcias\",\"url\":\"https:\/\/jornalfatosenoticias.com.br\/\",\"logo\":{\"@type\":\"ImageObject\",\"inLanguage\":\"pt-BR\",\"@id\":\"https:\/\/jornalfatosenoticias.com.br\/#\/schema\/logo\/image\/\",\"url\":\"https:\/\/jornalfatosenoticias.com.br\/wp-content\/uploads\/2020\/02\/logo120.png\",\"contentUrl\":\"https:\/\/jornalfatosenoticias.com.br\/wp-content\/uploads\/2020\/02\/logo120.png\",\"width\":1227,\"height\":120,\"caption\":\"Jornal Fatos e Not\u00edcias\"},\"image\":{\"@id\":\"https:\/\/jornalfatosenoticias.com.br\/#\/schema\/logo\/image\/\"}},{\"@type\":\"Person\",\"@id\":\"https:\/\/jornalfatosenoticias.com.br\/#\/schema\/person\/d63837fa13ac8666eb9e74e0985d6f81\",\"name\":\"Luzimara Fernandes\",\"image\":{\"@type\":\"ImageObject\",\"inLanguage\":\"pt-BR\",\"@id\":\"https:\/\/jornalfatosenoticias.com.br\/#\/schema\/person\/image\/\",\"url\":\"https:\/\/jornalfatosenoticias.com.br\/wp-content\/uploads\/2025\/05\/EU_portal.jpg\",\"contentUrl\":\"https:\/\/jornalfatosenoticias.com.br\/wp-content\/uploads\/2025\/05\/EU_portal.jpg\",\"caption\":\"Luzimara Fernandes\"},\"description\":\"Jornalista MTB 2358-ES\",\"sameAs\":[\"https:\/\/jornalfatosenoticias.com.br\"],\"url\":\"https:\/\/jornalfatosenoticias.com.br\/index.php\/author\/luzimara\/\"}]}<\/script>\n<!-- \/ Yoast SEO plugin. -->","yoast_head_json":{"title":"Avancini fatura ouro no Pan-Americano de Mountain Bike na Argentina - Jornal Fatos e Not\u00edcias","robots":{"index":"index","follow":"follow","max-snippet":"max-snippet:-1","max-image-preview":"max-image-preview:large","max-video-preview":"max-video-preview:-1"},"canonical":"https:\/\/jornalfatosenoticias.com.br\/index.php\/2022\/05\/30\/avancini-fatura-ouro-no-pan-americano-de-mountain-bike-na-argentina\/","og_locale":"pt_BR","og_type":"article","og_title":"Avancini fatura ouro no Pan-Americano de Mountain Bike na Argentina - Jornal Fatos e Not\u00edcias","og_description":"Brasileiro j\u00e1 conquistara prata na prova Short Track na \u00faltima sexta Dois dias ap\u00f3s conquistar a medalha prata na prova montain bike Short Track (XCC), o ciclista Henrique Avancini faturou o ouro neste domingo (29) na disputa de mountain bike cross country ol\u00edmpico (XCO) no Campeonato Pan-Americano, em Catamarca (Argentina). Este \u00e9 a segunda vez [&hellip;]","og_url":"https:\/\/jornalfatosenoticias.com.br\/index.php\/2022\/05\/30\/avancini-fatura-ouro-no-pan-americano-de-mountain-bike-na-argentina\/","og_site_name":"Jornal Fatos e Not\u00edcias","article_published_time":"2022-05-30T17:45:44+00:00","article_modified_time":"2022-05-30T17:48:07+00:00","og_image":[{"width":1000,"height":598,"url":"https:\/\/jornalfatosenoticias.com.br\/wp-content\/uploads\/2022\/05\/henrique_avancini_montain_bike.jpg","type":"image\/jpeg"}],"author":"Luzimara Fernandes","twitter_card":"summary_large_image","twitter_misc":{"Escrito por":"Luzimara Fernandes","Est. tempo de leitura":"1 minuto"},"schema":{"@context":"https:\/\/schema.org","@graph":[{"@type":"Article","@id":"https:\/\/jornalfatosenoticias.com.br\/index.php\/2022\/05\/30\/avancini-fatura-ouro-no-pan-americano-de-mountain-bike-na-argentina\/#article","isPartOf":{"@id":"https:\/\/jornalfatosenoticias.com.br\/index.php\/2022\/05\/30\/avancini-fatura-ouro-no-pan-americano-de-mountain-bike-na-argentina\/"},"author":{"name":"Luzimara Fernandes","@id":"https:\/\/jornalfatosenoticias.com.br\/#\/schema\/person\/d63837fa13ac8666eb9e74e0985d6f81"},"headline":"Avancini fatura ouro no Pan-Americano de Mountain Bike na Argentina","datePublished":"2022-05-30T17:45:44+00:00","dateModified":"2022-05-30T17:48:07+00:00","mainEntityOfPage":{"@id":"https:\/\/jornalfatosenoticias.com.br\/index.php\/2022\/05\/30\/avancini-fatura-ouro-no-pan-americano-de-mountain-bike-na-argentina\/"},"wordCount":304,"commentCount":0,"publisher":{"@id":"https:\/\/jornalfatosenoticias.com.br\/#organization"},"image":{"@id":"https:\/\/jornalfatosenoticias.com.br\/index.php\/2022\/05\/30\/avancini-fatura-ouro-no-pan-americano-de-mountain-bike-na-argentina\/#primaryimage"},"thumbnailUrl":"https:\/\/jornalfatosenoticias.com.br\/wp-content\/uploads\/2022\/05\/henrique_avancini_montain_bike.jpg","keywords":["ciclismo","esportes","Henrique Avancini","mountain bike ol\u00edmpico","Pan-Americano","Ra\u00edza Goul\u00e3o","XCC","XCO"],"articleSection":["Esportes"],"inLanguage":"pt-BR","potentialAction":[{"@type":"CommentAction","name":"Comment","target":["https:\/\/jornalfatosenoticias.com.br\/index.php\/2022\/05\/30\/avancini-fatura-ouro-no-pan-americano-de-mountain-bike-na-argentina\/#respond"]}]},{"@type":"WebPage","@id":"https:\/\/jornalfatosenoticias.com.br\/index.php\/2022\/05\/30\/avancini-fatura-ouro-no-pan-americano-de-mountain-bike-na-argentina\/","url":"https:\/\/jornalfatosenoticias.com.br\/index.php\/2022\/05\/30\/avancini-fatura-ouro-no-pan-americano-de-mountain-bike-na-argentina\/","name":"Avancini fatura ouro no Pan-Americano de Mountain Bike na Argentina - Jornal Fatos e Not\u00edcias","isPartOf":{"@id":"https:\/\/jornalfatosenoticias.com.br\/#website"},"primaryImageOfPage":{"@id":"https:\/\/jornalfatosenoticias.com.br\/index.php\/2022\/05\/30\/avancini-fatura-ouro-no-pan-americano-de-mountain-bike-na-argentina\/#primaryimage"},"image":{"@id":"https:\/\/jornalfatosenoticias.com.br\/index.php\/2022\/05\/30\/avancini-fatura-ouro-no-pan-americano-de-mountain-bike-na-argentina\/#primaryimage"},"thumbnailUrl":"https:\/\/jornalfatosenoticias.com.br\/wp-content\/uploads\/2022\/05\/henrique_avancini_montain_bike.jpg","datePublished":"2022-05-30T17:45:44+00:00","dateModified":"2022-05-30T17:48:07+00:00","breadcrumb":{"@id":"https:\/\/jornalfatosenoticias.com.br\/index.php\/2022\/05\/30\/avancini-fatura-ouro-no-pan-americano-de-mountain-bike-na-argentina\/#breadcrumb"},"inLanguage":"pt-BR","potentialAction":[{"@type":"ReadAction","target":["https:\/\/jornalfatosenoticias.com.br\/index.php\/2022\/05\/30\/avancini-fatura-ouro-no-pan-americano-de-mountain-bike-na-argentina\/"]}]},{"@type":"ImageObject","inLanguage":"pt-BR","@id":"https:\/\/jornalfatosenoticias.com.br\/index.php\/2022\/05\/30\/avancini-fatura-ouro-no-pan-americano-de-mountain-bike-na-argentina\/#primaryimage","url":"https:\/\/jornalfatosenoticias.com.br\/wp-content\/uploads\/2022\/05\/henrique_avancini_montain_bike.jpg","contentUrl":"https:\/\/jornalfatosenoticias.com.br\/wp-content\/uploads\/2022\/05\/henrique_avancini_montain_bike.jpg","width":1000,"height":598},{"@type":"BreadcrumbList","@id":"https:\/\/jornalfatosenoticias.com.br\/index.php\/2022\/05\/30\/avancini-fatura-ouro-no-pan-americano-de-mountain-bike-na-argentina\/#breadcrumb","itemListElement":[{"@type":"ListItem","position":1,"name":"In\u00edcio","item":"https:\/\/jornalfatosenoticias.com.br\/"},{"@type":"ListItem","position":2,"name":"Avancini fatura ouro no Pan-Americano de Mountain Bike na Argentina"}]},{"@type":"WebSite","@id":"https:\/\/jornalfatosenoticias.com.br\/#website","url":"https:\/\/jornalfatosenoticias.com.br\/","name":"Jornal Fatos e Not\u00edcias","description":"Not\u00edcias em geral","publisher":{"@id":"https:\/\/jornalfatosenoticias.com.br\/#organization"},"potentialAction":[{"@type":"SearchAction","target":{"@type":"EntryPoint","urlTemplate":"https:\/\/jornalfatosenoticias.com.br\/?s={search_term_string}"},"query-input":{"@type":"PropertyValueSpecification","valueRequired":true,"valueName":"search_term_string"}}],"inLanguage":"pt-BR"},{"@type":"Organization","@id":"https:\/\/jornalfatosenoticias.com.br\/#organization","name":"Jornal Fatos e Not\u00edcias","url":"https:\/\/jornalfatosenoticias.com.br\/","logo":{"@type":"ImageObject","inLanguage":"pt-BR","@id":"https:\/\/jornalfatosenoticias.com.br\/#\/schema\/logo\/image\/","url":"https:\/\/jornalfatosenoticias.com.br\/wp-content\/uploads\/2020\/02\/logo120.png","contentUrl":"https:\/\/jornalfatosenoticias.com.br\/wp-content\/uploads\/2020\/02\/logo120.png","width":1227,"height":120,"caption":"Jornal Fatos e Not\u00edcias"},"image":{"@id":"https:\/\/jornalfatosenoticias.com.br\/#\/schema\/logo\/image\/"}},{"@type":"Person","@id":"https:\/\/jornalfatosenoticias.com.br\/#\/schema\/person\/d63837fa13ac8666eb9e74e0985d6f81","name":"Luzimara Fernandes","image":{"@type":"ImageObject","inLanguage":"pt-BR","@id":"https:\/\/jornalfatosenoticias.com.br\/#\/schema\/person\/image\/","url":"https:\/\/jornalfatosenoticias.com.br\/wp-content\/uploads\/2025\/05\/EU_portal.jpg","contentUrl":"https:\/\/jornalfatosenoticias.com.br\/wp-content\/uploads\/2025\/05\/EU_portal.jpg","caption":"Luzimara Fernandes"},"description":"Jornalista MTB 2358-ES","sameAs":["https:\/\/jornalfatosenoticias.com.br"],"url":"https:\/\/jornalfatosenoticias.com.br\/index.php\/author\/luzimara\/"}]}},"cc_featured_image_caption":{"caption_text":"","source_text":"","source_url":""},"jetpack_featured_media_url":"https:\/\/jornalfatosenoticias.com.br\/wp-content\/uploads\/2022\/05\/henrique_avancini_montain_bike.jpg","_links":{"self":[{"href":"https:\/\/jornalfatosenoticias.com.br\/index.php\/wp-json\/wp\/v2\/posts\/30894","targetHints":{"allow":["GET"]}}],"collection":[{"href":"https:\/\/jornalfatosenoticias.com.br\/index.php\/wp-json\/wp\/v2\/posts"}],"about":[{"href":"https:\/\/jornalfatosenoticias.com.br\/index.php\/wp-json\/wp\/v2\/types\/post"}],"author":[{"embeddable":true,"href":"https:\/\/jornalfatosenoticias.com.br\/index.php\/wp-json\/wp\/v2\/users\/2"}],"replies":[{"embeddable":true,"href":"https:\/\/jornalfatosenoticias.com.br\/index.php\/wp-json\/wp\/v2\/comments?post=30894"}],"version-history":[{"count":0,"href":"https:\/\/jornalfatosenoticias.com.br\/index.php\/wp-json\/wp\/v2\/posts\/30894\/revisions"}],"wp:featuredmedia":[{"embeddable":true,"href":"https:\/\/jornalfatosenoticias.com.br\/index.php\/wp-json\/wp\/v2\/media\/30895"}],"wp:attachment":[{"href":"https:\/\/jornalfatosenoticias.com.br\/index.php\/wp-json\/wp\/v2\/media?parent=30894"}],"wp:term":[{"taxonomy":"category","embeddable":true,"href":"https:\/\/jornalfatosenoticias.com.br\/index.php\/wp-json\/wp\/v2\/categories?post=30894"},{"taxonomy":"post_tag","embeddable":true,"href":"https:\/\/jornalfatosenoticias.com.br\/index.php\/wp-json\/wp\/v2\/tags?post=30894"}],"curies":[{"name":"wp","href":"https:\/\/api.w.org\/{rel}","templated":true}]}}