{"id":30899,"date":"2022-05-30T15:00:25","date_gmt":"2022-05-30T18:00:25","guid":{"rendered":"https:\/\/jornalfatosenoticias.com.br\/?p=30899"},"modified":"2022-05-30T15:00:30","modified_gmt":"2022-05-30T18:00:30","slug":"radios-mec-e-nacional-abrem-celebracoes-do-centenario-do-radio","status":"publish","type":"post","link":"https:\/\/jornalfatosenoticias.com.br\/index.php\/2022\/05\/30\/radios-mec-e-nacional-abrem-celebracoes-do-centenario-do-radio\/","title":{"rendered":"R\u00e1dios MEC e Nacional abrem celebra\u00e7\u00f5es do centen\u00e1rio do r\u00e1dio"},"content":{"rendered":"\n<p><em><span class=\"has-inline-color has-black-color\">Iniciativa re\u00fane emissoras para comemora\u00e7\u00f5es da data no Brasil<\/span><\/em><\/p>\n\n\n\n<div class=\"wp-block-image\"><figure class=\"aligncenter size-large is-resized\"><img loading=\"lazy\" decoding=\"async\" src=\"https:\/\/jornalfatosenoticias.com.br\/wp-content\/uploads\/2020\/02\/Serra-Grande-1024x160.png\" alt=\"\" class=\"wp-image-7836\" width=\"331\" height=\"51\"\/><\/figure><\/div>\n\n\n\n<p>Para iniciar as comemora\u00e7\u00f5es em homenagem aos 100 anos do in\u00edcio das transmiss\u00f5es de r\u00e1dio no Pa\u00eds, a <strong>R\u00e1dio MEC<\/strong> e a <strong>R\u00e1dio Nacional,<\/strong> emissoras p\u00fablicas geridas pela <strong>Empresa Brasil de Comunica\u00e7\u00e3o<\/strong> <strong>(EBC)<\/strong>, organizam um painel para debater o tema no Theatro Municipal do Rio de Janeiro, amanh\u00e3 (31), \u00e0s 18h.<br>O evento 100 dias para o Centen\u00e1rio do R\u00e1dio no Brasil traz um bate-papo a respeito da hist\u00f3ria e uma proje\u00e7\u00e3o sobre as perspectivas para o futuro do ve\u00edculo. A mesa vai contar com representantes de r\u00e1dios p\u00fablicas, do mercado de esta\u00e7\u00f5es comerciais e de emissoras comunit\u00e1rias, al\u00e9m de um podcaster.<br>A plateia tamb\u00e9m poder\u00e1 participar fazendo perguntas e interagindo com os debatedores. O evento ser\u00e1 transmitido em tempo real pelas redes sociais. Os interessados podem acompanhar o encontro pelo YouTube, Facebook e Twitter da <strong>R\u00e1dio MEC<\/strong> e da <strong>R\u00e1dio Nacional.<\/strong><\/p>\n\n\n\n<div class=\"wp-block-image\"><figure class=\"alignleft size-large\"><img decoding=\"async\" src=\"https:\/\/jornalfatosenoticias.com.br\/wp-content\/uploads\/2020\/02\/logo_esteio.jpg\" alt=\"\" class=\"wp-image-1214\"\/><\/figure><\/div>\n\n\n\n<p>Durante o encontro com especialistas no assunto, ser\u00e3o lan\u00e7ados o spot da campanha 100 anos do r\u00e1dio no Brasil, que envolve emissoras p\u00fablicas e comerciais, e o primeiro interprograma da s\u00e9rie de 100 produ\u00e7\u00f5es di\u00e1rias de curta dura\u00e7\u00e3o para a data celebrada em 7 de setembro.<br>Outra novidade \u00e9 o lan\u00e7amento da playlist do Spotify &#8220;R\u00e1dio 1950&#8221;. A sele\u00e7\u00e3o re\u00fane o repert\u00f3rio musical que tocava na programa\u00e7\u00e3o das esta\u00e7\u00f5es entre os anos de 1950 e 1959.<\/p>\n\n\n\n<p><strong><span class=\"has-inline-color has-black-color\">Campanha em rede com diversas emissoras<br><\/span><\/strong>As a\u00e7\u00f5es conjuntas para promover as festividades pelos 100 anos das transmiss\u00f5es de r\u00e1dio no Brasil mobilizam diversas emissoras e organiza\u00e7\u00f5es do meio. O spot comemorativo para come\u00e7ar a festejar a efem\u00e9ride conta com v\u00e1rias vozes conhecidas do r\u00e1dio.<\/p>\n\n\n\n<div class=\"wp-block-image\"><figure class=\"aligncenter size-large is-resized\"><img loading=\"lazy\" decoding=\"async\" src=\"https:\/\/jornalfatosenoticias.com.br\/wp-content\/uploads\/2022\/05\/NOVA-LOGO-CESCONETTO-1024x100.jpg\" alt=\"\" class=\"wp-image-30792\" width=\"397\" height=\"38\" srcset=\"https:\/\/jornalfatosenoticias.com.br\/wp-content\/uploads\/2022\/05\/NOVA-LOGO-CESCONETTO-1024x100.jpg 1024w, https:\/\/jornalfatosenoticias.com.br\/wp-content\/uploads\/2022\/05\/NOVA-LOGO-CESCONETTO-300x29.jpg 300w, https:\/\/jornalfatosenoticias.com.br\/wp-content\/uploads\/2022\/05\/NOVA-LOGO-CESCONETTO-768x75.jpg 768w, https:\/\/jornalfatosenoticias.com.br\/wp-content\/uploads\/2022\/05\/NOVA-LOGO-CESCONETTO.jpg 1280w\" sizes=\"auto, (max-width: 397px) 100vw, 397px\" \/><\/figure><\/div>\n\n\n\n<p>A produ\u00e7\u00e3o envolveu profissionais de r\u00e1dios p\u00fablicas e comerciais. Al\u00e9m da MEC e da Nacional, o spot conta com a participa\u00e7\u00e3o de radialistas da R\u00e1dio Cidade, Paradiso FM, Antena 1, Transam\u00e9rica, Band News FM e JB FM, emissoras em que o conte\u00fado de 30 segundos tamb\u00e9m ser\u00e1 levado ao ar. A iniciativa tem o apoio da Associa\u00e7\u00e3o de R\u00e1dios do Estado do Rio de Janeiro.<\/p>\n\n\n\n<h4 class=\"wp-block-heading\"><span class=\"has-inline-color has-black-color\">#VemOuvir<\/span><\/h4>\n\n\n\n<div class=\"wp-block-image\"><figure class=\"alignright size-large is-resized\"><img loading=\"lazy\" decoding=\"async\" src=\"https:\/\/jornalfatosenoticias.com.br\/wp-content\/uploads\/2020\/02\/nova-logo-Marquetti.jpg\" alt=\"\" class=\"wp-image-22331\" width=\"276\" height=\"185\" srcset=\"https:\/\/jornalfatosenoticias.com.br\/wp-content\/uploads\/2020\/02\/nova-logo-Marquetti.jpg 643w, https:\/\/jornalfatosenoticias.com.br\/wp-content\/uploads\/2020\/02\/nova-logo-Marquetti-300x202.jpg 300w\" sizes=\"auto, (max-width: 276px) 100vw, 276px\" \/><\/figure><\/div>\n\n\n\n<p>Com cinco minutos de dura\u00e7\u00e3o, os interprogramas di\u00e1rios sobre o centen\u00e1rio do r\u00e1dio no Pa\u00eds mesclam entrevistas e pesquisas de acervo para abordar diversos aspectos hist\u00f3ricos relacionados ao ve\u00edculo. A ideia \u00e9 resgatar personalidades, programas e emissoras marcantes presentes na mem\u00f3ria afetiva dos ouvintes.<br>A produ\u00e7\u00e3o original vai ao ar na <strong>R\u00e1dio MEC<\/strong> todos os dias em tr\u00eas hor\u00e1rios. O conte\u00fado tamb\u00e9m ser\u00e1 transmitido por emissoras parceiras da Rede Nacional de Comunica\u00e7\u00e3o P\u00fablica (RNCP) como a R\u00e1dio Inconfid\u00eancia, em Belo Horizonte, e a FM Cultura, em Porto Alegre. Os programetes tamb\u00e9m ser\u00e3o distribu\u00eddos pela Radioag\u00eancia Nacional e ficar\u00e3o dispon\u00edveis para as emissoras que quiserem utiliz\u00e1-los.<\/p>\n\n\n\n<div class=\"wp-block-image\"><figure class=\"alignleft size-large is-resized\"><img loading=\"lazy\" decoding=\"async\" src=\"https:\/\/jornalfatosenoticias.com.br\/wp-content\/uploads\/2022\/03\/logo-Suinco-1024x390.jpg\" alt=\"\" class=\"wp-image-28785\" width=\"258\" height=\"97\"\/><\/figure><\/div>\n\n\n\n<p>A locu\u00e7\u00e3o dos interprogramas \u00e9 da jornalista Cl\u00e1udia Bojunga, profissional da <strong>EBC <\/strong>e bisneta de Edgard Roquette-Pinto, pai da radiodifus\u00e3o no Pa\u00eds. As primeiras edi\u00e7\u00f5es remetem ao in\u00edcio das transmiss\u00f5es de r\u00e1dio no Pa\u00eds.<br>Os programetes recordam a import\u00e2ncia das experi\u00eancias pioneiras do Padre Landell de Moura e da R\u00e1dio Clube de Pernambuco. Os primeiros conte\u00fados tamb\u00e9m destacam a Semana de Arte Moderna de 1922 e a Semana da Independ\u00eancia, no mesmo ano. A R\u00e1dio Sociedade do Rio de Janeiro tamb\u00e9m \u00e9 lembrada.<\/p>\n\n\n\n<div class=\"wp-block-image\"><figure class=\"alignright size-large is-resized\"><img loading=\"lazy\" decoding=\"async\" src=\"https:\/\/jornalfatosenoticias.com.br\/wp-content\/uploads\/2022\/02\/Serra-Pack-459.png\" alt=\"\" class=\"wp-image-27471\" width=\"305\" height=\"122\"\/><\/figure><\/div>\n\n\n\n<p><strong><span class=\"has-inline-color has-black-color\">Produ\u00e7\u00f5es especiais em outros ve\u00edculos da EBC<br><\/span><\/strong>O centen\u00e1rio do r\u00e1dio no Pa\u00eds tamb\u00e9m ser\u00e1 celebrado com a\u00e7\u00f5es multiplataforma em outros ve\u00edculos p\u00fablicos da <strong>EBC<\/strong>. A\u00a0<strong>Ag\u00eancia Brasil<\/strong>\u00a0vai publicar dez mat\u00e9rias especiais tem\u00e1ticas\u00a0enquanto a\u00a0<strong>Radioag\u00eancia Nacional<\/strong> vai fazer 100 posts com os interprogramas em seu <em>site.<\/em><\/p>\n\n\n\n<p><strong><em>Fonte: <a href=\"https:\/\/agenciabrasil.ebc.com.br\/geral\/noticia\/2022-05\/radios-mec-e-nacional-abrem-celebracoes-do-centenario-do-radio\">Ag\u00eancia Brasil<\/a><\/em><\/strong><\/p>\n","protected":false},"excerpt":{"rendered":"<p>Iniciativa re\u00fane emissoras para comemora\u00e7\u00f5es da data no Brasil Para iniciar as comemora\u00e7\u00f5es em homenagem aos 100 anos do in\u00edcio das transmiss\u00f5es de r\u00e1dio no Pa\u00eds, a R\u00e1dio MEC e a R\u00e1dio Nacional, emissoras p\u00fablicas geridas pela Empresa Brasil de Comunica\u00e7\u00e3o (EBC), organizam um painel para debater o tema no Theatro Municipal do Rio de [&hellip;]<\/p>\n","protected":false},"author":2,"featured_media":30900,"comment_status":"open","ping_status":"open","sticky":false,"template":"","format":"standard","meta":{"footnotes":""},"categories":[4],"tags":[14680,4232,2685,5165],"class_list":["post-30899","post","type-post","status-publish","format-standard","has-post-thumbnail","hentry","category-cultura","tag-100-anos-do-radio","tag-radio","tag-radio-mec","tag-radio-nacional"],"yoast_head":"<!-- This site is optimized with the Yoast SEO plugin v26.5 - https:\/\/yoast.com\/wordpress\/plugins\/seo\/ -->\n<title>R\u00e1dios MEC e Nacional abrem celebra\u00e7\u00f5es do centen\u00e1rio do r\u00e1dio - Jornal Fatos e Not\u00edcias<\/title>\n<meta name=\"robots\" content=\"index, follow, max-snippet:-1, max-image-preview:large, max-video-preview:-1\" \/>\n<link rel=\"canonical\" href=\"https:\/\/jornalfatosenoticias.com.br\/index.php\/2022\/05\/30\/radios-mec-e-nacional-abrem-celebracoes-do-centenario-do-radio\/\" \/>\n<meta property=\"og:locale\" content=\"pt_BR\" \/>\n<meta property=\"og:type\" content=\"article\" \/>\n<meta property=\"og:title\" content=\"R\u00e1dios MEC e Nacional abrem celebra\u00e7\u00f5es do centen\u00e1rio do r\u00e1dio - Jornal Fatos e Not\u00edcias\" \/>\n<meta property=\"og:description\" content=\"Iniciativa re\u00fane emissoras para comemora\u00e7\u00f5es da data no Brasil Para iniciar as comemora\u00e7\u00f5es em homenagem aos 100 anos do in\u00edcio das transmiss\u00f5es de r\u00e1dio no Pa\u00eds, a R\u00e1dio MEC e a R\u00e1dio Nacional, emissoras p\u00fablicas geridas pela Empresa Brasil de Comunica\u00e7\u00e3o (EBC), organizam um painel para debater o tema no Theatro Municipal do Rio de [&hellip;]\" \/>\n<meta property=\"og:url\" content=\"https:\/\/jornalfatosenoticias.com.br\/index.php\/2022\/05\/30\/radios-mec-e-nacional-abrem-celebracoes-do-centenario-do-radio\/\" \/>\n<meta property=\"og:site_name\" content=\"Jornal Fatos e Not\u00edcias\" \/>\n<meta property=\"article:published_time\" content=\"2022-05-30T18:00:25+00:00\" \/>\n<meta property=\"article:modified_time\" content=\"2022-05-30T18:00:30+00:00\" \/>\n<meta property=\"og:image\" content=\"https:\/\/jornalfatosenoticias.com.br\/wp-content\/uploads\/2022\/05\/centenario-radio.jpg\" \/>\n\t<meta property=\"og:image:width\" content=\"1000\" \/>\n\t<meta property=\"og:image:height\" content=\"598\" \/>\n\t<meta property=\"og:image:type\" content=\"image\/jpeg\" \/>\n<meta name=\"author\" content=\"Luzimara Fernandes\" \/>\n<meta name=\"twitter:card\" content=\"summary_large_image\" \/>\n<meta name=\"twitter:label1\" content=\"Escrito por\" \/>\n\t<meta name=\"twitter:data1\" content=\"Luzimara Fernandes\" \/>\n\t<meta name=\"twitter:label2\" content=\"Est. tempo de leitura\" \/>\n\t<meta name=\"twitter:data2\" content=\"3 minutos\" \/>\n<script type=\"application\/ld+json\" class=\"yoast-schema-graph\">{\"@context\":\"https:\/\/schema.org\",\"@graph\":[{\"@type\":\"Article\",\"@id\":\"https:\/\/jornalfatosenoticias.com.br\/index.php\/2022\/05\/30\/radios-mec-e-nacional-abrem-celebracoes-do-centenario-do-radio\/#article\",\"isPartOf\":{\"@id\":\"https:\/\/jornalfatosenoticias.com.br\/index.php\/2022\/05\/30\/radios-mec-e-nacional-abrem-celebracoes-do-centenario-do-radio\/\"},\"author\":{\"name\":\"Luzimara Fernandes\",\"@id\":\"https:\/\/jornalfatosenoticias.com.br\/#\/schema\/person\/d63837fa13ac8666eb9e74e0985d6f81\"},\"headline\":\"R\u00e1dios MEC e Nacional abrem celebra\u00e7\u00f5es do centen\u00e1rio do r\u00e1dio\",\"datePublished\":\"2022-05-30T18:00:25+00:00\",\"dateModified\":\"2022-05-30T18:00:30+00:00\",\"mainEntityOfPage\":{\"@id\":\"https:\/\/jornalfatosenoticias.com.br\/index.php\/2022\/05\/30\/radios-mec-e-nacional-abrem-celebracoes-do-centenario-do-radio\/\"},\"wordCount\":687,\"commentCount\":0,\"publisher\":{\"@id\":\"https:\/\/jornalfatosenoticias.com.br\/#organization\"},\"image\":{\"@id\":\"https:\/\/jornalfatosenoticias.com.br\/index.php\/2022\/05\/30\/radios-mec-e-nacional-abrem-celebracoes-do-centenario-do-radio\/#primaryimage\"},\"thumbnailUrl\":\"https:\/\/jornalfatosenoticias.com.br\/wp-content\/uploads\/2022\/05\/centenario-radio.jpg\",\"keywords\":[\"100 anos do R\u00e1dio\",\"r\u00e1dio\",\"R\u00e1dio MEC\",\"R\u00e1dio Nacional\"],\"articleSection\":[\"Cultura\"],\"inLanguage\":\"pt-BR\",\"potentialAction\":[{\"@type\":\"CommentAction\",\"name\":\"Comment\",\"target\":[\"https:\/\/jornalfatosenoticias.com.br\/index.php\/2022\/05\/30\/radios-mec-e-nacional-abrem-celebracoes-do-centenario-do-radio\/#respond\"]}]},{\"@type\":\"WebPage\",\"@id\":\"https:\/\/jornalfatosenoticias.com.br\/index.php\/2022\/05\/30\/radios-mec-e-nacional-abrem-celebracoes-do-centenario-do-radio\/\",\"url\":\"https:\/\/jornalfatosenoticias.com.br\/index.php\/2022\/05\/30\/radios-mec-e-nacional-abrem-celebracoes-do-centenario-do-radio\/\",\"name\":\"R\u00e1dios MEC e Nacional abrem celebra\u00e7\u00f5es do centen\u00e1rio do r\u00e1dio - Jornal Fatos e Not\u00edcias\",\"isPartOf\":{\"@id\":\"https:\/\/jornalfatosenoticias.com.br\/#website\"},\"primaryImageOfPage\":{\"@id\":\"https:\/\/jornalfatosenoticias.com.br\/index.php\/2022\/05\/30\/radios-mec-e-nacional-abrem-celebracoes-do-centenario-do-radio\/#primaryimage\"},\"image\":{\"@id\":\"https:\/\/jornalfatosenoticias.com.br\/index.php\/2022\/05\/30\/radios-mec-e-nacional-abrem-celebracoes-do-centenario-do-radio\/#primaryimage\"},\"thumbnailUrl\":\"https:\/\/jornalfatosenoticias.com.br\/wp-content\/uploads\/2022\/05\/centenario-radio.jpg\",\"datePublished\":\"2022-05-30T18:00:25+00:00\",\"dateModified\":\"2022-05-30T18:00:30+00:00\",\"breadcrumb\":{\"@id\":\"https:\/\/jornalfatosenoticias.com.br\/index.php\/2022\/05\/30\/radios-mec-e-nacional-abrem-celebracoes-do-centenario-do-radio\/#breadcrumb\"},\"inLanguage\":\"pt-BR\",\"potentialAction\":[{\"@type\":\"ReadAction\",\"target\":[\"https:\/\/jornalfatosenoticias.com.br\/index.php\/2022\/05\/30\/radios-mec-e-nacional-abrem-celebracoes-do-centenario-do-radio\/\"]}]},{\"@type\":\"ImageObject\",\"inLanguage\":\"pt-BR\",\"@id\":\"https:\/\/jornalfatosenoticias.com.br\/index.php\/2022\/05\/30\/radios-mec-e-nacional-abrem-celebracoes-do-centenario-do-radio\/#primaryimage\",\"url\":\"https:\/\/jornalfatosenoticias.com.br\/wp-content\/uploads\/2022\/05\/centenario-radio.jpg\",\"contentUrl\":\"https:\/\/jornalfatosenoticias.com.br\/wp-content\/uploads\/2022\/05\/centenario-radio.jpg\",\"width\":1000,\"height\":598,\"caption\":\"R\u00e1dio, microfone\"},{\"@type\":\"BreadcrumbList\",\"@id\":\"https:\/\/jornalfatosenoticias.com.br\/index.php\/2022\/05\/30\/radios-mec-e-nacional-abrem-celebracoes-do-centenario-do-radio\/#breadcrumb\",\"itemListElement\":[{\"@type\":\"ListItem\",\"position\":1,\"name\":\"In\u00edcio\",\"item\":\"https:\/\/jornalfatosenoticias.com.br\/\"},{\"@type\":\"ListItem\",\"position\":2,\"name\":\"R\u00e1dios MEC e Nacional abrem celebra\u00e7\u00f5es do centen\u00e1rio do r\u00e1dio\"}]},{\"@type\":\"WebSite\",\"@id\":\"https:\/\/jornalfatosenoticias.com.br\/#website\",\"url\":\"https:\/\/jornalfatosenoticias.com.br\/\",\"name\":\"Jornal Fatos e Not\u00edcias\",\"description\":\"Not\u00edcias em geral\",\"publisher\":{\"@id\":\"https:\/\/jornalfatosenoticias.com.br\/#organization\"},\"potentialAction\":[{\"@type\":\"SearchAction\",\"target\":{\"@type\":\"EntryPoint\",\"urlTemplate\":\"https:\/\/jornalfatosenoticias.com.br\/?s={search_term_string}\"},\"query-input\":{\"@type\":\"PropertyValueSpecification\",\"valueRequired\":true,\"valueName\":\"search_term_string\"}}],\"inLanguage\":\"pt-BR\"},{\"@type\":\"Organization\",\"@id\":\"https:\/\/jornalfatosenoticias.com.br\/#organization\",\"name\":\"Jornal Fatos e Not\u00edcias\",\"url\":\"https:\/\/jornalfatosenoticias.com.br\/\",\"logo\":{\"@type\":\"ImageObject\",\"inLanguage\":\"pt-BR\",\"@id\":\"https:\/\/jornalfatosenoticias.com.br\/#\/schema\/logo\/image\/\",\"url\":\"https:\/\/jornalfatosenoticias.com.br\/wp-content\/uploads\/2020\/02\/logo120.png\",\"contentUrl\":\"https:\/\/jornalfatosenoticias.com.br\/wp-content\/uploads\/2020\/02\/logo120.png\",\"width\":1227,\"height\":120,\"caption\":\"Jornal Fatos e Not\u00edcias\"},\"image\":{\"@id\":\"https:\/\/jornalfatosenoticias.com.br\/#\/schema\/logo\/image\/\"}},{\"@type\":\"Person\",\"@id\":\"https:\/\/jornalfatosenoticias.com.br\/#\/schema\/person\/d63837fa13ac8666eb9e74e0985d6f81\",\"name\":\"Luzimara Fernandes\",\"image\":{\"@type\":\"ImageObject\",\"inLanguage\":\"pt-BR\",\"@id\":\"https:\/\/jornalfatosenoticias.com.br\/#\/schema\/person\/image\/\",\"url\":\"https:\/\/jornalfatosenoticias.com.br\/wp-content\/uploads\/2025\/05\/EU_portal.jpg\",\"contentUrl\":\"https:\/\/jornalfatosenoticias.com.br\/wp-content\/uploads\/2025\/05\/EU_portal.jpg\",\"caption\":\"Luzimara Fernandes\"},\"description\":\"Jornalista MTB 2358-ES\",\"sameAs\":[\"https:\/\/jornalfatosenoticias.com.br\"],\"url\":\"https:\/\/jornalfatosenoticias.com.br\/index.php\/author\/luzimara\/\"}]}<\/script>\n<!-- \/ Yoast SEO plugin. -->","yoast_head_json":{"title":"R\u00e1dios MEC e Nacional abrem celebra\u00e7\u00f5es do centen\u00e1rio do r\u00e1dio - Jornal Fatos e Not\u00edcias","robots":{"index":"index","follow":"follow","max-snippet":"max-snippet:-1","max-image-preview":"max-image-preview:large","max-video-preview":"max-video-preview:-1"},"canonical":"https:\/\/jornalfatosenoticias.com.br\/index.php\/2022\/05\/30\/radios-mec-e-nacional-abrem-celebracoes-do-centenario-do-radio\/","og_locale":"pt_BR","og_type":"article","og_title":"R\u00e1dios MEC e Nacional abrem celebra\u00e7\u00f5es do centen\u00e1rio do r\u00e1dio - Jornal Fatos e Not\u00edcias","og_description":"Iniciativa re\u00fane emissoras para comemora\u00e7\u00f5es da data no Brasil Para iniciar as comemora\u00e7\u00f5es em homenagem aos 100 anos do in\u00edcio das transmiss\u00f5es de r\u00e1dio no Pa\u00eds, a R\u00e1dio MEC e a R\u00e1dio Nacional, emissoras p\u00fablicas geridas pela Empresa Brasil de Comunica\u00e7\u00e3o (EBC), organizam um painel para debater o tema no Theatro Municipal do Rio de [&hellip;]","og_url":"https:\/\/jornalfatosenoticias.com.br\/index.php\/2022\/05\/30\/radios-mec-e-nacional-abrem-celebracoes-do-centenario-do-radio\/","og_site_name":"Jornal Fatos e Not\u00edcias","article_published_time":"2022-05-30T18:00:25+00:00","article_modified_time":"2022-05-30T18:00:30+00:00","og_image":[{"width":1000,"height":598,"url":"https:\/\/jornalfatosenoticias.com.br\/wp-content\/uploads\/2022\/05\/centenario-radio.jpg","type":"image\/jpeg"}],"author":"Luzimara Fernandes","twitter_card":"summary_large_image","twitter_misc":{"Escrito por":"Luzimara Fernandes","Est. tempo de leitura":"3 minutos"},"schema":{"@context":"https:\/\/schema.org","@graph":[{"@type":"Article","@id":"https:\/\/jornalfatosenoticias.com.br\/index.php\/2022\/05\/30\/radios-mec-e-nacional-abrem-celebracoes-do-centenario-do-radio\/#article","isPartOf":{"@id":"https:\/\/jornalfatosenoticias.com.br\/index.php\/2022\/05\/30\/radios-mec-e-nacional-abrem-celebracoes-do-centenario-do-radio\/"},"author":{"name":"Luzimara Fernandes","@id":"https:\/\/jornalfatosenoticias.com.br\/#\/schema\/person\/d63837fa13ac8666eb9e74e0985d6f81"},"headline":"R\u00e1dios MEC e Nacional abrem celebra\u00e7\u00f5es do centen\u00e1rio do r\u00e1dio","datePublished":"2022-05-30T18:00:25+00:00","dateModified":"2022-05-30T18:00:30+00:00","mainEntityOfPage":{"@id":"https:\/\/jornalfatosenoticias.com.br\/index.php\/2022\/05\/30\/radios-mec-e-nacional-abrem-celebracoes-do-centenario-do-radio\/"},"wordCount":687,"commentCount":0,"publisher":{"@id":"https:\/\/jornalfatosenoticias.com.br\/#organization"},"image":{"@id":"https:\/\/jornalfatosenoticias.com.br\/index.php\/2022\/05\/30\/radios-mec-e-nacional-abrem-celebracoes-do-centenario-do-radio\/#primaryimage"},"thumbnailUrl":"https:\/\/jornalfatosenoticias.com.br\/wp-content\/uploads\/2022\/05\/centenario-radio.jpg","keywords":["100 anos do R\u00e1dio","r\u00e1dio","R\u00e1dio MEC","R\u00e1dio Nacional"],"articleSection":["Cultura"],"inLanguage":"pt-BR","potentialAction":[{"@type":"CommentAction","name":"Comment","target":["https:\/\/jornalfatosenoticias.com.br\/index.php\/2022\/05\/30\/radios-mec-e-nacional-abrem-celebracoes-do-centenario-do-radio\/#respond"]}]},{"@type":"WebPage","@id":"https:\/\/jornalfatosenoticias.com.br\/index.php\/2022\/05\/30\/radios-mec-e-nacional-abrem-celebracoes-do-centenario-do-radio\/","url":"https:\/\/jornalfatosenoticias.com.br\/index.php\/2022\/05\/30\/radios-mec-e-nacional-abrem-celebracoes-do-centenario-do-radio\/","name":"R\u00e1dios MEC e Nacional abrem celebra\u00e7\u00f5es do centen\u00e1rio do r\u00e1dio - Jornal Fatos e Not\u00edcias","isPartOf":{"@id":"https:\/\/jornalfatosenoticias.com.br\/#website"},"primaryImageOfPage":{"@id":"https:\/\/jornalfatosenoticias.com.br\/index.php\/2022\/05\/30\/radios-mec-e-nacional-abrem-celebracoes-do-centenario-do-radio\/#primaryimage"},"image":{"@id":"https:\/\/jornalfatosenoticias.com.br\/index.php\/2022\/05\/30\/radios-mec-e-nacional-abrem-celebracoes-do-centenario-do-radio\/#primaryimage"},"thumbnailUrl":"https:\/\/jornalfatosenoticias.com.br\/wp-content\/uploads\/2022\/05\/centenario-radio.jpg","datePublished":"2022-05-30T18:00:25+00:00","dateModified":"2022-05-30T18:00:30+00:00","breadcrumb":{"@id":"https:\/\/jornalfatosenoticias.com.br\/index.php\/2022\/05\/30\/radios-mec-e-nacional-abrem-celebracoes-do-centenario-do-radio\/#breadcrumb"},"inLanguage":"pt-BR","potentialAction":[{"@type":"ReadAction","target":["https:\/\/jornalfatosenoticias.com.br\/index.php\/2022\/05\/30\/radios-mec-e-nacional-abrem-celebracoes-do-centenario-do-radio\/"]}]},{"@type":"ImageObject","inLanguage":"pt-BR","@id":"https:\/\/jornalfatosenoticias.com.br\/index.php\/2022\/05\/30\/radios-mec-e-nacional-abrem-celebracoes-do-centenario-do-radio\/#primaryimage","url":"https:\/\/jornalfatosenoticias.com.br\/wp-content\/uploads\/2022\/05\/centenario-radio.jpg","contentUrl":"https:\/\/jornalfatosenoticias.com.br\/wp-content\/uploads\/2022\/05\/centenario-radio.jpg","width":1000,"height":598,"caption":"R\u00e1dio, microfone"},{"@type":"BreadcrumbList","@id":"https:\/\/jornalfatosenoticias.com.br\/index.php\/2022\/05\/30\/radios-mec-e-nacional-abrem-celebracoes-do-centenario-do-radio\/#breadcrumb","itemListElement":[{"@type":"ListItem","position":1,"name":"In\u00edcio","item":"https:\/\/jornalfatosenoticias.com.br\/"},{"@type":"ListItem","position":2,"name":"R\u00e1dios MEC e Nacional abrem celebra\u00e7\u00f5es do centen\u00e1rio do r\u00e1dio"}]},{"@type":"WebSite","@id":"https:\/\/jornalfatosenoticias.com.br\/#website","url":"https:\/\/jornalfatosenoticias.com.br\/","name":"Jornal Fatos e Not\u00edcias","description":"Not\u00edcias em geral","publisher":{"@id":"https:\/\/jornalfatosenoticias.com.br\/#organization"},"potentialAction":[{"@type":"SearchAction","target":{"@type":"EntryPoint","urlTemplate":"https:\/\/jornalfatosenoticias.com.br\/?s={search_term_string}"},"query-input":{"@type":"PropertyValueSpecification","valueRequired":true,"valueName":"search_term_string"}}],"inLanguage":"pt-BR"},{"@type":"Organization","@id":"https:\/\/jornalfatosenoticias.com.br\/#organization","name":"Jornal Fatos e Not\u00edcias","url":"https:\/\/jornalfatosenoticias.com.br\/","logo":{"@type":"ImageObject","inLanguage":"pt-BR","@id":"https:\/\/jornalfatosenoticias.com.br\/#\/schema\/logo\/image\/","url":"https:\/\/jornalfatosenoticias.com.br\/wp-content\/uploads\/2020\/02\/logo120.png","contentUrl":"https:\/\/jornalfatosenoticias.com.br\/wp-content\/uploads\/2020\/02\/logo120.png","width":1227,"height":120,"caption":"Jornal Fatos e Not\u00edcias"},"image":{"@id":"https:\/\/jornalfatosenoticias.com.br\/#\/schema\/logo\/image\/"}},{"@type":"Person","@id":"https:\/\/jornalfatosenoticias.com.br\/#\/schema\/person\/d63837fa13ac8666eb9e74e0985d6f81","name":"Luzimara Fernandes","image":{"@type":"ImageObject","inLanguage":"pt-BR","@id":"https:\/\/jornalfatosenoticias.com.br\/#\/schema\/person\/image\/","url":"https:\/\/jornalfatosenoticias.com.br\/wp-content\/uploads\/2025\/05\/EU_portal.jpg","contentUrl":"https:\/\/jornalfatosenoticias.com.br\/wp-content\/uploads\/2025\/05\/EU_portal.jpg","caption":"Luzimara Fernandes"},"description":"Jornalista MTB 2358-ES","sameAs":["https:\/\/jornalfatosenoticias.com.br"],"url":"https:\/\/jornalfatosenoticias.com.br\/index.php\/author\/luzimara\/"}]}},"cc_featured_image_caption":{"caption_text":"(Foto: Marcello Casal Jr\/Ag\u00eancia Brasil) ","source_text":"","source_url":""},"jetpack_featured_media_url":"https:\/\/jornalfatosenoticias.com.br\/wp-content\/uploads\/2022\/05\/centenario-radio.jpg","_links":{"self":[{"href":"https:\/\/jornalfatosenoticias.com.br\/index.php\/wp-json\/wp\/v2\/posts\/30899","targetHints":{"allow":["GET"]}}],"collection":[{"href":"https:\/\/jornalfatosenoticias.com.br\/index.php\/wp-json\/wp\/v2\/posts"}],"about":[{"href":"https:\/\/jornalfatosenoticias.com.br\/index.php\/wp-json\/wp\/v2\/types\/post"}],"author":[{"embeddable":true,"href":"https:\/\/jornalfatosenoticias.com.br\/index.php\/wp-json\/wp\/v2\/users\/2"}],"replies":[{"embeddable":true,"href":"https:\/\/jornalfatosenoticias.com.br\/index.php\/wp-json\/wp\/v2\/comments?post=30899"}],"version-history":[{"count":0,"href":"https:\/\/jornalfatosenoticias.com.br\/index.php\/wp-json\/wp\/v2\/posts\/30899\/revisions"}],"wp:featuredmedia":[{"embeddable":true,"href":"https:\/\/jornalfatosenoticias.com.br\/index.php\/wp-json\/wp\/v2\/media\/30900"}],"wp:attachment":[{"href":"https:\/\/jornalfatosenoticias.com.br\/index.php\/wp-json\/wp\/v2\/media?parent=30899"}],"wp:term":[{"taxonomy":"category","embeddable":true,"href":"https:\/\/jornalfatosenoticias.com.br\/index.php\/wp-json\/wp\/v2\/categories?post=30899"},{"taxonomy":"post_tag","embeddable":true,"href":"https:\/\/jornalfatosenoticias.com.br\/index.php\/wp-json\/wp\/v2\/tags?post=30899"}],"curies":[{"name":"wp","href":"https:\/\/api.w.org\/{rel}","templated":true}]}}