{"id":30902,"date":"2022-05-30T15:15:35","date_gmt":"2022-05-30T18:15:35","guid":{"rendered":"https:\/\/jornalfatosenoticias.com.br\/?p=30902"},"modified":"2022-05-30T15:15:39","modified_gmt":"2022-05-30T18:15:39","slug":"brasil-se-destaca-em-seguranca-energetica-diz-ministro","status":"publish","type":"post","link":"https:\/\/jornalfatosenoticias.com.br\/index.php\/2022\/05\/30\/brasil-se-destaca-em-seguranca-energetica-diz-ministro\/","title":{"rendered":"Brasil se destaca em seguran\u00e7a energ\u00e9tica, diz ministro"},"content":{"rendered":"\n<p><em><span class=\"has-inline-color has-black-color\">Ministro da Ci\u00eancia e Tecnologia Paulo Alvim participou de semin\u00e1rio<\/span><\/em><\/p>\n\n\n\n<div class=\"wp-block-image\"><figure class=\"aligncenter size-large is-resized\"><img loading=\"lazy\" decoding=\"async\" src=\"https:\/\/jornalfatosenoticias.com.br\/wp-content\/uploads\/2020\/02\/Logo-Mizu-segunda-2-1024x99.png\" alt=\"\" class=\"wp-image-2353\" width=\"435\" height=\"42\" srcset=\"https:\/\/jornalfatosenoticias.com.br\/wp-content\/uploads\/2020\/02\/Logo-Mizu-segunda-2-1024x99.png 1024w, https:\/\/jornalfatosenoticias.com.br\/wp-content\/uploads\/2020\/02\/Logo-Mizu-segunda-2-300x29.png 300w, https:\/\/jornalfatosenoticias.com.br\/wp-content\/uploads\/2020\/02\/Logo-Mizu-segunda-2-768x74.png 768w, https:\/\/jornalfatosenoticias.com.br\/wp-content\/uploads\/2020\/02\/Logo-Mizu-segunda-2.png 1240w\" sizes=\"auto, (max-width: 435px) 100vw, 435px\" \/><\/figure><\/div>\n\n\n\n<p>O olhar do mercado internacional sobre o Brasil na quest\u00e3o de seguran\u00e7a energ\u00e9tica mudou, nos \u00faltimos anos, e o Pa\u00eds j\u00e1 \u00e9 visto como importante no cen\u00e1rio mundial. A avalia\u00e7\u00e3o \u00e9 do ministro da Ci\u00eancia, Tecnologia e Inova\u00e7\u00f5es, Paulo Alvim, que participou hoje (30), de forma virtual, do Semin\u00e1rio Energia: Desenvolvimento, Desafios e Oportunidades, promovido pela Federa\u00e7\u00e3o das Ind\u00fastrias do Rio de Janeiro (Firjan) e o Cluster Tecnol\u00f3gico Naval do Rio de Janeiro (CTN-RJ).<br>Segundo o ministro, o Brasil tem o compromisso com a produ\u00e7\u00e3o de energia sustent\u00e1vel, renov\u00e1vel e limpa, principalmente a baseada em biocombust\u00edveis, o que, na vis\u00e3o de Alvim, n\u00e3o \u00e9 apenas um discurso, mas uma pr\u00e1tica. De acordo com o ministro, os movimentos e quest\u00f5es relacionadas \u00e0 energia a partir da guerra da R\u00fassia e Ucr\u00e2nia mostram a import\u00e2ncia da seguran\u00e7a energ\u00e9tica do mundo.<\/p>\n\n\n\n<div class=\"wp-block-image\"><figure class=\"aligncenter size-large is-resized\"><img loading=\"lazy\" decoding=\"async\" src=\"https:\/\/jornalfatosenoticias.com.br\/wp-content\/uploads\/2020\/02\/Serra-Grande-1024x160.png\" alt=\"\" class=\"wp-image-7836\" width=\"389\" height=\"60\"\/><\/figure><\/div>\n\n\n\n<blockquote class=\"wp-block-quote is-layout-flow wp-block-quote-is-layout-flow\"><p><span class=\"has-inline-color has-luminous-vivid-orange-color\">\u201cQuando se fala de player [jogador, em tradu\u00e7\u00e3o livre] importante em seguran\u00e7a energ\u00e9tica, que virou fator de soberania tecnol\u00f3gica, o Brasil passa a ser olhado como um ator chave no jogo. Se com as perspectivas para 2050, o Brasil \u00e9 visto como player fundamental, quando se fala em soberania na \u00e1rea de alimentos para atender \u00e0 demanda mundial, quando se fala em soberania energ\u00e9tica em n\u00edvel de planeta, j\u00e1 se fala do Brasil como um player, principalmente em matriz mais limpa menos baseada em \u00f3leo, g\u00e1s e carv\u00e3o\u201d, disse.<\/span><\/p><\/blockquote>\n\n\n\n<div class=\"wp-block-image\"><figure class=\"alignright size-large is-resized\"><img loading=\"lazy\" decoding=\"async\" src=\"https:\/\/jornalfatosenoticias.com.br\/wp-content\/uploads\/2022\/02\/Precisao-Contabilidade-1024x724.jpg\" alt=\"\" class=\"wp-image-28088\" width=\"286\" height=\"202\"\/><\/figure><\/div>\n\n\n\n<p>Para o ministro, esses s\u00e3o potenciais que o Brasil precisa trabalhar cada vez mais e, por isso, o papel da pesquisa em desenvolvimento e as contribui\u00e7\u00f5es da ci\u00eancia e tecnologia brasileiras que t\u00eam sido importantes ao longo dos anos, se amplia de maneira significativa.<br>Alvim destacou a integra\u00e7\u00e3o dos minist\u00e9rios de Ci\u00eancia, Tecnologia e Inova\u00e7\u00f5es, de Minas e Energia, da Economia e da Agricultura, que permite a\u00e7\u00f5es para viabilizar insumos e meios de produ\u00e7\u00e3o sustent\u00e1vel de energia no Pa\u00eds. Como exemplo, citou o estudo referente a combust\u00edvel do futuro e hidrog\u00eanio, realizado no CT de Energia, que \u00e9 o Fundo destinado a financiar programas e projetos na \u00e1rea de energia, especialmente na \u00e1rea de efici\u00eancia energ\u00e9tica no uso final.<br>Segundo o ministro, a produ\u00e7\u00e3o de hidrog\u00eanio \u00e9 uma agenda que vem sendo demandada pelo presidente Jair Bolsonaro e que ser\u00e1 um diferencial que vai se somar \u00e0s diversas alternativas energ\u00e9ticas e limpas de energia do Brasil.<\/p>\n\n\n\n<div class=\"wp-block-image\"><figure class=\"aligncenter size-large\"><img decoding=\"async\" src=\"https:\/\/jornalfatosenoticias.com.br\/wp-content\/uploads\/2020\/02\/logo_esteio.jpg\" alt=\"\" class=\"wp-image-1214\"\/><\/figure><\/div>\n\n\n\n<blockquote class=\"wp-block-quote is-layout-flow wp-block-quote-is-layout-flow\"><p><span class=\"has-inline-color has-luminous-vivid-orange-color\">\u201cCombust\u00edveis do futuro \u00e9 uma demanda discutida no \u00e2mbito do Conselho Nacional de Pol\u00edtica Energ\u00e9tica que estamos trabalhando de forma muito concreta e em breve com recursos do FNDCT, Fundo Nacional de Desenvolvimento Cient\u00edfico e Tecnol\u00f3gico, a Finep estar\u00e1 operando tr\u00eas chamadas envolvendo os CTs, empreendedores e startups, ou seja, o Pa\u00eds j\u00e1 pensa o futuro do ponto de vista energ\u00e9tico e sempre dentro de uma produ\u00e7\u00e3o limpa\u201d, comentou.<\/span><\/p><\/blockquote>\n\n\n\n<p><strong><span class=\"has-inline-color has-black-color\">Rio de Janeiro<br><\/span><\/strong>Na vis\u00e3o do ministro, com certeza o estado do Rio de Janeiro tem um papel diferenciado para a produ\u00e7\u00e3o de novos combust\u00edveis e energia limpa e, dessa forma, n\u00e3o pode perder essa nova janela de oportunidades que se apresenta. \u201cN\u00e3o d\u00e1 para dissociar energia do estado do Rio de Janeiro, nas suas diversas formas de gera\u00e7\u00e3o. Energia tem a ver com Rio de Janeiro, que n\u00e3o pode perder esses desafios e transformar os desafios em oportunidades\u201d, apontou.<\/p>\n\n\n\n<div class=\"wp-block-image\"><figure class=\"aligncenter size-large is-resized\"><img loading=\"lazy\" decoding=\"async\" src=\"https:\/\/jornalfatosenoticias.com.br\/wp-content\/uploads\/2020\/02\/banner_ferramentas-1024x100.jpg\" alt=\"\" class=\"wp-image-1258\" width=\"437\" height=\"42\" srcset=\"https:\/\/jornalfatosenoticias.com.br\/wp-content\/uploads\/2020\/02\/banner_ferramentas-1024x100.jpg 1024w, https:\/\/jornalfatosenoticias.com.br\/wp-content\/uploads\/2020\/02\/banner_ferramentas-300x29.jpg 300w, https:\/\/jornalfatosenoticias.com.br\/wp-content\/uploads\/2020\/02\/banner_ferramentas-768x75.jpg 768w, https:\/\/jornalfatosenoticias.com.br\/wp-content\/uploads\/2020\/02\/banner_ferramentas.jpg 1227w\" sizes=\"auto, (max-width: 437px) 100vw, 437px\" \/><\/figure><\/div>\n\n\n\n<p><strong><span class=\"has-inline-color has-black-color\">Solar e e\u00f3lica<br><\/span><\/strong>Ainda no semin\u00e1rio, Alvim destacou o esfor\u00e7o de aumento da produ\u00e7\u00e3o de energia solar e e\u00f3lica no Brasil para garantir matrizes alternativas ao pa\u00eds, sem, no entanto, abandonar a energia nuclear.<\/p>\n\n\n\n<blockquote class=\"wp-block-quote is-layout-flow wp-block-quote-is-layout-flow\"><p><span class=\"has-inline-color has-luminous-vivid-orange-color\">\u201cN\u00e3o s\u00f3 como alternativa de gera\u00e7\u00e3o de energia, mas como aplica\u00e7\u00e3o das tecnologias nucleares na \u00e1rea de sa\u00fade, na \u00e1rea de alimentos, ou seja, na sua diversidade de benef\u00edcios que traz para a sociedade\u201d, completou.<\/span><\/p><\/blockquote>\n\n\n\n<div class=\"wp-block-image\"><figure class=\"aligncenter size-large is-resized\"><img loading=\"lazy\" decoding=\"async\" src=\"https:\/\/jornalfatosenoticias.com.br\/wp-content\/uploads\/2022\/02\/Arte-Autoescola-Galatas_endereco_portal-1024x103.png\" alt=\"\" class=\"wp-image-27869\" width=\"400\" height=\"40\" srcset=\"https:\/\/jornalfatosenoticias.com.br\/wp-content\/uploads\/2022\/02\/Arte-Autoescola-Galatas_endereco_portal-1024x103.png 1024w, https:\/\/jornalfatosenoticias.com.br\/wp-content\/uploads\/2022\/02\/Arte-Autoescola-Galatas_endereco_portal-300x30.png 300w, https:\/\/jornalfatosenoticias.com.br\/wp-content\/uploads\/2022\/02\/Arte-Autoescola-Galatas_endereco_portal-768x77.png 768w, https:\/\/jornalfatosenoticias.com.br\/wp-content\/uploads\/2022\/02\/Arte-Autoescola-Galatas_endereco_portal.png 1223w\" sizes=\"auto, (max-width: 400px) 100vw, 400px\" \/><\/figure><\/div>\n\n\n\n<p><strong><span class=\"has-inline-color has-black-color\">Transi\u00e7\u00e3o energ\u00e9tica<br><\/span><\/strong>O secret\u00e1rio de Planejamento e Desenvolvimento Energ\u00e9tico do Minist\u00e9rio de Minas e Energia (MME), Paulo C\u00e9sar Magalh\u00e3es Domingues, que estava presente, apresentou o desempenho do Brasil no mercado internacional, como o s\u00e9timo maior produtor de petr\u00f3leo e a mesma posi\u00e7\u00e3o como maior produtor. Mostrou ainda o volume crescente de investimentos que vem ocorrendo em diversas \u00e1reas, em especial, ap\u00f3s a realiza\u00e7\u00e3o de leil\u00f5es.<\/p>\n\n\n\n<blockquote class=\"wp-block-quote is-layout-flow wp-block-quote-is-layout-flow\"><p><span class=\"has-inline-color has-luminous-vivid-orange-color\">\u201cQuando o mundo trata hoje de transi\u00e7\u00e3o energ\u00e9tica, o Brasil j\u00e1 est\u00e1 muito \u00e0 frente\u201d, completou referindo-se \u00e0 estrat\u00e9gia do Pa\u00eds em avan\u00e7ar em energias limpas e renov\u00e1veis.<\/span><\/p><\/blockquote>\n\n\n\n<div class=\"wp-block-image\"><figure class=\"alignleft size-large is-resized\"><img loading=\"lazy\" decoding=\"async\" src=\"https:\/\/jornalfatosenoticias.com.br\/wp-content\/uploads\/2020\/02\/nova-logo-Marquetti.jpg\" alt=\"\" class=\"wp-image-22331\" width=\"243\" height=\"163\" srcset=\"https:\/\/jornalfatosenoticias.com.br\/wp-content\/uploads\/2020\/02\/nova-logo-Marquetti.jpg 643w, https:\/\/jornalfatosenoticias.com.br\/wp-content\/uploads\/2020\/02\/nova-logo-Marquetti-300x202.jpg 300w\" sizes=\"auto, (max-width: 243px) 100vw, 243px\" \/><\/figure><\/div>\n\n\n\n<p>O secret\u00e1rio tamb\u00e9m fez refer\u00eancia \u00e0 produ\u00e7\u00e3o de hidrog\u00eanio, que conforme explicou tem uma sinergia grande com a produ\u00e7\u00e3o da e\u00f3lica <em>offshore<\/em> (no mar). \u201cA e\u00f3lica <em>offshore<\/em> associada \u00e0 produ\u00e7\u00e3o de hidrog\u00eanio, que \u00e9 extremamente eletrointensivo, \u00e9 bastante interessante. Tem a e\u00f3lica <em>offshore, <\/em>produz hidrog\u00eanio, uma parte dessa energia fica no Brasil e outra parte \u00e9 transformada em hidrog\u00eanio tanto para uso interno como para a exporta\u00e7\u00e3o\u201d, revelou. \u201cEstamos criando todo o arcabou\u00e7o legal, regulat\u00f3rio e jur\u00eddico para permitir o crescimento dessas fontes no Brasil\u201d, concluiu.<\/p>\n\n\n\n<p><strong><span class=\"has-inline-color has-black-color\">G\u00e1s natural<br><\/span><\/strong>O diretor-geral da ANP, almirante Rodolfo Saboia, indicou que o mercado de g\u00e1s natural no Brasil tem passado por uma transforma\u00e7\u00e3o ainda maior que o de petr\u00f3leo, mas esbarra na necessidade de uma estrutura maior para se desenvolver.<\/p>\n\n\n\n<div class=\"wp-block-image\"><figure class=\"aligncenter size-large is-resized\"><img loading=\"lazy\" decoding=\"async\" src=\"https:\/\/jornalfatosenoticias.com.br\/wp-content\/uploads\/2022\/02\/Serra-Pack-459.png\" alt=\"\" class=\"wp-image-27471\" width=\"258\" height=\"103\"\/><\/figure><\/div>\n\n\n\n<blockquote class=\"wp-block-quote is-layout-flow wp-block-quote-is-layout-flow\"><p><span class=\"has-inline-color has-luminous-vivid-orange-color\">\u201cO Brasil carece enormemente de infraestrutura de g\u00e1s natural. Temos algumas centenas de vezes menos quil\u00f4metros de gasodutos que os Estados Unidos e do que a Argentina, por exemplo\u201d, indicou, acrescentando que a situa\u00e7\u00e3o tem melhorado nesse aspecto a partir da aprova\u00e7\u00e3o da lei do novo mercado de g\u00e1s, no ano passado.<\/span><\/p><\/blockquote>\n\n\n\n<div class=\"wp-block-image\"><figure class=\"alignright size-large is-resized\"><img loading=\"lazy\" decoding=\"async\" src=\"https:\/\/jornalfatosenoticias.com.br\/wp-content\/uploads\/2022\/03\/logo-Suinco-1024x390.jpg\" alt=\"\" class=\"wp-image-28785\" width=\"296\" height=\"112\"\/><\/figure><\/div>\n\n\n\n<p>\u201cA gente j\u00e1 est\u00e1 vendo uma din\u00e2mica diferente no mercado de g\u00e1s natural. A gente est\u00e1 caminhando de um mercado que saiu do monop\u00f3lio de fato da Petrobras, at\u00e9 recentemente, para um outro em que j\u00e1 h\u00e1 a entrada de um grande n\u00famero de <em>players<\/em> com simplifica\u00e7\u00f5es regulat\u00f3rias, porque o regime agora n\u00e3o \u00e9 mais de concess\u00f5es\u201d, observou.<br>A diretora de Petr\u00f3leo, G\u00e1s e Biocombust\u00edveis da Empresa de Pesquisa Energ\u00e9tica (EPE), Helo\u00edsa Esteves, destacou a import\u00e2ncia da biomassa para a produ\u00e7\u00e3o de energia, que j\u00e1 ultrapassou a utiliza\u00e7\u00e3o da cana para obter o etanol e passou a utilizar outros produtos. <\/p>\n\n\n\n<blockquote class=\"wp-block-quote is-layout-flow wp-block-quote-is-layout-flow\"><p><span class=\"has-inline-color has-luminous-vivid-orange-color\">\u201cA gente tem a quarta maior produ\u00e7\u00e3o agr\u00edcola do mundo. Isso tem uma sinergia muito grande com o nosso potencial de bioenergia\u201d, afirmou.<\/span><\/p><\/blockquote>\n\n\n\n<p><em><span class=\"has-inline-color has-black-color\"><strong>Foto: <\/strong>Reuters\/Pilar Olivares\/Direitos Reservados<\/span><\/em><\/p>\n\n\n\n<p><strong><em>Fonte: <a href=\"https:\/\/agenciabrasil.ebc.com.br\/economia\/noticia\/2022-05\/brasil-se-destaca-em-seguranca-energetica-diz-ministro\">Ag\u00eancia Brasil<\/a><\/em><\/strong><\/p>\n","protected":false},"excerpt":{"rendered":"<p>Ministro da Ci\u00eancia e Tecnologia Paulo Alvim participou de semin\u00e1rio O olhar do mercado internacional sobre o Brasil na quest\u00e3o de seguran\u00e7a energ\u00e9tica mudou, nos \u00faltimos anos, e o Pa\u00eds j\u00e1 \u00e9 visto como importante no cen\u00e1rio mundial. A avalia\u00e7\u00e3o \u00e9 do ministro da Ci\u00eancia, Tecnologia e Inova\u00e7\u00f5es, Paulo Alvim, que participou hoje (30), de [&hellip;]<\/p>\n","protected":false},"author":2,"featured_media":30903,"comment_status":"open","ping_status":"open","sticky":false,"template":"","format":"standard","meta":{"footnotes":""},"categories":[9],"tags":[1912,8052,14681,308,14682,407],"class_list":["post-30902","post","type-post","status-publish","format-standard","has-post-thumbnail","hentry","category-economia","tag-energia-eolica","tag-gas-natural","tag-paulo-alvim","tag-petrobras","tag-seguranca-energetica","tag-seminario"],"yoast_head":"<!-- This site is optimized with the Yoast SEO plugin v26.5 - https:\/\/yoast.com\/wordpress\/plugins\/seo\/ -->\n<title>Brasil se destaca em seguran\u00e7a energ\u00e9tica, diz ministro - Jornal Fatos e Not\u00edcias<\/title>\n<meta name=\"robots\" content=\"index, follow, max-snippet:-1, max-image-preview:large, max-video-preview:-1\" \/>\n<link rel=\"canonical\" href=\"https:\/\/jornalfatosenoticias.com.br\/index.php\/2022\/05\/30\/brasil-se-destaca-em-seguranca-energetica-diz-ministro\/\" \/>\n<meta property=\"og:locale\" content=\"pt_BR\" \/>\n<meta property=\"og:type\" content=\"article\" \/>\n<meta property=\"og:title\" content=\"Brasil se destaca em seguran\u00e7a energ\u00e9tica, diz ministro - Jornal Fatos e Not\u00edcias\" \/>\n<meta property=\"og:description\" content=\"Ministro da Ci\u00eancia e Tecnologia Paulo Alvim participou de semin\u00e1rio O olhar do mercado internacional sobre o Brasil na quest\u00e3o de seguran\u00e7a energ\u00e9tica mudou, nos \u00faltimos anos, e o Pa\u00eds j\u00e1 \u00e9 visto como importante no cen\u00e1rio mundial. A avalia\u00e7\u00e3o \u00e9 do ministro da Ci\u00eancia, Tecnologia e Inova\u00e7\u00f5es, Paulo Alvim, que participou hoje (30), de [&hellip;]\" \/>\n<meta property=\"og:url\" content=\"https:\/\/jornalfatosenoticias.com.br\/index.php\/2022\/05\/30\/brasil-se-destaca-em-seguranca-energetica-diz-ministro\/\" \/>\n<meta property=\"og:site_name\" content=\"Jornal Fatos e Not\u00edcias\" \/>\n<meta property=\"article:published_time\" content=\"2022-05-30T18:15:35+00:00\" \/>\n<meta property=\"article:modified_time\" content=\"2022-05-30T18:15:39+00:00\" \/>\n<meta property=\"og:image\" content=\"https:\/\/jornalfatosenoticias.com.br\/wp-content\/uploads\/2022\/05\/energia_brasil-petrobras.jpg\" \/>\n\t<meta property=\"og:image:width\" content=\"1000\" \/>\n\t<meta property=\"og:image:height\" content=\"598\" \/>\n\t<meta property=\"og:image:type\" content=\"image\/jpeg\" \/>\n<meta name=\"author\" content=\"Luzimara Fernandes\" \/>\n<meta name=\"twitter:card\" content=\"summary_large_image\" \/>\n<meta name=\"twitter:label1\" content=\"Escrito por\" \/>\n\t<meta name=\"twitter:data1\" content=\"Luzimara Fernandes\" \/>\n\t<meta name=\"twitter:label2\" content=\"Est. tempo de leitura\" \/>\n\t<meta name=\"twitter:data2\" content=\"6 minutos\" \/>\n<script type=\"application\/ld+json\" class=\"yoast-schema-graph\">{\"@context\":\"https:\/\/schema.org\",\"@graph\":[{\"@type\":\"Article\",\"@id\":\"https:\/\/jornalfatosenoticias.com.br\/index.php\/2022\/05\/30\/brasil-se-destaca-em-seguranca-energetica-diz-ministro\/#article\",\"isPartOf\":{\"@id\":\"https:\/\/jornalfatosenoticias.com.br\/index.php\/2022\/05\/30\/brasil-se-destaca-em-seguranca-energetica-diz-ministro\/\"},\"author\":{\"name\":\"Luzimara Fernandes\",\"@id\":\"https:\/\/jornalfatosenoticias.com.br\/#\/schema\/person\/d63837fa13ac8666eb9e74e0985d6f81\"},\"headline\":\"Brasil se destaca em seguran\u00e7a energ\u00e9tica, diz ministro\",\"datePublished\":\"2022-05-30T18:15:35+00:00\",\"dateModified\":\"2022-05-30T18:15:39+00:00\",\"mainEntityOfPage\":{\"@id\":\"https:\/\/jornalfatosenoticias.com.br\/index.php\/2022\/05\/30\/brasil-se-destaca-em-seguranca-energetica-diz-ministro\/\"},\"wordCount\":1150,\"commentCount\":0,\"publisher\":{\"@id\":\"https:\/\/jornalfatosenoticias.com.br\/#organization\"},\"image\":{\"@id\":\"https:\/\/jornalfatosenoticias.com.br\/index.php\/2022\/05\/30\/brasil-se-destaca-em-seguranca-energetica-diz-ministro\/#primaryimage\"},\"thumbnailUrl\":\"https:\/\/jornalfatosenoticias.com.br\/wp-content\/uploads\/2022\/05\/energia_brasil-petrobras.jpg\",\"keywords\":[\"energia e\u00f3lica\",\"g\u00e1s natural\",\"Paulo Alvim\",\"Petrobras\",\"seguran\u00e7a energ\u00e9tica\",\"semin\u00e1rio\"],\"articleSection\":[\"Economia\"],\"inLanguage\":\"pt-BR\",\"potentialAction\":[{\"@type\":\"CommentAction\",\"name\":\"Comment\",\"target\":[\"https:\/\/jornalfatosenoticias.com.br\/index.php\/2022\/05\/30\/brasil-se-destaca-em-seguranca-energetica-diz-ministro\/#respond\"]}]},{\"@type\":\"WebPage\",\"@id\":\"https:\/\/jornalfatosenoticias.com.br\/index.php\/2022\/05\/30\/brasil-se-destaca-em-seguranca-energetica-diz-ministro\/\",\"url\":\"https:\/\/jornalfatosenoticias.com.br\/index.php\/2022\/05\/30\/brasil-se-destaca-em-seguranca-energetica-diz-ministro\/\",\"name\":\"Brasil se destaca em seguran\u00e7a energ\u00e9tica, diz ministro - Jornal Fatos e Not\u00edcias\",\"isPartOf\":{\"@id\":\"https:\/\/jornalfatosenoticias.com.br\/#website\"},\"primaryImageOfPage\":{\"@id\":\"https:\/\/jornalfatosenoticias.com.br\/index.php\/2022\/05\/30\/brasil-se-destaca-em-seguranca-energetica-diz-ministro\/#primaryimage\"},\"image\":{\"@id\":\"https:\/\/jornalfatosenoticias.com.br\/index.php\/2022\/05\/30\/brasil-se-destaca-em-seguranca-energetica-diz-ministro\/#primaryimage\"},\"thumbnailUrl\":\"https:\/\/jornalfatosenoticias.com.br\/wp-content\/uploads\/2022\/05\/energia_brasil-petrobras.jpg\",\"datePublished\":\"2022-05-30T18:15:35+00:00\",\"dateModified\":\"2022-05-30T18:15:39+00:00\",\"breadcrumb\":{\"@id\":\"https:\/\/jornalfatosenoticias.com.br\/index.php\/2022\/05\/30\/brasil-se-destaca-em-seguranca-energetica-diz-ministro\/#breadcrumb\"},\"inLanguage\":\"pt-BR\",\"potentialAction\":[{\"@type\":\"ReadAction\",\"target\":[\"https:\/\/jornalfatosenoticias.com.br\/index.php\/2022\/05\/30\/brasil-se-destaca-em-seguranca-energetica-diz-ministro\/\"]}]},{\"@type\":\"ImageObject\",\"inLanguage\":\"pt-BR\",\"@id\":\"https:\/\/jornalfatosenoticias.com.br\/index.php\/2022\/05\/30\/brasil-se-destaca-em-seguranca-energetica-diz-ministro\/#primaryimage\",\"url\":\"https:\/\/jornalfatosenoticias.com.br\/wp-content\/uploads\/2022\/05\/energia_brasil-petrobras.jpg\",\"contentUrl\":\"https:\/\/jornalfatosenoticias.com.br\/wp-content\/uploads\/2022\/05\/energia_brasil-petrobras.jpg\",\"width\":1000,\"height\":598},{\"@type\":\"BreadcrumbList\",\"@id\":\"https:\/\/jornalfatosenoticias.com.br\/index.php\/2022\/05\/30\/brasil-se-destaca-em-seguranca-energetica-diz-ministro\/#breadcrumb\",\"itemListElement\":[{\"@type\":\"ListItem\",\"position\":1,\"name\":\"In\u00edcio\",\"item\":\"https:\/\/jornalfatosenoticias.com.br\/\"},{\"@type\":\"ListItem\",\"position\":2,\"name\":\"Brasil se destaca em seguran\u00e7a energ\u00e9tica, diz ministro\"}]},{\"@type\":\"WebSite\",\"@id\":\"https:\/\/jornalfatosenoticias.com.br\/#website\",\"url\":\"https:\/\/jornalfatosenoticias.com.br\/\",\"name\":\"Jornal Fatos e Not\u00edcias\",\"description\":\"Not\u00edcias em geral\",\"publisher\":{\"@id\":\"https:\/\/jornalfatosenoticias.com.br\/#organization\"},\"potentialAction\":[{\"@type\":\"SearchAction\",\"target\":{\"@type\":\"EntryPoint\",\"urlTemplate\":\"https:\/\/jornalfatosenoticias.com.br\/?s={search_term_string}\"},\"query-input\":{\"@type\":\"PropertyValueSpecification\",\"valueRequired\":true,\"valueName\":\"search_term_string\"}}],\"inLanguage\":\"pt-BR\"},{\"@type\":\"Organization\",\"@id\":\"https:\/\/jornalfatosenoticias.com.br\/#organization\",\"name\":\"Jornal Fatos e Not\u00edcias\",\"url\":\"https:\/\/jornalfatosenoticias.com.br\/\",\"logo\":{\"@type\":\"ImageObject\",\"inLanguage\":\"pt-BR\",\"@id\":\"https:\/\/jornalfatosenoticias.com.br\/#\/schema\/logo\/image\/\",\"url\":\"https:\/\/jornalfatosenoticias.com.br\/wp-content\/uploads\/2020\/02\/logo120.png\",\"contentUrl\":\"https:\/\/jornalfatosenoticias.com.br\/wp-content\/uploads\/2020\/02\/logo120.png\",\"width\":1227,\"height\":120,\"caption\":\"Jornal Fatos e Not\u00edcias\"},\"image\":{\"@id\":\"https:\/\/jornalfatosenoticias.com.br\/#\/schema\/logo\/image\/\"}},{\"@type\":\"Person\",\"@id\":\"https:\/\/jornalfatosenoticias.com.br\/#\/schema\/person\/d63837fa13ac8666eb9e74e0985d6f81\",\"name\":\"Luzimara Fernandes\",\"image\":{\"@type\":\"ImageObject\",\"inLanguage\":\"pt-BR\",\"@id\":\"https:\/\/jornalfatosenoticias.com.br\/#\/schema\/person\/image\/\",\"url\":\"https:\/\/jornalfatosenoticias.com.br\/wp-content\/uploads\/2025\/05\/EU_portal.jpg\",\"contentUrl\":\"https:\/\/jornalfatosenoticias.com.br\/wp-content\/uploads\/2025\/05\/EU_portal.jpg\",\"caption\":\"Luzimara Fernandes\"},\"description\":\"Jornalista MTB 2358-ES\",\"sameAs\":[\"https:\/\/jornalfatosenoticias.com.br\"],\"url\":\"https:\/\/jornalfatosenoticias.com.br\/index.php\/author\/luzimara\/\"}]}<\/script>\n<!-- \/ Yoast SEO plugin. -->","yoast_head_json":{"title":"Brasil se destaca em seguran\u00e7a energ\u00e9tica, diz ministro - Jornal Fatos e Not\u00edcias","robots":{"index":"index","follow":"follow","max-snippet":"max-snippet:-1","max-image-preview":"max-image-preview:large","max-video-preview":"max-video-preview:-1"},"canonical":"https:\/\/jornalfatosenoticias.com.br\/index.php\/2022\/05\/30\/brasil-se-destaca-em-seguranca-energetica-diz-ministro\/","og_locale":"pt_BR","og_type":"article","og_title":"Brasil se destaca em seguran\u00e7a energ\u00e9tica, diz ministro - Jornal Fatos e Not\u00edcias","og_description":"Ministro da Ci\u00eancia e Tecnologia Paulo Alvim participou de semin\u00e1rio O olhar do mercado internacional sobre o Brasil na quest\u00e3o de seguran\u00e7a energ\u00e9tica mudou, nos \u00faltimos anos, e o Pa\u00eds j\u00e1 \u00e9 visto como importante no cen\u00e1rio mundial. A avalia\u00e7\u00e3o \u00e9 do ministro da Ci\u00eancia, Tecnologia e Inova\u00e7\u00f5es, Paulo Alvim, que participou hoje (30), de [&hellip;]","og_url":"https:\/\/jornalfatosenoticias.com.br\/index.php\/2022\/05\/30\/brasil-se-destaca-em-seguranca-energetica-diz-ministro\/","og_site_name":"Jornal Fatos e Not\u00edcias","article_published_time":"2022-05-30T18:15:35+00:00","article_modified_time":"2022-05-30T18:15:39+00:00","og_image":[{"width":1000,"height":598,"url":"https:\/\/jornalfatosenoticias.com.br\/wp-content\/uploads\/2022\/05\/energia_brasil-petrobras.jpg","type":"image\/jpeg"}],"author":"Luzimara Fernandes","twitter_card":"summary_large_image","twitter_misc":{"Escrito por":"Luzimara Fernandes","Est. tempo de leitura":"6 minutos"},"schema":{"@context":"https:\/\/schema.org","@graph":[{"@type":"Article","@id":"https:\/\/jornalfatosenoticias.com.br\/index.php\/2022\/05\/30\/brasil-se-destaca-em-seguranca-energetica-diz-ministro\/#article","isPartOf":{"@id":"https:\/\/jornalfatosenoticias.com.br\/index.php\/2022\/05\/30\/brasil-se-destaca-em-seguranca-energetica-diz-ministro\/"},"author":{"name":"Luzimara Fernandes","@id":"https:\/\/jornalfatosenoticias.com.br\/#\/schema\/person\/d63837fa13ac8666eb9e74e0985d6f81"},"headline":"Brasil se destaca em seguran\u00e7a energ\u00e9tica, diz ministro","datePublished":"2022-05-30T18:15:35+00:00","dateModified":"2022-05-30T18:15:39+00:00","mainEntityOfPage":{"@id":"https:\/\/jornalfatosenoticias.com.br\/index.php\/2022\/05\/30\/brasil-se-destaca-em-seguranca-energetica-diz-ministro\/"},"wordCount":1150,"commentCount":0,"publisher":{"@id":"https:\/\/jornalfatosenoticias.com.br\/#organization"},"image":{"@id":"https:\/\/jornalfatosenoticias.com.br\/index.php\/2022\/05\/30\/brasil-se-destaca-em-seguranca-energetica-diz-ministro\/#primaryimage"},"thumbnailUrl":"https:\/\/jornalfatosenoticias.com.br\/wp-content\/uploads\/2022\/05\/energia_brasil-petrobras.jpg","keywords":["energia e\u00f3lica","g\u00e1s natural","Paulo Alvim","Petrobras","seguran\u00e7a energ\u00e9tica","semin\u00e1rio"],"articleSection":["Economia"],"inLanguage":"pt-BR","potentialAction":[{"@type":"CommentAction","name":"Comment","target":["https:\/\/jornalfatosenoticias.com.br\/index.php\/2022\/05\/30\/brasil-se-destaca-em-seguranca-energetica-diz-ministro\/#respond"]}]},{"@type":"WebPage","@id":"https:\/\/jornalfatosenoticias.com.br\/index.php\/2022\/05\/30\/brasil-se-destaca-em-seguranca-energetica-diz-ministro\/","url":"https:\/\/jornalfatosenoticias.com.br\/index.php\/2022\/05\/30\/brasil-se-destaca-em-seguranca-energetica-diz-ministro\/","name":"Brasil se destaca em seguran\u00e7a energ\u00e9tica, diz ministro - Jornal Fatos e Not\u00edcias","isPartOf":{"@id":"https:\/\/jornalfatosenoticias.com.br\/#website"},"primaryImageOfPage":{"@id":"https:\/\/jornalfatosenoticias.com.br\/index.php\/2022\/05\/30\/brasil-se-destaca-em-seguranca-energetica-diz-ministro\/#primaryimage"},"image":{"@id":"https:\/\/jornalfatosenoticias.com.br\/index.php\/2022\/05\/30\/brasil-se-destaca-em-seguranca-energetica-diz-ministro\/#primaryimage"},"thumbnailUrl":"https:\/\/jornalfatosenoticias.com.br\/wp-content\/uploads\/2022\/05\/energia_brasil-petrobras.jpg","datePublished":"2022-05-30T18:15:35+00:00","dateModified":"2022-05-30T18:15:39+00:00","breadcrumb":{"@id":"https:\/\/jornalfatosenoticias.com.br\/index.php\/2022\/05\/30\/brasil-se-destaca-em-seguranca-energetica-diz-ministro\/#breadcrumb"},"inLanguage":"pt-BR","potentialAction":[{"@type":"ReadAction","target":["https:\/\/jornalfatosenoticias.com.br\/index.php\/2022\/05\/30\/brasil-se-destaca-em-seguranca-energetica-diz-ministro\/"]}]},{"@type":"ImageObject","inLanguage":"pt-BR","@id":"https:\/\/jornalfatosenoticias.com.br\/index.php\/2022\/05\/30\/brasil-se-destaca-em-seguranca-energetica-diz-ministro\/#primaryimage","url":"https:\/\/jornalfatosenoticias.com.br\/wp-content\/uploads\/2022\/05\/energia_brasil-petrobras.jpg","contentUrl":"https:\/\/jornalfatosenoticias.com.br\/wp-content\/uploads\/2022\/05\/energia_brasil-petrobras.jpg","width":1000,"height":598},{"@type":"BreadcrumbList","@id":"https:\/\/jornalfatosenoticias.com.br\/index.php\/2022\/05\/30\/brasil-se-destaca-em-seguranca-energetica-diz-ministro\/#breadcrumb","itemListElement":[{"@type":"ListItem","position":1,"name":"In\u00edcio","item":"https:\/\/jornalfatosenoticias.com.br\/"},{"@type":"ListItem","position":2,"name":"Brasil se destaca em seguran\u00e7a energ\u00e9tica, diz ministro"}]},{"@type":"WebSite","@id":"https:\/\/jornalfatosenoticias.com.br\/#website","url":"https:\/\/jornalfatosenoticias.com.br\/","name":"Jornal Fatos e Not\u00edcias","description":"Not\u00edcias em geral","publisher":{"@id":"https:\/\/jornalfatosenoticias.com.br\/#organization"},"potentialAction":[{"@type":"SearchAction","target":{"@type":"EntryPoint","urlTemplate":"https:\/\/jornalfatosenoticias.com.br\/?s={search_term_string}"},"query-input":{"@type":"PropertyValueSpecification","valueRequired":true,"valueName":"search_term_string"}}],"inLanguage":"pt-BR"},{"@type":"Organization","@id":"https:\/\/jornalfatosenoticias.com.br\/#organization","name":"Jornal Fatos e Not\u00edcias","url":"https:\/\/jornalfatosenoticias.com.br\/","logo":{"@type":"ImageObject","inLanguage":"pt-BR","@id":"https:\/\/jornalfatosenoticias.com.br\/#\/schema\/logo\/image\/","url":"https:\/\/jornalfatosenoticias.com.br\/wp-content\/uploads\/2020\/02\/logo120.png","contentUrl":"https:\/\/jornalfatosenoticias.com.br\/wp-content\/uploads\/2020\/02\/logo120.png","width":1227,"height":120,"caption":"Jornal Fatos e Not\u00edcias"},"image":{"@id":"https:\/\/jornalfatosenoticias.com.br\/#\/schema\/logo\/image\/"}},{"@type":"Person","@id":"https:\/\/jornalfatosenoticias.com.br\/#\/schema\/person\/d63837fa13ac8666eb9e74e0985d6f81","name":"Luzimara Fernandes","image":{"@type":"ImageObject","inLanguage":"pt-BR","@id":"https:\/\/jornalfatosenoticias.com.br\/#\/schema\/person\/image\/","url":"https:\/\/jornalfatosenoticias.com.br\/wp-content\/uploads\/2025\/05\/EU_portal.jpg","contentUrl":"https:\/\/jornalfatosenoticias.com.br\/wp-content\/uploads\/2025\/05\/EU_portal.jpg","caption":"Luzimara Fernandes"},"description":"Jornalista MTB 2358-ES","sameAs":["https:\/\/jornalfatosenoticias.com.br"],"url":"https:\/\/jornalfatosenoticias.com.br\/index.php\/author\/luzimara\/"}]}},"cc_featured_image_caption":{"caption_text":"","source_text":"","source_url":""},"jetpack_featured_media_url":"https:\/\/jornalfatosenoticias.com.br\/wp-content\/uploads\/2022\/05\/energia_brasil-petrobras.jpg","_links":{"self":[{"href":"https:\/\/jornalfatosenoticias.com.br\/index.php\/wp-json\/wp\/v2\/posts\/30902","targetHints":{"allow":["GET"]}}],"collection":[{"href":"https:\/\/jornalfatosenoticias.com.br\/index.php\/wp-json\/wp\/v2\/posts"}],"about":[{"href":"https:\/\/jornalfatosenoticias.com.br\/index.php\/wp-json\/wp\/v2\/types\/post"}],"author":[{"embeddable":true,"href":"https:\/\/jornalfatosenoticias.com.br\/index.php\/wp-json\/wp\/v2\/users\/2"}],"replies":[{"embeddable":true,"href":"https:\/\/jornalfatosenoticias.com.br\/index.php\/wp-json\/wp\/v2\/comments?post=30902"}],"version-history":[{"count":0,"href":"https:\/\/jornalfatosenoticias.com.br\/index.php\/wp-json\/wp\/v2\/posts\/30902\/revisions"}],"wp:featuredmedia":[{"embeddable":true,"href":"https:\/\/jornalfatosenoticias.com.br\/index.php\/wp-json\/wp\/v2\/media\/30903"}],"wp:attachment":[{"href":"https:\/\/jornalfatosenoticias.com.br\/index.php\/wp-json\/wp\/v2\/media?parent=30902"}],"wp:term":[{"taxonomy":"category","embeddable":true,"href":"https:\/\/jornalfatosenoticias.com.br\/index.php\/wp-json\/wp\/v2\/categories?post=30902"},{"taxonomy":"post_tag","embeddable":true,"href":"https:\/\/jornalfatosenoticias.com.br\/index.php\/wp-json\/wp\/v2\/tags?post=30902"}],"curies":[{"name":"wp","href":"https:\/\/api.w.org\/{rel}","templated":true}]}}