{"id":30905,"date":"2022-05-30T15:27:06","date_gmt":"2022-05-30T18:27:06","guid":{"rendered":"https:\/\/jornalfatosenoticias.com.br\/?p=30905"},"modified":"2022-05-30T15:27:07","modified_gmt":"2022-05-30T18:27:07","slug":"eleicoes-presidenciais-na-colombia-vao-a-segundo-turno","status":"publish","type":"post","link":"https:\/\/jornalfatosenoticias.com.br\/index.php\/2022\/05\/30\/eleicoes-presidenciais-na-colombia-vao-a-segundo-turno\/","title":{"rendered":"Elei\u00e7\u00f5es presidenciais na Col\u00f4mbia v\u00e3o a segundo turno"},"content":{"rendered":"\n<p><em><span class=\"has-inline-color has-black-color\">Gustavo Petro, de esquerda, enfrentar\u00e1 o empres\u00e1rio Rodolfo Hern\u00e1ndez<\/span><\/em><\/p>\n\n\n\n<div class=\"wp-block-image\"><figure class=\"aligncenter size-large is-resized\"><img loading=\"lazy\" decoding=\"async\" src=\"https:\/\/jornalfatosenoticias.com.br\/wp-content\/uploads\/2020\/02\/banner_ferramentas-1024x100.jpg\" alt=\"\" class=\"wp-image-1258\" width=\"406\" height=\"39\" srcset=\"https:\/\/jornalfatosenoticias.com.br\/wp-content\/uploads\/2020\/02\/banner_ferramentas-1024x100.jpg 1024w, https:\/\/jornalfatosenoticias.com.br\/wp-content\/uploads\/2020\/02\/banner_ferramentas-300x29.jpg 300w, https:\/\/jornalfatosenoticias.com.br\/wp-content\/uploads\/2020\/02\/banner_ferramentas-768x75.jpg 768w, https:\/\/jornalfatosenoticias.com.br\/wp-content\/uploads\/2020\/02\/banner_ferramentas.jpg 1227w\" sizes=\"auto, (max-width: 406px) 100vw, 406px\" \/><\/figure><\/div>\n\n\n\n<p>O candidato de esquerda Gustavo Petro venceu o primeiro turno da elei\u00e7\u00e3o presidencial da Col\u00f4mbia nesse domingo (29) e enfrentar\u00e1 o empres\u00e1rio Rodolfo Hern\u00e1ndez, no segundo turno, em 19 de junho. Petro, ex-membro do movimento guerrilheiro M-19 que prometeu profundas mudan\u00e7as econ\u00f4micas e sociais, teve 40,3% dos votos, segundo os registros oficiais, com 99,9% das urnas apuradas.<br>Hern\u00e1ndez, ex-prefeito de Bucaramanga que prometeu combater a corrup\u00e7\u00e3o mesmo sendo investigado por irregularidades, obteve 28,2%. Pesquisas feitas antes do primeiro turno mostraram que Hern\u00e1ndez \u2014 que agora tem o apoio do terceiro colocado Federico Guti\u00e9rrez e provavelmente de muitos de seus apoiadores \u2014 ficaria apenas alguns pontos atr\u00e1s de Petro no segundo turno.<br>Ex-prefeito de Bogot\u00e1, 62 anos, Petro sempre liderou pesquisas de opini\u00e3o com promessas de redistribuir pens\u00f5es, oferecer universidade p\u00fablica gratuita e come\u00e7ar a mudar o que ele diz serem s\u00e9culos de profunda desigualdade.<\/p>\n\n\n\n<div class=\"wp-block-image\"><figure class=\"aligncenter size-large is-resized\"><img loading=\"lazy\" decoding=\"async\" src=\"https:\/\/jornalfatosenoticias.com.br\/wp-content\/uploads\/2022\/02\/Precisao-Contabilidade-1024x724.jpg\" alt=\"\" class=\"wp-image-28088\" width=\"238\" height=\"168\"\/><\/figure><\/div>\n\n\n\n<blockquote class=\"wp-block-quote is-layout-flow wp-block-quote-is-layout-flow\"><p><span class=\"has-inline-color has-luminous-vivid-orange-color\">&#8220;O que n\u00e3o est\u00e1 em d\u00favida hoje \u00e9 a mudan\u00e7a&#8221;, disse Petro a apoiadores no centro de Bogot\u00e1. &#8220;Agora \u00e9 ver o que faremos com a Col\u00f4mbia, o que a sociedade colombiana quer para seu pr\u00f3prio pa\u00eds&#8221;. &#8220;A corrup\u00e7\u00e3o n\u00e3o \u00e9 combatida com slogans no TikTok&#8221;, acrescentou Petro, numa refer\u00eancia \u00e0 popularidade de Hern\u00e1ndez no aplicativo.<\/span><\/p><\/blockquote>\n\n\n\n<div class=\"wp-block-image\"><figure class=\"alignright size-large\"><img decoding=\"async\" src=\"https:\/\/jornalfatosenoticias.com.br\/wp-content\/uploads\/2020\/02\/logo_esteio.jpg\" alt=\"\" class=\"wp-image-1214\"\/><\/figure><\/div>\n\n\n\n<p>Ele prometeu implementar totalmente o acordo de paz de 2016, firmado com os rebeldes das For\u00e7as Armadas Revolucion\u00e1rias da Col\u00f4mbia (Farc) e buscar negocia\u00e7\u00f5es de paz com os rebeldes do Ex\u00e9rcito de Liberta\u00e7\u00e3o Nacional (ELN) ainda ativos, bem como interromper todo o desenvolvimento de petr\u00f3leo e g\u00e1s.<br>Daniela Cuellar, consultora s\u00eanior da FTI Consulting em Bogot\u00e1, disse que a sede dos colombianos por algo diferente foi claramente demonstrada com dois candidatos que prometem mudan\u00e7as indo para o segundo turno. &#8220;Esta elei\u00e7\u00e3o n\u00e3o \u00e9 sobre Petro, ou um movimento para a esquerda&#8221;, afirmou ela \u00e0 Reuters. &#8220;\u00c9 que a popula\u00e7\u00e3o colombiana est\u00e1 cansada da classe pol\u00edtica tradicional e busca uma vida melhor&#8221;.<br>Hern\u00e1ndez subiu nas pesquisas apenas nas \u00faltimas duas semanas, impulsionado por sua presen\u00e7a nas m\u00eddias sociais. Ele prometeu acabar com os privil\u00e9gios das autoridades e governar de forma austera.<\/p>\n\n\n\n<div class=\"wp-block-image\"><figure class=\"aligncenter size-large is-resized\"><img loading=\"lazy\" decoding=\"async\" src=\"https:\/\/jornalfatosenoticias.com.br\/wp-content\/uploads\/2020\/02\/Serra-Grande-1024x160.png\" alt=\"\" class=\"wp-image-7836\" width=\"389\" height=\"60\"\/><\/figure><\/div>\n\n\n\n<blockquote class=\"wp-block-quote is-layout-flow wp-block-quote-is-layout-flow\"><p><span class=\"has-inline-color has-luminous-vivid-orange-color\">&#8220;Hoje sabemos que os cidad\u00e3os t\u00eam firme vontade de acabar com a corrup\u00e7\u00e3o como sistema de governo&#8221;, disse Hern\u00e1ndez em v\u00eddeo nas redes sociais. &#8220;As gangues que pensavam que governariam para sempre perderam hoje&#8221;.<\/span><\/p><\/blockquote>\n\n\n\n<div class=\"wp-block-image\"><figure class=\"aligncenter size-large is-resized\"><img loading=\"lazy\" decoding=\"async\" src=\"https:\/\/jornalfatosenoticias.com.br\/wp-content\/uploads\/2020\/02\/Logo_Mizu.png\" alt=\"\" class=\"wp-image-1441\" width=\"467\" height=\"57\" srcset=\"https:\/\/jornalfatosenoticias.com.br\/wp-content\/uploads\/2020\/02\/Logo_Mizu.png 729w, https:\/\/jornalfatosenoticias.com.br\/wp-content\/uploads\/2020\/02\/Logo_Mizu-300x37.png 300w\" sizes=\"auto, (max-width: 467px) 100vw, 467px\" \/><\/figure><\/div>\n\n\n\n<p>Apesar da ret\u00f3rica de Hern\u00e1ndez, o empres\u00e1rio enfrenta uma investiga\u00e7\u00e3o de corrup\u00e7\u00e3o, com alega\u00e7\u00f5es de que interferiu em uma licita\u00e7\u00e3o de coleta de lixo quando era prefeito, para beneficiar empresa para a qual seu filho havia feito <em>lobby<\/em>.<\/p>\n\n\n\n<p><strong><em>Fonte: <a href=\"https:\/\/agenciabrasil.ebc.com.br\/internacional\/noticia\/2022-05\/eleicoes-presidenciais-na-colombia-vao-segundo-turno\">Ag\u00eancia Brasil<\/a><\/em><\/strong><\/p>\n","protected":false},"excerpt":{"rendered":"<p>Gustavo Petro, de esquerda, enfrentar\u00e1 o empres\u00e1rio Rodolfo Hern\u00e1ndez O candidato de esquerda Gustavo Petro venceu o primeiro turno da elei\u00e7\u00e3o presidencial da Col\u00f4mbia nesse domingo (29) e enfrentar\u00e1 o empres\u00e1rio Rodolfo Hern\u00e1ndez, no segundo turno, em 19 de junho. Petro, ex-membro do movimento guerrilheiro M-19 que prometeu profundas mudan\u00e7as econ\u00f4micas e sociais, teve 40,3% [&hellip;]<\/p>\n","protected":false},"author":2,"featured_media":30906,"comment_status":"open","ping_status":"open","sticky":false,"template":"","format":"standard","meta":{"footnotes":""},"categories":[41],"tags":[6597,14683,5927],"class_list":["post-30905","post","type-post","status-publish","format-standard","has-post-thumbnail","hentry","category-internacional","tag-colombia","tag-eleicoes-presidenciais","tag-segundo-turno"],"yoast_head":"<!-- This site is optimized with the Yoast SEO plugin v26.5 - https:\/\/yoast.com\/wordpress\/plugins\/seo\/ -->\n<title>Elei\u00e7\u00f5es presidenciais na Col\u00f4mbia v\u00e3o a segundo turno - Jornal Fatos e Not\u00edcias<\/title>\n<meta name=\"robots\" content=\"index, follow, max-snippet:-1, max-image-preview:large, max-video-preview:-1\" \/>\n<link rel=\"canonical\" href=\"https:\/\/jornalfatosenoticias.com.br\/index.php\/2022\/05\/30\/eleicoes-presidenciais-na-colombia-vao-a-segundo-turno\/\" \/>\n<meta property=\"og:locale\" content=\"pt_BR\" \/>\n<meta property=\"og:type\" content=\"article\" \/>\n<meta property=\"og:title\" content=\"Elei\u00e7\u00f5es presidenciais na Col\u00f4mbia v\u00e3o a segundo turno - Jornal Fatos e Not\u00edcias\" \/>\n<meta property=\"og:description\" content=\"Gustavo Petro, de esquerda, enfrentar\u00e1 o empres\u00e1rio Rodolfo Hern\u00e1ndez O candidato de esquerda Gustavo Petro venceu o primeiro turno da elei\u00e7\u00e3o presidencial da Col\u00f4mbia nesse domingo (29) e enfrentar\u00e1 o empres\u00e1rio Rodolfo Hern\u00e1ndez, no segundo turno, em 19 de junho. Petro, ex-membro do movimento guerrilheiro M-19 que prometeu profundas mudan\u00e7as econ\u00f4micas e sociais, teve 40,3% [&hellip;]\" \/>\n<meta property=\"og:url\" content=\"https:\/\/jornalfatosenoticias.com.br\/index.php\/2022\/05\/30\/eleicoes-presidenciais-na-colombia-vao-a-segundo-turno\/\" \/>\n<meta property=\"og:site_name\" content=\"Jornal Fatos e Not\u00edcias\" \/>\n<meta property=\"article:published_time\" content=\"2022-05-30T18:27:06+00:00\" \/>\n<meta property=\"article:modified_time\" content=\"2022-05-30T18:27:07+00:00\" \/>\n<meta property=\"og:image\" content=\"https:\/\/jornalfatosenoticias.com.br\/wp-content\/uploads\/2022\/05\/eleicoes-colombia.jpg\" \/>\n\t<meta property=\"og:image:width\" content=\"1000\" \/>\n\t<meta property=\"og:image:height\" content=\"666\" \/>\n\t<meta property=\"og:image:type\" content=\"image\/jpeg\" \/>\n<meta name=\"author\" content=\"Luzimara Fernandes\" \/>\n<meta name=\"twitter:card\" content=\"summary_large_image\" \/>\n<meta name=\"twitter:label1\" content=\"Escrito por\" \/>\n\t<meta name=\"twitter:data1\" content=\"Luzimara Fernandes\" \/>\n\t<meta name=\"twitter:label2\" content=\"Est. tempo de leitura\" \/>\n\t<meta name=\"twitter:data2\" content=\"2 minutos\" \/>\n<script type=\"application\/ld+json\" class=\"yoast-schema-graph\">{\"@context\":\"https:\/\/schema.org\",\"@graph\":[{\"@type\":\"Article\",\"@id\":\"https:\/\/jornalfatosenoticias.com.br\/index.php\/2022\/05\/30\/eleicoes-presidenciais-na-colombia-vao-a-segundo-turno\/#article\",\"isPartOf\":{\"@id\":\"https:\/\/jornalfatosenoticias.com.br\/index.php\/2022\/05\/30\/eleicoes-presidenciais-na-colombia-vao-a-segundo-turno\/\"},\"author\":{\"name\":\"Luzimara Fernandes\",\"@id\":\"https:\/\/jornalfatosenoticias.com.br\/#\/schema\/person\/d63837fa13ac8666eb9e74e0985d6f81\"},\"headline\":\"Elei\u00e7\u00f5es presidenciais na Col\u00f4mbia v\u00e3o a segundo turno\",\"datePublished\":\"2022-05-30T18:27:06+00:00\",\"dateModified\":\"2022-05-30T18:27:07+00:00\",\"mainEntityOfPage\":{\"@id\":\"https:\/\/jornalfatosenoticias.com.br\/index.php\/2022\/05\/30\/eleicoes-presidenciais-na-colombia-vao-a-segundo-turno\/\"},\"wordCount\":478,\"commentCount\":0,\"publisher\":{\"@id\":\"https:\/\/jornalfatosenoticias.com.br\/#organization\"},\"image\":{\"@id\":\"https:\/\/jornalfatosenoticias.com.br\/index.php\/2022\/05\/30\/eleicoes-presidenciais-na-colombia-vao-a-segundo-turno\/#primaryimage\"},\"thumbnailUrl\":\"https:\/\/jornalfatosenoticias.com.br\/wp-content\/uploads\/2022\/05\/eleicoes-colombia.jpg\",\"keywords\":[\"Col\u00f4mbia\",\"elei\u00e7\u00f5es presidenciais\",\"segundo turno\"],\"articleSection\":[\"Internacional\"],\"inLanguage\":\"pt-BR\",\"potentialAction\":[{\"@type\":\"CommentAction\",\"name\":\"Comment\",\"target\":[\"https:\/\/jornalfatosenoticias.com.br\/index.php\/2022\/05\/30\/eleicoes-presidenciais-na-colombia-vao-a-segundo-turno\/#respond\"]}]},{\"@type\":\"WebPage\",\"@id\":\"https:\/\/jornalfatosenoticias.com.br\/index.php\/2022\/05\/30\/eleicoes-presidenciais-na-colombia-vao-a-segundo-turno\/\",\"url\":\"https:\/\/jornalfatosenoticias.com.br\/index.php\/2022\/05\/30\/eleicoes-presidenciais-na-colombia-vao-a-segundo-turno\/\",\"name\":\"Elei\u00e7\u00f5es presidenciais na Col\u00f4mbia v\u00e3o a segundo turno - Jornal Fatos e Not\u00edcias\",\"isPartOf\":{\"@id\":\"https:\/\/jornalfatosenoticias.com.br\/#website\"},\"primaryImageOfPage\":{\"@id\":\"https:\/\/jornalfatosenoticias.com.br\/index.php\/2022\/05\/30\/eleicoes-presidenciais-na-colombia-vao-a-segundo-turno\/#primaryimage\"},\"image\":{\"@id\":\"https:\/\/jornalfatosenoticias.com.br\/index.php\/2022\/05\/30\/eleicoes-presidenciais-na-colombia-vao-a-segundo-turno\/#primaryimage\"},\"thumbnailUrl\":\"https:\/\/jornalfatosenoticias.com.br\/wp-content\/uploads\/2022\/05\/eleicoes-colombia.jpg\",\"datePublished\":\"2022-05-30T18:27:06+00:00\",\"dateModified\":\"2022-05-30T18:27:07+00:00\",\"breadcrumb\":{\"@id\":\"https:\/\/jornalfatosenoticias.com.br\/index.php\/2022\/05\/30\/eleicoes-presidenciais-na-colombia-vao-a-segundo-turno\/#breadcrumb\"},\"inLanguage\":\"pt-BR\",\"potentialAction\":[{\"@type\":\"ReadAction\",\"target\":[\"https:\/\/jornalfatosenoticias.com.br\/index.php\/2022\/05\/30\/eleicoes-presidenciais-na-colombia-vao-a-segundo-turno\/\"]}]},{\"@type\":\"ImageObject\",\"inLanguage\":\"pt-BR\",\"@id\":\"https:\/\/jornalfatosenoticias.com.br\/index.php\/2022\/05\/30\/eleicoes-presidenciais-na-colombia-vao-a-segundo-turno\/#primaryimage\",\"url\":\"https:\/\/jornalfatosenoticias.com.br\/wp-content\/uploads\/2022\/05\/eleicoes-colombia.jpg\",\"contentUrl\":\"https:\/\/jornalfatosenoticias.com.br\/wp-content\/uploads\/2022\/05\/eleicoes-colombia.jpg\",\"width\":1000,\"height\":666},{\"@type\":\"BreadcrumbList\",\"@id\":\"https:\/\/jornalfatosenoticias.com.br\/index.php\/2022\/05\/30\/eleicoes-presidenciais-na-colombia-vao-a-segundo-turno\/#breadcrumb\",\"itemListElement\":[{\"@type\":\"ListItem\",\"position\":1,\"name\":\"In\u00edcio\",\"item\":\"https:\/\/jornalfatosenoticias.com.br\/\"},{\"@type\":\"ListItem\",\"position\":2,\"name\":\"Elei\u00e7\u00f5es presidenciais na Col\u00f4mbia v\u00e3o a segundo turno\"}]},{\"@type\":\"WebSite\",\"@id\":\"https:\/\/jornalfatosenoticias.com.br\/#website\",\"url\":\"https:\/\/jornalfatosenoticias.com.br\/\",\"name\":\"Jornal Fatos e Not\u00edcias\",\"description\":\"Not\u00edcias em geral\",\"publisher\":{\"@id\":\"https:\/\/jornalfatosenoticias.com.br\/#organization\"},\"potentialAction\":[{\"@type\":\"SearchAction\",\"target\":{\"@type\":\"EntryPoint\",\"urlTemplate\":\"https:\/\/jornalfatosenoticias.com.br\/?s={search_term_string}\"},\"query-input\":{\"@type\":\"PropertyValueSpecification\",\"valueRequired\":true,\"valueName\":\"search_term_string\"}}],\"inLanguage\":\"pt-BR\"},{\"@type\":\"Organization\",\"@id\":\"https:\/\/jornalfatosenoticias.com.br\/#organization\",\"name\":\"Jornal Fatos e Not\u00edcias\",\"url\":\"https:\/\/jornalfatosenoticias.com.br\/\",\"logo\":{\"@type\":\"ImageObject\",\"inLanguage\":\"pt-BR\",\"@id\":\"https:\/\/jornalfatosenoticias.com.br\/#\/schema\/logo\/image\/\",\"url\":\"https:\/\/jornalfatosenoticias.com.br\/wp-content\/uploads\/2020\/02\/logo120.png\",\"contentUrl\":\"https:\/\/jornalfatosenoticias.com.br\/wp-content\/uploads\/2020\/02\/logo120.png\",\"width\":1227,\"height\":120,\"caption\":\"Jornal Fatos e Not\u00edcias\"},\"image\":{\"@id\":\"https:\/\/jornalfatosenoticias.com.br\/#\/schema\/logo\/image\/\"}},{\"@type\":\"Person\",\"@id\":\"https:\/\/jornalfatosenoticias.com.br\/#\/schema\/person\/d63837fa13ac8666eb9e74e0985d6f81\",\"name\":\"Luzimara Fernandes\",\"image\":{\"@type\":\"ImageObject\",\"inLanguage\":\"pt-BR\",\"@id\":\"https:\/\/jornalfatosenoticias.com.br\/#\/schema\/person\/image\/\",\"url\":\"https:\/\/jornalfatosenoticias.com.br\/wp-content\/uploads\/2025\/05\/EU_portal.jpg\",\"contentUrl\":\"https:\/\/jornalfatosenoticias.com.br\/wp-content\/uploads\/2025\/05\/EU_portal.jpg\",\"caption\":\"Luzimara Fernandes\"},\"description\":\"Jornalista MTB 2358-ES\",\"sameAs\":[\"https:\/\/jornalfatosenoticias.com.br\"],\"url\":\"https:\/\/jornalfatosenoticias.com.br\/index.php\/author\/luzimara\/\"}]}<\/script>\n<!-- \/ Yoast SEO plugin. -->","yoast_head_json":{"title":"Elei\u00e7\u00f5es presidenciais na Col\u00f4mbia v\u00e3o a segundo turno - Jornal Fatos e Not\u00edcias","robots":{"index":"index","follow":"follow","max-snippet":"max-snippet:-1","max-image-preview":"max-image-preview:large","max-video-preview":"max-video-preview:-1"},"canonical":"https:\/\/jornalfatosenoticias.com.br\/index.php\/2022\/05\/30\/eleicoes-presidenciais-na-colombia-vao-a-segundo-turno\/","og_locale":"pt_BR","og_type":"article","og_title":"Elei\u00e7\u00f5es presidenciais na Col\u00f4mbia v\u00e3o a segundo turno - Jornal Fatos e Not\u00edcias","og_description":"Gustavo Petro, de esquerda, enfrentar\u00e1 o empres\u00e1rio Rodolfo Hern\u00e1ndez O candidato de esquerda Gustavo Petro venceu o primeiro turno da elei\u00e7\u00e3o presidencial da Col\u00f4mbia nesse domingo (29) e enfrentar\u00e1 o empres\u00e1rio Rodolfo Hern\u00e1ndez, no segundo turno, em 19 de junho. Petro, ex-membro do movimento guerrilheiro M-19 que prometeu profundas mudan\u00e7as econ\u00f4micas e sociais, teve 40,3% [&hellip;]","og_url":"https:\/\/jornalfatosenoticias.com.br\/index.php\/2022\/05\/30\/eleicoes-presidenciais-na-colombia-vao-a-segundo-turno\/","og_site_name":"Jornal Fatos e Not\u00edcias","article_published_time":"2022-05-30T18:27:06+00:00","article_modified_time":"2022-05-30T18:27:07+00:00","og_image":[{"width":1000,"height":666,"url":"https:\/\/jornalfatosenoticias.com.br\/wp-content\/uploads\/2022\/05\/eleicoes-colombia.jpg","type":"image\/jpeg"}],"author":"Luzimara Fernandes","twitter_card":"summary_large_image","twitter_misc":{"Escrito por":"Luzimara Fernandes","Est. tempo de leitura":"2 minutos"},"schema":{"@context":"https:\/\/schema.org","@graph":[{"@type":"Article","@id":"https:\/\/jornalfatosenoticias.com.br\/index.php\/2022\/05\/30\/eleicoes-presidenciais-na-colombia-vao-a-segundo-turno\/#article","isPartOf":{"@id":"https:\/\/jornalfatosenoticias.com.br\/index.php\/2022\/05\/30\/eleicoes-presidenciais-na-colombia-vao-a-segundo-turno\/"},"author":{"name":"Luzimara Fernandes","@id":"https:\/\/jornalfatosenoticias.com.br\/#\/schema\/person\/d63837fa13ac8666eb9e74e0985d6f81"},"headline":"Elei\u00e7\u00f5es presidenciais na Col\u00f4mbia v\u00e3o a segundo turno","datePublished":"2022-05-30T18:27:06+00:00","dateModified":"2022-05-30T18:27:07+00:00","mainEntityOfPage":{"@id":"https:\/\/jornalfatosenoticias.com.br\/index.php\/2022\/05\/30\/eleicoes-presidenciais-na-colombia-vao-a-segundo-turno\/"},"wordCount":478,"commentCount":0,"publisher":{"@id":"https:\/\/jornalfatosenoticias.com.br\/#organization"},"image":{"@id":"https:\/\/jornalfatosenoticias.com.br\/index.php\/2022\/05\/30\/eleicoes-presidenciais-na-colombia-vao-a-segundo-turno\/#primaryimage"},"thumbnailUrl":"https:\/\/jornalfatosenoticias.com.br\/wp-content\/uploads\/2022\/05\/eleicoes-colombia.jpg","keywords":["Col\u00f4mbia","elei\u00e7\u00f5es presidenciais","segundo turno"],"articleSection":["Internacional"],"inLanguage":"pt-BR","potentialAction":[{"@type":"CommentAction","name":"Comment","target":["https:\/\/jornalfatosenoticias.com.br\/index.php\/2022\/05\/30\/eleicoes-presidenciais-na-colombia-vao-a-segundo-turno\/#respond"]}]},{"@type":"WebPage","@id":"https:\/\/jornalfatosenoticias.com.br\/index.php\/2022\/05\/30\/eleicoes-presidenciais-na-colombia-vao-a-segundo-turno\/","url":"https:\/\/jornalfatosenoticias.com.br\/index.php\/2022\/05\/30\/eleicoes-presidenciais-na-colombia-vao-a-segundo-turno\/","name":"Elei\u00e7\u00f5es presidenciais na Col\u00f4mbia v\u00e3o a segundo turno - Jornal Fatos e Not\u00edcias","isPartOf":{"@id":"https:\/\/jornalfatosenoticias.com.br\/#website"},"primaryImageOfPage":{"@id":"https:\/\/jornalfatosenoticias.com.br\/index.php\/2022\/05\/30\/eleicoes-presidenciais-na-colombia-vao-a-segundo-turno\/#primaryimage"},"image":{"@id":"https:\/\/jornalfatosenoticias.com.br\/index.php\/2022\/05\/30\/eleicoes-presidenciais-na-colombia-vao-a-segundo-turno\/#primaryimage"},"thumbnailUrl":"https:\/\/jornalfatosenoticias.com.br\/wp-content\/uploads\/2022\/05\/eleicoes-colombia.jpg","datePublished":"2022-05-30T18:27:06+00:00","dateModified":"2022-05-30T18:27:07+00:00","breadcrumb":{"@id":"https:\/\/jornalfatosenoticias.com.br\/index.php\/2022\/05\/30\/eleicoes-presidenciais-na-colombia-vao-a-segundo-turno\/#breadcrumb"},"inLanguage":"pt-BR","potentialAction":[{"@type":"ReadAction","target":["https:\/\/jornalfatosenoticias.com.br\/index.php\/2022\/05\/30\/eleicoes-presidenciais-na-colombia-vao-a-segundo-turno\/"]}]},{"@type":"ImageObject","inLanguage":"pt-BR","@id":"https:\/\/jornalfatosenoticias.com.br\/index.php\/2022\/05\/30\/eleicoes-presidenciais-na-colombia-vao-a-segundo-turno\/#primaryimage","url":"https:\/\/jornalfatosenoticias.com.br\/wp-content\/uploads\/2022\/05\/eleicoes-colombia.jpg","contentUrl":"https:\/\/jornalfatosenoticias.com.br\/wp-content\/uploads\/2022\/05\/eleicoes-colombia.jpg","width":1000,"height":666},{"@type":"BreadcrumbList","@id":"https:\/\/jornalfatosenoticias.com.br\/index.php\/2022\/05\/30\/eleicoes-presidenciais-na-colombia-vao-a-segundo-turno\/#breadcrumb","itemListElement":[{"@type":"ListItem","position":1,"name":"In\u00edcio","item":"https:\/\/jornalfatosenoticias.com.br\/"},{"@type":"ListItem","position":2,"name":"Elei\u00e7\u00f5es presidenciais na Col\u00f4mbia v\u00e3o a segundo turno"}]},{"@type":"WebSite","@id":"https:\/\/jornalfatosenoticias.com.br\/#website","url":"https:\/\/jornalfatosenoticias.com.br\/","name":"Jornal Fatos e Not\u00edcias","description":"Not\u00edcias em geral","publisher":{"@id":"https:\/\/jornalfatosenoticias.com.br\/#organization"},"potentialAction":[{"@type":"SearchAction","target":{"@type":"EntryPoint","urlTemplate":"https:\/\/jornalfatosenoticias.com.br\/?s={search_term_string}"},"query-input":{"@type":"PropertyValueSpecification","valueRequired":true,"valueName":"search_term_string"}}],"inLanguage":"pt-BR"},{"@type":"Organization","@id":"https:\/\/jornalfatosenoticias.com.br\/#organization","name":"Jornal Fatos e Not\u00edcias","url":"https:\/\/jornalfatosenoticias.com.br\/","logo":{"@type":"ImageObject","inLanguage":"pt-BR","@id":"https:\/\/jornalfatosenoticias.com.br\/#\/schema\/logo\/image\/","url":"https:\/\/jornalfatosenoticias.com.br\/wp-content\/uploads\/2020\/02\/logo120.png","contentUrl":"https:\/\/jornalfatosenoticias.com.br\/wp-content\/uploads\/2020\/02\/logo120.png","width":1227,"height":120,"caption":"Jornal Fatos e Not\u00edcias"},"image":{"@id":"https:\/\/jornalfatosenoticias.com.br\/#\/schema\/logo\/image\/"}},{"@type":"Person","@id":"https:\/\/jornalfatosenoticias.com.br\/#\/schema\/person\/d63837fa13ac8666eb9e74e0985d6f81","name":"Luzimara Fernandes","image":{"@type":"ImageObject","inLanguage":"pt-BR","@id":"https:\/\/jornalfatosenoticias.com.br\/#\/schema\/person\/image\/","url":"https:\/\/jornalfatosenoticias.com.br\/wp-content\/uploads\/2025\/05\/EU_portal.jpg","contentUrl":"https:\/\/jornalfatosenoticias.com.br\/wp-content\/uploads\/2025\/05\/EU_portal.jpg","caption":"Luzimara Fernandes"},"description":"Jornalista MTB 2358-ES","sameAs":["https:\/\/jornalfatosenoticias.com.br"],"url":"https:\/\/jornalfatosenoticias.com.br\/index.php\/author\/luzimara\/"}]}},"cc_featured_image_caption":{"caption_text":"(Foto: AFP\/Juan Barreto\/Yuri Cortez) \r\n","source_text":"","source_url":""},"jetpack_featured_media_url":"https:\/\/jornalfatosenoticias.com.br\/wp-content\/uploads\/2022\/05\/eleicoes-colombia.jpg","_links":{"self":[{"href":"https:\/\/jornalfatosenoticias.com.br\/index.php\/wp-json\/wp\/v2\/posts\/30905","targetHints":{"allow":["GET"]}}],"collection":[{"href":"https:\/\/jornalfatosenoticias.com.br\/index.php\/wp-json\/wp\/v2\/posts"}],"about":[{"href":"https:\/\/jornalfatosenoticias.com.br\/index.php\/wp-json\/wp\/v2\/types\/post"}],"author":[{"embeddable":true,"href":"https:\/\/jornalfatosenoticias.com.br\/index.php\/wp-json\/wp\/v2\/users\/2"}],"replies":[{"embeddable":true,"href":"https:\/\/jornalfatosenoticias.com.br\/index.php\/wp-json\/wp\/v2\/comments?post=30905"}],"version-history":[{"count":0,"href":"https:\/\/jornalfatosenoticias.com.br\/index.php\/wp-json\/wp\/v2\/posts\/30905\/revisions"}],"wp:featuredmedia":[{"embeddable":true,"href":"https:\/\/jornalfatosenoticias.com.br\/index.php\/wp-json\/wp\/v2\/media\/30906"}],"wp:attachment":[{"href":"https:\/\/jornalfatosenoticias.com.br\/index.php\/wp-json\/wp\/v2\/media?parent=30905"}],"wp:term":[{"taxonomy":"category","embeddable":true,"href":"https:\/\/jornalfatosenoticias.com.br\/index.php\/wp-json\/wp\/v2\/categories?post=30905"},{"taxonomy":"post_tag","embeddable":true,"href":"https:\/\/jornalfatosenoticias.com.br\/index.php\/wp-json\/wp\/v2\/tags?post=30905"}],"curies":[{"name":"wp","href":"https:\/\/api.w.org\/{rel}","templated":true}]}}