{"id":30908,"date":"2022-05-30T15:37:10","date_gmt":"2022-05-30T18:37:10","guid":{"rendered":"https:\/\/jornalfatosenoticias.com.br\/?p=30908"},"modified":"2022-05-30T15:37:14","modified_gmt":"2022-05-30T18:37:14","slug":"exoplaneta-e-encontrado-na-zona-habitavel-de-uma-estrela-proxima-da-terra","status":"publish","type":"post","link":"https:\/\/jornalfatosenoticias.com.br\/index.php\/2022\/05\/30\/exoplaneta-e-encontrado-na-zona-habitavel-de-uma-estrela-proxima-da-terra\/","title":{"rendered":"Exoplaneta \u00e9 encontrado na zona habit\u00e1vel de uma estrela pr\u00f3xima da Terra"},"content":{"rendered":"\n<div class=\"wp-block-image\"><figure class=\"aligncenter size-large is-resized\"><img loading=\"lazy\" decoding=\"async\" src=\"https:\/\/jornalfatosenoticias.com.br\/wp-content\/uploads\/2020\/02\/Arte-Autoescola-Galatas_endereco_portal-1024x103.png\" alt=\"\" class=\"wp-image-1451\" width=\"440\" height=\"44\" srcset=\"https:\/\/jornalfatosenoticias.com.br\/wp-content\/uploads\/2020\/02\/Arte-Autoescola-Galatas_endereco_portal-1024x103.png 1024w, https:\/\/jornalfatosenoticias.com.br\/wp-content\/uploads\/2020\/02\/Arte-Autoescola-Galatas_endereco_portal-300x30.png 300w, https:\/\/jornalfatosenoticias.com.br\/wp-content\/uploads\/2020\/02\/Arte-Autoescola-Galatas_endereco_portal-768x77.png 768w, https:\/\/jornalfatosenoticias.com.br\/wp-content\/uploads\/2020\/02\/Arte-Autoescola-Galatas_endereco_portal.png 1223w\" sizes=\"auto, (max-width: 440px) 100vw, 440px\" \/><\/figure><\/div>\n\n\n\n<p>Um estudo liderado por pesquisadores japoneses, registrado no servi\u00e7o de pr\u00e9-impress\u00e3o <em><a href=\"https:\/\/arxiv.org\/abs\/2205.11986\" target=\"_blank\" rel=\"noreferrer noopener\">arxiv<\/a><\/em> e j\u00e1 aceito para publica\u00e7\u00e3o pela revista\u00a0<em>Publications of the Astronomical Society of Japan<\/em>, descobriu um exoplaneta a apenas 36,5 anos-luz da\u00a0<a href=\"https:\/\/olhardigital.com.br\/2022\/05\/26\/ciencia-e-espaco\/ondas-magneticas-gigantes-varrem-o-nucleo-da-terra-a-cada-sete-anos-diz-estudo\/\" target=\"_blank\" rel=\"noreferrer noopener\">Terra\u00a0<\/a>orbitando a \u201czona habit\u00e1vel\u201d de sua\u00a0<a href=\"https:\/\/olhardigital.com.br\/2022\/03\/30\/ciencia-e-espaco\/estrela-mais-distante-ja-vista-e-registrada-pelo-telescopio-hubble\/\" target=\"_blank\" rel=\"noreferrer noopener\">estrela<\/a> hospedeira.<br>Ross 508 \u00e9 uma estrela an\u00e3 vermelha fraca, que tem apenas 18% da massa do <a href=\"https:\/\/olhardigital.com.br\/2022\/05\/19\/ciencia-e-espaco\/videos-feitos-por-sonda-da-nasa-mostram-o-sol-como-voce-nunca-viu\/\" target=\"_blank\" rel=\"noreferrer noopener\">Sol<\/a>. O exoplaneta descoberto pelos astr\u00f4nomos, chamado Ross 508 b, \u00e9 quatro vezes mais massivo que o nosso planeta, sendo assim classificado como uma Superterra. Ele orbita na \u201czona habit\u00e1vel\u201d de sua estrela hospedeira, onde a temperatura permite a forma\u00e7\u00e3o de \u00e1gua l\u00edquida nas superf\u00edcies planet\u00e1rias.<br>Isso quer dizer que Ross 508 b pode abrigar algum tipo de vida? N\u00e3o necessariamente. Estar na zona habit\u00e1vel n\u00e3o \u00e9 o \u00fanico fator que determina a capacidade de um planeta de suportar a vida como a conhecemos. <a href=\"https:\/\/olhardigital.com.br\/2022\/05\/26\/ciencia-e-espaco\/sons-de-marte-nasa-divulga-playlist-do-rover-perseverance\/\" target=\"_blank\" rel=\"noreferrer noopener\">Marte<\/a>, por exemplo, embora esteja na zona habit\u00e1vel do nosso Sol, n\u00e3o consegue sustentar a vida facilmente devido \u00e0s suas peculiaridades.<\/p>\n\n\n\n<div class=\"wp-block-image\"><figure class=\"aligncenter size-large is-resized\"><img loading=\"lazy\" decoding=\"async\" src=\"https:\/\/jornalfatosenoticias.com.br\/wp-content\/uploads\/2022\/05\/NOVA-LOGO-CESCONETTO-1024x100.jpg\" alt=\"\" class=\"wp-image-30792\" width=\"457\" height=\"44\" srcset=\"https:\/\/jornalfatosenoticias.com.br\/wp-content\/uploads\/2022\/05\/NOVA-LOGO-CESCONETTO-1024x100.jpg 1024w, https:\/\/jornalfatosenoticias.com.br\/wp-content\/uploads\/2022\/05\/NOVA-LOGO-CESCONETTO-300x29.jpg 300w, https:\/\/jornalfatosenoticias.com.br\/wp-content\/uploads\/2022\/05\/NOVA-LOGO-CESCONETTO-768x75.jpg 768w, https:\/\/jornalfatosenoticias.com.br\/wp-content\/uploads\/2022\/05\/NOVA-LOGO-CESCONETTO.jpg 1280w\" sizes=\"auto, (max-width: 457px) 100vw, 457px\" \/><\/figure><\/div>\n\n\n\n<figure class=\"wp-block-image size-large\"><img loading=\"lazy\" decoding=\"async\" width=\"1000\" height=\"562\" src=\"https:\/\/jornalfatosenoticias.com.br\/wp-content\/uploads\/2022\/05\/super-terra-ana-vermelha-1024x576-1.jpg\" alt=\"\" class=\"wp-image-30909\" srcset=\"https:\/\/jornalfatosenoticias.com.br\/wp-content\/uploads\/2022\/05\/super-terra-ana-vermelha-1024x576-1.jpg 1000w, https:\/\/jornalfatosenoticias.com.br\/wp-content\/uploads\/2022\/05\/super-terra-ana-vermelha-1024x576-1-300x169.jpg 300w, https:\/\/jornalfatosenoticias.com.br\/wp-content\/uploads\/2022\/05\/super-terra-ana-vermelha-1024x576-1-768x432.jpg 768w\" sizes=\"auto, (max-width: 1000px) 100vw, 1000px\" \/><figcaption><em><span class=\"has-inline-color has-black-color\">Representa\u00e7\u00e3o art\u00edstica de uma Super Terra orbitando uma estrela an\u00e3 vermelha (Imagem: Gabriel P\u00e9rez D\u00edaz, SMM\/IAC)<\/span><\/em><\/figcaption><\/figure>\n\n\n\n<div class=\"wp-block-image\"><figure class=\"alignleft size-large is-resized\"><img loading=\"lazy\" decoding=\"async\" src=\"https:\/\/jornalfatosenoticias.com.br\/wp-content\/uploads\/2022\/02\/Serra-Pack-459.png\" alt=\"\" class=\"wp-image-27471\" width=\"275\" height=\"110\"\/><\/figure><\/div>\n\n\n\n<p>De acordo com as observa\u00e7\u00f5es feitas por pesquisadores do Observat\u00f3rio Astron\u00f4mico Nacional do Jap\u00e3o (NAOJ), usando dados do Telesc\u00f3pio Subaru, no Hava\u00ed, Ross 508 b \u00e9, quase certamente, um planeta rochoso, que gira em torno de sua estrela a cada 10,75 dias.<br>Isso quer dizer que ele est\u00e1 muito mais pr\u00f3ximo da estrela Ross 58 do que a Terra do Sol. No entanto, como a estrela \u00e9 muito menor, com um brilho bem menos intenso, a radia\u00e7\u00e3o que atinge o exoplaneta \u00e9 1,4 vezes maior que a luz solar que incide sobre a Terra.<\/p>\n\n\n\n<div class=\"wp-block-image\"><figure class=\"aligncenter size-large is-resized\"><img loading=\"lazy\" decoding=\"async\" src=\"https:\/\/jornalfatosenoticias.com.br\/wp-content\/uploads\/2020\/02\/Logo-Mizu-segunda-2-1024x99.png\" alt=\"\" class=\"wp-image-2353\" width=\"435\" height=\"42\" srcset=\"https:\/\/jornalfatosenoticias.com.br\/wp-content\/uploads\/2020\/02\/Logo-Mizu-segunda-2-1024x99.png 1024w, https:\/\/jornalfatosenoticias.com.br\/wp-content\/uploads\/2020\/02\/Logo-Mizu-segunda-2-300x29.png 300w, https:\/\/jornalfatosenoticias.com.br\/wp-content\/uploads\/2020\/02\/Logo-Mizu-segunda-2-768x74.png 768w, https:\/\/jornalfatosenoticias.com.br\/wp-content\/uploads\/2020\/02\/Logo-Mizu-segunda-2.png 1240w\" sizes=\"auto, (max-width: 435px) 100vw, 435px\" \/><\/figure><\/div>\n\n\n\n<p>Estudos posteriores podem revelar mais sobre o planeta Ross 58 b. Dados como a composi\u00e7\u00e3o qu\u00edmica de sua atmosfera \u2014 se \u00e9 que ele tenha uma \u2014 podem ser obtidos por observa\u00e7\u00f5es do <em>Transiting Exoplanet Survey Satellite <\/em>(TESS), da Nasa, que usa a t\u00e9cnica do tr\u00e2nsito planet\u00e1rio (medi\u00e7\u00e3o das varia\u00e7\u00f5es de luz das estrelas quando os planetas passam \u00e0 sua frente).<\/p>\n\n\n\n<p><strong><em>Fonte: <a href=\"https:\/\/olhardigital.com.br\/2022\/05\/30\/ciencia-e-espaco\/exoplaneta-superterra-e-encontrado-na-zona-habitavel-de-uma-estrela-proxima-de-nos\/\">Olhar Digital<\/a><\/em><\/strong><\/p>\n","protected":false},"excerpt":{"rendered":"<p>Um estudo liderado por pesquisadores japoneses, registrado no servi\u00e7o de pr\u00e9-impress\u00e3o arxiv e j\u00e1 aceito para publica\u00e7\u00e3o pela revista\u00a0Publications of the Astronomical Society of Japan, descobriu um exoplaneta a apenas 36,5 anos-luz da\u00a0Terra\u00a0orbitando a \u201czona habit\u00e1vel\u201d de sua\u00a0estrela hospedeira.Ross 508 \u00e9 uma estrela an\u00e3 vermelha fraca, que tem apenas 18% da massa do Sol. O [&hellip;]<\/p>\n","protected":false},"author":2,"featured_media":30910,"comment_status":"open","ping_status":"open","sticky":false,"template":"","format":"standard","meta":{"footnotes":""},"categories":[2],"tags":[14129,7533,1444,2671],"class_list":["post-30908","post","type-post","status-publish","format-standard","has-post-thumbnail","hentry","category-ciencia","tag-ana-vermelha","tag-exoplaneta","tag-exoplanetas","tag-superterra"],"yoast_head":"<!-- This site is optimized with the Yoast SEO plugin v26.5 - https:\/\/yoast.com\/wordpress\/plugins\/seo\/ -->\n<title>Exoplaneta \u00e9 encontrado na zona habit\u00e1vel de uma estrela pr\u00f3xima da Terra - Jornal Fatos e Not\u00edcias<\/title>\n<meta name=\"robots\" content=\"index, follow, max-snippet:-1, max-image-preview:large, max-video-preview:-1\" \/>\n<link rel=\"canonical\" href=\"https:\/\/jornalfatosenoticias.com.br\/index.php\/2022\/05\/30\/exoplaneta-e-encontrado-na-zona-habitavel-de-uma-estrela-proxima-da-terra\/\" \/>\n<meta property=\"og:locale\" content=\"pt_BR\" \/>\n<meta property=\"og:type\" content=\"article\" \/>\n<meta property=\"og:title\" content=\"Exoplaneta \u00e9 encontrado na zona habit\u00e1vel de uma estrela pr\u00f3xima da Terra - Jornal Fatos e Not\u00edcias\" \/>\n<meta property=\"og:description\" content=\"Um estudo liderado por pesquisadores japoneses, registrado no servi\u00e7o de pr\u00e9-impress\u00e3o arxiv e j\u00e1 aceito para publica\u00e7\u00e3o pela revista\u00a0Publications of the Astronomical Society of Japan, descobriu um exoplaneta a apenas 36,5 anos-luz da\u00a0Terra\u00a0orbitando a \u201czona habit\u00e1vel\u201d de sua\u00a0estrela hospedeira.Ross 508 \u00e9 uma estrela an\u00e3 vermelha fraca, que tem apenas 18% da massa do Sol. O [&hellip;]\" \/>\n<meta property=\"og:url\" content=\"https:\/\/jornalfatosenoticias.com.br\/index.php\/2022\/05\/30\/exoplaneta-e-encontrado-na-zona-habitavel-de-uma-estrela-proxima-da-terra\/\" \/>\n<meta property=\"og:site_name\" content=\"Jornal Fatos e Not\u00edcias\" \/>\n<meta property=\"article:published_time\" content=\"2022-05-30T18:37:10+00:00\" \/>\n<meta property=\"article:modified_time\" content=\"2022-05-30T18:37:14+00:00\" \/>\n<meta property=\"og:image\" content=\"https:\/\/jornalfatosenoticias.com.br\/wp-content\/uploads\/2022\/05\/planeta-ana-vermelha-1000x450-1.jpg\" \/>\n\t<meta property=\"og:image:width\" content=\"1000\" \/>\n\t<meta property=\"og:image:height\" content=\"450\" \/>\n\t<meta property=\"og:image:type\" content=\"image\/jpeg\" \/>\n<meta name=\"author\" content=\"Luzimara Fernandes\" \/>\n<meta name=\"twitter:card\" content=\"summary_large_image\" \/>\n<meta name=\"twitter:label1\" content=\"Escrito por\" \/>\n\t<meta name=\"twitter:data1\" content=\"Luzimara Fernandes\" \/>\n\t<meta name=\"twitter:label2\" content=\"Est. tempo de leitura\" \/>\n\t<meta name=\"twitter:data2\" content=\"2 minutos\" \/>\n<script type=\"application\/ld+json\" class=\"yoast-schema-graph\">{\"@context\":\"https:\/\/schema.org\",\"@graph\":[{\"@type\":\"Article\",\"@id\":\"https:\/\/jornalfatosenoticias.com.br\/index.php\/2022\/05\/30\/exoplaneta-e-encontrado-na-zona-habitavel-de-uma-estrela-proxima-da-terra\/#article\",\"isPartOf\":{\"@id\":\"https:\/\/jornalfatosenoticias.com.br\/index.php\/2022\/05\/30\/exoplaneta-e-encontrado-na-zona-habitavel-de-uma-estrela-proxima-da-terra\/\"},\"author\":{\"name\":\"Luzimara Fernandes\",\"@id\":\"https:\/\/jornalfatosenoticias.com.br\/#\/schema\/person\/d63837fa13ac8666eb9e74e0985d6f81\"},\"headline\":\"Exoplaneta \u00e9 encontrado na zona habit\u00e1vel de uma estrela pr\u00f3xima da Terra\",\"datePublished\":\"2022-05-30T18:37:10+00:00\",\"dateModified\":\"2022-05-30T18:37:14+00:00\",\"mainEntityOfPage\":{\"@id\":\"https:\/\/jornalfatosenoticias.com.br\/index.php\/2022\/05\/30\/exoplaneta-e-encontrado-na-zona-habitavel-de-uma-estrela-proxima-da-terra\/\"},\"wordCount\":366,\"commentCount\":0,\"publisher\":{\"@id\":\"https:\/\/jornalfatosenoticias.com.br\/#organization\"},\"image\":{\"@id\":\"https:\/\/jornalfatosenoticias.com.br\/index.php\/2022\/05\/30\/exoplaneta-e-encontrado-na-zona-habitavel-de-uma-estrela-proxima-da-terra\/#primaryimage\"},\"thumbnailUrl\":\"https:\/\/jornalfatosenoticias.com.br\/wp-content\/uploads\/2022\/05\/planeta-ana-vermelha-1000x450-1.jpg\",\"keywords\":[\"an\u00e3 vermelha\",\"exoplaneta\",\"exoplanetas\",\"SuperTerra\"],\"articleSection\":[\"Ci\u00eancia\"],\"inLanguage\":\"pt-BR\",\"potentialAction\":[{\"@type\":\"CommentAction\",\"name\":\"Comment\",\"target\":[\"https:\/\/jornalfatosenoticias.com.br\/index.php\/2022\/05\/30\/exoplaneta-e-encontrado-na-zona-habitavel-de-uma-estrela-proxima-da-terra\/#respond\"]}]},{\"@type\":\"WebPage\",\"@id\":\"https:\/\/jornalfatosenoticias.com.br\/index.php\/2022\/05\/30\/exoplaneta-e-encontrado-na-zona-habitavel-de-uma-estrela-proxima-da-terra\/\",\"url\":\"https:\/\/jornalfatosenoticias.com.br\/index.php\/2022\/05\/30\/exoplaneta-e-encontrado-na-zona-habitavel-de-uma-estrela-proxima-da-terra\/\",\"name\":\"Exoplaneta \u00e9 encontrado na zona habit\u00e1vel de uma estrela pr\u00f3xima da Terra - Jornal Fatos e Not\u00edcias\",\"isPartOf\":{\"@id\":\"https:\/\/jornalfatosenoticias.com.br\/#website\"},\"primaryImageOfPage\":{\"@id\":\"https:\/\/jornalfatosenoticias.com.br\/index.php\/2022\/05\/30\/exoplaneta-e-encontrado-na-zona-habitavel-de-uma-estrela-proxima-da-terra\/#primaryimage\"},\"image\":{\"@id\":\"https:\/\/jornalfatosenoticias.com.br\/index.php\/2022\/05\/30\/exoplaneta-e-encontrado-na-zona-habitavel-de-uma-estrela-proxima-da-terra\/#primaryimage\"},\"thumbnailUrl\":\"https:\/\/jornalfatosenoticias.com.br\/wp-content\/uploads\/2022\/05\/planeta-ana-vermelha-1000x450-1.jpg\",\"datePublished\":\"2022-05-30T18:37:10+00:00\",\"dateModified\":\"2022-05-30T18:37:14+00:00\",\"breadcrumb\":{\"@id\":\"https:\/\/jornalfatosenoticias.com.br\/index.php\/2022\/05\/30\/exoplaneta-e-encontrado-na-zona-habitavel-de-uma-estrela-proxima-da-terra\/#breadcrumb\"},\"inLanguage\":\"pt-BR\",\"potentialAction\":[{\"@type\":\"ReadAction\",\"target\":[\"https:\/\/jornalfatosenoticias.com.br\/index.php\/2022\/05\/30\/exoplaneta-e-encontrado-na-zona-habitavel-de-uma-estrela-proxima-da-terra\/\"]}]},{\"@type\":\"ImageObject\",\"inLanguage\":\"pt-BR\",\"@id\":\"https:\/\/jornalfatosenoticias.com.br\/index.php\/2022\/05\/30\/exoplaneta-e-encontrado-na-zona-habitavel-de-uma-estrela-proxima-da-terra\/#primaryimage\",\"url\":\"https:\/\/jornalfatosenoticias.com.br\/wp-content\/uploads\/2022\/05\/planeta-ana-vermelha-1000x450-1.jpg\",\"contentUrl\":\"https:\/\/jornalfatosenoticias.com.br\/wp-content\/uploads\/2022\/05\/planeta-ana-vermelha-1000x450-1.jpg\",\"width\":1000,\"height\":450},{\"@type\":\"BreadcrumbList\",\"@id\":\"https:\/\/jornalfatosenoticias.com.br\/index.php\/2022\/05\/30\/exoplaneta-e-encontrado-na-zona-habitavel-de-uma-estrela-proxima-da-terra\/#breadcrumb\",\"itemListElement\":[{\"@type\":\"ListItem\",\"position\":1,\"name\":\"In\u00edcio\",\"item\":\"https:\/\/jornalfatosenoticias.com.br\/\"},{\"@type\":\"ListItem\",\"position\":2,\"name\":\"Exoplaneta \u00e9 encontrado na zona habit\u00e1vel de uma estrela pr\u00f3xima da Terra\"}]},{\"@type\":\"WebSite\",\"@id\":\"https:\/\/jornalfatosenoticias.com.br\/#website\",\"url\":\"https:\/\/jornalfatosenoticias.com.br\/\",\"name\":\"Jornal Fatos e Not\u00edcias\",\"description\":\"Not\u00edcias em geral\",\"publisher\":{\"@id\":\"https:\/\/jornalfatosenoticias.com.br\/#organization\"},\"potentialAction\":[{\"@type\":\"SearchAction\",\"target\":{\"@type\":\"EntryPoint\",\"urlTemplate\":\"https:\/\/jornalfatosenoticias.com.br\/?s={search_term_string}\"},\"query-input\":{\"@type\":\"PropertyValueSpecification\",\"valueRequired\":true,\"valueName\":\"search_term_string\"}}],\"inLanguage\":\"pt-BR\"},{\"@type\":\"Organization\",\"@id\":\"https:\/\/jornalfatosenoticias.com.br\/#organization\",\"name\":\"Jornal Fatos e Not\u00edcias\",\"url\":\"https:\/\/jornalfatosenoticias.com.br\/\",\"logo\":{\"@type\":\"ImageObject\",\"inLanguage\":\"pt-BR\",\"@id\":\"https:\/\/jornalfatosenoticias.com.br\/#\/schema\/logo\/image\/\",\"url\":\"https:\/\/jornalfatosenoticias.com.br\/wp-content\/uploads\/2020\/02\/logo120.png\",\"contentUrl\":\"https:\/\/jornalfatosenoticias.com.br\/wp-content\/uploads\/2020\/02\/logo120.png\",\"width\":1227,\"height\":120,\"caption\":\"Jornal Fatos e Not\u00edcias\"},\"image\":{\"@id\":\"https:\/\/jornalfatosenoticias.com.br\/#\/schema\/logo\/image\/\"}},{\"@type\":\"Person\",\"@id\":\"https:\/\/jornalfatosenoticias.com.br\/#\/schema\/person\/d63837fa13ac8666eb9e74e0985d6f81\",\"name\":\"Luzimara Fernandes\",\"image\":{\"@type\":\"ImageObject\",\"inLanguage\":\"pt-BR\",\"@id\":\"https:\/\/jornalfatosenoticias.com.br\/#\/schema\/person\/image\/\",\"url\":\"https:\/\/jornalfatosenoticias.com.br\/wp-content\/uploads\/2025\/05\/EU_portal.jpg\",\"contentUrl\":\"https:\/\/jornalfatosenoticias.com.br\/wp-content\/uploads\/2025\/05\/EU_portal.jpg\",\"caption\":\"Luzimara Fernandes\"},\"description\":\"Jornalista MTB 2358-ES\",\"sameAs\":[\"https:\/\/jornalfatosenoticias.com.br\"],\"url\":\"https:\/\/jornalfatosenoticias.com.br\/index.php\/author\/luzimara\/\"}]}<\/script>\n<!-- \/ Yoast SEO plugin. -->","yoast_head_json":{"title":"Exoplaneta \u00e9 encontrado na zona habit\u00e1vel de uma estrela pr\u00f3xima da Terra - Jornal Fatos e Not\u00edcias","robots":{"index":"index","follow":"follow","max-snippet":"max-snippet:-1","max-image-preview":"max-image-preview:large","max-video-preview":"max-video-preview:-1"},"canonical":"https:\/\/jornalfatosenoticias.com.br\/index.php\/2022\/05\/30\/exoplaneta-e-encontrado-na-zona-habitavel-de-uma-estrela-proxima-da-terra\/","og_locale":"pt_BR","og_type":"article","og_title":"Exoplaneta \u00e9 encontrado na zona habit\u00e1vel de uma estrela pr\u00f3xima da Terra - Jornal Fatos e Not\u00edcias","og_description":"Um estudo liderado por pesquisadores japoneses, registrado no servi\u00e7o de pr\u00e9-impress\u00e3o arxiv e j\u00e1 aceito para publica\u00e7\u00e3o pela revista\u00a0Publications of the Astronomical Society of Japan, descobriu um exoplaneta a apenas 36,5 anos-luz da\u00a0Terra\u00a0orbitando a \u201czona habit\u00e1vel\u201d de sua\u00a0estrela hospedeira.Ross 508 \u00e9 uma estrela an\u00e3 vermelha fraca, que tem apenas 18% da massa do Sol. O [&hellip;]","og_url":"https:\/\/jornalfatosenoticias.com.br\/index.php\/2022\/05\/30\/exoplaneta-e-encontrado-na-zona-habitavel-de-uma-estrela-proxima-da-terra\/","og_site_name":"Jornal Fatos e Not\u00edcias","article_published_time":"2022-05-30T18:37:10+00:00","article_modified_time":"2022-05-30T18:37:14+00:00","og_image":[{"width":1000,"height":450,"url":"https:\/\/jornalfatosenoticias.com.br\/wp-content\/uploads\/2022\/05\/planeta-ana-vermelha-1000x450-1.jpg","type":"image\/jpeg"}],"author":"Luzimara Fernandes","twitter_card":"summary_large_image","twitter_misc":{"Escrito por":"Luzimara Fernandes","Est. tempo de leitura":"2 minutos"},"schema":{"@context":"https:\/\/schema.org","@graph":[{"@type":"Article","@id":"https:\/\/jornalfatosenoticias.com.br\/index.php\/2022\/05\/30\/exoplaneta-e-encontrado-na-zona-habitavel-de-uma-estrela-proxima-da-terra\/#article","isPartOf":{"@id":"https:\/\/jornalfatosenoticias.com.br\/index.php\/2022\/05\/30\/exoplaneta-e-encontrado-na-zona-habitavel-de-uma-estrela-proxima-da-terra\/"},"author":{"name":"Luzimara Fernandes","@id":"https:\/\/jornalfatosenoticias.com.br\/#\/schema\/person\/d63837fa13ac8666eb9e74e0985d6f81"},"headline":"Exoplaneta \u00e9 encontrado na zona habit\u00e1vel de uma estrela pr\u00f3xima da Terra","datePublished":"2022-05-30T18:37:10+00:00","dateModified":"2022-05-30T18:37:14+00:00","mainEntityOfPage":{"@id":"https:\/\/jornalfatosenoticias.com.br\/index.php\/2022\/05\/30\/exoplaneta-e-encontrado-na-zona-habitavel-de-uma-estrela-proxima-da-terra\/"},"wordCount":366,"commentCount":0,"publisher":{"@id":"https:\/\/jornalfatosenoticias.com.br\/#organization"},"image":{"@id":"https:\/\/jornalfatosenoticias.com.br\/index.php\/2022\/05\/30\/exoplaneta-e-encontrado-na-zona-habitavel-de-uma-estrela-proxima-da-terra\/#primaryimage"},"thumbnailUrl":"https:\/\/jornalfatosenoticias.com.br\/wp-content\/uploads\/2022\/05\/planeta-ana-vermelha-1000x450-1.jpg","keywords":["an\u00e3 vermelha","exoplaneta","exoplanetas","SuperTerra"],"articleSection":["Ci\u00eancia"],"inLanguage":"pt-BR","potentialAction":[{"@type":"CommentAction","name":"Comment","target":["https:\/\/jornalfatosenoticias.com.br\/index.php\/2022\/05\/30\/exoplaneta-e-encontrado-na-zona-habitavel-de-uma-estrela-proxima-da-terra\/#respond"]}]},{"@type":"WebPage","@id":"https:\/\/jornalfatosenoticias.com.br\/index.php\/2022\/05\/30\/exoplaneta-e-encontrado-na-zona-habitavel-de-uma-estrela-proxima-da-terra\/","url":"https:\/\/jornalfatosenoticias.com.br\/index.php\/2022\/05\/30\/exoplaneta-e-encontrado-na-zona-habitavel-de-uma-estrela-proxima-da-terra\/","name":"Exoplaneta \u00e9 encontrado na zona habit\u00e1vel de uma estrela pr\u00f3xima da Terra - Jornal Fatos e Not\u00edcias","isPartOf":{"@id":"https:\/\/jornalfatosenoticias.com.br\/#website"},"primaryImageOfPage":{"@id":"https:\/\/jornalfatosenoticias.com.br\/index.php\/2022\/05\/30\/exoplaneta-e-encontrado-na-zona-habitavel-de-uma-estrela-proxima-da-terra\/#primaryimage"},"image":{"@id":"https:\/\/jornalfatosenoticias.com.br\/index.php\/2022\/05\/30\/exoplaneta-e-encontrado-na-zona-habitavel-de-uma-estrela-proxima-da-terra\/#primaryimage"},"thumbnailUrl":"https:\/\/jornalfatosenoticias.com.br\/wp-content\/uploads\/2022\/05\/planeta-ana-vermelha-1000x450-1.jpg","datePublished":"2022-05-30T18:37:10+00:00","dateModified":"2022-05-30T18:37:14+00:00","breadcrumb":{"@id":"https:\/\/jornalfatosenoticias.com.br\/index.php\/2022\/05\/30\/exoplaneta-e-encontrado-na-zona-habitavel-de-uma-estrela-proxima-da-terra\/#breadcrumb"},"inLanguage":"pt-BR","potentialAction":[{"@type":"ReadAction","target":["https:\/\/jornalfatosenoticias.com.br\/index.php\/2022\/05\/30\/exoplaneta-e-encontrado-na-zona-habitavel-de-uma-estrela-proxima-da-terra\/"]}]},{"@type":"ImageObject","inLanguage":"pt-BR","@id":"https:\/\/jornalfatosenoticias.com.br\/index.php\/2022\/05\/30\/exoplaneta-e-encontrado-na-zona-habitavel-de-uma-estrela-proxima-da-terra\/#primaryimage","url":"https:\/\/jornalfatosenoticias.com.br\/wp-content\/uploads\/2022\/05\/planeta-ana-vermelha-1000x450-1.jpg","contentUrl":"https:\/\/jornalfatosenoticias.com.br\/wp-content\/uploads\/2022\/05\/planeta-ana-vermelha-1000x450-1.jpg","width":1000,"height":450},{"@type":"BreadcrumbList","@id":"https:\/\/jornalfatosenoticias.com.br\/index.php\/2022\/05\/30\/exoplaneta-e-encontrado-na-zona-habitavel-de-uma-estrela-proxima-da-terra\/#breadcrumb","itemListElement":[{"@type":"ListItem","position":1,"name":"In\u00edcio","item":"https:\/\/jornalfatosenoticias.com.br\/"},{"@type":"ListItem","position":2,"name":"Exoplaneta \u00e9 encontrado na zona habit\u00e1vel de uma estrela pr\u00f3xima da Terra"}]},{"@type":"WebSite","@id":"https:\/\/jornalfatosenoticias.com.br\/#website","url":"https:\/\/jornalfatosenoticias.com.br\/","name":"Jornal Fatos e Not\u00edcias","description":"Not\u00edcias em geral","publisher":{"@id":"https:\/\/jornalfatosenoticias.com.br\/#organization"},"potentialAction":[{"@type":"SearchAction","target":{"@type":"EntryPoint","urlTemplate":"https:\/\/jornalfatosenoticias.com.br\/?s={search_term_string}"},"query-input":{"@type":"PropertyValueSpecification","valueRequired":true,"valueName":"search_term_string"}}],"inLanguage":"pt-BR"},{"@type":"Organization","@id":"https:\/\/jornalfatosenoticias.com.br\/#organization","name":"Jornal Fatos e Not\u00edcias","url":"https:\/\/jornalfatosenoticias.com.br\/","logo":{"@type":"ImageObject","inLanguage":"pt-BR","@id":"https:\/\/jornalfatosenoticias.com.br\/#\/schema\/logo\/image\/","url":"https:\/\/jornalfatosenoticias.com.br\/wp-content\/uploads\/2020\/02\/logo120.png","contentUrl":"https:\/\/jornalfatosenoticias.com.br\/wp-content\/uploads\/2020\/02\/logo120.png","width":1227,"height":120,"caption":"Jornal Fatos e Not\u00edcias"},"image":{"@id":"https:\/\/jornalfatosenoticias.com.br\/#\/schema\/logo\/image\/"}},{"@type":"Person","@id":"https:\/\/jornalfatosenoticias.com.br\/#\/schema\/person\/d63837fa13ac8666eb9e74e0985d6f81","name":"Luzimara Fernandes","image":{"@type":"ImageObject","inLanguage":"pt-BR","@id":"https:\/\/jornalfatosenoticias.com.br\/#\/schema\/person\/image\/","url":"https:\/\/jornalfatosenoticias.com.br\/wp-content\/uploads\/2025\/05\/EU_portal.jpg","contentUrl":"https:\/\/jornalfatosenoticias.com.br\/wp-content\/uploads\/2025\/05\/EU_portal.jpg","caption":"Luzimara Fernandes"},"description":"Jornalista MTB 2358-ES","sameAs":["https:\/\/jornalfatosenoticias.com.br"],"url":"https:\/\/jornalfatosenoticias.com.br\/index.php\/author\/luzimara\/"}]}},"cc_featured_image_caption":{"caption_text":"(Foto: Shutterstock)","source_text":"","source_url":""},"jetpack_featured_media_url":"https:\/\/jornalfatosenoticias.com.br\/wp-content\/uploads\/2022\/05\/planeta-ana-vermelha-1000x450-1.jpg","_links":{"self":[{"href":"https:\/\/jornalfatosenoticias.com.br\/index.php\/wp-json\/wp\/v2\/posts\/30908","targetHints":{"allow":["GET"]}}],"collection":[{"href":"https:\/\/jornalfatosenoticias.com.br\/index.php\/wp-json\/wp\/v2\/posts"}],"about":[{"href":"https:\/\/jornalfatosenoticias.com.br\/index.php\/wp-json\/wp\/v2\/types\/post"}],"author":[{"embeddable":true,"href":"https:\/\/jornalfatosenoticias.com.br\/index.php\/wp-json\/wp\/v2\/users\/2"}],"replies":[{"embeddable":true,"href":"https:\/\/jornalfatosenoticias.com.br\/index.php\/wp-json\/wp\/v2\/comments?post=30908"}],"version-history":[{"count":0,"href":"https:\/\/jornalfatosenoticias.com.br\/index.php\/wp-json\/wp\/v2\/posts\/30908\/revisions"}],"wp:featuredmedia":[{"embeddable":true,"href":"https:\/\/jornalfatosenoticias.com.br\/index.php\/wp-json\/wp\/v2\/media\/30910"}],"wp:attachment":[{"href":"https:\/\/jornalfatosenoticias.com.br\/index.php\/wp-json\/wp\/v2\/media?parent=30908"}],"wp:term":[{"taxonomy":"category","embeddable":true,"href":"https:\/\/jornalfatosenoticias.com.br\/index.php\/wp-json\/wp\/v2\/categories?post=30908"},{"taxonomy":"post_tag","embeddable":true,"href":"https:\/\/jornalfatosenoticias.com.br\/index.php\/wp-json\/wp\/v2\/tags?post=30908"}],"curies":[{"name":"wp","href":"https:\/\/api.w.org\/{rel}","templated":true}]}}