{"id":30922,"date":"2022-05-31T11:11:55","date_gmt":"2022-05-31T14:11:55","guid":{"rendered":"https:\/\/jornalfatosenoticias.com.br\/?p=30922"},"modified":"2022-05-31T11:11:59","modified_gmt":"2022-05-31T14:11:59","slug":"setor-publico-tem-superavit-primario-de-r-389-bilhoes-em-abril","status":"publish","type":"post","link":"https:\/\/jornalfatosenoticias.com.br\/index.php\/2022\/05\/31\/setor-publico-tem-superavit-primario-de-r-389-bilhoes-em-abril\/","title":{"rendered":"Setor p\u00fablico tem super\u00e1vit prim\u00e1rio de R$ 38,9 bilh\u00f5es em abril"},"content":{"rendered":"\n<p><em><span class=\"has-inline-color has-black-color\">O governo central apresentou super\u00e1vit R$ 29,638 bilh\u00f5es<\/span><\/em><\/p>\n\n\n\n<div class=\"wp-block-image\"><figure class=\"aligncenter size-large is-resized\"><img loading=\"lazy\" decoding=\"async\" src=\"https:\/\/jornalfatosenoticias.com.br\/wp-content\/uploads\/2020\/02\/Logo_Mizu.png\" alt=\"\" class=\"wp-image-1441\" width=\"395\" height=\"48\" srcset=\"https:\/\/jornalfatosenoticias.com.br\/wp-content\/uploads\/2020\/02\/Logo_Mizu.png 729w, https:\/\/jornalfatosenoticias.com.br\/wp-content\/uploads\/2020\/02\/Logo_Mizu-300x37.png 300w\" sizes=\"auto, (max-width: 395px) 100vw, 395px\" \/><\/figure><\/div>\n\n\n\n<p>O setor p\u00fablico consolidado registrou super\u00e1vit prim\u00e1rio de R$ 38,9 bilh\u00f5es em abril, informou hoje (31) o Banco Central. Nos \u00faltimos 12 meses, as contas p\u00fablicas apresentam resultado positivo de R$ 137,4 bilh\u00f5es, o equivalente a 1,52% do Produto Interno Bruto (PIB, soma dos bens e dos servi\u00e7os produzidos no pa\u00eds).<br>O setor p\u00fablico consolidado \u00e9 composto por governo central (Tesouro Nacional, Banco Central e Previd\u00eancia), estados, munic\u00edpios e empresas estatais (exceto Petrobras, Eletrobras e bancos p\u00fablicos). Desses, apenas as empresas estatais apresentaram d\u00e9ficit em abril, de R$ 1,040 bilh\u00e3o.<br>O governo central apresentou super\u00e1vit R$ 29,638 bilh\u00f5es em abril, enquanto o resultado dos governos regionais no m\u00eas foi positivo em R$ 10,278 bilh\u00f5es, segundo o relat\u00f3rio de estat\u00edsticas fiscais do BC. Nos quatro primeiros meses do ano, o super\u00e1vit prim\u00e1rio acumulado \u00e9 de R$ 148,493 bilh\u00f5es. No mesmo per\u00edodo de 2021, o super\u00e1vit se encontrava em R$ 75,841 bilh\u00f5es.<\/p>\n\n\n\n<div class=\"wp-block-image\"><figure class=\"aligncenter size-large is-resized\"><img loading=\"lazy\" decoding=\"async\" src=\"https:\/\/jornalfatosenoticias.com.br\/wp-content\/uploads\/2022\/02\/Arte-Autoescola-Galatas_endereco_portal-1024x103.png\" alt=\"\" class=\"wp-image-27869\" width=\"420\" height=\"42\" srcset=\"https:\/\/jornalfatosenoticias.com.br\/wp-content\/uploads\/2022\/02\/Arte-Autoescola-Galatas_endereco_portal-1024x103.png 1024w, https:\/\/jornalfatosenoticias.com.br\/wp-content\/uploads\/2022\/02\/Arte-Autoescola-Galatas_endereco_portal-300x30.png 300w, https:\/\/jornalfatosenoticias.com.br\/wp-content\/uploads\/2022\/02\/Arte-Autoescola-Galatas_endereco_portal-768x77.png 768w, https:\/\/jornalfatosenoticias.com.br\/wp-content\/uploads\/2022\/02\/Arte-Autoescola-Galatas_endereco_portal.png 1223w\" sizes=\"auto, (max-width: 420px) 100vw, 420px\" \/><\/figure><\/div>\n\n\n\n<p>O resultado prim\u00e1rio \u00e9 aquele que contabiliza receitas e gastos do setor p\u00fablico, excluindo o pagamento dos juros da d\u00edvida p\u00fablica. Caso os juros sejam inclu\u00eddos na conta, o chamado resultado nominal, em abril foi registrado um d\u00e9ficit de R$ 41,024 bilh\u00f5es.<br>A cifra \u00e9 resultado da diferen\u00e7a entre o super\u00e1vit prim\u00e1rio e o dinheiro gasto com o pagamento de juros pelo setor p\u00fablico em abril, que chegou a R$ 79,900 bilh\u00f5es. No acumulado dos \u00faltimos 12 meses encerrados em abril, o d\u00e9ficit nominal encontrava-se em R$ 352,042 bilh\u00f5es, ou o equivalente a 3,9% do PIB, uma alta de 0,75 ponto percentual em rela\u00e7\u00e3o ao registrado em mar\u00e7o.<\/p>\n\n\n\n<div class=\"wp-block-image\"><figure class=\"aligncenter size-large is-resized\"><img loading=\"lazy\" decoding=\"async\" src=\"https:\/\/jornalfatosenoticias.com.br\/wp-content\/uploads\/2022\/02\/Serra-Pack-459.png\" alt=\"\" class=\"wp-image-27471\" width=\"218\" height=\"87\"\/><\/figure><\/div>\n\n\n\n<div class=\"wp-block-image\"><figure class=\"alignright size-large is-resized\"><img loading=\"lazy\" decoding=\"async\" src=\"https:\/\/jornalfatosenoticias.com.br\/wp-content\/uploads\/2020\/02\/nova-logo-Marquetti.jpg\" alt=\"\" class=\"wp-image-22331\" width=\"306\" height=\"205\" srcset=\"https:\/\/jornalfatosenoticias.com.br\/wp-content\/uploads\/2020\/02\/nova-logo-Marquetti.jpg 643w, https:\/\/jornalfatosenoticias.com.br\/wp-content\/uploads\/2020\/02\/nova-logo-Marquetti-300x202.jpg 300w\" sizes=\"auto, (max-width: 306px) 100vw, 306px\" \/><\/figure><\/div>\n\n\n\n<p><strong><span class=\"has-inline-color has-vivid-red-color\">D\u00edvida p\u00fablica<br><\/span><\/strong>A d\u00edvida l\u00edquida do setor p\u00fablico atingiu 57,9% do PIB em abril (R$ 5,2 trilh\u00f5es). O resultado ficou 0,3 ponto percentual abaixo do registrado no m\u00eas anterior. Segundo o BC, houve ganhos com a desvaloriza\u00e7\u00e3o cambial e do crescimento do PIB nominal.<br>J\u00e1 a d\u00edvida bruta do governo geral (que inclui todos os d\u00e9bitos do governo federal, da Previd\u00eancia e governos estaduais e municipais) atingiu o patamar de 78,3% do PIB (R$ 7,1 trilh\u00f5es) em abril.<\/p>\n\n\n\n<p><strong><em>Fonte: <a href=\"https:\/\/agenciabrasil.ebc.com.br\/economia\/noticia\/2022-05\/setor-publico-tem-superavit-primario-de-r-389-bilhoes-em-abril\">Ag\u00eancia Brasil<\/a><\/em><\/strong><\/p>\n","protected":false},"excerpt":{"rendered":"<p>O governo central apresentou super\u00e1vit R$ 29,638 bilh\u00f5es O setor p\u00fablico consolidado registrou super\u00e1vit prim\u00e1rio de R$ 38,9 bilh\u00f5es em abril, informou hoje (31) o Banco Central. Nos \u00faltimos 12 meses, as contas p\u00fablicas apresentam resultado positivo de R$ 137,4 bilh\u00f5es, o equivalente a 1,52% do Produto Interno Bruto (PIB, soma dos bens e dos [&hellip;]<\/p>\n","protected":false},"author":2,"featured_media":30923,"comment_status":"open","ping_status":"open","sticky":false,"template":"","format":"standard","meta":{"footnotes":""},"categories":[9],"tags":[489,8163,14689,14448,14690,278,14691,6751],"class_list":["post-30922","post","type-post","status-publish","format-standard","has-post-thumbnail","hentry","category-economia","tag-banco-central","tag-contas-publicas","tag-deficit","tag-divida-publica","tag-estatais","tag-pib","tag-setor-publico","tag-superavit"],"yoast_head":"<!-- This site is optimized with the Yoast SEO plugin v26.5 - https:\/\/yoast.com\/wordpress\/plugins\/seo\/ -->\n<title>Setor p\u00fablico tem super\u00e1vit prim\u00e1rio de R$ 38,9 bilh\u00f5es em abril - Jornal Fatos e Not\u00edcias<\/title>\n<meta name=\"robots\" content=\"index, follow, max-snippet:-1, max-image-preview:large, max-video-preview:-1\" \/>\n<link rel=\"canonical\" href=\"https:\/\/jornalfatosenoticias.com.br\/index.php\/2022\/05\/31\/setor-publico-tem-superavit-primario-de-r-389-bilhoes-em-abril\/\" \/>\n<meta property=\"og:locale\" content=\"pt_BR\" \/>\n<meta property=\"og:type\" content=\"article\" \/>\n<meta property=\"og:title\" content=\"Setor p\u00fablico tem super\u00e1vit prim\u00e1rio de R$ 38,9 bilh\u00f5es em abril - Jornal Fatos e Not\u00edcias\" \/>\n<meta property=\"og:description\" content=\"O governo central apresentou super\u00e1vit R$ 29,638 bilh\u00f5es O setor p\u00fablico consolidado registrou super\u00e1vit prim\u00e1rio de R$ 38,9 bilh\u00f5es em abril, informou hoje (31) o Banco Central. Nos \u00faltimos 12 meses, as contas p\u00fablicas apresentam resultado positivo de R$ 137,4 bilh\u00f5es, o equivalente a 1,52% do Produto Interno Bruto (PIB, soma dos bens e dos [&hellip;]\" \/>\n<meta property=\"og:url\" content=\"https:\/\/jornalfatosenoticias.com.br\/index.php\/2022\/05\/31\/setor-publico-tem-superavit-primario-de-r-389-bilhoes-em-abril\/\" \/>\n<meta property=\"og:site_name\" content=\"Jornal Fatos e Not\u00edcias\" \/>\n<meta property=\"article:published_time\" content=\"2022-05-31T14:11:55+00:00\" \/>\n<meta property=\"article:modified_time\" content=\"2022-05-31T14:11:59+00:00\" \/>\n<meta property=\"og:image\" content=\"https:\/\/jornalfatosenoticias.com.br\/wp-content\/uploads\/2022\/05\/banco_central_mcajr_abr-1.jpg\" \/>\n\t<meta property=\"og:image:width\" content=\"1000\" \/>\n\t<meta property=\"og:image:height\" content=\"598\" \/>\n\t<meta property=\"og:image:type\" content=\"image\/jpeg\" \/>\n<meta name=\"author\" content=\"Luzimara Fernandes\" \/>\n<meta name=\"twitter:card\" content=\"summary_large_image\" \/>\n<meta name=\"twitter:label1\" content=\"Escrito por\" \/>\n\t<meta name=\"twitter:data1\" content=\"Luzimara Fernandes\" \/>\n\t<meta name=\"twitter:label2\" content=\"Est. tempo de leitura\" \/>\n\t<meta name=\"twitter:data2\" content=\"2 minutos\" \/>\n<script type=\"application\/ld+json\" class=\"yoast-schema-graph\">{\"@context\":\"https:\/\/schema.org\",\"@graph\":[{\"@type\":\"Article\",\"@id\":\"https:\/\/jornalfatosenoticias.com.br\/index.php\/2022\/05\/31\/setor-publico-tem-superavit-primario-de-r-389-bilhoes-em-abril\/#article\",\"isPartOf\":{\"@id\":\"https:\/\/jornalfatosenoticias.com.br\/index.php\/2022\/05\/31\/setor-publico-tem-superavit-primario-de-r-389-bilhoes-em-abril\/\"},\"author\":{\"name\":\"Luzimara Fernandes\",\"@id\":\"https:\/\/jornalfatosenoticias.com.br\/#\/schema\/person\/d63837fa13ac8666eb9e74e0985d6f81\"},\"headline\":\"Setor p\u00fablico tem super\u00e1vit prim\u00e1rio de R$ 38,9 bilh\u00f5es em abril\",\"datePublished\":\"2022-05-31T14:11:55+00:00\",\"dateModified\":\"2022-05-31T14:11:59+00:00\",\"mainEntityOfPage\":{\"@id\":\"https:\/\/jornalfatosenoticias.com.br\/index.php\/2022\/05\/31\/setor-publico-tem-superavit-primario-de-r-389-bilhoes-em-abril\/\"},\"wordCount\":391,\"commentCount\":0,\"publisher\":{\"@id\":\"https:\/\/jornalfatosenoticias.com.br\/#organization\"},\"image\":{\"@id\":\"https:\/\/jornalfatosenoticias.com.br\/index.php\/2022\/05\/31\/setor-publico-tem-superavit-primario-de-r-389-bilhoes-em-abril\/#primaryimage\"},\"thumbnailUrl\":\"https:\/\/jornalfatosenoticias.com.br\/wp-content\/uploads\/2022\/05\/banco_central_mcajr_abr-1.jpg\",\"keywords\":[\"Banco Central\",\"contas p\u00fablicas\",\"d\u00e9ficit\",\"d\u00edvida p\u00fablica\",\"estatais\",\"PIB\",\"setor p\u00fablico\",\"super\u00e1vit\"],\"articleSection\":[\"Economia\"],\"inLanguage\":\"pt-BR\",\"potentialAction\":[{\"@type\":\"CommentAction\",\"name\":\"Comment\",\"target\":[\"https:\/\/jornalfatosenoticias.com.br\/index.php\/2022\/05\/31\/setor-publico-tem-superavit-primario-de-r-389-bilhoes-em-abril\/#respond\"]}]},{\"@type\":\"WebPage\",\"@id\":\"https:\/\/jornalfatosenoticias.com.br\/index.php\/2022\/05\/31\/setor-publico-tem-superavit-primario-de-r-389-bilhoes-em-abril\/\",\"url\":\"https:\/\/jornalfatosenoticias.com.br\/index.php\/2022\/05\/31\/setor-publico-tem-superavit-primario-de-r-389-bilhoes-em-abril\/\",\"name\":\"Setor p\u00fablico tem super\u00e1vit prim\u00e1rio de R$ 38,9 bilh\u00f5es em abril - Jornal Fatos e Not\u00edcias\",\"isPartOf\":{\"@id\":\"https:\/\/jornalfatosenoticias.com.br\/#website\"},\"primaryImageOfPage\":{\"@id\":\"https:\/\/jornalfatosenoticias.com.br\/index.php\/2022\/05\/31\/setor-publico-tem-superavit-primario-de-r-389-bilhoes-em-abril\/#primaryimage\"},\"image\":{\"@id\":\"https:\/\/jornalfatosenoticias.com.br\/index.php\/2022\/05\/31\/setor-publico-tem-superavit-primario-de-r-389-bilhoes-em-abril\/#primaryimage\"},\"thumbnailUrl\":\"https:\/\/jornalfatosenoticias.com.br\/wp-content\/uploads\/2022\/05\/banco_central_mcajr_abr-1.jpg\",\"datePublished\":\"2022-05-31T14:11:55+00:00\",\"dateModified\":\"2022-05-31T14:11:59+00:00\",\"breadcrumb\":{\"@id\":\"https:\/\/jornalfatosenoticias.com.br\/index.php\/2022\/05\/31\/setor-publico-tem-superavit-primario-de-r-389-bilhoes-em-abril\/#breadcrumb\"},\"inLanguage\":\"pt-BR\",\"potentialAction\":[{\"@type\":\"ReadAction\",\"target\":[\"https:\/\/jornalfatosenoticias.com.br\/index.php\/2022\/05\/31\/setor-publico-tem-superavit-primario-de-r-389-bilhoes-em-abril\/\"]}]},{\"@type\":\"ImageObject\",\"inLanguage\":\"pt-BR\",\"@id\":\"https:\/\/jornalfatosenoticias.com.br\/index.php\/2022\/05\/31\/setor-publico-tem-superavit-primario-de-r-389-bilhoes-em-abril\/#primaryimage\",\"url\":\"https:\/\/jornalfatosenoticias.com.br\/wp-content\/uploads\/2022\/05\/banco_central_mcajr_abr-1.jpg\",\"contentUrl\":\"https:\/\/jornalfatosenoticias.com.br\/wp-content\/uploads\/2022\/05\/banco_central_mcajr_abr-1.jpg\",\"width\":1000,\"height\":598,\"caption\":\"Edif\u00edcio-Sede do Banco Central em Bras\u00edlia\"},{\"@type\":\"BreadcrumbList\",\"@id\":\"https:\/\/jornalfatosenoticias.com.br\/index.php\/2022\/05\/31\/setor-publico-tem-superavit-primario-de-r-389-bilhoes-em-abril\/#breadcrumb\",\"itemListElement\":[{\"@type\":\"ListItem\",\"position\":1,\"name\":\"In\u00edcio\",\"item\":\"https:\/\/jornalfatosenoticias.com.br\/\"},{\"@type\":\"ListItem\",\"position\":2,\"name\":\"Setor p\u00fablico tem super\u00e1vit prim\u00e1rio de R$ 38,9 bilh\u00f5es em abril\"}]},{\"@type\":\"WebSite\",\"@id\":\"https:\/\/jornalfatosenoticias.com.br\/#website\",\"url\":\"https:\/\/jornalfatosenoticias.com.br\/\",\"name\":\"Jornal Fatos e Not\u00edcias\",\"description\":\"Not\u00edcias em geral\",\"publisher\":{\"@id\":\"https:\/\/jornalfatosenoticias.com.br\/#organization\"},\"potentialAction\":[{\"@type\":\"SearchAction\",\"target\":{\"@type\":\"EntryPoint\",\"urlTemplate\":\"https:\/\/jornalfatosenoticias.com.br\/?s={search_term_string}\"},\"query-input\":{\"@type\":\"PropertyValueSpecification\",\"valueRequired\":true,\"valueName\":\"search_term_string\"}}],\"inLanguage\":\"pt-BR\"},{\"@type\":\"Organization\",\"@id\":\"https:\/\/jornalfatosenoticias.com.br\/#organization\",\"name\":\"Jornal Fatos e Not\u00edcias\",\"url\":\"https:\/\/jornalfatosenoticias.com.br\/\",\"logo\":{\"@type\":\"ImageObject\",\"inLanguage\":\"pt-BR\",\"@id\":\"https:\/\/jornalfatosenoticias.com.br\/#\/schema\/logo\/image\/\",\"url\":\"https:\/\/jornalfatosenoticias.com.br\/wp-content\/uploads\/2020\/02\/logo120.png\",\"contentUrl\":\"https:\/\/jornalfatosenoticias.com.br\/wp-content\/uploads\/2020\/02\/logo120.png\",\"width\":1227,\"height\":120,\"caption\":\"Jornal Fatos e Not\u00edcias\"},\"image\":{\"@id\":\"https:\/\/jornalfatosenoticias.com.br\/#\/schema\/logo\/image\/\"}},{\"@type\":\"Person\",\"@id\":\"https:\/\/jornalfatosenoticias.com.br\/#\/schema\/person\/d63837fa13ac8666eb9e74e0985d6f81\",\"name\":\"Luzimara Fernandes\",\"image\":{\"@type\":\"ImageObject\",\"inLanguage\":\"pt-BR\",\"@id\":\"https:\/\/jornalfatosenoticias.com.br\/#\/schema\/person\/image\/\",\"url\":\"https:\/\/jornalfatosenoticias.com.br\/wp-content\/uploads\/2025\/05\/EU_portal.jpg\",\"contentUrl\":\"https:\/\/jornalfatosenoticias.com.br\/wp-content\/uploads\/2025\/05\/EU_portal.jpg\",\"caption\":\"Luzimara Fernandes\"},\"description\":\"Jornalista MTB 2358-ES\",\"sameAs\":[\"https:\/\/jornalfatosenoticias.com.br\"],\"url\":\"https:\/\/jornalfatosenoticias.com.br\/index.php\/author\/luzimara\/\"}]}<\/script>\n<!-- \/ Yoast SEO plugin. -->","yoast_head_json":{"title":"Setor p\u00fablico tem super\u00e1vit prim\u00e1rio de R$ 38,9 bilh\u00f5es em abril - Jornal Fatos e Not\u00edcias","robots":{"index":"index","follow":"follow","max-snippet":"max-snippet:-1","max-image-preview":"max-image-preview:large","max-video-preview":"max-video-preview:-1"},"canonical":"https:\/\/jornalfatosenoticias.com.br\/index.php\/2022\/05\/31\/setor-publico-tem-superavit-primario-de-r-389-bilhoes-em-abril\/","og_locale":"pt_BR","og_type":"article","og_title":"Setor p\u00fablico tem super\u00e1vit prim\u00e1rio de R$ 38,9 bilh\u00f5es em abril - Jornal Fatos e Not\u00edcias","og_description":"O governo central apresentou super\u00e1vit R$ 29,638 bilh\u00f5es O setor p\u00fablico consolidado registrou super\u00e1vit prim\u00e1rio de R$ 38,9 bilh\u00f5es em abril, informou hoje (31) o Banco Central. Nos \u00faltimos 12 meses, as contas p\u00fablicas apresentam resultado positivo de R$ 137,4 bilh\u00f5es, o equivalente a 1,52% do Produto Interno Bruto (PIB, soma dos bens e dos [&hellip;]","og_url":"https:\/\/jornalfatosenoticias.com.br\/index.php\/2022\/05\/31\/setor-publico-tem-superavit-primario-de-r-389-bilhoes-em-abril\/","og_site_name":"Jornal Fatos e Not\u00edcias","article_published_time":"2022-05-31T14:11:55+00:00","article_modified_time":"2022-05-31T14:11:59+00:00","og_image":[{"width":1000,"height":598,"url":"https:\/\/jornalfatosenoticias.com.br\/wp-content\/uploads\/2022\/05\/banco_central_mcajr_abr-1.jpg","type":"image\/jpeg"}],"author":"Luzimara Fernandes","twitter_card":"summary_large_image","twitter_misc":{"Escrito por":"Luzimara Fernandes","Est. tempo de leitura":"2 minutos"},"schema":{"@context":"https:\/\/schema.org","@graph":[{"@type":"Article","@id":"https:\/\/jornalfatosenoticias.com.br\/index.php\/2022\/05\/31\/setor-publico-tem-superavit-primario-de-r-389-bilhoes-em-abril\/#article","isPartOf":{"@id":"https:\/\/jornalfatosenoticias.com.br\/index.php\/2022\/05\/31\/setor-publico-tem-superavit-primario-de-r-389-bilhoes-em-abril\/"},"author":{"name":"Luzimara Fernandes","@id":"https:\/\/jornalfatosenoticias.com.br\/#\/schema\/person\/d63837fa13ac8666eb9e74e0985d6f81"},"headline":"Setor p\u00fablico tem super\u00e1vit prim\u00e1rio de R$ 38,9 bilh\u00f5es em abril","datePublished":"2022-05-31T14:11:55+00:00","dateModified":"2022-05-31T14:11:59+00:00","mainEntityOfPage":{"@id":"https:\/\/jornalfatosenoticias.com.br\/index.php\/2022\/05\/31\/setor-publico-tem-superavit-primario-de-r-389-bilhoes-em-abril\/"},"wordCount":391,"commentCount":0,"publisher":{"@id":"https:\/\/jornalfatosenoticias.com.br\/#organization"},"image":{"@id":"https:\/\/jornalfatosenoticias.com.br\/index.php\/2022\/05\/31\/setor-publico-tem-superavit-primario-de-r-389-bilhoes-em-abril\/#primaryimage"},"thumbnailUrl":"https:\/\/jornalfatosenoticias.com.br\/wp-content\/uploads\/2022\/05\/banco_central_mcajr_abr-1.jpg","keywords":["Banco Central","contas p\u00fablicas","d\u00e9ficit","d\u00edvida p\u00fablica","estatais","PIB","setor p\u00fablico","super\u00e1vit"],"articleSection":["Economia"],"inLanguage":"pt-BR","potentialAction":[{"@type":"CommentAction","name":"Comment","target":["https:\/\/jornalfatosenoticias.com.br\/index.php\/2022\/05\/31\/setor-publico-tem-superavit-primario-de-r-389-bilhoes-em-abril\/#respond"]}]},{"@type":"WebPage","@id":"https:\/\/jornalfatosenoticias.com.br\/index.php\/2022\/05\/31\/setor-publico-tem-superavit-primario-de-r-389-bilhoes-em-abril\/","url":"https:\/\/jornalfatosenoticias.com.br\/index.php\/2022\/05\/31\/setor-publico-tem-superavit-primario-de-r-389-bilhoes-em-abril\/","name":"Setor p\u00fablico tem super\u00e1vit prim\u00e1rio de R$ 38,9 bilh\u00f5es em abril - Jornal Fatos e Not\u00edcias","isPartOf":{"@id":"https:\/\/jornalfatosenoticias.com.br\/#website"},"primaryImageOfPage":{"@id":"https:\/\/jornalfatosenoticias.com.br\/index.php\/2022\/05\/31\/setor-publico-tem-superavit-primario-de-r-389-bilhoes-em-abril\/#primaryimage"},"image":{"@id":"https:\/\/jornalfatosenoticias.com.br\/index.php\/2022\/05\/31\/setor-publico-tem-superavit-primario-de-r-389-bilhoes-em-abril\/#primaryimage"},"thumbnailUrl":"https:\/\/jornalfatosenoticias.com.br\/wp-content\/uploads\/2022\/05\/banco_central_mcajr_abr-1.jpg","datePublished":"2022-05-31T14:11:55+00:00","dateModified":"2022-05-31T14:11:59+00:00","breadcrumb":{"@id":"https:\/\/jornalfatosenoticias.com.br\/index.php\/2022\/05\/31\/setor-publico-tem-superavit-primario-de-r-389-bilhoes-em-abril\/#breadcrumb"},"inLanguage":"pt-BR","potentialAction":[{"@type":"ReadAction","target":["https:\/\/jornalfatosenoticias.com.br\/index.php\/2022\/05\/31\/setor-publico-tem-superavit-primario-de-r-389-bilhoes-em-abril\/"]}]},{"@type":"ImageObject","inLanguage":"pt-BR","@id":"https:\/\/jornalfatosenoticias.com.br\/index.php\/2022\/05\/31\/setor-publico-tem-superavit-primario-de-r-389-bilhoes-em-abril\/#primaryimage","url":"https:\/\/jornalfatosenoticias.com.br\/wp-content\/uploads\/2022\/05\/banco_central_mcajr_abr-1.jpg","contentUrl":"https:\/\/jornalfatosenoticias.com.br\/wp-content\/uploads\/2022\/05\/banco_central_mcajr_abr-1.jpg","width":1000,"height":598,"caption":"Edif\u00edcio-Sede do Banco Central em Bras\u00edlia"},{"@type":"BreadcrumbList","@id":"https:\/\/jornalfatosenoticias.com.br\/index.php\/2022\/05\/31\/setor-publico-tem-superavit-primario-de-r-389-bilhoes-em-abril\/#breadcrumb","itemListElement":[{"@type":"ListItem","position":1,"name":"In\u00edcio","item":"https:\/\/jornalfatosenoticias.com.br\/"},{"@type":"ListItem","position":2,"name":"Setor p\u00fablico tem super\u00e1vit prim\u00e1rio de R$ 38,9 bilh\u00f5es em abril"}]},{"@type":"WebSite","@id":"https:\/\/jornalfatosenoticias.com.br\/#website","url":"https:\/\/jornalfatosenoticias.com.br\/","name":"Jornal Fatos e Not\u00edcias","description":"Not\u00edcias em geral","publisher":{"@id":"https:\/\/jornalfatosenoticias.com.br\/#organization"},"potentialAction":[{"@type":"SearchAction","target":{"@type":"EntryPoint","urlTemplate":"https:\/\/jornalfatosenoticias.com.br\/?s={search_term_string}"},"query-input":{"@type":"PropertyValueSpecification","valueRequired":true,"valueName":"search_term_string"}}],"inLanguage":"pt-BR"},{"@type":"Organization","@id":"https:\/\/jornalfatosenoticias.com.br\/#organization","name":"Jornal Fatos e Not\u00edcias","url":"https:\/\/jornalfatosenoticias.com.br\/","logo":{"@type":"ImageObject","inLanguage":"pt-BR","@id":"https:\/\/jornalfatosenoticias.com.br\/#\/schema\/logo\/image\/","url":"https:\/\/jornalfatosenoticias.com.br\/wp-content\/uploads\/2020\/02\/logo120.png","contentUrl":"https:\/\/jornalfatosenoticias.com.br\/wp-content\/uploads\/2020\/02\/logo120.png","width":1227,"height":120,"caption":"Jornal Fatos e Not\u00edcias"},"image":{"@id":"https:\/\/jornalfatosenoticias.com.br\/#\/schema\/logo\/image\/"}},{"@type":"Person","@id":"https:\/\/jornalfatosenoticias.com.br\/#\/schema\/person\/d63837fa13ac8666eb9e74e0985d6f81","name":"Luzimara Fernandes","image":{"@type":"ImageObject","inLanguage":"pt-BR","@id":"https:\/\/jornalfatosenoticias.com.br\/#\/schema\/person\/image\/","url":"https:\/\/jornalfatosenoticias.com.br\/wp-content\/uploads\/2025\/05\/EU_portal.jpg","contentUrl":"https:\/\/jornalfatosenoticias.com.br\/wp-content\/uploads\/2025\/05\/EU_portal.jpg","caption":"Luzimara Fernandes"},"description":"Jornalista MTB 2358-ES","sameAs":["https:\/\/jornalfatosenoticias.com.br"],"url":"https:\/\/jornalfatosenoticias.com.br\/index.php\/author\/luzimara\/"}]}},"cc_featured_image_caption":{"caption_text":"(Foto: Marcello Casal Jr\/Ag\u00eancia Brasil) ","source_text":"","source_url":""},"jetpack_featured_media_url":"https:\/\/jornalfatosenoticias.com.br\/wp-content\/uploads\/2022\/05\/banco_central_mcajr_abr-1.jpg","_links":{"self":[{"href":"https:\/\/jornalfatosenoticias.com.br\/index.php\/wp-json\/wp\/v2\/posts\/30922","targetHints":{"allow":["GET"]}}],"collection":[{"href":"https:\/\/jornalfatosenoticias.com.br\/index.php\/wp-json\/wp\/v2\/posts"}],"about":[{"href":"https:\/\/jornalfatosenoticias.com.br\/index.php\/wp-json\/wp\/v2\/types\/post"}],"author":[{"embeddable":true,"href":"https:\/\/jornalfatosenoticias.com.br\/index.php\/wp-json\/wp\/v2\/users\/2"}],"replies":[{"embeddable":true,"href":"https:\/\/jornalfatosenoticias.com.br\/index.php\/wp-json\/wp\/v2\/comments?post=30922"}],"version-history":[{"count":0,"href":"https:\/\/jornalfatosenoticias.com.br\/index.php\/wp-json\/wp\/v2\/posts\/30922\/revisions"}],"wp:featuredmedia":[{"embeddable":true,"href":"https:\/\/jornalfatosenoticias.com.br\/index.php\/wp-json\/wp\/v2\/media\/30923"}],"wp:attachment":[{"href":"https:\/\/jornalfatosenoticias.com.br\/index.php\/wp-json\/wp\/v2\/media?parent=30922"}],"wp:term":[{"taxonomy":"category","embeddable":true,"href":"https:\/\/jornalfatosenoticias.com.br\/index.php\/wp-json\/wp\/v2\/categories?post=30922"},{"taxonomy":"post_tag","embeddable":true,"href":"https:\/\/jornalfatosenoticias.com.br\/index.php\/wp-json\/wp\/v2\/tags?post=30922"}],"curies":[{"name":"wp","href":"https:\/\/api.w.org\/{rel}","templated":true}]}}