{"id":30958,"date":"2022-05-31T14:04:11","date_gmt":"2022-05-31T17:04:11","guid":{"rendered":"https:\/\/jornalfatosenoticias.com.br\/?p=30958"},"modified":"2022-05-31T14:04:17","modified_gmt":"2022-05-31T17:04:17","slug":"o-complexo-de-adegas-abandonadas-no-sul-da-italia-que-e-patrimonio-rural-arquitetonico-e-arqueologico","status":"publish","type":"post","link":"https:\/\/jornalfatosenoticias.com.br\/index.php\/2022\/05\/31\/o-complexo-de-adegas-abandonadas-no-sul-da-italia-que-e-patrimonio-rural-arquitetonico-e-arqueologico\/","title":{"rendered":"O complexo de adegas abandonadas no sul da It\u00e1lia que \u00e9 patrim\u00f4nio rural, arquitet\u00f4nico e arqueol\u00f3gico"},"content":{"rendered":"\n<div class=\"wp-block-image\"><figure class=\"aligncenter size-large is-resized\"><img loading=\"lazy\" decoding=\"async\" src=\"https:\/\/jornalfatosenoticias.com.br\/wp-content\/uploads\/2020\/02\/banner_ferramentas-1024x100.jpg\" alt=\"\" class=\"wp-image-1258\" width=\"458\" height=\"44\" srcset=\"https:\/\/jornalfatosenoticias.com.br\/wp-content\/uploads\/2020\/02\/banner_ferramentas-1024x100.jpg 1024w, https:\/\/jornalfatosenoticias.com.br\/wp-content\/uploads\/2020\/02\/banner_ferramentas-300x29.jpg 300w, https:\/\/jornalfatosenoticias.com.br\/wp-content\/uploads\/2020\/02\/banner_ferramentas-768x75.jpg 768w, https:\/\/jornalfatosenoticias.com.br\/wp-content\/uploads\/2020\/02\/banner_ferramentas.jpg 1227w\" sizes=\"auto, (max-width: 458px) 100vw, 458px\" \/><\/figure><\/div>\n\n\n\n<p>Se voc\u00ea \u00e9 uma pessoa que gosta de ver artefatos in\u00e9ditos da vida humana ao redor do mundo, ent\u00e3o eu sugiro que voc\u00ea encontre o caminho para a cidade de Pietragalla, no sul da <strong><a href=\"https:\/\/www.hypeness.com.br\/2021\/12\/esses-piqueniques-noturnos-entre-vinhedos-italianos-parecem-saidos-de-um-sonho\/\" target=\"_blank\" rel=\"noreferrer noopener\">It\u00e1lia<\/a>.<\/strong> O Palmenti, um complexo de <strong><a href=\"https:\/\/www.hypeness.com.br\/2021\/10\/complexo-de-producao-de-vinhos-datado-de-15-mil-anos-e-descoberto-em-israel\/\" target=\"_blank\" rel=\"noreferrer noopener\">adegas de vinho<\/a>\u00a0<a href=\"https:\/\/www.hypeness.com.br\/2019\/03\/a-incrivel-e-insolita-serie-de-fotos-de-lugares-abandonados-na-italia\/\" target=\"_blank\" rel=\"noreferrer noopener\">abandonadas<\/a><\/strong>, comp\u00f5e o patrim\u00f4nio rural, arquitet\u00f4nico e arqueol\u00f3gico desta regi\u00e3o no pa\u00eds mediterr\u00e2neo.<br>Quando consideramos os lugares hist\u00f3ricos ou tombados para visitar, em geral o roteiro inclui castelos, torres, catedrais, far\u00f3is \u2014 e at\u00e9 coliseus, por que n\u00e3o? Mas raramente pensamos nas constru\u00e7\u00f5es das pessoas comuns. Talvez porque n\u00e3o foram constru\u00eddos com a mesma solidez dos castelos ou igrejas, para durar pela eternidade, talvez por n\u00e3o sabermos suas reais hist\u00f3rias.<\/p>\n\n\n\n<div class=\"wp-block-image\"><figure class=\"aligncenter size-large is-resized\"><img loading=\"lazy\" decoding=\"async\" src=\"https:\/\/jornalfatosenoticias.com.br\/wp-content\/uploads\/2022\/02\/Serra-Pack-459.png\" alt=\"\" class=\"wp-image-27471\" width=\"248\" height=\"99\"\/><\/figure><\/div>\n\n\n\n<figure class=\"wp-block-image size-large\"><img loading=\"lazy\" decoding=\"async\" width=\"1000\" height=\"695\" src=\"https:\/\/jornalfatosenoticias.com.br\/wp-content\/uploads\/2022\/05\/complexo-de-adegas2-gettyimages.jpg\" alt=\"\" class=\"wp-image-30959\" srcset=\"https:\/\/jornalfatosenoticias.com.br\/wp-content\/uploads\/2022\/05\/complexo-de-adegas2-gettyimages.jpg 1000w, https:\/\/jornalfatosenoticias.com.br\/wp-content\/uploads\/2022\/05\/complexo-de-adegas2-gettyimages-300x209.jpg 300w, https:\/\/jornalfatosenoticias.com.br\/wp-content\/uploads\/2022\/05\/complexo-de-adegas2-gettyimages-768x534.jpg 768w\" sizes=\"auto, (max-width: 1000px) 100vw, 1000px\" \/><figcaption><em><span class=\"has-inline-color has-black-color\">O complexo de adegas abandonadas no sul da It\u00e1lia que \u00e9 patrim\u00f4nio rural, arquitet\u00f4nico e arqueol\u00f3gico (Foto: Getty Images)<\/span><\/em><\/figcaption><\/figure>\n\n\n\n<div class=\"wp-block-image\"><figure class=\"alignright size-large\"><img decoding=\"async\" src=\"https:\/\/jornalfatosenoticias.com.br\/wp-content\/uploads\/2020\/02\/logo_esteio.jpg\" alt=\"\" class=\"wp-image-1214\"\/><\/figure><\/div>\n\n\n\n<p>Mas estes Palmenti s\u00e3o extraordin\u00e1rios em sua arte de sobreviver ao tempo, ainda que n\u00e3o sejam lugares feitos para reis, condes ou papas. Essas cavidades de vinifica\u00e7\u00e3o constru\u00eddas para produzir vinho s\u00e3o um caso maravilhoso de beleza da arquitetura mais \u201crural\u201d. Um tipo necess\u00e1rio de design muito humano, muito palp\u00e1vel.<br>O que se sabe sobre sua instala\u00e7\u00e3o na pequena cidade de Pietragalla \u00e9 que foram importados pelos franceses entre meados do s\u00e9culo XVI e final do s\u00e9culo XVIII. E se voc\u00ea olhar para dentro, ver\u00e1 que dentro das cavidades h\u00e1 espa\u00e7o para esmagar e fermentar as uvas para se se tornem vinho.<\/p>\n\n\n\n<div class=\"wp-block-image\"><figure class=\"aligncenter size-large is-resized\"><img loading=\"lazy\" decoding=\"async\" src=\"https:\/\/jornalfatosenoticias.com.br\/wp-content\/uploads\/2020\/02\/Logo_Mizu.png\" alt=\"\" class=\"wp-image-1441\" width=\"419\" height=\"51\" srcset=\"https:\/\/jornalfatosenoticias.com.br\/wp-content\/uploads\/2020\/02\/Logo_Mizu.png 729w, https:\/\/jornalfatosenoticias.com.br\/wp-content\/uploads\/2020\/02\/Logo_Mizu-300x37.png 300w\" sizes=\"auto, (max-width: 419px) 100vw, 419px\" \/><\/figure><\/div>\n\n\n\n<figure class=\"wp-block-embed-twitter wp-block-embed is-type-rich is-provider-twitter\"><div class=\"wp-block-embed__wrapper\">\nhttps:\/\/twitter.com\/svtcivni\/status\/1386749879507210241?ref_src=twsrc%5Etfw%7Ctwcamp%5Etweetembed%7Ctwterm%5E1386749879507210241%7Ctwgr%5E%7Ctwcon%5Es1_&#038;ref_url=https%3A%2F%2Fwww.hypeness.com.br%2F2022%2F05%2Fo-complexo-de-adegas-abandonadas-no-sul-da-italia-que-e-patrimonio-rural-arquitetonico-e-arqueologico%2F\n<\/div><\/figure>\n\n\n\n<div class=\"wp-block-image\"><figure class=\"alignleft size-large is-resized\"><img loading=\"lazy\" decoding=\"async\" src=\"https:\/\/jornalfatosenoticias.com.br\/wp-content\/uploads\/2020\/02\/nova-logo-Marquetti.jpg\" alt=\"\" class=\"wp-image-22331\" width=\"246\" height=\"165\" srcset=\"https:\/\/jornalfatosenoticias.com.br\/wp-content\/uploads\/2020\/02\/nova-logo-Marquetti.jpg 643w, https:\/\/jornalfatosenoticias.com.br\/wp-content\/uploads\/2020\/02\/nova-logo-Marquetti-300x202.jpg 300w\" sizes=\"auto, (max-width: 246px) 100vw, 246px\" \/><\/figure><\/div>\n\n\n\n<p>A utilidade encontra a apar\u00eancia neste caso. Seu anonimato, sobre quando exatamente foram constru\u00eddos ou por quem aumenta seu charme, como partes das engrenagens invis\u00edveis da hist\u00f3ria, como as pessoas agora sem nome que trabalharam ali.<br>O fato deste pequeno e antigo campo de fermenta\u00e7\u00e3o de vinho no sul da It\u00e1lia, aparentemente sem import\u00e2ncia, \u00e9 patrim\u00f4nio arqueol\u00f3gico. Isso j\u00e1 de cara o torna importante. A maioria das pessoas historicamente n\u00e3o vivia em castelos ou pregava em igrejas. As pessoas no interior trabalhavam para fabricar vinho, ou cultivar alimentos, ou fiar em moinhos ou qualquer outro tipo de trabalho.<\/p>\n\n\n\n<figure class=\"wp-block-embed-twitter wp-block-embed is-type-rich is-provider-twitter\"><div class=\"wp-block-embed__wrapper\">\n<div class=\"embed-twitter\"><blockquote class=\"twitter-tweet\" data-width=\"550\" data-dnt=\"true\"><p lang=\"it\" dir=\"ltr\">Il <a href=\"https:\/\/twitter.com\/hashtag\/palmento?src=hash&amp;ref_src=twsrc%5Etfw\">#palmento<\/a> era il luogo in cui avveniva la pigiatura dell&#39;uva<br><br>&#39;Parco dei Palmenti&#39; <a href=\"https:\/\/twitter.com\/hashtag\/Pietragalla?src=hash&amp;ref_src=twsrc%5Etfw\">#Pietragalla<\/a> <a href=\"http:\/\/t.co\/oDQh1kI3rP\">pic.twitter.com\/oDQh1kI3rP<\/a><\/p>&mdash; Enza Altieri (@EnzaAltieri) <a href=\"https:\/\/twitter.com\/EnzaAltieri\/status\/495998232611536896?ref_src=twsrc%5Etfw\">August 3, 2014<\/a><\/blockquote><script async src=\"https:\/\/platform.twitter.com\/widgets.js\" charset=\"utf-8\"><\/script><\/div>\n<\/div><\/figure>\n\n\n\n<div class=\"wp-block-image\"><figure class=\"aligncenter size-large is-resized\"><img loading=\"lazy\" decoding=\"async\" src=\"https:\/\/jornalfatosenoticias.com.br\/wp-content\/uploads\/2022\/03\/logo-Suinco-1024x390.jpg\" alt=\"\" class=\"wp-image-28785\" width=\"227\" height=\"86\"\/><\/figure><\/div>\n\n\n\n<p>Quando encontramos um exemplo de hist\u00f3ria bem preservada, da vida das pessoas comuns, \u00e9 importante ver a beleza de suas estruturas mais simples, que foram t\u00e3o importantes para suas vidas, quanto as igrejas, os castelos e as torres foram para a vida de seu pa\u00eds.<\/p>\n\n\n\n<p><strong><em>Fonte: <a href=\"https:\/\/www.hypeness.com.br\/2022\/05\/o-complexo-de-adegas-abandonadas-no-sul-da-italia-que-e-patrimonio-rural-arquitetonico-e-arqueologico\/\">Hypeness<\/a><\/em><\/strong><\/p>\n","protected":false},"excerpt":{"rendered":"<p>Se voc\u00ea \u00e9 uma pessoa que gosta de ver artefatos in\u00e9ditos da vida humana ao redor do mundo, ent\u00e3o eu sugiro que voc\u00ea encontre o caminho para a cidade de Pietragalla, no sul da It\u00e1lia. O Palmenti, um complexo de adegas de vinho\u00a0abandonadas, comp\u00f5e o patrim\u00f4nio rural, arquitet\u00f4nico e arqueol\u00f3gico desta regi\u00e3o no pa\u00eds mediterr\u00e2neo.Quando [&hellip;]<\/p>\n","protected":false},"author":2,"featured_media":30960,"comment_status":"open","ping_status":"open","sticky":false,"template":"","format":"standard","meta":{"footnotes":""},"categories":[744,9808,746],"tags":[14706,2185,249,124,14707,3929],"class_list":["post-30958","post","type-post","status-publish","format-standard","has-post-thumbnail","hentry","category-arq-urbanismo","category-paleo-arqueologia","category-turismo","tag-adega","tag-arquitetura","tag-historia","tag-italia","tag-patrimonio-da-humanidade","tag-vinho"],"yoast_head":"<!-- This site is optimized with the Yoast SEO plugin v26.5 - https:\/\/yoast.com\/wordpress\/plugins\/seo\/ -->\n<title>O complexo de adegas abandonadas no sul da It\u00e1lia que \u00e9 patrim\u00f4nio rural, arquitet\u00f4nico e arqueol\u00f3gico - Jornal Fatos e Not\u00edcias<\/title>\n<meta name=\"robots\" content=\"index, follow, max-snippet:-1, max-image-preview:large, max-video-preview:-1\" \/>\n<link rel=\"canonical\" href=\"https:\/\/jornalfatosenoticias.com.br\/index.php\/2022\/05\/31\/o-complexo-de-adegas-abandonadas-no-sul-da-italia-que-e-patrimonio-rural-arquitetonico-e-arqueologico\/\" \/>\n<meta property=\"og:locale\" content=\"pt_BR\" \/>\n<meta property=\"og:type\" content=\"article\" \/>\n<meta property=\"og:title\" content=\"O complexo de adegas abandonadas no sul da It\u00e1lia que \u00e9 patrim\u00f4nio rural, arquitet\u00f4nico e arqueol\u00f3gico - Jornal Fatos e Not\u00edcias\" \/>\n<meta property=\"og:description\" content=\"Se voc\u00ea \u00e9 uma pessoa que gosta de ver artefatos in\u00e9ditos da vida humana ao redor do mundo, ent\u00e3o eu sugiro que voc\u00ea encontre o caminho para a cidade de Pietragalla, no sul da It\u00e1lia. O Palmenti, um complexo de adegas de vinho\u00a0abandonadas, comp\u00f5e o patrim\u00f4nio rural, arquitet\u00f4nico e arqueol\u00f3gico desta regi\u00e3o no pa\u00eds mediterr\u00e2neo.Quando [&hellip;]\" \/>\n<meta property=\"og:url\" content=\"https:\/\/jornalfatosenoticias.com.br\/index.php\/2022\/05\/31\/o-complexo-de-adegas-abandonadas-no-sul-da-italia-que-e-patrimonio-rural-arquitetonico-e-arqueologico\/\" \/>\n<meta property=\"og:site_name\" content=\"Jornal Fatos e Not\u00edcias\" \/>\n<meta property=\"article:published_time\" content=\"2022-05-31T17:04:11+00:00\" \/>\n<meta property=\"article:modified_time\" content=\"2022-05-31T17:04:17+00:00\" \/>\n<meta property=\"og:image\" content=\"https:\/\/jornalfatosenoticias.com.br\/wp-content\/uploads\/2022\/05\/complexo-de-adegas-gettyimages.jpg\" \/>\n\t<meta property=\"og:image:width\" content=\"1000\" \/>\n\t<meta property=\"og:image:height\" content=\"664\" \/>\n\t<meta property=\"og:image:type\" content=\"image\/jpeg\" \/>\n<meta name=\"author\" content=\"Luzimara Fernandes\" \/>\n<meta name=\"twitter:card\" content=\"summary_large_image\" \/>\n<meta name=\"twitter:label1\" content=\"Escrito por\" \/>\n\t<meta name=\"twitter:data1\" content=\"Luzimara Fernandes\" \/>\n\t<meta name=\"twitter:label2\" content=\"Est. tempo de leitura\" \/>\n\t<meta name=\"twitter:data2\" content=\"2 minutos\" \/>\n<script type=\"application\/ld+json\" class=\"yoast-schema-graph\">{\"@context\":\"https:\/\/schema.org\",\"@graph\":[{\"@type\":\"Article\",\"@id\":\"https:\/\/jornalfatosenoticias.com.br\/index.php\/2022\/05\/31\/o-complexo-de-adegas-abandonadas-no-sul-da-italia-que-e-patrimonio-rural-arquitetonico-e-arqueologico\/#article\",\"isPartOf\":{\"@id\":\"https:\/\/jornalfatosenoticias.com.br\/index.php\/2022\/05\/31\/o-complexo-de-adegas-abandonadas-no-sul-da-italia-que-e-patrimonio-rural-arquitetonico-e-arqueologico\/\"},\"author\":{\"name\":\"Luzimara Fernandes\",\"@id\":\"https:\/\/jornalfatosenoticias.com.br\/#\/schema\/person\/d63837fa13ac8666eb9e74e0985d6f81\"},\"headline\":\"O complexo de adegas abandonadas no sul da It\u00e1lia que \u00e9 patrim\u00f4nio rural, arquitet\u00f4nico e arqueol\u00f3gico\",\"datePublished\":\"2022-05-31T17:04:11+00:00\",\"dateModified\":\"2022-05-31T17:04:17+00:00\",\"mainEntityOfPage\":{\"@id\":\"https:\/\/jornalfatosenoticias.com.br\/index.php\/2022\/05\/31\/o-complexo-de-adegas-abandonadas-no-sul-da-italia-que-e-patrimonio-rural-arquitetonico-e-arqueologico\/\"},\"wordCount\":501,\"commentCount\":0,\"publisher\":{\"@id\":\"https:\/\/jornalfatosenoticias.com.br\/#organization\"},\"image\":{\"@id\":\"https:\/\/jornalfatosenoticias.com.br\/index.php\/2022\/05\/31\/o-complexo-de-adegas-abandonadas-no-sul-da-italia-que-e-patrimonio-rural-arquitetonico-e-arqueologico\/#primaryimage\"},\"thumbnailUrl\":\"https:\/\/jornalfatosenoticias.com.br\/wp-content\/uploads\/2022\/05\/complexo-de-adegas-gettyimages.jpg\",\"keywords\":[\"adega\",\"arquitetura\",\"hist\u00f3ria\",\"It\u00e1lia\",\"patrim\u00f4nio da humanidade\",\"vinho\"],\"articleSection\":[\"Arq &amp; Urb\",\"Paleo &amp; Arqueologia\",\"Turismo\"],\"inLanguage\":\"pt-BR\",\"potentialAction\":[{\"@type\":\"CommentAction\",\"name\":\"Comment\",\"target\":[\"https:\/\/jornalfatosenoticias.com.br\/index.php\/2022\/05\/31\/o-complexo-de-adegas-abandonadas-no-sul-da-italia-que-e-patrimonio-rural-arquitetonico-e-arqueologico\/#respond\"]}]},{\"@type\":\"WebPage\",\"@id\":\"https:\/\/jornalfatosenoticias.com.br\/index.php\/2022\/05\/31\/o-complexo-de-adegas-abandonadas-no-sul-da-italia-que-e-patrimonio-rural-arquitetonico-e-arqueologico\/\",\"url\":\"https:\/\/jornalfatosenoticias.com.br\/index.php\/2022\/05\/31\/o-complexo-de-adegas-abandonadas-no-sul-da-italia-que-e-patrimonio-rural-arquitetonico-e-arqueologico\/\",\"name\":\"O complexo de adegas abandonadas no sul da It\u00e1lia que \u00e9 patrim\u00f4nio rural, arquitet\u00f4nico e arqueol\u00f3gico - Jornal Fatos e Not\u00edcias\",\"isPartOf\":{\"@id\":\"https:\/\/jornalfatosenoticias.com.br\/#website\"},\"primaryImageOfPage\":{\"@id\":\"https:\/\/jornalfatosenoticias.com.br\/index.php\/2022\/05\/31\/o-complexo-de-adegas-abandonadas-no-sul-da-italia-que-e-patrimonio-rural-arquitetonico-e-arqueologico\/#primaryimage\"},\"image\":{\"@id\":\"https:\/\/jornalfatosenoticias.com.br\/index.php\/2022\/05\/31\/o-complexo-de-adegas-abandonadas-no-sul-da-italia-que-e-patrimonio-rural-arquitetonico-e-arqueologico\/#primaryimage\"},\"thumbnailUrl\":\"https:\/\/jornalfatosenoticias.com.br\/wp-content\/uploads\/2022\/05\/complexo-de-adegas-gettyimages.jpg\",\"datePublished\":\"2022-05-31T17:04:11+00:00\",\"dateModified\":\"2022-05-31T17:04:17+00:00\",\"breadcrumb\":{\"@id\":\"https:\/\/jornalfatosenoticias.com.br\/index.php\/2022\/05\/31\/o-complexo-de-adegas-abandonadas-no-sul-da-italia-que-e-patrimonio-rural-arquitetonico-e-arqueologico\/#breadcrumb\"},\"inLanguage\":\"pt-BR\",\"potentialAction\":[{\"@type\":\"ReadAction\",\"target\":[\"https:\/\/jornalfatosenoticias.com.br\/index.php\/2022\/05\/31\/o-complexo-de-adegas-abandonadas-no-sul-da-italia-que-e-patrimonio-rural-arquitetonico-e-arqueologico\/\"]}]},{\"@type\":\"ImageObject\",\"inLanguage\":\"pt-BR\",\"@id\":\"https:\/\/jornalfatosenoticias.com.br\/index.php\/2022\/05\/31\/o-complexo-de-adegas-abandonadas-no-sul-da-italia-que-e-patrimonio-rural-arquitetonico-e-arqueologico\/#primaryimage\",\"url\":\"https:\/\/jornalfatosenoticias.com.br\/wp-content\/uploads\/2022\/05\/complexo-de-adegas-gettyimages.jpg\",\"contentUrl\":\"https:\/\/jornalfatosenoticias.com.br\/wp-content\/uploads\/2022\/05\/complexo-de-adegas-gettyimages.jpg\",\"width\":1000,\"height\":664,\"caption\":\"City of the Palmenti. Pietragalla. Basilicata. Italy.\"},{\"@type\":\"BreadcrumbList\",\"@id\":\"https:\/\/jornalfatosenoticias.com.br\/index.php\/2022\/05\/31\/o-complexo-de-adegas-abandonadas-no-sul-da-italia-que-e-patrimonio-rural-arquitetonico-e-arqueologico\/#breadcrumb\",\"itemListElement\":[{\"@type\":\"ListItem\",\"position\":1,\"name\":\"In\u00edcio\",\"item\":\"https:\/\/jornalfatosenoticias.com.br\/\"},{\"@type\":\"ListItem\",\"position\":2,\"name\":\"O complexo de adegas abandonadas no sul da It\u00e1lia que \u00e9 patrim\u00f4nio rural, arquitet\u00f4nico e arqueol\u00f3gico\"}]},{\"@type\":\"WebSite\",\"@id\":\"https:\/\/jornalfatosenoticias.com.br\/#website\",\"url\":\"https:\/\/jornalfatosenoticias.com.br\/\",\"name\":\"Jornal Fatos e Not\u00edcias\",\"description\":\"Not\u00edcias em geral\",\"publisher\":{\"@id\":\"https:\/\/jornalfatosenoticias.com.br\/#organization\"},\"potentialAction\":[{\"@type\":\"SearchAction\",\"target\":{\"@type\":\"EntryPoint\",\"urlTemplate\":\"https:\/\/jornalfatosenoticias.com.br\/?s={search_term_string}\"},\"query-input\":{\"@type\":\"PropertyValueSpecification\",\"valueRequired\":true,\"valueName\":\"search_term_string\"}}],\"inLanguage\":\"pt-BR\"},{\"@type\":\"Organization\",\"@id\":\"https:\/\/jornalfatosenoticias.com.br\/#organization\",\"name\":\"Jornal Fatos e Not\u00edcias\",\"url\":\"https:\/\/jornalfatosenoticias.com.br\/\",\"logo\":{\"@type\":\"ImageObject\",\"inLanguage\":\"pt-BR\",\"@id\":\"https:\/\/jornalfatosenoticias.com.br\/#\/schema\/logo\/image\/\",\"url\":\"https:\/\/jornalfatosenoticias.com.br\/wp-content\/uploads\/2020\/02\/logo120.png\",\"contentUrl\":\"https:\/\/jornalfatosenoticias.com.br\/wp-content\/uploads\/2020\/02\/logo120.png\",\"width\":1227,\"height\":120,\"caption\":\"Jornal Fatos e Not\u00edcias\"},\"image\":{\"@id\":\"https:\/\/jornalfatosenoticias.com.br\/#\/schema\/logo\/image\/\"}},{\"@type\":\"Person\",\"@id\":\"https:\/\/jornalfatosenoticias.com.br\/#\/schema\/person\/d63837fa13ac8666eb9e74e0985d6f81\",\"name\":\"Luzimara Fernandes\",\"image\":{\"@type\":\"ImageObject\",\"inLanguage\":\"pt-BR\",\"@id\":\"https:\/\/jornalfatosenoticias.com.br\/#\/schema\/person\/image\/\",\"url\":\"https:\/\/jornalfatosenoticias.com.br\/wp-content\/uploads\/2025\/05\/EU_portal.jpg\",\"contentUrl\":\"https:\/\/jornalfatosenoticias.com.br\/wp-content\/uploads\/2025\/05\/EU_portal.jpg\",\"caption\":\"Luzimara Fernandes\"},\"description\":\"Jornalista MTB 2358-ES\",\"sameAs\":[\"https:\/\/jornalfatosenoticias.com.br\"],\"url\":\"https:\/\/jornalfatosenoticias.com.br\/index.php\/author\/luzimara\/\"}]}<\/script>\n<!-- \/ Yoast SEO plugin. -->","yoast_head_json":{"title":"O complexo de adegas abandonadas no sul da It\u00e1lia que \u00e9 patrim\u00f4nio rural, arquitet\u00f4nico e arqueol\u00f3gico - Jornal Fatos e Not\u00edcias","robots":{"index":"index","follow":"follow","max-snippet":"max-snippet:-1","max-image-preview":"max-image-preview:large","max-video-preview":"max-video-preview:-1"},"canonical":"https:\/\/jornalfatosenoticias.com.br\/index.php\/2022\/05\/31\/o-complexo-de-adegas-abandonadas-no-sul-da-italia-que-e-patrimonio-rural-arquitetonico-e-arqueologico\/","og_locale":"pt_BR","og_type":"article","og_title":"O complexo de adegas abandonadas no sul da It\u00e1lia que \u00e9 patrim\u00f4nio rural, arquitet\u00f4nico e arqueol\u00f3gico - Jornal Fatos e Not\u00edcias","og_description":"Se voc\u00ea \u00e9 uma pessoa que gosta de ver artefatos in\u00e9ditos da vida humana ao redor do mundo, ent\u00e3o eu sugiro que voc\u00ea encontre o caminho para a cidade de Pietragalla, no sul da It\u00e1lia. O Palmenti, um complexo de adegas de vinho\u00a0abandonadas, comp\u00f5e o patrim\u00f4nio rural, arquitet\u00f4nico e arqueol\u00f3gico desta regi\u00e3o no pa\u00eds mediterr\u00e2neo.Quando [&hellip;]","og_url":"https:\/\/jornalfatosenoticias.com.br\/index.php\/2022\/05\/31\/o-complexo-de-adegas-abandonadas-no-sul-da-italia-que-e-patrimonio-rural-arquitetonico-e-arqueologico\/","og_site_name":"Jornal Fatos e Not\u00edcias","article_published_time":"2022-05-31T17:04:11+00:00","article_modified_time":"2022-05-31T17:04:17+00:00","og_image":[{"width":1000,"height":664,"url":"https:\/\/jornalfatosenoticias.com.br\/wp-content\/uploads\/2022\/05\/complexo-de-adegas-gettyimages.jpg","type":"image\/jpeg"}],"author":"Luzimara Fernandes","twitter_card":"summary_large_image","twitter_misc":{"Escrito por":"Luzimara Fernandes","Est. tempo de leitura":"2 minutos"},"schema":{"@context":"https:\/\/schema.org","@graph":[{"@type":"Article","@id":"https:\/\/jornalfatosenoticias.com.br\/index.php\/2022\/05\/31\/o-complexo-de-adegas-abandonadas-no-sul-da-italia-que-e-patrimonio-rural-arquitetonico-e-arqueologico\/#article","isPartOf":{"@id":"https:\/\/jornalfatosenoticias.com.br\/index.php\/2022\/05\/31\/o-complexo-de-adegas-abandonadas-no-sul-da-italia-que-e-patrimonio-rural-arquitetonico-e-arqueologico\/"},"author":{"name":"Luzimara Fernandes","@id":"https:\/\/jornalfatosenoticias.com.br\/#\/schema\/person\/d63837fa13ac8666eb9e74e0985d6f81"},"headline":"O complexo de adegas abandonadas no sul da It\u00e1lia que \u00e9 patrim\u00f4nio rural, arquitet\u00f4nico e arqueol\u00f3gico","datePublished":"2022-05-31T17:04:11+00:00","dateModified":"2022-05-31T17:04:17+00:00","mainEntityOfPage":{"@id":"https:\/\/jornalfatosenoticias.com.br\/index.php\/2022\/05\/31\/o-complexo-de-adegas-abandonadas-no-sul-da-italia-que-e-patrimonio-rural-arquitetonico-e-arqueologico\/"},"wordCount":501,"commentCount":0,"publisher":{"@id":"https:\/\/jornalfatosenoticias.com.br\/#organization"},"image":{"@id":"https:\/\/jornalfatosenoticias.com.br\/index.php\/2022\/05\/31\/o-complexo-de-adegas-abandonadas-no-sul-da-italia-que-e-patrimonio-rural-arquitetonico-e-arqueologico\/#primaryimage"},"thumbnailUrl":"https:\/\/jornalfatosenoticias.com.br\/wp-content\/uploads\/2022\/05\/complexo-de-adegas-gettyimages.jpg","keywords":["adega","arquitetura","hist\u00f3ria","It\u00e1lia","patrim\u00f4nio da humanidade","vinho"],"articleSection":["Arq &amp; Urb","Paleo &amp; Arqueologia","Turismo"],"inLanguage":"pt-BR","potentialAction":[{"@type":"CommentAction","name":"Comment","target":["https:\/\/jornalfatosenoticias.com.br\/index.php\/2022\/05\/31\/o-complexo-de-adegas-abandonadas-no-sul-da-italia-que-e-patrimonio-rural-arquitetonico-e-arqueologico\/#respond"]}]},{"@type":"WebPage","@id":"https:\/\/jornalfatosenoticias.com.br\/index.php\/2022\/05\/31\/o-complexo-de-adegas-abandonadas-no-sul-da-italia-que-e-patrimonio-rural-arquitetonico-e-arqueologico\/","url":"https:\/\/jornalfatosenoticias.com.br\/index.php\/2022\/05\/31\/o-complexo-de-adegas-abandonadas-no-sul-da-italia-que-e-patrimonio-rural-arquitetonico-e-arqueologico\/","name":"O complexo de adegas abandonadas no sul da It\u00e1lia que \u00e9 patrim\u00f4nio rural, arquitet\u00f4nico e arqueol\u00f3gico - Jornal Fatos e Not\u00edcias","isPartOf":{"@id":"https:\/\/jornalfatosenoticias.com.br\/#website"},"primaryImageOfPage":{"@id":"https:\/\/jornalfatosenoticias.com.br\/index.php\/2022\/05\/31\/o-complexo-de-adegas-abandonadas-no-sul-da-italia-que-e-patrimonio-rural-arquitetonico-e-arqueologico\/#primaryimage"},"image":{"@id":"https:\/\/jornalfatosenoticias.com.br\/index.php\/2022\/05\/31\/o-complexo-de-adegas-abandonadas-no-sul-da-italia-que-e-patrimonio-rural-arquitetonico-e-arqueologico\/#primaryimage"},"thumbnailUrl":"https:\/\/jornalfatosenoticias.com.br\/wp-content\/uploads\/2022\/05\/complexo-de-adegas-gettyimages.jpg","datePublished":"2022-05-31T17:04:11+00:00","dateModified":"2022-05-31T17:04:17+00:00","breadcrumb":{"@id":"https:\/\/jornalfatosenoticias.com.br\/index.php\/2022\/05\/31\/o-complexo-de-adegas-abandonadas-no-sul-da-italia-que-e-patrimonio-rural-arquitetonico-e-arqueologico\/#breadcrumb"},"inLanguage":"pt-BR","potentialAction":[{"@type":"ReadAction","target":["https:\/\/jornalfatosenoticias.com.br\/index.php\/2022\/05\/31\/o-complexo-de-adegas-abandonadas-no-sul-da-italia-que-e-patrimonio-rural-arquitetonico-e-arqueologico\/"]}]},{"@type":"ImageObject","inLanguage":"pt-BR","@id":"https:\/\/jornalfatosenoticias.com.br\/index.php\/2022\/05\/31\/o-complexo-de-adegas-abandonadas-no-sul-da-italia-que-e-patrimonio-rural-arquitetonico-e-arqueologico\/#primaryimage","url":"https:\/\/jornalfatosenoticias.com.br\/wp-content\/uploads\/2022\/05\/complexo-de-adegas-gettyimages.jpg","contentUrl":"https:\/\/jornalfatosenoticias.com.br\/wp-content\/uploads\/2022\/05\/complexo-de-adegas-gettyimages.jpg","width":1000,"height":664,"caption":"City of the Palmenti. Pietragalla. Basilicata. Italy."},{"@type":"BreadcrumbList","@id":"https:\/\/jornalfatosenoticias.com.br\/index.php\/2022\/05\/31\/o-complexo-de-adegas-abandonadas-no-sul-da-italia-que-e-patrimonio-rural-arquitetonico-e-arqueologico\/#breadcrumb","itemListElement":[{"@type":"ListItem","position":1,"name":"In\u00edcio","item":"https:\/\/jornalfatosenoticias.com.br\/"},{"@type":"ListItem","position":2,"name":"O complexo de adegas abandonadas no sul da It\u00e1lia que \u00e9 patrim\u00f4nio rural, arquitet\u00f4nico e arqueol\u00f3gico"}]},{"@type":"WebSite","@id":"https:\/\/jornalfatosenoticias.com.br\/#website","url":"https:\/\/jornalfatosenoticias.com.br\/","name":"Jornal Fatos e Not\u00edcias","description":"Not\u00edcias em geral","publisher":{"@id":"https:\/\/jornalfatosenoticias.com.br\/#organization"},"potentialAction":[{"@type":"SearchAction","target":{"@type":"EntryPoint","urlTemplate":"https:\/\/jornalfatosenoticias.com.br\/?s={search_term_string}"},"query-input":{"@type":"PropertyValueSpecification","valueRequired":true,"valueName":"search_term_string"}}],"inLanguage":"pt-BR"},{"@type":"Organization","@id":"https:\/\/jornalfatosenoticias.com.br\/#organization","name":"Jornal Fatos e Not\u00edcias","url":"https:\/\/jornalfatosenoticias.com.br\/","logo":{"@type":"ImageObject","inLanguage":"pt-BR","@id":"https:\/\/jornalfatosenoticias.com.br\/#\/schema\/logo\/image\/","url":"https:\/\/jornalfatosenoticias.com.br\/wp-content\/uploads\/2020\/02\/logo120.png","contentUrl":"https:\/\/jornalfatosenoticias.com.br\/wp-content\/uploads\/2020\/02\/logo120.png","width":1227,"height":120,"caption":"Jornal Fatos e Not\u00edcias"},"image":{"@id":"https:\/\/jornalfatosenoticias.com.br\/#\/schema\/logo\/image\/"}},{"@type":"Person","@id":"https:\/\/jornalfatosenoticias.com.br\/#\/schema\/person\/d63837fa13ac8666eb9e74e0985d6f81","name":"Luzimara Fernandes","image":{"@type":"ImageObject","inLanguage":"pt-BR","@id":"https:\/\/jornalfatosenoticias.com.br\/#\/schema\/person\/image\/","url":"https:\/\/jornalfatosenoticias.com.br\/wp-content\/uploads\/2025\/05\/EU_portal.jpg","contentUrl":"https:\/\/jornalfatosenoticias.com.br\/wp-content\/uploads\/2025\/05\/EU_portal.jpg","caption":"Luzimara Fernandes"},"description":"Jornalista MTB 2358-ES","sameAs":["https:\/\/jornalfatosenoticias.com.br"],"url":"https:\/\/jornalfatosenoticias.com.br\/index.php\/author\/luzimara\/"}]}},"cc_featured_image_caption":{"caption_text":"(Foto: Getty Images) ","source_text":"","source_url":""},"jetpack_featured_media_url":"https:\/\/jornalfatosenoticias.com.br\/wp-content\/uploads\/2022\/05\/complexo-de-adegas-gettyimages.jpg","_links":{"self":[{"href":"https:\/\/jornalfatosenoticias.com.br\/index.php\/wp-json\/wp\/v2\/posts\/30958","targetHints":{"allow":["GET"]}}],"collection":[{"href":"https:\/\/jornalfatosenoticias.com.br\/index.php\/wp-json\/wp\/v2\/posts"}],"about":[{"href":"https:\/\/jornalfatosenoticias.com.br\/index.php\/wp-json\/wp\/v2\/types\/post"}],"author":[{"embeddable":true,"href":"https:\/\/jornalfatosenoticias.com.br\/index.php\/wp-json\/wp\/v2\/users\/2"}],"replies":[{"embeddable":true,"href":"https:\/\/jornalfatosenoticias.com.br\/index.php\/wp-json\/wp\/v2\/comments?post=30958"}],"version-history":[{"count":0,"href":"https:\/\/jornalfatosenoticias.com.br\/index.php\/wp-json\/wp\/v2\/posts\/30958\/revisions"}],"wp:featuredmedia":[{"embeddable":true,"href":"https:\/\/jornalfatosenoticias.com.br\/index.php\/wp-json\/wp\/v2\/media\/30960"}],"wp:attachment":[{"href":"https:\/\/jornalfatosenoticias.com.br\/index.php\/wp-json\/wp\/v2\/media?parent=30958"}],"wp:term":[{"taxonomy":"category","embeddable":true,"href":"https:\/\/jornalfatosenoticias.com.br\/index.php\/wp-json\/wp\/v2\/categories?post=30958"},{"taxonomy":"post_tag","embeddable":true,"href":"https:\/\/jornalfatosenoticias.com.br\/index.php\/wp-json\/wp\/v2\/tags?post=30958"}],"curies":[{"name":"wp","href":"https:\/\/api.w.org\/{rel}","templated":true}]}}