{"id":30978,"date":"2022-06-01T12:08:39","date_gmt":"2022-06-01T15:08:39","guid":{"rendered":"https:\/\/jornalfatosenoticias.com.br\/?p=30978"},"modified":"2022-06-01T12:09:36","modified_gmt":"2022-06-01T15:09:36","slug":"kremlin-conversa-com-zelenskiy-e-possivel-mas-negociacoes-pararam","status":"publish","type":"post","link":"https:\/\/jornalfatosenoticias.com.br\/index.php\/2022\/06\/01\/kremlin-conversa-com-zelenskiy-e-possivel-mas-negociacoes-pararam\/","title":{"rendered":"Kremlin: conversa com Zelenskiy \u00e9 poss\u00edvel, mas negocia\u00e7\u00f5es pararam"},"content":{"rendered":"\n<p><em><span class=\"has-inline-color has-black-color\">Para a R\u00fassia, conversa deve ser preparada com anteced\u00eancia<\/span><\/em><\/p>\n\n\n\n<div class=\"wp-block-image\"><figure class=\"aligncenter size-large is-resized\"><img loading=\"lazy\" decoding=\"async\" src=\"https:\/\/jornalfatosenoticias.com.br\/wp-content\/uploads\/2022\/05\/NOVA-LOGO-CESCONETTO-1024x100.jpg\" alt=\"\" class=\"wp-image-30792\" width=\"438\" height=\"42\" srcset=\"https:\/\/jornalfatosenoticias.com.br\/wp-content\/uploads\/2022\/05\/NOVA-LOGO-CESCONETTO-1024x100.jpg 1024w, https:\/\/jornalfatosenoticias.com.br\/wp-content\/uploads\/2022\/05\/NOVA-LOGO-CESCONETTO-300x29.jpg 300w, https:\/\/jornalfatosenoticias.com.br\/wp-content\/uploads\/2022\/05\/NOVA-LOGO-CESCONETTO-768x75.jpg 768w, https:\/\/jornalfatosenoticias.com.br\/wp-content\/uploads\/2022\/05\/NOVA-LOGO-CESCONETTO.jpg 1280w\" sizes=\"auto, (max-width: 438px) 100vw, 438px\" \/><\/figure><\/div>\n\n\n\n<p>A R\u00fassia disse, nesta quarta-feira (1\u00ba), que n\u00e3o descarta uma reuni\u00e3o entre os presidentes Vladimir Putin e Volodymyr Zelenskiy, da Ucr\u00e2nia, mas que qualquer conversa desse tipo precisa ser preparada com anteced\u00eancia. O porta-voz do Kremlin, Dmitry Peskov, afirmou a rep\u00f3rteres, em teleconfer\u00eancia, que o trabalho em um acordo de paz com a Ucr\u00e2nia parou h\u00e1 muito tempo e n\u00e3o foi retomado.<br>Peskov disse ainda que as pessoas, nas regi\u00f5es ucranianas de Kherson, Zaporizhzhia e Donbashhia, ocupadas pela R\u00fassia, devem decidir seu pr\u00f3prio futuro, e o Kremlin n\u00e3o duvida que eles tomar\u00e3o a &#8220;melhor decis\u00e3o&#8221;. A Ucr\u00e2nia afirmou anteriormente que a anexa\u00e7\u00e3o das regi\u00f5es pela R\u00fassia colocaria fim \u00e0s conversa\u00e7\u00f5es de paz entre os dois lados.<\/p>\n\n\n\n<div class=\"wp-block-image\"><figure class=\"alignright size-large is-resized\"><img loading=\"lazy\" decoding=\"async\" src=\"https:\/\/jornalfatosenoticias.com.br\/wp-content\/uploads\/2020\/02\/nova-logo-Marquetti.jpg\" alt=\"\" class=\"wp-image-22331\" width=\"278\" height=\"186\" srcset=\"https:\/\/jornalfatosenoticias.com.br\/wp-content\/uploads\/2020\/02\/nova-logo-Marquetti.jpg 643w, https:\/\/jornalfatosenoticias.com.br\/wp-content\/uploads\/2020\/02\/nova-logo-Marquetti-300x202.jpg 300w\" sizes=\"auto, (max-width: 278px) 100vw, 278px\" \/><\/figure><\/div>\n\n\n\n<p><strong><span class=\"has-inline-color has-vivid-red-color\">Kremlin<br><\/span><\/strong>O Kremlin disse ainda que o mundo pode estar \u00e0 beira de grande crise alimentar, culpando as &#8220;restri\u00e7\u00f5es ilegais&#8221; impostas \u00e0 R\u00fassia pelos pa\u00edses ocidentais e as decis\u00f5es das autoridades ucranianas. Mais de tr\u00eas meses desde que invadiu a Ucr\u00e2nia, a R\u00fassia tomou grande parte da costa do pa\u00eds vizinho e est\u00e1 bloqueando seus portos, mas tenta atribuir a culpa da falta de embarque de gr\u00e3os \u00e0s san\u00e7\u00f5es ocidentais e a Kiev.<\/p>\n\n\n\n<div class=\"wp-block-image\"><figure class=\"aligncenter size-large is-resized\"><img loading=\"lazy\" decoding=\"async\" src=\"https:\/\/jornalfatosenoticias.com.br\/wp-content\/uploads\/2020\/02\/Serra-Grande-1024x160.png\" alt=\"\" class=\"wp-image-7836\" width=\"433\" height=\"67\"\/><\/figure><\/div>\n\n\n\n<blockquote class=\"wp-block-quote is-layout-flow wp-block-quote-is-layout-flow\"><p><span class=\"has-inline-color has-luminous-vivid-orange-color\">&#8220;Estamos potencialmente \u00e0 beira de uma crise alimentar muito profunda, ligada \u00e0 introdu\u00e7\u00e3o de restri\u00e7\u00f5es ilegais contra n\u00f3s e \u00e0s a\u00e7\u00f5es das autoridades ucranianas. Colocaram minas (explosivas) no caminho para o Mar Negro e n\u00e3o est\u00e3o embarcando gr\u00e3os de l\u00e1, apesar de a R\u00fassia n\u00e3o impedir de forma alguma&#8221;, disse Peskov.<\/span><\/p><\/blockquote>\n\n\n\n<div class=\"wp-block-image\"><figure class=\"aligncenter size-large is-resized\"><img loading=\"lazy\" decoding=\"async\" src=\"https:\/\/jornalfatosenoticias.com.br\/wp-content\/uploads\/2022\/03\/logo-Suinco-1024x390.jpg\" alt=\"\" class=\"wp-image-28785\" width=\"299\" height=\"113\"\/><\/figure><\/div>\n\n\n\n<p><strong><span class=\"has-inline-color has-vivid-red-color\">Zelenskiy<br><\/span><\/strong>Nessa ter\u00e7a-feira (31), o presidente ucraniano saudou o sexto pacote de san\u00e7\u00f5es da Uni\u00e3o Europeia contra a R\u00fassia, mas criticou o que chama de atraso &#8220;inaceit\u00e1vel&#8221; no acordo do bloco sobre as \u00faltimas medidas.<\/p>\n\n\n\n<blockquote class=\"wp-block-quote is-layout-flow wp-block-quote-is-layout-flow\"><p><span class=\"has-inline-color has-luminous-vivid-orange-color\">&#8220;Quando j\u00e1 se passaram mais de 50 dias entre o 5\u00ba e o 6\u00ba pacote de san\u00e7\u00f5es, a situa\u00e7\u00e3o n\u00e3o \u00e9 aceit\u00e1vel para n\u00f3s&#8221;, afirmou Zelenskiy, falando ao lado da presidente da Eslov\u00e1quia, Zuzana Caputova, em Kiev.<\/span><\/p><\/blockquote>\n\n\n\n<div class=\"wp-block-image\"><figure class=\"aligncenter size-large\"><img decoding=\"async\" src=\"https:\/\/jornalfatosenoticias.com.br\/wp-content\/uploads\/2020\/02\/logo_esteio.jpg\" alt=\"\" class=\"wp-image-1214\"\/><\/figure><\/div>\n\n\n\n<p><strong><em>Fonte: <a href=\"https:\/\/agenciabrasil.ebc.com.br\/internacional\/noticia\/2022-06\/kremlin-conversa-com-zelenskiy-e-possivel-mas-negociacoes-pararam\">Ag\u00eancia Brasil<\/a><\/em><\/strong><\/p>\n","protected":false},"excerpt":{"rendered":"<p>Para a R\u00fassia, conversa deve ser preparada com anteced\u00eancia A R\u00fassia disse, nesta quarta-feira (1\u00ba), que n\u00e3o descarta uma reuni\u00e3o entre os presidentes Vladimir Putin e Volodymyr Zelenskiy, da Ucr\u00e2nia, mas que qualquer conversa desse tipo precisa ser preparada com anteced\u00eancia. O porta-voz do Kremlin, Dmitry Peskov, afirmou a rep\u00f3rteres, em teleconfer\u00eancia, que o trabalho [&hellip;]<\/p>\n","protected":false},"author":2,"featured_media":30979,"comment_status":"open","ping_status":"open","sticky":false,"template":"","format":"standard","meta":{"footnotes":""},"categories":[41],"tags":[4491,14716,12964,991,10577],"class_list":["post-30978","post","type-post","status-publish","format-standard","has-post-thumbnail","hentry","category-internacional","tag-guerra","tag-negociacoes-de-paz","tag-operacao-militar","tag-russia","tag-ucrania"],"yoast_head":"<!-- This site is optimized with the Yoast SEO plugin v26.5 - https:\/\/yoast.com\/wordpress\/plugins\/seo\/ -->\n<title>Kremlin: conversa com Zelenskiy \u00e9 poss\u00edvel, mas negocia\u00e7\u00f5es pararam - Jornal Fatos e Not\u00edcias<\/title>\n<meta name=\"robots\" content=\"index, follow, max-snippet:-1, max-image-preview:large, max-video-preview:-1\" \/>\n<link rel=\"canonical\" href=\"https:\/\/jornalfatosenoticias.com.br\/index.php\/2022\/06\/01\/kremlin-conversa-com-zelenskiy-e-possivel-mas-negociacoes-pararam\/\" \/>\n<meta property=\"og:locale\" content=\"pt_BR\" \/>\n<meta property=\"og:type\" content=\"article\" \/>\n<meta property=\"og:title\" content=\"Kremlin: conversa com Zelenskiy \u00e9 poss\u00edvel, mas negocia\u00e7\u00f5es pararam - Jornal Fatos e Not\u00edcias\" \/>\n<meta property=\"og:description\" content=\"Para a R\u00fassia, conversa deve ser preparada com anteced\u00eancia A R\u00fassia disse, nesta quarta-feira (1\u00ba), que n\u00e3o descarta uma reuni\u00e3o entre os presidentes Vladimir Putin e Volodymyr Zelenskiy, da Ucr\u00e2nia, mas que qualquer conversa desse tipo precisa ser preparada com anteced\u00eancia. O porta-voz do Kremlin, Dmitry Peskov, afirmou a rep\u00f3rteres, em teleconfer\u00eancia, que o trabalho [&hellip;]\" \/>\n<meta property=\"og:url\" content=\"https:\/\/jornalfatosenoticias.com.br\/index.php\/2022\/06\/01\/kremlin-conversa-com-zelenskiy-e-possivel-mas-negociacoes-pararam\/\" \/>\n<meta property=\"og:site_name\" content=\"Jornal Fatos e Not\u00edcias\" \/>\n<meta property=\"article:published_time\" content=\"2022-06-01T15:08:39+00:00\" \/>\n<meta property=\"article:modified_time\" content=\"2022-06-01T15:09:36+00:00\" \/>\n<meta property=\"og:image\" content=\"https:\/\/jornalfatosenoticias.com.br\/wp-content\/uploads\/2022\/06\/ucrania-crise-kremlin-chamabiden.jpg\" \/>\n\t<meta property=\"og:image:width\" content=\"1000\" \/>\n\t<meta property=\"og:image:height\" content=\"598\" \/>\n\t<meta property=\"og:image:type\" content=\"image\/jpeg\" \/>\n<meta name=\"author\" content=\"Luzimara Fernandes\" \/>\n<meta name=\"twitter:card\" content=\"summary_large_image\" \/>\n<meta name=\"twitter:label1\" content=\"Escrito por\" \/>\n\t<meta name=\"twitter:data1\" content=\"Luzimara Fernandes\" \/>\n\t<meta name=\"twitter:label2\" content=\"Est. tempo de leitura\" \/>\n\t<meta name=\"twitter:data2\" content=\"2 minutos\" \/>\n<script type=\"application\/ld+json\" class=\"yoast-schema-graph\">{\"@context\":\"https:\/\/schema.org\",\"@graph\":[{\"@type\":\"Article\",\"@id\":\"https:\/\/jornalfatosenoticias.com.br\/index.php\/2022\/06\/01\/kremlin-conversa-com-zelenskiy-e-possivel-mas-negociacoes-pararam\/#article\",\"isPartOf\":{\"@id\":\"https:\/\/jornalfatosenoticias.com.br\/index.php\/2022\/06\/01\/kremlin-conversa-com-zelenskiy-e-possivel-mas-negociacoes-pararam\/\"},\"author\":{\"name\":\"Luzimara Fernandes\",\"@id\":\"https:\/\/jornalfatosenoticias.com.br\/#\/schema\/person\/d63837fa13ac8666eb9e74e0985d6f81\"},\"headline\":\"Kremlin: conversa com Zelenskiy \u00e9 poss\u00edvel, mas negocia\u00e7\u00f5es pararam\",\"datePublished\":\"2022-06-01T15:08:39+00:00\",\"dateModified\":\"2022-06-01T15:09:36+00:00\",\"mainEntityOfPage\":{\"@id\":\"https:\/\/jornalfatosenoticias.com.br\/index.php\/2022\/06\/01\/kremlin-conversa-com-zelenskiy-e-possivel-mas-negociacoes-pararam\/\"},\"wordCount\":377,\"commentCount\":0,\"publisher\":{\"@id\":\"https:\/\/jornalfatosenoticias.com.br\/#organization\"},\"image\":{\"@id\":\"https:\/\/jornalfatosenoticias.com.br\/index.php\/2022\/06\/01\/kremlin-conversa-com-zelenskiy-e-possivel-mas-negociacoes-pararam\/#primaryimage\"},\"thumbnailUrl\":\"https:\/\/jornalfatosenoticias.com.br\/wp-content\/uploads\/2022\/06\/ucrania-crise-kremlin-chamabiden.jpg\",\"keywords\":[\"guerra\",\"negocia\u00e7\u00f5es de paz\",\"opera\u00e7\u00e3o militar\",\"R\u00fassia\",\"Ucr\u00e2nia\"],\"articleSection\":[\"Internacional\"],\"inLanguage\":\"pt-BR\",\"potentialAction\":[{\"@type\":\"CommentAction\",\"name\":\"Comment\",\"target\":[\"https:\/\/jornalfatosenoticias.com.br\/index.php\/2022\/06\/01\/kremlin-conversa-com-zelenskiy-e-possivel-mas-negociacoes-pararam\/#respond\"]}]},{\"@type\":\"WebPage\",\"@id\":\"https:\/\/jornalfatosenoticias.com.br\/index.php\/2022\/06\/01\/kremlin-conversa-com-zelenskiy-e-possivel-mas-negociacoes-pararam\/\",\"url\":\"https:\/\/jornalfatosenoticias.com.br\/index.php\/2022\/06\/01\/kremlin-conversa-com-zelenskiy-e-possivel-mas-negociacoes-pararam\/\",\"name\":\"Kremlin: conversa com Zelenskiy \u00e9 poss\u00edvel, mas negocia\u00e7\u00f5es pararam - Jornal Fatos e Not\u00edcias\",\"isPartOf\":{\"@id\":\"https:\/\/jornalfatosenoticias.com.br\/#website\"},\"primaryImageOfPage\":{\"@id\":\"https:\/\/jornalfatosenoticias.com.br\/index.php\/2022\/06\/01\/kremlin-conversa-com-zelenskiy-e-possivel-mas-negociacoes-pararam\/#primaryimage\"},\"image\":{\"@id\":\"https:\/\/jornalfatosenoticias.com.br\/index.php\/2022\/06\/01\/kremlin-conversa-com-zelenskiy-e-possivel-mas-negociacoes-pararam\/#primaryimage\"},\"thumbnailUrl\":\"https:\/\/jornalfatosenoticias.com.br\/wp-content\/uploads\/2022\/06\/ucrania-crise-kremlin-chamabiden.jpg\",\"datePublished\":\"2022-06-01T15:08:39+00:00\",\"dateModified\":\"2022-06-01T15:09:36+00:00\",\"breadcrumb\":{\"@id\":\"https:\/\/jornalfatosenoticias.com.br\/index.php\/2022\/06\/01\/kremlin-conversa-com-zelenskiy-e-possivel-mas-negociacoes-pararam\/#breadcrumb\"},\"inLanguage\":\"pt-BR\",\"potentialAction\":[{\"@type\":\"ReadAction\",\"target\":[\"https:\/\/jornalfatosenoticias.com.br\/index.php\/2022\/06\/01\/kremlin-conversa-com-zelenskiy-e-possivel-mas-negociacoes-pararam\/\"]}]},{\"@type\":\"ImageObject\",\"inLanguage\":\"pt-BR\",\"@id\":\"https:\/\/jornalfatosenoticias.com.br\/index.php\/2022\/06\/01\/kremlin-conversa-com-zelenskiy-e-possivel-mas-negociacoes-pararam\/#primaryimage\",\"url\":\"https:\/\/jornalfatosenoticias.com.br\/wp-content\/uploads\/2022\/06\/ucrania-crise-kremlin-chamabiden.jpg\",\"contentUrl\":\"https:\/\/jornalfatosenoticias.com.br\/wp-content\/uploads\/2022\/06\/ucrania-crise-kremlin-chamabiden.jpg\",\"width\":1000,\"height\":598},{\"@type\":\"BreadcrumbList\",\"@id\":\"https:\/\/jornalfatosenoticias.com.br\/index.php\/2022\/06\/01\/kremlin-conversa-com-zelenskiy-e-possivel-mas-negociacoes-pararam\/#breadcrumb\",\"itemListElement\":[{\"@type\":\"ListItem\",\"position\":1,\"name\":\"In\u00edcio\",\"item\":\"https:\/\/jornalfatosenoticias.com.br\/\"},{\"@type\":\"ListItem\",\"position\":2,\"name\":\"Kremlin: conversa com Zelenskiy \u00e9 poss\u00edvel, mas negocia\u00e7\u00f5es pararam\"}]},{\"@type\":\"WebSite\",\"@id\":\"https:\/\/jornalfatosenoticias.com.br\/#website\",\"url\":\"https:\/\/jornalfatosenoticias.com.br\/\",\"name\":\"Jornal Fatos e Not\u00edcias\",\"description\":\"Not\u00edcias em geral\",\"publisher\":{\"@id\":\"https:\/\/jornalfatosenoticias.com.br\/#organization\"},\"potentialAction\":[{\"@type\":\"SearchAction\",\"target\":{\"@type\":\"EntryPoint\",\"urlTemplate\":\"https:\/\/jornalfatosenoticias.com.br\/?s={search_term_string}\"},\"query-input\":{\"@type\":\"PropertyValueSpecification\",\"valueRequired\":true,\"valueName\":\"search_term_string\"}}],\"inLanguage\":\"pt-BR\"},{\"@type\":\"Organization\",\"@id\":\"https:\/\/jornalfatosenoticias.com.br\/#organization\",\"name\":\"Jornal Fatos e Not\u00edcias\",\"url\":\"https:\/\/jornalfatosenoticias.com.br\/\",\"logo\":{\"@type\":\"ImageObject\",\"inLanguage\":\"pt-BR\",\"@id\":\"https:\/\/jornalfatosenoticias.com.br\/#\/schema\/logo\/image\/\",\"url\":\"https:\/\/jornalfatosenoticias.com.br\/wp-content\/uploads\/2020\/02\/logo120.png\",\"contentUrl\":\"https:\/\/jornalfatosenoticias.com.br\/wp-content\/uploads\/2020\/02\/logo120.png\",\"width\":1227,\"height\":120,\"caption\":\"Jornal Fatos e Not\u00edcias\"},\"image\":{\"@id\":\"https:\/\/jornalfatosenoticias.com.br\/#\/schema\/logo\/image\/\"}},{\"@type\":\"Person\",\"@id\":\"https:\/\/jornalfatosenoticias.com.br\/#\/schema\/person\/d63837fa13ac8666eb9e74e0985d6f81\",\"name\":\"Luzimara Fernandes\",\"image\":{\"@type\":\"ImageObject\",\"inLanguage\":\"pt-BR\",\"@id\":\"https:\/\/jornalfatosenoticias.com.br\/#\/schema\/person\/image\/\",\"url\":\"https:\/\/jornalfatosenoticias.com.br\/wp-content\/uploads\/2025\/05\/EU_portal.jpg\",\"contentUrl\":\"https:\/\/jornalfatosenoticias.com.br\/wp-content\/uploads\/2025\/05\/EU_portal.jpg\",\"caption\":\"Luzimara Fernandes\"},\"description\":\"Jornalista MTB 2358-ES\",\"sameAs\":[\"https:\/\/jornalfatosenoticias.com.br\"],\"url\":\"https:\/\/jornalfatosenoticias.com.br\/index.php\/author\/luzimara\/\"}]}<\/script>\n<!-- \/ Yoast SEO plugin. -->","yoast_head_json":{"title":"Kremlin: conversa com Zelenskiy \u00e9 poss\u00edvel, mas negocia\u00e7\u00f5es pararam - Jornal Fatos e Not\u00edcias","robots":{"index":"index","follow":"follow","max-snippet":"max-snippet:-1","max-image-preview":"max-image-preview:large","max-video-preview":"max-video-preview:-1"},"canonical":"https:\/\/jornalfatosenoticias.com.br\/index.php\/2022\/06\/01\/kremlin-conversa-com-zelenskiy-e-possivel-mas-negociacoes-pararam\/","og_locale":"pt_BR","og_type":"article","og_title":"Kremlin: conversa com Zelenskiy \u00e9 poss\u00edvel, mas negocia\u00e7\u00f5es pararam - Jornal Fatos e Not\u00edcias","og_description":"Para a R\u00fassia, conversa deve ser preparada com anteced\u00eancia A R\u00fassia disse, nesta quarta-feira (1\u00ba), que n\u00e3o descarta uma reuni\u00e3o entre os presidentes Vladimir Putin e Volodymyr Zelenskiy, da Ucr\u00e2nia, mas que qualquer conversa desse tipo precisa ser preparada com anteced\u00eancia. O porta-voz do Kremlin, Dmitry Peskov, afirmou a rep\u00f3rteres, em teleconfer\u00eancia, que o trabalho [&hellip;]","og_url":"https:\/\/jornalfatosenoticias.com.br\/index.php\/2022\/06\/01\/kremlin-conversa-com-zelenskiy-e-possivel-mas-negociacoes-pararam\/","og_site_name":"Jornal Fatos e Not\u00edcias","article_published_time":"2022-06-01T15:08:39+00:00","article_modified_time":"2022-06-01T15:09:36+00:00","og_image":[{"width":1000,"height":598,"url":"https:\/\/jornalfatosenoticias.com.br\/wp-content\/uploads\/2022\/06\/ucrania-crise-kremlin-chamabiden.jpg","type":"image\/jpeg"}],"author":"Luzimara Fernandes","twitter_card":"summary_large_image","twitter_misc":{"Escrito por":"Luzimara Fernandes","Est. tempo de leitura":"2 minutos"},"schema":{"@context":"https:\/\/schema.org","@graph":[{"@type":"Article","@id":"https:\/\/jornalfatosenoticias.com.br\/index.php\/2022\/06\/01\/kremlin-conversa-com-zelenskiy-e-possivel-mas-negociacoes-pararam\/#article","isPartOf":{"@id":"https:\/\/jornalfatosenoticias.com.br\/index.php\/2022\/06\/01\/kremlin-conversa-com-zelenskiy-e-possivel-mas-negociacoes-pararam\/"},"author":{"name":"Luzimara Fernandes","@id":"https:\/\/jornalfatosenoticias.com.br\/#\/schema\/person\/d63837fa13ac8666eb9e74e0985d6f81"},"headline":"Kremlin: conversa com Zelenskiy \u00e9 poss\u00edvel, mas negocia\u00e7\u00f5es pararam","datePublished":"2022-06-01T15:08:39+00:00","dateModified":"2022-06-01T15:09:36+00:00","mainEntityOfPage":{"@id":"https:\/\/jornalfatosenoticias.com.br\/index.php\/2022\/06\/01\/kremlin-conversa-com-zelenskiy-e-possivel-mas-negociacoes-pararam\/"},"wordCount":377,"commentCount":0,"publisher":{"@id":"https:\/\/jornalfatosenoticias.com.br\/#organization"},"image":{"@id":"https:\/\/jornalfatosenoticias.com.br\/index.php\/2022\/06\/01\/kremlin-conversa-com-zelenskiy-e-possivel-mas-negociacoes-pararam\/#primaryimage"},"thumbnailUrl":"https:\/\/jornalfatosenoticias.com.br\/wp-content\/uploads\/2022\/06\/ucrania-crise-kremlin-chamabiden.jpg","keywords":["guerra","negocia\u00e7\u00f5es de paz","opera\u00e7\u00e3o militar","R\u00fassia","Ucr\u00e2nia"],"articleSection":["Internacional"],"inLanguage":"pt-BR","potentialAction":[{"@type":"CommentAction","name":"Comment","target":["https:\/\/jornalfatosenoticias.com.br\/index.php\/2022\/06\/01\/kremlin-conversa-com-zelenskiy-e-possivel-mas-negociacoes-pararam\/#respond"]}]},{"@type":"WebPage","@id":"https:\/\/jornalfatosenoticias.com.br\/index.php\/2022\/06\/01\/kremlin-conversa-com-zelenskiy-e-possivel-mas-negociacoes-pararam\/","url":"https:\/\/jornalfatosenoticias.com.br\/index.php\/2022\/06\/01\/kremlin-conversa-com-zelenskiy-e-possivel-mas-negociacoes-pararam\/","name":"Kremlin: conversa com Zelenskiy \u00e9 poss\u00edvel, mas negocia\u00e7\u00f5es pararam - Jornal Fatos e Not\u00edcias","isPartOf":{"@id":"https:\/\/jornalfatosenoticias.com.br\/#website"},"primaryImageOfPage":{"@id":"https:\/\/jornalfatosenoticias.com.br\/index.php\/2022\/06\/01\/kremlin-conversa-com-zelenskiy-e-possivel-mas-negociacoes-pararam\/#primaryimage"},"image":{"@id":"https:\/\/jornalfatosenoticias.com.br\/index.php\/2022\/06\/01\/kremlin-conversa-com-zelenskiy-e-possivel-mas-negociacoes-pararam\/#primaryimage"},"thumbnailUrl":"https:\/\/jornalfatosenoticias.com.br\/wp-content\/uploads\/2022\/06\/ucrania-crise-kremlin-chamabiden.jpg","datePublished":"2022-06-01T15:08:39+00:00","dateModified":"2022-06-01T15:09:36+00:00","breadcrumb":{"@id":"https:\/\/jornalfatosenoticias.com.br\/index.php\/2022\/06\/01\/kremlin-conversa-com-zelenskiy-e-possivel-mas-negociacoes-pararam\/#breadcrumb"},"inLanguage":"pt-BR","potentialAction":[{"@type":"ReadAction","target":["https:\/\/jornalfatosenoticias.com.br\/index.php\/2022\/06\/01\/kremlin-conversa-com-zelenskiy-e-possivel-mas-negociacoes-pararam\/"]}]},{"@type":"ImageObject","inLanguage":"pt-BR","@id":"https:\/\/jornalfatosenoticias.com.br\/index.php\/2022\/06\/01\/kremlin-conversa-com-zelenskiy-e-possivel-mas-negociacoes-pararam\/#primaryimage","url":"https:\/\/jornalfatosenoticias.com.br\/wp-content\/uploads\/2022\/06\/ucrania-crise-kremlin-chamabiden.jpg","contentUrl":"https:\/\/jornalfatosenoticias.com.br\/wp-content\/uploads\/2022\/06\/ucrania-crise-kremlin-chamabiden.jpg","width":1000,"height":598},{"@type":"BreadcrumbList","@id":"https:\/\/jornalfatosenoticias.com.br\/index.php\/2022\/06\/01\/kremlin-conversa-com-zelenskiy-e-possivel-mas-negociacoes-pararam\/#breadcrumb","itemListElement":[{"@type":"ListItem","position":1,"name":"In\u00edcio","item":"https:\/\/jornalfatosenoticias.com.br\/"},{"@type":"ListItem","position":2,"name":"Kremlin: conversa com Zelenskiy \u00e9 poss\u00edvel, mas negocia\u00e7\u00f5es pararam"}]},{"@type":"WebSite","@id":"https:\/\/jornalfatosenoticias.com.br\/#website","url":"https:\/\/jornalfatosenoticias.com.br\/","name":"Jornal Fatos e Not\u00edcias","description":"Not\u00edcias em geral","publisher":{"@id":"https:\/\/jornalfatosenoticias.com.br\/#organization"},"potentialAction":[{"@type":"SearchAction","target":{"@type":"EntryPoint","urlTemplate":"https:\/\/jornalfatosenoticias.com.br\/?s={search_term_string}"},"query-input":{"@type":"PropertyValueSpecification","valueRequired":true,"valueName":"search_term_string"}}],"inLanguage":"pt-BR"},{"@type":"Organization","@id":"https:\/\/jornalfatosenoticias.com.br\/#organization","name":"Jornal Fatos e Not\u00edcias","url":"https:\/\/jornalfatosenoticias.com.br\/","logo":{"@type":"ImageObject","inLanguage":"pt-BR","@id":"https:\/\/jornalfatosenoticias.com.br\/#\/schema\/logo\/image\/","url":"https:\/\/jornalfatosenoticias.com.br\/wp-content\/uploads\/2020\/02\/logo120.png","contentUrl":"https:\/\/jornalfatosenoticias.com.br\/wp-content\/uploads\/2020\/02\/logo120.png","width":1227,"height":120,"caption":"Jornal Fatos e Not\u00edcias"},"image":{"@id":"https:\/\/jornalfatosenoticias.com.br\/#\/schema\/logo\/image\/"}},{"@type":"Person","@id":"https:\/\/jornalfatosenoticias.com.br\/#\/schema\/person\/d63837fa13ac8666eb9e74e0985d6f81","name":"Luzimara Fernandes","image":{"@type":"ImageObject","inLanguage":"pt-BR","@id":"https:\/\/jornalfatosenoticias.com.br\/#\/schema\/person\/image\/","url":"https:\/\/jornalfatosenoticias.com.br\/wp-content\/uploads\/2025\/05\/EU_portal.jpg","contentUrl":"https:\/\/jornalfatosenoticias.com.br\/wp-content\/uploads\/2025\/05\/EU_portal.jpg","caption":"Luzimara Fernandes"},"description":"Jornalista MTB 2358-ES","sameAs":["https:\/\/jornalfatosenoticias.com.br"],"url":"https:\/\/jornalfatosenoticias.com.br\/index.php\/author\/luzimara\/"}]}},"cc_featured_image_caption":{"caption_text":"(Foto: Sputnik\/Sergey Guneev\/Kremlin\/Reuters) ","source_text":"","source_url":""},"jetpack_featured_media_url":"https:\/\/jornalfatosenoticias.com.br\/wp-content\/uploads\/2022\/06\/ucrania-crise-kremlin-chamabiden.jpg","_links":{"self":[{"href":"https:\/\/jornalfatosenoticias.com.br\/index.php\/wp-json\/wp\/v2\/posts\/30978","targetHints":{"allow":["GET"]}}],"collection":[{"href":"https:\/\/jornalfatosenoticias.com.br\/index.php\/wp-json\/wp\/v2\/posts"}],"about":[{"href":"https:\/\/jornalfatosenoticias.com.br\/index.php\/wp-json\/wp\/v2\/types\/post"}],"author":[{"embeddable":true,"href":"https:\/\/jornalfatosenoticias.com.br\/index.php\/wp-json\/wp\/v2\/users\/2"}],"replies":[{"embeddable":true,"href":"https:\/\/jornalfatosenoticias.com.br\/index.php\/wp-json\/wp\/v2\/comments?post=30978"}],"version-history":[{"count":0,"href":"https:\/\/jornalfatosenoticias.com.br\/index.php\/wp-json\/wp\/v2\/posts\/30978\/revisions"}],"wp:featuredmedia":[{"embeddable":true,"href":"https:\/\/jornalfatosenoticias.com.br\/index.php\/wp-json\/wp\/v2\/media\/30979"}],"wp:attachment":[{"href":"https:\/\/jornalfatosenoticias.com.br\/index.php\/wp-json\/wp\/v2\/media?parent=30978"}],"wp:term":[{"taxonomy":"category","embeddable":true,"href":"https:\/\/jornalfatosenoticias.com.br\/index.php\/wp-json\/wp\/v2\/categories?post=30978"},{"taxonomy":"post_tag","embeddable":true,"href":"https:\/\/jornalfatosenoticias.com.br\/index.php\/wp-json\/wp\/v2\/tags?post=30978"}],"curies":[{"name":"wp","href":"https:\/\/api.w.org\/{rel}","templated":true}]}}