{"id":30992,"date":"2022-06-01T12:52:58","date_gmt":"2022-06-01T15:52:58","guid":{"rendered":"https:\/\/jornalfatosenoticias.com.br\/?p=30992"},"modified":"2022-06-01T12:53:00","modified_gmt":"2022-06-01T15:53:00","slug":"mais-de-70-dos-casos-de-cancer-de-bexiga-tem-ligacao-com-o-fumo-conforme-estimativas","status":"publish","type":"post","link":"https:\/\/jornalfatosenoticias.com.br\/index.php\/2022\/06\/01\/mais-de-70-dos-casos-de-cancer-de-bexiga-tem-ligacao-com-o-fumo-conforme-estimativas\/","title":{"rendered":"Mais de 70% dos casos de c\u00e2ncer de bexiga t\u00eam liga\u00e7\u00e3o com o fumo, conforme estimativas"},"content":{"rendered":"\n<p><em><span class=\"has-inline-color has-black-color\">Problema pode acontecer porque as subst\u00e2ncias t\u00f3xicas do cigarro t\u00eam muito contato com o \u00f3rg\u00e3o<\/span><\/em><\/p>\n\n\n\n<div class=\"wp-block-image\"><figure class=\"aligncenter size-large is-resized\"><img loading=\"lazy\" decoding=\"async\" src=\"https:\/\/jornalfatosenoticias.com.br\/wp-content\/uploads\/2020\/02\/Logo-Mizu-segunda-2-1024x99.png\" alt=\"\" class=\"wp-image-2353\" width=\"498\" height=\"48\" srcset=\"https:\/\/jornalfatosenoticias.com.br\/wp-content\/uploads\/2020\/02\/Logo-Mizu-segunda-2-1024x99.png 1024w, https:\/\/jornalfatosenoticias.com.br\/wp-content\/uploads\/2020\/02\/Logo-Mizu-segunda-2-300x29.png 300w, https:\/\/jornalfatosenoticias.com.br\/wp-content\/uploads\/2020\/02\/Logo-Mizu-segunda-2-768x74.png 768w, https:\/\/jornalfatosenoticias.com.br\/wp-content\/uploads\/2020\/02\/Logo-Mizu-segunda-2.png 1240w\" sizes=\"auto, (max-width: 498px) 100vw, 498px\" \/><\/figure><\/div>\n\n\n\n<p>Posicionado em quarto lugar nos homens e o oitavo lugar na mulher, <strong>o c\u00e2ncer de bexiga \u00e9 o segundo tipo de c\u00e2ncer mais constante do trato do urin\u00e1rio<\/strong>. Esse tipo de c\u00e2ncer est\u00e1 presente com uma frequ\u00eancia maior na ra\u00e7a branca, estando entre as principais causas de morte por neoplasia maligna nos Estados Unidos, com casu\u00edstica pr\u00f3xima a 10.000 mortes por ano.\u00a0<strong>A incid\u00eancia \u00e9 mais elevada ap\u00f3s os 60 anos de idade<\/strong>.<br><strong>O tabagismo \u00e9 o fator de risco mais importante e geralmente est\u00e1 presente em cerca de 35% a 50% dos pacientes com c\u00e2ncer de bexiga<\/strong>. O cigarro potencializa em\u00a0<strong>duas a quatro vezes<\/strong>\u00a0o risco de desenvolver c\u00e2ncer de bexiga. Alguns medicamentos, como anti-inflamat\u00f3rios, infec\u00e7\u00f5es urin\u00e1rias de repeti\u00e7\u00e3o, uso cr\u00f4nico de cateter vesical, tratamentos com radioterapia p\u00e9lvica e quimioterapia para c\u00e2ncer em outras partes do organismo, contato com o ars\u00eanio ou outros metais pesados, tamb\u00e9m s\u00e3o exemplos de fatores de risco para o c\u00e2ncer de bexiga.<\/p>\n\n\n\n<div class=\"wp-block-image\"><figure class=\"aligncenter size-large is-resized\"><img loading=\"lazy\" decoding=\"async\" src=\"https:\/\/jornalfatosenoticias.com.br\/wp-content\/uploads\/2020\/02\/Serra-Grande-1024x160.png\" alt=\"\" class=\"wp-image-7836\" width=\"402\" height=\"62\"\/><\/figure><\/div>\n\n\n\n<div class=\"wp-block-image\"><figure class=\"alignleft size-large is-resized\"><img loading=\"lazy\" decoding=\"async\" src=\"https:\/\/jornalfatosenoticias.com.br\/wp-content\/uploads\/2022\/03\/logo-Suinco-1024x390.jpg\" alt=\"\" class=\"wp-image-28785\" width=\"270\" height=\"102\"\/><\/figure><\/div>\n\n\n\n<p>Depois que a fuma\u00e7a entra pela boca junto com suas cerca de <strong>70 subst\u00e2ncias carcinog\u00eanicas<\/strong>, ela \u00e9 absorvida pelos pulm\u00f5es. Em seguida, cai na circula\u00e7\u00e3o sangu\u00ednea.\u00a0<strong>Como o sangue \u00e9 filtrado pelos rins, os compostos qu\u00edmicos acabam indo para a urina e, j\u00e1 que o l\u00edquido fica estocado na bexiga at\u00e9 ser eliminado pelo corpo, suas paredes permanecem em contato com esses elementos por bastante tempo<\/strong>, favorecendo a doen\u00e7a.<\/p>\n\n\n\n<div class=\"wp-block-image\"><figure class=\"aligncenter size-large is-resized\"><img loading=\"lazy\" decoding=\"async\" src=\"https:\/\/jornalfatosenoticias.com.br\/wp-content\/uploads\/2022\/05\/NOVA-LOGO-CESCONETTO-1024x100.jpg\" alt=\"\" class=\"wp-image-30792\" width=\"500\" height=\"48\" srcset=\"https:\/\/jornalfatosenoticias.com.br\/wp-content\/uploads\/2022\/05\/NOVA-LOGO-CESCONETTO-1024x100.jpg 1024w, https:\/\/jornalfatosenoticias.com.br\/wp-content\/uploads\/2022\/05\/NOVA-LOGO-CESCONETTO-300x29.jpg 300w, https:\/\/jornalfatosenoticias.com.br\/wp-content\/uploads\/2022\/05\/NOVA-LOGO-CESCONETTO-768x75.jpg 768w, https:\/\/jornalfatosenoticias.com.br\/wp-content\/uploads\/2022\/05\/NOVA-LOGO-CESCONETTO.jpg 1280w\" sizes=\"auto, (max-width: 500px) 100vw, 500px\" \/><\/figure><\/div>\n\n\n\n<blockquote class=\"wp-block-quote is-layout-flow wp-block-quote-is-layout-flow\"><p><span class=\"has-inline-color has-luminous-vivid-orange-color\">\u201cMas, \u00e9 importante que seja esclarecido que a ocorr\u00eancia desse tipo de tumor, que \u00e9 duas vezes mais comum em pessoas da ra\u00e7a branca do que da negra, tem causa qualitativa e n\u00e3o quantitativa, ou seja, n\u00e3o \u00e9 relevante apenas o h\u00e1bito em si ou o n\u00famero de cigarros, mas <em><strong>o indiv\u00edduo precisa ter uma predisposi\u00e7\u00e3o para desenvolver a doen\u00e7a<\/strong>\u201d<\/em>, diz o urologista\u00a0<strong>Fernando Franco Le\u00e3o,<\/strong> do Hospital Israelita Albert Einstein em S\u00e3o Paulo e em Goi\u00e2nia.<\/span><\/p><\/blockquote>\n\n\n\n<div class=\"wp-block-image\"><figure class=\"alignright size-large is-resized\"><img loading=\"lazy\" decoding=\"async\" src=\"https:\/\/jornalfatosenoticias.com.br\/wp-content\/uploads\/2020\/02\/logo_esteio.jpg\" alt=\"\" class=\"wp-image-1214\" width=\"281\" height=\"234\"\/><\/figure><\/div>\n\n\n\n<p>Conforme estat\u00edsticas do Instituto do C\u00e2ncer (Inca) para 2020, o c\u00e2ncer de bexiga respondeu por 10.640 no ano, sendo 7590 homens e 3050 mulheres, resultando em 4517 mortes. Procurar um m\u00e9dico diante de qualquer suspeita em rela\u00e7\u00e3o ao seu aparecimento \u00e9 muito importante. <strong><em>\u201cSeu principal sintoma \u00e9 urina com sangue, podendo ter dor lombar ou em abd\u00f4men inferior, incha\u00e7o em pernas ou irrita\u00e7\u00e3o na bexiga\u201d<\/em><\/strong>, conta Le\u00e3o. Infelizmente, durante a pandemia n\u00e3o aconteceu dessa forma. <\/p>\n\n\n\n<div class=\"wp-block-image\"><figure class=\"aligncenter size-large is-resized\"><img loading=\"lazy\" decoding=\"async\" src=\"https:\/\/jornalfatosenoticias.com.br\/wp-content\/uploads\/2022\/02\/Serra-Pack-459.png\" alt=\"\" class=\"wp-image-27471\" width=\"265\" height=\"106\"\/><\/figure><\/div>\n\n\n\n<blockquote class=\"wp-block-quote is-layout-flow wp-block-quote-is-layout-flow\"><p><span class=\"has-inline-color has-luminous-vivid-orange-color\">\u201cTivemos muitos pacientes chegando \u00e0s consultas com quadros mais evolu\u00eddos e graves decorrentes da demora da procura ao Urologista ou por interrup\u00e7\u00e3o do tratamento antes do t\u00e9rmino previsto\u201d, conta o especialista.<\/span><\/p><\/blockquote>\n\n\n\n<div class=\"wp-block-image\"><figure class=\"alignleft size-large is-resized\"><img loading=\"lazy\" decoding=\"async\" src=\"https:\/\/jornalfatosenoticias.com.br\/wp-content\/uploads\/2020\/02\/nova-logo-Marquetti.jpg\" alt=\"\" class=\"wp-image-22331\" width=\"273\" height=\"183\" srcset=\"https:\/\/jornalfatosenoticias.com.br\/wp-content\/uploads\/2020\/02\/nova-logo-Marquetti.jpg 643w, https:\/\/jornalfatosenoticias.com.br\/wp-content\/uploads\/2020\/02\/nova-logo-Marquetti-300x202.jpg 300w\" sizes=\"auto, (max-width: 273px) 100vw, 273px\" \/><\/figure><\/div>\n\n\n\n<p><strong>O diagn\u00f3stico da doen\u00e7a \u00e9 realizado por exames de laborat\u00f3rio, de imagem (tomografia computadorizada ou resson\u00e2ncia magn\u00e9tica) e cistoscopia com bi\u00f3psia da les\u00e3o vesical<\/strong>. O tratamento vai depender do est\u00e1gio da doen\u00e7a e das condi\u00e7\u00f5es cl\u00ednicas do paciente, podendo ser realizados\u00a0<strong>imunoterapia vesical, quimioterapia, radioterapia e cirurgia<\/strong>. A cirurgia pode ser por via endosc\u00f3pica para a retirada do tumor pela uretra, ou a retirada parcial da bexiga ou a retirada total do \u00f3rg\u00e3o. Essas duas \u00faltimas podem ser realizadas de maneira aberta, laparosc\u00f3pica ou rob\u00f3tica.<\/p>\n\n\n\n<p><strong><em>Fonte: <a href=\"https:\/\/vivasaudedigital.com.br\/saude\/mais-de-70-dos-casos-de-cancer-de-bexiga-tem-ligacao-com-o-fumo-conforme-estimativas.phtml\">Viva Sa\u00fade<\/a><\/em><\/strong><\/p>\n","protected":false},"excerpt":{"rendered":"<p>Problema pode acontecer porque as subst\u00e2ncias t\u00f3xicas do cigarro t\u00eam muito contato com o \u00f3rg\u00e3o Posicionado em quarto lugar nos homens e o oitavo lugar na mulher, o c\u00e2ncer de bexiga \u00e9 o segundo tipo de c\u00e2ncer mais constante do trato do urin\u00e1rio. Esse tipo de c\u00e2ncer est\u00e1 presente com uma frequ\u00eancia maior na ra\u00e7a [&hellip;]<\/p>\n","protected":false},"author":2,"featured_media":30993,"comment_status":"open","ping_status":"open","sticky":false,"template":"","format":"standard","meta":{"footnotes":""},"categories":[11],"tags":[642,7792,7793,4078,14721,2286],"class_list":["post-30992","post","type-post","status-publish","format-standard","has-post-thumbnail","hentry","category-saude","tag-cancer","tag-cancer-de-bexiga","tag-cigarro","tag-fumo","tag-substancias-toxicas","tag-tabagismo"],"yoast_head":"<!-- This site is optimized with the Yoast SEO plugin v26.5 - https:\/\/yoast.com\/wordpress\/plugins\/seo\/ -->\n<title>Mais de 70% dos casos de c\u00e2ncer de bexiga t\u00eam liga\u00e7\u00e3o com o fumo, conforme estimativas - Jornal Fatos e Not\u00edcias<\/title>\n<meta name=\"robots\" content=\"index, follow, max-snippet:-1, max-image-preview:large, max-video-preview:-1\" \/>\n<link rel=\"canonical\" href=\"https:\/\/jornalfatosenoticias.com.br\/index.php\/2022\/06\/01\/mais-de-70-dos-casos-de-cancer-de-bexiga-tem-ligacao-com-o-fumo-conforme-estimativas\/\" \/>\n<meta property=\"og:locale\" content=\"pt_BR\" \/>\n<meta property=\"og:type\" content=\"article\" \/>\n<meta property=\"og:title\" content=\"Mais de 70% dos casos de c\u00e2ncer de bexiga t\u00eam liga\u00e7\u00e3o com o fumo, conforme estimativas - Jornal Fatos e Not\u00edcias\" \/>\n<meta property=\"og:description\" content=\"Problema pode acontecer porque as subst\u00e2ncias t\u00f3xicas do cigarro t\u00eam muito contato com o \u00f3rg\u00e3o Posicionado em quarto lugar nos homens e o oitavo lugar na mulher, o c\u00e2ncer de bexiga \u00e9 o segundo tipo de c\u00e2ncer mais constante do trato do urin\u00e1rio. Esse tipo de c\u00e2ncer est\u00e1 presente com uma frequ\u00eancia maior na ra\u00e7a [&hellip;]\" \/>\n<meta property=\"og:url\" content=\"https:\/\/jornalfatosenoticias.com.br\/index.php\/2022\/06\/01\/mais-de-70-dos-casos-de-cancer-de-bexiga-tem-ligacao-com-o-fumo-conforme-estimativas\/\" \/>\n<meta property=\"og:site_name\" content=\"Jornal Fatos e Not\u00edcias\" \/>\n<meta property=\"article:published_time\" content=\"2022-06-01T15:52:58+00:00\" \/>\n<meta property=\"article:modified_time\" content=\"2022-06-01T15:53:00+00:00\" \/>\n<meta property=\"og:image\" content=\"https:\/\/jornalfatosenoticias.com.br\/wp-content\/uploads\/2022\/06\/bexiga-cigarro.jpg\" \/>\n\t<meta property=\"og:image:width\" content=\"1000\" \/>\n\t<meta property=\"og:image:height\" content=\"562\" \/>\n\t<meta property=\"og:image:type\" content=\"image\/jpeg\" \/>\n<meta name=\"author\" content=\"Luzimara Fernandes\" \/>\n<meta name=\"twitter:card\" content=\"summary_large_image\" \/>\n<meta name=\"twitter:label1\" content=\"Escrito por\" \/>\n\t<meta name=\"twitter:data1\" content=\"Luzimara Fernandes\" \/>\n\t<meta name=\"twitter:label2\" content=\"Est. tempo de leitura\" \/>\n\t<meta name=\"twitter:data2\" content=\"3 minutos\" \/>\n<script type=\"application\/ld+json\" class=\"yoast-schema-graph\">{\"@context\":\"https:\/\/schema.org\",\"@graph\":[{\"@type\":\"Article\",\"@id\":\"https:\/\/jornalfatosenoticias.com.br\/index.php\/2022\/06\/01\/mais-de-70-dos-casos-de-cancer-de-bexiga-tem-ligacao-com-o-fumo-conforme-estimativas\/#article\",\"isPartOf\":{\"@id\":\"https:\/\/jornalfatosenoticias.com.br\/index.php\/2022\/06\/01\/mais-de-70-dos-casos-de-cancer-de-bexiga-tem-ligacao-com-o-fumo-conforme-estimativas\/\"},\"author\":{\"name\":\"Luzimara Fernandes\",\"@id\":\"https:\/\/jornalfatosenoticias.com.br\/#\/schema\/person\/d63837fa13ac8666eb9e74e0985d6f81\"},\"headline\":\"Mais de 70% dos casos de c\u00e2ncer de bexiga t\u00eam liga\u00e7\u00e3o com o fumo, conforme estimativas\",\"datePublished\":\"2022-06-01T15:52:58+00:00\",\"dateModified\":\"2022-06-01T15:53:00+00:00\",\"mainEntityOfPage\":{\"@id\":\"https:\/\/jornalfatosenoticias.com.br\/index.php\/2022\/06\/01\/mais-de-70-dos-casos-de-cancer-de-bexiga-tem-ligacao-com-o-fumo-conforme-estimativas\/\"},\"wordCount\":588,\"commentCount\":0,\"publisher\":{\"@id\":\"https:\/\/jornalfatosenoticias.com.br\/#organization\"},\"image\":{\"@id\":\"https:\/\/jornalfatosenoticias.com.br\/index.php\/2022\/06\/01\/mais-de-70-dos-casos-de-cancer-de-bexiga-tem-ligacao-com-o-fumo-conforme-estimativas\/#primaryimage\"},\"thumbnailUrl\":\"https:\/\/jornalfatosenoticias.com.br\/wp-content\/uploads\/2022\/06\/bexiga-cigarro.jpg\",\"keywords\":[\"c\u00e2ncer\",\"c\u00e2ncer de bexiga\",\"cigarro\",\"fumo\",\"subst\u00e2ncias t\u00f3xicas\",\"tabagismo\"],\"articleSection\":[\"Sa\u00fade\"],\"inLanguage\":\"pt-BR\",\"potentialAction\":[{\"@type\":\"CommentAction\",\"name\":\"Comment\",\"target\":[\"https:\/\/jornalfatosenoticias.com.br\/index.php\/2022\/06\/01\/mais-de-70-dos-casos-de-cancer-de-bexiga-tem-ligacao-com-o-fumo-conforme-estimativas\/#respond\"]}]},{\"@type\":\"WebPage\",\"@id\":\"https:\/\/jornalfatosenoticias.com.br\/index.php\/2022\/06\/01\/mais-de-70-dos-casos-de-cancer-de-bexiga-tem-ligacao-com-o-fumo-conforme-estimativas\/\",\"url\":\"https:\/\/jornalfatosenoticias.com.br\/index.php\/2022\/06\/01\/mais-de-70-dos-casos-de-cancer-de-bexiga-tem-ligacao-com-o-fumo-conforme-estimativas\/\",\"name\":\"Mais de 70% dos casos de c\u00e2ncer de bexiga t\u00eam liga\u00e7\u00e3o com o fumo, conforme estimativas - Jornal Fatos e Not\u00edcias\",\"isPartOf\":{\"@id\":\"https:\/\/jornalfatosenoticias.com.br\/#website\"},\"primaryImageOfPage\":{\"@id\":\"https:\/\/jornalfatosenoticias.com.br\/index.php\/2022\/06\/01\/mais-de-70-dos-casos-de-cancer-de-bexiga-tem-ligacao-com-o-fumo-conforme-estimativas\/#primaryimage\"},\"image\":{\"@id\":\"https:\/\/jornalfatosenoticias.com.br\/index.php\/2022\/06\/01\/mais-de-70-dos-casos-de-cancer-de-bexiga-tem-ligacao-com-o-fumo-conforme-estimativas\/#primaryimage\"},\"thumbnailUrl\":\"https:\/\/jornalfatosenoticias.com.br\/wp-content\/uploads\/2022\/06\/bexiga-cigarro.jpg\",\"datePublished\":\"2022-06-01T15:52:58+00:00\",\"dateModified\":\"2022-06-01T15:53:00+00:00\",\"breadcrumb\":{\"@id\":\"https:\/\/jornalfatosenoticias.com.br\/index.php\/2022\/06\/01\/mais-de-70-dos-casos-de-cancer-de-bexiga-tem-ligacao-com-o-fumo-conforme-estimativas\/#breadcrumb\"},\"inLanguage\":\"pt-BR\",\"potentialAction\":[{\"@type\":\"ReadAction\",\"target\":[\"https:\/\/jornalfatosenoticias.com.br\/index.php\/2022\/06\/01\/mais-de-70-dos-casos-de-cancer-de-bexiga-tem-ligacao-com-o-fumo-conforme-estimativas\/\"]}]},{\"@type\":\"ImageObject\",\"inLanguage\":\"pt-BR\",\"@id\":\"https:\/\/jornalfatosenoticias.com.br\/index.php\/2022\/06\/01\/mais-de-70-dos-casos-de-cancer-de-bexiga-tem-ligacao-com-o-fumo-conforme-estimativas\/#primaryimage\",\"url\":\"https:\/\/jornalfatosenoticias.com.br\/wp-content\/uploads\/2022\/06\/bexiga-cigarro.jpg\",\"contentUrl\":\"https:\/\/jornalfatosenoticias.com.br\/wp-content\/uploads\/2022\/06\/bexiga-cigarro.jpg\",\"width\":1000,\"height\":562},{\"@type\":\"BreadcrumbList\",\"@id\":\"https:\/\/jornalfatosenoticias.com.br\/index.php\/2022\/06\/01\/mais-de-70-dos-casos-de-cancer-de-bexiga-tem-ligacao-com-o-fumo-conforme-estimativas\/#breadcrumb\",\"itemListElement\":[{\"@type\":\"ListItem\",\"position\":1,\"name\":\"In\u00edcio\",\"item\":\"https:\/\/jornalfatosenoticias.com.br\/\"},{\"@type\":\"ListItem\",\"position\":2,\"name\":\"Mais de 70% dos casos de c\u00e2ncer de bexiga t\u00eam liga\u00e7\u00e3o com o fumo, conforme estimativas\"}]},{\"@type\":\"WebSite\",\"@id\":\"https:\/\/jornalfatosenoticias.com.br\/#website\",\"url\":\"https:\/\/jornalfatosenoticias.com.br\/\",\"name\":\"Jornal Fatos e Not\u00edcias\",\"description\":\"Not\u00edcias em geral\",\"publisher\":{\"@id\":\"https:\/\/jornalfatosenoticias.com.br\/#organization\"},\"potentialAction\":[{\"@type\":\"SearchAction\",\"target\":{\"@type\":\"EntryPoint\",\"urlTemplate\":\"https:\/\/jornalfatosenoticias.com.br\/?s={search_term_string}\"},\"query-input\":{\"@type\":\"PropertyValueSpecification\",\"valueRequired\":true,\"valueName\":\"search_term_string\"}}],\"inLanguage\":\"pt-BR\"},{\"@type\":\"Organization\",\"@id\":\"https:\/\/jornalfatosenoticias.com.br\/#organization\",\"name\":\"Jornal Fatos e Not\u00edcias\",\"url\":\"https:\/\/jornalfatosenoticias.com.br\/\",\"logo\":{\"@type\":\"ImageObject\",\"inLanguage\":\"pt-BR\",\"@id\":\"https:\/\/jornalfatosenoticias.com.br\/#\/schema\/logo\/image\/\",\"url\":\"https:\/\/jornalfatosenoticias.com.br\/wp-content\/uploads\/2020\/02\/logo120.png\",\"contentUrl\":\"https:\/\/jornalfatosenoticias.com.br\/wp-content\/uploads\/2020\/02\/logo120.png\",\"width\":1227,\"height\":120,\"caption\":\"Jornal Fatos e Not\u00edcias\"},\"image\":{\"@id\":\"https:\/\/jornalfatosenoticias.com.br\/#\/schema\/logo\/image\/\"}},{\"@type\":\"Person\",\"@id\":\"https:\/\/jornalfatosenoticias.com.br\/#\/schema\/person\/d63837fa13ac8666eb9e74e0985d6f81\",\"name\":\"Luzimara Fernandes\",\"image\":{\"@type\":\"ImageObject\",\"inLanguage\":\"pt-BR\",\"@id\":\"https:\/\/jornalfatosenoticias.com.br\/#\/schema\/person\/image\/\",\"url\":\"https:\/\/jornalfatosenoticias.com.br\/wp-content\/uploads\/2025\/05\/EU_portal.jpg\",\"contentUrl\":\"https:\/\/jornalfatosenoticias.com.br\/wp-content\/uploads\/2025\/05\/EU_portal.jpg\",\"caption\":\"Luzimara Fernandes\"},\"description\":\"Jornalista MTB 2358-ES\",\"sameAs\":[\"https:\/\/jornalfatosenoticias.com.br\"],\"url\":\"https:\/\/jornalfatosenoticias.com.br\/index.php\/author\/luzimara\/\"}]}<\/script>\n<!-- \/ Yoast SEO plugin. -->","yoast_head_json":{"title":"Mais de 70% dos casos de c\u00e2ncer de bexiga t\u00eam liga\u00e7\u00e3o com o fumo, conforme estimativas - Jornal Fatos e Not\u00edcias","robots":{"index":"index","follow":"follow","max-snippet":"max-snippet:-1","max-image-preview":"max-image-preview:large","max-video-preview":"max-video-preview:-1"},"canonical":"https:\/\/jornalfatosenoticias.com.br\/index.php\/2022\/06\/01\/mais-de-70-dos-casos-de-cancer-de-bexiga-tem-ligacao-com-o-fumo-conforme-estimativas\/","og_locale":"pt_BR","og_type":"article","og_title":"Mais de 70% dos casos de c\u00e2ncer de bexiga t\u00eam liga\u00e7\u00e3o com o fumo, conforme estimativas - Jornal Fatos e Not\u00edcias","og_description":"Problema pode acontecer porque as subst\u00e2ncias t\u00f3xicas do cigarro t\u00eam muito contato com o \u00f3rg\u00e3o Posicionado em quarto lugar nos homens e o oitavo lugar na mulher, o c\u00e2ncer de bexiga \u00e9 o segundo tipo de c\u00e2ncer mais constante do trato do urin\u00e1rio. Esse tipo de c\u00e2ncer est\u00e1 presente com uma frequ\u00eancia maior na ra\u00e7a [&hellip;]","og_url":"https:\/\/jornalfatosenoticias.com.br\/index.php\/2022\/06\/01\/mais-de-70-dos-casos-de-cancer-de-bexiga-tem-ligacao-com-o-fumo-conforme-estimativas\/","og_site_name":"Jornal Fatos e Not\u00edcias","article_published_time":"2022-06-01T15:52:58+00:00","article_modified_time":"2022-06-01T15:53:00+00:00","og_image":[{"width":1000,"height":562,"url":"https:\/\/jornalfatosenoticias.com.br\/wp-content\/uploads\/2022\/06\/bexiga-cigarro.jpg","type":"image\/jpeg"}],"author":"Luzimara Fernandes","twitter_card":"summary_large_image","twitter_misc":{"Escrito por":"Luzimara Fernandes","Est. tempo de leitura":"3 minutos"},"schema":{"@context":"https:\/\/schema.org","@graph":[{"@type":"Article","@id":"https:\/\/jornalfatosenoticias.com.br\/index.php\/2022\/06\/01\/mais-de-70-dos-casos-de-cancer-de-bexiga-tem-ligacao-com-o-fumo-conforme-estimativas\/#article","isPartOf":{"@id":"https:\/\/jornalfatosenoticias.com.br\/index.php\/2022\/06\/01\/mais-de-70-dos-casos-de-cancer-de-bexiga-tem-ligacao-com-o-fumo-conforme-estimativas\/"},"author":{"name":"Luzimara Fernandes","@id":"https:\/\/jornalfatosenoticias.com.br\/#\/schema\/person\/d63837fa13ac8666eb9e74e0985d6f81"},"headline":"Mais de 70% dos casos de c\u00e2ncer de bexiga t\u00eam liga\u00e7\u00e3o com o fumo, conforme estimativas","datePublished":"2022-06-01T15:52:58+00:00","dateModified":"2022-06-01T15:53:00+00:00","mainEntityOfPage":{"@id":"https:\/\/jornalfatosenoticias.com.br\/index.php\/2022\/06\/01\/mais-de-70-dos-casos-de-cancer-de-bexiga-tem-ligacao-com-o-fumo-conforme-estimativas\/"},"wordCount":588,"commentCount":0,"publisher":{"@id":"https:\/\/jornalfatosenoticias.com.br\/#organization"},"image":{"@id":"https:\/\/jornalfatosenoticias.com.br\/index.php\/2022\/06\/01\/mais-de-70-dos-casos-de-cancer-de-bexiga-tem-ligacao-com-o-fumo-conforme-estimativas\/#primaryimage"},"thumbnailUrl":"https:\/\/jornalfatosenoticias.com.br\/wp-content\/uploads\/2022\/06\/bexiga-cigarro.jpg","keywords":["c\u00e2ncer","c\u00e2ncer de bexiga","cigarro","fumo","subst\u00e2ncias t\u00f3xicas","tabagismo"],"articleSection":["Sa\u00fade"],"inLanguage":"pt-BR","potentialAction":[{"@type":"CommentAction","name":"Comment","target":["https:\/\/jornalfatosenoticias.com.br\/index.php\/2022\/06\/01\/mais-de-70-dos-casos-de-cancer-de-bexiga-tem-ligacao-com-o-fumo-conforme-estimativas\/#respond"]}]},{"@type":"WebPage","@id":"https:\/\/jornalfatosenoticias.com.br\/index.php\/2022\/06\/01\/mais-de-70-dos-casos-de-cancer-de-bexiga-tem-ligacao-com-o-fumo-conforme-estimativas\/","url":"https:\/\/jornalfatosenoticias.com.br\/index.php\/2022\/06\/01\/mais-de-70-dos-casos-de-cancer-de-bexiga-tem-ligacao-com-o-fumo-conforme-estimativas\/","name":"Mais de 70% dos casos de c\u00e2ncer de bexiga t\u00eam liga\u00e7\u00e3o com o fumo, conforme estimativas - Jornal Fatos e Not\u00edcias","isPartOf":{"@id":"https:\/\/jornalfatosenoticias.com.br\/#website"},"primaryImageOfPage":{"@id":"https:\/\/jornalfatosenoticias.com.br\/index.php\/2022\/06\/01\/mais-de-70-dos-casos-de-cancer-de-bexiga-tem-ligacao-com-o-fumo-conforme-estimativas\/#primaryimage"},"image":{"@id":"https:\/\/jornalfatosenoticias.com.br\/index.php\/2022\/06\/01\/mais-de-70-dos-casos-de-cancer-de-bexiga-tem-ligacao-com-o-fumo-conforme-estimativas\/#primaryimage"},"thumbnailUrl":"https:\/\/jornalfatosenoticias.com.br\/wp-content\/uploads\/2022\/06\/bexiga-cigarro.jpg","datePublished":"2022-06-01T15:52:58+00:00","dateModified":"2022-06-01T15:53:00+00:00","breadcrumb":{"@id":"https:\/\/jornalfatosenoticias.com.br\/index.php\/2022\/06\/01\/mais-de-70-dos-casos-de-cancer-de-bexiga-tem-ligacao-com-o-fumo-conforme-estimativas\/#breadcrumb"},"inLanguage":"pt-BR","potentialAction":[{"@type":"ReadAction","target":["https:\/\/jornalfatosenoticias.com.br\/index.php\/2022\/06\/01\/mais-de-70-dos-casos-de-cancer-de-bexiga-tem-ligacao-com-o-fumo-conforme-estimativas\/"]}]},{"@type":"ImageObject","inLanguage":"pt-BR","@id":"https:\/\/jornalfatosenoticias.com.br\/index.php\/2022\/06\/01\/mais-de-70-dos-casos-de-cancer-de-bexiga-tem-ligacao-com-o-fumo-conforme-estimativas\/#primaryimage","url":"https:\/\/jornalfatosenoticias.com.br\/wp-content\/uploads\/2022\/06\/bexiga-cigarro.jpg","contentUrl":"https:\/\/jornalfatosenoticias.com.br\/wp-content\/uploads\/2022\/06\/bexiga-cigarro.jpg","width":1000,"height":562},{"@type":"BreadcrumbList","@id":"https:\/\/jornalfatosenoticias.com.br\/index.php\/2022\/06\/01\/mais-de-70-dos-casos-de-cancer-de-bexiga-tem-ligacao-com-o-fumo-conforme-estimativas\/#breadcrumb","itemListElement":[{"@type":"ListItem","position":1,"name":"In\u00edcio","item":"https:\/\/jornalfatosenoticias.com.br\/"},{"@type":"ListItem","position":2,"name":"Mais de 70% dos casos de c\u00e2ncer de bexiga t\u00eam liga\u00e7\u00e3o com o fumo, conforme estimativas"}]},{"@type":"WebSite","@id":"https:\/\/jornalfatosenoticias.com.br\/#website","url":"https:\/\/jornalfatosenoticias.com.br\/","name":"Jornal Fatos e Not\u00edcias","description":"Not\u00edcias em geral","publisher":{"@id":"https:\/\/jornalfatosenoticias.com.br\/#organization"},"potentialAction":[{"@type":"SearchAction","target":{"@type":"EntryPoint","urlTemplate":"https:\/\/jornalfatosenoticias.com.br\/?s={search_term_string}"},"query-input":{"@type":"PropertyValueSpecification","valueRequired":true,"valueName":"search_term_string"}}],"inLanguage":"pt-BR"},{"@type":"Organization","@id":"https:\/\/jornalfatosenoticias.com.br\/#organization","name":"Jornal Fatos e Not\u00edcias","url":"https:\/\/jornalfatosenoticias.com.br\/","logo":{"@type":"ImageObject","inLanguage":"pt-BR","@id":"https:\/\/jornalfatosenoticias.com.br\/#\/schema\/logo\/image\/","url":"https:\/\/jornalfatosenoticias.com.br\/wp-content\/uploads\/2020\/02\/logo120.png","contentUrl":"https:\/\/jornalfatosenoticias.com.br\/wp-content\/uploads\/2020\/02\/logo120.png","width":1227,"height":120,"caption":"Jornal Fatos e Not\u00edcias"},"image":{"@id":"https:\/\/jornalfatosenoticias.com.br\/#\/schema\/logo\/image\/"}},{"@type":"Person","@id":"https:\/\/jornalfatosenoticias.com.br\/#\/schema\/person\/d63837fa13ac8666eb9e74e0985d6f81","name":"Luzimara Fernandes","image":{"@type":"ImageObject","inLanguage":"pt-BR","@id":"https:\/\/jornalfatosenoticias.com.br\/#\/schema\/person\/image\/","url":"https:\/\/jornalfatosenoticias.com.br\/wp-content\/uploads\/2025\/05\/EU_portal.jpg","contentUrl":"https:\/\/jornalfatosenoticias.com.br\/wp-content\/uploads\/2025\/05\/EU_portal.jpg","caption":"Luzimara Fernandes"},"description":"Jornalista MTB 2358-ES","sameAs":["https:\/\/jornalfatosenoticias.com.br"],"url":"https:\/\/jornalfatosenoticias.com.br\/index.php\/author\/luzimara\/"}]}},"cc_featured_image_caption":{"caption_text":"(Foto: Freepik\/jcomp) ","source_text":"","source_url":""},"jetpack_featured_media_url":"https:\/\/jornalfatosenoticias.com.br\/wp-content\/uploads\/2022\/06\/bexiga-cigarro.jpg","_links":{"self":[{"href":"https:\/\/jornalfatosenoticias.com.br\/index.php\/wp-json\/wp\/v2\/posts\/30992","targetHints":{"allow":["GET"]}}],"collection":[{"href":"https:\/\/jornalfatosenoticias.com.br\/index.php\/wp-json\/wp\/v2\/posts"}],"about":[{"href":"https:\/\/jornalfatosenoticias.com.br\/index.php\/wp-json\/wp\/v2\/types\/post"}],"author":[{"embeddable":true,"href":"https:\/\/jornalfatosenoticias.com.br\/index.php\/wp-json\/wp\/v2\/users\/2"}],"replies":[{"embeddable":true,"href":"https:\/\/jornalfatosenoticias.com.br\/index.php\/wp-json\/wp\/v2\/comments?post=30992"}],"version-history":[{"count":0,"href":"https:\/\/jornalfatosenoticias.com.br\/index.php\/wp-json\/wp\/v2\/posts\/30992\/revisions"}],"wp:featuredmedia":[{"embeddable":true,"href":"https:\/\/jornalfatosenoticias.com.br\/index.php\/wp-json\/wp\/v2\/media\/30993"}],"wp:attachment":[{"href":"https:\/\/jornalfatosenoticias.com.br\/index.php\/wp-json\/wp\/v2\/media?parent=30992"}],"wp:term":[{"taxonomy":"category","embeddable":true,"href":"https:\/\/jornalfatosenoticias.com.br\/index.php\/wp-json\/wp\/v2\/categories?post=30992"},{"taxonomy":"post_tag","embeddable":true,"href":"https:\/\/jornalfatosenoticias.com.br\/index.php\/wp-json\/wp\/v2\/tags?post=30992"}],"curies":[{"name":"wp","href":"https:\/\/api.w.org\/{rel}","templated":true}]}}