{"id":31215,"date":"2022-06-08T11:57:56","date_gmt":"2022-06-08T14:57:56","guid":{"rendered":"https:\/\/jornalfatosenoticias.com.br\/?p=31215"},"modified":"2022-06-08T11:58:00","modified_gmt":"2022-06-08T14:58:00","slug":"selecao-sub-20-masculina-estreia-no-torneio-internacional-do-es","status":"publish","type":"post","link":"https:\/\/jornalfatosenoticias.com.br\/index.php\/2022\/06\/08\/selecao-sub-20-masculina-estreia-no-torneio-internacional-do-es\/","title":{"rendered":"Sele\u00e7\u00e3o sub-20 masculina estreia no Torneio Internacional do ES"},"content":{"rendered":"\n<p><em><span class=\"has-inline-color has-black-color\">Competi\u00e7\u00e3o em Cariacica contar\u00e1 com transmiss\u00e3o da TV Brasil<\/span><\/em><\/p>\n\n\n\n<div class=\"wp-block-image\"><figure class=\"aligncenter size-large is-resized\"><img loading=\"lazy\" decoding=\"async\" src=\"https:\/\/jornalfatosenoticias.com.br\/wp-content\/uploads\/2022\/05\/NOVA-LOGO-CESCONETTO-1024x100.jpg\" alt=\"\" class=\"wp-image-30792\" width=\"467\" height=\"45\" srcset=\"https:\/\/jornalfatosenoticias.com.br\/wp-content\/uploads\/2022\/05\/NOVA-LOGO-CESCONETTO-1024x100.jpg 1024w, https:\/\/jornalfatosenoticias.com.br\/wp-content\/uploads\/2022\/05\/NOVA-LOGO-CESCONETTO-300x29.jpg 300w, https:\/\/jornalfatosenoticias.com.br\/wp-content\/uploads\/2022\/05\/NOVA-LOGO-CESCONETTO-768x75.jpg 768w, https:\/\/jornalfatosenoticias.com.br\/wp-content\/uploads\/2022\/05\/NOVA-LOGO-CESCONETTO.jpg 1280w\" sizes=\"auto, (max-width: 467px) 100vw, 467px\" \/><\/figure><\/div>\n\n\n\n<p>Come\u00e7a nesta quarta (08), \u00e0s 20h30 (hor\u00e1rio de Bras\u00edlia), a caminhada da sele\u00e7\u00e3o brasileira masculina no Torneio Internacional Sub-20 do Esp\u00edrito Santo, disputado no Est\u00e1dio Kl\u00e9ber Andrade, em Cariacica. O Brasil encara o Paraguai no primeiro de tr\u00eas compromissos que ter\u00e3o transmiss\u00e3o ao vivo da <strong><a href=\"https:\/\/tvbrasil.ebc.com.br\/comosintonizar\"><strong>TV Brasil<\/strong><\/a><\/strong> para todo o Pa\u00eds. Os outros advers\u00e1rios ser\u00e3o Equador (na sexta, dia 10) e Uruguai (no domingo, dia 12), ambos no mesmo hor\u00e1rio da estreia.<br>O Torneio ser\u00e1 o primeiro desafio do t\u00e9cnico Ramon Menezes, que assumiu a sele\u00e7\u00e3o em mar\u00e7o e tem como grande meta prepar\u00e1-la para o Sul-Americano da categoria, previsto para janeiro de 2023. No Esp\u00edrito Santo, o Brasil encontrar\u00e1 advers\u00e1rios que tamb\u00e9m estar\u00e3o na disputa do Sul-Americano.<\/p>\n\n\n\n<div class=\"wp-block-image\"><figure class=\"aligncenter size-large is-resized\"><img loading=\"lazy\" decoding=\"async\" src=\"https:\/\/jornalfatosenoticias.com.br\/wp-content\/uploads\/2022\/02\/Serra-Pack-459.png\" alt=\"\" class=\"wp-image-27471\" width=\"308\" height=\"123\"\/><\/figure><\/div>\n\n\n\n<blockquote class=\"wp-block-quote is-layout-flow wp-block-quote-is-layout-flow\"><p><span class=\"has-inline-color has-luminous-vivid-orange-color\">\u201cA expectativa \u00e9 \u00f3tima. Acredito que vai ser muito bom, porque ser\u00e3o nossos futuros advers\u00e1rios. J\u00e1 vi alguns jogos das tr\u00eas sele\u00e7\u00f5es e s\u00e3o times que v\u00e3o nos trazer uma dificuldade muito grande, mas assim deve ser a prepara\u00e7\u00e3o\u201d, opinou Ramon.<\/span><\/p><\/blockquote>\n\n\n\n<div class=\"wp-block-image\"><figure class=\"aligncenter size-large is-resized\"><img loading=\"lazy\" decoding=\"async\" src=\"https:\/\/jornalfatosenoticias.com.br\/wp-content\/uploads\/2020\/02\/Serra-Grande-1024x160.png\" alt=\"\" class=\"wp-image-7836\" width=\"453\" height=\"70\"\/><\/figure><\/div>\n\n\n\n<p>A sele\u00e7\u00e3o treinou por seis dias na Granja Comary, em Teres\u00f3polis, antes de embarcar para o Esp\u00edrito Santo, onde treinou na segunda (6) e na ter\u00e7a (7). A segunda atividade foi completamente fechada, sem ind\u00edcios de qual ser\u00e1 o time titular diante dos paraguaios.<\/p>\n\n\n\n<figure class=\"wp-block-embed-twitter wp-block-embed is-type-rich is-provider-twitter\"><div class=\"wp-block-embed__wrapper\">\n<blockquote class=\"twitter-tweet\" data-width=\"550\" data-dnt=\"true\"><p lang=\"pt\" dir=\"ltr\">Amanh\u00e3 tem <a href=\"https:\/\/twitter.com\/hashtag\/Sele%C3%A7%C3%A3oSub20?src=hash&amp;ref_src=twsrc%5Etfw\">#Sele\u00e7\u00e3oSub20<\/a> em campo! Time estreia no Torneio Internacional do Esp\u00edrito Santo contra o Paraguai e voc\u00ea vai poder assistir AO VIVO na TV Brasil.<br><br>\ud83c\udde7\ud83c\uddf7 x \ud83c\uddf5\ud83c\uddfe | 08\/06 &#8211; 20h30<br><br>Fotos: Foto FC\/Pedro Vale <a href=\"https:\/\/t.co\/PHboPb2GWx\">pic.twitter.com\/PHboPb2GWx<\/a><\/p>&mdash; brasil (@CBF_Futebol) <a href=\"https:\/\/twitter.com\/CBF_Futebol\/status\/1534283727702052869?ref_src=twsrc%5Etfw\">June 7, 2022<\/a><\/blockquote><script async src=\"https:\/\/platform.twitter.com\/widgets.js\" charset=\"utf-8\"><\/script>\n<\/div><\/figure>\n\n\n\n<div class=\"wp-block-image\"><figure class=\"alignleft size-large\"><img decoding=\"async\" src=\"https:\/\/jornalfatosenoticias.com.br\/wp-content\/uploads\/2020\/02\/logo_esteio.jpg\" alt=\"\" class=\"wp-image-1214\"\/><\/figure><\/div>\n\n\n\n<p>A expectativa \u00e9 de ver em a\u00e7\u00e3o alguns garotos que j\u00e1 se projetam nos principais clubes do Pa\u00eds, como os atacantes Marcos Leonardo (Santos), V\u00edtor Roque (Athletico Paranaense) e Matheus Nascimento (Botafogo), assim como outros nomes que j\u00e1 defendem equipes estrangeiras, mesmo que ainda nas categorias de base, casos de Vin\u00edcius Tobias (Real Madrid) e Kayky (Manchester City).<br>O Torneio Internacional do Esp\u00edrito Santo pode ser a primeira oportunidade para acompanhar a forma\u00e7\u00e3o da equipe que ir\u00e1 ao Sul-Americano, que, por sua vez, d\u00e1 vaga para a Copa do Mundo sub-20 de 2023, na Indon\u00e9sia. O Brasil tem cinco t\u00edtulos mundiais na categoria (abaixo apenas da Argentina, com seis), mas n\u00e3o \u00e9 campe\u00e3o desde 2011.<\/p>\n\n\n\n<p><strong><span class=\"has-inline-color has-vivid-green-cyan-color\">Hor\u00e1rio das transmiss\u00f5es<br><\/span><\/strong>Os telespectadores podem acompanhar todos os jogos do Torneio Internacional Sub-20 na <strong><span class=\"has-inline-color has-black-color\">TV Brasil 2.<\/span><\/strong> Os duelos s\u00e3o exibidos nesta quarta, na sexta e no domingo, com dois confrontos por dia, \u00e0s 18h e \u00e0s 20h30. A sele\u00e7\u00e3o canarinho entra em campo sempre no segundo hor\u00e1rio.<br>O cl\u00e1ssico Brasil e Uruguai, \u00faltima partida da competi\u00e7\u00e3o, ser\u00e1 transmitido simultaneamente com a <strong><span class=\"has-inline-color has-black-color\">TV Brasil 1<\/span><\/strong> no domingo, a partir das 20h30.<\/p>\n\n\n\n<div class=\"wp-block-image\"><figure class=\"aligncenter size-large is-resized\"><img loading=\"lazy\" decoding=\"async\" src=\"https:\/\/jornalfatosenoticias.com.br\/wp-content\/uploads\/2020\/02\/Logo_Mizu.png\" alt=\"\" class=\"wp-image-1441\" width=\"483\" height=\"59\" srcset=\"https:\/\/jornalfatosenoticias.com.br\/wp-content\/uploads\/2020\/02\/Logo_Mizu.png 729w, https:\/\/jornalfatosenoticias.com.br\/wp-content\/uploads\/2020\/02\/Logo_Mizu-300x37.png 300w\" sizes=\"auto, (max-width: 483px) 100vw, 483px\" \/><\/figure><\/div>\n\n\n\n<p><strong><span class=\"has-inline-color has-vivid-green-cyan-color\">Tabela completa<br><\/span><\/strong><em><span class=\"has-inline-color has-black-color\">08 de junho (quarta-feira)<br><\/span><\/em>18h00 \u2014 Uruguai x Equador<br>20h30 \u2014 Brasil x Paraguai<\/p>\n\n\n\n<p><em><span class=\"has-inline-color has-black-color\">10 de junho (sexta-feira)<br><\/span><\/em>18h00 \u2014 Paraguai x Uruguai<br>20h30 \u2014 Brasil x Equador<\/p>\n\n\n\n<p><em><span class=\"has-inline-color has-black-color\">12 de junho (domingo)<br><\/span><\/em>18h00 \u2014 Equador x Paraguai<br>20h30 \u2014 Brasil x Uruguai<\/p>\n\n\n\n<p><strong><em>Fonte: <a href=\"https:\/\/agenciabrasil.ebc.com.br\/esportes\/noticia\/2022-06\/selecao-sub-20-masculina-estreia-no-torneio-internacional-do-es\">Ag\u00eancia Brasil<\/a><\/em><\/strong><\/p>\n","protected":false},"excerpt":{"rendered":"<p>Competi\u00e7\u00e3o em Cariacica contar\u00e1 com transmiss\u00e3o da TV Brasil Come\u00e7a nesta quarta (08), \u00e0s 20h30 (hor\u00e1rio de Bras\u00edlia), a caminhada da sele\u00e7\u00e3o brasileira masculina no Torneio Internacional Sub-20 do Esp\u00edrito Santo, disputado no Est\u00e1dio Kl\u00e9ber Andrade, em Cariacica. O Brasil encara o Paraguai no primeiro de tr\u00eas compromissos que ter\u00e3o transmiss\u00e3o ao vivo da TV [&hellip;]<\/p>\n","protected":false},"author":2,"featured_media":31216,"comment_status":"open","ping_status":"open","sticky":false,"template":"","format":"standard","meta":{"footnotes":""},"categories":[12],"tags":[43,632,14820,14821,6428],"class_list":["post-31215","post","type-post","status-publish","format-standard","has-post-thumbnail","hentry","category-esportes","tag-esportes","tag-futebol","tag-selecao-brasileira-sub-20","tag-torneio-internacional-sub-20-do-espirito-santo","tag-tv-brasil"],"yoast_head":"<!-- This site is optimized with the Yoast SEO plugin v26.5 - https:\/\/yoast.com\/wordpress\/plugins\/seo\/ -->\n<title>Sele\u00e7\u00e3o sub-20 masculina estreia no Torneio Internacional do ES - Jornal Fatos e Not\u00edcias<\/title>\n<meta name=\"robots\" content=\"index, follow, max-snippet:-1, max-image-preview:large, max-video-preview:-1\" \/>\n<link rel=\"canonical\" href=\"https:\/\/jornalfatosenoticias.com.br\/index.php\/2022\/06\/08\/selecao-sub-20-masculina-estreia-no-torneio-internacional-do-es\/\" \/>\n<meta property=\"og:locale\" content=\"pt_BR\" \/>\n<meta property=\"og:type\" content=\"article\" \/>\n<meta property=\"og:title\" content=\"Sele\u00e7\u00e3o sub-20 masculina estreia no Torneio Internacional do ES - Jornal Fatos e Not\u00edcias\" \/>\n<meta property=\"og:description\" content=\"Competi\u00e7\u00e3o em Cariacica contar\u00e1 com transmiss\u00e3o da TV Brasil Come\u00e7a nesta quarta (08), \u00e0s 20h30 (hor\u00e1rio de Bras\u00edlia), a caminhada da sele\u00e7\u00e3o brasileira masculina no Torneio Internacional Sub-20 do Esp\u00edrito Santo, disputado no Est\u00e1dio Kl\u00e9ber Andrade, em Cariacica. O Brasil encara o Paraguai no primeiro de tr\u00eas compromissos que ter\u00e3o transmiss\u00e3o ao vivo da TV [&hellip;]\" \/>\n<meta property=\"og:url\" content=\"https:\/\/jornalfatosenoticias.com.br\/index.php\/2022\/06\/08\/selecao-sub-20-masculina-estreia-no-torneio-internacional-do-es\/\" \/>\n<meta property=\"og:site_name\" content=\"Jornal Fatos e Not\u00edcias\" \/>\n<meta property=\"article:published_time\" content=\"2022-06-08T14:57:56+00:00\" \/>\n<meta property=\"article:modified_time\" content=\"2022-06-08T14:58:00+00:00\" \/>\n<meta property=\"og:image\" content=\"https:\/\/jornalfatosenoticias.com.br\/wp-content\/uploads\/2022\/06\/selecao-sub-20.jpg\" \/>\n\t<meta property=\"og:image:width\" content=\"1000\" \/>\n\t<meta property=\"og:image:height\" content=\"598\" \/>\n\t<meta property=\"og:image:type\" content=\"image\/jpeg\" \/>\n<meta name=\"author\" content=\"Luzimara Fernandes\" \/>\n<meta name=\"twitter:card\" content=\"summary_large_image\" \/>\n<meta name=\"twitter:label1\" content=\"Escrito por\" \/>\n\t<meta name=\"twitter:data1\" content=\"Luzimara Fernandes\" \/>\n\t<meta name=\"twitter:label2\" content=\"Est. tempo de leitura\" \/>\n\t<meta name=\"twitter:data2\" content=\"3 minutos\" \/>\n<script type=\"application\/ld+json\" class=\"yoast-schema-graph\">{\"@context\":\"https:\/\/schema.org\",\"@graph\":[{\"@type\":\"Article\",\"@id\":\"https:\/\/jornalfatosenoticias.com.br\/index.php\/2022\/06\/08\/selecao-sub-20-masculina-estreia-no-torneio-internacional-do-es\/#article\",\"isPartOf\":{\"@id\":\"https:\/\/jornalfatosenoticias.com.br\/index.php\/2022\/06\/08\/selecao-sub-20-masculina-estreia-no-torneio-internacional-do-es\/\"},\"author\":{\"name\":\"Luzimara Fernandes\",\"@id\":\"https:\/\/jornalfatosenoticias.com.br\/#\/schema\/person\/d63837fa13ac8666eb9e74e0985d6f81\"},\"headline\":\"Sele\u00e7\u00e3o sub-20 masculina estreia no Torneio Internacional do ES\",\"datePublished\":\"2022-06-08T14:57:56+00:00\",\"dateModified\":\"2022-06-08T14:58:00+00:00\",\"mainEntityOfPage\":{\"@id\":\"https:\/\/jornalfatosenoticias.com.br\/index.php\/2022\/06\/08\/selecao-sub-20-masculina-estreia-no-torneio-internacional-do-es\/\"},\"wordCount\":522,\"commentCount\":0,\"publisher\":{\"@id\":\"https:\/\/jornalfatosenoticias.com.br\/#organization\"},\"image\":{\"@id\":\"https:\/\/jornalfatosenoticias.com.br\/index.php\/2022\/06\/08\/selecao-sub-20-masculina-estreia-no-torneio-internacional-do-es\/#primaryimage\"},\"thumbnailUrl\":\"https:\/\/jornalfatosenoticias.com.br\/wp-content\/uploads\/2022\/06\/selecao-sub-20.jpg\",\"keywords\":[\"esportes\",\"futebol\",\"sele\u00e7\u00e3o brasileira sub-20\",\"Torneio Internacional Sub-20 do Esp\u00edrito Santo\",\"TV Brasil\"],\"articleSection\":[\"Esportes\"],\"inLanguage\":\"pt-BR\",\"potentialAction\":[{\"@type\":\"CommentAction\",\"name\":\"Comment\",\"target\":[\"https:\/\/jornalfatosenoticias.com.br\/index.php\/2022\/06\/08\/selecao-sub-20-masculina-estreia-no-torneio-internacional-do-es\/#respond\"]}]},{\"@type\":\"WebPage\",\"@id\":\"https:\/\/jornalfatosenoticias.com.br\/index.php\/2022\/06\/08\/selecao-sub-20-masculina-estreia-no-torneio-internacional-do-es\/\",\"url\":\"https:\/\/jornalfatosenoticias.com.br\/index.php\/2022\/06\/08\/selecao-sub-20-masculina-estreia-no-torneio-internacional-do-es\/\",\"name\":\"Sele\u00e7\u00e3o sub-20 masculina estreia no Torneio Internacional do ES - Jornal Fatos e Not\u00edcias\",\"isPartOf\":{\"@id\":\"https:\/\/jornalfatosenoticias.com.br\/#website\"},\"primaryImageOfPage\":{\"@id\":\"https:\/\/jornalfatosenoticias.com.br\/index.php\/2022\/06\/08\/selecao-sub-20-masculina-estreia-no-torneio-internacional-do-es\/#primaryimage\"},\"image\":{\"@id\":\"https:\/\/jornalfatosenoticias.com.br\/index.php\/2022\/06\/08\/selecao-sub-20-masculina-estreia-no-torneio-internacional-do-es\/#primaryimage\"},\"thumbnailUrl\":\"https:\/\/jornalfatosenoticias.com.br\/wp-content\/uploads\/2022\/06\/selecao-sub-20.jpg\",\"datePublished\":\"2022-06-08T14:57:56+00:00\",\"dateModified\":\"2022-06-08T14:58:00+00:00\",\"breadcrumb\":{\"@id\":\"https:\/\/jornalfatosenoticias.com.br\/index.php\/2022\/06\/08\/selecao-sub-20-masculina-estreia-no-torneio-internacional-do-es\/#breadcrumb\"},\"inLanguage\":\"pt-BR\",\"potentialAction\":[{\"@type\":\"ReadAction\",\"target\":[\"https:\/\/jornalfatosenoticias.com.br\/index.php\/2022\/06\/08\/selecao-sub-20-masculina-estreia-no-torneio-internacional-do-es\/\"]}]},{\"@type\":\"ImageObject\",\"inLanguage\":\"pt-BR\",\"@id\":\"https:\/\/jornalfatosenoticias.com.br\/index.php\/2022\/06\/08\/selecao-sub-20-masculina-estreia-no-torneio-internacional-do-es\/#primaryimage\",\"url\":\"https:\/\/jornalfatosenoticias.com.br\/wp-content\/uploads\/2022\/06\/selecao-sub-20.jpg\",\"contentUrl\":\"https:\/\/jornalfatosenoticias.com.br\/wp-content\/uploads\/2022\/06\/selecao-sub-20.jpg\",\"width\":1000,\"height\":598},{\"@type\":\"BreadcrumbList\",\"@id\":\"https:\/\/jornalfatosenoticias.com.br\/index.php\/2022\/06\/08\/selecao-sub-20-masculina-estreia-no-torneio-internacional-do-es\/#breadcrumb\",\"itemListElement\":[{\"@type\":\"ListItem\",\"position\":1,\"name\":\"In\u00edcio\",\"item\":\"https:\/\/jornalfatosenoticias.com.br\/\"},{\"@type\":\"ListItem\",\"position\":2,\"name\":\"Sele\u00e7\u00e3o sub-20 masculina estreia no Torneio Internacional do ES\"}]},{\"@type\":\"WebSite\",\"@id\":\"https:\/\/jornalfatosenoticias.com.br\/#website\",\"url\":\"https:\/\/jornalfatosenoticias.com.br\/\",\"name\":\"Jornal Fatos e Not\u00edcias\",\"description\":\"Not\u00edcias em geral\",\"publisher\":{\"@id\":\"https:\/\/jornalfatosenoticias.com.br\/#organization\"},\"potentialAction\":[{\"@type\":\"SearchAction\",\"target\":{\"@type\":\"EntryPoint\",\"urlTemplate\":\"https:\/\/jornalfatosenoticias.com.br\/?s={search_term_string}\"},\"query-input\":{\"@type\":\"PropertyValueSpecification\",\"valueRequired\":true,\"valueName\":\"search_term_string\"}}],\"inLanguage\":\"pt-BR\"},{\"@type\":\"Organization\",\"@id\":\"https:\/\/jornalfatosenoticias.com.br\/#organization\",\"name\":\"Jornal Fatos e Not\u00edcias\",\"url\":\"https:\/\/jornalfatosenoticias.com.br\/\",\"logo\":{\"@type\":\"ImageObject\",\"inLanguage\":\"pt-BR\",\"@id\":\"https:\/\/jornalfatosenoticias.com.br\/#\/schema\/logo\/image\/\",\"url\":\"https:\/\/jornalfatosenoticias.com.br\/wp-content\/uploads\/2020\/02\/logo120.png\",\"contentUrl\":\"https:\/\/jornalfatosenoticias.com.br\/wp-content\/uploads\/2020\/02\/logo120.png\",\"width\":1227,\"height\":120,\"caption\":\"Jornal Fatos e Not\u00edcias\"},\"image\":{\"@id\":\"https:\/\/jornalfatosenoticias.com.br\/#\/schema\/logo\/image\/\"}},{\"@type\":\"Person\",\"@id\":\"https:\/\/jornalfatosenoticias.com.br\/#\/schema\/person\/d63837fa13ac8666eb9e74e0985d6f81\",\"name\":\"Luzimara Fernandes\",\"image\":{\"@type\":\"ImageObject\",\"inLanguage\":\"pt-BR\",\"@id\":\"https:\/\/jornalfatosenoticias.com.br\/#\/schema\/person\/image\/\",\"url\":\"https:\/\/jornalfatosenoticias.com.br\/wp-content\/uploads\/2025\/05\/EU_portal.jpg\",\"contentUrl\":\"https:\/\/jornalfatosenoticias.com.br\/wp-content\/uploads\/2025\/05\/EU_portal.jpg\",\"caption\":\"Luzimara Fernandes\"},\"description\":\"Jornalista MTB 2358-ES\",\"sameAs\":[\"https:\/\/jornalfatosenoticias.com.br\"],\"url\":\"https:\/\/jornalfatosenoticias.com.br\/index.php\/author\/luzimara\/\"}]}<\/script>\n<!-- \/ Yoast SEO plugin. -->","yoast_head_json":{"title":"Sele\u00e7\u00e3o sub-20 masculina estreia no Torneio Internacional do ES - Jornal Fatos e Not\u00edcias","robots":{"index":"index","follow":"follow","max-snippet":"max-snippet:-1","max-image-preview":"max-image-preview:large","max-video-preview":"max-video-preview:-1"},"canonical":"https:\/\/jornalfatosenoticias.com.br\/index.php\/2022\/06\/08\/selecao-sub-20-masculina-estreia-no-torneio-internacional-do-es\/","og_locale":"pt_BR","og_type":"article","og_title":"Sele\u00e7\u00e3o sub-20 masculina estreia no Torneio Internacional do ES - Jornal Fatos e Not\u00edcias","og_description":"Competi\u00e7\u00e3o em Cariacica contar\u00e1 com transmiss\u00e3o da TV Brasil Come\u00e7a nesta quarta (08), \u00e0s 20h30 (hor\u00e1rio de Bras\u00edlia), a caminhada da sele\u00e7\u00e3o brasileira masculina no Torneio Internacional Sub-20 do Esp\u00edrito Santo, disputado no Est\u00e1dio Kl\u00e9ber Andrade, em Cariacica. O Brasil encara o Paraguai no primeiro de tr\u00eas compromissos que ter\u00e3o transmiss\u00e3o ao vivo da TV [&hellip;]","og_url":"https:\/\/jornalfatosenoticias.com.br\/index.php\/2022\/06\/08\/selecao-sub-20-masculina-estreia-no-torneio-internacional-do-es\/","og_site_name":"Jornal Fatos e Not\u00edcias","article_published_time":"2022-06-08T14:57:56+00:00","article_modified_time":"2022-06-08T14:58:00+00:00","og_image":[{"width":1000,"height":598,"url":"https:\/\/jornalfatosenoticias.com.br\/wp-content\/uploads\/2022\/06\/selecao-sub-20.jpg","type":"image\/jpeg"}],"author":"Luzimara Fernandes","twitter_card":"summary_large_image","twitter_misc":{"Escrito por":"Luzimara Fernandes","Est. tempo de leitura":"3 minutos"},"schema":{"@context":"https:\/\/schema.org","@graph":[{"@type":"Article","@id":"https:\/\/jornalfatosenoticias.com.br\/index.php\/2022\/06\/08\/selecao-sub-20-masculina-estreia-no-torneio-internacional-do-es\/#article","isPartOf":{"@id":"https:\/\/jornalfatosenoticias.com.br\/index.php\/2022\/06\/08\/selecao-sub-20-masculina-estreia-no-torneio-internacional-do-es\/"},"author":{"name":"Luzimara Fernandes","@id":"https:\/\/jornalfatosenoticias.com.br\/#\/schema\/person\/d63837fa13ac8666eb9e74e0985d6f81"},"headline":"Sele\u00e7\u00e3o sub-20 masculina estreia no Torneio Internacional do ES","datePublished":"2022-06-08T14:57:56+00:00","dateModified":"2022-06-08T14:58:00+00:00","mainEntityOfPage":{"@id":"https:\/\/jornalfatosenoticias.com.br\/index.php\/2022\/06\/08\/selecao-sub-20-masculina-estreia-no-torneio-internacional-do-es\/"},"wordCount":522,"commentCount":0,"publisher":{"@id":"https:\/\/jornalfatosenoticias.com.br\/#organization"},"image":{"@id":"https:\/\/jornalfatosenoticias.com.br\/index.php\/2022\/06\/08\/selecao-sub-20-masculina-estreia-no-torneio-internacional-do-es\/#primaryimage"},"thumbnailUrl":"https:\/\/jornalfatosenoticias.com.br\/wp-content\/uploads\/2022\/06\/selecao-sub-20.jpg","keywords":["esportes","futebol","sele\u00e7\u00e3o brasileira sub-20","Torneio Internacional Sub-20 do Esp\u00edrito Santo","TV Brasil"],"articleSection":["Esportes"],"inLanguage":"pt-BR","potentialAction":[{"@type":"CommentAction","name":"Comment","target":["https:\/\/jornalfatosenoticias.com.br\/index.php\/2022\/06\/08\/selecao-sub-20-masculina-estreia-no-torneio-internacional-do-es\/#respond"]}]},{"@type":"WebPage","@id":"https:\/\/jornalfatosenoticias.com.br\/index.php\/2022\/06\/08\/selecao-sub-20-masculina-estreia-no-torneio-internacional-do-es\/","url":"https:\/\/jornalfatosenoticias.com.br\/index.php\/2022\/06\/08\/selecao-sub-20-masculina-estreia-no-torneio-internacional-do-es\/","name":"Sele\u00e7\u00e3o sub-20 masculina estreia no Torneio Internacional do ES - Jornal Fatos e Not\u00edcias","isPartOf":{"@id":"https:\/\/jornalfatosenoticias.com.br\/#website"},"primaryImageOfPage":{"@id":"https:\/\/jornalfatosenoticias.com.br\/index.php\/2022\/06\/08\/selecao-sub-20-masculina-estreia-no-torneio-internacional-do-es\/#primaryimage"},"image":{"@id":"https:\/\/jornalfatosenoticias.com.br\/index.php\/2022\/06\/08\/selecao-sub-20-masculina-estreia-no-torneio-internacional-do-es\/#primaryimage"},"thumbnailUrl":"https:\/\/jornalfatosenoticias.com.br\/wp-content\/uploads\/2022\/06\/selecao-sub-20.jpg","datePublished":"2022-06-08T14:57:56+00:00","dateModified":"2022-06-08T14:58:00+00:00","breadcrumb":{"@id":"https:\/\/jornalfatosenoticias.com.br\/index.php\/2022\/06\/08\/selecao-sub-20-masculina-estreia-no-torneio-internacional-do-es\/#breadcrumb"},"inLanguage":"pt-BR","potentialAction":[{"@type":"ReadAction","target":["https:\/\/jornalfatosenoticias.com.br\/index.php\/2022\/06\/08\/selecao-sub-20-masculina-estreia-no-torneio-internacional-do-es\/"]}]},{"@type":"ImageObject","inLanguage":"pt-BR","@id":"https:\/\/jornalfatosenoticias.com.br\/index.php\/2022\/06\/08\/selecao-sub-20-masculina-estreia-no-torneio-internacional-do-es\/#primaryimage","url":"https:\/\/jornalfatosenoticias.com.br\/wp-content\/uploads\/2022\/06\/selecao-sub-20.jpg","contentUrl":"https:\/\/jornalfatosenoticias.com.br\/wp-content\/uploads\/2022\/06\/selecao-sub-20.jpg","width":1000,"height":598},{"@type":"BreadcrumbList","@id":"https:\/\/jornalfatosenoticias.com.br\/index.php\/2022\/06\/08\/selecao-sub-20-masculina-estreia-no-torneio-internacional-do-es\/#breadcrumb","itemListElement":[{"@type":"ListItem","position":1,"name":"In\u00edcio","item":"https:\/\/jornalfatosenoticias.com.br\/"},{"@type":"ListItem","position":2,"name":"Sele\u00e7\u00e3o sub-20 masculina estreia no Torneio Internacional do ES"}]},{"@type":"WebSite","@id":"https:\/\/jornalfatosenoticias.com.br\/#website","url":"https:\/\/jornalfatosenoticias.com.br\/","name":"Jornal Fatos e Not\u00edcias","description":"Not\u00edcias em geral","publisher":{"@id":"https:\/\/jornalfatosenoticias.com.br\/#organization"},"potentialAction":[{"@type":"SearchAction","target":{"@type":"EntryPoint","urlTemplate":"https:\/\/jornalfatosenoticias.com.br\/?s={search_term_string}"},"query-input":{"@type":"PropertyValueSpecification","valueRequired":true,"valueName":"search_term_string"}}],"inLanguage":"pt-BR"},{"@type":"Organization","@id":"https:\/\/jornalfatosenoticias.com.br\/#organization","name":"Jornal Fatos e Not\u00edcias","url":"https:\/\/jornalfatosenoticias.com.br\/","logo":{"@type":"ImageObject","inLanguage":"pt-BR","@id":"https:\/\/jornalfatosenoticias.com.br\/#\/schema\/logo\/image\/","url":"https:\/\/jornalfatosenoticias.com.br\/wp-content\/uploads\/2020\/02\/logo120.png","contentUrl":"https:\/\/jornalfatosenoticias.com.br\/wp-content\/uploads\/2020\/02\/logo120.png","width":1227,"height":120,"caption":"Jornal Fatos e Not\u00edcias"},"image":{"@id":"https:\/\/jornalfatosenoticias.com.br\/#\/schema\/logo\/image\/"}},{"@type":"Person","@id":"https:\/\/jornalfatosenoticias.com.br\/#\/schema\/person\/d63837fa13ac8666eb9e74e0985d6f81","name":"Luzimara Fernandes","image":{"@type":"ImageObject","inLanguage":"pt-BR","@id":"https:\/\/jornalfatosenoticias.com.br\/#\/schema\/person\/image\/","url":"https:\/\/jornalfatosenoticias.com.br\/wp-content\/uploads\/2025\/05\/EU_portal.jpg","contentUrl":"https:\/\/jornalfatosenoticias.com.br\/wp-content\/uploads\/2025\/05\/EU_portal.jpg","caption":"Luzimara Fernandes"},"description":"Jornalista MTB 2358-ES","sameAs":["https:\/\/jornalfatosenoticias.com.br"],"url":"https:\/\/jornalfatosenoticias.com.br\/index.php\/author\/luzimara\/"}]}},"cc_featured_image_caption":{"caption_text":"(Foto: Pedro Vale\/CBF\/Direitos Reservados) \r\n","source_text":"","source_url":""},"jetpack_featured_media_url":"https:\/\/jornalfatosenoticias.com.br\/wp-content\/uploads\/2022\/06\/selecao-sub-20.jpg","_links":{"self":[{"href":"https:\/\/jornalfatosenoticias.com.br\/index.php\/wp-json\/wp\/v2\/posts\/31215","targetHints":{"allow":["GET"]}}],"collection":[{"href":"https:\/\/jornalfatosenoticias.com.br\/index.php\/wp-json\/wp\/v2\/posts"}],"about":[{"href":"https:\/\/jornalfatosenoticias.com.br\/index.php\/wp-json\/wp\/v2\/types\/post"}],"author":[{"embeddable":true,"href":"https:\/\/jornalfatosenoticias.com.br\/index.php\/wp-json\/wp\/v2\/users\/2"}],"replies":[{"embeddable":true,"href":"https:\/\/jornalfatosenoticias.com.br\/index.php\/wp-json\/wp\/v2\/comments?post=31215"}],"version-history":[{"count":0,"href":"https:\/\/jornalfatosenoticias.com.br\/index.php\/wp-json\/wp\/v2\/posts\/31215\/revisions"}],"wp:featuredmedia":[{"embeddable":true,"href":"https:\/\/jornalfatosenoticias.com.br\/index.php\/wp-json\/wp\/v2\/media\/31216"}],"wp:attachment":[{"href":"https:\/\/jornalfatosenoticias.com.br\/index.php\/wp-json\/wp\/v2\/media?parent=31215"}],"wp:term":[{"taxonomy":"category","embeddable":true,"href":"https:\/\/jornalfatosenoticias.com.br\/index.php\/wp-json\/wp\/v2\/categories?post=31215"},{"taxonomy":"post_tag","embeddable":true,"href":"https:\/\/jornalfatosenoticias.com.br\/index.php\/wp-json\/wp\/v2\/tags?post=31215"}],"curies":[{"name":"wp","href":"https:\/\/api.w.org\/{rel}","templated":true}]}}