{"id":31268,"date":"2022-06-09T14:15:01","date_gmt":"2022-06-09T17:15:01","guid":{"rendered":"https:\/\/jornalfatosenoticias.com.br\/?p=31268"},"modified":"2022-06-09T14:15:02","modified_gmt":"2022-06-09T17:15:02","slug":"calor-de-fabrica-da-volkswagen-aquecera-lares-na-polonia","status":"publish","type":"post","link":"https:\/\/jornalfatosenoticias.com.br\/index.php\/2022\/06\/09\/calor-de-fabrica-da-volkswagen-aquecera-lares-na-polonia\/","title":{"rendered":"Calor de f\u00e1brica da Volkswagen aquecer\u00e1 lares na Pol\u00f4nia"},"content":{"rendered":"\n<p><em><span class=\"has-inline-color has-black-color\">Projeto vai garantir o aquecimento de 4.500 apartamentos<\/span><\/em><\/p>\n\n\n\n<div class=\"wp-block-image\"><figure class=\"aligncenter size-large is-resized\"><img loading=\"lazy\" decoding=\"async\" src=\"https:\/\/jornalfatosenoticias.com.br\/wp-content\/uploads\/2020\/02\/Logo-Mizu-segunda-2-1024x99.png\" alt=\"\" class=\"wp-image-2353\" width=\"549\" height=\"53\" srcset=\"https:\/\/jornalfatosenoticias.com.br\/wp-content\/uploads\/2020\/02\/Logo-Mizu-segunda-2-1024x99.png 1024w, https:\/\/jornalfatosenoticias.com.br\/wp-content\/uploads\/2020\/02\/Logo-Mizu-segunda-2-300x29.png 300w, https:\/\/jornalfatosenoticias.com.br\/wp-content\/uploads\/2020\/02\/Logo-Mizu-segunda-2-768x74.png 768w, https:\/\/jornalfatosenoticias.com.br\/wp-content\/uploads\/2020\/02\/Logo-Mizu-segunda-2.png 1240w\" sizes=\"auto, (max-width: 549px) 100vw, 549px\" \/><\/figure><\/div>\n\n\n\n<p>A demanda por componentes automotivos faz da ind\u00fastria de carros uma grande cliente do setor de fundi\u00e7\u00e3o. No caso da Volkswagen, uma f\u00e1brica na cidade de Posn\u00e2nia, na Pol\u00f4nia, vai come\u00e7ar a aproveitar o processo de fundi\u00e7\u00e3o de alum\u00ednio para recuperar o calor e abastecer resid\u00eancias.<br>Desde 2017, a f\u00e1brica da Volkswagen de Posn\u00e2nia j\u00e1 recupera o calor gerado pela opera\u00e7\u00e3o de compressores, que \u00e9 transferido para a rede de aquecimento municipal. Com bons resultados neste projeto, agora a empresa vai expandir o processo para recuperar tamb\u00e9m o calor gerado na fundi\u00e7\u00e3o de alum\u00ednio. A iniciativa \u00e9 uma realiza\u00e7\u00e3o da fabricante alem\u00e3 em parceria com a multinacional francesa Veolia.<\/p>\n\n\n\n<div class=\"wp-block-image\"><figure class=\"aligncenter size-large is-resized\"><img loading=\"lazy\" decoding=\"async\" src=\"https:\/\/jornalfatosenoticias.com.br\/wp-content\/uploads\/2022\/02\/Arte-Autoescola-Galatas_endereco_portal-1024x103.png\" alt=\"\" class=\"wp-image-27869\" width=\"520\" height=\"52\" srcset=\"https:\/\/jornalfatosenoticias.com.br\/wp-content\/uploads\/2022\/02\/Arte-Autoescola-Galatas_endereco_portal-1024x103.png 1024w, https:\/\/jornalfatosenoticias.com.br\/wp-content\/uploads\/2022\/02\/Arte-Autoescola-Galatas_endereco_portal-300x30.png 300w, https:\/\/jornalfatosenoticias.com.br\/wp-content\/uploads\/2022\/02\/Arte-Autoescola-Galatas_endereco_portal-768x77.png 768w, https:\/\/jornalfatosenoticias.com.br\/wp-content\/uploads\/2022\/02\/Arte-Autoescola-Galatas_endereco_portal.png 1223w\" sizes=\"auto, (max-width: 520px) 100vw, 520px\" \/><\/figure><\/div>\n\n\n\n<h4 class=\"wp-block-heading\"><strong><span class=\"has-inline-color has-black-color\">Como o calor industrial ser\u00e1 usado nas resid\u00eancias?<\/span><\/strong><\/h4>\n\n\n\n<figure class=\"wp-block-image size-large\"><img loading=\"lazy\" decoding=\"async\" width=\"696\" height=\"436\" src=\"https:\/\/jornalfatosenoticias.com.br\/wp-content\/uploads\/2022\/06\/calor-aquecimento-POLONIA2.jpg\" alt=\"\" class=\"wp-image-31269\" srcset=\"https:\/\/jornalfatosenoticias.com.br\/wp-content\/uploads\/2022\/06\/calor-aquecimento-POLONIA2.jpg 696w, https:\/\/jornalfatosenoticias.com.br\/wp-content\/uploads\/2022\/06\/calor-aquecimento-POLONIA2-300x188.jpg 300w, https:\/\/jornalfatosenoticias.com.br\/wp-content\/uploads\/2022\/06\/calor-aquecimento-POLONIA2-350x220.jpg 350w\" sizes=\"auto, (max-width: 696px) 100vw, 696px\" \/><figcaption><em><span class=\"has-inline-color has-black-color\">Cidade de Posn\u00e2nia (Foto: Alexandra Dubinina\/Unsplash)<\/span><\/em><\/figcaption><\/figure>\n\n\n\n<div class=\"wp-block-image\"><figure class=\"alignright size-large is-resized\"><img loading=\"lazy\" decoding=\"async\" src=\"https:\/\/jornalfatosenoticias.com.br\/wp-content\/uploads\/2022\/02\/Precisao-Contabilidade-1024x724.jpg\" alt=\"\" class=\"wp-image-28088\" width=\"246\" height=\"173\"\/><\/figure><\/div>\n\n\n\n<p>O alum\u00ednio, do qual s\u00e3o feitos os componentes para a produ\u00e7\u00e3o de autom\u00f3veis, \u00e9 fundido em fornos a g\u00e1s. Neste processo, quantidades significativas de calor s\u00e3o geradas e, ao inv\u00e9s de ser liberado diretamente na atmosfera, ser\u00e1 direcionado para aquecimento urbano.<br>A solu\u00e7\u00e3o vai ajudar a reduzir as emiss\u00f5es de CO\u2082, reduzir a ocorr\u00eancia de ilhas de calor na cidade e direcionar cerca de 16 mil megawatts-hora de energia t\u00e9rmica, anualmente, para aquecer casas, sal\u00f5es e instala\u00e7\u00f5es comerciais.<\/p>\n\n\n\n<div class=\"wp-block-image\"><figure class=\"alignleft size-large is-resized\"><img loading=\"lazy\" decoding=\"async\" src=\"https:\/\/jornalfatosenoticias.com.br\/wp-content\/uploads\/2022\/03\/logo-Suinco-1024x390.jpg\" alt=\"\" class=\"wp-image-28785\" width=\"296\" height=\"112\"\/><\/figure><\/div>\n\n\n\n<p>A estimativa \u00e9 que este projeto vai garantir o aquecimento de 4.500 apartamentos em 45 edif\u00edcios multifamiliares localizados no distrito de G\u00f3rczynie na cidade de Posn\u00e2nia. Um centro comercial e uma unidade de gest\u00e3o de res\u00edduos tamb\u00e9m ser\u00e3o beneficiados.<br>Outro benef\u00edcio direto ser\u00e1 \u201cpoupar\u201d uma usina termel\u00e9trica localizada em Posn\u00e2nia. A usina economizar\u00e1 cerca de 3.200 toneladas de carv\u00e3o por ano e tamb\u00e9m deve emitir 2.440 toneladas a menos de CO\u2082. Um grande al\u00edvio para a cidade reduzir suas emiss\u00f5es poluentes, sem deixar de lado as necessidades dos moradores. No inverno, a Pol\u00f4nia pode registrar temperaturas de -20\u00b0C.<\/p>\n\n\n\n<div class=\"wp-block-image\"><figure class=\"aligncenter size-large is-resized\"><img loading=\"lazy\" decoding=\"async\" src=\"https:\/\/jornalfatosenoticias.com.br\/wp-content\/uploads\/2020\/02\/banner_ferramentas-1024x100.jpg\" alt=\"\" class=\"wp-image-1258\" width=\"519\" height=\"50\" srcset=\"https:\/\/jornalfatosenoticias.com.br\/wp-content\/uploads\/2020\/02\/banner_ferramentas-1024x100.jpg 1024w, https:\/\/jornalfatosenoticias.com.br\/wp-content\/uploads\/2020\/02\/banner_ferramentas-300x29.jpg 300w, https:\/\/jornalfatosenoticias.com.br\/wp-content\/uploads\/2020\/02\/banner_ferramentas-768x75.jpg 768w, https:\/\/jornalfatosenoticias.com.br\/wp-content\/uploads\/2020\/02\/banner_ferramentas.jpg 1227w\" sizes=\"auto, (max-width: 519px) 100vw, 519px\" \/><\/figure><\/div>\n\n\n\n<p><strong><em>Fonte: <a href=\"https:\/\/ciclovivo.com.br\/planeta\/energia\/calor-de-fabrica-da-volkswagen-aquecera-lares-na-polonia\/\">CicloVivo<\/a><\/em><\/strong><\/p>\n","protected":false},"excerpt":{"rendered":"<p>Projeto vai garantir o aquecimento de 4.500 apartamentos A demanda por componentes automotivos faz da ind\u00fastria de carros uma grande cliente do setor de fundi\u00e7\u00e3o. No caso da Volkswagen, uma f\u00e1brica na cidade de Posn\u00e2nia, na Pol\u00f4nia, vai come\u00e7ar a aproveitar o processo de fundi\u00e7\u00e3o de alum\u00ednio para recuperar o calor e abastecer resid\u00eancias.Desde 2017, [&hellip;]<\/p>\n","protected":false},"author":2,"featured_media":31270,"comment_status":"open","ping_status":"open","sticky":false,"template":"","format":"standard","meta":{"footnotes":""},"categories":[744],"tags":[3563,2539,14843,165,415],"class_list":["post-31268","post","type-post","status-publish","format-standard","has-post-thumbnail","hentry","category-arq-urbanismo","tag-aquecimento","tag-energia","tag-fabrica-da-volkswagen","tag-planeta","tag-polonia"],"yoast_head":"<!-- This site is optimized with the Yoast SEO plugin v26.5 - https:\/\/yoast.com\/wordpress\/plugins\/seo\/ -->\n<title>Calor de f\u00e1brica da Volkswagen aquecer\u00e1 lares na Pol\u00f4nia - Jornal Fatos e Not\u00edcias<\/title>\n<meta name=\"robots\" content=\"index, follow, max-snippet:-1, max-image-preview:large, max-video-preview:-1\" \/>\n<link rel=\"canonical\" href=\"https:\/\/jornalfatosenoticias.com.br\/index.php\/2022\/06\/09\/calor-de-fabrica-da-volkswagen-aquecera-lares-na-polonia\/\" \/>\n<meta property=\"og:locale\" content=\"pt_BR\" \/>\n<meta property=\"og:type\" content=\"article\" \/>\n<meta property=\"og:title\" content=\"Calor de f\u00e1brica da Volkswagen aquecer\u00e1 lares na Pol\u00f4nia - Jornal Fatos e Not\u00edcias\" \/>\n<meta property=\"og:description\" content=\"Projeto vai garantir o aquecimento de 4.500 apartamentos A demanda por componentes automotivos faz da ind\u00fastria de carros uma grande cliente do setor de fundi\u00e7\u00e3o. No caso da Volkswagen, uma f\u00e1brica na cidade de Posn\u00e2nia, na Pol\u00f4nia, vai come\u00e7ar a aproveitar o processo de fundi\u00e7\u00e3o de alum\u00ednio para recuperar o calor e abastecer resid\u00eancias.Desde 2017, [&hellip;]\" \/>\n<meta property=\"og:url\" content=\"https:\/\/jornalfatosenoticias.com.br\/index.php\/2022\/06\/09\/calor-de-fabrica-da-volkswagen-aquecera-lares-na-polonia\/\" \/>\n<meta property=\"og:site_name\" content=\"Jornal Fatos e Not\u00edcias\" \/>\n<meta property=\"article:published_time\" content=\"2022-06-09T17:15:01+00:00\" \/>\n<meta property=\"article:modified_time\" content=\"2022-06-09T17:15:02+00:00\" \/>\n<meta property=\"og:image\" content=\"https:\/\/jornalfatosenoticias.com.br\/wp-content\/uploads\/2022\/06\/calor-aquecimento-POLONIA1.jpg\" \/>\n\t<meta property=\"og:image:width\" content=\"1024\" \/>\n\t<meta property=\"og:image:height\" content=\"663\" \/>\n\t<meta property=\"og:image:type\" content=\"image\/jpeg\" \/>\n<meta name=\"author\" content=\"Luzimara Fernandes\" \/>\n<meta name=\"twitter:card\" content=\"summary_large_image\" \/>\n<meta name=\"twitter:label1\" content=\"Escrito por\" \/>\n\t<meta name=\"twitter:data1\" content=\"Luzimara Fernandes\" \/>\n\t<meta name=\"twitter:label2\" content=\"Est. tempo de leitura\" \/>\n\t<meta name=\"twitter:data2\" content=\"2 minutos\" \/>\n<script type=\"application\/ld+json\" class=\"yoast-schema-graph\">{\"@context\":\"https:\/\/schema.org\",\"@graph\":[{\"@type\":\"Article\",\"@id\":\"https:\/\/jornalfatosenoticias.com.br\/index.php\/2022\/06\/09\/calor-de-fabrica-da-volkswagen-aquecera-lares-na-polonia\/#article\",\"isPartOf\":{\"@id\":\"https:\/\/jornalfatosenoticias.com.br\/index.php\/2022\/06\/09\/calor-de-fabrica-da-volkswagen-aquecera-lares-na-polonia\/\"},\"author\":{\"name\":\"Luzimara Fernandes\",\"@id\":\"https:\/\/jornalfatosenoticias.com.br\/#\/schema\/person\/d63837fa13ac8666eb9e74e0985d6f81\"},\"headline\":\"Calor de f\u00e1brica da Volkswagen aquecer\u00e1 lares na Pol\u00f4nia\",\"datePublished\":\"2022-06-09T17:15:01+00:00\",\"dateModified\":\"2022-06-09T17:15:02+00:00\",\"mainEntityOfPage\":{\"@id\":\"https:\/\/jornalfatosenoticias.com.br\/index.php\/2022\/06\/09\/calor-de-fabrica-da-volkswagen-aquecera-lares-na-polonia\/\"},\"wordCount\":357,\"commentCount\":0,\"publisher\":{\"@id\":\"https:\/\/jornalfatosenoticias.com.br\/#organization\"},\"image\":{\"@id\":\"https:\/\/jornalfatosenoticias.com.br\/index.php\/2022\/06\/09\/calor-de-fabrica-da-volkswagen-aquecera-lares-na-polonia\/#primaryimage\"},\"thumbnailUrl\":\"https:\/\/jornalfatosenoticias.com.br\/wp-content\/uploads\/2022\/06\/calor-aquecimento-POLONIA1.jpg\",\"keywords\":[\"aquecimento\",\"energia\",\"f\u00e1brica da Volkswagen\",\"planeta\",\"Pol\u00f4nia\"],\"articleSection\":[\"Arq &amp; Urb\"],\"inLanguage\":\"pt-BR\",\"potentialAction\":[{\"@type\":\"CommentAction\",\"name\":\"Comment\",\"target\":[\"https:\/\/jornalfatosenoticias.com.br\/index.php\/2022\/06\/09\/calor-de-fabrica-da-volkswagen-aquecera-lares-na-polonia\/#respond\"]}]},{\"@type\":\"WebPage\",\"@id\":\"https:\/\/jornalfatosenoticias.com.br\/index.php\/2022\/06\/09\/calor-de-fabrica-da-volkswagen-aquecera-lares-na-polonia\/\",\"url\":\"https:\/\/jornalfatosenoticias.com.br\/index.php\/2022\/06\/09\/calor-de-fabrica-da-volkswagen-aquecera-lares-na-polonia\/\",\"name\":\"Calor de f\u00e1brica da Volkswagen aquecer\u00e1 lares na Pol\u00f4nia - Jornal Fatos e Not\u00edcias\",\"isPartOf\":{\"@id\":\"https:\/\/jornalfatosenoticias.com.br\/#website\"},\"primaryImageOfPage\":{\"@id\":\"https:\/\/jornalfatosenoticias.com.br\/index.php\/2022\/06\/09\/calor-de-fabrica-da-volkswagen-aquecera-lares-na-polonia\/#primaryimage\"},\"image\":{\"@id\":\"https:\/\/jornalfatosenoticias.com.br\/index.php\/2022\/06\/09\/calor-de-fabrica-da-volkswagen-aquecera-lares-na-polonia\/#primaryimage\"},\"thumbnailUrl\":\"https:\/\/jornalfatosenoticias.com.br\/wp-content\/uploads\/2022\/06\/calor-aquecimento-POLONIA1.jpg\",\"datePublished\":\"2022-06-09T17:15:01+00:00\",\"dateModified\":\"2022-06-09T17:15:02+00:00\",\"breadcrumb\":{\"@id\":\"https:\/\/jornalfatosenoticias.com.br\/index.php\/2022\/06\/09\/calor-de-fabrica-da-volkswagen-aquecera-lares-na-polonia\/#breadcrumb\"},\"inLanguage\":\"pt-BR\",\"potentialAction\":[{\"@type\":\"ReadAction\",\"target\":[\"https:\/\/jornalfatosenoticias.com.br\/index.php\/2022\/06\/09\/calor-de-fabrica-da-volkswagen-aquecera-lares-na-polonia\/\"]}]},{\"@type\":\"ImageObject\",\"inLanguage\":\"pt-BR\",\"@id\":\"https:\/\/jornalfatosenoticias.com.br\/index.php\/2022\/06\/09\/calor-de-fabrica-da-volkswagen-aquecera-lares-na-polonia\/#primaryimage\",\"url\":\"https:\/\/jornalfatosenoticias.com.br\/wp-content\/uploads\/2022\/06\/calor-aquecimento-POLONIA1.jpg\",\"contentUrl\":\"https:\/\/jornalfatosenoticias.com.br\/wp-content\/uploads\/2022\/06\/calor-aquecimento-POLONIA1.jpg\",\"width\":1024,\"height\":663},{\"@type\":\"BreadcrumbList\",\"@id\":\"https:\/\/jornalfatosenoticias.com.br\/index.php\/2022\/06\/09\/calor-de-fabrica-da-volkswagen-aquecera-lares-na-polonia\/#breadcrumb\",\"itemListElement\":[{\"@type\":\"ListItem\",\"position\":1,\"name\":\"In\u00edcio\",\"item\":\"https:\/\/jornalfatosenoticias.com.br\/\"},{\"@type\":\"ListItem\",\"position\":2,\"name\":\"Calor de f\u00e1brica da Volkswagen aquecer\u00e1 lares na Pol\u00f4nia\"}]},{\"@type\":\"WebSite\",\"@id\":\"https:\/\/jornalfatosenoticias.com.br\/#website\",\"url\":\"https:\/\/jornalfatosenoticias.com.br\/\",\"name\":\"Jornal Fatos e Not\u00edcias\",\"description\":\"Not\u00edcias em geral\",\"publisher\":{\"@id\":\"https:\/\/jornalfatosenoticias.com.br\/#organization\"},\"potentialAction\":[{\"@type\":\"SearchAction\",\"target\":{\"@type\":\"EntryPoint\",\"urlTemplate\":\"https:\/\/jornalfatosenoticias.com.br\/?s={search_term_string}\"},\"query-input\":{\"@type\":\"PropertyValueSpecification\",\"valueRequired\":true,\"valueName\":\"search_term_string\"}}],\"inLanguage\":\"pt-BR\"},{\"@type\":\"Organization\",\"@id\":\"https:\/\/jornalfatosenoticias.com.br\/#organization\",\"name\":\"Jornal Fatos e Not\u00edcias\",\"url\":\"https:\/\/jornalfatosenoticias.com.br\/\",\"logo\":{\"@type\":\"ImageObject\",\"inLanguage\":\"pt-BR\",\"@id\":\"https:\/\/jornalfatosenoticias.com.br\/#\/schema\/logo\/image\/\",\"url\":\"https:\/\/jornalfatosenoticias.com.br\/wp-content\/uploads\/2020\/02\/logo120.png\",\"contentUrl\":\"https:\/\/jornalfatosenoticias.com.br\/wp-content\/uploads\/2020\/02\/logo120.png\",\"width\":1227,\"height\":120,\"caption\":\"Jornal Fatos e Not\u00edcias\"},\"image\":{\"@id\":\"https:\/\/jornalfatosenoticias.com.br\/#\/schema\/logo\/image\/\"}},{\"@type\":\"Person\",\"@id\":\"https:\/\/jornalfatosenoticias.com.br\/#\/schema\/person\/d63837fa13ac8666eb9e74e0985d6f81\",\"name\":\"Luzimara Fernandes\",\"image\":{\"@type\":\"ImageObject\",\"inLanguage\":\"pt-BR\",\"@id\":\"https:\/\/jornalfatosenoticias.com.br\/#\/schema\/person\/image\/\",\"url\":\"https:\/\/jornalfatosenoticias.com.br\/wp-content\/uploads\/2025\/05\/EU_portal.jpg\",\"contentUrl\":\"https:\/\/jornalfatosenoticias.com.br\/wp-content\/uploads\/2025\/05\/EU_portal.jpg\",\"caption\":\"Luzimara Fernandes\"},\"description\":\"Jornalista MTB 2358-ES\",\"sameAs\":[\"https:\/\/jornalfatosenoticias.com.br\"],\"url\":\"https:\/\/jornalfatosenoticias.com.br\/index.php\/author\/luzimara\/\"}]}<\/script>\n<!-- \/ Yoast SEO plugin. -->","yoast_head_json":{"title":"Calor de f\u00e1brica da Volkswagen aquecer\u00e1 lares na Pol\u00f4nia - Jornal Fatos e Not\u00edcias","robots":{"index":"index","follow":"follow","max-snippet":"max-snippet:-1","max-image-preview":"max-image-preview:large","max-video-preview":"max-video-preview:-1"},"canonical":"https:\/\/jornalfatosenoticias.com.br\/index.php\/2022\/06\/09\/calor-de-fabrica-da-volkswagen-aquecera-lares-na-polonia\/","og_locale":"pt_BR","og_type":"article","og_title":"Calor de f\u00e1brica da Volkswagen aquecer\u00e1 lares na Pol\u00f4nia - Jornal Fatos e Not\u00edcias","og_description":"Projeto vai garantir o aquecimento de 4.500 apartamentos A demanda por componentes automotivos faz da ind\u00fastria de carros uma grande cliente do setor de fundi\u00e7\u00e3o. No caso da Volkswagen, uma f\u00e1brica na cidade de Posn\u00e2nia, na Pol\u00f4nia, vai come\u00e7ar a aproveitar o processo de fundi\u00e7\u00e3o de alum\u00ednio para recuperar o calor e abastecer resid\u00eancias.Desde 2017, [&hellip;]","og_url":"https:\/\/jornalfatosenoticias.com.br\/index.php\/2022\/06\/09\/calor-de-fabrica-da-volkswagen-aquecera-lares-na-polonia\/","og_site_name":"Jornal Fatos e Not\u00edcias","article_published_time":"2022-06-09T17:15:01+00:00","article_modified_time":"2022-06-09T17:15:02+00:00","og_image":[{"width":1024,"height":663,"url":"https:\/\/jornalfatosenoticias.com.br\/wp-content\/uploads\/2022\/06\/calor-aquecimento-POLONIA1.jpg","type":"image\/jpeg"}],"author":"Luzimara Fernandes","twitter_card":"summary_large_image","twitter_misc":{"Escrito por":"Luzimara Fernandes","Est. tempo de leitura":"2 minutos"},"schema":{"@context":"https:\/\/schema.org","@graph":[{"@type":"Article","@id":"https:\/\/jornalfatosenoticias.com.br\/index.php\/2022\/06\/09\/calor-de-fabrica-da-volkswagen-aquecera-lares-na-polonia\/#article","isPartOf":{"@id":"https:\/\/jornalfatosenoticias.com.br\/index.php\/2022\/06\/09\/calor-de-fabrica-da-volkswagen-aquecera-lares-na-polonia\/"},"author":{"name":"Luzimara Fernandes","@id":"https:\/\/jornalfatosenoticias.com.br\/#\/schema\/person\/d63837fa13ac8666eb9e74e0985d6f81"},"headline":"Calor de f\u00e1brica da Volkswagen aquecer\u00e1 lares na Pol\u00f4nia","datePublished":"2022-06-09T17:15:01+00:00","dateModified":"2022-06-09T17:15:02+00:00","mainEntityOfPage":{"@id":"https:\/\/jornalfatosenoticias.com.br\/index.php\/2022\/06\/09\/calor-de-fabrica-da-volkswagen-aquecera-lares-na-polonia\/"},"wordCount":357,"commentCount":0,"publisher":{"@id":"https:\/\/jornalfatosenoticias.com.br\/#organization"},"image":{"@id":"https:\/\/jornalfatosenoticias.com.br\/index.php\/2022\/06\/09\/calor-de-fabrica-da-volkswagen-aquecera-lares-na-polonia\/#primaryimage"},"thumbnailUrl":"https:\/\/jornalfatosenoticias.com.br\/wp-content\/uploads\/2022\/06\/calor-aquecimento-POLONIA1.jpg","keywords":["aquecimento","energia","f\u00e1brica da Volkswagen","planeta","Pol\u00f4nia"],"articleSection":["Arq &amp; Urb"],"inLanguage":"pt-BR","potentialAction":[{"@type":"CommentAction","name":"Comment","target":["https:\/\/jornalfatosenoticias.com.br\/index.php\/2022\/06\/09\/calor-de-fabrica-da-volkswagen-aquecera-lares-na-polonia\/#respond"]}]},{"@type":"WebPage","@id":"https:\/\/jornalfatosenoticias.com.br\/index.php\/2022\/06\/09\/calor-de-fabrica-da-volkswagen-aquecera-lares-na-polonia\/","url":"https:\/\/jornalfatosenoticias.com.br\/index.php\/2022\/06\/09\/calor-de-fabrica-da-volkswagen-aquecera-lares-na-polonia\/","name":"Calor de f\u00e1brica da Volkswagen aquecer\u00e1 lares na Pol\u00f4nia - Jornal Fatos e Not\u00edcias","isPartOf":{"@id":"https:\/\/jornalfatosenoticias.com.br\/#website"},"primaryImageOfPage":{"@id":"https:\/\/jornalfatosenoticias.com.br\/index.php\/2022\/06\/09\/calor-de-fabrica-da-volkswagen-aquecera-lares-na-polonia\/#primaryimage"},"image":{"@id":"https:\/\/jornalfatosenoticias.com.br\/index.php\/2022\/06\/09\/calor-de-fabrica-da-volkswagen-aquecera-lares-na-polonia\/#primaryimage"},"thumbnailUrl":"https:\/\/jornalfatosenoticias.com.br\/wp-content\/uploads\/2022\/06\/calor-aquecimento-POLONIA1.jpg","datePublished":"2022-06-09T17:15:01+00:00","dateModified":"2022-06-09T17:15:02+00:00","breadcrumb":{"@id":"https:\/\/jornalfatosenoticias.com.br\/index.php\/2022\/06\/09\/calor-de-fabrica-da-volkswagen-aquecera-lares-na-polonia\/#breadcrumb"},"inLanguage":"pt-BR","potentialAction":[{"@type":"ReadAction","target":["https:\/\/jornalfatosenoticias.com.br\/index.php\/2022\/06\/09\/calor-de-fabrica-da-volkswagen-aquecera-lares-na-polonia\/"]}]},{"@type":"ImageObject","inLanguage":"pt-BR","@id":"https:\/\/jornalfatosenoticias.com.br\/index.php\/2022\/06\/09\/calor-de-fabrica-da-volkswagen-aquecera-lares-na-polonia\/#primaryimage","url":"https:\/\/jornalfatosenoticias.com.br\/wp-content\/uploads\/2022\/06\/calor-aquecimento-POLONIA1.jpg","contentUrl":"https:\/\/jornalfatosenoticias.com.br\/wp-content\/uploads\/2022\/06\/calor-aquecimento-POLONIA1.jpg","width":1024,"height":663},{"@type":"BreadcrumbList","@id":"https:\/\/jornalfatosenoticias.com.br\/index.php\/2022\/06\/09\/calor-de-fabrica-da-volkswagen-aquecera-lares-na-polonia\/#breadcrumb","itemListElement":[{"@type":"ListItem","position":1,"name":"In\u00edcio","item":"https:\/\/jornalfatosenoticias.com.br\/"},{"@type":"ListItem","position":2,"name":"Calor de f\u00e1brica da Volkswagen aquecer\u00e1 lares na Pol\u00f4nia"}]},{"@type":"WebSite","@id":"https:\/\/jornalfatosenoticias.com.br\/#website","url":"https:\/\/jornalfatosenoticias.com.br\/","name":"Jornal Fatos e Not\u00edcias","description":"Not\u00edcias em geral","publisher":{"@id":"https:\/\/jornalfatosenoticias.com.br\/#organization"},"potentialAction":[{"@type":"SearchAction","target":{"@type":"EntryPoint","urlTemplate":"https:\/\/jornalfatosenoticias.com.br\/?s={search_term_string}"},"query-input":{"@type":"PropertyValueSpecification","valueRequired":true,"valueName":"search_term_string"}}],"inLanguage":"pt-BR"},{"@type":"Organization","@id":"https:\/\/jornalfatosenoticias.com.br\/#organization","name":"Jornal Fatos e Not\u00edcias","url":"https:\/\/jornalfatosenoticias.com.br\/","logo":{"@type":"ImageObject","inLanguage":"pt-BR","@id":"https:\/\/jornalfatosenoticias.com.br\/#\/schema\/logo\/image\/","url":"https:\/\/jornalfatosenoticias.com.br\/wp-content\/uploads\/2020\/02\/logo120.png","contentUrl":"https:\/\/jornalfatosenoticias.com.br\/wp-content\/uploads\/2020\/02\/logo120.png","width":1227,"height":120,"caption":"Jornal Fatos e Not\u00edcias"},"image":{"@id":"https:\/\/jornalfatosenoticias.com.br\/#\/schema\/logo\/image\/"}},{"@type":"Person","@id":"https:\/\/jornalfatosenoticias.com.br\/#\/schema\/person\/d63837fa13ac8666eb9e74e0985d6f81","name":"Luzimara Fernandes","image":{"@type":"ImageObject","inLanguage":"pt-BR","@id":"https:\/\/jornalfatosenoticias.com.br\/#\/schema\/person\/image\/","url":"https:\/\/jornalfatosenoticias.com.br\/wp-content\/uploads\/2025\/05\/EU_portal.jpg","contentUrl":"https:\/\/jornalfatosenoticias.com.br\/wp-content\/uploads\/2025\/05\/EU_portal.jpg","caption":"Luzimara Fernandes"},"description":"Jornalista MTB 2358-ES","sameAs":["https:\/\/jornalfatosenoticias.com.br"],"url":"https:\/\/jornalfatosenoticias.com.br\/index.php\/author\/luzimara\/"}]}},"cc_featured_image_caption":{"caption_text":"(Foto: Divulga\u00e7\u00e3o) ","source_text":"","source_url":""},"jetpack_featured_media_url":"https:\/\/jornalfatosenoticias.com.br\/wp-content\/uploads\/2022\/06\/calor-aquecimento-POLONIA1.jpg","_links":{"self":[{"href":"https:\/\/jornalfatosenoticias.com.br\/index.php\/wp-json\/wp\/v2\/posts\/31268","targetHints":{"allow":["GET"]}}],"collection":[{"href":"https:\/\/jornalfatosenoticias.com.br\/index.php\/wp-json\/wp\/v2\/posts"}],"about":[{"href":"https:\/\/jornalfatosenoticias.com.br\/index.php\/wp-json\/wp\/v2\/types\/post"}],"author":[{"embeddable":true,"href":"https:\/\/jornalfatosenoticias.com.br\/index.php\/wp-json\/wp\/v2\/users\/2"}],"replies":[{"embeddable":true,"href":"https:\/\/jornalfatosenoticias.com.br\/index.php\/wp-json\/wp\/v2\/comments?post=31268"}],"version-history":[{"count":0,"href":"https:\/\/jornalfatosenoticias.com.br\/index.php\/wp-json\/wp\/v2\/posts\/31268\/revisions"}],"wp:featuredmedia":[{"embeddable":true,"href":"https:\/\/jornalfatosenoticias.com.br\/index.php\/wp-json\/wp\/v2\/media\/31270"}],"wp:attachment":[{"href":"https:\/\/jornalfatosenoticias.com.br\/index.php\/wp-json\/wp\/v2\/media?parent=31268"}],"wp:term":[{"taxonomy":"category","embeddable":true,"href":"https:\/\/jornalfatosenoticias.com.br\/index.php\/wp-json\/wp\/v2\/categories?post=31268"},{"taxonomy":"post_tag","embeddable":true,"href":"https:\/\/jornalfatosenoticias.com.br\/index.php\/wp-json\/wp\/v2\/tags?post=31268"}],"curies":[{"name":"wp","href":"https:\/\/api.w.org\/{rel}","templated":true}]}}