{"id":31305,"date":"2022-06-13T11:33:26","date_gmt":"2022-06-13T14:33:26","guid":{"rendered":"https:\/\/jornalfatosenoticias.com.br\/?p=31305"},"modified":"2022-06-13T11:33:30","modified_gmt":"2022-06-13T14:33:30","slug":"pf-encontra-no-amazonas-pertences-pessoais-de-jornalista-e-indigenista","status":"publish","type":"post","link":"https:\/\/jornalfatosenoticias.com.br\/index.php\/2022\/06\/13\/pf-encontra-no-amazonas-pertences-pessoais-de-jornalista-e-indigenista\/","title":{"rendered":"PF encontra no Amazonas pertences pessoais de jornalista e indigenista"},"content":{"rendered":"\n<p><em><span class=\"has-inline-color has-black-color\">Policiais localizam cart\u00e3o de sa\u00fade de indigenista<\/span><\/em><\/p>\n\n\n\n<div class=\"wp-block-image\"><figure class=\"aligncenter size-large is-resized\"><img loading=\"lazy\" decoding=\"async\" src=\"https:\/\/jornalfatosenoticias.com.br\/wp-content\/uploads\/2020\/02\/banner_ferramentas-1024x100.jpg\" alt=\"\" class=\"wp-image-1258\" width=\"519\" height=\"50\" srcset=\"https:\/\/jornalfatosenoticias.com.br\/wp-content\/uploads\/2020\/02\/banner_ferramentas-1024x100.jpg 1024w, https:\/\/jornalfatosenoticias.com.br\/wp-content\/uploads\/2020\/02\/banner_ferramentas-300x29.jpg 300w, https:\/\/jornalfatosenoticias.com.br\/wp-content\/uploads\/2020\/02\/banner_ferramentas-768x75.jpg 768w, https:\/\/jornalfatosenoticias.com.br\/wp-content\/uploads\/2020\/02\/banner_ferramentas.jpg 1227w\" sizes=\"auto, (max-width: 519px) 100vw, 519px\" \/><\/figure><\/div>\n\n\n\n<p>A Pol\u00edcia Federal (PF) encontrou alguns pertences do indigenista Bruno Pereira e do jornalista Dom Philips, desaparecidos desde 5 de junho na regi\u00e3o amaz\u00f4nica, na \u00e1rea da reserva ind\u00edgena do Vale do Javari, a segunda maior do Pa\u00eds, com mais de 8,5 milh\u00f5es de hectares. Em nota, a PF disse que foram localizados um cart\u00e3o de sa\u00fade com nome de Bruno Pereira e outros itens dele e de Dom Phillips.<br>Os pertences foram localizados ap\u00f3s a realiza\u00e7\u00e3o de buscas fluviais com reconhecimento a\u00e9reo em uma \u00e1rea de 25 km na regi\u00e3o do rio Itaqua\u00ed, no local onde foi encontrada outra embarca\u00e7\u00e3o aparentemente de Amarildo Costa Oliveira, que est\u00e1 com pris\u00e3o tempor\u00e1ria decretada.<\/p>\n\n\n\n<div class=\"wp-block-image\"><figure class=\"aligncenter size-large is-resized\"><img loading=\"lazy\" decoding=\"async\" src=\"https:\/\/jornalfatosenoticias.com.br\/wp-content\/uploads\/2022\/02\/Arte-Autoescola-Galatas_endereco_portal-1024x103.png\" alt=\"\" class=\"wp-image-27869\" width=\"480\" height=\"48\" srcset=\"https:\/\/jornalfatosenoticias.com.br\/wp-content\/uploads\/2022\/02\/Arte-Autoescola-Galatas_endereco_portal-1024x103.png 1024w, https:\/\/jornalfatosenoticias.com.br\/wp-content\/uploads\/2022\/02\/Arte-Autoescola-Galatas_endereco_portal-300x30.png 300w, https:\/\/jornalfatosenoticias.com.br\/wp-content\/uploads\/2022\/02\/Arte-Autoescola-Galatas_endereco_portal-768x77.png 768w, https:\/\/jornalfatosenoticias.com.br\/wp-content\/uploads\/2022\/02\/Arte-Autoescola-Galatas_endereco_portal.png 1223w\" sizes=\"auto, (max-width: 480px) 100vw, 480px\" \/><\/figure><\/div>\n\n\n\n<p>Os pertences foram localizados por mergulhadores do Corpo de Bombeiros. Eles tamb\u00e9m integram a for\u00e7a-tarefa que realiza as buscas. Segundo a Pol\u00edcia Federal, os itens localizados foram um cart\u00e3o de sa\u00fade, uma cal\u00e7a preta, um chinelo preto e um par de botas pertencente a Bruno Pereira; e um par de botas e uma mochila de Dom Philips, al\u00e9m de roupas.<br>As buscas entraram hoje no oitavo dia. Ainda no domingo (12), a Uni\u00e3o dos Povos Ind\u00edgenas do Vale do Javari (Univaja) afirmou ter encontrado uma <strong><a href=\"http:\/\/agenciabrasil.ebc.com.br\/geral\/noticia\/2022-06\/univaja-diz-ter-encontrado-embarcacao-em-area-de-busca-no-amazonas\" target=\"_blank\" rel=\"noreferrer noopener\">nova embarca\u00e7\u00e3o<\/a><\/strong> na mesma regi\u00e3o em que s\u00e3o realizadas as buscas pelo indigenista Bruno Ara\u00fajo Pereira e pelo jornalista ingl\u00eas Dom Phillips.<\/p>\n\n\n\n<div class=\"wp-block-image\"><figure class=\"aligncenter size-large is-resized\"><img loading=\"lazy\" decoding=\"async\" src=\"https:\/\/jornalfatosenoticias.com.br\/wp-content\/uploads\/2022\/02\/Precisao-Contabilidade-1024x724.jpg\" alt=\"\" class=\"wp-image-28088\" width=\"247\" height=\"175\"\/><\/figure><\/div>\n\n\n\n<blockquote class=\"wp-block-quote is-layout-flow wp-block-quote-is-layout-flow\"><p><span class=\"has-inline-color has-luminous-vivid-orange-color\">\u201cO que a equipe de busca encontrou foi um poss\u00edvel local onde vest\u00edgios, observados na beira de barranco, apontam que uma embarca\u00e7\u00e3o poderia ter sido arrastada no local. Essa informa\u00e7\u00e3o foi repassada \u00e0s autoridades respons\u00e1veis pelas investiga\u00e7\u00f5es e, por essa raz\u00e3o, o local foi isolado pelas autoridades competentes para que a busca e a per\u00edcia sejam realizadas\u201d, diz o informe assinado pelo procurador jur\u00eddico da Uni\u00e3o dos Povos Ind\u00edgenas do Vale do Javari (Univaja), Eli\u00e9sio Marubo.<\/span><\/p><\/blockquote>\n\n\n\n<div class=\"wp-block-image\"><figure class=\"aligncenter size-large is-resized\"><img loading=\"lazy\" decoding=\"async\" src=\"https:\/\/jornalfatosenoticias.com.br\/wp-content\/uploads\/2020\/02\/Logo-Mizu-segunda-2-1024x99.png\" alt=\"\" class=\"wp-image-2353\" width=\"487\" height=\"47\" srcset=\"https:\/\/jornalfatosenoticias.com.br\/wp-content\/uploads\/2020\/02\/Logo-Mizu-segunda-2-1024x99.png 1024w, https:\/\/jornalfatosenoticias.com.br\/wp-content\/uploads\/2020\/02\/Logo-Mizu-segunda-2-300x29.png 300w, https:\/\/jornalfatosenoticias.com.br\/wp-content\/uploads\/2020\/02\/Logo-Mizu-segunda-2-768x74.png 768w, https:\/\/jornalfatosenoticias.com.br\/wp-content\/uploads\/2020\/02\/Logo-Mizu-segunda-2.png 1240w\" sizes=\"auto, (max-width: 487px) 100vw, 487px\" \/><\/figure><\/div>\n\n\n\n<p>Ainda segundo o comunicado, nas proximidades do local foi encontrada tamb\u00e9m uma embarca\u00e7\u00e3o que pode ser de propriedade de Amarildo da Costa Oliveira, detido para investiga\u00e7\u00e3o. &#8220;A informa\u00e7\u00e3o sobre a propriedade da embarca\u00e7\u00e3o ainda precisa ser confirmada pelos respons\u00e1veis pelas investiga\u00e7\u00f5es&#8221;, ressalta o documento.<\/p>\n\n\n\n<div class=\"wp-block-image\"><figure class=\"alignright size-large is-resized\"><img loading=\"lazy\" decoding=\"async\" src=\"https:\/\/jornalfatosenoticias.com.br\/wp-content\/uploads\/2020\/02\/nova-logo-Marquetti.jpg\" alt=\"\" class=\"wp-image-22331\" width=\"258\" height=\"173\" srcset=\"https:\/\/jornalfatosenoticias.com.br\/wp-content\/uploads\/2020\/02\/nova-logo-Marquetti.jpg 643w, https:\/\/jornalfatosenoticias.com.br\/wp-content\/uploads\/2020\/02\/nova-logo-Marquetti-300x202.jpg 300w\" sizes=\"auto, (max-width: 258px) 100vw, 258px\" \/><\/figure><\/div>\n\n\n\n<p><strong><span class=\"has-inline-color has-black-color\">Material gen\u00e9tico<br><\/span><\/strong>Na \u00faltima sexta-feira (10), a Pol\u00edcia Federal (PF) no Amazonas, que est\u00e1 \u00e0 frente das for\u00e7as de seguran\u00e7a na Opera\u00e7\u00e3o Javari, informou que equipes de busca encontraram material org\u00e2nico, \u201caparentemente humano\u201d, em uma \u00e1rea pr\u00f3xima ao porto de Atalaia do Norte. Ainda n\u00e3o h\u00e1 informa\u00e7\u00e3o se a amostra recolhida tem alguma rela\u00e7\u00e3o com o desaparecimento de Dom Phillips e de Bruno Pereira.<br>O Instituto Nacional de Criminal\u00edstica da Pol\u00edcia Federal \u00e9 quem vai realizar a an\u00e1lise pericial do material recolhido, como tamb\u00e9m far\u00e1 a per\u00edcia em vest\u00edgios de sangue encontrados na embarca\u00e7\u00e3o de Amarildo, conhecido como \u201cPelado\u201d.<\/p>\n\n\n\n<div class=\"wp-block-image\"><figure class=\"alignleft size-large is-resized\"><img loading=\"lazy\" decoding=\"async\" src=\"https:\/\/jornalfatosenoticias.com.br\/wp-content\/uploads\/2022\/03\/logo-Suinco-1024x390.jpg\" alt=\"\" class=\"wp-image-28785\" width=\"294\" height=\"111\"\/><\/figure><\/div>\n\n\n\n<p>Ele \u00e9 suspeito de envolvimento no caso e teve a pris\u00e3o tempor\u00e1ria por 30 dias decretada na noite de quinta-feira (9) pela ju\u00edza plantonista Jacinta Santos, durante a audi\u00eancia de cust\u00f3dia na Comarca de Atalaia do Norte (AM). O processo segue em segredo de justi\u00e7a.<br>Al\u00e9m dessas per\u00edcias, ser\u00e3o analisados materiais gen\u00e9ticos coletados por investigadores de refer\u00eancia de Dom Phillips, em Salvador, e de Bruno Pereira, no Recife. As amostras ser\u00e3o utilizadas na an\u00e1lise comparativa com o sangue encontrado na embarca\u00e7\u00e3o.<\/p>\n\n\n\n<div class=\"wp-block-image\"><figure class=\"aligncenter size-large is-resized\"><img loading=\"lazy\" decoding=\"async\" src=\"https:\/\/jornalfatosenoticias.com.br\/wp-content\/uploads\/2022\/06\/Casaruo1024_1.jpg\" alt=\"\" class=\"wp-image-31042\" width=\"360\" height=\"196\"\/><\/figure><\/div>\n\n\n\n<p><strong><em>Fonte: <a href=\"https:\/\/agenciabrasil.ebc.com.br\/geral\/noticia\/2022-06\/pf-encontra-no-amazonas-pertences-pessoais-de-jornalista-e-indigenista\">Ag\u00eancia Brasil<\/a><\/em><\/strong><\/p>\n","protected":false},"excerpt":{"rendered":"<p>Policiais localizam cart\u00e3o de sa\u00fade de indigenista A Pol\u00edcia Federal (PF) encontrou alguns pertences do indigenista Bruno Pereira e do jornalista Dom Philips, desaparecidos desde 5 de junho na regi\u00e3o amaz\u00f4nica, na \u00e1rea da reserva ind\u00edgena do Vale do Javari, a segunda maior do Pa\u00eds, com mais de 8,5 milh\u00f5es de hectares. Em nota, a [&hellip;]<\/p>\n","protected":false},"author":2,"featured_media":31306,"comment_status":"open","ping_status":"open","sticky":false,"template":"","format":"standard","meta":{"footnotes":""},"categories":[5],"tags":[1068,14861,307,14862,14863,5063],"class_list":["post-31305","post","type-post","status-publish","format-standard","has-post-thumbnail","hentry","category-geral","tag-amazonas","tag-bruno-pereira","tag-desaparecidos","tag-dom-philips","tag-indigenista","tag-jornalista"],"yoast_head":"<!-- This site is optimized with the Yoast SEO plugin v26.5 - https:\/\/yoast.com\/wordpress\/plugins\/seo\/ -->\n<title>PF encontra no Amazonas pertences pessoais de jornalista e indigenista - Jornal Fatos e Not\u00edcias<\/title>\n<meta name=\"robots\" content=\"index, follow, max-snippet:-1, max-image-preview:large, max-video-preview:-1\" \/>\n<link rel=\"canonical\" href=\"https:\/\/jornalfatosenoticias.com.br\/index.php\/2022\/06\/13\/pf-encontra-no-amazonas-pertences-pessoais-de-jornalista-e-indigenista\/\" \/>\n<meta property=\"og:locale\" content=\"pt_BR\" \/>\n<meta property=\"og:type\" content=\"article\" \/>\n<meta property=\"og:title\" content=\"PF encontra no Amazonas pertences pessoais de jornalista e indigenista - Jornal Fatos e Not\u00edcias\" \/>\n<meta property=\"og:description\" content=\"Policiais localizam cart\u00e3o de sa\u00fade de indigenista A Pol\u00edcia Federal (PF) encontrou alguns pertences do indigenista Bruno Pereira e do jornalista Dom Philips, desaparecidos desde 5 de junho na regi\u00e3o amaz\u00f4nica, na \u00e1rea da reserva ind\u00edgena do Vale do Javari, a segunda maior do Pa\u00eds, com mais de 8,5 milh\u00f5es de hectares. Em nota, a [&hellip;]\" \/>\n<meta property=\"og:url\" content=\"https:\/\/jornalfatosenoticias.com.br\/index.php\/2022\/06\/13\/pf-encontra-no-amazonas-pertences-pessoais-de-jornalista-e-indigenista\/\" \/>\n<meta property=\"og:site_name\" content=\"Jornal Fatos e Not\u00edcias\" \/>\n<meta property=\"article:published_time\" content=\"2022-06-13T14:33:26+00:00\" \/>\n<meta property=\"article:modified_time\" content=\"2022-06-13T14:33:30+00:00\" \/>\n<meta property=\"og:image\" content=\"https:\/\/jornalfatosenoticias.com.br\/wp-content\/uploads\/2022\/06\/brazil-journalist.jpg\" \/>\n\t<meta property=\"og:image:width\" content=\"1000\" \/>\n\t<meta property=\"og:image:height\" content=\"598\" \/>\n\t<meta property=\"og:image:type\" content=\"image\/jpeg\" \/>\n<meta name=\"author\" content=\"Luzimara Fernandes\" \/>\n<meta name=\"twitter:card\" content=\"summary_large_image\" \/>\n<meta name=\"twitter:label1\" content=\"Escrito por\" \/>\n\t<meta name=\"twitter:data1\" content=\"Luzimara Fernandes\" \/>\n\t<meta name=\"twitter:label2\" content=\"Est. tempo de leitura\" \/>\n\t<meta name=\"twitter:data2\" content=\"3 minutos\" \/>\n<script type=\"application\/ld+json\" class=\"yoast-schema-graph\">{\"@context\":\"https:\/\/schema.org\",\"@graph\":[{\"@type\":\"Article\",\"@id\":\"https:\/\/jornalfatosenoticias.com.br\/index.php\/2022\/06\/13\/pf-encontra-no-amazonas-pertences-pessoais-de-jornalista-e-indigenista\/#article\",\"isPartOf\":{\"@id\":\"https:\/\/jornalfatosenoticias.com.br\/index.php\/2022\/06\/13\/pf-encontra-no-amazonas-pertences-pessoais-de-jornalista-e-indigenista\/\"},\"author\":{\"name\":\"Luzimara Fernandes\",\"@id\":\"https:\/\/jornalfatosenoticias.com.br\/#\/schema\/person\/d63837fa13ac8666eb9e74e0985d6f81\"},\"headline\":\"PF encontra no Amazonas pertences pessoais de jornalista e indigenista\",\"datePublished\":\"2022-06-13T14:33:26+00:00\",\"dateModified\":\"2022-06-13T14:33:30+00:00\",\"mainEntityOfPage\":{\"@id\":\"https:\/\/jornalfatosenoticias.com.br\/index.php\/2022\/06\/13\/pf-encontra-no-amazonas-pertences-pessoais-de-jornalista-e-indigenista\/\"},\"wordCount\":611,\"commentCount\":0,\"publisher\":{\"@id\":\"https:\/\/jornalfatosenoticias.com.br\/#organization\"},\"image\":{\"@id\":\"https:\/\/jornalfatosenoticias.com.br\/index.php\/2022\/06\/13\/pf-encontra-no-amazonas-pertences-pessoais-de-jornalista-e-indigenista\/#primaryimage\"},\"thumbnailUrl\":\"https:\/\/jornalfatosenoticias.com.br\/wp-content\/uploads\/2022\/06\/brazil-journalist.jpg\",\"keywords\":[\"Amazonas\",\"Bruno Pereira\",\"desaparecidos\",\"Dom Philips\",\"indigenista\",\"jornalista\"],\"articleSection\":[\"Geral\"],\"inLanguage\":\"pt-BR\",\"potentialAction\":[{\"@type\":\"CommentAction\",\"name\":\"Comment\",\"target\":[\"https:\/\/jornalfatosenoticias.com.br\/index.php\/2022\/06\/13\/pf-encontra-no-amazonas-pertences-pessoais-de-jornalista-e-indigenista\/#respond\"]}]},{\"@type\":\"WebPage\",\"@id\":\"https:\/\/jornalfatosenoticias.com.br\/index.php\/2022\/06\/13\/pf-encontra-no-amazonas-pertences-pessoais-de-jornalista-e-indigenista\/\",\"url\":\"https:\/\/jornalfatosenoticias.com.br\/index.php\/2022\/06\/13\/pf-encontra-no-amazonas-pertences-pessoais-de-jornalista-e-indigenista\/\",\"name\":\"PF encontra no Amazonas pertences pessoais de jornalista e indigenista - Jornal Fatos e Not\u00edcias\",\"isPartOf\":{\"@id\":\"https:\/\/jornalfatosenoticias.com.br\/#website\"},\"primaryImageOfPage\":{\"@id\":\"https:\/\/jornalfatosenoticias.com.br\/index.php\/2022\/06\/13\/pf-encontra-no-amazonas-pertences-pessoais-de-jornalista-e-indigenista\/#primaryimage\"},\"image\":{\"@id\":\"https:\/\/jornalfatosenoticias.com.br\/index.php\/2022\/06\/13\/pf-encontra-no-amazonas-pertences-pessoais-de-jornalista-e-indigenista\/#primaryimage\"},\"thumbnailUrl\":\"https:\/\/jornalfatosenoticias.com.br\/wp-content\/uploads\/2022\/06\/brazil-journalist.jpg\",\"datePublished\":\"2022-06-13T14:33:26+00:00\",\"dateModified\":\"2022-06-13T14:33:30+00:00\",\"breadcrumb\":{\"@id\":\"https:\/\/jornalfatosenoticias.com.br\/index.php\/2022\/06\/13\/pf-encontra-no-amazonas-pertences-pessoais-de-jornalista-e-indigenista\/#breadcrumb\"},\"inLanguage\":\"pt-BR\",\"potentialAction\":[{\"@type\":\"ReadAction\",\"target\":[\"https:\/\/jornalfatosenoticias.com.br\/index.php\/2022\/06\/13\/pf-encontra-no-amazonas-pertences-pessoais-de-jornalista-e-indigenista\/\"]}]},{\"@type\":\"ImageObject\",\"inLanguage\":\"pt-BR\",\"@id\":\"https:\/\/jornalfatosenoticias.com.br\/index.php\/2022\/06\/13\/pf-encontra-no-amazonas-pertences-pessoais-de-jornalista-e-indigenista\/#primaryimage\",\"url\":\"https:\/\/jornalfatosenoticias.com.br\/wp-content\/uploads\/2022\/06\/brazil-journalist.jpg\",\"contentUrl\":\"https:\/\/jornalfatosenoticias.com.br\/wp-content\/uploads\/2022\/06\/brazil-journalist.jpg\",\"width\":1000,\"height\":598},{\"@type\":\"BreadcrumbList\",\"@id\":\"https:\/\/jornalfatosenoticias.com.br\/index.php\/2022\/06\/13\/pf-encontra-no-amazonas-pertences-pessoais-de-jornalista-e-indigenista\/#breadcrumb\",\"itemListElement\":[{\"@type\":\"ListItem\",\"position\":1,\"name\":\"In\u00edcio\",\"item\":\"https:\/\/jornalfatosenoticias.com.br\/\"},{\"@type\":\"ListItem\",\"position\":2,\"name\":\"PF encontra no Amazonas pertences pessoais de jornalista e indigenista\"}]},{\"@type\":\"WebSite\",\"@id\":\"https:\/\/jornalfatosenoticias.com.br\/#website\",\"url\":\"https:\/\/jornalfatosenoticias.com.br\/\",\"name\":\"Jornal Fatos e Not\u00edcias\",\"description\":\"Not\u00edcias em geral\",\"publisher\":{\"@id\":\"https:\/\/jornalfatosenoticias.com.br\/#organization\"},\"potentialAction\":[{\"@type\":\"SearchAction\",\"target\":{\"@type\":\"EntryPoint\",\"urlTemplate\":\"https:\/\/jornalfatosenoticias.com.br\/?s={search_term_string}\"},\"query-input\":{\"@type\":\"PropertyValueSpecification\",\"valueRequired\":true,\"valueName\":\"search_term_string\"}}],\"inLanguage\":\"pt-BR\"},{\"@type\":\"Organization\",\"@id\":\"https:\/\/jornalfatosenoticias.com.br\/#organization\",\"name\":\"Jornal Fatos e Not\u00edcias\",\"url\":\"https:\/\/jornalfatosenoticias.com.br\/\",\"logo\":{\"@type\":\"ImageObject\",\"inLanguage\":\"pt-BR\",\"@id\":\"https:\/\/jornalfatosenoticias.com.br\/#\/schema\/logo\/image\/\",\"url\":\"https:\/\/jornalfatosenoticias.com.br\/wp-content\/uploads\/2020\/02\/logo120.png\",\"contentUrl\":\"https:\/\/jornalfatosenoticias.com.br\/wp-content\/uploads\/2020\/02\/logo120.png\",\"width\":1227,\"height\":120,\"caption\":\"Jornal Fatos e Not\u00edcias\"},\"image\":{\"@id\":\"https:\/\/jornalfatosenoticias.com.br\/#\/schema\/logo\/image\/\"}},{\"@type\":\"Person\",\"@id\":\"https:\/\/jornalfatosenoticias.com.br\/#\/schema\/person\/d63837fa13ac8666eb9e74e0985d6f81\",\"name\":\"Luzimara Fernandes\",\"image\":{\"@type\":\"ImageObject\",\"inLanguage\":\"pt-BR\",\"@id\":\"https:\/\/jornalfatosenoticias.com.br\/#\/schema\/person\/image\/\",\"url\":\"https:\/\/jornalfatosenoticias.com.br\/wp-content\/uploads\/2025\/05\/EU_portal.jpg\",\"contentUrl\":\"https:\/\/jornalfatosenoticias.com.br\/wp-content\/uploads\/2025\/05\/EU_portal.jpg\",\"caption\":\"Luzimara Fernandes\"},\"description\":\"Jornalista MTB 2358-ES\",\"sameAs\":[\"https:\/\/jornalfatosenoticias.com.br\"],\"url\":\"https:\/\/jornalfatosenoticias.com.br\/index.php\/author\/luzimara\/\"}]}<\/script>\n<!-- \/ Yoast SEO plugin. -->","yoast_head_json":{"title":"PF encontra no Amazonas pertences pessoais de jornalista e indigenista - Jornal Fatos e Not\u00edcias","robots":{"index":"index","follow":"follow","max-snippet":"max-snippet:-1","max-image-preview":"max-image-preview:large","max-video-preview":"max-video-preview:-1"},"canonical":"https:\/\/jornalfatosenoticias.com.br\/index.php\/2022\/06\/13\/pf-encontra-no-amazonas-pertences-pessoais-de-jornalista-e-indigenista\/","og_locale":"pt_BR","og_type":"article","og_title":"PF encontra no Amazonas pertences pessoais de jornalista e indigenista - Jornal Fatos e Not\u00edcias","og_description":"Policiais localizam cart\u00e3o de sa\u00fade de indigenista A Pol\u00edcia Federal (PF) encontrou alguns pertences do indigenista Bruno Pereira e do jornalista Dom Philips, desaparecidos desde 5 de junho na regi\u00e3o amaz\u00f4nica, na \u00e1rea da reserva ind\u00edgena do Vale do Javari, a segunda maior do Pa\u00eds, com mais de 8,5 milh\u00f5es de hectares. Em nota, a [&hellip;]","og_url":"https:\/\/jornalfatosenoticias.com.br\/index.php\/2022\/06\/13\/pf-encontra-no-amazonas-pertences-pessoais-de-jornalista-e-indigenista\/","og_site_name":"Jornal Fatos e Not\u00edcias","article_published_time":"2022-06-13T14:33:26+00:00","article_modified_time":"2022-06-13T14:33:30+00:00","og_image":[{"width":1000,"height":598,"url":"https:\/\/jornalfatosenoticias.com.br\/wp-content\/uploads\/2022\/06\/brazil-journalist.jpg","type":"image\/jpeg"}],"author":"Luzimara Fernandes","twitter_card":"summary_large_image","twitter_misc":{"Escrito por":"Luzimara Fernandes","Est. tempo de leitura":"3 minutos"},"schema":{"@context":"https:\/\/schema.org","@graph":[{"@type":"Article","@id":"https:\/\/jornalfatosenoticias.com.br\/index.php\/2022\/06\/13\/pf-encontra-no-amazonas-pertences-pessoais-de-jornalista-e-indigenista\/#article","isPartOf":{"@id":"https:\/\/jornalfatosenoticias.com.br\/index.php\/2022\/06\/13\/pf-encontra-no-amazonas-pertences-pessoais-de-jornalista-e-indigenista\/"},"author":{"name":"Luzimara Fernandes","@id":"https:\/\/jornalfatosenoticias.com.br\/#\/schema\/person\/d63837fa13ac8666eb9e74e0985d6f81"},"headline":"PF encontra no Amazonas pertences pessoais de jornalista e indigenista","datePublished":"2022-06-13T14:33:26+00:00","dateModified":"2022-06-13T14:33:30+00:00","mainEntityOfPage":{"@id":"https:\/\/jornalfatosenoticias.com.br\/index.php\/2022\/06\/13\/pf-encontra-no-amazonas-pertences-pessoais-de-jornalista-e-indigenista\/"},"wordCount":611,"commentCount":0,"publisher":{"@id":"https:\/\/jornalfatosenoticias.com.br\/#organization"},"image":{"@id":"https:\/\/jornalfatosenoticias.com.br\/index.php\/2022\/06\/13\/pf-encontra-no-amazonas-pertences-pessoais-de-jornalista-e-indigenista\/#primaryimage"},"thumbnailUrl":"https:\/\/jornalfatosenoticias.com.br\/wp-content\/uploads\/2022\/06\/brazil-journalist.jpg","keywords":["Amazonas","Bruno Pereira","desaparecidos","Dom Philips","indigenista","jornalista"],"articleSection":["Geral"],"inLanguage":"pt-BR","potentialAction":[{"@type":"CommentAction","name":"Comment","target":["https:\/\/jornalfatosenoticias.com.br\/index.php\/2022\/06\/13\/pf-encontra-no-amazonas-pertences-pessoais-de-jornalista-e-indigenista\/#respond"]}]},{"@type":"WebPage","@id":"https:\/\/jornalfatosenoticias.com.br\/index.php\/2022\/06\/13\/pf-encontra-no-amazonas-pertences-pessoais-de-jornalista-e-indigenista\/","url":"https:\/\/jornalfatosenoticias.com.br\/index.php\/2022\/06\/13\/pf-encontra-no-amazonas-pertences-pessoais-de-jornalista-e-indigenista\/","name":"PF encontra no Amazonas pertences pessoais de jornalista e indigenista - Jornal Fatos e Not\u00edcias","isPartOf":{"@id":"https:\/\/jornalfatosenoticias.com.br\/#website"},"primaryImageOfPage":{"@id":"https:\/\/jornalfatosenoticias.com.br\/index.php\/2022\/06\/13\/pf-encontra-no-amazonas-pertences-pessoais-de-jornalista-e-indigenista\/#primaryimage"},"image":{"@id":"https:\/\/jornalfatosenoticias.com.br\/index.php\/2022\/06\/13\/pf-encontra-no-amazonas-pertences-pessoais-de-jornalista-e-indigenista\/#primaryimage"},"thumbnailUrl":"https:\/\/jornalfatosenoticias.com.br\/wp-content\/uploads\/2022\/06\/brazil-journalist.jpg","datePublished":"2022-06-13T14:33:26+00:00","dateModified":"2022-06-13T14:33:30+00:00","breadcrumb":{"@id":"https:\/\/jornalfatosenoticias.com.br\/index.php\/2022\/06\/13\/pf-encontra-no-amazonas-pertences-pessoais-de-jornalista-e-indigenista\/#breadcrumb"},"inLanguage":"pt-BR","potentialAction":[{"@type":"ReadAction","target":["https:\/\/jornalfatosenoticias.com.br\/index.php\/2022\/06\/13\/pf-encontra-no-amazonas-pertences-pessoais-de-jornalista-e-indigenista\/"]}]},{"@type":"ImageObject","inLanguage":"pt-BR","@id":"https:\/\/jornalfatosenoticias.com.br\/index.php\/2022\/06\/13\/pf-encontra-no-amazonas-pertences-pessoais-de-jornalista-e-indigenista\/#primaryimage","url":"https:\/\/jornalfatosenoticias.com.br\/wp-content\/uploads\/2022\/06\/brazil-journalist.jpg","contentUrl":"https:\/\/jornalfatosenoticias.com.br\/wp-content\/uploads\/2022\/06\/brazil-journalist.jpg","width":1000,"height":598},{"@type":"BreadcrumbList","@id":"https:\/\/jornalfatosenoticias.com.br\/index.php\/2022\/06\/13\/pf-encontra-no-amazonas-pertences-pessoais-de-jornalista-e-indigenista\/#breadcrumb","itemListElement":[{"@type":"ListItem","position":1,"name":"In\u00edcio","item":"https:\/\/jornalfatosenoticias.com.br\/"},{"@type":"ListItem","position":2,"name":"PF encontra no Amazonas pertences pessoais de jornalista e indigenista"}]},{"@type":"WebSite","@id":"https:\/\/jornalfatosenoticias.com.br\/#website","url":"https:\/\/jornalfatosenoticias.com.br\/","name":"Jornal Fatos e Not\u00edcias","description":"Not\u00edcias em geral","publisher":{"@id":"https:\/\/jornalfatosenoticias.com.br\/#organization"},"potentialAction":[{"@type":"SearchAction","target":{"@type":"EntryPoint","urlTemplate":"https:\/\/jornalfatosenoticias.com.br\/?s={search_term_string}"},"query-input":{"@type":"PropertyValueSpecification","valueRequired":true,"valueName":"search_term_string"}}],"inLanguage":"pt-BR"},{"@type":"Organization","@id":"https:\/\/jornalfatosenoticias.com.br\/#organization","name":"Jornal Fatos e Not\u00edcias","url":"https:\/\/jornalfatosenoticias.com.br\/","logo":{"@type":"ImageObject","inLanguage":"pt-BR","@id":"https:\/\/jornalfatosenoticias.com.br\/#\/schema\/logo\/image\/","url":"https:\/\/jornalfatosenoticias.com.br\/wp-content\/uploads\/2020\/02\/logo120.png","contentUrl":"https:\/\/jornalfatosenoticias.com.br\/wp-content\/uploads\/2020\/02\/logo120.png","width":1227,"height":120,"caption":"Jornal Fatos e Not\u00edcias"},"image":{"@id":"https:\/\/jornalfatosenoticias.com.br\/#\/schema\/logo\/image\/"}},{"@type":"Person","@id":"https:\/\/jornalfatosenoticias.com.br\/#\/schema\/person\/d63837fa13ac8666eb9e74e0985d6f81","name":"Luzimara Fernandes","image":{"@type":"ImageObject","inLanguage":"pt-BR","@id":"https:\/\/jornalfatosenoticias.com.br\/#\/schema\/person\/image\/","url":"https:\/\/jornalfatosenoticias.com.br\/wp-content\/uploads\/2025\/05\/EU_portal.jpg","contentUrl":"https:\/\/jornalfatosenoticias.com.br\/wp-content\/uploads\/2025\/05\/EU_portal.jpg","caption":"Luzimara Fernandes"},"description":"Jornalista MTB 2358-ES","sameAs":["https:\/\/jornalfatosenoticias.com.br"],"url":"https:\/\/jornalfatosenoticias.com.br\/index.php\/author\/luzimara\/"}]}},"cc_featured_image_caption":{"caption_text":"(Foto: Bruno Kelly)","source_text":"","source_url":""},"jetpack_featured_media_url":"https:\/\/jornalfatosenoticias.com.br\/wp-content\/uploads\/2022\/06\/brazil-journalist.jpg","_links":{"self":[{"href":"https:\/\/jornalfatosenoticias.com.br\/index.php\/wp-json\/wp\/v2\/posts\/31305","targetHints":{"allow":["GET"]}}],"collection":[{"href":"https:\/\/jornalfatosenoticias.com.br\/index.php\/wp-json\/wp\/v2\/posts"}],"about":[{"href":"https:\/\/jornalfatosenoticias.com.br\/index.php\/wp-json\/wp\/v2\/types\/post"}],"author":[{"embeddable":true,"href":"https:\/\/jornalfatosenoticias.com.br\/index.php\/wp-json\/wp\/v2\/users\/2"}],"replies":[{"embeddable":true,"href":"https:\/\/jornalfatosenoticias.com.br\/index.php\/wp-json\/wp\/v2\/comments?post=31305"}],"version-history":[{"count":0,"href":"https:\/\/jornalfatosenoticias.com.br\/index.php\/wp-json\/wp\/v2\/posts\/31305\/revisions"}],"wp:featuredmedia":[{"embeddable":true,"href":"https:\/\/jornalfatosenoticias.com.br\/index.php\/wp-json\/wp\/v2\/media\/31306"}],"wp:attachment":[{"href":"https:\/\/jornalfatosenoticias.com.br\/index.php\/wp-json\/wp\/v2\/media?parent=31305"}],"wp:term":[{"taxonomy":"category","embeddable":true,"href":"https:\/\/jornalfatosenoticias.com.br\/index.php\/wp-json\/wp\/v2\/categories?post=31305"},{"taxonomy":"post_tag","embeddable":true,"href":"https:\/\/jornalfatosenoticias.com.br\/index.php\/wp-json\/wp\/v2\/tags?post=31305"}],"curies":[{"name":"wp","href":"https:\/\/api.w.org\/{rel}","templated":true}]}}