{"id":31435,"date":"2022-06-16T15:12:32","date_gmt":"2022-06-16T18:12:32","guid":{"rendered":"https:\/\/jornalfatosenoticias.com.br\/?p=31435"},"modified":"2022-06-16T15:12:33","modified_gmt":"2022-06-16T18:12:33","slug":"torturar-uma-crianca-a-vulnerabilidade-a-tolerancia-parte-vi","status":"publish","type":"post","link":"https:\/\/jornalfatosenoticias.com.br\/index.php\/2022\/06\/16\/torturar-uma-crianca-a-vulnerabilidade-a-tolerancia-parte-vi\/","title":{"rendered":"Torturar uma Crian\u00e7a, a vulnerabilidade, a toler\u00e2ncia \u2014 Parte VI"},"content":{"rendered":"\n<p><em><span class=\"has-inline-color has-black-color\">Decis\u00e3o do Superior Tribunal de Justi\u00e7a atinge diretamente mais de 50 milh\u00f5es de pessoas asseguradas, que perderam Direitos \u00e0 manuten\u00e7\u00e3o da vida<\/span><\/em><\/p>\n\n\n\n<div class=\"wp-block-image\"><figure class=\"aligncenter size-large is-resized\"><img loading=\"lazy\" decoding=\"async\" src=\"https:\/\/jornalfatosenoticias.com.br\/wp-content\/uploads\/2022\/02\/Arte-Autoescola-Galatas_endereco_portal-1024x103.png\" alt=\"\" class=\"wp-image-27869\" width=\"510\" height=\"51\" srcset=\"https:\/\/jornalfatosenoticias.com.br\/wp-content\/uploads\/2022\/02\/Arte-Autoescola-Galatas_endereco_portal-1024x103.png 1024w, https:\/\/jornalfatosenoticias.com.br\/wp-content\/uploads\/2022\/02\/Arte-Autoescola-Galatas_endereco_portal-300x30.png 300w, https:\/\/jornalfatosenoticias.com.br\/wp-content\/uploads\/2022\/02\/Arte-Autoescola-Galatas_endereco_portal-768x77.png 768w, https:\/\/jornalfatosenoticias.com.br\/wp-content\/uploads\/2022\/02\/Arte-Autoescola-Galatas_endereco_portal.png 1223w\" sizes=\"auto, (max-width: 510px) 100vw, 510px\" \/><\/figure><\/div>\n\n\n\n<p>Acabamos de tomar conhecimento de uma tortura, de Crian\u00e7a, anunciada. A decis\u00e3o, descomprometida e inconsequente, do Superior Tribunal de Justi\u00e7a (STJ) que escolheu garantir o lucro de empresas de seguro de sa\u00fade em detrimento da vida de Crian\u00e7as e Adolescentes, entre os estimados 50 milh\u00f5es de pessoas asseguradas que perderam Direitos \u00e0 manuten\u00e7\u00e3o da vida, \u00e9 estarrecedora!<br>Quantas Crian\u00e7as foram atingidas pela decis\u00e3o que estabelece o \u201cRol Taxativo\u201d como \u00fanico crit\u00e9rio, absoluto para os empres\u00e1rios da sa\u00fade, letal para as Crian\u00e7as. E sem a via judicial, ou seja, a Justi\u00e7a se eximindo de seu papel julgador e garantidor de Direitos e DEVERES da fam\u00edlia, da Sociedade, do ESTADO, prescrito na Constitui\u00e7\u00e3o e no Estatuto da Crian\u00e7a e do Adolescente.<\/p>\n\n\n\n<div class=\"wp-block-image\"><figure class=\"alignleft size-large is-resized\"><img loading=\"lazy\" decoding=\"async\" src=\"https:\/\/jornalfatosenoticias.com.br\/wp-content\/uploads\/2022\/02\/Serra-Pack-459.png\" alt=\"\" class=\"wp-image-27471\" width=\"278\" height=\"111\"\/><\/figure><\/div>\n\n\n\n<p>Como entender o ECA em seu Art. 3\u00ba: <em><span class=\"has-inline-color has-black-color\">\u201cA crian\u00e7a e o adolescente gozam de todos os direitos fundamentais inerentes \u00e0 pessoa humana, sem preju\u00edzo da prote\u00e7\u00e3o integral de que trata esta Lei, assegurando-se-lhes, por lei ou por outros meios, todas as oportunidades e facilidades, a fim de lhes facultar o desenvolvimento f\u00edsico, mental, moral, espiritual e social, em condi\u00e7\u00f5es de liberdade e de dignidade\u201d.<br>Par\u00e1grafo \u00fanico. \u201cOs direitos enunciados nesta Lei aplicam-se a todas as crian\u00e7as e adolescentes, sem discrimina\u00e7\u00e3o de nascimento, situa\u00e7\u00e3o familiar, idade, sexo, ra\u00e7a, etnia ou cor, religi\u00e3o ou cren\u00e7a, defici\u00eancia, condi\u00e7\u00e3o pessoal de desenvolvimento e aprendizagem, condi\u00e7\u00e3o econ\u00f4mica, ambiente social, regi\u00e3o e local de moradia ou outra condi\u00e7\u00e3o que diferencie as pessoas, as fam\u00edlias ou a comunidade em que vivem\u201d<\/span><\/em>.<\/p>\n\n\n\n<div class=\"wp-block-image\"><figure class=\"alignright size-large\"><img decoding=\"async\" src=\"https:\/\/jornalfatosenoticias.com.br\/wp-content\/uploads\/2020\/02\/logo_esteio.jpg\" alt=\"\" class=\"wp-image-1214\"\/><\/figure><\/div>\n\n\n\n<p>Alguns termos escritos nessa Lei, nesse Artigo, nesse Par\u00e1grafo, nos colocam diante do respeito, do cuidado, do dever, para com as nossas Crian\u00e7as: <em><span class=\"has-inline-color has-black-color\">direitos fundamentais, prote\u00e7\u00e3o integral, asseguramento, desenvolvimento f\u00edsico, mental, moral, espiritual, social, DIGNIDADE, todas, sem discrimina\u00e7\u00e3o, situa\u00e7\u00e3o familiar, idade, etnia, cren\u00e7a, defici\u00eancia, aprendizagem, local de moradia, fam\u00edlia e comunidade.<\/span><\/em> Cada um desses termos compartilha o conceito de cuidado que \u00e9 recheado de afeto e responsabiliza\u00e7\u00e3o. Mas, como a justi\u00e7a se responsabiliza por esses conceitos que comp\u00f5em esse Artigo do ECA?<\/p>\n\n\n\n<figure class=\"wp-block-image size-large\"><img loading=\"lazy\" decoding=\"async\" width=\"1000\" height=\"945\" src=\"https:\/\/jornalfatosenoticias.com.br\/wp-content\/uploads\/2022\/06\/novas-regras-planos-de-saude_talita-victoria.jpg\" alt=\"\" class=\"wp-image-31436\" srcset=\"https:\/\/jornalfatosenoticias.com.br\/wp-content\/uploads\/2022\/06\/novas-regras-planos-de-saude_talita-victoria.jpg 1000w, https:\/\/jornalfatosenoticias.com.br\/wp-content\/uploads\/2022\/06\/novas-regras-planos-de-saude_talita-victoria-300x284.jpg 300w, https:\/\/jornalfatosenoticias.com.br\/wp-content\/uploads\/2022\/06\/novas-regras-planos-de-saude_talita-victoria-768x726.jpg 768w\" sizes=\"auto, (max-width: 1000px) 100vw, 1000px\" \/><figcaption><em><span class=\"has-inline-color has-black-color\">Talita entrou com a\u00e7\u00e3o judicial para garantir o tratamento da filha Vict\u00f3ria (Foto: Arquivo Pessoal\/O Globo)<\/span><\/em><\/figcaption><\/figure>\n\n\n\n<div class=\"wp-block-image\"><figure class=\"alignleft size-large is-resized\"><img loading=\"lazy\" decoding=\"async\" src=\"https:\/\/jornalfatosenoticias.com.br\/wp-content\/uploads\/2022\/02\/Precisao-Contabilidade-1024x724.jpg\" alt=\"\" class=\"wp-image-28088\" width=\"301\" height=\"212\"\/><\/figure><\/div>\n\n\n\n<p>Temos Crian\u00e7as portadoras de diversas doen\u00e7as autoimunes. Muitas, portadoras de paralisia cerebral. Muitas, portadoras de autismo. Outras, portadoras de neoplasias variadas. Outras, ainda, portadoras de microcefalia por Zika V\u00edrus. Enfim, Crian\u00e7as que necessitam de tratamentos especializados que n\u00e3o costumam fazer parte do card\u00e1pio de procedimentos e tratamentos garantidos pelos Planos de Sa\u00fade. Recorrer \u00e0 Justi\u00e7a, para ter a efetiva\u00e7\u00e3o do Art. 3\u00ba do ECA, era o caminho para garantir salvamento ou melhoria do desenvolvimento comprometido por essas doen\u00e7as. Mas, a partir dessa decis\u00e3o do STJ, n\u00e3o estando elencada na lista do Plano de Sa\u00fade, acaba a possibilidade \u2014 via judicial \u2014 de obter o tratamento, ficando vedada a ida \u00e0 Justi\u00e7a, como ocorria at\u00e9 agora.<\/p>\n\n\n\n<div class=\"wp-block-image\"><figure class=\"aligncenter size-large is-resized\"><img loading=\"lazy\" decoding=\"async\" src=\"https:\/\/jornalfatosenoticias.com.br\/wp-content\/uploads\/2022\/05\/NOVA-LOGO-CESCONETTO-1024x100.jpg\" alt=\"\" class=\"wp-image-30792\" width=\"509\" height=\"49\" srcset=\"https:\/\/jornalfatosenoticias.com.br\/wp-content\/uploads\/2022\/05\/NOVA-LOGO-CESCONETTO-1024x100.jpg 1024w, https:\/\/jornalfatosenoticias.com.br\/wp-content\/uploads\/2022\/05\/NOVA-LOGO-CESCONETTO-300x29.jpg 300w, https:\/\/jornalfatosenoticias.com.br\/wp-content\/uploads\/2022\/05\/NOVA-LOGO-CESCONETTO-768x75.jpg 768w, https:\/\/jornalfatosenoticias.com.br\/wp-content\/uploads\/2022\/05\/NOVA-LOGO-CESCONETTO.jpg 1280w\" sizes=\"auto, (max-width: 509px) 100vw, 509px\" \/><\/figure><\/div>\n\n\n\n<p>Qual \u00e9 o Projeto? Falamos de inclus\u00e3o, mas legalizamos a exclus\u00e3o. Todos os tratamentos de estimula\u00e7\u00e3o desse enorme n\u00famero de Crian\u00e7as ser\u00e3o cortados. O futuro delas? \u00c9 justo? E, se pensarmos objetivamente, algu\u00e9m j\u00e1 calculou quanto custar\u00e1 para a sociedade ter uma legi\u00e3o de cidad\u00e3os \u2014 Crian\u00e7as crescem \u2014 dependentes? E os que morrer\u00e3o?<br>O Art. 4\u00ba do ECA reza: <em><span class=\"has-inline-color has-black-color\">\u201c\u00c9 dever da fam\u00edlia, da comunidade, da sociedade em geral e do poder p\u00fablico assegurar, com absoluta prioridade, a efetiva\u00e7\u00e3o dos direitos referentes \u00e0 vida, \u00e0 sa\u00fade, \u00e0 alimenta\u00e7\u00e3o, \u00e0 educa\u00e7\u00e3o, ao esporte, ao lazer, \u00e0 profissionaliza\u00e7\u00e3o, \u00e0 cultura, \u00e0 dignidade, ao respeito, \u00e0 liberdade e \u00e0 conviv\u00eancia familiar e comunit\u00e1ria\u201d.<\/span><\/em><\/p>\n\n\n\n<div class=\"wp-block-image\"><figure class=\"aligncenter size-large is-resized\"><img loading=\"lazy\" decoding=\"async\" src=\"https:\/\/jornalfatosenoticias.com.br\/wp-content\/uploads\/2022\/06\/Casaruo1024_1.jpg\" alt=\"\" class=\"wp-image-31042\" width=\"296\" height=\"161\"\/><\/figure><\/div>\n\n\n\n<figure class=\"wp-block-image size-large\"><img loading=\"lazy\" decoding=\"async\" width=\"1000\" height=\"374\" src=\"https:\/\/jornalfatosenoticias.com.br\/wp-content\/uploads\/2022\/06\/Mirella.jpg\" alt=\"\" class=\"wp-image-31437\" srcset=\"https:\/\/jornalfatosenoticias.com.br\/wp-content\/uploads\/2022\/06\/Mirella.jpg 1000w, https:\/\/jornalfatosenoticias.com.br\/wp-content\/uploads\/2022\/06\/Mirella-300x112.jpg 300w, https:\/\/jornalfatosenoticias.com.br\/wp-content\/uploads\/2022\/06\/Mirella-768x287.jpg 768w\" sizes=\"auto, (max-width: 1000px) 100vw, 1000px\" \/><figcaption><em><span class=\"has-inline-color has-black-color\">Menina Mirella, dois anos, morta por les\u00f5es provocadas pelo padrasto com a coniv\u00eancia da m\u00e3e (Foto: ndmais.com.br)<\/span><\/em><\/figcaption><\/figure>\n\n\n\n<div class=\"wp-block-image\"><figure class=\"alignright size-large is-resized\"><img loading=\"lazy\" decoding=\"async\" src=\"https:\/\/jornalfatosenoticias.com.br\/wp-content\/uploads\/2020\/02\/nova-logo-Marquetti.jpg\" alt=\"\" class=\"wp-image-22331\" width=\"260\" height=\"175\" srcset=\"https:\/\/jornalfatosenoticias.com.br\/wp-content\/uploads\/2020\/02\/nova-logo-Marquetti.jpg 643w, https:\/\/jornalfatosenoticias.com.br\/wp-content\/uploads\/2020\/02\/nova-logo-Marquetti-300x202.jpg 300w\" sizes=\"auto, (max-width: 260px) 100vw, 260px\" \/><\/figure><\/div>\n\n\n\n<p>\u00c9 a mesma justi\u00e7a? \u00c9 a justi\u00e7a que desobedece a Lei, tendo como alvo a Crian\u00e7a? \u00c9 a sa\u00fade de Crian\u00e7as que est\u00e1 em quest\u00e3o, mas que passa a n\u00e3o importar. No momento em que, a cada dia, surgem novos m\u00e9todos, novos procedimentos, em que a Ci\u00eancia avan\u00e7a, \u00e9 legalizada a amputa\u00e7\u00e3o de desenvolvimento de milh\u00f5es de Crian\u00e7as. A raz\u00e3o de tratamentos variados fica por conta do lucro e n\u00e3o da sa\u00fade, Direito Fundamental.<br>Dir\u00e3o alguns: tem o SUS, mas que SUS? Quase destru\u00eddo. Conhecemos as filas de espera de anos por conta do projeto de sucateamento do excelente sistema, t\u00e3o inspirador para outros pa\u00edses. Lembrando que, a inf\u00e2ncia passa mais r\u00e1pido que uma dessas filas.<br>Nesses dias, assistimos uma s\u00e9rie de evid\u00eancias de torturas de Crian\u00e7a. Mirella, dois anos, assassinada por sucessivos espancamentos executados pelo padrasto com coniv\u00eancia da m\u00e3e. <\/p>\n\n\n\n<div class=\"wp-block-image\"><figure class=\"aligncenter size-large is-resized\"><img loading=\"lazy\" decoding=\"async\" src=\"https:\/\/jornalfatosenoticias.com.br\/wp-content\/uploads\/2020\/02\/Serra-Grande-1024x160.png\" alt=\"\" class=\"wp-image-7836\" width=\"446\" height=\"69\"\/><\/figure><\/div>\n\n\n\n<figure class=\"wp-block-image size-large\"><img loading=\"lazy\" decoding=\"async\" width=\"1000\" height=\"666\" src=\"https:\/\/jornalfatosenoticias.com.br\/wp-content\/uploads\/2022\/06\/o-pai-matou-geovana.jpg\" alt=\"\" class=\"wp-image-31438\" srcset=\"https:\/\/jornalfatosenoticias.com.br\/wp-content\/uploads\/2022\/06\/o-pai-matou-geovana.jpg 1000w, https:\/\/jornalfatosenoticias.com.br\/wp-content\/uploads\/2022\/06\/o-pai-matou-geovana-300x200.jpg 300w, https:\/\/jornalfatosenoticias.com.br\/wp-content\/uploads\/2022\/06\/o-pai-matou-geovana-768x511.jpg 768w\" sizes=\"auto, (max-width: 1000px) 100vw, 1000px\" \/><figcaption><em><span class=\"has-inline-color has-black-color\">Geovana foi morta pelo pr\u00f3prio pai, Sidney (Foto: Reprodu\u00e7\u00e3o\/TV Record)<\/span><\/em><\/figcaption><\/figure>\n\n\n\n<div class=\"wp-block-image\"><figure class=\"alignleft size-large is-resized\"><img loading=\"lazy\" decoding=\"async\" src=\"https:\/\/jornalfatosenoticias.com.br\/wp-content\/uploads\/2022\/06\/Patro-padrao-PDF.jpg\" alt=\"\" class=\"wp-image-31041\" width=\"289\" height=\"174\" srcset=\"https:\/\/jornalfatosenoticias.com.br\/wp-content\/uploads\/2022\/06\/Patro-padrao-PDF.jpg 1000w, https:\/\/jornalfatosenoticias.com.br\/wp-content\/uploads\/2022\/06\/Patro-padrao-PDF-300x181.jpg 300w, https:\/\/jornalfatosenoticias.com.br\/wp-content\/uploads\/2022\/06\/Patro-padrao-PDF-768x464.jpg 768w\" sizes=\"auto, (max-width: 289px) 100vw, 289px\" \/><\/figure><\/div>\n\n\n\n<p>Giovana, seis anos, caiu do 12\u00ba andar porque foi deixada sozinha no apartamento. O pai saiu com a namorada, n\u00e3o tinha rede de prote\u00e7\u00e3o na varanda. Morreu com um celular na m\u00e3o. A Menina de 13 anos esganada pelo pai e enterrada, por ele, no quarto do irm\u00e3o. Rumores sobre outro motivo para esse silenciamento perene, uma outra Crian\u00e7a estaria no corpo dela. Como estamos cuidando de nossas Crian\u00e7as? Neglig\u00eancia com um incapaz tamb\u00e9m \u00e9 tortura.<br>Retomaremos na pr\u00f3xima semana, esses casos de tortura de Crian\u00e7as que se repetem mon\u00f3tona e perversamente. Fam\u00edlia e Institui\u00e7\u00e3o. N\u00e3o \u00e9 sem querer. Leis existem, tantas que existem at\u00e9 uma esp\u00e9cie de contradit\u00f3rio de leis. A Cultura \u00e9 a da Transgress\u00e3o. Sociedade cenogr\u00e1fica, montada em papel\u00e3o.<\/p>\n\n\n\n<div class=\"wp-block-image\"><figure class=\"aligncenter size-large is-resized\"><img loading=\"lazy\" decoding=\"async\" src=\"https:\/\/jornalfatosenoticias.com.br\/wp-content\/uploads\/2020\/02\/banner_ferramentas-1024x100.jpg\" alt=\"\" class=\"wp-image-1258\" width=\"509\" height=\"49\" srcset=\"https:\/\/jornalfatosenoticias.com.br\/wp-content\/uploads\/2020\/02\/banner_ferramentas-1024x100.jpg 1024w, https:\/\/jornalfatosenoticias.com.br\/wp-content\/uploads\/2020\/02\/banner_ferramentas-300x29.jpg 300w, https:\/\/jornalfatosenoticias.com.br\/wp-content\/uploads\/2020\/02\/banner_ferramentas-768x75.jpg 768w, https:\/\/jornalfatosenoticias.com.br\/wp-content\/uploads\/2020\/02\/banner_ferramentas.jpg 1227w\" sizes=\"auto, (max-width: 509px) 100vw, 509px\" \/><\/figure><\/div>\n\n\n\n<figure class=\"wp-block-image size-large\"><img loading=\"lazy\" decoding=\"async\" width=\"1000\" height=\"750\" src=\"https:\/\/jornalfatosenoticias.com.br\/wp-content\/uploads\/2022\/06\/novas-regras-planos-de-saude_Iencarelli.jpg\" alt=\"\" class=\"wp-image-31439\" srcset=\"https:\/\/jornalfatosenoticias.com.br\/wp-content\/uploads\/2022\/06\/novas-regras-planos-de-saude_Iencarelli.jpg 1000w, https:\/\/jornalfatosenoticias.com.br\/wp-content\/uploads\/2022\/06\/novas-regras-planos-de-saude_Iencarelli-300x225.jpg 300w, https:\/\/jornalfatosenoticias.com.br\/wp-content\/uploads\/2022\/06\/novas-regras-planos-de-saude_Iencarelli-768x576.jpg 768w\" sizes=\"auto, (max-width: 1000px) 100vw, 1000px\" \/><figcaption><em><span class=\"has-inline-color has-black-color\">M\u00e3es de crian\u00e7as com defici\u00eancia criticam decis\u00e3o favor\u00e1vel do STJ a planos de sa\u00fade (Foto: Reprodu\u00e7\u00e3o\/Twitter\/@andreawerner_)<\/span><\/em><\/figcaption><\/figure>\n","protected":false},"excerpt":{"rendered":"<p>Decis\u00e3o do Superior Tribunal de Justi\u00e7a atinge diretamente mais de 50 milh\u00f5es de pessoas asseguradas, que perderam Direitos \u00e0 manuten\u00e7\u00e3o da vida Acabamos de tomar conhecimento de uma tortura, de Crian\u00e7a, anunciada. A decis\u00e3o, descomprometida e inconsequente, do Superior Tribunal de Justi\u00e7a (STJ) que escolheu garantir o lucro de empresas de seguro de sa\u00fade em [&hellip;]<\/p>\n","protected":false},"author":8,"featured_media":31439,"comment_status":"open","ping_status":"open","sticky":false,"template":"","format":"standard","meta":{"footnotes":""},"categories":[2522],"tags":[2812,6978,14684,14905],"class_list":["post-31435","post","type-post","status-publish","format-standard","has-post-thumbnail","hentry","category-comportamento","tag-eca","tag-novas-regras","tag-planos-de-saude","tag-stj"],"yoast_head":"<!-- This site is optimized with the Yoast SEO plugin v26.5 - https:\/\/yoast.com\/wordpress\/plugins\/seo\/ -->\n<title>Torturar uma Crian\u00e7a, a vulnerabilidade, a toler\u00e2ncia \u2014 Parte VI - Jornal Fatos e Not\u00edcias<\/title>\n<meta name=\"robots\" content=\"index, follow, max-snippet:-1, max-image-preview:large, max-video-preview:-1\" \/>\n<link rel=\"canonical\" href=\"https:\/\/jornalfatosenoticias.com.br\/index.php\/2022\/06\/16\/torturar-uma-crianca-a-vulnerabilidade-a-tolerancia-parte-vi\/\" \/>\n<meta property=\"og:locale\" content=\"pt_BR\" \/>\n<meta property=\"og:type\" content=\"article\" \/>\n<meta property=\"og:title\" content=\"Torturar uma Crian\u00e7a, a vulnerabilidade, a toler\u00e2ncia \u2014 Parte VI - Jornal Fatos e Not\u00edcias\" \/>\n<meta property=\"og:description\" content=\"Decis\u00e3o do Superior Tribunal de Justi\u00e7a atinge diretamente mais de 50 milh\u00f5es de pessoas asseguradas, que perderam Direitos \u00e0 manuten\u00e7\u00e3o da vida Acabamos de tomar conhecimento de uma tortura, de Crian\u00e7a, anunciada. A decis\u00e3o, descomprometida e inconsequente, do Superior Tribunal de Justi\u00e7a (STJ) que escolheu garantir o lucro de empresas de seguro de sa\u00fade em [&hellip;]\" \/>\n<meta property=\"og:url\" content=\"https:\/\/jornalfatosenoticias.com.br\/index.php\/2022\/06\/16\/torturar-uma-crianca-a-vulnerabilidade-a-tolerancia-parte-vi\/\" \/>\n<meta property=\"og:site_name\" content=\"Jornal Fatos e Not\u00edcias\" \/>\n<meta property=\"article:published_time\" content=\"2022-06-16T18:12:32+00:00\" \/>\n<meta property=\"article:modified_time\" content=\"2022-06-16T18:12:33+00:00\" \/>\n<meta property=\"og:image\" content=\"https:\/\/jornalfatosenoticias.com.br\/wp-content\/uploads\/2022\/06\/novas-regras-planos-de-saude_Iencarelli.jpg\" \/>\n\t<meta property=\"og:image:width\" content=\"1000\" \/>\n\t<meta property=\"og:image:height\" content=\"750\" \/>\n\t<meta property=\"og:image:type\" content=\"image\/jpeg\" \/>\n<meta name=\"author\" content=\"Ana Maria Iencarelli\" \/>\n<meta name=\"twitter:card\" content=\"summary_large_image\" \/>\n<meta name=\"twitter:label1\" content=\"Escrito por\" \/>\n\t<meta name=\"twitter:data1\" content=\"Ana Maria Iencarelli\" \/>\n\t<meta name=\"twitter:label2\" content=\"Est. tempo de leitura\" \/>\n\t<meta name=\"twitter:data2\" content=\"5 minutos\" \/>\n<script type=\"application\/ld+json\" class=\"yoast-schema-graph\">{\"@context\":\"https:\/\/schema.org\",\"@graph\":[{\"@type\":\"Article\",\"@id\":\"https:\/\/jornalfatosenoticias.com.br\/index.php\/2022\/06\/16\/torturar-uma-crianca-a-vulnerabilidade-a-tolerancia-parte-vi\/#article\",\"isPartOf\":{\"@id\":\"https:\/\/jornalfatosenoticias.com.br\/index.php\/2022\/06\/16\/torturar-uma-crianca-a-vulnerabilidade-a-tolerancia-parte-vi\/\"},\"author\":{\"name\":\"Ana Maria Iencarelli\",\"@id\":\"https:\/\/jornalfatosenoticias.com.br\/#\/schema\/person\/c33fcf5fb02d729d3fec92c6737a22d1\"},\"headline\":\"Torturar uma Crian\u00e7a, a vulnerabilidade, a toler\u00e2ncia \u2014 Parte VI\",\"datePublished\":\"2022-06-16T18:12:32+00:00\",\"dateModified\":\"2022-06-16T18:12:33+00:00\",\"mainEntityOfPage\":{\"@id\":\"https:\/\/jornalfatosenoticias.com.br\/index.php\/2022\/06\/16\/torturar-uma-crianca-a-vulnerabilidade-a-tolerancia-parte-vi\/\"},\"wordCount\":1022,\"commentCount\":0,\"publisher\":{\"@id\":\"https:\/\/jornalfatosenoticias.com.br\/#organization\"},\"image\":{\"@id\":\"https:\/\/jornalfatosenoticias.com.br\/index.php\/2022\/06\/16\/torturar-uma-crianca-a-vulnerabilidade-a-tolerancia-parte-vi\/#primaryimage\"},\"thumbnailUrl\":\"https:\/\/jornalfatosenoticias.com.br\/wp-content\/uploads\/2022\/06\/novas-regras-planos-de-saude_Iencarelli.jpg\",\"keywords\":[\"ECA\",\"novas regras\",\"planos de sa\u00fade\",\"STJ\"],\"articleSection\":[\"Comportamento &amp; Equil\u00edbrio\"],\"inLanguage\":\"pt-BR\",\"potentialAction\":[{\"@type\":\"CommentAction\",\"name\":\"Comment\",\"target\":[\"https:\/\/jornalfatosenoticias.com.br\/index.php\/2022\/06\/16\/torturar-uma-crianca-a-vulnerabilidade-a-tolerancia-parte-vi\/#respond\"]}]},{\"@type\":\"WebPage\",\"@id\":\"https:\/\/jornalfatosenoticias.com.br\/index.php\/2022\/06\/16\/torturar-uma-crianca-a-vulnerabilidade-a-tolerancia-parte-vi\/\",\"url\":\"https:\/\/jornalfatosenoticias.com.br\/index.php\/2022\/06\/16\/torturar-uma-crianca-a-vulnerabilidade-a-tolerancia-parte-vi\/\",\"name\":\"Torturar uma Crian\u00e7a, a vulnerabilidade, a toler\u00e2ncia \u2014 Parte VI - Jornal Fatos e Not\u00edcias\",\"isPartOf\":{\"@id\":\"https:\/\/jornalfatosenoticias.com.br\/#website\"},\"primaryImageOfPage\":{\"@id\":\"https:\/\/jornalfatosenoticias.com.br\/index.php\/2022\/06\/16\/torturar-uma-crianca-a-vulnerabilidade-a-tolerancia-parte-vi\/#primaryimage\"},\"image\":{\"@id\":\"https:\/\/jornalfatosenoticias.com.br\/index.php\/2022\/06\/16\/torturar-uma-crianca-a-vulnerabilidade-a-tolerancia-parte-vi\/#primaryimage\"},\"thumbnailUrl\":\"https:\/\/jornalfatosenoticias.com.br\/wp-content\/uploads\/2022\/06\/novas-regras-planos-de-saude_Iencarelli.jpg\",\"datePublished\":\"2022-06-16T18:12:32+00:00\",\"dateModified\":\"2022-06-16T18:12:33+00:00\",\"breadcrumb\":{\"@id\":\"https:\/\/jornalfatosenoticias.com.br\/index.php\/2022\/06\/16\/torturar-uma-crianca-a-vulnerabilidade-a-tolerancia-parte-vi\/#breadcrumb\"},\"inLanguage\":\"pt-BR\",\"potentialAction\":[{\"@type\":\"ReadAction\",\"target\":[\"https:\/\/jornalfatosenoticias.com.br\/index.php\/2022\/06\/16\/torturar-uma-crianca-a-vulnerabilidade-a-tolerancia-parte-vi\/\"]}]},{\"@type\":\"ImageObject\",\"inLanguage\":\"pt-BR\",\"@id\":\"https:\/\/jornalfatosenoticias.com.br\/index.php\/2022\/06\/16\/torturar-uma-crianca-a-vulnerabilidade-a-tolerancia-parte-vi\/#primaryimage\",\"url\":\"https:\/\/jornalfatosenoticias.com.br\/wp-content\/uploads\/2022\/06\/novas-regras-planos-de-saude_Iencarelli.jpg\",\"contentUrl\":\"https:\/\/jornalfatosenoticias.com.br\/wp-content\/uploads\/2022\/06\/novas-regras-planos-de-saude_Iencarelli.jpg\",\"width\":1000,\"height\":750},{\"@type\":\"BreadcrumbList\",\"@id\":\"https:\/\/jornalfatosenoticias.com.br\/index.php\/2022\/06\/16\/torturar-uma-crianca-a-vulnerabilidade-a-tolerancia-parte-vi\/#breadcrumb\",\"itemListElement\":[{\"@type\":\"ListItem\",\"position\":1,\"name\":\"In\u00edcio\",\"item\":\"https:\/\/jornalfatosenoticias.com.br\/\"},{\"@type\":\"ListItem\",\"position\":2,\"name\":\"Torturar uma Crian\u00e7a, a vulnerabilidade, a toler\u00e2ncia \u2014 Parte VI\"}]},{\"@type\":\"WebSite\",\"@id\":\"https:\/\/jornalfatosenoticias.com.br\/#website\",\"url\":\"https:\/\/jornalfatosenoticias.com.br\/\",\"name\":\"Jornal Fatos e Not\u00edcias\",\"description\":\"Not\u00edcias em geral\",\"publisher\":{\"@id\":\"https:\/\/jornalfatosenoticias.com.br\/#organization\"},\"potentialAction\":[{\"@type\":\"SearchAction\",\"target\":{\"@type\":\"EntryPoint\",\"urlTemplate\":\"https:\/\/jornalfatosenoticias.com.br\/?s={search_term_string}\"},\"query-input\":{\"@type\":\"PropertyValueSpecification\",\"valueRequired\":true,\"valueName\":\"search_term_string\"}}],\"inLanguage\":\"pt-BR\"},{\"@type\":\"Organization\",\"@id\":\"https:\/\/jornalfatosenoticias.com.br\/#organization\",\"name\":\"Jornal Fatos e Not\u00edcias\",\"url\":\"https:\/\/jornalfatosenoticias.com.br\/\",\"logo\":{\"@type\":\"ImageObject\",\"inLanguage\":\"pt-BR\",\"@id\":\"https:\/\/jornalfatosenoticias.com.br\/#\/schema\/logo\/image\/\",\"url\":\"https:\/\/jornalfatosenoticias.com.br\/wp-content\/uploads\/2020\/02\/logo120.png\",\"contentUrl\":\"https:\/\/jornalfatosenoticias.com.br\/wp-content\/uploads\/2020\/02\/logo120.png\",\"width\":1227,\"height\":120,\"caption\":\"Jornal Fatos e Not\u00edcias\"},\"image\":{\"@id\":\"https:\/\/jornalfatosenoticias.com.br\/#\/schema\/logo\/image\/\"}},{\"@type\":\"Person\",\"@id\":\"https:\/\/jornalfatosenoticias.com.br\/#\/schema\/person\/c33fcf5fb02d729d3fec92c6737a22d1\",\"name\":\"Ana Maria Iencarelli\",\"image\":{\"@type\":\"ImageObject\",\"inLanguage\":\"pt-BR\",\"@id\":\"https:\/\/jornalfatosenoticias.com.br\/#\/schema\/person\/image\/\",\"url\":\"https:\/\/jornalfatosenoticias.com.br\/wp-content\/uploads\/2020\/02\/Ana-Maria-Iencarelli-1-150x150.jpg\",\"contentUrl\":\"https:\/\/jornalfatosenoticias.com.br\/wp-content\/uploads\/2020\/02\/Ana-Maria-Iencarelli-1-150x150.jpg\",\"caption\":\"Ana Maria Iencarelli\"},\"description\":\"Psicanalista Cl\u00ednica, especializada no atendimento a Crian\u00e7as e Adolescentes. Presidente da ONG Vozes de Anjos.\",\"url\":\"https:\/\/jornalfatosenoticias.com.br\/index.php\/author\/anamaria\/\"}]}<\/script>\n<!-- \/ Yoast SEO plugin. -->","yoast_head_json":{"title":"Torturar uma Crian\u00e7a, a vulnerabilidade, a toler\u00e2ncia \u2014 Parte VI - Jornal Fatos e Not\u00edcias","robots":{"index":"index","follow":"follow","max-snippet":"max-snippet:-1","max-image-preview":"max-image-preview:large","max-video-preview":"max-video-preview:-1"},"canonical":"https:\/\/jornalfatosenoticias.com.br\/index.php\/2022\/06\/16\/torturar-uma-crianca-a-vulnerabilidade-a-tolerancia-parte-vi\/","og_locale":"pt_BR","og_type":"article","og_title":"Torturar uma Crian\u00e7a, a vulnerabilidade, a toler\u00e2ncia \u2014 Parte VI - Jornal Fatos e Not\u00edcias","og_description":"Decis\u00e3o do Superior Tribunal de Justi\u00e7a atinge diretamente mais de 50 milh\u00f5es de pessoas asseguradas, que perderam Direitos \u00e0 manuten\u00e7\u00e3o da vida Acabamos de tomar conhecimento de uma tortura, de Crian\u00e7a, anunciada. A decis\u00e3o, descomprometida e inconsequente, do Superior Tribunal de Justi\u00e7a (STJ) que escolheu garantir o lucro de empresas de seguro de sa\u00fade em [&hellip;]","og_url":"https:\/\/jornalfatosenoticias.com.br\/index.php\/2022\/06\/16\/torturar-uma-crianca-a-vulnerabilidade-a-tolerancia-parte-vi\/","og_site_name":"Jornal Fatos e Not\u00edcias","article_published_time":"2022-06-16T18:12:32+00:00","article_modified_time":"2022-06-16T18:12:33+00:00","og_image":[{"width":1000,"height":750,"url":"https:\/\/jornalfatosenoticias.com.br\/wp-content\/uploads\/2022\/06\/novas-regras-planos-de-saude_Iencarelli.jpg","type":"image\/jpeg"}],"author":"Ana Maria Iencarelli","twitter_card":"summary_large_image","twitter_misc":{"Escrito por":"Ana Maria Iencarelli","Est. tempo de leitura":"5 minutos"},"schema":{"@context":"https:\/\/schema.org","@graph":[{"@type":"Article","@id":"https:\/\/jornalfatosenoticias.com.br\/index.php\/2022\/06\/16\/torturar-uma-crianca-a-vulnerabilidade-a-tolerancia-parte-vi\/#article","isPartOf":{"@id":"https:\/\/jornalfatosenoticias.com.br\/index.php\/2022\/06\/16\/torturar-uma-crianca-a-vulnerabilidade-a-tolerancia-parte-vi\/"},"author":{"name":"Ana Maria Iencarelli","@id":"https:\/\/jornalfatosenoticias.com.br\/#\/schema\/person\/c33fcf5fb02d729d3fec92c6737a22d1"},"headline":"Torturar uma Crian\u00e7a, a vulnerabilidade, a toler\u00e2ncia \u2014 Parte VI","datePublished":"2022-06-16T18:12:32+00:00","dateModified":"2022-06-16T18:12:33+00:00","mainEntityOfPage":{"@id":"https:\/\/jornalfatosenoticias.com.br\/index.php\/2022\/06\/16\/torturar-uma-crianca-a-vulnerabilidade-a-tolerancia-parte-vi\/"},"wordCount":1022,"commentCount":0,"publisher":{"@id":"https:\/\/jornalfatosenoticias.com.br\/#organization"},"image":{"@id":"https:\/\/jornalfatosenoticias.com.br\/index.php\/2022\/06\/16\/torturar-uma-crianca-a-vulnerabilidade-a-tolerancia-parte-vi\/#primaryimage"},"thumbnailUrl":"https:\/\/jornalfatosenoticias.com.br\/wp-content\/uploads\/2022\/06\/novas-regras-planos-de-saude_Iencarelli.jpg","keywords":["ECA","novas regras","planos de sa\u00fade","STJ"],"articleSection":["Comportamento &amp; Equil\u00edbrio"],"inLanguage":"pt-BR","potentialAction":[{"@type":"CommentAction","name":"Comment","target":["https:\/\/jornalfatosenoticias.com.br\/index.php\/2022\/06\/16\/torturar-uma-crianca-a-vulnerabilidade-a-tolerancia-parte-vi\/#respond"]}]},{"@type":"WebPage","@id":"https:\/\/jornalfatosenoticias.com.br\/index.php\/2022\/06\/16\/torturar-uma-crianca-a-vulnerabilidade-a-tolerancia-parte-vi\/","url":"https:\/\/jornalfatosenoticias.com.br\/index.php\/2022\/06\/16\/torturar-uma-crianca-a-vulnerabilidade-a-tolerancia-parte-vi\/","name":"Torturar uma Crian\u00e7a, a vulnerabilidade, a toler\u00e2ncia \u2014 Parte VI - Jornal Fatos e Not\u00edcias","isPartOf":{"@id":"https:\/\/jornalfatosenoticias.com.br\/#website"},"primaryImageOfPage":{"@id":"https:\/\/jornalfatosenoticias.com.br\/index.php\/2022\/06\/16\/torturar-uma-crianca-a-vulnerabilidade-a-tolerancia-parte-vi\/#primaryimage"},"image":{"@id":"https:\/\/jornalfatosenoticias.com.br\/index.php\/2022\/06\/16\/torturar-uma-crianca-a-vulnerabilidade-a-tolerancia-parte-vi\/#primaryimage"},"thumbnailUrl":"https:\/\/jornalfatosenoticias.com.br\/wp-content\/uploads\/2022\/06\/novas-regras-planos-de-saude_Iencarelli.jpg","datePublished":"2022-06-16T18:12:32+00:00","dateModified":"2022-06-16T18:12:33+00:00","breadcrumb":{"@id":"https:\/\/jornalfatosenoticias.com.br\/index.php\/2022\/06\/16\/torturar-uma-crianca-a-vulnerabilidade-a-tolerancia-parte-vi\/#breadcrumb"},"inLanguage":"pt-BR","potentialAction":[{"@type":"ReadAction","target":["https:\/\/jornalfatosenoticias.com.br\/index.php\/2022\/06\/16\/torturar-uma-crianca-a-vulnerabilidade-a-tolerancia-parte-vi\/"]}]},{"@type":"ImageObject","inLanguage":"pt-BR","@id":"https:\/\/jornalfatosenoticias.com.br\/index.php\/2022\/06\/16\/torturar-uma-crianca-a-vulnerabilidade-a-tolerancia-parte-vi\/#primaryimage","url":"https:\/\/jornalfatosenoticias.com.br\/wp-content\/uploads\/2022\/06\/novas-regras-planos-de-saude_Iencarelli.jpg","contentUrl":"https:\/\/jornalfatosenoticias.com.br\/wp-content\/uploads\/2022\/06\/novas-regras-planos-de-saude_Iencarelli.jpg","width":1000,"height":750},{"@type":"BreadcrumbList","@id":"https:\/\/jornalfatosenoticias.com.br\/index.php\/2022\/06\/16\/torturar-uma-crianca-a-vulnerabilidade-a-tolerancia-parte-vi\/#breadcrumb","itemListElement":[{"@type":"ListItem","position":1,"name":"In\u00edcio","item":"https:\/\/jornalfatosenoticias.com.br\/"},{"@type":"ListItem","position":2,"name":"Torturar uma Crian\u00e7a, a vulnerabilidade, a toler\u00e2ncia \u2014 Parte VI"}]},{"@type":"WebSite","@id":"https:\/\/jornalfatosenoticias.com.br\/#website","url":"https:\/\/jornalfatosenoticias.com.br\/","name":"Jornal Fatos e Not\u00edcias","description":"Not\u00edcias em geral","publisher":{"@id":"https:\/\/jornalfatosenoticias.com.br\/#organization"},"potentialAction":[{"@type":"SearchAction","target":{"@type":"EntryPoint","urlTemplate":"https:\/\/jornalfatosenoticias.com.br\/?s={search_term_string}"},"query-input":{"@type":"PropertyValueSpecification","valueRequired":true,"valueName":"search_term_string"}}],"inLanguage":"pt-BR"},{"@type":"Organization","@id":"https:\/\/jornalfatosenoticias.com.br\/#organization","name":"Jornal Fatos e Not\u00edcias","url":"https:\/\/jornalfatosenoticias.com.br\/","logo":{"@type":"ImageObject","inLanguage":"pt-BR","@id":"https:\/\/jornalfatosenoticias.com.br\/#\/schema\/logo\/image\/","url":"https:\/\/jornalfatosenoticias.com.br\/wp-content\/uploads\/2020\/02\/logo120.png","contentUrl":"https:\/\/jornalfatosenoticias.com.br\/wp-content\/uploads\/2020\/02\/logo120.png","width":1227,"height":120,"caption":"Jornal Fatos e Not\u00edcias"},"image":{"@id":"https:\/\/jornalfatosenoticias.com.br\/#\/schema\/logo\/image\/"}},{"@type":"Person","@id":"https:\/\/jornalfatosenoticias.com.br\/#\/schema\/person\/c33fcf5fb02d729d3fec92c6737a22d1","name":"Ana Maria Iencarelli","image":{"@type":"ImageObject","inLanguage":"pt-BR","@id":"https:\/\/jornalfatosenoticias.com.br\/#\/schema\/person\/image\/","url":"https:\/\/jornalfatosenoticias.com.br\/wp-content\/uploads\/2020\/02\/Ana-Maria-Iencarelli-1-150x150.jpg","contentUrl":"https:\/\/jornalfatosenoticias.com.br\/wp-content\/uploads\/2020\/02\/Ana-Maria-Iencarelli-1-150x150.jpg","caption":"Ana Maria Iencarelli"},"description":"Psicanalista Cl\u00ednica, especializada no atendimento a Crian\u00e7as e Adolescentes. Presidente da ONG Vozes de Anjos.","url":"https:\/\/jornalfatosenoticias.com.br\/index.php\/author\/anamaria\/"}]}},"cc_featured_image_caption":{"caption_text":"","source_text":"","source_url":""},"jetpack_featured_media_url":"https:\/\/jornalfatosenoticias.com.br\/wp-content\/uploads\/2022\/06\/novas-regras-planos-de-saude_Iencarelli.jpg","_links":{"self":[{"href":"https:\/\/jornalfatosenoticias.com.br\/index.php\/wp-json\/wp\/v2\/posts\/31435","targetHints":{"allow":["GET"]}}],"collection":[{"href":"https:\/\/jornalfatosenoticias.com.br\/index.php\/wp-json\/wp\/v2\/posts"}],"about":[{"href":"https:\/\/jornalfatosenoticias.com.br\/index.php\/wp-json\/wp\/v2\/types\/post"}],"author":[{"embeddable":true,"href":"https:\/\/jornalfatosenoticias.com.br\/index.php\/wp-json\/wp\/v2\/users\/8"}],"replies":[{"embeddable":true,"href":"https:\/\/jornalfatosenoticias.com.br\/index.php\/wp-json\/wp\/v2\/comments?post=31435"}],"version-history":[{"count":0,"href":"https:\/\/jornalfatosenoticias.com.br\/index.php\/wp-json\/wp\/v2\/posts\/31435\/revisions"}],"wp:featuredmedia":[{"embeddable":true,"href":"https:\/\/jornalfatosenoticias.com.br\/index.php\/wp-json\/wp\/v2\/media\/31439"}],"wp:attachment":[{"href":"https:\/\/jornalfatosenoticias.com.br\/index.php\/wp-json\/wp\/v2\/media?parent=31435"}],"wp:term":[{"taxonomy":"category","embeddable":true,"href":"https:\/\/jornalfatosenoticias.com.br\/index.php\/wp-json\/wp\/v2\/categories?post=31435"},{"taxonomy":"post_tag","embeddable":true,"href":"https:\/\/jornalfatosenoticias.com.br\/index.php\/wp-json\/wp\/v2\/tags?post=31435"}],"curies":[{"name":"wp","href":"https:\/\/api.w.org\/{rel}","templated":true}]}}