{"id":31498,"date":"2022-06-20T12:07:05","date_gmt":"2022-06-20T15:07:05","guid":{"rendered":"https:\/\/jornalfatosenoticias.com.br\/?p=31498"},"modified":"2022-06-20T12:07:10","modified_gmt":"2022-06-20T15:07:10","slug":"manias-rituais-e-tiques-na-infancia-quando-e-preciso-se-preocupar","status":"publish","type":"post","link":"https:\/\/jornalfatosenoticias.com.br\/index.php\/2022\/06\/20\/manias-rituais-e-tiques-na-infancia-quando-e-preciso-se-preocupar\/","title":{"rendered":"Manias, rituais e tiques na inf\u00e2ncia: quando \u00e9 preciso se preocupar"},"content":{"rendered":"\n<div class=\"wp-block-image\"><figure class=\"aligncenter size-large is-resized\"><img loading=\"lazy\" decoding=\"async\" src=\"https:\/\/jornalfatosenoticias.com.br\/wp-content\/uploads\/2020\/02\/Logo-Mizu-segunda-2-1024x99.png\" alt=\"\" class=\"wp-image-2353\" width=\"508\" height=\"49\" srcset=\"https:\/\/jornalfatosenoticias.com.br\/wp-content\/uploads\/2020\/02\/Logo-Mizu-segunda-2-1024x99.png 1024w, https:\/\/jornalfatosenoticias.com.br\/wp-content\/uploads\/2020\/02\/Logo-Mizu-segunda-2-300x29.png 300w, https:\/\/jornalfatosenoticias.com.br\/wp-content\/uploads\/2020\/02\/Logo-Mizu-segunda-2-768x74.png 768w, https:\/\/jornalfatosenoticias.com.br\/wp-content\/uploads\/2020\/02\/Logo-Mizu-segunda-2.png 1240w\" sizes=\"auto, (max-width: 508px) 100vw, 508px\" \/><\/figure><\/div>\n\n\n\n<p>Quem n\u00e3o se lembra de, quando crian\u00e7a, chupar o dedo ou chupeta, roer unhas, ficar enrolando o cabelo com o dedo na hora de dormir, enfileirar os brinquedos, balan\u00e7ar os p\u00e9s ou m\u00e3os nos momentos ociosos ou criar desafios para si mesmo? Apesar de muitos pais e m\u00e3es ficarem aflitos com a quest\u00e3o, especialistas s\u00e3o un\u00e2nimes em afirmar que essas manias s\u00e3o comuns \u00e0 faixa et\u00e1ria e que s\u00f3 \u00e9 preciso procurar ajuda se estiverem levando a ferimentos ou impedindo outras atividades.<br>Esses tiques partem do inconsciente e se relacionam com as emo\u00e7\u00f5es. Segundo Cristina Borsari, coordenadora do servi\u00e7o de psicologia do Sabar\u00e1 Hospital Infantil, em S\u00e3o Paulo, eles est\u00e3o associados ao enfrentamento de um sentimento com que a crian\u00e7a n\u00e3o consegue lidar nem explicar o que sente. Para exemplificar, \u00e9 comum o ato de roer unhas ser ligado \u00e0 ansiedade.<\/p>\n\n\n\n<div class=\"wp-block-image\"><figure class=\"aligncenter size-large is-resized\"><img loading=\"lazy\" decoding=\"async\" src=\"https:\/\/jornalfatosenoticias.com.br\/wp-content\/uploads\/2020\/02\/nova-logo-Marquetti.jpg\" alt=\"\" class=\"wp-image-22331\" width=\"298\" height=\"200\" srcset=\"https:\/\/jornalfatosenoticias.com.br\/wp-content\/uploads\/2020\/02\/nova-logo-Marquetti.jpg 643w, https:\/\/jornalfatosenoticias.com.br\/wp-content\/uploads\/2020\/02\/nova-logo-Marquetti-300x202.jpg 300w\" sizes=\"auto, (max-width: 298px) 100vw, 298px\" \/><\/figure><\/div>\n\n\n\n<blockquote class=\"wp-block-quote is-layout-flow wp-block-quote-is-layout-flow\"><p><span class=\"has-inline-color has-luminous-vivid-orange-color\">&#8220;Eles surgem de forma aleat\u00f3ria, de acordo com viv\u00eancia, e sempre existir\u00e3o. Al\u00e9m disso, podem ser alternados com outras, assim como desaparecerem sem nenhuma repercuss\u00e3o&#8221;, informa Narjara Chaves, coordenadora do servi\u00e7o de emerg\u00eancia e unidade de interna\u00e7\u00e3o pedi\u00e1trica do Hospital Udi Rede D&#8217;Or, em S\u00e3o Lu\u00eds, MA.<\/span><\/p><\/blockquote>\n\n\n\n<p>Contudo, a aten\u00e7\u00e3o dos pais deve se voltar \u00e0 forma como agem para n\u00e3o realizarem o refor\u00e7o negativo, que significa chamar a aten\u00e7\u00e3o, associar o h\u00e1bito a caracter\u00edsticas pejorativas ou amea\u00e7as. Pediatra com especializa\u00e7\u00e3o em neurologia infantil, Marcone Oliveira lista algumas: &#8220;Menino que chupa dedo vai ter bicho na boca&#8221;, &#8220;Vou bater na sua m\u00e3o porque voc\u00ea chupa dedo&#8221; ou &#8220;\u00c9 feio chupar o dedo&#8221;.<\/p>\n\n\n\n<div class=\"wp-block-image\"><figure class=\"aligncenter size-large is-resized\"><img loading=\"lazy\" decoding=\"async\" src=\"https:\/\/jornalfatosenoticias.com.br\/wp-content\/uploads\/2022\/06\/Patro-padrao-PDF.jpg\" alt=\"\" class=\"wp-image-31041\" width=\"325\" height=\"196\" srcset=\"https:\/\/jornalfatosenoticias.com.br\/wp-content\/uploads\/2022\/06\/Patro-padrao-PDF.jpg 1000w, https:\/\/jornalfatosenoticias.com.br\/wp-content\/uploads\/2022\/06\/Patro-padrao-PDF-300x181.jpg 300w, https:\/\/jornalfatosenoticias.com.br\/wp-content\/uploads\/2022\/06\/Patro-padrao-PDF-768x464.jpg 768w\" sizes=\"auto, (max-width: 325px) 100vw, 325px\" \/><\/figure><\/div>\n\n\n\n<blockquote class=\"wp-block-quote is-layout-flow wp-block-quote-is-layout-flow\"><p><span class=\"has-inline-color has-luminous-vivid-orange-color\">&#8220;A melhor forma de lidar \u00e9 transformar o h\u00e1bito em algo mais saud\u00e1vel. Trocar a chupeta por um brinquedo e substituir o bichinho de pel\u00facia que tem que ficar o tempo todo com a crian\u00e7a por um travesseiro. Ou seja, mudar o foco sem fazer o refor\u00e7o negativo&#8221;, orienta Oliveira.<\/span><\/p><\/blockquote>\n\n\n\n<div class=\"wp-block-image\"><figure class=\"alignleft size-large is-resized\"><img loading=\"lazy\" decoding=\"async\" src=\"https:\/\/jornalfatosenoticias.com.br\/wp-content\/uploads\/2022\/02\/Serra-Pack-459.png\" alt=\"\" class=\"wp-image-27471\" width=\"320\" height=\"128\"\/><\/figure><\/div>\n\n\n\n<p>Ainda existem os marcos do desenvolvimento social que n\u00e3o s\u00e3o os mesmos do neurodesenvolvimento e, assim, algumas atitudes n\u00e3o s\u00e3o aceitas socialmente a partir de determinadas idades, como usar chupeta na rua aos cinco anos. &#8220;\u00c9 preciso entender o n\u00edvel de aceita\u00e7\u00e3o social para que a crian\u00e7a n\u00e3o seja exposta a julgamentos&#8221;, diz Oliveira.<br>Se a situa\u00e7\u00e3o representar preju\u00edzo ou sofrimento, como n\u00e3o ir \u00e0 escola sem a &#8220;naninha&#8221; ou problemas na arcada dent\u00e1ria por conta do uso da mamadeira, \u00e9 fundamental conversar com o pediatra, o neuropediatra ou um psiquiatra infantil para avaliar se tudo est\u00e1 bem com a crian\u00e7a. <\/p>\n\n\n\n<div class=\"wp-block-image\"><figure class=\"aligncenter size-large is-resized\"><img loading=\"lazy\" decoding=\"async\" src=\"https:\/\/jornalfatosenoticias.com.br\/wp-content\/uploads\/2020\/02\/banner_ferramentas-1024x100.jpg\" alt=\"\" class=\"wp-image-1258\" width=\"530\" height=\"51\" srcset=\"https:\/\/jornalfatosenoticias.com.br\/wp-content\/uploads\/2020\/02\/banner_ferramentas-1024x100.jpg 1024w, https:\/\/jornalfatosenoticias.com.br\/wp-content\/uploads\/2020\/02\/banner_ferramentas-300x29.jpg 300w, https:\/\/jornalfatosenoticias.com.br\/wp-content\/uploads\/2020\/02\/banner_ferramentas-768x75.jpg 768w, https:\/\/jornalfatosenoticias.com.br\/wp-content\/uploads\/2020\/02\/banner_ferramentas.jpg 1227w\" sizes=\"auto, (max-width: 530px) 100vw, 530px\" \/><\/figure><\/div>\n\n\n\n<blockquote class=\"wp-block-quote is-layout-flow wp-block-quote-is-layout-flow\"><p><span class=\"has-inline-color has-luminous-vivid-orange-color\">&#8220;O importante \u00e9 n\u00e3o ter d\u00favidas e n\u00e3o ficar com a preocupa\u00e7\u00e3o de que aquela postura possa ser um transtorno e n\u00e3o estar sendo tratado&#8221;, fala o pediatra.<\/span><\/p><\/blockquote>\n\n\n\n<div class=\"wp-block-image\"><figure class=\"alignright size-large is-resized\"><img loading=\"lazy\" decoding=\"async\" src=\"https:\/\/jornalfatosenoticias.com.br\/wp-content\/uploads\/2022\/02\/Precisao-Contabilidade-1024x724.jpg\" alt=\"\" class=\"wp-image-28088\" width=\"269\" height=\"189\"\/><\/figure><\/div>\n\n\n\n<p><strong><span class=\"has-inline-color has-vivid-cyan-blue-color\">Rituais e tiques: quando prestar aten\u00e7\u00e3o<br><\/span><\/strong>Os rituais constituem padr\u00f5es repetitivos de comportamento. &#8220;Por exemplo, s\u00f3 tomar \u00e1gua no copinho azul, s\u00f3 usar meia branca ou repetir a mesma sequ\u00eancia de a\u00e7\u00f5es para dormir. Essas situa\u00e7\u00f5es demonstram que a crian\u00e7a \u00e9 r\u00edgida e tem dificuldade em se adaptar. \u00c9 muito comum nas com o espectro do autismo ou, ent\u00e3o, ansiosas&#8221;, esclarece Ana M\u00e1rcia Guimar\u00e3es Alves, pediatra que participa do departamento cient\u00edfico de pediatria do desenvolvimento e comportamento da Sociedade Brasileira de Pediatria (<strong>SBP<\/strong>).<br>Apresentar descontroles emocionais, irrita\u00e7\u00e3o, desorganiza\u00e7\u00e3o e fazer birras ao serem impedidas de realizar o ritual, segundo a pediatra da SBP, indicam algum transtorno do neurodesenvolvimento que precisa ser identificado para que se aplique o tratamento precoce adequado.<\/p>\n\n\n\n<div class=\"wp-block-image\"><figure class=\"aligncenter size-large is-resized\"><img loading=\"lazy\" decoding=\"async\" src=\"https:\/\/jornalfatosenoticias.com.br\/wp-content\/uploads\/2020\/02\/Serra-Grande-1024x160.png\" alt=\"\" class=\"wp-image-7836\" width=\"459\" height=\"71\"\/><\/figure><\/div>\n\n\n\n<p>J\u00e1 os tiques s\u00e3o movimentos motores de um grupo muscular que s\u00e3o controlados pela vontade da pessoa. N\u00e3o s\u00e3o involunt\u00e1rios, mas, segundo os especialistas, s\u00e3o irresist\u00edveis, porque n\u00e3o \u00e9 poss\u00edvel segurar a vontade de faz\u00ea-lo. Pode ser piscar os olhos, enrugar o nariz, fazer bico, mexer com o ombro, entre outros.<\/p>\n\n\n\n<blockquote class=\"wp-block-quote is-layout-flow wp-block-quote-is-layout-flow\"><p><span class=\"has-inline-color has-luminous-vivid-orange-color\">&#8220;Na maioria das vezes, crian\u00e7as que apresentam tiques s\u00e3o ansiosas&#8221;, ressalta Alves.<\/span><\/p><\/blockquote>\n\n\n\n<div class=\"wp-block-image\"><figure class=\"aligncenter size-large is-resized\"><img loading=\"lazy\" decoding=\"async\" src=\"https:\/\/jornalfatosenoticias.com.br\/wp-content\/uploads\/2022\/06\/Casaruo1024_1.jpg\" alt=\"\" class=\"wp-image-31042\" width=\"365\" height=\"199\"\/><\/figure><\/div>\n\n\n\n<p>As naninhas \u2014 os paninhos de apego e bichinhos de pel\u00facia que as crian\u00e7as carregam para todos os lugares \u2014 por sua vez, s\u00e3o objetos de transi\u00e7\u00e3o e n\u00e3o manias, como muitos consideram. &#8220;S\u00e3o elementos macios que representam uma seguran\u00e7a ao afastamento das suas figuras de vincula\u00e7\u00e3o, para, por exemplo, suportar ir \u00e0 escola e a aus\u00eancia dos pais quando saem para trabalhar&#8221;, diz a pediatra.<\/p>\n\n\n\n<div class=\"wp-block-image\"><figure class=\"aligncenter size-large is-resized\"><img loading=\"lazy\" decoding=\"async\" src=\"https:\/\/jornalfatosenoticias.com.br\/wp-content\/uploads\/2022\/02\/Arte-Autoescola-Galatas_endereco_portal-1024x103.png\" alt=\"\" class=\"wp-image-27869\" width=\"520\" height=\"52\" srcset=\"https:\/\/jornalfatosenoticias.com.br\/wp-content\/uploads\/2022\/02\/Arte-Autoescola-Galatas_endereco_portal-1024x103.png 1024w, https:\/\/jornalfatosenoticias.com.br\/wp-content\/uploads\/2022\/02\/Arte-Autoescola-Galatas_endereco_portal-300x30.png 300w, https:\/\/jornalfatosenoticias.com.br\/wp-content\/uploads\/2022\/02\/Arte-Autoescola-Galatas_endereco_portal-768x77.png 768w, https:\/\/jornalfatosenoticias.com.br\/wp-content\/uploads\/2022\/02\/Arte-Autoescola-Galatas_endereco_portal.png 1223w\" sizes=\"auto, (max-width: 520px) 100vw, 520px\" \/><\/figure><\/div>\n\n\n\n<p><strong><span class=\"has-inline-color has-vivid-cyan-blue-color\">Outros sinais simult\u00e2neos<br><\/span><\/strong>\u00c9 muito comum as crian\u00e7as terem fixa\u00e7\u00f5es mentais ou rituais tempor\u00e1rios. <\/p>\n\n\n\n<blockquote class=\"wp-block-quote is-layout-flow wp-block-quote-is-layout-flow\"><p><span class=\"has-inline-color has-luminous-vivid-orange-color\">&#8220;O que determina se h\u00e1 um quadro que necessita de avalia\u00e7\u00e3o profissional \u00e9 a frequ\u00eancia do sintoma. Por exemplo, ocorrerem muitas vezes ao dia e se prolongarem ao longo de meses. As mais inseguras ou t\u00edmidas costumam apresentar manias como um comportamento de enfrentamento&#8221;, afirma Borsari.<\/span><\/p><\/blockquote>\n\n\n\n<div class=\"wp-block-image\"><figure class=\"alignleft size-large\"><img decoding=\"async\" src=\"https:\/\/jornalfatosenoticias.com.br\/wp-content\/uploads\/2020\/02\/logo_esteio.jpg\" alt=\"\" class=\"wp-image-1214\"\/><\/figure><\/div>\n\n\n\n<p>Sinais que devem preocupar os pais, de acordo com neuropsic\u00f3loga do Sabar\u00e1 Hospital Infantil: arrancar fios de cabelo, machucar a pele com frequ\u00eancia e organizar de maneira excessiva os brinquedos ou materiais escolares.<br>Muitas vezes, a crian\u00e7a possui algum transtorno e por conta dele intensifica os trejeitos. Nessa situa\u00e7\u00e3o, n\u00e3o s\u00e3o o \u00fanico sinal e estar\u00e3o associados a outros. Oliveira explica que as que possuem alguma defici\u00eancia intelectual com desenvolvimentos cognitivos e emocionais mais atrasados podem manter algum costume por um tempo cronologicamente maior que outras. &#8220;No transtorno do espectro autista, o TEA, muitas estereotipias \u2014 comportamentos motores ou verbais repetidos \u2014 s\u00e3o confundidas com manias, levando a alguns preju\u00edzos devido ao diagn\u00f3stico tardio&#8221;.<\/p>\n\n\n\n<div class=\"wp-block-image\"><figure class=\"aligncenter size-large is-resized\"><img loading=\"lazy\" decoding=\"async\" src=\"https:\/\/jornalfatosenoticias.com.br\/wp-content\/uploads\/2022\/03\/logo-Suinco-1024x390.jpg\" alt=\"\" class=\"wp-image-28785\" width=\"328\" height=\"124\"\/><\/figure><\/div>\n\n\n\n<p><strong><em>Fonte: <a href=\"https:\/\/www.uol.com.br\/vivabem\/noticias\/redacao\/2022\/06\/08\/manias-rituais-e-tiques-na-infancia-quando-e-preciso-se-preocupar.htm#:~:text=Sinais%20que%20devem%20preocupar%20os,conta%20dele%20intensifica%20os%20trejeitos.\">UOL<\/a><\/em><\/strong><\/p>\n","protected":false},"excerpt":{"rendered":"<p>Quem n\u00e3o se lembra de, quando crian\u00e7a, chupar o dedo ou chupeta, roer unhas, ficar enrolando o cabelo com o dedo na hora de dormir, enfileirar os brinquedos, balan\u00e7ar os p\u00e9s ou m\u00e3os nos momentos ociosos ou criar desafios para si mesmo? Apesar de muitos pais e m\u00e3es ficarem aflitos com a quest\u00e3o, especialistas s\u00e3o [&hellip;]<\/p>\n","protected":false},"author":2,"featured_media":31499,"comment_status":"open","ping_status":"open","sticky":false,"template":"","format":"standard","meta":{"footnotes":""},"categories":[2522],"tags":[2607,14925,14926,14927,14928],"class_list":["post-31498","post","type-post","status-publish","format-standard","has-post-thumbnail","hentry","category-comportamento","tag-infancia","tag-manias","tag-rituais","tag-tiques","tag-tiques-na-infancia"],"yoast_head":"<!-- This site is optimized with the Yoast SEO plugin v26.5 - https:\/\/yoast.com\/wordpress\/plugins\/seo\/ -->\n<title>Manias, rituais e tiques na inf\u00e2ncia: quando \u00e9 preciso se preocupar - Jornal Fatos e Not\u00edcias<\/title>\n<meta name=\"robots\" content=\"index, follow, max-snippet:-1, max-image-preview:large, max-video-preview:-1\" \/>\n<link rel=\"canonical\" href=\"https:\/\/jornalfatosenoticias.com.br\/index.php\/2022\/06\/20\/manias-rituais-e-tiques-na-infancia-quando-e-preciso-se-preocupar\/\" \/>\n<meta property=\"og:locale\" content=\"pt_BR\" \/>\n<meta property=\"og:type\" content=\"article\" \/>\n<meta property=\"og:title\" content=\"Manias, rituais e tiques na inf\u00e2ncia: quando \u00e9 preciso se preocupar - Jornal Fatos e Not\u00edcias\" \/>\n<meta property=\"og:description\" content=\"Quem n\u00e3o se lembra de, quando crian\u00e7a, chupar o dedo ou chupeta, roer unhas, ficar enrolando o cabelo com o dedo na hora de dormir, enfileirar os brinquedos, balan\u00e7ar os p\u00e9s ou m\u00e3os nos momentos ociosos ou criar desafios para si mesmo? Apesar de muitos pais e m\u00e3es ficarem aflitos com a quest\u00e3o, especialistas s\u00e3o [&hellip;]\" \/>\n<meta property=\"og:url\" content=\"https:\/\/jornalfatosenoticias.com.br\/index.php\/2022\/06\/20\/manias-rituais-e-tiques-na-infancia-quando-e-preciso-se-preocupar\/\" \/>\n<meta property=\"og:site_name\" content=\"Jornal Fatos e Not\u00edcias\" \/>\n<meta property=\"article:published_time\" content=\"2022-06-20T15:07:05+00:00\" \/>\n<meta property=\"article:modified_time\" content=\"2022-06-20T15:07:10+00:00\" \/>\n<meta property=\"og:image\" content=\"https:\/\/jornalfatosenoticias.com.br\/wp-content\/uploads\/2022\/06\/crianca-roendo-as-unhas.jpg\" \/>\n\t<meta property=\"og:image:width\" content=\"1000\" \/>\n\t<meta property=\"og:image:height\" content=\"461\" \/>\n\t<meta property=\"og:image:type\" content=\"image\/jpeg\" \/>\n<meta name=\"author\" content=\"Luzimara Fernandes\" \/>\n<meta name=\"twitter:card\" content=\"summary_large_image\" \/>\n<meta name=\"twitter:label1\" content=\"Escrito por\" \/>\n\t<meta name=\"twitter:data1\" content=\"Luzimara Fernandes\" \/>\n\t<meta name=\"twitter:label2\" content=\"Est. tempo de leitura\" \/>\n\t<meta name=\"twitter:data2\" content=\"5 minutos\" \/>\n<script type=\"application\/ld+json\" class=\"yoast-schema-graph\">{\"@context\":\"https:\/\/schema.org\",\"@graph\":[{\"@type\":\"Article\",\"@id\":\"https:\/\/jornalfatosenoticias.com.br\/index.php\/2022\/06\/20\/manias-rituais-e-tiques-na-infancia-quando-e-preciso-se-preocupar\/#article\",\"isPartOf\":{\"@id\":\"https:\/\/jornalfatosenoticias.com.br\/index.php\/2022\/06\/20\/manias-rituais-e-tiques-na-infancia-quando-e-preciso-se-preocupar\/\"},\"author\":{\"name\":\"Luzimara Fernandes\",\"@id\":\"https:\/\/jornalfatosenoticias.com.br\/#\/schema\/person\/d63837fa13ac8666eb9e74e0985d6f81\"},\"headline\":\"Manias, rituais e tiques na inf\u00e2ncia: quando \u00e9 preciso se preocupar\",\"datePublished\":\"2022-06-20T15:07:05+00:00\",\"dateModified\":\"2022-06-20T15:07:10+00:00\",\"mainEntityOfPage\":{\"@id\":\"https:\/\/jornalfatosenoticias.com.br\/index.php\/2022\/06\/20\/manias-rituais-e-tiques-na-infancia-quando-e-preciso-se-preocupar\/\"},\"wordCount\":959,\"commentCount\":0,\"publisher\":{\"@id\":\"https:\/\/jornalfatosenoticias.com.br\/#organization\"},\"image\":{\"@id\":\"https:\/\/jornalfatosenoticias.com.br\/index.php\/2022\/06\/20\/manias-rituais-e-tiques-na-infancia-quando-e-preciso-se-preocupar\/#primaryimage\"},\"thumbnailUrl\":\"https:\/\/jornalfatosenoticias.com.br\/wp-content\/uploads\/2022\/06\/crianca-roendo-as-unhas.jpg\",\"keywords\":[\"inf\u00e2ncia\",\"manias\",\"rituais\",\"tiques\",\"tiques na inf\u00e2ncia\"],\"articleSection\":[\"Comportamento &amp; Equil\u00edbrio\"],\"inLanguage\":\"pt-BR\",\"potentialAction\":[{\"@type\":\"CommentAction\",\"name\":\"Comment\",\"target\":[\"https:\/\/jornalfatosenoticias.com.br\/index.php\/2022\/06\/20\/manias-rituais-e-tiques-na-infancia-quando-e-preciso-se-preocupar\/#respond\"]}]},{\"@type\":\"WebPage\",\"@id\":\"https:\/\/jornalfatosenoticias.com.br\/index.php\/2022\/06\/20\/manias-rituais-e-tiques-na-infancia-quando-e-preciso-se-preocupar\/\",\"url\":\"https:\/\/jornalfatosenoticias.com.br\/index.php\/2022\/06\/20\/manias-rituais-e-tiques-na-infancia-quando-e-preciso-se-preocupar\/\",\"name\":\"Manias, rituais e tiques na inf\u00e2ncia: quando \u00e9 preciso se preocupar - Jornal Fatos e Not\u00edcias\",\"isPartOf\":{\"@id\":\"https:\/\/jornalfatosenoticias.com.br\/#website\"},\"primaryImageOfPage\":{\"@id\":\"https:\/\/jornalfatosenoticias.com.br\/index.php\/2022\/06\/20\/manias-rituais-e-tiques-na-infancia-quando-e-preciso-se-preocupar\/#primaryimage\"},\"image\":{\"@id\":\"https:\/\/jornalfatosenoticias.com.br\/index.php\/2022\/06\/20\/manias-rituais-e-tiques-na-infancia-quando-e-preciso-se-preocupar\/#primaryimage\"},\"thumbnailUrl\":\"https:\/\/jornalfatosenoticias.com.br\/wp-content\/uploads\/2022\/06\/crianca-roendo-as-unhas.jpg\",\"datePublished\":\"2022-06-20T15:07:05+00:00\",\"dateModified\":\"2022-06-20T15:07:10+00:00\",\"breadcrumb\":{\"@id\":\"https:\/\/jornalfatosenoticias.com.br\/index.php\/2022\/06\/20\/manias-rituais-e-tiques-na-infancia-quando-e-preciso-se-preocupar\/#breadcrumb\"},\"inLanguage\":\"pt-BR\",\"potentialAction\":[{\"@type\":\"ReadAction\",\"target\":[\"https:\/\/jornalfatosenoticias.com.br\/index.php\/2022\/06\/20\/manias-rituais-e-tiques-na-infancia-quando-e-preciso-se-preocupar\/\"]}]},{\"@type\":\"ImageObject\",\"inLanguage\":\"pt-BR\",\"@id\":\"https:\/\/jornalfatosenoticias.com.br\/index.php\/2022\/06\/20\/manias-rituais-e-tiques-na-infancia-quando-e-preciso-se-preocupar\/#primaryimage\",\"url\":\"https:\/\/jornalfatosenoticias.com.br\/wp-content\/uploads\/2022\/06\/crianca-roendo-as-unhas.jpg\",\"contentUrl\":\"https:\/\/jornalfatosenoticias.com.br\/wp-content\/uploads\/2022\/06\/crianca-roendo-as-unhas.jpg\",\"width\":1000,\"height\":461},{\"@type\":\"BreadcrumbList\",\"@id\":\"https:\/\/jornalfatosenoticias.com.br\/index.php\/2022\/06\/20\/manias-rituais-e-tiques-na-infancia-quando-e-preciso-se-preocupar\/#breadcrumb\",\"itemListElement\":[{\"@type\":\"ListItem\",\"position\":1,\"name\":\"In\u00edcio\",\"item\":\"https:\/\/jornalfatosenoticias.com.br\/\"},{\"@type\":\"ListItem\",\"position\":2,\"name\":\"Manias, rituais e tiques na inf\u00e2ncia: quando \u00e9 preciso se preocupar\"}]},{\"@type\":\"WebSite\",\"@id\":\"https:\/\/jornalfatosenoticias.com.br\/#website\",\"url\":\"https:\/\/jornalfatosenoticias.com.br\/\",\"name\":\"Jornal Fatos e Not\u00edcias\",\"description\":\"Not\u00edcias em geral\",\"publisher\":{\"@id\":\"https:\/\/jornalfatosenoticias.com.br\/#organization\"},\"potentialAction\":[{\"@type\":\"SearchAction\",\"target\":{\"@type\":\"EntryPoint\",\"urlTemplate\":\"https:\/\/jornalfatosenoticias.com.br\/?s={search_term_string}\"},\"query-input\":{\"@type\":\"PropertyValueSpecification\",\"valueRequired\":true,\"valueName\":\"search_term_string\"}}],\"inLanguage\":\"pt-BR\"},{\"@type\":\"Organization\",\"@id\":\"https:\/\/jornalfatosenoticias.com.br\/#organization\",\"name\":\"Jornal Fatos e Not\u00edcias\",\"url\":\"https:\/\/jornalfatosenoticias.com.br\/\",\"logo\":{\"@type\":\"ImageObject\",\"inLanguage\":\"pt-BR\",\"@id\":\"https:\/\/jornalfatosenoticias.com.br\/#\/schema\/logo\/image\/\",\"url\":\"https:\/\/jornalfatosenoticias.com.br\/wp-content\/uploads\/2020\/02\/logo120.png\",\"contentUrl\":\"https:\/\/jornalfatosenoticias.com.br\/wp-content\/uploads\/2020\/02\/logo120.png\",\"width\":1227,\"height\":120,\"caption\":\"Jornal Fatos e Not\u00edcias\"},\"image\":{\"@id\":\"https:\/\/jornalfatosenoticias.com.br\/#\/schema\/logo\/image\/\"}},{\"@type\":\"Person\",\"@id\":\"https:\/\/jornalfatosenoticias.com.br\/#\/schema\/person\/d63837fa13ac8666eb9e74e0985d6f81\",\"name\":\"Luzimara Fernandes\",\"image\":{\"@type\":\"ImageObject\",\"inLanguage\":\"pt-BR\",\"@id\":\"https:\/\/jornalfatosenoticias.com.br\/#\/schema\/person\/image\/\",\"url\":\"https:\/\/jornalfatosenoticias.com.br\/wp-content\/uploads\/2025\/05\/EU_portal.jpg\",\"contentUrl\":\"https:\/\/jornalfatosenoticias.com.br\/wp-content\/uploads\/2025\/05\/EU_portal.jpg\",\"caption\":\"Luzimara Fernandes\"},\"description\":\"Jornalista MTB 2358-ES\",\"sameAs\":[\"https:\/\/jornalfatosenoticias.com.br\"],\"url\":\"https:\/\/jornalfatosenoticias.com.br\/index.php\/author\/luzimara\/\"}]}<\/script>\n<!-- \/ Yoast SEO plugin. -->","yoast_head_json":{"title":"Manias, rituais e tiques na inf\u00e2ncia: quando \u00e9 preciso se preocupar - Jornal Fatos e Not\u00edcias","robots":{"index":"index","follow":"follow","max-snippet":"max-snippet:-1","max-image-preview":"max-image-preview:large","max-video-preview":"max-video-preview:-1"},"canonical":"https:\/\/jornalfatosenoticias.com.br\/index.php\/2022\/06\/20\/manias-rituais-e-tiques-na-infancia-quando-e-preciso-se-preocupar\/","og_locale":"pt_BR","og_type":"article","og_title":"Manias, rituais e tiques na inf\u00e2ncia: quando \u00e9 preciso se preocupar - Jornal Fatos e Not\u00edcias","og_description":"Quem n\u00e3o se lembra de, quando crian\u00e7a, chupar o dedo ou chupeta, roer unhas, ficar enrolando o cabelo com o dedo na hora de dormir, enfileirar os brinquedos, balan\u00e7ar os p\u00e9s ou m\u00e3os nos momentos ociosos ou criar desafios para si mesmo? Apesar de muitos pais e m\u00e3es ficarem aflitos com a quest\u00e3o, especialistas s\u00e3o [&hellip;]","og_url":"https:\/\/jornalfatosenoticias.com.br\/index.php\/2022\/06\/20\/manias-rituais-e-tiques-na-infancia-quando-e-preciso-se-preocupar\/","og_site_name":"Jornal Fatos e Not\u00edcias","article_published_time":"2022-06-20T15:07:05+00:00","article_modified_time":"2022-06-20T15:07:10+00:00","og_image":[{"width":1000,"height":461,"url":"https:\/\/jornalfatosenoticias.com.br\/wp-content\/uploads\/2022\/06\/crianca-roendo-as-unhas.jpg","type":"image\/jpeg"}],"author":"Luzimara Fernandes","twitter_card":"summary_large_image","twitter_misc":{"Escrito por":"Luzimara Fernandes","Est. tempo de leitura":"5 minutos"},"schema":{"@context":"https:\/\/schema.org","@graph":[{"@type":"Article","@id":"https:\/\/jornalfatosenoticias.com.br\/index.php\/2022\/06\/20\/manias-rituais-e-tiques-na-infancia-quando-e-preciso-se-preocupar\/#article","isPartOf":{"@id":"https:\/\/jornalfatosenoticias.com.br\/index.php\/2022\/06\/20\/manias-rituais-e-tiques-na-infancia-quando-e-preciso-se-preocupar\/"},"author":{"name":"Luzimara Fernandes","@id":"https:\/\/jornalfatosenoticias.com.br\/#\/schema\/person\/d63837fa13ac8666eb9e74e0985d6f81"},"headline":"Manias, rituais e tiques na inf\u00e2ncia: quando \u00e9 preciso se preocupar","datePublished":"2022-06-20T15:07:05+00:00","dateModified":"2022-06-20T15:07:10+00:00","mainEntityOfPage":{"@id":"https:\/\/jornalfatosenoticias.com.br\/index.php\/2022\/06\/20\/manias-rituais-e-tiques-na-infancia-quando-e-preciso-se-preocupar\/"},"wordCount":959,"commentCount":0,"publisher":{"@id":"https:\/\/jornalfatosenoticias.com.br\/#organization"},"image":{"@id":"https:\/\/jornalfatosenoticias.com.br\/index.php\/2022\/06\/20\/manias-rituais-e-tiques-na-infancia-quando-e-preciso-se-preocupar\/#primaryimage"},"thumbnailUrl":"https:\/\/jornalfatosenoticias.com.br\/wp-content\/uploads\/2022\/06\/crianca-roendo-as-unhas.jpg","keywords":["inf\u00e2ncia","manias","rituais","tiques","tiques na inf\u00e2ncia"],"articleSection":["Comportamento &amp; Equil\u00edbrio"],"inLanguage":"pt-BR","potentialAction":[{"@type":"CommentAction","name":"Comment","target":["https:\/\/jornalfatosenoticias.com.br\/index.php\/2022\/06\/20\/manias-rituais-e-tiques-na-infancia-quando-e-preciso-se-preocupar\/#respond"]}]},{"@type":"WebPage","@id":"https:\/\/jornalfatosenoticias.com.br\/index.php\/2022\/06\/20\/manias-rituais-e-tiques-na-infancia-quando-e-preciso-se-preocupar\/","url":"https:\/\/jornalfatosenoticias.com.br\/index.php\/2022\/06\/20\/manias-rituais-e-tiques-na-infancia-quando-e-preciso-se-preocupar\/","name":"Manias, rituais e tiques na inf\u00e2ncia: quando \u00e9 preciso se preocupar - Jornal Fatos e Not\u00edcias","isPartOf":{"@id":"https:\/\/jornalfatosenoticias.com.br\/#website"},"primaryImageOfPage":{"@id":"https:\/\/jornalfatosenoticias.com.br\/index.php\/2022\/06\/20\/manias-rituais-e-tiques-na-infancia-quando-e-preciso-se-preocupar\/#primaryimage"},"image":{"@id":"https:\/\/jornalfatosenoticias.com.br\/index.php\/2022\/06\/20\/manias-rituais-e-tiques-na-infancia-quando-e-preciso-se-preocupar\/#primaryimage"},"thumbnailUrl":"https:\/\/jornalfatosenoticias.com.br\/wp-content\/uploads\/2022\/06\/crianca-roendo-as-unhas.jpg","datePublished":"2022-06-20T15:07:05+00:00","dateModified":"2022-06-20T15:07:10+00:00","breadcrumb":{"@id":"https:\/\/jornalfatosenoticias.com.br\/index.php\/2022\/06\/20\/manias-rituais-e-tiques-na-infancia-quando-e-preciso-se-preocupar\/#breadcrumb"},"inLanguage":"pt-BR","potentialAction":[{"@type":"ReadAction","target":["https:\/\/jornalfatosenoticias.com.br\/index.php\/2022\/06\/20\/manias-rituais-e-tiques-na-infancia-quando-e-preciso-se-preocupar\/"]}]},{"@type":"ImageObject","inLanguage":"pt-BR","@id":"https:\/\/jornalfatosenoticias.com.br\/index.php\/2022\/06\/20\/manias-rituais-e-tiques-na-infancia-quando-e-preciso-se-preocupar\/#primaryimage","url":"https:\/\/jornalfatosenoticias.com.br\/wp-content\/uploads\/2022\/06\/crianca-roendo-as-unhas.jpg","contentUrl":"https:\/\/jornalfatosenoticias.com.br\/wp-content\/uploads\/2022\/06\/crianca-roendo-as-unhas.jpg","width":1000,"height":461},{"@type":"BreadcrumbList","@id":"https:\/\/jornalfatosenoticias.com.br\/index.php\/2022\/06\/20\/manias-rituais-e-tiques-na-infancia-quando-e-preciso-se-preocupar\/#breadcrumb","itemListElement":[{"@type":"ListItem","position":1,"name":"In\u00edcio","item":"https:\/\/jornalfatosenoticias.com.br\/"},{"@type":"ListItem","position":2,"name":"Manias, rituais e tiques na inf\u00e2ncia: quando \u00e9 preciso se preocupar"}]},{"@type":"WebSite","@id":"https:\/\/jornalfatosenoticias.com.br\/#website","url":"https:\/\/jornalfatosenoticias.com.br\/","name":"Jornal Fatos e Not\u00edcias","description":"Not\u00edcias em geral","publisher":{"@id":"https:\/\/jornalfatosenoticias.com.br\/#organization"},"potentialAction":[{"@type":"SearchAction","target":{"@type":"EntryPoint","urlTemplate":"https:\/\/jornalfatosenoticias.com.br\/?s={search_term_string}"},"query-input":{"@type":"PropertyValueSpecification","valueRequired":true,"valueName":"search_term_string"}}],"inLanguage":"pt-BR"},{"@type":"Organization","@id":"https:\/\/jornalfatosenoticias.com.br\/#organization","name":"Jornal Fatos e Not\u00edcias","url":"https:\/\/jornalfatosenoticias.com.br\/","logo":{"@type":"ImageObject","inLanguage":"pt-BR","@id":"https:\/\/jornalfatosenoticias.com.br\/#\/schema\/logo\/image\/","url":"https:\/\/jornalfatosenoticias.com.br\/wp-content\/uploads\/2020\/02\/logo120.png","contentUrl":"https:\/\/jornalfatosenoticias.com.br\/wp-content\/uploads\/2020\/02\/logo120.png","width":1227,"height":120,"caption":"Jornal Fatos e Not\u00edcias"},"image":{"@id":"https:\/\/jornalfatosenoticias.com.br\/#\/schema\/logo\/image\/"}},{"@type":"Person","@id":"https:\/\/jornalfatosenoticias.com.br\/#\/schema\/person\/d63837fa13ac8666eb9e74e0985d6f81","name":"Luzimara Fernandes","image":{"@type":"ImageObject","inLanguage":"pt-BR","@id":"https:\/\/jornalfatosenoticias.com.br\/#\/schema\/person\/image\/","url":"https:\/\/jornalfatosenoticias.com.br\/wp-content\/uploads\/2025\/05\/EU_portal.jpg","contentUrl":"https:\/\/jornalfatosenoticias.com.br\/wp-content\/uploads\/2025\/05\/EU_portal.jpg","caption":"Luzimara Fernandes"},"description":"Jornalista MTB 2358-ES","sameAs":["https:\/\/jornalfatosenoticias.com.br"],"url":"https:\/\/jornalfatosenoticias.com.br\/index.php\/author\/luzimara\/"}]}},"cc_featured_image_caption":{"caption_text":"(Foto: iStock) ","source_text":"","source_url":""},"jetpack_featured_media_url":"https:\/\/jornalfatosenoticias.com.br\/wp-content\/uploads\/2022\/06\/crianca-roendo-as-unhas.jpg","_links":{"self":[{"href":"https:\/\/jornalfatosenoticias.com.br\/index.php\/wp-json\/wp\/v2\/posts\/31498","targetHints":{"allow":["GET"]}}],"collection":[{"href":"https:\/\/jornalfatosenoticias.com.br\/index.php\/wp-json\/wp\/v2\/posts"}],"about":[{"href":"https:\/\/jornalfatosenoticias.com.br\/index.php\/wp-json\/wp\/v2\/types\/post"}],"author":[{"embeddable":true,"href":"https:\/\/jornalfatosenoticias.com.br\/index.php\/wp-json\/wp\/v2\/users\/2"}],"replies":[{"embeddable":true,"href":"https:\/\/jornalfatosenoticias.com.br\/index.php\/wp-json\/wp\/v2\/comments?post=31498"}],"version-history":[{"count":0,"href":"https:\/\/jornalfatosenoticias.com.br\/index.php\/wp-json\/wp\/v2\/posts\/31498\/revisions"}],"wp:featuredmedia":[{"embeddable":true,"href":"https:\/\/jornalfatosenoticias.com.br\/index.php\/wp-json\/wp\/v2\/media\/31499"}],"wp:attachment":[{"href":"https:\/\/jornalfatosenoticias.com.br\/index.php\/wp-json\/wp\/v2\/media?parent=31498"}],"wp:term":[{"taxonomy":"category","embeddable":true,"href":"https:\/\/jornalfatosenoticias.com.br\/index.php\/wp-json\/wp\/v2\/categories?post=31498"},{"taxonomy":"post_tag","embeddable":true,"href":"https:\/\/jornalfatosenoticias.com.br\/index.php\/wp-json\/wp\/v2\/tags?post=31498"}],"curies":[{"name":"wp","href":"https:\/\/api.w.org\/{rel}","templated":true}]}}