{"id":31520,"date":"2022-06-20T13:22:25","date_gmt":"2022-06-20T16:22:25","guid":{"rendered":"https:\/\/jornalfatosenoticias.com.br\/?p=31520"},"modified":"2022-06-20T13:22:26","modified_gmt":"2022-06-20T16:22:26","slug":"solucoes-para-uso-sustentavel-da-agua-e-energia-ja-sao-implementadas","status":"publish","type":"post","link":"https:\/\/jornalfatosenoticias.com.br\/index.php\/2022\/06\/20\/solucoes-para-uso-sustentavel-da-agua-e-energia-ja-sao-implementadas\/","title":{"rendered":"Solu\u00e7\u00f5es para uso sustent\u00e1vel da \u00e1gua e energia j\u00e1 s\u00e3o implementadas"},"content":{"rendered":"\n<p><em><span class=\"has-inline-color has-black-color\">Simp\u00f3sio em Foz do Igua\u00e7u mostrou experi\u00eancias inovadoras<\/span><\/em><\/p>\n\n\n\n<div class=\"wp-block-image\"><figure class=\"aligncenter size-large is-resized\"><img loading=\"lazy\" decoding=\"async\" src=\"https:\/\/jornalfatosenoticias.com.br\/wp-content\/uploads\/2020\/02\/Logo_Mizu.png\" alt=\"\" class=\"wp-image-1441\" width=\"499\" height=\"61\" srcset=\"https:\/\/jornalfatosenoticias.com.br\/wp-content\/uploads\/2020\/02\/Logo_Mizu.png 729w, https:\/\/jornalfatosenoticias.com.br\/wp-content\/uploads\/2020\/02\/Logo_Mizu-300x37.png 300w\" sizes=\"auto, (max-width: 499px) 100vw, 499px\" \/><\/figure><\/div>\n\n\n\n<p>O primeiro <strong><a href=\"http:\/\/https\/\/agenciabrasil.ebc.com.br\/economia\/noticia\/2022-06\/evento-no-parana-apresenta-boas-praticas-para-uso-sustentavel-da-agua\" target=\"_blank\" rel=\"noreferrer noopener\">Simp\u00f3sio Global de Solu\u00e7\u00f5es Sustent\u00e1veis para \u00c1gua e Energia<\/a>,<\/strong> realizado na semana passada em Foz do Igua\u00e7u (PR), contou com a participa\u00e7\u00e3o de representantes de 22 pa\u00edses. Na avalia\u00e7\u00e3o dos organizadores, o evento mostrou que h\u00e1, em diversas partes do planeta, experi\u00eancias inovadoras que confirmam ser poss\u00edvel o uso sustent\u00e1vel de \u00e1gua e energia.<br>Um dos frutos a serem colhidos do encontro ser\u00e1 a renova\u00e7\u00e3o de um acordo assinado entre a empresa Itaipu Binacional e o Departamento de Assuntos Econ\u00f4micos e Sociais das Na\u00e7\u00f5es Unidas (UN Desa), visando \u201cavan\u00e7ar ainda mais as metas e objetivos previstos no acordo de coopera\u00e7\u00e3o original, para o per\u00edodo cr\u00edtico de cinco anos (2022-2026) da D\u00e9cada de A\u00e7\u00e3o das Na\u00e7\u00f5es Unidas para o alcance dos Objetivos de Desenvolvimento Sustent\u00e1vel [ODSs]\u201d.<\/p>\n\n\n\n<div class=\"wp-block-image\"><figure class=\"aligncenter size-large is-resized\"><img loading=\"lazy\" decoding=\"async\" src=\"https:\/\/jornalfatosenoticias.com.br\/wp-content\/uploads\/2020\/02\/banner_ferramentas-1024x100.jpg\" alt=\"\" class=\"wp-image-1258\" width=\"488\" height=\"47\" srcset=\"https:\/\/jornalfatosenoticias.com.br\/wp-content\/uploads\/2020\/02\/banner_ferramentas-1024x100.jpg 1024w, https:\/\/jornalfatosenoticias.com.br\/wp-content\/uploads\/2020\/02\/banner_ferramentas-300x29.jpg 300w, https:\/\/jornalfatosenoticias.com.br\/wp-content\/uploads\/2020\/02\/banner_ferramentas-768x75.jpg 768w, https:\/\/jornalfatosenoticias.com.br\/wp-content\/uploads\/2020\/02\/banner_ferramentas.jpg 1227w\" sizes=\"auto, (max-width: 488px) 100vw, 488px\" \/><\/figure><\/div>\n\n\n\n<div class=\"wp-block-image\"><figure class=\"alignleft size-large is-resized\"><img loading=\"lazy\" decoding=\"async\" src=\"https:\/\/jornalfatosenoticias.com.br\/wp-content\/uploads\/2020\/02\/nova-logo-Marquetti.jpg\" alt=\"\" class=\"wp-image-22331\" width=\"278\" height=\"186\" srcset=\"https:\/\/jornalfatosenoticias.com.br\/wp-content\/uploads\/2020\/02\/nova-logo-Marquetti.jpg 643w, https:\/\/jornalfatosenoticias.com.br\/wp-content\/uploads\/2020\/02\/nova-logo-Marquetti-300x202.jpg 300w\" sizes=\"auto, (max-width: 278px) 100vw, 278px\" \/><\/figure><\/div>\n\n\n\n<p>A expectativa \u00e9 de que, com a renova\u00e7\u00e3o da parceria (a ser oficializada ainda em 2022), seja poss\u00edvel expandir a Rede Global para Solu\u00e7\u00f5es Sustent\u00e1veis de \u00c1gua e Energia, de forma a incorporar todos os outros ODS, em particular o ODS 13 (mudan\u00e7as clim\u00e1ticas) e o ODS 15 (ecossistemas terrestres).<br>A Rede Global para Solu\u00e7\u00f5es Sustent\u00e1veis de \u00c1gua e Energia foi fundada em 2018, com o objetivo de \u201ccompartilhar boas pr\u00e1ticas e experi\u00eancias com institui\u00e7\u00f5es e governos de todo o mundo, a fim de conectar as metas dos ODS 6 (\u00e1gua) e 7 (energia) aos demais que comp\u00f5em a Agenda 2030 das Na\u00e7\u00f5es Unidas\u201d. Atualmente, a rede conta com a participa\u00e7\u00e3o 23 membros.<\/p>\n\n\n\n<div class=\"wp-block-image\"><figure class=\"aligncenter size-large is-resized\"><img loading=\"lazy\" decoding=\"async\" src=\"https:\/\/jornalfatosenoticias.com.br\/wp-content\/uploads\/2022\/02\/Arte-Autoescola-Galatas_endereco_portal-1024x103.png\" alt=\"\" class=\"wp-image-27869\" width=\"520\" height=\"52\" srcset=\"https:\/\/jornalfatosenoticias.com.br\/wp-content\/uploads\/2022\/02\/Arte-Autoescola-Galatas_endereco_portal-1024x103.png 1024w, https:\/\/jornalfatosenoticias.com.br\/wp-content\/uploads\/2022\/02\/Arte-Autoescola-Galatas_endereco_portal-300x30.png 300w, https:\/\/jornalfatosenoticias.com.br\/wp-content\/uploads\/2022\/02\/Arte-Autoescola-Galatas_endereco_portal-768x77.png 768w, https:\/\/jornalfatosenoticias.com.br\/wp-content\/uploads\/2022\/02\/Arte-Autoescola-Galatas_endereco_portal.png 1223w\" sizes=\"auto, (max-width: 520px) 100vw, 520px\" \/><\/figure><\/div>\n\n\n\n<div class=\"wp-block-image\"><figure class=\"alignright size-large is-resized\"><img loading=\"lazy\" decoding=\"async\" src=\"https:\/\/jornalfatosenoticias.com.br\/wp-content\/uploads\/2020\/02\/logo_esteio.jpg\" alt=\"\" class=\"wp-image-1214\" width=\"284\" height=\"237\"\/><\/figure><\/div>\n\n\n\n<p><strong><span class=\"has-inline-color has-vivid-green-cyan-color\">Simp\u00f3sio<br><\/span><\/strong>O primeiro Simp\u00f3sio Global de Solu\u00e7\u00f5es Sustent\u00e1veis para \u00c1gua e Energia teve, entre seus objetivos, o de compartilhar e explorar, com especialistas e representantes de entes p\u00fablicos e privados, as melhores pr\u00e1ticas em rela\u00e7\u00e3o ao uso sustent\u00e1vel de \u00e1gua e energia. Durante a semana, debates foram promovidos tanto do lado brasileiro, em Foz do Igua\u00e7u, como do lado paraguaio, em Hernand\u00e1rias.<br>Os debates abrangeram temas como o das mudan\u00e7as clim\u00e1ticas; conserva\u00e7\u00e3o e aproveitamento com base em novas tecnologias; al\u00e9m de outros temas relacionados aos Objetivos de Desenvolvimento Sustent\u00e1vel (ODS) da ONU.<\/p>\n\n\n\n<div class=\"wp-block-image\"><figure class=\"aligncenter size-large is-resized\"><img loading=\"lazy\" decoding=\"async\" src=\"https:\/\/jornalfatosenoticias.com.br\/wp-content\/uploads\/2020\/02\/Serra-Grande-1024x160.png\" alt=\"\" class=\"wp-image-7836\" width=\"389\" height=\"60\"\/><\/figure><\/div>\n\n\n\n<blockquote class=\"wp-block-quote is-layout-flow wp-block-quote-is-layout-flow\"><p><span class=\"has-inline-color has-luminous-vivid-orange-color\">\u201cVimos solu\u00e7\u00f5es em \u00e1gua e energia que n\u00e3o est\u00e3o s\u00f3 no papel, est\u00e3o sendo implementadas. Isso nos mostra como somos capazes de alcan\u00e7ar um desenvolvimento sustent\u00e1vel\u201d, disse o l\u00edder da Equipe de Energia Sustent\u00e1vel da UN Desa, Minoru Takada.<\/span><\/p><\/blockquote>\n\n\n\n<div class=\"wp-block-image\"><figure class=\"aligncenter size-large is-resized\"><img loading=\"lazy\" decoding=\"async\" src=\"https:\/\/jornalfatosenoticias.com.br\/wp-content\/uploads\/2022\/06\/Casaruo1024_1.jpg\" alt=\"\" class=\"wp-image-31042\" width=\"288\" height=\"157\"\/><\/figure><\/div>\n\n\n\n<p>\u201cPudemos ver exemplos bem-sucedidos de manejo de territ\u00f3rios e de \u00e1gua. Essas iniciativas s\u00e3o fundamentais para estabelecermos estrat\u00e9gias para ultrapassar poss\u00edveis crises\u201d, acrescentou o diretor de Coordena\u00e7\u00e3o brasileiro da Itaipu, Luiz Felipe Carbonell.<\/p>\n\n\n\n<div class=\"wp-block-image\"><figure class=\"alignleft size-large is-resized\"><img loading=\"lazy\" decoding=\"async\" src=\"https:\/\/jornalfatosenoticias.com.br\/wp-content\/uploads\/2022\/06\/Patro-padrao-PDF.jpg\" alt=\"\" class=\"wp-image-31041\" width=\"298\" height=\"179\" srcset=\"https:\/\/jornalfatosenoticias.com.br\/wp-content\/uploads\/2022\/06\/Patro-padrao-PDF.jpg 1000w, https:\/\/jornalfatosenoticias.com.br\/wp-content\/uploads\/2022\/06\/Patro-padrao-PDF-300x181.jpg 300w, https:\/\/jornalfatosenoticias.com.br\/wp-content\/uploads\/2022\/06\/Patro-padrao-PDF-768x464.jpg 768w\" sizes=\"auto, (max-width: 298px) 100vw, 298px\" \/><\/figure><\/div>\n\n\n\n<p><strong><span class=\"has-inline-color has-vivid-green-cyan-color\">Consenso<br><\/span><\/strong>Uma minuta com as principais conclus\u00f5es do encontro foi anunciada pelo especialista em Desenvolvimento Sustent\u00e1vel da UN Desa Martin Niemetz. O documento apresentou o que foi considerado \u201cconsenso entre os pa\u00edses participantes\u201d, no caso, Arg\u00e9lia, Bol\u00edvia, Emirados \u00c1rabes Unidos, Equador, Espanha, Estados Unidos, Eti\u00f3pia, Filipinas, Gana, Guatemala, \u00cdndia, L\u00edbano, Nepal, Om\u00e3, Paquist\u00e3o, Qu\u00eania, Sud\u00e3o, Su\u00ed\u00e7a, Tajiquist\u00e3o e Tun\u00edsia, al\u00e9m de Brasil e Paraguai.<\/p>\n\n\n\n<div class=\"wp-block-image\"><figure class=\"aligncenter size-large is-resized\"><img loading=\"lazy\" decoding=\"async\" src=\"https:\/\/jornalfatosenoticias.com.br\/wp-content\/uploads\/2022\/05\/NOVA-LOGO-CESCONETTO-1024x100.jpg\" alt=\"\" class=\"wp-image-30792\" width=\"519\" height=\"50\" srcset=\"https:\/\/jornalfatosenoticias.com.br\/wp-content\/uploads\/2022\/05\/NOVA-LOGO-CESCONETTO-1024x100.jpg 1024w, https:\/\/jornalfatosenoticias.com.br\/wp-content\/uploads\/2022\/05\/NOVA-LOGO-CESCONETTO-300x29.jpg 300w, https:\/\/jornalfatosenoticias.com.br\/wp-content\/uploads\/2022\/05\/NOVA-LOGO-CESCONETTO-768x75.jpg 768w, https:\/\/jornalfatosenoticias.com.br\/wp-content\/uploads\/2022\/05\/NOVA-LOGO-CESCONETTO.jpg 1280w\" sizes=\"auto, (max-width: 519px) 100vw, 519px\" \/><\/figure><\/div>\n\n\n\n<p>Entre os dez pontos constantes da carta, Niemetz destacou a \u201cnecessidade de sinergia para a coopera\u00e7\u00e3o na mitiga\u00e7\u00e3o de problemas clim\u00e1ticos; fortalecimento de pol\u00edticas de longo prazo para as quest\u00f5es envolvendo \u00e1gua e energia; e concentra\u00e7\u00e3o de esfor\u00e7os e recursos financeiros para ampliar e acelerar o investimento em solu\u00e7\u00f5es inovadoras, como hidrog\u00eanio verde\u201d.<\/p>\n\n\n\n<div class=\"wp-block-image\"><figure class=\"aligncenter size-large is-resized\"><img loading=\"lazy\" decoding=\"async\" src=\"https:\/\/jornalfatosenoticias.com.br\/wp-content\/uploads\/2022\/02\/Serra-Pack-459.png\" alt=\"\" class=\"wp-image-27471\" width=\"278\" height=\"111\"\/><\/figure><\/div>\n\n\n\n<p><strong><em>Fonte: <a href=\"https:\/\/agenciabrasil.ebc.com.br\/geral\/noticia\/2022-06\/solucoes-para-uso-sustentavel-da-agua-e-energia-ja-sao-implementadas\">Ag\u00eancia Brasil<\/a><\/em><\/strong><\/p>\n","protected":false},"excerpt":{"rendered":"<p>Simp\u00f3sio em Foz do Igua\u00e7u mostrou experi\u00eancias inovadoras O primeiro Simp\u00f3sio Global de Solu\u00e7\u00f5es Sustent\u00e1veis para \u00c1gua e Energia, realizado na semana passada em Foz do Igua\u00e7u (PR), contou com a participa\u00e7\u00e3o de representantes de 22 pa\u00edses. Na avalia\u00e7\u00e3o dos organizadores, o evento mostrou que h\u00e1, em diversas partes do planeta, experi\u00eancias inovadoras que confirmam [&hellip;]<\/p>\n","protected":false},"author":2,"featured_media":31521,"comment_status":"open","ping_status":"open","sticky":false,"template":"","format":"standard","meta":{"footnotes":""},"categories":[8],"tags":[451,2539,6874,945,14936,734],"class_list":["post-31520","post","type-post","status-publish","format-standard","has-post-thumbnail","hentry","category-meio-ambiente","tag-agua","tag-energia","tag-itaipu","tag-meio-ambiente","tag-simposio","tag-sustentabilidade"],"yoast_head":"<!-- This site is optimized with the Yoast SEO plugin v26.5 - https:\/\/yoast.com\/wordpress\/plugins\/seo\/ -->\n<title>Solu\u00e7\u00f5es para uso sustent\u00e1vel da \u00e1gua e energia j\u00e1 s\u00e3o implementadas - Jornal Fatos e Not\u00edcias<\/title>\n<meta name=\"robots\" content=\"index, follow, max-snippet:-1, max-image-preview:large, max-video-preview:-1\" \/>\n<link rel=\"canonical\" href=\"https:\/\/jornalfatosenoticias.com.br\/index.php\/2022\/06\/20\/solucoes-para-uso-sustentavel-da-agua-e-energia-ja-sao-implementadas\/\" \/>\n<meta property=\"og:locale\" content=\"pt_BR\" \/>\n<meta property=\"og:type\" content=\"article\" \/>\n<meta property=\"og:title\" content=\"Solu\u00e7\u00f5es para uso sustent\u00e1vel da \u00e1gua e energia j\u00e1 s\u00e3o implementadas - Jornal Fatos e Not\u00edcias\" \/>\n<meta property=\"og:description\" content=\"Simp\u00f3sio em Foz do Igua\u00e7u mostrou experi\u00eancias inovadoras O primeiro Simp\u00f3sio Global de Solu\u00e7\u00f5es Sustent\u00e1veis para \u00c1gua e Energia, realizado na semana passada em Foz do Igua\u00e7u (PR), contou com a participa\u00e7\u00e3o de representantes de 22 pa\u00edses. Na avalia\u00e7\u00e3o dos organizadores, o evento mostrou que h\u00e1, em diversas partes do planeta, experi\u00eancias inovadoras que confirmam [&hellip;]\" \/>\n<meta property=\"og:url\" content=\"https:\/\/jornalfatosenoticias.com.br\/index.php\/2022\/06\/20\/solucoes-para-uso-sustentavel-da-agua-e-energia-ja-sao-implementadas\/\" \/>\n<meta property=\"og:site_name\" content=\"Jornal Fatos e Not\u00edcias\" \/>\n<meta property=\"article:published_time\" content=\"2022-06-20T16:22:25+00:00\" \/>\n<meta property=\"article:modified_time\" content=\"2022-06-20T16:22:26+00:00\" \/>\n<meta property=\"og:image\" content=\"https:\/\/jornalfatosenoticias.com.br\/wp-content\/uploads\/2022\/06\/SOLUCOES-USO-DA-AGUA.jpg\" \/>\n\t<meta property=\"og:image:width\" content=\"1000\" \/>\n\t<meta property=\"og:image:height\" content=\"598\" \/>\n\t<meta property=\"og:image:type\" content=\"image\/jpeg\" \/>\n<meta name=\"author\" content=\"Luzimara Fernandes\" \/>\n<meta name=\"twitter:card\" content=\"summary_large_image\" \/>\n<meta name=\"twitter:label1\" content=\"Escrito por\" \/>\n\t<meta name=\"twitter:data1\" content=\"Luzimara Fernandes\" \/>\n\t<meta name=\"twitter:label2\" content=\"Est. tempo de leitura\" \/>\n\t<meta name=\"twitter:data2\" content=\"3 minutos\" \/>\n<script type=\"application\/ld+json\" class=\"yoast-schema-graph\">{\"@context\":\"https:\/\/schema.org\",\"@graph\":[{\"@type\":\"Article\",\"@id\":\"https:\/\/jornalfatosenoticias.com.br\/index.php\/2022\/06\/20\/solucoes-para-uso-sustentavel-da-agua-e-energia-ja-sao-implementadas\/#article\",\"isPartOf\":{\"@id\":\"https:\/\/jornalfatosenoticias.com.br\/index.php\/2022\/06\/20\/solucoes-para-uso-sustentavel-da-agua-e-energia-ja-sao-implementadas\/\"},\"author\":{\"name\":\"Luzimara Fernandes\",\"@id\":\"https:\/\/jornalfatosenoticias.com.br\/#\/schema\/person\/d63837fa13ac8666eb9e74e0985d6f81\"},\"headline\":\"Solu\u00e7\u00f5es para uso sustent\u00e1vel da \u00e1gua e energia j\u00e1 s\u00e3o implementadas\",\"datePublished\":\"2022-06-20T16:22:25+00:00\",\"dateModified\":\"2022-06-20T16:22:26+00:00\",\"mainEntityOfPage\":{\"@id\":\"https:\/\/jornalfatosenoticias.com.br\/index.php\/2022\/06\/20\/solucoes-para-uso-sustentavel-da-agua-e-energia-ja-sao-implementadas\/\"},\"wordCount\":626,\"commentCount\":0,\"publisher\":{\"@id\":\"https:\/\/jornalfatosenoticias.com.br\/#organization\"},\"image\":{\"@id\":\"https:\/\/jornalfatosenoticias.com.br\/index.php\/2022\/06\/20\/solucoes-para-uso-sustentavel-da-agua-e-energia-ja-sao-implementadas\/#primaryimage\"},\"thumbnailUrl\":\"https:\/\/jornalfatosenoticias.com.br\/wp-content\/uploads\/2022\/06\/SOLUCOES-USO-DA-AGUA.jpg\",\"keywords\":[\"\u00e1gua\",\"energia\",\"Itaipu\",\"meio ambiente\",\"simp\u00f3sio\",\"sustentabilidade\"],\"articleSection\":[\"Meio ambiente\"],\"inLanguage\":\"pt-BR\",\"potentialAction\":[{\"@type\":\"CommentAction\",\"name\":\"Comment\",\"target\":[\"https:\/\/jornalfatosenoticias.com.br\/index.php\/2022\/06\/20\/solucoes-para-uso-sustentavel-da-agua-e-energia-ja-sao-implementadas\/#respond\"]}]},{\"@type\":\"WebPage\",\"@id\":\"https:\/\/jornalfatosenoticias.com.br\/index.php\/2022\/06\/20\/solucoes-para-uso-sustentavel-da-agua-e-energia-ja-sao-implementadas\/\",\"url\":\"https:\/\/jornalfatosenoticias.com.br\/index.php\/2022\/06\/20\/solucoes-para-uso-sustentavel-da-agua-e-energia-ja-sao-implementadas\/\",\"name\":\"Solu\u00e7\u00f5es para uso sustent\u00e1vel da \u00e1gua e energia j\u00e1 s\u00e3o implementadas - Jornal Fatos e Not\u00edcias\",\"isPartOf\":{\"@id\":\"https:\/\/jornalfatosenoticias.com.br\/#website\"},\"primaryImageOfPage\":{\"@id\":\"https:\/\/jornalfatosenoticias.com.br\/index.php\/2022\/06\/20\/solucoes-para-uso-sustentavel-da-agua-e-energia-ja-sao-implementadas\/#primaryimage\"},\"image\":{\"@id\":\"https:\/\/jornalfatosenoticias.com.br\/index.php\/2022\/06\/20\/solucoes-para-uso-sustentavel-da-agua-e-energia-ja-sao-implementadas\/#primaryimage\"},\"thumbnailUrl\":\"https:\/\/jornalfatosenoticias.com.br\/wp-content\/uploads\/2022\/06\/SOLUCOES-USO-DA-AGUA.jpg\",\"datePublished\":\"2022-06-20T16:22:25+00:00\",\"dateModified\":\"2022-06-20T16:22:26+00:00\",\"breadcrumb\":{\"@id\":\"https:\/\/jornalfatosenoticias.com.br\/index.php\/2022\/06\/20\/solucoes-para-uso-sustentavel-da-agua-e-energia-ja-sao-implementadas\/#breadcrumb\"},\"inLanguage\":\"pt-BR\",\"potentialAction\":[{\"@type\":\"ReadAction\",\"target\":[\"https:\/\/jornalfatosenoticias.com.br\/index.php\/2022\/06\/20\/solucoes-para-uso-sustentavel-da-agua-e-energia-ja-sao-implementadas\/\"]}]},{\"@type\":\"ImageObject\",\"inLanguage\":\"pt-BR\",\"@id\":\"https:\/\/jornalfatosenoticias.com.br\/index.php\/2022\/06\/20\/solucoes-para-uso-sustentavel-da-agua-e-energia-ja-sao-implementadas\/#primaryimage\",\"url\":\"https:\/\/jornalfatosenoticias.com.br\/wp-content\/uploads\/2022\/06\/SOLUCOES-USO-DA-AGUA.jpg\",\"contentUrl\":\"https:\/\/jornalfatosenoticias.com.br\/wp-content\/uploads\/2022\/06\/SOLUCOES-USO-DA-AGUA.jpg\",\"width\":1000,\"height\":598},{\"@type\":\"BreadcrumbList\",\"@id\":\"https:\/\/jornalfatosenoticias.com.br\/index.php\/2022\/06\/20\/solucoes-para-uso-sustentavel-da-agua-e-energia-ja-sao-implementadas\/#breadcrumb\",\"itemListElement\":[{\"@type\":\"ListItem\",\"position\":1,\"name\":\"In\u00edcio\",\"item\":\"https:\/\/jornalfatosenoticias.com.br\/\"},{\"@type\":\"ListItem\",\"position\":2,\"name\":\"Solu\u00e7\u00f5es para uso sustent\u00e1vel da \u00e1gua e energia j\u00e1 s\u00e3o implementadas\"}]},{\"@type\":\"WebSite\",\"@id\":\"https:\/\/jornalfatosenoticias.com.br\/#website\",\"url\":\"https:\/\/jornalfatosenoticias.com.br\/\",\"name\":\"Jornal Fatos e Not\u00edcias\",\"description\":\"Not\u00edcias em geral\",\"publisher\":{\"@id\":\"https:\/\/jornalfatosenoticias.com.br\/#organization\"},\"potentialAction\":[{\"@type\":\"SearchAction\",\"target\":{\"@type\":\"EntryPoint\",\"urlTemplate\":\"https:\/\/jornalfatosenoticias.com.br\/?s={search_term_string}\"},\"query-input\":{\"@type\":\"PropertyValueSpecification\",\"valueRequired\":true,\"valueName\":\"search_term_string\"}}],\"inLanguage\":\"pt-BR\"},{\"@type\":\"Organization\",\"@id\":\"https:\/\/jornalfatosenoticias.com.br\/#organization\",\"name\":\"Jornal Fatos e Not\u00edcias\",\"url\":\"https:\/\/jornalfatosenoticias.com.br\/\",\"logo\":{\"@type\":\"ImageObject\",\"inLanguage\":\"pt-BR\",\"@id\":\"https:\/\/jornalfatosenoticias.com.br\/#\/schema\/logo\/image\/\",\"url\":\"https:\/\/jornalfatosenoticias.com.br\/wp-content\/uploads\/2020\/02\/logo120.png\",\"contentUrl\":\"https:\/\/jornalfatosenoticias.com.br\/wp-content\/uploads\/2020\/02\/logo120.png\",\"width\":1227,\"height\":120,\"caption\":\"Jornal Fatos e Not\u00edcias\"},\"image\":{\"@id\":\"https:\/\/jornalfatosenoticias.com.br\/#\/schema\/logo\/image\/\"}},{\"@type\":\"Person\",\"@id\":\"https:\/\/jornalfatosenoticias.com.br\/#\/schema\/person\/d63837fa13ac8666eb9e74e0985d6f81\",\"name\":\"Luzimara Fernandes\",\"image\":{\"@type\":\"ImageObject\",\"inLanguage\":\"pt-BR\",\"@id\":\"https:\/\/jornalfatosenoticias.com.br\/#\/schema\/person\/image\/\",\"url\":\"https:\/\/jornalfatosenoticias.com.br\/wp-content\/uploads\/2025\/05\/EU_portal.jpg\",\"contentUrl\":\"https:\/\/jornalfatosenoticias.com.br\/wp-content\/uploads\/2025\/05\/EU_portal.jpg\",\"caption\":\"Luzimara Fernandes\"},\"description\":\"Jornalista MTB 2358-ES\",\"sameAs\":[\"https:\/\/jornalfatosenoticias.com.br\"],\"url\":\"https:\/\/jornalfatosenoticias.com.br\/index.php\/author\/luzimara\/\"}]}<\/script>\n<!-- \/ Yoast SEO plugin. -->","yoast_head_json":{"title":"Solu\u00e7\u00f5es para uso sustent\u00e1vel da \u00e1gua e energia j\u00e1 s\u00e3o implementadas - Jornal Fatos e Not\u00edcias","robots":{"index":"index","follow":"follow","max-snippet":"max-snippet:-1","max-image-preview":"max-image-preview:large","max-video-preview":"max-video-preview:-1"},"canonical":"https:\/\/jornalfatosenoticias.com.br\/index.php\/2022\/06\/20\/solucoes-para-uso-sustentavel-da-agua-e-energia-ja-sao-implementadas\/","og_locale":"pt_BR","og_type":"article","og_title":"Solu\u00e7\u00f5es para uso sustent\u00e1vel da \u00e1gua e energia j\u00e1 s\u00e3o implementadas - Jornal Fatos e Not\u00edcias","og_description":"Simp\u00f3sio em Foz do Igua\u00e7u mostrou experi\u00eancias inovadoras O primeiro Simp\u00f3sio Global de Solu\u00e7\u00f5es Sustent\u00e1veis para \u00c1gua e Energia, realizado na semana passada em Foz do Igua\u00e7u (PR), contou com a participa\u00e7\u00e3o de representantes de 22 pa\u00edses. Na avalia\u00e7\u00e3o dos organizadores, o evento mostrou que h\u00e1, em diversas partes do planeta, experi\u00eancias inovadoras que confirmam [&hellip;]","og_url":"https:\/\/jornalfatosenoticias.com.br\/index.php\/2022\/06\/20\/solucoes-para-uso-sustentavel-da-agua-e-energia-ja-sao-implementadas\/","og_site_name":"Jornal Fatos e Not\u00edcias","article_published_time":"2022-06-20T16:22:25+00:00","article_modified_time":"2022-06-20T16:22:26+00:00","og_image":[{"width":1000,"height":598,"url":"https:\/\/jornalfatosenoticias.com.br\/wp-content\/uploads\/2022\/06\/SOLUCOES-USO-DA-AGUA.jpg","type":"image\/jpeg"}],"author":"Luzimara Fernandes","twitter_card":"summary_large_image","twitter_misc":{"Escrito por":"Luzimara Fernandes","Est. tempo de leitura":"3 minutos"},"schema":{"@context":"https:\/\/schema.org","@graph":[{"@type":"Article","@id":"https:\/\/jornalfatosenoticias.com.br\/index.php\/2022\/06\/20\/solucoes-para-uso-sustentavel-da-agua-e-energia-ja-sao-implementadas\/#article","isPartOf":{"@id":"https:\/\/jornalfatosenoticias.com.br\/index.php\/2022\/06\/20\/solucoes-para-uso-sustentavel-da-agua-e-energia-ja-sao-implementadas\/"},"author":{"name":"Luzimara Fernandes","@id":"https:\/\/jornalfatosenoticias.com.br\/#\/schema\/person\/d63837fa13ac8666eb9e74e0985d6f81"},"headline":"Solu\u00e7\u00f5es para uso sustent\u00e1vel da \u00e1gua e energia j\u00e1 s\u00e3o implementadas","datePublished":"2022-06-20T16:22:25+00:00","dateModified":"2022-06-20T16:22:26+00:00","mainEntityOfPage":{"@id":"https:\/\/jornalfatosenoticias.com.br\/index.php\/2022\/06\/20\/solucoes-para-uso-sustentavel-da-agua-e-energia-ja-sao-implementadas\/"},"wordCount":626,"commentCount":0,"publisher":{"@id":"https:\/\/jornalfatosenoticias.com.br\/#organization"},"image":{"@id":"https:\/\/jornalfatosenoticias.com.br\/index.php\/2022\/06\/20\/solucoes-para-uso-sustentavel-da-agua-e-energia-ja-sao-implementadas\/#primaryimage"},"thumbnailUrl":"https:\/\/jornalfatosenoticias.com.br\/wp-content\/uploads\/2022\/06\/SOLUCOES-USO-DA-AGUA.jpg","keywords":["\u00e1gua","energia","Itaipu","meio ambiente","simp\u00f3sio","sustentabilidade"],"articleSection":["Meio ambiente"],"inLanguage":"pt-BR","potentialAction":[{"@type":"CommentAction","name":"Comment","target":["https:\/\/jornalfatosenoticias.com.br\/index.php\/2022\/06\/20\/solucoes-para-uso-sustentavel-da-agua-e-energia-ja-sao-implementadas\/#respond"]}]},{"@type":"WebPage","@id":"https:\/\/jornalfatosenoticias.com.br\/index.php\/2022\/06\/20\/solucoes-para-uso-sustentavel-da-agua-e-energia-ja-sao-implementadas\/","url":"https:\/\/jornalfatosenoticias.com.br\/index.php\/2022\/06\/20\/solucoes-para-uso-sustentavel-da-agua-e-energia-ja-sao-implementadas\/","name":"Solu\u00e7\u00f5es para uso sustent\u00e1vel da \u00e1gua e energia j\u00e1 s\u00e3o implementadas - Jornal Fatos e Not\u00edcias","isPartOf":{"@id":"https:\/\/jornalfatosenoticias.com.br\/#website"},"primaryImageOfPage":{"@id":"https:\/\/jornalfatosenoticias.com.br\/index.php\/2022\/06\/20\/solucoes-para-uso-sustentavel-da-agua-e-energia-ja-sao-implementadas\/#primaryimage"},"image":{"@id":"https:\/\/jornalfatosenoticias.com.br\/index.php\/2022\/06\/20\/solucoes-para-uso-sustentavel-da-agua-e-energia-ja-sao-implementadas\/#primaryimage"},"thumbnailUrl":"https:\/\/jornalfatosenoticias.com.br\/wp-content\/uploads\/2022\/06\/SOLUCOES-USO-DA-AGUA.jpg","datePublished":"2022-06-20T16:22:25+00:00","dateModified":"2022-06-20T16:22:26+00:00","breadcrumb":{"@id":"https:\/\/jornalfatosenoticias.com.br\/index.php\/2022\/06\/20\/solucoes-para-uso-sustentavel-da-agua-e-energia-ja-sao-implementadas\/#breadcrumb"},"inLanguage":"pt-BR","potentialAction":[{"@type":"ReadAction","target":["https:\/\/jornalfatosenoticias.com.br\/index.php\/2022\/06\/20\/solucoes-para-uso-sustentavel-da-agua-e-energia-ja-sao-implementadas\/"]}]},{"@type":"ImageObject","inLanguage":"pt-BR","@id":"https:\/\/jornalfatosenoticias.com.br\/index.php\/2022\/06\/20\/solucoes-para-uso-sustentavel-da-agua-e-energia-ja-sao-implementadas\/#primaryimage","url":"https:\/\/jornalfatosenoticias.com.br\/wp-content\/uploads\/2022\/06\/SOLUCOES-USO-DA-AGUA.jpg","contentUrl":"https:\/\/jornalfatosenoticias.com.br\/wp-content\/uploads\/2022\/06\/SOLUCOES-USO-DA-AGUA.jpg","width":1000,"height":598},{"@type":"BreadcrumbList","@id":"https:\/\/jornalfatosenoticias.com.br\/index.php\/2022\/06\/20\/solucoes-para-uso-sustentavel-da-agua-e-energia-ja-sao-implementadas\/#breadcrumb","itemListElement":[{"@type":"ListItem","position":1,"name":"In\u00edcio","item":"https:\/\/jornalfatosenoticias.com.br\/"},{"@type":"ListItem","position":2,"name":"Solu\u00e7\u00f5es para uso sustent\u00e1vel da \u00e1gua e energia j\u00e1 s\u00e3o implementadas"}]},{"@type":"WebSite","@id":"https:\/\/jornalfatosenoticias.com.br\/#website","url":"https:\/\/jornalfatosenoticias.com.br\/","name":"Jornal Fatos e Not\u00edcias","description":"Not\u00edcias em geral","publisher":{"@id":"https:\/\/jornalfatosenoticias.com.br\/#organization"},"potentialAction":[{"@type":"SearchAction","target":{"@type":"EntryPoint","urlTemplate":"https:\/\/jornalfatosenoticias.com.br\/?s={search_term_string}"},"query-input":{"@type":"PropertyValueSpecification","valueRequired":true,"valueName":"search_term_string"}}],"inLanguage":"pt-BR"},{"@type":"Organization","@id":"https:\/\/jornalfatosenoticias.com.br\/#organization","name":"Jornal Fatos e Not\u00edcias","url":"https:\/\/jornalfatosenoticias.com.br\/","logo":{"@type":"ImageObject","inLanguage":"pt-BR","@id":"https:\/\/jornalfatosenoticias.com.br\/#\/schema\/logo\/image\/","url":"https:\/\/jornalfatosenoticias.com.br\/wp-content\/uploads\/2020\/02\/logo120.png","contentUrl":"https:\/\/jornalfatosenoticias.com.br\/wp-content\/uploads\/2020\/02\/logo120.png","width":1227,"height":120,"caption":"Jornal Fatos e Not\u00edcias"},"image":{"@id":"https:\/\/jornalfatosenoticias.com.br\/#\/schema\/logo\/image\/"}},{"@type":"Person","@id":"https:\/\/jornalfatosenoticias.com.br\/#\/schema\/person\/d63837fa13ac8666eb9e74e0985d6f81","name":"Luzimara Fernandes","image":{"@type":"ImageObject","inLanguage":"pt-BR","@id":"https:\/\/jornalfatosenoticias.com.br\/#\/schema\/person\/image\/","url":"https:\/\/jornalfatosenoticias.com.br\/wp-content\/uploads\/2025\/05\/EU_portal.jpg","contentUrl":"https:\/\/jornalfatosenoticias.com.br\/wp-content\/uploads\/2025\/05\/EU_portal.jpg","caption":"Luzimara Fernandes"},"description":"Jornalista MTB 2358-ES","sameAs":["https:\/\/jornalfatosenoticias.com.br"],"url":"https:\/\/jornalfatosenoticias.com.br\/index.php\/author\/luzimara\/"}]}},"cc_featured_image_caption":{"caption_text":"(Foto: Reuters\/Eric Thayer)","source_text":"","source_url":""},"jetpack_featured_media_url":"https:\/\/jornalfatosenoticias.com.br\/wp-content\/uploads\/2022\/06\/SOLUCOES-USO-DA-AGUA.jpg","_links":{"self":[{"href":"https:\/\/jornalfatosenoticias.com.br\/index.php\/wp-json\/wp\/v2\/posts\/31520","targetHints":{"allow":["GET"]}}],"collection":[{"href":"https:\/\/jornalfatosenoticias.com.br\/index.php\/wp-json\/wp\/v2\/posts"}],"about":[{"href":"https:\/\/jornalfatosenoticias.com.br\/index.php\/wp-json\/wp\/v2\/types\/post"}],"author":[{"embeddable":true,"href":"https:\/\/jornalfatosenoticias.com.br\/index.php\/wp-json\/wp\/v2\/users\/2"}],"replies":[{"embeddable":true,"href":"https:\/\/jornalfatosenoticias.com.br\/index.php\/wp-json\/wp\/v2\/comments?post=31520"}],"version-history":[{"count":0,"href":"https:\/\/jornalfatosenoticias.com.br\/index.php\/wp-json\/wp\/v2\/posts\/31520\/revisions"}],"wp:featuredmedia":[{"embeddable":true,"href":"https:\/\/jornalfatosenoticias.com.br\/index.php\/wp-json\/wp\/v2\/media\/31521"}],"wp:attachment":[{"href":"https:\/\/jornalfatosenoticias.com.br\/index.php\/wp-json\/wp\/v2\/media?parent=31520"}],"wp:term":[{"taxonomy":"category","embeddable":true,"href":"https:\/\/jornalfatosenoticias.com.br\/index.php\/wp-json\/wp\/v2\/categories?post=31520"},{"taxonomy":"post_tag","embeddable":true,"href":"https:\/\/jornalfatosenoticias.com.br\/index.php\/wp-json\/wp\/v2\/tags?post=31520"}],"curies":[{"name":"wp","href":"https:\/\/api.w.org\/{rel}","templated":true}]}}