{"id":31542,"date":"2022-06-21T11:53:49","date_gmt":"2022-06-21T14:53:49","guid":{"rendered":"https:\/\/jornalfatosenoticias.com.br\/?p=31542"},"modified":"2022-06-21T11:53:52","modified_gmt":"2022-06-21T14:53:52","slug":"estranho-disco-estelar-em-espiral-e-encontrado-no-centro-da-via-lactea","status":"publish","type":"post","link":"https:\/\/jornalfatosenoticias.com.br\/index.php\/2022\/06\/21\/estranho-disco-estelar-em-espiral-e-encontrado-no-centro-da-via-lactea\/","title":{"rendered":"Estranho disco estelar em espiral \u00e9 encontrado no centro da Via L\u00e1ctea"},"content":{"rendered":"\n<div class=\"wp-block-image\"><figure class=\"aligncenter size-large is-resized\"><img loading=\"lazy\" decoding=\"async\" src=\"https:\/\/jornalfatosenoticias.com.br\/wp-content\/uploads\/2022\/02\/Arte-Autoescola-Galatas_endereco_portal-1024x103.png\" alt=\"\" class=\"wp-image-27869\" width=\"520\" height=\"52\" srcset=\"https:\/\/jornalfatosenoticias.com.br\/wp-content\/uploads\/2022\/02\/Arte-Autoescola-Galatas_endereco_portal-1024x103.png 1024w, https:\/\/jornalfatosenoticias.com.br\/wp-content\/uploads\/2022\/02\/Arte-Autoescola-Galatas_endereco_portal-300x30.png 300w, https:\/\/jornalfatosenoticias.com.br\/wp-content\/uploads\/2022\/02\/Arte-Autoescola-Galatas_endereco_portal-768x77.png 768w, https:\/\/jornalfatosenoticias.com.br\/wp-content\/uploads\/2022\/02\/Arte-Autoescola-Galatas_endereco_portal.png 1223w\" sizes=\"auto, (max-width: 520px) 100vw, 520px\" \/><\/figure><\/div>\n\n\n\n<p>Astr\u00f4nomos chineses identificaram um objeto fora do comum pr\u00f3ximo ao centro da <a href=\"https:\/\/olhardigital.com.br\/tag\/via-lactea\/\">Via L\u00e1ctea<\/a>: anteriormente, pensaram ser uma \u201c<a href=\"https:\/\/olhardigital.com.br\/tag\/galaxias\/\">minigal\u00e1xia<\/a>\u201d, mas an\u00e1lises posteriores revelaram tratar-se de um estranho disco estelar em formato espiral, com uma estrela posicionada em suas proximidades.<br>De acordo com o estudo feito em cima da descoberta, o conjunto est\u00e1 localizado a 26 mil anos-luz de dist\u00e2ncia <a href=\"https:\/\/olhardigital.com.br\/tag\/terra\/\">da Terra<\/a>, e o disco sozinho tem aproximadamente quatro mil unidades astron\u00f4micas (UA) \u2014 vale lembrar que uma \u00fanica unidade astron\u00f4mica corresponde \u00e0 dist\u00e2ncia entre a Terra e\u00a0<a href=\"https:\/\/olhardigital.com.br\/tag\/sol\/\">o Sol<\/a>.<\/p>\n\n\n\n<div class=\"wp-block-image\"><figure class=\"alignleft size-large is-resized\"><img loading=\"lazy\" decoding=\"async\" src=\"https:\/\/jornalfatosenoticias.com.br\/wp-content\/uploads\/2022\/02\/Serra-Pack-459.png\" alt=\"\" class=\"wp-image-27471\" width=\"308\" height=\"123\"\/><\/figure><\/div>\n\n\n\n<p>Os cientistas que assinam a pesquisa afirmam, contudo, que o objeto n\u00e3o se move de uma maneira que justifique seu formato em espiral. Ent\u00e3o como esse estranho disco estelar veio a nascer?<br>Provavelmente, posiciona o artigo, esse formato se deu por um impacto com algum objeto massivo \u2014 tipo a <a href=\"https:\/\/olhardigital.com.br\/tag\/estrelas\/\">estrela<\/a>\u00a0com tr\u00eas vezes a massa do Sol vis\u00edvel pr\u00f3xima a ele. A fim de confirmar essa possibilidade, o time usou dados de observa\u00e7\u00e3o do\u00a0<a href=\"https:\/\/olhardigital.com.br\/tag\/alma\/\"><em>Atacama Large Millimeter\/submillimeter Array<\/em><\/a> (ALMA), no Chile, e criou diversos modelos anal\u00edticos de poss\u00edveis trajet\u00f3rias orbitais que pudessem levar o astro o mais pr\u00f3ximo poss\u00edvel do disco.<br>Em um cen\u00e1rio espec\u00edfico, a estrela poderia ter \u201cdado uma ombrada\u201d no disco h\u00e1 mais ou menos 12 mil anos, espalhando a poeira c\u00f3smica o suficiente para que ela assumisse essa forma mais espiralada. <\/p>\n\n\n\n<div class=\"wp-block-image\"><figure class=\"aligncenter size-large is-resized\"><img loading=\"lazy\" decoding=\"async\" src=\"https:\/\/jornalfatosenoticias.com.br\/wp-content\/uploads\/2020\/02\/banner_ferramentas-1024x100.jpg\" alt=\"\" class=\"wp-image-1258\" width=\"499\" height=\"48\" srcset=\"https:\/\/jornalfatosenoticias.com.br\/wp-content\/uploads\/2020\/02\/banner_ferramentas-1024x100.jpg 1024w, https:\/\/jornalfatosenoticias.com.br\/wp-content\/uploads\/2020\/02\/banner_ferramentas-300x29.jpg 300w, https:\/\/jornalfatosenoticias.com.br\/wp-content\/uploads\/2020\/02\/banner_ferramentas-768x75.jpg 768w, https:\/\/jornalfatosenoticias.com.br\/wp-content\/uploads\/2020\/02\/banner_ferramentas.jpg 1227w\" sizes=\"auto, (max-width: 499px) 100vw, 499px\" \/><\/figure><\/div>\n\n\n\n<blockquote class=\"wp-block-quote is-layout-flow wp-block-quote-is-layout-flow\"><p><span class=\"has-inline-color has-luminous-vivid-orange-color\">\u201cA confirma\u00e7\u00e3o entre os c\u00e1lculos anal\u00edticos, a simula\u00e7\u00e3o num\u00e9rica e as observa\u00e7\u00f5es do ALMA oferecem evid\u00eancia robusta de que os bra\u00e7os em espiral do disco s\u00e3o rel\u00edquias de uma passagem do objeto intruso\u201d, disse a coautora do estudo, Lu Xing, pesquisadora associada do Observat\u00f3rio Astron\u00f4mico de Xangai, ligado \u00e0 Academia Chinesa de Ci\u00eancias.<\/span><\/p><\/blockquote>\n\n\n\n<div class=\"wp-block-image\"><figure class=\"alignright size-large\"><img decoding=\"async\" src=\"https:\/\/jornalfatosenoticias.com.br\/wp-content\/uploads\/2020\/02\/logo_esteio.jpg\" alt=\"\" class=\"wp-image-1214\"\/><\/figure><\/div>\n\n\n\n<p>Isso n\u00e3o \u00e9 tudo: o centro da Via L\u00e1ctea \u00e9, muitas e muitas vezes, mais recheado de materiais de forma\u00e7\u00e3o estelar, ent\u00e3o os cientistas estimam que a ocorr\u00eancia de colis\u00f5es do tipo sejam bastante frequentes. Na pr\u00e1tica, isso quer dizer que h\u00e1 uma boa chance de que esse estranho disco estelar n\u00e3o seja o \u00fanico, e que v\u00e1rios outros, em v\u00e1rios formatos, existam na regi\u00e3o.<br>O estudo completo pode ser acessado\u00a0<a href=\"https:\/\/www.nature.com\/articles\/s41550-022-01681-4?utm_medium=affiliate&amp;utm_source=commission_junction&amp;utm_campaign=CONR_PF018_ECOM_GL_PHSS_ALWYS_PRODUCT&amp;utm_content=textlink&amp;utm_term=PID100052172&amp;CJEVENT=df93d7c6f09f11ec83ee0f160a82b838\">na revista\u00a0<em>Nature Astronomy<\/em><\/a>.<\/p>\n\n\n\n<p><strong><em>Fonte: <a href=\"https:\/\/olhardigital.com.br\/2022\/06\/20\/ciencia-e-espaco\/estranho-disco-estelar-em-espiral-e-encontrado-no-centro-da-via-lactea\/amp\/\">Olhar Digital<\/a><\/em><\/strong><\/p>\n","protected":false},"excerpt":{"rendered":"<p>Astr\u00f4nomos chineses identificaram um objeto fora do comum pr\u00f3ximo ao centro da Via L\u00e1ctea: anteriormente, pensaram ser uma \u201cminigal\u00e1xia\u201d, mas an\u00e1lises posteriores revelaram tratar-se de um estranho disco estelar em formato espiral, com uma estrela posicionada em suas proximidades.De acordo com o estudo feito em cima da descoberta, o conjunto est\u00e1 localizado a 26 mil [&hellip;]<\/p>\n","protected":false},"author":2,"featured_media":31543,"comment_status":"open","ping_status":"open","sticky":false,"template":"","format":"standard","meta":{"footnotes":""},"categories":[2],"tags":[14128,790,14881,789,470],"class_list":["post-31542","post","type-post","status-publish","format-standard","has-post-thumbnail","hentry","category-ciencia","tag-alma","tag-estrelas","tag-formacao-de-estrelas","tag-galaxias","tag-via-lactea"],"yoast_head":"<!-- This site is optimized with the Yoast SEO plugin v26.5 - https:\/\/yoast.com\/wordpress\/plugins\/seo\/ -->\n<title>Estranho disco estelar em espiral \u00e9 encontrado no centro da Via L\u00e1ctea - Jornal Fatos e Not\u00edcias<\/title>\n<meta name=\"robots\" content=\"index, follow, max-snippet:-1, max-image-preview:large, max-video-preview:-1\" \/>\n<link rel=\"canonical\" href=\"https:\/\/jornalfatosenoticias.com.br\/index.php\/2022\/06\/21\/estranho-disco-estelar-em-espiral-e-encontrado-no-centro-da-via-lactea\/\" \/>\n<meta property=\"og:locale\" content=\"pt_BR\" \/>\n<meta property=\"og:type\" content=\"article\" \/>\n<meta property=\"og:title\" content=\"Estranho disco estelar em espiral \u00e9 encontrado no centro da Via L\u00e1ctea - Jornal Fatos e Not\u00edcias\" \/>\n<meta property=\"og:description\" content=\"Astr\u00f4nomos chineses identificaram um objeto fora do comum pr\u00f3ximo ao centro da Via L\u00e1ctea: anteriormente, pensaram ser uma \u201cminigal\u00e1xia\u201d, mas an\u00e1lises posteriores revelaram tratar-se de um estranho disco estelar em formato espiral, com uma estrela posicionada em suas proximidades.De acordo com o estudo feito em cima da descoberta, o conjunto est\u00e1 localizado a 26 mil [&hellip;]\" \/>\n<meta property=\"og:url\" content=\"https:\/\/jornalfatosenoticias.com.br\/index.php\/2022\/06\/21\/estranho-disco-estelar-em-espiral-e-encontrado-no-centro-da-via-lactea\/\" \/>\n<meta property=\"og:site_name\" content=\"Jornal Fatos e Not\u00edcias\" \/>\n<meta property=\"article:published_time\" content=\"2022-06-21T14:53:49+00:00\" \/>\n<meta property=\"article:modified_time\" content=\"2022-06-21T14:53:52+00:00\" \/>\n<meta property=\"og:image\" content=\"https:\/\/jornalfatosenoticias.com.br\/wp-content\/uploads\/2022\/06\/estranho-objeto-estelar-capa.png\" \/>\n\t<meta property=\"og:image:width\" content=\"1000\" \/>\n\t<meta property=\"og:image:height\" content=\"562\" \/>\n\t<meta property=\"og:image:type\" content=\"image\/png\" \/>\n<meta name=\"author\" content=\"Luzimara Fernandes\" \/>\n<meta name=\"twitter:card\" content=\"summary_large_image\" \/>\n<meta name=\"twitter:label1\" content=\"Escrito por\" \/>\n\t<meta name=\"twitter:data1\" content=\"Luzimara Fernandes\" \/>\n\t<meta name=\"twitter:label2\" content=\"Est. tempo de leitura\" \/>\n\t<meta name=\"twitter:data2\" content=\"2 minutos\" \/>\n<script type=\"application\/ld+json\" class=\"yoast-schema-graph\">{\"@context\":\"https:\/\/schema.org\",\"@graph\":[{\"@type\":\"Article\",\"@id\":\"https:\/\/jornalfatosenoticias.com.br\/index.php\/2022\/06\/21\/estranho-disco-estelar-em-espiral-e-encontrado-no-centro-da-via-lactea\/#article\",\"isPartOf\":{\"@id\":\"https:\/\/jornalfatosenoticias.com.br\/index.php\/2022\/06\/21\/estranho-disco-estelar-em-espiral-e-encontrado-no-centro-da-via-lactea\/\"},\"author\":{\"name\":\"Luzimara Fernandes\",\"@id\":\"https:\/\/jornalfatosenoticias.com.br\/#\/schema\/person\/d63837fa13ac8666eb9e74e0985d6f81\"},\"headline\":\"Estranho disco estelar em espiral \u00e9 encontrado no centro da Via L\u00e1ctea\",\"datePublished\":\"2022-06-21T14:53:49+00:00\",\"dateModified\":\"2022-06-21T14:53:52+00:00\",\"mainEntityOfPage\":{\"@id\":\"https:\/\/jornalfatosenoticias.com.br\/index.php\/2022\/06\/21\/estranho-disco-estelar-em-espiral-e-encontrado-no-centro-da-via-lactea\/\"},\"wordCount\":408,\"commentCount\":0,\"publisher\":{\"@id\":\"https:\/\/jornalfatosenoticias.com.br\/#organization\"},\"image\":{\"@id\":\"https:\/\/jornalfatosenoticias.com.br\/index.php\/2022\/06\/21\/estranho-disco-estelar-em-espiral-e-encontrado-no-centro-da-via-lactea\/#primaryimage\"},\"thumbnailUrl\":\"https:\/\/jornalfatosenoticias.com.br\/wp-content\/uploads\/2022\/06\/estranho-objeto-estelar-capa.png\",\"keywords\":[\"ALMA\",\"estrelas\",\"forma\u00e7\u00e3o de estrelas\",\"gal\u00e1xias\",\"Via L\u00e1ctea\"],\"articleSection\":[\"Ci\u00eancia\"],\"inLanguage\":\"pt-BR\",\"potentialAction\":[{\"@type\":\"CommentAction\",\"name\":\"Comment\",\"target\":[\"https:\/\/jornalfatosenoticias.com.br\/index.php\/2022\/06\/21\/estranho-disco-estelar-em-espiral-e-encontrado-no-centro-da-via-lactea\/#respond\"]}]},{\"@type\":\"WebPage\",\"@id\":\"https:\/\/jornalfatosenoticias.com.br\/index.php\/2022\/06\/21\/estranho-disco-estelar-em-espiral-e-encontrado-no-centro-da-via-lactea\/\",\"url\":\"https:\/\/jornalfatosenoticias.com.br\/index.php\/2022\/06\/21\/estranho-disco-estelar-em-espiral-e-encontrado-no-centro-da-via-lactea\/\",\"name\":\"Estranho disco estelar em espiral \u00e9 encontrado no centro da Via L\u00e1ctea - Jornal Fatos e Not\u00edcias\",\"isPartOf\":{\"@id\":\"https:\/\/jornalfatosenoticias.com.br\/#website\"},\"primaryImageOfPage\":{\"@id\":\"https:\/\/jornalfatosenoticias.com.br\/index.php\/2022\/06\/21\/estranho-disco-estelar-em-espiral-e-encontrado-no-centro-da-via-lactea\/#primaryimage\"},\"image\":{\"@id\":\"https:\/\/jornalfatosenoticias.com.br\/index.php\/2022\/06\/21\/estranho-disco-estelar-em-espiral-e-encontrado-no-centro-da-via-lactea\/#primaryimage\"},\"thumbnailUrl\":\"https:\/\/jornalfatosenoticias.com.br\/wp-content\/uploads\/2022\/06\/estranho-objeto-estelar-capa.png\",\"datePublished\":\"2022-06-21T14:53:49+00:00\",\"dateModified\":\"2022-06-21T14:53:52+00:00\",\"breadcrumb\":{\"@id\":\"https:\/\/jornalfatosenoticias.com.br\/index.php\/2022\/06\/21\/estranho-disco-estelar-em-espiral-e-encontrado-no-centro-da-via-lactea\/#breadcrumb\"},\"inLanguage\":\"pt-BR\",\"potentialAction\":[{\"@type\":\"ReadAction\",\"target\":[\"https:\/\/jornalfatosenoticias.com.br\/index.php\/2022\/06\/21\/estranho-disco-estelar-em-espiral-e-encontrado-no-centro-da-via-lactea\/\"]}]},{\"@type\":\"ImageObject\",\"inLanguage\":\"pt-BR\",\"@id\":\"https:\/\/jornalfatosenoticias.com.br\/index.php\/2022\/06\/21\/estranho-disco-estelar-em-espiral-e-encontrado-no-centro-da-via-lactea\/#primaryimage\",\"url\":\"https:\/\/jornalfatosenoticias.com.br\/wp-content\/uploads\/2022\/06\/estranho-objeto-estelar-capa.png\",\"contentUrl\":\"https:\/\/jornalfatosenoticias.com.br\/wp-content\/uploads\/2022\/06\/estranho-objeto-estelar-capa.png\",\"width\":1000,\"height\":562},{\"@type\":\"BreadcrumbList\",\"@id\":\"https:\/\/jornalfatosenoticias.com.br\/index.php\/2022\/06\/21\/estranho-disco-estelar-em-espiral-e-encontrado-no-centro-da-via-lactea\/#breadcrumb\",\"itemListElement\":[{\"@type\":\"ListItem\",\"position\":1,\"name\":\"In\u00edcio\",\"item\":\"https:\/\/jornalfatosenoticias.com.br\/\"},{\"@type\":\"ListItem\",\"position\":2,\"name\":\"Estranho disco estelar em espiral \u00e9 encontrado no centro da Via L\u00e1ctea\"}]},{\"@type\":\"WebSite\",\"@id\":\"https:\/\/jornalfatosenoticias.com.br\/#website\",\"url\":\"https:\/\/jornalfatosenoticias.com.br\/\",\"name\":\"Jornal Fatos e Not\u00edcias\",\"description\":\"Not\u00edcias em geral\",\"publisher\":{\"@id\":\"https:\/\/jornalfatosenoticias.com.br\/#organization\"},\"potentialAction\":[{\"@type\":\"SearchAction\",\"target\":{\"@type\":\"EntryPoint\",\"urlTemplate\":\"https:\/\/jornalfatosenoticias.com.br\/?s={search_term_string}\"},\"query-input\":{\"@type\":\"PropertyValueSpecification\",\"valueRequired\":true,\"valueName\":\"search_term_string\"}}],\"inLanguage\":\"pt-BR\"},{\"@type\":\"Organization\",\"@id\":\"https:\/\/jornalfatosenoticias.com.br\/#organization\",\"name\":\"Jornal Fatos e Not\u00edcias\",\"url\":\"https:\/\/jornalfatosenoticias.com.br\/\",\"logo\":{\"@type\":\"ImageObject\",\"inLanguage\":\"pt-BR\",\"@id\":\"https:\/\/jornalfatosenoticias.com.br\/#\/schema\/logo\/image\/\",\"url\":\"https:\/\/jornalfatosenoticias.com.br\/wp-content\/uploads\/2020\/02\/logo120.png\",\"contentUrl\":\"https:\/\/jornalfatosenoticias.com.br\/wp-content\/uploads\/2020\/02\/logo120.png\",\"width\":1227,\"height\":120,\"caption\":\"Jornal Fatos e Not\u00edcias\"},\"image\":{\"@id\":\"https:\/\/jornalfatosenoticias.com.br\/#\/schema\/logo\/image\/\"}},{\"@type\":\"Person\",\"@id\":\"https:\/\/jornalfatosenoticias.com.br\/#\/schema\/person\/d63837fa13ac8666eb9e74e0985d6f81\",\"name\":\"Luzimara Fernandes\",\"image\":{\"@type\":\"ImageObject\",\"inLanguage\":\"pt-BR\",\"@id\":\"https:\/\/jornalfatosenoticias.com.br\/#\/schema\/person\/image\/\",\"url\":\"https:\/\/jornalfatosenoticias.com.br\/wp-content\/uploads\/2025\/05\/EU_portal.jpg\",\"contentUrl\":\"https:\/\/jornalfatosenoticias.com.br\/wp-content\/uploads\/2025\/05\/EU_portal.jpg\",\"caption\":\"Luzimara Fernandes\"},\"description\":\"Jornalista MTB 2358-ES\",\"sameAs\":[\"https:\/\/jornalfatosenoticias.com.br\"],\"url\":\"https:\/\/jornalfatosenoticias.com.br\/index.php\/author\/luzimara\/\"}]}<\/script>\n<!-- \/ Yoast SEO plugin. -->","yoast_head_json":{"title":"Estranho disco estelar em espiral \u00e9 encontrado no centro da Via L\u00e1ctea - Jornal Fatos e Not\u00edcias","robots":{"index":"index","follow":"follow","max-snippet":"max-snippet:-1","max-image-preview":"max-image-preview:large","max-video-preview":"max-video-preview:-1"},"canonical":"https:\/\/jornalfatosenoticias.com.br\/index.php\/2022\/06\/21\/estranho-disco-estelar-em-espiral-e-encontrado-no-centro-da-via-lactea\/","og_locale":"pt_BR","og_type":"article","og_title":"Estranho disco estelar em espiral \u00e9 encontrado no centro da Via L\u00e1ctea - Jornal Fatos e Not\u00edcias","og_description":"Astr\u00f4nomos chineses identificaram um objeto fora do comum pr\u00f3ximo ao centro da Via L\u00e1ctea: anteriormente, pensaram ser uma \u201cminigal\u00e1xia\u201d, mas an\u00e1lises posteriores revelaram tratar-se de um estranho disco estelar em formato espiral, com uma estrela posicionada em suas proximidades.De acordo com o estudo feito em cima da descoberta, o conjunto est\u00e1 localizado a 26 mil [&hellip;]","og_url":"https:\/\/jornalfatosenoticias.com.br\/index.php\/2022\/06\/21\/estranho-disco-estelar-em-espiral-e-encontrado-no-centro-da-via-lactea\/","og_site_name":"Jornal Fatos e Not\u00edcias","article_published_time":"2022-06-21T14:53:49+00:00","article_modified_time":"2022-06-21T14:53:52+00:00","og_image":[{"width":1000,"height":562,"url":"https:\/\/jornalfatosenoticias.com.br\/wp-content\/uploads\/2022\/06\/estranho-objeto-estelar-capa.png","type":"image\/png"}],"author":"Luzimara Fernandes","twitter_card":"summary_large_image","twitter_misc":{"Escrito por":"Luzimara Fernandes","Est. tempo de leitura":"2 minutos"},"schema":{"@context":"https:\/\/schema.org","@graph":[{"@type":"Article","@id":"https:\/\/jornalfatosenoticias.com.br\/index.php\/2022\/06\/21\/estranho-disco-estelar-em-espiral-e-encontrado-no-centro-da-via-lactea\/#article","isPartOf":{"@id":"https:\/\/jornalfatosenoticias.com.br\/index.php\/2022\/06\/21\/estranho-disco-estelar-em-espiral-e-encontrado-no-centro-da-via-lactea\/"},"author":{"name":"Luzimara Fernandes","@id":"https:\/\/jornalfatosenoticias.com.br\/#\/schema\/person\/d63837fa13ac8666eb9e74e0985d6f81"},"headline":"Estranho disco estelar em espiral \u00e9 encontrado no centro da Via L\u00e1ctea","datePublished":"2022-06-21T14:53:49+00:00","dateModified":"2022-06-21T14:53:52+00:00","mainEntityOfPage":{"@id":"https:\/\/jornalfatosenoticias.com.br\/index.php\/2022\/06\/21\/estranho-disco-estelar-em-espiral-e-encontrado-no-centro-da-via-lactea\/"},"wordCount":408,"commentCount":0,"publisher":{"@id":"https:\/\/jornalfatosenoticias.com.br\/#organization"},"image":{"@id":"https:\/\/jornalfatosenoticias.com.br\/index.php\/2022\/06\/21\/estranho-disco-estelar-em-espiral-e-encontrado-no-centro-da-via-lactea\/#primaryimage"},"thumbnailUrl":"https:\/\/jornalfatosenoticias.com.br\/wp-content\/uploads\/2022\/06\/estranho-objeto-estelar-capa.png","keywords":["ALMA","estrelas","forma\u00e7\u00e3o de estrelas","gal\u00e1xias","Via L\u00e1ctea"],"articleSection":["Ci\u00eancia"],"inLanguage":"pt-BR","potentialAction":[{"@type":"CommentAction","name":"Comment","target":["https:\/\/jornalfatosenoticias.com.br\/index.php\/2022\/06\/21\/estranho-disco-estelar-em-espiral-e-encontrado-no-centro-da-via-lactea\/#respond"]}]},{"@type":"WebPage","@id":"https:\/\/jornalfatosenoticias.com.br\/index.php\/2022\/06\/21\/estranho-disco-estelar-em-espiral-e-encontrado-no-centro-da-via-lactea\/","url":"https:\/\/jornalfatosenoticias.com.br\/index.php\/2022\/06\/21\/estranho-disco-estelar-em-espiral-e-encontrado-no-centro-da-via-lactea\/","name":"Estranho disco estelar em espiral \u00e9 encontrado no centro da Via L\u00e1ctea - Jornal Fatos e Not\u00edcias","isPartOf":{"@id":"https:\/\/jornalfatosenoticias.com.br\/#website"},"primaryImageOfPage":{"@id":"https:\/\/jornalfatosenoticias.com.br\/index.php\/2022\/06\/21\/estranho-disco-estelar-em-espiral-e-encontrado-no-centro-da-via-lactea\/#primaryimage"},"image":{"@id":"https:\/\/jornalfatosenoticias.com.br\/index.php\/2022\/06\/21\/estranho-disco-estelar-em-espiral-e-encontrado-no-centro-da-via-lactea\/#primaryimage"},"thumbnailUrl":"https:\/\/jornalfatosenoticias.com.br\/wp-content\/uploads\/2022\/06\/estranho-objeto-estelar-capa.png","datePublished":"2022-06-21T14:53:49+00:00","dateModified":"2022-06-21T14:53:52+00:00","breadcrumb":{"@id":"https:\/\/jornalfatosenoticias.com.br\/index.php\/2022\/06\/21\/estranho-disco-estelar-em-espiral-e-encontrado-no-centro-da-via-lactea\/#breadcrumb"},"inLanguage":"pt-BR","potentialAction":[{"@type":"ReadAction","target":["https:\/\/jornalfatosenoticias.com.br\/index.php\/2022\/06\/21\/estranho-disco-estelar-em-espiral-e-encontrado-no-centro-da-via-lactea\/"]}]},{"@type":"ImageObject","inLanguage":"pt-BR","@id":"https:\/\/jornalfatosenoticias.com.br\/index.php\/2022\/06\/21\/estranho-disco-estelar-em-espiral-e-encontrado-no-centro-da-via-lactea\/#primaryimage","url":"https:\/\/jornalfatosenoticias.com.br\/wp-content\/uploads\/2022\/06\/estranho-objeto-estelar-capa.png","contentUrl":"https:\/\/jornalfatosenoticias.com.br\/wp-content\/uploads\/2022\/06\/estranho-objeto-estelar-capa.png","width":1000,"height":562},{"@type":"BreadcrumbList","@id":"https:\/\/jornalfatosenoticias.com.br\/index.php\/2022\/06\/21\/estranho-disco-estelar-em-espiral-e-encontrado-no-centro-da-via-lactea\/#breadcrumb","itemListElement":[{"@type":"ListItem","position":1,"name":"In\u00edcio","item":"https:\/\/jornalfatosenoticias.com.br\/"},{"@type":"ListItem","position":2,"name":"Estranho disco estelar em espiral \u00e9 encontrado no centro da Via L\u00e1ctea"}]},{"@type":"WebSite","@id":"https:\/\/jornalfatosenoticias.com.br\/#website","url":"https:\/\/jornalfatosenoticias.com.br\/","name":"Jornal Fatos e Not\u00edcias","description":"Not\u00edcias em geral","publisher":{"@id":"https:\/\/jornalfatosenoticias.com.br\/#organization"},"potentialAction":[{"@type":"SearchAction","target":{"@type":"EntryPoint","urlTemplate":"https:\/\/jornalfatosenoticias.com.br\/?s={search_term_string}"},"query-input":{"@type":"PropertyValueSpecification","valueRequired":true,"valueName":"search_term_string"}}],"inLanguage":"pt-BR"},{"@type":"Organization","@id":"https:\/\/jornalfatosenoticias.com.br\/#organization","name":"Jornal Fatos e Not\u00edcias","url":"https:\/\/jornalfatosenoticias.com.br\/","logo":{"@type":"ImageObject","inLanguage":"pt-BR","@id":"https:\/\/jornalfatosenoticias.com.br\/#\/schema\/logo\/image\/","url":"https:\/\/jornalfatosenoticias.com.br\/wp-content\/uploads\/2020\/02\/logo120.png","contentUrl":"https:\/\/jornalfatosenoticias.com.br\/wp-content\/uploads\/2020\/02\/logo120.png","width":1227,"height":120,"caption":"Jornal Fatos e Not\u00edcias"},"image":{"@id":"https:\/\/jornalfatosenoticias.com.br\/#\/schema\/logo\/image\/"}},{"@type":"Person","@id":"https:\/\/jornalfatosenoticias.com.br\/#\/schema\/person\/d63837fa13ac8666eb9e74e0985d6f81","name":"Luzimara Fernandes","image":{"@type":"ImageObject","inLanguage":"pt-BR","@id":"https:\/\/jornalfatosenoticias.com.br\/#\/schema\/person\/image\/","url":"https:\/\/jornalfatosenoticias.com.br\/wp-content\/uploads\/2025\/05\/EU_portal.jpg","contentUrl":"https:\/\/jornalfatosenoticias.com.br\/wp-content\/uploads\/2025\/05\/EU_portal.jpg","caption":"Luzimara Fernandes"},"description":"Jornalista MTB 2358-ES","sameAs":["https:\/\/jornalfatosenoticias.com.br"],"url":"https:\/\/jornalfatosenoticias.com.br\/index.php\/author\/luzimara\/"}]}},"cc_featured_image_caption":{"caption_text":"(Foto: SHAO\/Divulga\u00e7\u00e3o) ","source_text":"","source_url":""},"jetpack_featured_media_url":"https:\/\/jornalfatosenoticias.com.br\/wp-content\/uploads\/2022\/06\/estranho-objeto-estelar-capa.png","_links":{"self":[{"href":"https:\/\/jornalfatosenoticias.com.br\/index.php\/wp-json\/wp\/v2\/posts\/31542","targetHints":{"allow":["GET"]}}],"collection":[{"href":"https:\/\/jornalfatosenoticias.com.br\/index.php\/wp-json\/wp\/v2\/posts"}],"about":[{"href":"https:\/\/jornalfatosenoticias.com.br\/index.php\/wp-json\/wp\/v2\/types\/post"}],"author":[{"embeddable":true,"href":"https:\/\/jornalfatosenoticias.com.br\/index.php\/wp-json\/wp\/v2\/users\/2"}],"replies":[{"embeddable":true,"href":"https:\/\/jornalfatosenoticias.com.br\/index.php\/wp-json\/wp\/v2\/comments?post=31542"}],"version-history":[{"count":0,"href":"https:\/\/jornalfatosenoticias.com.br\/index.php\/wp-json\/wp\/v2\/posts\/31542\/revisions"}],"wp:featuredmedia":[{"embeddable":true,"href":"https:\/\/jornalfatosenoticias.com.br\/index.php\/wp-json\/wp\/v2\/media\/31543"}],"wp:attachment":[{"href":"https:\/\/jornalfatosenoticias.com.br\/index.php\/wp-json\/wp\/v2\/media?parent=31542"}],"wp:term":[{"taxonomy":"category","embeddable":true,"href":"https:\/\/jornalfatosenoticias.com.br\/index.php\/wp-json\/wp\/v2\/categories?post=31542"},{"taxonomy":"post_tag","embeddable":true,"href":"https:\/\/jornalfatosenoticias.com.br\/index.php\/wp-json\/wp\/v2\/tags?post=31542"}],"curies":[{"name":"wp","href":"https:\/\/api.w.org\/{rel}","templated":true}]}}