{"id":31558,"date":"2022-06-21T12:38:52","date_gmt":"2022-06-21T15:38:52","guid":{"rendered":"https:\/\/jornalfatosenoticias.com.br\/?p=31558"},"modified":"2022-06-21T12:38:55","modified_gmt":"2022-06-21T15:38:55","slug":"brasil-sedia-reunioes-entre-paises-latino-americanos-e-a-ocde","status":"publish","type":"post","link":"https:\/\/jornalfatosenoticias.com.br\/index.php\/2022\/06\/21\/brasil-sedia-reunioes-entre-paises-latino-americanos-e-a-ocde\/","title":{"rendered":"Brasil sedia reuni\u00f5es entre pa\u00edses latino-americanos e a OCDE"},"content":{"rendered":"\n<p><em><span class=\"has-inline-color has-black-color\">Encontros come\u00e7am hoje e v\u00e3o at\u00e9 sexta-feira, no Itamaraty<\/span><\/em><\/p>\n\n\n\n<div class=\"wp-block-image\"><figure class=\"aligncenter size-large is-resized\"><img loading=\"lazy\" decoding=\"async\" src=\"https:\/\/jornalfatosenoticias.com.br\/wp-content\/uploads\/2020\/02\/banner_ferramentas-1024x100.jpg\" alt=\"\" class=\"wp-image-1258\" width=\"509\" height=\"49\" srcset=\"https:\/\/jornalfatosenoticias.com.br\/wp-content\/uploads\/2020\/02\/banner_ferramentas-1024x100.jpg 1024w, https:\/\/jornalfatosenoticias.com.br\/wp-content\/uploads\/2020\/02\/banner_ferramentas-300x29.jpg 300w, https:\/\/jornalfatosenoticias.com.br\/wp-content\/uploads\/2020\/02\/banner_ferramentas-768x75.jpg 768w, https:\/\/jornalfatosenoticias.com.br\/wp-content\/uploads\/2020\/02\/banner_ferramentas.jpg 1227w\" sizes=\"auto, (max-width: 509px) 100vw, 509px\" \/><\/figure><\/div>\n\n\n\n<p>O Brasil sediar\u00e1, de hoje (21) at\u00e9 sexta-feira (24), uma s\u00e9rie de reuni\u00f5es entre pa\u00edses latino-americanos e a Organiza\u00e7\u00e3o para a Coopera\u00e7\u00e3o e Desenvolvimento Econ\u00f4mico (OCDE), grupo das economias mais industrializadas do planeta. A Semana Brasil-OCDE, realizada no Itamaraty, em Bras\u00edlia, englobar\u00e1 v\u00e1rios eventos sobre pol\u00edticas econ\u00f4micas, educa\u00e7\u00e3o e produtividade no Brasil e na Am\u00e9rica Latina.<br>O encontro ser\u00e1 aberto \u00e0 tarde pelo presidente Jair Bolsonaro e pelo secret\u00e1rio-geral da OCDE, Mathias Cormann. Pela manh\u00e3, haver\u00e1 uma reuni\u00e3o fechada para discutir o <strong><a href=\"http:\/\/agenciabrasil.ebc.com.br\/economia\/noticia\/2022-06\/ocde-aprova-plano-de-adesao-do-brasil-e-de-outros-paises-ao-grupo\" target=\"_blank\" rel=\"noreferrer noopener\">plano de ades\u00e3o<\/a><\/strong> do Brasil \u00e0 OCDE, aprovada no \u00faltimo dia 10 em Paris.<\/p>\n\n\n\n<div class=\"wp-block-image\"><figure class=\"alignright size-large is-resized\"><img loading=\"lazy\" decoding=\"async\" src=\"https:\/\/jornalfatosenoticias.com.br\/wp-content\/uploads\/2020\/02\/nova-logo-Marquetti.jpg\" alt=\"\" class=\"wp-image-22331\" width=\"269\" height=\"180\" srcset=\"https:\/\/jornalfatosenoticias.com.br\/wp-content\/uploads\/2020\/02\/nova-logo-Marquetti.jpg 643w, https:\/\/jornalfatosenoticias.com.br\/wp-content\/uploads\/2020\/02\/nova-logo-Marquetti-300x202.jpg 300w\" sizes=\"auto, (max-width: 269px) 100vw, 269px\" \/><\/figure><\/div>\n\n\n\n<p>O primeiro evento da maratona de reuni\u00f5es ser\u00e1 o F\u00f3rum Brasil-OCDE, que pretende discutir, hoje e quarta-feira (22), pol\u00edticas sobre a agenda de reformas do Brasil. O governo brasileiro apresentar\u00e1 os principais resultados de projetos em curso para que o Pa\u00eds cumpra os crit\u00e9rios de ades\u00e3o \u00e0 OCDE nos seguintes t\u00f3picos: quest\u00f5es e tend\u00eancias econ\u00f4micas, governan\u00e7a corporativa, revis\u00f5es de marcos regulat\u00f3rios, educa\u00e7\u00e3o, sa\u00fade, governan\u00e7a p\u00fablica, com\u00e9rcio e agricultura.<br>Segundo o Itamaraty, durante o f\u00f3rum haver\u00e1 o lan\u00e7amento de um projeto financiado pela Uni\u00e3o Europeia para apoiar a recupera\u00e7\u00e3o da Brasil da crise econ\u00f4mica, com foco na agenda de crescimento verde.<\/p>\n\n\n\n<div class=\"wp-block-image\"><figure class=\"aligncenter size-large is-resized\"><img loading=\"lazy\" decoding=\"async\" src=\"https:\/\/jornalfatosenoticias.com.br\/wp-content\/uploads\/2022\/05\/NOVA-LOGO-CESCONETTO-1024x100.jpg\" alt=\"\" class=\"wp-image-30792\" width=\"529\" height=\"51\" srcset=\"https:\/\/jornalfatosenoticias.com.br\/wp-content\/uploads\/2022\/05\/NOVA-LOGO-CESCONETTO-1024x100.jpg 1024w, https:\/\/jornalfatosenoticias.com.br\/wp-content\/uploads\/2022\/05\/NOVA-LOGO-CESCONETTO-300x29.jpg 300w, https:\/\/jornalfatosenoticias.com.br\/wp-content\/uploads\/2022\/05\/NOVA-LOGO-CESCONETTO-768x75.jpg 768w, https:\/\/jornalfatosenoticias.com.br\/wp-content\/uploads\/2022\/05\/NOVA-LOGO-CESCONETTO.jpg 1280w\" sizes=\"auto, (max-width: 529px) 100vw, 529px\" \/><\/figure><\/div>\n\n\n\n<p><strong><span class=\"has-inline-color has-black-color\">Educa\u00e7\u00e3o e produtividade<br><\/span><\/strong>Tamb\u00e9m hoje e amanh\u00e3, o Programa Regional da OCDE para a Am\u00e9rica Latina e o Caribe promover\u00e1 uma confer\u00eancia com ministros da Educa\u00e7\u00e3o do continente latino-americano. Os ministros discutir\u00e3o uma poss\u00edvel reformula\u00e7\u00e3o do conte\u00fado de aprendizagem e novas abordagens pedag\u00f3gicas, a reconfigura\u00e7\u00e3o de espa\u00e7os de ensino e aprendizagem para estimular a colabora\u00e7\u00e3o e a inova\u00e7\u00e3o. Tamb\u00e9m ser\u00e1 debatido o uso da tecnologia para promover melhorias e o investimento eficiente de recursos educacionais.<br>Na quinta (23) e na sexta-feira, haver\u00e1 a 4\u00aa C\u00fapula Ministerial sobre Produtividade. O evento ser\u00e1 organizado conjuntamente pelo governo brasileiro e pela OCDE, com apoio do F\u00f3rum Global de Produtividade da OCDE. A Semana Brasil-OCDE se encerrar\u00e1, na sexta \u00e0 tarde, com uma reuni\u00e3o do Grupo Diretor do Programa Regional. O grupo diretor re\u00fane-se duas vezes por ano, uma em Paris, onde fica a sede da OCDE, e uma na Am\u00e9rica Latina ou no Caribe.<\/p>\n\n\n\n<div class=\"wp-block-image\"><figure class=\"alignleft size-large\"><img decoding=\"async\" src=\"https:\/\/jornalfatosenoticias.com.br\/wp-content\/uploads\/2020\/02\/logo_esteio.jpg\" alt=\"\" class=\"wp-image-1214\"\/><\/figure><\/div>\n\n\n\n<p><strong><span class=\"has-inline-color has-black-color\">Troca de comando<br><\/span><\/strong>A reuni\u00e3o do grupo diretor ter\u00e1 representantes de todos os pa\u00edses da OCDE e da Am\u00e9rica Latina que participam do Programa Regional. Na ocasi\u00e3o, o Brasil e o M\u00e9xico transferir\u00e3o a copresid\u00eancia do grupo diretor para a Col\u00f4mbia e um outro pa\u00eds latino-americano a ser confirmado.<br>O encontro tamb\u00e9m tem a presen\u00e7a de outros \u00f3rg\u00e3os internacionais, como a Organiza\u00e7\u00e3o dos Estados Americanos (OEA), o Banco Mundial, o Banco Interamericano de Desenvolvimento (BID), a Confedera\u00e7\u00e3o Andina de Fomento (CAF) e a Comiss\u00e3o Econ\u00f4mica para a Am\u00e9rica Latina e o Caribe (Cepal), entre outros organismos regionais.<\/p>\n\n\n\n<div class=\"wp-block-image\"><figure class=\"aligncenter size-large is-resized\"><img loading=\"lazy\" decoding=\"async\" src=\"https:\/\/jornalfatosenoticias.com.br\/wp-content\/uploads\/2022\/02\/Arte-Autoescola-Galatas_endereco_portal-1024x103.png\" alt=\"\" class=\"wp-image-27869\" width=\"500\" height=\"50\" srcset=\"https:\/\/jornalfatosenoticias.com.br\/wp-content\/uploads\/2022\/02\/Arte-Autoescola-Galatas_endereco_portal-1024x103.png 1024w, https:\/\/jornalfatosenoticias.com.br\/wp-content\/uploads\/2022\/02\/Arte-Autoescola-Galatas_endereco_portal-300x30.png 300w, https:\/\/jornalfatosenoticias.com.br\/wp-content\/uploads\/2022\/02\/Arte-Autoescola-Galatas_endereco_portal-768x77.png 768w, https:\/\/jornalfatosenoticias.com.br\/wp-content\/uploads\/2022\/02\/Arte-Autoescola-Galatas_endereco_portal.png 1223w\" sizes=\"auto, (max-width: 500px) 100vw, 500px\" \/><\/figure><\/div>\n\n\n\n<p><strong><em>Fonte: <a href=\"https:\/\/agenciabrasil.ebc.com.br\/economia\/noticia\/2022-06\/brasil-sedia-reunioes-entre-paises-latino-americanos-e-ocde\">Ag\u00eancia Brasil<\/a><\/em><\/strong><\/p>\n","protected":false},"excerpt":{"rendered":"<p>Encontros come\u00e7am hoje e v\u00e3o at\u00e9 sexta-feira, no Itamaraty O Brasil sediar\u00e1, de hoje (21) at\u00e9 sexta-feira (24), uma s\u00e9rie de reuni\u00f5es entre pa\u00edses latino-americanos e a Organiza\u00e7\u00e3o para a Coopera\u00e7\u00e3o e Desenvolvimento Econ\u00f4mico (OCDE), grupo das economias mais industrializadas do planeta. A Semana Brasil-OCDE, realizada no Itamaraty, em Bras\u00edlia, englobar\u00e1 v\u00e1rios eventos sobre pol\u00edticas [&hellip;]<\/p>\n","protected":false},"author":2,"featured_media":31559,"comment_status":"open","ping_status":"open","sticky":false,"template":"","format":"standard","meta":{"footnotes":""},"categories":[9],"tags":[260,597,1865,14946,413],"class_list":["post-31558","post","type-post","status-publish","format-standard","has-post-thumbnail","hentry","category-economia","tag-america-latina","tag-brasil","tag-brasilia","tag-itamaraty","tag-ocde"],"yoast_head":"<!-- This site is optimized with the Yoast SEO plugin v26.5 - https:\/\/yoast.com\/wordpress\/plugins\/seo\/ -->\n<title>Brasil sedia reuni\u00f5es entre pa\u00edses latino-americanos e a OCDE - Jornal Fatos e Not\u00edcias<\/title>\n<meta name=\"robots\" content=\"index, follow, max-snippet:-1, max-image-preview:large, max-video-preview:-1\" \/>\n<link rel=\"canonical\" href=\"https:\/\/jornalfatosenoticias.com.br\/index.php\/2022\/06\/21\/brasil-sedia-reunioes-entre-paises-latino-americanos-e-a-ocde\/\" \/>\n<meta property=\"og:locale\" content=\"pt_BR\" \/>\n<meta property=\"og:type\" content=\"article\" \/>\n<meta property=\"og:title\" content=\"Brasil sedia reuni\u00f5es entre pa\u00edses latino-americanos e a OCDE - Jornal Fatos e Not\u00edcias\" \/>\n<meta property=\"og:description\" content=\"Encontros come\u00e7am hoje e v\u00e3o at\u00e9 sexta-feira, no Itamaraty O Brasil sediar\u00e1, de hoje (21) at\u00e9 sexta-feira (24), uma s\u00e9rie de reuni\u00f5es entre pa\u00edses latino-americanos e a Organiza\u00e7\u00e3o para a Coopera\u00e7\u00e3o e Desenvolvimento Econ\u00f4mico (OCDE), grupo das economias mais industrializadas do planeta. A Semana Brasil-OCDE, realizada no Itamaraty, em Bras\u00edlia, englobar\u00e1 v\u00e1rios eventos sobre pol\u00edticas [&hellip;]\" \/>\n<meta property=\"og:url\" content=\"https:\/\/jornalfatosenoticias.com.br\/index.php\/2022\/06\/21\/brasil-sedia-reunioes-entre-paises-latino-americanos-e-a-ocde\/\" \/>\n<meta property=\"og:site_name\" content=\"Jornal Fatos e Not\u00edcias\" \/>\n<meta property=\"article:published_time\" content=\"2022-06-21T15:38:52+00:00\" \/>\n<meta property=\"article:modified_time\" content=\"2022-06-21T15:38:55+00:00\" \/>\n<meta property=\"og:image\" content=\"https:\/\/jornalfatosenoticias.com.br\/wp-content\/uploads\/2022\/06\/brasilia__itamaraty.jpg\" \/>\n\t<meta property=\"og:image:width\" content=\"1000\" \/>\n\t<meta property=\"og:image:height\" content=\"598\" \/>\n\t<meta property=\"og:image:type\" content=\"image\/jpeg\" \/>\n<meta name=\"author\" content=\"Luzimara Fernandes\" \/>\n<meta name=\"twitter:card\" content=\"summary_large_image\" \/>\n<meta name=\"twitter:label1\" content=\"Escrito por\" \/>\n\t<meta name=\"twitter:data1\" content=\"Luzimara Fernandes\" \/>\n\t<meta name=\"twitter:label2\" content=\"Est. tempo de leitura\" \/>\n\t<meta name=\"twitter:data2\" content=\"3 minutos\" \/>\n<script type=\"application\/ld+json\" class=\"yoast-schema-graph\">{\"@context\":\"https:\/\/schema.org\",\"@graph\":[{\"@type\":\"Article\",\"@id\":\"https:\/\/jornalfatosenoticias.com.br\/index.php\/2022\/06\/21\/brasil-sedia-reunioes-entre-paises-latino-americanos-e-a-ocde\/#article\",\"isPartOf\":{\"@id\":\"https:\/\/jornalfatosenoticias.com.br\/index.php\/2022\/06\/21\/brasil-sedia-reunioes-entre-paises-latino-americanos-e-a-ocde\/\"},\"author\":{\"name\":\"Luzimara Fernandes\",\"@id\":\"https:\/\/jornalfatosenoticias.com.br\/#\/schema\/person\/d63837fa13ac8666eb9e74e0985d6f81\"},\"headline\":\"Brasil sedia reuni\u00f5es entre pa\u00edses latino-americanos e a OCDE\",\"datePublished\":\"2022-06-21T15:38:52+00:00\",\"dateModified\":\"2022-06-21T15:38:55+00:00\",\"mainEntityOfPage\":{\"@id\":\"https:\/\/jornalfatosenoticias.com.br\/index.php\/2022\/06\/21\/brasil-sedia-reunioes-entre-paises-latino-americanos-e-a-ocde\/\"},\"wordCount\":535,\"commentCount\":0,\"publisher\":{\"@id\":\"https:\/\/jornalfatosenoticias.com.br\/#organization\"},\"image\":{\"@id\":\"https:\/\/jornalfatosenoticias.com.br\/index.php\/2022\/06\/21\/brasil-sedia-reunioes-entre-paises-latino-americanos-e-a-ocde\/#primaryimage\"},\"thumbnailUrl\":\"https:\/\/jornalfatosenoticias.com.br\/wp-content\/uploads\/2022\/06\/brasilia__itamaraty.jpg\",\"keywords\":[\"Am\u00e9rica latina\",\"Brasil\",\"Bras\u00edlia\",\"Itamaraty\",\"OCDE\"],\"articleSection\":[\"Economia\"],\"inLanguage\":\"pt-BR\",\"potentialAction\":[{\"@type\":\"CommentAction\",\"name\":\"Comment\",\"target\":[\"https:\/\/jornalfatosenoticias.com.br\/index.php\/2022\/06\/21\/brasil-sedia-reunioes-entre-paises-latino-americanos-e-a-ocde\/#respond\"]}]},{\"@type\":\"WebPage\",\"@id\":\"https:\/\/jornalfatosenoticias.com.br\/index.php\/2022\/06\/21\/brasil-sedia-reunioes-entre-paises-latino-americanos-e-a-ocde\/\",\"url\":\"https:\/\/jornalfatosenoticias.com.br\/index.php\/2022\/06\/21\/brasil-sedia-reunioes-entre-paises-latino-americanos-e-a-ocde\/\",\"name\":\"Brasil sedia reuni\u00f5es entre pa\u00edses latino-americanos e a OCDE - Jornal Fatos e Not\u00edcias\",\"isPartOf\":{\"@id\":\"https:\/\/jornalfatosenoticias.com.br\/#website\"},\"primaryImageOfPage\":{\"@id\":\"https:\/\/jornalfatosenoticias.com.br\/index.php\/2022\/06\/21\/brasil-sedia-reunioes-entre-paises-latino-americanos-e-a-ocde\/#primaryimage\"},\"image\":{\"@id\":\"https:\/\/jornalfatosenoticias.com.br\/index.php\/2022\/06\/21\/brasil-sedia-reunioes-entre-paises-latino-americanos-e-a-ocde\/#primaryimage\"},\"thumbnailUrl\":\"https:\/\/jornalfatosenoticias.com.br\/wp-content\/uploads\/2022\/06\/brasilia__itamaraty.jpg\",\"datePublished\":\"2022-06-21T15:38:52+00:00\",\"dateModified\":\"2022-06-21T15:38:55+00:00\",\"breadcrumb\":{\"@id\":\"https:\/\/jornalfatosenoticias.com.br\/index.php\/2022\/06\/21\/brasil-sedia-reunioes-entre-paises-latino-americanos-e-a-ocde\/#breadcrumb\"},\"inLanguage\":\"pt-BR\",\"potentialAction\":[{\"@type\":\"ReadAction\",\"target\":[\"https:\/\/jornalfatosenoticias.com.br\/index.php\/2022\/06\/21\/brasil-sedia-reunioes-entre-paises-latino-americanos-e-a-ocde\/\"]}]},{\"@type\":\"ImageObject\",\"inLanguage\":\"pt-BR\",\"@id\":\"https:\/\/jornalfatosenoticias.com.br\/index.php\/2022\/06\/21\/brasil-sedia-reunioes-entre-paises-latino-americanos-e-a-ocde\/#primaryimage\",\"url\":\"https:\/\/jornalfatosenoticias.com.br\/wp-content\/uploads\/2022\/06\/brasilia__itamaraty.jpg\",\"contentUrl\":\"https:\/\/jornalfatosenoticias.com.br\/wp-content\/uploads\/2022\/06\/brasilia__itamaraty.jpg\",\"width\":1000,\"height\":598,\"caption\":\"Bras\u00edlia 60 Anos - Pal\u00e1cio Itamaraty\"},{\"@type\":\"BreadcrumbList\",\"@id\":\"https:\/\/jornalfatosenoticias.com.br\/index.php\/2022\/06\/21\/brasil-sedia-reunioes-entre-paises-latino-americanos-e-a-ocde\/#breadcrumb\",\"itemListElement\":[{\"@type\":\"ListItem\",\"position\":1,\"name\":\"In\u00edcio\",\"item\":\"https:\/\/jornalfatosenoticias.com.br\/\"},{\"@type\":\"ListItem\",\"position\":2,\"name\":\"Brasil sedia reuni\u00f5es entre pa\u00edses latino-americanos e a OCDE\"}]},{\"@type\":\"WebSite\",\"@id\":\"https:\/\/jornalfatosenoticias.com.br\/#website\",\"url\":\"https:\/\/jornalfatosenoticias.com.br\/\",\"name\":\"Jornal Fatos e Not\u00edcias\",\"description\":\"Not\u00edcias em geral\",\"publisher\":{\"@id\":\"https:\/\/jornalfatosenoticias.com.br\/#organization\"},\"potentialAction\":[{\"@type\":\"SearchAction\",\"target\":{\"@type\":\"EntryPoint\",\"urlTemplate\":\"https:\/\/jornalfatosenoticias.com.br\/?s={search_term_string}\"},\"query-input\":{\"@type\":\"PropertyValueSpecification\",\"valueRequired\":true,\"valueName\":\"search_term_string\"}}],\"inLanguage\":\"pt-BR\"},{\"@type\":\"Organization\",\"@id\":\"https:\/\/jornalfatosenoticias.com.br\/#organization\",\"name\":\"Jornal Fatos e Not\u00edcias\",\"url\":\"https:\/\/jornalfatosenoticias.com.br\/\",\"logo\":{\"@type\":\"ImageObject\",\"inLanguage\":\"pt-BR\",\"@id\":\"https:\/\/jornalfatosenoticias.com.br\/#\/schema\/logo\/image\/\",\"url\":\"https:\/\/jornalfatosenoticias.com.br\/wp-content\/uploads\/2020\/02\/logo120.png\",\"contentUrl\":\"https:\/\/jornalfatosenoticias.com.br\/wp-content\/uploads\/2020\/02\/logo120.png\",\"width\":1227,\"height\":120,\"caption\":\"Jornal Fatos e Not\u00edcias\"},\"image\":{\"@id\":\"https:\/\/jornalfatosenoticias.com.br\/#\/schema\/logo\/image\/\"}},{\"@type\":\"Person\",\"@id\":\"https:\/\/jornalfatosenoticias.com.br\/#\/schema\/person\/d63837fa13ac8666eb9e74e0985d6f81\",\"name\":\"Luzimara Fernandes\",\"image\":{\"@type\":\"ImageObject\",\"inLanguage\":\"pt-BR\",\"@id\":\"https:\/\/jornalfatosenoticias.com.br\/#\/schema\/person\/image\/\",\"url\":\"https:\/\/jornalfatosenoticias.com.br\/wp-content\/uploads\/2025\/05\/EU_portal.jpg\",\"contentUrl\":\"https:\/\/jornalfatosenoticias.com.br\/wp-content\/uploads\/2025\/05\/EU_portal.jpg\",\"caption\":\"Luzimara Fernandes\"},\"description\":\"Jornalista MTB 2358-ES\",\"sameAs\":[\"https:\/\/jornalfatosenoticias.com.br\"],\"url\":\"https:\/\/jornalfatosenoticias.com.br\/index.php\/author\/luzimara\/\"}]}<\/script>\n<!-- \/ Yoast SEO plugin. -->","yoast_head_json":{"title":"Brasil sedia reuni\u00f5es entre pa\u00edses latino-americanos e a OCDE - Jornal Fatos e Not\u00edcias","robots":{"index":"index","follow":"follow","max-snippet":"max-snippet:-1","max-image-preview":"max-image-preview:large","max-video-preview":"max-video-preview:-1"},"canonical":"https:\/\/jornalfatosenoticias.com.br\/index.php\/2022\/06\/21\/brasil-sedia-reunioes-entre-paises-latino-americanos-e-a-ocde\/","og_locale":"pt_BR","og_type":"article","og_title":"Brasil sedia reuni\u00f5es entre pa\u00edses latino-americanos e a OCDE - Jornal Fatos e Not\u00edcias","og_description":"Encontros come\u00e7am hoje e v\u00e3o at\u00e9 sexta-feira, no Itamaraty O Brasil sediar\u00e1, de hoje (21) at\u00e9 sexta-feira (24), uma s\u00e9rie de reuni\u00f5es entre pa\u00edses latino-americanos e a Organiza\u00e7\u00e3o para a Coopera\u00e7\u00e3o e Desenvolvimento Econ\u00f4mico (OCDE), grupo das economias mais industrializadas do planeta. A Semana Brasil-OCDE, realizada no Itamaraty, em Bras\u00edlia, englobar\u00e1 v\u00e1rios eventos sobre pol\u00edticas [&hellip;]","og_url":"https:\/\/jornalfatosenoticias.com.br\/index.php\/2022\/06\/21\/brasil-sedia-reunioes-entre-paises-latino-americanos-e-a-ocde\/","og_site_name":"Jornal Fatos e Not\u00edcias","article_published_time":"2022-06-21T15:38:52+00:00","article_modified_time":"2022-06-21T15:38:55+00:00","og_image":[{"width":1000,"height":598,"url":"https:\/\/jornalfatosenoticias.com.br\/wp-content\/uploads\/2022\/06\/brasilia__itamaraty.jpg","type":"image\/jpeg"}],"author":"Luzimara Fernandes","twitter_card":"summary_large_image","twitter_misc":{"Escrito por":"Luzimara Fernandes","Est. tempo de leitura":"3 minutos"},"schema":{"@context":"https:\/\/schema.org","@graph":[{"@type":"Article","@id":"https:\/\/jornalfatosenoticias.com.br\/index.php\/2022\/06\/21\/brasil-sedia-reunioes-entre-paises-latino-americanos-e-a-ocde\/#article","isPartOf":{"@id":"https:\/\/jornalfatosenoticias.com.br\/index.php\/2022\/06\/21\/brasil-sedia-reunioes-entre-paises-latino-americanos-e-a-ocde\/"},"author":{"name":"Luzimara Fernandes","@id":"https:\/\/jornalfatosenoticias.com.br\/#\/schema\/person\/d63837fa13ac8666eb9e74e0985d6f81"},"headline":"Brasil sedia reuni\u00f5es entre pa\u00edses latino-americanos e a OCDE","datePublished":"2022-06-21T15:38:52+00:00","dateModified":"2022-06-21T15:38:55+00:00","mainEntityOfPage":{"@id":"https:\/\/jornalfatosenoticias.com.br\/index.php\/2022\/06\/21\/brasil-sedia-reunioes-entre-paises-latino-americanos-e-a-ocde\/"},"wordCount":535,"commentCount":0,"publisher":{"@id":"https:\/\/jornalfatosenoticias.com.br\/#organization"},"image":{"@id":"https:\/\/jornalfatosenoticias.com.br\/index.php\/2022\/06\/21\/brasil-sedia-reunioes-entre-paises-latino-americanos-e-a-ocde\/#primaryimage"},"thumbnailUrl":"https:\/\/jornalfatosenoticias.com.br\/wp-content\/uploads\/2022\/06\/brasilia__itamaraty.jpg","keywords":["Am\u00e9rica latina","Brasil","Bras\u00edlia","Itamaraty","OCDE"],"articleSection":["Economia"],"inLanguage":"pt-BR","potentialAction":[{"@type":"CommentAction","name":"Comment","target":["https:\/\/jornalfatosenoticias.com.br\/index.php\/2022\/06\/21\/brasil-sedia-reunioes-entre-paises-latino-americanos-e-a-ocde\/#respond"]}]},{"@type":"WebPage","@id":"https:\/\/jornalfatosenoticias.com.br\/index.php\/2022\/06\/21\/brasil-sedia-reunioes-entre-paises-latino-americanos-e-a-ocde\/","url":"https:\/\/jornalfatosenoticias.com.br\/index.php\/2022\/06\/21\/brasil-sedia-reunioes-entre-paises-latino-americanos-e-a-ocde\/","name":"Brasil sedia reuni\u00f5es entre pa\u00edses latino-americanos e a OCDE - Jornal Fatos e Not\u00edcias","isPartOf":{"@id":"https:\/\/jornalfatosenoticias.com.br\/#website"},"primaryImageOfPage":{"@id":"https:\/\/jornalfatosenoticias.com.br\/index.php\/2022\/06\/21\/brasil-sedia-reunioes-entre-paises-latino-americanos-e-a-ocde\/#primaryimage"},"image":{"@id":"https:\/\/jornalfatosenoticias.com.br\/index.php\/2022\/06\/21\/brasil-sedia-reunioes-entre-paises-latino-americanos-e-a-ocde\/#primaryimage"},"thumbnailUrl":"https:\/\/jornalfatosenoticias.com.br\/wp-content\/uploads\/2022\/06\/brasilia__itamaraty.jpg","datePublished":"2022-06-21T15:38:52+00:00","dateModified":"2022-06-21T15:38:55+00:00","breadcrumb":{"@id":"https:\/\/jornalfatosenoticias.com.br\/index.php\/2022\/06\/21\/brasil-sedia-reunioes-entre-paises-latino-americanos-e-a-ocde\/#breadcrumb"},"inLanguage":"pt-BR","potentialAction":[{"@type":"ReadAction","target":["https:\/\/jornalfatosenoticias.com.br\/index.php\/2022\/06\/21\/brasil-sedia-reunioes-entre-paises-latino-americanos-e-a-ocde\/"]}]},{"@type":"ImageObject","inLanguage":"pt-BR","@id":"https:\/\/jornalfatosenoticias.com.br\/index.php\/2022\/06\/21\/brasil-sedia-reunioes-entre-paises-latino-americanos-e-a-ocde\/#primaryimage","url":"https:\/\/jornalfatosenoticias.com.br\/wp-content\/uploads\/2022\/06\/brasilia__itamaraty.jpg","contentUrl":"https:\/\/jornalfatosenoticias.com.br\/wp-content\/uploads\/2022\/06\/brasilia__itamaraty.jpg","width":1000,"height":598,"caption":"Bras\u00edlia 60 Anos - Pal\u00e1cio Itamaraty"},{"@type":"BreadcrumbList","@id":"https:\/\/jornalfatosenoticias.com.br\/index.php\/2022\/06\/21\/brasil-sedia-reunioes-entre-paises-latino-americanos-e-a-ocde\/#breadcrumb","itemListElement":[{"@type":"ListItem","position":1,"name":"In\u00edcio","item":"https:\/\/jornalfatosenoticias.com.br\/"},{"@type":"ListItem","position":2,"name":"Brasil sedia reuni\u00f5es entre pa\u00edses latino-americanos e a OCDE"}]},{"@type":"WebSite","@id":"https:\/\/jornalfatosenoticias.com.br\/#website","url":"https:\/\/jornalfatosenoticias.com.br\/","name":"Jornal Fatos e Not\u00edcias","description":"Not\u00edcias em geral","publisher":{"@id":"https:\/\/jornalfatosenoticias.com.br\/#organization"},"potentialAction":[{"@type":"SearchAction","target":{"@type":"EntryPoint","urlTemplate":"https:\/\/jornalfatosenoticias.com.br\/?s={search_term_string}"},"query-input":{"@type":"PropertyValueSpecification","valueRequired":true,"valueName":"search_term_string"}}],"inLanguage":"pt-BR"},{"@type":"Organization","@id":"https:\/\/jornalfatosenoticias.com.br\/#organization","name":"Jornal Fatos e Not\u00edcias","url":"https:\/\/jornalfatosenoticias.com.br\/","logo":{"@type":"ImageObject","inLanguage":"pt-BR","@id":"https:\/\/jornalfatosenoticias.com.br\/#\/schema\/logo\/image\/","url":"https:\/\/jornalfatosenoticias.com.br\/wp-content\/uploads\/2020\/02\/logo120.png","contentUrl":"https:\/\/jornalfatosenoticias.com.br\/wp-content\/uploads\/2020\/02\/logo120.png","width":1227,"height":120,"caption":"Jornal Fatos e Not\u00edcias"},"image":{"@id":"https:\/\/jornalfatosenoticias.com.br\/#\/schema\/logo\/image\/"}},{"@type":"Person","@id":"https:\/\/jornalfatosenoticias.com.br\/#\/schema\/person\/d63837fa13ac8666eb9e74e0985d6f81","name":"Luzimara Fernandes","image":{"@type":"ImageObject","inLanguage":"pt-BR","@id":"https:\/\/jornalfatosenoticias.com.br\/#\/schema\/person\/image\/","url":"https:\/\/jornalfatosenoticias.com.br\/wp-content\/uploads\/2025\/05\/EU_portal.jpg","contentUrl":"https:\/\/jornalfatosenoticias.com.br\/wp-content\/uploads\/2025\/05\/EU_portal.jpg","caption":"Luzimara Fernandes"},"description":"Jornalista MTB 2358-ES","sameAs":["https:\/\/jornalfatosenoticias.com.br"],"url":"https:\/\/jornalfatosenoticias.com.br\/index.php\/author\/luzimara\/"}]}},"cc_featured_image_caption":{"caption_text":"(Foto: Marcello Casal Jr\/Ag\u00eancia Brasil) ","source_text":"","source_url":""},"jetpack_featured_media_url":"https:\/\/jornalfatosenoticias.com.br\/wp-content\/uploads\/2022\/06\/brasilia__itamaraty.jpg","_links":{"self":[{"href":"https:\/\/jornalfatosenoticias.com.br\/index.php\/wp-json\/wp\/v2\/posts\/31558","targetHints":{"allow":["GET"]}}],"collection":[{"href":"https:\/\/jornalfatosenoticias.com.br\/index.php\/wp-json\/wp\/v2\/posts"}],"about":[{"href":"https:\/\/jornalfatosenoticias.com.br\/index.php\/wp-json\/wp\/v2\/types\/post"}],"author":[{"embeddable":true,"href":"https:\/\/jornalfatosenoticias.com.br\/index.php\/wp-json\/wp\/v2\/users\/2"}],"replies":[{"embeddable":true,"href":"https:\/\/jornalfatosenoticias.com.br\/index.php\/wp-json\/wp\/v2\/comments?post=31558"}],"version-history":[{"count":0,"href":"https:\/\/jornalfatosenoticias.com.br\/index.php\/wp-json\/wp\/v2\/posts\/31558\/revisions"}],"wp:featuredmedia":[{"embeddable":true,"href":"https:\/\/jornalfatosenoticias.com.br\/index.php\/wp-json\/wp\/v2\/media\/31559"}],"wp:attachment":[{"href":"https:\/\/jornalfatosenoticias.com.br\/index.php\/wp-json\/wp\/v2\/media?parent=31558"}],"wp:term":[{"taxonomy":"category","embeddable":true,"href":"https:\/\/jornalfatosenoticias.com.br\/index.php\/wp-json\/wp\/v2\/categories?post=31558"},{"taxonomy":"post_tag","embeddable":true,"href":"https:\/\/jornalfatosenoticias.com.br\/index.php\/wp-json\/wp\/v2\/tags?post=31558"}],"curies":[{"name":"wp","href":"https:\/\/api.w.org\/{rel}","templated":true}]}}