{"id":31565,"date":"2022-06-21T13:09:48","date_gmt":"2022-06-21T16:09:48","guid":{"rendered":"https:\/\/jornalfatosenoticias.com.br\/?p=31565"},"modified":"2022-06-21T13:09:52","modified_gmt":"2022-06-21T16:09:52","slug":"retorno-da-festa-de-sao-pedro-ja-tem-data-marcada-01-02-e-03-de-julho","status":"publish","type":"post","link":"https:\/\/jornalfatosenoticias.com.br\/index.php\/2022\/06\/21\/retorno-da-festa-de-sao-pedro-ja-tem-data-marcada-01-02-e-03-de-julho\/","title":{"rendered":"Retorno da Festa de S\u00e3o Pedro j\u00e1 tem data marcada: 01, 02 e 03 de julho"},"content":{"rendered":"\n<div class=\"wp-block-image\"><figure class=\"aligncenter size-large is-resized\"><img loading=\"lazy\" decoding=\"async\" src=\"https:\/\/jornalfatosenoticias.com.br\/wp-content\/uploads\/2022\/05\/NOVA-LOGO-CESCONETTO-1024x100.jpg\" alt=\"\" class=\"wp-image-30792\" width=\"499\" height=\"48\" srcset=\"https:\/\/jornalfatosenoticias.com.br\/wp-content\/uploads\/2022\/05\/NOVA-LOGO-CESCONETTO-1024x100.jpg 1024w, https:\/\/jornalfatosenoticias.com.br\/wp-content\/uploads\/2022\/05\/NOVA-LOGO-CESCONETTO-300x29.jpg 300w, https:\/\/jornalfatosenoticias.com.br\/wp-content\/uploads\/2022\/05\/NOVA-LOGO-CESCONETTO-768x75.jpg 768w, https:\/\/jornalfatosenoticias.com.br\/wp-content\/uploads\/2022\/05\/NOVA-LOGO-CESCONETTO.jpg 1280w\" sizes=\"auto, (max-width: 499px) 100vw, 499px\" \/><\/figure><\/div>\n\n\n\n<p>O santo padroeiro dos pescadores receber\u00e1 nos pr\u00f3ximos dias 1\u00ba, 2 e 3 de julho a 94\u00aa festa em sua homenagem: a tradicional Festa de S\u00e3o Pedro. O evento, que j\u00e1 integra o calend\u00e1rio cultural municipal e est\u00e1 entre as festas mais tradicionais do estado, ocorre na Pra\u00e7a do Papa, na Enseada do Su\u00e1.<br>Com apoio da Prefeitura Municipal de Vit\u00f3ria, por meio da Secretaria Municipal de Cultura (Semc), a festa, criada pela Col\u00f4nia de Pescadores da Enseada do Su\u00e1, reunir\u00e1 m\u00fasica, culin\u00e1ria e religiosidade durante tr\u00eas dias.<br>Na estrutura do evento est\u00e3o previstas 40 barracas de comidas e bebidas, palco completo com ilumina\u00e7\u00e3o, camarote e banheiros qu\u00edmicos.<\/p>\n\n\n\n<div class=\"wp-block-image\"><figure class=\"aligncenter size-large is-resized\"><img loading=\"lazy\" decoding=\"async\" src=\"https:\/\/jornalfatosenoticias.com.br\/wp-content\/uploads\/2020\/02\/banner_ferramentas-1024x100.jpg\" alt=\"\" class=\"wp-image-1258\" width=\"529\" height=\"51\" srcset=\"https:\/\/jornalfatosenoticias.com.br\/wp-content\/uploads\/2020\/02\/banner_ferramentas-1024x100.jpg 1024w, https:\/\/jornalfatosenoticias.com.br\/wp-content\/uploads\/2020\/02\/banner_ferramentas-300x29.jpg 300w, https:\/\/jornalfatosenoticias.com.br\/wp-content\/uploads\/2020\/02\/banner_ferramentas-768x75.jpg 768w, https:\/\/jornalfatosenoticias.com.br\/wp-content\/uploads\/2020\/02\/banner_ferramentas.jpg 1227w\" sizes=\"auto, (max-width: 529px) 100vw, 529px\" \/><\/figure><\/div>\n\n\n\n<div class=\"wp-block-image\"><figure class=\"alignright size-large is-resized\"><img loading=\"lazy\" decoding=\"async\" src=\"https:\/\/jornalfatosenoticias.com.br\/wp-content\/uploads\/2020\/02\/nova-logo-Marquetti.jpg\" alt=\"\" class=\"wp-image-22331\" width=\"229\" height=\"153\" srcset=\"https:\/\/jornalfatosenoticias.com.br\/wp-content\/uploads\/2020\/02\/nova-logo-Marquetti.jpg 643w, https:\/\/jornalfatosenoticias.com.br\/wp-content\/uploads\/2020\/02\/nova-logo-Marquetti-300x202.jpg 300w\" sizes=\"auto, (max-width: 229px) 100vw, 229px\" \/><\/figure><\/div>\n\n\n\n<p><strong><span class=\"has-inline-color has-vivid-purple-color\">Atra\u00e7\u00f5es<br><\/span><\/strong>A Semc finalizou a programa\u00e7\u00e3o cultural nesta primeira quinzena de junho e grandes shows j\u00e1 est\u00e3o confirmados para garantir o lazer e a anima\u00e7\u00e3o das fam\u00edlias que forem ao local.<br>Entre as atra\u00e7\u00f5es da sexta-feira, 1\u00ba de Julho, est\u00e3o Reder Matos e Alem\u00e3o do Forr\u00f3. No s\u00e1bado (02), Taiana Fran\u00e7a, Rodrigo Balla e Jo\u00e3o Lucas e Marcelo.<br>Al\u00e9m dos shows, quadrilhas juninas de v\u00e1rios bairros de Vit\u00f3ria se apresentar\u00e3o a partir das 17 horas.<\/p>\n\n\n\n<div class=\"wp-block-image\"><figure class=\"aligncenter size-large is-resized\"><img loading=\"lazy\" decoding=\"async\" src=\"https:\/\/jornalfatosenoticias.com.br\/wp-content\/uploads\/2020\/02\/Logo-Mizu-segunda-2-1024x99.png\" alt=\"\" class=\"wp-image-2353\" width=\"539\" height=\"52\" srcset=\"https:\/\/jornalfatosenoticias.com.br\/wp-content\/uploads\/2020\/02\/Logo-Mizu-segunda-2-1024x99.png 1024w, https:\/\/jornalfatosenoticias.com.br\/wp-content\/uploads\/2020\/02\/Logo-Mizu-segunda-2-300x29.png 300w, https:\/\/jornalfatosenoticias.com.br\/wp-content\/uploads\/2020\/02\/Logo-Mizu-segunda-2-768x74.png 768w, https:\/\/jornalfatosenoticias.com.br\/wp-content\/uploads\/2020\/02\/Logo-Mizu-segunda-2.png 1240w\" sizes=\"auto, (max-width: 539px) 100vw, 539px\" \/><\/figure><\/div>\n\n\n\n<h5 class=\"wp-block-heading\"><span style=\"text-decoration: underline;\"><em><span class=\"has-inline-color has-vivid-red-color\">Confira a Programa\u00e7\u00e3o<\/span><\/em><\/span><\/h5>\n\n\n\n<p><strong><span style=\"text-decoration: underline;\">1\u00ba\/07 &#8211; Sexta<br><\/span><\/strong>20h &#8211; Reder Matos<br>22h &#8211; Alem\u00e3o do Forr\u00f3<\/p>\n\n\n\n<p><strong><span style=\"text-decoration: underline;\">2\/07 &#8211; S\u00e1bado<br><\/span><\/strong>17h &#8211; Desfile de Quadrilhas Juninas de diferentes comunidades de Vit\u00f3ria<br>20h &#8211; Taiana Fran\u00e7a<br>22h &#8211; Rodrigo Balla<br>00h &#8211; Jo\u00e3o Lucas e Marcelo<\/p>\n\n\n\n<div class=\"wp-block-image\"><figure class=\"aligncenter size-large is-resized\"><img loading=\"lazy\" decoding=\"async\" src=\"https:\/\/jornalfatosenoticias.com.br\/wp-content\/uploads\/2022\/03\/logo-Suinco-1024x390.jpg\" alt=\"\" class=\"wp-image-28785\" width=\"330\" height=\"125\"\/><\/figure><\/div>\n\n\n\n<p><strong><span class=\"has-inline-color has-vivid-purple-color\">F\u00e9 e devo\u00e7\u00e3o<br><\/span><\/strong>Se os dias 1\u00ba e 2 ser\u00e3o marcados por muita festa e alegria, o terceiro dia da 94\u00aa Festa de S\u00e3o Pedro, 3 de julho, ser\u00e1 dedicado \u00e0 religiosidade.<br>\u00c0s 10 horas a tradicional prociss\u00e3o mar\u00edtima sai da Pra\u00e7a do Papa em dire\u00e7\u00e3o \u00e0 Ilha do Pr\u00edncipe. \u00c9 prevista a participa\u00e7\u00e3o de 100 embarca\u00e7\u00f5es.<\/p>\n\n\n\n<p><strong><em>Fonte: <a href=\"https:\/\/www.vitoria.es.gov.br\/noticia\/retorno-da-festa-de-sao-pedro-ja-tem-data-marcada-1o-02-e-03-de-julho-45433\">PMV<\/a><\/em><\/strong><\/p>\n","protected":false},"excerpt":{"rendered":"<p>O santo padroeiro dos pescadores receber\u00e1 nos pr\u00f3ximos dias 1\u00ba, 2 e 3 de julho a 94\u00aa festa em sua homenagem: a tradicional Festa de S\u00e3o Pedro. O evento, que j\u00e1 integra o calend\u00e1rio cultural municipal e est\u00e1 entre as festas mais tradicionais do estado, ocorre na Pra\u00e7a do Papa, na Enseada do Su\u00e1.Com apoio [&hellip;]<\/p>\n","protected":false},"author":2,"featured_media":31566,"comment_status":"open","ping_status":"open","sticky":false,"template":"","format":"standard","meta":{"footnotes":""},"categories":[4],"tags":[2791,14951,103,6233,14952,882],"class_list":["post-31565","post","type-post","status-publish","format-standard","has-post-thumbnail","hentry","category-cultura","tag-culinaria","tag-festa-de-sao-pedro","tag-musica","tag-praca-do-papa","tag-religiosidade","tag-vitoria"],"yoast_head":"<!-- This site is optimized with the Yoast SEO plugin v26.5 - https:\/\/yoast.com\/wordpress\/plugins\/seo\/ -->\n<title>Retorno da Festa de S\u00e3o Pedro j\u00e1 tem data marcada: 01, 02 e 03 de julho - Jornal Fatos e Not\u00edcias<\/title>\n<meta name=\"robots\" content=\"index, follow, max-snippet:-1, max-image-preview:large, max-video-preview:-1\" \/>\n<link rel=\"canonical\" href=\"https:\/\/jornalfatosenoticias.com.br\/index.php\/2022\/06\/21\/retorno-da-festa-de-sao-pedro-ja-tem-data-marcada-01-02-e-03-de-julho\/\" \/>\n<meta property=\"og:locale\" content=\"pt_BR\" \/>\n<meta property=\"og:type\" content=\"article\" \/>\n<meta property=\"og:title\" content=\"Retorno da Festa de S\u00e3o Pedro j\u00e1 tem data marcada: 01, 02 e 03 de julho - Jornal Fatos e Not\u00edcias\" \/>\n<meta property=\"og:description\" content=\"O santo padroeiro dos pescadores receber\u00e1 nos pr\u00f3ximos dias 1\u00ba, 2 e 3 de julho a 94\u00aa festa em sua homenagem: a tradicional Festa de S\u00e3o Pedro. O evento, que j\u00e1 integra o calend\u00e1rio cultural municipal e est\u00e1 entre as festas mais tradicionais do estado, ocorre na Pra\u00e7a do Papa, na Enseada do Su\u00e1.Com apoio [&hellip;]\" \/>\n<meta property=\"og:url\" content=\"https:\/\/jornalfatosenoticias.com.br\/index.php\/2022\/06\/21\/retorno-da-festa-de-sao-pedro-ja-tem-data-marcada-01-02-e-03-de-julho\/\" \/>\n<meta property=\"og:site_name\" content=\"Jornal Fatos e Not\u00edcias\" \/>\n<meta property=\"article:published_time\" content=\"2022-06-21T16:09:48+00:00\" \/>\n<meta property=\"article:modified_time\" content=\"2022-06-21T16:09:52+00:00\" \/>\n<meta property=\"og:image\" content=\"https:\/\/jornalfatosenoticias.com.br\/wp-content\/uploads\/2022\/06\/FESTA-SAO-PEDRO_VITORIA-ES.jpg\" \/>\n\t<meta property=\"og:image:width\" content=\"1000\" \/>\n\t<meta property=\"og:image:height\" content=\"543\" \/>\n\t<meta property=\"og:image:type\" content=\"image\/jpeg\" \/>\n<meta name=\"author\" content=\"Luzimara Fernandes\" \/>\n<meta name=\"twitter:card\" content=\"summary_large_image\" \/>\n<meta name=\"twitter:label1\" content=\"Escrito por\" \/>\n\t<meta name=\"twitter:data1\" content=\"Luzimara Fernandes\" \/>\n\t<meta name=\"twitter:label2\" content=\"Est. tempo de leitura\" \/>\n\t<meta name=\"twitter:data2\" content=\"2 minutos\" \/>\n<script type=\"application\/ld+json\" class=\"yoast-schema-graph\">{\"@context\":\"https:\/\/schema.org\",\"@graph\":[{\"@type\":\"Article\",\"@id\":\"https:\/\/jornalfatosenoticias.com.br\/index.php\/2022\/06\/21\/retorno-da-festa-de-sao-pedro-ja-tem-data-marcada-01-02-e-03-de-julho\/#article\",\"isPartOf\":{\"@id\":\"https:\/\/jornalfatosenoticias.com.br\/index.php\/2022\/06\/21\/retorno-da-festa-de-sao-pedro-ja-tem-data-marcada-01-02-e-03-de-julho\/\"},\"author\":{\"name\":\"Luzimara Fernandes\",\"@id\":\"https:\/\/jornalfatosenoticias.com.br\/#\/schema\/person\/d63837fa13ac8666eb9e74e0985d6f81\"},\"headline\":\"Retorno da Festa de S\u00e3o Pedro j\u00e1 tem data marcada: 01, 02 e 03 de julho\",\"datePublished\":\"2022-06-21T16:09:48+00:00\",\"dateModified\":\"2022-06-21T16:09:52+00:00\",\"mainEntityOfPage\":{\"@id\":\"https:\/\/jornalfatosenoticias.com.br\/index.php\/2022\/06\/21\/retorno-da-festa-de-sao-pedro-ja-tem-data-marcada-01-02-e-03-de-julho\/\"},\"wordCount\":323,\"commentCount\":0,\"publisher\":{\"@id\":\"https:\/\/jornalfatosenoticias.com.br\/#organization\"},\"image\":{\"@id\":\"https:\/\/jornalfatosenoticias.com.br\/index.php\/2022\/06\/21\/retorno-da-festa-de-sao-pedro-ja-tem-data-marcada-01-02-e-03-de-julho\/#primaryimage\"},\"thumbnailUrl\":\"https:\/\/jornalfatosenoticias.com.br\/wp-content\/uploads\/2022\/06\/FESTA-SAO-PEDRO_VITORIA-ES.jpg\",\"keywords\":[\"culin\u00e1ria\",\"Festa de S\u00e3o Pedro\",\"m\u00fasica\",\"Pra\u00e7a do Papa\",\"religiosidade\",\"Vit\u00f3ria\"],\"articleSection\":[\"Cultura\"],\"inLanguage\":\"pt-BR\",\"potentialAction\":[{\"@type\":\"CommentAction\",\"name\":\"Comment\",\"target\":[\"https:\/\/jornalfatosenoticias.com.br\/index.php\/2022\/06\/21\/retorno-da-festa-de-sao-pedro-ja-tem-data-marcada-01-02-e-03-de-julho\/#respond\"]}]},{\"@type\":\"WebPage\",\"@id\":\"https:\/\/jornalfatosenoticias.com.br\/index.php\/2022\/06\/21\/retorno-da-festa-de-sao-pedro-ja-tem-data-marcada-01-02-e-03-de-julho\/\",\"url\":\"https:\/\/jornalfatosenoticias.com.br\/index.php\/2022\/06\/21\/retorno-da-festa-de-sao-pedro-ja-tem-data-marcada-01-02-e-03-de-julho\/\",\"name\":\"Retorno da Festa de S\u00e3o Pedro j\u00e1 tem data marcada: 01, 02 e 03 de julho - Jornal Fatos e Not\u00edcias\",\"isPartOf\":{\"@id\":\"https:\/\/jornalfatosenoticias.com.br\/#website\"},\"primaryImageOfPage\":{\"@id\":\"https:\/\/jornalfatosenoticias.com.br\/index.php\/2022\/06\/21\/retorno-da-festa-de-sao-pedro-ja-tem-data-marcada-01-02-e-03-de-julho\/#primaryimage\"},\"image\":{\"@id\":\"https:\/\/jornalfatosenoticias.com.br\/index.php\/2022\/06\/21\/retorno-da-festa-de-sao-pedro-ja-tem-data-marcada-01-02-e-03-de-julho\/#primaryimage\"},\"thumbnailUrl\":\"https:\/\/jornalfatosenoticias.com.br\/wp-content\/uploads\/2022\/06\/FESTA-SAO-PEDRO_VITORIA-ES.jpg\",\"datePublished\":\"2022-06-21T16:09:48+00:00\",\"dateModified\":\"2022-06-21T16:09:52+00:00\",\"breadcrumb\":{\"@id\":\"https:\/\/jornalfatosenoticias.com.br\/index.php\/2022\/06\/21\/retorno-da-festa-de-sao-pedro-ja-tem-data-marcada-01-02-e-03-de-julho\/#breadcrumb\"},\"inLanguage\":\"pt-BR\",\"potentialAction\":[{\"@type\":\"ReadAction\",\"target\":[\"https:\/\/jornalfatosenoticias.com.br\/index.php\/2022\/06\/21\/retorno-da-festa-de-sao-pedro-ja-tem-data-marcada-01-02-e-03-de-julho\/\"]}]},{\"@type\":\"ImageObject\",\"inLanguage\":\"pt-BR\",\"@id\":\"https:\/\/jornalfatosenoticias.com.br\/index.php\/2022\/06\/21\/retorno-da-festa-de-sao-pedro-ja-tem-data-marcada-01-02-e-03-de-julho\/#primaryimage\",\"url\":\"https:\/\/jornalfatosenoticias.com.br\/wp-content\/uploads\/2022\/06\/FESTA-SAO-PEDRO_VITORIA-ES.jpg\",\"contentUrl\":\"https:\/\/jornalfatosenoticias.com.br\/wp-content\/uploads\/2022\/06\/FESTA-SAO-PEDRO_VITORIA-ES.jpg\",\"width\":1000,\"height\":543},{\"@type\":\"BreadcrumbList\",\"@id\":\"https:\/\/jornalfatosenoticias.com.br\/index.php\/2022\/06\/21\/retorno-da-festa-de-sao-pedro-ja-tem-data-marcada-01-02-e-03-de-julho\/#breadcrumb\",\"itemListElement\":[{\"@type\":\"ListItem\",\"position\":1,\"name\":\"In\u00edcio\",\"item\":\"https:\/\/jornalfatosenoticias.com.br\/\"},{\"@type\":\"ListItem\",\"position\":2,\"name\":\"Retorno da Festa de S\u00e3o Pedro j\u00e1 tem data marcada: 01, 02 e 03 de julho\"}]},{\"@type\":\"WebSite\",\"@id\":\"https:\/\/jornalfatosenoticias.com.br\/#website\",\"url\":\"https:\/\/jornalfatosenoticias.com.br\/\",\"name\":\"Jornal Fatos e Not\u00edcias\",\"description\":\"Not\u00edcias em geral\",\"publisher\":{\"@id\":\"https:\/\/jornalfatosenoticias.com.br\/#organization\"},\"potentialAction\":[{\"@type\":\"SearchAction\",\"target\":{\"@type\":\"EntryPoint\",\"urlTemplate\":\"https:\/\/jornalfatosenoticias.com.br\/?s={search_term_string}\"},\"query-input\":{\"@type\":\"PropertyValueSpecification\",\"valueRequired\":true,\"valueName\":\"search_term_string\"}}],\"inLanguage\":\"pt-BR\"},{\"@type\":\"Organization\",\"@id\":\"https:\/\/jornalfatosenoticias.com.br\/#organization\",\"name\":\"Jornal Fatos e Not\u00edcias\",\"url\":\"https:\/\/jornalfatosenoticias.com.br\/\",\"logo\":{\"@type\":\"ImageObject\",\"inLanguage\":\"pt-BR\",\"@id\":\"https:\/\/jornalfatosenoticias.com.br\/#\/schema\/logo\/image\/\",\"url\":\"https:\/\/jornalfatosenoticias.com.br\/wp-content\/uploads\/2020\/02\/logo120.png\",\"contentUrl\":\"https:\/\/jornalfatosenoticias.com.br\/wp-content\/uploads\/2020\/02\/logo120.png\",\"width\":1227,\"height\":120,\"caption\":\"Jornal Fatos e Not\u00edcias\"},\"image\":{\"@id\":\"https:\/\/jornalfatosenoticias.com.br\/#\/schema\/logo\/image\/\"}},{\"@type\":\"Person\",\"@id\":\"https:\/\/jornalfatosenoticias.com.br\/#\/schema\/person\/d63837fa13ac8666eb9e74e0985d6f81\",\"name\":\"Luzimara Fernandes\",\"image\":{\"@type\":\"ImageObject\",\"inLanguage\":\"pt-BR\",\"@id\":\"https:\/\/jornalfatosenoticias.com.br\/#\/schema\/person\/image\/\",\"url\":\"https:\/\/jornalfatosenoticias.com.br\/wp-content\/uploads\/2025\/05\/EU_portal.jpg\",\"contentUrl\":\"https:\/\/jornalfatosenoticias.com.br\/wp-content\/uploads\/2025\/05\/EU_portal.jpg\",\"caption\":\"Luzimara Fernandes\"},\"description\":\"Jornalista MTB 2358-ES\",\"sameAs\":[\"https:\/\/jornalfatosenoticias.com.br\"],\"url\":\"https:\/\/jornalfatosenoticias.com.br\/index.php\/author\/luzimara\/\"}]}<\/script>\n<!-- \/ Yoast SEO plugin. -->","yoast_head_json":{"title":"Retorno da Festa de S\u00e3o Pedro j\u00e1 tem data marcada: 01, 02 e 03 de julho - Jornal Fatos e Not\u00edcias","robots":{"index":"index","follow":"follow","max-snippet":"max-snippet:-1","max-image-preview":"max-image-preview:large","max-video-preview":"max-video-preview:-1"},"canonical":"https:\/\/jornalfatosenoticias.com.br\/index.php\/2022\/06\/21\/retorno-da-festa-de-sao-pedro-ja-tem-data-marcada-01-02-e-03-de-julho\/","og_locale":"pt_BR","og_type":"article","og_title":"Retorno da Festa de S\u00e3o Pedro j\u00e1 tem data marcada: 01, 02 e 03 de julho - Jornal Fatos e Not\u00edcias","og_description":"O santo padroeiro dos pescadores receber\u00e1 nos pr\u00f3ximos dias 1\u00ba, 2 e 3 de julho a 94\u00aa festa em sua homenagem: a tradicional Festa de S\u00e3o Pedro. O evento, que j\u00e1 integra o calend\u00e1rio cultural municipal e est\u00e1 entre as festas mais tradicionais do estado, ocorre na Pra\u00e7a do Papa, na Enseada do Su\u00e1.Com apoio [&hellip;]","og_url":"https:\/\/jornalfatosenoticias.com.br\/index.php\/2022\/06\/21\/retorno-da-festa-de-sao-pedro-ja-tem-data-marcada-01-02-e-03-de-julho\/","og_site_name":"Jornal Fatos e Not\u00edcias","article_published_time":"2022-06-21T16:09:48+00:00","article_modified_time":"2022-06-21T16:09:52+00:00","og_image":[{"width":1000,"height":543,"url":"https:\/\/jornalfatosenoticias.com.br\/wp-content\/uploads\/2022\/06\/FESTA-SAO-PEDRO_VITORIA-ES.jpg","type":"image\/jpeg"}],"author":"Luzimara Fernandes","twitter_card":"summary_large_image","twitter_misc":{"Escrito por":"Luzimara Fernandes","Est. tempo de leitura":"2 minutos"},"schema":{"@context":"https:\/\/schema.org","@graph":[{"@type":"Article","@id":"https:\/\/jornalfatosenoticias.com.br\/index.php\/2022\/06\/21\/retorno-da-festa-de-sao-pedro-ja-tem-data-marcada-01-02-e-03-de-julho\/#article","isPartOf":{"@id":"https:\/\/jornalfatosenoticias.com.br\/index.php\/2022\/06\/21\/retorno-da-festa-de-sao-pedro-ja-tem-data-marcada-01-02-e-03-de-julho\/"},"author":{"name":"Luzimara Fernandes","@id":"https:\/\/jornalfatosenoticias.com.br\/#\/schema\/person\/d63837fa13ac8666eb9e74e0985d6f81"},"headline":"Retorno da Festa de S\u00e3o Pedro j\u00e1 tem data marcada: 01, 02 e 03 de julho","datePublished":"2022-06-21T16:09:48+00:00","dateModified":"2022-06-21T16:09:52+00:00","mainEntityOfPage":{"@id":"https:\/\/jornalfatosenoticias.com.br\/index.php\/2022\/06\/21\/retorno-da-festa-de-sao-pedro-ja-tem-data-marcada-01-02-e-03-de-julho\/"},"wordCount":323,"commentCount":0,"publisher":{"@id":"https:\/\/jornalfatosenoticias.com.br\/#organization"},"image":{"@id":"https:\/\/jornalfatosenoticias.com.br\/index.php\/2022\/06\/21\/retorno-da-festa-de-sao-pedro-ja-tem-data-marcada-01-02-e-03-de-julho\/#primaryimage"},"thumbnailUrl":"https:\/\/jornalfatosenoticias.com.br\/wp-content\/uploads\/2022\/06\/FESTA-SAO-PEDRO_VITORIA-ES.jpg","keywords":["culin\u00e1ria","Festa de S\u00e3o Pedro","m\u00fasica","Pra\u00e7a do Papa","religiosidade","Vit\u00f3ria"],"articleSection":["Cultura"],"inLanguage":"pt-BR","potentialAction":[{"@type":"CommentAction","name":"Comment","target":["https:\/\/jornalfatosenoticias.com.br\/index.php\/2022\/06\/21\/retorno-da-festa-de-sao-pedro-ja-tem-data-marcada-01-02-e-03-de-julho\/#respond"]}]},{"@type":"WebPage","@id":"https:\/\/jornalfatosenoticias.com.br\/index.php\/2022\/06\/21\/retorno-da-festa-de-sao-pedro-ja-tem-data-marcada-01-02-e-03-de-julho\/","url":"https:\/\/jornalfatosenoticias.com.br\/index.php\/2022\/06\/21\/retorno-da-festa-de-sao-pedro-ja-tem-data-marcada-01-02-e-03-de-julho\/","name":"Retorno da Festa de S\u00e3o Pedro j\u00e1 tem data marcada: 01, 02 e 03 de julho - Jornal Fatos e Not\u00edcias","isPartOf":{"@id":"https:\/\/jornalfatosenoticias.com.br\/#website"},"primaryImageOfPage":{"@id":"https:\/\/jornalfatosenoticias.com.br\/index.php\/2022\/06\/21\/retorno-da-festa-de-sao-pedro-ja-tem-data-marcada-01-02-e-03-de-julho\/#primaryimage"},"image":{"@id":"https:\/\/jornalfatosenoticias.com.br\/index.php\/2022\/06\/21\/retorno-da-festa-de-sao-pedro-ja-tem-data-marcada-01-02-e-03-de-julho\/#primaryimage"},"thumbnailUrl":"https:\/\/jornalfatosenoticias.com.br\/wp-content\/uploads\/2022\/06\/FESTA-SAO-PEDRO_VITORIA-ES.jpg","datePublished":"2022-06-21T16:09:48+00:00","dateModified":"2022-06-21T16:09:52+00:00","breadcrumb":{"@id":"https:\/\/jornalfatosenoticias.com.br\/index.php\/2022\/06\/21\/retorno-da-festa-de-sao-pedro-ja-tem-data-marcada-01-02-e-03-de-julho\/#breadcrumb"},"inLanguage":"pt-BR","potentialAction":[{"@type":"ReadAction","target":["https:\/\/jornalfatosenoticias.com.br\/index.php\/2022\/06\/21\/retorno-da-festa-de-sao-pedro-ja-tem-data-marcada-01-02-e-03-de-julho\/"]}]},{"@type":"ImageObject","inLanguage":"pt-BR","@id":"https:\/\/jornalfatosenoticias.com.br\/index.php\/2022\/06\/21\/retorno-da-festa-de-sao-pedro-ja-tem-data-marcada-01-02-e-03-de-julho\/#primaryimage","url":"https:\/\/jornalfatosenoticias.com.br\/wp-content\/uploads\/2022\/06\/FESTA-SAO-PEDRO_VITORIA-ES.jpg","contentUrl":"https:\/\/jornalfatosenoticias.com.br\/wp-content\/uploads\/2022\/06\/FESTA-SAO-PEDRO_VITORIA-ES.jpg","width":1000,"height":543},{"@type":"BreadcrumbList","@id":"https:\/\/jornalfatosenoticias.com.br\/index.php\/2022\/06\/21\/retorno-da-festa-de-sao-pedro-ja-tem-data-marcada-01-02-e-03-de-julho\/#breadcrumb","itemListElement":[{"@type":"ListItem","position":1,"name":"In\u00edcio","item":"https:\/\/jornalfatosenoticias.com.br\/"},{"@type":"ListItem","position":2,"name":"Retorno da Festa de S\u00e3o Pedro j\u00e1 tem data marcada: 01, 02 e 03 de julho"}]},{"@type":"WebSite","@id":"https:\/\/jornalfatosenoticias.com.br\/#website","url":"https:\/\/jornalfatosenoticias.com.br\/","name":"Jornal Fatos e Not\u00edcias","description":"Not\u00edcias em geral","publisher":{"@id":"https:\/\/jornalfatosenoticias.com.br\/#organization"},"potentialAction":[{"@type":"SearchAction","target":{"@type":"EntryPoint","urlTemplate":"https:\/\/jornalfatosenoticias.com.br\/?s={search_term_string}"},"query-input":{"@type":"PropertyValueSpecification","valueRequired":true,"valueName":"search_term_string"}}],"inLanguage":"pt-BR"},{"@type":"Organization","@id":"https:\/\/jornalfatosenoticias.com.br\/#organization","name":"Jornal Fatos e Not\u00edcias","url":"https:\/\/jornalfatosenoticias.com.br\/","logo":{"@type":"ImageObject","inLanguage":"pt-BR","@id":"https:\/\/jornalfatosenoticias.com.br\/#\/schema\/logo\/image\/","url":"https:\/\/jornalfatosenoticias.com.br\/wp-content\/uploads\/2020\/02\/logo120.png","contentUrl":"https:\/\/jornalfatosenoticias.com.br\/wp-content\/uploads\/2020\/02\/logo120.png","width":1227,"height":120,"caption":"Jornal Fatos e Not\u00edcias"},"image":{"@id":"https:\/\/jornalfatosenoticias.com.br\/#\/schema\/logo\/image\/"}},{"@type":"Person","@id":"https:\/\/jornalfatosenoticias.com.br\/#\/schema\/person\/d63837fa13ac8666eb9e74e0985d6f81","name":"Luzimara Fernandes","image":{"@type":"ImageObject","inLanguage":"pt-BR","@id":"https:\/\/jornalfatosenoticias.com.br\/#\/schema\/person\/image\/","url":"https:\/\/jornalfatosenoticias.com.br\/wp-content\/uploads\/2025\/05\/EU_portal.jpg","contentUrl":"https:\/\/jornalfatosenoticias.com.br\/wp-content\/uploads\/2025\/05\/EU_portal.jpg","caption":"Luzimara Fernandes"},"description":"Jornalista MTB 2358-ES","sameAs":["https:\/\/jornalfatosenoticias.com.br"],"url":"https:\/\/jornalfatosenoticias.com.br\/index.php\/author\/luzimara\/"}]}},"cc_featured_image_caption":{"caption_text":"(Foto: Divulga\u00e7\u00e3o) ","source_text":"","source_url":""},"jetpack_featured_media_url":"https:\/\/jornalfatosenoticias.com.br\/wp-content\/uploads\/2022\/06\/FESTA-SAO-PEDRO_VITORIA-ES.jpg","_links":{"self":[{"href":"https:\/\/jornalfatosenoticias.com.br\/index.php\/wp-json\/wp\/v2\/posts\/31565","targetHints":{"allow":["GET"]}}],"collection":[{"href":"https:\/\/jornalfatosenoticias.com.br\/index.php\/wp-json\/wp\/v2\/posts"}],"about":[{"href":"https:\/\/jornalfatosenoticias.com.br\/index.php\/wp-json\/wp\/v2\/types\/post"}],"author":[{"embeddable":true,"href":"https:\/\/jornalfatosenoticias.com.br\/index.php\/wp-json\/wp\/v2\/users\/2"}],"replies":[{"embeddable":true,"href":"https:\/\/jornalfatosenoticias.com.br\/index.php\/wp-json\/wp\/v2\/comments?post=31565"}],"version-history":[{"count":0,"href":"https:\/\/jornalfatosenoticias.com.br\/index.php\/wp-json\/wp\/v2\/posts\/31565\/revisions"}],"wp:featuredmedia":[{"embeddable":true,"href":"https:\/\/jornalfatosenoticias.com.br\/index.php\/wp-json\/wp\/v2\/media\/31566"}],"wp:attachment":[{"href":"https:\/\/jornalfatosenoticias.com.br\/index.php\/wp-json\/wp\/v2\/media?parent=31565"}],"wp:term":[{"taxonomy":"category","embeddable":true,"href":"https:\/\/jornalfatosenoticias.com.br\/index.php\/wp-json\/wp\/v2\/categories?post=31565"},{"taxonomy":"post_tag","embeddable":true,"href":"https:\/\/jornalfatosenoticias.com.br\/index.php\/wp-json\/wp\/v2\/tags?post=31565"}],"curies":[{"name":"wp","href":"https:\/\/api.w.org\/{rel}","templated":true}]}}