{"id":31580,"date":"2022-06-22T11:39:50","date_gmt":"2022-06-22T14:39:50","guid":{"rendered":"https:\/\/jornalfatosenoticias.com.br\/?p=31580"},"modified":"2022-06-22T11:39:52","modified_gmt":"2022-06-22T14:39:52","slug":"dinossauro-carnivoro-em-formacao-desertica-no-saara-e-achado-inedito","status":"publish","type":"post","link":"https:\/\/jornalfatosenoticias.com.br\/index.php\/2022\/06\/22\/dinossauro-carnivoro-em-formacao-desertica-no-saara-e-achado-inedito\/","title":{"rendered":"Dinossauro carn\u00edvoro em forma\u00e7\u00e3o des\u00e9rtica no Saara \u00e9 achado in\u00e9dito"},"content":{"rendered":"\n<p><em><span class=\"has-inline-color has-black-color\">Pesquisadores afirmam que rosto de esp\u00e9cie chama aten\u00e7\u00e3o por lembrar um cachorro bulldog<\/span><\/em><\/p>\n\n\n\n<div class=\"wp-block-image\"><figure class=\"aligncenter size-large is-resized\"><img loading=\"lazy\" decoding=\"async\" src=\"https:\/\/jornalfatosenoticias.com.br\/wp-content\/uploads\/2022\/05\/NOVA-LOGO-CESCONETTO-1024x100.jpg\" alt=\"\" class=\"wp-image-30792\" width=\"519\" height=\"50\" srcset=\"https:\/\/jornalfatosenoticias.com.br\/wp-content\/uploads\/2022\/05\/NOVA-LOGO-CESCONETTO-1024x100.jpg 1024w, https:\/\/jornalfatosenoticias.com.br\/wp-content\/uploads\/2022\/05\/NOVA-LOGO-CESCONETTO-300x29.jpg 300w, https:\/\/jornalfatosenoticias.com.br\/wp-content\/uploads\/2022\/05\/NOVA-LOGO-CESCONETTO-768x75.jpg 768w, https:\/\/jornalfatosenoticias.com.br\/wp-content\/uploads\/2022\/05\/NOVA-LOGO-CESCONETTO.jpg 1280w\" sizes=\"auto, (max-width: 519px) 100vw, 519px\" \/><\/figure><\/div>\n\n\n\n<p>Pesquisadores da Universidade de Mansoura, <a href=\"https:\/\/aventurasnahistoria.uol.com.br\/noticias\/historia-hoje\/primeiras-evidencias-do-farao-queops-sao-descobertas-no-egito.phtml\">no Egito<\/a>, acharam uma v\u00e9rtebra bem preservada da base do pesco\u00e7o de dinossauro abelissaur\u00eddeo, localizado\u00a0<a href=\"https:\/\/aventurasnahistoria.uol.com.br\/noticias\/historia-hoje\/resolvido-misterio-sobre-origem-de-pedra-revelada-no-egito.phtml\">no deserto do Saara<\/a>, em 2016. O achado da esp\u00e9cie \u00e9 in\u00e9dito, e estudos publicados na revista \u2018Royal Society Open Science\u2019, mostram que o animal tinha por volta de <a href=\"https:\/\/aventurasnahistoria.uol.com.br\/noticias\/historia-hoje\/em-primeiro-dia-de-trablho-brasileiro-morre-apos-cair-de-andaime-de-6-metros-na-italia.phtml\">seis metros<\/a>, al\u00e9m de uma face que lembra\u00a0<a href=\"https:\/\/aventurasnahistoria.uol.com.br\/noticias\/reportagem\/o-que-explica-o-nascimento-de-cachorros-com-pelo-verde.phtml\">um cachorro da ra\u00e7a bulldog<\/a> e bra\u00e7os curtos.<br>A esp\u00e9cie hist\u00f3rica ainda n\u00e3o tem um nome oficial, contudo, os arque\u00f3logos acreditam que ele pertence \u00e0 subordem de dinossauros b\u00edpedes ter\u00f3pedes, que viveram h\u00e1 cerca de 98 milh\u00f5es de anos. <\/p>\n\n\n\n<div class=\"wp-block-image\"><figure class=\"aligncenter size-large\"><img decoding=\"async\" src=\"https:\/\/jornalfatosenoticias.com.br\/wp-content\/uploads\/2020\/02\/logo_esteio.jpg\" alt=\"\" class=\"wp-image-1214\"\/><\/figure><\/div>\n\n\n\n<blockquote class=\"wp-block-quote is-layout-flow wp-block-quote-is-layout-flow\"><p><span class=\"has-inline-color has-luminous-vivid-orange-color\">\u201cDurante o Cret\u00e1ceo m\u00e9dio, o O\u00e1sis de Bahariya teria sido um dos lugares mais aterrorizantes do planeta\u201d, fala Belal Salem, estudante de p\u00f3s-gradua\u00e7\u00e3o da Universidade de Ohio que liderou o material publicado do estudo.<\/span><\/p><\/blockquote>\n\n\n\n<div class=\"wp-block-image\"><figure class=\"aligncenter size-large is-resized\"><img loading=\"lazy\" decoding=\"async\" src=\"https:\/\/jornalfatosenoticias.com.br\/wp-content\/uploads\/2022\/03\/logo-Suinco-1024x390.jpg\" alt=\"\" class=\"wp-image-28785\" width=\"291\" height=\"110\"\/><\/figure><\/div>\n\n\n\n<p><strong><span class=\"has-inline-color has-vivid-purple-color\">Cientistas desejam mais pesquisas sobre a nova esp\u00e9cie<br><\/span><\/strong>Para <strong>Salem,<\/strong> entender como diversas esp\u00e9cies de dinossauro coexistiram neste ciclo ainda \u00e9 um grande mist\u00e9rio, mas uma das ideias \u00e9 acerca da sua dieta, j\u00e1 que as suas presas eram distintas pelas facilidades que cada um tinha nas ca\u00e7as.<\/p>\n\n\n\n<blockquote class=\"wp-block-quote is-layout-flow wp-block-quote-is-layout-flow\"><p><span class=\"has-inline-color has-luminous-vivid-orange-color\">\u201cMeu primeiro vislumbre deste esp\u00e9cime a partir de fotos n\u00e3o deixou d\u00favidas sobre sua identidade. Os ossos do pesco\u00e7o dos abelissaur\u00eddeos s\u00e3o t\u00e3o distintos\u201d, relata Patrick O&#8217;Connor, coautor da pesquisa e orientador.<\/span><\/p><\/blockquote>\n\n\n\n<div class=\"wp-block-image\"><figure class=\"aligncenter size-large is-resized\"><img loading=\"lazy\" decoding=\"async\" src=\"https:\/\/jornalfatosenoticias.com.br\/wp-content\/uploads\/2022\/02\/Arte-Autoescola-Galatas_endereco_portal-1024x103.png\" alt=\"\" class=\"wp-image-27869\" width=\"510\" height=\"51\" srcset=\"https:\/\/jornalfatosenoticias.com.br\/wp-content\/uploads\/2022\/02\/Arte-Autoescola-Galatas_endereco_portal-1024x103.png 1024w, https:\/\/jornalfatosenoticias.com.br\/wp-content\/uploads\/2022\/02\/Arte-Autoescola-Galatas_endereco_portal-300x30.png 300w, https:\/\/jornalfatosenoticias.com.br\/wp-content\/uploads\/2022\/02\/Arte-Autoescola-Galatas_endereco_portal-768x77.png 768w, https:\/\/jornalfatosenoticias.com.br\/wp-content\/uploads\/2022\/02\/Arte-Autoescola-Galatas_endereco_portal.png 1223w\" sizes=\"auto, (max-width: 510px) 100vw, 510px\" \/><\/figure><\/div>\n\n\n\n<p>Na busca por identificar a esp\u00e9cie desde 2017, os pesquisadores compararam com ossos de outros abelisaur\u00eddeos conhecidos, como o Carnotaurus da Argentina e o Majungasaurus de Madagascar, al\u00e9m do fato curioso de pegarem um cachorro bulldog para compara\u00e7\u00e3o de sua face.<\/p>\n\n\n\n<div class=\"wp-block-image\"><figure class=\"aligncenter size-large is-resized\"><img loading=\"lazy\" decoding=\"async\" src=\"https:\/\/jornalfatosenoticias.com.br\/wp-content\/uploads\/2022\/02\/Serra-Pack-459.png\" alt=\"\" class=\"wp-image-27471\" width=\"343\" height=\"137\"\/><\/figure><\/div>\n\n\n\n<p><a href=\"https:\/\/royalsocietypublishing.org\/doi\/10.1098\/rsos.220106\">Voc\u00ea pode conferir o estudo completo neste link.<\/a><\/p>\n\n\n\n<p><strong><em>Fonte: <a href=\"https:\/\/aventurasnahistoria.uol.com.br\/noticias\/historia-hoje\/evidencia-de-dinossauro-de-aparencia-incomum-e-descoberta-no-egito.phtml\">Aventuras na Hist\u00f3ria<\/a><\/em><\/strong><\/p>\n","protected":false},"excerpt":{"rendered":"<p>Pesquisadores afirmam que rosto de esp\u00e9cie chama aten\u00e7\u00e3o por lembrar um cachorro bulldog Pesquisadores da Universidade de Mansoura, no Egito, acharam uma v\u00e9rtebra bem preservada da base do pesco\u00e7o de dinossauro abelissaur\u00eddeo, localizado\u00a0no deserto do Saara, em 2016. O achado da esp\u00e9cie \u00e9 in\u00e9dito, e estudos publicados na revista \u2018Royal Society Open Science\u2019, mostram que [&hellip;]<\/p>\n","protected":false},"author":2,"featured_media":31581,"comment_status":"open","ping_status":"open","sticky":false,"template":"","format":"standard","meta":{"footnotes":""},"categories":[9808],"tags":[5928,1478,2419,14956,1495,1666,3423,663,2588],"class_list":["post-31580","post","type-post","status-publish","format-standard","has-post-thumbnail","hentry","category-paleo-arqueologia","tag-achado","tag-arqueologia","tag-bizarro","tag-bulldog","tag-cachorro","tag-descoberta","tag-dinossauro","tag-fossil","tag-rosto"],"yoast_head":"<!-- This site is optimized with the Yoast SEO plugin v26.5 - https:\/\/yoast.com\/wordpress\/plugins\/seo\/ -->\n<title>Dinossauro carn\u00edvoro em forma\u00e7\u00e3o des\u00e9rtica no Saara \u00e9 achado in\u00e9dito - Jornal Fatos e Not\u00edcias<\/title>\n<meta name=\"robots\" content=\"index, follow, max-snippet:-1, max-image-preview:large, max-video-preview:-1\" \/>\n<link rel=\"canonical\" href=\"https:\/\/jornalfatosenoticias.com.br\/index.php\/2022\/06\/22\/dinossauro-carnivoro-em-formacao-desertica-no-saara-e-achado-inedito\/\" \/>\n<meta property=\"og:locale\" content=\"pt_BR\" \/>\n<meta property=\"og:type\" content=\"article\" \/>\n<meta property=\"og:title\" content=\"Dinossauro carn\u00edvoro em forma\u00e7\u00e3o des\u00e9rtica no Saara \u00e9 achado in\u00e9dito - Jornal Fatos e Not\u00edcias\" \/>\n<meta property=\"og:description\" content=\"Pesquisadores afirmam que rosto de esp\u00e9cie chama aten\u00e7\u00e3o por lembrar um cachorro bulldog Pesquisadores da Universidade de Mansoura, no Egito, acharam uma v\u00e9rtebra bem preservada da base do pesco\u00e7o de dinossauro abelissaur\u00eddeo, localizado\u00a0no deserto do Saara, em 2016. O achado da esp\u00e9cie \u00e9 in\u00e9dito, e estudos publicados na revista \u2018Royal Society Open Science\u2019, mostram que [&hellip;]\" \/>\n<meta property=\"og:url\" content=\"https:\/\/jornalfatosenoticias.com.br\/index.php\/2022\/06\/22\/dinossauro-carnivoro-em-formacao-desertica-no-saara-e-achado-inedito\/\" \/>\n<meta property=\"og:site_name\" content=\"Jornal Fatos e Not\u00edcias\" \/>\n<meta property=\"article:published_time\" content=\"2022-06-22T14:39:50+00:00\" \/>\n<meta property=\"article:modified_time\" content=\"2022-06-22T14:39:52+00:00\" \/>\n<meta property=\"og:image\" content=\"https:\/\/jornalfatosenoticias.com.br\/wp-content\/uploads\/2022\/06\/dinossauro-de-aparencia-incomum-e-descoberta-no-Egito.jpg\" \/>\n\t<meta property=\"og:image:width\" content=\"1000\" \/>\n\t<meta property=\"og:image:height\" content=\"562\" \/>\n\t<meta property=\"og:image:type\" content=\"image\/jpeg\" \/>\n<meta name=\"author\" content=\"Luzimara Fernandes\" \/>\n<meta name=\"twitter:card\" content=\"summary_large_image\" \/>\n<meta name=\"twitter:label1\" content=\"Escrito por\" \/>\n\t<meta name=\"twitter:data1\" content=\"Luzimara Fernandes\" \/>\n\t<meta name=\"twitter:label2\" content=\"Est. tempo de leitura\" \/>\n\t<meta name=\"twitter:data2\" content=\"2 minutos\" \/>\n<script type=\"application\/ld+json\" class=\"yoast-schema-graph\">{\"@context\":\"https:\/\/schema.org\",\"@graph\":[{\"@type\":\"Article\",\"@id\":\"https:\/\/jornalfatosenoticias.com.br\/index.php\/2022\/06\/22\/dinossauro-carnivoro-em-formacao-desertica-no-saara-e-achado-inedito\/#article\",\"isPartOf\":{\"@id\":\"https:\/\/jornalfatosenoticias.com.br\/index.php\/2022\/06\/22\/dinossauro-carnivoro-em-formacao-desertica-no-saara-e-achado-inedito\/\"},\"author\":{\"name\":\"Luzimara Fernandes\",\"@id\":\"https:\/\/jornalfatosenoticias.com.br\/#\/schema\/person\/d63837fa13ac8666eb9e74e0985d6f81\"},\"headline\":\"Dinossauro carn\u00edvoro em forma\u00e7\u00e3o des\u00e9rtica no Saara \u00e9 achado in\u00e9dito\",\"datePublished\":\"2022-06-22T14:39:50+00:00\",\"dateModified\":\"2022-06-22T14:39:52+00:00\",\"mainEntityOfPage\":{\"@id\":\"https:\/\/jornalfatosenoticias.com.br\/index.php\/2022\/06\/22\/dinossauro-carnivoro-em-formacao-desertica-no-saara-e-achado-inedito\/\"},\"wordCount\":320,\"commentCount\":0,\"publisher\":{\"@id\":\"https:\/\/jornalfatosenoticias.com.br\/#organization\"},\"image\":{\"@id\":\"https:\/\/jornalfatosenoticias.com.br\/index.php\/2022\/06\/22\/dinossauro-carnivoro-em-formacao-desertica-no-saara-e-achado-inedito\/#primaryimage\"},\"thumbnailUrl\":\"https:\/\/jornalfatosenoticias.com.br\/wp-content\/uploads\/2022\/06\/dinossauro-de-aparencia-incomum-e-descoberta-no-Egito.jpg\",\"keywords\":[\"achado\",\"arqueologia\",\"bizarro\",\"bulldog\",\"cachorro\",\"descoberta\",\"dinossauro\",\"f\u00f3ssil\",\"rosto\"],\"articleSection\":[\"Paleo &amp; Arqueologia\"],\"inLanguage\":\"pt-BR\",\"potentialAction\":[{\"@type\":\"CommentAction\",\"name\":\"Comment\",\"target\":[\"https:\/\/jornalfatosenoticias.com.br\/index.php\/2022\/06\/22\/dinossauro-carnivoro-em-formacao-desertica-no-saara-e-achado-inedito\/#respond\"]}]},{\"@type\":\"WebPage\",\"@id\":\"https:\/\/jornalfatosenoticias.com.br\/index.php\/2022\/06\/22\/dinossauro-carnivoro-em-formacao-desertica-no-saara-e-achado-inedito\/\",\"url\":\"https:\/\/jornalfatosenoticias.com.br\/index.php\/2022\/06\/22\/dinossauro-carnivoro-em-formacao-desertica-no-saara-e-achado-inedito\/\",\"name\":\"Dinossauro carn\u00edvoro em forma\u00e7\u00e3o des\u00e9rtica no Saara \u00e9 achado in\u00e9dito - Jornal Fatos e Not\u00edcias\",\"isPartOf\":{\"@id\":\"https:\/\/jornalfatosenoticias.com.br\/#website\"},\"primaryImageOfPage\":{\"@id\":\"https:\/\/jornalfatosenoticias.com.br\/index.php\/2022\/06\/22\/dinossauro-carnivoro-em-formacao-desertica-no-saara-e-achado-inedito\/#primaryimage\"},\"image\":{\"@id\":\"https:\/\/jornalfatosenoticias.com.br\/index.php\/2022\/06\/22\/dinossauro-carnivoro-em-formacao-desertica-no-saara-e-achado-inedito\/#primaryimage\"},\"thumbnailUrl\":\"https:\/\/jornalfatosenoticias.com.br\/wp-content\/uploads\/2022\/06\/dinossauro-de-aparencia-incomum-e-descoberta-no-Egito.jpg\",\"datePublished\":\"2022-06-22T14:39:50+00:00\",\"dateModified\":\"2022-06-22T14:39:52+00:00\",\"breadcrumb\":{\"@id\":\"https:\/\/jornalfatosenoticias.com.br\/index.php\/2022\/06\/22\/dinossauro-carnivoro-em-formacao-desertica-no-saara-e-achado-inedito\/#breadcrumb\"},\"inLanguage\":\"pt-BR\",\"potentialAction\":[{\"@type\":\"ReadAction\",\"target\":[\"https:\/\/jornalfatosenoticias.com.br\/index.php\/2022\/06\/22\/dinossauro-carnivoro-em-formacao-desertica-no-saara-e-achado-inedito\/\"]}]},{\"@type\":\"ImageObject\",\"inLanguage\":\"pt-BR\",\"@id\":\"https:\/\/jornalfatosenoticias.com.br\/index.php\/2022\/06\/22\/dinossauro-carnivoro-em-formacao-desertica-no-saara-e-achado-inedito\/#primaryimage\",\"url\":\"https:\/\/jornalfatosenoticias.com.br\/wp-content\/uploads\/2022\/06\/dinossauro-de-aparencia-incomum-e-descoberta-no-Egito.jpg\",\"contentUrl\":\"https:\/\/jornalfatosenoticias.com.br\/wp-content\/uploads\/2022\/06\/dinossauro-de-aparencia-incomum-e-descoberta-no-Egito.jpg\",\"width\":1000,\"height\":562},{\"@type\":\"BreadcrumbList\",\"@id\":\"https:\/\/jornalfatosenoticias.com.br\/index.php\/2022\/06\/22\/dinossauro-carnivoro-em-formacao-desertica-no-saara-e-achado-inedito\/#breadcrumb\",\"itemListElement\":[{\"@type\":\"ListItem\",\"position\":1,\"name\":\"In\u00edcio\",\"item\":\"https:\/\/jornalfatosenoticias.com.br\/\"},{\"@type\":\"ListItem\",\"position\":2,\"name\":\"Dinossauro carn\u00edvoro em forma\u00e7\u00e3o des\u00e9rtica no Saara \u00e9 achado in\u00e9dito\"}]},{\"@type\":\"WebSite\",\"@id\":\"https:\/\/jornalfatosenoticias.com.br\/#website\",\"url\":\"https:\/\/jornalfatosenoticias.com.br\/\",\"name\":\"Jornal Fatos e Not\u00edcias\",\"description\":\"Not\u00edcias em geral\",\"publisher\":{\"@id\":\"https:\/\/jornalfatosenoticias.com.br\/#organization\"},\"potentialAction\":[{\"@type\":\"SearchAction\",\"target\":{\"@type\":\"EntryPoint\",\"urlTemplate\":\"https:\/\/jornalfatosenoticias.com.br\/?s={search_term_string}\"},\"query-input\":{\"@type\":\"PropertyValueSpecification\",\"valueRequired\":true,\"valueName\":\"search_term_string\"}}],\"inLanguage\":\"pt-BR\"},{\"@type\":\"Organization\",\"@id\":\"https:\/\/jornalfatosenoticias.com.br\/#organization\",\"name\":\"Jornal Fatos e Not\u00edcias\",\"url\":\"https:\/\/jornalfatosenoticias.com.br\/\",\"logo\":{\"@type\":\"ImageObject\",\"inLanguage\":\"pt-BR\",\"@id\":\"https:\/\/jornalfatosenoticias.com.br\/#\/schema\/logo\/image\/\",\"url\":\"https:\/\/jornalfatosenoticias.com.br\/wp-content\/uploads\/2020\/02\/logo120.png\",\"contentUrl\":\"https:\/\/jornalfatosenoticias.com.br\/wp-content\/uploads\/2020\/02\/logo120.png\",\"width\":1227,\"height\":120,\"caption\":\"Jornal Fatos e Not\u00edcias\"},\"image\":{\"@id\":\"https:\/\/jornalfatosenoticias.com.br\/#\/schema\/logo\/image\/\"}},{\"@type\":\"Person\",\"@id\":\"https:\/\/jornalfatosenoticias.com.br\/#\/schema\/person\/d63837fa13ac8666eb9e74e0985d6f81\",\"name\":\"Luzimara Fernandes\",\"image\":{\"@type\":\"ImageObject\",\"inLanguage\":\"pt-BR\",\"@id\":\"https:\/\/jornalfatosenoticias.com.br\/#\/schema\/person\/image\/\",\"url\":\"https:\/\/jornalfatosenoticias.com.br\/wp-content\/uploads\/2025\/05\/EU_portal.jpg\",\"contentUrl\":\"https:\/\/jornalfatosenoticias.com.br\/wp-content\/uploads\/2025\/05\/EU_portal.jpg\",\"caption\":\"Luzimara Fernandes\"},\"description\":\"Jornalista MTB 2358-ES\",\"sameAs\":[\"https:\/\/jornalfatosenoticias.com.br\"],\"url\":\"https:\/\/jornalfatosenoticias.com.br\/index.php\/author\/luzimara\/\"}]}<\/script>\n<!-- \/ Yoast SEO plugin. -->","yoast_head_json":{"title":"Dinossauro carn\u00edvoro em forma\u00e7\u00e3o des\u00e9rtica no Saara \u00e9 achado in\u00e9dito - Jornal Fatos e Not\u00edcias","robots":{"index":"index","follow":"follow","max-snippet":"max-snippet:-1","max-image-preview":"max-image-preview:large","max-video-preview":"max-video-preview:-1"},"canonical":"https:\/\/jornalfatosenoticias.com.br\/index.php\/2022\/06\/22\/dinossauro-carnivoro-em-formacao-desertica-no-saara-e-achado-inedito\/","og_locale":"pt_BR","og_type":"article","og_title":"Dinossauro carn\u00edvoro em forma\u00e7\u00e3o des\u00e9rtica no Saara \u00e9 achado in\u00e9dito - Jornal Fatos e Not\u00edcias","og_description":"Pesquisadores afirmam que rosto de esp\u00e9cie chama aten\u00e7\u00e3o por lembrar um cachorro bulldog Pesquisadores da Universidade de Mansoura, no Egito, acharam uma v\u00e9rtebra bem preservada da base do pesco\u00e7o de dinossauro abelissaur\u00eddeo, localizado\u00a0no deserto do Saara, em 2016. O achado da esp\u00e9cie \u00e9 in\u00e9dito, e estudos publicados na revista \u2018Royal Society Open Science\u2019, mostram que [&hellip;]","og_url":"https:\/\/jornalfatosenoticias.com.br\/index.php\/2022\/06\/22\/dinossauro-carnivoro-em-formacao-desertica-no-saara-e-achado-inedito\/","og_site_name":"Jornal Fatos e Not\u00edcias","article_published_time":"2022-06-22T14:39:50+00:00","article_modified_time":"2022-06-22T14:39:52+00:00","og_image":[{"width":1000,"height":562,"url":"https:\/\/jornalfatosenoticias.com.br\/wp-content\/uploads\/2022\/06\/dinossauro-de-aparencia-incomum-e-descoberta-no-Egito.jpg","type":"image\/jpeg"}],"author":"Luzimara Fernandes","twitter_card":"summary_large_image","twitter_misc":{"Escrito por":"Luzimara Fernandes","Est. tempo de leitura":"2 minutos"},"schema":{"@context":"https:\/\/schema.org","@graph":[{"@type":"Article","@id":"https:\/\/jornalfatosenoticias.com.br\/index.php\/2022\/06\/22\/dinossauro-carnivoro-em-formacao-desertica-no-saara-e-achado-inedito\/#article","isPartOf":{"@id":"https:\/\/jornalfatosenoticias.com.br\/index.php\/2022\/06\/22\/dinossauro-carnivoro-em-formacao-desertica-no-saara-e-achado-inedito\/"},"author":{"name":"Luzimara Fernandes","@id":"https:\/\/jornalfatosenoticias.com.br\/#\/schema\/person\/d63837fa13ac8666eb9e74e0985d6f81"},"headline":"Dinossauro carn\u00edvoro em forma\u00e7\u00e3o des\u00e9rtica no Saara \u00e9 achado in\u00e9dito","datePublished":"2022-06-22T14:39:50+00:00","dateModified":"2022-06-22T14:39:52+00:00","mainEntityOfPage":{"@id":"https:\/\/jornalfatosenoticias.com.br\/index.php\/2022\/06\/22\/dinossauro-carnivoro-em-formacao-desertica-no-saara-e-achado-inedito\/"},"wordCount":320,"commentCount":0,"publisher":{"@id":"https:\/\/jornalfatosenoticias.com.br\/#organization"},"image":{"@id":"https:\/\/jornalfatosenoticias.com.br\/index.php\/2022\/06\/22\/dinossauro-carnivoro-em-formacao-desertica-no-saara-e-achado-inedito\/#primaryimage"},"thumbnailUrl":"https:\/\/jornalfatosenoticias.com.br\/wp-content\/uploads\/2022\/06\/dinossauro-de-aparencia-incomum-e-descoberta-no-Egito.jpg","keywords":["achado","arqueologia","bizarro","bulldog","cachorro","descoberta","dinossauro","f\u00f3ssil","rosto"],"articleSection":["Paleo &amp; Arqueologia"],"inLanguage":"pt-BR","potentialAction":[{"@type":"CommentAction","name":"Comment","target":["https:\/\/jornalfatosenoticias.com.br\/index.php\/2022\/06\/22\/dinossauro-carnivoro-em-formacao-desertica-no-saara-e-achado-inedito\/#respond"]}]},{"@type":"WebPage","@id":"https:\/\/jornalfatosenoticias.com.br\/index.php\/2022\/06\/22\/dinossauro-carnivoro-em-formacao-desertica-no-saara-e-achado-inedito\/","url":"https:\/\/jornalfatosenoticias.com.br\/index.php\/2022\/06\/22\/dinossauro-carnivoro-em-formacao-desertica-no-saara-e-achado-inedito\/","name":"Dinossauro carn\u00edvoro em forma\u00e7\u00e3o des\u00e9rtica no Saara \u00e9 achado in\u00e9dito - Jornal Fatos e Not\u00edcias","isPartOf":{"@id":"https:\/\/jornalfatosenoticias.com.br\/#website"},"primaryImageOfPage":{"@id":"https:\/\/jornalfatosenoticias.com.br\/index.php\/2022\/06\/22\/dinossauro-carnivoro-em-formacao-desertica-no-saara-e-achado-inedito\/#primaryimage"},"image":{"@id":"https:\/\/jornalfatosenoticias.com.br\/index.php\/2022\/06\/22\/dinossauro-carnivoro-em-formacao-desertica-no-saara-e-achado-inedito\/#primaryimage"},"thumbnailUrl":"https:\/\/jornalfatosenoticias.com.br\/wp-content\/uploads\/2022\/06\/dinossauro-de-aparencia-incomum-e-descoberta-no-Egito.jpg","datePublished":"2022-06-22T14:39:50+00:00","dateModified":"2022-06-22T14:39:52+00:00","breadcrumb":{"@id":"https:\/\/jornalfatosenoticias.com.br\/index.php\/2022\/06\/22\/dinossauro-carnivoro-em-formacao-desertica-no-saara-e-achado-inedito\/#breadcrumb"},"inLanguage":"pt-BR","potentialAction":[{"@type":"ReadAction","target":["https:\/\/jornalfatosenoticias.com.br\/index.php\/2022\/06\/22\/dinossauro-carnivoro-em-formacao-desertica-no-saara-e-achado-inedito\/"]}]},{"@type":"ImageObject","inLanguage":"pt-BR","@id":"https:\/\/jornalfatosenoticias.com.br\/index.php\/2022\/06\/22\/dinossauro-carnivoro-em-formacao-desertica-no-saara-e-achado-inedito\/#primaryimage","url":"https:\/\/jornalfatosenoticias.com.br\/wp-content\/uploads\/2022\/06\/dinossauro-de-aparencia-incomum-e-descoberta-no-Egito.jpg","contentUrl":"https:\/\/jornalfatosenoticias.com.br\/wp-content\/uploads\/2022\/06\/dinossauro-de-aparencia-incomum-e-descoberta-no-Egito.jpg","width":1000,"height":562},{"@type":"BreadcrumbList","@id":"https:\/\/jornalfatosenoticias.com.br\/index.php\/2022\/06\/22\/dinossauro-carnivoro-em-formacao-desertica-no-saara-e-achado-inedito\/#breadcrumb","itemListElement":[{"@type":"ListItem","position":1,"name":"In\u00edcio","item":"https:\/\/jornalfatosenoticias.com.br\/"},{"@type":"ListItem","position":2,"name":"Dinossauro carn\u00edvoro em forma\u00e7\u00e3o des\u00e9rtica no Saara \u00e9 achado in\u00e9dito"}]},{"@type":"WebSite","@id":"https:\/\/jornalfatosenoticias.com.br\/#website","url":"https:\/\/jornalfatosenoticias.com.br\/","name":"Jornal Fatos e Not\u00edcias","description":"Not\u00edcias em geral","publisher":{"@id":"https:\/\/jornalfatosenoticias.com.br\/#organization"},"potentialAction":[{"@type":"SearchAction","target":{"@type":"EntryPoint","urlTemplate":"https:\/\/jornalfatosenoticias.com.br\/?s={search_term_string}"},"query-input":{"@type":"PropertyValueSpecification","valueRequired":true,"valueName":"search_term_string"}}],"inLanguage":"pt-BR"},{"@type":"Organization","@id":"https:\/\/jornalfatosenoticias.com.br\/#organization","name":"Jornal Fatos e Not\u00edcias","url":"https:\/\/jornalfatosenoticias.com.br\/","logo":{"@type":"ImageObject","inLanguage":"pt-BR","@id":"https:\/\/jornalfatosenoticias.com.br\/#\/schema\/logo\/image\/","url":"https:\/\/jornalfatosenoticias.com.br\/wp-content\/uploads\/2020\/02\/logo120.png","contentUrl":"https:\/\/jornalfatosenoticias.com.br\/wp-content\/uploads\/2020\/02\/logo120.png","width":1227,"height":120,"caption":"Jornal Fatos e Not\u00edcias"},"image":{"@id":"https:\/\/jornalfatosenoticias.com.br\/#\/schema\/logo\/image\/"}},{"@type":"Person","@id":"https:\/\/jornalfatosenoticias.com.br\/#\/schema\/person\/d63837fa13ac8666eb9e74e0985d6f81","name":"Luzimara Fernandes","image":{"@type":"ImageObject","inLanguage":"pt-BR","@id":"https:\/\/jornalfatosenoticias.com.br\/#\/schema\/person\/image\/","url":"https:\/\/jornalfatosenoticias.com.br\/wp-content\/uploads\/2025\/05\/EU_portal.jpg","contentUrl":"https:\/\/jornalfatosenoticias.com.br\/wp-content\/uploads\/2025\/05\/EU_portal.jpg","caption":"Luzimara Fernandes"},"description":"Jornalista MTB 2358-ES","sameAs":["https:\/\/jornalfatosenoticias.com.br"],"url":"https:\/\/jornalfatosenoticias.com.br\/index.php\/author\/luzimara\/"}]}},"cc_featured_image_caption":{"caption_text":"(Foto: Divulga\u00e7\u00e3o\/Royal Society Open Science) ","source_text":"","source_url":""},"jetpack_featured_media_url":"https:\/\/jornalfatosenoticias.com.br\/wp-content\/uploads\/2022\/06\/dinossauro-de-aparencia-incomum-e-descoberta-no-Egito.jpg","_links":{"self":[{"href":"https:\/\/jornalfatosenoticias.com.br\/index.php\/wp-json\/wp\/v2\/posts\/31580","targetHints":{"allow":["GET"]}}],"collection":[{"href":"https:\/\/jornalfatosenoticias.com.br\/index.php\/wp-json\/wp\/v2\/posts"}],"about":[{"href":"https:\/\/jornalfatosenoticias.com.br\/index.php\/wp-json\/wp\/v2\/types\/post"}],"author":[{"embeddable":true,"href":"https:\/\/jornalfatosenoticias.com.br\/index.php\/wp-json\/wp\/v2\/users\/2"}],"replies":[{"embeddable":true,"href":"https:\/\/jornalfatosenoticias.com.br\/index.php\/wp-json\/wp\/v2\/comments?post=31580"}],"version-history":[{"count":0,"href":"https:\/\/jornalfatosenoticias.com.br\/index.php\/wp-json\/wp\/v2\/posts\/31580\/revisions"}],"wp:featuredmedia":[{"embeddable":true,"href":"https:\/\/jornalfatosenoticias.com.br\/index.php\/wp-json\/wp\/v2\/media\/31581"}],"wp:attachment":[{"href":"https:\/\/jornalfatosenoticias.com.br\/index.php\/wp-json\/wp\/v2\/media?parent=31580"}],"wp:term":[{"taxonomy":"category","embeddable":true,"href":"https:\/\/jornalfatosenoticias.com.br\/index.php\/wp-json\/wp\/v2\/categories?post=31580"},{"taxonomy":"post_tag","embeddable":true,"href":"https:\/\/jornalfatosenoticias.com.br\/index.php\/wp-json\/wp\/v2\/tags?post=31580"}],"curies":[{"name":"wp","href":"https:\/\/api.w.org\/{rel}","templated":true}]}}