{"id":31583,"date":"2022-06-22T11:47:56","date_gmt":"2022-06-22T14:47:56","guid":{"rendered":"https:\/\/jornalfatosenoticias.com.br\/?p=31583"},"modified":"2023-01-27T12:14:44","modified_gmt":"2023-01-27T15:14:44","slug":"ursos-polares-que-sobrevivem-com-menos-gelo-oferecem-esperanca-para-futuro-da-especie-diz-estudo","status":"publish","type":"post","link":"https:\/\/jornalfatosenoticias.com.br\/index.php\/2022\/06\/22\/ursos-polares-que-sobrevivem-com-menos-gelo-oferecem-esperanca-para-futuro-da-especie-diz-estudo\/","title":{"rendered":"Ursos-polares que sobrevivem com menos gelo oferecem esperan\u00e7a para futuro da esp\u00e9cie, diz estudo"},"content":{"rendered":"\n<p><em><span class=\"has-inline-color has-black-color\">Novo grupo foi encontrado no sudeste da Groel\u00e2ndia; descoberta revela que local pode ser \u00faltimo basti\u00e3o da esp\u00e9cie com clima mais quente<\/span><\/em><\/p>\n\n\n\n<div class=\"wp-block-image\"><figure class=\"aligncenter size-large is-resized\"><img loading=\"lazy\" decoding=\"async\" src=\"https:\/\/jornalfatosenoticias.com.br\/wp-content\/uploads\/2020\/02\/banner_ferramentas-1024x100.jpg\" alt=\"\" class=\"wp-image-1258\" width=\"529\" height=\"51\" srcset=\"https:\/\/jornalfatosenoticias.com.br\/wp-content\/uploads\/2020\/02\/banner_ferramentas-1024x100.jpg 1024w, https:\/\/jornalfatosenoticias.com.br\/wp-content\/uploads\/2020\/02\/banner_ferramentas-300x29.jpg 300w, https:\/\/jornalfatosenoticias.com.br\/wp-content\/uploads\/2020\/02\/banner_ferramentas-768x75.jpg 768w, https:\/\/jornalfatosenoticias.com.br\/wp-content\/uploads\/2020\/02\/banner_ferramentas.jpg 1227w\" sizes=\"auto, (max-width: 529px) 100vw, 529px\" \/><\/figure><\/div>\n\n\n\n<p>Quando se fala em<strong> <a href=\"https:\/\/umsoplaneta.globo.com\/clima\/noticia\/2021\/04\/04\/o-que-sao-as-mudancas-climaticas.ghtml\">mudan\u00e7as clim\u00e1ticas<\/a><\/strong>, uma das primeiras imagens que vem a mente \u00e9 a de um urso polar preso em um pequeno bloco de gelo \u00e0 deriva no oceano. A esp\u00e9cie, que vem sofrendo com o&nbsp;<a href=\"https:\/\/umsoplaneta.globo.com\/clima\/noticia\/2021\/04\/04\/bloco-1-o-que-e-o-aquecimento-global.ghtml\"><strong>aumento das temperaturas<\/strong><\/a> e o derretimento das calotas polares, se tornou um dos rostos mais conhecidos desta crise. Mas pesquisadores dizem ter encontrado um grupo de ursos no sudeste da Groenl\u00e2ndia que est\u00e3o sobrevivendo apesar da falta de gelo marinho durante grande parte do ano.<br>Pelo conhecimento cient\u00edfico que se tinha at\u00e9 ent\u00e3o, o sudeste da Groel\u00e2ndia definitivamente n\u00e3o era considerado um lugar onde os ursos-polares pudessem prosperar. Isso porque, embora sejam bons nadadores, eles s\u00e3o animais terrestres que se alimentam esperando ao lado de rachaduras no gelo pelas focas que saem da \u00e1gua para respirar. Mas, no sudeste da Groenl\u00e2ndia, a temporada de gelo marinho \u00e9 menor que quatro meses, informa a <strong><a href=\"https:\/\/www.nationalgeographic.com\/animals\/article\/why-this-newly-identified-polar-bear-subpopulation-is-so-special\" target=\"_blank\" rel=\"noreferrer noopener\">National Geographic<\/a><\/strong>, um tempo considerado curto demais.<\/p>\n\n\n\n<div class=\"wp-block-image\"><figure class=\"alignleft size-large is-resized\"><img loading=\"lazy\" decoding=\"async\" src=\"https:\/\/jornalfatosenoticias.com.br\/wp-content\/uploads\/2020\/02\/nova-logo-Marquetti.jpg\" alt=\"\" class=\"wp-image-22331\" width=\"256\" height=\"172\" srcset=\"https:\/\/jornalfatosenoticias.com.br\/wp-content\/uploads\/2020\/02\/nova-logo-Marquetti.jpg 643w, https:\/\/jornalfatosenoticias.com.br\/wp-content\/uploads\/2020\/02\/nova-logo-Marquetti-300x202.jpg 300w\" sizes=\"auto, (max-width: 256px) 100vw, 256px\" \/><\/figure><\/div>\n\n\n\n<p>A nova pesquisa, <strong><a href=\"https:\/\/www.science.org\/doi\/10.1126\/science.abq5267\" target=\"_blank\" rel=\"noreferrer noopener\">publicada na revista Science<\/a>,<\/strong> apresenta evid\u00eancias de DNA que revelam que algumas centenas de ursos que vivem nesta parte da Groenl\u00e2ndia s\u00e3o diferentes o suficiente para serem considerados a 20\u00aa subpopula\u00e7\u00e3o da esp\u00e9cie conhecida at\u00e9 hoje. E, de acordo com os cientistas, os ursos-polares em quest\u00e3o parecem ter sobrevivido gra\u00e7as ao gelo proveniente da \u00e1gua doce das geleiras que des\u00e1guam no mar.<br>Enquanto os ursos que vivem no nordeste da Groenl\u00e2ndia percorrem uma m\u00e9dia de dez quil\u00f4metros por dia andando pelo gelo marinho, os do sudeste ficam perto da costa em uma s\u00e9rie de fiordes \u2014 enseadas esculpidas por geleiras que s\u00e3o alimentadas pela calota de gelo. Nos meses de ver\u00e3o, peda\u00e7os deste gelo caem no oceano, criando o que os cientistas chamam de &#8220;geleira de \u00e1gua doce&#8221;, uma lama grossa que pode se compactar o suficiente para que os ursos-polares andem por l\u00e1 e cacem.<\/p>\n\n\n\n<div class=\"wp-block-image\"><figure class=\"alignright size-large is-resized\"><img loading=\"lazy\" decoding=\"async\" src=\"https:\/\/jornalfatosenoticias.com.br\/wp-content\/uploads\/2022\/02\/Precisao-Contabilidade-1024x724.jpg\" alt=\"\" class=\"wp-image-28088\" width=\"271\" height=\"191\"\/><\/figure><\/div>\n\n\n\n<p>O estudo afirma que a descoberta \u00e9 um vislumbre de esperan\u00e7a para a esp\u00e9cie, j\u00e1 que as condi\u00e7\u00f5es no sudeste da Groenl\u00e2ndia hoje s\u00e3o semelhantes \u00e0s esperadas para as partes mais frias do \u00c1rtico, seu lar mais comum, no final deste s\u00e9culo. \u201cAcho que eles podem nos ensinar algo sobre onde raros e pequenos n\u00fameros de ursos-polares podem se manter em um \u00c1rtico sem gelo\u201d, disse Kristin Laidre, da Universidade de Washington, ao <strong><a href=\"https:\/\/www.theguardian.com\/world\/2022\/jun\/16\/polar-bears-found-thriving-greenland-despite-lack-of-sea-ice-offer-hope-for-species\" target=\"_blank\" rel=\"noreferrer noopener\">The Guardian<\/a>.<\/strong><br>Apesar de apresentar um resultado otimista, os autores enfatizam que a conclus\u00e3o deste estudo n\u00e3o \u00e9 que os ursos-polares ser\u00e3o mais resistentes \u00e0s mudan\u00e7as clim\u00e1ticas do que se acreditava antes, mas sim que lugares como o sudeste da Groenl\u00e2ndia \u2014 onde o gelo das geleiras de \u00e1gua doce pode compensar a perda de gelo marinho \u2014 podem ser onde os ursos-polares far\u00e3o sua \u00faltima resist\u00eancia.<\/p>\n\n\n\n<div class=\"wp-block-image\"><figure class=\"aligncenter size-large is-resized\"><img loading=\"lazy\" decoding=\"async\" src=\"https:\/\/jornalfatosenoticias.com.br\/wp-content\/uploads\/2020\/02\/Logo_Mizu.png\" alt=\"\" class=\"wp-image-1441\" width=\"524\" height=\"64\" srcset=\"https:\/\/jornalfatosenoticias.com.br\/wp-content\/uploads\/2020\/02\/Logo_Mizu.png 729w, https:\/\/jornalfatosenoticias.com.br\/wp-content\/uploads\/2020\/02\/Logo_Mizu-300x37.png 300w\" sizes=\"auto, (max-width: 524px) 100vw, 524px\" \/><\/figure><\/div>\n\n\n\n<p><strong><em>Fonte: <a href=\"https:\/\/umsoplaneta.globo.com\/biodiversidade\/noticia\/2022\/06\/17\/ursos-polares-que-sobrevivem-com-menos-gelo-oferecem-esperanca-para-futuro-da-especie-diz-estudo.ghtml\">Um S\u00f3 Planeta<\/a><\/em><\/strong><\/p>\n","protected":false},"excerpt":{"rendered":"<p>Novo grupo foi encontrado no sudeste da Groel\u00e2ndia; descoberta revela que local pode ser \u00faltimo basti\u00e3o da esp\u00e9cie com clima mais quente Quando se fala em mudan\u00e7as clim\u00e1ticas, uma das primeiras imagens que vem a mente \u00e9 a de um urso polar preso em um pequeno bloco de gelo \u00e0 deriva no oceano. A esp\u00e9cie, [&hellip;]<\/p>\n","protected":false},"author":2,"featured_media":31584,"comment_status":"open","ping_status":"open","sticky":false,"template":"","format":"standard","meta":{"footnotes":""},"categories":[8],"tags":[10117,4685,360,4083,14957],"class_list":["post-31583","post","type-post","status-publish","format-standard","has-post-thumbnail","hentry","category-meio-ambiente","tag-aumento-das-temperaturas","tag-degelo","tag-mudancas-climaticas","tag-ursos","tag-ursos-polares-2"],"yoast_head":"<!-- This site is optimized with the Yoast SEO plugin v26.5 - https:\/\/yoast.com\/wordpress\/plugins\/seo\/ -->\n<title>Ursos-polares que sobrevivem com menos gelo oferecem esperan\u00e7a para futuro da esp\u00e9cie, diz estudo - Jornal Fatos e Not\u00edcias<\/title>\n<meta name=\"robots\" content=\"index, follow, max-snippet:-1, max-image-preview:large, max-video-preview:-1\" \/>\n<link rel=\"canonical\" href=\"https:\/\/jornalfatosenoticias.com.br\/index.php\/2022\/06\/22\/ursos-polares-que-sobrevivem-com-menos-gelo-oferecem-esperanca-para-futuro-da-especie-diz-estudo\/\" \/>\n<meta property=\"og:locale\" content=\"pt_BR\" \/>\n<meta property=\"og:type\" content=\"article\" \/>\n<meta property=\"og:title\" content=\"Ursos-polares que sobrevivem com menos gelo oferecem esperan\u00e7a para futuro da esp\u00e9cie, diz estudo - Jornal Fatos e Not\u00edcias\" \/>\n<meta property=\"og:description\" content=\"Novo grupo foi encontrado no sudeste da Groel\u00e2ndia; descoberta revela que local pode ser \u00faltimo basti\u00e3o da esp\u00e9cie com clima mais quente Quando se fala em mudan\u00e7as clim\u00e1ticas, uma das primeiras imagens que vem a mente \u00e9 a de um urso polar preso em um pequeno bloco de gelo \u00e0 deriva no oceano. A esp\u00e9cie, [&hellip;]\" \/>\n<meta property=\"og:url\" content=\"https:\/\/jornalfatosenoticias.com.br\/index.php\/2022\/06\/22\/ursos-polares-que-sobrevivem-com-menos-gelo-oferecem-esperanca-para-futuro-da-especie-diz-estudo\/\" \/>\n<meta property=\"og:site_name\" content=\"Jornal Fatos e Not\u00edcias\" \/>\n<meta property=\"article:published_time\" content=\"2022-06-22T14:47:56+00:00\" \/>\n<meta property=\"article:modified_time\" content=\"2023-01-27T15:14:44+00:00\" \/>\n<meta property=\"og:image\" content=\"https:\/\/jornalfatosenoticias.com.br\/wp-content\/uploads\/2022\/06\/URSO-POLAR-MAGRO.jpg\" \/>\n\t<meta property=\"og:image:width\" content=\"1000\" \/>\n\t<meta property=\"og:image:height\" content=\"666\" \/>\n\t<meta property=\"og:image:type\" content=\"image\/jpeg\" \/>\n<meta name=\"author\" content=\"Luzimara Fernandes\" \/>\n<meta name=\"twitter:card\" content=\"summary_large_image\" \/>\n<meta name=\"twitter:label1\" content=\"Escrito por\" \/>\n\t<meta name=\"twitter:data1\" content=\"Luzimara Fernandes\" \/>\n\t<meta name=\"twitter:label2\" content=\"Est. tempo de leitura\" \/>\n\t<meta name=\"twitter:data2\" content=\"3 minutos\" \/>\n<script type=\"application\/ld+json\" class=\"yoast-schema-graph\">{\"@context\":\"https:\/\/schema.org\",\"@graph\":[{\"@type\":\"Article\",\"@id\":\"https:\/\/jornalfatosenoticias.com.br\/index.php\/2022\/06\/22\/ursos-polares-que-sobrevivem-com-menos-gelo-oferecem-esperanca-para-futuro-da-especie-diz-estudo\/#article\",\"isPartOf\":{\"@id\":\"https:\/\/jornalfatosenoticias.com.br\/index.php\/2022\/06\/22\/ursos-polares-que-sobrevivem-com-menos-gelo-oferecem-esperanca-para-futuro-da-especie-diz-estudo\/\"},\"author\":{\"name\":\"Luzimara Fernandes\",\"@id\":\"https:\/\/jornalfatosenoticias.com.br\/#\/schema\/person\/d63837fa13ac8666eb9e74e0985d6f81\"},\"headline\":\"Ursos-polares que sobrevivem com menos gelo oferecem esperan\u00e7a para futuro da esp\u00e9cie, diz estudo\",\"datePublished\":\"2022-06-22T14:47:56+00:00\",\"dateModified\":\"2023-01-27T15:14:44+00:00\",\"mainEntityOfPage\":{\"@id\":\"https:\/\/jornalfatosenoticias.com.br\/index.php\/2022\/06\/22\/ursos-polares-que-sobrevivem-com-menos-gelo-oferecem-esperanca-para-futuro-da-especie-diz-estudo\/\"},\"wordCount\":525,\"commentCount\":0,\"publisher\":{\"@id\":\"https:\/\/jornalfatosenoticias.com.br\/#organization\"},\"image\":{\"@id\":\"https:\/\/jornalfatosenoticias.com.br\/index.php\/2022\/06\/22\/ursos-polares-que-sobrevivem-com-menos-gelo-oferecem-esperanca-para-futuro-da-especie-diz-estudo\/#primaryimage\"},\"thumbnailUrl\":\"https:\/\/jornalfatosenoticias.com.br\/wp-content\/uploads\/2022\/06\/URSO-POLAR-MAGRO.jpg\",\"keywords\":[\"aumento das temperaturas\",\"degelo\",\"mudan\u00e7as clim\u00e1ticas\",\"ursos\",\"ursos-polares\"],\"articleSection\":[\"Meio ambiente\"],\"inLanguage\":\"pt-BR\",\"potentialAction\":[{\"@type\":\"CommentAction\",\"name\":\"Comment\",\"target\":[\"https:\/\/jornalfatosenoticias.com.br\/index.php\/2022\/06\/22\/ursos-polares-que-sobrevivem-com-menos-gelo-oferecem-esperanca-para-futuro-da-especie-diz-estudo\/#respond\"]}]},{\"@type\":\"WebPage\",\"@id\":\"https:\/\/jornalfatosenoticias.com.br\/index.php\/2022\/06\/22\/ursos-polares-que-sobrevivem-com-menos-gelo-oferecem-esperanca-para-futuro-da-especie-diz-estudo\/\",\"url\":\"https:\/\/jornalfatosenoticias.com.br\/index.php\/2022\/06\/22\/ursos-polares-que-sobrevivem-com-menos-gelo-oferecem-esperanca-para-futuro-da-especie-diz-estudo\/\",\"name\":\"Ursos-polares que sobrevivem com menos gelo oferecem esperan\u00e7a para futuro da esp\u00e9cie, diz estudo - Jornal Fatos e Not\u00edcias\",\"isPartOf\":{\"@id\":\"https:\/\/jornalfatosenoticias.com.br\/#website\"},\"primaryImageOfPage\":{\"@id\":\"https:\/\/jornalfatosenoticias.com.br\/index.php\/2022\/06\/22\/ursos-polares-que-sobrevivem-com-menos-gelo-oferecem-esperanca-para-futuro-da-especie-diz-estudo\/#primaryimage\"},\"image\":{\"@id\":\"https:\/\/jornalfatosenoticias.com.br\/index.php\/2022\/06\/22\/ursos-polares-que-sobrevivem-com-menos-gelo-oferecem-esperanca-para-futuro-da-especie-diz-estudo\/#primaryimage\"},\"thumbnailUrl\":\"https:\/\/jornalfatosenoticias.com.br\/wp-content\/uploads\/2022\/06\/URSO-POLAR-MAGRO.jpg\",\"datePublished\":\"2022-06-22T14:47:56+00:00\",\"dateModified\":\"2023-01-27T15:14:44+00:00\",\"breadcrumb\":{\"@id\":\"https:\/\/jornalfatosenoticias.com.br\/index.php\/2022\/06\/22\/ursos-polares-que-sobrevivem-com-menos-gelo-oferecem-esperanca-para-futuro-da-especie-diz-estudo\/#breadcrumb\"},\"inLanguage\":\"pt-BR\",\"potentialAction\":[{\"@type\":\"ReadAction\",\"target\":[\"https:\/\/jornalfatosenoticias.com.br\/index.php\/2022\/06\/22\/ursos-polares-que-sobrevivem-com-menos-gelo-oferecem-esperanca-para-futuro-da-especie-diz-estudo\/\"]}]},{\"@type\":\"ImageObject\",\"inLanguage\":\"pt-BR\",\"@id\":\"https:\/\/jornalfatosenoticias.com.br\/index.php\/2022\/06\/22\/ursos-polares-que-sobrevivem-com-menos-gelo-oferecem-esperanca-para-futuro-da-especie-diz-estudo\/#primaryimage\",\"url\":\"https:\/\/jornalfatosenoticias.com.br\/wp-content\/uploads\/2022\/06\/URSO-POLAR-MAGRO.jpg\",\"contentUrl\":\"https:\/\/jornalfatosenoticias.com.br\/wp-content\/uploads\/2022\/06\/URSO-POLAR-MAGRO.jpg\",\"width\":1000,\"height\":666},{\"@type\":\"BreadcrumbList\",\"@id\":\"https:\/\/jornalfatosenoticias.com.br\/index.php\/2022\/06\/22\/ursos-polares-que-sobrevivem-com-menos-gelo-oferecem-esperanca-para-futuro-da-especie-diz-estudo\/#breadcrumb\",\"itemListElement\":[{\"@type\":\"ListItem\",\"position\":1,\"name\":\"In\u00edcio\",\"item\":\"https:\/\/jornalfatosenoticias.com.br\/\"},{\"@type\":\"ListItem\",\"position\":2,\"name\":\"Ursos-polares que sobrevivem com menos gelo oferecem esperan\u00e7a para futuro da esp\u00e9cie, diz estudo\"}]},{\"@type\":\"WebSite\",\"@id\":\"https:\/\/jornalfatosenoticias.com.br\/#website\",\"url\":\"https:\/\/jornalfatosenoticias.com.br\/\",\"name\":\"Jornal Fatos e Not\u00edcias\",\"description\":\"Not\u00edcias em geral\",\"publisher\":{\"@id\":\"https:\/\/jornalfatosenoticias.com.br\/#organization\"},\"potentialAction\":[{\"@type\":\"SearchAction\",\"target\":{\"@type\":\"EntryPoint\",\"urlTemplate\":\"https:\/\/jornalfatosenoticias.com.br\/?s={search_term_string}\"},\"query-input\":{\"@type\":\"PropertyValueSpecification\",\"valueRequired\":true,\"valueName\":\"search_term_string\"}}],\"inLanguage\":\"pt-BR\"},{\"@type\":\"Organization\",\"@id\":\"https:\/\/jornalfatosenoticias.com.br\/#organization\",\"name\":\"Jornal Fatos e Not\u00edcias\",\"url\":\"https:\/\/jornalfatosenoticias.com.br\/\",\"logo\":{\"@type\":\"ImageObject\",\"inLanguage\":\"pt-BR\",\"@id\":\"https:\/\/jornalfatosenoticias.com.br\/#\/schema\/logo\/image\/\",\"url\":\"https:\/\/jornalfatosenoticias.com.br\/wp-content\/uploads\/2020\/02\/logo120.png\",\"contentUrl\":\"https:\/\/jornalfatosenoticias.com.br\/wp-content\/uploads\/2020\/02\/logo120.png\",\"width\":1227,\"height\":120,\"caption\":\"Jornal Fatos e Not\u00edcias\"},\"image\":{\"@id\":\"https:\/\/jornalfatosenoticias.com.br\/#\/schema\/logo\/image\/\"}},{\"@type\":\"Person\",\"@id\":\"https:\/\/jornalfatosenoticias.com.br\/#\/schema\/person\/d63837fa13ac8666eb9e74e0985d6f81\",\"name\":\"Luzimara Fernandes\",\"image\":{\"@type\":\"ImageObject\",\"inLanguage\":\"pt-BR\",\"@id\":\"https:\/\/jornalfatosenoticias.com.br\/#\/schema\/person\/image\/\",\"url\":\"https:\/\/jornalfatosenoticias.com.br\/wp-content\/uploads\/2025\/05\/EU_portal.jpg\",\"contentUrl\":\"https:\/\/jornalfatosenoticias.com.br\/wp-content\/uploads\/2025\/05\/EU_portal.jpg\",\"caption\":\"Luzimara Fernandes\"},\"description\":\"Jornalista MTB 2358-ES\",\"sameAs\":[\"https:\/\/jornalfatosenoticias.com.br\"],\"url\":\"https:\/\/jornalfatosenoticias.com.br\/index.php\/author\/luzimara\/\"}]}<\/script>\n<!-- \/ Yoast SEO plugin. -->","yoast_head_json":{"title":"Ursos-polares que sobrevivem com menos gelo oferecem esperan\u00e7a para futuro da esp\u00e9cie, diz estudo - Jornal Fatos e Not\u00edcias","robots":{"index":"index","follow":"follow","max-snippet":"max-snippet:-1","max-image-preview":"max-image-preview:large","max-video-preview":"max-video-preview:-1"},"canonical":"https:\/\/jornalfatosenoticias.com.br\/index.php\/2022\/06\/22\/ursos-polares-que-sobrevivem-com-menos-gelo-oferecem-esperanca-para-futuro-da-especie-diz-estudo\/","og_locale":"pt_BR","og_type":"article","og_title":"Ursos-polares que sobrevivem com menos gelo oferecem esperan\u00e7a para futuro da esp\u00e9cie, diz estudo - Jornal Fatos e Not\u00edcias","og_description":"Novo grupo foi encontrado no sudeste da Groel\u00e2ndia; descoberta revela que local pode ser \u00faltimo basti\u00e3o da esp\u00e9cie com clima mais quente Quando se fala em mudan\u00e7as clim\u00e1ticas, uma das primeiras imagens que vem a mente \u00e9 a de um urso polar preso em um pequeno bloco de gelo \u00e0 deriva no oceano. A esp\u00e9cie, [&hellip;]","og_url":"https:\/\/jornalfatosenoticias.com.br\/index.php\/2022\/06\/22\/ursos-polares-que-sobrevivem-com-menos-gelo-oferecem-esperanca-para-futuro-da-especie-diz-estudo\/","og_site_name":"Jornal Fatos e Not\u00edcias","article_published_time":"2022-06-22T14:47:56+00:00","article_modified_time":"2023-01-27T15:14:44+00:00","og_image":[{"width":1000,"height":666,"url":"https:\/\/jornalfatosenoticias.com.br\/wp-content\/uploads\/2022\/06\/URSO-POLAR-MAGRO.jpg","type":"image\/jpeg"}],"author":"Luzimara Fernandes","twitter_card":"summary_large_image","twitter_misc":{"Escrito por":"Luzimara Fernandes","Est. tempo de leitura":"3 minutos"},"schema":{"@context":"https:\/\/schema.org","@graph":[{"@type":"Article","@id":"https:\/\/jornalfatosenoticias.com.br\/index.php\/2022\/06\/22\/ursos-polares-que-sobrevivem-com-menos-gelo-oferecem-esperanca-para-futuro-da-especie-diz-estudo\/#article","isPartOf":{"@id":"https:\/\/jornalfatosenoticias.com.br\/index.php\/2022\/06\/22\/ursos-polares-que-sobrevivem-com-menos-gelo-oferecem-esperanca-para-futuro-da-especie-diz-estudo\/"},"author":{"name":"Luzimara Fernandes","@id":"https:\/\/jornalfatosenoticias.com.br\/#\/schema\/person\/d63837fa13ac8666eb9e74e0985d6f81"},"headline":"Ursos-polares que sobrevivem com menos gelo oferecem esperan\u00e7a para futuro da esp\u00e9cie, diz estudo","datePublished":"2022-06-22T14:47:56+00:00","dateModified":"2023-01-27T15:14:44+00:00","mainEntityOfPage":{"@id":"https:\/\/jornalfatosenoticias.com.br\/index.php\/2022\/06\/22\/ursos-polares-que-sobrevivem-com-menos-gelo-oferecem-esperanca-para-futuro-da-especie-diz-estudo\/"},"wordCount":525,"commentCount":0,"publisher":{"@id":"https:\/\/jornalfatosenoticias.com.br\/#organization"},"image":{"@id":"https:\/\/jornalfatosenoticias.com.br\/index.php\/2022\/06\/22\/ursos-polares-que-sobrevivem-com-menos-gelo-oferecem-esperanca-para-futuro-da-especie-diz-estudo\/#primaryimage"},"thumbnailUrl":"https:\/\/jornalfatosenoticias.com.br\/wp-content\/uploads\/2022\/06\/URSO-POLAR-MAGRO.jpg","keywords":["aumento das temperaturas","degelo","mudan\u00e7as clim\u00e1ticas","ursos","ursos-polares"],"articleSection":["Meio ambiente"],"inLanguage":"pt-BR","potentialAction":[{"@type":"CommentAction","name":"Comment","target":["https:\/\/jornalfatosenoticias.com.br\/index.php\/2022\/06\/22\/ursos-polares-que-sobrevivem-com-menos-gelo-oferecem-esperanca-para-futuro-da-especie-diz-estudo\/#respond"]}]},{"@type":"WebPage","@id":"https:\/\/jornalfatosenoticias.com.br\/index.php\/2022\/06\/22\/ursos-polares-que-sobrevivem-com-menos-gelo-oferecem-esperanca-para-futuro-da-especie-diz-estudo\/","url":"https:\/\/jornalfatosenoticias.com.br\/index.php\/2022\/06\/22\/ursos-polares-que-sobrevivem-com-menos-gelo-oferecem-esperanca-para-futuro-da-especie-diz-estudo\/","name":"Ursos-polares que sobrevivem com menos gelo oferecem esperan\u00e7a para futuro da esp\u00e9cie, diz estudo - Jornal Fatos e Not\u00edcias","isPartOf":{"@id":"https:\/\/jornalfatosenoticias.com.br\/#website"},"primaryImageOfPage":{"@id":"https:\/\/jornalfatosenoticias.com.br\/index.php\/2022\/06\/22\/ursos-polares-que-sobrevivem-com-menos-gelo-oferecem-esperanca-para-futuro-da-especie-diz-estudo\/#primaryimage"},"image":{"@id":"https:\/\/jornalfatosenoticias.com.br\/index.php\/2022\/06\/22\/ursos-polares-que-sobrevivem-com-menos-gelo-oferecem-esperanca-para-futuro-da-especie-diz-estudo\/#primaryimage"},"thumbnailUrl":"https:\/\/jornalfatosenoticias.com.br\/wp-content\/uploads\/2022\/06\/URSO-POLAR-MAGRO.jpg","datePublished":"2022-06-22T14:47:56+00:00","dateModified":"2023-01-27T15:14:44+00:00","breadcrumb":{"@id":"https:\/\/jornalfatosenoticias.com.br\/index.php\/2022\/06\/22\/ursos-polares-que-sobrevivem-com-menos-gelo-oferecem-esperanca-para-futuro-da-especie-diz-estudo\/#breadcrumb"},"inLanguage":"pt-BR","potentialAction":[{"@type":"ReadAction","target":["https:\/\/jornalfatosenoticias.com.br\/index.php\/2022\/06\/22\/ursos-polares-que-sobrevivem-com-menos-gelo-oferecem-esperanca-para-futuro-da-especie-diz-estudo\/"]}]},{"@type":"ImageObject","inLanguage":"pt-BR","@id":"https:\/\/jornalfatosenoticias.com.br\/index.php\/2022\/06\/22\/ursos-polares-que-sobrevivem-com-menos-gelo-oferecem-esperanca-para-futuro-da-especie-diz-estudo\/#primaryimage","url":"https:\/\/jornalfatosenoticias.com.br\/wp-content\/uploads\/2022\/06\/URSO-POLAR-MAGRO.jpg","contentUrl":"https:\/\/jornalfatosenoticias.com.br\/wp-content\/uploads\/2022\/06\/URSO-POLAR-MAGRO.jpg","width":1000,"height":666},{"@type":"BreadcrumbList","@id":"https:\/\/jornalfatosenoticias.com.br\/index.php\/2022\/06\/22\/ursos-polares-que-sobrevivem-com-menos-gelo-oferecem-esperanca-para-futuro-da-especie-diz-estudo\/#breadcrumb","itemListElement":[{"@type":"ListItem","position":1,"name":"In\u00edcio","item":"https:\/\/jornalfatosenoticias.com.br\/"},{"@type":"ListItem","position":2,"name":"Ursos-polares que sobrevivem com menos gelo oferecem esperan\u00e7a para futuro da esp\u00e9cie, diz estudo"}]},{"@type":"WebSite","@id":"https:\/\/jornalfatosenoticias.com.br\/#website","url":"https:\/\/jornalfatosenoticias.com.br\/","name":"Jornal Fatos e Not\u00edcias","description":"Not\u00edcias em geral","publisher":{"@id":"https:\/\/jornalfatosenoticias.com.br\/#organization"},"potentialAction":[{"@type":"SearchAction","target":{"@type":"EntryPoint","urlTemplate":"https:\/\/jornalfatosenoticias.com.br\/?s={search_term_string}"},"query-input":{"@type":"PropertyValueSpecification","valueRequired":true,"valueName":"search_term_string"}}],"inLanguage":"pt-BR"},{"@type":"Organization","@id":"https:\/\/jornalfatosenoticias.com.br\/#organization","name":"Jornal Fatos e Not\u00edcias","url":"https:\/\/jornalfatosenoticias.com.br\/","logo":{"@type":"ImageObject","inLanguage":"pt-BR","@id":"https:\/\/jornalfatosenoticias.com.br\/#\/schema\/logo\/image\/","url":"https:\/\/jornalfatosenoticias.com.br\/wp-content\/uploads\/2020\/02\/logo120.png","contentUrl":"https:\/\/jornalfatosenoticias.com.br\/wp-content\/uploads\/2020\/02\/logo120.png","width":1227,"height":120,"caption":"Jornal Fatos e Not\u00edcias"},"image":{"@id":"https:\/\/jornalfatosenoticias.com.br\/#\/schema\/logo\/image\/"}},{"@type":"Person","@id":"https:\/\/jornalfatosenoticias.com.br\/#\/schema\/person\/d63837fa13ac8666eb9e74e0985d6f81","name":"Luzimara Fernandes","image":{"@type":"ImageObject","inLanguage":"pt-BR","@id":"https:\/\/jornalfatosenoticias.com.br\/#\/schema\/person\/image\/","url":"https:\/\/jornalfatosenoticias.com.br\/wp-content\/uploads\/2025\/05\/EU_portal.jpg","contentUrl":"https:\/\/jornalfatosenoticias.com.br\/wp-content\/uploads\/2025\/05\/EU_portal.jpg","caption":"Luzimara Fernandes"},"description":"Jornalista MTB 2358-ES","sameAs":["https:\/\/jornalfatosenoticias.com.br"],"url":"https:\/\/jornalfatosenoticias.com.br\/index.php\/author\/luzimara\/"}]}},"cc_featured_image_caption":{"caption_text":"(Foto: Reprodu\u00e7\u00e3o Facebook) ","source_text":"","source_url":""},"jetpack_featured_media_url":"https:\/\/jornalfatosenoticias.com.br\/wp-content\/uploads\/2022\/06\/URSO-POLAR-MAGRO.jpg","_links":{"self":[{"href":"https:\/\/jornalfatosenoticias.com.br\/index.php\/wp-json\/wp\/v2\/posts\/31583","targetHints":{"allow":["GET"]}}],"collection":[{"href":"https:\/\/jornalfatosenoticias.com.br\/index.php\/wp-json\/wp\/v2\/posts"}],"about":[{"href":"https:\/\/jornalfatosenoticias.com.br\/index.php\/wp-json\/wp\/v2\/types\/post"}],"author":[{"embeddable":true,"href":"https:\/\/jornalfatosenoticias.com.br\/index.php\/wp-json\/wp\/v2\/users\/2"}],"replies":[{"embeddable":true,"href":"https:\/\/jornalfatosenoticias.com.br\/index.php\/wp-json\/wp\/v2\/comments?post=31583"}],"version-history":[{"count":0,"href":"https:\/\/jornalfatosenoticias.com.br\/index.php\/wp-json\/wp\/v2\/posts\/31583\/revisions"}],"wp:featuredmedia":[{"embeddable":true,"href":"https:\/\/jornalfatosenoticias.com.br\/index.php\/wp-json\/wp\/v2\/media\/31584"}],"wp:attachment":[{"href":"https:\/\/jornalfatosenoticias.com.br\/index.php\/wp-json\/wp\/v2\/media?parent=31583"}],"wp:term":[{"taxonomy":"category","embeddable":true,"href":"https:\/\/jornalfatosenoticias.com.br\/index.php\/wp-json\/wp\/v2\/categories?post=31583"},{"taxonomy":"post_tag","embeddable":true,"href":"https:\/\/jornalfatosenoticias.com.br\/index.php\/wp-json\/wp\/v2\/tags?post=31583"}],"curies":[{"name":"wp","href":"https:\/\/api.w.org\/{rel}","templated":true}]}}