{"id":31594,"date":"2022-06-22T14:04:22","date_gmt":"2022-06-22T17:04:22","guid":{"rendered":"https:\/\/jornalfatosenoticias.com.br\/?p=31594"},"modified":"2022-06-22T14:04:27","modified_gmt":"2022-06-22T17:04:27","slug":"brasil-a-ultima-fronteira-da-america-do-sul","status":"publish","type":"post","link":"https:\/\/jornalfatosenoticias.com.br\/index.php\/2022\/06\/22\/brasil-a-ultima-fronteira-da-america-do-sul\/","title":{"rendered":"Brasil, a \u00faltima fronteira da Am\u00e9rica do Sul"},"content":{"rendered":"\n<p><em><span class=\"has-inline-color has-black-color\">Nos tornamos a mais resistente muralha do mundo contra essa guerra pol\u00edtica e ideol\u00f3gica, n\u00e3o s\u00f3 aqui na Am\u00e9rica<\/span><\/em><\/p>\n\n\n\n<div class=\"wp-block-image\"><figure class=\"aligncenter size-large is-resized\"><img loading=\"lazy\" decoding=\"async\" src=\"https:\/\/jornalfatosenoticias.com.br\/wp-content\/uploads\/2020\/02\/Serra-Grande-1024x160.png\" alt=\"\" class=\"wp-image-7836\" width=\"376\" height=\"58\"\/><\/figure><\/div>\n\n\n\n<p>Depois de Gustavo Petro se eleger na Col\u00f4mbia, n\u00e3o podia deixar de manifestar minha preocupa\u00e7\u00e3o do risco iminente da esquerda voltar a governar o nosso querido Brasil varonil. Para os desatentos e \u00e0queles que torcem o nariz quando inicia-se um bate-papo sobre pol\u00edtica, ou mesmo aqueles que idolatram lar\u00e1pios, cuidado, a pobreza e a fome est\u00e3o querendo entrar de qualquer maneira em suas casas.<br>Ao contr\u00e1rio do que pregam, o regime comunista, c\u00e9lula cancer\u00edgena do socialismo, \u00e9 sin\u00f4nimo de caos e caminho para a desgra\u00e7a social. Foi assim em alguns pa\u00edses da \u00c1sia, da Europa, da \u00c1frica e das Am\u00e9ricas e n\u00e3o seria diferente se a esquerda, o que n\u00e3o vai acontecer, se Deus quiser, vencesse as elei\u00e7\u00f5es aqui no Brasil.<\/p>\n\n\n\n<div class=\"wp-block-image\"><figure class=\"aligncenter size-large is-resized\"><img loading=\"lazy\" decoding=\"async\" src=\"https:\/\/jornalfatosenoticias.com.br\/wp-content\/uploads\/2022\/03\/logo-Suinco-1024x390.jpg\" alt=\"\" class=\"wp-image-28785\" width=\"346\" height=\"131\"\/><\/figure><\/div>\n\n\n\n<div class=\"wp-block-jetpack-slideshow aligncenter\" data-effect=\"slide\"><div class=\"wp-block-jetpack-slideshow_container swiper-container\"><ul class=\"wp-block-jetpack-slideshow_swiper-wrapper swiper-wrapper\"><li class=\"wp-block-jetpack-slideshow_slide swiper-slide\"><figure><img loading=\"lazy\" decoding=\"async\" width=\"1000\" height=\"619\" alt=\"\" class=\"wp-block-jetpack-slideshow_image wp-image-31595\" data-id=\"31595\" src=\"https:\/\/jornalfatosenoticias.com.br\/wp-content\/uploads\/2022\/06\/Fila-supermercadona-Venezuela.jpg\" srcset=\"https:\/\/jornalfatosenoticias.com.br\/wp-content\/uploads\/2022\/06\/Fila-supermercadona-Venezuela.jpg 1000w, https:\/\/jornalfatosenoticias.com.br\/wp-content\/uploads\/2022\/06\/Fila-supermercadona-Venezuela-300x186.jpg 300w, https:\/\/jornalfatosenoticias.com.br\/wp-content\/uploads\/2022\/06\/Fila-supermercadona-Venezuela-768x475.jpg 768w\" sizes=\"auto, (max-width: 1000px) 100vw, 1000px\" \/><figcaption class=\"wp-block-jetpack-slideshow_caption gallery-caption\">Venezuelanos fazem fila em frente a um supermercado (Foto: Jorge Silva\/Reuters)<\/figcaption><\/figure><\/li><li class=\"wp-block-jetpack-slideshow_slide swiper-slide\"><figure><img loading=\"lazy\" decoding=\"async\" width=\"1000\" height=\"531\" alt=\"\" class=\"wp-block-jetpack-slideshow_image wp-image-31596\" data-id=\"31596\" src=\"https:\/\/jornalfatosenoticias.com.br\/wp-content\/uploads\/2022\/06\/Venezuela-SSS-478.jpg\" srcset=\"https:\/\/jornalfatosenoticias.com.br\/wp-content\/uploads\/2022\/06\/Venezuela-SSS-478.jpg 1000w, https:\/\/jornalfatosenoticias.com.br\/wp-content\/uploads\/2022\/06\/Venezuela-SSS-478-300x159.jpg 300w, https:\/\/jornalfatosenoticias.com.br\/wp-content\/uploads\/2022\/06\/Venezuela-SSS-478-768x408.jpg 768w\" sizes=\"auto, (max-width: 1000px) 100vw, 1000px\" \/><figcaption class=\"wp-block-jetpack-slideshow_caption gallery-caption\">Sem comida nem livros, escolas na Venezuela sofrem com falta de estudantes (Foto: Pixabay) <\/figcaption><\/figure><\/li><\/ul><a class=\"wp-block-jetpack-slideshow_button-prev swiper-button-prev swiper-button-white\" role=\"button\"><\/a><a class=\"wp-block-jetpack-slideshow_button-next swiper-button-next swiper-button-white\" role=\"button\"><\/a><a aria-label=\"Pause Slideshow\" class=\"wp-block-jetpack-slideshow_button-pause\" role=\"button\"><\/a><div class=\"wp-block-jetpack-slideshow_pagination swiper-pagination swiper-pagination-white\"><\/div><\/div><\/div>\n\n\n\n<div class=\"wp-block-image\"><figure class=\"alignleft size-large is-resized\"><img loading=\"lazy\" decoding=\"async\" src=\"https:\/\/jornalfatosenoticias.com.br\/wp-content\/uploads\/2020\/02\/nova-logo-Marquetti.jpg\" alt=\"\" class=\"wp-image-22331\" width=\"240\" height=\"161\" srcset=\"https:\/\/jornalfatosenoticias.com.br\/wp-content\/uploads\/2020\/02\/nova-logo-Marquetti.jpg 643w, https:\/\/jornalfatosenoticias.com.br\/wp-content\/uploads\/2020\/02\/nova-logo-Marquetti-300x202.jpg 300w\" sizes=\"auto, (max-width: 240px) 100vw, 240px\" \/><\/figure><\/div>\n\n\n\n<p>Argentinos, venezuelanos, cubanos conhecem muito bem essa realidade desastrosa e, agora, a Col\u00f4mbia, que s\u00f3 Deus sabe onde vai parar o povo colombiano ap\u00f3s eleger um ex-guerrilheiro. Em seu primeiro discurso, para a infelicidade dos colombianos de bem Petro disse: \u201cquanta gente morreu, quanta gente est\u00e1 presa hoje. Quantos jovens algemados, tratados como bandidos s\u00f3 porque tinham esperan\u00e7a, s\u00f3 porque tinham amor. Pe\u00e7o ao procurador-geral da na\u00e7\u00e3o que liberte a nossa juventude\u201d, apelou.<br>N\u00e3o estou julgando os presos daquele pa\u00eds, notaram alguma semelhan\u00e7a com os discursos do ex-presidi\u00e1rio e pr\u00e9-candidato Lula da Silva, gra\u00e7as \u00e0 vergonhosa composi\u00e7\u00e3o do Supremo Tribunal Federal (STF)? Lula da Silva, o mesmo que admitiu ter pedido ao ent\u00e3o presidente Fernando Henrique Cardoso para soltar os sequestradores do empres\u00e1rio Ab\u00edlio Diniz, que foi mantido em cativeiro por seis dias em 1989. Detalhe, h\u00e1 dois anos, um desses sequestradores que o Lula considerava meninos, matou um vigilante de banco.<\/p>\n\n\n\n<div class=\"wp-block-image\"><figure class=\"aligncenter size-large is-resized\"><img loading=\"lazy\" decoding=\"async\" src=\"https:\/\/jornalfatosenoticias.com.br\/wp-content\/uploads\/2022\/02\/Serra-Pack-459.png\" alt=\"\" class=\"wp-image-27471\" width=\"248\" height=\"99\"\/><\/figure><\/div>\n\n\n\n<div class=\"wp-block-jetpack-slideshow aligncenter\" data-effect=\"slide\"><div class=\"wp-block-jetpack-slideshow_container swiper-container\"><ul class=\"wp-block-jetpack-slideshow_swiper-wrapper swiper-wrapper\"><li class=\"wp-block-jetpack-slideshow_slide swiper-slide\"><figure><img loading=\"lazy\" decoding=\"async\" width=\"1024\" height=\"538\" alt=\"\" class=\"wp-block-jetpack-slideshow_image wp-image-31597\" data-id=\"31597\" src=\"https:\/\/jornalfatosenoticias.com.br\/wp-content\/uploads\/2022\/06\/transporte-publico_venezuela-1024x538.jpg\" srcset=\"https:\/\/jornalfatosenoticias.com.br\/wp-content\/uploads\/2022\/06\/transporte-publico_venezuela-1024x538.jpg 1024w, https:\/\/jornalfatosenoticias.com.br\/wp-content\/uploads\/2022\/06\/transporte-publico_venezuela-300x158.jpg 300w, https:\/\/jornalfatosenoticias.com.br\/wp-content\/uploads\/2022\/06\/transporte-publico_venezuela-768x404.jpg 768w, https:\/\/jornalfatosenoticias.com.br\/wp-content\/uploads\/2022\/06\/transporte-publico_venezuela-1536x807.jpg 1536w, https:\/\/jornalfatosenoticias.com.br\/wp-content\/uploads\/2022\/06\/transporte-publico_venezuela.jpg 1960w\" sizes=\"auto, (max-width: 1024px) 100vw, 1024px\" \/><figcaption class=\"wp-block-jetpack-slideshow_caption gallery-caption\">A vida sem transporte p\u00fablico na Venezuela (Foto: Marco Bello\/Reuters) <\/figcaption><\/figure><\/li><li class=\"wp-block-jetpack-slideshow_slide swiper-slide\"><figure><img loading=\"lazy\" decoding=\"async\" width=\"1000\" height=\"666\" alt=\"\" class=\"wp-block-jetpack-slideshow_image wp-image-31598\" data-id=\"31598\" src=\"https:\/\/jornalfatosenoticias.com.br\/wp-content\/uploads\/2022\/06\/Venezuela-478.jpg\" srcset=\"https:\/\/jornalfatosenoticias.com.br\/wp-content\/uploads\/2022\/06\/Venezuela-478.jpg 1000w, https:\/\/jornalfatosenoticias.com.br\/wp-content\/uploads\/2022\/06\/Venezuela-478-300x200.jpg 300w, https:\/\/jornalfatosenoticias.com.br\/wp-content\/uploads\/2022\/06\/Venezuela-478-768x511.jpg 768w\" sizes=\"auto, (max-width: 1000px) 100vw, 1000px\" \/><figcaption class=\"wp-block-jetpack-slideshow_caption gallery-caption\">Um homem espera para pegar comida em um dep\u00f3sito de lixo no bairro Las Minas de Baruta, Caracas, Venezuela (Foto: Ronaldo Schemidt\/AFP) <\/figcaption><\/figure><\/li><\/ul><a class=\"wp-block-jetpack-slideshow_button-prev swiper-button-prev swiper-button-white\" role=\"button\"><\/a><a class=\"wp-block-jetpack-slideshow_button-next swiper-button-next swiper-button-white\" role=\"button\"><\/a><a aria-label=\"Pause Slideshow\" class=\"wp-block-jetpack-slideshow_button-pause\" role=\"button\"><\/a><div class=\"wp-block-jetpack-slideshow_pagination swiper-pagination swiper-pagination-white\"><\/div><\/div><\/div>\n\n\n\n<div class=\"wp-block-image\"><figure class=\"alignright size-large is-resized\"><img loading=\"lazy\" decoding=\"async\" src=\"https:\/\/jornalfatosenoticias.com.br\/wp-content\/uploads\/2022\/02\/Precisao-Contabilidade-1024x724.jpg\" alt=\"\" class=\"wp-image-28088\" width=\"247\" height=\"174\"\/><\/figure><\/div>\n\n\n\n<p>Nos tornamos a mais resistente muralha do mundo contra essa guerra pol\u00edtica e ideol\u00f3gica, n\u00e3o s\u00f3 aqui na Am\u00e9rica. Somos grandes, temos riquezas naturais incalcul\u00e1veis, climas diversos, \u00e1gua em abund\u00e2ncia, extenso litoral, geografia e cultura variadas e com um solo riqu\u00edssimo em minerais. \u00c9 ou n\u00e3o \u00e9 de encher os olhos de qualquer malfeitor?<br>Estamos mais amadurecidos politicamente e com um presidente s\u00e9rio e comprometido. E como ele disse muito bem na C\u00fapula da Am\u00e9rica: \u201csomos respons\u00e1veis pela alimenta\u00e7\u00e3o de um sexto da popula\u00e7\u00e3o mundial; somos o Pa\u00eds que mais preserva o meio ambiente, 84% da maior floresta do mundo est\u00e1 intacta, abrigando a maior biodiversidade do planeta; emitimos apenas 3% de carbono no planeta e temos a matriz energ\u00e9tica mais limpa e diversificado do mundo\u201d.<\/p>\n\n\n\n<div class=\"wp-block-image\"><figure class=\"aligncenter size-large is-resized\"><img loading=\"lazy\" decoding=\"async\" src=\"https:\/\/jornalfatosenoticias.com.br\/wp-content\/uploads\/2022\/05\/NOVA-LOGO-CESCONETTO-1024x100.jpg\" alt=\"\" class=\"wp-image-30792\" width=\"499\" height=\"48\" srcset=\"https:\/\/jornalfatosenoticias.com.br\/wp-content\/uploads\/2022\/05\/NOVA-LOGO-CESCONETTO-1024x100.jpg 1024w, https:\/\/jornalfatosenoticias.com.br\/wp-content\/uploads\/2022\/05\/NOVA-LOGO-CESCONETTO-300x29.jpg 300w, https:\/\/jornalfatosenoticias.com.br\/wp-content\/uploads\/2022\/05\/NOVA-LOGO-CESCONETTO-768x75.jpg 768w, https:\/\/jornalfatosenoticias.com.br\/wp-content\/uploads\/2022\/05\/NOVA-LOGO-CESCONETTO.jpg 1280w\" sizes=\"auto, (max-width: 499px) 100vw, 499px\" \/><\/figure><\/div>\n\n\n\n<figure class=\"wp-block-image size-large\"><img loading=\"lazy\" decoding=\"async\" width=\"1000\" height=\"562\" src=\"https:\/\/jornalfatosenoticias.com.br\/wp-content\/uploads\/2022\/06\/Lula-e-maduro-KKK.jpg\" alt=\"\" class=\"wp-image-31599\" srcset=\"https:\/\/jornalfatosenoticias.com.br\/wp-content\/uploads\/2022\/06\/Lula-e-maduro-KKK.jpg 1000w, https:\/\/jornalfatosenoticias.com.br\/wp-content\/uploads\/2022\/06\/Lula-e-maduro-KKK-300x169.jpg 300w, https:\/\/jornalfatosenoticias.com.br\/wp-content\/uploads\/2022\/06\/Lula-e-maduro-KKK-768x432.jpg 768w\" sizes=\"auto, (max-width: 1000px) 100vw, 1000px\" \/><figcaption><em><span class=\"has-inline-color has-black-color\">Nicol\u00e1s Maduro e Lula, 96% de venezuelanos vivem na extrema pobreza (Foto: YouTube)<\/span><\/em><\/figcaption><\/figure>\n\n\n\n<div class=\"wp-block-image\"><figure class=\"aligncenter size-large is-resized\"><img loading=\"lazy\" decoding=\"async\" src=\"https:\/\/jornalfatosenoticias.com.br\/wp-content\/uploads\/2022\/02\/Arte-Autoescola-Galatas_endereco_portal-1024x103.png\" alt=\"\" class=\"wp-image-27869\" width=\"500\" height=\"50\" srcset=\"https:\/\/jornalfatosenoticias.com.br\/wp-content\/uploads\/2022\/02\/Arte-Autoescola-Galatas_endereco_portal-1024x103.png 1024w, https:\/\/jornalfatosenoticias.com.br\/wp-content\/uploads\/2022\/02\/Arte-Autoescola-Galatas_endereco_portal-300x30.png 300w, https:\/\/jornalfatosenoticias.com.br\/wp-content\/uploads\/2022\/02\/Arte-Autoescola-Galatas_endereco_portal-768x77.png 768w, https:\/\/jornalfatosenoticias.com.br\/wp-content\/uploads\/2022\/02\/Arte-Autoescola-Galatas_endereco_portal.png 1223w\" sizes=\"auto, (max-width: 500px) 100vw, 500px\" \/><\/figure><\/div>\n\n\n\n<p>Estamos indo muito bem, obrigado! H\u00e1 quase quatro anos sem nenhum esc\u00e2ndalo de corrup\u00e7\u00e3o na m\u00e1quina p\u00fablica. Temos o ministro Paulo Guedes muito bem na pasta econ\u00f4mica e t\u00e9cnicos altamente competentes, focados e alinhados com os prop\u00f3sitos pol\u00edticos do presidente, que \u00e9 de manter o Pa\u00eds nos trilhos da ordem e da prosperidade, que o governo petista conseguiu descarrilar nos seus quatorze anos de desgoverno.<br>Em suma, o Brasil n\u00e3o tem mais lugar para a esquerda, mesmo porque, ela j\u00e1 provou ser corrupta, ego\u00edsta e incompetente. O que n\u00f3s, eleitores, devemos pensar agora, e com muita responsabilidade, \u00e9 em outubro e n\u00e3o se deixar cair na armadilha igual \u00e0s que, infelizmente, nossos vizinhos pisaram.<\/p>\n\n\n\n<div class=\"wp-block-image\"><figure class=\"aligncenter size-large is-resized\"><img loading=\"lazy\" decoding=\"async\" src=\"https:\/\/jornalfatosenoticias.com.br\/wp-content\/uploads\/2020\/02\/banner_ferramentas-1024x100.jpg\" alt=\"\" class=\"wp-image-1258\" width=\"519\" height=\"50\" srcset=\"https:\/\/jornalfatosenoticias.com.br\/wp-content\/uploads\/2020\/02\/banner_ferramentas-1024x100.jpg 1024w, https:\/\/jornalfatosenoticias.com.br\/wp-content\/uploads\/2020\/02\/banner_ferramentas-300x29.jpg 300w, https:\/\/jornalfatosenoticias.com.br\/wp-content\/uploads\/2020\/02\/banner_ferramentas-768x75.jpg 768w, https:\/\/jornalfatosenoticias.com.br\/wp-content\/uploads\/2020\/02\/banner_ferramentas.jpg 1227w\" sizes=\"auto, (max-width: 519px) 100vw, 519px\" \/><\/figure><\/div>\n","protected":false},"excerpt":{"rendered":"<p>Nos tornamos a mais resistente muralha do mundo contra essa guerra pol\u00edtica e ideol\u00f3gica, n\u00e3o s\u00f3 aqui na Am\u00e9rica Depois de Gustavo Petro se eleger na Col\u00f4mbia, n\u00e3o podia deixar de manifestar minha preocupa\u00e7\u00e3o do risco iminente da esquerda voltar a governar o nosso querido Brasil varonil. Para os desatentos e \u00e0queles que torcem o [&hellip;]<\/p>\n","protected":false},"author":3,"featured_media":31600,"comment_status":"open","ping_status":"open","sticky":false,"template":"","format":"standard","meta":{"footnotes":""},"categories":[10],"tags":[240,1039,4969,1206,1202,828,4493,8605],"class_list":["post-31594","post","type-post","status-publish","format-standard","has-post-thumbnail","hentry","category-politica","tag-economia","tag-eleicoes","tag-manifestacao","tag-miseria","tag-pobreza","tag-populacao","tag-socialismo","tag-venezuela"],"yoast_head":"<!-- This site is optimized with the Yoast SEO plugin v26.5 - https:\/\/yoast.com\/wordpress\/plugins\/seo\/ -->\n<title>Brasil, a \u00faltima fronteira da Am\u00e9rica do Sul - Jornal Fatos e Not\u00edcias<\/title>\n<meta name=\"robots\" content=\"index, follow, max-snippet:-1, max-image-preview:large, max-video-preview:-1\" \/>\n<link rel=\"canonical\" href=\"https:\/\/jornalfatosenoticias.com.br\/index.php\/2022\/06\/22\/brasil-a-ultima-fronteira-da-america-do-sul\/\" \/>\n<meta property=\"og:locale\" content=\"pt_BR\" \/>\n<meta property=\"og:type\" content=\"article\" \/>\n<meta property=\"og:title\" content=\"Brasil, a \u00faltima fronteira da Am\u00e9rica do Sul - Jornal Fatos e Not\u00edcias\" \/>\n<meta property=\"og:description\" content=\"Nos tornamos a mais resistente muralha do mundo contra essa guerra pol\u00edtica e ideol\u00f3gica, n\u00e3o s\u00f3 aqui na Am\u00e9rica Depois de Gustavo Petro se eleger na Col\u00f4mbia, n\u00e3o podia deixar de manifestar minha preocupa\u00e7\u00e3o do risco iminente da esquerda voltar a governar o nosso querido Brasil varonil. Para os desatentos e \u00e0queles que torcem o [&hellip;]\" \/>\n<meta property=\"og:url\" content=\"https:\/\/jornalfatosenoticias.com.br\/index.php\/2022\/06\/22\/brasil-a-ultima-fronteira-da-america-do-sul\/\" \/>\n<meta property=\"og:site_name\" content=\"Jornal Fatos e Not\u00edcias\" \/>\n<meta property=\"article:published_time\" content=\"2022-06-22T17:04:22+00:00\" \/>\n<meta property=\"article:modified_time\" content=\"2022-06-22T17:04:27+00:00\" \/>\n<meta property=\"og:image\" content=\"https:\/\/jornalfatosenoticias.com.br\/wp-content\/uploads\/2022\/06\/bolsonaro_paulo-guedes_Marcos-Correa-PR.jpg\" \/>\n\t<meta property=\"og:image:width\" content=\"1000\" \/>\n\t<meta property=\"og:image:height\" content=\"636\" \/>\n\t<meta property=\"og:image:type\" content=\"image\/jpeg\" \/>\n<meta name=\"author\" content=\"Haroldo Filho\" \/>\n<meta name=\"twitter:card\" content=\"summary_large_image\" \/>\n<meta name=\"twitter:label1\" content=\"Escrito por\" \/>\n\t<meta name=\"twitter:data1\" content=\"Haroldo Filho\" \/>\n\t<meta name=\"twitter:label2\" content=\"Est. tempo de leitura\" \/>\n\t<meta name=\"twitter:data2\" content=\"3 minutos\" \/>\n<script type=\"application\/ld+json\" class=\"yoast-schema-graph\">{\"@context\":\"https:\/\/schema.org\",\"@graph\":[{\"@type\":\"Article\",\"@id\":\"https:\/\/jornalfatosenoticias.com.br\/index.php\/2022\/06\/22\/brasil-a-ultima-fronteira-da-america-do-sul\/#article\",\"isPartOf\":{\"@id\":\"https:\/\/jornalfatosenoticias.com.br\/index.php\/2022\/06\/22\/brasil-a-ultima-fronteira-da-america-do-sul\/\"},\"author\":{\"name\":\"Haroldo Filho\",\"@id\":\"https:\/\/jornalfatosenoticias.com.br\/#\/schema\/person\/05c46cc25b42a5c27e004fb0fa6b4965\"},\"headline\":\"Brasil, a \u00faltima fronteira da Am\u00e9rica do Sul\",\"datePublished\":\"2022-06-22T17:04:22+00:00\",\"dateModified\":\"2022-06-22T17:04:27+00:00\",\"mainEntityOfPage\":{\"@id\":\"https:\/\/jornalfatosenoticias.com.br\/index.php\/2022\/06\/22\/brasil-a-ultima-fronteira-da-america-do-sul\/\"},\"wordCount\":671,\"commentCount\":0,\"publisher\":{\"@id\":\"https:\/\/jornalfatosenoticias.com.br\/#organization\"},\"image\":{\"@id\":\"https:\/\/jornalfatosenoticias.com.br\/index.php\/2022\/06\/22\/brasil-a-ultima-fronteira-da-america-do-sul\/#primaryimage\"},\"thumbnailUrl\":\"https:\/\/jornalfatosenoticias.com.br\/wp-content\/uploads\/2022\/06\/bolsonaro_paulo-guedes_Marcos-Correa-PR.jpg\",\"keywords\":[\"economia\",\"elei\u00e7\u00f5es\",\"manifesta\u00e7\u00e3o\",\"mis\u00e9ria\",\"pobreza\",\"popula\u00e7\u00e3o\",\"Socialismo\",\"Venezuela\"],\"articleSection\":[\"Pol\u00edtica\"],\"inLanguage\":\"pt-BR\",\"potentialAction\":[{\"@type\":\"CommentAction\",\"name\":\"Comment\",\"target\":[\"https:\/\/jornalfatosenoticias.com.br\/index.php\/2022\/06\/22\/brasil-a-ultima-fronteira-da-america-do-sul\/#respond\"]}]},{\"@type\":\"WebPage\",\"@id\":\"https:\/\/jornalfatosenoticias.com.br\/index.php\/2022\/06\/22\/brasil-a-ultima-fronteira-da-america-do-sul\/\",\"url\":\"https:\/\/jornalfatosenoticias.com.br\/index.php\/2022\/06\/22\/brasil-a-ultima-fronteira-da-america-do-sul\/\",\"name\":\"Brasil, a \u00faltima fronteira da Am\u00e9rica do Sul - Jornal Fatos e Not\u00edcias\",\"isPartOf\":{\"@id\":\"https:\/\/jornalfatosenoticias.com.br\/#website\"},\"primaryImageOfPage\":{\"@id\":\"https:\/\/jornalfatosenoticias.com.br\/index.php\/2022\/06\/22\/brasil-a-ultima-fronteira-da-america-do-sul\/#primaryimage\"},\"image\":{\"@id\":\"https:\/\/jornalfatosenoticias.com.br\/index.php\/2022\/06\/22\/brasil-a-ultima-fronteira-da-america-do-sul\/#primaryimage\"},\"thumbnailUrl\":\"https:\/\/jornalfatosenoticias.com.br\/wp-content\/uploads\/2022\/06\/bolsonaro_paulo-guedes_Marcos-Correa-PR.jpg\",\"datePublished\":\"2022-06-22T17:04:22+00:00\",\"dateModified\":\"2022-06-22T17:04:27+00:00\",\"breadcrumb\":{\"@id\":\"https:\/\/jornalfatosenoticias.com.br\/index.php\/2022\/06\/22\/brasil-a-ultima-fronteira-da-america-do-sul\/#breadcrumb\"},\"inLanguage\":\"pt-BR\",\"potentialAction\":[{\"@type\":\"ReadAction\",\"target\":[\"https:\/\/jornalfatosenoticias.com.br\/index.php\/2022\/06\/22\/brasil-a-ultima-fronteira-da-america-do-sul\/\"]}]},{\"@type\":\"ImageObject\",\"inLanguage\":\"pt-BR\",\"@id\":\"https:\/\/jornalfatosenoticias.com.br\/index.php\/2022\/06\/22\/brasil-a-ultima-fronteira-da-america-do-sul\/#primaryimage\",\"url\":\"https:\/\/jornalfatosenoticias.com.br\/wp-content\/uploads\/2022\/06\/bolsonaro_paulo-guedes_Marcos-Correa-PR.jpg\",\"contentUrl\":\"https:\/\/jornalfatosenoticias.com.br\/wp-content\/uploads\/2022\/06\/bolsonaro_paulo-guedes_Marcos-Correa-PR.jpg\",\"width\":1000,\"height\":636},{\"@type\":\"BreadcrumbList\",\"@id\":\"https:\/\/jornalfatosenoticias.com.br\/index.php\/2022\/06\/22\/brasil-a-ultima-fronteira-da-america-do-sul\/#breadcrumb\",\"itemListElement\":[{\"@type\":\"ListItem\",\"position\":1,\"name\":\"In\u00edcio\",\"item\":\"https:\/\/jornalfatosenoticias.com.br\/\"},{\"@type\":\"ListItem\",\"position\":2,\"name\":\"Brasil, a \u00faltima fronteira da Am\u00e9rica do Sul\"}]},{\"@type\":\"WebSite\",\"@id\":\"https:\/\/jornalfatosenoticias.com.br\/#website\",\"url\":\"https:\/\/jornalfatosenoticias.com.br\/\",\"name\":\"Jornal Fatos e Not\u00edcias\",\"description\":\"Not\u00edcias em geral\",\"publisher\":{\"@id\":\"https:\/\/jornalfatosenoticias.com.br\/#organization\"},\"potentialAction\":[{\"@type\":\"SearchAction\",\"target\":{\"@type\":\"EntryPoint\",\"urlTemplate\":\"https:\/\/jornalfatosenoticias.com.br\/?s={search_term_string}\"},\"query-input\":{\"@type\":\"PropertyValueSpecification\",\"valueRequired\":true,\"valueName\":\"search_term_string\"}}],\"inLanguage\":\"pt-BR\"},{\"@type\":\"Organization\",\"@id\":\"https:\/\/jornalfatosenoticias.com.br\/#organization\",\"name\":\"Jornal Fatos e Not\u00edcias\",\"url\":\"https:\/\/jornalfatosenoticias.com.br\/\",\"logo\":{\"@type\":\"ImageObject\",\"inLanguage\":\"pt-BR\",\"@id\":\"https:\/\/jornalfatosenoticias.com.br\/#\/schema\/logo\/image\/\",\"url\":\"https:\/\/jornalfatosenoticias.com.br\/wp-content\/uploads\/2020\/02\/logo120.png\",\"contentUrl\":\"https:\/\/jornalfatosenoticias.com.br\/wp-content\/uploads\/2020\/02\/logo120.png\",\"width\":1227,\"height\":120,\"caption\":\"Jornal Fatos e Not\u00edcias\"},\"image\":{\"@id\":\"https:\/\/jornalfatosenoticias.com.br\/#\/schema\/logo\/image\/\"}},{\"@type\":\"Person\",\"@id\":\"https:\/\/jornalfatosenoticias.com.br\/#\/schema\/person\/05c46cc25b42a5c27e004fb0fa6b4965\",\"name\":\"Haroldo Filho\",\"image\":{\"@type\":\"ImageObject\",\"inLanguage\":\"pt-BR\",\"@id\":\"https:\/\/jornalfatosenoticias.com.br\/#\/schema\/person\/image\/\",\"url\":\"https:\/\/jornalfatosenoticias.com.br\/wp-content\/uploads\/2025\/08\/WhatsApp-Image-2025-08-18-at-15.30.28-150x150.jpeg\",\"contentUrl\":\"https:\/\/jornalfatosenoticias.com.br\/wp-content\/uploads\/2025\/08\/WhatsApp-Image-2025-08-18-at-15.30.28-150x150.jpeg\",\"caption\":\"Haroldo Filho\"},\"description\":\"Jornalista \u2013 DRT: 0003818\/ES Coordenador-geral da ONG Educar para Crescer\",\"url\":\"https:\/\/jornalfatosenoticias.com.br\/index.php\/author\/haroldo\/\"}]}<\/script>\n<!-- \/ Yoast SEO plugin. -->","yoast_head_json":{"title":"Brasil, a \u00faltima fronteira da Am\u00e9rica do Sul - Jornal Fatos e Not\u00edcias","robots":{"index":"index","follow":"follow","max-snippet":"max-snippet:-1","max-image-preview":"max-image-preview:large","max-video-preview":"max-video-preview:-1"},"canonical":"https:\/\/jornalfatosenoticias.com.br\/index.php\/2022\/06\/22\/brasil-a-ultima-fronteira-da-america-do-sul\/","og_locale":"pt_BR","og_type":"article","og_title":"Brasil, a \u00faltima fronteira da Am\u00e9rica do Sul - Jornal Fatos e Not\u00edcias","og_description":"Nos tornamos a mais resistente muralha do mundo contra essa guerra pol\u00edtica e ideol\u00f3gica, n\u00e3o s\u00f3 aqui na Am\u00e9rica Depois de Gustavo Petro se eleger na Col\u00f4mbia, n\u00e3o podia deixar de manifestar minha preocupa\u00e7\u00e3o do risco iminente da esquerda voltar a governar o nosso querido Brasil varonil. Para os desatentos e \u00e0queles que torcem o [&hellip;]","og_url":"https:\/\/jornalfatosenoticias.com.br\/index.php\/2022\/06\/22\/brasil-a-ultima-fronteira-da-america-do-sul\/","og_site_name":"Jornal Fatos e Not\u00edcias","article_published_time":"2022-06-22T17:04:22+00:00","article_modified_time":"2022-06-22T17:04:27+00:00","og_image":[{"width":1000,"height":636,"url":"https:\/\/jornalfatosenoticias.com.br\/wp-content\/uploads\/2022\/06\/bolsonaro_paulo-guedes_Marcos-Correa-PR.jpg","type":"image\/jpeg"}],"author":"Haroldo Filho","twitter_card":"summary_large_image","twitter_misc":{"Escrito por":"Haroldo Filho","Est. tempo de leitura":"3 minutos"},"schema":{"@context":"https:\/\/schema.org","@graph":[{"@type":"Article","@id":"https:\/\/jornalfatosenoticias.com.br\/index.php\/2022\/06\/22\/brasil-a-ultima-fronteira-da-america-do-sul\/#article","isPartOf":{"@id":"https:\/\/jornalfatosenoticias.com.br\/index.php\/2022\/06\/22\/brasil-a-ultima-fronteira-da-america-do-sul\/"},"author":{"name":"Haroldo Filho","@id":"https:\/\/jornalfatosenoticias.com.br\/#\/schema\/person\/05c46cc25b42a5c27e004fb0fa6b4965"},"headline":"Brasil, a \u00faltima fronteira da Am\u00e9rica do Sul","datePublished":"2022-06-22T17:04:22+00:00","dateModified":"2022-06-22T17:04:27+00:00","mainEntityOfPage":{"@id":"https:\/\/jornalfatosenoticias.com.br\/index.php\/2022\/06\/22\/brasil-a-ultima-fronteira-da-america-do-sul\/"},"wordCount":671,"commentCount":0,"publisher":{"@id":"https:\/\/jornalfatosenoticias.com.br\/#organization"},"image":{"@id":"https:\/\/jornalfatosenoticias.com.br\/index.php\/2022\/06\/22\/brasil-a-ultima-fronteira-da-america-do-sul\/#primaryimage"},"thumbnailUrl":"https:\/\/jornalfatosenoticias.com.br\/wp-content\/uploads\/2022\/06\/bolsonaro_paulo-guedes_Marcos-Correa-PR.jpg","keywords":["economia","elei\u00e7\u00f5es","manifesta\u00e7\u00e3o","mis\u00e9ria","pobreza","popula\u00e7\u00e3o","Socialismo","Venezuela"],"articleSection":["Pol\u00edtica"],"inLanguage":"pt-BR","potentialAction":[{"@type":"CommentAction","name":"Comment","target":["https:\/\/jornalfatosenoticias.com.br\/index.php\/2022\/06\/22\/brasil-a-ultima-fronteira-da-america-do-sul\/#respond"]}]},{"@type":"WebPage","@id":"https:\/\/jornalfatosenoticias.com.br\/index.php\/2022\/06\/22\/brasil-a-ultima-fronteira-da-america-do-sul\/","url":"https:\/\/jornalfatosenoticias.com.br\/index.php\/2022\/06\/22\/brasil-a-ultima-fronteira-da-america-do-sul\/","name":"Brasil, a \u00faltima fronteira da Am\u00e9rica do Sul - Jornal Fatos e Not\u00edcias","isPartOf":{"@id":"https:\/\/jornalfatosenoticias.com.br\/#website"},"primaryImageOfPage":{"@id":"https:\/\/jornalfatosenoticias.com.br\/index.php\/2022\/06\/22\/brasil-a-ultima-fronteira-da-america-do-sul\/#primaryimage"},"image":{"@id":"https:\/\/jornalfatosenoticias.com.br\/index.php\/2022\/06\/22\/brasil-a-ultima-fronteira-da-america-do-sul\/#primaryimage"},"thumbnailUrl":"https:\/\/jornalfatosenoticias.com.br\/wp-content\/uploads\/2022\/06\/bolsonaro_paulo-guedes_Marcos-Correa-PR.jpg","datePublished":"2022-06-22T17:04:22+00:00","dateModified":"2022-06-22T17:04:27+00:00","breadcrumb":{"@id":"https:\/\/jornalfatosenoticias.com.br\/index.php\/2022\/06\/22\/brasil-a-ultima-fronteira-da-america-do-sul\/#breadcrumb"},"inLanguage":"pt-BR","potentialAction":[{"@type":"ReadAction","target":["https:\/\/jornalfatosenoticias.com.br\/index.php\/2022\/06\/22\/brasil-a-ultima-fronteira-da-america-do-sul\/"]}]},{"@type":"ImageObject","inLanguage":"pt-BR","@id":"https:\/\/jornalfatosenoticias.com.br\/index.php\/2022\/06\/22\/brasil-a-ultima-fronteira-da-america-do-sul\/#primaryimage","url":"https:\/\/jornalfatosenoticias.com.br\/wp-content\/uploads\/2022\/06\/bolsonaro_paulo-guedes_Marcos-Correa-PR.jpg","contentUrl":"https:\/\/jornalfatosenoticias.com.br\/wp-content\/uploads\/2022\/06\/bolsonaro_paulo-guedes_Marcos-Correa-PR.jpg","width":1000,"height":636},{"@type":"BreadcrumbList","@id":"https:\/\/jornalfatosenoticias.com.br\/index.php\/2022\/06\/22\/brasil-a-ultima-fronteira-da-america-do-sul\/#breadcrumb","itemListElement":[{"@type":"ListItem","position":1,"name":"In\u00edcio","item":"https:\/\/jornalfatosenoticias.com.br\/"},{"@type":"ListItem","position":2,"name":"Brasil, a \u00faltima fronteira da Am\u00e9rica do Sul"}]},{"@type":"WebSite","@id":"https:\/\/jornalfatosenoticias.com.br\/#website","url":"https:\/\/jornalfatosenoticias.com.br\/","name":"Jornal Fatos e Not\u00edcias","description":"Not\u00edcias em geral","publisher":{"@id":"https:\/\/jornalfatosenoticias.com.br\/#organization"},"potentialAction":[{"@type":"SearchAction","target":{"@type":"EntryPoint","urlTemplate":"https:\/\/jornalfatosenoticias.com.br\/?s={search_term_string}"},"query-input":{"@type":"PropertyValueSpecification","valueRequired":true,"valueName":"search_term_string"}}],"inLanguage":"pt-BR"},{"@type":"Organization","@id":"https:\/\/jornalfatosenoticias.com.br\/#organization","name":"Jornal Fatos e Not\u00edcias","url":"https:\/\/jornalfatosenoticias.com.br\/","logo":{"@type":"ImageObject","inLanguage":"pt-BR","@id":"https:\/\/jornalfatosenoticias.com.br\/#\/schema\/logo\/image\/","url":"https:\/\/jornalfatosenoticias.com.br\/wp-content\/uploads\/2020\/02\/logo120.png","contentUrl":"https:\/\/jornalfatosenoticias.com.br\/wp-content\/uploads\/2020\/02\/logo120.png","width":1227,"height":120,"caption":"Jornal Fatos e Not\u00edcias"},"image":{"@id":"https:\/\/jornalfatosenoticias.com.br\/#\/schema\/logo\/image\/"}},{"@type":"Person","@id":"https:\/\/jornalfatosenoticias.com.br\/#\/schema\/person\/05c46cc25b42a5c27e004fb0fa6b4965","name":"Haroldo Filho","image":{"@type":"ImageObject","inLanguage":"pt-BR","@id":"https:\/\/jornalfatosenoticias.com.br\/#\/schema\/person\/image\/","url":"https:\/\/jornalfatosenoticias.com.br\/wp-content\/uploads\/2025\/08\/WhatsApp-Image-2025-08-18-at-15.30.28-150x150.jpeg","contentUrl":"https:\/\/jornalfatosenoticias.com.br\/wp-content\/uploads\/2025\/08\/WhatsApp-Image-2025-08-18-at-15.30.28-150x150.jpeg","caption":"Haroldo Filho"},"description":"Jornalista \u2013 DRT: 0003818\/ES Coordenador-geral da ONG Educar para Crescer","url":"https:\/\/jornalfatosenoticias.com.br\/index.php\/author\/haroldo\/"}]}},"cc_featured_image_caption":{"caption_text":"(Foto: Marcos Corr\u00eaa\/PR) \r\n","source_text":"","source_url":""},"jetpack_featured_media_url":"https:\/\/jornalfatosenoticias.com.br\/wp-content\/uploads\/2022\/06\/bolsonaro_paulo-guedes_Marcos-Correa-PR.jpg","_links":{"self":[{"href":"https:\/\/jornalfatosenoticias.com.br\/index.php\/wp-json\/wp\/v2\/posts\/31594","targetHints":{"allow":["GET"]}}],"collection":[{"href":"https:\/\/jornalfatosenoticias.com.br\/index.php\/wp-json\/wp\/v2\/posts"}],"about":[{"href":"https:\/\/jornalfatosenoticias.com.br\/index.php\/wp-json\/wp\/v2\/types\/post"}],"author":[{"embeddable":true,"href":"https:\/\/jornalfatosenoticias.com.br\/index.php\/wp-json\/wp\/v2\/users\/3"}],"replies":[{"embeddable":true,"href":"https:\/\/jornalfatosenoticias.com.br\/index.php\/wp-json\/wp\/v2\/comments?post=31594"}],"version-history":[{"count":0,"href":"https:\/\/jornalfatosenoticias.com.br\/index.php\/wp-json\/wp\/v2\/posts\/31594\/revisions"}],"wp:featuredmedia":[{"embeddable":true,"href":"https:\/\/jornalfatosenoticias.com.br\/index.php\/wp-json\/wp\/v2\/media\/31600"}],"wp:attachment":[{"href":"https:\/\/jornalfatosenoticias.com.br\/index.php\/wp-json\/wp\/v2\/media?parent=31594"}],"wp:term":[{"taxonomy":"category","embeddable":true,"href":"https:\/\/jornalfatosenoticias.com.br\/index.php\/wp-json\/wp\/v2\/categories?post=31594"},{"taxonomy":"post_tag","embeddable":true,"href":"https:\/\/jornalfatosenoticias.com.br\/index.php\/wp-json\/wp\/v2\/tags?post=31594"}],"curies":[{"name":"wp","href":"https:\/\/api.w.org\/{rel}","templated":true}]}}