{"id":31684,"date":"2022-06-24T12:46:11","date_gmt":"2022-06-24T15:46:11","guid":{"rendered":"https:\/\/jornalfatosenoticias.com.br\/?p=31684"},"modified":"2022-06-24T12:46:12","modified_gmt":"2022-06-24T15:46:12","slug":"projeto-disponibiliza-livros-infantis-acessiveis","status":"publish","type":"post","link":"https:\/\/jornalfatosenoticias.com.br\/index.php\/2022\/06\/24\/projeto-disponibiliza-livros-infantis-acessiveis\/","title":{"rendered":"Projeto disponibiliza livros infantis acess\u00edveis"},"content":{"rendered":"\n<p><em><span class=\"has-inline-color has-black-color\">Cole\u00e7\u00e3o AEIOU Acessibilidade contou com recursos da Lei Rouanet e tem como objetivo incentivar a leitura<\/span><\/em><\/p>\n\n\n\n<div class=\"wp-block-image\"><figure class=\"aligncenter size-large is-resized\"><img loading=\"lazy\" decoding=\"async\" src=\"https:\/\/jornalfatosenoticias.com.br\/wp-content\/uploads\/2022\/02\/Arte-Autoescola-Galatas_endereco_portal-1024x103.png\" alt=\"\" class=\"wp-image-27869\" width=\"520\" height=\"52\" srcset=\"https:\/\/jornalfatosenoticias.com.br\/wp-content\/uploads\/2022\/02\/Arte-Autoescola-Galatas_endereco_portal-1024x103.png 1024w, https:\/\/jornalfatosenoticias.com.br\/wp-content\/uploads\/2022\/02\/Arte-Autoescola-Galatas_endereco_portal-300x30.png 300w, https:\/\/jornalfatosenoticias.com.br\/wp-content\/uploads\/2022\/02\/Arte-Autoescola-Galatas_endereco_portal-768x77.png 768w, https:\/\/jornalfatosenoticias.com.br\/wp-content\/uploads\/2022\/02\/Arte-Autoescola-Galatas_endereco_portal.png 1223w\" sizes=\"auto, (max-width: 520px) 100vw, 520px\" \/><\/figure><\/div>\n\n\n\n<p>Com o intuito de garantir a acessibilidade \u00e0 leitura para crian\u00e7as a partir de dois anos de idade, o Minist\u00e9rio da Mulher, da Fam\u00edlia e dos Direitos Humanos (MMFDH) acaba de disponibilizar a Cole\u00e7\u00e3o AEIOU Acessibilidade. O projeto foi financiado por recursos da Lei Rouanet, sob responsabilidade do Minist\u00e9rio do Turismo, por meio da Secretaria Especial da Cultura.<br>Ao todo s\u00e3o disponibilizados seis volumes focados em estimular as primeiras leituras. Os livros ganharam v\u00eddeos com narra\u00e7\u00e3o, trilha sonora, legenda, audiodescri\u00e7\u00e3o, janela para libras, al\u00e9m de tiragem impressa em Braille.<br>\u201cEssa a\u00e7\u00e3o do governo federal, segue a orienta\u00e7\u00e3o do Presidente Bolsonaro e promove a inclus\u00e3o das nossas crian\u00e7as, al\u00e9m de estimular a leitura desde os primeiros anos de idade. Trata-se de um projeto inovador e priorit\u00e1rio, afirmou o ministro do Turismo, Carlos Brito.<\/p>\n\n\n\n<div class=\"wp-block-image\"><figure class=\"aligncenter size-large is-resized\"><img loading=\"lazy\" decoding=\"async\" src=\"https:\/\/jornalfatosenoticias.com.br\/wp-content\/uploads\/2022\/05\/NOVA-LOGO-CESCONETTO-1024x100.jpg\" alt=\"\" class=\"wp-image-30792\" width=\"509\" height=\"49\" srcset=\"https:\/\/jornalfatosenoticias.com.br\/wp-content\/uploads\/2022\/05\/NOVA-LOGO-CESCONETTO-1024x100.jpg 1024w, https:\/\/jornalfatosenoticias.com.br\/wp-content\/uploads\/2022\/05\/NOVA-LOGO-CESCONETTO-300x29.jpg 300w, https:\/\/jornalfatosenoticias.com.br\/wp-content\/uploads\/2022\/05\/NOVA-LOGO-CESCONETTO-768x75.jpg 768w, https:\/\/jornalfatosenoticias.com.br\/wp-content\/uploads\/2022\/05\/NOVA-LOGO-CESCONETTO.jpg 1280w\" sizes=\"auto, (max-width: 509px) 100vw, 509px\" \/><\/figure><\/div>\n\n\n\n<blockquote class=\"wp-block-quote is-layout-flow wp-block-quote-is-layout-flow\"><p><span class=\"has-inline-color has-luminous-vivid-orange-color\">\u201cO governo federal vem trabalhando pela inclus\u00e3o das crian\u00e7as, levando cultura e educa\u00e7\u00e3o. Mais uma a\u00e7\u00e3o priorizando o acesso da popula\u00e7\u00e3o a cultura, por meio da Lei Rouanet, \u00e9 um governo que pensa nos brasileiros\u201d, destacou o secret\u00e1rio especial da Cultura, H\u00e9lio Ferraz.<\/span><\/p><\/blockquote>\n\n\n\n<div class=\"wp-block-image\"><figure class=\"aligncenter size-large is-resized\"><img loading=\"lazy\" decoding=\"async\" src=\"https:\/\/jornalfatosenoticias.com.br\/wp-content\/uploads\/2022\/03\/logo-Suinco-1024x390.jpg\" alt=\"\" class=\"wp-image-28785\" width=\"354\" height=\"134\"\/><\/figure><\/div>\n\n\n\n<p>Para o desenvolvimento do projeto, foram captados R$ 286.817,10 via Lei Rouanet. Cada volume contar\u00e1 com uma tiragem de mil impress\u00f5es, al\u00e9m de 500 impress\u00f5es em Braille.<\/p>\n\n\n\n<p><em><strong>Fonte: <a href=\"https:\/\/www.gov.br\/turismo\/pt-br\/secretaria-especial-da-cultura\/assuntos\/noticias\/projeto-disponibiliza-livros-infantis-acessiveis\">Secretaria Especial da Cultura<\/a><\/strong><\/em><\/p>\n","protected":false},"excerpt":{"rendered":"<p>Cole\u00e7\u00e3o AEIOU Acessibilidade contou com recursos da Lei Rouanet e tem como objetivo incentivar a leitura Com o intuito de garantir a acessibilidade \u00e0 leitura para crian\u00e7as a partir de dois anos de idade, o Minist\u00e9rio da Mulher, da Fam\u00edlia e dos Direitos Humanos (MMFDH) acaba de disponibilizar a Cole\u00e7\u00e3o AEIOU Acessibilidade. O projeto foi [&hellip;]<\/p>\n","protected":false},"author":2,"featured_media":31685,"comment_status":"open","ping_status":"open","sticky":false,"template":"","format":"standard","meta":{"footnotes":""},"categories":[4],"tags":[14993,5098,12755,1080],"class_list":["post-31684","post","type-post","status-publish","format-standard","has-post-thumbnail","hentry","category-cultura","tag-colecao-aeiou","tag-incentivo-a-leitura","tag-lei-rouanet","tag-livros-infantis"],"yoast_head":"<!-- This site is optimized with the Yoast SEO plugin v26.5 - https:\/\/yoast.com\/wordpress\/plugins\/seo\/ -->\n<title>Projeto disponibiliza livros infantis acess\u00edveis - Jornal Fatos e Not\u00edcias<\/title>\n<meta name=\"robots\" content=\"index, follow, max-snippet:-1, max-image-preview:large, max-video-preview:-1\" \/>\n<link rel=\"canonical\" href=\"https:\/\/jornalfatosenoticias.com.br\/index.php\/2022\/06\/24\/projeto-disponibiliza-livros-infantis-acessiveis\/\" \/>\n<meta property=\"og:locale\" content=\"pt_BR\" \/>\n<meta property=\"og:type\" content=\"article\" \/>\n<meta property=\"og:title\" content=\"Projeto disponibiliza livros infantis acess\u00edveis - Jornal Fatos e Not\u00edcias\" \/>\n<meta property=\"og:description\" content=\"Cole\u00e7\u00e3o AEIOU Acessibilidade contou com recursos da Lei Rouanet e tem como objetivo incentivar a leitura Com o intuito de garantir a acessibilidade \u00e0 leitura para crian\u00e7as a partir de dois anos de idade, o Minist\u00e9rio da Mulher, da Fam\u00edlia e dos Direitos Humanos (MMFDH) acaba de disponibilizar a Cole\u00e7\u00e3o AEIOU Acessibilidade. O projeto foi [&hellip;]\" \/>\n<meta property=\"og:url\" content=\"https:\/\/jornalfatosenoticias.com.br\/index.php\/2022\/06\/24\/projeto-disponibiliza-livros-infantis-acessiveis\/\" \/>\n<meta property=\"og:site_name\" content=\"Jornal Fatos e Not\u00edcias\" \/>\n<meta property=\"article:published_time\" content=\"2022-06-24T15:46:11+00:00\" \/>\n<meta property=\"article:modified_time\" content=\"2022-06-24T15:46:12+00:00\" \/>\n<meta property=\"og:image\" content=\"https:\/\/jornalfatosenoticias.com.br\/wp-content\/uploads\/2022\/06\/AEIOU-PROJETO-DE-LEITURA.jpg\" \/>\n\t<meta property=\"og:image:width\" content=\"1000\" \/>\n\t<meta property=\"og:image:height\" content=\"553\" \/>\n\t<meta property=\"og:image:type\" content=\"image\/jpeg\" \/>\n<meta name=\"author\" content=\"Luzimara Fernandes\" \/>\n<meta name=\"twitter:card\" content=\"summary_large_image\" \/>\n<meta name=\"twitter:label1\" content=\"Escrito por\" \/>\n\t<meta name=\"twitter:data1\" content=\"Luzimara Fernandes\" \/>\n\t<meta name=\"twitter:label2\" content=\"Est. tempo de leitura\" \/>\n\t<meta name=\"twitter:data2\" content=\"1 minuto\" \/>\n<script type=\"application\/ld+json\" class=\"yoast-schema-graph\">{\"@context\":\"https:\/\/schema.org\",\"@graph\":[{\"@type\":\"Article\",\"@id\":\"https:\/\/jornalfatosenoticias.com.br\/index.php\/2022\/06\/24\/projeto-disponibiliza-livros-infantis-acessiveis\/#article\",\"isPartOf\":{\"@id\":\"https:\/\/jornalfatosenoticias.com.br\/index.php\/2022\/06\/24\/projeto-disponibiliza-livros-infantis-acessiveis\/\"},\"author\":{\"name\":\"Luzimara Fernandes\",\"@id\":\"https:\/\/jornalfatosenoticias.com.br\/#\/schema\/person\/d63837fa13ac8666eb9e74e0985d6f81\"},\"headline\":\"Projeto disponibiliza livros infantis acess\u00edveis\",\"datePublished\":\"2022-06-24T15:46:11+00:00\",\"dateModified\":\"2022-06-24T15:46:12+00:00\",\"mainEntityOfPage\":{\"@id\":\"https:\/\/jornalfatosenoticias.com.br\/index.php\/2022\/06\/24\/projeto-disponibiliza-livros-infantis-acessiveis\/\"},\"wordCount\":252,\"commentCount\":0,\"publisher\":{\"@id\":\"https:\/\/jornalfatosenoticias.com.br\/#organization\"},\"image\":{\"@id\":\"https:\/\/jornalfatosenoticias.com.br\/index.php\/2022\/06\/24\/projeto-disponibiliza-livros-infantis-acessiveis\/#primaryimage\"},\"thumbnailUrl\":\"https:\/\/jornalfatosenoticias.com.br\/wp-content\/uploads\/2022\/06\/AEIOU-PROJETO-DE-LEITURA.jpg\",\"keywords\":[\"Cole\u00e7\u00e3o AEIOU\",\"incentivo \u00e0 leitura\",\"Lei Rouanet\",\"livros infantis\"],\"articleSection\":[\"Cultura\"],\"inLanguage\":\"pt-BR\",\"potentialAction\":[{\"@type\":\"CommentAction\",\"name\":\"Comment\",\"target\":[\"https:\/\/jornalfatosenoticias.com.br\/index.php\/2022\/06\/24\/projeto-disponibiliza-livros-infantis-acessiveis\/#respond\"]}]},{\"@type\":\"WebPage\",\"@id\":\"https:\/\/jornalfatosenoticias.com.br\/index.php\/2022\/06\/24\/projeto-disponibiliza-livros-infantis-acessiveis\/\",\"url\":\"https:\/\/jornalfatosenoticias.com.br\/index.php\/2022\/06\/24\/projeto-disponibiliza-livros-infantis-acessiveis\/\",\"name\":\"Projeto disponibiliza livros infantis acess\u00edveis - Jornal Fatos e Not\u00edcias\",\"isPartOf\":{\"@id\":\"https:\/\/jornalfatosenoticias.com.br\/#website\"},\"primaryImageOfPage\":{\"@id\":\"https:\/\/jornalfatosenoticias.com.br\/index.php\/2022\/06\/24\/projeto-disponibiliza-livros-infantis-acessiveis\/#primaryimage\"},\"image\":{\"@id\":\"https:\/\/jornalfatosenoticias.com.br\/index.php\/2022\/06\/24\/projeto-disponibiliza-livros-infantis-acessiveis\/#primaryimage\"},\"thumbnailUrl\":\"https:\/\/jornalfatosenoticias.com.br\/wp-content\/uploads\/2022\/06\/AEIOU-PROJETO-DE-LEITURA.jpg\",\"datePublished\":\"2022-06-24T15:46:11+00:00\",\"dateModified\":\"2022-06-24T15:46:12+00:00\",\"breadcrumb\":{\"@id\":\"https:\/\/jornalfatosenoticias.com.br\/index.php\/2022\/06\/24\/projeto-disponibiliza-livros-infantis-acessiveis\/#breadcrumb\"},\"inLanguage\":\"pt-BR\",\"potentialAction\":[{\"@type\":\"ReadAction\",\"target\":[\"https:\/\/jornalfatosenoticias.com.br\/index.php\/2022\/06\/24\/projeto-disponibiliza-livros-infantis-acessiveis\/\"]}]},{\"@type\":\"ImageObject\",\"inLanguage\":\"pt-BR\",\"@id\":\"https:\/\/jornalfatosenoticias.com.br\/index.php\/2022\/06\/24\/projeto-disponibiliza-livros-infantis-acessiveis\/#primaryimage\",\"url\":\"https:\/\/jornalfatosenoticias.com.br\/wp-content\/uploads\/2022\/06\/AEIOU-PROJETO-DE-LEITURA.jpg\",\"contentUrl\":\"https:\/\/jornalfatosenoticias.com.br\/wp-content\/uploads\/2022\/06\/AEIOU-PROJETO-DE-LEITURA.jpg\",\"width\":1000,\"height\":553},{\"@type\":\"BreadcrumbList\",\"@id\":\"https:\/\/jornalfatosenoticias.com.br\/index.php\/2022\/06\/24\/projeto-disponibiliza-livros-infantis-acessiveis\/#breadcrumb\",\"itemListElement\":[{\"@type\":\"ListItem\",\"position\":1,\"name\":\"In\u00edcio\",\"item\":\"https:\/\/jornalfatosenoticias.com.br\/\"},{\"@type\":\"ListItem\",\"position\":2,\"name\":\"Projeto disponibiliza livros infantis acess\u00edveis\"}]},{\"@type\":\"WebSite\",\"@id\":\"https:\/\/jornalfatosenoticias.com.br\/#website\",\"url\":\"https:\/\/jornalfatosenoticias.com.br\/\",\"name\":\"Jornal Fatos e Not\u00edcias\",\"description\":\"Not\u00edcias em geral\",\"publisher\":{\"@id\":\"https:\/\/jornalfatosenoticias.com.br\/#organization\"},\"potentialAction\":[{\"@type\":\"SearchAction\",\"target\":{\"@type\":\"EntryPoint\",\"urlTemplate\":\"https:\/\/jornalfatosenoticias.com.br\/?s={search_term_string}\"},\"query-input\":{\"@type\":\"PropertyValueSpecification\",\"valueRequired\":true,\"valueName\":\"search_term_string\"}}],\"inLanguage\":\"pt-BR\"},{\"@type\":\"Organization\",\"@id\":\"https:\/\/jornalfatosenoticias.com.br\/#organization\",\"name\":\"Jornal Fatos e Not\u00edcias\",\"url\":\"https:\/\/jornalfatosenoticias.com.br\/\",\"logo\":{\"@type\":\"ImageObject\",\"inLanguage\":\"pt-BR\",\"@id\":\"https:\/\/jornalfatosenoticias.com.br\/#\/schema\/logo\/image\/\",\"url\":\"https:\/\/jornalfatosenoticias.com.br\/wp-content\/uploads\/2020\/02\/logo120.png\",\"contentUrl\":\"https:\/\/jornalfatosenoticias.com.br\/wp-content\/uploads\/2020\/02\/logo120.png\",\"width\":1227,\"height\":120,\"caption\":\"Jornal Fatos e Not\u00edcias\"},\"image\":{\"@id\":\"https:\/\/jornalfatosenoticias.com.br\/#\/schema\/logo\/image\/\"}},{\"@type\":\"Person\",\"@id\":\"https:\/\/jornalfatosenoticias.com.br\/#\/schema\/person\/d63837fa13ac8666eb9e74e0985d6f81\",\"name\":\"Luzimara Fernandes\",\"image\":{\"@type\":\"ImageObject\",\"inLanguage\":\"pt-BR\",\"@id\":\"https:\/\/jornalfatosenoticias.com.br\/#\/schema\/person\/image\/\",\"url\":\"https:\/\/jornalfatosenoticias.com.br\/wp-content\/uploads\/2025\/05\/EU_portal.jpg\",\"contentUrl\":\"https:\/\/jornalfatosenoticias.com.br\/wp-content\/uploads\/2025\/05\/EU_portal.jpg\",\"caption\":\"Luzimara Fernandes\"},\"description\":\"Jornalista MTB 2358-ES\",\"sameAs\":[\"https:\/\/jornalfatosenoticias.com.br\"],\"url\":\"https:\/\/jornalfatosenoticias.com.br\/index.php\/author\/luzimara\/\"}]}<\/script>\n<!-- \/ Yoast SEO plugin. -->","yoast_head_json":{"title":"Projeto disponibiliza livros infantis acess\u00edveis - Jornal Fatos e Not\u00edcias","robots":{"index":"index","follow":"follow","max-snippet":"max-snippet:-1","max-image-preview":"max-image-preview:large","max-video-preview":"max-video-preview:-1"},"canonical":"https:\/\/jornalfatosenoticias.com.br\/index.php\/2022\/06\/24\/projeto-disponibiliza-livros-infantis-acessiveis\/","og_locale":"pt_BR","og_type":"article","og_title":"Projeto disponibiliza livros infantis acess\u00edveis - Jornal Fatos e Not\u00edcias","og_description":"Cole\u00e7\u00e3o AEIOU Acessibilidade contou com recursos da Lei Rouanet e tem como objetivo incentivar a leitura Com o intuito de garantir a acessibilidade \u00e0 leitura para crian\u00e7as a partir de dois anos de idade, o Minist\u00e9rio da Mulher, da Fam\u00edlia e dos Direitos Humanos (MMFDH) acaba de disponibilizar a Cole\u00e7\u00e3o AEIOU Acessibilidade. O projeto foi [&hellip;]","og_url":"https:\/\/jornalfatosenoticias.com.br\/index.php\/2022\/06\/24\/projeto-disponibiliza-livros-infantis-acessiveis\/","og_site_name":"Jornal Fatos e Not\u00edcias","article_published_time":"2022-06-24T15:46:11+00:00","article_modified_time":"2022-06-24T15:46:12+00:00","og_image":[{"width":1000,"height":553,"url":"https:\/\/jornalfatosenoticias.com.br\/wp-content\/uploads\/2022\/06\/AEIOU-PROJETO-DE-LEITURA.jpg","type":"image\/jpeg"}],"author":"Luzimara Fernandes","twitter_card":"summary_large_image","twitter_misc":{"Escrito por":"Luzimara Fernandes","Est. tempo de leitura":"1 minuto"},"schema":{"@context":"https:\/\/schema.org","@graph":[{"@type":"Article","@id":"https:\/\/jornalfatosenoticias.com.br\/index.php\/2022\/06\/24\/projeto-disponibiliza-livros-infantis-acessiveis\/#article","isPartOf":{"@id":"https:\/\/jornalfatosenoticias.com.br\/index.php\/2022\/06\/24\/projeto-disponibiliza-livros-infantis-acessiveis\/"},"author":{"name":"Luzimara Fernandes","@id":"https:\/\/jornalfatosenoticias.com.br\/#\/schema\/person\/d63837fa13ac8666eb9e74e0985d6f81"},"headline":"Projeto disponibiliza livros infantis acess\u00edveis","datePublished":"2022-06-24T15:46:11+00:00","dateModified":"2022-06-24T15:46:12+00:00","mainEntityOfPage":{"@id":"https:\/\/jornalfatosenoticias.com.br\/index.php\/2022\/06\/24\/projeto-disponibiliza-livros-infantis-acessiveis\/"},"wordCount":252,"commentCount":0,"publisher":{"@id":"https:\/\/jornalfatosenoticias.com.br\/#organization"},"image":{"@id":"https:\/\/jornalfatosenoticias.com.br\/index.php\/2022\/06\/24\/projeto-disponibiliza-livros-infantis-acessiveis\/#primaryimage"},"thumbnailUrl":"https:\/\/jornalfatosenoticias.com.br\/wp-content\/uploads\/2022\/06\/AEIOU-PROJETO-DE-LEITURA.jpg","keywords":["Cole\u00e7\u00e3o AEIOU","incentivo \u00e0 leitura","Lei Rouanet","livros infantis"],"articleSection":["Cultura"],"inLanguage":"pt-BR","potentialAction":[{"@type":"CommentAction","name":"Comment","target":["https:\/\/jornalfatosenoticias.com.br\/index.php\/2022\/06\/24\/projeto-disponibiliza-livros-infantis-acessiveis\/#respond"]}]},{"@type":"WebPage","@id":"https:\/\/jornalfatosenoticias.com.br\/index.php\/2022\/06\/24\/projeto-disponibiliza-livros-infantis-acessiveis\/","url":"https:\/\/jornalfatosenoticias.com.br\/index.php\/2022\/06\/24\/projeto-disponibiliza-livros-infantis-acessiveis\/","name":"Projeto disponibiliza livros infantis acess\u00edveis - Jornal Fatos e Not\u00edcias","isPartOf":{"@id":"https:\/\/jornalfatosenoticias.com.br\/#website"},"primaryImageOfPage":{"@id":"https:\/\/jornalfatosenoticias.com.br\/index.php\/2022\/06\/24\/projeto-disponibiliza-livros-infantis-acessiveis\/#primaryimage"},"image":{"@id":"https:\/\/jornalfatosenoticias.com.br\/index.php\/2022\/06\/24\/projeto-disponibiliza-livros-infantis-acessiveis\/#primaryimage"},"thumbnailUrl":"https:\/\/jornalfatosenoticias.com.br\/wp-content\/uploads\/2022\/06\/AEIOU-PROJETO-DE-LEITURA.jpg","datePublished":"2022-06-24T15:46:11+00:00","dateModified":"2022-06-24T15:46:12+00:00","breadcrumb":{"@id":"https:\/\/jornalfatosenoticias.com.br\/index.php\/2022\/06\/24\/projeto-disponibiliza-livros-infantis-acessiveis\/#breadcrumb"},"inLanguage":"pt-BR","potentialAction":[{"@type":"ReadAction","target":["https:\/\/jornalfatosenoticias.com.br\/index.php\/2022\/06\/24\/projeto-disponibiliza-livros-infantis-acessiveis\/"]}]},{"@type":"ImageObject","inLanguage":"pt-BR","@id":"https:\/\/jornalfatosenoticias.com.br\/index.php\/2022\/06\/24\/projeto-disponibiliza-livros-infantis-acessiveis\/#primaryimage","url":"https:\/\/jornalfatosenoticias.com.br\/wp-content\/uploads\/2022\/06\/AEIOU-PROJETO-DE-LEITURA.jpg","contentUrl":"https:\/\/jornalfatosenoticias.com.br\/wp-content\/uploads\/2022\/06\/AEIOU-PROJETO-DE-LEITURA.jpg","width":1000,"height":553},{"@type":"BreadcrumbList","@id":"https:\/\/jornalfatosenoticias.com.br\/index.php\/2022\/06\/24\/projeto-disponibiliza-livros-infantis-acessiveis\/#breadcrumb","itemListElement":[{"@type":"ListItem","position":1,"name":"In\u00edcio","item":"https:\/\/jornalfatosenoticias.com.br\/"},{"@type":"ListItem","position":2,"name":"Projeto disponibiliza livros infantis acess\u00edveis"}]},{"@type":"WebSite","@id":"https:\/\/jornalfatosenoticias.com.br\/#website","url":"https:\/\/jornalfatosenoticias.com.br\/","name":"Jornal Fatos e Not\u00edcias","description":"Not\u00edcias em geral","publisher":{"@id":"https:\/\/jornalfatosenoticias.com.br\/#organization"},"potentialAction":[{"@type":"SearchAction","target":{"@type":"EntryPoint","urlTemplate":"https:\/\/jornalfatosenoticias.com.br\/?s={search_term_string}"},"query-input":{"@type":"PropertyValueSpecification","valueRequired":true,"valueName":"search_term_string"}}],"inLanguage":"pt-BR"},{"@type":"Organization","@id":"https:\/\/jornalfatosenoticias.com.br\/#organization","name":"Jornal Fatos e Not\u00edcias","url":"https:\/\/jornalfatosenoticias.com.br\/","logo":{"@type":"ImageObject","inLanguage":"pt-BR","@id":"https:\/\/jornalfatosenoticias.com.br\/#\/schema\/logo\/image\/","url":"https:\/\/jornalfatosenoticias.com.br\/wp-content\/uploads\/2020\/02\/logo120.png","contentUrl":"https:\/\/jornalfatosenoticias.com.br\/wp-content\/uploads\/2020\/02\/logo120.png","width":1227,"height":120,"caption":"Jornal Fatos e Not\u00edcias"},"image":{"@id":"https:\/\/jornalfatosenoticias.com.br\/#\/schema\/logo\/image\/"}},{"@type":"Person","@id":"https:\/\/jornalfatosenoticias.com.br\/#\/schema\/person\/d63837fa13ac8666eb9e74e0985d6f81","name":"Luzimara Fernandes","image":{"@type":"ImageObject","inLanguage":"pt-BR","@id":"https:\/\/jornalfatosenoticias.com.br\/#\/schema\/person\/image\/","url":"https:\/\/jornalfatosenoticias.com.br\/wp-content\/uploads\/2025\/05\/EU_portal.jpg","contentUrl":"https:\/\/jornalfatosenoticias.com.br\/wp-content\/uploads\/2025\/05\/EU_portal.jpg","caption":"Luzimara Fernandes"},"description":"Jornalista MTB 2358-ES","sameAs":["https:\/\/jornalfatosenoticias.com.br"],"url":"https:\/\/jornalfatosenoticias.com.br\/index.php\/author\/luzimara\/"}]}},"cc_featured_image_caption":{"caption_text":"(Foto: Ascom\/Secult)","source_text":"","source_url":""},"jetpack_featured_media_url":"https:\/\/jornalfatosenoticias.com.br\/wp-content\/uploads\/2022\/06\/AEIOU-PROJETO-DE-LEITURA.jpg","_links":{"self":[{"href":"https:\/\/jornalfatosenoticias.com.br\/index.php\/wp-json\/wp\/v2\/posts\/31684","targetHints":{"allow":["GET"]}}],"collection":[{"href":"https:\/\/jornalfatosenoticias.com.br\/index.php\/wp-json\/wp\/v2\/posts"}],"about":[{"href":"https:\/\/jornalfatosenoticias.com.br\/index.php\/wp-json\/wp\/v2\/types\/post"}],"author":[{"embeddable":true,"href":"https:\/\/jornalfatosenoticias.com.br\/index.php\/wp-json\/wp\/v2\/users\/2"}],"replies":[{"embeddable":true,"href":"https:\/\/jornalfatosenoticias.com.br\/index.php\/wp-json\/wp\/v2\/comments?post=31684"}],"version-history":[{"count":0,"href":"https:\/\/jornalfatosenoticias.com.br\/index.php\/wp-json\/wp\/v2\/posts\/31684\/revisions"}],"wp:featuredmedia":[{"embeddable":true,"href":"https:\/\/jornalfatosenoticias.com.br\/index.php\/wp-json\/wp\/v2\/media\/31685"}],"wp:attachment":[{"href":"https:\/\/jornalfatosenoticias.com.br\/index.php\/wp-json\/wp\/v2\/media?parent=31684"}],"wp:term":[{"taxonomy":"category","embeddable":true,"href":"https:\/\/jornalfatosenoticias.com.br\/index.php\/wp-json\/wp\/v2\/categories?post=31684"},{"taxonomy":"post_tag","embeddable":true,"href":"https:\/\/jornalfatosenoticias.com.br\/index.php\/wp-json\/wp\/v2\/tags?post=31684"}],"curies":[{"name":"wp","href":"https:\/\/api.w.org\/{rel}","templated":true}]}}