{"id":31710,"date":"2022-06-27T12:19:09","date_gmt":"2022-06-27T15:19:09","guid":{"rendered":"https:\/\/jornalfatosenoticias.com.br\/?p=31710"},"modified":"2022-06-27T12:19:13","modified_gmt":"2022-06-27T15:19:13","slug":"as-principais-politicas-publicas-interligadas-exigem-solucoes-integrativas","status":"publish","type":"post","link":"https:\/\/jornalfatosenoticias.com.br\/index.php\/2022\/06\/27\/as-principais-politicas-publicas-interligadas-exigem-solucoes-integrativas\/","title":{"rendered":"As principais pol\u00edticas p\u00fablicas interligadas exigem solu\u00e7\u00f5es integrativas"},"content":{"rendered":"\n<p><em><span class=\"has-inline-color has-black-color\">Quando temos problemas graves na sa\u00fade e na educa\u00e7\u00e3o, a inseguran\u00e7a aumenta<\/span><\/em><\/p>\n\n\n\n<div class=\"wp-block-image\"><figure class=\"aligncenter size-large is-resized\"><img loading=\"lazy\" decoding=\"async\" src=\"https:\/\/jornalfatosenoticias.com.br\/wp-content\/uploads\/2022\/02\/Arte-Autoescola-Galatas_endereco_portal-1024x103.png\" alt=\"\" class=\"wp-image-27869\" width=\"530\" height=\"53\" srcset=\"https:\/\/jornalfatosenoticias.com.br\/wp-content\/uploads\/2022\/02\/Arte-Autoescola-Galatas_endereco_portal-1024x103.png 1024w, https:\/\/jornalfatosenoticias.com.br\/wp-content\/uploads\/2022\/02\/Arte-Autoescola-Galatas_endereco_portal-300x30.png 300w, https:\/\/jornalfatosenoticias.com.br\/wp-content\/uploads\/2022\/02\/Arte-Autoescola-Galatas_endereco_portal-768x77.png 768w, https:\/\/jornalfatosenoticias.com.br\/wp-content\/uploads\/2022\/02\/Arte-Autoescola-Galatas_endereco_portal.png 1223w\" sizes=\"auto, (max-width: 530px) 100vw, 530px\" \/><\/figure><\/div>\n\n\n\n<p><em><span class=\"has-inline-color has-luminous-vivid-orange-color\"><strong>Coluna\u00a0<\/strong>\u2014 Caf\u00e9 Coado<\/span><\/em><\/p>\n\n\n\n<p>No in\u00edcio de maio iniciamos a coluna Caf\u00e9 Coado. Foram, com este, encontros semanais, com reflex\u00f5es sobre os assuntos que desafiam nosso cotidiano. Sa\u00fade, educa\u00e7\u00e3o e seguran\u00e7a s\u00e3o as principais pol\u00edticas p\u00fablicas que afetam a maioria da popula\u00e7\u00e3o brasileira e n\u00e3o \u00e9 diferente aqui no Esp\u00edrito Santo. Pode n\u00e3o parecer, mas essas tr\u00eas pol\u00edticas est\u00e3o interligadas e vou demonstrar isso por meio da seguran\u00e7a, que \u00e9 a \u00e1rea onde tenho especializa\u00e7\u00e3o acad\u00eamica e experi\u00eancia profissional.<br>A viol\u00eancia que assola nossa popula\u00e7\u00e3o passa pela necessidade de melhorar nossa educa\u00e7\u00e3o b\u00e1sica, o ensino superior e, tamb\u00e9m, a qualifica\u00e7\u00e3o profissional orientada para o trabalho, de acordo com as caracter\u00edsticas regionais. Vou explicar isso melhor.<\/p>\n\n\n\n<div class=\"wp-block-image\"><figure class=\"alignleft size-large is-resized\"><img loading=\"lazy\" decoding=\"async\" src=\"https:\/\/jornalfatosenoticias.com.br\/wp-content\/uploads\/2022\/02\/Precisao-Contabilidade-1024x724.jpg\" alt=\"\" class=\"wp-image-28088\" width=\"274\" height=\"193\"\/><\/figure><\/div>\n\n\n\n<p>A educa\u00e7\u00e3o b\u00e1sica, que envolve a educa\u00e7\u00e3o infantil, o ensino fundamental e o ensino m\u00e9dio, \u00e9 primordial para nosso desenvolvimento. Ela deve ser orientada para formar pessoas conscientes de seus direitos e deveres e primar pelo desenvolvimento intelectual, considerando a diversidade da sociedade em que estamos inseridos, com diferentes etnias, g\u00eaneros, orienta\u00e7\u00f5es, religi\u00f5es e culturas.<br>No Brasil do final do s\u00e9culo passado, e n\u00e3o faz tanto tempo assim, o ensino m\u00e9dio era chamado de segundo grau, e esta etapa tinha uma forte inclina\u00e7\u00e3o para a qualifica\u00e7\u00e3o t\u00e9cnica. Ao ingressar o segundo grau (ensino m\u00e9dio), o estudante optava por uma forma\u00e7\u00e3o b\u00e1sica ou uma forma\u00e7\u00e3o orientada para o trabalho, chamada de ensino t\u00e9cnico. Assim, t\u00ednhamos ensino t\u00e9cnico de administra\u00e7\u00e3o, de contabilidade, de mec\u00e2nica, de eletrot\u00e9cnica, de edifica\u00e7\u00f5es e outras tantas modalidades que levavam em conta a necessidade de m\u00e3o de obra qualificada para o trabalho em determinada regi\u00e3o.<\/p>\n\n\n\n<div class=\"wp-block-image\"><figure class=\"aligncenter size-large is-resized\"><img loading=\"lazy\" decoding=\"async\" src=\"https:\/\/jornalfatosenoticias.com.br\/wp-content\/uploads\/2020\/02\/Serra-Grande-1024x160.png\" alt=\"\" class=\"wp-image-7836\" width=\"402\" height=\"62\"\/><\/figure><\/div>\n\n\n\n<p>Na d\u00e9cada de 80, o jovem, a partir da segunda etapa do ensino fundamental, ent\u00e3o chamado de gin\u00e1sio, tinha mat\u00e9rias como Organiza\u00e7\u00e3o Social e Pol\u00edtica do Brasil (OSPB), Educa\u00e7\u00e3o Moral e C\u00edvica (OMC) e Organiza\u00e7\u00e3o e M\u00e9todos (O&amp;M). J\u00e1 no ensino t\u00e9cnico, t\u00ednhamos mat\u00e9rias como Constitui\u00e7\u00e3o e Direito do Trabalho. Ao final das etapas, que hoje comp\u00f5e o ensino b\u00e1sico, o jovem sa\u00eda com uma base de forma\u00e7\u00e3o cidad\u00e3, conhecia seus direitos fundamentais e tinha no\u00e7\u00f5es b\u00e1sicas de seus direitos e deveres trabalhistas, al\u00e9m de o encaminhamento para uma profiss\u00e3o.<br>A partir da discuss\u00e3o de que est\u00e1vamos formando oper\u00e1rios e n\u00e3o pensadores, entramos no S\u00e9culo XXI praticamente com um esvaziamento do ensino t\u00e9cnico, que passou a ser bem explorado pela rede privada de ensino, dificultando o acesso pela maioria dos cidad\u00e3os e cidad\u00e3s brasileiras. Muitos jovens n\u00e3o conseguiam acesso ao ensino superior e n\u00e3o possu\u00edam forma\u00e7\u00e3o qualificada para o trabalho. Assim, sem experi\u00eancia e sem qualifica\u00e7\u00e3o profissional ficaram expostos ao recrutamento do tr\u00e1fico de drogas, de armas e de outras modalidades de organiza\u00e7\u00e3o criminosa.<\/p>\n\n\n\n<div class=\"wp-block-image\"><figure class=\"alignright size-large is-resized\"><img loading=\"lazy\" decoding=\"async\" src=\"https:\/\/jornalfatosenoticias.com.br\/wp-content\/uploads\/2020\/02\/nova-logo-Marquetti.jpg\" alt=\"\" class=\"wp-image-22331\" width=\"244\" height=\"164\" srcset=\"https:\/\/jornalfatosenoticias.com.br\/wp-content\/uploads\/2020\/02\/nova-logo-Marquetti.jpg 643w, https:\/\/jornalfatosenoticias.com.br\/wp-content\/uploads\/2020\/02\/nova-logo-Marquetti-300x202.jpg 300w\" sizes=\"auto, (max-width: 244px) 100vw, 244px\" \/><\/figure><\/div>\n\n\n\n<p>Por outro lado, a falta de sa\u00fade mental de nossa popula\u00e7\u00e3o foi se agravando. Associada \u00e0 ansiedade e \u00e0 depress\u00e3o, assistimos a um aumento do consumo de drogas l\u00edcitas e il\u00edcitas, impactando na viol\u00eancia dom\u00e9stica e tamb\u00e9m na viol\u00eancia urbana. Cresce o n\u00famero de furtos e roubos. E, com a chegada da tecnologia digital e o advento da internet, surgem tamb\u00e9m os crimes virtuais, afetando a honra e o patrim\u00f4nio das pessoas. E surgiram tamb\u00e9m os problemas juvenis associados ao uso quase ininterrupto da tecnologia, muitas vezes culminando em suic\u00eddios.<br>Esses novos tempos exigiram uma movimenta\u00e7\u00e3o das estruturas organizacionais p\u00fablicas e privadas. Como j\u00e1 falamos em artigos anteriores, os planos de seguran\u00e7a, no Esp\u00edrito Santo em 1999, e no Brasil, a partir de 2000, surgiram de uma necessidade de olhar a seguran\u00e7a p\u00fablica com mais profissionalismo e tivemos alguns avan\u00e7os.<\/p>\n\n\n\n<div class=\"wp-block-image\"><figure class=\"aligncenter size-large is-resized\"><img loading=\"lazy\" decoding=\"async\" src=\"https:\/\/jornalfatosenoticias.com.br\/wp-content\/uploads\/2022\/03\/logo-Suinco-1024x390.jpg\" alt=\"\" class=\"wp-image-28785\" width=\"323\" height=\"122\"\/><\/figure><\/div>\n\n\n\n<figure class=\"wp-block-image size-large\"><img loading=\"lazy\" decoding=\"async\" width=\"1000\" height=\"708\" src=\"https:\/\/jornalfatosenoticias.com.br\/wp-content\/uploads\/2022\/06\/cafe-coado_ecos.jpg\" alt=\"\" class=\"wp-image-31711\" srcset=\"https:\/\/jornalfatosenoticias.com.br\/wp-content\/uploads\/2022\/06\/cafe-coado_ecos.jpg 1000w, https:\/\/jornalfatosenoticias.com.br\/wp-content\/uploads\/2022\/06\/cafe-coado_ecos-300x212.jpg 300w, https:\/\/jornalfatosenoticias.com.br\/wp-content\/uploads\/2022\/06\/cafe-coado_ecos-768x544.jpg 768w\" sizes=\"auto, (max-width: 1000px) 100vw, 1000px\" \/><figcaption><em><span class=\"has-inline-color has-black-color\">Pol\u00edticas p\u00fablicas s\u00e3o feitas a partir do di\u00e1logo, principalmente com a popula\u00e7\u00e3o e com os profissionais da \u00e1rea<\/span><\/em><\/figcaption><\/figure>\n\n\n\n<div class=\"wp-block-image\"><figure class=\"alignleft size-large\"><img decoding=\"async\" src=\"https:\/\/jornalfatosenoticias.com.br\/wp-content\/uploads\/2020\/02\/logo_esteio.jpg\" alt=\"\" class=\"wp-image-1214\"\/><\/figure><\/div>\n\n\n\n<p>Quando temos problemas graves na sa\u00fade e na educa\u00e7\u00e3o, a inseguran\u00e7a aumenta. Mas sa\u00fade e educa\u00e7\u00e3o exigem a\u00e7\u00f5es cujos resultados s\u00e3o percebidos a longo prazo, enquanto a seguran\u00e7a p\u00fablica nos mostra o Estado Vis\u00edvel, com seus uniformes e viaturas caracterizadas, indicando uma percep\u00e7\u00e3o de seguran\u00e7a que pode ou n\u00e3o ser real. Mas a seguran\u00e7a p\u00fablica \u00e9 muito mais ampla que este aspecto vis\u00edvel e exige maiores investimentos e, em v\u00e1rias \u00e1reas.<br>N\u00e3o podemos nos esquecer do sistema carcer\u00e1rio, que conheceu uma melhora quando a cust\u00f3dia deixou de ser realizada pelas pol\u00edcias civis e militares e passou a ser realizada pelos agentes que, hoje, constitucionalmente, s\u00e3o denominados policiais penais. Claro, h\u00e1 ind\u00edcios de que o sistema pode explodir novamente e, por isso, exige uma aten\u00e7\u00e3o especial. Os Policiais Penais, em recente movimento realizado junto ao Pal\u00e1cio Anchieta, est\u00e3o alertando que \u00e9 necess\u00e1rio qualificar a Pol\u00edtica Penal, sob pena de voltarmos aos tempos sombrios que n\u00e3o gostar\u00edamos sequer de lembrar, quanto mais de viver.<\/p>\n\n\n\n<div class=\"wp-block-image\"><figure class=\"aligncenter size-large is-resized\"><img loading=\"lazy\" decoding=\"async\" src=\"https:\/\/jornalfatosenoticias.com.br\/wp-content\/uploads\/2022\/02\/Serra-Pack-459.png\" alt=\"\" class=\"wp-image-27471\" width=\"328\" height=\"131\"\/><\/figure><\/div>\n\n\n\n<p>Por aqui j\u00e1 me estendi muito, mas quero finalizar dizendo que as principais pol\u00edticas p\u00fablicas interligadas (educa\u00e7\u00e3o, sa\u00fade e seguran\u00e7a) exigem solu\u00e7\u00f5es integrativas. N\u00e3o devemos nos esquecer que as melhores pol\u00edticas p\u00fablicas s\u00e3o feitas a partir do di\u00e1logo, principalmente com a popula\u00e7\u00e3o e com os profissionais da \u00e1rea. Pol\u00edticas estabelecidas a partir de gabinetes s\u00e3o como pesquisas fundadas em artigos e laborat\u00f3rios confinados em si pr\u00f3prios. Pol\u00edticas p\u00fablicas devem ser estabelecidas para solucionar problemas reais e terem impactos sociais positivos e isso s\u00f3 se faz a partir de um di\u00e1logo qualificado.<br>Aproveito para apresentar o Coronel Jos\u00e9 Nivaldo Vieira, que esteve \u00e0 frente do primeiro programa de seguran\u00e7a p\u00fablica deste Estado e que j\u00e1 foi secret\u00e1rio de Estado de Justi\u00e7a, da Seguran\u00e7a e tamb\u00e9m da Casa Militar. Ele ser\u00e1, para minha honra, meu substituto nesta Coluna pelos pr\u00f3ximos tr\u00eas meses, enriquecendo ainda mais as reflex\u00f5es a que se prop\u00f5e este espa\u00e7o.<\/p>\n\n\n\n<div class=\"wp-block-image\"><figure class=\"alignleft size-large is-resized\"><img loading=\"lazy\" decoding=\"async\" src=\"https:\/\/jornalfatosenoticias.com.br\/wp-content\/uploads\/2022\/05\/Gracimeri_Gaviorno-removebg-preview.png\" alt=\"\" class=\"wp-image-30030\" width=\"211\" height=\"261\" srcset=\"https:\/\/jornalfatosenoticias.com.br\/wp-content\/uploads\/2022\/05\/Gracimeri_Gaviorno-removebg-preview.png 450w, https:\/\/jornalfatosenoticias.com.br\/wp-content\/uploads\/2022\/05\/Gracimeri_Gaviorno-removebg-preview-243x300.png 243w\" sizes=\"auto, (max-width: 211px) 100vw, 211px\" \/><figcaption><span class=\"has-inline-color has-black-color\"><strong>Gracimeri Gaviorno<br><\/strong>Delegada de pol\u00edcia; Especialista em Seguran\u00e7a P\u00fablica, Mestre e Doutora em Direitos Fundamentais; Professora; Instrutora e Mentora Profissional para Lideran\u00e7as<\/span><\/figcaption><\/figure><\/div>\n","protected":false},"excerpt":{"rendered":"<p>Quando temos problemas graves na sa\u00fade e na educa\u00e7\u00e3o, a inseguran\u00e7a aumenta Coluna\u00a0\u2014 Caf\u00e9 Coado No in\u00edcio de maio iniciamos a coluna Caf\u00e9 Coado. Foram, com este, encontros semanais, com reflex\u00f5es sobre os assuntos que desafiam nosso cotidiano. Sa\u00fade, educa\u00e7\u00e3o e seguran\u00e7a s\u00e3o as principais pol\u00edticas p\u00fablicas que afetam a maioria da popula\u00e7\u00e3o brasileira e [&hellip;]<\/p>\n","protected":false},"author":2,"featured_media":31712,"comment_status":"open","ping_status":"open","sticky":false,"template":"","format":"standard","meta":{"footnotes":""},"categories":[5],"tags":[15001,345,7270,463,74,15002],"class_list":["post-31710","post","type-post","status-publish","format-standard","has-post-thumbnail","hentry","category-geral","tag-acoes-integradas","tag-educacao","tag-inseguranca","tag-politicas-publicas","tag-saude","tag-solucoes-integrativas"],"yoast_head":"<!-- This site is optimized with the Yoast SEO plugin v26.5 - https:\/\/yoast.com\/wordpress\/plugins\/seo\/ -->\n<title>As principais pol\u00edticas p\u00fablicas interligadas exigem solu\u00e7\u00f5es integrativas - Jornal Fatos e Not\u00edcias<\/title>\n<meta name=\"robots\" content=\"index, follow, max-snippet:-1, max-image-preview:large, max-video-preview:-1\" \/>\n<link rel=\"canonical\" href=\"https:\/\/jornalfatosenoticias.com.br\/index.php\/2022\/06\/27\/as-principais-politicas-publicas-interligadas-exigem-solucoes-integrativas\/\" \/>\n<meta property=\"og:locale\" content=\"pt_BR\" \/>\n<meta property=\"og:type\" content=\"article\" \/>\n<meta property=\"og:title\" content=\"As principais pol\u00edticas p\u00fablicas interligadas exigem solu\u00e7\u00f5es integrativas - Jornal Fatos e Not\u00edcias\" \/>\n<meta property=\"og:description\" content=\"Quando temos problemas graves na sa\u00fade e na educa\u00e7\u00e3o, a inseguran\u00e7a aumenta Coluna\u00a0\u2014 Caf\u00e9 Coado No in\u00edcio de maio iniciamos a coluna Caf\u00e9 Coado. Foram, com este, encontros semanais, com reflex\u00f5es sobre os assuntos que desafiam nosso cotidiano. Sa\u00fade, educa\u00e7\u00e3o e seguran\u00e7a s\u00e3o as principais pol\u00edticas p\u00fablicas que afetam a maioria da popula\u00e7\u00e3o brasileira e [&hellip;]\" \/>\n<meta property=\"og:url\" content=\"https:\/\/jornalfatosenoticias.com.br\/index.php\/2022\/06\/27\/as-principais-politicas-publicas-interligadas-exigem-solucoes-integrativas\/\" \/>\n<meta property=\"og:site_name\" content=\"Jornal Fatos e Not\u00edcias\" \/>\n<meta property=\"article:published_time\" content=\"2022-06-27T15:19:09+00:00\" \/>\n<meta property=\"article:modified_time\" content=\"2022-06-27T15:19:13+00:00\" \/>\n<meta property=\"og:image\" content=\"https:\/\/jornalfatosenoticias.com.br\/wp-content\/uploads\/2022\/06\/politicas-publicas-cafe-coado2.png\" \/>\n\t<meta property=\"og:image:width\" content=\"1000\" \/>\n\t<meta property=\"og:image:height\" content=\"750\" \/>\n\t<meta property=\"og:image:type\" content=\"image\/png\" \/>\n<meta name=\"author\" content=\"Luzimara Fernandes\" \/>\n<meta name=\"twitter:card\" content=\"summary_large_image\" \/>\n<meta name=\"twitter:label1\" content=\"Escrito por\" \/>\n\t<meta name=\"twitter:data1\" content=\"Luzimara Fernandes\" \/>\n\t<meta name=\"twitter:label2\" content=\"Est. tempo de leitura\" \/>\n\t<meta name=\"twitter:data2\" content=\"6 minutos\" \/>\n<script type=\"application\/ld+json\" class=\"yoast-schema-graph\">{\"@context\":\"https:\/\/schema.org\",\"@graph\":[{\"@type\":\"Article\",\"@id\":\"https:\/\/jornalfatosenoticias.com.br\/index.php\/2022\/06\/27\/as-principais-politicas-publicas-interligadas-exigem-solucoes-integrativas\/#article\",\"isPartOf\":{\"@id\":\"https:\/\/jornalfatosenoticias.com.br\/index.php\/2022\/06\/27\/as-principais-politicas-publicas-interligadas-exigem-solucoes-integrativas\/\"},\"author\":{\"name\":\"Luzimara Fernandes\",\"@id\":\"https:\/\/jornalfatosenoticias.com.br\/#\/schema\/person\/d63837fa13ac8666eb9e74e0985d6f81\"},\"headline\":\"As principais pol\u00edticas p\u00fablicas interligadas exigem solu\u00e7\u00f5es integrativas\",\"datePublished\":\"2022-06-27T15:19:09+00:00\",\"dateModified\":\"2022-06-27T15:19:13+00:00\",\"mainEntityOfPage\":{\"@id\":\"https:\/\/jornalfatosenoticias.com.br\/index.php\/2022\/06\/27\/as-principais-politicas-publicas-interligadas-exigem-solucoes-integrativas\/\"},\"wordCount\":1125,\"commentCount\":0,\"publisher\":{\"@id\":\"https:\/\/jornalfatosenoticias.com.br\/#organization\"},\"image\":{\"@id\":\"https:\/\/jornalfatosenoticias.com.br\/index.php\/2022\/06\/27\/as-principais-politicas-publicas-interligadas-exigem-solucoes-integrativas\/#primaryimage\"},\"thumbnailUrl\":\"https:\/\/jornalfatosenoticias.com.br\/wp-content\/uploads\/2022\/06\/politicas-publicas-cafe-coado2.png\",\"keywords\":[\"a\u00e7\u00f5es integradas\",\"educa\u00e7\u00e3o\",\"inseguran\u00e7a\",\"pol\u00edticas p\u00fablicas\",\"sa\u00fade\",\"solu\u00e7\u00f5es integrativas\"],\"articleSection\":[\"Geral\"],\"inLanguage\":\"pt-BR\",\"potentialAction\":[{\"@type\":\"CommentAction\",\"name\":\"Comment\",\"target\":[\"https:\/\/jornalfatosenoticias.com.br\/index.php\/2022\/06\/27\/as-principais-politicas-publicas-interligadas-exigem-solucoes-integrativas\/#respond\"]}]},{\"@type\":\"WebPage\",\"@id\":\"https:\/\/jornalfatosenoticias.com.br\/index.php\/2022\/06\/27\/as-principais-politicas-publicas-interligadas-exigem-solucoes-integrativas\/\",\"url\":\"https:\/\/jornalfatosenoticias.com.br\/index.php\/2022\/06\/27\/as-principais-politicas-publicas-interligadas-exigem-solucoes-integrativas\/\",\"name\":\"As principais pol\u00edticas p\u00fablicas interligadas exigem solu\u00e7\u00f5es integrativas - Jornal Fatos e Not\u00edcias\",\"isPartOf\":{\"@id\":\"https:\/\/jornalfatosenoticias.com.br\/#website\"},\"primaryImageOfPage\":{\"@id\":\"https:\/\/jornalfatosenoticias.com.br\/index.php\/2022\/06\/27\/as-principais-politicas-publicas-interligadas-exigem-solucoes-integrativas\/#primaryimage\"},\"image\":{\"@id\":\"https:\/\/jornalfatosenoticias.com.br\/index.php\/2022\/06\/27\/as-principais-politicas-publicas-interligadas-exigem-solucoes-integrativas\/#primaryimage\"},\"thumbnailUrl\":\"https:\/\/jornalfatosenoticias.com.br\/wp-content\/uploads\/2022\/06\/politicas-publicas-cafe-coado2.png\",\"datePublished\":\"2022-06-27T15:19:09+00:00\",\"dateModified\":\"2022-06-27T15:19:13+00:00\",\"breadcrumb\":{\"@id\":\"https:\/\/jornalfatosenoticias.com.br\/index.php\/2022\/06\/27\/as-principais-politicas-publicas-interligadas-exigem-solucoes-integrativas\/#breadcrumb\"},\"inLanguage\":\"pt-BR\",\"potentialAction\":[{\"@type\":\"ReadAction\",\"target\":[\"https:\/\/jornalfatosenoticias.com.br\/index.php\/2022\/06\/27\/as-principais-politicas-publicas-interligadas-exigem-solucoes-integrativas\/\"]}]},{\"@type\":\"ImageObject\",\"inLanguage\":\"pt-BR\",\"@id\":\"https:\/\/jornalfatosenoticias.com.br\/index.php\/2022\/06\/27\/as-principais-politicas-publicas-interligadas-exigem-solucoes-integrativas\/#primaryimage\",\"url\":\"https:\/\/jornalfatosenoticias.com.br\/wp-content\/uploads\/2022\/06\/politicas-publicas-cafe-coado2.png\",\"contentUrl\":\"https:\/\/jornalfatosenoticias.com.br\/wp-content\/uploads\/2022\/06\/politicas-publicas-cafe-coado2.png\",\"width\":1000,\"height\":750},{\"@type\":\"BreadcrumbList\",\"@id\":\"https:\/\/jornalfatosenoticias.com.br\/index.php\/2022\/06\/27\/as-principais-politicas-publicas-interligadas-exigem-solucoes-integrativas\/#breadcrumb\",\"itemListElement\":[{\"@type\":\"ListItem\",\"position\":1,\"name\":\"In\u00edcio\",\"item\":\"https:\/\/jornalfatosenoticias.com.br\/\"},{\"@type\":\"ListItem\",\"position\":2,\"name\":\"As principais pol\u00edticas p\u00fablicas interligadas exigem solu\u00e7\u00f5es integrativas\"}]},{\"@type\":\"WebSite\",\"@id\":\"https:\/\/jornalfatosenoticias.com.br\/#website\",\"url\":\"https:\/\/jornalfatosenoticias.com.br\/\",\"name\":\"Jornal Fatos e Not\u00edcias\",\"description\":\"Not\u00edcias em geral\",\"publisher\":{\"@id\":\"https:\/\/jornalfatosenoticias.com.br\/#organization\"},\"potentialAction\":[{\"@type\":\"SearchAction\",\"target\":{\"@type\":\"EntryPoint\",\"urlTemplate\":\"https:\/\/jornalfatosenoticias.com.br\/?s={search_term_string}\"},\"query-input\":{\"@type\":\"PropertyValueSpecification\",\"valueRequired\":true,\"valueName\":\"search_term_string\"}}],\"inLanguage\":\"pt-BR\"},{\"@type\":\"Organization\",\"@id\":\"https:\/\/jornalfatosenoticias.com.br\/#organization\",\"name\":\"Jornal Fatos e Not\u00edcias\",\"url\":\"https:\/\/jornalfatosenoticias.com.br\/\",\"logo\":{\"@type\":\"ImageObject\",\"inLanguage\":\"pt-BR\",\"@id\":\"https:\/\/jornalfatosenoticias.com.br\/#\/schema\/logo\/image\/\",\"url\":\"https:\/\/jornalfatosenoticias.com.br\/wp-content\/uploads\/2020\/02\/logo120.png\",\"contentUrl\":\"https:\/\/jornalfatosenoticias.com.br\/wp-content\/uploads\/2020\/02\/logo120.png\",\"width\":1227,\"height\":120,\"caption\":\"Jornal Fatos e Not\u00edcias\"},\"image\":{\"@id\":\"https:\/\/jornalfatosenoticias.com.br\/#\/schema\/logo\/image\/\"}},{\"@type\":\"Person\",\"@id\":\"https:\/\/jornalfatosenoticias.com.br\/#\/schema\/person\/d63837fa13ac8666eb9e74e0985d6f81\",\"name\":\"Luzimara Fernandes\",\"image\":{\"@type\":\"ImageObject\",\"inLanguage\":\"pt-BR\",\"@id\":\"https:\/\/jornalfatosenoticias.com.br\/#\/schema\/person\/image\/\",\"url\":\"https:\/\/jornalfatosenoticias.com.br\/wp-content\/uploads\/2025\/05\/EU_portal.jpg\",\"contentUrl\":\"https:\/\/jornalfatosenoticias.com.br\/wp-content\/uploads\/2025\/05\/EU_portal.jpg\",\"caption\":\"Luzimara Fernandes\"},\"description\":\"Jornalista MTB 2358-ES\",\"sameAs\":[\"https:\/\/jornalfatosenoticias.com.br\"],\"url\":\"https:\/\/jornalfatosenoticias.com.br\/index.php\/author\/luzimara\/\"}]}<\/script>\n<!-- \/ Yoast SEO plugin. -->","yoast_head_json":{"title":"As principais pol\u00edticas p\u00fablicas interligadas exigem solu\u00e7\u00f5es integrativas - Jornal Fatos e Not\u00edcias","robots":{"index":"index","follow":"follow","max-snippet":"max-snippet:-1","max-image-preview":"max-image-preview:large","max-video-preview":"max-video-preview:-1"},"canonical":"https:\/\/jornalfatosenoticias.com.br\/index.php\/2022\/06\/27\/as-principais-politicas-publicas-interligadas-exigem-solucoes-integrativas\/","og_locale":"pt_BR","og_type":"article","og_title":"As principais pol\u00edticas p\u00fablicas interligadas exigem solu\u00e7\u00f5es integrativas - Jornal Fatos e Not\u00edcias","og_description":"Quando temos problemas graves na sa\u00fade e na educa\u00e7\u00e3o, a inseguran\u00e7a aumenta Coluna\u00a0\u2014 Caf\u00e9 Coado No in\u00edcio de maio iniciamos a coluna Caf\u00e9 Coado. Foram, com este, encontros semanais, com reflex\u00f5es sobre os assuntos que desafiam nosso cotidiano. Sa\u00fade, educa\u00e7\u00e3o e seguran\u00e7a s\u00e3o as principais pol\u00edticas p\u00fablicas que afetam a maioria da popula\u00e7\u00e3o brasileira e [&hellip;]","og_url":"https:\/\/jornalfatosenoticias.com.br\/index.php\/2022\/06\/27\/as-principais-politicas-publicas-interligadas-exigem-solucoes-integrativas\/","og_site_name":"Jornal Fatos e Not\u00edcias","article_published_time":"2022-06-27T15:19:09+00:00","article_modified_time":"2022-06-27T15:19:13+00:00","og_image":[{"width":1000,"height":750,"url":"https:\/\/jornalfatosenoticias.com.br\/wp-content\/uploads\/2022\/06\/politicas-publicas-cafe-coado2.png","type":"image\/png"}],"author":"Luzimara Fernandes","twitter_card":"summary_large_image","twitter_misc":{"Escrito por":"Luzimara Fernandes","Est. tempo de leitura":"6 minutos"},"schema":{"@context":"https:\/\/schema.org","@graph":[{"@type":"Article","@id":"https:\/\/jornalfatosenoticias.com.br\/index.php\/2022\/06\/27\/as-principais-politicas-publicas-interligadas-exigem-solucoes-integrativas\/#article","isPartOf":{"@id":"https:\/\/jornalfatosenoticias.com.br\/index.php\/2022\/06\/27\/as-principais-politicas-publicas-interligadas-exigem-solucoes-integrativas\/"},"author":{"name":"Luzimara Fernandes","@id":"https:\/\/jornalfatosenoticias.com.br\/#\/schema\/person\/d63837fa13ac8666eb9e74e0985d6f81"},"headline":"As principais pol\u00edticas p\u00fablicas interligadas exigem solu\u00e7\u00f5es integrativas","datePublished":"2022-06-27T15:19:09+00:00","dateModified":"2022-06-27T15:19:13+00:00","mainEntityOfPage":{"@id":"https:\/\/jornalfatosenoticias.com.br\/index.php\/2022\/06\/27\/as-principais-politicas-publicas-interligadas-exigem-solucoes-integrativas\/"},"wordCount":1125,"commentCount":0,"publisher":{"@id":"https:\/\/jornalfatosenoticias.com.br\/#organization"},"image":{"@id":"https:\/\/jornalfatosenoticias.com.br\/index.php\/2022\/06\/27\/as-principais-politicas-publicas-interligadas-exigem-solucoes-integrativas\/#primaryimage"},"thumbnailUrl":"https:\/\/jornalfatosenoticias.com.br\/wp-content\/uploads\/2022\/06\/politicas-publicas-cafe-coado2.png","keywords":["a\u00e7\u00f5es integradas","educa\u00e7\u00e3o","inseguran\u00e7a","pol\u00edticas p\u00fablicas","sa\u00fade","solu\u00e7\u00f5es integrativas"],"articleSection":["Geral"],"inLanguage":"pt-BR","potentialAction":[{"@type":"CommentAction","name":"Comment","target":["https:\/\/jornalfatosenoticias.com.br\/index.php\/2022\/06\/27\/as-principais-politicas-publicas-interligadas-exigem-solucoes-integrativas\/#respond"]}]},{"@type":"WebPage","@id":"https:\/\/jornalfatosenoticias.com.br\/index.php\/2022\/06\/27\/as-principais-politicas-publicas-interligadas-exigem-solucoes-integrativas\/","url":"https:\/\/jornalfatosenoticias.com.br\/index.php\/2022\/06\/27\/as-principais-politicas-publicas-interligadas-exigem-solucoes-integrativas\/","name":"As principais pol\u00edticas p\u00fablicas interligadas exigem solu\u00e7\u00f5es integrativas - Jornal Fatos e Not\u00edcias","isPartOf":{"@id":"https:\/\/jornalfatosenoticias.com.br\/#website"},"primaryImageOfPage":{"@id":"https:\/\/jornalfatosenoticias.com.br\/index.php\/2022\/06\/27\/as-principais-politicas-publicas-interligadas-exigem-solucoes-integrativas\/#primaryimage"},"image":{"@id":"https:\/\/jornalfatosenoticias.com.br\/index.php\/2022\/06\/27\/as-principais-politicas-publicas-interligadas-exigem-solucoes-integrativas\/#primaryimage"},"thumbnailUrl":"https:\/\/jornalfatosenoticias.com.br\/wp-content\/uploads\/2022\/06\/politicas-publicas-cafe-coado2.png","datePublished":"2022-06-27T15:19:09+00:00","dateModified":"2022-06-27T15:19:13+00:00","breadcrumb":{"@id":"https:\/\/jornalfatosenoticias.com.br\/index.php\/2022\/06\/27\/as-principais-politicas-publicas-interligadas-exigem-solucoes-integrativas\/#breadcrumb"},"inLanguage":"pt-BR","potentialAction":[{"@type":"ReadAction","target":["https:\/\/jornalfatosenoticias.com.br\/index.php\/2022\/06\/27\/as-principais-politicas-publicas-interligadas-exigem-solucoes-integrativas\/"]}]},{"@type":"ImageObject","inLanguage":"pt-BR","@id":"https:\/\/jornalfatosenoticias.com.br\/index.php\/2022\/06\/27\/as-principais-politicas-publicas-interligadas-exigem-solucoes-integrativas\/#primaryimage","url":"https:\/\/jornalfatosenoticias.com.br\/wp-content\/uploads\/2022\/06\/politicas-publicas-cafe-coado2.png","contentUrl":"https:\/\/jornalfatosenoticias.com.br\/wp-content\/uploads\/2022\/06\/politicas-publicas-cafe-coado2.png","width":1000,"height":750},{"@type":"BreadcrumbList","@id":"https:\/\/jornalfatosenoticias.com.br\/index.php\/2022\/06\/27\/as-principais-politicas-publicas-interligadas-exigem-solucoes-integrativas\/#breadcrumb","itemListElement":[{"@type":"ListItem","position":1,"name":"In\u00edcio","item":"https:\/\/jornalfatosenoticias.com.br\/"},{"@type":"ListItem","position":2,"name":"As principais pol\u00edticas p\u00fablicas interligadas exigem solu\u00e7\u00f5es integrativas"}]},{"@type":"WebSite","@id":"https:\/\/jornalfatosenoticias.com.br\/#website","url":"https:\/\/jornalfatosenoticias.com.br\/","name":"Jornal Fatos e Not\u00edcias","description":"Not\u00edcias em geral","publisher":{"@id":"https:\/\/jornalfatosenoticias.com.br\/#organization"},"potentialAction":[{"@type":"SearchAction","target":{"@type":"EntryPoint","urlTemplate":"https:\/\/jornalfatosenoticias.com.br\/?s={search_term_string}"},"query-input":{"@type":"PropertyValueSpecification","valueRequired":true,"valueName":"search_term_string"}}],"inLanguage":"pt-BR"},{"@type":"Organization","@id":"https:\/\/jornalfatosenoticias.com.br\/#organization","name":"Jornal Fatos e Not\u00edcias","url":"https:\/\/jornalfatosenoticias.com.br\/","logo":{"@type":"ImageObject","inLanguage":"pt-BR","@id":"https:\/\/jornalfatosenoticias.com.br\/#\/schema\/logo\/image\/","url":"https:\/\/jornalfatosenoticias.com.br\/wp-content\/uploads\/2020\/02\/logo120.png","contentUrl":"https:\/\/jornalfatosenoticias.com.br\/wp-content\/uploads\/2020\/02\/logo120.png","width":1227,"height":120,"caption":"Jornal Fatos e Not\u00edcias"},"image":{"@id":"https:\/\/jornalfatosenoticias.com.br\/#\/schema\/logo\/image\/"}},{"@type":"Person","@id":"https:\/\/jornalfatosenoticias.com.br\/#\/schema\/person\/d63837fa13ac8666eb9e74e0985d6f81","name":"Luzimara Fernandes","image":{"@type":"ImageObject","inLanguage":"pt-BR","@id":"https:\/\/jornalfatosenoticias.com.br\/#\/schema\/person\/image\/","url":"https:\/\/jornalfatosenoticias.com.br\/wp-content\/uploads\/2025\/05\/EU_portal.jpg","contentUrl":"https:\/\/jornalfatosenoticias.com.br\/wp-content\/uploads\/2025\/05\/EU_portal.jpg","caption":"Luzimara Fernandes"},"description":"Jornalista MTB 2358-ES","sameAs":["https:\/\/jornalfatosenoticias.com.br"],"url":"https:\/\/jornalfatosenoticias.com.br\/index.php\/author\/luzimara\/"}]}},"cc_featured_image_caption":{"caption_text":"(Foto: Divulga\u00e7\u00e3o) ","source_text":"","source_url":""},"jetpack_featured_media_url":"https:\/\/jornalfatosenoticias.com.br\/wp-content\/uploads\/2022\/06\/politicas-publicas-cafe-coado2.png","_links":{"self":[{"href":"https:\/\/jornalfatosenoticias.com.br\/index.php\/wp-json\/wp\/v2\/posts\/31710","targetHints":{"allow":["GET"]}}],"collection":[{"href":"https:\/\/jornalfatosenoticias.com.br\/index.php\/wp-json\/wp\/v2\/posts"}],"about":[{"href":"https:\/\/jornalfatosenoticias.com.br\/index.php\/wp-json\/wp\/v2\/types\/post"}],"author":[{"embeddable":true,"href":"https:\/\/jornalfatosenoticias.com.br\/index.php\/wp-json\/wp\/v2\/users\/2"}],"replies":[{"embeddable":true,"href":"https:\/\/jornalfatosenoticias.com.br\/index.php\/wp-json\/wp\/v2\/comments?post=31710"}],"version-history":[{"count":0,"href":"https:\/\/jornalfatosenoticias.com.br\/index.php\/wp-json\/wp\/v2\/posts\/31710\/revisions"}],"wp:featuredmedia":[{"embeddable":true,"href":"https:\/\/jornalfatosenoticias.com.br\/index.php\/wp-json\/wp\/v2\/media\/31712"}],"wp:attachment":[{"href":"https:\/\/jornalfatosenoticias.com.br\/index.php\/wp-json\/wp\/v2\/media?parent=31710"}],"wp:term":[{"taxonomy":"category","embeddable":true,"href":"https:\/\/jornalfatosenoticias.com.br\/index.php\/wp-json\/wp\/v2\/categories?post=31710"},{"taxonomy":"post_tag","embeddable":true,"href":"https:\/\/jornalfatosenoticias.com.br\/index.php\/wp-json\/wp\/v2\/tags?post=31710"}],"curies":[{"name":"wp","href":"https:\/\/api.w.org\/{rel}","templated":true}]}}