{"id":31739,"date":"2022-06-27T17:45:15","date_gmt":"2022-06-27T20:45:15","guid":{"rendered":"https:\/\/jornalfatosenoticias.com.br\/?p=31739"},"modified":"2022-06-27T18:05:30","modified_gmt":"2022-06-27T21:05:30","slug":"pesquisadores-criam-1a-bateria-recarregavel-a-base-de-cimento-2","status":"publish","type":"post","link":"https:\/\/jornalfatosenoticias.com.br\/index.php\/2022\/06\/27\/pesquisadores-criam-1a-bateria-recarregavel-a-base-de-cimento-2\/","title":{"rendered":"Pesquisadores criam 1\u00aa bateria recarreg\u00e1vel \u00e0 base de cimento"},"content":{"rendered":"\n<p><em><span class=\"has-inline-color has-black-color\">Objetivo \u00e9 que pr\u00e9dios possam armazenar energia em sua pr\u00f3pria estrutura<\/span><\/em><\/p>\n\n\n\n<div class=\"wp-block-image\"><figure class=\"aligncenter size-large is-resized\"><img loading=\"lazy\" decoding=\"async\" src=\"https:\/\/jornalfatosenoticias.com.br\/wp-content\/uploads\/2020\/02\/Logo_Mizu.png\" alt=\"\" class=\"wp-image-1441\" width=\"516\" height=\"63\" srcset=\"https:\/\/jornalfatosenoticias.com.br\/wp-content\/uploads\/2020\/02\/Logo_Mizu.png 729w, https:\/\/jornalfatosenoticias.com.br\/wp-content\/uploads\/2020\/02\/Logo_Mizu-300x37.png 300w\" sizes=\"auto, (max-width: 516px) 100vw, 516px\" \/><\/figure><\/div>\n\n\n\n<p>O armazenamento de energia renov\u00e1vel, sobretudo e\u00f3lica e solar, ainda \u00e9 um desafio. Mas, cientistas da Universidade T\u00e9cnica Chalmers, na Su\u00e9cia, est\u00e3o dando um grande passo rumo \u00e0 cria\u00e7\u00e3o de uma bateria ecol\u00f3gica feita de cimento. O projeto, ainda em fase de prot\u00f3tipo, \u00e9 focado na constru\u00e7\u00e3o civil.<br>Em busca de materiais sustent\u00e1veis e escal\u00e1veis, os pesquisadores Emma Zhang e Luping Tang, do Departamento de Arquitetura e Engenharia Civil, criaram um novo conceito para baterias recarreg\u00e1veis. O processo envolve primeiro uma mistura \u00e0 base de cimento, com pequenas quantidades de fibras curtas de carbono adicionadas para aumentar a condutividade e a tenacidade \u00e0 flex\u00e3o. Ent\u00e3o, embutida na mistura est\u00e1 uma malha de fibra de carbono revestida de metal \u2014 ferro para o \u00e2nodo e n\u00edquel para o c\u00e1todo. \u00c9 o primeiro conceito do tipo no mundo.<\/p>\n\n\n\n<div class=\"wp-block-image\"><figure class=\"aligncenter size-large is-resized\"><img loading=\"lazy\" decoding=\"async\" src=\"https:\/\/jornalfatosenoticias.com.br\/wp-content\/uploads\/2022\/02\/Serra-Pack-459.png\" alt=\"\" class=\"wp-image-27471\" width=\"330\" height=\"132\"\/><\/figure><\/div>\n\n\n\n<blockquote class=\"wp-block-quote is-layout-flow wp-block-quote-is-layout-flow\"><p><span class=\"has-inline-color has-luminous-vivid-orange-color\">\u201cOs resultados de estudos anteriores, investigando a tecnologia de bateria de concreto, mostraram um desempenho muito baixo, ent\u00e3o percebemos que t\u00ednhamos que pensar fora da caixa, para chegar a outra maneira de produzir o eletrodo. Esta ideia particular que desenvolvemos \u2014 que tamb\u00e9m \u00e9 recarreg\u00e1vel \u2014 nunca foi explorada antes. Agora temos uma prova de conceito em escala de laborat\u00f3rio\u201d, explica Emma Zhang.<\/span><\/p><\/blockquote>\n\n\n\n<div class=\"wp-block-image\"><figure class=\"aligncenter size-large\"><img loading=\"lazy\" decoding=\"async\" width=\"1024\" height=\"100\" src=\"https:\/\/jornalfatosenoticias.com.br\/wp-content\/uploads\/2020\/02\/banner_ferramentas-1024x100.jpg\" alt=\"\" class=\"wp-image-1258\" srcset=\"https:\/\/jornalfatosenoticias.com.br\/wp-content\/uploads\/2020\/02\/banner_ferramentas-1024x100.jpg 1024w, https:\/\/jornalfatosenoticias.com.br\/wp-content\/uploads\/2020\/02\/banner_ferramentas-300x29.jpg 300w, https:\/\/jornalfatosenoticias.com.br\/wp-content\/uploads\/2020\/02\/banner_ferramentas-768x75.jpg 768w, https:\/\/jornalfatosenoticias.com.br\/wp-content\/uploads\/2020\/02\/banner_ferramentas.jpg 1227w\" sizes=\"auto, (max-width: 1024px) 100vw, 1024px\" \/><\/figure><\/div>\n\n\n\n<p>O estudo produziu uma bateria recarreg\u00e1vel \u00e0 base de cimento com uma densidade de energia m\u00e9dia de sete watt-hora (Wh) por metro quadrado. A densidade de energia \u00e9 usada para expressar a capacidade da bateria e, neste caso, a densidade ainda \u00e9 baixa em compara\u00e7\u00e3o com as baterias comerciais, por\u00e9m tal limita\u00e7\u00e3o pode ser superada gra\u00e7as ao grande volume no qual a bateria pode ser constru\u00edda quando usada em edif\u00edcios.<\/p>\n\n\n\n<figure class=\"wp-block-image size-large\"><img loading=\"lazy\" decoding=\"async\" width=\"750\" height=\"1000\" src=\"https:\/\/jornalfatosenoticias.com.br\/wp-content\/uploads\/2022\/06\/Bateria-recarregavel-cimento2.jpg\" alt=\"\" class=\"wp-image-31740\" srcset=\"https:\/\/jornalfatosenoticias.com.br\/wp-content\/uploads\/2022\/06\/Bateria-recarregavel-cimento2.jpg 750w, https:\/\/jornalfatosenoticias.com.br\/wp-content\/uploads\/2022\/06\/Bateria-recarregavel-cimento2-225x300.jpg 225w\" sizes=\"auto, (max-width: 750px) 100vw, 750px\" \/><figcaption><em><span class=\"has-inline-color has-black-color\">(Foto: Universidade T\u00e9cnica Chalmers)<\/span><\/em><\/figcaption><\/figure>\n\n\n\n<p><strong><span class=\"has-inline-color has-vivid-purple-color\">Bateria recarreg\u00e1vel<br><\/span><\/strong>O fato da bateria ser recarreg\u00e1vel \u00e9 uma qualidade importante, com diversas possibilidades de utiliza\u00e7\u00e3o se o conceito for desenvolvido e comercializado. Os pesquisadores destacam aplica\u00e7\u00f5es que podem variar desde alimentar LEDs, fornecer conex\u00f5es 4G em \u00e1reas remotas ou at\u00e9 prote\u00e7\u00e3o cat\u00f3dica \u2014 uma t\u00e9cnica usada para controlar a corros\u00e3o de superf\u00edcies met\u00e1licas.<\/p>\n\n\n\n<div class=\"wp-block-image\"><figure class=\"aligncenter size-large\"><img decoding=\"async\" src=\"https:\/\/jornalfatosenoticias.com.br\/wp-content\/uploads\/2020\/02\/logo_esteio.jpg\" alt=\"\" class=\"wp-image-1214\"\/><\/figure><\/div>\n\n\n\n<blockquote class=\"wp-block-quote is-layout-flow wp-block-quote-is-layout-flow\"><p><span class=\"has-inline-color has-luminous-vivid-orange-color\">\u201cTamb\u00e9m poderia ser <strong>acoplado a pain\u00e9is de c\u00e9lulas solares,<\/strong> por exemplo, para fornecer eletricidade e se tornar a fonte de energia para sistemas de monitoramento em rodovias ou pontes, onde sensores operados por uma bateria de concreto poderiam detectar rachaduras ou corros\u00e3o\u201d, sugere Emma.<\/span><\/p><\/blockquote>\n\n\n\n<div class=\"wp-block-image\"><figure class=\"alignright size-large is-resized\"><img loading=\"lazy\" decoding=\"async\" src=\"https:\/\/jornalfatosenoticias.com.br\/wp-content\/uploads\/2020\/02\/Suinco-1024x389.jpg\" alt=\"\" class=\"wp-image-28883\" width=\"282\" height=\"107\" srcset=\"https:\/\/jornalfatosenoticias.com.br\/wp-content\/uploads\/2020\/02\/Suinco-1024x389.jpg 1024w, https:\/\/jornalfatosenoticias.com.br\/wp-content\/uploads\/2020\/02\/Suinco-300x114.jpg 300w, https:\/\/jornalfatosenoticias.com.br\/wp-content\/uploads\/2020\/02\/Suinco-768x292.jpg 768w, https:\/\/jornalfatosenoticias.com.br\/wp-content\/uploads\/2020\/02\/Suinco.jpg 1220w\" sizes=\"auto, (max-width: 282px) 100vw, 282px\" \/><\/figure><\/div>\n\n\n\n<p>O conceito de utilizar estruturas e edif\u00edcios desta forma poderia ser revolucion\u00e1rio, pois ofereceria uma solu\u00e7\u00e3o alternativa para a crise energ\u00e9tica, ao disponibilizar um grande volume de <a href=\"https:\/\/ciclovivo.com.br\/inovacao\/tecnologia\/bateria-oceanica-armazena-energia-renovavel-no-fundo-do-mar\/\">armazenamento de energia<\/a>.<br>O concreto, que \u00e9 formado pela mistura de cimento com outros ingredientes, \u00e9 o material de constru\u00e7\u00e3o mais usado no mundo. Do ponto de vista da sustentabilidade, est\u00e1 longe de ser o ideal, mas o potencial de adicionar funcionalidade pode oferecer uma nova dimens\u00e3o.<\/p>\n\n\n\n<figure class=\"wp-block-image size-large\"><img loading=\"lazy\" decoding=\"async\" width=\"1000\" height=\"649\" src=\"https:\/\/jornalfatosenoticias.com.br\/wp-content\/uploads\/2022\/06\/Bateria-recarregavel-cimento3.jpg\" alt=\"\" class=\"wp-image-31741\" srcset=\"https:\/\/jornalfatosenoticias.com.br\/wp-content\/uploads\/2022\/06\/Bateria-recarregavel-cimento3.jpg 1000w, https:\/\/jornalfatosenoticias.com.br\/wp-content\/uploads\/2022\/06\/Bateria-recarregavel-cimento3-300x195.jpg 300w, https:\/\/jornalfatosenoticias.com.br\/wp-content\/uploads\/2022\/06\/Bateria-recarregavel-cimento3-768x498.jpg 768w, https:\/\/jornalfatosenoticias.com.br\/wp-content\/uploads\/2022\/06\/Bateria-recarregavel-cimento3-880x570.jpg 880w\" sizes=\"auto, (max-width: 1000px) 100vw, 1000px\" \/><figcaption><em><span class=\"has-inline-color has-black-color\">Emma Zhang e Luping Tang (Foto: Universidade T\u00e9cnica Chalmers)<\/span><\/em><\/figcaption><\/figure>\n\n\n\n<div class=\"wp-block-image\"><figure class=\"alignleft size-large is-resized\"><img loading=\"lazy\" decoding=\"async\" src=\"https:\/\/jornalfatosenoticias.com.br\/wp-content\/uploads\/2022\/02\/Precisao-Contabilidade-1024x724.jpg\" alt=\"\" class=\"wp-image-28088\" width=\"280\" height=\"197\"\/><\/figure><\/div>\n\n\n\n<p><strong><span class=\"has-inline-color has-vivid-purple-color\">Desafios<br><\/span><\/strong>Se a ideia vingar, possivelmente, no futuro, um edif\u00edcio inteiro de concreto de 20 andares poder\u00e1 armazenar energia renov\u00e1vel como uma <a href=\"https:\/\/ciclovivo.com.br\/inovacao\/tecnologia\/bateria-movida-a-algas-alimenta-microprocessador-por-6-meses\/\">bateria<\/a> gigante. Entretanto, at\u00e9 o momento, a ideia ainda est\u00e1 em est\u00e1gio inicial. Antes que a comercializa\u00e7\u00e3o da tecnologia seja uma realidade ser\u00e1 preciso desenvolver outras solu\u00e7\u00f5es.<br>Entre as quest\u00f5es t\u00e9cnicas a serem resolvidas est\u00e1 a extens\u00e3o da vida \u00fatil da bateria e o desenvolvimento de formas de reciclagem.<\/p>\n\n\n\n<blockquote class=\"wp-block-quote is-layout-flow wp-block-quote-is-layout-flow\"><p><span class=\"has-inline-color has-luminous-vivid-orange-color\">\u201cComo a infraestrutura de concreto geralmente \u00e9 constru\u00edda para durar 50 ou at\u00e9 100 anos, as baterias precisariam ser refinadas para corresponder a isso ou para serem mais f\u00e1ceis de trocar e reciclar quando sua vida \u00fatil terminar. Por enquanto, isso oferece um grande desafio do ponto de vista t\u00e9cnico\u201d, explica Emma.<\/span><\/p><\/blockquote>\n\n\n\n<div class=\"wp-block-image\"><figure class=\"aligncenter size-large is-resized\"><img loading=\"lazy\" decoding=\"async\" src=\"https:\/\/jornalfatosenoticias.com.br\/wp-content\/uploads\/2020\/02\/Serra-Grande-1024x160.png\" alt=\"\" class=\"wp-image-7836\" width=\"433\" height=\"67\"\/><\/figure><\/div>\n\n\n\n<p>De todo modo, n\u00e3o h\u00e1 d\u00favidas de que a inova\u00e7\u00e3o tem muito a oferecer.<\/p>\n\n\n\n<blockquote class=\"wp-block-quote is-layout-flow wp-block-quote-is-layout-flow\"><p><span class=\"has-inline-color has-luminous-vivid-orange-color\">\u201cEstamos convencidos de que este conceito \u00e9 uma grande contribui\u00e7\u00e3o para permitir que os materiais de constru\u00e7\u00e3o do futuro tenham fun\u00e7\u00f5es adicionais, como fontes de energia renov\u00e1veis\u201d, conclui Luping Tang.<\/span><\/p><\/blockquote>\n\n\n\n<div class=\"wp-block-image\"><figure class=\"aligncenter size-large is-resized\"><img loading=\"lazy\" decoding=\"async\" src=\"https:\/\/jornalfatosenoticias.com.br\/wp-content\/uploads\/2022\/05\/NOVA-LOGO-CESCONETTO-1024x100.jpg\" alt=\"\" class=\"wp-image-30792\" width=\"509\" height=\"49\" srcset=\"https:\/\/jornalfatosenoticias.com.br\/wp-content\/uploads\/2022\/05\/NOVA-LOGO-CESCONETTO-1024x100.jpg 1024w, https:\/\/jornalfatosenoticias.com.br\/wp-content\/uploads\/2022\/05\/NOVA-LOGO-CESCONETTO-300x29.jpg 300w, https:\/\/jornalfatosenoticias.com.br\/wp-content\/uploads\/2022\/05\/NOVA-LOGO-CESCONETTO-768x75.jpg 768w, https:\/\/jornalfatosenoticias.com.br\/wp-content\/uploads\/2022\/05\/NOVA-LOGO-CESCONETTO.jpg 1280w\" sizes=\"auto, (max-width: 509px) 100vw, 509px\" \/><\/figure><\/div>\n\n\n\n<p>O projeto de pesquisa foi financiado pela Ag\u00eancia Sueca de Energia e o artigo cient\u00edfico sobre a bateria recarreg\u00e1vel de concreto <a href=\"https:\/\/doi.org\/10.3390\/buildings11030103\" target=\"_blank\" rel=\"noreferrer noopener\">est\u00e1 dispon\u00edvel aqui<\/a>.<\/p>\n\n\n\n<p><em><span class=\"has-inline-color has-black-color\"><strong>Foto: <\/strong>Yen Strandqvist\/Universidade T\u00e9cnica Chalmers<\/span><\/em><\/p>\n\n\n\n<p><strong><em>Fonte: <a href=\"https:\/\/ciclovivo.com.br\/arq-urb\/urbanismo\/pesquisadores-bateria-recarregavel-cimento\/\">CicloVivo<\/a><\/em><\/strong><\/p>\n","protected":false},"excerpt":{"rendered":"<p>Objetivo \u00e9 que pr\u00e9dios possam armazenar energia em sua pr\u00f3pria estrutura O armazenamento de energia renov\u00e1vel, sobretudo e\u00f3lica e solar, ainda \u00e9 um desafio. Mas, cientistas da Universidade T\u00e9cnica Chalmers, na Su\u00e9cia, est\u00e3o dando um grande passo rumo \u00e0 cria\u00e7\u00e3o de uma bateria ecol\u00f3gica feita de cimento. O projeto, ainda em fase de prot\u00f3tipo, \u00e9 [&hellip;]<\/p>\n","protected":false},"author":2,"featured_media":31742,"comment_status":"open","ping_status":"open","sticky":false,"template":"","format":"standard","meta":{"footnotes":""},"categories":[3],"tags":[3599,10335,911,198],"class_list":["post-31739","post","type-post","status-publish","format-standard","has-post-thumbnail","hentry","category-tecnologia","tag-bateria","tag-bateria-recarregavel","tag-inovacao","tag-tecnologia"],"yoast_head":"<!-- This site is optimized with the Yoast SEO plugin v26.5 - https:\/\/yoast.com\/wordpress\/plugins\/seo\/ -->\n<title>Pesquisadores criam 1\u00aa bateria recarreg\u00e1vel \u00e0 base de cimento - Jornal Fatos e Not\u00edcias<\/title>\n<meta name=\"robots\" content=\"index, follow, max-snippet:-1, max-image-preview:large, max-video-preview:-1\" \/>\n<link rel=\"canonical\" href=\"https:\/\/jornalfatosenoticias.com.br\/index.php\/2022\/06\/27\/pesquisadores-criam-1a-bateria-recarregavel-a-base-de-cimento-2\/\" \/>\n<meta property=\"og:locale\" content=\"pt_BR\" \/>\n<meta property=\"og:type\" content=\"article\" \/>\n<meta property=\"og:title\" content=\"Pesquisadores criam 1\u00aa bateria recarreg\u00e1vel \u00e0 base de cimento - Jornal Fatos e Not\u00edcias\" \/>\n<meta property=\"og:description\" content=\"Objetivo \u00e9 que pr\u00e9dios possam armazenar energia em sua pr\u00f3pria estrutura O armazenamento de energia renov\u00e1vel, sobretudo e\u00f3lica e solar, ainda \u00e9 um desafio. Mas, cientistas da Universidade T\u00e9cnica Chalmers, na Su\u00e9cia, est\u00e3o dando um grande passo rumo \u00e0 cria\u00e7\u00e3o de uma bateria ecol\u00f3gica feita de cimento. O projeto, ainda em fase de prot\u00f3tipo, \u00e9 [&hellip;]\" \/>\n<meta property=\"og:url\" content=\"https:\/\/jornalfatosenoticias.com.br\/index.php\/2022\/06\/27\/pesquisadores-criam-1a-bateria-recarregavel-a-base-de-cimento-2\/\" \/>\n<meta property=\"og:site_name\" content=\"Jornal Fatos e Not\u00edcias\" \/>\n<meta property=\"article:published_time\" content=\"2022-06-27T20:45:15+00:00\" \/>\n<meta property=\"article:modified_time\" content=\"2022-06-27T21:05:30+00:00\" \/>\n<meta property=\"og:image\" content=\"https:\/\/jornalfatosenoticias.com.br\/wp-content\/uploads\/2022\/06\/Bateria-recarregavel-cimento.jpg\" \/>\n\t<meta property=\"og:image:width\" content=\"1000\" \/>\n\t<meta property=\"og:image:height\" content=\"453\" \/>\n\t<meta property=\"og:image:type\" content=\"image\/jpeg\" \/>\n<meta name=\"author\" content=\"Luzimara Fernandes\" \/>\n<meta name=\"twitter:card\" content=\"summary_large_image\" \/>\n<meta name=\"twitter:label1\" content=\"Escrito por\" \/>\n\t<meta name=\"twitter:data1\" content=\"Luzimara Fernandes\" \/>\n\t<meta name=\"twitter:label2\" content=\"Est. tempo de leitura\" \/>\n\t<meta name=\"twitter:data2\" content=\"4 minutos\" \/>\n<script type=\"application\/ld+json\" class=\"yoast-schema-graph\">{\"@context\":\"https:\/\/schema.org\",\"@graph\":[{\"@type\":\"Article\",\"@id\":\"https:\/\/jornalfatosenoticias.com.br\/index.php\/2022\/06\/27\/pesquisadores-criam-1a-bateria-recarregavel-a-base-de-cimento-2\/#article\",\"isPartOf\":{\"@id\":\"https:\/\/jornalfatosenoticias.com.br\/index.php\/2022\/06\/27\/pesquisadores-criam-1a-bateria-recarregavel-a-base-de-cimento-2\/\"},\"author\":{\"name\":\"Luzimara Fernandes\",\"@id\":\"https:\/\/jornalfatosenoticias.com.br\/#\/schema\/person\/d63837fa13ac8666eb9e74e0985d6f81\"},\"headline\":\"Pesquisadores criam 1\u00aa bateria recarreg\u00e1vel \u00e0 base de cimento\",\"datePublished\":\"2022-06-27T20:45:15+00:00\",\"dateModified\":\"2022-06-27T21:05:30+00:00\",\"mainEntityOfPage\":{\"@id\":\"https:\/\/jornalfatosenoticias.com.br\/index.php\/2022\/06\/27\/pesquisadores-criam-1a-bateria-recarregavel-a-base-de-cimento-2\/\"},\"wordCount\":727,\"commentCount\":0,\"publisher\":{\"@id\":\"https:\/\/jornalfatosenoticias.com.br\/#organization\"},\"image\":{\"@id\":\"https:\/\/jornalfatosenoticias.com.br\/index.php\/2022\/06\/27\/pesquisadores-criam-1a-bateria-recarregavel-a-base-de-cimento-2\/#primaryimage\"},\"thumbnailUrl\":\"https:\/\/jornalfatosenoticias.com.br\/wp-content\/uploads\/2022\/06\/Bateria-recarregavel-cimento.jpg\",\"keywords\":[\"bateria\",\"bateria recarreg\u00e1vel\",\"inova\u00e7\u00e3o\",\"tecnologia\"],\"articleSection\":[\"Tecnologia &amp; Inova\u00e7\u00e3o\"],\"inLanguage\":\"pt-BR\",\"potentialAction\":[{\"@type\":\"CommentAction\",\"name\":\"Comment\",\"target\":[\"https:\/\/jornalfatosenoticias.com.br\/index.php\/2022\/06\/27\/pesquisadores-criam-1a-bateria-recarregavel-a-base-de-cimento-2\/#respond\"]}]},{\"@type\":\"WebPage\",\"@id\":\"https:\/\/jornalfatosenoticias.com.br\/index.php\/2022\/06\/27\/pesquisadores-criam-1a-bateria-recarregavel-a-base-de-cimento-2\/\",\"url\":\"https:\/\/jornalfatosenoticias.com.br\/index.php\/2022\/06\/27\/pesquisadores-criam-1a-bateria-recarregavel-a-base-de-cimento-2\/\",\"name\":\"Pesquisadores criam 1\u00aa bateria recarreg\u00e1vel \u00e0 base de cimento - Jornal Fatos e Not\u00edcias\",\"isPartOf\":{\"@id\":\"https:\/\/jornalfatosenoticias.com.br\/#website\"},\"primaryImageOfPage\":{\"@id\":\"https:\/\/jornalfatosenoticias.com.br\/index.php\/2022\/06\/27\/pesquisadores-criam-1a-bateria-recarregavel-a-base-de-cimento-2\/#primaryimage\"},\"image\":{\"@id\":\"https:\/\/jornalfatosenoticias.com.br\/index.php\/2022\/06\/27\/pesquisadores-criam-1a-bateria-recarregavel-a-base-de-cimento-2\/#primaryimage\"},\"thumbnailUrl\":\"https:\/\/jornalfatosenoticias.com.br\/wp-content\/uploads\/2022\/06\/Bateria-recarregavel-cimento.jpg\",\"datePublished\":\"2022-06-27T20:45:15+00:00\",\"dateModified\":\"2022-06-27T21:05:30+00:00\",\"breadcrumb\":{\"@id\":\"https:\/\/jornalfatosenoticias.com.br\/index.php\/2022\/06\/27\/pesquisadores-criam-1a-bateria-recarregavel-a-base-de-cimento-2\/#breadcrumb\"},\"inLanguage\":\"pt-BR\",\"potentialAction\":[{\"@type\":\"ReadAction\",\"target\":[\"https:\/\/jornalfatosenoticias.com.br\/index.php\/2022\/06\/27\/pesquisadores-criam-1a-bateria-recarregavel-a-base-de-cimento-2\/\"]}]},{\"@type\":\"ImageObject\",\"inLanguage\":\"pt-BR\",\"@id\":\"https:\/\/jornalfatosenoticias.com.br\/index.php\/2022\/06\/27\/pesquisadores-criam-1a-bateria-recarregavel-a-base-de-cimento-2\/#primaryimage\",\"url\":\"https:\/\/jornalfatosenoticias.com.br\/wp-content\/uploads\/2022\/06\/Bateria-recarregavel-cimento.jpg\",\"contentUrl\":\"https:\/\/jornalfatosenoticias.com.br\/wp-content\/uploads\/2022\/06\/Bateria-recarregavel-cimento.jpg\",\"width\":1000,\"height\":453},{\"@type\":\"BreadcrumbList\",\"@id\":\"https:\/\/jornalfatosenoticias.com.br\/index.php\/2022\/06\/27\/pesquisadores-criam-1a-bateria-recarregavel-a-base-de-cimento-2\/#breadcrumb\",\"itemListElement\":[{\"@type\":\"ListItem\",\"position\":1,\"name\":\"In\u00edcio\",\"item\":\"https:\/\/jornalfatosenoticias.com.br\/\"},{\"@type\":\"ListItem\",\"position\":2,\"name\":\"Pesquisadores criam 1\u00aa bateria recarreg\u00e1vel \u00e0 base de cimento\"}]},{\"@type\":\"WebSite\",\"@id\":\"https:\/\/jornalfatosenoticias.com.br\/#website\",\"url\":\"https:\/\/jornalfatosenoticias.com.br\/\",\"name\":\"Jornal Fatos e Not\u00edcias\",\"description\":\"Not\u00edcias em geral\",\"publisher\":{\"@id\":\"https:\/\/jornalfatosenoticias.com.br\/#organization\"},\"potentialAction\":[{\"@type\":\"SearchAction\",\"target\":{\"@type\":\"EntryPoint\",\"urlTemplate\":\"https:\/\/jornalfatosenoticias.com.br\/?s={search_term_string}\"},\"query-input\":{\"@type\":\"PropertyValueSpecification\",\"valueRequired\":true,\"valueName\":\"search_term_string\"}}],\"inLanguage\":\"pt-BR\"},{\"@type\":\"Organization\",\"@id\":\"https:\/\/jornalfatosenoticias.com.br\/#organization\",\"name\":\"Jornal Fatos e Not\u00edcias\",\"url\":\"https:\/\/jornalfatosenoticias.com.br\/\",\"logo\":{\"@type\":\"ImageObject\",\"inLanguage\":\"pt-BR\",\"@id\":\"https:\/\/jornalfatosenoticias.com.br\/#\/schema\/logo\/image\/\",\"url\":\"https:\/\/jornalfatosenoticias.com.br\/wp-content\/uploads\/2020\/02\/logo120.png\",\"contentUrl\":\"https:\/\/jornalfatosenoticias.com.br\/wp-content\/uploads\/2020\/02\/logo120.png\",\"width\":1227,\"height\":120,\"caption\":\"Jornal Fatos e Not\u00edcias\"},\"image\":{\"@id\":\"https:\/\/jornalfatosenoticias.com.br\/#\/schema\/logo\/image\/\"}},{\"@type\":\"Person\",\"@id\":\"https:\/\/jornalfatosenoticias.com.br\/#\/schema\/person\/d63837fa13ac8666eb9e74e0985d6f81\",\"name\":\"Luzimara Fernandes\",\"image\":{\"@type\":\"ImageObject\",\"inLanguage\":\"pt-BR\",\"@id\":\"https:\/\/jornalfatosenoticias.com.br\/#\/schema\/person\/image\/\",\"url\":\"https:\/\/jornalfatosenoticias.com.br\/wp-content\/uploads\/2025\/05\/EU_portal.jpg\",\"contentUrl\":\"https:\/\/jornalfatosenoticias.com.br\/wp-content\/uploads\/2025\/05\/EU_portal.jpg\",\"caption\":\"Luzimara Fernandes\"},\"description\":\"Jornalista MTB 2358-ES\",\"sameAs\":[\"https:\/\/jornalfatosenoticias.com.br\"],\"url\":\"https:\/\/jornalfatosenoticias.com.br\/index.php\/author\/luzimara\/\"}]}<\/script>\n<!-- \/ Yoast SEO plugin. -->","yoast_head_json":{"title":"Pesquisadores criam 1\u00aa bateria recarreg\u00e1vel \u00e0 base de cimento - Jornal Fatos e Not\u00edcias","robots":{"index":"index","follow":"follow","max-snippet":"max-snippet:-1","max-image-preview":"max-image-preview:large","max-video-preview":"max-video-preview:-1"},"canonical":"https:\/\/jornalfatosenoticias.com.br\/index.php\/2022\/06\/27\/pesquisadores-criam-1a-bateria-recarregavel-a-base-de-cimento-2\/","og_locale":"pt_BR","og_type":"article","og_title":"Pesquisadores criam 1\u00aa bateria recarreg\u00e1vel \u00e0 base de cimento - Jornal Fatos e Not\u00edcias","og_description":"Objetivo \u00e9 que pr\u00e9dios possam armazenar energia em sua pr\u00f3pria estrutura O armazenamento de energia renov\u00e1vel, sobretudo e\u00f3lica e solar, ainda \u00e9 um desafio. Mas, cientistas da Universidade T\u00e9cnica Chalmers, na Su\u00e9cia, est\u00e3o dando um grande passo rumo \u00e0 cria\u00e7\u00e3o de uma bateria ecol\u00f3gica feita de cimento. O projeto, ainda em fase de prot\u00f3tipo, \u00e9 [&hellip;]","og_url":"https:\/\/jornalfatosenoticias.com.br\/index.php\/2022\/06\/27\/pesquisadores-criam-1a-bateria-recarregavel-a-base-de-cimento-2\/","og_site_name":"Jornal Fatos e Not\u00edcias","article_published_time":"2022-06-27T20:45:15+00:00","article_modified_time":"2022-06-27T21:05:30+00:00","og_image":[{"width":1000,"height":453,"url":"https:\/\/jornalfatosenoticias.com.br\/wp-content\/uploads\/2022\/06\/Bateria-recarregavel-cimento.jpg","type":"image\/jpeg"}],"author":"Luzimara Fernandes","twitter_card":"summary_large_image","twitter_misc":{"Escrito por":"Luzimara Fernandes","Est. tempo de leitura":"4 minutos"},"schema":{"@context":"https:\/\/schema.org","@graph":[{"@type":"Article","@id":"https:\/\/jornalfatosenoticias.com.br\/index.php\/2022\/06\/27\/pesquisadores-criam-1a-bateria-recarregavel-a-base-de-cimento-2\/#article","isPartOf":{"@id":"https:\/\/jornalfatosenoticias.com.br\/index.php\/2022\/06\/27\/pesquisadores-criam-1a-bateria-recarregavel-a-base-de-cimento-2\/"},"author":{"name":"Luzimara Fernandes","@id":"https:\/\/jornalfatosenoticias.com.br\/#\/schema\/person\/d63837fa13ac8666eb9e74e0985d6f81"},"headline":"Pesquisadores criam 1\u00aa bateria recarreg\u00e1vel \u00e0 base de cimento","datePublished":"2022-06-27T20:45:15+00:00","dateModified":"2022-06-27T21:05:30+00:00","mainEntityOfPage":{"@id":"https:\/\/jornalfatosenoticias.com.br\/index.php\/2022\/06\/27\/pesquisadores-criam-1a-bateria-recarregavel-a-base-de-cimento-2\/"},"wordCount":727,"commentCount":0,"publisher":{"@id":"https:\/\/jornalfatosenoticias.com.br\/#organization"},"image":{"@id":"https:\/\/jornalfatosenoticias.com.br\/index.php\/2022\/06\/27\/pesquisadores-criam-1a-bateria-recarregavel-a-base-de-cimento-2\/#primaryimage"},"thumbnailUrl":"https:\/\/jornalfatosenoticias.com.br\/wp-content\/uploads\/2022\/06\/Bateria-recarregavel-cimento.jpg","keywords":["bateria","bateria recarreg\u00e1vel","inova\u00e7\u00e3o","tecnologia"],"articleSection":["Tecnologia &amp; Inova\u00e7\u00e3o"],"inLanguage":"pt-BR","potentialAction":[{"@type":"CommentAction","name":"Comment","target":["https:\/\/jornalfatosenoticias.com.br\/index.php\/2022\/06\/27\/pesquisadores-criam-1a-bateria-recarregavel-a-base-de-cimento-2\/#respond"]}]},{"@type":"WebPage","@id":"https:\/\/jornalfatosenoticias.com.br\/index.php\/2022\/06\/27\/pesquisadores-criam-1a-bateria-recarregavel-a-base-de-cimento-2\/","url":"https:\/\/jornalfatosenoticias.com.br\/index.php\/2022\/06\/27\/pesquisadores-criam-1a-bateria-recarregavel-a-base-de-cimento-2\/","name":"Pesquisadores criam 1\u00aa bateria recarreg\u00e1vel \u00e0 base de cimento - Jornal Fatos e Not\u00edcias","isPartOf":{"@id":"https:\/\/jornalfatosenoticias.com.br\/#website"},"primaryImageOfPage":{"@id":"https:\/\/jornalfatosenoticias.com.br\/index.php\/2022\/06\/27\/pesquisadores-criam-1a-bateria-recarregavel-a-base-de-cimento-2\/#primaryimage"},"image":{"@id":"https:\/\/jornalfatosenoticias.com.br\/index.php\/2022\/06\/27\/pesquisadores-criam-1a-bateria-recarregavel-a-base-de-cimento-2\/#primaryimage"},"thumbnailUrl":"https:\/\/jornalfatosenoticias.com.br\/wp-content\/uploads\/2022\/06\/Bateria-recarregavel-cimento.jpg","datePublished":"2022-06-27T20:45:15+00:00","dateModified":"2022-06-27T21:05:30+00:00","breadcrumb":{"@id":"https:\/\/jornalfatosenoticias.com.br\/index.php\/2022\/06\/27\/pesquisadores-criam-1a-bateria-recarregavel-a-base-de-cimento-2\/#breadcrumb"},"inLanguage":"pt-BR","potentialAction":[{"@type":"ReadAction","target":["https:\/\/jornalfatosenoticias.com.br\/index.php\/2022\/06\/27\/pesquisadores-criam-1a-bateria-recarregavel-a-base-de-cimento-2\/"]}]},{"@type":"ImageObject","inLanguage":"pt-BR","@id":"https:\/\/jornalfatosenoticias.com.br\/index.php\/2022\/06\/27\/pesquisadores-criam-1a-bateria-recarregavel-a-base-de-cimento-2\/#primaryimage","url":"https:\/\/jornalfatosenoticias.com.br\/wp-content\/uploads\/2022\/06\/Bateria-recarregavel-cimento.jpg","contentUrl":"https:\/\/jornalfatosenoticias.com.br\/wp-content\/uploads\/2022\/06\/Bateria-recarregavel-cimento.jpg","width":1000,"height":453},{"@type":"BreadcrumbList","@id":"https:\/\/jornalfatosenoticias.com.br\/index.php\/2022\/06\/27\/pesquisadores-criam-1a-bateria-recarregavel-a-base-de-cimento-2\/#breadcrumb","itemListElement":[{"@type":"ListItem","position":1,"name":"In\u00edcio","item":"https:\/\/jornalfatosenoticias.com.br\/"},{"@type":"ListItem","position":2,"name":"Pesquisadores criam 1\u00aa bateria recarreg\u00e1vel \u00e0 base de cimento"}]},{"@type":"WebSite","@id":"https:\/\/jornalfatosenoticias.com.br\/#website","url":"https:\/\/jornalfatosenoticias.com.br\/","name":"Jornal Fatos e Not\u00edcias","description":"Not\u00edcias em geral","publisher":{"@id":"https:\/\/jornalfatosenoticias.com.br\/#organization"},"potentialAction":[{"@type":"SearchAction","target":{"@type":"EntryPoint","urlTemplate":"https:\/\/jornalfatosenoticias.com.br\/?s={search_term_string}"},"query-input":{"@type":"PropertyValueSpecification","valueRequired":true,"valueName":"search_term_string"}}],"inLanguage":"pt-BR"},{"@type":"Organization","@id":"https:\/\/jornalfatosenoticias.com.br\/#organization","name":"Jornal Fatos e Not\u00edcias","url":"https:\/\/jornalfatosenoticias.com.br\/","logo":{"@type":"ImageObject","inLanguage":"pt-BR","@id":"https:\/\/jornalfatosenoticias.com.br\/#\/schema\/logo\/image\/","url":"https:\/\/jornalfatosenoticias.com.br\/wp-content\/uploads\/2020\/02\/logo120.png","contentUrl":"https:\/\/jornalfatosenoticias.com.br\/wp-content\/uploads\/2020\/02\/logo120.png","width":1227,"height":120,"caption":"Jornal Fatos e Not\u00edcias"},"image":{"@id":"https:\/\/jornalfatosenoticias.com.br\/#\/schema\/logo\/image\/"}},{"@type":"Person","@id":"https:\/\/jornalfatosenoticias.com.br\/#\/schema\/person\/d63837fa13ac8666eb9e74e0985d6f81","name":"Luzimara Fernandes","image":{"@type":"ImageObject","inLanguage":"pt-BR","@id":"https:\/\/jornalfatosenoticias.com.br\/#\/schema\/person\/image\/","url":"https:\/\/jornalfatosenoticias.com.br\/wp-content\/uploads\/2025\/05\/EU_portal.jpg","contentUrl":"https:\/\/jornalfatosenoticias.com.br\/wp-content\/uploads\/2025\/05\/EU_portal.jpg","caption":"Luzimara Fernandes"},"description":"Jornalista MTB 2358-ES","sameAs":["https:\/\/jornalfatosenoticias.com.br"],"url":"https:\/\/jornalfatosenoticias.com.br\/index.php\/author\/luzimara\/"}]}},"cc_featured_image_caption":{"caption_text":"","source_text":"","source_url":""},"jetpack_featured_media_url":"https:\/\/jornalfatosenoticias.com.br\/wp-content\/uploads\/2022\/06\/Bateria-recarregavel-cimento.jpg","_links":{"self":[{"href":"https:\/\/jornalfatosenoticias.com.br\/index.php\/wp-json\/wp\/v2\/posts\/31739","targetHints":{"allow":["GET"]}}],"collection":[{"href":"https:\/\/jornalfatosenoticias.com.br\/index.php\/wp-json\/wp\/v2\/posts"}],"about":[{"href":"https:\/\/jornalfatosenoticias.com.br\/index.php\/wp-json\/wp\/v2\/types\/post"}],"author":[{"embeddable":true,"href":"https:\/\/jornalfatosenoticias.com.br\/index.php\/wp-json\/wp\/v2\/users\/2"}],"replies":[{"embeddable":true,"href":"https:\/\/jornalfatosenoticias.com.br\/index.php\/wp-json\/wp\/v2\/comments?post=31739"}],"version-history":[{"count":0,"href":"https:\/\/jornalfatosenoticias.com.br\/index.php\/wp-json\/wp\/v2\/posts\/31739\/revisions"}],"wp:featuredmedia":[{"embeddable":true,"href":"https:\/\/jornalfatosenoticias.com.br\/index.php\/wp-json\/wp\/v2\/media\/31742"}],"wp:attachment":[{"href":"https:\/\/jornalfatosenoticias.com.br\/index.php\/wp-json\/wp\/v2\/media?parent=31739"}],"wp:term":[{"taxonomy":"category","embeddable":true,"href":"https:\/\/jornalfatosenoticias.com.br\/index.php\/wp-json\/wp\/v2\/categories?post=31739"},{"taxonomy":"post_tag","embeddable":true,"href":"https:\/\/jornalfatosenoticias.com.br\/index.php\/wp-json\/wp\/v2\/tags?post=31739"}],"curies":[{"name":"wp","href":"https:\/\/api.w.org\/{rel}","templated":true}]}}