{"id":31784,"date":"2022-06-28T15:20:14","date_gmt":"2022-06-28T18:20:14","guid":{"rendered":"https:\/\/jornalfatosenoticias.com.br\/?p=31784"},"modified":"2022-06-28T15:20:15","modified_gmt":"2022-06-28T18:20:15","slug":"superterras-podem-abrigar-a-vida-dentro-das-condicoes-corretas-diz-estudo","status":"publish","type":"post","link":"https:\/\/jornalfatosenoticias.com.br\/index.php\/2022\/06\/28\/superterras-podem-abrigar-a-vida-dentro-das-condicoes-corretas-diz-estudo\/","title":{"rendered":"Superterras podem abrigar a vida dentro das condi\u00e7\u00f5es corretas, diz estudo"},"content":{"rendered":"\n<div class=\"wp-block-image\"><figure class=\"aligncenter size-large is-resized\"><img loading=\"lazy\" decoding=\"async\" src=\"https:\/\/jornalfatosenoticias.com.br\/wp-content\/uploads\/2022\/05\/NOVA-LOGO-CESCONETTO-1024x100.jpg\" alt=\"\" class=\"wp-image-30792\" width=\"520\" height=\"50\" srcset=\"https:\/\/jornalfatosenoticias.com.br\/wp-content\/uploads\/2022\/05\/NOVA-LOGO-CESCONETTO-1024x100.jpg 1024w, https:\/\/jornalfatosenoticias.com.br\/wp-content\/uploads\/2022\/05\/NOVA-LOGO-CESCONETTO-300x29.jpg 300w, https:\/\/jornalfatosenoticias.com.br\/wp-content\/uploads\/2022\/05\/NOVA-LOGO-CESCONETTO-768x75.jpg 768w, https:\/\/jornalfatosenoticias.com.br\/wp-content\/uploads\/2022\/05\/NOVA-LOGO-CESCONETTO.jpg 1280w\" sizes=\"auto, (max-width: 520px) 100vw, 520px\" \/><\/figure><\/div>\n\n\n\n<p>Um novo estudo, conduzido pela Universidade de Zurique, na <a href=\"https:\/\/olhardigital.com.br\/tag\/suica\/\">Su\u00ed\u00e7a<\/a>, afirma que as chamadas \u201cSuperterras\u201d \u2014 <a href=\"https:\/\/olhardigital.com.br\/tag\/exoplanetas\/\">planetas alien\u00edgenas<\/a>\u00a0rochosos com at\u00e9 10 vezes a massa da\u00a0<a href=\"https:\/\/olhardigital.com.br\/tag\/terra\/\">Terra<\/a> \u2014 podem desenvolver as condi\u00e7\u00f5es de abrigar e sustentar a vida por bilh\u00f5es de anos.<br>A exist\u00eancia do que n\u00f3s entendemos como \u201cvida\u201d depende de alguns fatores essenciais: <a href=\"https:\/\/olhardigital.com.br\/tag\/carbono\/\">carbono<\/a>, \u00e1gua l\u00edquida\u2026mas cientistas tamb\u00e9m concordam com a necessidade de um clima temperado, h\u00e9lio e hidrog\u00eanio. E algumas Superterras est\u00e3o cheias deles.<br>O problema \u00e9 que, exceto pelo que podemos observar de suas superf\u00edcies, n\u00f3s n\u00e3o sabemos em que as Superterras s\u00e3o diferentes em rela\u00e7\u00e3o ao nosso planeta. Os sistemas onde j\u00e1 as encontramos s\u00e3o bem variados, diferentes do nosso: por exemplo, por aqui, n\u00e3o temos nenhum exemplar de Superterra, mas elas s\u00e3o abundantes na maior parte dos outros sistemas estelares.<\/p>\n\n\n\n<div class=\"wp-block-image\"><figure class=\"aligncenter size-large is-resized\"><img loading=\"lazy\" decoding=\"async\" src=\"https:\/\/jornalfatosenoticias.com.br\/wp-content\/uploads\/2020\/02\/Serra-Grande-1024x160.png\" alt=\"\" class=\"wp-image-7836\" width=\"402\" height=\"62\"\/><\/figure><\/div>\n\n\n\n<blockquote class=\"wp-block-quote is-layout-flow wp-block-quote-is-layout-flow\"><p><span class=\"has-inline-color has-luminous-vivid-orange-color\">\u201cOs exoplanetas que detectamos s\u00e3o t\u00e3o diferentes dos planetas <a href=\"https:\/\/olhardigital.com.br\/tag\/sistema-solar\/\">em nosso sistema solar<\/a>, e este \u00e9 o melhor argumento para continuarmos pensando fora da caixa quando o assunto \u00e9 a habitabilidade de cada um\u201d, disse Marit Mol Lous, que assina a autoria do estudo e \u00e9 respons\u00e1vel pela \u00e1rea de pesquisa em exoplanetas na Universidade de Zurique.<\/span><\/p><\/blockquote>\n\n\n\n<div class=\"wp-block-image\"><figure class=\"aligncenter size-large is-resized\"><img loading=\"lazy\" decoding=\"async\" src=\"https:\/\/jornalfatosenoticias.com.br\/wp-content\/uploads\/2022\/02\/Serra-Pack-459.png\" alt=\"\" class=\"wp-image-27471\" width=\"305\" height=\"122\"\/><\/figure><\/div>\n\n\n\n<figure class=\"wp-block-image size-large\"><img loading=\"lazy\" decoding=\"async\" width=\"1000\" height=\"562\" src=\"https:\/\/jornalfatosenoticias.com.br\/wp-content\/uploads\/2022\/06\/superterras2_shutterstock.jpg\" alt=\"\" class=\"wp-image-31785\" srcset=\"https:\/\/jornalfatosenoticias.com.br\/wp-content\/uploads\/2022\/06\/superterras2_shutterstock.jpg 1000w, https:\/\/jornalfatosenoticias.com.br\/wp-content\/uploads\/2022\/06\/superterras2_shutterstock-300x169.jpg 300w, https:\/\/jornalfatosenoticias.com.br\/wp-content\/uploads\/2022\/06\/superterras2_shutterstock-768x432.jpg 768w\" sizes=\"auto, (max-width: 1000px) 100vw, 1000px\" \/><figcaption><em><span class=\"has-inline-color has-black-color\">Superterras mais distantes de suas respectivas estrelas podem reunir as condi\u00e7\u00f5es para sustentar a vida (Foto: Aleksandr Kukharskiy\/Shutterstock)<\/span><\/em><\/figcaption><\/figure>\n\n\n\n<div class=\"wp-block-image\"><figure class=\"alignright size-large is-resized\"><img loading=\"lazy\" decoding=\"async\" src=\"https:\/\/jornalfatosenoticias.com.br\/wp-content\/uploads\/2020\/02\/nova-logo-Marquetti.jpg\" alt=\"\" class=\"wp-image-22331\" width=\"282\" height=\"189\" srcset=\"https:\/\/jornalfatosenoticias.com.br\/wp-content\/uploads\/2020\/02\/nova-logo-Marquetti.jpg 643w, https:\/\/jornalfatosenoticias.com.br\/wp-content\/uploads\/2020\/02\/nova-logo-Marquetti-300x202.jpg 300w\" sizes=\"auto, (max-width: 282px) 100vw, 282px\" \/><\/figure><\/div>\n\n\n\n<p>Segundo o estudo, a maior parte das Superterras detectadas est\u00e3o em \u00f3rbitas pr\u00f3ximas de suas <a href=\"https:\/\/olhardigital.com.br\/tag\/estrelas\/\">estrelas<\/a> \u2014 estes planetas s\u00e3o os mais f\u00e1ceis de enxergarmos, mas isso posiciona um problema: estrelas usam hidrog\u00eanio e h\u00e9lio como combust\u00edvel, e s\u00e3o notoriamente conhecidas por \u201cexpulsar\u201d material de planetas pr\u00f3ximos que o contenham por meio de seu calor.<br>Mapas simulados, por\u00e9m, afirmam que existem Superterras mais distantes de suas estrelas, e estas podem ter retido hidrog\u00eanio e h\u00e9lio advindos da juventude de seus respectivos sistemas.<br>Nisso, entra a pesquisa feita em Zurique: os cientistas investigaram a possibilidade de um exoplaneta da mesma categoria das Superterras ou criar a vida, ou ser habit\u00e1vel para sustentar a vida como a conhecemos. Para isso, a atmosfera desse planeta deveria ser cheia de hidrog\u00eanio e h\u00e9lio, que funcionariam como uma esp\u00e9cie de \u201c<a href=\"https:\/\/olhardigital.com.br\/tag\/efeito-estufa\/\">efeito estufa<\/a> do bem\u201d, resguardando o calor mesmo com ele estando longe da estrela.<\/p>\n\n\n\n<div class=\"wp-block-image\"><figure class=\"alignleft size-large is-resized\"><img loading=\"lazy\" decoding=\"async\" src=\"https:\/\/jornalfatosenoticias.com.br\/wp-content\/uploads\/2022\/02\/Precisao-Contabilidade-1024x724.jpg\" alt=\"\" class=\"wp-image-28088\" width=\"264\" height=\"186\"\/><\/figure><\/div>\n\n\n\n<p>Trocando em n\u00fameros: os pesquisadores criaram modelos de simula\u00e7\u00e3o considerando Superterras entre uma e 10 vezes a massa do nosso planeta, orbitando estrelas parecidas com o <a href=\"https:\/\/olhardigital.com.br\/tag\/sol\/\">Sol<\/a> a dist\u00e2ncias entre uma e 100 unidades astron\u00f4micas, ou \u201cUAs\u201d (uma UA \u00e9 igual a dist\u00e2ncia da Terra para o Sol ou, em termos pr\u00e1ticos, 150 milh\u00f5es de quil\u00f4metros).<br>Segundo os resultados, Superterras com dist\u00e2ncias maiores que 2 UAs poderiam apresentar condi\u00e7\u00f5es temperadas de clima, e \u00e1gua l\u00edquida em suas superf\u00edcies, por algo entre cinco e oito bilh\u00f5es de anos.<br>Mol Lous afirma que esse armazenamento de calor ainda seria vigente mesmo que o planeta em quest\u00e3o se \u201cdesgarrasse\u201d, ou seja, desviasse de sua \u00f3rbita a ponto de se desassociar da estrela que o prendia no sistema. <a href=\"https:\/\/olhardigital.com.br\/2021\/12\/22\/ciencia-e-espaco\/pesquisa-detecta-pelo-menos-70-planetas-desonestos-voce-sabe-o-que-sao\/\">Tais planetas s\u00e3o relativamente comuns no universo<\/a>, e o time de Zurique concluiu que, pouco antes de desenvolverem \u00e1gua l\u00edquida, eles estavam consideravelmente quentes: na pr\u00e1tica, um planeta desgarrado com at\u00e9 cinco vezes a massa da Terra poderia apresentar \u00e1gua em estado l\u00edquido por 50 bilh\u00f5es de anos, se suas atmosferas forem 10 mil vezes mais massivas que a nossa.<\/p>\n\n\n\n<div class=\"wp-block-image\"><figure class=\"alignright size-large\"><img decoding=\"async\" src=\"https:\/\/jornalfatosenoticias.com.br\/wp-content\/uploads\/2020\/02\/logo_esteio.jpg\" alt=\"\" class=\"wp-image-1214\"\/><\/figure><\/div>\n\n\n\n<p>Entretanto, ainda n\u00e3o h\u00e1 motivo para comemorar com uma caminhada sorridente nas superf\u00edcies das Superterras: Mol Lous diz que as diferen\u00e7as de atmosfera, massa planet\u00e1ria e, de uma forma geral, climatologia delas as faria ter tanta press\u00e3o, que apenas estar dentro delas seria \u201ccompar\u00e1vel ao que vemos <a href=\"https:\/\/olhardigital.com.br\/tag\/oceano\/\">nas profundezas do oceano<\/a>\u201d.<br>Considerando que n\u00f3s n\u00e3o podemos sobreviver l\u00e1 embaixo, ent\u00e3o a ideia seria bem desagrad\u00e1vel.<br>Mais al\u00e9m, devido \u00e0 dist\u00e2ncia das Superterras de suas estrelas, qualquer luz que elas recebessem seria ignor\u00e1vel, ent\u00e3o o trabalho energ\u00e9tico dependeria de outras fontes, como rea\u00e7\u00f5es qu\u00edmicas.<\/p>\n\n\n\n<div class=\"wp-block-image\"><figure class=\"aligncenter size-large is-resized\"><img loading=\"lazy\" decoding=\"async\" src=\"https:\/\/jornalfatosenoticias.com.br\/wp-content\/uploads\/2022\/03\/logo-Suinco-1024x390.jpg\" alt=\"\" class=\"wp-image-28785\" width=\"362\" height=\"137\"\/><\/figure><\/div>\n\n\n\n<blockquote class=\"wp-block-quote is-layout-flow wp-block-quote-is-layout-flow\"><p><span class=\"has-inline-color has-luminous-vivid-orange-color\">\u201cSe a vida pode florescer em tal planeta, essa \u00e9 uma quest\u00e3o de fato muito importante para respondermos, mas isso \u00e9 dif\u00edcil dado o qu\u00e3o pouco sabemos sobre o assunto\u201d, disse Mol Lous. \u201cExistem formas de vida na Terra que vivem sob extremas condi\u00e7\u00f5es, e que podem ser, de alguma forma, similares aos ambientes nos planetas que investigamos, ent\u00e3o n\u00e3o achamos que \u00e9 imposs\u00edvel. Mas, de novo, ainda temos muitas quest\u00f5es a responder\u201d.<\/span><\/p><\/blockquote>\n\n\n\n<div class=\"wp-block-image\"><figure class=\"aligncenter size-large is-resized\"><img loading=\"lazy\" decoding=\"async\" src=\"https:\/\/jornalfatosenoticias.com.br\/wp-content\/uploads\/2020\/02\/banner_ferramentas-1024x100.jpg\" alt=\"\" class=\"wp-image-1258\" width=\"539\" height=\"52\" srcset=\"https:\/\/jornalfatosenoticias.com.br\/wp-content\/uploads\/2020\/02\/banner_ferramentas-1024x100.jpg 1024w, https:\/\/jornalfatosenoticias.com.br\/wp-content\/uploads\/2020\/02\/banner_ferramentas-300x29.jpg 300w, https:\/\/jornalfatosenoticias.com.br\/wp-content\/uploads\/2020\/02\/banner_ferramentas-768x75.jpg 768w, https:\/\/jornalfatosenoticias.com.br\/wp-content\/uploads\/2020\/02\/banner_ferramentas.jpg 1227w\" sizes=\"auto, (max-width: 539px) 100vw, 539px\" \/><\/figure><\/div>\n\n\n\n<p>O estudo completo est\u00e1 dispon\u00edvel\u00a0<a href=\"https:\/\/www.nature.com\/articles\/s41550-022-01699-8\">no jornal cient\u00edfico\u00a0<em>Nature Astronomy<\/em><\/a>.<\/p>\n\n\n\n<p><strong><em>Fonte: <a href=\"https:\/\/olhardigital.com.br\/2022\/06\/28\/ciencia-e-espaco\/super-terras-podem-abrigar-a-vida-dentro-das-condicoes-corretas-diz-estudo\/\">Olhar Digital<\/a><\/em><\/strong><\/p>\n","protected":false},"excerpt":{"rendered":"<p>Um novo estudo, conduzido pela Universidade de Zurique, na Su\u00ed\u00e7a, afirma que as chamadas \u201cSuperterras\u201d \u2014 planetas alien\u00edgenas\u00a0rochosos com at\u00e9 10 vezes a massa da\u00a0Terra \u2014 podem desenvolver as condi\u00e7\u00f5es de abrigar e sustentar a vida por bilh\u00f5es de anos.A exist\u00eancia do que n\u00f3s entendemos como \u201cvida\u201d depende de alguns fatores essenciais: carbono, \u00e1gua l\u00edquida\u2026mas [&hellip;]<\/p>\n","protected":false},"author":2,"featured_media":31786,"comment_status":"open","ping_status":"open","sticky":false,"template":"","format":"standard","meta":{"footnotes":""},"categories":[2],"tags":[1444,15035,15036,2671,15037],"class_list":["post-31784","post","type-post","status-publish","format-standard","has-post-thumbnail","hentry","category-ciencia","tag-exoplanetas","tag-planetas-alienigenas","tag-planetas-habitaveis","tag-superterra","tag-vida-alienigena"],"yoast_head":"<!-- This site is optimized with the Yoast SEO plugin v26.5 - https:\/\/yoast.com\/wordpress\/plugins\/seo\/ -->\n<title>Superterras podem abrigar a vida dentro das condi\u00e7\u00f5es corretas, diz estudo - Jornal Fatos e Not\u00edcias<\/title>\n<meta name=\"robots\" content=\"index, follow, max-snippet:-1, max-image-preview:large, max-video-preview:-1\" \/>\n<link rel=\"canonical\" href=\"https:\/\/jornalfatosenoticias.com.br\/index.php\/2022\/06\/28\/superterras-podem-abrigar-a-vida-dentro-das-condicoes-corretas-diz-estudo\/\" \/>\n<meta property=\"og:locale\" content=\"pt_BR\" \/>\n<meta property=\"og:type\" content=\"article\" \/>\n<meta property=\"og:title\" content=\"Superterras podem abrigar a vida dentro das condi\u00e7\u00f5es corretas, diz estudo - Jornal Fatos e Not\u00edcias\" \/>\n<meta property=\"og:description\" content=\"Um novo estudo, conduzido pela Universidade de Zurique, na Su\u00ed\u00e7a, afirma que as chamadas \u201cSuperterras\u201d \u2014 planetas alien\u00edgenas\u00a0rochosos com at\u00e9 10 vezes a massa da\u00a0Terra \u2014 podem desenvolver as condi\u00e7\u00f5es de abrigar e sustentar a vida por bilh\u00f5es de anos.A exist\u00eancia do que n\u00f3s entendemos como \u201cvida\u201d depende de alguns fatores essenciais: carbono, \u00e1gua l\u00edquida\u2026mas [&hellip;]\" \/>\n<meta property=\"og:url\" content=\"https:\/\/jornalfatosenoticias.com.br\/index.php\/2022\/06\/28\/superterras-podem-abrigar-a-vida-dentro-das-condicoes-corretas-diz-estudo\/\" \/>\n<meta property=\"og:site_name\" content=\"Jornal Fatos e Not\u00edcias\" \/>\n<meta property=\"article:published_time\" content=\"2022-06-28T18:20:14+00:00\" \/>\n<meta property=\"article:modified_time\" content=\"2022-06-28T18:20:15+00:00\" \/>\n<meta property=\"og:image\" content=\"https:\/\/jornalfatosenoticias.com.br\/wp-content\/uploads\/2022\/06\/superterras_shutterstock.jpg\" \/>\n\t<meta property=\"og:image:width\" content=\"1000\" \/>\n\t<meta property=\"og:image:height\" content=\"375\" \/>\n\t<meta property=\"og:image:type\" content=\"image\/jpeg\" \/>\n<meta name=\"author\" content=\"Luzimara Fernandes\" \/>\n<meta name=\"twitter:card\" content=\"summary_large_image\" \/>\n<meta name=\"twitter:label1\" content=\"Escrito por\" \/>\n\t<meta name=\"twitter:data1\" content=\"Luzimara Fernandes\" \/>\n\t<meta name=\"twitter:label2\" content=\"Est. tempo de leitura\" \/>\n\t<meta name=\"twitter:data2\" content=\"4 minutos\" \/>\n<script type=\"application\/ld+json\" class=\"yoast-schema-graph\">{\"@context\":\"https:\/\/schema.org\",\"@graph\":[{\"@type\":\"Article\",\"@id\":\"https:\/\/jornalfatosenoticias.com.br\/index.php\/2022\/06\/28\/superterras-podem-abrigar-a-vida-dentro-das-condicoes-corretas-diz-estudo\/#article\",\"isPartOf\":{\"@id\":\"https:\/\/jornalfatosenoticias.com.br\/index.php\/2022\/06\/28\/superterras-podem-abrigar-a-vida-dentro-das-condicoes-corretas-diz-estudo\/\"},\"author\":{\"name\":\"Luzimara Fernandes\",\"@id\":\"https:\/\/jornalfatosenoticias.com.br\/#\/schema\/person\/d63837fa13ac8666eb9e74e0985d6f81\"},\"headline\":\"Superterras podem abrigar a vida dentro das condi\u00e7\u00f5es corretas, diz estudo\",\"datePublished\":\"2022-06-28T18:20:14+00:00\",\"dateModified\":\"2022-06-28T18:20:15+00:00\",\"mainEntityOfPage\":{\"@id\":\"https:\/\/jornalfatosenoticias.com.br\/index.php\/2022\/06\/28\/superterras-podem-abrigar-a-vida-dentro-das-condicoes-corretas-diz-estudo\/\"},\"wordCount\":803,\"commentCount\":0,\"publisher\":{\"@id\":\"https:\/\/jornalfatosenoticias.com.br\/#organization\"},\"image\":{\"@id\":\"https:\/\/jornalfatosenoticias.com.br\/index.php\/2022\/06\/28\/superterras-podem-abrigar-a-vida-dentro-das-condicoes-corretas-diz-estudo\/#primaryimage\"},\"thumbnailUrl\":\"https:\/\/jornalfatosenoticias.com.br\/wp-content\/uploads\/2022\/06\/superterras_shutterstock.jpg\",\"keywords\":[\"exoplanetas\",\"planetas alien\u00edgenas\",\"planetas habit\u00e1veis\",\"SuperTerra\",\"vida alien\u00edgena\"],\"articleSection\":[\"Ci\u00eancia\"],\"inLanguage\":\"pt-BR\",\"potentialAction\":[{\"@type\":\"CommentAction\",\"name\":\"Comment\",\"target\":[\"https:\/\/jornalfatosenoticias.com.br\/index.php\/2022\/06\/28\/superterras-podem-abrigar-a-vida-dentro-das-condicoes-corretas-diz-estudo\/#respond\"]}]},{\"@type\":\"WebPage\",\"@id\":\"https:\/\/jornalfatosenoticias.com.br\/index.php\/2022\/06\/28\/superterras-podem-abrigar-a-vida-dentro-das-condicoes-corretas-diz-estudo\/\",\"url\":\"https:\/\/jornalfatosenoticias.com.br\/index.php\/2022\/06\/28\/superterras-podem-abrigar-a-vida-dentro-das-condicoes-corretas-diz-estudo\/\",\"name\":\"Superterras podem abrigar a vida dentro das condi\u00e7\u00f5es corretas, diz estudo - Jornal Fatos e Not\u00edcias\",\"isPartOf\":{\"@id\":\"https:\/\/jornalfatosenoticias.com.br\/#website\"},\"primaryImageOfPage\":{\"@id\":\"https:\/\/jornalfatosenoticias.com.br\/index.php\/2022\/06\/28\/superterras-podem-abrigar-a-vida-dentro-das-condicoes-corretas-diz-estudo\/#primaryimage\"},\"image\":{\"@id\":\"https:\/\/jornalfatosenoticias.com.br\/index.php\/2022\/06\/28\/superterras-podem-abrigar-a-vida-dentro-das-condicoes-corretas-diz-estudo\/#primaryimage\"},\"thumbnailUrl\":\"https:\/\/jornalfatosenoticias.com.br\/wp-content\/uploads\/2022\/06\/superterras_shutterstock.jpg\",\"datePublished\":\"2022-06-28T18:20:14+00:00\",\"dateModified\":\"2022-06-28T18:20:15+00:00\",\"breadcrumb\":{\"@id\":\"https:\/\/jornalfatosenoticias.com.br\/index.php\/2022\/06\/28\/superterras-podem-abrigar-a-vida-dentro-das-condicoes-corretas-diz-estudo\/#breadcrumb\"},\"inLanguage\":\"pt-BR\",\"potentialAction\":[{\"@type\":\"ReadAction\",\"target\":[\"https:\/\/jornalfatosenoticias.com.br\/index.php\/2022\/06\/28\/superterras-podem-abrigar-a-vida-dentro-das-condicoes-corretas-diz-estudo\/\"]}]},{\"@type\":\"ImageObject\",\"inLanguage\":\"pt-BR\",\"@id\":\"https:\/\/jornalfatosenoticias.com.br\/index.php\/2022\/06\/28\/superterras-podem-abrigar-a-vida-dentro-das-condicoes-corretas-diz-estudo\/#primaryimage\",\"url\":\"https:\/\/jornalfatosenoticias.com.br\/wp-content\/uploads\/2022\/06\/superterras_shutterstock.jpg\",\"contentUrl\":\"https:\/\/jornalfatosenoticias.com.br\/wp-content\/uploads\/2022\/06\/superterras_shutterstock.jpg\",\"width\":1000,\"height\":375},{\"@type\":\"BreadcrumbList\",\"@id\":\"https:\/\/jornalfatosenoticias.com.br\/index.php\/2022\/06\/28\/superterras-podem-abrigar-a-vida-dentro-das-condicoes-corretas-diz-estudo\/#breadcrumb\",\"itemListElement\":[{\"@type\":\"ListItem\",\"position\":1,\"name\":\"In\u00edcio\",\"item\":\"https:\/\/jornalfatosenoticias.com.br\/\"},{\"@type\":\"ListItem\",\"position\":2,\"name\":\"Superterras podem abrigar a vida dentro das condi\u00e7\u00f5es corretas, diz estudo\"}]},{\"@type\":\"WebSite\",\"@id\":\"https:\/\/jornalfatosenoticias.com.br\/#website\",\"url\":\"https:\/\/jornalfatosenoticias.com.br\/\",\"name\":\"Jornal Fatos e Not\u00edcias\",\"description\":\"Not\u00edcias em geral\",\"publisher\":{\"@id\":\"https:\/\/jornalfatosenoticias.com.br\/#organization\"},\"potentialAction\":[{\"@type\":\"SearchAction\",\"target\":{\"@type\":\"EntryPoint\",\"urlTemplate\":\"https:\/\/jornalfatosenoticias.com.br\/?s={search_term_string}\"},\"query-input\":{\"@type\":\"PropertyValueSpecification\",\"valueRequired\":true,\"valueName\":\"search_term_string\"}}],\"inLanguage\":\"pt-BR\"},{\"@type\":\"Organization\",\"@id\":\"https:\/\/jornalfatosenoticias.com.br\/#organization\",\"name\":\"Jornal Fatos e Not\u00edcias\",\"url\":\"https:\/\/jornalfatosenoticias.com.br\/\",\"logo\":{\"@type\":\"ImageObject\",\"inLanguage\":\"pt-BR\",\"@id\":\"https:\/\/jornalfatosenoticias.com.br\/#\/schema\/logo\/image\/\",\"url\":\"https:\/\/jornalfatosenoticias.com.br\/wp-content\/uploads\/2020\/02\/logo120.png\",\"contentUrl\":\"https:\/\/jornalfatosenoticias.com.br\/wp-content\/uploads\/2020\/02\/logo120.png\",\"width\":1227,\"height\":120,\"caption\":\"Jornal Fatos e Not\u00edcias\"},\"image\":{\"@id\":\"https:\/\/jornalfatosenoticias.com.br\/#\/schema\/logo\/image\/\"}},{\"@type\":\"Person\",\"@id\":\"https:\/\/jornalfatosenoticias.com.br\/#\/schema\/person\/d63837fa13ac8666eb9e74e0985d6f81\",\"name\":\"Luzimara Fernandes\",\"image\":{\"@type\":\"ImageObject\",\"inLanguage\":\"pt-BR\",\"@id\":\"https:\/\/jornalfatosenoticias.com.br\/#\/schema\/person\/image\/\",\"url\":\"https:\/\/jornalfatosenoticias.com.br\/wp-content\/uploads\/2025\/05\/EU_portal.jpg\",\"contentUrl\":\"https:\/\/jornalfatosenoticias.com.br\/wp-content\/uploads\/2025\/05\/EU_portal.jpg\",\"caption\":\"Luzimara Fernandes\"},\"description\":\"Jornalista MTB 2358-ES\",\"sameAs\":[\"https:\/\/jornalfatosenoticias.com.br\"],\"url\":\"https:\/\/jornalfatosenoticias.com.br\/index.php\/author\/luzimara\/\"}]}<\/script>\n<!-- \/ Yoast SEO plugin. -->","yoast_head_json":{"title":"Superterras podem abrigar a vida dentro das condi\u00e7\u00f5es corretas, diz estudo - Jornal Fatos e Not\u00edcias","robots":{"index":"index","follow":"follow","max-snippet":"max-snippet:-1","max-image-preview":"max-image-preview:large","max-video-preview":"max-video-preview:-1"},"canonical":"https:\/\/jornalfatosenoticias.com.br\/index.php\/2022\/06\/28\/superterras-podem-abrigar-a-vida-dentro-das-condicoes-corretas-diz-estudo\/","og_locale":"pt_BR","og_type":"article","og_title":"Superterras podem abrigar a vida dentro das condi\u00e7\u00f5es corretas, diz estudo - Jornal Fatos e Not\u00edcias","og_description":"Um novo estudo, conduzido pela Universidade de Zurique, na Su\u00ed\u00e7a, afirma que as chamadas \u201cSuperterras\u201d \u2014 planetas alien\u00edgenas\u00a0rochosos com at\u00e9 10 vezes a massa da\u00a0Terra \u2014 podem desenvolver as condi\u00e7\u00f5es de abrigar e sustentar a vida por bilh\u00f5es de anos.A exist\u00eancia do que n\u00f3s entendemos como \u201cvida\u201d depende de alguns fatores essenciais: carbono, \u00e1gua l\u00edquida\u2026mas [&hellip;]","og_url":"https:\/\/jornalfatosenoticias.com.br\/index.php\/2022\/06\/28\/superterras-podem-abrigar-a-vida-dentro-das-condicoes-corretas-diz-estudo\/","og_site_name":"Jornal Fatos e Not\u00edcias","article_published_time":"2022-06-28T18:20:14+00:00","article_modified_time":"2022-06-28T18:20:15+00:00","og_image":[{"width":1000,"height":375,"url":"https:\/\/jornalfatosenoticias.com.br\/wp-content\/uploads\/2022\/06\/superterras_shutterstock.jpg","type":"image\/jpeg"}],"author":"Luzimara Fernandes","twitter_card":"summary_large_image","twitter_misc":{"Escrito por":"Luzimara Fernandes","Est. tempo de leitura":"4 minutos"},"schema":{"@context":"https:\/\/schema.org","@graph":[{"@type":"Article","@id":"https:\/\/jornalfatosenoticias.com.br\/index.php\/2022\/06\/28\/superterras-podem-abrigar-a-vida-dentro-das-condicoes-corretas-diz-estudo\/#article","isPartOf":{"@id":"https:\/\/jornalfatosenoticias.com.br\/index.php\/2022\/06\/28\/superterras-podem-abrigar-a-vida-dentro-das-condicoes-corretas-diz-estudo\/"},"author":{"name":"Luzimara Fernandes","@id":"https:\/\/jornalfatosenoticias.com.br\/#\/schema\/person\/d63837fa13ac8666eb9e74e0985d6f81"},"headline":"Superterras podem abrigar a vida dentro das condi\u00e7\u00f5es corretas, diz estudo","datePublished":"2022-06-28T18:20:14+00:00","dateModified":"2022-06-28T18:20:15+00:00","mainEntityOfPage":{"@id":"https:\/\/jornalfatosenoticias.com.br\/index.php\/2022\/06\/28\/superterras-podem-abrigar-a-vida-dentro-das-condicoes-corretas-diz-estudo\/"},"wordCount":803,"commentCount":0,"publisher":{"@id":"https:\/\/jornalfatosenoticias.com.br\/#organization"},"image":{"@id":"https:\/\/jornalfatosenoticias.com.br\/index.php\/2022\/06\/28\/superterras-podem-abrigar-a-vida-dentro-das-condicoes-corretas-diz-estudo\/#primaryimage"},"thumbnailUrl":"https:\/\/jornalfatosenoticias.com.br\/wp-content\/uploads\/2022\/06\/superterras_shutterstock.jpg","keywords":["exoplanetas","planetas alien\u00edgenas","planetas habit\u00e1veis","SuperTerra","vida alien\u00edgena"],"articleSection":["Ci\u00eancia"],"inLanguage":"pt-BR","potentialAction":[{"@type":"CommentAction","name":"Comment","target":["https:\/\/jornalfatosenoticias.com.br\/index.php\/2022\/06\/28\/superterras-podem-abrigar-a-vida-dentro-das-condicoes-corretas-diz-estudo\/#respond"]}]},{"@type":"WebPage","@id":"https:\/\/jornalfatosenoticias.com.br\/index.php\/2022\/06\/28\/superterras-podem-abrigar-a-vida-dentro-das-condicoes-corretas-diz-estudo\/","url":"https:\/\/jornalfatosenoticias.com.br\/index.php\/2022\/06\/28\/superterras-podem-abrigar-a-vida-dentro-das-condicoes-corretas-diz-estudo\/","name":"Superterras podem abrigar a vida dentro das condi\u00e7\u00f5es corretas, diz estudo - Jornal Fatos e Not\u00edcias","isPartOf":{"@id":"https:\/\/jornalfatosenoticias.com.br\/#website"},"primaryImageOfPage":{"@id":"https:\/\/jornalfatosenoticias.com.br\/index.php\/2022\/06\/28\/superterras-podem-abrigar-a-vida-dentro-das-condicoes-corretas-diz-estudo\/#primaryimage"},"image":{"@id":"https:\/\/jornalfatosenoticias.com.br\/index.php\/2022\/06\/28\/superterras-podem-abrigar-a-vida-dentro-das-condicoes-corretas-diz-estudo\/#primaryimage"},"thumbnailUrl":"https:\/\/jornalfatosenoticias.com.br\/wp-content\/uploads\/2022\/06\/superterras_shutterstock.jpg","datePublished":"2022-06-28T18:20:14+00:00","dateModified":"2022-06-28T18:20:15+00:00","breadcrumb":{"@id":"https:\/\/jornalfatosenoticias.com.br\/index.php\/2022\/06\/28\/superterras-podem-abrigar-a-vida-dentro-das-condicoes-corretas-diz-estudo\/#breadcrumb"},"inLanguage":"pt-BR","potentialAction":[{"@type":"ReadAction","target":["https:\/\/jornalfatosenoticias.com.br\/index.php\/2022\/06\/28\/superterras-podem-abrigar-a-vida-dentro-das-condicoes-corretas-diz-estudo\/"]}]},{"@type":"ImageObject","inLanguage":"pt-BR","@id":"https:\/\/jornalfatosenoticias.com.br\/index.php\/2022\/06\/28\/superterras-podem-abrigar-a-vida-dentro-das-condicoes-corretas-diz-estudo\/#primaryimage","url":"https:\/\/jornalfatosenoticias.com.br\/wp-content\/uploads\/2022\/06\/superterras_shutterstock.jpg","contentUrl":"https:\/\/jornalfatosenoticias.com.br\/wp-content\/uploads\/2022\/06\/superterras_shutterstock.jpg","width":1000,"height":375},{"@type":"BreadcrumbList","@id":"https:\/\/jornalfatosenoticias.com.br\/index.php\/2022\/06\/28\/superterras-podem-abrigar-a-vida-dentro-das-condicoes-corretas-diz-estudo\/#breadcrumb","itemListElement":[{"@type":"ListItem","position":1,"name":"In\u00edcio","item":"https:\/\/jornalfatosenoticias.com.br\/"},{"@type":"ListItem","position":2,"name":"Superterras podem abrigar a vida dentro das condi\u00e7\u00f5es corretas, diz estudo"}]},{"@type":"WebSite","@id":"https:\/\/jornalfatosenoticias.com.br\/#website","url":"https:\/\/jornalfatosenoticias.com.br\/","name":"Jornal Fatos e Not\u00edcias","description":"Not\u00edcias em geral","publisher":{"@id":"https:\/\/jornalfatosenoticias.com.br\/#organization"},"potentialAction":[{"@type":"SearchAction","target":{"@type":"EntryPoint","urlTemplate":"https:\/\/jornalfatosenoticias.com.br\/?s={search_term_string}"},"query-input":{"@type":"PropertyValueSpecification","valueRequired":true,"valueName":"search_term_string"}}],"inLanguage":"pt-BR"},{"@type":"Organization","@id":"https:\/\/jornalfatosenoticias.com.br\/#organization","name":"Jornal Fatos e Not\u00edcias","url":"https:\/\/jornalfatosenoticias.com.br\/","logo":{"@type":"ImageObject","inLanguage":"pt-BR","@id":"https:\/\/jornalfatosenoticias.com.br\/#\/schema\/logo\/image\/","url":"https:\/\/jornalfatosenoticias.com.br\/wp-content\/uploads\/2020\/02\/logo120.png","contentUrl":"https:\/\/jornalfatosenoticias.com.br\/wp-content\/uploads\/2020\/02\/logo120.png","width":1227,"height":120,"caption":"Jornal Fatos e Not\u00edcias"},"image":{"@id":"https:\/\/jornalfatosenoticias.com.br\/#\/schema\/logo\/image\/"}},{"@type":"Person","@id":"https:\/\/jornalfatosenoticias.com.br\/#\/schema\/person\/d63837fa13ac8666eb9e74e0985d6f81","name":"Luzimara Fernandes","image":{"@type":"ImageObject","inLanguage":"pt-BR","@id":"https:\/\/jornalfatosenoticias.com.br\/#\/schema\/person\/image\/","url":"https:\/\/jornalfatosenoticias.com.br\/wp-content\/uploads\/2025\/05\/EU_portal.jpg","contentUrl":"https:\/\/jornalfatosenoticias.com.br\/wp-content\/uploads\/2025\/05\/EU_portal.jpg","caption":"Luzimara Fernandes"},"description":"Jornalista MTB 2358-ES","sameAs":["https:\/\/jornalfatosenoticias.com.br"],"url":"https:\/\/jornalfatosenoticias.com.br\/index.php\/author\/luzimara\/"}]}},"cc_featured_image_caption":{"caption_text":"(Foto: Shutterstock) ","source_text":"","source_url":""},"jetpack_featured_media_url":"https:\/\/jornalfatosenoticias.com.br\/wp-content\/uploads\/2022\/06\/superterras_shutterstock.jpg","_links":{"self":[{"href":"https:\/\/jornalfatosenoticias.com.br\/index.php\/wp-json\/wp\/v2\/posts\/31784","targetHints":{"allow":["GET"]}}],"collection":[{"href":"https:\/\/jornalfatosenoticias.com.br\/index.php\/wp-json\/wp\/v2\/posts"}],"about":[{"href":"https:\/\/jornalfatosenoticias.com.br\/index.php\/wp-json\/wp\/v2\/types\/post"}],"author":[{"embeddable":true,"href":"https:\/\/jornalfatosenoticias.com.br\/index.php\/wp-json\/wp\/v2\/users\/2"}],"replies":[{"embeddable":true,"href":"https:\/\/jornalfatosenoticias.com.br\/index.php\/wp-json\/wp\/v2\/comments?post=31784"}],"version-history":[{"count":0,"href":"https:\/\/jornalfatosenoticias.com.br\/index.php\/wp-json\/wp\/v2\/posts\/31784\/revisions"}],"wp:featuredmedia":[{"embeddable":true,"href":"https:\/\/jornalfatosenoticias.com.br\/index.php\/wp-json\/wp\/v2\/media\/31786"}],"wp:attachment":[{"href":"https:\/\/jornalfatosenoticias.com.br\/index.php\/wp-json\/wp\/v2\/media?parent=31784"}],"wp:term":[{"taxonomy":"category","embeddable":true,"href":"https:\/\/jornalfatosenoticias.com.br\/index.php\/wp-json\/wp\/v2\/categories?post=31784"},{"taxonomy":"post_tag","embeddable":true,"href":"https:\/\/jornalfatosenoticias.com.br\/index.php\/wp-json\/wp\/v2\/tags?post=31784"}],"curies":[{"name":"wp","href":"https:\/\/api.w.org\/{rel}","templated":true}]}}