{"id":31795,"date":"2022-06-28T15:57:45","date_gmt":"2022-06-28T18:57:45","guid":{"rendered":"https:\/\/jornalfatosenoticias.com.br\/?p=31795"},"modified":"2022-06-28T15:57:51","modified_gmt":"2022-06-28T18:57:51","slug":"filipinho-e-tetra-e-estreante-samuel-pupo-vice-na-etapa-rio-pro-da-wsl","status":"publish","type":"post","link":"https:\/\/jornalfatosenoticias.com.br\/index.php\/2022\/06\/28\/filipinho-e-tetra-e-estreante-samuel-pupo-vice-na-etapa-rio-pro-da-wsl\/","title":{"rendered":"Filipinho \u00e9 tetra e estreante Samuel Pupo vice na etapa Rio Pro da WSL"},"content":{"rendered":"\n<p><em><span class=\"has-inline-color has-black-color\">Na disputa feminina, Tatiana Weston Webb ficou em terceiro lugar<\/span><\/em><\/p>\n\n\n\n<div class=\"wp-block-image\"><figure class=\"aligncenter size-large is-resized\"><img loading=\"lazy\" decoding=\"async\" src=\"https:\/\/jornalfatosenoticias.com.br\/wp-content\/uploads\/2022\/02\/Arte-Autoescola-Galatas_endereco_portal-1024x103.png\" alt=\"\" class=\"wp-image-27869\" width=\"530\" height=\"53\" srcset=\"https:\/\/jornalfatosenoticias.com.br\/wp-content\/uploads\/2022\/02\/Arte-Autoescola-Galatas_endereco_portal-1024x103.png 1024w, https:\/\/jornalfatosenoticias.com.br\/wp-content\/uploads\/2022\/02\/Arte-Autoescola-Galatas_endereco_portal-300x30.png 300w, https:\/\/jornalfatosenoticias.com.br\/wp-content\/uploads\/2022\/02\/Arte-Autoescola-Galatas_endereco_portal-768x77.png 768w, https:\/\/jornalfatosenoticias.com.br\/wp-content\/uploads\/2022\/02\/Arte-Autoescola-Galatas_endereco_portal.png 1223w\" sizes=\"auto, (max-width: 530px) 100vw, 530px\" \/><\/figure><\/div>\n\n\n\n<p>O paulista de Ubatuba Filipe Toledo, l\u00edder do ranking, faturou o tetracampeonato do Rio Pro, etapa da Liga Mundial de Surfe (WSL, sigla em ingl\u00eas), disputada na Praia de Ita\u00fana, em Saquarema (RJ). Filipinho levou nota 10 durante a bateria final, valendo o t\u00edtulo, contra o conterr\u00e2neo Samuel Pupo, estreante na elite do surfe mundial, que chegou pela primeira vez \u00e0 uma final na temporada. Filipinho totalizou 18.67 contra 10.73, de Pupo, tamb\u00e9m do litoral paulista, da cidade de S\u00e3o Sebasti\u00e3o.<\/p>\n\n\n\n<div class=\"wp-block-image\"><figure class=\"aligncenter size-large is-resized\"><img loading=\"lazy\" decoding=\"async\" src=\"https:\/\/jornalfatosenoticias.com.br\/wp-content\/uploads\/2022\/02\/Precisao-Contabilidade-1024x724.jpg\" alt=\"\" class=\"wp-image-28088\" width=\"259\" height=\"183\"\/><\/figure><\/div>\n\n\n\n<figure class=\"wp-block-embed-twitter wp-block-embed is-type-rich is-provider-twitter\"><div class=\"wp-block-embed__wrapper\">\n<blockquote class=\"twitter-tweet\" data-width=\"550\" data-dnt=\"true\"><p lang=\"pt\" dir=\"ltr\">\u00c9 TETRAAAAAAAAA \ud83c\udfc6 FILIPE TOLEDO VENCE NO RIO, MAIS UMA VEZ \ud83c\udde7\ud83c\uddf7 <a href=\"https:\/\/twitter.com\/hashtag\/OiRioPro?src=hash&amp;ref_src=twsrc%5Etfw\">#OiRioPro<\/a> 7\ufe0f\u20e37\ufe0f\u20e3<a href=\"https:\/\/twitter.com\/oi_oficial?ref_src=twsrc%5Etfw\">@oi_oficial<\/a> <a href=\"https:\/\/twitter.com\/corona?ref_src=twsrc%5Etfw\">@corona<\/a> <a href=\"https:\/\/twitter.com\/hashtag\/WSLBrasil?src=hash&amp;ref_src=twsrc%5Etfw\">#WSLBrasil<\/a> <a href=\"https:\/\/t.co\/RooMEx19FO\">pic.twitter.com\/RooMEx19FO<\/a><\/p>&mdash; WSL Brasil \ud83c\udde7\ud83c\uddf7 (@WSLBrasil) <a href=\"https:\/\/twitter.com\/WSLBrasil\/status\/1541809473521606658?ref_src=twsrc%5Etfw\">June 28, 2022<\/a><\/blockquote><script async src=\"https:\/\/platform.twitter.com\/widgets.js\" charset=\"utf-8\"><\/script>\n<\/div><\/figure>\n\n\n\n<div class=\"wp-block-image\"><figure class=\"aligncenter size-large is-resized\"><img loading=\"lazy\" decoding=\"async\" src=\"https:\/\/jornalfatosenoticias.com.br\/wp-content\/uploads\/2020\/02\/banner_ferramentas-1024x100.jpg\" alt=\"\" class=\"wp-image-1258\" width=\"519\" height=\"50\" srcset=\"https:\/\/jornalfatosenoticias.com.br\/wp-content\/uploads\/2020\/02\/banner_ferramentas-1024x100.jpg 1024w, https:\/\/jornalfatosenoticias.com.br\/wp-content\/uploads\/2020\/02\/banner_ferramentas-300x29.jpg 300w, https:\/\/jornalfatosenoticias.com.br\/wp-content\/uploads\/2020\/02\/banner_ferramentas-768x75.jpg 768w, https:\/\/jornalfatosenoticias.com.br\/wp-content\/uploads\/2020\/02\/banner_ferramentas.jpg 1227w\" sizes=\"auto, (max-width: 519px) 100vw, 519px\" \/><\/figure><\/div>\n\n\n\n<p>Com o triunfo em Saquarema, Filipinho chegou aos 50.040 pontos, e se distanciou ainda mais na lideran\u00e7a da classifica\u00e7\u00e3o geral. Na \u00faltima etapa, em El Salvador, o paulista j\u00e1 havia assegurado presen\u00e7a no WSL Finals, em setembro, final do circuito mundial que re\u00fane os cinco surfistas com maior pontua\u00e7\u00e3o na temporada.<\/p>\n\n\n\n<div class=\"wp-block-image\"><figure class=\"aligncenter size-large is-resized\"><img loading=\"lazy\" decoding=\"async\" src=\"https:\/\/jornalfatosenoticias.com.br\/wp-content\/uploads\/2022\/05\/NOVA-LOGO-CESCONETTO-1024x100.jpg\" alt=\"\" class=\"wp-image-30792\" width=\"509\" height=\"49\" srcset=\"https:\/\/jornalfatosenoticias.com.br\/wp-content\/uploads\/2022\/05\/NOVA-LOGO-CESCONETTO-1024x100.jpg 1024w, https:\/\/jornalfatosenoticias.com.br\/wp-content\/uploads\/2022\/05\/NOVA-LOGO-CESCONETTO-300x29.jpg 300w, https:\/\/jornalfatosenoticias.com.br\/wp-content\/uploads\/2022\/05\/NOVA-LOGO-CESCONETTO-768x75.jpg 768w, https:\/\/jornalfatosenoticias.com.br\/wp-content\/uploads\/2022\/05\/NOVA-LOGO-CESCONETTO.jpg 1280w\" sizes=\"auto, (max-width: 509px) 100vw, 509px\" \/><\/figure><\/div>\n\n\n\n<figure class=\"wp-block-embed-twitter wp-block-embed is-type-rich is-provider-twitter\"><div class=\"wp-block-embed__wrapper\">\n<blockquote class=\"twitter-tweet\" data-width=\"550\" data-dnt=\"true\"><p lang=\"pt\" dir=\"ltr\">A ONDA NOTA 10.0 UN\u00c2NIME DE FILIPE TOLEDO!<br>Hist\u00f3ria sendo feita aqui em Saquarema no <a href=\"https:\/\/twitter.com\/hashtag\/OiRioPro?src=hash&amp;ref_src=twsrc%5Etfw\">#OiRioPro<\/a> apresentado por <a href=\"https:\/\/twitter.com\/corona?ref_src=twsrc%5Etfw\">@corona<\/a> <a href=\"https:\/\/twitter.com\/hashtag\/WSLBrasil?src=hash&amp;ref_src=twsrc%5Etfw\">#WSLBrasil<\/a> <a href=\"https:\/\/t.co\/mhpafbxjbV\">pic.twitter.com\/mhpafbxjbV<\/a><\/p>&mdash; WSL Brasil \ud83c\udde7\ud83c\uddf7 (@WSLBrasil) <a href=\"https:\/\/twitter.com\/WSLBrasil\/status\/1541800509790724096?ref_src=twsrc%5Etfw\">June 28, 2022<\/a><\/blockquote><script async src=\"https:\/\/platform.twitter.com\/widgets.js\" charset=\"utf-8\"><\/script>\n<\/div><\/figure>\n\n\n\n<div class=\"wp-block-image\"><figure class=\"alignleft size-large is-resized\"><img loading=\"lazy\" decoding=\"async\" src=\"https:\/\/jornalfatosenoticias.com.br\/wp-content\/uploads\/2020\/02\/Suinco-1024x389.jpg\" alt=\"\" class=\"wp-image-28883\" width=\"279\" height=\"106\" srcset=\"https:\/\/jornalfatosenoticias.com.br\/wp-content\/uploads\/2020\/02\/Suinco-1024x389.jpg 1024w, https:\/\/jornalfatosenoticias.com.br\/wp-content\/uploads\/2020\/02\/Suinco-300x114.jpg 300w, https:\/\/jornalfatosenoticias.com.br\/wp-content\/uploads\/2020\/02\/Suinco-768x292.jpg 768w, https:\/\/jornalfatosenoticias.com.br\/wp-content\/uploads\/2020\/02\/Suinco.jpg 1220w\" sizes=\"auto, (max-width: 279px) 100vw, 279px\" \/><\/figure><\/div>\n\n\n\n<p>Para chegar \u00e0 final contra Pupo, Filipinho venceu a semi contra Yago Dora, com nota 17.36 a 15.34. Pela primeira vez na etapa brasileira as semifinais reuniram quatro brasileiros. A outra disputa foi entre Pupo e o campe\u00e3o ol\u00edmpico \u00cdtalo Ferreira. O surfista de S\u00e3o Sebasti\u00e3o (SP) bateu o potiguar por 11.44 a 10.83.<br>A brasileira Tatiana Weston-Webb encerrou sua participa\u00e7\u00e3o em terceiro lugar, ao perder a semifinal para a havaiana Carissa Moore, por 14.60 a 11.77. Na sequ\u00eancia, Moore se sagrou campe\u00e3 em Saquarema ap\u00f3s superar na final a compatriota Gabriela Bryan, por 12.67 a 9.67.<\/p>\n\n\n\n<div class=\"wp-block-image\"><figure class=\"aligncenter size-large is-resized\"><img loading=\"lazy\" decoding=\"async\" src=\"https:\/\/jornalfatosenoticias.com.br\/wp-content\/uploads\/2020\/02\/Logo-Mizu-segunda-2-1024x99.png\" alt=\"\" class=\"wp-image-2353\" width=\"497\" height=\"48\" srcset=\"https:\/\/jornalfatosenoticias.com.br\/wp-content\/uploads\/2020\/02\/Logo-Mizu-segunda-2-1024x99.png 1024w, https:\/\/jornalfatosenoticias.com.br\/wp-content\/uploads\/2020\/02\/Logo-Mizu-segunda-2-300x29.png 300w, https:\/\/jornalfatosenoticias.com.br\/wp-content\/uploads\/2020\/02\/Logo-Mizu-segunda-2-768x74.png 768w, https:\/\/jornalfatosenoticias.com.br\/wp-content\/uploads\/2020\/02\/Logo-Mizu-segunda-2.png 1240w\" sizes=\"auto, (max-width: 497px) 100vw, 497px\" \/><\/figure><\/div>\n\n\n\n<p><strong><em>Fonte: <a href=\"https:\/\/agenciabrasil.ebc.com.br\/esportes\/noticia\/2022-06\/filipinho-e-tetra-e-estreante-samuel-pupo-vice-na-etapa-rio-pro-da-wsl\">Ag\u00eancia Brasil<\/a><\/em><\/strong><\/p>\n","protected":false},"excerpt":{"rendered":"<p>Na disputa feminina, Tatiana Weston Webb ficou em terceiro lugar O paulista de Ubatuba Filipe Toledo, l\u00edder do ranking, faturou o tetracampeonato do Rio Pro, etapa da Liga Mundial de Surfe (WSL, sigla em ingl\u00eas), disputada na Praia de Ita\u00fana, em Saquarema (RJ). Filipinho levou nota 10 durante a bateria final, valendo o t\u00edtulo, contra [&hellip;]<\/p>\n","protected":false},"author":2,"featured_media":31798,"comment_status":"open","ping_status":"open","sticky":false,"template":"","format":"standard","meta":{"footnotes":""},"categories":[12],"tags":[15039,10582,43,14299,10309,15040,15041,5287,8603,15042,8604,8602],"class_list":["post-31795","post","type-post","status-publish","format-standard","has-post-thumbnail","hentry","category-esportes","tag-carissa-moore","tag-circuito-mundial","tag-esportes","tag-filipinho","tag-italo-ferreira","tag-samuel-pupo","tag-saquarema","tag-surfe","tag-tatiana-weston-webb","tag-tetracampeao","tag-wsl","tag-yago-dora"],"yoast_head":"<!-- This site is optimized with the Yoast SEO plugin v26.5 - https:\/\/yoast.com\/wordpress\/plugins\/seo\/ -->\n<title>Filipinho \u00e9 tetra e estreante Samuel Pupo vice na etapa Rio Pro da WSL - Jornal Fatos e Not\u00edcias<\/title>\n<meta name=\"robots\" content=\"index, follow, max-snippet:-1, max-image-preview:large, max-video-preview:-1\" \/>\n<link rel=\"canonical\" href=\"https:\/\/jornalfatosenoticias.com.br\/index.php\/2022\/06\/28\/filipinho-e-tetra-e-estreante-samuel-pupo-vice-na-etapa-rio-pro-da-wsl\/\" \/>\n<meta property=\"og:locale\" content=\"pt_BR\" \/>\n<meta property=\"og:type\" content=\"article\" \/>\n<meta property=\"og:title\" content=\"Filipinho \u00e9 tetra e estreante Samuel Pupo vice na etapa Rio Pro da WSL - Jornal Fatos e Not\u00edcias\" \/>\n<meta property=\"og:description\" content=\"Na disputa feminina, Tatiana Weston Webb ficou em terceiro lugar O paulista de Ubatuba Filipe Toledo, l\u00edder do ranking, faturou o tetracampeonato do Rio Pro, etapa da Liga Mundial de Surfe (WSL, sigla em ingl\u00eas), disputada na Praia de Ita\u00fana, em Saquarema (RJ). Filipinho levou nota 10 durante a bateria final, valendo o t\u00edtulo, contra [&hellip;]\" \/>\n<meta property=\"og:url\" content=\"https:\/\/jornalfatosenoticias.com.br\/index.php\/2022\/06\/28\/filipinho-e-tetra-e-estreante-samuel-pupo-vice-na-etapa-rio-pro-da-wsl\/\" \/>\n<meta property=\"og:site_name\" content=\"Jornal Fatos e Not\u00edcias\" \/>\n<meta property=\"article:published_time\" content=\"2022-06-28T18:57:45+00:00\" \/>\n<meta property=\"article:modified_time\" content=\"2022-06-28T18:57:51+00:00\" \/>\n<meta property=\"og:image\" content=\"https:\/\/jornalfatosenoticias.com.br\/wp-content\/uploads\/2022\/06\/filipe-toledo.jpeg\" \/>\n\t<meta property=\"og:image:width\" content=\"1000\" \/>\n\t<meta property=\"og:image:height\" content=\"598\" \/>\n\t<meta property=\"og:image:type\" content=\"image\/jpeg\" \/>\n<meta name=\"author\" content=\"Luzimara Fernandes\" \/>\n<meta name=\"twitter:card\" content=\"summary_large_image\" \/>\n<meta name=\"twitter:label1\" content=\"Escrito por\" \/>\n\t<meta name=\"twitter:data1\" content=\"Luzimara Fernandes\" \/>\n\t<meta name=\"twitter:label2\" content=\"Est. tempo de leitura\" \/>\n\t<meta name=\"twitter:data2\" content=\"2 minutos\" \/>\n<script type=\"application\/ld+json\" class=\"yoast-schema-graph\">{\"@context\":\"https:\/\/schema.org\",\"@graph\":[{\"@type\":\"Article\",\"@id\":\"https:\/\/jornalfatosenoticias.com.br\/index.php\/2022\/06\/28\/filipinho-e-tetra-e-estreante-samuel-pupo-vice-na-etapa-rio-pro-da-wsl\/#article\",\"isPartOf\":{\"@id\":\"https:\/\/jornalfatosenoticias.com.br\/index.php\/2022\/06\/28\/filipinho-e-tetra-e-estreante-samuel-pupo-vice-na-etapa-rio-pro-da-wsl\/\"},\"author\":{\"name\":\"Luzimara Fernandes\",\"@id\":\"https:\/\/jornalfatosenoticias.com.br\/#\/schema\/person\/d63837fa13ac8666eb9e74e0985d6f81\"},\"headline\":\"Filipinho \u00e9 tetra e estreante Samuel Pupo vice na etapa Rio Pro da WSL\",\"datePublished\":\"2022-06-28T18:57:45+00:00\",\"dateModified\":\"2022-06-28T18:57:51+00:00\",\"mainEntityOfPage\":{\"@id\":\"https:\/\/jornalfatosenoticias.com.br\/index.php\/2022\/06\/28\/filipinho-e-tetra-e-estreante-samuel-pupo-vice-na-etapa-rio-pro-da-wsl\/\"},\"wordCount\":326,\"commentCount\":0,\"publisher\":{\"@id\":\"https:\/\/jornalfatosenoticias.com.br\/#organization\"},\"image\":{\"@id\":\"https:\/\/jornalfatosenoticias.com.br\/index.php\/2022\/06\/28\/filipinho-e-tetra-e-estreante-samuel-pupo-vice-na-etapa-rio-pro-da-wsl\/#primaryimage\"},\"thumbnailUrl\":\"https:\/\/jornalfatosenoticias.com.br\/wp-content\/uploads\/2022\/06\/filipe-toledo.jpeg\",\"keywords\":[\"Carissa Moore\",\"Circuito Mundial\",\"esportes\",\"Filipinho\",\"\u00cdtalo Ferreira\",\"Samuel Pupo\",\"Saquarema\",\"surfe\",\"Tatiana Weston-Webb\",\"tetracampe\u00e3o\",\"WSL\",\"Yago Dora\"],\"articleSection\":[\"Esportes\"],\"inLanguage\":\"pt-BR\",\"potentialAction\":[{\"@type\":\"CommentAction\",\"name\":\"Comment\",\"target\":[\"https:\/\/jornalfatosenoticias.com.br\/index.php\/2022\/06\/28\/filipinho-e-tetra-e-estreante-samuel-pupo-vice-na-etapa-rio-pro-da-wsl\/#respond\"]}]},{\"@type\":\"WebPage\",\"@id\":\"https:\/\/jornalfatosenoticias.com.br\/index.php\/2022\/06\/28\/filipinho-e-tetra-e-estreante-samuel-pupo-vice-na-etapa-rio-pro-da-wsl\/\",\"url\":\"https:\/\/jornalfatosenoticias.com.br\/index.php\/2022\/06\/28\/filipinho-e-tetra-e-estreante-samuel-pupo-vice-na-etapa-rio-pro-da-wsl\/\",\"name\":\"Filipinho \u00e9 tetra e estreante Samuel Pupo vice na etapa Rio Pro da WSL - Jornal Fatos e Not\u00edcias\",\"isPartOf\":{\"@id\":\"https:\/\/jornalfatosenoticias.com.br\/#website\"},\"primaryImageOfPage\":{\"@id\":\"https:\/\/jornalfatosenoticias.com.br\/index.php\/2022\/06\/28\/filipinho-e-tetra-e-estreante-samuel-pupo-vice-na-etapa-rio-pro-da-wsl\/#primaryimage\"},\"image\":{\"@id\":\"https:\/\/jornalfatosenoticias.com.br\/index.php\/2022\/06\/28\/filipinho-e-tetra-e-estreante-samuel-pupo-vice-na-etapa-rio-pro-da-wsl\/#primaryimage\"},\"thumbnailUrl\":\"https:\/\/jornalfatosenoticias.com.br\/wp-content\/uploads\/2022\/06\/filipe-toledo.jpeg\",\"datePublished\":\"2022-06-28T18:57:45+00:00\",\"dateModified\":\"2022-06-28T18:57:51+00:00\",\"breadcrumb\":{\"@id\":\"https:\/\/jornalfatosenoticias.com.br\/index.php\/2022\/06\/28\/filipinho-e-tetra-e-estreante-samuel-pupo-vice-na-etapa-rio-pro-da-wsl\/#breadcrumb\"},\"inLanguage\":\"pt-BR\",\"potentialAction\":[{\"@type\":\"ReadAction\",\"target\":[\"https:\/\/jornalfatosenoticias.com.br\/index.php\/2022\/06\/28\/filipinho-e-tetra-e-estreante-samuel-pupo-vice-na-etapa-rio-pro-da-wsl\/\"]}]},{\"@type\":\"ImageObject\",\"inLanguage\":\"pt-BR\",\"@id\":\"https:\/\/jornalfatosenoticias.com.br\/index.php\/2022\/06\/28\/filipinho-e-tetra-e-estreante-samuel-pupo-vice-na-etapa-rio-pro-da-wsl\/#primaryimage\",\"url\":\"https:\/\/jornalfatosenoticias.com.br\/wp-content\/uploads\/2022\/06\/filipe-toledo.jpeg\",\"contentUrl\":\"https:\/\/jornalfatosenoticias.com.br\/wp-content\/uploads\/2022\/06\/filipe-toledo.jpeg\",\"width\":1000,\"height\":598},{\"@type\":\"BreadcrumbList\",\"@id\":\"https:\/\/jornalfatosenoticias.com.br\/index.php\/2022\/06\/28\/filipinho-e-tetra-e-estreante-samuel-pupo-vice-na-etapa-rio-pro-da-wsl\/#breadcrumb\",\"itemListElement\":[{\"@type\":\"ListItem\",\"position\":1,\"name\":\"In\u00edcio\",\"item\":\"https:\/\/jornalfatosenoticias.com.br\/\"},{\"@type\":\"ListItem\",\"position\":2,\"name\":\"Filipinho \u00e9 tetra e estreante Samuel Pupo vice na etapa Rio Pro da WSL\"}]},{\"@type\":\"WebSite\",\"@id\":\"https:\/\/jornalfatosenoticias.com.br\/#website\",\"url\":\"https:\/\/jornalfatosenoticias.com.br\/\",\"name\":\"Jornal Fatos e Not\u00edcias\",\"description\":\"Not\u00edcias em geral\",\"publisher\":{\"@id\":\"https:\/\/jornalfatosenoticias.com.br\/#organization\"},\"potentialAction\":[{\"@type\":\"SearchAction\",\"target\":{\"@type\":\"EntryPoint\",\"urlTemplate\":\"https:\/\/jornalfatosenoticias.com.br\/?s={search_term_string}\"},\"query-input\":{\"@type\":\"PropertyValueSpecification\",\"valueRequired\":true,\"valueName\":\"search_term_string\"}}],\"inLanguage\":\"pt-BR\"},{\"@type\":\"Organization\",\"@id\":\"https:\/\/jornalfatosenoticias.com.br\/#organization\",\"name\":\"Jornal Fatos e Not\u00edcias\",\"url\":\"https:\/\/jornalfatosenoticias.com.br\/\",\"logo\":{\"@type\":\"ImageObject\",\"inLanguage\":\"pt-BR\",\"@id\":\"https:\/\/jornalfatosenoticias.com.br\/#\/schema\/logo\/image\/\",\"url\":\"https:\/\/jornalfatosenoticias.com.br\/wp-content\/uploads\/2020\/02\/logo120.png\",\"contentUrl\":\"https:\/\/jornalfatosenoticias.com.br\/wp-content\/uploads\/2020\/02\/logo120.png\",\"width\":1227,\"height\":120,\"caption\":\"Jornal Fatos e Not\u00edcias\"},\"image\":{\"@id\":\"https:\/\/jornalfatosenoticias.com.br\/#\/schema\/logo\/image\/\"}},{\"@type\":\"Person\",\"@id\":\"https:\/\/jornalfatosenoticias.com.br\/#\/schema\/person\/d63837fa13ac8666eb9e74e0985d6f81\",\"name\":\"Luzimara Fernandes\",\"image\":{\"@type\":\"ImageObject\",\"inLanguage\":\"pt-BR\",\"@id\":\"https:\/\/jornalfatosenoticias.com.br\/#\/schema\/person\/image\/\",\"url\":\"https:\/\/jornalfatosenoticias.com.br\/wp-content\/uploads\/2025\/05\/EU_portal.jpg\",\"contentUrl\":\"https:\/\/jornalfatosenoticias.com.br\/wp-content\/uploads\/2025\/05\/EU_portal.jpg\",\"caption\":\"Luzimara Fernandes\"},\"description\":\"Jornalista MTB 2358-ES\",\"sameAs\":[\"https:\/\/jornalfatosenoticias.com.br\"],\"url\":\"https:\/\/jornalfatosenoticias.com.br\/index.php\/author\/luzimara\/\"}]}<\/script>\n<!-- \/ Yoast SEO plugin. -->","yoast_head_json":{"title":"Filipinho \u00e9 tetra e estreante Samuel Pupo vice na etapa Rio Pro da WSL - Jornal Fatos e Not\u00edcias","robots":{"index":"index","follow":"follow","max-snippet":"max-snippet:-1","max-image-preview":"max-image-preview:large","max-video-preview":"max-video-preview:-1"},"canonical":"https:\/\/jornalfatosenoticias.com.br\/index.php\/2022\/06\/28\/filipinho-e-tetra-e-estreante-samuel-pupo-vice-na-etapa-rio-pro-da-wsl\/","og_locale":"pt_BR","og_type":"article","og_title":"Filipinho \u00e9 tetra e estreante Samuel Pupo vice na etapa Rio Pro da WSL - Jornal Fatos e Not\u00edcias","og_description":"Na disputa feminina, Tatiana Weston Webb ficou em terceiro lugar O paulista de Ubatuba Filipe Toledo, l\u00edder do ranking, faturou o tetracampeonato do Rio Pro, etapa da Liga Mundial de Surfe (WSL, sigla em ingl\u00eas), disputada na Praia de Ita\u00fana, em Saquarema (RJ). Filipinho levou nota 10 durante a bateria final, valendo o t\u00edtulo, contra [&hellip;]","og_url":"https:\/\/jornalfatosenoticias.com.br\/index.php\/2022\/06\/28\/filipinho-e-tetra-e-estreante-samuel-pupo-vice-na-etapa-rio-pro-da-wsl\/","og_site_name":"Jornal Fatos e Not\u00edcias","article_published_time":"2022-06-28T18:57:45+00:00","article_modified_time":"2022-06-28T18:57:51+00:00","og_image":[{"width":1000,"height":598,"url":"https:\/\/jornalfatosenoticias.com.br\/wp-content\/uploads\/2022\/06\/filipe-toledo.jpeg","type":"image\/jpeg"}],"author":"Luzimara Fernandes","twitter_card":"summary_large_image","twitter_misc":{"Escrito por":"Luzimara Fernandes","Est. tempo de leitura":"2 minutos"},"schema":{"@context":"https:\/\/schema.org","@graph":[{"@type":"Article","@id":"https:\/\/jornalfatosenoticias.com.br\/index.php\/2022\/06\/28\/filipinho-e-tetra-e-estreante-samuel-pupo-vice-na-etapa-rio-pro-da-wsl\/#article","isPartOf":{"@id":"https:\/\/jornalfatosenoticias.com.br\/index.php\/2022\/06\/28\/filipinho-e-tetra-e-estreante-samuel-pupo-vice-na-etapa-rio-pro-da-wsl\/"},"author":{"name":"Luzimara Fernandes","@id":"https:\/\/jornalfatosenoticias.com.br\/#\/schema\/person\/d63837fa13ac8666eb9e74e0985d6f81"},"headline":"Filipinho \u00e9 tetra e estreante Samuel Pupo vice na etapa Rio Pro da WSL","datePublished":"2022-06-28T18:57:45+00:00","dateModified":"2022-06-28T18:57:51+00:00","mainEntityOfPage":{"@id":"https:\/\/jornalfatosenoticias.com.br\/index.php\/2022\/06\/28\/filipinho-e-tetra-e-estreante-samuel-pupo-vice-na-etapa-rio-pro-da-wsl\/"},"wordCount":326,"commentCount":0,"publisher":{"@id":"https:\/\/jornalfatosenoticias.com.br\/#organization"},"image":{"@id":"https:\/\/jornalfatosenoticias.com.br\/index.php\/2022\/06\/28\/filipinho-e-tetra-e-estreante-samuel-pupo-vice-na-etapa-rio-pro-da-wsl\/#primaryimage"},"thumbnailUrl":"https:\/\/jornalfatosenoticias.com.br\/wp-content\/uploads\/2022\/06\/filipe-toledo.jpeg","keywords":["Carissa Moore","Circuito Mundial","esportes","Filipinho","\u00cdtalo Ferreira","Samuel Pupo","Saquarema","surfe","Tatiana Weston-Webb","tetracampe\u00e3o","WSL","Yago Dora"],"articleSection":["Esportes"],"inLanguage":"pt-BR","potentialAction":[{"@type":"CommentAction","name":"Comment","target":["https:\/\/jornalfatosenoticias.com.br\/index.php\/2022\/06\/28\/filipinho-e-tetra-e-estreante-samuel-pupo-vice-na-etapa-rio-pro-da-wsl\/#respond"]}]},{"@type":"WebPage","@id":"https:\/\/jornalfatosenoticias.com.br\/index.php\/2022\/06\/28\/filipinho-e-tetra-e-estreante-samuel-pupo-vice-na-etapa-rio-pro-da-wsl\/","url":"https:\/\/jornalfatosenoticias.com.br\/index.php\/2022\/06\/28\/filipinho-e-tetra-e-estreante-samuel-pupo-vice-na-etapa-rio-pro-da-wsl\/","name":"Filipinho \u00e9 tetra e estreante Samuel Pupo vice na etapa Rio Pro da WSL - Jornal Fatos e Not\u00edcias","isPartOf":{"@id":"https:\/\/jornalfatosenoticias.com.br\/#website"},"primaryImageOfPage":{"@id":"https:\/\/jornalfatosenoticias.com.br\/index.php\/2022\/06\/28\/filipinho-e-tetra-e-estreante-samuel-pupo-vice-na-etapa-rio-pro-da-wsl\/#primaryimage"},"image":{"@id":"https:\/\/jornalfatosenoticias.com.br\/index.php\/2022\/06\/28\/filipinho-e-tetra-e-estreante-samuel-pupo-vice-na-etapa-rio-pro-da-wsl\/#primaryimage"},"thumbnailUrl":"https:\/\/jornalfatosenoticias.com.br\/wp-content\/uploads\/2022\/06\/filipe-toledo.jpeg","datePublished":"2022-06-28T18:57:45+00:00","dateModified":"2022-06-28T18:57:51+00:00","breadcrumb":{"@id":"https:\/\/jornalfatosenoticias.com.br\/index.php\/2022\/06\/28\/filipinho-e-tetra-e-estreante-samuel-pupo-vice-na-etapa-rio-pro-da-wsl\/#breadcrumb"},"inLanguage":"pt-BR","potentialAction":[{"@type":"ReadAction","target":["https:\/\/jornalfatosenoticias.com.br\/index.php\/2022\/06\/28\/filipinho-e-tetra-e-estreante-samuel-pupo-vice-na-etapa-rio-pro-da-wsl\/"]}]},{"@type":"ImageObject","inLanguage":"pt-BR","@id":"https:\/\/jornalfatosenoticias.com.br\/index.php\/2022\/06\/28\/filipinho-e-tetra-e-estreante-samuel-pupo-vice-na-etapa-rio-pro-da-wsl\/#primaryimage","url":"https:\/\/jornalfatosenoticias.com.br\/wp-content\/uploads\/2022\/06\/filipe-toledo.jpeg","contentUrl":"https:\/\/jornalfatosenoticias.com.br\/wp-content\/uploads\/2022\/06\/filipe-toledo.jpeg","width":1000,"height":598},{"@type":"BreadcrumbList","@id":"https:\/\/jornalfatosenoticias.com.br\/index.php\/2022\/06\/28\/filipinho-e-tetra-e-estreante-samuel-pupo-vice-na-etapa-rio-pro-da-wsl\/#breadcrumb","itemListElement":[{"@type":"ListItem","position":1,"name":"In\u00edcio","item":"https:\/\/jornalfatosenoticias.com.br\/"},{"@type":"ListItem","position":2,"name":"Filipinho \u00e9 tetra e estreante Samuel Pupo vice na etapa Rio Pro da WSL"}]},{"@type":"WebSite","@id":"https:\/\/jornalfatosenoticias.com.br\/#website","url":"https:\/\/jornalfatosenoticias.com.br\/","name":"Jornal Fatos e Not\u00edcias","description":"Not\u00edcias em geral","publisher":{"@id":"https:\/\/jornalfatosenoticias.com.br\/#organization"},"potentialAction":[{"@type":"SearchAction","target":{"@type":"EntryPoint","urlTemplate":"https:\/\/jornalfatosenoticias.com.br\/?s={search_term_string}"},"query-input":{"@type":"PropertyValueSpecification","valueRequired":true,"valueName":"search_term_string"}}],"inLanguage":"pt-BR"},{"@type":"Organization","@id":"https:\/\/jornalfatosenoticias.com.br\/#organization","name":"Jornal Fatos e Not\u00edcias","url":"https:\/\/jornalfatosenoticias.com.br\/","logo":{"@type":"ImageObject","inLanguage":"pt-BR","@id":"https:\/\/jornalfatosenoticias.com.br\/#\/schema\/logo\/image\/","url":"https:\/\/jornalfatosenoticias.com.br\/wp-content\/uploads\/2020\/02\/logo120.png","contentUrl":"https:\/\/jornalfatosenoticias.com.br\/wp-content\/uploads\/2020\/02\/logo120.png","width":1227,"height":120,"caption":"Jornal Fatos e Not\u00edcias"},"image":{"@id":"https:\/\/jornalfatosenoticias.com.br\/#\/schema\/logo\/image\/"}},{"@type":"Person","@id":"https:\/\/jornalfatosenoticias.com.br\/#\/schema\/person\/d63837fa13ac8666eb9e74e0985d6f81","name":"Luzimara Fernandes","image":{"@type":"ImageObject","inLanguage":"pt-BR","@id":"https:\/\/jornalfatosenoticias.com.br\/#\/schema\/person\/image\/","url":"https:\/\/jornalfatosenoticias.com.br\/wp-content\/uploads\/2025\/05\/EU_portal.jpg","contentUrl":"https:\/\/jornalfatosenoticias.com.br\/wp-content\/uploads\/2025\/05\/EU_portal.jpg","caption":"Luzimara Fernandes"},"description":"Jornalista MTB 2358-ES","sameAs":["https:\/\/jornalfatosenoticias.com.br"],"url":"https:\/\/jornalfatosenoticias.com.br\/index.php\/author\/luzimara\/"}]}},"cc_featured_image_caption":{"caption_text":"(Foto: Fernando Fraz\u00e3o\/Ag\u00eancia Brasil)","source_text":"","source_url":""},"jetpack_featured_media_url":"https:\/\/jornalfatosenoticias.com.br\/wp-content\/uploads\/2022\/06\/filipe-toledo.jpeg","_links":{"self":[{"href":"https:\/\/jornalfatosenoticias.com.br\/index.php\/wp-json\/wp\/v2\/posts\/31795","targetHints":{"allow":["GET"]}}],"collection":[{"href":"https:\/\/jornalfatosenoticias.com.br\/index.php\/wp-json\/wp\/v2\/posts"}],"about":[{"href":"https:\/\/jornalfatosenoticias.com.br\/index.php\/wp-json\/wp\/v2\/types\/post"}],"author":[{"embeddable":true,"href":"https:\/\/jornalfatosenoticias.com.br\/index.php\/wp-json\/wp\/v2\/users\/2"}],"replies":[{"embeddable":true,"href":"https:\/\/jornalfatosenoticias.com.br\/index.php\/wp-json\/wp\/v2\/comments?post=31795"}],"version-history":[{"count":0,"href":"https:\/\/jornalfatosenoticias.com.br\/index.php\/wp-json\/wp\/v2\/posts\/31795\/revisions"}],"wp:featuredmedia":[{"embeddable":true,"href":"https:\/\/jornalfatosenoticias.com.br\/index.php\/wp-json\/wp\/v2\/media\/31798"}],"wp:attachment":[{"href":"https:\/\/jornalfatosenoticias.com.br\/index.php\/wp-json\/wp\/v2\/media?parent=31795"}],"wp:term":[{"taxonomy":"category","embeddable":true,"href":"https:\/\/jornalfatosenoticias.com.br\/index.php\/wp-json\/wp\/v2\/categories?post=31795"},{"taxonomy":"post_tag","embeddable":true,"href":"https:\/\/jornalfatosenoticias.com.br\/index.php\/wp-json\/wp\/v2\/tags?post=31795"}],"curies":[{"name":"wp","href":"https:\/\/api.w.org\/{rel}","templated":true}]}}