{"id":31816,"date":"2022-06-29T14:17:26","date_gmt":"2022-06-29T17:17:26","guid":{"rendered":"https:\/\/jornalfatosenoticias.com.br\/?p=31816"},"modified":"2022-06-29T14:17:28","modified_gmt":"2022-06-29T17:17:28","slug":"brasil-lanca-nova-campanha-de-incentivo-a-vacinacao","status":"publish","type":"post","link":"https:\/\/jornalfatosenoticias.com.br\/index.php\/2022\/06\/29\/brasil-lanca-nova-campanha-de-incentivo-a-vacinacao\/","title":{"rendered":"Brasil lan\u00e7a nova campanha de incentivo \u00e0 vacina\u00e7\u00e3o"},"content":{"rendered":"\n<p><em><span class=\"has-inline-color has-black-color\">Meta \u00e9 reverter queda de \u00edndices de vacina\u00e7\u00e3o de diversas doen\u00e7as<\/span><\/em><\/p>\n\n\n\n<div class=\"wp-block-image\"><figure class=\"aligncenter size-large is-resized\"><img loading=\"lazy\" decoding=\"async\" src=\"https:\/\/jornalfatosenoticias.com.br\/wp-content\/uploads\/2022\/02\/Arte-Autoescola-Galatas_endereco_portal-1024x103.png\" alt=\"\" class=\"wp-image-27869\" width=\"510\" height=\"51\" srcset=\"https:\/\/jornalfatosenoticias.com.br\/wp-content\/uploads\/2022\/02\/Arte-Autoescola-Galatas_endereco_portal-1024x103.png 1024w, https:\/\/jornalfatosenoticias.com.br\/wp-content\/uploads\/2022\/02\/Arte-Autoescola-Galatas_endereco_portal-300x30.png 300w, https:\/\/jornalfatosenoticias.com.br\/wp-content\/uploads\/2022\/02\/Arte-Autoescola-Galatas_endereco_portal-768x77.png 768w, https:\/\/jornalfatosenoticias.com.br\/wp-content\/uploads\/2022\/02\/Arte-Autoescola-Galatas_endereco_portal.png 1223w\" sizes=\"auto, (max-width: 510px) 100vw, 510px\" \/><\/figure><\/div>\n\n\n\n<figure class=\"wp-block-audio\"><audio controls src=\"https:\/\/jornalfatosenoticias.com.br\/wp-content\/uploads\/2022\/06\/95778.mp3\"><\/audio><\/figure>\n\n\n\n<p>Todas vacinas oferecidas pelo Sistema \u00danico de Sa\u00fade (SUS) s\u00e3o testadas, aprovadas e seguras; e not\u00edcias falsas devem ser desmentidas porque levam muitas pessoas \u00e0 morte. Tendo por base esses princ\u00edpios, foi lan\u00e7ada hoje (29), em Bras\u00edlia, a campanha de incentivo \u00e0 vacina\u00e7\u00e3o \u201cVacina Mais\u201d, promovida pela Organiza\u00e7\u00e3o Pan-Americana da Sa\u00fade\/Organiza\u00e7\u00e3o Mundial da Sa\u00fade (Opas e OMS), em parceria com conselhos de sa\u00fade de \u00e2mbito nacional, estadual e municipal.<\/p>\n\n\n\n<blockquote class=\"wp-block-quote is-layout-flow wp-block-quote-is-layout-flow\"><p><span class=\"has-inline-color has-luminous-vivid-orange-color\">\u201cEstamos trabalhando para desfazer falsas not\u00edcias que levam \u00e0 morte\u201d, disse o presidente do Conselho Nacional de Sa\u00fade (CNS), Fernando Pigatto, durante a cerim\u00f4nia de lan\u00e7amento da nova campanha, que conta, tamb\u00e9m, com as parcerias do Conselho Nacional de Secret\u00e1rios de Sa\u00fade (Conass) e Conselho de Secretarias Municipais de Sa\u00fade (Conasems).<\/span><\/p><\/blockquote>\n\n\n\n<div class=\"wp-block-image\"><figure class=\"alignleft size-large is-resized\"><img loading=\"lazy\" decoding=\"async\" src=\"https:\/\/jornalfatosenoticias.com.br\/wp-content\/uploads\/2020\/02\/nova-logo-Marquetti.jpg\" alt=\"\" class=\"wp-image-22331\" width=\"263\" height=\"176\" srcset=\"https:\/\/jornalfatosenoticias.com.br\/wp-content\/uploads\/2020\/02\/nova-logo-Marquetti.jpg 643w, https:\/\/jornalfatosenoticias.com.br\/wp-content\/uploads\/2020\/02\/nova-logo-Marquetti-300x202.jpg 300w\" sizes=\"auto, (max-width: 263px) 100vw, 263px\" \/><\/figure><\/div>\n\n\n\n<p>Segundo o CNS, o Brasil \u00e9 um dos \u201cpoucos pa\u00edses que oferecem um extenso rol de vacinas gratuitas \u00e0 sua popula\u00e7\u00e3o\u201d, com um Programa Nacional de Imuniza\u00e7\u00f5es (PNI) que disponibiliza anualmente cerca de 300 milh\u00f5es de vacinas contra mais de 30 doen\u00e7as em aproximadamente 38 mil salas de vacina\u00e7\u00e3o espalhadas pelo territ\u00f3rio nacional.<br>O Conselho Nacional de Sa\u00fade reafirmou que a vacina\u00e7\u00e3o \u201c\u00e9 uma das interven\u00e7\u00f5es de sa\u00fade p\u00fablica mais eficazes, custo-efetivas e que salvam vidas\u201d. O objetivo da campanha \u00e9 o de \u201cunir esfor\u00e7os para conscientizar a popula\u00e7\u00e3o do Brasil sobre a import\u00e2ncia de aumentar a cobertura vacinal\u201d.<\/p>\n\n\n\n<div class=\"wp-block-image\"><figure class=\"aligncenter size-large is-resized\"><img loading=\"lazy\" decoding=\"async\" src=\"https:\/\/jornalfatosenoticias.com.br\/wp-content\/uploads\/2020\/02\/Logo-Mizu-segunda-2-1024x99.png\" alt=\"\" class=\"wp-image-2353\" width=\"528\" height=\"51\" srcset=\"https:\/\/jornalfatosenoticias.com.br\/wp-content\/uploads\/2020\/02\/Logo-Mizu-segunda-2-1024x99.png 1024w, https:\/\/jornalfatosenoticias.com.br\/wp-content\/uploads\/2020\/02\/Logo-Mizu-segunda-2-300x29.png 300w, https:\/\/jornalfatosenoticias.com.br\/wp-content\/uploads\/2020\/02\/Logo-Mizu-segunda-2-768x74.png 768w, https:\/\/jornalfatosenoticias.com.br\/wp-content\/uploads\/2020\/02\/Logo-Mizu-segunda-2.png 1240w\" sizes=\"auto, (max-width: 528px) 100vw, 528px\" \/><\/figure><\/div>\n\n\n\n<p><strong><span class=\"has-inline-color has-vivid-red-color\">Direito e responsabilidade<br><\/span><\/strong>Segundo a representante da Opas no Brasil, Socorro Gross, a campanha chama aten\u00e7\u00e3o para a necessidade de que as pessoas se vacinem \u201cmais do que est\u00e3o fazendo hoje\u201d.<\/p>\n\n\n\n<div class=\"wp-block-image\"><figure class=\"aligncenter size-large is-resized\"><img loading=\"lazy\" decoding=\"async\" src=\"https:\/\/jornalfatosenoticias.com.br\/wp-content\/uploads\/2022\/03\/logo-Suinco-1024x390.jpg\" alt=\"\" class=\"wp-image-28785\" width=\"336\" height=\"127\"\/><\/figure><\/div>\n\n\n\n<blockquote class=\"wp-block-quote is-layout-flow wp-block-quote-is-layout-flow\"><p><span class=\"has-inline-color has-luminous-vivid-orange-color\">\u201cEla mostra tamb\u00e9m que esse \u201cMais\u201d \u2014 usado na campanha \u2014 simboliza a soma de esfor\u00e7os que precisamos para alcan\u00e7ar o aumento da cobertura de vacina\u00e7\u00e3o para termos pessoas mais saud\u00e1veis\u201d, enfatizou. Acrescentou que \u201ca campanha destaca, tamb\u00e9m, que as vacinas est\u00e3o dispon\u00edveis gratuitamente pelo grandioso SUS em todos estados e munic\u00edpios brasileiros para que as pessoas fa\u00e7am uso desse direito, o que envolve tamb\u00e9m responsabilidades\u201d.<\/span><\/p><\/blockquote>\n\n\n\n<div class=\"wp-block-image\"><figure class=\"alignright size-large is-resized\"><img loading=\"lazy\" decoding=\"async\" src=\"https:\/\/jornalfatosenoticias.com.br\/wp-content\/uploads\/2022\/02\/Serra-Pack-459.png\" alt=\"\" class=\"wp-image-27471\" width=\"313\" height=\"125\"\/><\/figure><\/div>\n\n\n\n<p>Segundo Gross, as vacinas s\u00e3o \u201cuma das medidas de sa\u00fade p\u00fablica mais efetivas\u201d, sendo, portanto, necess\u00e1rio que continuem sendo \u201cum bem p\u00fablico mundial que n\u00e3o pode ser retirado da popula\u00e7\u00e3o porque mant\u00e9m todos saud\u00e1veis, ajudando-nos a eliminar doen\u00e7as\u201d. \u201cAs vacinas salvam vidas, s\u00e3o seguras e previnem enfermidades, al\u00e9m de proteger comunidades mais vulner\u00e1veis\u201d, complementou.<\/p>\n\n\n\n<p><strong><span class=\"has-inline-color has-vivid-red-color\">Queda de cobertura<br><\/span><\/strong>O CNS lembra que, gra\u00e7as \u00e0s vacinas, a var\u00edola foi erradicada do mundo em 1980. \u201cE a regi\u00e3o das Am\u00e9ricas foi a primeira do planeta a eliminar doen\u00e7as como poliomielite (em 1994), rub\u00e9ola e s\u00edndrome da rub\u00e9ola cong\u00eanita (em 2015) e t\u00e9tano neonatal (em 2017)\u201d, destacou.<\/p>\n\n\n\n<div class=\"wp-block-image\"><figure class=\"alignleft size-large is-resized\"><img loading=\"lazy\" decoding=\"async\" src=\"https:\/\/jornalfatosenoticias.com.br\/wp-content\/uploads\/2022\/02\/Precisao-Contabilidade-1024x724.jpg\" alt=\"\" class=\"wp-image-28088\" width=\"278\" height=\"196\"\/><\/figure><\/div>\n\n\n\n<p>No entanto, segundo Fernando Pigatto, a alta taxa de cobertura vacinal vem caindo nos \u00faltimos anos, deixando milh\u00f5es de pessoas em risco. De acordo com o Minist\u00e9rio da Sa\u00fade, entre 2015 e 2021 o n\u00famero de crian\u00e7as vacinadas com a primeira dose contra a poliomielite caiu de 3.121.912 para 2.089.643. J\u00e1 para a terceira dose, no mesmo per\u00edodo, os n\u00fameros reduziram de 2.845.609 para 1.929.056. Com isso, a cobertura vacinal contra esta doen\u00e7a recuou, no per\u00edodo, de 98% para 67%.<br>Para o CNS, a imuniza\u00e7\u00e3o insuficiente resultou tamb\u00e9m no retorno do sarampo ao Brasil. <\/p>\n\n\n\n<div class=\"wp-block-image\"><figure class=\"aligncenter size-large is-resized\"><img loading=\"lazy\" decoding=\"async\" src=\"https:\/\/jornalfatosenoticias.com.br\/wp-content\/uploads\/2022\/05\/NOVA-LOGO-CESCONETTO-1024x100.jpg\" alt=\"\" class=\"wp-image-30792\" width=\"529\" height=\"51\" srcset=\"https:\/\/jornalfatosenoticias.com.br\/wp-content\/uploads\/2022\/05\/NOVA-LOGO-CESCONETTO-1024x100.jpg 1024w, https:\/\/jornalfatosenoticias.com.br\/wp-content\/uploads\/2022\/05\/NOVA-LOGO-CESCONETTO-300x29.jpg 300w, https:\/\/jornalfatosenoticias.com.br\/wp-content\/uploads\/2022\/05\/NOVA-LOGO-CESCONETTO-768x75.jpg 768w, https:\/\/jornalfatosenoticias.com.br\/wp-content\/uploads\/2022\/05\/NOVA-LOGO-CESCONETTO.jpg 1280w\" sizes=\"auto, (max-width: 529px) 100vw, 529px\" \/><\/figure><\/div>\n\n\n\n<blockquote class=\"wp-block-quote is-layout-flow wp-block-quote-is-layout-flow\"><p><span class=\"has-inline-color has-luminous-vivid-orange-color\">\u201cO Pa\u00eds havia ficado livre da transmiss\u00e3o aut\u00f3ctone [que ocorre dentro do territ\u00f3rio nacional] do v\u00edrus causador dessa doen\u00e7a em 2016. Por\u00e9m, a combina\u00e7\u00e3o de casos importados de sarampo e a baixa cobertura vacinal levaram o Brasil a ter um surto, que, desde 2018, tirou a vida de 40 pessoas, principalmente crian\u00e7as\u201d, frisou o CNS.<\/span><\/p><\/blockquote>\n\n\n\n<div class=\"wp-block-image\"><figure class=\"aligncenter size-large is-resized\"><img loading=\"lazy\" decoding=\"async\" src=\"https:\/\/jornalfatosenoticias.com.br\/wp-content\/uploads\/2020\/02\/Serra-Grande-1024x160.png\" alt=\"\" class=\"wp-image-7836\" width=\"411\" height=\"64\"\/><\/figure><\/div>\n\n\n\n<p><strong><span class=\"has-inline-color has-vivid-red-color\">\u201cVacina Mais\u201d<br><\/span><\/strong>Por meio da campanha \u201cVacina Mais\u201d, o conselho pretende motivar a popula\u00e7\u00e3o a ampliar o uso desse tipo de imunizante, levando a diferentes p\u00fablicos informa\u00e7\u00f5es relevantes sobre a seguran\u00e7a, import\u00e2ncia e efetividade de todas as vacinas disponibilizadas pelo Sistema \u00danico de Sa\u00fade (SUS) no Calend\u00e1rio Nacional de Vacina\u00e7\u00e3o.<br>Em seu pronunciamento, o ministro da Sa\u00fade substituto, Daniel Pereira, destacou que, gra\u00e7as ao esfor\u00e7o conjunto envolvendo as autoridades de sa\u00fade nos \u00e2mbitos federal, estadual e municipal \u00e9 que foi poss\u00edvel distribuir mais de 500 milh\u00f5es de doses de vacinas para o combate \u00e0 pandemia.<\/p>\n\n\n\n<div class=\"wp-block-image\"><figure class=\"aligncenter size-large\"><img decoding=\"async\" src=\"https:\/\/jornalfatosenoticias.com.br\/wp-content\/uploads\/2020\/02\/logo_esteio.jpg\" alt=\"\" class=\"wp-image-1214\"\/><\/figure><\/div>\n\n\n\n<blockquote class=\"wp-block-quote is-layout-flow wp-block-quote-is-layout-flow\"><p><span class=\"has-inline-color has-luminous-vivid-orange-color\">\u201cCada brasileiro que quis se vacinar teve uma vacina \u00e0 sua disposi\u00e7\u00e3o onde quer que fosse. A vacina foi o que nos permitiu chegar, hoje, a um cen\u00e1rio muito mais tranquilo do que no passado, quando faltavam leitos nos hospitais do Pa\u00eds\u201d, disse Pereira. \u201cMas isso n\u00e3o quer dizer que estejamos em um ambiente de normalidade. A pandemia est\u00e1 a\u00ed e temos de ficar atentos\u201d, finalizou.<\/span><\/p><\/blockquote>\n\n\n\n<p><strong><em>Fonte: <a href=\"https:\/\/agenciabrasil.ebc.com.br\/saude\/noticia\/2022-06\/brasil-lanca-nova-campanha-de-incentivo-vacinacao\">Ag\u00eancia Brasil<\/a><\/em><\/strong><\/p>\n","protected":false},"excerpt":{"rendered":"<p>Meta \u00e9 reverter queda de \u00edndices de vacina\u00e7\u00e3o de diversas doen\u00e7as Todas vacinas oferecidas pelo Sistema \u00danico de Sa\u00fade (SUS) s\u00e3o testadas, aprovadas e seguras; e not\u00edcias falsas devem ser desmentidas porque levam muitas pessoas \u00e0 morte. Tendo por base esses princ\u00edpios, foi lan\u00e7ada hoje (29), em Bras\u00edlia, a campanha de incentivo \u00e0 vacina\u00e7\u00e3o \u201cVacina [&hellip;]<\/p>\n","protected":false},"author":2,"featured_media":31818,"comment_status":"open","ping_status":"open","sticky":false,"template":"","format":"standard","meta":{"footnotes":""},"categories":[11],"tags":[829,15051,447,1022],"class_list":["post-31816","post","type-post","status-publish","format-standard","has-post-thumbnail","hentry","category-saude","tag-campanha","tag-campanha-vacinacao","tag-ministerio-da-saude","tag-vacinas"],"yoast_head":"<!-- This site is optimized with the Yoast SEO plugin v26.5 - https:\/\/yoast.com\/wordpress\/plugins\/seo\/ -->\n<title>Brasil lan\u00e7a nova campanha de incentivo \u00e0 vacina\u00e7\u00e3o - Jornal Fatos e Not\u00edcias<\/title>\n<meta name=\"robots\" content=\"index, follow, max-snippet:-1, max-image-preview:large, max-video-preview:-1\" \/>\n<link rel=\"canonical\" href=\"https:\/\/jornalfatosenoticias.com.br\/index.php\/2022\/06\/29\/brasil-lanca-nova-campanha-de-incentivo-a-vacinacao\/\" \/>\n<meta property=\"og:locale\" content=\"pt_BR\" \/>\n<meta property=\"og:type\" content=\"article\" \/>\n<meta property=\"og:title\" content=\"Brasil lan\u00e7a nova campanha de incentivo \u00e0 vacina\u00e7\u00e3o - Jornal Fatos e Not\u00edcias\" \/>\n<meta property=\"og:description\" content=\"Meta \u00e9 reverter queda de \u00edndices de vacina\u00e7\u00e3o de diversas doen\u00e7as Todas vacinas oferecidas pelo Sistema \u00danico de Sa\u00fade (SUS) s\u00e3o testadas, aprovadas e seguras; e not\u00edcias falsas devem ser desmentidas porque levam muitas pessoas \u00e0 morte. Tendo por base esses princ\u00edpios, foi lan\u00e7ada hoje (29), em Bras\u00edlia, a campanha de incentivo \u00e0 vacina\u00e7\u00e3o \u201cVacina [&hellip;]\" \/>\n<meta property=\"og:url\" content=\"https:\/\/jornalfatosenoticias.com.br\/index.php\/2022\/06\/29\/brasil-lanca-nova-campanha-de-incentivo-a-vacinacao\/\" \/>\n<meta property=\"og:site_name\" content=\"Jornal Fatos e Not\u00edcias\" \/>\n<meta property=\"article:published_time\" content=\"2022-06-29T17:17:26+00:00\" \/>\n<meta property=\"article:modified_time\" content=\"2022-06-29T17:17:28+00:00\" \/>\n<meta property=\"og:image\" content=\"https:\/\/jornalfatosenoticias.com.br\/wp-content\/uploads\/2022\/06\/campanhas-de-vacinacao.jpg\" \/>\n\t<meta property=\"og:image:width\" content=\"1000\" \/>\n\t<meta property=\"og:image:height\" content=\"598\" \/>\n\t<meta property=\"og:image:type\" content=\"image\/jpeg\" \/>\n<meta name=\"author\" content=\"Luzimara Fernandes\" \/>\n<meta name=\"twitter:card\" content=\"summary_large_image\" \/>\n<meta name=\"twitter:label1\" content=\"Escrito por\" \/>\n\t<meta name=\"twitter:data1\" content=\"Luzimara Fernandes\" \/>\n\t<meta name=\"twitter:label2\" content=\"Est. tempo de leitura\" \/>\n\t<meta name=\"twitter:data2\" content=\"4 minutos\" \/>\n<script type=\"application\/ld+json\" class=\"yoast-schema-graph\">{\"@context\":\"https:\/\/schema.org\",\"@graph\":[{\"@type\":\"Article\",\"@id\":\"https:\/\/jornalfatosenoticias.com.br\/index.php\/2022\/06\/29\/brasil-lanca-nova-campanha-de-incentivo-a-vacinacao\/#article\",\"isPartOf\":{\"@id\":\"https:\/\/jornalfatosenoticias.com.br\/index.php\/2022\/06\/29\/brasil-lanca-nova-campanha-de-incentivo-a-vacinacao\/\"},\"author\":{\"name\":\"Luzimara Fernandes\",\"@id\":\"https:\/\/jornalfatosenoticias.com.br\/#\/schema\/person\/d63837fa13ac8666eb9e74e0985d6f81\"},\"headline\":\"Brasil lan\u00e7a nova campanha de incentivo \u00e0 vacina\u00e7\u00e3o\",\"datePublished\":\"2022-06-29T17:17:26+00:00\",\"dateModified\":\"2022-06-29T17:17:28+00:00\",\"mainEntityOfPage\":{\"@id\":\"https:\/\/jornalfatosenoticias.com.br\/index.php\/2022\/06\/29\/brasil-lanca-nova-campanha-de-incentivo-a-vacinacao\/\"},\"wordCount\":832,\"commentCount\":0,\"publisher\":{\"@id\":\"https:\/\/jornalfatosenoticias.com.br\/#organization\"},\"image\":{\"@id\":\"https:\/\/jornalfatosenoticias.com.br\/index.php\/2022\/06\/29\/brasil-lanca-nova-campanha-de-incentivo-a-vacinacao\/#primaryimage\"},\"thumbnailUrl\":\"https:\/\/jornalfatosenoticias.com.br\/wp-content\/uploads\/2022\/06\/campanhas-de-vacinacao.jpg\",\"keywords\":[\"campanha\",\"campanha vacina\u00e7\u00e3o\",\"Minist\u00e9rio da Sa\u00fade\",\"vacinas\"],\"articleSection\":[\"Sa\u00fade\"],\"inLanguage\":\"pt-BR\",\"potentialAction\":[{\"@type\":\"CommentAction\",\"name\":\"Comment\",\"target\":[\"https:\/\/jornalfatosenoticias.com.br\/index.php\/2022\/06\/29\/brasil-lanca-nova-campanha-de-incentivo-a-vacinacao\/#respond\"]}]},{\"@type\":\"WebPage\",\"@id\":\"https:\/\/jornalfatosenoticias.com.br\/index.php\/2022\/06\/29\/brasil-lanca-nova-campanha-de-incentivo-a-vacinacao\/\",\"url\":\"https:\/\/jornalfatosenoticias.com.br\/index.php\/2022\/06\/29\/brasil-lanca-nova-campanha-de-incentivo-a-vacinacao\/\",\"name\":\"Brasil lan\u00e7a nova campanha de incentivo \u00e0 vacina\u00e7\u00e3o - Jornal Fatos e Not\u00edcias\",\"isPartOf\":{\"@id\":\"https:\/\/jornalfatosenoticias.com.br\/#website\"},\"primaryImageOfPage\":{\"@id\":\"https:\/\/jornalfatosenoticias.com.br\/index.php\/2022\/06\/29\/brasil-lanca-nova-campanha-de-incentivo-a-vacinacao\/#primaryimage\"},\"image\":{\"@id\":\"https:\/\/jornalfatosenoticias.com.br\/index.php\/2022\/06\/29\/brasil-lanca-nova-campanha-de-incentivo-a-vacinacao\/#primaryimage\"},\"thumbnailUrl\":\"https:\/\/jornalfatosenoticias.com.br\/wp-content\/uploads\/2022\/06\/campanhas-de-vacinacao.jpg\",\"datePublished\":\"2022-06-29T17:17:26+00:00\",\"dateModified\":\"2022-06-29T17:17:28+00:00\",\"breadcrumb\":{\"@id\":\"https:\/\/jornalfatosenoticias.com.br\/index.php\/2022\/06\/29\/brasil-lanca-nova-campanha-de-incentivo-a-vacinacao\/#breadcrumb\"},\"inLanguage\":\"pt-BR\",\"potentialAction\":[{\"@type\":\"ReadAction\",\"target\":[\"https:\/\/jornalfatosenoticias.com.br\/index.php\/2022\/06\/29\/brasil-lanca-nova-campanha-de-incentivo-a-vacinacao\/\"]}]},{\"@type\":\"ImageObject\",\"inLanguage\":\"pt-BR\",\"@id\":\"https:\/\/jornalfatosenoticias.com.br\/index.php\/2022\/06\/29\/brasil-lanca-nova-campanha-de-incentivo-a-vacinacao\/#primaryimage\",\"url\":\"https:\/\/jornalfatosenoticias.com.br\/wp-content\/uploads\/2022\/06\/campanhas-de-vacinacao.jpg\",\"contentUrl\":\"https:\/\/jornalfatosenoticias.com.br\/wp-content\/uploads\/2022\/06\/campanhas-de-vacinacao.jpg\",\"width\":1000,\"height\":598},{\"@type\":\"BreadcrumbList\",\"@id\":\"https:\/\/jornalfatosenoticias.com.br\/index.php\/2022\/06\/29\/brasil-lanca-nova-campanha-de-incentivo-a-vacinacao\/#breadcrumb\",\"itemListElement\":[{\"@type\":\"ListItem\",\"position\":1,\"name\":\"In\u00edcio\",\"item\":\"https:\/\/jornalfatosenoticias.com.br\/\"},{\"@type\":\"ListItem\",\"position\":2,\"name\":\"Brasil lan\u00e7a nova campanha de incentivo \u00e0 vacina\u00e7\u00e3o\"}]},{\"@type\":\"WebSite\",\"@id\":\"https:\/\/jornalfatosenoticias.com.br\/#website\",\"url\":\"https:\/\/jornalfatosenoticias.com.br\/\",\"name\":\"Jornal Fatos e Not\u00edcias\",\"description\":\"Not\u00edcias em geral\",\"publisher\":{\"@id\":\"https:\/\/jornalfatosenoticias.com.br\/#organization\"},\"potentialAction\":[{\"@type\":\"SearchAction\",\"target\":{\"@type\":\"EntryPoint\",\"urlTemplate\":\"https:\/\/jornalfatosenoticias.com.br\/?s={search_term_string}\"},\"query-input\":{\"@type\":\"PropertyValueSpecification\",\"valueRequired\":true,\"valueName\":\"search_term_string\"}}],\"inLanguage\":\"pt-BR\"},{\"@type\":\"Organization\",\"@id\":\"https:\/\/jornalfatosenoticias.com.br\/#organization\",\"name\":\"Jornal Fatos e Not\u00edcias\",\"url\":\"https:\/\/jornalfatosenoticias.com.br\/\",\"logo\":{\"@type\":\"ImageObject\",\"inLanguage\":\"pt-BR\",\"@id\":\"https:\/\/jornalfatosenoticias.com.br\/#\/schema\/logo\/image\/\",\"url\":\"https:\/\/jornalfatosenoticias.com.br\/wp-content\/uploads\/2020\/02\/logo120.png\",\"contentUrl\":\"https:\/\/jornalfatosenoticias.com.br\/wp-content\/uploads\/2020\/02\/logo120.png\",\"width\":1227,\"height\":120,\"caption\":\"Jornal Fatos e Not\u00edcias\"},\"image\":{\"@id\":\"https:\/\/jornalfatosenoticias.com.br\/#\/schema\/logo\/image\/\"}},{\"@type\":\"Person\",\"@id\":\"https:\/\/jornalfatosenoticias.com.br\/#\/schema\/person\/d63837fa13ac8666eb9e74e0985d6f81\",\"name\":\"Luzimara Fernandes\",\"image\":{\"@type\":\"ImageObject\",\"inLanguage\":\"pt-BR\",\"@id\":\"https:\/\/jornalfatosenoticias.com.br\/#\/schema\/person\/image\/\",\"url\":\"https:\/\/jornalfatosenoticias.com.br\/wp-content\/uploads\/2025\/05\/EU_portal.jpg\",\"contentUrl\":\"https:\/\/jornalfatosenoticias.com.br\/wp-content\/uploads\/2025\/05\/EU_portal.jpg\",\"caption\":\"Luzimara Fernandes\"},\"description\":\"Jornalista MTB 2358-ES\",\"sameAs\":[\"https:\/\/jornalfatosenoticias.com.br\"],\"url\":\"https:\/\/jornalfatosenoticias.com.br\/index.php\/author\/luzimara\/\"}]}<\/script>\n<!-- \/ Yoast SEO plugin. -->","yoast_head_json":{"title":"Brasil lan\u00e7a nova campanha de incentivo \u00e0 vacina\u00e7\u00e3o - Jornal Fatos e Not\u00edcias","robots":{"index":"index","follow":"follow","max-snippet":"max-snippet:-1","max-image-preview":"max-image-preview:large","max-video-preview":"max-video-preview:-1"},"canonical":"https:\/\/jornalfatosenoticias.com.br\/index.php\/2022\/06\/29\/brasil-lanca-nova-campanha-de-incentivo-a-vacinacao\/","og_locale":"pt_BR","og_type":"article","og_title":"Brasil lan\u00e7a nova campanha de incentivo \u00e0 vacina\u00e7\u00e3o - Jornal Fatos e Not\u00edcias","og_description":"Meta \u00e9 reverter queda de \u00edndices de vacina\u00e7\u00e3o de diversas doen\u00e7as Todas vacinas oferecidas pelo Sistema \u00danico de Sa\u00fade (SUS) s\u00e3o testadas, aprovadas e seguras; e not\u00edcias falsas devem ser desmentidas porque levam muitas pessoas \u00e0 morte. Tendo por base esses princ\u00edpios, foi lan\u00e7ada hoje (29), em Bras\u00edlia, a campanha de incentivo \u00e0 vacina\u00e7\u00e3o \u201cVacina [&hellip;]","og_url":"https:\/\/jornalfatosenoticias.com.br\/index.php\/2022\/06\/29\/brasil-lanca-nova-campanha-de-incentivo-a-vacinacao\/","og_site_name":"Jornal Fatos e Not\u00edcias","article_published_time":"2022-06-29T17:17:26+00:00","article_modified_time":"2022-06-29T17:17:28+00:00","og_image":[{"width":1000,"height":598,"url":"https:\/\/jornalfatosenoticias.com.br\/wp-content\/uploads\/2022\/06\/campanhas-de-vacinacao.jpg","type":"image\/jpeg"}],"author":"Luzimara Fernandes","twitter_card":"summary_large_image","twitter_misc":{"Escrito por":"Luzimara Fernandes","Est. tempo de leitura":"4 minutos"},"schema":{"@context":"https:\/\/schema.org","@graph":[{"@type":"Article","@id":"https:\/\/jornalfatosenoticias.com.br\/index.php\/2022\/06\/29\/brasil-lanca-nova-campanha-de-incentivo-a-vacinacao\/#article","isPartOf":{"@id":"https:\/\/jornalfatosenoticias.com.br\/index.php\/2022\/06\/29\/brasil-lanca-nova-campanha-de-incentivo-a-vacinacao\/"},"author":{"name":"Luzimara Fernandes","@id":"https:\/\/jornalfatosenoticias.com.br\/#\/schema\/person\/d63837fa13ac8666eb9e74e0985d6f81"},"headline":"Brasil lan\u00e7a nova campanha de incentivo \u00e0 vacina\u00e7\u00e3o","datePublished":"2022-06-29T17:17:26+00:00","dateModified":"2022-06-29T17:17:28+00:00","mainEntityOfPage":{"@id":"https:\/\/jornalfatosenoticias.com.br\/index.php\/2022\/06\/29\/brasil-lanca-nova-campanha-de-incentivo-a-vacinacao\/"},"wordCount":832,"commentCount":0,"publisher":{"@id":"https:\/\/jornalfatosenoticias.com.br\/#organization"},"image":{"@id":"https:\/\/jornalfatosenoticias.com.br\/index.php\/2022\/06\/29\/brasil-lanca-nova-campanha-de-incentivo-a-vacinacao\/#primaryimage"},"thumbnailUrl":"https:\/\/jornalfatosenoticias.com.br\/wp-content\/uploads\/2022\/06\/campanhas-de-vacinacao.jpg","keywords":["campanha","campanha vacina\u00e7\u00e3o","Minist\u00e9rio da Sa\u00fade","vacinas"],"articleSection":["Sa\u00fade"],"inLanguage":"pt-BR","potentialAction":[{"@type":"CommentAction","name":"Comment","target":["https:\/\/jornalfatosenoticias.com.br\/index.php\/2022\/06\/29\/brasil-lanca-nova-campanha-de-incentivo-a-vacinacao\/#respond"]}]},{"@type":"WebPage","@id":"https:\/\/jornalfatosenoticias.com.br\/index.php\/2022\/06\/29\/brasil-lanca-nova-campanha-de-incentivo-a-vacinacao\/","url":"https:\/\/jornalfatosenoticias.com.br\/index.php\/2022\/06\/29\/brasil-lanca-nova-campanha-de-incentivo-a-vacinacao\/","name":"Brasil lan\u00e7a nova campanha de incentivo \u00e0 vacina\u00e7\u00e3o - Jornal Fatos e Not\u00edcias","isPartOf":{"@id":"https:\/\/jornalfatosenoticias.com.br\/#website"},"primaryImageOfPage":{"@id":"https:\/\/jornalfatosenoticias.com.br\/index.php\/2022\/06\/29\/brasil-lanca-nova-campanha-de-incentivo-a-vacinacao\/#primaryimage"},"image":{"@id":"https:\/\/jornalfatosenoticias.com.br\/index.php\/2022\/06\/29\/brasil-lanca-nova-campanha-de-incentivo-a-vacinacao\/#primaryimage"},"thumbnailUrl":"https:\/\/jornalfatosenoticias.com.br\/wp-content\/uploads\/2022\/06\/campanhas-de-vacinacao.jpg","datePublished":"2022-06-29T17:17:26+00:00","dateModified":"2022-06-29T17:17:28+00:00","breadcrumb":{"@id":"https:\/\/jornalfatosenoticias.com.br\/index.php\/2022\/06\/29\/brasil-lanca-nova-campanha-de-incentivo-a-vacinacao\/#breadcrumb"},"inLanguage":"pt-BR","potentialAction":[{"@type":"ReadAction","target":["https:\/\/jornalfatosenoticias.com.br\/index.php\/2022\/06\/29\/brasil-lanca-nova-campanha-de-incentivo-a-vacinacao\/"]}]},{"@type":"ImageObject","inLanguage":"pt-BR","@id":"https:\/\/jornalfatosenoticias.com.br\/index.php\/2022\/06\/29\/brasil-lanca-nova-campanha-de-incentivo-a-vacinacao\/#primaryimage","url":"https:\/\/jornalfatosenoticias.com.br\/wp-content\/uploads\/2022\/06\/campanhas-de-vacinacao.jpg","contentUrl":"https:\/\/jornalfatosenoticias.com.br\/wp-content\/uploads\/2022\/06\/campanhas-de-vacinacao.jpg","width":1000,"height":598},{"@type":"BreadcrumbList","@id":"https:\/\/jornalfatosenoticias.com.br\/index.php\/2022\/06\/29\/brasil-lanca-nova-campanha-de-incentivo-a-vacinacao\/#breadcrumb","itemListElement":[{"@type":"ListItem","position":1,"name":"In\u00edcio","item":"https:\/\/jornalfatosenoticias.com.br\/"},{"@type":"ListItem","position":2,"name":"Brasil lan\u00e7a nova campanha de incentivo \u00e0 vacina\u00e7\u00e3o"}]},{"@type":"WebSite","@id":"https:\/\/jornalfatosenoticias.com.br\/#website","url":"https:\/\/jornalfatosenoticias.com.br\/","name":"Jornal Fatos e Not\u00edcias","description":"Not\u00edcias em geral","publisher":{"@id":"https:\/\/jornalfatosenoticias.com.br\/#organization"},"potentialAction":[{"@type":"SearchAction","target":{"@type":"EntryPoint","urlTemplate":"https:\/\/jornalfatosenoticias.com.br\/?s={search_term_string}"},"query-input":{"@type":"PropertyValueSpecification","valueRequired":true,"valueName":"search_term_string"}}],"inLanguage":"pt-BR"},{"@type":"Organization","@id":"https:\/\/jornalfatosenoticias.com.br\/#organization","name":"Jornal Fatos e Not\u00edcias","url":"https:\/\/jornalfatosenoticias.com.br\/","logo":{"@type":"ImageObject","inLanguage":"pt-BR","@id":"https:\/\/jornalfatosenoticias.com.br\/#\/schema\/logo\/image\/","url":"https:\/\/jornalfatosenoticias.com.br\/wp-content\/uploads\/2020\/02\/logo120.png","contentUrl":"https:\/\/jornalfatosenoticias.com.br\/wp-content\/uploads\/2020\/02\/logo120.png","width":1227,"height":120,"caption":"Jornal Fatos e Not\u00edcias"},"image":{"@id":"https:\/\/jornalfatosenoticias.com.br\/#\/schema\/logo\/image\/"}},{"@type":"Person","@id":"https:\/\/jornalfatosenoticias.com.br\/#\/schema\/person\/d63837fa13ac8666eb9e74e0985d6f81","name":"Luzimara Fernandes","image":{"@type":"ImageObject","inLanguage":"pt-BR","@id":"https:\/\/jornalfatosenoticias.com.br\/#\/schema\/person\/image\/","url":"https:\/\/jornalfatosenoticias.com.br\/wp-content\/uploads\/2025\/05\/EU_portal.jpg","contentUrl":"https:\/\/jornalfatosenoticias.com.br\/wp-content\/uploads\/2025\/05\/EU_portal.jpg","caption":"Luzimara Fernandes"},"description":"Jornalista MTB 2358-ES","sameAs":["https:\/\/jornalfatosenoticias.com.br"],"url":"https:\/\/jornalfatosenoticias.com.br\/index.php\/author\/luzimara\/"}]}},"cc_featured_image_caption":{"caption_text":"(Foto: Tomaz Silva\/Ag\u00eancia Brasil)","source_text":"","source_url":""},"jetpack_featured_media_url":"https:\/\/jornalfatosenoticias.com.br\/wp-content\/uploads\/2022\/06\/campanhas-de-vacinacao.jpg","_links":{"self":[{"href":"https:\/\/jornalfatosenoticias.com.br\/index.php\/wp-json\/wp\/v2\/posts\/31816","targetHints":{"allow":["GET"]}}],"collection":[{"href":"https:\/\/jornalfatosenoticias.com.br\/index.php\/wp-json\/wp\/v2\/posts"}],"about":[{"href":"https:\/\/jornalfatosenoticias.com.br\/index.php\/wp-json\/wp\/v2\/types\/post"}],"author":[{"embeddable":true,"href":"https:\/\/jornalfatosenoticias.com.br\/index.php\/wp-json\/wp\/v2\/users\/2"}],"replies":[{"embeddable":true,"href":"https:\/\/jornalfatosenoticias.com.br\/index.php\/wp-json\/wp\/v2\/comments?post=31816"}],"version-history":[{"count":0,"href":"https:\/\/jornalfatosenoticias.com.br\/index.php\/wp-json\/wp\/v2\/posts\/31816\/revisions"}],"wp:featuredmedia":[{"embeddable":true,"href":"https:\/\/jornalfatosenoticias.com.br\/index.php\/wp-json\/wp\/v2\/media\/31818"}],"wp:attachment":[{"href":"https:\/\/jornalfatosenoticias.com.br\/index.php\/wp-json\/wp\/v2\/media?parent=31816"}],"wp:term":[{"taxonomy":"category","embeddable":true,"href":"https:\/\/jornalfatosenoticias.com.br\/index.php\/wp-json\/wp\/v2\/categories?post=31816"},{"taxonomy":"post_tag","embeddable":true,"href":"https:\/\/jornalfatosenoticias.com.br\/index.php\/wp-json\/wp\/v2\/tags?post=31816"}],"curies":[{"name":"wp","href":"https:\/\/api.w.org\/{rel}","templated":true}]}}