{"id":31820,"date":"2022-06-29T14:31:55","date_gmt":"2022-06-29T17:31:55","guid":{"rendered":"https:\/\/jornalfatosenoticias.com.br\/?p=31820"},"modified":"2022-06-29T14:31:57","modified_gmt":"2022-06-29T17:31:57","slug":"mundial-ana-marcela-leva-bronze-nos-10-km-sua-2a-medalha-na-hungria","status":"publish","type":"post","link":"https:\/\/jornalfatosenoticias.com.br\/index.php\/2022\/06\/29\/mundial-ana-marcela-leva-bronze-nos-10-km-sua-2a-medalha-na-hungria\/","title":{"rendered":"Mundial: Ana Marcela leva bronze nos 10 km, sua 2\u00aa medalha na Hungria"},"content":{"rendered":"\n<p><em><span class=\"has-inline-color has-black-color\">Brasileira disputa maratona de 25 km em \u00e1guas abertas na quinta (30)<\/span><\/em><\/p>\n\n\n\n<div class=\"wp-block-image\"><figure class=\"aligncenter size-large is-resized\"><img loading=\"lazy\" decoding=\"async\" src=\"https:\/\/jornalfatosenoticias.com.br\/wp-content\/uploads\/2020\/02\/banner_ferramentas-1024x100.jpg\" alt=\"\" class=\"wp-image-1258\" width=\"529\" height=\"51\" srcset=\"https:\/\/jornalfatosenoticias.com.br\/wp-content\/uploads\/2020\/02\/banner_ferramentas-1024x100.jpg 1024w, https:\/\/jornalfatosenoticias.com.br\/wp-content\/uploads\/2020\/02\/banner_ferramentas-300x29.jpg 300w, https:\/\/jornalfatosenoticias.com.br\/wp-content\/uploads\/2020\/02\/banner_ferramentas-768x75.jpg 768w, https:\/\/jornalfatosenoticias.com.br\/wp-content\/uploads\/2020\/02\/banner_ferramentas.jpg 1227w\" sizes=\"auto, (max-width: 529px) 100vw, 529px\" \/><\/figure><\/div>\n\n\n\n<p>Pouco mais e um segundo fez a diferen\u00e7a para a campe\u00e3 ol\u00edmpica Ana Marcela Cunha na busca do ouro in\u00e9dito na maratona de 10 quil\u00f4metros em \u00e1guas abertas. Na manh\u00e3 desta quarta-feira (29), ela foi bronze, com o tempo de 2h02min30s70, ao ser superada no sprint (arrancada) final da prova no Mundial de \u00c1guas Abertas em Budapeste (Hungria). A brasileira foi ultrapassada pela holandesa Sharon Van Rowendaal, primeira colocada (2h20min29s20), e pela alem\u00e3 Leonie Beck (2h02min29s70), que chegou na segunda posi\u00e7\u00e3o. Foi a segunda conquista da baiana de 30 anos na edi\u00e7\u00e3o deste ano, ap\u00f3s o ouro na \u00faltima segunda nos 5 km. Ana Marcela coleciona 14 medalhas em mundiais.<\/p>\n\n\n\n<div class=\"wp-block-image\"><figure class=\"aligncenter size-large is-resized\"><img loading=\"lazy\" decoding=\"async\" src=\"https:\/\/jornalfatosenoticias.com.br\/wp-content\/uploads\/2022\/02\/Arte-Autoescola-Galatas_endereco_portal-1024x103.png\" alt=\"\" class=\"wp-image-27869\" width=\"540\" height=\"54\" srcset=\"https:\/\/jornalfatosenoticias.com.br\/wp-content\/uploads\/2022\/02\/Arte-Autoescola-Galatas_endereco_portal-1024x103.png 1024w, https:\/\/jornalfatosenoticias.com.br\/wp-content\/uploads\/2022\/02\/Arte-Autoescola-Galatas_endereco_portal-300x30.png 300w, https:\/\/jornalfatosenoticias.com.br\/wp-content\/uploads\/2022\/02\/Arte-Autoescola-Galatas_endereco_portal-768x77.png 768w, https:\/\/jornalfatosenoticias.com.br\/wp-content\/uploads\/2022\/02\/Arte-Autoescola-Galatas_endereco_portal.png 1223w\" sizes=\"auto, (max-width: 540px) 100vw, 540px\" \/><\/figure><\/div>\n\n\n\n<blockquote class=\"wp-block-quote is-layout-flow wp-block-quote-is-layout-flow\"><p><span class=\"has-inline-color has-luminous-vivid-orange-color\">\u201cFoi uma prova dif\u00edcil, com v\u00e1rias medalhistas ol\u00edmpicas. Adotei uma estrat\u00e9gia diferente, aumentei um pouco o ritmo, foi uma prova muito dif\u00edcil e muito boa, mas estou feliz com o meu resultado. \u00c9 a minha 14\u00aa medalha em Mundiais\u201d, disse Ana Marcela \u00e0 Confedera\u00e7\u00e3o Brasileira de Esportes Aqu\u00e1ticos (CBDA).<\/span><\/p><\/blockquote>\n\n\n\n<div class=\"wp-block-image\"><figure class=\"aligncenter size-large is-resized\"><img loading=\"lazy\" decoding=\"async\" src=\"https:\/\/jornalfatosenoticias.com.br\/wp-content\/uploads\/2022\/02\/Serra-Pack-459.png\" alt=\"\" class=\"wp-image-27471\" width=\"293\" height=\"117\"\/><\/figure><\/div>\n\n\n\n<figure class=\"wp-block-embed-twitter wp-block-embed is-type-rich is-provider-twitter\"><div class=\"wp-block-embed__wrapper\">\n<blockquote class=\"twitter-tweet\" data-width=\"550\" data-dnt=\"true\"><p lang=\"en\" dir=\"ltr\">What a final sprint in the Women&#39;s 10km! That was very close \ud83e\udd29<a href=\"https:\/\/twitter.com\/hashtag\/FINABudapest2022?src=hash&amp;ref_src=twsrc%5Etfw\">#FINABudapest2022<\/a> <a href=\"https:\/\/t.co\/lQIfVo5Qcl\">pic.twitter.com\/lQIfVo5Qcl<\/a><\/p>&mdash; World Aquatics (@WorldAquatics) <a href=\"https:\/\/twitter.com\/WorldAquatics\/status\/1542137290633486337?ref_src=twsrc%5Etfw\">June 29, 2022<\/a><\/blockquote><script async src=\"https:\/\/platform.twitter.com\/widgets.js\" charset=\"utf-8\"><\/script>\n<\/div><\/figure>\n\n\n\n<div class=\"wp-block-image\"><figure class=\"aligncenter size-large is-resized\"><img loading=\"lazy\" decoding=\"async\" src=\"https:\/\/jornalfatosenoticias.com.br\/wp-content\/uploads\/2020\/02\/Serra-Grande-1024x160.png\" alt=\"\" class=\"wp-image-7836\" width=\"446\" height=\"69\"\/><\/figure><\/div>\n\n\n\n<p>A ga\u00facha Vivi Jungblut tamb\u00e9m disputou os 10 km, mas terminou em 16\u00ba lugar. Na prova masculina, o Pa\u00eds contou com o paulista Bruce Hanson Almeida (25\u00ba lugar colocado), e Guilherme Costa, que abandonou a competi\u00e7\u00e3o na quinta volta por desgaste f\u00edsico.<br>Ana Marcela, Cibelle Jungblut e Bruce Hanson voltam a competir nesta quinta (30), na maratona dor 25 km, a \u00faltima prova deles no Mundial.<\/p>\n\n\n\n<div class=\"wp-block-image\"><figure class=\"aligncenter size-large is-resized\"><img loading=\"lazy\" decoding=\"async\" src=\"https:\/\/jornalfatosenoticias.com.br\/wp-content\/uploads\/2022\/05\/NOVA-LOGO-CESCONETTO-1024x100.jpg\" alt=\"\" class=\"wp-image-30792\" width=\"529\" height=\"51\" srcset=\"https:\/\/jornalfatosenoticias.com.br\/wp-content\/uploads\/2022\/05\/NOVA-LOGO-CESCONETTO-1024x100.jpg 1024w, https:\/\/jornalfatosenoticias.com.br\/wp-content\/uploads\/2022\/05\/NOVA-LOGO-CESCONETTO-300x29.jpg 300w, https:\/\/jornalfatosenoticias.com.br\/wp-content\/uploads\/2022\/05\/NOVA-LOGO-CESCONETTO-768x75.jpg 768w, https:\/\/jornalfatosenoticias.com.br\/wp-content\/uploads\/2022\/05\/NOVA-LOGO-CESCONETTO.jpg 1280w\" sizes=\"auto, (max-width: 529px) 100vw, 529px\" \/><\/figure><\/div>\n\n\n\n<figure class=\"wp-block-embed-twitter wp-block-embed is-type-rich is-provider-twitter\"><div class=\"wp-block-embed__wrapper\">\n<blockquote class=\"twitter-tweet\" data-width=\"550\" data-dnt=\"true\"><p lang=\"pt\" dir=\"ltr\">\u201cS\u00f3\u201d 14 medalhas em Mundiais.<br><br>Ana Marcela Cunha \u00e9 extraordin\u00e1ria! \ud83e\udd49\ud83d\udd25 <a href=\"https:\/\/t.co\/I7YQ2Cio0g\">pic.twitter.com\/I7YQ2Cio0g<\/a><\/p>&mdash; Time Brasil (@timebrasil) <a href=\"https:\/\/twitter.com\/timebrasil\/status\/1542116506313658370?ref_src=twsrc%5Etfw\">June 29, 2022<\/a><\/blockquote><script async src=\"https:\/\/platform.twitter.com\/widgets.js\" charset=\"utf-8\"><\/script>\n<\/div><\/figure>\n\n\n\n<p><strong><em>Fonte: <a href=\"https:\/\/agenciabrasil.ebc.com.br\/esportes\/noticia\/2022-06\/mundial-ana-marcela-leva-bronze-nos-10-km-sua-2a-medalha-na-hungria\">Ag\u00eancia Brasil<\/a><\/em><\/strong><\/p>\n","protected":false},"excerpt":{"rendered":"<p>Brasileira disputa maratona de 25 km em \u00e1guas abertas na quinta (30) Pouco mais e um segundo fez a diferen\u00e7a para a campe\u00e3 ol\u00edmpica Ana Marcela Cunha na busca do ouro in\u00e9dito na maratona de 10 quil\u00f4metros em \u00e1guas abertas. Na manh\u00e3 desta quarta-feira (29), ela foi bronze, com o tempo de 2h02min30s70, ao ser [&hellip;]<\/p>\n","protected":false},"author":2,"featured_media":31821,"comment_status":"open","ping_status":"open","sticky":false,"template":"","format":"standard","meta":{"footnotes":""},"categories":[12],"tags":[15053,15052,13297,15056,43,15054,15055,5524],"class_list":["post-31820","post","type-post","status-publish","format-standard","has-post-thumbnail","hentry","category-esportes","tag-10-km","tag-ana-marcela-cunha","tag-budapeste","tag-cbda","tag-esportes","tag-maratona","tag-mundial-de-aguas-abertas","tag-natacao"],"yoast_head":"<!-- This site is optimized with the Yoast SEO plugin v26.5 - https:\/\/yoast.com\/wordpress\/plugins\/seo\/ -->\n<title>Mundial: Ana Marcela leva bronze nos 10 km, sua 2\u00aa medalha na Hungria - Jornal Fatos e Not\u00edcias<\/title>\n<meta name=\"robots\" content=\"index, follow, max-snippet:-1, max-image-preview:large, max-video-preview:-1\" \/>\n<link rel=\"canonical\" href=\"https:\/\/jornalfatosenoticias.com.br\/index.php\/2022\/06\/29\/mundial-ana-marcela-leva-bronze-nos-10-km-sua-2a-medalha-na-hungria\/\" \/>\n<meta property=\"og:locale\" content=\"pt_BR\" \/>\n<meta property=\"og:type\" content=\"article\" \/>\n<meta property=\"og:title\" content=\"Mundial: Ana Marcela leva bronze nos 10 km, sua 2\u00aa medalha na Hungria - Jornal Fatos e Not\u00edcias\" \/>\n<meta property=\"og:description\" content=\"Brasileira disputa maratona de 25 km em \u00e1guas abertas na quinta (30) Pouco mais e um segundo fez a diferen\u00e7a para a campe\u00e3 ol\u00edmpica Ana Marcela Cunha na busca do ouro in\u00e9dito na maratona de 10 quil\u00f4metros em \u00e1guas abertas. Na manh\u00e3 desta quarta-feira (29), ela foi bronze, com o tempo de 2h02min30s70, ao ser [&hellip;]\" \/>\n<meta property=\"og:url\" content=\"https:\/\/jornalfatosenoticias.com.br\/index.php\/2022\/06\/29\/mundial-ana-marcela-leva-bronze-nos-10-km-sua-2a-medalha-na-hungria\/\" \/>\n<meta property=\"og:site_name\" content=\"Jornal Fatos e Not\u00edcias\" \/>\n<meta property=\"article:published_time\" content=\"2022-06-29T17:31:55+00:00\" \/>\n<meta property=\"article:modified_time\" content=\"2022-06-29T17:31:57+00:00\" \/>\n<meta property=\"og:image\" content=\"https:\/\/jornalfatosenoticias.com.br\/wp-content\/uploads\/2022\/06\/ana_marcela_bronze_mundial_maratona.jpg\" \/>\n\t<meta property=\"og:image:width\" content=\"1000\" \/>\n\t<meta property=\"og:image:height\" content=\"598\" \/>\n\t<meta property=\"og:image:type\" content=\"image\/jpeg\" \/>\n<meta name=\"author\" content=\"Luzimara Fernandes\" \/>\n<meta name=\"twitter:card\" content=\"summary_large_image\" \/>\n<meta name=\"twitter:label1\" content=\"Escrito por\" \/>\n\t<meta name=\"twitter:data1\" content=\"Luzimara Fernandes\" \/>\n\t<meta name=\"twitter:label2\" content=\"Est. tempo de leitura\" \/>\n\t<meta name=\"twitter:data2\" content=\"2 minutos\" \/>\n<script type=\"application\/ld+json\" class=\"yoast-schema-graph\">{\"@context\":\"https:\/\/schema.org\",\"@graph\":[{\"@type\":\"Article\",\"@id\":\"https:\/\/jornalfatosenoticias.com.br\/index.php\/2022\/06\/29\/mundial-ana-marcela-leva-bronze-nos-10-km-sua-2a-medalha-na-hungria\/#article\",\"isPartOf\":{\"@id\":\"https:\/\/jornalfatosenoticias.com.br\/index.php\/2022\/06\/29\/mundial-ana-marcela-leva-bronze-nos-10-km-sua-2a-medalha-na-hungria\/\"},\"author\":{\"name\":\"Luzimara Fernandes\",\"@id\":\"https:\/\/jornalfatosenoticias.com.br\/#\/schema\/person\/d63837fa13ac8666eb9e74e0985d6f81\"},\"headline\":\"Mundial: Ana Marcela leva bronze nos 10 km, sua 2\u00aa medalha na Hungria\",\"datePublished\":\"2022-06-29T17:31:55+00:00\",\"dateModified\":\"2022-06-29T17:31:57+00:00\",\"mainEntityOfPage\":{\"@id\":\"https:\/\/jornalfatosenoticias.com.br\/index.php\/2022\/06\/29\/mundial-ana-marcela-leva-bronze-nos-10-km-sua-2a-medalha-na-hungria\/\"},\"wordCount\":330,\"commentCount\":0,\"publisher\":{\"@id\":\"https:\/\/jornalfatosenoticias.com.br\/#organization\"},\"image\":{\"@id\":\"https:\/\/jornalfatosenoticias.com.br\/index.php\/2022\/06\/29\/mundial-ana-marcela-leva-bronze-nos-10-km-sua-2a-medalha-na-hungria\/#primaryimage\"},\"thumbnailUrl\":\"https:\/\/jornalfatosenoticias.com.br\/wp-content\/uploads\/2022\/06\/ana_marcela_bronze_mundial_maratona.jpg\",\"keywords\":[\"10 km\",\"Ana Marcela Cunha\",\"Budapeste\",\"CBDA\",\"esportes\",\"Maratona\",\"Mundial de \u00c1guas Abertas\",\"nata\u00e7\u00e3o\"],\"articleSection\":[\"Esportes\"],\"inLanguage\":\"pt-BR\",\"potentialAction\":[{\"@type\":\"CommentAction\",\"name\":\"Comment\",\"target\":[\"https:\/\/jornalfatosenoticias.com.br\/index.php\/2022\/06\/29\/mundial-ana-marcela-leva-bronze-nos-10-km-sua-2a-medalha-na-hungria\/#respond\"]}]},{\"@type\":\"WebPage\",\"@id\":\"https:\/\/jornalfatosenoticias.com.br\/index.php\/2022\/06\/29\/mundial-ana-marcela-leva-bronze-nos-10-km-sua-2a-medalha-na-hungria\/\",\"url\":\"https:\/\/jornalfatosenoticias.com.br\/index.php\/2022\/06\/29\/mundial-ana-marcela-leva-bronze-nos-10-km-sua-2a-medalha-na-hungria\/\",\"name\":\"Mundial: Ana Marcela leva bronze nos 10 km, sua 2\u00aa medalha na Hungria - Jornal Fatos e Not\u00edcias\",\"isPartOf\":{\"@id\":\"https:\/\/jornalfatosenoticias.com.br\/#website\"},\"primaryImageOfPage\":{\"@id\":\"https:\/\/jornalfatosenoticias.com.br\/index.php\/2022\/06\/29\/mundial-ana-marcela-leva-bronze-nos-10-km-sua-2a-medalha-na-hungria\/#primaryimage\"},\"image\":{\"@id\":\"https:\/\/jornalfatosenoticias.com.br\/index.php\/2022\/06\/29\/mundial-ana-marcela-leva-bronze-nos-10-km-sua-2a-medalha-na-hungria\/#primaryimage\"},\"thumbnailUrl\":\"https:\/\/jornalfatosenoticias.com.br\/wp-content\/uploads\/2022\/06\/ana_marcela_bronze_mundial_maratona.jpg\",\"datePublished\":\"2022-06-29T17:31:55+00:00\",\"dateModified\":\"2022-06-29T17:31:57+00:00\",\"breadcrumb\":{\"@id\":\"https:\/\/jornalfatosenoticias.com.br\/index.php\/2022\/06\/29\/mundial-ana-marcela-leva-bronze-nos-10-km-sua-2a-medalha-na-hungria\/#breadcrumb\"},\"inLanguage\":\"pt-BR\",\"potentialAction\":[{\"@type\":\"ReadAction\",\"target\":[\"https:\/\/jornalfatosenoticias.com.br\/index.php\/2022\/06\/29\/mundial-ana-marcela-leva-bronze-nos-10-km-sua-2a-medalha-na-hungria\/\"]}]},{\"@type\":\"ImageObject\",\"inLanguage\":\"pt-BR\",\"@id\":\"https:\/\/jornalfatosenoticias.com.br\/index.php\/2022\/06\/29\/mundial-ana-marcela-leva-bronze-nos-10-km-sua-2a-medalha-na-hungria\/#primaryimage\",\"url\":\"https:\/\/jornalfatosenoticias.com.br\/wp-content\/uploads\/2022\/06\/ana_marcela_bronze_mundial_maratona.jpg\",\"contentUrl\":\"https:\/\/jornalfatosenoticias.com.br\/wp-content\/uploads\/2022\/06\/ana_marcela_bronze_mundial_maratona.jpg\",\"width\":1000,\"height\":598},{\"@type\":\"BreadcrumbList\",\"@id\":\"https:\/\/jornalfatosenoticias.com.br\/index.php\/2022\/06\/29\/mundial-ana-marcela-leva-bronze-nos-10-km-sua-2a-medalha-na-hungria\/#breadcrumb\",\"itemListElement\":[{\"@type\":\"ListItem\",\"position\":1,\"name\":\"In\u00edcio\",\"item\":\"https:\/\/jornalfatosenoticias.com.br\/\"},{\"@type\":\"ListItem\",\"position\":2,\"name\":\"Mundial: Ana Marcela leva bronze nos 10 km, sua 2\u00aa medalha na Hungria\"}]},{\"@type\":\"WebSite\",\"@id\":\"https:\/\/jornalfatosenoticias.com.br\/#website\",\"url\":\"https:\/\/jornalfatosenoticias.com.br\/\",\"name\":\"Jornal Fatos e Not\u00edcias\",\"description\":\"Not\u00edcias em geral\",\"publisher\":{\"@id\":\"https:\/\/jornalfatosenoticias.com.br\/#organization\"},\"potentialAction\":[{\"@type\":\"SearchAction\",\"target\":{\"@type\":\"EntryPoint\",\"urlTemplate\":\"https:\/\/jornalfatosenoticias.com.br\/?s={search_term_string}\"},\"query-input\":{\"@type\":\"PropertyValueSpecification\",\"valueRequired\":true,\"valueName\":\"search_term_string\"}}],\"inLanguage\":\"pt-BR\"},{\"@type\":\"Organization\",\"@id\":\"https:\/\/jornalfatosenoticias.com.br\/#organization\",\"name\":\"Jornal Fatos e Not\u00edcias\",\"url\":\"https:\/\/jornalfatosenoticias.com.br\/\",\"logo\":{\"@type\":\"ImageObject\",\"inLanguage\":\"pt-BR\",\"@id\":\"https:\/\/jornalfatosenoticias.com.br\/#\/schema\/logo\/image\/\",\"url\":\"https:\/\/jornalfatosenoticias.com.br\/wp-content\/uploads\/2020\/02\/logo120.png\",\"contentUrl\":\"https:\/\/jornalfatosenoticias.com.br\/wp-content\/uploads\/2020\/02\/logo120.png\",\"width\":1227,\"height\":120,\"caption\":\"Jornal Fatos e Not\u00edcias\"},\"image\":{\"@id\":\"https:\/\/jornalfatosenoticias.com.br\/#\/schema\/logo\/image\/\"}},{\"@type\":\"Person\",\"@id\":\"https:\/\/jornalfatosenoticias.com.br\/#\/schema\/person\/d63837fa13ac8666eb9e74e0985d6f81\",\"name\":\"Luzimara Fernandes\",\"image\":{\"@type\":\"ImageObject\",\"inLanguage\":\"pt-BR\",\"@id\":\"https:\/\/jornalfatosenoticias.com.br\/#\/schema\/person\/image\/\",\"url\":\"https:\/\/jornalfatosenoticias.com.br\/wp-content\/uploads\/2025\/05\/EU_portal.jpg\",\"contentUrl\":\"https:\/\/jornalfatosenoticias.com.br\/wp-content\/uploads\/2025\/05\/EU_portal.jpg\",\"caption\":\"Luzimara Fernandes\"},\"description\":\"Jornalista MTB 2358-ES\",\"sameAs\":[\"https:\/\/jornalfatosenoticias.com.br\"],\"url\":\"https:\/\/jornalfatosenoticias.com.br\/index.php\/author\/luzimara\/\"}]}<\/script>\n<!-- \/ Yoast SEO plugin. -->","yoast_head_json":{"title":"Mundial: Ana Marcela leva bronze nos 10 km, sua 2\u00aa medalha na Hungria - Jornal Fatos e Not\u00edcias","robots":{"index":"index","follow":"follow","max-snippet":"max-snippet:-1","max-image-preview":"max-image-preview:large","max-video-preview":"max-video-preview:-1"},"canonical":"https:\/\/jornalfatosenoticias.com.br\/index.php\/2022\/06\/29\/mundial-ana-marcela-leva-bronze-nos-10-km-sua-2a-medalha-na-hungria\/","og_locale":"pt_BR","og_type":"article","og_title":"Mundial: Ana Marcela leva bronze nos 10 km, sua 2\u00aa medalha na Hungria - Jornal Fatos e Not\u00edcias","og_description":"Brasileira disputa maratona de 25 km em \u00e1guas abertas na quinta (30) Pouco mais e um segundo fez a diferen\u00e7a para a campe\u00e3 ol\u00edmpica Ana Marcela Cunha na busca do ouro in\u00e9dito na maratona de 10 quil\u00f4metros em \u00e1guas abertas. Na manh\u00e3 desta quarta-feira (29), ela foi bronze, com o tempo de 2h02min30s70, ao ser [&hellip;]","og_url":"https:\/\/jornalfatosenoticias.com.br\/index.php\/2022\/06\/29\/mundial-ana-marcela-leva-bronze-nos-10-km-sua-2a-medalha-na-hungria\/","og_site_name":"Jornal Fatos e Not\u00edcias","article_published_time":"2022-06-29T17:31:55+00:00","article_modified_time":"2022-06-29T17:31:57+00:00","og_image":[{"width":1000,"height":598,"url":"https:\/\/jornalfatosenoticias.com.br\/wp-content\/uploads\/2022\/06\/ana_marcela_bronze_mundial_maratona.jpg","type":"image\/jpeg"}],"author":"Luzimara Fernandes","twitter_card":"summary_large_image","twitter_misc":{"Escrito por":"Luzimara Fernandes","Est. tempo de leitura":"2 minutos"},"schema":{"@context":"https:\/\/schema.org","@graph":[{"@type":"Article","@id":"https:\/\/jornalfatosenoticias.com.br\/index.php\/2022\/06\/29\/mundial-ana-marcela-leva-bronze-nos-10-km-sua-2a-medalha-na-hungria\/#article","isPartOf":{"@id":"https:\/\/jornalfatosenoticias.com.br\/index.php\/2022\/06\/29\/mundial-ana-marcela-leva-bronze-nos-10-km-sua-2a-medalha-na-hungria\/"},"author":{"name":"Luzimara Fernandes","@id":"https:\/\/jornalfatosenoticias.com.br\/#\/schema\/person\/d63837fa13ac8666eb9e74e0985d6f81"},"headline":"Mundial: Ana Marcela leva bronze nos 10 km, sua 2\u00aa medalha na Hungria","datePublished":"2022-06-29T17:31:55+00:00","dateModified":"2022-06-29T17:31:57+00:00","mainEntityOfPage":{"@id":"https:\/\/jornalfatosenoticias.com.br\/index.php\/2022\/06\/29\/mundial-ana-marcela-leva-bronze-nos-10-km-sua-2a-medalha-na-hungria\/"},"wordCount":330,"commentCount":0,"publisher":{"@id":"https:\/\/jornalfatosenoticias.com.br\/#organization"},"image":{"@id":"https:\/\/jornalfatosenoticias.com.br\/index.php\/2022\/06\/29\/mundial-ana-marcela-leva-bronze-nos-10-km-sua-2a-medalha-na-hungria\/#primaryimage"},"thumbnailUrl":"https:\/\/jornalfatosenoticias.com.br\/wp-content\/uploads\/2022\/06\/ana_marcela_bronze_mundial_maratona.jpg","keywords":["10 km","Ana Marcela Cunha","Budapeste","CBDA","esportes","Maratona","Mundial de \u00c1guas Abertas","nata\u00e7\u00e3o"],"articleSection":["Esportes"],"inLanguage":"pt-BR","potentialAction":[{"@type":"CommentAction","name":"Comment","target":["https:\/\/jornalfatosenoticias.com.br\/index.php\/2022\/06\/29\/mundial-ana-marcela-leva-bronze-nos-10-km-sua-2a-medalha-na-hungria\/#respond"]}]},{"@type":"WebPage","@id":"https:\/\/jornalfatosenoticias.com.br\/index.php\/2022\/06\/29\/mundial-ana-marcela-leva-bronze-nos-10-km-sua-2a-medalha-na-hungria\/","url":"https:\/\/jornalfatosenoticias.com.br\/index.php\/2022\/06\/29\/mundial-ana-marcela-leva-bronze-nos-10-km-sua-2a-medalha-na-hungria\/","name":"Mundial: Ana Marcela leva bronze nos 10 km, sua 2\u00aa medalha na Hungria - Jornal Fatos e Not\u00edcias","isPartOf":{"@id":"https:\/\/jornalfatosenoticias.com.br\/#website"},"primaryImageOfPage":{"@id":"https:\/\/jornalfatosenoticias.com.br\/index.php\/2022\/06\/29\/mundial-ana-marcela-leva-bronze-nos-10-km-sua-2a-medalha-na-hungria\/#primaryimage"},"image":{"@id":"https:\/\/jornalfatosenoticias.com.br\/index.php\/2022\/06\/29\/mundial-ana-marcela-leva-bronze-nos-10-km-sua-2a-medalha-na-hungria\/#primaryimage"},"thumbnailUrl":"https:\/\/jornalfatosenoticias.com.br\/wp-content\/uploads\/2022\/06\/ana_marcela_bronze_mundial_maratona.jpg","datePublished":"2022-06-29T17:31:55+00:00","dateModified":"2022-06-29T17:31:57+00:00","breadcrumb":{"@id":"https:\/\/jornalfatosenoticias.com.br\/index.php\/2022\/06\/29\/mundial-ana-marcela-leva-bronze-nos-10-km-sua-2a-medalha-na-hungria\/#breadcrumb"},"inLanguage":"pt-BR","potentialAction":[{"@type":"ReadAction","target":["https:\/\/jornalfatosenoticias.com.br\/index.php\/2022\/06\/29\/mundial-ana-marcela-leva-bronze-nos-10-km-sua-2a-medalha-na-hungria\/"]}]},{"@type":"ImageObject","inLanguage":"pt-BR","@id":"https:\/\/jornalfatosenoticias.com.br\/index.php\/2022\/06\/29\/mundial-ana-marcela-leva-bronze-nos-10-km-sua-2a-medalha-na-hungria\/#primaryimage","url":"https:\/\/jornalfatosenoticias.com.br\/wp-content\/uploads\/2022\/06\/ana_marcela_bronze_mundial_maratona.jpg","contentUrl":"https:\/\/jornalfatosenoticias.com.br\/wp-content\/uploads\/2022\/06\/ana_marcela_bronze_mundial_maratona.jpg","width":1000,"height":598},{"@type":"BreadcrumbList","@id":"https:\/\/jornalfatosenoticias.com.br\/index.php\/2022\/06\/29\/mundial-ana-marcela-leva-bronze-nos-10-km-sua-2a-medalha-na-hungria\/#breadcrumb","itemListElement":[{"@type":"ListItem","position":1,"name":"In\u00edcio","item":"https:\/\/jornalfatosenoticias.com.br\/"},{"@type":"ListItem","position":2,"name":"Mundial: Ana Marcela leva bronze nos 10 km, sua 2\u00aa medalha na Hungria"}]},{"@type":"WebSite","@id":"https:\/\/jornalfatosenoticias.com.br\/#website","url":"https:\/\/jornalfatosenoticias.com.br\/","name":"Jornal Fatos e Not\u00edcias","description":"Not\u00edcias em geral","publisher":{"@id":"https:\/\/jornalfatosenoticias.com.br\/#organization"},"potentialAction":[{"@type":"SearchAction","target":{"@type":"EntryPoint","urlTemplate":"https:\/\/jornalfatosenoticias.com.br\/?s={search_term_string}"},"query-input":{"@type":"PropertyValueSpecification","valueRequired":true,"valueName":"search_term_string"}}],"inLanguage":"pt-BR"},{"@type":"Organization","@id":"https:\/\/jornalfatosenoticias.com.br\/#organization","name":"Jornal Fatos e Not\u00edcias","url":"https:\/\/jornalfatosenoticias.com.br\/","logo":{"@type":"ImageObject","inLanguage":"pt-BR","@id":"https:\/\/jornalfatosenoticias.com.br\/#\/schema\/logo\/image\/","url":"https:\/\/jornalfatosenoticias.com.br\/wp-content\/uploads\/2020\/02\/logo120.png","contentUrl":"https:\/\/jornalfatosenoticias.com.br\/wp-content\/uploads\/2020\/02\/logo120.png","width":1227,"height":120,"caption":"Jornal Fatos e Not\u00edcias"},"image":{"@id":"https:\/\/jornalfatosenoticias.com.br\/#\/schema\/logo\/image\/"}},{"@type":"Person","@id":"https:\/\/jornalfatosenoticias.com.br\/#\/schema\/person\/d63837fa13ac8666eb9e74e0985d6f81","name":"Luzimara Fernandes","image":{"@type":"ImageObject","inLanguage":"pt-BR","@id":"https:\/\/jornalfatosenoticias.com.br\/#\/schema\/person\/image\/","url":"https:\/\/jornalfatosenoticias.com.br\/wp-content\/uploads\/2025\/05\/EU_portal.jpg","contentUrl":"https:\/\/jornalfatosenoticias.com.br\/wp-content\/uploads\/2025\/05\/EU_portal.jpg","caption":"Luzimara Fernandes"},"description":"Jornalista MTB 2358-ES","sameAs":["https:\/\/jornalfatosenoticias.com.br"],"url":"https:\/\/jornalfatosenoticias.com.br\/index.php\/author\/luzimara\/"}]}},"cc_featured_image_caption":{"caption_text":"(Foto: Reprodu\u00e7\u00e3o Twitter\/CBDA)","source_text":"","source_url":""},"jetpack_featured_media_url":"https:\/\/jornalfatosenoticias.com.br\/wp-content\/uploads\/2022\/06\/ana_marcela_bronze_mundial_maratona.jpg","_links":{"self":[{"href":"https:\/\/jornalfatosenoticias.com.br\/index.php\/wp-json\/wp\/v2\/posts\/31820","targetHints":{"allow":["GET"]}}],"collection":[{"href":"https:\/\/jornalfatosenoticias.com.br\/index.php\/wp-json\/wp\/v2\/posts"}],"about":[{"href":"https:\/\/jornalfatosenoticias.com.br\/index.php\/wp-json\/wp\/v2\/types\/post"}],"author":[{"embeddable":true,"href":"https:\/\/jornalfatosenoticias.com.br\/index.php\/wp-json\/wp\/v2\/users\/2"}],"replies":[{"embeddable":true,"href":"https:\/\/jornalfatosenoticias.com.br\/index.php\/wp-json\/wp\/v2\/comments?post=31820"}],"version-history":[{"count":0,"href":"https:\/\/jornalfatosenoticias.com.br\/index.php\/wp-json\/wp\/v2\/posts\/31820\/revisions"}],"wp:featuredmedia":[{"embeddable":true,"href":"https:\/\/jornalfatosenoticias.com.br\/index.php\/wp-json\/wp\/v2\/media\/31821"}],"wp:attachment":[{"href":"https:\/\/jornalfatosenoticias.com.br\/index.php\/wp-json\/wp\/v2\/media?parent=31820"}],"wp:term":[{"taxonomy":"category","embeddable":true,"href":"https:\/\/jornalfatosenoticias.com.br\/index.php\/wp-json\/wp\/v2\/categories?post=31820"},{"taxonomy":"post_tag","embeddable":true,"href":"https:\/\/jornalfatosenoticias.com.br\/index.php\/wp-json\/wp\/v2\/tags?post=31820"}],"curies":[{"name":"wp","href":"https:\/\/api.w.org\/{rel}","templated":true}]}}