{"id":31833,"date":"2022-06-29T14:55:09","date_gmt":"2022-06-29T17:55:09","guid":{"rendered":"https:\/\/jornalfatosenoticias.com.br\/?p=31833"},"modified":"2022-06-29T14:55:11","modified_gmt":"2022-06-29T17:55:11","slug":"ficcao-inspirada-em-modernistas-inaugura-o-selo-cambalache","status":"publish","type":"post","link":"https:\/\/jornalfatosenoticias.com.br\/index.php\/2022\/06\/29\/ficcao-inspirada-em-modernistas-inaugura-o-selo-cambalache\/","title":{"rendered":"Fic\u00e7\u00e3o inspirada em modernistas inaugura o selo Cambalache"},"content":{"rendered":"\n<p><em><span class=\"has-inline-color has-black-color\">Embalado por esp\u00edrito de inven\u00e7\u00e3o oswaldiano, romance navega por v\u00e1rios g\u00eaneros, dos quadrinhos ao teatro<\/span><\/em><\/p>\n\n\n\n<div class=\"wp-block-image\"><figure class=\"aligncenter size-large is-resized\"><img loading=\"lazy\" decoding=\"async\" src=\"https:\/\/jornalfatosenoticias.com.br\/wp-content\/uploads\/2022\/05\/NOVA-LOGO-CESCONETTO-1024x100.jpg\" alt=\"\" class=\"wp-image-30792\" width=\"499\" height=\"48\" srcset=\"https:\/\/jornalfatosenoticias.com.br\/wp-content\/uploads\/2022\/05\/NOVA-LOGO-CESCONETTO-1024x100.jpg 1024w, https:\/\/jornalfatosenoticias.com.br\/wp-content\/uploads\/2022\/05\/NOVA-LOGO-CESCONETTO-300x29.jpg 300w, https:\/\/jornalfatosenoticias.com.br\/wp-content\/uploads\/2022\/05\/NOVA-LOGO-CESCONETTO-768x75.jpg 768w, https:\/\/jornalfatosenoticias.com.br\/wp-content\/uploads\/2022\/05\/NOVA-LOGO-CESCONETTO.jpg 1280w\" sizes=\"auto, (max-width: 499px) 100vw, 499px\" \/><\/figure><\/div>\n\n\n\n<p>1931, Oswald de Andrade e Patr\u00edcia Galv\u00e3o acabam de ter seu jornal destru\u00eddo por estudantes de S\u00e3o Paulo e agora fazem uma turn\u00ea de palestras pelas capitais do Nordeste brasileiro. Mas uma amea\u00e7a espera por eles nas terras em que vivem Graciliano Ramos, Jorge de Lima, Rachel de Queiroz, Aur\u00e9lio Buarque de Holanda e Jos\u00e9 Lins do Rego. <em><span class=\"has-inline-color has-black-color\">Vamos matar Oswald<\/span><\/em> chega pela rec\u00e9m-lan\u00e7ada <a href=\"https:\/\/www.facebook.com\/Cambalache-Editora-105371645543041\" target=\"_blank\" rel=\"noreferrer noopener\">editora Cambaleche<\/a> promove um encontro nunca ocorrido entre grandes nomes da cultura brasileira para compor uma raps\u00f3dia habitada por oligarcas, bachar\u00e9is e jagun\u00e7os, em que escritores e artistas precisaram superar ambientes in\u00f3spitos para desafiar os valores est\u00e9ticos de seu tempo.<\/p>\n\n\n\n<div class=\"wp-block-image\"><figure class=\"aligncenter size-large is-resized\"><img loading=\"lazy\" decoding=\"async\" src=\"https:\/\/jornalfatosenoticias.com.br\/wp-content\/uploads\/2022\/02\/Arte-Autoescola-Galatas_endereco_portal-1024x103.png\" alt=\"\" class=\"wp-image-27869\" width=\"520\" height=\"52\" srcset=\"https:\/\/jornalfatosenoticias.com.br\/wp-content\/uploads\/2022\/02\/Arte-Autoescola-Galatas_endereco_portal-1024x103.png 1024w, https:\/\/jornalfatosenoticias.com.br\/wp-content\/uploads\/2022\/02\/Arte-Autoescola-Galatas_endereco_portal-300x30.png 300w, https:\/\/jornalfatosenoticias.com.br\/wp-content\/uploads\/2022\/02\/Arte-Autoescola-Galatas_endereco_portal-768x77.png 768w, https:\/\/jornalfatosenoticias.com.br\/wp-content\/uploads\/2022\/02\/Arte-Autoescola-Galatas_endereco_portal.png 1223w\" sizes=\"auto, (max-width: 520px) 100vw, 520px\" \/><\/figure><\/div>\n\n\n\n<p>O lan\u00e7amento do livro <em><span class=\"has-inline-color has-black-color\">Vamos matar Oswald<\/span><\/em> ocorrer\u00e1 em 6 de julho, \u00e0s 19h, no restaurante Canto Madalena (R. Medeiros de Albuquerque, 471), Vila Madalena, em S\u00e3o Paulo. O autor Luiz Costa Pereira Junior \u00e9 escritor, jornalista e doutor em filosofia e educa\u00e7\u00e3o pela USP. Criador e editor da revista <em><span class=\"has-inline-color has-black-color\">L\u00edngua Portuguesa<\/span><\/em> (Segmento, 2005-15), \u00e9 autor de Com a l\u00edngua de fora (Angra, 2002), entre outras obras de n\u00e3o fic\u00e7\u00e3o. <em><span class=\"has-inline-color has-black-color\">Vamos matar Oswald<\/span><\/em> \u00e9 seu primeiro romance.<\/p>\n\n\n\n<figure class=\"wp-block-image size-large\"><img loading=\"lazy\" decoding=\"async\" width=\"703\" height=\"1000\" src=\"https:\/\/jornalfatosenoticias.com.br\/wp-content\/uploads\/2022\/06\/CAPA_selo-Cambalache.png\" alt=\"\" class=\"wp-image-31834\" srcset=\"https:\/\/jornalfatosenoticias.com.br\/wp-content\/uploads\/2022\/06\/CAPA_selo-Cambalache.png 703w, https:\/\/jornalfatosenoticias.com.br\/wp-content\/uploads\/2022\/06\/CAPA_selo-Cambalache-211x300.png 211w\" sizes=\"auto, (max-width: 703px) 100vw, 703px\" \/><figcaption><em><span class=\"has-inline-color has-black-color\">Ilustra\u00e7\u00e3o de Ant\u00f4nio Peticov, multiartista e criador do mural Momento Antropof\u00e1gico com Oswald de Andrade (1990). O posf\u00e1cio \u00e9 de Manuel da Costa Pinto, cr\u00edtico liter\u00e1rio e organizador do Di\u00e1rio Confessional (2022), de Oswald de Andrade (Foto: Divulga\u00e7\u00e3o)<\/span><\/em><\/figcaption><\/figure>\n\n\n\n<p><strong><em>Fonte: <a href=\"https:\/\/revistaeducacao.com.br\/2022\/06\/27\/vamos-matar-oswald-inaugura-selo-cambalache\/\">Revista Educa\u00e7\u00e3o<\/a><\/em><\/strong><\/p>\n","protected":false},"excerpt":{"rendered":"<p>Embalado por esp\u00edrito de inven\u00e7\u00e3o oswaldiano, romance navega por v\u00e1rios g\u00eaneros, dos quadrinhos ao teatro 1931, Oswald de Andrade e Patr\u00edcia Galv\u00e3o acabam de ter seu jornal destru\u00eddo por estudantes de S\u00e3o Paulo e agora fazem uma turn\u00ea de palestras pelas capitais do Nordeste brasileiro. Mas uma amea\u00e7a espera por eles nas terras em que [&hellip;]<\/p>\n","protected":false},"author":2,"featured_media":31835,"comment_status":"open","ping_status":"open","sticky":false,"template":"","format":"standard","meta":{"footnotes":""},"categories":[4],"tags":[15061,15062,13293],"class_list":["post-31833","post","type-post","status-publish","format-standard","has-post-thumbnail","hentry","category-cultura","tag-editora-cambaleche","tag-obra-modernista","tag-oswald-de-andrade"],"yoast_head":"<!-- This site is optimized with the Yoast SEO plugin v26.5 - https:\/\/yoast.com\/wordpress\/plugins\/seo\/ -->\n<title>Fic\u00e7\u00e3o inspirada em modernistas inaugura o selo Cambalache - Jornal Fatos e Not\u00edcias<\/title>\n<meta name=\"robots\" content=\"index, follow, max-snippet:-1, max-image-preview:large, max-video-preview:-1\" \/>\n<link rel=\"canonical\" href=\"https:\/\/jornalfatosenoticias.com.br\/index.php\/2022\/06\/29\/ficcao-inspirada-em-modernistas-inaugura-o-selo-cambalache\/\" \/>\n<meta property=\"og:locale\" content=\"pt_BR\" \/>\n<meta property=\"og:type\" content=\"article\" \/>\n<meta property=\"og:title\" content=\"Fic\u00e7\u00e3o inspirada em modernistas inaugura o selo Cambalache - Jornal Fatos e Not\u00edcias\" \/>\n<meta property=\"og:description\" content=\"Embalado por esp\u00edrito de inven\u00e7\u00e3o oswaldiano, romance navega por v\u00e1rios g\u00eaneros, dos quadrinhos ao teatro 1931, Oswald de Andrade e Patr\u00edcia Galv\u00e3o acabam de ter seu jornal destru\u00eddo por estudantes de S\u00e3o Paulo e agora fazem uma turn\u00ea de palestras pelas capitais do Nordeste brasileiro. Mas uma amea\u00e7a espera por eles nas terras em que [&hellip;]\" \/>\n<meta property=\"og:url\" content=\"https:\/\/jornalfatosenoticias.com.br\/index.php\/2022\/06\/29\/ficcao-inspirada-em-modernistas-inaugura-o-selo-cambalache\/\" \/>\n<meta property=\"og:site_name\" content=\"Jornal Fatos e Not\u00edcias\" \/>\n<meta property=\"article:published_time\" content=\"2022-06-29T17:55:09+00:00\" \/>\n<meta property=\"article:modified_time\" content=\"2022-06-29T17:55:11+00:00\" \/>\n<meta property=\"og:image\" content=\"https:\/\/jornalfatosenoticias.com.br\/wp-content\/uploads\/2022\/06\/CAPA_Alta_VAMOS-MATAR-OSWALD-2.png\" \/>\n\t<meta property=\"og:image:width\" content=\"1000\" \/>\n\t<meta property=\"og:image:height\" content=\"464\" \/>\n\t<meta property=\"og:image:type\" content=\"image\/png\" \/>\n<meta name=\"author\" content=\"Luzimara Fernandes\" \/>\n<meta name=\"twitter:card\" content=\"summary_large_image\" \/>\n<meta name=\"twitter:label1\" content=\"Escrito por\" \/>\n\t<meta name=\"twitter:data1\" content=\"Luzimara Fernandes\" \/>\n\t<meta name=\"twitter:label2\" content=\"Est. tempo de leitura\" \/>\n\t<meta name=\"twitter:data2\" content=\"1 minuto\" \/>\n<script type=\"application\/ld+json\" class=\"yoast-schema-graph\">{\"@context\":\"https:\/\/schema.org\",\"@graph\":[{\"@type\":\"Article\",\"@id\":\"https:\/\/jornalfatosenoticias.com.br\/index.php\/2022\/06\/29\/ficcao-inspirada-em-modernistas-inaugura-o-selo-cambalache\/#article\",\"isPartOf\":{\"@id\":\"https:\/\/jornalfatosenoticias.com.br\/index.php\/2022\/06\/29\/ficcao-inspirada-em-modernistas-inaugura-o-selo-cambalache\/\"},\"author\":{\"name\":\"Luzimara Fernandes\",\"@id\":\"https:\/\/jornalfatosenoticias.com.br\/#\/schema\/person\/d63837fa13ac8666eb9e74e0985d6f81\"},\"headline\":\"Fic\u00e7\u00e3o inspirada em modernistas inaugura o selo Cambalache\",\"datePublished\":\"2022-06-29T17:55:09+00:00\",\"dateModified\":\"2022-06-29T17:55:11+00:00\",\"mainEntityOfPage\":{\"@id\":\"https:\/\/jornalfatosenoticias.com.br\/index.php\/2022\/06\/29\/ficcao-inspirada-em-modernistas-inaugura-o-selo-cambalache\/\"},\"wordCount\":269,\"commentCount\":0,\"publisher\":{\"@id\":\"https:\/\/jornalfatosenoticias.com.br\/#organization\"},\"image\":{\"@id\":\"https:\/\/jornalfatosenoticias.com.br\/index.php\/2022\/06\/29\/ficcao-inspirada-em-modernistas-inaugura-o-selo-cambalache\/#primaryimage\"},\"thumbnailUrl\":\"https:\/\/jornalfatosenoticias.com.br\/wp-content\/uploads\/2022\/06\/CAPA_Alta_VAMOS-MATAR-OSWALD-2.png\",\"keywords\":[\"Editora Cambaleche\",\"obra modernista\",\"Oswald de Andrade\"],\"articleSection\":[\"Cultura\"],\"inLanguage\":\"pt-BR\",\"potentialAction\":[{\"@type\":\"CommentAction\",\"name\":\"Comment\",\"target\":[\"https:\/\/jornalfatosenoticias.com.br\/index.php\/2022\/06\/29\/ficcao-inspirada-em-modernistas-inaugura-o-selo-cambalache\/#respond\"]}]},{\"@type\":\"WebPage\",\"@id\":\"https:\/\/jornalfatosenoticias.com.br\/index.php\/2022\/06\/29\/ficcao-inspirada-em-modernistas-inaugura-o-selo-cambalache\/\",\"url\":\"https:\/\/jornalfatosenoticias.com.br\/index.php\/2022\/06\/29\/ficcao-inspirada-em-modernistas-inaugura-o-selo-cambalache\/\",\"name\":\"Fic\u00e7\u00e3o inspirada em modernistas inaugura o selo Cambalache - Jornal Fatos e Not\u00edcias\",\"isPartOf\":{\"@id\":\"https:\/\/jornalfatosenoticias.com.br\/#website\"},\"primaryImageOfPage\":{\"@id\":\"https:\/\/jornalfatosenoticias.com.br\/index.php\/2022\/06\/29\/ficcao-inspirada-em-modernistas-inaugura-o-selo-cambalache\/#primaryimage\"},\"image\":{\"@id\":\"https:\/\/jornalfatosenoticias.com.br\/index.php\/2022\/06\/29\/ficcao-inspirada-em-modernistas-inaugura-o-selo-cambalache\/#primaryimage\"},\"thumbnailUrl\":\"https:\/\/jornalfatosenoticias.com.br\/wp-content\/uploads\/2022\/06\/CAPA_Alta_VAMOS-MATAR-OSWALD-2.png\",\"datePublished\":\"2022-06-29T17:55:09+00:00\",\"dateModified\":\"2022-06-29T17:55:11+00:00\",\"breadcrumb\":{\"@id\":\"https:\/\/jornalfatosenoticias.com.br\/index.php\/2022\/06\/29\/ficcao-inspirada-em-modernistas-inaugura-o-selo-cambalache\/#breadcrumb\"},\"inLanguage\":\"pt-BR\",\"potentialAction\":[{\"@type\":\"ReadAction\",\"target\":[\"https:\/\/jornalfatosenoticias.com.br\/index.php\/2022\/06\/29\/ficcao-inspirada-em-modernistas-inaugura-o-selo-cambalache\/\"]}]},{\"@type\":\"ImageObject\",\"inLanguage\":\"pt-BR\",\"@id\":\"https:\/\/jornalfatosenoticias.com.br\/index.php\/2022\/06\/29\/ficcao-inspirada-em-modernistas-inaugura-o-selo-cambalache\/#primaryimage\",\"url\":\"https:\/\/jornalfatosenoticias.com.br\/wp-content\/uploads\/2022\/06\/CAPA_Alta_VAMOS-MATAR-OSWALD-2.png\",\"contentUrl\":\"https:\/\/jornalfatosenoticias.com.br\/wp-content\/uploads\/2022\/06\/CAPA_Alta_VAMOS-MATAR-OSWALD-2.png\",\"width\":1000,\"height\":464},{\"@type\":\"BreadcrumbList\",\"@id\":\"https:\/\/jornalfatosenoticias.com.br\/index.php\/2022\/06\/29\/ficcao-inspirada-em-modernistas-inaugura-o-selo-cambalache\/#breadcrumb\",\"itemListElement\":[{\"@type\":\"ListItem\",\"position\":1,\"name\":\"In\u00edcio\",\"item\":\"https:\/\/jornalfatosenoticias.com.br\/\"},{\"@type\":\"ListItem\",\"position\":2,\"name\":\"Fic\u00e7\u00e3o inspirada em modernistas inaugura o selo Cambalache\"}]},{\"@type\":\"WebSite\",\"@id\":\"https:\/\/jornalfatosenoticias.com.br\/#website\",\"url\":\"https:\/\/jornalfatosenoticias.com.br\/\",\"name\":\"Jornal Fatos e Not\u00edcias\",\"description\":\"Not\u00edcias em geral\",\"publisher\":{\"@id\":\"https:\/\/jornalfatosenoticias.com.br\/#organization\"},\"potentialAction\":[{\"@type\":\"SearchAction\",\"target\":{\"@type\":\"EntryPoint\",\"urlTemplate\":\"https:\/\/jornalfatosenoticias.com.br\/?s={search_term_string}\"},\"query-input\":{\"@type\":\"PropertyValueSpecification\",\"valueRequired\":true,\"valueName\":\"search_term_string\"}}],\"inLanguage\":\"pt-BR\"},{\"@type\":\"Organization\",\"@id\":\"https:\/\/jornalfatosenoticias.com.br\/#organization\",\"name\":\"Jornal Fatos e Not\u00edcias\",\"url\":\"https:\/\/jornalfatosenoticias.com.br\/\",\"logo\":{\"@type\":\"ImageObject\",\"inLanguage\":\"pt-BR\",\"@id\":\"https:\/\/jornalfatosenoticias.com.br\/#\/schema\/logo\/image\/\",\"url\":\"https:\/\/jornalfatosenoticias.com.br\/wp-content\/uploads\/2020\/02\/logo120.png\",\"contentUrl\":\"https:\/\/jornalfatosenoticias.com.br\/wp-content\/uploads\/2020\/02\/logo120.png\",\"width\":1227,\"height\":120,\"caption\":\"Jornal Fatos e Not\u00edcias\"},\"image\":{\"@id\":\"https:\/\/jornalfatosenoticias.com.br\/#\/schema\/logo\/image\/\"}},{\"@type\":\"Person\",\"@id\":\"https:\/\/jornalfatosenoticias.com.br\/#\/schema\/person\/d63837fa13ac8666eb9e74e0985d6f81\",\"name\":\"Luzimara Fernandes\",\"image\":{\"@type\":\"ImageObject\",\"inLanguage\":\"pt-BR\",\"@id\":\"https:\/\/jornalfatosenoticias.com.br\/#\/schema\/person\/image\/\",\"url\":\"https:\/\/jornalfatosenoticias.com.br\/wp-content\/uploads\/2025\/05\/EU_portal.jpg\",\"contentUrl\":\"https:\/\/jornalfatosenoticias.com.br\/wp-content\/uploads\/2025\/05\/EU_portal.jpg\",\"caption\":\"Luzimara Fernandes\"},\"description\":\"Jornalista MTB 2358-ES\",\"sameAs\":[\"https:\/\/jornalfatosenoticias.com.br\"],\"url\":\"https:\/\/jornalfatosenoticias.com.br\/index.php\/author\/luzimara\/\"}]}<\/script>\n<!-- \/ Yoast SEO plugin. -->","yoast_head_json":{"title":"Fic\u00e7\u00e3o inspirada em modernistas inaugura o selo Cambalache - Jornal Fatos e Not\u00edcias","robots":{"index":"index","follow":"follow","max-snippet":"max-snippet:-1","max-image-preview":"max-image-preview:large","max-video-preview":"max-video-preview:-1"},"canonical":"https:\/\/jornalfatosenoticias.com.br\/index.php\/2022\/06\/29\/ficcao-inspirada-em-modernistas-inaugura-o-selo-cambalache\/","og_locale":"pt_BR","og_type":"article","og_title":"Fic\u00e7\u00e3o inspirada em modernistas inaugura o selo Cambalache - Jornal Fatos e Not\u00edcias","og_description":"Embalado por esp\u00edrito de inven\u00e7\u00e3o oswaldiano, romance navega por v\u00e1rios g\u00eaneros, dos quadrinhos ao teatro 1931, Oswald de Andrade e Patr\u00edcia Galv\u00e3o acabam de ter seu jornal destru\u00eddo por estudantes de S\u00e3o Paulo e agora fazem uma turn\u00ea de palestras pelas capitais do Nordeste brasileiro. Mas uma amea\u00e7a espera por eles nas terras em que [&hellip;]","og_url":"https:\/\/jornalfatosenoticias.com.br\/index.php\/2022\/06\/29\/ficcao-inspirada-em-modernistas-inaugura-o-selo-cambalache\/","og_site_name":"Jornal Fatos e Not\u00edcias","article_published_time":"2022-06-29T17:55:09+00:00","article_modified_time":"2022-06-29T17:55:11+00:00","og_image":[{"width":1000,"height":464,"url":"https:\/\/jornalfatosenoticias.com.br\/wp-content\/uploads\/2022\/06\/CAPA_Alta_VAMOS-MATAR-OSWALD-2.png","type":"image\/png"}],"author":"Luzimara Fernandes","twitter_card":"summary_large_image","twitter_misc":{"Escrito por":"Luzimara Fernandes","Est. tempo de leitura":"1 minuto"},"schema":{"@context":"https:\/\/schema.org","@graph":[{"@type":"Article","@id":"https:\/\/jornalfatosenoticias.com.br\/index.php\/2022\/06\/29\/ficcao-inspirada-em-modernistas-inaugura-o-selo-cambalache\/#article","isPartOf":{"@id":"https:\/\/jornalfatosenoticias.com.br\/index.php\/2022\/06\/29\/ficcao-inspirada-em-modernistas-inaugura-o-selo-cambalache\/"},"author":{"name":"Luzimara Fernandes","@id":"https:\/\/jornalfatosenoticias.com.br\/#\/schema\/person\/d63837fa13ac8666eb9e74e0985d6f81"},"headline":"Fic\u00e7\u00e3o inspirada em modernistas inaugura o selo Cambalache","datePublished":"2022-06-29T17:55:09+00:00","dateModified":"2022-06-29T17:55:11+00:00","mainEntityOfPage":{"@id":"https:\/\/jornalfatosenoticias.com.br\/index.php\/2022\/06\/29\/ficcao-inspirada-em-modernistas-inaugura-o-selo-cambalache\/"},"wordCount":269,"commentCount":0,"publisher":{"@id":"https:\/\/jornalfatosenoticias.com.br\/#organization"},"image":{"@id":"https:\/\/jornalfatosenoticias.com.br\/index.php\/2022\/06\/29\/ficcao-inspirada-em-modernistas-inaugura-o-selo-cambalache\/#primaryimage"},"thumbnailUrl":"https:\/\/jornalfatosenoticias.com.br\/wp-content\/uploads\/2022\/06\/CAPA_Alta_VAMOS-MATAR-OSWALD-2.png","keywords":["Editora Cambaleche","obra modernista","Oswald de Andrade"],"articleSection":["Cultura"],"inLanguage":"pt-BR","potentialAction":[{"@type":"CommentAction","name":"Comment","target":["https:\/\/jornalfatosenoticias.com.br\/index.php\/2022\/06\/29\/ficcao-inspirada-em-modernistas-inaugura-o-selo-cambalache\/#respond"]}]},{"@type":"WebPage","@id":"https:\/\/jornalfatosenoticias.com.br\/index.php\/2022\/06\/29\/ficcao-inspirada-em-modernistas-inaugura-o-selo-cambalache\/","url":"https:\/\/jornalfatosenoticias.com.br\/index.php\/2022\/06\/29\/ficcao-inspirada-em-modernistas-inaugura-o-selo-cambalache\/","name":"Fic\u00e7\u00e3o inspirada em modernistas inaugura o selo Cambalache - Jornal Fatos e Not\u00edcias","isPartOf":{"@id":"https:\/\/jornalfatosenoticias.com.br\/#website"},"primaryImageOfPage":{"@id":"https:\/\/jornalfatosenoticias.com.br\/index.php\/2022\/06\/29\/ficcao-inspirada-em-modernistas-inaugura-o-selo-cambalache\/#primaryimage"},"image":{"@id":"https:\/\/jornalfatosenoticias.com.br\/index.php\/2022\/06\/29\/ficcao-inspirada-em-modernistas-inaugura-o-selo-cambalache\/#primaryimage"},"thumbnailUrl":"https:\/\/jornalfatosenoticias.com.br\/wp-content\/uploads\/2022\/06\/CAPA_Alta_VAMOS-MATAR-OSWALD-2.png","datePublished":"2022-06-29T17:55:09+00:00","dateModified":"2022-06-29T17:55:11+00:00","breadcrumb":{"@id":"https:\/\/jornalfatosenoticias.com.br\/index.php\/2022\/06\/29\/ficcao-inspirada-em-modernistas-inaugura-o-selo-cambalache\/#breadcrumb"},"inLanguage":"pt-BR","potentialAction":[{"@type":"ReadAction","target":["https:\/\/jornalfatosenoticias.com.br\/index.php\/2022\/06\/29\/ficcao-inspirada-em-modernistas-inaugura-o-selo-cambalache\/"]}]},{"@type":"ImageObject","inLanguage":"pt-BR","@id":"https:\/\/jornalfatosenoticias.com.br\/index.php\/2022\/06\/29\/ficcao-inspirada-em-modernistas-inaugura-o-selo-cambalache\/#primaryimage","url":"https:\/\/jornalfatosenoticias.com.br\/wp-content\/uploads\/2022\/06\/CAPA_Alta_VAMOS-MATAR-OSWALD-2.png","contentUrl":"https:\/\/jornalfatosenoticias.com.br\/wp-content\/uploads\/2022\/06\/CAPA_Alta_VAMOS-MATAR-OSWALD-2.png","width":1000,"height":464},{"@type":"BreadcrumbList","@id":"https:\/\/jornalfatosenoticias.com.br\/index.php\/2022\/06\/29\/ficcao-inspirada-em-modernistas-inaugura-o-selo-cambalache\/#breadcrumb","itemListElement":[{"@type":"ListItem","position":1,"name":"In\u00edcio","item":"https:\/\/jornalfatosenoticias.com.br\/"},{"@type":"ListItem","position":2,"name":"Fic\u00e7\u00e3o inspirada em modernistas inaugura o selo Cambalache"}]},{"@type":"WebSite","@id":"https:\/\/jornalfatosenoticias.com.br\/#website","url":"https:\/\/jornalfatosenoticias.com.br\/","name":"Jornal Fatos e Not\u00edcias","description":"Not\u00edcias em geral","publisher":{"@id":"https:\/\/jornalfatosenoticias.com.br\/#organization"},"potentialAction":[{"@type":"SearchAction","target":{"@type":"EntryPoint","urlTemplate":"https:\/\/jornalfatosenoticias.com.br\/?s={search_term_string}"},"query-input":{"@type":"PropertyValueSpecification","valueRequired":true,"valueName":"search_term_string"}}],"inLanguage":"pt-BR"},{"@type":"Organization","@id":"https:\/\/jornalfatosenoticias.com.br\/#organization","name":"Jornal Fatos e Not\u00edcias","url":"https:\/\/jornalfatosenoticias.com.br\/","logo":{"@type":"ImageObject","inLanguage":"pt-BR","@id":"https:\/\/jornalfatosenoticias.com.br\/#\/schema\/logo\/image\/","url":"https:\/\/jornalfatosenoticias.com.br\/wp-content\/uploads\/2020\/02\/logo120.png","contentUrl":"https:\/\/jornalfatosenoticias.com.br\/wp-content\/uploads\/2020\/02\/logo120.png","width":1227,"height":120,"caption":"Jornal Fatos e Not\u00edcias"},"image":{"@id":"https:\/\/jornalfatosenoticias.com.br\/#\/schema\/logo\/image\/"}},{"@type":"Person","@id":"https:\/\/jornalfatosenoticias.com.br\/#\/schema\/person\/d63837fa13ac8666eb9e74e0985d6f81","name":"Luzimara Fernandes","image":{"@type":"ImageObject","inLanguage":"pt-BR","@id":"https:\/\/jornalfatosenoticias.com.br\/#\/schema\/person\/image\/","url":"https:\/\/jornalfatosenoticias.com.br\/wp-content\/uploads\/2025\/05\/EU_portal.jpg","contentUrl":"https:\/\/jornalfatosenoticias.com.br\/wp-content\/uploads\/2025\/05\/EU_portal.jpg","caption":"Luzimara Fernandes"},"description":"Jornalista MTB 2358-ES","sameAs":["https:\/\/jornalfatosenoticias.com.br"],"url":"https:\/\/jornalfatosenoticias.com.br\/index.php\/author\/luzimara\/"}]}},"cc_featured_image_caption":{"caption_text":"(Foto: Divulga\u00e7\u00e3o) ","source_text":"","source_url":""},"jetpack_featured_media_url":"https:\/\/jornalfatosenoticias.com.br\/wp-content\/uploads\/2022\/06\/CAPA_Alta_VAMOS-MATAR-OSWALD-2.png","_links":{"self":[{"href":"https:\/\/jornalfatosenoticias.com.br\/index.php\/wp-json\/wp\/v2\/posts\/31833","targetHints":{"allow":["GET"]}}],"collection":[{"href":"https:\/\/jornalfatosenoticias.com.br\/index.php\/wp-json\/wp\/v2\/posts"}],"about":[{"href":"https:\/\/jornalfatosenoticias.com.br\/index.php\/wp-json\/wp\/v2\/types\/post"}],"author":[{"embeddable":true,"href":"https:\/\/jornalfatosenoticias.com.br\/index.php\/wp-json\/wp\/v2\/users\/2"}],"replies":[{"embeddable":true,"href":"https:\/\/jornalfatosenoticias.com.br\/index.php\/wp-json\/wp\/v2\/comments?post=31833"}],"version-history":[{"count":0,"href":"https:\/\/jornalfatosenoticias.com.br\/index.php\/wp-json\/wp\/v2\/posts\/31833\/revisions"}],"wp:featuredmedia":[{"embeddable":true,"href":"https:\/\/jornalfatosenoticias.com.br\/index.php\/wp-json\/wp\/v2\/media\/31835"}],"wp:attachment":[{"href":"https:\/\/jornalfatosenoticias.com.br\/index.php\/wp-json\/wp\/v2\/media?parent=31833"}],"wp:term":[{"taxonomy":"category","embeddable":true,"href":"https:\/\/jornalfatosenoticias.com.br\/index.php\/wp-json\/wp\/v2\/categories?post=31833"},{"taxonomy":"post_tag","embeddable":true,"href":"https:\/\/jornalfatosenoticias.com.br\/index.php\/wp-json\/wp\/v2\/tags?post=31833"}],"curies":[{"name":"wp","href":"https:\/\/api.w.org\/{rel}","templated":true}]}}