{"id":31845,"date":"2022-06-29T15:39:00","date_gmt":"2022-06-29T18:39:00","guid":{"rendered":"https:\/\/jornalfatosenoticias.com.br\/?p=31845"},"modified":"2022-06-29T15:39:04","modified_gmt":"2022-06-29T18:39:04","slug":"ministerio-da-educacao-lanca-a-rede-aprender-e-o-aplicativo-jornada-do-estudante","status":"publish","type":"post","link":"https:\/\/jornalfatosenoticias.com.br\/index.php\/2022\/06\/29\/ministerio-da-educacao-lanca-a-rede-aprender-e-o-aplicativo-jornada-do-estudante\/","title":{"rendered":"Minist\u00e9rio da Educa\u00e7\u00e3o lan\u00e7a a Rede Aprender e o aplicativo Jornada do Estudante"},"content":{"rendered":"\n<p><em><span class=\"has-inline-color has-black-color\">Solu\u00e7\u00f5es tecnol\u00f3gicas beneficiar\u00e3o estudantes, institui\u00e7\u00f5es de ensino e gestores de programas educacionais<\/span><\/em><\/p>\n\n\n\n<div class=\"wp-block-image\"><figure class=\"aligncenter size-large is-resized\"><img loading=\"lazy\" decoding=\"async\" src=\"https:\/\/jornalfatosenoticias.com.br\/wp-content\/uploads\/2022\/02\/Arte-Autoescola-Galatas_endereco_portal-1024x103.png\" alt=\"\" class=\"wp-image-27869\" width=\"510\" height=\"51\" srcset=\"https:\/\/jornalfatosenoticias.com.br\/wp-content\/uploads\/2022\/02\/Arte-Autoescola-Galatas_endereco_portal-1024x103.png 1024w, https:\/\/jornalfatosenoticias.com.br\/wp-content\/uploads\/2022\/02\/Arte-Autoescola-Galatas_endereco_portal-300x30.png 300w, https:\/\/jornalfatosenoticias.com.br\/wp-content\/uploads\/2022\/02\/Arte-Autoescola-Galatas_endereco_portal-768x77.png 768w, https:\/\/jornalfatosenoticias.com.br\/wp-content\/uploads\/2022\/02\/Arte-Autoescola-Galatas_endereco_portal.png 1223w\" sizes=\"auto, (max-width: 510px) 100vw, 510px\" \/><\/figure><\/div>\n\n\n\n<p>O Minist\u00e9rio da Educa\u00e7\u00e3o (MEC) lan\u00e7ou, nesta ter\u00e7a-feira (28), duas importantes a\u00e7\u00f5es que beneficiar\u00e3o estudantes, institui\u00e7\u00f5es de ensino e gestores de programas educacionais de todo o Brasil. A Rede Aprender e o aplicativo <a href=\"https:\/\/www.gov.br\/mec\/pt-br\/jornadadoestudante\">Jornada do Estudante<\/a> s\u00e3o solu\u00e7\u00f5es baseadas em dados, elas re\u00fanem e disponibilizam informa\u00e7\u00f5es educacionais com o intuito de facilitar o cotidiano de quem aprende e o de quem ensina.<br>A Rede Aprender objetiva a constru\u00e7\u00e3o da Plataforma Nacional de Interoperabilidade e An\u00e1lise de Dados da Educa\u00e7\u00e3o, que na pr\u00e1tica receber\u00e1 dados das institui\u00e7\u00f5es de ensino e abastecer\u00e1 outras ferramentas educacionais, por exemplo, os sistemas de informa\u00e7\u00e3o da Plataforma Sucupira da Coordena\u00e7\u00e3o de Aperfei\u00e7oamento de Pessoal de N\u00edvel Superior (Capes), de Gest\u00e3o Acad\u00eamica das pr\u00f3prias institui\u00e7\u00f5es e do aplicativo Jornada do Estudante. A Rede est\u00e1 sendo desenvolvida devido a uma parceria do MEC com a Capes e a RNP.<\/p>\n\n\n\n<div class=\"wp-block-image\"><figure class=\"alignright size-large is-resized\"><img loading=\"lazy\" decoding=\"async\" src=\"https:\/\/jornalfatosenoticias.com.br\/wp-content\/uploads\/2022\/02\/Precisao-Contabilidade-1024x724.jpg\" alt=\"\" class=\"wp-image-28088\" width=\"276\" height=\"194\"\/><\/figure><\/div>\n\n\n\n<p>A Rede Aprender englobar\u00e1 os principais conjuntos de dados no contexto da educa\u00e7\u00e3o: estudantes, profissionais da educa\u00e7\u00e3o, institui\u00e7\u00f5es de ensino e gest\u00e3o de programas educacionais. A integra\u00e7\u00e3o desses dados na Rede ser\u00e1 realizada de forma gradativa at\u00e9 ser concretizada como infovia \u00fanica de interoperabilidade nacional na \u00e1rea da educa\u00e7\u00e3o. Futuramente, essa plataforma possibilitar\u00e1 compartilhar dados entre as institui\u00e7\u00f5es educacionais e realizar an\u00e1lises com mais transpar\u00eancia \u00e0 sociedade.<br>Outra novidade a ser apresentada na cerim\u00f4nia \u00e9 o aplicativo Jornada do Estudante que foi desenvolvido devido a uma parceria entre a Subsecretaria de Tecnologia da Informa\u00e7\u00e3o e Comunica\u00e7\u00e3o (STIC) do MEC, a Universidade Federal de Santa Catarina, a Secretaria de Governo Digital (SGD) do Minist\u00e9rio da Economia e a Secretaria Especial de Moderniza\u00e7\u00e3o do Estado (Seme) da Casa Civil. <\/p>\n\n\n\n<div class=\"wp-block-image\"><figure class=\"aligncenter size-large is-resized\"><img loading=\"lazy\" decoding=\"async\" src=\"https:\/\/jornalfatosenoticias.com.br\/wp-content\/uploads\/2022\/05\/NOVA-LOGO-CESCONETTO-1024x100.jpg\" alt=\"\" class=\"wp-image-30792\" width=\"530\" height=\"51\" srcset=\"https:\/\/jornalfatosenoticias.com.br\/wp-content\/uploads\/2022\/05\/NOVA-LOGO-CESCONETTO-1024x100.jpg 1024w, https:\/\/jornalfatosenoticias.com.br\/wp-content\/uploads\/2022\/05\/NOVA-LOGO-CESCONETTO-300x29.jpg 300w, https:\/\/jornalfatosenoticias.com.br\/wp-content\/uploads\/2022\/05\/NOVA-LOGO-CESCONETTO-768x75.jpg 768w, https:\/\/jornalfatosenoticias.com.br\/wp-content\/uploads\/2022\/05\/NOVA-LOGO-CESCONETTO.jpg 1280w\" sizes=\"auto, (max-width: 530px) 100vw, 530px\" \/><\/figure><\/div>\n\n\n\n<p>Esse aplicativo permitir\u00e1 que o MEC se comunique diretamente com os estudantes do Pa\u00eds e, em breve, tamb\u00e9m ser\u00e1 poss\u00edvel acompanhar os registros estudantis, desde a educa\u00e7\u00e3o infantil \u00e0 p\u00f3s-gradua\u00e7\u00e3o, em tempo real, sem a necessidade de deslocamentos f\u00edsicos \u00e0s institui\u00e7\u00f5es educacionais.<br>Tudo funcionar\u00e1 em formato digital para que o interessado possa visualizar, baixar e compartilhar. Neste primeiro momento, por meio do aplicativo, o MEC abrir\u00e1 um canal direto de comunica\u00e7\u00e3o com os estudantes, o qual fornecer\u00e1 informa\u00e7\u00f5es de interesse dele, por exemplo: a data de abertura das inscri\u00e7\u00f5es para o Exame Nacional do Ensino M\u00e9dio (Enem) e demais processos seletivos, como o Sisu, Prouni e Fies.<\/p>\n\n\n\n<div class=\"wp-block-image\"><figure class=\"aligncenter size-large is-resized\"><img loading=\"lazy\" decoding=\"async\" src=\"https:\/\/jornalfatosenoticias.com.br\/wp-content\/uploads\/2022\/02\/Serra-Pack-459.png\" alt=\"\" class=\"wp-image-27471\" width=\"310\" height=\"124\"\/><\/figure><\/div>\n\n\n\n<p><strong><em>Fonte: <a href=\"https:\/\/www.gov.br\/mec\/pt-br\/jornadadoestudante\">MEC<\/a><\/em><\/strong><\/p>\n","protected":false},"excerpt":{"rendered":"<p>Solu\u00e7\u00f5es tecnol\u00f3gicas beneficiar\u00e3o estudantes, institui\u00e7\u00f5es de ensino e gestores de programas educacionais O Minist\u00e9rio da Educa\u00e7\u00e3o (MEC) lan\u00e7ou, nesta ter\u00e7a-feira (28), duas importantes a\u00e7\u00f5es que beneficiar\u00e3o estudantes, institui\u00e7\u00f5es de ensino e gestores de programas educacionais de todo o Brasil. A Rede Aprender e o aplicativo Jornada do Estudante s\u00e3o solu\u00e7\u00f5es baseadas em dados, elas re\u00fanem [&hellip;]<\/p>\n","protected":false},"author":2,"featured_media":31846,"comment_status":"open","ping_status":"open","sticky":false,"template":"","format":"standard","meta":{"footnotes":""},"categories":[7],"tags":[2565,15066,10127,15068,15067,11951],"class_list":["post-31845","post","type-post","status-publish","format-standard","has-post-thumbnail","hentry","category-educacao","tag-aplicativo","tag-jornada-do-estudante","tag-ministerio-da-educacao","tag-programas-educacionais","tag-rede-aprender","tag-solucoes-tecnologicas"],"yoast_head":"<!-- This site is optimized with the Yoast SEO plugin v26.5 - https:\/\/yoast.com\/wordpress\/plugins\/seo\/ -->\n<title>Minist\u00e9rio da Educa\u00e7\u00e3o lan\u00e7a a Rede Aprender e o aplicativo Jornada do Estudante - Jornal Fatos e Not\u00edcias<\/title>\n<meta name=\"robots\" content=\"index, follow, max-snippet:-1, max-image-preview:large, max-video-preview:-1\" \/>\n<link rel=\"canonical\" href=\"https:\/\/jornalfatosenoticias.com.br\/index.php\/2022\/06\/29\/ministerio-da-educacao-lanca-a-rede-aprender-e-o-aplicativo-jornada-do-estudante\/\" \/>\n<meta property=\"og:locale\" content=\"pt_BR\" \/>\n<meta property=\"og:type\" content=\"article\" \/>\n<meta property=\"og:title\" content=\"Minist\u00e9rio da Educa\u00e7\u00e3o lan\u00e7a a Rede Aprender e o aplicativo Jornada do Estudante - Jornal Fatos e Not\u00edcias\" \/>\n<meta property=\"og:description\" content=\"Solu\u00e7\u00f5es tecnol\u00f3gicas beneficiar\u00e3o estudantes, institui\u00e7\u00f5es de ensino e gestores de programas educacionais O Minist\u00e9rio da Educa\u00e7\u00e3o (MEC) lan\u00e7ou, nesta ter\u00e7a-feira (28), duas importantes a\u00e7\u00f5es que beneficiar\u00e3o estudantes, institui\u00e7\u00f5es de ensino e gestores de programas educacionais de todo o Brasil. A Rede Aprender e o aplicativo Jornada do Estudante s\u00e3o solu\u00e7\u00f5es baseadas em dados, elas re\u00fanem [&hellip;]\" \/>\n<meta property=\"og:url\" content=\"https:\/\/jornalfatosenoticias.com.br\/index.php\/2022\/06\/29\/ministerio-da-educacao-lanca-a-rede-aprender-e-o-aplicativo-jornada-do-estudante\/\" \/>\n<meta property=\"og:site_name\" content=\"Jornal Fatos e Not\u00edcias\" \/>\n<meta property=\"article:published_time\" content=\"2022-06-29T18:39:00+00:00\" \/>\n<meta property=\"article:modified_time\" content=\"2022-06-29T18:39:04+00:00\" \/>\n<meta property=\"og:image\" content=\"https:\/\/jornalfatosenoticias.com.br\/wp-content\/uploads\/2022\/06\/JORNADA-DO-ESTUDANTE.png\" \/>\n\t<meta property=\"og:image:width\" content=\"1000\" \/>\n\t<meta property=\"og:image:height\" content=\"163\" \/>\n\t<meta property=\"og:image:type\" content=\"image\/png\" \/>\n<meta name=\"author\" content=\"Luzimara Fernandes\" \/>\n<meta name=\"twitter:card\" content=\"summary_large_image\" \/>\n<meta name=\"twitter:label1\" content=\"Escrito por\" \/>\n\t<meta name=\"twitter:data1\" content=\"Luzimara Fernandes\" \/>\n\t<meta name=\"twitter:label2\" content=\"Est. tempo de leitura\" \/>\n\t<meta name=\"twitter:data2\" content=\"2 minutos\" \/>\n<script type=\"application\/ld+json\" class=\"yoast-schema-graph\">{\"@context\":\"https:\/\/schema.org\",\"@graph\":[{\"@type\":\"Article\",\"@id\":\"https:\/\/jornalfatosenoticias.com.br\/index.php\/2022\/06\/29\/ministerio-da-educacao-lanca-a-rede-aprender-e-o-aplicativo-jornada-do-estudante\/#article\",\"isPartOf\":{\"@id\":\"https:\/\/jornalfatosenoticias.com.br\/index.php\/2022\/06\/29\/ministerio-da-educacao-lanca-a-rede-aprender-e-o-aplicativo-jornada-do-estudante\/\"},\"author\":{\"name\":\"Luzimara Fernandes\",\"@id\":\"https:\/\/jornalfatosenoticias.com.br\/#\/schema\/person\/d63837fa13ac8666eb9e74e0985d6f81\"},\"headline\":\"Minist\u00e9rio da Educa\u00e7\u00e3o lan\u00e7a a Rede Aprender e o aplicativo Jornada do Estudante\",\"datePublished\":\"2022-06-29T18:39:00+00:00\",\"dateModified\":\"2022-06-29T18:39:04+00:00\",\"mainEntityOfPage\":{\"@id\":\"https:\/\/jornalfatosenoticias.com.br\/index.php\/2022\/06\/29\/ministerio-da-educacao-lanca-a-rede-aprender-e-o-aplicativo-jornada-do-estudante\/\"},\"wordCount\":455,\"commentCount\":0,\"publisher\":{\"@id\":\"https:\/\/jornalfatosenoticias.com.br\/#organization\"},\"image\":{\"@id\":\"https:\/\/jornalfatosenoticias.com.br\/index.php\/2022\/06\/29\/ministerio-da-educacao-lanca-a-rede-aprender-e-o-aplicativo-jornada-do-estudante\/#primaryimage\"},\"thumbnailUrl\":\"https:\/\/jornalfatosenoticias.com.br\/wp-content\/uploads\/2022\/06\/JORNADA-DO-ESTUDANTE.png\",\"keywords\":[\"aplicativo\",\"Jornada do Estudante\",\"Minist\u00e9rio da Educa\u00e7\u00e3o\",\"programas educacionais\",\"Rede Aprender\",\"solu\u00e7\u00f5es tecnol\u00f3gicas\"],\"articleSection\":[\"Educa\u00e7\u00e3o\"],\"inLanguage\":\"pt-BR\",\"potentialAction\":[{\"@type\":\"CommentAction\",\"name\":\"Comment\",\"target\":[\"https:\/\/jornalfatosenoticias.com.br\/index.php\/2022\/06\/29\/ministerio-da-educacao-lanca-a-rede-aprender-e-o-aplicativo-jornada-do-estudante\/#respond\"]}]},{\"@type\":\"WebPage\",\"@id\":\"https:\/\/jornalfatosenoticias.com.br\/index.php\/2022\/06\/29\/ministerio-da-educacao-lanca-a-rede-aprender-e-o-aplicativo-jornada-do-estudante\/\",\"url\":\"https:\/\/jornalfatosenoticias.com.br\/index.php\/2022\/06\/29\/ministerio-da-educacao-lanca-a-rede-aprender-e-o-aplicativo-jornada-do-estudante\/\",\"name\":\"Minist\u00e9rio da Educa\u00e7\u00e3o lan\u00e7a a Rede Aprender e o aplicativo Jornada do Estudante - Jornal Fatos e Not\u00edcias\",\"isPartOf\":{\"@id\":\"https:\/\/jornalfatosenoticias.com.br\/#website\"},\"primaryImageOfPage\":{\"@id\":\"https:\/\/jornalfatosenoticias.com.br\/index.php\/2022\/06\/29\/ministerio-da-educacao-lanca-a-rede-aprender-e-o-aplicativo-jornada-do-estudante\/#primaryimage\"},\"image\":{\"@id\":\"https:\/\/jornalfatosenoticias.com.br\/index.php\/2022\/06\/29\/ministerio-da-educacao-lanca-a-rede-aprender-e-o-aplicativo-jornada-do-estudante\/#primaryimage\"},\"thumbnailUrl\":\"https:\/\/jornalfatosenoticias.com.br\/wp-content\/uploads\/2022\/06\/JORNADA-DO-ESTUDANTE.png\",\"datePublished\":\"2022-06-29T18:39:00+00:00\",\"dateModified\":\"2022-06-29T18:39:04+00:00\",\"breadcrumb\":{\"@id\":\"https:\/\/jornalfatosenoticias.com.br\/index.php\/2022\/06\/29\/ministerio-da-educacao-lanca-a-rede-aprender-e-o-aplicativo-jornada-do-estudante\/#breadcrumb\"},\"inLanguage\":\"pt-BR\",\"potentialAction\":[{\"@type\":\"ReadAction\",\"target\":[\"https:\/\/jornalfatosenoticias.com.br\/index.php\/2022\/06\/29\/ministerio-da-educacao-lanca-a-rede-aprender-e-o-aplicativo-jornada-do-estudante\/\"]}]},{\"@type\":\"ImageObject\",\"inLanguage\":\"pt-BR\",\"@id\":\"https:\/\/jornalfatosenoticias.com.br\/index.php\/2022\/06\/29\/ministerio-da-educacao-lanca-a-rede-aprender-e-o-aplicativo-jornada-do-estudante\/#primaryimage\",\"url\":\"https:\/\/jornalfatosenoticias.com.br\/wp-content\/uploads\/2022\/06\/JORNADA-DO-ESTUDANTE.png\",\"contentUrl\":\"https:\/\/jornalfatosenoticias.com.br\/wp-content\/uploads\/2022\/06\/JORNADA-DO-ESTUDANTE.png\",\"width\":1000,\"height\":163},{\"@type\":\"BreadcrumbList\",\"@id\":\"https:\/\/jornalfatosenoticias.com.br\/index.php\/2022\/06\/29\/ministerio-da-educacao-lanca-a-rede-aprender-e-o-aplicativo-jornada-do-estudante\/#breadcrumb\",\"itemListElement\":[{\"@type\":\"ListItem\",\"position\":1,\"name\":\"In\u00edcio\",\"item\":\"https:\/\/jornalfatosenoticias.com.br\/\"},{\"@type\":\"ListItem\",\"position\":2,\"name\":\"Minist\u00e9rio da Educa\u00e7\u00e3o lan\u00e7a a Rede Aprender e o aplicativo Jornada do Estudante\"}]},{\"@type\":\"WebSite\",\"@id\":\"https:\/\/jornalfatosenoticias.com.br\/#website\",\"url\":\"https:\/\/jornalfatosenoticias.com.br\/\",\"name\":\"Jornal Fatos e Not\u00edcias\",\"description\":\"Not\u00edcias em geral\",\"publisher\":{\"@id\":\"https:\/\/jornalfatosenoticias.com.br\/#organization\"},\"potentialAction\":[{\"@type\":\"SearchAction\",\"target\":{\"@type\":\"EntryPoint\",\"urlTemplate\":\"https:\/\/jornalfatosenoticias.com.br\/?s={search_term_string}\"},\"query-input\":{\"@type\":\"PropertyValueSpecification\",\"valueRequired\":true,\"valueName\":\"search_term_string\"}}],\"inLanguage\":\"pt-BR\"},{\"@type\":\"Organization\",\"@id\":\"https:\/\/jornalfatosenoticias.com.br\/#organization\",\"name\":\"Jornal Fatos e Not\u00edcias\",\"url\":\"https:\/\/jornalfatosenoticias.com.br\/\",\"logo\":{\"@type\":\"ImageObject\",\"inLanguage\":\"pt-BR\",\"@id\":\"https:\/\/jornalfatosenoticias.com.br\/#\/schema\/logo\/image\/\",\"url\":\"https:\/\/jornalfatosenoticias.com.br\/wp-content\/uploads\/2020\/02\/logo120.png\",\"contentUrl\":\"https:\/\/jornalfatosenoticias.com.br\/wp-content\/uploads\/2020\/02\/logo120.png\",\"width\":1227,\"height\":120,\"caption\":\"Jornal Fatos e Not\u00edcias\"},\"image\":{\"@id\":\"https:\/\/jornalfatosenoticias.com.br\/#\/schema\/logo\/image\/\"}},{\"@type\":\"Person\",\"@id\":\"https:\/\/jornalfatosenoticias.com.br\/#\/schema\/person\/d63837fa13ac8666eb9e74e0985d6f81\",\"name\":\"Luzimara Fernandes\",\"image\":{\"@type\":\"ImageObject\",\"inLanguage\":\"pt-BR\",\"@id\":\"https:\/\/jornalfatosenoticias.com.br\/#\/schema\/person\/image\/\",\"url\":\"https:\/\/jornalfatosenoticias.com.br\/wp-content\/uploads\/2025\/05\/EU_portal.jpg\",\"contentUrl\":\"https:\/\/jornalfatosenoticias.com.br\/wp-content\/uploads\/2025\/05\/EU_portal.jpg\",\"caption\":\"Luzimara Fernandes\"},\"description\":\"Jornalista MTB 2358-ES\",\"sameAs\":[\"https:\/\/jornalfatosenoticias.com.br\"],\"url\":\"https:\/\/jornalfatosenoticias.com.br\/index.php\/author\/luzimara\/\"}]}<\/script>\n<!-- \/ Yoast SEO plugin. -->","yoast_head_json":{"title":"Minist\u00e9rio da Educa\u00e7\u00e3o lan\u00e7a a Rede Aprender e o aplicativo Jornada do Estudante - Jornal Fatos e Not\u00edcias","robots":{"index":"index","follow":"follow","max-snippet":"max-snippet:-1","max-image-preview":"max-image-preview:large","max-video-preview":"max-video-preview:-1"},"canonical":"https:\/\/jornalfatosenoticias.com.br\/index.php\/2022\/06\/29\/ministerio-da-educacao-lanca-a-rede-aprender-e-o-aplicativo-jornada-do-estudante\/","og_locale":"pt_BR","og_type":"article","og_title":"Minist\u00e9rio da Educa\u00e7\u00e3o lan\u00e7a a Rede Aprender e o aplicativo Jornada do Estudante - Jornal Fatos e Not\u00edcias","og_description":"Solu\u00e7\u00f5es tecnol\u00f3gicas beneficiar\u00e3o estudantes, institui\u00e7\u00f5es de ensino e gestores de programas educacionais O Minist\u00e9rio da Educa\u00e7\u00e3o (MEC) lan\u00e7ou, nesta ter\u00e7a-feira (28), duas importantes a\u00e7\u00f5es que beneficiar\u00e3o estudantes, institui\u00e7\u00f5es de ensino e gestores de programas educacionais de todo o Brasil. A Rede Aprender e o aplicativo Jornada do Estudante s\u00e3o solu\u00e7\u00f5es baseadas em dados, elas re\u00fanem [&hellip;]","og_url":"https:\/\/jornalfatosenoticias.com.br\/index.php\/2022\/06\/29\/ministerio-da-educacao-lanca-a-rede-aprender-e-o-aplicativo-jornada-do-estudante\/","og_site_name":"Jornal Fatos e Not\u00edcias","article_published_time":"2022-06-29T18:39:00+00:00","article_modified_time":"2022-06-29T18:39:04+00:00","og_image":[{"width":1000,"height":163,"url":"https:\/\/jornalfatosenoticias.com.br\/wp-content\/uploads\/2022\/06\/JORNADA-DO-ESTUDANTE.png","type":"image\/png"}],"author":"Luzimara Fernandes","twitter_card":"summary_large_image","twitter_misc":{"Escrito por":"Luzimara Fernandes","Est. tempo de leitura":"2 minutos"},"schema":{"@context":"https:\/\/schema.org","@graph":[{"@type":"Article","@id":"https:\/\/jornalfatosenoticias.com.br\/index.php\/2022\/06\/29\/ministerio-da-educacao-lanca-a-rede-aprender-e-o-aplicativo-jornada-do-estudante\/#article","isPartOf":{"@id":"https:\/\/jornalfatosenoticias.com.br\/index.php\/2022\/06\/29\/ministerio-da-educacao-lanca-a-rede-aprender-e-o-aplicativo-jornada-do-estudante\/"},"author":{"name":"Luzimara Fernandes","@id":"https:\/\/jornalfatosenoticias.com.br\/#\/schema\/person\/d63837fa13ac8666eb9e74e0985d6f81"},"headline":"Minist\u00e9rio da Educa\u00e7\u00e3o lan\u00e7a a Rede Aprender e o aplicativo Jornada do Estudante","datePublished":"2022-06-29T18:39:00+00:00","dateModified":"2022-06-29T18:39:04+00:00","mainEntityOfPage":{"@id":"https:\/\/jornalfatosenoticias.com.br\/index.php\/2022\/06\/29\/ministerio-da-educacao-lanca-a-rede-aprender-e-o-aplicativo-jornada-do-estudante\/"},"wordCount":455,"commentCount":0,"publisher":{"@id":"https:\/\/jornalfatosenoticias.com.br\/#organization"},"image":{"@id":"https:\/\/jornalfatosenoticias.com.br\/index.php\/2022\/06\/29\/ministerio-da-educacao-lanca-a-rede-aprender-e-o-aplicativo-jornada-do-estudante\/#primaryimage"},"thumbnailUrl":"https:\/\/jornalfatosenoticias.com.br\/wp-content\/uploads\/2022\/06\/JORNADA-DO-ESTUDANTE.png","keywords":["aplicativo","Jornada do Estudante","Minist\u00e9rio da Educa\u00e7\u00e3o","programas educacionais","Rede Aprender","solu\u00e7\u00f5es tecnol\u00f3gicas"],"articleSection":["Educa\u00e7\u00e3o"],"inLanguage":"pt-BR","potentialAction":[{"@type":"CommentAction","name":"Comment","target":["https:\/\/jornalfatosenoticias.com.br\/index.php\/2022\/06\/29\/ministerio-da-educacao-lanca-a-rede-aprender-e-o-aplicativo-jornada-do-estudante\/#respond"]}]},{"@type":"WebPage","@id":"https:\/\/jornalfatosenoticias.com.br\/index.php\/2022\/06\/29\/ministerio-da-educacao-lanca-a-rede-aprender-e-o-aplicativo-jornada-do-estudante\/","url":"https:\/\/jornalfatosenoticias.com.br\/index.php\/2022\/06\/29\/ministerio-da-educacao-lanca-a-rede-aprender-e-o-aplicativo-jornada-do-estudante\/","name":"Minist\u00e9rio da Educa\u00e7\u00e3o lan\u00e7a a Rede Aprender e o aplicativo Jornada do Estudante - Jornal Fatos e Not\u00edcias","isPartOf":{"@id":"https:\/\/jornalfatosenoticias.com.br\/#website"},"primaryImageOfPage":{"@id":"https:\/\/jornalfatosenoticias.com.br\/index.php\/2022\/06\/29\/ministerio-da-educacao-lanca-a-rede-aprender-e-o-aplicativo-jornada-do-estudante\/#primaryimage"},"image":{"@id":"https:\/\/jornalfatosenoticias.com.br\/index.php\/2022\/06\/29\/ministerio-da-educacao-lanca-a-rede-aprender-e-o-aplicativo-jornada-do-estudante\/#primaryimage"},"thumbnailUrl":"https:\/\/jornalfatosenoticias.com.br\/wp-content\/uploads\/2022\/06\/JORNADA-DO-ESTUDANTE.png","datePublished":"2022-06-29T18:39:00+00:00","dateModified":"2022-06-29T18:39:04+00:00","breadcrumb":{"@id":"https:\/\/jornalfatosenoticias.com.br\/index.php\/2022\/06\/29\/ministerio-da-educacao-lanca-a-rede-aprender-e-o-aplicativo-jornada-do-estudante\/#breadcrumb"},"inLanguage":"pt-BR","potentialAction":[{"@type":"ReadAction","target":["https:\/\/jornalfatosenoticias.com.br\/index.php\/2022\/06\/29\/ministerio-da-educacao-lanca-a-rede-aprender-e-o-aplicativo-jornada-do-estudante\/"]}]},{"@type":"ImageObject","inLanguage":"pt-BR","@id":"https:\/\/jornalfatosenoticias.com.br\/index.php\/2022\/06\/29\/ministerio-da-educacao-lanca-a-rede-aprender-e-o-aplicativo-jornada-do-estudante\/#primaryimage","url":"https:\/\/jornalfatosenoticias.com.br\/wp-content\/uploads\/2022\/06\/JORNADA-DO-ESTUDANTE.png","contentUrl":"https:\/\/jornalfatosenoticias.com.br\/wp-content\/uploads\/2022\/06\/JORNADA-DO-ESTUDANTE.png","width":1000,"height":163},{"@type":"BreadcrumbList","@id":"https:\/\/jornalfatosenoticias.com.br\/index.php\/2022\/06\/29\/ministerio-da-educacao-lanca-a-rede-aprender-e-o-aplicativo-jornada-do-estudante\/#breadcrumb","itemListElement":[{"@type":"ListItem","position":1,"name":"In\u00edcio","item":"https:\/\/jornalfatosenoticias.com.br\/"},{"@type":"ListItem","position":2,"name":"Minist\u00e9rio da Educa\u00e7\u00e3o lan\u00e7a a Rede Aprender e o aplicativo Jornada do Estudante"}]},{"@type":"WebSite","@id":"https:\/\/jornalfatosenoticias.com.br\/#website","url":"https:\/\/jornalfatosenoticias.com.br\/","name":"Jornal Fatos e Not\u00edcias","description":"Not\u00edcias em geral","publisher":{"@id":"https:\/\/jornalfatosenoticias.com.br\/#organization"},"potentialAction":[{"@type":"SearchAction","target":{"@type":"EntryPoint","urlTemplate":"https:\/\/jornalfatosenoticias.com.br\/?s={search_term_string}"},"query-input":{"@type":"PropertyValueSpecification","valueRequired":true,"valueName":"search_term_string"}}],"inLanguage":"pt-BR"},{"@type":"Organization","@id":"https:\/\/jornalfatosenoticias.com.br\/#organization","name":"Jornal Fatos e Not\u00edcias","url":"https:\/\/jornalfatosenoticias.com.br\/","logo":{"@type":"ImageObject","inLanguage":"pt-BR","@id":"https:\/\/jornalfatosenoticias.com.br\/#\/schema\/logo\/image\/","url":"https:\/\/jornalfatosenoticias.com.br\/wp-content\/uploads\/2020\/02\/logo120.png","contentUrl":"https:\/\/jornalfatosenoticias.com.br\/wp-content\/uploads\/2020\/02\/logo120.png","width":1227,"height":120,"caption":"Jornal Fatos e Not\u00edcias"},"image":{"@id":"https:\/\/jornalfatosenoticias.com.br\/#\/schema\/logo\/image\/"}},{"@type":"Person","@id":"https:\/\/jornalfatosenoticias.com.br\/#\/schema\/person\/d63837fa13ac8666eb9e74e0985d6f81","name":"Luzimara Fernandes","image":{"@type":"ImageObject","inLanguage":"pt-BR","@id":"https:\/\/jornalfatosenoticias.com.br\/#\/schema\/person\/image\/","url":"https:\/\/jornalfatosenoticias.com.br\/wp-content\/uploads\/2025\/05\/EU_portal.jpg","contentUrl":"https:\/\/jornalfatosenoticias.com.br\/wp-content\/uploads\/2025\/05\/EU_portal.jpg","caption":"Luzimara Fernandes"},"description":"Jornalista MTB 2358-ES","sameAs":["https:\/\/jornalfatosenoticias.com.br"],"url":"https:\/\/jornalfatosenoticias.com.br\/index.php\/author\/luzimara\/"}]}},"cc_featured_image_caption":{"caption_text":"(Foto: Divulga\u00e7\u00e3o\/MEC) ","source_text":"","source_url":""},"jetpack_featured_media_url":"https:\/\/jornalfatosenoticias.com.br\/wp-content\/uploads\/2022\/06\/JORNADA-DO-ESTUDANTE.png","_links":{"self":[{"href":"https:\/\/jornalfatosenoticias.com.br\/index.php\/wp-json\/wp\/v2\/posts\/31845","targetHints":{"allow":["GET"]}}],"collection":[{"href":"https:\/\/jornalfatosenoticias.com.br\/index.php\/wp-json\/wp\/v2\/posts"}],"about":[{"href":"https:\/\/jornalfatosenoticias.com.br\/index.php\/wp-json\/wp\/v2\/types\/post"}],"author":[{"embeddable":true,"href":"https:\/\/jornalfatosenoticias.com.br\/index.php\/wp-json\/wp\/v2\/users\/2"}],"replies":[{"embeddable":true,"href":"https:\/\/jornalfatosenoticias.com.br\/index.php\/wp-json\/wp\/v2\/comments?post=31845"}],"version-history":[{"count":0,"href":"https:\/\/jornalfatosenoticias.com.br\/index.php\/wp-json\/wp\/v2\/posts\/31845\/revisions"}],"wp:featuredmedia":[{"embeddable":true,"href":"https:\/\/jornalfatosenoticias.com.br\/index.php\/wp-json\/wp\/v2\/media\/31846"}],"wp:attachment":[{"href":"https:\/\/jornalfatosenoticias.com.br\/index.php\/wp-json\/wp\/v2\/media?parent=31845"}],"wp:term":[{"taxonomy":"category","embeddable":true,"href":"https:\/\/jornalfatosenoticias.com.br\/index.php\/wp-json\/wp\/v2\/categories?post=31845"},{"taxonomy":"post_tag","embeddable":true,"href":"https:\/\/jornalfatosenoticias.com.br\/index.php\/wp-json\/wp\/v2\/tags?post=31845"}],"curies":[{"name":"wp","href":"https:\/\/api.w.org\/{rel}","templated":true}]}}