{"id":31856,"date":"2022-06-30T13:21:17","date_gmt":"2022-06-30T16:21:17","guid":{"rendered":"https:\/\/jornalfatosenoticias.com.br\/?p=31856"},"modified":"2022-06-30T13:21:18","modified_gmt":"2022-06-30T16:21:18","slug":"torturar-uma-crianca-a-vulnerabilidade-a-tolerancia-parte-x","status":"publish","type":"post","link":"https:\/\/jornalfatosenoticias.com.br\/index.php\/2022\/06\/30\/torturar-uma-crianca-a-vulnerabilidade-a-tolerancia-parte-x\/","title":{"rendered":"Torturar uma Crian\u00e7a, a vulnerabilidade, a toler\u00e2ncia \u2014 Parte X"},"content":{"rendered":"\n<p><em><span class=\"has-inline-color has-black-color\">O cuidado \u00e9 um valor jur\u00eddico, mas \u00e9 o descuidado que frequenta as salas da justi\u00e7a<\/span><\/em><\/p>\n\n\n\n<div class=\"wp-block-image\"><figure class=\"aligncenter size-large is-resized\"><img loading=\"lazy\" decoding=\"async\" src=\"https:\/\/jornalfatosenoticias.com.br\/wp-content\/uploads\/2022\/02\/Arte-Autoescola-Galatas_endereco_portal-1024x103.png\" alt=\"\" class=\"wp-image-27869\" width=\"540\" height=\"54\" srcset=\"https:\/\/jornalfatosenoticias.com.br\/wp-content\/uploads\/2022\/02\/Arte-Autoescola-Galatas_endereco_portal-1024x103.png 1024w, https:\/\/jornalfatosenoticias.com.br\/wp-content\/uploads\/2022\/02\/Arte-Autoescola-Galatas_endereco_portal-300x30.png 300w, https:\/\/jornalfatosenoticias.com.br\/wp-content\/uploads\/2022\/02\/Arte-Autoescola-Galatas_endereco_portal-768x77.png 768w, https:\/\/jornalfatosenoticias.com.br\/wp-content\/uploads\/2022\/02\/Arte-Autoescola-Galatas_endereco_portal.png 1223w\" sizes=\"auto, (max-width: 540px) 100vw, 540px\" \/><\/figure><\/div>\n\n\n\n<p>Tortura f\u00edsica, com marcas vis\u00edveis ou invis\u00edveis, com sequelas vis\u00edveis ou invis\u00edveis. Tortura psicol\u00f3gica que, geralmente, s\u00f3 mostra suas sequelas muitos anos depois, j\u00e1 cristalizadas como sintomas.<br>Tortura Institucional, a judicializa\u00e7\u00e3o da inf\u00e2ncia, fase do desenvolvimento que acaba e que os processos seguem, sem respeito ao tempo que foi perdido pela Crian\u00e7a. Nessa judicializa\u00e7\u00e3o, em nome do sabor do exerc\u00edcio do Poder, Operadores de Justi\u00e7a perdem a boa e velha no\u00e7\u00e3o b\u00e1sica do bom senso, das necessidades primordiais, e subvertem a ordem da natureza, obrigando Crian\u00e7as a sufocarem afetos que seriam estruturantes da personalidade e princ\u00edpios do car\u00e1ter.<\/p>\n\n\n\n<div class=\"wp-block-image\"><figure class=\"alignleft size-large is-resized\"><img loading=\"lazy\" decoding=\"async\" src=\"https:\/\/jornalfatosenoticias.com.br\/wp-content\/uploads\/2022\/02\/Precisao-Contabilidade-1024x724.jpg\" alt=\"\" class=\"wp-image-28088\" width=\"304\" height=\"214\"\/><\/figure><\/div>\n\n\n\n<p>Parece que o ato de torturar uma Crian\u00e7a est\u00e1, diretamente, relacionado com a condi\u00e7\u00e3o peculiar de depend\u00eancia e fragilidade, tanto f\u00edsica quanto mental, que comp\u00f5em o conceito de vulnerabilidade. Este estado provoca, em mentes que sofrem de medo e inseguran\u00e7a, a sensa\u00e7\u00e3o de Poder que autoengana o adulto que n\u00e3o conseguiu se libertar de seus pr\u00f3prios medos infantis, seus antigos sofrimentos, em que estava nesse lugar do dominado, do oprimido. Acrescento aqui a hip\u00f3tese de que a empatia com a dor da Crian\u00e7a foi bloqueada para que, ilusoriamente, n\u00e3o seja invadido pela pr\u00f3pria dor, t\u00e3o bem sepultada em nome da sobreviv\u00eancia ps\u00edquica. Tornar-se seco, insens\u00edvel, banalizador da dor alheia, \u00e9 o mecanismo de defesa que sustenta a atitude institucional que viola Direitos Fundamentais de Crian\u00e7a, pretendendo estar a \u201cproteger\u201d de um inimigo imagin\u00e1rio, nestes casos, a m\u00e3e.<br>A toler\u00e2ncia da Crian\u00e7a para suportar as mais diferentes situa\u00e7\u00f5es torturantes est\u00e1 alojada em sua vulnerabilidade, em sua condi\u00e7\u00e3o da permanente exig\u00eancia de obedi\u00eancia aos adultos, ela sabe que n\u00e3o tem compet\u00eancia para ter autonomia, ela sabe de sua depend\u00eancia f\u00edsica e, consequentemente, emocional por esses adultos.<\/p>\n\n\n\n<div class=\"wp-block-image\"><figure class=\"aligncenter size-large is-resized\"><img loading=\"lazy\" decoding=\"async\" src=\"https:\/\/jornalfatosenoticias.com.br\/wp-content\/uploads\/2022\/05\/NOVA-LOGO-CESCONETTO-1024x100.jpg\" alt=\"\" class=\"wp-image-30792\" width=\"529\" height=\"51\" srcset=\"https:\/\/jornalfatosenoticias.com.br\/wp-content\/uploads\/2022\/05\/NOVA-LOGO-CESCONETTO-1024x100.jpg 1024w, https:\/\/jornalfatosenoticias.com.br\/wp-content\/uploads\/2022\/05\/NOVA-LOGO-CESCONETTO-300x29.jpg 300w, https:\/\/jornalfatosenoticias.com.br\/wp-content\/uploads\/2022\/05\/NOVA-LOGO-CESCONETTO-768x75.jpg 768w, https:\/\/jornalfatosenoticias.com.br\/wp-content\/uploads\/2022\/05\/NOVA-LOGO-CESCONETTO.jpg 1280w\" sizes=\"auto, (max-width: 529px) 100vw, 529px\" \/><\/figure><\/div>\n\n\n\n<p>\u201cCrian\u00e7a n\u00e3o tem querer\u201d, mas Crian\u00e7a \u00e9 Sujeito de Direito. O Cuidado \u00e9 um valor jur\u00eddico, mas \u00e9 o descuidado que frequenta as salas da justi\u00e7a. Num momento de seu desenvolvimento cognitivo que o \u00fanico c\u00f3digo poss\u00edvel \u00e9 o \u201cpode\u201d e o \u201cn\u00e3o pode\u201d para suas tentativas de explora\u00e7\u00e3o do mundo do seu entorno, a Crian\u00e7a \u00e9 empurrada na dire\u00e7\u00e3o de um c\u00f3digo \u00e9tico duplo de um adulto, nos casos de abuso intrafamiliar, grave crime que est\u00e1 cada vez mais acobertado e negado, cuja duplicidade atordoa a mente em forma\u00e7\u00e3o da Crian\u00e7a. O \u201cn\u00e3o pode\u201d convive com o \u201cpode\u201d s\u00f3 comigo, ou seja, n\u00e3o pode ter comportamento libidinoso e sexualizado com ningu\u00e9m nem em lugar nenhum, mas aquele adulto pode ter prazer sexual sigiloso com aquela Crian\u00e7a, dentro da casa da fam\u00edlia, no ambiente que \u00e9 de sua necess\u00e1ria refer\u00eancia.<\/p>\n\n\n\n<div class=\"wp-block-image\"><figure class=\"aligncenter size-large is-resized\"><img loading=\"lazy\" decoding=\"async\" src=\"https:\/\/jornalfatosenoticias.com.br\/wp-content\/uploads\/2020\/02\/Suinco-1024x389.jpg\" alt=\"\" class=\"wp-image-28883\" width=\"324\" height=\"123\" srcset=\"https:\/\/jornalfatosenoticias.com.br\/wp-content\/uploads\/2020\/02\/Suinco-1024x389.jpg 1024w, https:\/\/jornalfatosenoticias.com.br\/wp-content\/uploads\/2020\/02\/Suinco-300x114.jpg 300w, https:\/\/jornalfatosenoticias.com.br\/wp-content\/uploads\/2020\/02\/Suinco-768x292.jpg 768w, https:\/\/jornalfatosenoticias.com.br\/wp-content\/uploads\/2020\/02\/Suinco.jpg 1220w\" sizes=\"auto, (max-width: 324px) 100vw, 324px\" \/><\/figure><\/div>\n\n\n\n<figure class=\"wp-block-image size-large\"><img loading=\"lazy\" decoding=\"async\" width=\"1000\" height=\"562\" src=\"https:\/\/jornalfatosenoticias.com.br\/wp-content\/uploads\/2022\/06\/abuso-sexual-infantil-1.jpg\" alt=\"\" class=\"wp-image-31858\" srcset=\"https:\/\/jornalfatosenoticias.com.br\/wp-content\/uploads\/2022\/06\/abuso-sexual-infantil-1.jpg 1000w, https:\/\/jornalfatosenoticias.com.br\/wp-content\/uploads\/2022\/06\/abuso-sexual-infantil-1-300x169.jpg 300w, https:\/\/jornalfatosenoticias.com.br\/wp-content\/uploads\/2022\/06\/abuso-sexual-infantil-1-768x432.jpg 768w\" sizes=\"auto, (max-width: 1000px) 100vw, 1000px\" \/><figcaption><em><span class=\"has-inline-color has-black-color\">Quando o assunto \u00e9 abuso sexual, todo cuidado \u00e9 pouco com as crian\u00e7as (Foto: Colprensa\/Vanguarda Liberal)<\/span><\/em><\/figcaption><\/figure>\n\n\n\n<div class=\"wp-block-image\"><figure class=\"alignright size-large is-resized\"><img loading=\"lazy\" decoding=\"async\" src=\"https:\/\/jornalfatosenoticias.com.br\/wp-content\/uploads\/2020\/02\/nova-logo-Marquetti.jpg\" alt=\"\" class=\"wp-image-22331\" width=\"317\" height=\"213\" srcset=\"https:\/\/jornalfatosenoticias.com.br\/wp-content\/uploads\/2020\/02\/nova-logo-Marquetti.jpg 643w, https:\/\/jornalfatosenoticias.com.br\/wp-content\/uploads\/2020\/02\/nova-logo-Marquetti-300x202.jpg 300w\" sizes=\"auto, (max-width: 317px) 100vw, 317px\" \/><\/figure><\/div>\n\n\n\n<p>Pergunta-se, com frequ\u00eancia, por que a Crian\u00e7a n\u00e3o grita, n\u00e3o fala logo, na nega\u00e7\u00e3o da condi\u00e7\u00e3o de vulnerabilidade e de toler\u00e2ncia pela obedi\u00eancia ao adulto. Mas ela grita e n\u00e3o \u00e9 escutada. Seu grito \u00e9 silencioso, mas vis\u00edvel para quem tiver coragem de ver. Quantas vezes a Crian\u00e7a chora e grita desesperada, fala as claras palavras \u201ceu n\u00e3o quero ir\u201d, mas \u00e9 obrigada por uma decis\u00e3o judicial que nunca escutou esse desespero, e, por facilidade, prefere imaginar que \u00e9 a m\u00e3e que \u201cfez a cabe\u00e7a do filho\u201d. Em total discord\u00e2ncia com o conhecimento cient\u00edfico que afirma que a Crian\u00e7a pensa com o racioc\u00ednio concreto, quando a experi\u00eancia \u00e9 seu modus operandi at\u00e9 os 12 anos, a m\u00e3e \u00e9 acusada de \u201cprogramar\u201d a mente da Crian\u00e7a. Em contrapartida, surge uma nova especialidade entre psic\u00f3logos que se submetem a essas perversidades pseudocient\u00edficas: Psic\u00f3logos Reprogramadores. Sob o olhar da coisifica\u00e7\u00e3o do Ser Crian\u00e7a, essas pessoas passam a desmontar as lembran\u00e7as dos abusos dando uma nova interpreta\u00e7\u00e3o produzida na acusa\u00e7\u00e3o \u00e0 m\u00e3e. Esse \u00e9 um projeto que ganha uma facilita\u00e7\u00e3o na coincid\u00eancia do tempo do processo interno de Desist\u00eancia e no Processo de Retrata\u00e7\u00e3o que a Crian\u00e7a, afastada da m\u00e3e, \u00e9 entregue a seu agressor. \u00c9 essa a quest\u00e3o. A desist\u00eancia pela repeti\u00e7\u00e3o revitimizante e que n\u00e3o \u00e9 escutada pelas pessoas que t\u00eam com prop\u00f3sito olhar a Crian\u00e7a Sujeito de Direito, \u00e0 luz do Princ\u00edpio do Melhor Interesse da Crian\u00e7a.<\/p>\n\n\n\n<div class=\"wp-block-image\"><figure class=\"alignleft size-large\"><img decoding=\"async\" src=\"https:\/\/jornalfatosenoticias.com.br\/wp-content\/uploads\/2020\/02\/logo_esteio.jpg\" alt=\"\" class=\"wp-image-1214\"\/><\/figure><\/div>\n\n\n\n<p>Ao contr\u00e1rio disso, temos, por exemplo, uma afirma\u00e7\u00e3o que n\u00e3o se sabe de onde surgiu, em qual teoria cient\u00edfica de Desenvolvimento Infantil se sustenta, o in\u00edcio do pernoite com o pai a partir dos seis meses. Totalmente inadequado, totalmente nocivo, porque aos seis meses a Crian\u00e7a est\u00e1 passando por uma mudan\u00e7a de percep\u00e7\u00e3o de mundo que produz uma altera\u00e7\u00e3o emocional com uma agudiza\u00e7\u00e3o da depend\u00eancia pela presen\u00e7a concreta da m\u00e3e. Ren\u00e9 Spitz conceituou essa fase do desenvolvimento motor que tem repercuss\u00e3o na esfera afetiva, mostra um aumento do medo como emo\u00e7\u00e3o predominante quando da aus\u00eancia, mesmo que curta, da m\u00e3e no ambiente. A aquisi\u00e7\u00e3o motora do sentar \u00e9 de grande import\u00e2ncia para a percep\u00e7\u00e3o, a mudan\u00e7a das dimens\u00f5es e tamanhos que surgem a partir do eixo do corpo do beb\u00ea sentado ao ch\u00e3o, que passa a ser o ponto zero nessa percep\u00e7\u00e3o. Tirar esse beb\u00ea de seu ambiente neste momento \u00e9 desastroso e pode patrocinar sintomas e altera\u00e7\u00f5es que podem vir a ser permanentes.<\/p>\n\n\n\n<div class=\"wp-block-image\"><figure class=\"aligncenter size-large is-resized\"><img loading=\"lazy\" decoding=\"async\" src=\"https:\/\/jornalfatosenoticias.com.br\/wp-content\/uploads\/2020\/02\/Serra-Grande-1024x160.png\" alt=\"\" class=\"wp-image-7836\" width=\"484\" height=\"75\"\/><\/figure><\/div>\n\n\n\n<p>Mas, parece, que a roda do ouro dos ganhos de profissionais que j\u00e1 fizeram dessas que, para a simplifica\u00e7\u00e3o e desvio de corretos prop\u00f3sitos, s\u00e3o chamadas de \u201cdisputa de guarda\u201d, em mais uma clara express\u00e3o da cleptoepistemologia que assola essa \u00e1rea. Disputa de guarda \u00e9 quando h\u00e1 discord\u00e2ncias quanto a posi\u00e7\u00f5es educacionais, por exemplo. Crime de abuso sexual incestuoso n\u00e3o \u00e9 disputa de guarda. \u00c9 uma tentativa, hoje in\u00f3cua, de prote\u00e7\u00e3o pretendida pela m\u00e3e cuidadosa.<\/p>\n\n\n\n<div class=\"wp-block-image\"><figure class=\"aligncenter size-large is-resized\"><img loading=\"lazy\" decoding=\"async\" src=\"https:\/\/jornalfatosenoticias.com.br\/wp-content\/uploads\/2020\/02\/Logo_Mizu.png\" alt=\"\" class=\"wp-image-1441\" width=\"556\" height=\"68\" srcset=\"https:\/\/jornalfatosenoticias.com.br\/wp-content\/uploads\/2020\/02\/Logo_Mizu.png 729w, https:\/\/jornalfatosenoticias.com.br\/wp-content\/uploads\/2020\/02\/Logo_Mizu-300x37.png 300w\" sizes=\"auto, (max-width: 556px) 100vw, 556px\" \/><\/figure><\/div>\n\n\n\n<figure class=\"wp-block-image size-large\"><img loading=\"lazy\" decoding=\"async\" width=\"1000\" height=\"666\" src=\"https:\/\/jornalfatosenoticias.com.br\/wp-content\/uploads\/2022\/06\/pai-e-crianca-andam-de-maos-dadas.jpg\" alt=\"\" class=\"wp-image-31857\" srcset=\"https:\/\/jornalfatosenoticias.com.br\/wp-content\/uploads\/2022\/06\/pai-e-crianca-andam-de-maos-dadas.jpg 1000w, https:\/\/jornalfatosenoticias.com.br\/wp-content\/uploads\/2022\/06\/pai-e-crianca-andam-de-maos-dadas-300x200.jpg 300w, https:\/\/jornalfatosenoticias.com.br\/wp-content\/uploads\/2022\/06\/pai-e-crianca-andam-de-maos-dadas-768x511.jpg 768w\" sizes=\"auto, (max-width: 1000px) 100vw, 1000px\" \/><figcaption><em><span class=\"has-inline-color has-black-color\">Algum de n\u00f3s suportaria viver em duas casas, carregando na mochila sua vida? (Foto: Freepik)<\/span><\/em><\/figcaption><\/figure>\n\n\n\n<div class=\"wp-block-image\"><figure class=\"alignright size-large is-resized\"><img loading=\"lazy\" decoding=\"async\" src=\"https:\/\/jornalfatosenoticias.com.br\/wp-content\/uploads\/2022\/02\/Serra-Pack-459.png\" alt=\"\" class=\"wp-image-27471\" width=\"293\" height=\"117\"\/><\/figure><\/div>\n\n\n\n<p>A Igualdade Parental, outra express\u00e3o de cleptoepistemologia que faz parte do romance jur\u00eddico, deveria estar voltada para a Igualdade de Responsabilidades Parentais, e n\u00e3o na pretensa divis\u00e3o do tempo da Crian\u00e7a ao meio. Algum de n\u00f3s suportaria viver em duas casas, carregando na mochila sua vida?<\/p>\n\n\n\n<div class=\"wp-block-image\"><figure class=\"aligncenter size-large is-resized\"><img loading=\"lazy\" decoding=\"async\" src=\"https:\/\/jornalfatosenoticias.com.br\/wp-content\/uploads\/2020\/02\/banner_ferramentas-1024x100.jpg\" alt=\"\" class=\"wp-image-1258\" width=\"539\" height=\"52\" srcset=\"https:\/\/jornalfatosenoticias.com.br\/wp-content\/uploads\/2020\/02\/banner_ferramentas-1024x100.jpg 1024w, https:\/\/jornalfatosenoticias.com.br\/wp-content\/uploads\/2020\/02\/banner_ferramentas-300x29.jpg 300w, https:\/\/jornalfatosenoticias.com.br\/wp-content\/uploads\/2020\/02\/banner_ferramentas-768x75.jpg 768w, https:\/\/jornalfatosenoticias.com.br\/wp-content\/uploads\/2020\/02\/banner_ferramentas.jpg 1227w\" sizes=\"auto, (max-width: 539px) 100vw, 539px\" \/><\/figure><\/div>\n","protected":false},"excerpt":{"rendered":"<p>O cuidado \u00e9 um valor jur\u00eddico, mas \u00e9 o descuidado que frequenta as salas da justi\u00e7a Tortura f\u00edsica, com marcas vis\u00edveis ou invis\u00edveis, com sequelas vis\u00edveis ou invis\u00edveis. Tortura psicol\u00f3gica que, geralmente, s\u00f3 mostra suas sequelas muitos anos depois, j\u00e1 cristalizadas como sintomas.Tortura Institucional, a judicializa\u00e7\u00e3o da inf\u00e2ncia, fase do desenvolvimento que acaba e que [&hellip;]<\/p>\n","protected":false},"author":8,"featured_media":31859,"comment_status":"open","ping_status":"open","sticky":false,"template":"","format":"standard","meta":{"footnotes":""},"categories":[2522],"tags":[1040,13054,1572,8655,15069],"class_list":["post-31856","post","type-post","status-publish","format-standard","has-post-thumbnail","hentry","category-comportamento","tag-abuso-infantil","tag-judicializacao-da-infancia","tag-marcas","tag-revitimizacao","tag-sequelas"],"yoast_head":"<!-- This site is optimized with the Yoast SEO plugin v26.5 - https:\/\/yoast.com\/wordpress\/plugins\/seo\/ -->\n<title>Torturar uma Crian\u00e7a, a vulnerabilidade, a toler\u00e2ncia \u2014 Parte X - Jornal Fatos e Not\u00edcias<\/title>\n<meta name=\"robots\" content=\"index, follow, max-snippet:-1, max-image-preview:large, max-video-preview:-1\" \/>\n<link rel=\"canonical\" href=\"https:\/\/jornalfatosenoticias.com.br\/index.php\/2022\/06\/30\/torturar-uma-crianca-a-vulnerabilidade-a-tolerancia-parte-x\/\" \/>\n<meta property=\"og:locale\" content=\"pt_BR\" \/>\n<meta property=\"og:type\" content=\"article\" \/>\n<meta property=\"og:title\" content=\"Torturar uma Crian\u00e7a, a vulnerabilidade, a toler\u00e2ncia \u2014 Parte X - Jornal Fatos e Not\u00edcias\" \/>\n<meta property=\"og:description\" content=\"O cuidado \u00e9 um valor jur\u00eddico, mas \u00e9 o descuidado que frequenta as salas da justi\u00e7a Tortura f\u00edsica, com marcas vis\u00edveis ou invis\u00edveis, com sequelas vis\u00edveis ou invis\u00edveis. Tortura psicol\u00f3gica que, geralmente, s\u00f3 mostra suas sequelas muitos anos depois, j\u00e1 cristalizadas como sintomas.Tortura Institucional, a judicializa\u00e7\u00e3o da inf\u00e2ncia, fase do desenvolvimento que acaba e que [&hellip;]\" \/>\n<meta property=\"og:url\" content=\"https:\/\/jornalfatosenoticias.com.br\/index.php\/2022\/06\/30\/torturar-uma-crianca-a-vulnerabilidade-a-tolerancia-parte-x\/\" \/>\n<meta property=\"og:site_name\" content=\"Jornal Fatos e Not\u00edcias\" \/>\n<meta property=\"article:published_time\" content=\"2022-06-30T16:21:17+00:00\" \/>\n<meta property=\"article:modified_time\" content=\"2022-06-30T16:21:18+00:00\" \/>\n<meta property=\"og:image\" content=\"https:\/\/jornalfatosenoticias.com.br\/wp-content\/uploads\/2022\/06\/CRIANCA-CHORANDO.png\" \/>\n\t<meta property=\"og:image:width\" content=\"1000\" \/>\n\t<meta property=\"og:image:height\" content=\"446\" \/>\n\t<meta property=\"og:image:type\" content=\"image\/png\" \/>\n<meta name=\"author\" content=\"Ana Maria Iencarelli\" \/>\n<meta name=\"twitter:card\" content=\"summary_large_image\" \/>\n<meta name=\"twitter:label1\" content=\"Escrito por\" \/>\n\t<meta name=\"twitter:data1\" content=\"Ana Maria Iencarelli\" \/>\n\t<meta name=\"twitter:label2\" content=\"Est. tempo de leitura\" \/>\n\t<meta name=\"twitter:data2\" content=\"6 minutos\" \/>\n<script type=\"application\/ld+json\" class=\"yoast-schema-graph\">{\"@context\":\"https:\/\/schema.org\",\"@graph\":[{\"@type\":\"Article\",\"@id\":\"https:\/\/jornalfatosenoticias.com.br\/index.php\/2022\/06\/30\/torturar-uma-crianca-a-vulnerabilidade-a-tolerancia-parte-x\/#article\",\"isPartOf\":{\"@id\":\"https:\/\/jornalfatosenoticias.com.br\/index.php\/2022\/06\/30\/torturar-uma-crianca-a-vulnerabilidade-a-tolerancia-parte-x\/\"},\"author\":{\"name\":\"Ana Maria Iencarelli\",\"@id\":\"https:\/\/jornalfatosenoticias.com.br\/#\/schema\/person\/c33fcf5fb02d729d3fec92c6737a22d1\"},\"headline\":\"Torturar uma Crian\u00e7a, a vulnerabilidade, a toler\u00e2ncia \u2014 Parte X\",\"datePublished\":\"2022-06-30T16:21:17+00:00\",\"dateModified\":\"2022-06-30T16:21:18+00:00\",\"mainEntityOfPage\":{\"@id\":\"https:\/\/jornalfatosenoticias.com.br\/index.php\/2022\/06\/30\/torturar-uma-crianca-a-vulnerabilidade-a-tolerancia-parte-x\/\"},\"wordCount\":1132,\"commentCount\":0,\"publisher\":{\"@id\":\"https:\/\/jornalfatosenoticias.com.br\/#organization\"},\"image\":{\"@id\":\"https:\/\/jornalfatosenoticias.com.br\/index.php\/2022\/06\/30\/torturar-uma-crianca-a-vulnerabilidade-a-tolerancia-parte-x\/#primaryimage\"},\"thumbnailUrl\":\"https:\/\/jornalfatosenoticias.com.br\/wp-content\/uploads\/2022\/06\/CRIANCA-CHORANDO.png\",\"keywords\":[\"abuso infantil\",\"judicializa\u00e7\u00e3o da inf\u00e2ncia\",\"marcas\",\"revitimiza\u00e7\u00e3o\",\"sequelas\"],\"articleSection\":[\"Comportamento &amp; Equil\u00edbrio\"],\"inLanguage\":\"pt-BR\",\"potentialAction\":[{\"@type\":\"CommentAction\",\"name\":\"Comment\",\"target\":[\"https:\/\/jornalfatosenoticias.com.br\/index.php\/2022\/06\/30\/torturar-uma-crianca-a-vulnerabilidade-a-tolerancia-parte-x\/#respond\"]}]},{\"@type\":\"WebPage\",\"@id\":\"https:\/\/jornalfatosenoticias.com.br\/index.php\/2022\/06\/30\/torturar-uma-crianca-a-vulnerabilidade-a-tolerancia-parte-x\/\",\"url\":\"https:\/\/jornalfatosenoticias.com.br\/index.php\/2022\/06\/30\/torturar-uma-crianca-a-vulnerabilidade-a-tolerancia-parte-x\/\",\"name\":\"Torturar uma Crian\u00e7a, a vulnerabilidade, a toler\u00e2ncia \u2014 Parte X - Jornal Fatos e Not\u00edcias\",\"isPartOf\":{\"@id\":\"https:\/\/jornalfatosenoticias.com.br\/#website\"},\"primaryImageOfPage\":{\"@id\":\"https:\/\/jornalfatosenoticias.com.br\/index.php\/2022\/06\/30\/torturar-uma-crianca-a-vulnerabilidade-a-tolerancia-parte-x\/#primaryimage\"},\"image\":{\"@id\":\"https:\/\/jornalfatosenoticias.com.br\/index.php\/2022\/06\/30\/torturar-uma-crianca-a-vulnerabilidade-a-tolerancia-parte-x\/#primaryimage\"},\"thumbnailUrl\":\"https:\/\/jornalfatosenoticias.com.br\/wp-content\/uploads\/2022\/06\/CRIANCA-CHORANDO.png\",\"datePublished\":\"2022-06-30T16:21:17+00:00\",\"dateModified\":\"2022-06-30T16:21:18+00:00\",\"breadcrumb\":{\"@id\":\"https:\/\/jornalfatosenoticias.com.br\/index.php\/2022\/06\/30\/torturar-uma-crianca-a-vulnerabilidade-a-tolerancia-parte-x\/#breadcrumb\"},\"inLanguage\":\"pt-BR\",\"potentialAction\":[{\"@type\":\"ReadAction\",\"target\":[\"https:\/\/jornalfatosenoticias.com.br\/index.php\/2022\/06\/30\/torturar-uma-crianca-a-vulnerabilidade-a-tolerancia-parte-x\/\"]}]},{\"@type\":\"ImageObject\",\"inLanguage\":\"pt-BR\",\"@id\":\"https:\/\/jornalfatosenoticias.com.br\/index.php\/2022\/06\/30\/torturar-uma-crianca-a-vulnerabilidade-a-tolerancia-parte-x\/#primaryimage\",\"url\":\"https:\/\/jornalfatosenoticias.com.br\/wp-content\/uploads\/2022\/06\/CRIANCA-CHORANDO.png\",\"contentUrl\":\"https:\/\/jornalfatosenoticias.com.br\/wp-content\/uploads\/2022\/06\/CRIANCA-CHORANDO.png\",\"width\":1000,\"height\":446},{\"@type\":\"BreadcrumbList\",\"@id\":\"https:\/\/jornalfatosenoticias.com.br\/index.php\/2022\/06\/30\/torturar-uma-crianca-a-vulnerabilidade-a-tolerancia-parte-x\/#breadcrumb\",\"itemListElement\":[{\"@type\":\"ListItem\",\"position\":1,\"name\":\"In\u00edcio\",\"item\":\"https:\/\/jornalfatosenoticias.com.br\/\"},{\"@type\":\"ListItem\",\"position\":2,\"name\":\"Torturar uma Crian\u00e7a, a vulnerabilidade, a toler\u00e2ncia \u2014 Parte X\"}]},{\"@type\":\"WebSite\",\"@id\":\"https:\/\/jornalfatosenoticias.com.br\/#website\",\"url\":\"https:\/\/jornalfatosenoticias.com.br\/\",\"name\":\"Jornal Fatos e Not\u00edcias\",\"description\":\"Not\u00edcias em geral\",\"publisher\":{\"@id\":\"https:\/\/jornalfatosenoticias.com.br\/#organization\"},\"potentialAction\":[{\"@type\":\"SearchAction\",\"target\":{\"@type\":\"EntryPoint\",\"urlTemplate\":\"https:\/\/jornalfatosenoticias.com.br\/?s={search_term_string}\"},\"query-input\":{\"@type\":\"PropertyValueSpecification\",\"valueRequired\":true,\"valueName\":\"search_term_string\"}}],\"inLanguage\":\"pt-BR\"},{\"@type\":\"Organization\",\"@id\":\"https:\/\/jornalfatosenoticias.com.br\/#organization\",\"name\":\"Jornal Fatos e Not\u00edcias\",\"url\":\"https:\/\/jornalfatosenoticias.com.br\/\",\"logo\":{\"@type\":\"ImageObject\",\"inLanguage\":\"pt-BR\",\"@id\":\"https:\/\/jornalfatosenoticias.com.br\/#\/schema\/logo\/image\/\",\"url\":\"https:\/\/jornalfatosenoticias.com.br\/wp-content\/uploads\/2020\/02\/logo120.png\",\"contentUrl\":\"https:\/\/jornalfatosenoticias.com.br\/wp-content\/uploads\/2020\/02\/logo120.png\",\"width\":1227,\"height\":120,\"caption\":\"Jornal Fatos e Not\u00edcias\"},\"image\":{\"@id\":\"https:\/\/jornalfatosenoticias.com.br\/#\/schema\/logo\/image\/\"}},{\"@type\":\"Person\",\"@id\":\"https:\/\/jornalfatosenoticias.com.br\/#\/schema\/person\/c33fcf5fb02d729d3fec92c6737a22d1\",\"name\":\"Ana Maria Iencarelli\",\"image\":{\"@type\":\"ImageObject\",\"inLanguage\":\"pt-BR\",\"@id\":\"https:\/\/jornalfatosenoticias.com.br\/#\/schema\/person\/image\/\",\"url\":\"https:\/\/jornalfatosenoticias.com.br\/wp-content\/uploads\/2020\/02\/Ana-Maria-Iencarelli-1-150x150.jpg\",\"contentUrl\":\"https:\/\/jornalfatosenoticias.com.br\/wp-content\/uploads\/2020\/02\/Ana-Maria-Iencarelli-1-150x150.jpg\",\"caption\":\"Ana Maria Iencarelli\"},\"description\":\"Psicanalista Cl\u00ednica, especializada no atendimento a Crian\u00e7as e Adolescentes. Presidente da ONG Vozes de Anjos.\",\"url\":\"https:\/\/jornalfatosenoticias.com.br\/index.php\/author\/anamaria\/\"}]}<\/script>\n<!-- \/ Yoast SEO plugin. -->","yoast_head_json":{"title":"Torturar uma Crian\u00e7a, a vulnerabilidade, a toler\u00e2ncia \u2014 Parte X - Jornal Fatos e Not\u00edcias","robots":{"index":"index","follow":"follow","max-snippet":"max-snippet:-1","max-image-preview":"max-image-preview:large","max-video-preview":"max-video-preview:-1"},"canonical":"https:\/\/jornalfatosenoticias.com.br\/index.php\/2022\/06\/30\/torturar-uma-crianca-a-vulnerabilidade-a-tolerancia-parte-x\/","og_locale":"pt_BR","og_type":"article","og_title":"Torturar uma Crian\u00e7a, a vulnerabilidade, a toler\u00e2ncia \u2014 Parte X - Jornal Fatos e Not\u00edcias","og_description":"O cuidado \u00e9 um valor jur\u00eddico, mas \u00e9 o descuidado que frequenta as salas da justi\u00e7a Tortura f\u00edsica, com marcas vis\u00edveis ou invis\u00edveis, com sequelas vis\u00edveis ou invis\u00edveis. Tortura psicol\u00f3gica que, geralmente, s\u00f3 mostra suas sequelas muitos anos depois, j\u00e1 cristalizadas como sintomas.Tortura Institucional, a judicializa\u00e7\u00e3o da inf\u00e2ncia, fase do desenvolvimento que acaba e que [&hellip;]","og_url":"https:\/\/jornalfatosenoticias.com.br\/index.php\/2022\/06\/30\/torturar-uma-crianca-a-vulnerabilidade-a-tolerancia-parte-x\/","og_site_name":"Jornal Fatos e Not\u00edcias","article_published_time":"2022-06-30T16:21:17+00:00","article_modified_time":"2022-06-30T16:21:18+00:00","og_image":[{"width":1000,"height":446,"url":"https:\/\/jornalfatosenoticias.com.br\/wp-content\/uploads\/2022\/06\/CRIANCA-CHORANDO.png","type":"image\/png"}],"author":"Ana Maria Iencarelli","twitter_card":"summary_large_image","twitter_misc":{"Escrito por":"Ana Maria Iencarelli","Est. tempo de leitura":"6 minutos"},"schema":{"@context":"https:\/\/schema.org","@graph":[{"@type":"Article","@id":"https:\/\/jornalfatosenoticias.com.br\/index.php\/2022\/06\/30\/torturar-uma-crianca-a-vulnerabilidade-a-tolerancia-parte-x\/#article","isPartOf":{"@id":"https:\/\/jornalfatosenoticias.com.br\/index.php\/2022\/06\/30\/torturar-uma-crianca-a-vulnerabilidade-a-tolerancia-parte-x\/"},"author":{"name":"Ana Maria Iencarelli","@id":"https:\/\/jornalfatosenoticias.com.br\/#\/schema\/person\/c33fcf5fb02d729d3fec92c6737a22d1"},"headline":"Torturar uma Crian\u00e7a, a vulnerabilidade, a toler\u00e2ncia \u2014 Parte X","datePublished":"2022-06-30T16:21:17+00:00","dateModified":"2022-06-30T16:21:18+00:00","mainEntityOfPage":{"@id":"https:\/\/jornalfatosenoticias.com.br\/index.php\/2022\/06\/30\/torturar-uma-crianca-a-vulnerabilidade-a-tolerancia-parte-x\/"},"wordCount":1132,"commentCount":0,"publisher":{"@id":"https:\/\/jornalfatosenoticias.com.br\/#organization"},"image":{"@id":"https:\/\/jornalfatosenoticias.com.br\/index.php\/2022\/06\/30\/torturar-uma-crianca-a-vulnerabilidade-a-tolerancia-parte-x\/#primaryimage"},"thumbnailUrl":"https:\/\/jornalfatosenoticias.com.br\/wp-content\/uploads\/2022\/06\/CRIANCA-CHORANDO.png","keywords":["abuso infantil","judicializa\u00e7\u00e3o da inf\u00e2ncia","marcas","revitimiza\u00e7\u00e3o","sequelas"],"articleSection":["Comportamento &amp; Equil\u00edbrio"],"inLanguage":"pt-BR","potentialAction":[{"@type":"CommentAction","name":"Comment","target":["https:\/\/jornalfatosenoticias.com.br\/index.php\/2022\/06\/30\/torturar-uma-crianca-a-vulnerabilidade-a-tolerancia-parte-x\/#respond"]}]},{"@type":"WebPage","@id":"https:\/\/jornalfatosenoticias.com.br\/index.php\/2022\/06\/30\/torturar-uma-crianca-a-vulnerabilidade-a-tolerancia-parte-x\/","url":"https:\/\/jornalfatosenoticias.com.br\/index.php\/2022\/06\/30\/torturar-uma-crianca-a-vulnerabilidade-a-tolerancia-parte-x\/","name":"Torturar uma Crian\u00e7a, a vulnerabilidade, a toler\u00e2ncia \u2014 Parte X - Jornal Fatos e Not\u00edcias","isPartOf":{"@id":"https:\/\/jornalfatosenoticias.com.br\/#website"},"primaryImageOfPage":{"@id":"https:\/\/jornalfatosenoticias.com.br\/index.php\/2022\/06\/30\/torturar-uma-crianca-a-vulnerabilidade-a-tolerancia-parte-x\/#primaryimage"},"image":{"@id":"https:\/\/jornalfatosenoticias.com.br\/index.php\/2022\/06\/30\/torturar-uma-crianca-a-vulnerabilidade-a-tolerancia-parte-x\/#primaryimage"},"thumbnailUrl":"https:\/\/jornalfatosenoticias.com.br\/wp-content\/uploads\/2022\/06\/CRIANCA-CHORANDO.png","datePublished":"2022-06-30T16:21:17+00:00","dateModified":"2022-06-30T16:21:18+00:00","breadcrumb":{"@id":"https:\/\/jornalfatosenoticias.com.br\/index.php\/2022\/06\/30\/torturar-uma-crianca-a-vulnerabilidade-a-tolerancia-parte-x\/#breadcrumb"},"inLanguage":"pt-BR","potentialAction":[{"@type":"ReadAction","target":["https:\/\/jornalfatosenoticias.com.br\/index.php\/2022\/06\/30\/torturar-uma-crianca-a-vulnerabilidade-a-tolerancia-parte-x\/"]}]},{"@type":"ImageObject","inLanguage":"pt-BR","@id":"https:\/\/jornalfatosenoticias.com.br\/index.php\/2022\/06\/30\/torturar-uma-crianca-a-vulnerabilidade-a-tolerancia-parte-x\/#primaryimage","url":"https:\/\/jornalfatosenoticias.com.br\/wp-content\/uploads\/2022\/06\/CRIANCA-CHORANDO.png","contentUrl":"https:\/\/jornalfatosenoticias.com.br\/wp-content\/uploads\/2022\/06\/CRIANCA-CHORANDO.png","width":1000,"height":446},{"@type":"BreadcrumbList","@id":"https:\/\/jornalfatosenoticias.com.br\/index.php\/2022\/06\/30\/torturar-uma-crianca-a-vulnerabilidade-a-tolerancia-parte-x\/#breadcrumb","itemListElement":[{"@type":"ListItem","position":1,"name":"In\u00edcio","item":"https:\/\/jornalfatosenoticias.com.br\/"},{"@type":"ListItem","position":2,"name":"Torturar uma Crian\u00e7a, a vulnerabilidade, a toler\u00e2ncia \u2014 Parte X"}]},{"@type":"WebSite","@id":"https:\/\/jornalfatosenoticias.com.br\/#website","url":"https:\/\/jornalfatosenoticias.com.br\/","name":"Jornal Fatos e Not\u00edcias","description":"Not\u00edcias em geral","publisher":{"@id":"https:\/\/jornalfatosenoticias.com.br\/#organization"},"potentialAction":[{"@type":"SearchAction","target":{"@type":"EntryPoint","urlTemplate":"https:\/\/jornalfatosenoticias.com.br\/?s={search_term_string}"},"query-input":{"@type":"PropertyValueSpecification","valueRequired":true,"valueName":"search_term_string"}}],"inLanguage":"pt-BR"},{"@type":"Organization","@id":"https:\/\/jornalfatosenoticias.com.br\/#organization","name":"Jornal Fatos e Not\u00edcias","url":"https:\/\/jornalfatosenoticias.com.br\/","logo":{"@type":"ImageObject","inLanguage":"pt-BR","@id":"https:\/\/jornalfatosenoticias.com.br\/#\/schema\/logo\/image\/","url":"https:\/\/jornalfatosenoticias.com.br\/wp-content\/uploads\/2020\/02\/logo120.png","contentUrl":"https:\/\/jornalfatosenoticias.com.br\/wp-content\/uploads\/2020\/02\/logo120.png","width":1227,"height":120,"caption":"Jornal Fatos e Not\u00edcias"},"image":{"@id":"https:\/\/jornalfatosenoticias.com.br\/#\/schema\/logo\/image\/"}},{"@type":"Person","@id":"https:\/\/jornalfatosenoticias.com.br\/#\/schema\/person\/c33fcf5fb02d729d3fec92c6737a22d1","name":"Ana Maria Iencarelli","image":{"@type":"ImageObject","inLanguage":"pt-BR","@id":"https:\/\/jornalfatosenoticias.com.br\/#\/schema\/person\/image\/","url":"https:\/\/jornalfatosenoticias.com.br\/wp-content\/uploads\/2020\/02\/Ana-Maria-Iencarelli-1-150x150.jpg","contentUrl":"https:\/\/jornalfatosenoticias.com.br\/wp-content\/uploads\/2020\/02\/Ana-Maria-Iencarelli-1-150x150.jpg","caption":"Ana Maria Iencarelli"},"description":"Psicanalista Cl\u00ednica, especializada no atendimento a Crian\u00e7as e Adolescentes. Presidente da ONG Vozes de Anjos.","url":"https:\/\/jornalfatosenoticias.com.br\/index.php\/author\/anamaria\/"}]}},"cc_featured_image_caption":{"caption_text":" (Foto: Lu\u00eds Louro BD\/Stockphoto) ","source_text":"","source_url":""},"jetpack_featured_media_url":"https:\/\/jornalfatosenoticias.com.br\/wp-content\/uploads\/2022\/06\/CRIANCA-CHORANDO.png","_links":{"self":[{"href":"https:\/\/jornalfatosenoticias.com.br\/index.php\/wp-json\/wp\/v2\/posts\/31856","targetHints":{"allow":["GET"]}}],"collection":[{"href":"https:\/\/jornalfatosenoticias.com.br\/index.php\/wp-json\/wp\/v2\/posts"}],"about":[{"href":"https:\/\/jornalfatosenoticias.com.br\/index.php\/wp-json\/wp\/v2\/types\/post"}],"author":[{"embeddable":true,"href":"https:\/\/jornalfatosenoticias.com.br\/index.php\/wp-json\/wp\/v2\/users\/8"}],"replies":[{"embeddable":true,"href":"https:\/\/jornalfatosenoticias.com.br\/index.php\/wp-json\/wp\/v2\/comments?post=31856"}],"version-history":[{"count":0,"href":"https:\/\/jornalfatosenoticias.com.br\/index.php\/wp-json\/wp\/v2\/posts\/31856\/revisions"}],"wp:featuredmedia":[{"embeddable":true,"href":"https:\/\/jornalfatosenoticias.com.br\/index.php\/wp-json\/wp\/v2\/media\/31859"}],"wp:attachment":[{"href":"https:\/\/jornalfatosenoticias.com.br\/index.php\/wp-json\/wp\/v2\/media?parent=31856"}],"wp:term":[{"taxonomy":"category","embeddable":true,"href":"https:\/\/jornalfatosenoticias.com.br\/index.php\/wp-json\/wp\/v2\/categories?post=31856"},{"taxonomy":"post_tag","embeddable":true,"href":"https:\/\/jornalfatosenoticias.com.br\/index.php\/wp-json\/wp\/v2\/tags?post=31856"}],"curies":[{"name":"wp","href":"https:\/\/api.w.org\/{rel}","templated":true}]}}