{"id":31867,"date":"2022-06-30T13:43:55","date_gmt":"2022-06-30T16:43:55","guid":{"rendered":"https:\/\/jornalfatosenoticias.com.br\/?p=31867"},"modified":"2022-06-30T13:43:57","modified_gmt":"2022-06-30T16:43:57","slug":"decada-do-oceano-34-dos-brasileiros-entendem-que-suas-acoes-causam-impacto-nos-mares-revela-pesquisa","status":"publish","type":"post","link":"https:\/\/jornalfatosenoticias.com.br\/index.php\/2022\/06\/30\/decada-do-oceano-34-dos-brasileiros-entendem-que-suas-acoes-causam-impacto-nos-mares-revela-pesquisa\/","title":{"rendered":"D\u00e9cada do Oceano: 34% dos brasileiros entendem que suas a\u00e7\u00f5es causam impacto nos mares, revela pesquisa"},"content":{"rendered":"\n<p><em><span class=\"has-inline-color has-black-color\">Levantamento mostra que 40% da popula\u00e7\u00e3o ainda n\u00e3o associa como suas atitudes podem impactar o oceano, enquanto 24% consideram que suas a\u00e7\u00f5es geram efeitos apenas indiretos<\/span><\/em><\/p>\n\n\n\n<div class=\"wp-block-image\"><figure class=\"aligncenter size-large is-resized\"><img loading=\"lazy\" decoding=\"async\" src=\"https:\/\/jornalfatosenoticias.com.br\/wp-content\/uploads\/2020\/02\/banner_ferramentas-1024x100.jpg\" alt=\"\" class=\"wp-image-1258\" width=\"549\" height=\"53\" srcset=\"https:\/\/jornalfatosenoticias.com.br\/wp-content\/uploads\/2020\/02\/banner_ferramentas-1024x100.jpg 1024w, https:\/\/jornalfatosenoticias.com.br\/wp-content\/uploads\/2020\/02\/banner_ferramentas-300x29.jpg 300w, https:\/\/jornalfatosenoticias.com.br\/wp-content\/uploads\/2020\/02\/banner_ferramentas-768x75.jpg 768w, https:\/\/jornalfatosenoticias.com.br\/wp-content\/uploads\/2020\/02\/banner_ferramentas.jpg 1227w\" sizes=\"auto, (max-width: 549px) 100vw, 549px\" \/><\/figure><\/div>\n\n\n\n<p>A maioria dos brasileiros mostra-se disposta a mudar h\u00e1bitos pelo bem do oceano, mas ainda praticam a\u00e7\u00f5es que podem impactar negativamente ecossistemas marinhos. Apenas 34% compreendem que suas a\u00e7\u00f5es influenciam diretamente o oceano, enquanto 24% dos cidad\u00e3os do Pa\u00eds consideram que impactam de forma indireta e 40% acreditam que suas atitudes n\u00e3o impactam em nada os mares. Os dados fazem parte da pesquisa in\u00e9dita <strong>\u201cOceano sem Mist\u00e9rios: A rela\u00e7\u00e3o dos brasileiros com o mar\u201d<\/strong>, realizada pela Funda\u00e7\u00e3o Grupo Botic\u00e1rio de Prote\u00e7\u00e3o \u00e0 Natureza em parceria com a Organiza\u00e7\u00e3o das Na\u00e7\u00f5es Unidas para a Educa\u00e7\u00e3o, a Ci\u00eancia e a Cultura (Unesco) e a Universidade Federal de S\u00e3o Paulo (Unifesp).<br>Por outro lado, o estudo revelou que metade dos entrevistados (50%) reconhece que o oceano impacta sua vida diretamente e 21% acreditam que o mar gera impactos indiretos, enquanto 26% avaliam que n\u00e3o impacta em nada em suas vidas. Foram entrevistadas duas mil pessoas, homens e mulheres entre 18 e 64 anos, de todas as classes sociais, nas cinco regi\u00f5es do Pa\u00eds.<\/p>\n\n\n\n<div class=\"wp-block-image\"><figure class=\"alignleft size-large is-resized\"><img loading=\"lazy\" decoding=\"async\" src=\"https:\/\/jornalfatosenoticias.com.br\/wp-content\/uploads\/2020\/02\/nova-logo-Marquetti.jpg\" alt=\"\" class=\"wp-image-22331\" width=\"305\" height=\"205\" srcset=\"https:\/\/jornalfatosenoticias.com.br\/wp-content\/uploads\/2020\/02\/nova-logo-Marquetti.jpg 643w, https:\/\/jornalfatosenoticias.com.br\/wp-content\/uploads\/2020\/02\/nova-logo-Marquetti-300x202.jpg 300w\" sizes=\"auto, (max-width: 305px) 100vw, 305px\" \/><\/figure><\/div>\n\n\n\n<p>As entrevistas realizadas pela Zoom Intelig\u00eancia em Pesquisas ocorreram entre os dias 5 de mar\u00e7o e 12 de abril de 2022. Entre os entrevistados, 62% residem em capitais e 41% vivem em cidades litor\u00e2neas. A margem de erro \u00e9 de 2,2% para um n\u00edvel de confian\u00e7a de 95%. O resultado do estudo ser\u00e1 apresentado durante a <strong><a href=\"https:\/\/umsoplaneta.globo.com\/sociedade\/noticia\/2022\/06\/27\/conferencia-dos-oceanos-tenta-impedir-declinio-da-saude-do-mar.ghtml\"><strong>Confer\u00eancia dos Oceanos da Organiza\u00e7\u00e3o das Na\u00e7\u00f5es Unidas<\/strong><\/a><\/strong> (ONU), que est\u00e1 sendo realizada em Lisboa at\u00e9 a pr\u00f3xima sexta-feira (1\u00ba).<br>Ao detalhar h\u00e1bitos e comportamentos praticados pelo brasileiro no dia a dia, a pesquisa mostrou a popula\u00e7\u00e3o dividida em rela\u00e7\u00e3o a algumas pr\u00e1ticas sustent\u00e1veis. O grupo de pessoas que priorizam com frequ\u00eancia compras com menor impacto na natureza e no oceano, como produtos com menos embalagens e sem poluentes, foi de 48%. Para 22% dos entrevistados, a pr\u00e1tica ocorre somente \u00e0s vezes, e 11% raramente. O total de pessoas que nunca se preocupa com essa quest\u00e3o foi de 18%.<\/p>\n\n\n\n<div class=\"wp-block-image\"><figure class=\"aligncenter size-large is-resized\"><img loading=\"lazy\" decoding=\"async\" src=\"https:\/\/jornalfatosenoticias.com.br\/wp-content\/uploads\/2020\/02\/Logo-Mizu-segunda-2-1024x99.png\" alt=\"\" class=\"wp-image-2353\" width=\"508\" height=\"49\" srcset=\"https:\/\/jornalfatosenoticias.com.br\/wp-content\/uploads\/2020\/02\/Logo-Mizu-segunda-2-1024x99.png 1024w, https:\/\/jornalfatosenoticias.com.br\/wp-content\/uploads\/2020\/02\/Logo-Mizu-segunda-2-300x29.png 300w, https:\/\/jornalfatosenoticias.com.br\/wp-content\/uploads\/2020\/02\/Logo-Mizu-segunda-2-768x74.png 768w, https:\/\/jornalfatosenoticias.com.br\/wp-content\/uploads\/2020\/02\/Logo-Mizu-segunda-2.png 1240w\" sizes=\"auto, (max-width: 508px) 100vw, 508px\" \/><\/figure><\/div>\n\n\n\n<p>Outro aspecto investigado foi o uso de <strong><a href=\"https:\/\/umsoplaneta.globo.com\/sociedade\/noticia\/2022\/06\/21\/canada-proibe-plasticos-de-uso-unico-como-sacolinhas-e-talheres.ghtml\">pl\u00e1sticos de \u00fanica utiliza\u00e7\u00e3o<\/a>.<\/strong> Apenas 35% dos brasileiros afirmam sempre evitar o uso de canudinhos e copos pl\u00e1sticos descart\u00e1veis, enquanto 12% evitam a maioria das vezes e 20% somente \u00e0s vezes. O consumo nunca \u00e9 evitado por 19% dos entrevistados e raramente por 13% dos entrevistados.<\/p>\n\n\n\n<div class=\"wp-block-image\"><figure class=\"alignright size-large is-resized\"><img loading=\"lazy\" decoding=\"async\" src=\"https:\/\/jornalfatosenoticias.com.br\/wp-content\/uploads\/2022\/02\/Precisao-Contabilidade-1024x724.jpg\" alt=\"\" class=\"wp-image-28088\" width=\"300\" height=\"212\"\/><\/figure><\/div>\n\n\n\n<p>Considerando que cerca de 68 milh\u00f5es de brasileiros (32%) n\u00e3o evitam o uso de copos pl\u00e1sticos e cada uma dessas pessoas fa\u00e7a uso de tr\u00eas unidades de 200 ml por semana, chega-se a mais de 10,6 bilh\u00f5es de unidades por ano. Cada copo pesa em m\u00e9dia 1,8g, o que significa 19,1 mil toneladas de copos pl\u00e1sticos que o brasileiro usa anualmente. Entre as atividades que amea\u00e7am a sa\u00fade do oceano, 72% dos entrevistados identificam a polui\u00e7\u00e3o, seja por lixo ou esgoto, como o maior problema, seguidas por pesca irregular (16%) e vazamentos de navios (12%).<\/p>\n\n\n\n<div class=\"wp-block-image\"><figure class=\"aligncenter size-large is-resized\"><img loading=\"lazy\" decoding=\"async\" src=\"https:\/\/jornalfatosenoticias.com.br\/wp-content\/uploads\/2022\/02\/Arte-Autoescola-Galatas_endereco_portal-1024x103.png\" alt=\"\" class=\"wp-image-27869\" width=\"520\" height=\"52\" srcset=\"https:\/\/jornalfatosenoticias.com.br\/wp-content\/uploads\/2022\/02\/Arte-Autoescola-Galatas_endereco_portal-1024x103.png 1024w, https:\/\/jornalfatosenoticias.com.br\/wp-content\/uploads\/2022\/02\/Arte-Autoescola-Galatas_endereco_portal-300x30.png 300w, https:\/\/jornalfatosenoticias.com.br\/wp-content\/uploads\/2022\/02\/Arte-Autoescola-Galatas_endereco_portal-768x77.png 768w, https:\/\/jornalfatosenoticias.com.br\/wp-content\/uploads\/2022\/02\/Arte-Autoescola-Galatas_endereco_portal.png 1223w\" sizes=\"auto, (max-width: 520px) 100vw, 520px\" \/><\/figure><\/div>\n\n\n\n<p><strong><em>Fonte: <a href=\"https:\/\/umsoplaneta.globo.com\/sociedade\/consumo-consciente\/noticia\/2022\/06\/28\/decada-do-oceano-34percent-dos-brasileiros-entendem-que-suas-acoes-causam-impacto-nos-mares-revela-pesquisa.ghtml\">Um S\u00f3 Planeta<\/a><\/em><\/strong><\/p>\n","protected":false},"excerpt":{"rendered":"<p>Levantamento mostra que 40% da popula\u00e7\u00e3o ainda n\u00e3o associa como suas atitudes podem impactar o oceano, enquanto 24% consideram que suas a\u00e7\u00f5es geram efeitos apenas indiretos A maioria dos brasileiros mostra-se disposta a mudar h\u00e1bitos pelo bem do oceano, mas ainda praticam a\u00e7\u00f5es que podem impactar negativamente ecossistemas marinhos. Apenas 34% compreendem que suas a\u00e7\u00f5es [&hellip;]<\/p>\n","protected":false},"author":2,"featured_media":31868,"comment_status":"open","ping_status":"open","sticky":false,"template":"","format":"standard","meta":{"footnotes":""},"categories":[8],"tags":[15073,15072,1725,496],"class_list":["post-31867","post","type-post","status-publish","format-standard","has-post-thumbnail","hentry","category-meio-ambiente","tag-conferencia-dos-oceanos-da-organizacao-das-nacoes-unidas","tag-decada-do-oceano","tag-mares","tag-unesco"],"yoast_head":"<!-- This site is optimized with the Yoast SEO plugin v26.5 - https:\/\/yoast.com\/wordpress\/plugins\/seo\/ -->\n<title>D\u00e9cada do Oceano: 34% dos brasileiros entendem que suas a\u00e7\u00f5es causam impacto nos mares, revela pesquisa - Jornal Fatos e Not\u00edcias<\/title>\n<meta name=\"robots\" content=\"index, follow, max-snippet:-1, max-image-preview:large, max-video-preview:-1\" \/>\n<link rel=\"canonical\" href=\"https:\/\/jornalfatosenoticias.com.br\/index.php\/2022\/06\/30\/decada-do-oceano-34-dos-brasileiros-entendem-que-suas-acoes-causam-impacto-nos-mares-revela-pesquisa\/\" \/>\n<meta property=\"og:locale\" content=\"pt_BR\" \/>\n<meta property=\"og:type\" content=\"article\" \/>\n<meta property=\"og:title\" content=\"D\u00e9cada do Oceano: 34% dos brasileiros entendem que suas a\u00e7\u00f5es causam impacto nos mares, revela pesquisa - Jornal Fatos e Not\u00edcias\" \/>\n<meta property=\"og:description\" content=\"Levantamento mostra que 40% da popula\u00e7\u00e3o ainda n\u00e3o associa como suas atitudes podem impactar o oceano, enquanto 24% consideram que suas a\u00e7\u00f5es geram efeitos apenas indiretos A maioria dos brasileiros mostra-se disposta a mudar h\u00e1bitos pelo bem do oceano, mas ainda praticam a\u00e7\u00f5es que podem impactar negativamente ecossistemas marinhos. Apenas 34% compreendem que suas a\u00e7\u00f5es [&hellip;]\" \/>\n<meta property=\"og:url\" content=\"https:\/\/jornalfatosenoticias.com.br\/index.php\/2022\/06\/30\/decada-do-oceano-34-dos-brasileiros-entendem-que-suas-acoes-causam-impacto-nos-mares-revela-pesquisa\/\" \/>\n<meta property=\"og:site_name\" content=\"Jornal Fatos e Not\u00edcias\" \/>\n<meta property=\"article:published_time\" content=\"2022-06-30T16:43:55+00:00\" \/>\n<meta property=\"article:modified_time\" content=\"2022-06-30T16:43:57+00:00\" \/>\n<meta property=\"og:image\" content=\"https:\/\/jornalfatosenoticias.com.br\/wp-content\/uploads\/2022\/06\/oceano-fiji-c-wsl-kirstin.jpg\" \/>\n\t<meta property=\"og:image:width\" content=\"1000\" \/>\n\t<meta property=\"og:image:height\" content=\"666\" \/>\n\t<meta property=\"og:image:type\" content=\"image\/jpeg\" \/>\n<meta name=\"author\" content=\"Luzimara Fernandes\" \/>\n<meta name=\"twitter:card\" content=\"summary_large_image\" \/>\n<meta name=\"twitter:label1\" content=\"Escrito por\" \/>\n\t<meta name=\"twitter:data1\" content=\"Luzimara Fernandes\" \/>\n\t<meta name=\"twitter:label2\" content=\"Est. tempo de leitura\" \/>\n\t<meta name=\"twitter:data2\" content=\"3 minutos\" \/>\n<script type=\"application\/ld+json\" class=\"yoast-schema-graph\">{\"@context\":\"https:\/\/schema.org\",\"@graph\":[{\"@type\":\"Article\",\"@id\":\"https:\/\/jornalfatosenoticias.com.br\/index.php\/2022\/06\/30\/decada-do-oceano-34-dos-brasileiros-entendem-que-suas-acoes-causam-impacto-nos-mares-revela-pesquisa\/#article\",\"isPartOf\":{\"@id\":\"https:\/\/jornalfatosenoticias.com.br\/index.php\/2022\/06\/30\/decada-do-oceano-34-dos-brasileiros-entendem-que-suas-acoes-causam-impacto-nos-mares-revela-pesquisa\/\"},\"author\":{\"name\":\"Luzimara Fernandes\",\"@id\":\"https:\/\/jornalfatosenoticias.com.br\/#\/schema\/person\/d63837fa13ac8666eb9e74e0985d6f81\"},\"headline\":\"D\u00e9cada do Oceano: 34% dos brasileiros entendem que suas a\u00e7\u00f5es causam impacto nos mares, revela pesquisa\",\"datePublished\":\"2022-06-30T16:43:55+00:00\",\"dateModified\":\"2022-06-30T16:43:57+00:00\",\"mainEntityOfPage\":{\"@id\":\"https:\/\/jornalfatosenoticias.com.br\/index.php\/2022\/06\/30\/decada-do-oceano-34-dos-brasileiros-entendem-que-suas-acoes-causam-impacto-nos-mares-revela-pesquisa\/\"},\"wordCount\":537,\"commentCount\":0,\"publisher\":{\"@id\":\"https:\/\/jornalfatosenoticias.com.br\/#organization\"},\"image\":{\"@id\":\"https:\/\/jornalfatosenoticias.com.br\/index.php\/2022\/06\/30\/decada-do-oceano-34-dos-brasileiros-entendem-que-suas-acoes-causam-impacto-nos-mares-revela-pesquisa\/#primaryimage\"},\"thumbnailUrl\":\"https:\/\/jornalfatosenoticias.com.br\/wp-content\/uploads\/2022\/06\/oceano-fiji-c-wsl-kirstin.jpg\",\"keywords\":[\"Confer\u00eancia dos Oceanos da Organiza\u00e7\u00e3o das Na\u00e7\u00f5es Unidas\",\"d\u00e9cada do oceano\",\"mares\",\"Unesco\"],\"articleSection\":[\"Meio ambiente\"],\"inLanguage\":\"pt-BR\",\"potentialAction\":[{\"@type\":\"CommentAction\",\"name\":\"Comment\",\"target\":[\"https:\/\/jornalfatosenoticias.com.br\/index.php\/2022\/06\/30\/decada-do-oceano-34-dos-brasileiros-entendem-que-suas-acoes-causam-impacto-nos-mares-revela-pesquisa\/#respond\"]}]},{\"@type\":\"WebPage\",\"@id\":\"https:\/\/jornalfatosenoticias.com.br\/index.php\/2022\/06\/30\/decada-do-oceano-34-dos-brasileiros-entendem-que-suas-acoes-causam-impacto-nos-mares-revela-pesquisa\/\",\"url\":\"https:\/\/jornalfatosenoticias.com.br\/index.php\/2022\/06\/30\/decada-do-oceano-34-dos-brasileiros-entendem-que-suas-acoes-causam-impacto-nos-mares-revela-pesquisa\/\",\"name\":\"D\u00e9cada do Oceano: 34% dos brasileiros entendem que suas a\u00e7\u00f5es causam impacto nos mares, revela pesquisa - Jornal Fatos e Not\u00edcias\",\"isPartOf\":{\"@id\":\"https:\/\/jornalfatosenoticias.com.br\/#website\"},\"primaryImageOfPage\":{\"@id\":\"https:\/\/jornalfatosenoticias.com.br\/index.php\/2022\/06\/30\/decada-do-oceano-34-dos-brasileiros-entendem-que-suas-acoes-causam-impacto-nos-mares-revela-pesquisa\/#primaryimage\"},\"image\":{\"@id\":\"https:\/\/jornalfatosenoticias.com.br\/index.php\/2022\/06\/30\/decada-do-oceano-34-dos-brasileiros-entendem-que-suas-acoes-causam-impacto-nos-mares-revela-pesquisa\/#primaryimage\"},\"thumbnailUrl\":\"https:\/\/jornalfatosenoticias.com.br\/wp-content\/uploads\/2022\/06\/oceano-fiji-c-wsl-kirstin.jpg\",\"datePublished\":\"2022-06-30T16:43:55+00:00\",\"dateModified\":\"2022-06-30T16:43:57+00:00\",\"breadcrumb\":{\"@id\":\"https:\/\/jornalfatosenoticias.com.br\/index.php\/2022\/06\/30\/decada-do-oceano-34-dos-brasileiros-entendem-que-suas-acoes-causam-impacto-nos-mares-revela-pesquisa\/#breadcrumb\"},\"inLanguage\":\"pt-BR\",\"potentialAction\":[{\"@type\":\"ReadAction\",\"target\":[\"https:\/\/jornalfatosenoticias.com.br\/index.php\/2022\/06\/30\/decada-do-oceano-34-dos-brasileiros-entendem-que-suas-acoes-causam-impacto-nos-mares-revela-pesquisa\/\"]}]},{\"@type\":\"ImageObject\",\"inLanguage\":\"pt-BR\",\"@id\":\"https:\/\/jornalfatosenoticias.com.br\/index.php\/2022\/06\/30\/decada-do-oceano-34-dos-brasileiros-entendem-que-suas-acoes-causam-impacto-nos-mares-revela-pesquisa\/#primaryimage\",\"url\":\"https:\/\/jornalfatosenoticias.com.br\/wp-content\/uploads\/2022\/06\/oceano-fiji-c-wsl-kirstin.jpg\",\"contentUrl\":\"https:\/\/jornalfatosenoticias.com.br\/wp-content\/uploads\/2022\/06\/oceano-fiji-c-wsl-kirstin.jpg\",\"width\":1000,\"height\":666},{\"@type\":\"BreadcrumbList\",\"@id\":\"https:\/\/jornalfatosenoticias.com.br\/index.php\/2022\/06\/30\/decada-do-oceano-34-dos-brasileiros-entendem-que-suas-acoes-causam-impacto-nos-mares-revela-pesquisa\/#breadcrumb\",\"itemListElement\":[{\"@type\":\"ListItem\",\"position\":1,\"name\":\"In\u00edcio\",\"item\":\"https:\/\/jornalfatosenoticias.com.br\/\"},{\"@type\":\"ListItem\",\"position\":2,\"name\":\"D\u00e9cada do Oceano: 34% dos brasileiros entendem que suas a\u00e7\u00f5es causam impacto nos mares, revela pesquisa\"}]},{\"@type\":\"WebSite\",\"@id\":\"https:\/\/jornalfatosenoticias.com.br\/#website\",\"url\":\"https:\/\/jornalfatosenoticias.com.br\/\",\"name\":\"Jornal Fatos e Not\u00edcias\",\"description\":\"Not\u00edcias em geral\",\"publisher\":{\"@id\":\"https:\/\/jornalfatosenoticias.com.br\/#organization\"},\"potentialAction\":[{\"@type\":\"SearchAction\",\"target\":{\"@type\":\"EntryPoint\",\"urlTemplate\":\"https:\/\/jornalfatosenoticias.com.br\/?s={search_term_string}\"},\"query-input\":{\"@type\":\"PropertyValueSpecification\",\"valueRequired\":true,\"valueName\":\"search_term_string\"}}],\"inLanguage\":\"pt-BR\"},{\"@type\":\"Organization\",\"@id\":\"https:\/\/jornalfatosenoticias.com.br\/#organization\",\"name\":\"Jornal Fatos e Not\u00edcias\",\"url\":\"https:\/\/jornalfatosenoticias.com.br\/\",\"logo\":{\"@type\":\"ImageObject\",\"inLanguage\":\"pt-BR\",\"@id\":\"https:\/\/jornalfatosenoticias.com.br\/#\/schema\/logo\/image\/\",\"url\":\"https:\/\/jornalfatosenoticias.com.br\/wp-content\/uploads\/2020\/02\/logo120.png\",\"contentUrl\":\"https:\/\/jornalfatosenoticias.com.br\/wp-content\/uploads\/2020\/02\/logo120.png\",\"width\":1227,\"height\":120,\"caption\":\"Jornal Fatos e Not\u00edcias\"},\"image\":{\"@id\":\"https:\/\/jornalfatosenoticias.com.br\/#\/schema\/logo\/image\/\"}},{\"@type\":\"Person\",\"@id\":\"https:\/\/jornalfatosenoticias.com.br\/#\/schema\/person\/d63837fa13ac8666eb9e74e0985d6f81\",\"name\":\"Luzimara Fernandes\",\"image\":{\"@type\":\"ImageObject\",\"inLanguage\":\"pt-BR\",\"@id\":\"https:\/\/jornalfatosenoticias.com.br\/#\/schema\/person\/image\/\",\"url\":\"https:\/\/jornalfatosenoticias.com.br\/wp-content\/uploads\/2025\/05\/EU_portal.jpg\",\"contentUrl\":\"https:\/\/jornalfatosenoticias.com.br\/wp-content\/uploads\/2025\/05\/EU_portal.jpg\",\"caption\":\"Luzimara Fernandes\"},\"description\":\"Jornalista MTB 2358-ES\",\"sameAs\":[\"https:\/\/jornalfatosenoticias.com.br\"],\"url\":\"https:\/\/jornalfatosenoticias.com.br\/index.php\/author\/luzimara\/\"}]}<\/script>\n<!-- \/ Yoast SEO plugin. -->","yoast_head_json":{"title":"D\u00e9cada do Oceano: 34% dos brasileiros entendem que suas a\u00e7\u00f5es causam impacto nos mares, revela pesquisa - Jornal Fatos e Not\u00edcias","robots":{"index":"index","follow":"follow","max-snippet":"max-snippet:-1","max-image-preview":"max-image-preview:large","max-video-preview":"max-video-preview:-1"},"canonical":"https:\/\/jornalfatosenoticias.com.br\/index.php\/2022\/06\/30\/decada-do-oceano-34-dos-brasileiros-entendem-que-suas-acoes-causam-impacto-nos-mares-revela-pesquisa\/","og_locale":"pt_BR","og_type":"article","og_title":"D\u00e9cada do Oceano: 34% dos brasileiros entendem que suas a\u00e7\u00f5es causam impacto nos mares, revela pesquisa - Jornal Fatos e Not\u00edcias","og_description":"Levantamento mostra que 40% da popula\u00e7\u00e3o ainda n\u00e3o associa como suas atitudes podem impactar o oceano, enquanto 24% consideram que suas a\u00e7\u00f5es geram efeitos apenas indiretos A maioria dos brasileiros mostra-se disposta a mudar h\u00e1bitos pelo bem do oceano, mas ainda praticam a\u00e7\u00f5es que podem impactar negativamente ecossistemas marinhos. Apenas 34% compreendem que suas a\u00e7\u00f5es [&hellip;]","og_url":"https:\/\/jornalfatosenoticias.com.br\/index.php\/2022\/06\/30\/decada-do-oceano-34-dos-brasileiros-entendem-que-suas-acoes-causam-impacto-nos-mares-revela-pesquisa\/","og_site_name":"Jornal Fatos e Not\u00edcias","article_published_time":"2022-06-30T16:43:55+00:00","article_modified_time":"2022-06-30T16:43:57+00:00","og_image":[{"width":1000,"height":666,"url":"https:\/\/jornalfatosenoticias.com.br\/wp-content\/uploads\/2022\/06\/oceano-fiji-c-wsl-kirstin.jpg","type":"image\/jpeg"}],"author":"Luzimara Fernandes","twitter_card":"summary_large_image","twitter_misc":{"Escrito por":"Luzimara Fernandes","Est. tempo de leitura":"3 minutos"},"schema":{"@context":"https:\/\/schema.org","@graph":[{"@type":"Article","@id":"https:\/\/jornalfatosenoticias.com.br\/index.php\/2022\/06\/30\/decada-do-oceano-34-dos-brasileiros-entendem-que-suas-acoes-causam-impacto-nos-mares-revela-pesquisa\/#article","isPartOf":{"@id":"https:\/\/jornalfatosenoticias.com.br\/index.php\/2022\/06\/30\/decada-do-oceano-34-dos-brasileiros-entendem-que-suas-acoes-causam-impacto-nos-mares-revela-pesquisa\/"},"author":{"name":"Luzimara Fernandes","@id":"https:\/\/jornalfatosenoticias.com.br\/#\/schema\/person\/d63837fa13ac8666eb9e74e0985d6f81"},"headline":"D\u00e9cada do Oceano: 34% dos brasileiros entendem que suas a\u00e7\u00f5es causam impacto nos mares, revela pesquisa","datePublished":"2022-06-30T16:43:55+00:00","dateModified":"2022-06-30T16:43:57+00:00","mainEntityOfPage":{"@id":"https:\/\/jornalfatosenoticias.com.br\/index.php\/2022\/06\/30\/decada-do-oceano-34-dos-brasileiros-entendem-que-suas-acoes-causam-impacto-nos-mares-revela-pesquisa\/"},"wordCount":537,"commentCount":0,"publisher":{"@id":"https:\/\/jornalfatosenoticias.com.br\/#organization"},"image":{"@id":"https:\/\/jornalfatosenoticias.com.br\/index.php\/2022\/06\/30\/decada-do-oceano-34-dos-brasileiros-entendem-que-suas-acoes-causam-impacto-nos-mares-revela-pesquisa\/#primaryimage"},"thumbnailUrl":"https:\/\/jornalfatosenoticias.com.br\/wp-content\/uploads\/2022\/06\/oceano-fiji-c-wsl-kirstin.jpg","keywords":["Confer\u00eancia dos Oceanos da Organiza\u00e7\u00e3o das Na\u00e7\u00f5es Unidas","d\u00e9cada do oceano","mares","Unesco"],"articleSection":["Meio ambiente"],"inLanguage":"pt-BR","potentialAction":[{"@type":"CommentAction","name":"Comment","target":["https:\/\/jornalfatosenoticias.com.br\/index.php\/2022\/06\/30\/decada-do-oceano-34-dos-brasileiros-entendem-que-suas-acoes-causam-impacto-nos-mares-revela-pesquisa\/#respond"]}]},{"@type":"WebPage","@id":"https:\/\/jornalfatosenoticias.com.br\/index.php\/2022\/06\/30\/decada-do-oceano-34-dos-brasileiros-entendem-que-suas-acoes-causam-impacto-nos-mares-revela-pesquisa\/","url":"https:\/\/jornalfatosenoticias.com.br\/index.php\/2022\/06\/30\/decada-do-oceano-34-dos-brasileiros-entendem-que-suas-acoes-causam-impacto-nos-mares-revela-pesquisa\/","name":"D\u00e9cada do Oceano: 34% dos brasileiros entendem que suas a\u00e7\u00f5es causam impacto nos mares, revela pesquisa - Jornal Fatos e Not\u00edcias","isPartOf":{"@id":"https:\/\/jornalfatosenoticias.com.br\/#website"},"primaryImageOfPage":{"@id":"https:\/\/jornalfatosenoticias.com.br\/index.php\/2022\/06\/30\/decada-do-oceano-34-dos-brasileiros-entendem-que-suas-acoes-causam-impacto-nos-mares-revela-pesquisa\/#primaryimage"},"image":{"@id":"https:\/\/jornalfatosenoticias.com.br\/index.php\/2022\/06\/30\/decada-do-oceano-34-dos-brasileiros-entendem-que-suas-acoes-causam-impacto-nos-mares-revela-pesquisa\/#primaryimage"},"thumbnailUrl":"https:\/\/jornalfatosenoticias.com.br\/wp-content\/uploads\/2022\/06\/oceano-fiji-c-wsl-kirstin.jpg","datePublished":"2022-06-30T16:43:55+00:00","dateModified":"2022-06-30T16:43:57+00:00","breadcrumb":{"@id":"https:\/\/jornalfatosenoticias.com.br\/index.php\/2022\/06\/30\/decada-do-oceano-34-dos-brasileiros-entendem-que-suas-acoes-causam-impacto-nos-mares-revela-pesquisa\/#breadcrumb"},"inLanguage":"pt-BR","potentialAction":[{"@type":"ReadAction","target":["https:\/\/jornalfatosenoticias.com.br\/index.php\/2022\/06\/30\/decada-do-oceano-34-dos-brasileiros-entendem-que-suas-acoes-causam-impacto-nos-mares-revela-pesquisa\/"]}]},{"@type":"ImageObject","inLanguage":"pt-BR","@id":"https:\/\/jornalfatosenoticias.com.br\/index.php\/2022\/06\/30\/decada-do-oceano-34-dos-brasileiros-entendem-que-suas-acoes-causam-impacto-nos-mares-revela-pesquisa\/#primaryimage","url":"https:\/\/jornalfatosenoticias.com.br\/wp-content\/uploads\/2022\/06\/oceano-fiji-c-wsl-kirstin.jpg","contentUrl":"https:\/\/jornalfatosenoticias.com.br\/wp-content\/uploads\/2022\/06\/oceano-fiji-c-wsl-kirstin.jpg","width":1000,"height":666},{"@type":"BreadcrumbList","@id":"https:\/\/jornalfatosenoticias.com.br\/index.php\/2022\/06\/30\/decada-do-oceano-34-dos-brasileiros-entendem-que-suas-acoes-causam-impacto-nos-mares-revela-pesquisa\/#breadcrumb","itemListElement":[{"@type":"ListItem","position":1,"name":"In\u00edcio","item":"https:\/\/jornalfatosenoticias.com.br\/"},{"@type":"ListItem","position":2,"name":"D\u00e9cada do Oceano: 34% dos brasileiros entendem que suas a\u00e7\u00f5es causam impacto nos mares, revela pesquisa"}]},{"@type":"WebSite","@id":"https:\/\/jornalfatosenoticias.com.br\/#website","url":"https:\/\/jornalfatosenoticias.com.br\/","name":"Jornal Fatos e Not\u00edcias","description":"Not\u00edcias em geral","publisher":{"@id":"https:\/\/jornalfatosenoticias.com.br\/#organization"},"potentialAction":[{"@type":"SearchAction","target":{"@type":"EntryPoint","urlTemplate":"https:\/\/jornalfatosenoticias.com.br\/?s={search_term_string}"},"query-input":{"@type":"PropertyValueSpecification","valueRequired":true,"valueName":"search_term_string"}}],"inLanguage":"pt-BR"},{"@type":"Organization","@id":"https:\/\/jornalfatosenoticias.com.br\/#organization","name":"Jornal Fatos e Not\u00edcias","url":"https:\/\/jornalfatosenoticias.com.br\/","logo":{"@type":"ImageObject","inLanguage":"pt-BR","@id":"https:\/\/jornalfatosenoticias.com.br\/#\/schema\/logo\/image\/","url":"https:\/\/jornalfatosenoticias.com.br\/wp-content\/uploads\/2020\/02\/logo120.png","contentUrl":"https:\/\/jornalfatosenoticias.com.br\/wp-content\/uploads\/2020\/02\/logo120.png","width":1227,"height":120,"caption":"Jornal Fatos e Not\u00edcias"},"image":{"@id":"https:\/\/jornalfatosenoticias.com.br\/#\/schema\/logo\/image\/"}},{"@type":"Person","@id":"https:\/\/jornalfatosenoticias.com.br\/#\/schema\/person\/d63837fa13ac8666eb9e74e0985d6f81","name":"Luzimara Fernandes","image":{"@type":"ImageObject","inLanguage":"pt-BR","@id":"https:\/\/jornalfatosenoticias.com.br\/#\/schema\/person\/image\/","url":"https:\/\/jornalfatosenoticias.com.br\/wp-content\/uploads\/2025\/05\/EU_portal.jpg","contentUrl":"https:\/\/jornalfatosenoticias.com.br\/wp-content\/uploads\/2025\/05\/EU_portal.jpg","caption":"Luzimara Fernandes"},"description":"Jornalista MTB 2358-ES","sameAs":["https:\/\/jornalfatosenoticias.com.br"],"url":"https:\/\/jornalfatosenoticias.com.br\/index.php\/author\/luzimara\/"}]}},"cc_featured_image_caption":{"caption_text":"\r\n(Foto: WSL\/Kirstin) \r\n","source_text":"","source_url":""},"jetpack_featured_media_url":"https:\/\/jornalfatosenoticias.com.br\/wp-content\/uploads\/2022\/06\/oceano-fiji-c-wsl-kirstin.jpg","_links":{"self":[{"href":"https:\/\/jornalfatosenoticias.com.br\/index.php\/wp-json\/wp\/v2\/posts\/31867","targetHints":{"allow":["GET"]}}],"collection":[{"href":"https:\/\/jornalfatosenoticias.com.br\/index.php\/wp-json\/wp\/v2\/posts"}],"about":[{"href":"https:\/\/jornalfatosenoticias.com.br\/index.php\/wp-json\/wp\/v2\/types\/post"}],"author":[{"embeddable":true,"href":"https:\/\/jornalfatosenoticias.com.br\/index.php\/wp-json\/wp\/v2\/users\/2"}],"replies":[{"embeddable":true,"href":"https:\/\/jornalfatosenoticias.com.br\/index.php\/wp-json\/wp\/v2\/comments?post=31867"}],"version-history":[{"count":0,"href":"https:\/\/jornalfatosenoticias.com.br\/index.php\/wp-json\/wp\/v2\/posts\/31867\/revisions"}],"wp:featuredmedia":[{"embeddable":true,"href":"https:\/\/jornalfatosenoticias.com.br\/index.php\/wp-json\/wp\/v2\/media\/31868"}],"wp:attachment":[{"href":"https:\/\/jornalfatosenoticias.com.br\/index.php\/wp-json\/wp\/v2\/media?parent=31867"}],"wp:term":[{"taxonomy":"category","embeddable":true,"href":"https:\/\/jornalfatosenoticias.com.br\/index.php\/wp-json\/wp\/v2\/categories?post=31867"},{"taxonomy":"post_tag","embeddable":true,"href":"https:\/\/jornalfatosenoticias.com.br\/index.php\/wp-json\/wp\/v2\/tags?post=31867"}],"curies":[{"name":"wp","href":"https:\/\/api.w.org\/{rel}","templated":true}]}}