{"id":31885,"date":"2022-06-30T15:24:25","date_gmt":"2022-06-30T18:24:25","guid":{"rendered":"https:\/\/jornalfatosenoticias.com.br\/?p=31885"},"modified":"2022-06-30T15:24:26","modified_gmt":"2022-06-30T18:24:26","slug":"kit-montavel-garante-agua-quente-com-a-luz-do-sol","status":"publish","type":"post","link":"https:\/\/jornalfatosenoticias.com.br\/index.php\/2022\/06\/30\/kit-montavel-garante-agua-quente-com-a-luz-do-sol\/","title":{"rendered":"Kit mont\u00e1vel garante \u00e1gua quente com a luz do sol"},"content":{"rendered":"\n<p><em><span class=\"has-inline-color has-black-color\">F\u00e1cil de transportar e montar, kit foi desenvolvido por startup escocesa para garantir o acesso sustent\u00e1vel e barato \u00e0 agua quente<\/span><\/em><\/p>\n\n\n\n<div class=\"wp-block-image\"><figure class=\"aligncenter size-large is-resized\"><img loading=\"lazy\" decoding=\"async\" src=\"https:\/\/jornalfatosenoticias.com.br\/wp-content\/uploads\/2020\/02\/banner_ferramentas-1024x100.jpg\" alt=\"\" class=\"wp-image-1258\" width=\"539\" height=\"52\" srcset=\"https:\/\/jornalfatosenoticias.com.br\/wp-content\/uploads\/2020\/02\/banner_ferramentas-1024x100.jpg 1024w, https:\/\/jornalfatosenoticias.com.br\/wp-content\/uploads\/2020\/02\/banner_ferramentas-300x29.jpg 300w, https:\/\/jornalfatosenoticias.com.br\/wp-content\/uploads\/2020\/02\/banner_ferramentas-768x75.jpg 768w, https:\/\/jornalfatosenoticias.com.br\/wp-content\/uploads\/2020\/02\/banner_ferramentas.jpg 1227w\" sizes=\"auto, (max-width: 539px) 100vw, 539px\" \/><\/figure><\/div>\n\n\n\n<p>Depois de ler uma mat\u00e9ria sobre o uso de energia e acesso \u00e0 agua quente em Ruanda, o engenheiro mec\u00e2nico Faisal Ghani decidiu desenvolver uma solu\u00e7\u00e3o sustent\u00e1vel e acess\u00edvel para aquecer \u00e1gua. E foi assim que surgiu a startup SolarisKit, com sede na cidade escocesa de Dundee.<br>Faisal criou um kit t\u00e9rmico f\u00e1cil de transportar e instalar que usa a energia do sol e pode fornecer \u00e1gua quente de forma barata e sustent\u00e1vel para quem vive em Ruanda e em qualquer lugar do mundo com incid\u00eancia de luz solar.<br>Fundada em 2019, a startup participou do programa Climate Entrepreneur Accelerator, do <em>Royal Bank of Scotland<\/em>, para aprimorar ainda mais o projeto e a comercializa\u00e7\u00e3o do kit t\u00e9rmico\u00a0<strong>\u201cS200\u201d.<\/strong> Gra\u00e7as a este programa, a SolarisKit estabeleceu uma parceria com seu primeiro cliente e os kits devem ser instalados na sede da empresa em Gogarburn, Edimburgo.<\/p>\n\n\n\n<div class=\"wp-block-image\"><figure class=\"aligncenter size-large is-resized\"><img loading=\"lazy\" decoding=\"async\" src=\"https:\/\/jornalfatosenoticias.com.br\/wp-content\/uploads\/2020\/02\/logo_esteio.jpg\" alt=\"\" class=\"wp-image-1214\" width=\"278\" height=\"231\"\/><\/figure><\/div>\n\n\n\n<figure class=\"wp-block-image size-large\"><img loading=\"lazy\" decoding=\"async\" width=\"1000\" height=\"605\" src=\"https:\/\/jornalfatosenoticias.com.br\/wp-content\/uploads\/2022\/06\/kit-solar-aquece-agua-2.jpg\" alt=\"\" class=\"wp-image-31886\" srcset=\"https:\/\/jornalfatosenoticias.com.br\/wp-content\/uploads\/2022\/06\/kit-solar-aquece-agua-2.jpg 1000w, https:\/\/jornalfatosenoticias.com.br\/wp-content\/uploads\/2022\/06\/kit-solar-aquece-agua-2-300x182.jpg 300w, https:\/\/jornalfatosenoticias.com.br\/wp-content\/uploads\/2022\/06\/kit-solar-aquece-agua-2-768x465.jpg 768w\" sizes=\"auto, (max-width: 1000px) 100vw, 1000px\" \/><figcaption><em><span class=\"has-inline-color has-black-color\">(Foto: SolarisKit)<\/span><\/em><\/figcaption><\/figure>\n\n\n\n<div class=\"wp-block-image\"><figure class=\"alignright size-large is-resized\"><img loading=\"lazy\" decoding=\"async\" src=\"https:\/\/jornalfatosenoticias.com.br\/wp-content\/uploads\/2022\/02\/Precisao-Contabilidade-1024x724.jpg\" alt=\"\" class=\"wp-image-28088\" width=\"287\" height=\"202\"\/><\/figure><\/div>\n\n\n\n<p>O kit \u00e9 relativamente pequeno, f\u00e1cil de montar e transportar e n\u00e3o depende de eletricidade ou combust\u00edveis f\u00f3sseis para aquecer a \u00e1gua, ajudando a reduzir as emiss\u00f5es de gases de efeito estufa no processo. Com testes realizados em junho e bons resultados, a empresa pretende comercializar os kits na Europa e j\u00e1 enviou 80 unidades para Ruanda. <\/p>\n\n\n\n<blockquote class=\"wp-block-quote is-layout-flow wp-block-quote-is-layout-flow\"><p><span class=\"has-inline-color has-luminous-vivid-orange-color\">\u201c\u00c9 fundamental que a gente encontre solu\u00e7\u00f5es que possam ser usadas nos pa\u00edses ricos e tamb\u00e9m em pa\u00edses em desenvolvimento\u201d, explica Faisal Ghani.<\/span><\/p><\/blockquote>\n\n\n\n<div class=\"wp-block-image\"><figure class=\"aligncenter size-large is-resized\"><img loading=\"lazy\" decoding=\"async\" src=\"https:\/\/jornalfatosenoticias.com.br\/wp-content\/uploads\/2022\/05\/NOVA-LOGO-CESCONETTO-1024x100.jpg\" alt=\"\" class=\"wp-image-30792\" width=\"519\" height=\"50\" srcset=\"https:\/\/jornalfatosenoticias.com.br\/wp-content\/uploads\/2022\/05\/NOVA-LOGO-CESCONETTO-1024x100.jpg 1024w, https:\/\/jornalfatosenoticias.com.br\/wp-content\/uploads\/2022\/05\/NOVA-LOGO-CESCONETTO-300x29.jpg 300w, https:\/\/jornalfatosenoticias.com.br\/wp-content\/uploads\/2022\/05\/NOVA-LOGO-CESCONETTO-768x75.jpg 768w, https:\/\/jornalfatosenoticias.com.br\/wp-content\/uploads\/2022\/05\/NOVA-LOGO-CESCONETTO.jpg 1280w\" sizes=\"auto, (max-width: 519px) 100vw, 519px\" \/><\/figure><\/div>\n\n\n\n<p><strong><span class=\"has-inline-color has-black-color\">Como funciona?<br><\/span><\/strong>O aquecimento da \u00e1gua acontece de forma simples. A radia\u00e7\u00e3o solar incide nos vidros laterais que cobrem os tubos em espiral por onde a \u00e1gua passa e elevam a temperatura no interior do equipamento em at\u00e9 70\u00b0C.<\/p>\n\n\n\n<div class=\"wp-block-jetpack-slideshow aligncenter\" data-effect=\"slide\"><div class=\"wp-block-jetpack-slideshow_container swiper-container\"><ul class=\"wp-block-jetpack-slideshow_swiper-wrapper swiper-wrapper\"><li class=\"wp-block-jetpack-slideshow_slide swiper-slide\"><figure><img loading=\"lazy\" decoding=\"async\" width=\"1000\" height=\"683\" alt=\"\" class=\"wp-block-jetpack-slideshow_image wp-image-31887\" data-id=\"31887\" src=\"https:\/\/jornalfatosenoticias.com.br\/wp-content\/uploads\/2022\/06\/kit-solar-aquece-agua-3.jpg\" srcset=\"https:\/\/jornalfatosenoticias.com.br\/wp-content\/uploads\/2022\/06\/kit-solar-aquece-agua-3.jpg 1000w, https:\/\/jornalfatosenoticias.com.br\/wp-content\/uploads\/2022\/06\/kit-solar-aquece-agua-3-300x205.jpg 300w, https:\/\/jornalfatosenoticias.com.br\/wp-content\/uploads\/2022\/06\/kit-solar-aquece-agua-3-768x525.jpg 768w\" sizes=\"auto, (max-width: 1000px) 100vw, 1000px\" \/><figcaption class=\"wp-block-jetpack-slideshow_caption gallery-caption\">(Foto: SolarisKit) <\/figcaption><\/figure><\/li><li class=\"wp-block-jetpack-slideshow_slide swiper-slide\"><figure><img loading=\"lazy\" decoding=\"async\" width=\"1000\" height=\"658\" alt=\"\" class=\"wp-block-jetpack-slideshow_image wp-image-31888\" data-id=\"31888\" src=\"https:\/\/jornalfatosenoticias.com.br\/wp-content\/uploads\/2022\/06\/kit-solar-aquece-agua-4.jpg\" srcset=\"https:\/\/jornalfatosenoticias.com.br\/wp-content\/uploads\/2022\/06\/kit-solar-aquece-agua-4.jpg 1000w, https:\/\/jornalfatosenoticias.com.br\/wp-content\/uploads\/2022\/06\/kit-solar-aquece-agua-4-300x197.jpg 300w, https:\/\/jornalfatosenoticias.com.br\/wp-content\/uploads\/2022\/06\/kit-solar-aquece-agua-4-768x505.jpg 768w\" sizes=\"auto, (max-width: 1000px) 100vw, 1000px\" \/><figcaption class=\"wp-block-jetpack-slideshow_caption gallery-caption\">(Foto: SolarisKit) <\/figcaption><\/figure><\/li><\/ul><a class=\"wp-block-jetpack-slideshow_button-prev swiper-button-prev swiper-button-white\" role=\"button\"><\/a><a class=\"wp-block-jetpack-slideshow_button-next swiper-button-next swiper-button-white\" role=\"button\"><\/a><a aria-label=\"Pause Slideshow\" class=\"wp-block-jetpack-slideshow_button-pause\" role=\"button\"><\/a><div class=\"wp-block-jetpack-slideshow_pagination swiper-pagination swiper-pagination-white\"><\/div><\/div><\/div>\n\n\n\n<div class=\"wp-block-image\"><figure class=\"alignleft size-large is-resized\"><img loading=\"lazy\" decoding=\"async\" src=\"https:\/\/jornalfatosenoticias.com.br\/wp-content\/uploads\/2020\/02\/nova-logo-Marquetti.jpg\" alt=\"\" class=\"wp-image-22331\" width=\"246\" height=\"165\" srcset=\"https:\/\/jornalfatosenoticias.com.br\/wp-content\/uploads\/2020\/02\/nova-logo-Marquetti.jpg 643w, https:\/\/jornalfatosenoticias.com.br\/wp-content\/uploads\/2020\/02\/nova-logo-Marquetti-300x202.jpg 300w\" sizes=\"auto, (max-width: 246px) 100vw, 246px\" \/><\/figure><\/div>\n\n\n\n<p>A \u00e1gua fria entra por uma extremidade da tubula\u00e7\u00e3o, passa lentamente pela espiral sendo aquecida pela luz do sol e depois pode ser armazenada em um tanque de \u00e1gua quente para ser usada. A circula\u00e7\u00e3o da \u00e1gua acontece por meio de uma pequena bomba.<br>Segundo Ghani, a geometria prism\u00e1tica do aquecedor evita a perda de calor e aumenta a capacidade do equipamento. Outra vantagem \u00e9 que os kits podem ser instalados em diversos locais, desde que seja uma superf\u00edcie plana, como piso ou telhados de alguns estabelecimentos comerciais, que podem usar a \u00e1gua quente para banhos, piscinas ou limpeza. A facilidade de transporte e instala\u00e7\u00e3o reduz os custos, tornando a tecnologia acess\u00edvel e a \u00e1gua quente pode chegar a locais afastados.<\/p>\n\n\n\n<div class=\"wp-block-image\"><figure class=\"aligncenter size-large is-resized\"><img loading=\"lazy\" decoding=\"async\" src=\"https:\/\/jornalfatosenoticias.com.br\/wp-content\/uploads\/2022\/02\/Arte-Autoescola-Galatas_endereco_portal-1024x103.png\" alt=\"\" class=\"wp-image-27869\" width=\"530\" height=\"53\" srcset=\"https:\/\/jornalfatosenoticias.com.br\/wp-content\/uploads\/2022\/02\/Arte-Autoescola-Galatas_endereco_portal-1024x103.png 1024w, https:\/\/jornalfatosenoticias.com.br\/wp-content\/uploads\/2022\/02\/Arte-Autoescola-Galatas_endereco_portal-300x30.png 300w, https:\/\/jornalfatosenoticias.com.br\/wp-content\/uploads\/2022\/02\/Arte-Autoescola-Galatas_endereco_portal-768x77.png 768w, https:\/\/jornalfatosenoticias.com.br\/wp-content\/uploads\/2022\/02\/Arte-Autoescola-Galatas_endereco_portal.png 1223w\" sizes=\"auto, (max-width: 530px) 100vw, 530px\" \/><\/figure><\/div>\n\n\n\n<p><em><span class=\"has-inline-color has-black-color\">Neste v\u00eddeo, podemos ver como a montagem \u00e9 pr\u00e1tica:<\/span><\/em><\/p>\n\n\n\n<figure class=\"wp-block-embed-vimeo wp-block-embed is-type-video is-provider-vimeo wp-embed-aspect-16-9 wp-has-aspect-ratio\"><div class=\"wp-block-embed__wrapper\">\n<iframe loading=\"lazy\" title=\"Assembling the SolarisKit flat-packable solar thermal collector\" src=\"https:\/\/player.vimeo.com\/video\/471925824?dnt=1&amp;app_id=122963\" width=\"660\" height=\"371\" frameborder=\"0\" allow=\"autoplay; fullscreen; picture-in-picture; clipboard-write; encrypted-media; web-share\" referrerpolicy=\"strict-origin-when-cross-origin\"><\/iframe>\n<\/div><\/figure>\n\n\n\n<p><strong><span class=\"has-inline-color has-black-color\">Impacto ambiental<br><\/span><\/strong>A startup estima que cada kit \u00e9 capaz de evitar a emiss\u00e3o de 300kgs de gases de efeito estufa por ano. Atualmente, capacidade de produ\u00e7\u00e3o \u00e9 de 20 mil kits anuais e a meta \u00e9 reduzir as emiss\u00f5es globais de carbono em um bilh\u00e3o de quilos em cinco anos.<br>Outra iniciativa \u00e9 o plantio de 25 \u00e1rvores para cada aquecedor vendido, com a ambi\u00e7\u00e3o de plantar cerca de um milh\u00e3o de \u00e1rvores at\u00e9 2024. Ghani espera expandir os neg\u00f3cios nos pr\u00f3ximos meses e j\u00e1 declarou a inten\u00e7\u00e3o de dar acesso \u00e0 \u00e1gua quente para comunidades rurais na \u00cdndia.<\/p>\n\n\n\n<figure class=\"wp-block-embed-youtube wp-block-embed is-type-video is-provider-youtube wp-embed-aspect-16-9 wp-has-aspect-ratio\"><div class=\"wp-block-embed__wrapper\">\n<iframe loading=\"lazy\" title=\"SolarisKit explainer video - The world&#039;s first flat-packed, self-assembled solar collector\" width=\"660\" height=\"371\" src=\"https:\/\/www.youtube.com\/embed\/dC2gHaCqT-E?feature=oembed\" frameborder=\"0\" allow=\"accelerometer; autoplay; clipboard-write; encrypted-media; gyroscope; picture-in-picture; web-share\" referrerpolicy=\"strict-origin-when-cross-origin\" allowfullscreen><\/iframe>\n<\/div><\/figure>\n\n\n\n<p><strong>Mais informa\u00e7\u00f5es:\u00a0<\/strong><a href=\"https:\/\/solariskit.com\/\" target=\"_blank\" rel=\"noreferrer noopener\">solariskit.com<\/a><\/p>\n\n\n\n<p><strong><em>Fonte: <a href=\"https:\/\/ciclovivo.com.br\/inovacao\/tecnologia\/kit-montavel-garante-agua-quente-com-a-luz-do-sol\/\">CicloVivo<\/a><\/em><\/strong><\/p>\n","protected":false},"excerpt":{"rendered":"<p>F\u00e1cil de transportar e montar, kit foi desenvolvido por startup escocesa para garantir o acesso sustent\u00e1vel e barato \u00e0 agua quente Depois de ler uma mat\u00e9ria sobre o uso de energia e acesso \u00e0 agua quente em Ruanda, o engenheiro mec\u00e2nico Faisal Ghani decidiu desenvolver uma solu\u00e7\u00e3o sustent\u00e1vel e acess\u00edvel para aquecer \u00e1gua. E foi [&hellip;]<\/p>\n","protected":false},"author":2,"featured_media":31889,"comment_status":"open","ping_status":"open","sticky":false,"template":"","format":"standard","meta":{"footnotes":""},"categories":[3],"tags":[2763,911,13688,15082,198],"class_list":["post-31885","post","type-post","status-publish","format-standard","has-post-thumbnail","hentry","category-tecnologia","tag-aquecedor-solar","tag-inovacao","tag-inovacao-e-tecnologia","tag-kit-de-aquecedor-solar","tag-tecnologia"],"yoast_head":"<!-- This site is optimized with the Yoast SEO plugin v26.5 - https:\/\/yoast.com\/wordpress\/plugins\/seo\/ -->\n<title>Kit mont\u00e1vel garante \u00e1gua quente com a luz do sol - Jornal Fatos e Not\u00edcias<\/title>\n<meta name=\"robots\" content=\"index, follow, max-snippet:-1, max-image-preview:large, max-video-preview:-1\" \/>\n<link rel=\"canonical\" href=\"https:\/\/jornalfatosenoticias.com.br\/index.php\/2022\/06\/30\/kit-montavel-garante-agua-quente-com-a-luz-do-sol\/\" \/>\n<meta property=\"og:locale\" content=\"pt_BR\" \/>\n<meta property=\"og:type\" content=\"article\" \/>\n<meta property=\"og:title\" content=\"Kit mont\u00e1vel garante \u00e1gua quente com a luz do sol - Jornal Fatos e Not\u00edcias\" \/>\n<meta property=\"og:description\" content=\"F\u00e1cil de transportar e montar, kit foi desenvolvido por startup escocesa para garantir o acesso sustent\u00e1vel e barato \u00e0 agua quente Depois de ler uma mat\u00e9ria sobre o uso de energia e acesso \u00e0 agua quente em Ruanda, o engenheiro mec\u00e2nico Faisal Ghani decidiu desenvolver uma solu\u00e7\u00e3o sustent\u00e1vel e acess\u00edvel para aquecer \u00e1gua. E foi [&hellip;]\" \/>\n<meta property=\"og:url\" content=\"https:\/\/jornalfatosenoticias.com.br\/index.php\/2022\/06\/30\/kit-montavel-garante-agua-quente-com-a-luz-do-sol\/\" \/>\n<meta property=\"og:site_name\" content=\"Jornal Fatos e Not\u00edcias\" \/>\n<meta property=\"article:published_time\" content=\"2022-06-30T18:24:25+00:00\" \/>\n<meta property=\"article:modified_time\" content=\"2022-06-30T18:24:26+00:00\" \/>\n<meta property=\"og:image\" content=\"https:\/\/jornalfatosenoticias.com.br\/wp-content\/uploads\/2022\/06\/kit-solar-aquece-agua-1.jpg\" \/>\n\t<meta property=\"og:image:width\" content=\"1000\" \/>\n\t<meta property=\"og:image:height\" content=\"531\" \/>\n\t<meta property=\"og:image:type\" content=\"image\/jpeg\" \/>\n<meta name=\"author\" content=\"Luzimara Fernandes\" \/>\n<meta name=\"twitter:card\" content=\"summary_large_image\" \/>\n<meta name=\"twitter:label1\" content=\"Escrito por\" \/>\n\t<meta name=\"twitter:data1\" content=\"Luzimara Fernandes\" \/>\n\t<meta name=\"twitter:label2\" content=\"Est. tempo de leitura\" \/>\n\t<meta name=\"twitter:data2\" content=\"3 minutos\" \/>\n<script type=\"application\/ld+json\" class=\"yoast-schema-graph\">{\"@context\":\"https:\/\/schema.org\",\"@graph\":[{\"@type\":\"Article\",\"@id\":\"https:\/\/jornalfatosenoticias.com.br\/index.php\/2022\/06\/30\/kit-montavel-garante-agua-quente-com-a-luz-do-sol\/#article\",\"isPartOf\":{\"@id\":\"https:\/\/jornalfatosenoticias.com.br\/index.php\/2022\/06\/30\/kit-montavel-garante-agua-quente-com-a-luz-do-sol\/\"},\"author\":{\"name\":\"Luzimara Fernandes\",\"@id\":\"https:\/\/jornalfatosenoticias.com.br\/#\/schema\/person\/d63837fa13ac8666eb9e74e0985d6f81\"},\"headline\":\"Kit mont\u00e1vel garante \u00e1gua quente com a luz do sol\",\"datePublished\":\"2022-06-30T18:24:25+00:00\",\"dateModified\":\"2022-06-30T18:24:26+00:00\",\"mainEntityOfPage\":{\"@id\":\"https:\/\/jornalfatosenoticias.com.br\/index.php\/2022\/06\/30\/kit-montavel-garante-agua-quente-com-a-luz-do-sol\/\"},\"wordCount\":587,\"commentCount\":0,\"publisher\":{\"@id\":\"https:\/\/jornalfatosenoticias.com.br\/#organization\"},\"image\":{\"@id\":\"https:\/\/jornalfatosenoticias.com.br\/index.php\/2022\/06\/30\/kit-montavel-garante-agua-quente-com-a-luz-do-sol\/#primaryimage\"},\"thumbnailUrl\":\"https:\/\/jornalfatosenoticias.com.br\/wp-content\/uploads\/2022\/06\/kit-solar-aquece-agua-1.jpg\",\"keywords\":[\"aquecedor solar\",\"inova\u00e7\u00e3o\",\"inova\u00e7\u00e3o e tecnologia\",\"kit de aquecedor solar\",\"tecnologia\"],\"articleSection\":[\"Tecnologia &amp; Inova\u00e7\u00e3o\"],\"inLanguage\":\"pt-BR\",\"potentialAction\":[{\"@type\":\"CommentAction\",\"name\":\"Comment\",\"target\":[\"https:\/\/jornalfatosenoticias.com.br\/index.php\/2022\/06\/30\/kit-montavel-garante-agua-quente-com-a-luz-do-sol\/#respond\"]}]},{\"@type\":\"WebPage\",\"@id\":\"https:\/\/jornalfatosenoticias.com.br\/index.php\/2022\/06\/30\/kit-montavel-garante-agua-quente-com-a-luz-do-sol\/\",\"url\":\"https:\/\/jornalfatosenoticias.com.br\/index.php\/2022\/06\/30\/kit-montavel-garante-agua-quente-com-a-luz-do-sol\/\",\"name\":\"Kit mont\u00e1vel garante \u00e1gua quente com a luz do sol - Jornal Fatos e Not\u00edcias\",\"isPartOf\":{\"@id\":\"https:\/\/jornalfatosenoticias.com.br\/#website\"},\"primaryImageOfPage\":{\"@id\":\"https:\/\/jornalfatosenoticias.com.br\/index.php\/2022\/06\/30\/kit-montavel-garante-agua-quente-com-a-luz-do-sol\/#primaryimage\"},\"image\":{\"@id\":\"https:\/\/jornalfatosenoticias.com.br\/index.php\/2022\/06\/30\/kit-montavel-garante-agua-quente-com-a-luz-do-sol\/#primaryimage\"},\"thumbnailUrl\":\"https:\/\/jornalfatosenoticias.com.br\/wp-content\/uploads\/2022\/06\/kit-solar-aquece-agua-1.jpg\",\"datePublished\":\"2022-06-30T18:24:25+00:00\",\"dateModified\":\"2022-06-30T18:24:26+00:00\",\"breadcrumb\":{\"@id\":\"https:\/\/jornalfatosenoticias.com.br\/index.php\/2022\/06\/30\/kit-montavel-garante-agua-quente-com-a-luz-do-sol\/#breadcrumb\"},\"inLanguage\":\"pt-BR\",\"potentialAction\":[{\"@type\":\"ReadAction\",\"target\":[\"https:\/\/jornalfatosenoticias.com.br\/index.php\/2022\/06\/30\/kit-montavel-garante-agua-quente-com-a-luz-do-sol\/\"]}]},{\"@type\":\"ImageObject\",\"inLanguage\":\"pt-BR\",\"@id\":\"https:\/\/jornalfatosenoticias.com.br\/index.php\/2022\/06\/30\/kit-montavel-garante-agua-quente-com-a-luz-do-sol\/#primaryimage\",\"url\":\"https:\/\/jornalfatosenoticias.com.br\/wp-content\/uploads\/2022\/06\/kit-solar-aquece-agua-1.jpg\",\"contentUrl\":\"https:\/\/jornalfatosenoticias.com.br\/wp-content\/uploads\/2022\/06\/kit-solar-aquece-agua-1.jpg\",\"width\":1000,\"height\":531},{\"@type\":\"BreadcrumbList\",\"@id\":\"https:\/\/jornalfatosenoticias.com.br\/index.php\/2022\/06\/30\/kit-montavel-garante-agua-quente-com-a-luz-do-sol\/#breadcrumb\",\"itemListElement\":[{\"@type\":\"ListItem\",\"position\":1,\"name\":\"In\u00edcio\",\"item\":\"https:\/\/jornalfatosenoticias.com.br\/\"},{\"@type\":\"ListItem\",\"position\":2,\"name\":\"Kit mont\u00e1vel garante \u00e1gua quente com a luz do sol\"}]},{\"@type\":\"WebSite\",\"@id\":\"https:\/\/jornalfatosenoticias.com.br\/#website\",\"url\":\"https:\/\/jornalfatosenoticias.com.br\/\",\"name\":\"Jornal Fatos e Not\u00edcias\",\"description\":\"Not\u00edcias em geral\",\"publisher\":{\"@id\":\"https:\/\/jornalfatosenoticias.com.br\/#organization\"},\"potentialAction\":[{\"@type\":\"SearchAction\",\"target\":{\"@type\":\"EntryPoint\",\"urlTemplate\":\"https:\/\/jornalfatosenoticias.com.br\/?s={search_term_string}\"},\"query-input\":{\"@type\":\"PropertyValueSpecification\",\"valueRequired\":true,\"valueName\":\"search_term_string\"}}],\"inLanguage\":\"pt-BR\"},{\"@type\":\"Organization\",\"@id\":\"https:\/\/jornalfatosenoticias.com.br\/#organization\",\"name\":\"Jornal Fatos e Not\u00edcias\",\"url\":\"https:\/\/jornalfatosenoticias.com.br\/\",\"logo\":{\"@type\":\"ImageObject\",\"inLanguage\":\"pt-BR\",\"@id\":\"https:\/\/jornalfatosenoticias.com.br\/#\/schema\/logo\/image\/\",\"url\":\"https:\/\/jornalfatosenoticias.com.br\/wp-content\/uploads\/2020\/02\/logo120.png\",\"contentUrl\":\"https:\/\/jornalfatosenoticias.com.br\/wp-content\/uploads\/2020\/02\/logo120.png\",\"width\":1227,\"height\":120,\"caption\":\"Jornal Fatos e Not\u00edcias\"},\"image\":{\"@id\":\"https:\/\/jornalfatosenoticias.com.br\/#\/schema\/logo\/image\/\"}},{\"@type\":\"Person\",\"@id\":\"https:\/\/jornalfatosenoticias.com.br\/#\/schema\/person\/d63837fa13ac8666eb9e74e0985d6f81\",\"name\":\"Luzimara Fernandes\",\"image\":{\"@type\":\"ImageObject\",\"inLanguage\":\"pt-BR\",\"@id\":\"https:\/\/jornalfatosenoticias.com.br\/#\/schema\/person\/image\/\",\"url\":\"https:\/\/jornalfatosenoticias.com.br\/wp-content\/uploads\/2025\/05\/EU_portal.jpg\",\"contentUrl\":\"https:\/\/jornalfatosenoticias.com.br\/wp-content\/uploads\/2025\/05\/EU_portal.jpg\",\"caption\":\"Luzimara Fernandes\"},\"description\":\"Jornalista MTB 2358-ES\",\"sameAs\":[\"https:\/\/jornalfatosenoticias.com.br\"],\"url\":\"https:\/\/jornalfatosenoticias.com.br\/index.php\/author\/luzimara\/\"}]}<\/script>\n<!-- \/ Yoast SEO plugin. -->","yoast_head_json":{"title":"Kit mont\u00e1vel garante \u00e1gua quente com a luz do sol - Jornal Fatos e Not\u00edcias","robots":{"index":"index","follow":"follow","max-snippet":"max-snippet:-1","max-image-preview":"max-image-preview:large","max-video-preview":"max-video-preview:-1"},"canonical":"https:\/\/jornalfatosenoticias.com.br\/index.php\/2022\/06\/30\/kit-montavel-garante-agua-quente-com-a-luz-do-sol\/","og_locale":"pt_BR","og_type":"article","og_title":"Kit mont\u00e1vel garante \u00e1gua quente com a luz do sol - Jornal Fatos e Not\u00edcias","og_description":"F\u00e1cil de transportar e montar, kit foi desenvolvido por startup escocesa para garantir o acesso sustent\u00e1vel e barato \u00e0 agua quente Depois de ler uma mat\u00e9ria sobre o uso de energia e acesso \u00e0 agua quente em Ruanda, o engenheiro mec\u00e2nico Faisal Ghani decidiu desenvolver uma solu\u00e7\u00e3o sustent\u00e1vel e acess\u00edvel para aquecer \u00e1gua. E foi [&hellip;]","og_url":"https:\/\/jornalfatosenoticias.com.br\/index.php\/2022\/06\/30\/kit-montavel-garante-agua-quente-com-a-luz-do-sol\/","og_site_name":"Jornal Fatos e Not\u00edcias","article_published_time":"2022-06-30T18:24:25+00:00","article_modified_time":"2022-06-30T18:24:26+00:00","og_image":[{"width":1000,"height":531,"url":"https:\/\/jornalfatosenoticias.com.br\/wp-content\/uploads\/2022\/06\/kit-solar-aquece-agua-1.jpg","type":"image\/jpeg"}],"author":"Luzimara Fernandes","twitter_card":"summary_large_image","twitter_misc":{"Escrito por":"Luzimara Fernandes","Est. tempo de leitura":"3 minutos"},"schema":{"@context":"https:\/\/schema.org","@graph":[{"@type":"Article","@id":"https:\/\/jornalfatosenoticias.com.br\/index.php\/2022\/06\/30\/kit-montavel-garante-agua-quente-com-a-luz-do-sol\/#article","isPartOf":{"@id":"https:\/\/jornalfatosenoticias.com.br\/index.php\/2022\/06\/30\/kit-montavel-garante-agua-quente-com-a-luz-do-sol\/"},"author":{"name":"Luzimara Fernandes","@id":"https:\/\/jornalfatosenoticias.com.br\/#\/schema\/person\/d63837fa13ac8666eb9e74e0985d6f81"},"headline":"Kit mont\u00e1vel garante \u00e1gua quente com a luz do sol","datePublished":"2022-06-30T18:24:25+00:00","dateModified":"2022-06-30T18:24:26+00:00","mainEntityOfPage":{"@id":"https:\/\/jornalfatosenoticias.com.br\/index.php\/2022\/06\/30\/kit-montavel-garante-agua-quente-com-a-luz-do-sol\/"},"wordCount":587,"commentCount":0,"publisher":{"@id":"https:\/\/jornalfatosenoticias.com.br\/#organization"},"image":{"@id":"https:\/\/jornalfatosenoticias.com.br\/index.php\/2022\/06\/30\/kit-montavel-garante-agua-quente-com-a-luz-do-sol\/#primaryimage"},"thumbnailUrl":"https:\/\/jornalfatosenoticias.com.br\/wp-content\/uploads\/2022\/06\/kit-solar-aquece-agua-1.jpg","keywords":["aquecedor solar","inova\u00e7\u00e3o","inova\u00e7\u00e3o e tecnologia","kit de aquecedor solar","tecnologia"],"articleSection":["Tecnologia &amp; Inova\u00e7\u00e3o"],"inLanguage":"pt-BR","potentialAction":[{"@type":"CommentAction","name":"Comment","target":["https:\/\/jornalfatosenoticias.com.br\/index.php\/2022\/06\/30\/kit-montavel-garante-agua-quente-com-a-luz-do-sol\/#respond"]}]},{"@type":"WebPage","@id":"https:\/\/jornalfatosenoticias.com.br\/index.php\/2022\/06\/30\/kit-montavel-garante-agua-quente-com-a-luz-do-sol\/","url":"https:\/\/jornalfatosenoticias.com.br\/index.php\/2022\/06\/30\/kit-montavel-garante-agua-quente-com-a-luz-do-sol\/","name":"Kit mont\u00e1vel garante \u00e1gua quente com a luz do sol - Jornal Fatos e Not\u00edcias","isPartOf":{"@id":"https:\/\/jornalfatosenoticias.com.br\/#website"},"primaryImageOfPage":{"@id":"https:\/\/jornalfatosenoticias.com.br\/index.php\/2022\/06\/30\/kit-montavel-garante-agua-quente-com-a-luz-do-sol\/#primaryimage"},"image":{"@id":"https:\/\/jornalfatosenoticias.com.br\/index.php\/2022\/06\/30\/kit-montavel-garante-agua-quente-com-a-luz-do-sol\/#primaryimage"},"thumbnailUrl":"https:\/\/jornalfatosenoticias.com.br\/wp-content\/uploads\/2022\/06\/kit-solar-aquece-agua-1.jpg","datePublished":"2022-06-30T18:24:25+00:00","dateModified":"2022-06-30T18:24:26+00:00","breadcrumb":{"@id":"https:\/\/jornalfatosenoticias.com.br\/index.php\/2022\/06\/30\/kit-montavel-garante-agua-quente-com-a-luz-do-sol\/#breadcrumb"},"inLanguage":"pt-BR","potentialAction":[{"@type":"ReadAction","target":["https:\/\/jornalfatosenoticias.com.br\/index.php\/2022\/06\/30\/kit-montavel-garante-agua-quente-com-a-luz-do-sol\/"]}]},{"@type":"ImageObject","inLanguage":"pt-BR","@id":"https:\/\/jornalfatosenoticias.com.br\/index.php\/2022\/06\/30\/kit-montavel-garante-agua-quente-com-a-luz-do-sol\/#primaryimage","url":"https:\/\/jornalfatosenoticias.com.br\/wp-content\/uploads\/2022\/06\/kit-solar-aquece-agua-1.jpg","contentUrl":"https:\/\/jornalfatosenoticias.com.br\/wp-content\/uploads\/2022\/06\/kit-solar-aquece-agua-1.jpg","width":1000,"height":531},{"@type":"BreadcrumbList","@id":"https:\/\/jornalfatosenoticias.com.br\/index.php\/2022\/06\/30\/kit-montavel-garante-agua-quente-com-a-luz-do-sol\/#breadcrumb","itemListElement":[{"@type":"ListItem","position":1,"name":"In\u00edcio","item":"https:\/\/jornalfatosenoticias.com.br\/"},{"@type":"ListItem","position":2,"name":"Kit mont\u00e1vel garante \u00e1gua quente com a luz do sol"}]},{"@type":"WebSite","@id":"https:\/\/jornalfatosenoticias.com.br\/#website","url":"https:\/\/jornalfatosenoticias.com.br\/","name":"Jornal Fatos e Not\u00edcias","description":"Not\u00edcias em geral","publisher":{"@id":"https:\/\/jornalfatosenoticias.com.br\/#organization"},"potentialAction":[{"@type":"SearchAction","target":{"@type":"EntryPoint","urlTemplate":"https:\/\/jornalfatosenoticias.com.br\/?s={search_term_string}"},"query-input":{"@type":"PropertyValueSpecification","valueRequired":true,"valueName":"search_term_string"}}],"inLanguage":"pt-BR"},{"@type":"Organization","@id":"https:\/\/jornalfatosenoticias.com.br\/#organization","name":"Jornal Fatos e Not\u00edcias","url":"https:\/\/jornalfatosenoticias.com.br\/","logo":{"@type":"ImageObject","inLanguage":"pt-BR","@id":"https:\/\/jornalfatosenoticias.com.br\/#\/schema\/logo\/image\/","url":"https:\/\/jornalfatosenoticias.com.br\/wp-content\/uploads\/2020\/02\/logo120.png","contentUrl":"https:\/\/jornalfatosenoticias.com.br\/wp-content\/uploads\/2020\/02\/logo120.png","width":1227,"height":120,"caption":"Jornal Fatos e Not\u00edcias"},"image":{"@id":"https:\/\/jornalfatosenoticias.com.br\/#\/schema\/logo\/image\/"}},{"@type":"Person","@id":"https:\/\/jornalfatosenoticias.com.br\/#\/schema\/person\/d63837fa13ac8666eb9e74e0985d6f81","name":"Luzimara Fernandes","image":{"@type":"ImageObject","inLanguage":"pt-BR","@id":"https:\/\/jornalfatosenoticias.com.br\/#\/schema\/person\/image\/","url":"https:\/\/jornalfatosenoticias.com.br\/wp-content\/uploads\/2025\/05\/EU_portal.jpg","contentUrl":"https:\/\/jornalfatosenoticias.com.br\/wp-content\/uploads\/2025\/05\/EU_portal.jpg","caption":"Luzimara Fernandes"},"description":"Jornalista MTB 2358-ES","sameAs":["https:\/\/jornalfatosenoticias.com.br"],"url":"https:\/\/jornalfatosenoticias.com.br\/index.php\/author\/luzimara\/"}]}},"cc_featured_image_caption":{"caption_text":"(Foto: SolarisKit) ","source_text":"","source_url":""},"jetpack_featured_media_url":"https:\/\/jornalfatosenoticias.com.br\/wp-content\/uploads\/2022\/06\/kit-solar-aquece-agua-1.jpg","_links":{"self":[{"href":"https:\/\/jornalfatosenoticias.com.br\/index.php\/wp-json\/wp\/v2\/posts\/31885","targetHints":{"allow":["GET"]}}],"collection":[{"href":"https:\/\/jornalfatosenoticias.com.br\/index.php\/wp-json\/wp\/v2\/posts"}],"about":[{"href":"https:\/\/jornalfatosenoticias.com.br\/index.php\/wp-json\/wp\/v2\/types\/post"}],"author":[{"embeddable":true,"href":"https:\/\/jornalfatosenoticias.com.br\/index.php\/wp-json\/wp\/v2\/users\/2"}],"replies":[{"embeddable":true,"href":"https:\/\/jornalfatosenoticias.com.br\/index.php\/wp-json\/wp\/v2\/comments?post=31885"}],"version-history":[{"count":0,"href":"https:\/\/jornalfatosenoticias.com.br\/index.php\/wp-json\/wp\/v2\/posts\/31885\/revisions"}],"wp:featuredmedia":[{"embeddable":true,"href":"https:\/\/jornalfatosenoticias.com.br\/index.php\/wp-json\/wp\/v2\/media\/31889"}],"wp:attachment":[{"href":"https:\/\/jornalfatosenoticias.com.br\/index.php\/wp-json\/wp\/v2\/media?parent=31885"}],"wp:term":[{"taxonomy":"category","embeddable":true,"href":"https:\/\/jornalfatosenoticias.com.br\/index.php\/wp-json\/wp\/v2\/categories?post=31885"},{"taxonomy":"post_tag","embeddable":true,"href":"https:\/\/jornalfatosenoticias.com.br\/index.php\/wp-json\/wp\/v2\/tags?post=31885"}],"curies":[{"name":"wp","href":"https:\/\/api.w.org\/{rel}","templated":true}]}}