{"id":31896,"date":"2022-06-30T15:43:23","date_gmt":"2022-06-30T18:43:23","guid":{"rendered":"https:\/\/jornalfatosenoticias.com.br\/?p=31896"},"modified":"2022-06-30T15:43:24","modified_gmt":"2022-06-30T18:43:24","slug":"ibge-desemprego-cai-para-98-rendimento-fica-estavel","status":"publish","type":"post","link":"https:\/\/jornalfatosenoticias.com.br\/index.php\/2022\/06\/30\/ibge-desemprego-cai-para-98-rendimento-fica-estavel\/","title":{"rendered":"IBGE: desemprego cai para 9,8%; rendimento fica est\u00e1vel"},"content":{"rendered":"\n<p><em><span class=\"has-inline-color has-black-color\">Informalidade atinge 40,1% da popula\u00e7\u00e3o ocupada<\/span><\/em><\/p>\n\n\n\n<div class=\"wp-block-image\"><figure class=\"aligncenter size-large is-resized\"><img loading=\"lazy\" decoding=\"async\" src=\"https:\/\/jornalfatosenoticias.com.br\/wp-content\/uploads\/2022\/02\/Arte-Autoescola-Galatas_endereco_portal-1024x103.png\" alt=\"\" class=\"wp-image-27869\" width=\"550\" height=\"55\" srcset=\"https:\/\/jornalfatosenoticias.com.br\/wp-content\/uploads\/2022\/02\/Arte-Autoescola-Galatas_endereco_portal-1024x103.png 1024w, https:\/\/jornalfatosenoticias.com.br\/wp-content\/uploads\/2022\/02\/Arte-Autoescola-Galatas_endereco_portal-300x30.png 300w, https:\/\/jornalfatosenoticias.com.br\/wp-content\/uploads\/2022\/02\/Arte-Autoescola-Galatas_endereco_portal-768x77.png 768w, https:\/\/jornalfatosenoticias.com.br\/wp-content\/uploads\/2022\/02\/Arte-Autoescola-Galatas_endereco_portal.png 1223w\" sizes=\"auto, (max-width: 550px) 100vw, 550px\" \/><\/figure><\/div>\n\n\n\n<p>Dados da ocupa\u00e7\u00e3o divulgados hoje (30) pelo Instituto Brasileiro de Geografia e Estat\u00edstica (IBGE) mostram recupera\u00e7\u00e3o continuada do mercado de trabalho. A Pesquisa Nacional por Amostra de Domic\u00edlios Cont\u00ednua (Pnad Cont\u00ednua) aponta que a taxa de desocupa\u00e7\u00e3o ficou em 9,8% no trimestre m\u00f3vel encerrado em maio.<br>O recuo foi de 1,4 ponto percentual em rela\u00e7\u00e3o ao trimestre de dezembro de 2021 a fevereiro de 2022, quando a taxa ficou em 11,2%, e de 4,9 pontos percentual na compara\u00e7\u00e3o com o mesmo per\u00edodo de 2021, quando o desemprego estava em 14,7%. Segundo o IBGE, esta foi a menor taxa de desocupa\u00e7\u00e3o para um trimestre encerrado em maio desde 2015, quando o indicador registrou 8,3%.<\/p>\n\n\n\n<div class=\"wp-block-image\"><figure class=\"alignleft size-large\"><img decoding=\"async\" src=\"https:\/\/jornalfatosenoticias.com.br\/wp-content\/uploads\/2020\/02\/logo_esteio.jpg\" alt=\"\" class=\"wp-image-1214\"\/><\/figure><\/div>\n\n\n\n<p>Em n\u00fameros, o Brasil tem hoje 10,6 milh\u00f5es de pessoas desocupadas. S\u00e3o 1,4 milh\u00e3o de pessoas a menos frente ao trimestre anterior, o que representa um recuo de 11,5%. Na compara\u00e7\u00e3o anual, a queda foi de 30,2%, com 4,6 milh\u00f5es de pessoas a menos desocupadas.<br>O total de pessoas ocupadas atingiu o recorde da s\u00e9rie iniciada em 2012, com 97,5 milh\u00f5es. Uma alta de 2,4%, ou mais 2,3 milh\u00f5es de pessoas, na compara\u00e7\u00e3o trimestral, e de 10,6%, ou 9,4 milh\u00f5es de pessoas, na compara\u00e7\u00e3o anual. O n\u00edvel da ocupa\u00e7\u00e3o foi estimado em 56,4%, alta de 1,2 ponto percentual frente ao trimestre anterior e de 4,9 pontos percentuais em rela\u00e7\u00e3o ao mesmo trimestre de 2021.<\/p>\n\n\n\n<div class=\"wp-block-image\"><figure class=\"aligncenter size-large is-resized\"><img loading=\"lazy\" decoding=\"async\" src=\"https:\/\/jornalfatosenoticias.com.br\/wp-content\/uploads\/2022\/02\/Serra-Pack-459.png\" alt=\"\" class=\"wp-image-27471\" width=\"350\" height=\"140\"\/><\/figure><\/div>\n\n\n\n<p><strong><span class=\"has-inline-color has-black-color\">Subutiliza\u00e7\u00e3o<br><\/span><\/strong>A taxa composta de subutiliza\u00e7\u00e3o caiu 1,7 ponto percentual em rela\u00e7\u00e3o ao trimestre m\u00f3vel encerrado em fevereiro, para 21,8%. Na compara\u00e7\u00e3o com o trimestre encerrado em maio de 2021, a queda foi de 7,4 pontos percentuais. A popula\u00e7\u00e3o subutilizada ficou em 25,4 milh\u00f5es de pessoas, uma queda de 6,8% frente ao trimestre anterior e de 23,8% na compara\u00e7\u00e3o anual.<\/p>\n\n\n\n<div class=\"wp-block-image\"><figure class=\"alignright size-large is-resized\"><img loading=\"lazy\" decoding=\"async\" src=\"https:\/\/jornalfatosenoticias.com.br\/wp-content\/uploads\/2020\/02\/nova-logo-Marquetti.jpg\" alt=\"\" class=\"wp-image-22331\" width=\"282\" height=\"189\" srcset=\"https:\/\/jornalfatosenoticias.com.br\/wp-content\/uploads\/2020\/02\/nova-logo-Marquetti.jpg 643w, https:\/\/jornalfatosenoticias.com.br\/wp-content\/uploads\/2020\/02\/nova-logo-Marquetti-300x202.jpg 300w\" sizes=\"auto, (max-width: 282px) 100vw, 282px\" \/><\/figure><\/div>\n\n\n\n<p>A subocupa\u00e7\u00e3o por insufici\u00eancia de horas trabalhadas atinge um contingente de 6,6 milh\u00f5es de pessoas, n\u00famero est\u00e1vel ante o trimestre anterior e 11,1% menor do que no mesmo per\u00edodo do ano passado. A popula\u00e7\u00e3o fora da for\u00e7a de trabalho caiu 0,8% na compara\u00e7\u00e3o trimestral, para 64,8 milh\u00f5es de pessoas. Na compara\u00e7\u00e3o anual, a queda foi de 4,7% , o que representa 3,2 milh\u00f5es de pessoas menos nessa situa\u00e7\u00e3o.<br>A popula\u00e7\u00e3o desalentada est\u00e1 em 4,3 milh\u00f5es de pessoas, uma queda de 8,0% em rela\u00e7\u00e3o ao trimestre anterior, com menos 377 mil pessoas, e de 22,6% na compara\u00e7\u00e3o anual, o que representa 1,3 milh\u00e3o de pessoas. O percentual de desalentados na for\u00e7a de trabalho ficou em 3,9% no trimestre m\u00f3vel encerrado em maio.<\/p>\n\n\n\n<div class=\"wp-block-image\"><figure class=\"aligncenter size-large is-resized\"><img loading=\"lazy\" decoding=\"async\" src=\"https:\/\/jornalfatosenoticias.com.br\/wp-content\/uploads\/2022\/05\/NOVA-LOGO-CESCONETTO-1024x100.jpg\" alt=\"\" class=\"wp-image-30792\" width=\"549\" height=\"53\" srcset=\"https:\/\/jornalfatosenoticias.com.br\/wp-content\/uploads\/2022\/05\/NOVA-LOGO-CESCONETTO-1024x100.jpg 1024w, https:\/\/jornalfatosenoticias.com.br\/wp-content\/uploads\/2022\/05\/NOVA-LOGO-CESCONETTO-300x29.jpg 300w, https:\/\/jornalfatosenoticias.com.br\/wp-content\/uploads\/2022\/05\/NOVA-LOGO-CESCONETTO-768x75.jpg 768w, https:\/\/jornalfatosenoticias.com.br\/wp-content\/uploads\/2022\/05\/NOVA-LOGO-CESCONETTO.jpg 1280w\" sizes=\"auto, (max-width: 549px) 100vw, 549px\" \/><\/figure><\/div>\n\n\n\n<p><strong><span class=\"has-inline-color has-black-color\">Formalidade<br><\/span><\/strong>O n\u00famero de empregados com carteira de trabalho assinada no setor privado subiu 2,8% no trimestre, para 35,6 milh\u00f5es de pessoas. Na compara\u00e7\u00e3o anual, o aumento foi de 12,1%, o que representa um contingente de 3,8 milh\u00f5es de pessoas. Por outro lado, o n\u00famero de empregados sem carteira assinada no setor privado foi o maior da s\u00e9rie, com 12,8 milh\u00f5es de pessoas, um aumento de 4,3% no trimestre e de 23,6% no ano.<br>Os trabalhadores por conta pr\u00f3pria ficaram est\u00e1veis em 25,7 milh\u00f5es de pessoas no trimestre, mas o contingente subiu 6,4% na compara\u00e7\u00e3o anual, com mais 1,5 milh\u00e3o de pessoas. As trabalhadoras dom\u00e9sticas s\u00e3o 5,8 milh\u00f5es, n\u00famero est\u00e1vel em rela\u00e7\u00e3o ao trimestre anterior e 20,8% maior na compara\u00e7\u00e3o anual, com a entrada de 995 mil pessoas nesse setor.<\/p>\n\n\n\n<div class=\"wp-block-image\"><figure class=\"aligncenter size-large is-resized\"><img loading=\"lazy\" decoding=\"async\" src=\"https:\/\/jornalfatosenoticias.com.br\/wp-content\/uploads\/2020\/02\/Serra-Grande-1024x160.png\" alt=\"\" class=\"wp-image-7836\" width=\"472\" height=\"73\"\/><\/figure><\/div>\n\n\n\n<p>Os empregadores subiram 4,1% frente ao trimestre anterior, chegando a 4,2 milh\u00f5es de pessoas. Na compara\u00e7\u00e3o anual o aumento foi de 16,2%. O setor p\u00fablico emprega 11,6 milh\u00f5es de pessoas, n\u00famero 2,4% maior do que no trimestre anterior e est\u00e1vel na compara\u00e7\u00e3o anual.<br>Com isso, a taxa de informalidade ficou em 40,1% da popula\u00e7\u00e3o ocupada, contra 40,2% no trimestre anterior e 39,5% no mesmo trimestre de 2021. No trimestre m\u00f3vel encerrado em maio, o Brasil tinha 39,1 milh\u00f5es de trabalhadores informais. A for\u00e7a de trabalho foi estimada em 108,1 milh\u00f5es de pessoas, o maior contingente da s\u00e9rie hist\u00f3rica. A alta foi de 0,8% no trimestre e de 4,6% no ano.<\/p>\n\n\n\n<div class=\"wp-block-image\"><figure class=\"aligncenter size-large is-resized\"><img loading=\"lazy\" decoding=\"async\" src=\"https:\/\/jornalfatosenoticias.com.br\/wp-content\/uploads\/2022\/03\/logo-Suinco-1024x390.jpg\" alt=\"\" class=\"wp-image-28785\" width=\"302\" height=\"114\"\/><\/figure><\/div>\n\n\n\n<p><strong><span class=\"has-inline-color has-black-color\">Atividades<br><\/span><\/strong>Segundo o IBGE, apresentaram aumento de contingente ocupado na compara\u00e7\u00e3o trimestral as atividades: ind\u00fastria geral (2,5%, ou mais 312 mil pessoas); constru\u00e7\u00e3o (2,9%, ou mais 210 mil pessoas); com\u00e9rcio, repara\u00e7\u00e3o de ve\u00edculos automotores e motocicletas (1,5%, ou mais 281 mil pessoas); transporte, armazenagem e correio (4,6%, ou mais 224 mil pessoas); alojamento e alimenta\u00e7\u00e3o (3,6%, ou mais 186 mil pessoas); informa\u00e7\u00e3o, comunica\u00e7\u00e3o e atividades financeiras, imobili\u00e1rias, profissionais e administrativas (2,8%, ou mais 311 mil pessoas); administra\u00e7\u00e3o p\u00fablica, defesa, seguridade social, educa\u00e7\u00e3o, sa\u00fade humana e servi\u00e7os sociais (2,8%, ou mais 466 mil pessoas); e outros servi\u00e7os (3,7%, ou mais 182 mil pessoas).<\/p>\n\n\n\n<div class=\"wp-block-image\"><figure class=\"aligncenter size-large is-resized\"><img loading=\"lazy\" decoding=\"async\" src=\"https:\/\/jornalfatosenoticias.com.br\/wp-content\/uploads\/2020\/02\/banner_ferramentas-1024x100.jpg\" alt=\"\" class=\"wp-image-1258\" width=\"539\" height=\"52\" srcset=\"https:\/\/jornalfatosenoticias.com.br\/wp-content\/uploads\/2020\/02\/banner_ferramentas-1024x100.jpg 1024w, https:\/\/jornalfatosenoticias.com.br\/wp-content\/uploads\/2020\/02\/banner_ferramentas-300x29.jpg 300w, https:\/\/jornalfatosenoticias.com.br\/wp-content\/uploads\/2020\/02\/banner_ferramentas-768x75.jpg 768w, https:\/\/jornalfatosenoticias.com.br\/wp-content\/uploads\/2020\/02\/banner_ferramentas.jpg 1227w\" sizes=\"auto, (max-width: 539px) 100vw, 539px\" \/><\/figure><\/div>\n\n\n\n<p>Na compara\u00e7\u00e3o com o trimestre encerrado em maio de 2021, as alta foram em: ind\u00fastria geral (11,0%, ou mais 1,3 milh\u00e3o de pessoas); constru\u00e7\u00e3o (13,2%, ou mais 866 mil pessoas); com\u00e9rcio, repara\u00e7\u00e3o de ve\u00edculos automotores e motocicletas (15,3%, ou mais 2,5 milh\u00f5es de pessoas); transporte, armazenagem e correio (14,0%, ou mais 629 mil pessoas); alojamento e alimenta\u00e7\u00e3o (26,9%, ou mais 1,1 milh\u00e3o de pessoas); informa\u00e7\u00e3o, comunica\u00e7\u00e3o e atividades financeiras, imobili\u00e1rias, profissionais e administrativas (4,0%, ou mais 449 mil pessoas); administra\u00e7\u00e3o p\u00fablica, defesa, seguridade social, educa\u00e7\u00e3o, sa\u00fade humana e servi\u00e7os sociais (3,6%, ou mais 580 mil pessoas); outros servi\u00e7os (20,7%, ou mais 878 mil pessoas); e servi\u00e7os dom\u00e9sticos (20,4%, ou mais 990 mil pessoas).<\/p>\n\n\n\n<div class=\"wp-block-image\"><figure class=\"aligncenter size-large is-resized\"><img loading=\"lazy\" decoding=\"async\" src=\"https:\/\/jornalfatosenoticias.com.br\/wp-content\/uploads\/2020\/02\/Logo-Mizu-segunda-2-1024x99.png\" alt=\"\" class=\"wp-image-2353\" width=\"549\" height=\"53\" srcset=\"https:\/\/jornalfatosenoticias.com.br\/wp-content\/uploads\/2020\/02\/Logo-Mizu-segunda-2-1024x99.png 1024w, https:\/\/jornalfatosenoticias.com.br\/wp-content\/uploads\/2020\/02\/Logo-Mizu-segunda-2-300x29.png 300w, https:\/\/jornalfatosenoticias.com.br\/wp-content\/uploads\/2020\/02\/Logo-Mizu-segunda-2-768x74.png 768w, https:\/\/jornalfatosenoticias.com.br\/wp-content\/uploads\/2020\/02\/Logo-Mizu-segunda-2.png 1240w\" sizes=\"auto, (max-width: 549px) 100vw, 549px\" \/><\/figure><\/div>\n\n\n\n<p><strong><span class=\"has-inline-color has-black-color\">Rendimento<br><\/span><\/strong>Apesar do aumento na ocupa\u00e7\u00e3o, o rendimento real habitual ficou est\u00e1vel frente ao trimestre anterior e teve queda de 7,2% no ano, com o valor de R$ 2.613. A massa de rendimento real habitual chegou a R$ 249,8 bilh\u00f5es, uma alta de 3,2% no trimestre e de 3,0% no ano.<br>Na compara\u00e7\u00e3o com o trimestre anterior, o rendimento apresentou estabilidade em todos os grupamentos de atividades. Na compara\u00e7\u00e3o anual, houve aumento em transporte, armazenagem e correio (6,1%, ou mais R$ 146). Por outro lado, apresentaram redu\u00e7\u00e3o a ind\u00fastria (6,9%, ou menos R$ 184); informa\u00e7\u00e3o, comunica\u00e7\u00e3o e atividades financeiras, imobili\u00e1rias, profissionais e administrativas (7,1%, ou menos R$ 283); e administra\u00e7\u00e3o p\u00fablica, defesa, seguridade social, educa\u00e7\u00e3o, sa\u00fade humana e servi\u00e7os sociais (13,3%, ou menos R$ 567).<\/p>\n\n\n\n<p><strong><em>Fonte: <a href=\"https:\/\/agenciabrasil.ebc.com.br\/economia\/noticia\/2022-06\/ibge-desemprego-cai-para-98-rendimento-fica-estavel\">Ag\u00eancia Brasil<\/a><\/em><\/strong><\/p>\n","protected":false},"excerpt":{"rendered":"<p>Informalidade atinge 40,1% da popula\u00e7\u00e3o ocupada Dados da ocupa\u00e7\u00e3o divulgados hoje (30) pelo Instituto Brasileiro de Geografia e Estat\u00edstica (IBGE) mostram recupera\u00e7\u00e3o continuada do mercado de trabalho. A Pesquisa Nacional por Amostra de Domic\u00edlios Cont\u00ednua (Pnad Cont\u00ednua) aponta que a taxa de desocupa\u00e7\u00e3o ficou em 9,8% no trimestre m\u00f3vel encerrado em maio.O recuo foi de [&hellip;]<\/p>\n","protected":false},"author":2,"featured_media":31897,"comment_status":"open","ping_status":"open","sticky":false,"template":"","format":"standard","meta":{"footnotes":""},"categories":[9],"tags":[1971,947,1281,15086],"class_list":["post-31896","post","type-post","status-publish","format-standard","has-post-thumbnail","hentry","category-economia","tag-desemprego","tag-empregos","tag-ibge","tag-rendimento"],"yoast_head":"<!-- This site is optimized with the Yoast SEO plugin v26.5 - https:\/\/yoast.com\/wordpress\/plugins\/seo\/ -->\n<title>IBGE: desemprego cai para 9,8%; rendimento fica est\u00e1vel - Jornal Fatos e Not\u00edcias<\/title>\n<meta name=\"robots\" content=\"index, follow, max-snippet:-1, max-image-preview:large, max-video-preview:-1\" \/>\n<link rel=\"canonical\" href=\"https:\/\/jornalfatosenoticias.com.br\/index.php\/2022\/06\/30\/ibge-desemprego-cai-para-98-rendimento-fica-estavel\/\" \/>\n<meta property=\"og:locale\" content=\"pt_BR\" \/>\n<meta property=\"og:type\" content=\"article\" \/>\n<meta property=\"og:title\" content=\"IBGE: desemprego cai para 9,8%; rendimento fica est\u00e1vel - Jornal Fatos e Not\u00edcias\" \/>\n<meta property=\"og:description\" content=\"Informalidade atinge 40,1% da popula\u00e7\u00e3o ocupada Dados da ocupa\u00e7\u00e3o divulgados hoje (30) pelo Instituto Brasileiro de Geografia e Estat\u00edstica (IBGE) mostram recupera\u00e7\u00e3o continuada do mercado de trabalho. A Pesquisa Nacional por Amostra de Domic\u00edlios Cont\u00ednua (Pnad Cont\u00ednua) aponta que a taxa de desocupa\u00e7\u00e3o ficou em 9,8% no trimestre m\u00f3vel encerrado em maio.O recuo foi de [&hellip;]\" \/>\n<meta property=\"og:url\" content=\"https:\/\/jornalfatosenoticias.com.br\/index.php\/2022\/06\/30\/ibge-desemprego-cai-para-98-rendimento-fica-estavel\/\" \/>\n<meta property=\"og:site_name\" content=\"Jornal Fatos e Not\u00edcias\" \/>\n<meta property=\"article:published_time\" content=\"2022-06-30T18:43:23+00:00\" \/>\n<meta property=\"article:modified_time\" content=\"2022-06-30T18:43:24+00:00\" \/>\n<meta property=\"og:image\" content=\"https:\/\/jornalfatosenoticias.com.br\/wp-content\/uploads\/2022\/06\/carteira-de-trabalho-digital_mcamgo_abr.jpg\" \/>\n\t<meta property=\"og:image:width\" content=\"1000\" \/>\n\t<meta property=\"og:image:height\" content=\"598\" \/>\n\t<meta property=\"og:image:type\" content=\"image\/jpeg\" \/>\n<meta name=\"author\" content=\"Luzimara Fernandes\" \/>\n<meta name=\"twitter:card\" content=\"summary_large_image\" \/>\n<meta name=\"twitter:label1\" content=\"Escrito por\" \/>\n\t<meta name=\"twitter:data1\" content=\"Luzimara Fernandes\" \/>\n\t<meta name=\"twitter:label2\" content=\"Est. tempo de leitura\" \/>\n\t<meta name=\"twitter:data2\" content=\"5 minutos\" \/>\n<script type=\"application\/ld+json\" class=\"yoast-schema-graph\">{\"@context\":\"https:\/\/schema.org\",\"@graph\":[{\"@type\":\"Article\",\"@id\":\"https:\/\/jornalfatosenoticias.com.br\/index.php\/2022\/06\/30\/ibge-desemprego-cai-para-98-rendimento-fica-estavel\/#article\",\"isPartOf\":{\"@id\":\"https:\/\/jornalfatosenoticias.com.br\/index.php\/2022\/06\/30\/ibge-desemprego-cai-para-98-rendimento-fica-estavel\/\"},\"author\":{\"name\":\"Luzimara Fernandes\",\"@id\":\"https:\/\/jornalfatosenoticias.com.br\/#\/schema\/person\/d63837fa13ac8666eb9e74e0985d6f81\"},\"headline\":\"IBGE: desemprego cai para 9,8%; rendimento fica est\u00e1vel\",\"datePublished\":\"2022-06-30T18:43:23+00:00\",\"dateModified\":\"2022-06-30T18:43:24+00:00\",\"mainEntityOfPage\":{\"@id\":\"https:\/\/jornalfatosenoticias.com.br\/index.php\/2022\/06\/30\/ibge-desemprego-cai-para-98-rendimento-fica-estavel\/\"},\"wordCount\":1026,\"commentCount\":0,\"publisher\":{\"@id\":\"https:\/\/jornalfatosenoticias.com.br\/#organization\"},\"image\":{\"@id\":\"https:\/\/jornalfatosenoticias.com.br\/index.php\/2022\/06\/30\/ibge-desemprego-cai-para-98-rendimento-fica-estavel\/#primaryimage\"},\"thumbnailUrl\":\"https:\/\/jornalfatosenoticias.com.br\/wp-content\/uploads\/2022\/06\/carteira-de-trabalho-digital_mcamgo_abr.jpg\",\"keywords\":[\"desemprego\",\"empregos\",\"IBGE\",\"rendimento\"],\"articleSection\":[\"Economia\"],\"inLanguage\":\"pt-BR\",\"potentialAction\":[{\"@type\":\"CommentAction\",\"name\":\"Comment\",\"target\":[\"https:\/\/jornalfatosenoticias.com.br\/index.php\/2022\/06\/30\/ibge-desemprego-cai-para-98-rendimento-fica-estavel\/#respond\"]}]},{\"@type\":\"WebPage\",\"@id\":\"https:\/\/jornalfatosenoticias.com.br\/index.php\/2022\/06\/30\/ibge-desemprego-cai-para-98-rendimento-fica-estavel\/\",\"url\":\"https:\/\/jornalfatosenoticias.com.br\/index.php\/2022\/06\/30\/ibge-desemprego-cai-para-98-rendimento-fica-estavel\/\",\"name\":\"IBGE: desemprego cai para 9,8%; rendimento fica est\u00e1vel - Jornal Fatos e Not\u00edcias\",\"isPartOf\":{\"@id\":\"https:\/\/jornalfatosenoticias.com.br\/#website\"},\"primaryImageOfPage\":{\"@id\":\"https:\/\/jornalfatosenoticias.com.br\/index.php\/2022\/06\/30\/ibge-desemprego-cai-para-98-rendimento-fica-estavel\/#primaryimage\"},\"image\":{\"@id\":\"https:\/\/jornalfatosenoticias.com.br\/index.php\/2022\/06\/30\/ibge-desemprego-cai-para-98-rendimento-fica-estavel\/#primaryimage\"},\"thumbnailUrl\":\"https:\/\/jornalfatosenoticias.com.br\/wp-content\/uploads\/2022\/06\/carteira-de-trabalho-digital_mcamgo_abr.jpg\",\"datePublished\":\"2022-06-30T18:43:23+00:00\",\"dateModified\":\"2022-06-30T18:43:24+00:00\",\"breadcrumb\":{\"@id\":\"https:\/\/jornalfatosenoticias.com.br\/index.php\/2022\/06\/30\/ibge-desemprego-cai-para-98-rendimento-fica-estavel\/#breadcrumb\"},\"inLanguage\":\"pt-BR\",\"potentialAction\":[{\"@type\":\"ReadAction\",\"target\":[\"https:\/\/jornalfatosenoticias.com.br\/index.php\/2022\/06\/30\/ibge-desemprego-cai-para-98-rendimento-fica-estavel\/\"]}]},{\"@type\":\"ImageObject\",\"inLanguage\":\"pt-BR\",\"@id\":\"https:\/\/jornalfatosenoticias.com.br\/index.php\/2022\/06\/30\/ibge-desemprego-cai-para-98-rendimento-fica-estavel\/#primaryimage\",\"url\":\"https:\/\/jornalfatosenoticias.com.br\/wp-content\/uploads\/2022\/06\/carteira-de-trabalho-digital_mcamgo_abr.jpg\",\"contentUrl\":\"https:\/\/jornalfatosenoticias.com.br\/wp-content\/uploads\/2022\/06\/carteira-de-trabalho-digital_mcamgo_abr.jpg\",\"width\":1000,\"height\":598,\"caption\":\"Carteira de trabalho digital.\"},{\"@type\":\"BreadcrumbList\",\"@id\":\"https:\/\/jornalfatosenoticias.com.br\/index.php\/2022\/06\/30\/ibge-desemprego-cai-para-98-rendimento-fica-estavel\/#breadcrumb\",\"itemListElement\":[{\"@type\":\"ListItem\",\"position\":1,\"name\":\"In\u00edcio\",\"item\":\"https:\/\/jornalfatosenoticias.com.br\/\"},{\"@type\":\"ListItem\",\"position\":2,\"name\":\"IBGE: desemprego cai para 9,8%; rendimento fica est\u00e1vel\"}]},{\"@type\":\"WebSite\",\"@id\":\"https:\/\/jornalfatosenoticias.com.br\/#website\",\"url\":\"https:\/\/jornalfatosenoticias.com.br\/\",\"name\":\"Jornal Fatos e Not\u00edcias\",\"description\":\"Not\u00edcias em geral\",\"publisher\":{\"@id\":\"https:\/\/jornalfatosenoticias.com.br\/#organization\"},\"potentialAction\":[{\"@type\":\"SearchAction\",\"target\":{\"@type\":\"EntryPoint\",\"urlTemplate\":\"https:\/\/jornalfatosenoticias.com.br\/?s={search_term_string}\"},\"query-input\":{\"@type\":\"PropertyValueSpecification\",\"valueRequired\":true,\"valueName\":\"search_term_string\"}}],\"inLanguage\":\"pt-BR\"},{\"@type\":\"Organization\",\"@id\":\"https:\/\/jornalfatosenoticias.com.br\/#organization\",\"name\":\"Jornal Fatos e Not\u00edcias\",\"url\":\"https:\/\/jornalfatosenoticias.com.br\/\",\"logo\":{\"@type\":\"ImageObject\",\"inLanguage\":\"pt-BR\",\"@id\":\"https:\/\/jornalfatosenoticias.com.br\/#\/schema\/logo\/image\/\",\"url\":\"https:\/\/jornalfatosenoticias.com.br\/wp-content\/uploads\/2020\/02\/logo120.png\",\"contentUrl\":\"https:\/\/jornalfatosenoticias.com.br\/wp-content\/uploads\/2020\/02\/logo120.png\",\"width\":1227,\"height\":120,\"caption\":\"Jornal Fatos e Not\u00edcias\"},\"image\":{\"@id\":\"https:\/\/jornalfatosenoticias.com.br\/#\/schema\/logo\/image\/\"}},{\"@type\":\"Person\",\"@id\":\"https:\/\/jornalfatosenoticias.com.br\/#\/schema\/person\/d63837fa13ac8666eb9e74e0985d6f81\",\"name\":\"Luzimara Fernandes\",\"image\":{\"@type\":\"ImageObject\",\"inLanguage\":\"pt-BR\",\"@id\":\"https:\/\/jornalfatosenoticias.com.br\/#\/schema\/person\/image\/\",\"url\":\"https:\/\/jornalfatosenoticias.com.br\/wp-content\/uploads\/2025\/05\/EU_portal.jpg\",\"contentUrl\":\"https:\/\/jornalfatosenoticias.com.br\/wp-content\/uploads\/2025\/05\/EU_portal.jpg\",\"caption\":\"Luzimara Fernandes\"},\"description\":\"Jornalista MTB 2358-ES\",\"sameAs\":[\"https:\/\/jornalfatosenoticias.com.br\"],\"url\":\"https:\/\/jornalfatosenoticias.com.br\/index.php\/author\/luzimara\/\"}]}<\/script>\n<!-- \/ Yoast SEO plugin. -->","yoast_head_json":{"title":"IBGE: desemprego cai para 9,8%; rendimento fica est\u00e1vel - Jornal Fatos e Not\u00edcias","robots":{"index":"index","follow":"follow","max-snippet":"max-snippet:-1","max-image-preview":"max-image-preview:large","max-video-preview":"max-video-preview:-1"},"canonical":"https:\/\/jornalfatosenoticias.com.br\/index.php\/2022\/06\/30\/ibge-desemprego-cai-para-98-rendimento-fica-estavel\/","og_locale":"pt_BR","og_type":"article","og_title":"IBGE: desemprego cai para 9,8%; rendimento fica est\u00e1vel - Jornal Fatos e Not\u00edcias","og_description":"Informalidade atinge 40,1% da popula\u00e7\u00e3o ocupada Dados da ocupa\u00e7\u00e3o divulgados hoje (30) pelo Instituto Brasileiro de Geografia e Estat\u00edstica (IBGE) mostram recupera\u00e7\u00e3o continuada do mercado de trabalho. A Pesquisa Nacional por Amostra de Domic\u00edlios Cont\u00ednua (Pnad Cont\u00ednua) aponta que a taxa de desocupa\u00e7\u00e3o ficou em 9,8% no trimestre m\u00f3vel encerrado em maio.O recuo foi de [&hellip;]","og_url":"https:\/\/jornalfatosenoticias.com.br\/index.php\/2022\/06\/30\/ibge-desemprego-cai-para-98-rendimento-fica-estavel\/","og_site_name":"Jornal Fatos e Not\u00edcias","article_published_time":"2022-06-30T18:43:23+00:00","article_modified_time":"2022-06-30T18:43:24+00:00","og_image":[{"width":1000,"height":598,"url":"https:\/\/jornalfatosenoticias.com.br\/wp-content\/uploads\/2022\/06\/carteira-de-trabalho-digital_mcamgo_abr.jpg","type":"image\/jpeg"}],"author":"Luzimara Fernandes","twitter_card":"summary_large_image","twitter_misc":{"Escrito por":"Luzimara Fernandes","Est. tempo de leitura":"5 minutos"},"schema":{"@context":"https:\/\/schema.org","@graph":[{"@type":"Article","@id":"https:\/\/jornalfatosenoticias.com.br\/index.php\/2022\/06\/30\/ibge-desemprego-cai-para-98-rendimento-fica-estavel\/#article","isPartOf":{"@id":"https:\/\/jornalfatosenoticias.com.br\/index.php\/2022\/06\/30\/ibge-desemprego-cai-para-98-rendimento-fica-estavel\/"},"author":{"name":"Luzimara Fernandes","@id":"https:\/\/jornalfatosenoticias.com.br\/#\/schema\/person\/d63837fa13ac8666eb9e74e0985d6f81"},"headline":"IBGE: desemprego cai para 9,8%; rendimento fica est\u00e1vel","datePublished":"2022-06-30T18:43:23+00:00","dateModified":"2022-06-30T18:43:24+00:00","mainEntityOfPage":{"@id":"https:\/\/jornalfatosenoticias.com.br\/index.php\/2022\/06\/30\/ibge-desemprego-cai-para-98-rendimento-fica-estavel\/"},"wordCount":1026,"commentCount":0,"publisher":{"@id":"https:\/\/jornalfatosenoticias.com.br\/#organization"},"image":{"@id":"https:\/\/jornalfatosenoticias.com.br\/index.php\/2022\/06\/30\/ibge-desemprego-cai-para-98-rendimento-fica-estavel\/#primaryimage"},"thumbnailUrl":"https:\/\/jornalfatosenoticias.com.br\/wp-content\/uploads\/2022\/06\/carteira-de-trabalho-digital_mcamgo_abr.jpg","keywords":["desemprego","empregos","IBGE","rendimento"],"articleSection":["Economia"],"inLanguage":"pt-BR","potentialAction":[{"@type":"CommentAction","name":"Comment","target":["https:\/\/jornalfatosenoticias.com.br\/index.php\/2022\/06\/30\/ibge-desemprego-cai-para-98-rendimento-fica-estavel\/#respond"]}]},{"@type":"WebPage","@id":"https:\/\/jornalfatosenoticias.com.br\/index.php\/2022\/06\/30\/ibge-desemprego-cai-para-98-rendimento-fica-estavel\/","url":"https:\/\/jornalfatosenoticias.com.br\/index.php\/2022\/06\/30\/ibge-desemprego-cai-para-98-rendimento-fica-estavel\/","name":"IBGE: desemprego cai para 9,8%; rendimento fica est\u00e1vel - Jornal Fatos e Not\u00edcias","isPartOf":{"@id":"https:\/\/jornalfatosenoticias.com.br\/#website"},"primaryImageOfPage":{"@id":"https:\/\/jornalfatosenoticias.com.br\/index.php\/2022\/06\/30\/ibge-desemprego-cai-para-98-rendimento-fica-estavel\/#primaryimage"},"image":{"@id":"https:\/\/jornalfatosenoticias.com.br\/index.php\/2022\/06\/30\/ibge-desemprego-cai-para-98-rendimento-fica-estavel\/#primaryimage"},"thumbnailUrl":"https:\/\/jornalfatosenoticias.com.br\/wp-content\/uploads\/2022\/06\/carteira-de-trabalho-digital_mcamgo_abr.jpg","datePublished":"2022-06-30T18:43:23+00:00","dateModified":"2022-06-30T18:43:24+00:00","breadcrumb":{"@id":"https:\/\/jornalfatosenoticias.com.br\/index.php\/2022\/06\/30\/ibge-desemprego-cai-para-98-rendimento-fica-estavel\/#breadcrumb"},"inLanguage":"pt-BR","potentialAction":[{"@type":"ReadAction","target":["https:\/\/jornalfatosenoticias.com.br\/index.php\/2022\/06\/30\/ibge-desemprego-cai-para-98-rendimento-fica-estavel\/"]}]},{"@type":"ImageObject","inLanguage":"pt-BR","@id":"https:\/\/jornalfatosenoticias.com.br\/index.php\/2022\/06\/30\/ibge-desemprego-cai-para-98-rendimento-fica-estavel\/#primaryimage","url":"https:\/\/jornalfatosenoticias.com.br\/wp-content\/uploads\/2022\/06\/carteira-de-trabalho-digital_mcamgo_abr.jpg","contentUrl":"https:\/\/jornalfatosenoticias.com.br\/wp-content\/uploads\/2022\/06\/carteira-de-trabalho-digital_mcamgo_abr.jpg","width":1000,"height":598,"caption":"Carteira de trabalho digital."},{"@type":"BreadcrumbList","@id":"https:\/\/jornalfatosenoticias.com.br\/index.php\/2022\/06\/30\/ibge-desemprego-cai-para-98-rendimento-fica-estavel\/#breadcrumb","itemListElement":[{"@type":"ListItem","position":1,"name":"In\u00edcio","item":"https:\/\/jornalfatosenoticias.com.br\/"},{"@type":"ListItem","position":2,"name":"IBGE: desemprego cai para 9,8%; rendimento fica est\u00e1vel"}]},{"@type":"WebSite","@id":"https:\/\/jornalfatosenoticias.com.br\/#website","url":"https:\/\/jornalfatosenoticias.com.br\/","name":"Jornal Fatos e Not\u00edcias","description":"Not\u00edcias em geral","publisher":{"@id":"https:\/\/jornalfatosenoticias.com.br\/#organization"},"potentialAction":[{"@type":"SearchAction","target":{"@type":"EntryPoint","urlTemplate":"https:\/\/jornalfatosenoticias.com.br\/?s={search_term_string}"},"query-input":{"@type":"PropertyValueSpecification","valueRequired":true,"valueName":"search_term_string"}}],"inLanguage":"pt-BR"},{"@type":"Organization","@id":"https:\/\/jornalfatosenoticias.com.br\/#organization","name":"Jornal Fatos e Not\u00edcias","url":"https:\/\/jornalfatosenoticias.com.br\/","logo":{"@type":"ImageObject","inLanguage":"pt-BR","@id":"https:\/\/jornalfatosenoticias.com.br\/#\/schema\/logo\/image\/","url":"https:\/\/jornalfatosenoticias.com.br\/wp-content\/uploads\/2020\/02\/logo120.png","contentUrl":"https:\/\/jornalfatosenoticias.com.br\/wp-content\/uploads\/2020\/02\/logo120.png","width":1227,"height":120,"caption":"Jornal Fatos e Not\u00edcias"},"image":{"@id":"https:\/\/jornalfatosenoticias.com.br\/#\/schema\/logo\/image\/"}},{"@type":"Person","@id":"https:\/\/jornalfatosenoticias.com.br\/#\/schema\/person\/d63837fa13ac8666eb9e74e0985d6f81","name":"Luzimara Fernandes","image":{"@type":"ImageObject","inLanguage":"pt-BR","@id":"https:\/\/jornalfatosenoticias.com.br\/#\/schema\/person\/image\/","url":"https:\/\/jornalfatosenoticias.com.br\/wp-content\/uploads\/2025\/05\/EU_portal.jpg","contentUrl":"https:\/\/jornalfatosenoticias.com.br\/wp-content\/uploads\/2025\/05\/EU_portal.jpg","caption":"Luzimara Fernandes"},"description":"Jornalista MTB 2358-ES","sameAs":["https:\/\/jornalfatosenoticias.com.br"],"url":"https:\/\/jornalfatosenoticias.com.br\/index.php\/author\/luzimara\/"}]}},"cc_featured_image_caption":{"caption_text":"(Foto: Marcelo Camargo\/Ag\u00eancia Brasil)","source_text":"","source_url":""},"jetpack_featured_media_url":"https:\/\/jornalfatosenoticias.com.br\/wp-content\/uploads\/2022\/06\/carteira-de-trabalho-digital_mcamgo_abr.jpg","_links":{"self":[{"href":"https:\/\/jornalfatosenoticias.com.br\/index.php\/wp-json\/wp\/v2\/posts\/31896","targetHints":{"allow":["GET"]}}],"collection":[{"href":"https:\/\/jornalfatosenoticias.com.br\/index.php\/wp-json\/wp\/v2\/posts"}],"about":[{"href":"https:\/\/jornalfatosenoticias.com.br\/index.php\/wp-json\/wp\/v2\/types\/post"}],"author":[{"embeddable":true,"href":"https:\/\/jornalfatosenoticias.com.br\/index.php\/wp-json\/wp\/v2\/users\/2"}],"replies":[{"embeddable":true,"href":"https:\/\/jornalfatosenoticias.com.br\/index.php\/wp-json\/wp\/v2\/comments?post=31896"}],"version-history":[{"count":0,"href":"https:\/\/jornalfatosenoticias.com.br\/index.php\/wp-json\/wp\/v2\/posts\/31896\/revisions"}],"wp:featuredmedia":[{"embeddable":true,"href":"https:\/\/jornalfatosenoticias.com.br\/index.php\/wp-json\/wp\/v2\/media\/31897"}],"wp:attachment":[{"href":"https:\/\/jornalfatosenoticias.com.br\/index.php\/wp-json\/wp\/v2\/media?parent=31896"}],"wp:term":[{"taxonomy":"category","embeddable":true,"href":"https:\/\/jornalfatosenoticias.com.br\/index.php\/wp-json\/wp\/v2\/categories?post=31896"},{"taxonomy":"post_tag","embeddable":true,"href":"https:\/\/jornalfatosenoticias.com.br\/index.php\/wp-json\/wp\/v2\/tags?post=31896"}],"curies":[{"name":"wp","href":"https:\/\/api.w.org\/{rel}","templated":true}]}}