{"id":3190,"date":"2020-04-14T11:58:36","date_gmt":"2020-04-14T14:58:36","guid":{"rendered":"https:\/\/jornalfatosenoticias.com.br\/?p=3190"},"modified":"2020-04-14T12:00:01","modified_gmt":"2020-04-14T15:00:01","slug":"a-silenciosa-doenca-de-chagas-faz-sete-milhoes-de-vitimas-no-mundo","status":"publish","type":"post","link":"https:\/\/jornalfatosenoticias.com.br\/index.php\/2020\/04\/14\/a-silenciosa-doenca-de-chagas-faz-sete-milhoes-de-vitimas-no-mundo\/","title":{"rendered":"Dia Mundial da Doen\u00e7a de Chagas \u2014 A \u201csilenciosa\u201d doen\u00e7a que faz sete milh\u00f5es de v\u00edtimas no mundo"},"content":{"rendered":"\n<h6 class=\"wp-block-heading\"><em>A doen\u00e7a identificada pelo m\u00e9dico brasileiro Carlos Chagas, em 1909, \u00e9 lembrada hoje pela Organiza\u00e7\u00e3o Mundial da Sa\u00fade<\/em><\/h6>\n\n\n\n<p>Hoje, 14 de abril, \u00e9 o Dia Mundial da Doen\u00e7a de Chagas. A data, institu\u00edda no ano passado pela Organiza\u00e7\u00e3o Mundial da Sa\u00fade para conscientizar os pa\u00edses sobre essa \u201cdoen\u00e7a silenciosa\u201d, coincide com o dia em que, no ano de 1909, o m\u00e9dico brasileiro Carlos Chagas diagnosticou pela primeira vez a doen\u00e7a, em uma menina de dois anos na cidade de Lassance, no interior de Minas Gerais.<br>Al\u00e9m de caracterizar o agente causador da infec\u00e7\u00e3o \u2013 o protozo\u00e1rio parasita Trypanosoma cruzi \u2013 Chagas identificou o inseto transmissor, popularmente conhecido como barbeiro.<br>A doen\u00e7a de Chagas \u00e9 considerada \u201csilenciosa\u201d por atingir principalmente a popula\u00e7\u00e3o carente que vive em moradias prec\u00e1rias, sem voz pol\u00edtica e sem acesso ao sistema b\u00e1sico de sa\u00fade \u2013 um problema que tende a se agravar agora em raz\u00e3o da sobrecarga nos hospitais para prestar socorro prioritariamente aos pacientes infectados com o novo coronav\u00edrus.<br>Passados 111 anos da descoberta de Carlos Chagas, a doen\u00e7a descrita por ele ainda faz muitas v\u00edtimas, sobretudo em pa\u00edses tropicais pobres. A OMS estima que haja entre seis milh\u00f5es e sete milh\u00f5es de pessoas infectadas no mundo, principalmente na Am\u00e9rica Latina. No Brasil, os dados s\u00e3o imprecisos, mas o Minist\u00e9rio da Sa\u00fade estima algo entre 1,9 milh\u00e3o e 4,6 milh\u00f5es de pessoas infectadas.<br>A infec\u00e7\u00e3o oral pode ocorrer pelo consumo de alimentos contaminados pelo parasita, como a\u00e7a\u00ed ou caldo de cana, nos quais os barbeiros s\u00e3o acidentalmente triturados durante o preparo dos sucos. A dissemina\u00e7\u00e3o da doen\u00e7a pode ocorrer tamb\u00e9m por meio de transfus\u00e3o de sangue, transplante de \u00f3rg\u00e3os ou transmiss\u00e3o de uma m\u00e3e infectada para o beb\u00ea rec\u00e9m-nascido.<br>Segundo a Funda\u00e7\u00e3o Oswaldo Cruz (Fiocruz), menos de 10% das pessoas infectadas s\u00e3o diagnosticadas a tempo e apenas 1% recebe o tratamento adequado. Na fase aguda, a doen\u00e7a pode ser assintom\u00e1tica ou apresentar sintomas leves como febre, fadiga e n\u00e1usea.<br>Na fase cr\u00f4nica, cerca de 30% das pessoas desenvolvem problemas card\u00edacos ou digestivos. Essas condi\u00e7\u00f5es podem lev\u00e1-las \u00e0 morte \u2013 segundo algumas estimativas, cerca de seis mil pessoas morrem anualmente no Brasil devido \u00e0s complica\u00e7\u00f5es cr\u00f4nicas da doen\u00e7a. O diagn\u00f3stico precoce e o tratamento adequado podem melhorar a qualidade de vida dos pacientes e ajud\u00e1-los a conviver com a doen\u00e7a.<\/p>\n\n\n\n<p><strong><em>Fonte: <a href=\"https:\/\/exame.abril.com.br\/ciencia\/a-silenciosa-doenca-de-chagas-faz-7-milhoes-de-vitimas-no-mundo\/\">Exame<\/a><\/em><\/strong><\/p>\n","protected":false},"excerpt":{"rendered":"<p>A doen\u00e7a identificada pelo m\u00e9dico brasileiro Carlos Chagas, em 1909, \u00e9 lembrada hoje pela Organiza\u00e7\u00e3o Mundial da Sa\u00fade Hoje, 14 de abril, \u00e9 o Dia Mundial da Doen\u00e7a de Chagas. A data, institu\u00edda no ano passado pela Organiza\u00e7\u00e3o Mundial da Sa\u00fade para conscientizar os pa\u00edses sobre essa \u201cdoen\u00e7a silenciosa\u201d, coincide com o dia em que, [&hellip;]<\/p>\n","protected":false},"author":2,"featured_media":3191,"comment_status":"open","ping_status":"open","sticky":false,"template":"","format":"standard","meta":{"footnotes":""},"categories":[11],"tags":[597,1710,1711,753,130,89,1202,1166],"class_list":["post-3190","post","type-post","status-publish","format-standard","has-post-thumbnail","hentry","category-saude","tag-brasil","tag-carlos-chagas","tag-doenca-de-chagas","tag-doencas","tag-fiocruz","tag-oms","tag-pobreza","tag-saneamento-basico"],"yoast_head":"<!-- This site is optimized with the Yoast SEO plugin v26.5 - https:\/\/yoast.com\/wordpress\/plugins\/seo\/ -->\n<title>Dia Mundial da Doen\u00e7a de Chagas \u2014 A \u201csilenciosa\u201d doen\u00e7a que faz sete milh\u00f5es de v\u00edtimas no mundo - Jornal Fatos e Not\u00edcias<\/title>\n<meta name=\"robots\" content=\"index, follow, max-snippet:-1, max-image-preview:large, max-video-preview:-1\" \/>\n<link rel=\"canonical\" href=\"https:\/\/jornalfatosenoticias.com.br\/index.php\/2020\/04\/14\/a-silenciosa-doenca-de-chagas-faz-sete-milhoes-de-vitimas-no-mundo\/\" \/>\n<meta property=\"og:locale\" content=\"pt_BR\" \/>\n<meta property=\"og:type\" content=\"article\" \/>\n<meta property=\"og:title\" content=\"Dia Mundial da Doen\u00e7a de Chagas \u2014 A \u201csilenciosa\u201d doen\u00e7a que faz sete milh\u00f5es de v\u00edtimas no mundo - Jornal Fatos e Not\u00edcias\" \/>\n<meta property=\"og:description\" content=\"A doen\u00e7a identificada pelo m\u00e9dico brasileiro Carlos Chagas, em 1909, \u00e9 lembrada hoje pela Organiza\u00e7\u00e3o Mundial da Sa\u00fade Hoje, 14 de abril, \u00e9 o Dia Mundial da Doen\u00e7a de Chagas. A data, institu\u00edda no ano passado pela Organiza\u00e7\u00e3o Mundial da Sa\u00fade para conscientizar os pa\u00edses sobre essa \u201cdoen\u00e7a silenciosa\u201d, coincide com o dia em que, [&hellip;]\" \/>\n<meta property=\"og:url\" content=\"https:\/\/jornalfatosenoticias.com.br\/index.php\/2020\/04\/14\/a-silenciosa-doenca-de-chagas-faz-sete-milhoes-de-vitimas-no-mundo\/\" \/>\n<meta property=\"og:site_name\" content=\"Jornal Fatos e Not\u00edcias\" \/>\n<meta property=\"article:published_time\" content=\"2020-04-14T14:58:36+00:00\" \/>\n<meta property=\"article:modified_time\" content=\"2020-04-14T15:00:01+00:00\" \/>\n<meta property=\"og:image\" content=\"https:\/\/jornalfatosenoticias.com.br\/wp-content\/uploads\/2020\/04\/pobreza-rural_doenca-de-chagas.jpg\" \/>\n\t<meta property=\"og:image:width\" content=\"1000\" \/>\n\t<meta property=\"og:image:height\" content=\"666\" \/>\n\t<meta property=\"og:image:type\" content=\"image\/jpeg\" \/>\n<meta name=\"author\" content=\"Luzimara Fernandes\" \/>\n<meta name=\"twitter:card\" content=\"summary_large_image\" \/>\n<meta name=\"twitter:label1\" content=\"Escrito por\" \/>\n\t<meta name=\"twitter:data1\" content=\"Luzimara Fernandes\" \/>\n\t<meta name=\"twitter:label2\" content=\"Est. tempo de leitura\" \/>\n\t<meta name=\"twitter:data2\" content=\"2 minutos\" \/>\n<script type=\"application\/ld+json\" class=\"yoast-schema-graph\">{\"@context\":\"https:\/\/schema.org\",\"@graph\":[{\"@type\":\"Article\",\"@id\":\"https:\/\/jornalfatosenoticias.com.br\/index.php\/2020\/04\/14\/a-silenciosa-doenca-de-chagas-faz-sete-milhoes-de-vitimas-no-mundo\/#article\",\"isPartOf\":{\"@id\":\"https:\/\/jornalfatosenoticias.com.br\/index.php\/2020\/04\/14\/a-silenciosa-doenca-de-chagas-faz-sete-milhoes-de-vitimas-no-mundo\/\"},\"author\":{\"name\":\"Luzimara Fernandes\",\"@id\":\"https:\/\/jornalfatosenoticias.com.br\/#\/schema\/person\/d63837fa13ac8666eb9e74e0985d6f81\"},\"headline\":\"Dia Mundial da Doen\u00e7a de Chagas \u2014 A \u201csilenciosa\u201d doen\u00e7a que faz sete milh\u00f5es de v\u00edtimas no mundo\",\"datePublished\":\"2020-04-14T14:58:36+00:00\",\"dateModified\":\"2020-04-14T15:00:01+00:00\",\"mainEntityOfPage\":{\"@id\":\"https:\/\/jornalfatosenoticias.com.br\/index.php\/2020\/04\/14\/a-silenciosa-doenca-de-chagas-faz-sete-milhoes-de-vitimas-no-mundo\/\"},\"wordCount\":450,\"commentCount\":0,\"publisher\":{\"@id\":\"https:\/\/jornalfatosenoticias.com.br\/#organization\"},\"image\":{\"@id\":\"https:\/\/jornalfatosenoticias.com.br\/index.php\/2020\/04\/14\/a-silenciosa-doenca-de-chagas-faz-sete-milhoes-de-vitimas-no-mundo\/#primaryimage\"},\"thumbnailUrl\":\"https:\/\/jornalfatosenoticias.com.br\/wp-content\/uploads\/2020\/04\/pobreza-rural_doenca-de-chagas.jpg\",\"keywords\":[\"Brasil\",\"Carlos Chagas\",\"doen\u00e7a de Chagas\",\"doen\u00e7as\",\"fiocruz\",\"oms\",\"pobreza\",\"saneamento b\u00e1sico\"],\"articleSection\":[\"Sa\u00fade\"],\"inLanguage\":\"pt-BR\",\"potentialAction\":[{\"@type\":\"CommentAction\",\"name\":\"Comment\",\"target\":[\"https:\/\/jornalfatosenoticias.com.br\/index.php\/2020\/04\/14\/a-silenciosa-doenca-de-chagas-faz-sete-milhoes-de-vitimas-no-mundo\/#respond\"]}]},{\"@type\":\"WebPage\",\"@id\":\"https:\/\/jornalfatosenoticias.com.br\/index.php\/2020\/04\/14\/a-silenciosa-doenca-de-chagas-faz-sete-milhoes-de-vitimas-no-mundo\/\",\"url\":\"https:\/\/jornalfatosenoticias.com.br\/index.php\/2020\/04\/14\/a-silenciosa-doenca-de-chagas-faz-sete-milhoes-de-vitimas-no-mundo\/\",\"name\":\"Dia Mundial da Doen\u00e7a de Chagas \u2014 A \u201csilenciosa\u201d doen\u00e7a que faz sete milh\u00f5es de v\u00edtimas no mundo - Jornal Fatos e Not\u00edcias\",\"isPartOf\":{\"@id\":\"https:\/\/jornalfatosenoticias.com.br\/#website\"},\"primaryImageOfPage\":{\"@id\":\"https:\/\/jornalfatosenoticias.com.br\/index.php\/2020\/04\/14\/a-silenciosa-doenca-de-chagas-faz-sete-milhoes-de-vitimas-no-mundo\/#primaryimage\"},\"image\":{\"@id\":\"https:\/\/jornalfatosenoticias.com.br\/index.php\/2020\/04\/14\/a-silenciosa-doenca-de-chagas-faz-sete-milhoes-de-vitimas-no-mundo\/#primaryimage\"},\"thumbnailUrl\":\"https:\/\/jornalfatosenoticias.com.br\/wp-content\/uploads\/2020\/04\/pobreza-rural_doenca-de-chagas.jpg\",\"datePublished\":\"2020-04-14T14:58:36+00:00\",\"dateModified\":\"2020-04-14T15:00:01+00:00\",\"breadcrumb\":{\"@id\":\"https:\/\/jornalfatosenoticias.com.br\/index.php\/2020\/04\/14\/a-silenciosa-doenca-de-chagas-faz-sete-milhoes-de-vitimas-no-mundo\/#breadcrumb\"},\"inLanguage\":\"pt-BR\",\"potentialAction\":[{\"@type\":\"ReadAction\",\"target\":[\"https:\/\/jornalfatosenoticias.com.br\/index.php\/2020\/04\/14\/a-silenciosa-doenca-de-chagas-faz-sete-milhoes-de-vitimas-no-mundo\/\"]}]},{\"@type\":\"ImageObject\",\"inLanguage\":\"pt-BR\",\"@id\":\"https:\/\/jornalfatosenoticias.com.br\/index.php\/2020\/04\/14\/a-silenciosa-doenca-de-chagas-faz-sete-milhoes-de-vitimas-no-mundo\/#primaryimage\",\"url\":\"https:\/\/jornalfatosenoticias.com.br\/wp-content\/uploads\/2020\/04\/pobreza-rural_doenca-de-chagas.jpg\",\"contentUrl\":\"https:\/\/jornalfatosenoticias.com.br\/wp-content\/uploads\/2020\/04\/pobreza-rural_doenca-de-chagas.jpg\",\"width\":1000,\"height\":666},{\"@type\":\"BreadcrumbList\",\"@id\":\"https:\/\/jornalfatosenoticias.com.br\/index.php\/2020\/04\/14\/a-silenciosa-doenca-de-chagas-faz-sete-milhoes-de-vitimas-no-mundo\/#breadcrumb\",\"itemListElement\":[{\"@type\":\"ListItem\",\"position\":1,\"name\":\"In\u00edcio\",\"item\":\"https:\/\/jornalfatosenoticias.com.br\/\"},{\"@type\":\"ListItem\",\"position\":2,\"name\":\"Dia Mundial da Doen\u00e7a de Chagas \u2014 A \u201csilenciosa\u201d doen\u00e7a que faz sete milh\u00f5es de v\u00edtimas no mundo\"}]},{\"@type\":\"WebSite\",\"@id\":\"https:\/\/jornalfatosenoticias.com.br\/#website\",\"url\":\"https:\/\/jornalfatosenoticias.com.br\/\",\"name\":\"Jornal Fatos e Not\u00edcias\",\"description\":\"Not\u00edcias em geral\",\"publisher\":{\"@id\":\"https:\/\/jornalfatosenoticias.com.br\/#organization\"},\"potentialAction\":[{\"@type\":\"SearchAction\",\"target\":{\"@type\":\"EntryPoint\",\"urlTemplate\":\"https:\/\/jornalfatosenoticias.com.br\/?s={search_term_string}\"},\"query-input\":{\"@type\":\"PropertyValueSpecification\",\"valueRequired\":true,\"valueName\":\"search_term_string\"}}],\"inLanguage\":\"pt-BR\"},{\"@type\":\"Organization\",\"@id\":\"https:\/\/jornalfatosenoticias.com.br\/#organization\",\"name\":\"Jornal Fatos e Not\u00edcias\",\"url\":\"https:\/\/jornalfatosenoticias.com.br\/\",\"logo\":{\"@type\":\"ImageObject\",\"inLanguage\":\"pt-BR\",\"@id\":\"https:\/\/jornalfatosenoticias.com.br\/#\/schema\/logo\/image\/\",\"url\":\"https:\/\/jornalfatosenoticias.com.br\/wp-content\/uploads\/2020\/02\/logo120.png\",\"contentUrl\":\"https:\/\/jornalfatosenoticias.com.br\/wp-content\/uploads\/2020\/02\/logo120.png\",\"width\":1227,\"height\":120,\"caption\":\"Jornal Fatos e Not\u00edcias\"},\"image\":{\"@id\":\"https:\/\/jornalfatosenoticias.com.br\/#\/schema\/logo\/image\/\"}},{\"@type\":\"Person\",\"@id\":\"https:\/\/jornalfatosenoticias.com.br\/#\/schema\/person\/d63837fa13ac8666eb9e74e0985d6f81\",\"name\":\"Luzimara Fernandes\",\"image\":{\"@type\":\"ImageObject\",\"inLanguage\":\"pt-BR\",\"@id\":\"https:\/\/jornalfatosenoticias.com.br\/#\/schema\/person\/image\/\",\"url\":\"https:\/\/jornalfatosenoticias.com.br\/wp-content\/uploads\/2025\/05\/EU_portal.jpg\",\"contentUrl\":\"https:\/\/jornalfatosenoticias.com.br\/wp-content\/uploads\/2025\/05\/EU_portal.jpg\",\"caption\":\"Luzimara Fernandes\"},\"description\":\"Jornalista MTB 2358-ES\",\"sameAs\":[\"https:\/\/jornalfatosenoticias.com.br\"],\"url\":\"https:\/\/jornalfatosenoticias.com.br\/index.php\/author\/luzimara\/\"}]}<\/script>\n<!-- \/ Yoast SEO plugin. -->","yoast_head_json":{"title":"Dia Mundial da Doen\u00e7a de Chagas \u2014 A \u201csilenciosa\u201d doen\u00e7a que faz sete milh\u00f5es de v\u00edtimas no mundo - Jornal Fatos e Not\u00edcias","robots":{"index":"index","follow":"follow","max-snippet":"max-snippet:-1","max-image-preview":"max-image-preview:large","max-video-preview":"max-video-preview:-1"},"canonical":"https:\/\/jornalfatosenoticias.com.br\/index.php\/2020\/04\/14\/a-silenciosa-doenca-de-chagas-faz-sete-milhoes-de-vitimas-no-mundo\/","og_locale":"pt_BR","og_type":"article","og_title":"Dia Mundial da Doen\u00e7a de Chagas \u2014 A \u201csilenciosa\u201d doen\u00e7a que faz sete milh\u00f5es de v\u00edtimas no mundo - Jornal Fatos e Not\u00edcias","og_description":"A doen\u00e7a identificada pelo m\u00e9dico brasileiro Carlos Chagas, em 1909, \u00e9 lembrada hoje pela Organiza\u00e7\u00e3o Mundial da Sa\u00fade Hoje, 14 de abril, \u00e9 o Dia Mundial da Doen\u00e7a de Chagas. A data, institu\u00edda no ano passado pela Organiza\u00e7\u00e3o Mundial da Sa\u00fade para conscientizar os pa\u00edses sobre essa \u201cdoen\u00e7a silenciosa\u201d, coincide com o dia em que, [&hellip;]","og_url":"https:\/\/jornalfatosenoticias.com.br\/index.php\/2020\/04\/14\/a-silenciosa-doenca-de-chagas-faz-sete-milhoes-de-vitimas-no-mundo\/","og_site_name":"Jornal Fatos e Not\u00edcias","article_published_time":"2020-04-14T14:58:36+00:00","article_modified_time":"2020-04-14T15:00:01+00:00","og_image":[{"width":1000,"height":666,"url":"https:\/\/jornalfatosenoticias.com.br\/wp-content\/uploads\/2020\/04\/pobreza-rural_doenca-de-chagas.jpg","type":"image\/jpeg"}],"author":"Luzimara Fernandes","twitter_card":"summary_large_image","twitter_misc":{"Escrito por":"Luzimara Fernandes","Est. tempo de leitura":"2 minutos"},"schema":{"@context":"https:\/\/schema.org","@graph":[{"@type":"Article","@id":"https:\/\/jornalfatosenoticias.com.br\/index.php\/2020\/04\/14\/a-silenciosa-doenca-de-chagas-faz-sete-milhoes-de-vitimas-no-mundo\/#article","isPartOf":{"@id":"https:\/\/jornalfatosenoticias.com.br\/index.php\/2020\/04\/14\/a-silenciosa-doenca-de-chagas-faz-sete-milhoes-de-vitimas-no-mundo\/"},"author":{"name":"Luzimara Fernandes","@id":"https:\/\/jornalfatosenoticias.com.br\/#\/schema\/person\/d63837fa13ac8666eb9e74e0985d6f81"},"headline":"Dia Mundial da Doen\u00e7a de Chagas \u2014 A \u201csilenciosa\u201d doen\u00e7a que faz sete milh\u00f5es de v\u00edtimas no mundo","datePublished":"2020-04-14T14:58:36+00:00","dateModified":"2020-04-14T15:00:01+00:00","mainEntityOfPage":{"@id":"https:\/\/jornalfatosenoticias.com.br\/index.php\/2020\/04\/14\/a-silenciosa-doenca-de-chagas-faz-sete-milhoes-de-vitimas-no-mundo\/"},"wordCount":450,"commentCount":0,"publisher":{"@id":"https:\/\/jornalfatosenoticias.com.br\/#organization"},"image":{"@id":"https:\/\/jornalfatosenoticias.com.br\/index.php\/2020\/04\/14\/a-silenciosa-doenca-de-chagas-faz-sete-milhoes-de-vitimas-no-mundo\/#primaryimage"},"thumbnailUrl":"https:\/\/jornalfatosenoticias.com.br\/wp-content\/uploads\/2020\/04\/pobreza-rural_doenca-de-chagas.jpg","keywords":["Brasil","Carlos Chagas","doen\u00e7a de Chagas","doen\u00e7as","fiocruz","oms","pobreza","saneamento b\u00e1sico"],"articleSection":["Sa\u00fade"],"inLanguage":"pt-BR","potentialAction":[{"@type":"CommentAction","name":"Comment","target":["https:\/\/jornalfatosenoticias.com.br\/index.php\/2020\/04\/14\/a-silenciosa-doenca-de-chagas-faz-sete-milhoes-de-vitimas-no-mundo\/#respond"]}]},{"@type":"WebPage","@id":"https:\/\/jornalfatosenoticias.com.br\/index.php\/2020\/04\/14\/a-silenciosa-doenca-de-chagas-faz-sete-milhoes-de-vitimas-no-mundo\/","url":"https:\/\/jornalfatosenoticias.com.br\/index.php\/2020\/04\/14\/a-silenciosa-doenca-de-chagas-faz-sete-milhoes-de-vitimas-no-mundo\/","name":"Dia Mundial da Doen\u00e7a de Chagas \u2014 A \u201csilenciosa\u201d doen\u00e7a que faz sete milh\u00f5es de v\u00edtimas no mundo - Jornal Fatos e Not\u00edcias","isPartOf":{"@id":"https:\/\/jornalfatosenoticias.com.br\/#website"},"primaryImageOfPage":{"@id":"https:\/\/jornalfatosenoticias.com.br\/index.php\/2020\/04\/14\/a-silenciosa-doenca-de-chagas-faz-sete-milhoes-de-vitimas-no-mundo\/#primaryimage"},"image":{"@id":"https:\/\/jornalfatosenoticias.com.br\/index.php\/2020\/04\/14\/a-silenciosa-doenca-de-chagas-faz-sete-milhoes-de-vitimas-no-mundo\/#primaryimage"},"thumbnailUrl":"https:\/\/jornalfatosenoticias.com.br\/wp-content\/uploads\/2020\/04\/pobreza-rural_doenca-de-chagas.jpg","datePublished":"2020-04-14T14:58:36+00:00","dateModified":"2020-04-14T15:00:01+00:00","breadcrumb":{"@id":"https:\/\/jornalfatosenoticias.com.br\/index.php\/2020\/04\/14\/a-silenciosa-doenca-de-chagas-faz-sete-milhoes-de-vitimas-no-mundo\/#breadcrumb"},"inLanguage":"pt-BR","potentialAction":[{"@type":"ReadAction","target":["https:\/\/jornalfatosenoticias.com.br\/index.php\/2020\/04\/14\/a-silenciosa-doenca-de-chagas-faz-sete-milhoes-de-vitimas-no-mundo\/"]}]},{"@type":"ImageObject","inLanguage":"pt-BR","@id":"https:\/\/jornalfatosenoticias.com.br\/index.php\/2020\/04\/14\/a-silenciosa-doenca-de-chagas-faz-sete-milhoes-de-vitimas-no-mundo\/#primaryimage","url":"https:\/\/jornalfatosenoticias.com.br\/wp-content\/uploads\/2020\/04\/pobreza-rural_doenca-de-chagas.jpg","contentUrl":"https:\/\/jornalfatosenoticias.com.br\/wp-content\/uploads\/2020\/04\/pobreza-rural_doenca-de-chagas.jpg","width":1000,"height":666},{"@type":"BreadcrumbList","@id":"https:\/\/jornalfatosenoticias.com.br\/index.php\/2020\/04\/14\/a-silenciosa-doenca-de-chagas-faz-sete-milhoes-de-vitimas-no-mundo\/#breadcrumb","itemListElement":[{"@type":"ListItem","position":1,"name":"In\u00edcio","item":"https:\/\/jornalfatosenoticias.com.br\/"},{"@type":"ListItem","position":2,"name":"Dia Mundial da Doen\u00e7a de Chagas \u2014 A \u201csilenciosa\u201d doen\u00e7a que faz sete milh\u00f5es de v\u00edtimas no mundo"}]},{"@type":"WebSite","@id":"https:\/\/jornalfatosenoticias.com.br\/#website","url":"https:\/\/jornalfatosenoticias.com.br\/","name":"Jornal Fatos e Not\u00edcias","description":"Not\u00edcias em geral","publisher":{"@id":"https:\/\/jornalfatosenoticias.com.br\/#organization"},"potentialAction":[{"@type":"SearchAction","target":{"@type":"EntryPoint","urlTemplate":"https:\/\/jornalfatosenoticias.com.br\/?s={search_term_string}"},"query-input":{"@type":"PropertyValueSpecification","valueRequired":true,"valueName":"search_term_string"}}],"inLanguage":"pt-BR"},{"@type":"Organization","@id":"https:\/\/jornalfatosenoticias.com.br\/#organization","name":"Jornal Fatos e Not\u00edcias","url":"https:\/\/jornalfatosenoticias.com.br\/","logo":{"@type":"ImageObject","inLanguage":"pt-BR","@id":"https:\/\/jornalfatosenoticias.com.br\/#\/schema\/logo\/image\/","url":"https:\/\/jornalfatosenoticias.com.br\/wp-content\/uploads\/2020\/02\/logo120.png","contentUrl":"https:\/\/jornalfatosenoticias.com.br\/wp-content\/uploads\/2020\/02\/logo120.png","width":1227,"height":120,"caption":"Jornal Fatos e Not\u00edcias"},"image":{"@id":"https:\/\/jornalfatosenoticias.com.br\/#\/schema\/logo\/image\/"}},{"@type":"Person","@id":"https:\/\/jornalfatosenoticias.com.br\/#\/schema\/person\/d63837fa13ac8666eb9e74e0985d6f81","name":"Luzimara Fernandes","image":{"@type":"ImageObject","inLanguage":"pt-BR","@id":"https:\/\/jornalfatosenoticias.com.br\/#\/schema\/person\/image\/","url":"https:\/\/jornalfatosenoticias.com.br\/wp-content\/uploads\/2025\/05\/EU_portal.jpg","contentUrl":"https:\/\/jornalfatosenoticias.com.br\/wp-content\/uploads\/2025\/05\/EU_portal.jpg","caption":"Luzimara Fernandes"},"description":"Jornalista MTB 2358-ES","sameAs":["https:\/\/jornalfatosenoticias.com.br"],"url":"https:\/\/jornalfatosenoticias.com.br\/index.php\/author\/luzimara\/"}]}},"cc_featured_image_caption":{"caption_text":"Pobreza rural (Nacho Doce\/Reuters)","source_text":"","source_url":""},"jetpack_featured_media_url":"https:\/\/jornalfatosenoticias.com.br\/wp-content\/uploads\/2020\/04\/pobreza-rural_doenca-de-chagas.jpg","_links":{"self":[{"href":"https:\/\/jornalfatosenoticias.com.br\/index.php\/wp-json\/wp\/v2\/posts\/3190","targetHints":{"allow":["GET"]}}],"collection":[{"href":"https:\/\/jornalfatosenoticias.com.br\/index.php\/wp-json\/wp\/v2\/posts"}],"about":[{"href":"https:\/\/jornalfatosenoticias.com.br\/index.php\/wp-json\/wp\/v2\/types\/post"}],"author":[{"embeddable":true,"href":"https:\/\/jornalfatosenoticias.com.br\/index.php\/wp-json\/wp\/v2\/users\/2"}],"replies":[{"embeddable":true,"href":"https:\/\/jornalfatosenoticias.com.br\/index.php\/wp-json\/wp\/v2\/comments?post=3190"}],"version-history":[{"count":0,"href":"https:\/\/jornalfatosenoticias.com.br\/index.php\/wp-json\/wp\/v2\/posts\/3190\/revisions"}],"wp:featuredmedia":[{"embeddable":true,"href":"https:\/\/jornalfatosenoticias.com.br\/index.php\/wp-json\/wp\/v2\/media\/3191"}],"wp:attachment":[{"href":"https:\/\/jornalfatosenoticias.com.br\/index.php\/wp-json\/wp\/v2\/media?parent=3190"}],"wp:term":[{"taxonomy":"category","embeddable":true,"href":"https:\/\/jornalfatosenoticias.com.br\/index.php\/wp-json\/wp\/v2\/categories?post=3190"},{"taxonomy":"post_tag","embeddable":true,"href":"https:\/\/jornalfatosenoticias.com.br\/index.php\/wp-json\/wp\/v2\/tags?post=3190"}],"curies":[{"name":"wp","href":"https:\/\/api.w.org\/{rel}","templated":true}]}}