{"id":31902,"date":"2022-06-30T15:59:08","date_gmt":"2022-06-30T18:59:08","guid":{"rendered":"https:\/\/jornalfatosenoticias.com.br\/?p=31902"},"modified":"2022-06-30T15:59:12","modified_gmt":"2022-06-30T18:59:12","slug":"ana-marcela-e-pentacampea-mundial-dos-25-km-na-maratona-aquatica","status":"publish","type":"post","link":"https:\/\/jornalfatosenoticias.com.br\/index.php\/2022\/06\/30\/ana-marcela-e-pentacampea-mundial-dos-25-km-na-maratona-aquatica\/","title":{"rendered":"Ana Marcela \u00e9 pentacampe\u00e3 mundial dos 25 km na maratona aqu\u00e1tica"},"content":{"rendered":"\n<p><em><span class=\"has-inline-color has-black-color\">\u00c9 o 2\u00ba ouro da baiana no Mundial e a terceira vez que sobe ao p\u00f3dio<\/span><\/em><\/p>\n\n\n\n<div class=\"wp-block-image\"><figure class=\"aligncenter size-large is-resized\"><img loading=\"lazy\" decoding=\"async\" src=\"https:\/\/jornalfatosenoticias.com.br\/wp-content\/uploads\/2022\/02\/Arte-Autoescola-Galatas_endereco_portal-1024x103.png\" alt=\"\" class=\"wp-image-27869\" width=\"540\" height=\"54\" srcset=\"https:\/\/jornalfatosenoticias.com.br\/wp-content\/uploads\/2022\/02\/Arte-Autoescola-Galatas_endereco_portal-1024x103.png 1024w, https:\/\/jornalfatosenoticias.com.br\/wp-content\/uploads\/2022\/02\/Arte-Autoescola-Galatas_endereco_portal-300x30.png 300w, https:\/\/jornalfatosenoticias.com.br\/wp-content\/uploads\/2022\/02\/Arte-Autoescola-Galatas_endereco_portal-768x77.png 768w, https:\/\/jornalfatosenoticias.com.br\/wp-content\/uploads\/2022\/02\/Arte-Autoescola-Galatas_endereco_portal.png 1223w\" sizes=\"auto, (max-width: 540px) 100vw, 540px\" \/><\/figure><\/div>\n\n\n\n<p>A baiana Ana Marcela Cunha fez hist\u00f3ria nesta quinta-feira (30), no Lago Lupa, em Budapeste (Hungria). A brasileira de 30 anos conquistou, pela quinta vez seguida, a medalha de ouro da prova de 25 quil\u00f4metros da maratona aqu\u00e1tica do Campeonato Mundial de Esportes Aqu\u00e1ticos. A ga\u00facha Cibelle Jungblut, de 19 anos, terminou na 13\u00aa coloca\u00e7\u00e3o.<br>Foi a terceira vez que Ana Marcela subiu ao p\u00f3dio na edi\u00e7\u00e3o de Budapeste \u2014 a segunda no topo. Na segunda-feira (27), ela havia sido campe\u00e3 na prova de cinco quil\u00f4metros. Na quarta-feira (29), a baiana foi bronze nos dez quil\u00f4metros, dist\u00e2ncia ol\u00edmpica da modalidade, na qual conquistou o ouro nos Jogos de T\u00f3quio (Jap\u00e3o), no ano passado.<\/p>\n\n\n\n<div class=\"wp-block-image\"><figure class=\"aligncenter size-large is-resized\"><img loading=\"lazy\" decoding=\"async\" src=\"https:\/\/jornalfatosenoticias.com.br\/wp-content\/uploads\/2022\/02\/Serra-Pack-459.png\" alt=\"\" class=\"wp-image-27471\" width=\"330\" height=\"132\"\/><\/figure><\/div>\n\n\n\n<figure class=\"wp-block-embed-twitter wp-block-embed is-type-rich is-provider-twitter\"><div class=\"wp-block-embed__wrapper\">\n<div class=\"embed-twitter\"><blockquote class=\"twitter-tweet\" data-width=\"550\" data-dnt=\"true\"><p lang=\"en\" dir=\"ltr\">What a finish after 25km!!! <a href=\"https:\/\/twitter.com\/hashtag\/FINABudapest2022?src=hash&amp;ref_src=twsrc%5Etfw\">#FINABudapest2022<\/a> <a href=\"https:\/\/t.co\/S4VshAPROP\">pic.twitter.com\/S4VshAPROP<\/a><\/p>&mdash; World Aquatics (@WorldAquatics) <a href=\"https:\/\/twitter.com\/WorldAquatics\/status\/1542454076960546816?ref_src=twsrc%5Etfw\">June 30, 2022<\/a><\/blockquote><script async src=\"https:\/\/platform.twitter.com\/widgets.js\" charset=\"utf-8\"><\/script><\/div>\n<\/div><\/figure>\n\n\n\n<div class=\"wp-block-image\"><figure class=\"alignright size-large is-resized\"><img loading=\"lazy\" decoding=\"async\" src=\"https:\/\/jornalfatosenoticias.com.br\/wp-content\/uploads\/2022\/02\/Precisao-Contabilidade-1024x724.jpg\" alt=\"\" class=\"wp-image-28088\" width=\"342\" height=\"241\"\/><\/figure><\/div>\n\n\n\n<p>Ana Marcela se manteve sempre no pelot\u00e3o de frente, revezando-se na lideran\u00e7a. A brasileira entrou na \u00faltima volta em segundo, assumindo a ponta antes da \u00faltima boia e garantindo a vit\u00f3ria na batida de m\u00e3o, em disputa acirrada com mais tr\u00eas nadadoras, ap\u00f3s 5h24min15s de prova. Ela chegou 20 cent\u00e9simos a frente da alem\u00e3 Lea Boy, que ficou com a prata. A holandesa Sharon Van Rouwendaal foi a medalhista de bronze, a 30 cent\u00e9simos da baiana.<\/p>\n\n\n\n<div class=\"wp-block-image\"><figure class=\"aligncenter size-large is-resized\"><img loading=\"lazy\" decoding=\"async\" src=\"https:\/\/jornalfatosenoticias.com.br\/wp-content\/uploads\/2020\/02\/banner_ferramentas-1024x100.jpg\" alt=\"\" class=\"wp-image-1258\" width=\"549\" height=\"53\" srcset=\"https:\/\/jornalfatosenoticias.com.br\/wp-content\/uploads\/2020\/02\/banner_ferramentas-1024x100.jpg 1024w, https:\/\/jornalfatosenoticias.com.br\/wp-content\/uploads\/2020\/02\/banner_ferramentas-300x29.jpg 300w, https:\/\/jornalfatosenoticias.com.br\/wp-content\/uploads\/2020\/02\/banner_ferramentas-768x75.jpg 768w, https:\/\/jornalfatosenoticias.com.br\/wp-content\/uploads\/2020\/02\/banner_ferramentas.jpg 1227w\" sizes=\"auto, (max-width: 549px) 100vw, 549px\" \/><\/figure><\/div>\n\n\n\n<blockquote class=\"wp-block-quote is-layout-flow wp-block-quote-is-layout-flow\"><p><span class=\"has-inline-color has-luminous-vivid-orange-color\">&#8220;\u00c9 uma emo\u00e7\u00e3o muito grande. Foram dias muito dif\u00edceis para poder chegar aqui. N\u00e3o sabia realmente se poderia estar neste Mundial. Gostaria de agradecer a todos que participaram da minha recupera\u00e7\u00e3o para que eu pudesse chegar aqui, poder representar bem o Brasil e conquistar estas tr\u00eas medalhas&#8221;, festejou Ana Marcela, ao site da Confedera\u00e7\u00e3o Brasileira de Desportos Aqu\u00e1ticos (CBDA).<\/span><\/p><\/blockquote>\n\n\n\n<div class=\"wp-block-image\"><figure class=\"aligncenter size-large is-resized\"><img loading=\"lazy\" decoding=\"async\" src=\"https:\/\/jornalfatosenoticias.com.br\/wp-content\/uploads\/2022\/05\/NOVA-LOGO-CESCONETTO-1024x100.jpg\" alt=\"\" class=\"wp-image-30792\" width=\"520\" height=\"50\" srcset=\"https:\/\/jornalfatosenoticias.com.br\/wp-content\/uploads\/2022\/05\/NOVA-LOGO-CESCONETTO-1024x100.jpg 1024w, https:\/\/jornalfatosenoticias.com.br\/wp-content\/uploads\/2022\/05\/NOVA-LOGO-CESCONETTO-300x29.jpg 300w, https:\/\/jornalfatosenoticias.com.br\/wp-content\/uploads\/2022\/05\/NOVA-LOGO-CESCONETTO-768x75.jpg 768w, https:\/\/jornalfatosenoticias.com.br\/wp-content\/uploads\/2022\/05\/NOVA-LOGO-CESCONETTO.jpg 1280w\" sizes=\"auto, (max-width: 520px) 100vw, 520px\" \/><\/figure><\/div>\n\n\n\n<p>Na disputa masculina de 25 quil\u00f4metros, o carioca Bruce Hanson deixou a prova na pen\u00faltima volta, com dores no ombro. A vit\u00f3ria foi do italiano Dario Verani, com 5h02min21s50, um segundo e 20 cent\u00e9simos a frente do franc\u00eas Axel Reymond, que levou a prata. O bronze ficou com o h\u00fangaro Peter Galicz.<\/p>\n\n\n\n<p><strong><em>Fonte: <a href=\"https:\/\/agenciabrasil.ebc.com.br\/esportes\/noticia\/2022-06\/ana-marcela-e-pentacampea-mundial-dos-25-km-na-maratona-aquatica\">Ag\u00eancia Brasil<\/a><\/em><\/strong><\/p>\n","protected":false},"excerpt":{"rendered":"<p>\u00c9 o 2\u00ba ouro da baiana no Mundial e a terceira vez que sobe ao p\u00f3dio A baiana Ana Marcela Cunha fez hist\u00f3ria nesta quinta-feira (30), no Lago Lupa, em Budapeste (Hungria). A brasileira de 30 anos conquistou, pela quinta vez seguida, a medalha de ouro da prova de 25 quil\u00f4metros da maratona aqu\u00e1tica do [&hellip;]<\/p>\n","protected":false},"author":2,"featured_media":31903,"comment_status":"open","ping_status":"open","sticky":false,"template":"","format":"standard","meta":{"footnotes":""},"categories":[12],"tags":[15089,15052,13297,43,15055,5524,5656],"class_list":["post-31902","post","type-post","status-publish","format-standard","has-post-thumbnail","hentry","category-esportes","tag-25-km","tag-ana-marcela-cunha","tag-budapeste","tag-esportes","tag-mundial-de-aguas-abertas","tag-natacao","tag-ouro"],"yoast_head":"<!-- This site is optimized with the Yoast SEO plugin v26.5 - https:\/\/yoast.com\/wordpress\/plugins\/seo\/ -->\n<title>Ana Marcela \u00e9 pentacampe\u00e3 mundial dos 25 km na maratona aqu\u00e1tica - Jornal Fatos e Not\u00edcias<\/title>\n<meta name=\"robots\" content=\"index, follow, max-snippet:-1, max-image-preview:large, max-video-preview:-1\" \/>\n<link rel=\"canonical\" href=\"https:\/\/jornalfatosenoticias.com.br\/index.php\/2022\/06\/30\/ana-marcela-e-pentacampea-mundial-dos-25-km-na-maratona-aquatica\/\" \/>\n<meta property=\"og:locale\" content=\"pt_BR\" \/>\n<meta property=\"og:type\" content=\"article\" \/>\n<meta property=\"og:title\" content=\"Ana Marcela \u00e9 pentacampe\u00e3 mundial dos 25 km na maratona aqu\u00e1tica - Jornal Fatos e Not\u00edcias\" \/>\n<meta property=\"og:description\" content=\"\u00c9 o 2\u00ba ouro da baiana no Mundial e a terceira vez que sobe ao p\u00f3dio A baiana Ana Marcela Cunha fez hist\u00f3ria nesta quinta-feira (30), no Lago Lupa, em Budapeste (Hungria). A brasileira de 30 anos conquistou, pela quinta vez seguida, a medalha de ouro da prova de 25 quil\u00f4metros da maratona aqu\u00e1tica do [&hellip;]\" \/>\n<meta property=\"og:url\" content=\"https:\/\/jornalfatosenoticias.com.br\/index.php\/2022\/06\/30\/ana-marcela-e-pentacampea-mundial-dos-25-km-na-maratona-aquatica\/\" \/>\n<meta property=\"og:site_name\" content=\"Jornal Fatos e Not\u00edcias\" \/>\n<meta property=\"article:published_time\" content=\"2022-06-30T18:59:08+00:00\" \/>\n<meta property=\"article:modified_time\" content=\"2022-06-30T18:59:12+00:00\" \/>\n<meta property=\"og:image\" content=\"https:\/\/jornalfatosenoticias.com.br\/wp-content\/uploads\/2022\/06\/ana_marcela_cunha_ouro_25km_mundial_2022.jpg\" \/>\n\t<meta property=\"og:image:width\" content=\"1000\" \/>\n\t<meta property=\"og:image:height\" content=\"598\" \/>\n\t<meta property=\"og:image:type\" content=\"image\/jpeg\" \/>\n<meta name=\"author\" content=\"Luzimara Fernandes\" \/>\n<meta name=\"twitter:card\" content=\"summary_large_image\" \/>\n<meta name=\"twitter:label1\" content=\"Escrito por\" \/>\n\t<meta name=\"twitter:data1\" content=\"Luzimara Fernandes\" \/>\n\t<meta name=\"twitter:label2\" content=\"Est. tempo de leitura\" \/>\n\t<meta name=\"twitter:data2\" content=\"2 minutos\" \/>\n<script type=\"application\/ld+json\" class=\"yoast-schema-graph\">{\"@context\":\"https:\/\/schema.org\",\"@graph\":[{\"@type\":\"Article\",\"@id\":\"https:\/\/jornalfatosenoticias.com.br\/index.php\/2022\/06\/30\/ana-marcela-e-pentacampea-mundial-dos-25-km-na-maratona-aquatica\/#article\",\"isPartOf\":{\"@id\":\"https:\/\/jornalfatosenoticias.com.br\/index.php\/2022\/06\/30\/ana-marcela-e-pentacampea-mundial-dos-25-km-na-maratona-aquatica\/\"},\"author\":{\"name\":\"Luzimara Fernandes\",\"@id\":\"https:\/\/jornalfatosenoticias.com.br\/#\/schema\/person\/d63837fa13ac8666eb9e74e0985d6f81\"},\"headline\":\"Ana Marcela \u00e9 pentacampe\u00e3 mundial dos 25 km na maratona aqu\u00e1tica\",\"datePublished\":\"2022-06-30T18:59:08+00:00\",\"dateModified\":\"2022-06-30T18:59:12+00:00\",\"mainEntityOfPage\":{\"@id\":\"https:\/\/jornalfatosenoticias.com.br\/index.php\/2022\/06\/30\/ana-marcela-e-pentacampea-mundial-dos-25-km-na-maratona-aquatica\/\"},\"wordCount\":388,\"commentCount\":0,\"publisher\":{\"@id\":\"https:\/\/jornalfatosenoticias.com.br\/#organization\"},\"image\":{\"@id\":\"https:\/\/jornalfatosenoticias.com.br\/index.php\/2022\/06\/30\/ana-marcela-e-pentacampea-mundial-dos-25-km-na-maratona-aquatica\/#primaryimage\"},\"thumbnailUrl\":\"https:\/\/jornalfatosenoticias.com.br\/wp-content\/uploads\/2022\/06\/ana_marcela_cunha_ouro_25km_mundial_2022.jpg\",\"keywords\":[\"25 km\",\"Ana Marcela Cunha\",\"Budapeste\",\"esportes\",\"Mundial de \u00c1guas Abertas\",\"nata\u00e7\u00e3o\",\"ouro\"],\"articleSection\":[\"Esportes\"],\"inLanguage\":\"pt-BR\",\"potentialAction\":[{\"@type\":\"CommentAction\",\"name\":\"Comment\",\"target\":[\"https:\/\/jornalfatosenoticias.com.br\/index.php\/2022\/06\/30\/ana-marcela-e-pentacampea-mundial-dos-25-km-na-maratona-aquatica\/#respond\"]}]},{\"@type\":\"WebPage\",\"@id\":\"https:\/\/jornalfatosenoticias.com.br\/index.php\/2022\/06\/30\/ana-marcela-e-pentacampea-mundial-dos-25-km-na-maratona-aquatica\/\",\"url\":\"https:\/\/jornalfatosenoticias.com.br\/index.php\/2022\/06\/30\/ana-marcela-e-pentacampea-mundial-dos-25-km-na-maratona-aquatica\/\",\"name\":\"Ana Marcela \u00e9 pentacampe\u00e3 mundial dos 25 km na maratona aqu\u00e1tica - Jornal Fatos e Not\u00edcias\",\"isPartOf\":{\"@id\":\"https:\/\/jornalfatosenoticias.com.br\/#website\"},\"primaryImageOfPage\":{\"@id\":\"https:\/\/jornalfatosenoticias.com.br\/index.php\/2022\/06\/30\/ana-marcela-e-pentacampea-mundial-dos-25-km-na-maratona-aquatica\/#primaryimage\"},\"image\":{\"@id\":\"https:\/\/jornalfatosenoticias.com.br\/index.php\/2022\/06\/30\/ana-marcela-e-pentacampea-mundial-dos-25-km-na-maratona-aquatica\/#primaryimage\"},\"thumbnailUrl\":\"https:\/\/jornalfatosenoticias.com.br\/wp-content\/uploads\/2022\/06\/ana_marcela_cunha_ouro_25km_mundial_2022.jpg\",\"datePublished\":\"2022-06-30T18:59:08+00:00\",\"dateModified\":\"2022-06-30T18:59:12+00:00\",\"breadcrumb\":{\"@id\":\"https:\/\/jornalfatosenoticias.com.br\/index.php\/2022\/06\/30\/ana-marcela-e-pentacampea-mundial-dos-25-km-na-maratona-aquatica\/#breadcrumb\"},\"inLanguage\":\"pt-BR\",\"potentialAction\":[{\"@type\":\"ReadAction\",\"target\":[\"https:\/\/jornalfatosenoticias.com.br\/index.php\/2022\/06\/30\/ana-marcela-e-pentacampea-mundial-dos-25-km-na-maratona-aquatica\/\"]}]},{\"@type\":\"ImageObject\",\"inLanguage\":\"pt-BR\",\"@id\":\"https:\/\/jornalfatosenoticias.com.br\/index.php\/2022\/06\/30\/ana-marcela-e-pentacampea-mundial-dos-25-km-na-maratona-aquatica\/#primaryimage\",\"url\":\"https:\/\/jornalfatosenoticias.com.br\/wp-content\/uploads\/2022\/06\/ana_marcela_cunha_ouro_25km_mundial_2022.jpg\",\"contentUrl\":\"https:\/\/jornalfatosenoticias.com.br\/wp-content\/uploads\/2022\/06\/ana_marcela_cunha_ouro_25km_mundial_2022.jpg\",\"width\":1000,\"height\":598},{\"@type\":\"BreadcrumbList\",\"@id\":\"https:\/\/jornalfatosenoticias.com.br\/index.php\/2022\/06\/30\/ana-marcela-e-pentacampea-mundial-dos-25-km-na-maratona-aquatica\/#breadcrumb\",\"itemListElement\":[{\"@type\":\"ListItem\",\"position\":1,\"name\":\"In\u00edcio\",\"item\":\"https:\/\/jornalfatosenoticias.com.br\/\"},{\"@type\":\"ListItem\",\"position\":2,\"name\":\"Ana Marcela \u00e9 pentacampe\u00e3 mundial dos 25 km na maratona aqu\u00e1tica\"}]},{\"@type\":\"WebSite\",\"@id\":\"https:\/\/jornalfatosenoticias.com.br\/#website\",\"url\":\"https:\/\/jornalfatosenoticias.com.br\/\",\"name\":\"Jornal Fatos e Not\u00edcias\",\"description\":\"Not\u00edcias em geral\",\"publisher\":{\"@id\":\"https:\/\/jornalfatosenoticias.com.br\/#organization\"},\"potentialAction\":[{\"@type\":\"SearchAction\",\"target\":{\"@type\":\"EntryPoint\",\"urlTemplate\":\"https:\/\/jornalfatosenoticias.com.br\/?s={search_term_string}\"},\"query-input\":{\"@type\":\"PropertyValueSpecification\",\"valueRequired\":true,\"valueName\":\"search_term_string\"}}],\"inLanguage\":\"pt-BR\"},{\"@type\":\"Organization\",\"@id\":\"https:\/\/jornalfatosenoticias.com.br\/#organization\",\"name\":\"Jornal Fatos e Not\u00edcias\",\"url\":\"https:\/\/jornalfatosenoticias.com.br\/\",\"logo\":{\"@type\":\"ImageObject\",\"inLanguage\":\"pt-BR\",\"@id\":\"https:\/\/jornalfatosenoticias.com.br\/#\/schema\/logo\/image\/\",\"url\":\"https:\/\/jornalfatosenoticias.com.br\/wp-content\/uploads\/2020\/02\/logo120.png\",\"contentUrl\":\"https:\/\/jornalfatosenoticias.com.br\/wp-content\/uploads\/2020\/02\/logo120.png\",\"width\":1227,\"height\":120,\"caption\":\"Jornal Fatos e Not\u00edcias\"},\"image\":{\"@id\":\"https:\/\/jornalfatosenoticias.com.br\/#\/schema\/logo\/image\/\"}},{\"@type\":\"Person\",\"@id\":\"https:\/\/jornalfatosenoticias.com.br\/#\/schema\/person\/d63837fa13ac8666eb9e74e0985d6f81\",\"name\":\"Luzimara Fernandes\",\"image\":{\"@type\":\"ImageObject\",\"inLanguage\":\"pt-BR\",\"@id\":\"https:\/\/jornalfatosenoticias.com.br\/#\/schema\/person\/image\/\",\"url\":\"https:\/\/jornalfatosenoticias.com.br\/wp-content\/uploads\/2025\/05\/EU_portal.jpg\",\"contentUrl\":\"https:\/\/jornalfatosenoticias.com.br\/wp-content\/uploads\/2025\/05\/EU_portal.jpg\",\"caption\":\"Luzimara Fernandes\"},\"description\":\"Jornalista MTB 2358-ES\",\"sameAs\":[\"https:\/\/jornalfatosenoticias.com.br\"],\"url\":\"https:\/\/jornalfatosenoticias.com.br\/index.php\/author\/luzimara\/\"}]}<\/script>\n<!-- \/ Yoast SEO plugin. -->","yoast_head_json":{"title":"Ana Marcela \u00e9 pentacampe\u00e3 mundial dos 25 km na maratona aqu\u00e1tica - Jornal Fatos e Not\u00edcias","robots":{"index":"index","follow":"follow","max-snippet":"max-snippet:-1","max-image-preview":"max-image-preview:large","max-video-preview":"max-video-preview:-1"},"canonical":"https:\/\/jornalfatosenoticias.com.br\/index.php\/2022\/06\/30\/ana-marcela-e-pentacampea-mundial-dos-25-km-na-maratona-aquatica\/","og_locale":"pt_BR","og_type":"article","og_title":"Ana Marcela \u00e9 pentacampe\u00e3 mundial dos 25 km na maratona aqu\u00e1tica - Jornal Fatos e Not\u00edcias","og_description":"\u00c9 o 2\u00ba ouro da baiana no Mundial e a terceira vez que sobe ao p\u00f3dio A baiana Ana Marcela Cunha fez hist\u00f3ria nesta quinta-feira (30), no Lago Lupa, em Budapeste (Hungria). A brasileira de 30 anos conquistou, pela quinta vez seguida, a medalha de ouro da prova de 25 quil\u00f4metros da maratona aqu\u00e1tica do [&hellip;]","og_url":"https:\/\/jornalfatosenoticias.com.br\/index.php\/2022\/06\/30\/ana-marcela-e-pentacampea-mundial-dos-25-km-na-maratona-aquatica\/","og_site_name":"Jornal Fatos e Not\u00edcias","article_published_time":"2022-06-30T18:59:08+00:00","article_modified_time":"2022-06-30T18:59:12+00:00","og_image":[{"width":1000,"height":598,"url":"https:\/\/jornalfatosenoticias.com.br\/wp-content\/uploads\/2022\/06\/ana_marcela_cunha_ouro_25km_mundial_2022.jpg","type":"image\/jpeg"}],"author":"Luzimara Fernandes","twitter_card":"summary_large_image","twitter_misc":{"Escrito por":"Luzimara Fernandes","Est. tempo de leitura":"2 minutos"},"schema":{"@context":"https:\/\/schema.org","@graph":[{"@type":"Article","@id":"https:\/\/jornalfatosenoticias.com.br\/index.php\/2022\/06\/30\/ana-marcela-e-pentacampea-mundial-dos-25-km-na-maratona-aquatica\/#article","isPartOf":{"@id":"https:\/\/jornalfatosenoticias.com.br\/index.php\/2022\/06\/30\/ana-marcela-e-pentacampea-mundial-dos-25-km-na-maratona-aquatica\/"},"author":{"name":"Luzimara Fernandes","@id":"https:\/\/jornalfatosenoticias.com.br\/#\/schema\/person\/d63837fa13ac8666eb9e74e0985d6f81"},"headline":"Ana Marcela \u00e9 pentacampe\u00e3 mundial dos 25 km na maratona aqu\u00e1tica","datePublished":"2022-06-30T18:59:08+00:00","dateModified":"2022-06-30T18:59:12+00:00","mainEntityOfPage":{"@id":"https:\/\/jornalfatosenoticias.com.br\/index.php\/2022\/06\/30\/ana-marcela-e-pentacampea-mundial-dos-25-km-na-maratona-aquatica\/"},"wordCount":388,"commentCount":0,"publisher":{"@id":"https:\/\/jornalfatosenoticias.com.br\/#organization"},"image":{"@id":"https:\/\/jornalfatosenoticias.com.br\/index.php\/2022\/06\/30\/ana-marcela-e-pentacampea-mundial-dos-25-km-na-maratona-aquatica\/#primaryimage"},"thumbnailUrl":"https:\/\/jornalfatosenoticias.com.br\/wp-content\/uploads\/2022\/06\/ana_marcela_cunha_ouro_25km_mundial_2022.jpg","keywords":["25 km","Ana Marcela Cunha","Budapeste","esportes","Mundial de \u00c1guas Abertas","nata\u00e7\u00e3o","ouro"],"articleSection":["Esportes"],"inLanguage":"pt-BR","potentialAction":[{"@type":"CommentAction","name":"Comment","target":["https:\/\/jornalfatosenoticias.com.br\/index.php\/2022\/06\/30\/ana-marcela-e-pentacampea-mundial-dos-25-km-na-maratona-aquatica\/#respond"]}]},{"@type":"WebPage","@id":"https:\/\/jornalfatosenoticias.com.br\/index.php\/2022\/06\/30\/ana-marcela-e-pentacampea-mundial-dos-25-km-na-maratona-aquatica\/","url":"https:\/\/jornalfatosenoticias.com.br\/index.php\/2022\/06\/30\/ana-marcela-e-pentacampea-mundial-dos-25-km-na-maratona-aquatica\/","name":"Ana Marcela \u00e9 pentacampe\u00e3 mundial dos 25 km na maratona aqu\u00e1tica - Jornal Fatos e Not\u00edcias","isPartOf":{"@id":"https:\/\/jornalfatosenoticias.com.br\/#website"},"primaryImageOfPage":{"@id":"https:\/\/jornalfatosenoticias.com.br\/index.php\/2022\/06\/30\/ana-marcela-e-pentacampea-mundial-dos-25-km-na-maratona-aquatica\/#primaryimage"},"image":{"@id":"https:\/\/jornalfatosenoticias.com.br\/index.php\/2022\/06\/30\/ana-marcela-e-pentacampea-mundial-dos-25-km-na-maratona-aquatica\/#primaryimage"},"thumbnailUrl":"https:\/\/jornalfatosenoticias.com.br\/wp-content\/uploads\/2022\/06\/ana_marcela_cunha_ouro_25km_mundial_2022.jpg","datePublished":"2022-06-30T18:59:08+00:00","dateModified":"2022-06-30T18:59:12+00:00","breadcrumb":{"@id":"https:\/\/jornalfatosenoticias.com.br\/index.php\/2022\/06\/30\/ana-marcela-e-pentacampea-mundial-dos-25-km-na-maratona-aquatica\/#breadcrumb"},"inLanguage":"pt-BR","potentialAction":[{"@type":"ReadAction","target":["https:\/\/jornalfatosenoticias.com.br\/index.php\/2022\/06\/30\/ana-marcela-e-pentacampea-mundial-dos-25-km-na-maratona-aquatica\/"]}]},{"@type":"ImageObject","inLanguage":"pt-BR","@id":"https:\/\/jornalfatosenoticias.com.br\/index.php\/2022\/06\/30\/ana-marcela-e-pentacampea-mundial-dos-25-km-na-maratona-aquatica\/#primaryimage","url":"https:\/\/jornalfatosenoticias.com.br\/wp-content\/uploads\/2022\/06\/ana_marcela_cunha_ouro_25km_mundial_2022.jpg","contentUrl":"https:\/\/jornalfatosenoticias.com.br\/wp-content\/uploads\/2022\/06\/ana_marcela_cunha_ouro_25km_mundial_2022.jpg","width":1000,"height":598},{"@type":"BreadcrumbList","@id":"https:\/\/jornalfatosenoticias.com.br\/index.php\/2022\/06\/30\/ana-marcela-e-pentacampea-mundial-dos-25-km-na-maratona-aquatica\/#breadcrumb","itemListElement":[{"@type":"ListItem","position":1,"name":"In\u00edcio","item":"https:\/\/jornalfatosenoticias.com.br\/"},{"@type":"ListItem","position":2,"name":"Ana Marcela \u00e9 pentacampe\u00e3 mundial dos 25 km na maratona aqu\u00e1tica"}]},{"@type":"WebSite","@id":"https:\/\/jornalfatosenoticias.com.br\/#website","url":"https:\/\/jornalfatosenoticias.com.br\/","name":"Jornal Fatos e Not\u00edcias","description":"Not\u00edcias em geral","publisher":{"@id":"https:\/\/jornalfatosenoticias.com.br\/#organization"},"potentialAction":[{"@type":"SearchAction","target":{"@type":"EntryPoint","urlTemplate":"https:\/\/jornalfatosenoticias.com.br\/?s={search_term_string}"},"query-input":{"@type":"PropertyValueSpecification","valueRequired":true,"valueName":"search_term_string"}}],"inLanguage":"pt-BR"},{"@type":"Organization","@id":"https:\/\/jornalfatosenoticias.com.br\/#organization","name":"Jornal Fatos e Not\u00edcias","url":"https:\/\/jornalfatosenoticias.com.br\/","logo":{"@type":"ImageObject","inLanguage":"pt-BR","@id":"https:\/\/jornalfatosenoticias.com.br\/#\/schema\/logo\/image\/","url":"https:\/\/jornalfatosenoticias.com.br\/wp-content\/uploads\/2020\/02\/logo120.png","contentUrl":"https:\/\/jornalfatosenoticias.com.br\/wp-content\/uploads\/2020\/02\/logo120.png","width":1227,"height":120,"caption":"Jornal Fatos e Not\u00edcias"},"image":{"@id":"https:\/\/jornalfatosenoticias.com.br\/#\/schema\/logo\/image\/"}},{"@type":"Person","@id":"https:\/\/jornalfatosenoticias.com.br\/#\/schema\/person\/d63837fa13ac8666eb9e74e0985d6f81","name":"Luzimara Fernandes","image":{"@type":"ImageObject","inLanguage":"pt-BR","@id":"https:\/\/jornalfatosenoticias.com.br\/#\/schema\/person\/image\/","url":"https:\/\/jornalfatosenoticias.com.br\/wp-content\/uploads\/2025\/05\/EU_portal.jpg","contentUrl":"https:\/\/jornalfatosenoticias.com.br\/wp-content\/uploads\/2025\/05\/EU_portal.jpg","caption":"Luzimara Fernandes"},"description":"Jornalista MTB 2358-ES","sameAs":["https:\/\/jornalfatosenoticias.com.br"],"url":"https:\/\/jornalfatosenoticias.com.br\/index.php\/author\/luzimara\/"}]}},"cc_featured_image_caption":{"caption_text":"(Foto: Reuters\/Lisa Leutner\/Direitos Reservados)\r\n","source_text":"","source_url":""},"jetpack_featured_media_url":"https:\/\/jornalfatosenoticias.com.br\/wp-content\/uploads\/2022\/06\/ana_marcela_cunha_ouro_25km_mundial_2022.jpg","_links":{"self":[{"href":"https:\/\/jornalfatosenoticias.com.br\/index.php\/wp-json\/wp\/v2\/posts\/31902","targetHints":{"allow":["GET"]}}],"collection":[{"href":"https:\/\/jornalfatosenoticias.com.br\/index.php\/wp-json\/wp\/v2\/posts"}],"about":[{"href":"https:\/\/jornalfatosenoticias.com.br\/index.php\/wp-json\/wp\/v2\/types\/post"}],"author":[{"embeddable":true,"href":"https:\/\/jornalfatosenoticias.com.br\/index.php\/wp-json\/wp\/v2\/users\/2"}],"replies":[{"embeddable":true,"href":"https:\/\/jornalfatosenoticias.com.br\/index.php\/wp-json\/wp\/v2\/comments?post=31902"}],"version-history":[{"count":0,"href":"https:\/\/jornalfatosenoticias.com.br\/index.php\/wp-json\/wp\/v2\/posts\/31902\/revisions"}],"wp:featuredmedia":[{"embeddable":true,"href":"https:\/\/jornalfatosenoticias.com.br\/index.php\/wp-json\/wp\/v2\/media\/31903"}],"wp:attachment":[{"href":"https:\/\/jornalfatosenoticias.com.br\/index.php\/wp-json\/wp\/v2\/media?parent=31902"}],"wp:term":[{"taxonomy":"category","embeddable":true,"href":"https:\/\/jornalfatosenoticias.com.br\/index.php\/wp-json\/wp\/v2\/categories?post=31902"},{"taxonomy":"post_tag","embeddable":true,"href":"https:\/\/jornalfatosenoticias.com.br\/index.php\/wp-json\/wp\/v2\/tags?post=31902"}],"curies":[{"name":"wp","href":"https:\/\/api.w.org\/{rel}","templated":true}]}}