{"id":31924,"date":"2022-07-01T13:38:53","date_gmt":"2022-07-01T16:38:53","guid":{"rendered":"https:\/\/jornalfatosenoticias.com.br\/?p=31924"},"modified":"2022-07-01T13:38:57","modified_gmt":"2022-07-01T16:38:57","slug":"nova-especie-de-planta-descoberta-na-amazonia-ja-esta-ameacada-de-extincao","status":"publish","type":"post","link":"https:\/\/jornalfatosenoticias.com.br\/index.php\/2022\/07\/01\/nova-especie-de-planta-descoberta-na-amazonia-ja-esta-ameacada-de-extincao\/","title":{"rendered":"Nova esp\u00e9cie de planta descoberta na Amaz\u00f4nia j\u00e1 est\u00e1 amea\u00e7ada de extin\u00e7\u00e3o"},"content":{"rendered":"\n<p><em><span class=\"has-inline-color has-black-color\">A Tovomita cornuta, \u00e1rvore de pequeno porte, foi descoberta no nordeste do estado do Amazonas e j\u00e1 \u00e9 amea\u00e7ada de extin\u00e7\u00e3o devido \u00e0 explora\u00e7\u00e3o humana em sua \u00e1rea de ocorr\u00eancia<\/span><\/em><\/p>\n\n\n\n<div class=\"wp-block-image\"><figure class=\"aligncenter size-large is-resized\"><img loading=\"lazy\" decoding=\"async\" src=\"https:\/\/jornalfatosenoticias.com.br\/wp-content\/uploads\/2022\/02\/Arte-Autoescola-Galatas_endereco_portal-1024x103.png\" alt=\"\" class=\"wp-image-27869\" width=\"520\" height=\"52\" srcset=\"https:\/\/jornalfatosenoticias.com.br\/wp-content\/uploads\/2022\/02\/Arte-Autoescola-Galatas_endereco_portal-1024x103.png 1024w, https:\/\/jornalfatosenoticias.com.br\/wp-content\/uploads\/2022\/02\/Arte-Autoescola-Galatas_endereco_portal-300x30.png 300w, https:\/\/jornalfatosenoticias.com.br\/wp-content\/uploads\/2022\/02\/Arte-Autoescola-Galatas_endereco_portal-768x77.png 768w, https:\/\/jornalfatosenoticias.com.br\/wp-content\/uploads\/2022\/02\/Arte-Autoescola-Galatas_endereco_portal.png 1223w\" sizes=\"auto, (max-width: 520px) 100vw, 520px\" \/><\/figure><\/div>\n\n\n\n<p>Uma <strong>nova esp\u00e9cie<\/strong> da flora brasileira foi descoberta na <strong>Regi\u00e3o Norte<\/strong> do Pa\u00eds durante uma pesquisa ecol\u00f3gica in\u00e9dita feita por cientistas do Instituto Nacional de Pesquisas da Amaz\u00f4nia (Inpa) e da Universidade Federal do Maranh\u00e3o (UFMA). A <em>Tovomita cornuta,<\/em> uma \u00e1rvore de pequeno porte j\u00e1 considerada amea\u00e7ada de extin\u00e7\u00e3o, est\u00e1 descrita em um <a class=\"\" href=\"https:\/\/www.scielo.br\/j\/abb\/a\/vgL3XnqpSKGSBHVtxJttgkd\/?lang=en\" target=\"_blank\" rel=\"noreferrer noopener\">estudo publicado na revista &#8216;Acta Botanica Brasilica&#8217;<\/a> no \u00faltimo dia 16.<br>Descrita a partir de pesquisa de campo feita por Layon Oreste Demarchi, em parceria com Maria Teresa Piedade e Lucas Marinho, a nova esp\u00e9cie pertence a um grupo de plantas que compreende 53 esp\u00e9cies exclusivamente neotropicais da fam\u00edlia <em>Clusiaceae<\/em>. Os indiv\u00edduos s\u00e3o encontrados em florestas de campinarana, no nordeste do\u00a0<strong><a class=\"\" href=\"https:\/\/portalamazonia.com\/amazonia-az\/amazonas-estado\" target=\"_blank\" rel=\"noreferrer noopener\">Amazonas<\/a><\/strong>.<\/p>\n\n\n\n<div class=\"wp-block-image\"><figure class=\"alignleft size-large is-resized\"><img loading=\"lazy\" decoding=\"async\" src=\"https:\/\/jornalfatosenoticias.com.br\/wp-content\/uploads\/2022\/02\/Precisao-Contabilidade-1024x724.jpg\" alt=\"\" class=\"wp-image-28088\" width=\"313\" height=\"221\"\/><\/figure><\/div>\n\n\n\n<p>As campinaranas s\u00e3o um tipo de vegeta\u00e7\u00e3o diferenciada que se desenvolve sobre solos arenosos extremamente pobres em nutrientes. Apesar de ocupar aproximadamente 7% da Amaz\u00f4nia legal, h\u00e1 poucos estudos sobre ela. Esse \u00e9 o habitat da <em>Tovomita cornuta,<\/em> que se diferencia das outras esp\u00e9cies principalmente pelo formato de seus frutos, que apresentam pequenas protuber\u00e2ncias semelhantes a cornos, caracter\u00edstica que d\u00e1 nome \u00e0 planta. As \u00e1reas de ocorr\u00eancia da esp\u00e9cie j\u00e1 s\u00e3o impactadas pelas atividades humanas.<\/p>\n\n\n\n<div class=\"wp-block-image\"><figure class=\"aligncenter size-large is-resized\"><img loading=\"lazy\" decoding=\"async\" src=\"https:\/\/jornalfatosenoticias.com.br\/wp-content\/uploads\/2020\/02\/Logo_Mizu.png\" alt=\"\" class=\"wp-image-1441\" width=\"508\" height=\"62\" srcset=\"https:\/\/jornalfatosenoticias.com.br\/wp-content\/uploads\/2020\/02\/Logo_Mizu.png 729w, https:\/\/jornalfatosenoticias.com.br\/wp-content\/uploads\/2020\/02\/Logo_Mizu-300x37.png 300w\" sizes=\"auto, (max-width: 508px) 100vw, 508px\" \/><\/figure><\/div>\n\n\n\n<blockquote class=\"wp-block-quote is-layout-flow wp-block-quote-is-layout-flow\"><p><span class=\"has-inline-color has-luminous-vivid-orange-color\">&#8220;Devido \u00e0 alta diversidade, \u00e0 grande extens\u00e3o territorial e aos diversos grupos taxon\u00f4micos, a descoberta de novas esp\u00e9cies na Amaz\u00f4nia acontece principalmente quando se realizam trabalhos de coleta de campo de longa dura\u00e7\u00e3o. Nessa descoberta da esp\u00e9cie Tovomita cornuta, identificamos que seu status de conserva\u00e7\u00e3o j\u00e1 \u00e9 amea\u00e7ada de extin\u00e7\u00e3o devido \u00e0s press\u00f5es sobre sua \u00e1rea de ocorr\u00eancia, que sofre com a expans\u00e3o urbana n\u00e3o planejada, o desmatamento da mata, a extra\u00e7\u00e3o de areia para a constru\u00e7\u00e3o civil e a consequente perda de habitat&#8221;, destaca Demarchi.<\/span><\/p><\/blockquote>\n\n\n\n<div class=\"wp-block-image\"><figure class=\"alignright size-large is-resized\"><img loading=\"lazy\" decoding=\"async\" src=\"https:\/\/jornalfatosenoticias.com.br\/wp-content\/uploads\/2022\/03\/logo-Suinco-1024x390.jpg\" alt=\"\" class=\"wp-image-28785\" width=\"296\" height=\"112\"\/><\/figure><\/div>\n\n\n\n<p>A descoberta da esp\u00e9cie \u00e9 resultado de uma pesquisa de campo realizada durante quatro anos. Para o pesquisador, investir em estudos com financiamento de longo prazo, al\u00e9m de fortalecer os institutos de pesquisas, que passam pelo sucateamento dos investimentos federais e pela falta de pessoas devido \u00e0 escassez de concursos p\u00fablicos, \u00e9 o caminho para aumentar o conhecimento bot\u00e2nico brasileiro.<\/p>\n\n\n\n<div class=\"wp-block-image\"><figure class=\"aligncenter size-large is-resized\"><img loading=\"lazy\" decoding=\"async\" src=\"https:\/\/jornalfatosenoticias.com.br\/wp-content\/uploads\/2020\/02\/banner_ferramentas-1024x100.jpg\" alt=\"\" class=\"wp-image-1258\" width=\"529\" height=\"51\" srcset=\"https:\/\/jornalfatosenoticias.com.br\/wp-content\/uploads\/2020\/02\/banner_ferramentas-1024x100.jpg 1024w, https:\/\/jornalfatosenoticias.com.br\/wp-content\/uploads\/2020\/02\/banner_ferramentas-300x29.jpg 300w, https:\/\/jornalfatosenoticias.com.br\/wp-content\/uploads\/2020\/02\/banner_ferramentas-768x75.jpg 768w, https:\/\/jornalfatosenoticias.com.br\/wp-content\/uploads\/2020\/02\/banner_ferramentas.jpg 1227w\" sizes=\"auto, (max-width: 529px) 100vw, 529px\" \/><\/figure><\/div>\n\n\n\n<blockquote class=\"wp-block-quote is-layout-flow wp-block-quote-is-layout-flow\"><p><span class=\"has-inline-color has-luminous-vivid-orange-color\">&#8220;Ainda existem muitas plantas n\u00e3o descobertas na Amaz\u00f4nia e a \u00fanica maneira de identificarmos e conhecermos mais da nossa flora \u00e9 por meio da pesquisa de campo intensiva e de estudos taxon\u00f4micos detalhados. Deste ponto de vista, a pesquisa ecol\u00f3gica de longo prazo \u00e9 uma op\u00e7\u00e3o de investimento adequada. A descoberta de T. cornuta \u00e9 um exemplo da relev\u00e2ncia do trabalho de campo e destaca como estudos ecol\u00f3gicos e taxon\u00f4micos podem interagir para revelar a biodiversidade amaz\u00f4nica&#8221;, ressalta o pesquisador.<\/span><\/p><\/blockquote>\n\n\n\n<p><strong><em>Fonte: <a href=\"https:\/\/portalamazonia.com\/estados\/amazonas\/nova-especie-de-planta-descoberta-na-amazonia-ja-esta-ameacada-de-extincao\">Portal Amaz\u00f4nia<\/a><\/em><\/strong><\/p>\n","protected":false},"excerpt":{"rendered":"<p>A Tovomita cornuta, \u00e1rvore de pequeno porte, foi descoberta no nordeste do estado do Amazonas e j\u00e1 \u00e9 amea\u00e7ada de extin\u00e7\u00e3o devido \u00e0 explora\u00e7\u00e3o humana em sua \u00e1rea de ocorr\u00eancia Uma nova esp\u00e9cie da flora brasileira foi descoberta na Regi\u00e3o Norte do Pa\u00eds durante uma pesquisa ecol\u00f3gica in\u00e9dita feita por cientistas do Instituto Nacional de [&hellip;]<\/p>\n","protected":false},"author":2,"featured_media":31925,"comment_status":"open","ping_status":"open","sticky":false,"template":"","format":"standard","meta":{"footnotes":""},"categories":[8],"tags":[1068,123,217,15102,15101,115],"class_list":["post-31924","post","type-post","status-publish","format-standard","has-post-thumbnail","hentry","category-meio-ambiente","tag-amazonas","tag-amazonia","tag-inpa","tag-nova-arvore","tag-nova-planta","tag-pesquisa"],"yoast_head":"<!-- This site is optimized with the Yoast SEO plugin v26.5 - https:\/\/yoast.com\/wordpress\/plugins\/seo\/ -->\n<title>Nova esp\u00e9cie de planta descoberta na Amaz\u00f4nia j\u00e1 est\u00e1 amea\u00e7ada de extin\u00e7\u00e3o - Jornal Fatos e Not\u00edcias<\/title>\n<meta name=\"robots\" content=\"index, follow, max-snippet:-1, max-image-preview:large, max-video-preview:-1\" \/>\n<link rel=\"canonical\" href=\"https:\/\/jornalfatosenoticias.com.br\/index.php\/2022\/07\/01\/nova-especie-de-planta-descoberta-na-amazonia-ja-esta-ameacada-de-extincao\/\" \/>\n<meta property=\"og:locale\" content=\"pt_BR\" \/>\n<meta property=\"og:type\" content=\"article\" \/>\n<meta property=\"og:title\" content=\"Nova esp\u00e9cie de planta descoberta na Amaz\u00f4nia j\u00e1 est\u00e1 amea\u00e7ada de extin\u00e7\u00e3o - Jornal Fatos e Not\u00edcias\" \/>\n<meta property=\"og:description\" content=\"A Tovomita cornuta, \u00e1rvore de pequeno porte, foi descoberta no nordeste do estado do Amazonas e j\u00e1 \u00e9 amea\u00e7ada de extin\u00e7\u00e3o devido \u00e0 explora\u00e7\u00e3o humana em sua \u00e1rea de ocorr\u00eancia Uma nova esp\u00e9cie da flora brasileira foi descoberta na Regi\u00e3o Norte do Pa\u00eds durante uma pesquisa ecol\u00f3gica in\u00e9dita feita por cientistas do Instituto Nacional de [&hellip;]\" \/>\n<meta property=\"og:url\" content=\"https:\/\/jornalfatosenoticias.com.br\/index.php\/2022\/07\/01\/nova-especie-de-planta-descoberta-na-amazonia-ja-esta-ameacada-de-extincao\/\" \/>\n<meta property=\"og:site_name\" content=\"Jornal Fatos e Not\u00edcias\" \/>\n<meta property=\"article:published_time\" content=\"2022-07-01T16:38:53+00:00\" \/>\n<meta property=\"article:modified_time\" content=\"2022-07-01T16:38:57+00:00\" \/>\n<meta property=\"og:image\" content=\"https:\/\/jornalfatosenoticias.com.br\/wp-content\/uploads\/2022\/07\/Nova-especie-de-planta-descoberta-na-Amazonia.jpg\" \/>\n\t<meta property=\"og:image:width\" content=\"1000\" \/>\n\t<meta property=\"og:image:height\" content=\"562\" \/>\n\t<meta property=\"og:image:type\" content=\"image\/jpeg\" \/>\n<meta name=\"author\" content=\"Luzimara Fernandes\" \/>\n<meta name=\"twitter:card\" content=\"summary_large_image\" \/>\n<meta name=\"twitter:label1\" content=\"Escrito por\" \/>\n\t<meta name=\"twitter:data1\" content=\"Luzimara Fernandes\" \/>\n\t<meta name=\"twitter:label2\" content=\"Est. tempo de leitura\" \/>\n\t<meta name=\"twitter:data2\" content=\"2 minutos\" \/>\n<script type=\"application\/ld+json\" class=\"yoast-schema-graph\">{\"@context\":\"https:\/\/schema.org\",\"@graph\":[{\"@type\":\"Article\",\"@id\":\"https:\/\/jornalfatosenoticias.com.br\/index.php\/2022\/07\/01\/nova-especie-de-planta-descoberta-na-amazonia-ja-esta-ameacada-de-extincao\/#article\",\"isPartOf\":{\"@id\":\"https:\/\/jornalfatosenoticias.com.br\/index.php\/2022\/07\/01\/nova-especie-de-planta-descoberta-na-amazonia-ja-esta-ameacada-de-extincao\/\"},\"author\":{\"name\":\"Luzimara Fernandes\",\"@id\":\"https:\/\/jornalfatosenoticias.com.br\/#\/schema\/person\/d63837fa13ac8666eb9e74e0985d6f81\"},\"headline\":\"Nova esp\u00e9cie de planta descoberta na Amaz\u00f4nia j\u00e1 est\u00e1 amea\u00e7ada de extin\u00e7\u00e3o\",\"datePublished\":\"2022-07-01T16:38:53+00:00\",\"dateModified\":\"2022-07-01T16:38:57+00:00\",\"mainEntityOfPage\":{\"@id\":\"https:\/\/jornalfatosenoticias.com.br\/index.php\/2022\/07\/01\/nova-especie-de-planta-descoberta-na-amazonia-ja-esta-ameacada-de-extincao\/\"},\"wordCount\":505,\"commentCount\":0,\"publisher\":{\"@id\":\"https:\/\/jornalfatosenoticias.com.br\/#organization\"},\"image\":{\"@id\":\"https:\/\/jornalfatosenoticias.com.br\/index.php\/2022\/07\/01\/nova-especie-de-planta-descoberta-na-amazonia-ja-esta-ameacada-de-extincao\/#primaryimage\"},\"thumbnailUrl\":\"https:\/\/jornalfatosenoticias.com.br\/wp-content\/uploads\/2022\/07\/Nova-especie-de-planta-descoberta-na-Amazonia.jpg\",\"keywords\":[\"Amazonas\",\"amaz\u00f4nia\",\"Inpa\",\"nova \u00e1rvore\",\"nova planta\",\"pesquisa\"],\"articleSection\":[\"Meio ambiente\"],\"inLanguage\":\"pt-BR\",\"potentialAction\":[{\"@type\":\"CommentAction\",\"name\":\"Comment\",\"target\":[\"https:\/\/jornalfatosenoticias.com.br\/index.php\/2022\/07\/01\/nova-especie-de-planta-descoberta-na-amazonia-ja-esta-ameacada-de-extincao\/#respond\"]}]},{\"@type\":\"WebPage\",\"@id\":\"https:\/\/jornalfatosenoticias.com.br\/index.php\/2022\/07\/01\/nova-especie-de-planta-descoberta-na-amazonia-ja-esta-ameacada-de-extincao\/\",\"url\":\"https:\/\/jornalfatosenoticias.com.br\/index.php\/2022\/07\/01\/nova-especie-de-planta-descoberta-na-amazonia-ja-esta-ameacada-de-extincao\/\",\"name\":\"Nova esp\u00e9cie de planta descoberta na Amaz\u00f4nia j\u00e1 est\u00e1 amea\u00e7ada de extin\u00e7\u00e3o - Jornal Fatos e Not\u00edcias\",\"isPartOf\":{\"@id\":\"https:\/\/jornalfatosenoticias.com.br\/#website\"},\"primaryImageOfPage\":{\"@id\":\"https:\/\/jornalfatosenoticias.com.br\/index.php\/2022\/07\/01\/nova-especie-de-planta-descoberta-na-amazonia-ja-esta-ameacada-de-extincao\/#primaryimage\"},\"image\":{\"@id\":\"https:\/\/jornalfatosenoticias.com.br\/index.php\/2022\/07\/01\/nova-especie-de-planta-descoberta-na-amazonia-ja-esta-ameacada-de-extincao\/#primaryimage\"},\"thumbnailUrl\":\"https:\/\/jornalfatosenoticias.com.br\/wp-content\/uploads\/2022\/07\/Nova-especie-de-planta-descoberta-na-Amazonia.jpg\",\"datePublished\":\"2022-07-01T16:38:53+00:00\",\"dateModified\":\"2022-07-01T16:38:57+00:00\",\"breadcrumb\":{\"@id\":\"https:\/\/jornalfatosenoticias.com.br\/index.php\/2022\/07\/01\/nova-especie-de-planta-descoberta-na-amazonia-ja-esta-ameacada-de-extincao\/#breadcrumb\"},\"inLanguage\":\"pt-BR\",\"potentialAction\":[{\"@type\":\"ReadAction\",\"target\":[\"https:\/\/jornalfatosenoticias.com.br\/index.php\/2022\/07\/01\/nova-especie-de-planta-descoberta-na-amazonia-ja-esta-ameacada-de-extincao\/\"]}]},{\"@type\":\"ImageObject\",\"inLanguage\":\"pt-BR\",\"@id\":\"https:\/\/jornalfatosenoticias.com.br\/index.php\/2022\/07\/01\/nova-especie-de-planta-descoberta-na-amazonia-ja-esta-ameacada-de-extincao\/#primaryimage\",\"url\":\"https:\/\/jornalfatosenoticias.com.br\/wp-content\/uploads\/2022\/07\/Nova-especie-de-planta-descoberta-na-Amazonia.jpg\",\"contentUrl\":\"https:\/\/jornalfatosenoticias.com.br\/wp-content\/uploads\/2022\/07\/Nova-especie-de-planta-descoberta-na-Amazonia.jpg\",\"width\":1000,\"height\":562},{\"@type\":\"BreadcrumbList\",\"@id\":\"https:\/\/jornalfatosenoticias.com.br\/index.php\/2022\/07\/01\/nova-especie-de-planta-descoberta-na-amazonia-ja-esta-ameacada-de-extincao\/#breadcrumb\",\"itemListElement\":[{\"@type\":\"ListItem\",\"position\":1,\"name\":\"In\u00edcio\",\"item\":\"https:\/\/jornalfatosenoticias.com.br\/\"},{\"@type\":\"ListItem\",\"position\":2,\"name\":\"Nova esp\u00e9cie de planta descoberta na Amaz\u00f4nia j\u00e1 est\u00e1 amea\u00e7ada de extin\u00e7\u00e3o\"}]},{\"@type\":\"WebSite\",\"@id\":\"https:\/\/jornalfatosenoticias.com.br\/#website\",\"url\":\"https:\/\/jornalfatosenoticias.com.br\/\",\"name\":\"Jornal Fatos e Not\u00edcias\",\"description\":\"Not\u00edcias em geral\",\"publisher\":{\"@id\":\"https:\/\/jornalfatosenoticias.com.br\/#organization\"},\"potentialAction\":[{\"@type\":\"SearchAction\",\"target\":{\"@type\":\"EntryPoint\",\"urlTemplate\":\"https:\/\/jornalfatosenoticias.com.br\/?s={search_term_string}\"},\"query-input\":{\"@type\":\"PropertyValueSpecification\",\"valueRequired\":true,\"valueName\":\"search_term_string\"}}],\"inLanguage\":\"pt-BR\"},{\"@type\":\"Organization\",\"@id\":\"https:\/\/jornalfatosenoticias.com.br\/#organization\",\"name\":\"Jornal Fatos e Not\u00edcias\",\"url\":\"https:\/\/jornalfatosenoticias.com.br\/\",\"logo\":{\"@type\":\"ImageObject\",\"inLanguage\":\"pt-BR\",\"@id\":\"https:\/\/jornalfatosenoticias.com.br\/#\/schema\/logo\/image\/\",\"url\":\"https:\/\/jornalfatosenoticias.com.br\/wp-content\/uploads\/2020\/02\/logo120.png\",\"contentUrl\":\"https:\/\/jornalfatosenoticias.com.br\/wp-content\/uploads\/2020\/02\/logo120.png\",\"width\":1227,\"height\":120,\"caption\":\"Jornal Fatos e Not\u00edcias\"},\"image\":{\"@id\":\"https:\/\/jornalfatosenoticias.com.br\/#\/schema\/logo\/image\/\"}},{\"@type\":\"Person\",\"@id\":\"https:\/\/jornalfatosenoticias.com.br\/#\/schema\/person\/d63837fa13ac8666eb9e74e0985d6f81\",\"name\":\"Luzimara Fernandes\",\"image\":{\"@type\":\"ImageObject\",\"inLanguage\":\"pt-BR\",\"@id\":\"https:\/\/jornalfatosenoticias.com.br\/#\/schema\/person\/image\/\",\"url\":\"https:\/\/jornalfatosenoticias.com.br\/wp-content\/uploads\/2025\/05\/EU_portal.jpg\",\"contentUrl\":\"https:\/\/jornalfatosenoticias.com.br\/wp-content\/uploads\/2025\/05\/EU_portal.jpg\",\"caption\":\"Luzimara Fernandes\"},\"description\":\"Jornalista MTB 2358-ES\",\"sameAs\":[\"https:\/\/jornalfatosenoticias.com.br\"],\"url\":\"https:\/\/jornalfatosenoticias.com.br\/index.php\/author\/luzimara\/\"}]}<\/script>\n<!-- \/ Yoast SEO plugin. -->","yoast_head_json":{"title":"Nova esp\u00e9cie de planta descoberta na Amaz\u00f4nia j\u00e1 est\u00e1 amea\u00e7ada de extin\u00e7\u00e3o - Jornal Fatos e Not\u00edcias","robots":{"index":"index","follow":"follow","max-snippet":"max-snippet:-1","max-image-preview":"max-image-preview:large","max-video-preview":"max-video-preview:-1"},"canonical":"https:\/\/jornalfatosenoticias.com.br\/index.php\/2022\/07\/01\/nova-especie-de-planta-descoberta-na-amazonia-ja-esta-ameacada-de-extincao\/","og_locale":"pt_BR","og_type":"article","og_title":"Nova esp\u00e9cie de planta descoberta na Amaz\u00f4nia j\u00e1 est\u00e1 amea\u00e7ada de extin\u00e7\u00e3o - Jornal Fatos e Not\u00edcias","og_description":"A Tovomita cornuta, \u00e1rvore de pequeno porte, foi descoberta no nordeste do estado do Amazonas e j\u00e1 \u00e9 amea\u00e7ada de extin\u00e7\u00e3o devido \u00e0 explora\u00e7\u00e3o humana em sua \u00e1rea de ocorr\u00eancia Uma nova esp\u00e9cie da flora brasileira foi descoberta na Regi\u00e3o Norte do Pa\u00eds durante uma pesquisa ecol\u00f3gica in\u00e9dita feita por cientistas do Instituto Nacional de [&hellip;]","og_url":"https:\/\/jornalfatosenoticias.com.br\/index.php\/2022\/07\/01\/nova-especie-de-planta-descoberta-na-amazonia-ja-esta-ameacada-de-extincao\/","og_site_name":"Jornal Fatos e Not\u00edcias","article_published_time":"2022-07-01T16:38:53+00:00","article_modified_time":"2022-07-01T16:38:57+00:00","og_image":[{"width":1000,"height":562,"url":"https:\/\/jornalfatosenoticias.com.br\/wp-content\/uploads\/2022\/07\/Nova-especie-de-planta-descoberta-na-Amazonia.jpg","type":"image\/jpeg"}],"author":"Luzimara Fernandes","twitter_card":"summary_large_image","twitter_misc":{"Escrito por":"Luzimara Fernandes","Est. tempo de leitura":"2 minutos"},"schema":{"@context":"https:\/\/schema.org","@graph":[{"@type":"Article","@id":"https:\/\/jornalfatosenoticias.com.br\/index.php\/2022\/07\/01\/nova-especie-de-planta-descoberta-na-amazonia-ja-esta-ameacada-de-extincao\/#article","isPartOf":{"@id":"https:\/\/jornalfatosenoticias.com.br\/index.php\/2022\/07\/01\/nova-especie-de-planta-descoberta-na-amazonia-ja-esta-ameacada-de-extincao\/"},"author":{"name":"Luzimara Fernandes","@id":"https:\/\/jornalfatosenoticias.com.br\/#\/schema\/person\/d63837fa13ac8666eb9e74e0985d6f81"},"headline":"Nova esp\u00e9cie de planta descoberta na Amaz\u00f4nia j\u00e1 est\u00e1 amea\u00e7ada de extin\u00e7\u00e3o","datePublished":"2022-07-01T16:38:53+00:00","dateModified":"2022-07-01T16:38:57+00:00","mainEntityOfPage":{"@id":"https:\/\/jornalfatosenoticias.com.br\/index.php\/2022\/07\/01\/nova-especie-de-planta-descoberta-na-amazonia-ja-esta-ameacada-de-extincao\/"},"wordCount":505,"commentCount":0,"publisher":{"@id":"https:\/\/jornalfatosenoticias.com.br\/#organization"},"image":{"@id":"https:\/\/jornalfatosenoticias.com.br\/index.php\/2022\/07\/01\/nova-especie-de-planta-descoberta-na-amazonia-ja-esta-ameacada-de-extincao\/#primaryimage"},"thumbnailUrl":"https:\/\/jornalfatosenoticias.com.br\/wp-content\/uploads\/2022\/07\/Nova-especie-de-planta-descoberta-na-Amazonia.jpg","keywords":["Amazonas","amaz\u00f4nia","Inpa","nova \u00e1rvore","nova planta","pesquisa"],"articleSection":["Meio ambiente"],"inLanguage":"pt-BR","potentialAction":[{"@type":"CommentAction","name":"Comment","target":["https:\/\/jornalfatosenoticias.com.br\/index.php\/2022\/07\/01\/nova-especie-de-planta-descoberta-na-amazonia-ja-esta-ameacada-de-extincao\/#respond"]}]},{"@type":"WebPage","@id":"https:\/\/jornalfatosenoticias.com.br\/index.php\/2022\/07\/01\/nova-especie-de-planta-descoberta-na-amazonia-ja-esta-ameacada-de-extincao\/","url":"https:\/\/jornalfatosenoticias.com.br\/index.php\/2022\/07\/01\/nova-especie-de-planta-descoberta-na-amazonia-ja-esta-ameacada-de-extincao\/","name":"Nova esp\u00e9cie de planta descoberta na Amaz\u00f4nia j\u00e1 est\u00e1 amea\u00e7ada de extin\u00e7\u00e3o - Jornal Fatos e Not\u00edcias","isPartOf":{"@id":"https:\/\/jornalfatosenoticias.com.br\/#website"},"primaryImageOfPage":{"@id":"https:\/\/jornalfatosenoticias.com.br\/index.php\/2022\/07\/01\/nova-especie-de-planta-descoberta-na-amazonia-ja-esta-ameacada-de-extincao\/#primaryimage"},"image":{"@id":"https:\/\/jornalfatosenoticias.com.br\/index.php\/2022\/07\/01\/nova-especie-de-planta-descoberta-na-amazonia-ja-esta-ameacada-de-extincao\/#primaryimage"},"thumbnailUrl":"https:\/\/jornalfatosenoticias.com.br\/wp-content\/uploads\/2022\/07\/Nova-especie-de-planta-descoberta-na-Amazonia.jpg","datePublished":"2022-07-01T16:38:53+00:00","dateModified":"2022-07-01T16:38:57+00:00","breadcrumb":{"@id":"https:\/\/jornalfatosenoticias.com.br\/index.php\/2022\/07\/01\/nova-especie-de-planta-descoberta-na-amazonia-ja-esta-ameacada-de-extincao\/#breadcrumb"},"inLanguage":"pt-BR","potentialAction":[{"@type":"ReadAction","target":["https:\/\/jornalfatosenoticias.com.br\/index.php\/2022\/07\/01\/nova-especie-de-planta-descoberta-na-amazonia-ja-esta-ameacada-de-extincao\/"]}]},{"@type":"ImageObject","inLanguage":"pt-BR","@id":"https:\/\/jornalfatosenoticias.com.br\/index.php\/2022\/07\/01\/nova-especie-de-planta-descoberta-na-amazonia-ja-esta-ameacada-de-extincao\/#primaryimage","url":"https:\/\/jornalfatosenoticias.com.br\/wp-content\/uploads\/2022\/07\/Nova-especie-de-planta-descoberta-na-Amazonia.jpg","contentUrl":"https:\/\/jornalfatosenoticias.com.br\/wp-content\/uploads\/2022\/07\/Nova-especie-de-planta-descoberta-na-Amazonia.jpg","width":1000,"height":562},{"@type":"BreadcrumbList","@id":"https:\/\/jornalfatosenoticias.com.br\/index.php\/2022\/07\/01\/nova-especie-de-planta-descoberta-na-amazonia-ja-esta-ameacada-de-extincao\/#breadcrumb","itemListElement":[{"@type":"ListItem","position":1,"name":"In\u00edcio","item":"https:\/\/jornalfatosenoticias.com.br\/"},{"@type":"ListItem","position":2,"name":"Nova esp\u00e9cie de planta descoberta na Amaz\u00f4nia j\u00e1 est\u00e1 amea\u00e7ada de extin\u00e7\u00e3o"}]},{"@type":"WebSite","@id":"https:\/\/jornalfatosenoticias.com.br\/#website","url":"https:\/\/jornalfatosenoticias.com.br\/","name":"Jornal Fatos e Not\u00edcias","description":"Not\u00edcias em geral","publisher":{"@id":"https:\/\/jornalfatosenoticias.com.br\/#organization"},"potentialAction":[{"@type":"SearchAction","target":{"@type":"EntryPoint","urlTemplate":"https:\/\/jornalfatosenoticias.com.br\/?s={search_term_string}"},"query-input":{"@type":"PropertyValueSpecification","valueRequired":true,"valueName":"search_term_string"}}],"inLanguage":"pt-BR"},{"@type":"Organization","@id":"https:\/\/jornalfatosenoticias.com.br\/#organization","name":"Jornal Fatos e Not\u00edcias","url":"https:\/\/jornalfatosenoticias.com.br\/","logo":{"@type":"ImageObject","inLanguage":"pt-BR","@id":"https:\/\/jornalfatosenoticias.com.br\/#\/schema\/logo\/image\/","url":"https:\/\/jornalfatosenoticias.com.br\/wp-content\/uploads\/2020\/02\/logo120.png","contentUrl":"https:\/\/jornalfatosenoticias.com.br\/wp-content\/uploads\/2020\/02\/logo120.png","width":1227,"height":120,"caption":"Jornal Fatos e Not\u00edcias"},"image":{"@id":"https:\/\/jornalfatosenoticias.com.br\/#\/schema\/logo\/image\/"}},{"@type":"Person","@id":"https:\/\/jornalfatosenoticias.com.br\/#\/schema\/person\/d63837fa13ac8666eb9e74e0985d6f81","name":"Luzimara Fernandes","image":{"@type":"ImageObject","inLanguage":"pt-BR","@id":"https:\/\/jornalfatosenoticias.com.br\/#\/schema\/person\/image\/","url":"https:\/\/jornalfatosenoticias.com.br\/wp-content\/uploads\/2025\/05\/EU_portal.jpg","contentUrl":"https:\/\/jornalfatosenoticias.com.br\/wp-content\/uploads\/2025\/05\/EU_portal.jpg","caption":"Luzimara Fernandes"},"description":"Jornalista MTB 2358-ES","sameAs":["https:\/\/jornalfatosenoticias.com.br"],"url":"https:\/\/jornalfatosenoticias.com.br\/index.php\/author\/luzimara\/"}]}},"cc_featured_image_caption":{"caption_text":"(Foto: Divulga\u00e7\u00e3o\/Pesquisadores) ","source_text":"","source_url":""},"jetpack_featured_media_url":"https:\/\/jornalfatosenoticias.com.br\/wp-content\/uploads\/2022\/07\/Nova-especie-de-planta-descoberta-na-Amazonia.jpg","_links":{"self":[{"href":"https:\/\/jornalfatosenoticias.com.br\/index.php\/wp-json\/wp\/v2\/posts\/31924","targetHints":{"allow":["GET"]}}],"collection":[{"href":"https:\/\/jornalfatosenoticias.com.br\/index.php\/wp-json\/wp\/v2\/posts"}],"about":[{"href":"https:\/\/jornalfatosenoticias.com.br\/index.php\/wp-json\/wp\/v2\/types\/post"}],"author":[{"embeddable":true,"href":"https:\/\/jornalfatosenoticias.com.br\/index.php\/wp-json\/wp\/v2\/users\/2"}],"replies":[{"embeddable":true,"href":"https:\/\/jornalfatosenoticias.com.br\/index.php\/wp-json\/wp\/v2\/comments?post=31924"}],"version-history":[{"count":0,"href":"https:\/\/jornalfatosenoticias.com.br\/index.php\/wp-json\/wp\/v2\/posts\/31924\/revisions"}],"wp:featuredmedia":[{"embeddable":true,"href":"https:\/\/jornalfatosenoticias.com.br\/index.php\/wp-json\/wp\/v2\/media\/31925"}],"wp:attachment":[{"href":"https:\/\/jornalfatosenoticias.com.br\/index.php\/wp-json\/wp\/v2\/media?parent=31924"}],"wp:term":[{"taxonomy":"category","embeddable":true,"href":"https:\/\/jornalfatosenoticias.com.br\/index.php\/wp-json\/wp\/v2\/categories?post=31924"},{"taxonomy":"post_tag","embeddable":true,"href":"https:\/\/jornalfatosenoticias.com.br\/index.php\/wp-json\/wp\/v2\/tags?post=31924"}],"curies":[{"name":"wp","href":"https:\/\/api.w.org\/{rel}","templated":true}]}}