{"id":31927,"date":"2022-07-01T13:56:22","date_gmt":"2022-07-01T16:56:22","guid":{"rendered":"https:\/\/jornalfatosenoticias.com.br\/?p=31927"},"modified":"2022-07-01T13:56:25","modified_gmt":"2022-07-01T16:56:25","slug":"projeto-vai-levar-agua-para-120-familias-do-semiarido-baiano","status":"publish","type":"post","link":"https:\/\/jornalfatosenoticias.com.br\/index.php\/2022\/07\/01\/projeto-vai-levar-agua-para-120-familias-do-semiarido-baiano\/","title":{"rendered":"Projeto vai levar \u00e1gua para 120 fam\u00edlias do semi\u00e1rido baiano"},"content":{"rendered":"\n<p><em><span class=\"has-inline-color has-black-color\">Comunidades rurais em Juazeiro e Campo Formoso ser\u00e3o beneficiadas com cisternas, sistemas de bio\u00e1gua e fossas s\u00e9pticas<\/span><\/em><\/p>\n\n\n\n<div class=\"wp-block-image\"><figure class=\"aligncenter size-large is-resized\"><img loading=\"lazy\" decoding=\"async\" src=\"https:\/\/jornalfatosenoticias.com.br\/wp-content\/uploads\/2022\/05\/NOVA-LOGO-CESCONETTO-1024x100.jpg\" alt=\"\" class=\"wp-image-30792\" width=\"541\" height=\"52\" srcset=\"https:\/\/jornalfatosenoticias.com.br\/wp-content\/uploads\/2022\/05\/NOVA-LOGO-CESCONETTO-1024x100.jpg 1024w, https:\/\/jornalfatosenoticias.com.br\/wp-content\/uploads\/2022\/05\/NOVA-LOGO-CESCONETTO-300x29.jpg 300w, https:\/\/jornalfatosenoticias.com.br\/wp-content\/uploads\/2022\/05\/NOVA-LOGO-CESCONETTO-768x75.jpg 768w, https:\/\/jornalfatosenoticias.com.br\/wp-content\/uploads\/2022\/05\/NOVA-LOGO-CESCONETTO.jpg 1280w\" sizes=\"auto, (max-width: 541px) 100vw, 541px\" \/><\/figure><\/div>\n\n\n\n<p>Comunidades rurais localizadas no entorno do Parque e\u00f3lico Delfina ser\u00e3o beneficiadas com a instala\u00e7\u00e3o de tecnologias sociais para melhorar a qualidade de acesso e uso da \u00e1gua por 120 fam\u00edlias. Com o projeto Semi\u00e1rido Sustent\u00e1vel \u2014 Desenvolvimento do Salitre, fam\u00edlias de nove comunidades das cidades de Juazeiro e Campo Formoso v\u00e3o receber <a href=\"https:\/\/ciclovivo.com.br\/inovacao\/inspiracao\/projeto-instala-mini-cisternas-em-comunidades-de-sp\/\">cisternas para armazenamento de \u00e1gua pot\u00e1vel<\/a>, fossas s\u00e9pticas ecol\u00f3gicas e sistemas para reaproveitamento de \u00e1gua cinza.<br>A iniciativa vai possibilitar reaplica\u00e7\u00e3o de Tecnologias Sociais certificadas pela Funda\u00e7\u00e3o BB para a estocagem de \u00e1gua da chuva para consumo humano, especialmente beber e cozinhar, limpeza das casas, produ\u00e7\u00e3o de alimentos ou cria\u00e7\u00e3o de animais para o autoconsumo, al\u00e9m de comercializa\u00e7\u00e3o em pequena escala.<\/p>\n\n\n\n<div class=\"wp-block-image\"><figure class=\"aligncenter size-large is-resized\"><img loading=\"lazy\" decoding=\"async\" src=\"https:\/\/jornalfatosenoticias.com.br\/wp-content\/uploads\/2022\/02\/Arte-Autoescola-Galatas_endereco_portal-1024x103.png\" alt=\"\" class=\"wp-image-27869\" width=\"520\" height=\"52\" srcset=\"https:\/\/jornalfatosenoticias.com.br\/wp-content\/uploads\/2022\/02\/Arte-Autoescola-Galatas_endereco_portal-1024x103.png 1024w, https:\/\/jornalfatosenoticias.com.br\/wp-content\/uploads\/2022\/02\/Arte-Autoescola-Galatas_endereco_portal-300x30.png 300w, https:\/\/jornalfatosenoticias.com.br\/wp-content\/uploads\/2022\/02\/Arte-Autoescola-Galatas_endereco_portal-768x77.png 768w, https:\/\/jornalfatosenoticias.com.br\/wp-content\/uploads\/2022\/02\/Arte-Autoescola-Galatas_endereco_portal.png 1223w\" sizes=\"auto, (max-width: 520px) 100vw, 520px\" \/><\/figure><\/div>\n\n\n\n<figure class=\"wp-block-image size-large\"><img loading=\"lazy\" decoding=\"async\" width=\"1000\" height=\"778\" src=\"https:\/\/jornalfatosenoticias.com.br\/wp-content\/uploads\/2022\/07\/cisternas-semi-arido-2.jpeg\" alt=\"\" class=\"wp-image-31928\" srcset=\"https:\/\/jornalfatosenoticias.com.br\/wp-content\/uploads\/2022\/07\/cisternas-semi-arido-2.jpeg 1000w, https:\/\/jornalfatosenoticias.com.br\/wp-content\/uploads\/2022\/07\/cisternas-semi-arido-2-300x233.jpeg 300w, https:\/\/jornalfatosenoticias.com.br\/wp-content\/uploads\/2022\/07\/cisternas-semi-arido-2-768x598.jpeg 768w\" sizes=\"auto, (max-width: 1000px) 100vw, 1000px\" \/><figcaption><em><span class=\"has-inline-color has-black-color\">(Foto: Divulga\u00e7\u00e3o\/AVSI Brasil)<\/span><\/em><\/figcaption><\/figure>\n\n\n\n<div class=\"wp-block-image\"><figure class=\"alignright size-large is-resized\"><img loading=\"lazy\" decoding=\"async\" src=\"https:\/\/jornalfatosenoticias.com.br\/wp-content\/uploads\/2020\/02\/nova-logo-Marquetti.jpg\" alt=\"\" class=\"wp-image-22331\" width=\"295\" height=\"198\" srcset=\"https:\/\/jornalfatosenoticias.com.br\/wp-content\/uploads\/2020\/02\/nova-logo-Marquetti.jpg 643w, https:\/\/jornalfatosenoticias.com.br\/wp-content\/uploads\/2020\/02\/nova-logo-Marquetti-300x202.jpg 300w\" sizes=\"auto, (max-width: 295px) 100vw, 295px\" \/><\/figure><\/div>\n\n\n\n<p>Al\u00e9m das 55 cisternas com capacidade de 16 mil litros cada, ser\u00e3o constru\u00eddas 25 fossas s\u00e9pticas ecol\u00f3gicas para a melhoria do saneamento b\u00e1sico na \u00e1rea rural e implementados 60 sistemas de Bio\u00e1gua para o reuso de \u00e1guas cinzas (chuveiros e pias) que, ap\u00f3s processo de filtragem, podem ser utilizadas para irrigar alimentos como tub\u00e9rculos, frut\u00edferas e forrageiras.<br>Dessa forma, fecha-se um ciclo de <a href=\"https:\/\/ciclovivo.com.br\/mao-na-massa\/horta\/cisternas-e-reutilizacao-de-agua-da-chuva-mais-simples-do-que-parece\/\">capta\u00e7\u00e3o<\/a>, limpeza e reutiliza\u00e7\u00e3o da \u00e1gua para melhoria na qualidade alimentar e de vida. Entre os locais escolhidos para receber os sistemas de bio\u00e1gua, est\u00e3o cinco escolas p\u00fablicas na regi\u00e3o, onde estudam250 alunos, do ensino fundamental ao m\u00e9dio.<br>A iniciativa \u00e9 uma parceria entre a Enel Green Power Brasil e a Funda\u00e7\u00e3o Banco do Brasil e prev\u00ea ainda a capacita\u00e7\u00e3o de um representante de cada fam\u00edlia beneficiada para que os moradores se empoderem sobre o <a href=\"https:\/\/ciclovivo.com.br\/arq-urb\/design\/estrutura-coleta-e-armazena-agua-da-chuva-para-consumo-seguro\/\">uso\u00a0das tecnologias<\/a> sociais e saibam como manter, limpar e obter o melhor uso poss\u00edvel das cisternas e da solu\u00e7\u00e3o de reaproveitamento da \u00e1gua cinza.<\/p>\n\n\n\n<div class=\"wp-block-image\"><figure class=\"aligncenter size-large is-resized\"><img loading=\"lazy\" decoding=\"async\" src=\"https:\/\/jornalfatosenoticias.com.br\/wp-content\/uploads\/2022\/02\/Serra-Pack-459.png\" alt=\"\" class=\"wp-image-27471\" width=\"363\" height=\"145\"\/><\/figure><\/div>\n\n\n\n<blockquote class=\"wp-block-quote is-layout-flow wp-block-quote-is-layout-flow\"><p><span class=\"has-inline-color has-luminous-vivid-orange-color\">\u201cAs tecnologias sociais aplicadas no projeto levar\u00e3o \u00e1gua e melhoria da qualidade de vida das fam\u00edlias beneficiadas. Esta parceria entre Funda\u00e7\u00e3o BB e Enel vai contribuir para o desenvolvimento sustent\u00e1vel da regi\u00e3o e transformar a realidade destas comunidades\u201d, explica Rog\u00e9rio Biruel, diretor de Desenvolvimento Social da Funda\u00e7\u00e3o Banco do Brasil.<\/span><\/p><\/blockquote>\n\n\n\n<div class=\"wp-block-image\"><figure class=\"alignleft size-large\"><img decoding=\"async\" src=\"https:\/\/jornalfatosenoticias.com.br\/wp-content\/uploads\/2020\/02\/logo_esteio.jpg\" alt=\"\" class=\"wp-image-1214\"\/><\/figure><\/div>\n\n\n\n<p><strong><span class=\"has-inline-color has-vivid-green-cyan-color\">Acesso \u00e0 \u00e1gua<br><\/span><\/strong>Apesar de ser caracterizada por longos per\u00edodos secos, a regi\u00e3o registra em m\u00e9dia 500 mm de chuva por ano, o que garante a capta\u00e7\u00e3o da \u00e1gua e sua disponibilidade para os reservat\u00f3rios. A <a href=\"https:\/\/ciclovivo.com.br\/planeta\/desenvolvimento\/brasil-esta-longe-de-cumprir-metas-de-saneamento\/\">falta de \u00e1gua pot\u00e1vel<\/a> atinge 35 milh\u00f5es de pessoas no Brasil e causa doen\u00e7as como c\u00f3lera, disenteria, febre, entre outras.<br>Para D\u00e9bora Pinho, respons\u00e1vel pela \u00e1rea de Projetos de Sustentabilidade em Gera\u00e7\u00e3o e Transmiss\u00e3o da Enel, as tecnologias sociais aplicadas s\u00e3o solu\u00e7\u00f5es simples que podem contribuir para minimizar esse acesso prec\u00e1rio ou inexistente \u00e0 \u00e1gua pot\u00e1vel e a qualidade do saneamento nas comunidades.<\/p>\n\n\n\n<div class=\"wp-block-image\"><figure class=\"aligncenter size-large is-resized\"><img loading=\"lazy\" decoding=\"async\" src=\"https:\/\/jornalfatosenoticias.com.br\/wp-content\/uploads\/2022\/03\/logo-Suinco-1024x390.jpg\" alt=\"\" class=\"wp-image-28785\" width=\"417\" height=\"158\"\/><\/figure><\/div>\n\n\n\n<blockquote class=\"wp-block-quote is-layout-flow wp-block-quote-is-layout-flow\"><p><span class=\"has-inline-color has-luminous-vivid-orange-color\">\u201cA iniciativa assegura a disponibilidade \u00e0 \u00e1gua limpa \u2014 um direito humano essencial, para fam\u00edlias de comunidades pr\u00f3ximas ao parque e\u00f3lico Delfina e reafirma a atua\u00e7\u00e3o da Enel como empresa que cria valor para os territ\u00f3rios onde est\u00e1 presente\u201d, afirma D\u00e9bora.<\/span><\/p><\/blockquote>\n\n\n\n<div class=\"wp-block-image\"><figure class=\"aligncenter size-large is-resized\"><img loading=\"lazy\" decoding=\"async\" src=\"https:\/\/jornalfatosenoticias.com.br\/wp-content\/uploads\/2020\/02\/banner_ferramentas-1024x100.jpg\" alt=\"\" class=\"wp-image-1258\" width=\"529\" height=\"51\" srcset=\"https:\/\/jornalfatosenoticias.com.br\/wp-content\/uploads\/2020\/02\/banner_ferramentas-1024x100.jpg 1024w, https:\/\/jornalfatosenoticias.com.br\/wp-content\/uploads\/2020\/02\/banner_ferramentas-300x29.jpg 300w, https:\/\/jornalfatosenoticias.com.br\/wp-content\/uploads\/2020\/02\/banner_ferramentas-768x75.jpg 768w, https:\/\/jornalfatosenoticias.com.br\/wp-content\/uploads\/2020\/02\/banner_ferramentas.jpg 1227w\" sizes=\"auto, (max-width: 529px) 100vw, 529px\" \/><\/figure><\/div>\n\n\n\n<figure class=\"wp-block-image size-large\"><img loading=\"lazy\" decoding=\"async\" width=\"1000\" height=\"711\" src=\"https:\/\/jornalfatosenoticias.com.br\/wp-content\/uploads\/2022\/07\/cisternas-semi-arido-3.jpeg\" alt=\"\" class=\"wp-image-31929\" srcset=\"https:\/\/jornalfatosenoticias.com.br\/wp-content\/uploads\/2022\/07\/cisternas-semi-arido-3.jpeg 1000w, https:\/\/jornalfatosenoticias.com.br\/wp-content\/uploads\/2022\/07\/cisternas-semi-arido-3-300x213.jpeg 300w, https:\/\/jornalfatosenoticias.com.br\/wp-content\/uploads\/2022\/07\/cisternas-semi-arido-3-768x546.jpeg 768w\" sizes=\"auto, (max-width: 1000px) 100vw, 1000px\" \/><figcaption><em><span class=\"has-inline-color has-black-color\">(Foto: Divulga\u00e7\u00e3o\/AVSI Brasil)<\/span><\/em><\/figcaption><\/figure>\n\n\n\n<div class=\"wp-block-image\"><figure class=\"aligncenter size-large is-resized\"><img loading=\"lazy\" decoding=\"async\" src=\"https:\/\/jornalfatosenoticias.com.br\/wp-content\/uploads\/2020\/02\/Serra-Grande-1024x160.png\" alt=\"\" class=\"wp-image-7836\" width=\"433\" height=\"67\"\/><\/figure><\/div>\n\n\n\n<p><strong><span class=\"has-inline-color has-vivid-green-cyan-color\">Manejo sustent\u00e1vel da terra e das \u00e1guas<br><\/span><\/strong>O escopo do projeto realizado pela EGP e pela Funda\u00e7\u00e3o Banco do Brasil ser\u00e1 executado pela organiza\u00e7\u00e3o brasileira sem fins lucrativos AVSI Brasil. A partir da implementa\u00e7\u00e3o do projeto, tamb\u00e9m ser\u00e1 realizado durante um ano o monitoramento das etapas de plantio, manejo e colheita em tr\u00eas unidades micro produtivas agropecu\u00e1rias da regi\u00e3o, com orienta\u00e7\u00e3o para que as fam\u00edlias fa\u00e7am uso adequado do solo e das \u00e1guas.<\/p>\n\n\n\n<p><strong><em>Fonte: <a href=\"https:\/\/ciclovivo.com.br\/planeta\/desenvolvimento\/projeto-vai-levar-agua-para-120-familias-do-semiarido-baiano\/\">CicloVivo<\/a><\/em><\/strong><\/p>\n","protected":false},"excerpt":{"rendered":"<p>Comunidades rurais em Juazeiro e Campo Formoso ser\u00e3o beneficiadas com cisternas, sistemas de bio\u00e1gua e fossas s\u00e9pticas Comunidades rurais localizadas no entorno do Parque e\u00f3lico Delfina ser\u00e3o beneficiadas com a instala\u00e7\u00e3o de tecnologias sociais para melhorar a qualidade de acesso e uso da \u00e1gua por 120 fam\u00edlias. Com o projeto Semi\u00e1rido Sustent\u00e1vel \u2014 Desenvolvimento do [&hellip;]<\/p>\n","protected":false},"author":2,"featured_media":31930,"comment_status":"open","ping_status":"open","sticky":false,"template":"","format":"standard","meta":{"footnotes":""},"categories":[5],"tags":[15103,13193,15105,896,15104],"class_list":["post-31927","post","type-post","status-publish","format-standard","has-post-thumbnail","hentry","category-geral","tag-bioagua","tag-cisternas","tag-fossas-septicas","tag-semiarido","tag-sistemas-de-bioagua"],"yoast_head":"<!-- This site is optimized with the Yoast SEO plugin v26.5 - https:\/\/yoast.com\/wordpress\/plugins\/seo\/ -->\n<title>Projeto vai levar \u00e1gua para 120 fam\u00edlias do semi\u00e1rido baiano - Jornal Fatos e Not\u00edcias<\/title>\n<meta name=\"robots\" content=\"index, follow, max-snippet:-1, max-image-preview:large, max-video-preview:-1\" \/>\n<link rel=\"canonical\" href=\"https:\/\/jornalfatosenoticias.com.br\/index.php\/2022\/07\/01\/projeto-vai-levar-agua-para-120-familias-do-semiarido-baiano\/\" \/>\n<meta property=\"og:locale\" content=\"pt_BR\" \/>\n<meta property=\"og:type\" content=\"article\" \/>\n<meta property=\"og:title\" content=\"Projeto vai levar \u00e1gua para 120 fam\u00edlias do semi\u00e1rido baiano - Jornal Fatos e Not\u00edcias\" \/>\n<meta property=\"og:description\" content=\"Comunidades rurais em Juazeiro e Campo Formoso ser\u00e3o beneficiadas com cisternas, sistemas de bio\u00e1gua e fossas s\u00e9pticas Comunidades rurais localizadas no entorno do Parque e\u00f3lico Delfina ser\u00e3o beneficiadas com a instala\u00e7\u00e3o de tecnologias sociais para melhorar a qualidade de acesso e uso da \u00e1gua por 120 fam\u00edlias. Com o projeto Semi\u00e1rido Sustent\u00e1vel \u2014 Desenvolvimento do [&hellip;]\" \/>\n<meta property=\"og:url\" content=\"https:\/\/jornalfatosenoticias.com.br\/index.php\/2022\/07\/01\/projeto-vai-levar-agua-para-120-familias-do-semiarido-baiano\/\" \/>\n<meta property=\"og:site_name\" content=\"Jornal Fatos e Not\u00edcias\" \/>\n<meta property=\"article:published_time\" content=\"2022-07-01T16:56:22+00:00\" \/>\n<meta property=\"article:modified_time\" content=\"2022-07-01T16:56:25+00:00\" \/>\n<meta property=\"og:image\" content=\"https:\/\/jornalfatosenoticias.com.br\/wp-content\/uploads\/2022\/07\/cisterna-semi-arido-1.jpeg\" \/>\n\t<meta property=\"og:image:width\" content=\"1000\" \/>\n\t<meta property=\"og:image:height\" content=\"665\" \/>\n\t<meta property=\"og:image:type\" content=\"image\/jpeg\" \/>\n<meta name=\"author\" content=\"Luzimara Fernandes\" \/>\n<meta name=\"twitter:card\" content=\"summary_large_image\" \/>\n<meta name=\"twitter:label1\" content=\"Escrito por\" \/>\n\t<meta name=\"twitter:data1\" content=\"Luzimara Fernandes\" \/>\n\t<meta name=\"twitter:label2\" content=\"Est. tempo de leitura\" \/>\n\t<meta name=\"twitter:data2\" content=\"3 minutos\" \/>\n<script type=\"application\/ld+json\" class=\"yoast-schema-graph\">{\"@context\":\"https:\/\/schema.org\",\"@graph\":[{\"@type\":\"Article\",\"@id\":\"https:\/\/jornalfatosenoticias.com.br\/index.php\/2022\/07\/01\/projeto-vai-levar-agua-para-120-familias-do-semiarido-baiano\/#article\",\"isPartOf\":{\"@id\":\"https:\/\/jornalfatosenoticias.com.br\/index.php\/2022\/07\/01\/projeto-vai-levar-agua-para-120-familias-do-semiarido-baiano\/\"},\"author\":{\"name\":\"Luzimara Fernandes\",\"@id\":\"https:\/\/jornalfatosenoticias.com.br\/#\/schema\/person\/d63837fa13ac8666eb9e74e0985d6f81\"},\"headline\":\"Projeto vai levar \u00e1gua para 120 fam\u00edlias do semi\u00e1rido baiano\",\"datePublished\":\"2022-07-01T16:56:22+00:00\",\"dateModified\":\"2022-07-01T16:56:25+00:00\",\"mainEntityOfPage\":{\"@id\":\"https:\/\/jornalfatosenoticias.com.br\/index.php\/2022\/07\/01\/projeto-vai-levar-agua-para-120-familias-do-semiarido-baiano\/\"},\"wordCount\":649,\"commentCount\":0,\"publisher\":{\"@id\":\"https:\/\/jornalfatosenoticias.com.br\/#organization\"},\"image\":{\"@id\":\"https:\/\/jornalfatosenoticias.com.br\/index.php\/2022\/07\/01\/projeto-vai-levar-agua-para-120-familias-do-semiarido-baiano\/#primaryimage\"},\"thumbnailUrl\":\"https:\/\/jornalfatosenoticias.com.br\/wp-content\/uploads\/2022\/07\/cisterna-semi-arido-1.jpeg\",\"keywords\":[\"bio\u00e1gua\",\"cisternas\",\"fossas s\u00e9pticas\",\"semi\u00e1rido\",\"sistemas de bio\u00e1gua\"],\"articleSection\":[\"Geral\"],\"inLanguage\":\"pt-BR\",\"potentialAction\":[{\"@type\":\"CommentAction\",\"name\":\"Comment\",\"target\":[\"https:\/\/jornalfatosenoticias.com.br\/index.php\/2022\/07\/01\/projeto-vai-levar-agua-para-120-familias-do-semiarido-baiano\/#respond\"]}]},{\"@type\":\"WebPage\",\"@id\":\"https:\/\/jornalfatosenoticias.com.br\/index.php\/2022\/07\/01\/projeto-vai-levar-agua-para-120-familias-do-semiarido-baiano\/\",\"url\":\"https:\/\/jornalfatosenoticias.com.br\/index.php\/2022\/07\/01\/projeto-vai-levar-agua-para-120-familias-do-semiarido-baiano\/\",\"name\":\"Projeto vai levar \u00e1gua para 120 fam\u00edlias do semi\u00e1rido baiano - Jornal Fatos e Not\u00edcias\",\"isPartOf\":{\"@id\":\"https:\/\/jornalfatosenoticias.com.br\/#website\"},\"primaryImageOfPage\":{\"@id\":\"https:\/\/jornalfatosenoticias.com.br\/index.php\/2022\/07\/01\/projeto-vai-levar-agua-para-120-familias-do-semiarido-baiano\/#primaryimage\"},\"image\":{\"@id\":\"https:\/\/jornalfatosenoticias.com.br\/index.php\/2022\/07\/01\/projeto-vai-levar-agua-para-120-familias-do-semiarido-baiano\/#primaryimage\"},\"thumbnailUrl\":\"https:\/\/jornalfatosenoticias.com.br\/wp-content\/uploads\/2022\/07\/cisterna-semi-arido-1.jpeg\",\"datePublished\":\"2022-07-01T16:56:22+00:00\",\"dateModified\":\"2022-07-01T16:56:25+00:00\",\"breadcrumb\":{\"@id\":\"https:\/\/jornalfatosenoticias.com.br\/index.php\/2022\/07\/01\/projeto-vai-levar-agua-para-120-familias-do-semiarido-baiano\/#breadcrumb\"},\"inLanguage\":\"pt-BR\",\"potentialAction\":[{\"@type\":\"ReadAction\",\"target\":[\"https:\/\/jornalfatosenoticias.com.br\/index.php\/2022\/07\/01\/projeto-vai-levar-agua-para-120-familias-do-semiarido-baiano\/\"]}]},{\"@type\":\"ImageObject\",\"inLanguage\":\"pt-BR\",\"@id\":\"https:\/\/jornalfatosenoticias.com.br\/index.php\/2022\/07\/01\/projeto-vai-levar-agua-para-120-familias-do-semiarido-baiano\/#primaryimage\",\"url\":\"https:\/\/jornalfatosenoticias.com.br\/wp-content\/uploads\/2022\/07\/cisterna-semi-arido-1.jpeg\",\"contentUrl\":\"https:\/\/jornalfatosenoticias.com.br\/wp-content\/uploads\/2022\/07\/cisterna-semi-arido-1.jpeg\",\"width\":1000,\"height\":665},{\"@type\":\"BreadcrumbList\",\"@id\":\"https:\/\/jornalfatosenoticias.com.br\/index.php\/2022\/07\/01\/projeto-vai-levar-agua-para-120-familias-do-semiarido-baiano\/#breadcrumb\",\"itemListElement\":[{\"@type\":\"ListItem\",\"position\":1,\"name\":\"In\u00edcio\",\"item\":\"https:\/\/jornalfatosenoticias.com.br\/\"},{\"@type\":\"ListItem\",\"position\":2,\"name\":\"Projeto vai levar \u00e1gua para 120 fam\u00edlias do semi\u00e1rido baiano\"}]},{\"@type\":\"WebSite\",\"@id\":\"https:\/\/jornalfatosenoticias.com.br\/#website\",\"url\":\"https:\/\/jornalfatosenoticias.com.br\/\",\"name\":\"Jornal Fatos e Not\u00edcias\",\"description\":\"Not\u00edcias em geral\",\"publisher\":{\"@id\":\"https:\/\/jornalfatosenoticias.com.br\/#organization\"},\"potentialAction\":[{\"@type\":\"SearchAction\",\"target\":{\"@type\":\"EntryPoint\",\"urlTemplate\":\"https:\/\/jornalfatosenoticias.com.br\/?s={search_term_string}\"},\"query-input\":{\"@type\":\"PropertyValueSpecification\",\"valueRequired\":true,\"valueName\":\"search_term_string\"}}],\"inLanguage\":\"pt-BR\"},{\"@type\":\"Organization\",\"@id\":\"https:\/\/jornalfatosenoticias.com.br\/#organization\",\"name\":\"Jornal Fatos e Not\u00edcias\",\"url\":\"https:\/\/jornalfatosenoticias.com.br\/\",\"logo\":{\"@type\":\"ImageObject\",\"inLanguage\":\"pt-BR\",\"@id\":\"https:\/\/jornalfatosenoticias.com.br\/#\/schema\/logo\/image\/\",\"url\":\"https:\/\/jornalfatosenoticias.com.br\/wp-content\/uploads\/2020\/02\/logo120.png\",\"contentUrl\":\"https:\/\/jornalfatosenoticias.com.br\/wp-content\/uploads\/2020\/02\/logo120.png\",\"width\":1227,\"height\":120,\"caption\":\"Jornal Fatos e Not\u00edcias\"},\"image\":{\"@id\":\"https:\/\/jornalfatosenoticias.com.br\/#\/schema\/logo\/image\/\"}},{\"@type\":\"Person\",\"@id\":\"https:\/\/jornalfatosenoticias.com.br\/#\/schema\/person\/d63837fa13ac8666eb9e74e0985d6f81\",\"name\":\"Luzimara Fernandes\",\"image\":{\"@type\":\"ImageObject\",\"inLanguage\":\"pt-BR\",\"@id\":\"https:\/\/jornalfatosenoticias.com.br\/#\/schema\/person\/image\/\",\"url\":\"https:\/\/jornalfatosenoticias.com.br\/wp-content\/uploads\/2025\/05\/EU_portal.jpg\",\"contentUrl\":\"https:\/\/jornalfatosenoticias.com.br\/wp-content\/uploads\/2025\/05\/EU_portal.jpg\",\"caption\":\"Luzimara Fernandes\"},\"description\":\"Jornalista MTB 2358-ES\",\"sameAs\":[\"https:\/\/jornalfatosenoticias.com.br\"],\"url\":\"https:\/\/jornalfatosenoticias.com.br\/index.php\/author\/luzimara\/\"}]}<\/script>\n<!-- \/ Yoast SEO plugin. -->","yoast_head_json":{"title":"Projeto vai levar \u00e1gua para 120 fam\u00edlias do semi\u00e1rido baiano - Jornal Fatos e Not\u00edcias","robots":{"index":"index","follow":"follow","max-snippet":"max-snippet:-1","max-image-preview":"max-image-preview:large","max-video-preview":"max-video-preview:-1"},"canonical":"https:\/\/jornalfatosenoticias.com.br\/index.php\/2022\/07\/01\/projeto-vai-levar-agua-para-120-familias-do-semiarido-baiano\/","og_locale":"pt_BR","og_type":"article","og_title":"Projeto vai levar \u00e1gua para 120 fam\u00edlias do semi\u00e1rido baiano - Jornal Fatos e Not\u00edcias","og_description":"Comunidades rurais em Juazeiro e Campo Formoso ser\u00e3o beneficiadas com cisternas, sistemas de bio\u00e1gua e fossas s\u00e9pticas Comunidades rurais localizadas no entorno do Parque e\u00f3lico Delfina ser\u00e3o beneficiadas com a instala\u00e7\u00e3o de tecnologias sociais para melhorar a qualidade de acesso e uso da \u00e1gua por 120 fam\u00edlias. Com o projeto Semi\u00e1rido Sustent\u00e1vel \u2014 Desenvolvimento do [&hellip;]","og_url":"https:\/\/jornalfatosenoticias.com.br\/index.php\/2022\/07\/01\/projeto-vai-levar-agua-para-120-familias-do-semiarido-baiano\/","og_site_name":"Jornal Fatos e Not\u00edcias","article_published_time":"2022-07-01T16:56:22+00:00","article_modified_time":"2022-07-01T16:56:25+00:00","og_image":[{"width":1000,"height":665,"url":"https:\/\/jornalfatosenoticias.com.br\/wp-content\/uploads\/2022\/07\/cisterna-semi-arido-1.jpeg","type":"image\/jpeg"}],"author":"Luzimara Fernandes","twitter_card":"summary_large_image","twitter_misc":{"Escrito por":"Luzimara Fernandes","Est. tempo de leitura":"3 minutos"},"schema":{"@context":"https:\/\/schema.org","@graph":[{"@type":"Article","@id":"https:\/\/jornalfatosenoticias.com.br\/index.php\/2022\/07\/01\/projeto-vai-levar-agua-para-120-familias-do-semiarido-baiano\/#article","isPartOf":{"@id":"https:\/\/jornalfatosenoticias.com.br\/index.php\/2022\/07\/01\/projeto-vai-levar-agua-para-120-familias-do-semiarido-baiano\/"},"author":{"name":"Luzimara Fernandes","@id":"https:\/\/jornalfatosenoticias.com.br\/#\/schema\/person\/d63837fa13ac8666eb9e74e0985d6f81"},"headline":"Projeto vai levar \u00e1gua para 120 fam\u00edlias do semi\u00e1rido baiano","datePublished":"2022-07-01T16:56:22+00:00","dateModified":"2022-07-01T16:56:25+00:00","mainEntityOfPage":{"@id":"https:\/\/jornalfatosenoticias.com.br\/index.php\/2022\/07\/01\/projeto-vai-levar-agua-para-120-familias-do-semiarido-baiano\/"},"wordCount":649,"commentCount":0,"publisher":{"@id":"https:\/\/jornalfatosenoticias.com.br\/#organization"},"image":{"@id":"https:\/\/jornalfatosenoticias.com.br\/index.php\/2022\/07\/01\/projeto-vai-levar-agua-para-120-familias-do-semiarido-baiano\/#primaryimage"},"thumbnailUrl":"https:\/\/jornalfatosenoticias.com.br\/wp-content\/uploads\/2022\/07\/cisterna-semi-arido-1.jpeg","keywords":["bio\u00e1gua","cisternas","fossas s\u00e9pticas","semi\u00e1rido","sistemas de bio\u00e1gua"],"articleSection":["Geral"],"inLanguage":"pt-BR","potentialAction":[{"@type":"CommentAction","name":"Comment","target":["https:\/\/jornalfatosenoticias.com.br\/index.php\/2022\/07\/01\/projeto-vai-levar-agua-para-120-familias-do-semiarido-baiano\/#respond"]}]},{"@type":"WebPage","@id":"https:\/\/jornalfatosenoticias.com.br\/index.php\/2022\/07\/01\/projeto-vai-levar-agua-para-120-familias-do-semiarido-baiano\/","url":"https:\/\/jornalfatosenoticias.com.br\/index.php\/2022\/07\/01\/projeto-vai-levar-agua-para-120-familias-do-semiarido-baiano\/","name":"Projeto vai levar \u00e1gua para 120 fam\u00edlias do semi\u00e1rido baiano - Jornal Fatos e Not\u00edcias","isPartOf":{"@id":"https:\/\/jornalfatosenoticias.com.br\/#website"},"primaryImageOfPage":{"@id":"https:\/\/jornalfatosenoticias.com.br\/index.php\/2022\/07\/01\/projeto-vai-levar-agua-para-120-familias-do-semiarido-baiano\/#primaryimage"},"image":{"@id":"https:\/\/jornalfatosenoticias.com.br\/index.php\/2022\/07\/01\/projeto-vai-levar-agua-para-120-familias-do-semiarido-baiano\/#primaryimage"},"thumbnailUrl":"https:\/\/jornalfatosenoticias.com.br\/wp-content\/uploads\/2022\/07\/cisterna-semi-arido-1.jpeg","datePublished":"2022-07-01T16:56:22+00:00","dateModified":"2022-07-01T16:56:25+00:00","breadcrumb":{"@id":"https:\/\/jornalfatosenoticias.com.br\/index.php\/2022\/07\/01\/projeto-vai-levar-agua-para-120-familias-do-semiarido-baiano\/#breadcrumb"},"inLanguage":"pt-BR","potentialAction":[{"@type":"ReadAction","target":["https:\/\/jornalfatosenoticias.com.br\/index.php\/2022\/07\/01\/projeto-vai-levar-agua-para-120-familias-do-semiarido-baiano\/"]}]},{"@type":"ImageObject","inLanguage":"pt-BR","@id":"https:\/\/jornalfatosenoticias.com.br\/index.php\/2022\/07\/01\/projeto-vai-levar-agua-para-120-familias-do-semiarido-baiano\/#primaryimage","url":"https:\/\/jornalfatosenoticias.com.br\/wp-content\/uploads\/2022\/07\/cisterna-semi-arido-1.jpeg","contentUrl":"https:\/\/jornalfatosenoticias.com.br\/wp-content\/uploads\/2022\/07\/cisterna-semi-arido-1.jpeg","width":1000,"height":665},{"@type":"BreadcrumbList","@id":"https:\/\/jornalfatosenoticias.com.br\/index.php\/2022\/07\/01\/projeto-vai-levar-agua-para-120-familias-do-semiarido-baiano\/#breadcrumb","itemListElement":[{"@type":"ListItem","position":1,"name":"In\u00edcio","item":"https:\/\/jornalfatosenoticias.com.br\/"},{"@type":"ListItem","position":2,"name":"Projeto vai levar \u00e1gua para 120 fam\u00edlias do semi\u00e1rido baiano"}]},{"@type":"WebSite","@id":"https:\/\/jornalfatosenoticias.com.br\/#website","url":"https:\/\/jornalfatosenoticias.com.br\/","name":"Jornal Fatos e Not\u00edcias","description":"Not\u00edcias em geral","publisher":{"@id":"https:\/\/jornalfatosenoticias.com.br\/#organization"},"potentialAction":[{"@type":"SearchAction","target":{"@type":"EntryPoint","urlTemplate":"https:\/\/jornalfatosenoticias.com.br\/?s={search_term_string}"},"query-input":{"@type":"PropertyValueSpecification","valueRequired":true,"valueName":"search_term_string"}}],"inLanguage":"pt-BR"},{"@type":"Organization","@id":"https:\/\/jornalfatosenoticias.com.br\/#organization","name":"Jornal Fatos e Not\u00edcias","url":"https:\/\/jornalfatosenoticias.com.br\/","logo":{"@type":"ImageObject","inLanguage":"pt-BR","@id":"https:\/\/jornalfatosenoticias.com.br\/#\/schema\/logo\/image\/","url":"https:\/\/jornalfatosenoticias.com.br\/wp-content\/uploads\/2020\/02\/logo120.png","contentUrl":"https:\/\/jornalfatosenoticias.com.br\/wp-content\/uploads\/2020\/02\/logo120.png","width":1227,"height":120,"caption":"Jornal Fatos e Not\u00edcias"},"image":{"@id":"https:\/\/jornalfatosenoticias.com.br\/#\/schema\/logo\/image\/"}},{"@type":"Person","@id":"https:\/\/jornalfatosenoticias.com.br\/#\/schema\/person\/d63837fa13ac8666eb9e74e0985d6f81","name":"Luzimara Fernandes","image":{"@type":"ImageObject","inLanguage":"pt-BR","@id":"https:\/\/jornalfatosenoticias.com.br\/#\/schema\/person\/image\/","url":"https:\/\/jornalfatosenoticias.com.br\/wp-content\/uploads\/2025\/05\/EU_portal.jpg","contentUrl":"https:\/\/jornalfatosenoticias.com.br\/wp-content\/uploads\/2025\/05\/EU_portal.jpg","caption":"Luzimara Fernandes"},"description":"Jornalista MTB 2358-ES","sameAs":["https:\/\/jornalfatosenoticias.com.br"],"url":"https:\/\/jornalfatosenoticias.com.br\/index.php\/author\/luzimara\/"}]}},"cc_featured_image_caption":{"caption_text":"(Foto: Divulga\u00e7\u00e3o\/AVSI Brasil) ","source_text":"","source_url":""},"jetpack_featured_media_url":"https:\/\/jornalfatosenoticias.com.br\/wp-content\/uploads\/2022\/07\/cisterna-semi-arido-1.jpeg","_links":{"self":[{"href":"https:\/\/jornalfatosenoticias.com.br\/index.php\/wp-json\/wp\/v2\/posts\/31927","targetHints":{"allow":["GET"]}}],"collection":[{"href":"https:\/\/jornalfatosenoticias.com.br\/index.php\/wp-json\/wp\/v2\/posts"}],"about":[{"href":"https:\/\/jornalfatosenoticias.com.br\/index.php\/wp-json\/wp\/v2\/types\/post"}],"author":[{"embeddable":true,"href":"https:\/\/jornalfatosenoticias.com.br\/index.php\/wp-json\/wp\/v2\/users\/2"}],"replies":[{"embeddable":true,"href":"https:\/\/jornalfatosenoticias.com.br\/index.php\/wp-json\/wp\/v2\/comments?post=31927"}],"version-history":[{"count":0,"href":"https:\/\/jornalfatosenoticias.com.br\/index.php\/wp-json\/wp\/v2\/posts\/31927\/revisions"}],"wp:featuredmedia":[{"embeddable":true,"href":"https:\/\/jornalfatosenoticias.com.br\/index.php\/wp-json\/wp\/v2\/media\/31930"}],"wp:attachment":[{"href":"https:\/\/jornalfatosenoticias.com.br\/index.php\/wp-json\/wp\/v2\/media?parent=31927"}],"wp:term":[{"taxonomy":"category","embeddable":true,"href":"https:\/\/jornalfatosenoticias.com.br\/index.php\/wp-json\/wp\/v2\/categories?post=31927"},{"taxonomy":"post_tag","embeddable":true,"href":"https:\/\/jornalfatosenoticias.com.br\/index.php\/wp-json\/wp\/v2\/tags?post=31927"}],"curies":[{"name":"wp","href":"https:\/\/api.w.org\/{rel}","templated":true}]}}