{"id":31951,"date":"2022-07-01T15:33:26","date_gmt":"2022-07-01T18:33:26","guid":{"rendered":"https:\/\/jornalfatosenoticias.com.br\/?p=31951"},"modified":"2022-07-01T15:33:29","modified_gmt":"2022-07-01T18:33:29","slug":"espetaculo-une-musica-classica-passaros-e-imagens-da-floresta","status":"publish","type":"post","link":"https:\/\/jornalfatosenoticias.com.br\/index.php\/2022\/07\/01\/espetaculo-une-musica-classica-passaros-e-imagens-da-floresta\/","title":{"rendered":"Espet\u00e1culo une m\u00fasica cl\u00e1ssica, p\u00e1ssaros e imagens da floresta"},"content":{"rendered":"\n<p><em><span class=\"has-inline-color has-black-color\">Em SOBRE VOAR, a Orquestra de C\u00e2mara da ECA\/USP e Roberta Carvalho envolvem o p\u00fablico com bioma e p\u00e1ssaros brasileiros<\/span><\/em><\/p>\n\n\n\n<div class=\"wp-block-image\"><figure class=\"aligncenter size-large is-resized\"><img loading=\"lazy\" decoding=\"async\" src=\"https:\/\/jornalfatosenoticias.com.br\/wp-content\/uploads\/2022\/05\/NOVA-LOGO-CESCONETTO-1024x100.jpg\" alt=\"\" class=\"wp-image-30792\" width=\"539\" height=\"52\" srcset=\"https:\/\/jornalfatosenoticias.com.br\/wp-content\/uploads\/2022\/05\/NOVA-LOGO-CESCONETTO-1024x100.jpg 1024w, https:\/\/jornalfatosenoticias.com.br\/wp-content\/uploads\/2022\/05\/NOVA-LOGO-CESCONETTO-300x29.jpg 300w, https:\/\/jornalfatosenoticias.com.br\/wp-content\/uploads\/2022\/05\/NOVA-LOGO-CESCONETTO-768x75.jpg 768w, https:\/\/jornalfatosenoticias.com.br\/wp-content\/uploads\/2022\/05\/NOVA-LOGO-CESCONETTO.jpg 1280w\" sizes=\"auto, (max-width: 539px) 100vw, 539px\" \/><\/figure><\/div>\n\n\n\n<p>Neste final de semana \u2014 2 e 3 de julho \u2014 o Teatro B32 traz para o p\u00fablico de S\u00e3o Paulo a apresenta\u00e7\u00e3o in\u00e9dita \u201cSOBRE VOAR\u201d. A obra \u00e9 uma parceria com Roberta Carvalho, idealizadora do Festival Amaz\u00f4nia Mapping, e a Orquestra de C\u00e2mara da ECA\/USP. O repert\u00f3rio do espet\u00e1culo une m\u00fasica e imagens, trazendo para a sensa\u00e7\u00f5es e encantamentos do bioma brasileiro e seus p\u00e1ssaros.<br>Para criar este ambiente, a <a href=\"https:\/\/ciclovivo.com.br\/planeta\/meio-ambiente\/campanha-usa-musica-para-apoiar-indigenas-quilombolas-e-ribeirinhos\/\">Orquestra<\/a> de C\u00e2mara da ECA\/USP traz as obras \u201cAnd Birds Are Still\u2026\u201d e \u201cWhite Landscapes\u201d, do compositor japon\u00eas Takashi Yoshimatsu, e os brasileiros Heitor Villa-Lobos, com suas \u201cBachianas Brasileiras\u201d n\u00ba 2 e n\u00ba 7 e Ant\u00f4nio Carlos Jobim com as m\u00fasicas \u201cSaudades do Brasil\u201d e \u201cO Homem\u201d.<\/p>\n\n\n\n<figure class=\"wp-block-image size-large\"><img loading=\"lazy\" decoding=\"async\" width=\"1000\" height=\"571\" src=\"https:\/\/jornalfatosenoticias.com.br\/wp-content\/uploads\/2022\/07\/orquestra-eca-usp.jpg\" alt=\"\" class=\"wp-image-31952\" srcset=\"https:\/\/jornalfatosenoticias.com.br\/wp-content\/uploads\/2022\/07\/orquestra-eca-usp.jpg 1000w, https:\/\/jornalfatosenoticias.com.br\/wp-content\/uploads\/2022\/07\/orquestra-eca-usp-300x171.jpg 300w, https:\/\/jornalfatosenoticias.com.br\/wp-content\/uploads\/2022\/07\/orquestra-eca-usp-768x439.jpg 768w\" sizes=\"auto, (max-width: 1000px) 100vw, 1000px\" \/><figcaption><em><span class=\"has-inline-color has-black-color\">Apresenta\u00e7\u00e3o da Orquestra de C\u00e2mara ECA\/USP (Foto: Divulga\u00e7\u00e3o)<\/span><\/em><\/figcaption><\/figure>\n\n\n\n<div class=\"wp-block-image\"><figure class=\"aligncenter size-large is-resized\"><img loading=\"lazy\" decoding=\"async\" src=\"https:\/\/jornalfatosenoticias.com.br\/wp-content\/uploads\/2022\/02\/Serra-Pack-459.png\" alt=\"\" class=\"wp-image-27471\" width=\"333\" height=\"133\"\/><\/figure><\/div>\n\n\n\n<p>Simultaneamente, paisagens visuais criadas por Roberta Carvalho s\u00e3o projetadas em m\u00faltiplas telas que envolvem o fundo do palco e as estruturas laterais do teatro, formando uma composi\u00e7\u00e3o visual imersiva ao redor da orquestra, numa experi\u00eancia po\u00e9tica e est\u00e9tica de entrela\u00e7amento do som com a imagem.<br>Para Roberta Carvalho, \u201cesta \u00e9 uma apresenta\u00e7\u00e3o muito especial, porque \u00e9 o encontro de duas linguagens art\u00edsticas muito potentes e transformadoras. As imagens que trazemos, muitas delas captadas na Amaz\u00f4nia, trazem a vis\u00e3o dos <a href=\"https:\/\/ciclovivo.com.br\/vida-sustentavel\/bem-estar\/canto-de-passaros-sensacao-bem-estar\/\">p\u00e1ssaros<\/a> em seus voos e sobrevoos. No olho do p\u00e1ssaro, vemos reflexos da maior floresta tropical do mundo e toda sua intensidade, nos fazendo pensar o que um p\u00e1ssaro v\u00ea que o homem deixou de enxergar\u201d.<br>Takashi Yoshimatsu \u00e9 um compositor japon\u00eas, conhecido por ter criado a trilha musical do remake da s\u00e9rie animada Astro Boy. Suas obras t\u00eam como tra\u00e7o a celebra\u00e7\u00e3o da natureza, em especial de aves, sendo o pr\u00f3prio um defensor de esp\u00e9cies em extin\u00e7\u00e3o no Jap\u00e3o, evidenciando esta causa nos t\u00edtulos de algumas de suas composi\u00e7\u00f5es.<br>A correspond\u00eancia com a narrativa do m\u00fasico levou a Ocam tamb\u00e9m \u00e0 artista pl\u00e1stica Roberta Carvalho, que tem uma obra art\u00edstica que ilumina n\u00e3o s\u00f3 o bioma amaz\u00f4nico, mas tamb\u00e9m as popula\u00e7\u00f5es ribeirinhas e os povos origin\u00e1rios do Brasil.<\/p>\n\n\n\n<div class=\"wp-block-image\"><figure class=\"aligncenter size-large is-resized\"><img loading=\"lazy\" decoding=\"async\" src=\"https:\/\/jornalfatosenoticias.com.br\/wp-content\/uploads\/2022\/03\/logo-Suinco-1024x390.jpg\" alt=\"\" class=\"wp-image-28785\" width=\"373\" height=\"141\"\/><\/figure><\/div>\n\n\n\n<figure class=\"wp-block-image size-large\"><img loading=\"lazy\" decoding=\"async\" width=\"1000\" height=\"663\" src=\"https:\/\/jornalfatosenoticias.com.br\/wp-content\/uploads\/2022\/07\/amazonia-musica.jpg\" alt=\"\" class=\"wp-image-31953\" srcset=\"https:\/\/jornalfatosenoticias.com.br\/wp-content\/uploads\/2022\/07\/amazonia-musica.jpg 1000w, https:\/\/jornalfatosenoticias.com.br\/wp-content\/uploads\/2022\/07\/amazonia-musica-300x199.jpg 300w, https:\/\/jornalfatosenoticias.com.br\/wp-content\/uploads\/2022\/07\/amazonia-musica-768x509.jpg 768w\" sizes=\"auto, (max-width: 1000px) 100vw, 1000px\" \/><figcaption><em><span class=\"has-inline-color has-black-color\">S\u00e9rie Symbiosis \u2014 Arte e Natureza na Amaz\u00f4nia, de Roberta Carvalho (Foto: Roberta Carvalho)<\/span><\/em><\/figcaption><\/figure>\n\n\n\n<blockquote class=\"wp-block-quote is-layout-flow wp-block-quote-is-layout-flow\"><p><span class=\"has-inline-color has-luminous-vivid-orange-color\">\u201cA ideia \u00e9 fazer com que as pessoas, a partir dos sons e das imagens, tenham uma experi\u00eancia imersiva que os remetam \u00e0s florestas e aos sons de p\u00e1ssaros, algo muito explorado na obra de Takashi Yoshimatsu. Ao entrarmos em contato com as composi\u00e7\u00f5es dele, foi r\u00e1pida a liga\u00e7\u00e3o desse universo com as aves existentes nas matas brasileiras e da\u00ed surgiu a ideia para a apresenta\u00e7\u00e3o\u201d, afirma Gil Jardim, diretor art\u00edstico da Orquestra e respons\u00e1vel pela concep\u00e7\u00e3o e dire\u00e7\u00e3o geral deste espet\u00e1culo. <\/span><\/p><\/blockquote>\n\n\n\n<div class=\"wp-block-image\"><figure class=\"aligncenter size-large is-resized\"><img loading=\"lazy\" decoding=\"async\" src=\"https:\/\/jornalfatosenoticias.com.br\/wp-content\/uploads\/2020\/02\/banner_ferramentas-1024x100.jpg\" alt=\"\" class=\"wp-image-1258\" width=\"519\" height=\"50\" srcset=\"https:\/\/jornalfatosenoticias.com.br\/wp-content\/uploads\/2020\/02\/banner_ferramentas-1024x100.jpg 1024w, https:\/\/jornalfatosenoticias.com.br\/wp-content\/uploads\/2020\/02\/banner_ferramentas-300x29.jpg 300w, https:\/\/jornalfatosenoticias.com.br\/wp-content\/uploads\/2020\/02\/banner_ferramentas-768x75.jpg 768w, https:\/\/jornalfatosenoticias.com.br\/wp-content\/uploads\/2020\/02\/banner_ferramentas.jpg 1227w\" sizes=\"auto, (max-width: 519px) 100vw, 519px\" \/><\/figure><\/div>\n\n\n\n<p>O maestro divide a reg\u00eancia das apresenta\u00e7\u00f5es com Andr\u00e9 Bachur, regente adjunto da Orquestra. A presen\u00e7a de composi\u00e7\u00f5es de artistas ic\u00f4nicos para a identidade brasileira, como Heitor Villa-Lobos e Ant\u00f4nio Carlos Jobim no espet\u00e1culo, refor\u00e7a a vinda de um imagin\u00e1rio desse <a href=\"https:\/\/ciclovivo.com.br\/fique-ligado\/eventos\/serie-retrata-as-transformacoes-da-amazonia-ao-longo-de-6-mil-anos\/\">ecossistema<\/a>, sendo as obras escolhidas permeadas por cantos de p\u00e1ssaros e pela representa\u00e7\u00e3o das paisagens.<br>O espet\u00e1culo tem como solistas, ademais, o premiado flautista Ant\u00f4nio Carrasqueira, a harpista Jennifer Campbell e a violoncelista Ji Yon Shim Anderson.<\/p>\n\n\n\n<figure class=\"wp-block-image size-large\"><img loading=\"lazy\" decoding=\"async\" width=\"1000\" height=\"428\" src=\"https:\/\/jornalfatosenoticias.com.br\/wp-content\/uploads\/2022\/07\/amazonia-musica2.jpg\" alt=\"\" class=\"wp-image-31954\" srcset=\"https:\/\/jornalfatosenoticias.com.br\/wp-content\/uploads\/2022\/07\/amazonia-musica2.jpg 1000w, https:\/\/jornalfatosenoticias.com.br\/wp-content\/uploads\/2022\/07\/amazonia-musica2-300x128.jpg 300w, https:\/\/jornalfatosenoticias.com.br\/wp-content\/uploads\/2022\/07\/amazonia-musica2-768x329.jpg 768w\" sizes=\"auto, (max-width: 1000px) 100vw, 1000px\" \/><figcaption><em><span class=\"has-inline-color has-black-color\">Imagens da obra Resiste!, 2021, de Roberta Carvalho para projeto Oficio (Foto: Divulga\u00e7\u00e3o)<\/span><\/em><\/figcaption><\/figure>\n\n\n\n<div class=\"wp-block-image\"><figure class=\"aligncenter size-large is-resized\"><img loading=\"lazy\" decoding=\"async\" src=\"https:\/\/jornalfatosenoticias.com.br\/wp-content\/uploads\/2020\/02\/Logo_Mizu.png\" alt=\"\" class=\"wp-image-1441\" width=\"516\" height=\"63\" srcset=\"https:\/\/jornalfatosenoticias.com.br\/wp-content\/uploads\/2020\/02\/Logo_Mizu.png 729w, https:\/\/jornalfatosenoticias.com.br\/wp-content\/uploads\/2020\/02\/Logo_Mizu-300x37.png 300w\" sizes=\"auto, (max-width: 516px) 100vw, 516px\" \/><\/figure><\/div>\n\n\n\n<p><strong><span class=\"has-inline-color has-vivid-purple-color\">SOBRE VOAR \u2014 Teatro B32<br><\/span><span class=\"has-inline-color has-black-color\">Quando: <\/span><\/strong>s\u00e1bado (32 de julho), \u00e0s 20h, e domingo (3 de julho), \u00e0s 18h<br><strong><span class=\"has-inline-color has-black-color\">Endere\u00e7o:<\/span><\/strong> Av. Brigadeiro Faria Lima, 3732 \u2014 Itaim Bibi, S\u00e3o Paulo.<br><strong><span class=\"has-inline-color has-black-color\">Lota\u00e7\u00e3o:<\/span><\/strong> 412 lugares.<br><strong><span class=\"has-inline-color has-black-color\">Dura\u00e7\u00e3o do espet\u00e1culo:<\/span><\/strong> 60 min.<br><strong><span class=\"has-inline-color has-black-color\">Ingressos:<\/span><\/strong> R$ 80<\/p>\n\n\n\n<p><strong><em>Fonte: <a href=\"https:\/\/ciclovivo.com.br\/fique-ligado\/eventos\/espetaculo-une-musica-classica-passaros-e-imagens-da-floresta\/\">CicloVivo<\/a><\/em><\/strong><\/p>\n","protected":false},"excerpt":{"rendered":"<p>Em SOBRE VOAR, a Orquestra de C\u00e2mara da ECA\/USP e Roberta Carvalho envolvem o p\u00fablico com bioma e p\u00e1ssaros brasileiros Neste final de semana \u2014 2 e 3 de julho \u2014 o Teatro B32 traz para o p\u00fablico de S\u00e3o Paulo a apresenta\u00e7\u00e3o in\u00e9dita \u201cSOBRE VOAR\u201d. A obra \u00e9 uma parceria com Roberta Carvalho, idealizadora [&hellip;]<\/p>\n","protected":false},"author":2,"featured_media":31953,"comment_status":"open","ping_status":"open","sticky":false,"template":"","format":"standard","meta":{"footnotes":""},"categories":[4],"tags":[123,8769,4345,97,15117],"class_list":["post-31951","post","type-post","status-publish","format-standard","has-post-thumbnail","hentry","category-cultura","tag-amazonia","tag-espetaculo","tag-musica-classica","tag-orquestra","tag-roberta-carvalho"],"yoast_head":"<!-- This site is optimized with the Yoast SEO plugin v26.5 - https:\/\/yoast.com\/wordpress\/plugins\/seo\/ -->\n<title>Espet\u00e1culo une m\u00fasica cl\u00e1ssica, p\u00e1ssaros e imagens da floresta - Jornal Fatos e Not\u00edcias<\/title>\n<meta name=\"robots\" content=\"index, follow, max-snippet:-1, max-image-preview:large, max-video-preview:-1\" \/>\n<link rel=\"canonical\" href=\"https:\/\/jornalfatosenoticias.com.br\/index.php\/2022\/07\/01\/espetaculo-une-musica-classica-passaros-e-imagens-da-floresta\/\" \/>\n<meta property=\"og:locale\" content=\"pt_BR\" \/>\n<meta property=\"og:type\" content=\"article\" \/>\n<meta property=\"og:title\" content=\"Espet\u00e1culo une m\u00fasica cl\u00e1ssica, p\u00e1ssaros e imagens da floresta - Jornal Fatos e Not\u00edcias\" \/>\n<meta property=\"og:description\" content=\"Em SOBRE VOAR, a Orquestra de C\u00e2mara da ECA\/USP e Roberta Carvalho envolvem o p\u00fablico com bioma e p\u00e1ssaros brasileiros Neste final de semana \u2014 2 e 3 de julho \u2014 o Teatro B32 traz para o p\u00fablico de S\u00e3o Paulo a apresenta\u00e7\u00e3o in\u00e9dita \u201cSOBRE VOAR\u201d. A obra \u00e9 uma parceria com Roberta Carvalho, idealizadora [&hellip;]\" \/>\n<meta property=\"og:url\" content=\"https:\/\/jornalfatosenoticias.com.br\/index.php\/2022\/07\/01\/espetaculo-une-musica-classica-passaros-e-imagens-da-floresta\/\" \/>\n<meta property=\"og:site_name\" content=\"Jornal Fatos e Not\u00edcias\" \/>\n<meta property=\"article:published_time\" content=\"2022-07-01T18:33:26+00:00\" \/>\n<meta property=\"article:modified_time\" content=\"2022-07-01T18:33:29+00:00\" \/>\n<meta property=\"og:image\" content=\"https:\/\/jornalfatosenoticias.com.br\/wp-content\/uploads\/2022\/07\/amazonia-musica.jpg\" \/>\n\t<meta property=\"og:image:width\" content=\"1000\" \/>\n\t<meta property=\"og:image:height\" content=\"663\" \/>\n\t<meta property=\"og:image:type\" content=\"image\/jpeg\" \/>\n<meta name=\"author\" content=\"Luzimara Fernandes\" \/>\n<meta name=\"twitter:card\" content=\"summary_large_image\" \/>\n<meta name=\"twitter:label1\" content=\"Escrito por\" \/>\n\t<meta name=\"twitter:data1\" content=\"Luzimara Fernandes\" \/>\n\t<meta name=\"twitter:label2\" content=\"Est. tempo de leitura\" \/>\n\t<meta name=\"twitter:data2\" content=\"3 minutos\" \/>\n<script type=\"application\/ld+json\" class=\"yoast-schema-graph\">{\"@context\":\"https:\/\/schema.org\",\"@graph\":[{\"@type\":\"Article\",\"@id\":\"https:\/\/jornalfatosenoticias.com.br\/index.php\/2022\/07\/01\/espetaculo-une-musica-classica-passaros-e-imagens-da-floresta\/#article\",\"isPartOf\":{\"@id\":\"https:\/\/jornalfatosenoticias.com.br\/index.php\/2022\/07\/01\/espetaculo-une-musica-classica-passaros-e-imagens-da-floresta\/\"},\"author\":{\"name\":\"Luzimara Fernandes\",\"@id\":\"https:\/\/jornalfatosenoticias.com.br\/#\/schema\/person\/d63837fa13ac8666eb9e74e0985d6f81\"},\"headline\":\"Espet\u00e1culo une m\u00fasica cl\u00e1ssica, p\u00e1ssaros e imagens da floresta\",\"datePublished\":\"2022-07-01T18:33:26+00:00\",\"dateModified\":\"2022-07-01T18:33:29+00:00\",\"mainEntityOfPage\":{\"@id\":\"https:\/\/jornalfatosenoticias.com.br\/index.php\/2022\/07\/01\/espetaculo-une-musica-classica-passaros-e-imagens-da-floresta\/\"},\"wordCount\":668,\"commentCount\":0,\"publisher\":{\"@id\":\"https:\/\/jornalfatosenoticias.com.br\/#organization\"},\"image\":{\"@id\":\"https:\/\/jornalfatosenoticias.com.br\/index.php\/2022\/07\/01\/espetaculo-une-musica-classica-passaros-e-imagens-da-floresta\/#primaryimage\"},\"thumbnailUrl\":\"https:\/\/jornalfatosenoticias.com.br\/wp-content\/uploads\/2022\/07\/amazonia-musica.jpg\",\"keywords\":[\"amaz\u00f4nia\",\"espet\u00e1culo\",\"m\u00fasica cl\u00e1ssica\",\"orquestra\",\"Roberta Carvalho\"],\"articleSection\":[\"Cultura\"],\"inLanguage\":\"pt-BR\",\"potentialAction\":[{\"@type\":\"CommentAction\",\"name\":\"Comment\",\"target\":[\"https:\/\/jornalfatosenoticias.com.br\/index.php\/2022\/07\/01\/espetaculo-une-musica-classica-passaros-e-imagens-da-floresta\/#respond\"]}]},{\"@type\":\"WebPage\",\"@id\":\"https:\/\/jornalfatosenoticias.com.br\/index.php\/2022\/07\/01\/espetaculo-une-musica-classica-passaros-e-imagens-da-floresta\/\",\"url\":\"https:\/\/jornalfatosenoticias.com.br\/index.php\/2022\/07\/01\/espetaculo-une-musica-classica-passaros-e-imagens-da-floresta\/\",\"name\":\"Espet\u00e1culo une m\u00fasica cl\u00e1ssica, p\u00e1ssaros e imagens da floresta - Jornal Fatos e Not\u00edcias\",\"isPartOf\":{\"@id\":\"https:\/\/jornalfatosenoticias.com.br\/#website\"},\"primaryImageOfPage\":{\"@id\":\"https:\/\/jornalfatosenoticias.com.br\/index.php\/2022\/07\/01\/espetaculo-une-musica-classica-passaros-e-imagens-da-floresta\/#primaryimage\"},\"image\":{\"@id\":\"https:\/\/jornalfatosenoticias.com.br\/index.php\/2022\/07\/01\/espetaculo-une-musica-classica-passaros-e-imagens-da-floresta\/#primaryimage\"},\"thumbnailUrl\":\"https:\/\/jornalfatosenoticias.com.br\/wp-content\/uploads\/2022\/07\/amazonia-musica.jpg\",\"datePublished\":\"2022-07-01T18:33:26+00:00\",\"dateModified\":\"2022-07-01T18:33:29+00:00\",\"breadcrumb\":{\"@id\":\"https:\/\/jornalfatosenoticias.com.br\/index.php\/2022\/07\/01\/espetaculo-une-musica-classica-passaros-e-imagens-da-floresta\/#breadcrumb\"},\"inLanguage\":\"pt-BR\",\"potentialAction\":[{\"@type\":\"ReadAction\",\"target\":[\"https:\/\/jornalfatosenoticias.com.br\/index.php\/2022\/07\/01\/espetaculo-une-musica-classica-passaros-e-imagens-da-floresta\/\"]}]},{\"@type\":\"ImageObject\",\"inLanguage\":\"pt-BR\",\"@id\":\"https:\/\/jornalfatosenoticias.com.br\/index.php\/2022\/07\/01\/espetaculo-une-musica-classica-passaros-e-imagens-da-floresta\/#primaryimage\",\"url\":\"https:\/\/jornalfatosenoticias.com.br\/wp-content\/uploads\/2022\/07\/amazonia-musica.jpg\",\"contentUrl\":\"https:\/\/jornalfatosenoticias.com.br\/wp-content\/uploads\/2022\/07\/amazonia-musica.jpg\",\"width\":1000,\"height\":663},{\"@type\":\"BreadcrumbList\",\"@id\":\"https:\/\/jornalfatosenoticias.com.br\/index.php\/2022\/07\/01\/espetaculo-une-musica-classica-passaros-e-imagens-da-floresta\/#breadcrumb\",\"itemListElement\":[{\"@type\":\"ListItem\",\"position\":1,\"name\":\"In\u00edcio\",\"item\":\"https:\/\/jornalfatosenoticias.com.br\/\"},{\"@type\":\"ListItem\",\"position\":2,\"name\":\"Espet\u00e1culo une m\u00fasica cl\u00e1ssica, p\u00e1ssaros e imagens da floresta\"}]},{\"@type\":\"WebSite\",\"@id\":\"https:\/\/jornalfatosenoticias.com.br\/#website\",\"url\":\"https:\/\/jornalfatosenoticias.com.br\/\",\"name\":\"Jornal Fatos e Not\u00edcias\",\"description\":\"Not\u00edcias em geral\",\"publisher\":{\"@id\":\"https:\/\/jornalfatosenoticias.com.br\/#organization\"},\"potentialAction\":[{\"@type\":\"SearchAction\",\"target\":{\"@type\":\"EntryPoint\",\"urlTemplate\":\"https:\/\/jornalfatosenoticias.com.br\/?s={search_term_string}\"},\"query-input\":{\"@type\":\"PropertyValueSpecification\",\"valueRequired\":true,\"valueName\":\"search_term_string\"}}],\"inLanguage\":\"pt-BR\"},{\"@type\":\"Organization\",\"@id\":\"https:\/\/jornalfatosenoticias.com.br\/#organization\",\"name\":\"Jornal Fatos e Not\u00edcias\",\"url\":\"https:\/\/jornalfatosenoticias.com.br\/\",\"logo\":{\"@type\":\"ImageObject\",\"inLanguage\":\"pt-BR\",\"@id\":\"https:\/\/jornalfatosenoticias.com.br\/#\/schema\/logo\/image\/\",\"url\":\"https:\/\/jornalfatosenoticias.com.br\/wp-content\/uploads\/2020\/02\/logo120.png\",\"contentUrl\":\"https:\/\/jornalfatosenoticias.com.br\/wp-content\/uploads\/2020\/02\/logo120.png\",\"width\":1227,\"height\":120,\"caption\":\"Jornal Fatos e Not\u00edcias\"},\"image\":{\"@id\":\"https:\/\/jornalfatosenoticias.com.br\/#\/schema\/logo\/image\/\"}},{\"@type\":\"Person\",\"@id\":\"https:\/\/jornalfatosenoticias.com.br\/#\/schema\/person\/d63837fa13ac8666eb9e74e0985d6f81\",\"name\":\"Luzimara Fernandes\",\"image\":{\"@type\":\"ImageObject\",\"inLanguage\":\"pt-BR\",\"@id\":\"https:\/\/jornalfatosenoticias.com.br\/#\/schema\/person\/image\/\",\"url\":\"https:\/\/jornalfatosenoticias.com.br\/wp-content\/uploads\/2025\/05\/EU_portal.jpg\",\"contentUrl\":\"https:\/\/jornalfatosenoticias.com.br\/wp-content\/uploads\/2025\/05\/EU_portal.jpg\",\"caption\":\"Luzimara Fernandes\"},\"description\":\"Jornalista MTB 2358-ES\",\"sameAs\":[\"https:\/\/jornalfatosenoticias.com.br\"],\"url\":\"https:\/\/jornalfatosenoticias.com.br\/index.php\/author\/luzimara\/\"}]}<\/script>\n<!-- \/ Yoast SEO plugin. -->","yoast_head_json":{"title":"Espet\u00e1culo une m\u00fasica cl\u00e1ssica, p\u00e1ssaros e imagens da floresta - Jornal Fatos e Not\u00edcias","robots":{"index":"index","follow":"follow","max-snippet":"max-snippet:-1","max-image-preview":"max-image-preview:large","max-video-preview":"max-video-preview:-1"},"canonical":"https:\/\/jornalfatosenoticias.com.br\/index.php\/2022\/07\/01\/espetaculo-une-musica-classica-passaros-e-imagens-da-floresta\/","og_locale":"pt_BR","og_type":"article","og_title":"Espet\u00e1culo une m\u00fasica cl\u00e1ssica, p\u00e1ssaros e imagens da floresta - Jornal Fatos e Not\u00edcias","og_description":"Em SOBRE VOAR, a Orquestra de C\u00e2mara da ECA\/USP e Roberta Carvalho envolvem o p\u00fablico com bioma e p\u00e1ssaros brasileiros Neste final de semana \u2014 2 e 3 de julho \u2014 o Teatro B32 traz para o p\u00fablico de S\u00e3o Paulo a apresenta\u00e7\u00e3o in\u00e9dita \u201cSOBRE VOAR\u201d. A obra \u00e9 uma parceria com Roberta Carvalho, idealizadora [&hellip;]","og_url":"https:\/\/jornalfatosenoticias.com.br\/index.php\/2022\/07\/01\/espetaculo-une-musica-classica-passaros-e-imagens-da-floresta\/","og_site_name":"Jornal Fatos e Not\u00edcias","article_published_time":"2022-07-01T18:33:26+00:00","article_modified_time":"2022-07-01T18:33:29+00:00","og_image":[{"width":1000,"height":663,"url":"https:\/\/jornalfatosenoticias.com.br\/wp-content\/uploads\/2022\/07\/amazonia-musica.jpg","type":"image\/jpeg"}],"author":"Luzimara Fernandes","twitter_card":"summary_large_image","twitter_misc":{"Escrito por":"Luzimara Fernandes","Est. tempo de leitura":"3 minutos"},"schema":{"@context":"https:\/\/schema.org","@graph":[{"@type":"Article","@id":"https:\/\/jornalfatosenoticias.com.br\/index.php\/2022\/07\/01\/espetaculo-une-musica-classica-passaros-e-imagens-da-floresta\/#article","isPartOf":{"@id":"https:\/\/jornalfatosenoticias.com.br\/index.php\/2022\/07\/01\/espetaculo-une-musica-classica-passaros-e-imagens-da-floresta\/"},"author":{"name":"Luzimara Fernandes","@id":"https:\/\/jornalfatosenoticias.com.br\/#\/schema\/person\/d63837fa13ac8666eb9e74e0985d6f81"},"headline":"Espet\u00e1culo une m\u00fasica cl\u00e1ssica, p\u00e1ssaros e imagens da floresta","datePublished":"2022-07-01T18:33:26+00:00","dateModified":"2022-07-01T18:33:29+00:00","mainEntityOfPage":{"@id":"https:\/\/jornalfatosenoticias.com.br\/index.php\/2022\/07\/01\/espetaculo-une-musica-classica-passaros-e-imagens-da-floresta\/"},"wordCount":668,"commentCount":0,"publisher":{"@id":"https:\/\/jornalfatosenoticias.com.br\/#organization"},"image":{"@id":"https:\/\/jornalfatosenoticias.com.br\/index.php\/2022\/07\/01\/espetaculo-une-musica-classica-passaros-e-imagens-da-floresta\/#primaryimage"},"thumbnailUrl":"https:\/\/jornalfatosenoticias.com.br\/wp-content\/uploads\/2022\/07\/amazonia-musica.jpg","keywords":["amaz\u00f4nia","espet\u00e1culo","m\u00fasica cl\u00e1ssica","orquestra","Roberta Carvalho"],"articleSection":["Cultura"],"inLanguage":"pt-BR","potentialAction":[{"@type":"CommentAction","name":"Comment","target":["https:\/\/jornalfatosenoticias.com.br\/index.php\/2022\/07\/01\/espetaculo-une-musica-classica-passaros-e-imagens-da-floresta\/#respond"]}]},{"@type":"WebPage","@id":"https:\/\/jornalfatosenoticias.com.br\/index.php\/2022\/07\/01\/espetaculo-une-musica-classica-passaros-e-imagens-da-floresta\/","url":"https:\/\/jornalfatosenoticias.com.br\/index.php\/2022\/07\/01\/espetaculo-une-musica-classica-passaros-e-imagens-da-floresta\/","name":"Espet\u00e1culo une m\u00fasica cl\u00e1ssica, p\u00e1ssaros e imagens da floresta - Jornal Fatos e Not\u00edcias","isPartOf":{"@id":"https:\/\/jornalfatosenoticias.com.br\/#website"},"primaryImageOfPage":{"@id":"https:\/\/jornalfatosenoticias.com.br\/index.php\/2022\/07\/01\/espetaculo-une-musica-classica-passaros-e-imagens-da-floresta\/#primaryimage"},"image":{"@id":"https:\/\/jornalfatosenoticias.com.br\/index.php\/2022\/07\/01\/espetaculo-une-musica-classica-passaros-e-imagens-da-floresta\/#primaryimage"},"thumbnailUrl":"https:\/\/jornalfatosenoticias.com.br\/wp-content\/uploads\/2022\/07\/amazonia-musica.jpg","datePublished":"2022-07-01T18:33:26+00:00","dateModified":"2022-07-01T18:33:29+00:00","breadcrumb":{"@id":"https:\/\/jornalfatosenoticias.com.br\/index.php\/2022\/07\/01\/espetaculo-une-musica-classica-passaros-e-imagens-da-floresta\/#breadcrumb"},"inLanguage":"pt-BR","potentialAction":[{"@type":"ReadAction","target":["https:\/\/jornalfatosenoticias.com.br\/index.php\/2022\/07\/01\/espetaculo-une-musica-classica-passaros-e-imagens-da-floresta\/"]}]},{"@type":"ImageObject","inLanguage":"pt-BR","@id":"https:\/\/jornalfatosenoticias.com.br\/index.php\/2022\/07\/01\/espetaculo-une-musica-classica-passaros-e-imagens-da-floresta\/#primaryimage","url":"https:\/\/jornalfatosenoticias.com.br\/wp-content\/uploads\/2022\/07\/amazonia-musica.jpg","contentUrl":"https:\/\/jornalfatosenoticias.com.br\/wp-content\/uploads\/2022\/07\/amazonia-musica.jpg","width":1000,"height":663},{"@type":"BreadcrumbList","@id":"https:\/\/jornalfatosenoticias.com.br\/index.php\/2022\/07\/01\/espetaculo-une-musica-classica-passaros-e-imagens-da-floresta\/#breadcrumb","itemListElement":[{"@type":"ListItem","position":1,"name":"In\u00edcio","item":"https:\/\/jornalfatosenoticias.com.br\/"},{"@type":"ListItem","position":2,"name":"Espet\u00e1culo une m\u00fasica cl\u00e1ssica, p\u00e1ssaros e imagens da floresta"}]},{"@type":"WebSite","@id":"https:\/\/jornalfatosenoticias.com.br\/#website","url":"https:\/\/jornalfatosenoticias.com.br\/","name":"Jornal Fatos e Not\u00edcias","description":"Not\u00edcias em geral","publisher":{"@id":"https:\/\/jornalfatosenoticias.com.br\/#organization"},"potentialAction":[{"@type":"SearchAction","target":{"@type":"EntryPoint","urlTemplate":"https:\/\/jornalfatosenoticias.com.br\/?s={search_term_string}"},"query-input":{"@type":"PropertyValueSpecification","valueRequired":true,"valueName":"search_term_string"}}],"inLanguage":"pt-BR"},{"@type":"Organization","@id":"https:\/\/jornalfatosenoticias.com.br\/#organization","name":"Jornal Fatos e Not\u00edcias","url":"https:\/\/jornalfatosenoticias.com.br\/","logo":{"@type":"ImageObject","inLanguage":"pt-BR","@id":"https:\/\/jornalfatosenoticias.com.br\/#\/schema\/logo\/image\/","url":"https:\/\/jornalfatosenoticias.com.br\/wp-content\/uploads\/2020\/02\/logo120.png","contentUrl":"https:\/\/jornalfatosenoticias.com.br\/wp-content\/uploads\/2020\/02\/logo120.png","width":1227,"height":120,"caption":"Jornal Fatos e Not\u00edcias"},"image":{"@id":"https:\/\/jornalfatosenoticias.com.br\/#\/schema\/logo\/image\/"}},{"@type":"Person","@id":"https:\/\/jornalfatosenoticias.com.br\/#\/schema\/person\/d63837fa13ac8666eb9e74e0985d6f81","name":"Luzimara Fernandes","image":{"@type":"ImageObject","inLanguage":"pt-BR","@id":"https:\/\/jornalfatosenoticias.com.br\/#\/schema\/person\/image\/","url":"https:\/\/jornalfatosenoticias.com.br\/wp-content\/uploads\/2025\/05\/EU_portal.jpg","contentUrl":"https:\/\/jornalfatosenoticias.com.br\/wp-content\/uploads\/2025\/05\/EU_portal.jpg","caption":"Luzimara Fernandes"},"description":"Jornalista MTB 2358-ES","sameAs":["https:\/\/jornalfatosenoticias.com.br"],"url":"https:\/\/jornalfatosenoticias.com.br\/index.php\/author\/luzimara\/"}]}},"cc_featured_image_caption":{"caption_text":"","source_text":"","source_url":""},"jetpack_featured_media_url":"https:\/\/jornalfatosenoticias.com.br\/wp-content\/uploads\/2022\/07\/amazonia-musica.jpg","_links":{"self":[{"href":"https:\/\/jornalfatosenoticias.com.br\/index.php\/wp-json\/wp\/v2\/posts\/31951","targetHints":{"allow":["GET"]}}],"collection":[{"href":"https:\/\/jornalfatosenoticias.com.br\/index.php\/wp-json\/wp\/v2\/posts"}],"about":[{"href":"https:\/\/jornalfatosenoticias.com.br\/index.php\/wp-json\/wp\/v2\/types\/post"}],"author":[{"embeddable":true,"href":"https:\/\/jornalfatosenoticias.com.br\/index.php\/wp-json\/wp\/v2\/users\/2"}],"replies":[{"embeddable":true,"href":"https:\/\/jornalfatosenoticias.com.br\/index.php\/wp-json\/wp\/v2\/comments?post=31951"}],"version-history":[{"count":0,"href":"https:\/\/jornalfatosenoticias.com.br\/index.php\/wp-json\/wp\/v2\/posts\/31951\/revisions"}],"wp:featuredmedia":[{"embeddable":true,"href":"https:\/\/jornalfatosenoticias.com.br\/index.php\/wp-json\/wp\/v2\/media\/31953"}],"wp:attachment":[{"href":"https:\/\/jornalfatosenoticias.com.br\/index.php\/wp-json\/wp\/v2\/media?parent=31951"}],"wp:term":[{"taxonomy":"category","embeddable":true,"href":"https:\/\/jornalfatosenoticias.com.br\/index.php\/wp-json\/wp\/v2\/categories?post=31951"},{"taxonomy":"post_tag","embeddable":true,"href":"https:\/\/jornalfatosenoticias.com.br\/index.php\/wp-json\/wp\/v2\/tags?post=31951"}],"curies":[{"name":"wp","href":"https:\/\/api.w.org\/{rel}","templated":true}]}}