{"id":31961,"date":"2022-07-04T12:03:04","date_gmt":"2022-07-04T15:03:04","guid":{"rendered":"https:\/\/jornalfatosenoticias.com.br\/?p=31961"},"modified":"2022-07-04T12:03:05","modified_gmt":"2022-07-04T15:03:05","slug":"apenas-uma-a-cada-cinco-pessoas-tem-saude-cardiovascular-ideal-revela-estudo","status":"publish","type":"post","link":"https:\/\/jornalfatosenoticias.com.br\/index.php\/2022\/07\/04\/apenas-uma-a-cada-cinco-pessoas-tem-saude-cardiovascular-ideal-revela-estudo\/","title":{"rendered":"Apenas uma a cada cinco pessoas tem sa\u00fade cardiovascular ideal, revela estudo"},"content":{"rendered":"\n<div class=\"wp-block-image\"><figure class=\"aligncenter size-large is-resized\"><img loading=\"lazy\" decoding=\"async\" src=\"https:\/\/jornalfatosenoticias.com.br\/wp-content\/uploads\/2022\/02\/Arte-Autoescola-Galatas_endereco_portal-1024x103.png\" alt=\"\" class=\"wp-image-27869\" width=\"510\" height=\"51\" srcset=\"https:\/\/jornalfatosenoticias.com.br\/wp-content\/uploads\/2022\/02\/Arte-Autoescola-Galatas_endereco_portal-1024x103.png 1024w, https:\/\/jornalfatosenoticias.com.br\/wp-content\/uploads\/2022\/02\/Arte-Autoescola-Galatas_endereco_portal-300x30.png 300w, https:\/\/jornalfatosenoticias.com.br\/wp-content\/uploads\/2022\/02\/Arte-Autoescola-Galatas_endereco_portal-768x77.png 768w, https:\/\/jornalfatosenoticias.com.br\/wp-content\/uploads\/2022\/02\/Arte-Autoescola-Galatas_endereco_portal.png 1223w\" sizes=\"auto, (max-width: 510px) 100vw, 510px\" \/><\/figure><\/div>\n\n\n\n<p>De acordo com um novo <a href=\"https:\/\/olhardigital.com.br\/tag\/estudo\/\" target=\"_blank\" rel=\"noreferrer noopener\">estudo<\/a>\u00a0baseado na atualiza\u00e7\u00e3o das orienta\u00e7\u00f5es do Life\u2019s Essential 8, da American Heart Association (AHA), 80% das pessoas nos\u00a0<a href=\"https:\/\/olhardigital.com.br\/tag\/eua\/\" target=\"_blank\" rel=\"noreferrer noopener\">EUA<\/a> t\u00eam sa\u00fade cardiovascular de n\u00edvel baixo a moderado. A porcentagem indica que a cada cinco americanos, apenas um est\u00e1 com a sa\u00fade do cora\u00e7\u00e3o em dia.<br>Publicado na \u00faltima quarta-feira (29) <a href=\"https:\/\/www.ahajournals.org\/doi\/10.1161\/CIRCULATIONAHA.122.060911\" target=\"_blank\" rel=\"noreferrer noopener\">na\u00a0revista\u00a0Circulation<\/a>\u00a0e divulgado tamb\u00e9m pelo\u00a0<em>Medical Xpress<\/em>, o levantamento mediu a sa\u00fade cardiovascular de mais de 23 mil pessoas. A medi\u00e7\u00e3o, que considerou adultos e crian\u00e7as, foi realizada com base em oito componentes essenciais para a sa\u00fade ideal do cora\u00e7\u00e3o e\u00a0do\u00a0<a href=\"https:\/\/olhardigital.com.br\/tag\/cerebro\/\" target=\"_blank\" rel=\"noreferrer noopener\">c\u00e9rebro<\/a>: dieta, atividade f\u00edsica, exposi\u00e7\u00e3o \u00e0 nicotina, dura\u00e7\u00e3o do sono, \u00edndice de massa corporal, lip\u00eddios no sangue, glicemia e press\u00e3o arterial.<\/p>\n\n\n\n<div class=\"wp-block-image\"><figure class=\"alignleft size-large is-resized\"><img loading=\"lazy\" decoding=\"async\" src=\"https:\/\/jornalfatosenoticias.com.br\/wp-content\/uploads\/2022\/03\/logo-Suinco-1024x390.jpg\" alt=\"\" class=\"wp-image-28785\" width=\"283\" height=\"107\"\/><\/figure><\/div>\n\n\n\n<p>O sistema de an\u00e1lise usou o esquema de pontua\u00e7\u00e3o para mensurar o \u00edndice. De forma simplificada, de 80 a 100 pontos a sa\u00fade era considerada \u201calta\u201d (sa\u00fade ideal), de 50 a 79 moderada, e inferior a 50 \u201cbaixa\u201d (ruim).<br>Para os pesquisadores, os dados mostraram que a sa\u00fade do cora\u00e7\u00e3o da <a href=\"https:\/\/olhardigital.com.br\/tag\/populacao\/\" target=\"_blank\" rel=\"noreferrer noopener\">popula\u00e7\u00e3o<\/a> em geral est\u00e1 bem abaixo do que seria considerado ideal. Os homens foram os que mais apresentaram pontua\u00e7\u00e3o de m\u00e9dia a baixa. Entre os componentes que mais colaboraram na baixa pontua\u00e7\u00e3o est\u00e3o: dieta ruim, falta de exerc\u00edcios e IMC acima do recomendado (o que pode estar ligado \u00e0 dieta).<br>Naturalmente, a pontua\u00e7\u00e3o de sa\u00fade cardiovascular em pessoas mais velhas foi mais baixa. Crian\u00e7as tamb\u00e9m apresentaram um score ruim relacionados \u00e0 alimenta\u00e7\u00e3o.<\/p>\n\n\n\n<div class=\"wp-block-image\"><figure class=\"aligncenter size-large is-resized\"><img loading=\"lazy\" decoding=\"async\" src=\"https:\/\/jornalfatosenoticias.com.br\/wp-content\/uploads\/2022\/02\/Precisao-Contabilidade-1024x724.jpg\" alt=\"\" class=\"wp-image-28088\" width=\"325\" height=\"230\"\/><\/figure><\/div>\n\n\n\n<blockquote class=\"wp-block-quote is-layout-flow wp-block-quote-is-layout-flow\"><p><span class=\"has-inline-color has-luminous-vivid-orange-color\">\u201cEsses dados representam o primeiro olhar sobre a sa\u00fade cardiovascular da popula\u00e7\u00e3o dos EUA usando o novo algoritmo de pontua\u00e7\u00e3o do Life\u2019s Essential 8 da AHA\u201d, disse Donald M. Lloyd-Jones, l\u00edder do estudo e presidente da American Heart Association. \u201cNo geral, a sa\u00fade cardiovascular da popula\u00e7\u00e3o dos EUA est\u00e1 abaixo do ideal, e vemos diferen\u00e7as importantes entre grupos et\u00e1rios e sociodemogr\u00e1ficos referente \u00e0 sa\u00fade ao longo da vida\u201d, acrescentou.<\/span><\/p><\/blockquote>\n\n\n\n<div class=\"wp-block-image\"><figure class=\"aligncenter size-large is-resized\"><img loading=\"lazy\" decoding=\"async\" src=\"https:\/\/jornalfatosenoticias.com.br\/wp-content\/uploads\/2022\/07\/Assinatura-Marketing-1024x300.png\" alt=\"\" class=\"wp-image-31962\" width=\"502\" height=\"146\" srcset=\"https:\/\/jornalfatosenoticias.com.br\/wp-content\/uploads\/2022\/07\/Assinatura-Marketing-1024x300.png 1024w, https:\/\/jornalfatosenoticias.com.br\/wp-content\/uploads\/2022\/07\/Assinatura-Marketing-300x88.png 300w, https:\/\/jornalfatosenoticias.com.br\/wp-content\/uploads\/2022\/07\/Assinatura-Marketing-768x225.png 768w, https:\/\/jornalfatosenoticias.com.br\/wp-content\/uploads\/2022\/07\/Assinatura-Marketing-1536x451.png 1536w, https:\/\/jornalfatosenoticias.com.br\/wp-content\/uploads\/2022\/07\/Assinatura-Marketing-2048x601.png 2048w\" sizes=\"auto, (max-width: 502px) 100vw, 502px\" \/><\/figure><\/div>\n\n\n\n<p><strong><em>Fonte: <a href=\"https:\/\/olhardigital.com.br\/2022\/06\/29\/medicina-e-saude\/apenas-1-a-cada-5-pessoas-tem-saude-cardiovascular-ideal-revela-estudo\/\">Olhar Digital<\/a><\/em><\/strong><\/p>\n","protected":false},"excerpt":{"rendered":"<p>De acordo com um novo estudo\u00a0baseado na atualiza\u00e7\u00e3o das orienta\u00e7\u00f5es do Life\u2019s Essential 8, da American Heart Association (AHA), 80% das pessoas nos\u00a0EUA t\u00eam sa\u00fade cardiovascular de n\u00edvel baixo a moderado. A porcentagem indica que a cada cinco americanos, apenas um est\u00e1 com a sa\u00fade do cora\u00e7\u00e3o em dia.Publicado na \u00faltima quarta-feira (29) na\u00a0revista\u00a0Circulation\u00a0e divulgado [&hellip;]<\/p>\n","protected":false},"author":2,"featured_media":31963,"comment_status":"open","ping_status":"open","sticky":false,"template":"","format":"standard","meta":{"footnotes":""},"categories":[11],"tags":[1221,2617,7019,5751],"class_list":["post-31961","post","type-post","status-publish","format-standard","has-post-thumbnail","hentry","category-saude","tag-coracao","tag-doencas-cardiovasculares","tag-estudo-cientifico","tag-saude-do-coracao"],"yoast_head":"<!-- This site is optimized with the Yoast SEO plugin v26.5 - https:\/\/yoast.com\/wordpress\/plugins\/seo\/ -->\n<title>Apenas uma a cada cinco pessoas tem sa\u00fade cardiovascular ideal, revela estudo - Jornal Fatos e Not\u00edcias<\/title>\n<meta name=\"robots\" content=\"index, follow, max-snippet:-1, max-image-preview:large, max-video-preview:-1\" \/>\n<link rel=\"canonical\" href=\"https:\/\/jornalfatosenoticias.com.br\/index.php\/2022\/07\/04\/apenas-uma-a-cada-cinco-pessoas-tem-saude-cardiovascular-ideal-revela-estudo\/\" \/>\n<meta property=\"og:locale\" content=\"pt_BR\" \/>\n<meta property=\"og:type\" content=\"article\" \/>\n<meta property=\"og:title\" content=\"Apenas uma a cada cinco pessoas tem sa\u00fade cardiovascular ideal, revela estudo - Jornal Fatos e Not\u00edcias\" \/>\n<meta property=\"og:description\" content=\"De acordo com um novo estudo\u00a0baseado na atualiza\u00e7\u00e3o das orienta\u00e7\u00f5es do Life\u2019s Essential 8, da American Heart Association (AHA), 80% das pessoas nos\u00a0EUA t\u00eam sa\u00fade cardiovascular de n\u00edvel baixo a moderado. A porcentagem indica que a cada cinco americanos, apenas um est\u00e1 com a sa\u00fade do cora\u00e7\u00e3o em dia.Publicado na \u00faltima quarta-feira (29) na\u00a0revista\u00a0Circulation\u00a0e divulgado [&hellip;]\" \/>\n<meta property=\"og:url\" content=\"https:\/\/jornalfatosenoticias.com.br\/index.php\/2022\/07\/04\/apenas-uma-a-cada-cinco-pessoas-tem-saude-cardiovascular-ideal-revela-estudo\/\" \/>\n<meta property=\"og:site_name\" content=\"Jornal Fatos e Not\u00edcias\" \/>\n<meta property=\"article:published_time\" content=\"2022-07-04T15:03:04+00:00\" \/>\n<meta property=\"article:modified_time\" content=\"2022-07-04T15:03:05+00:00\" \/>\n<meta property=\"og:image\" content=\"https:\/\/jornalfatosenoticias.com.br\/wp-content\/uploads\/2022\/07\/Saude-do-coracao.jpg\" \/>\n\t<meta property=\"og:image:width\" content=\"1000\" \/>\n\t<meta property=\"og:image:height\" content=\"225\" \/>\n\t<meta property=\"og:image:type\" content=\"image\/jpeg\" \/>\n<meta name=\"author\" content=\"Luzimara Fernandes\" \/>\n<meta name=\"twitter:card\" content=\"summary_large_image\" \/>\n<meta name=\"twitter:label1\" content=\"Escrito por\" \/>\n\t<meta name=\"twitter:data1\" content=\"Luzimara Fernandes\" \/>\n\t<meta name=\"twitter:label2\" content=\"Est. tempo de leitura\" \/>\n\t<meta name=\"twitter:data2\" content=\"2 minutos\" \/>\n<script type=\"application\/ld+json\" class=\"yoast-schema-graph\">{\"@context\":\"https:\/\/schema.org\",\"@graph\":[{\"@type\":\"Article\",\"@id\":\"https:\/\/jornalfatosenoticias.com.br\/index.php\/2022\/07\/04\/apenas-uma-a-cada-cinco-pessoas-tem-saude-cardiovascular-ideal-revela-estudo\/#article\",\"isPartOf\":{\"@id\":\"https:\/\/jornalfatosenoticias.com.br\/index.php\/2022\/07\/04\/apenas-uma-a-cada-cinco-pessoas-tem-saude-cardiovascular-ideal-revela-estudo\/\"},\"author\":{\"name\":\"Luzimara Fernandes\",\"@id\":\"https:\/\/jornalfatosenoticias.com.br\/#\/schema\/person\/d63837fa13ac8666eb9e74e0985d6f81\"},\"headline\":\"Apenas uma a cada cinco pessoas tem sa\u00fade cardiovascular ideal, revela estudo\",\"datePublished\":\"2022-07-04T15:03:04+00:00\",\"dateModified\":\"2022-07-04T15:03:05+00:00\",\"mainEntityOfPage\":{\"@id\":\"https:\/\/jornalfatosenoticias.com.br\/index.php\/2022\/07\/04\/apenas-uma-a-cada-cinco-pessoas-tem-saude-cardiovascular-ideal-revela-estudo\/\"},\"wordCount\":363,\"commentCount\":0,\"publisher\":{\"@id\":\"https:\/\/jornalfatosenoticias.com.br\/#organization\"},\"image\":{\"@id\":\"https:\/\/jornalfatosenoticias.com.br\/index.php\/2022\/07\/04\/apenas-uma-a-cada-cinco-pessoas-tem-saude-cardiovascular-ideal-revela-estudo\/#primaryimage\"},\"thumbnailUrl\":\"https:\/\/jornalfatosenoticias.com.br\/wp-content\/uploads\/2022\/07\/Saude-do-coracao.jpg\",\"keywords\":[\"cora\u00e7\u00e3o\",\"doen\u00e7as cardiovasculares\",\"estudo cient\u00edfico\",\"sa\u00fade do cora\u00e7\u00e3o\"],\"articleSection\":[\"Sa\u00fade\"],\"inLanguage\":\"pt-BR\",\"potentialAction\":[{\"@type\":\"CommentAction\",\"name\":\"Comment\",\"target\":[\"https:\/\/jornalfatosenoticias.com.br\/index.php\/2022\/07\/04\/apenas-uma-a-cada-cinco-pessoas-tem-saude-cardiovascular-ideal-revela-estudo\/#respond\"]}]},{\"@type\":\"WebPage\",\"@id\":\"https:\/\/jornalfatosenoticias.com.br\/index.php\/2022\/07\/04\/apenas-uma-a-cada-cinco-pessoas-tem-saude-cardiovascular-ideal-revela-estudo\/\",\"url\":\"https:\/\/jornalfatosenoticias.com.br\/index.php\/2022\/07\/04\/apenas-uma-a-cada-cinco-pessoas-tem-saude-cardiovascular-ideal-revela-estudo\/\",\"name\":\"Apenas uma a cada cinco pessoas tem sa\u00fade cardiovascular ideal, revela estudo - Jornal Fatos e Not\u00edcias\",\"isPartOf\":{\"@id\":\"https:\/\/jornalfatosenoticias.com.br\/#website\"},\"primaryImageOfPage\":{\"@id\":\"https:\/\/jornalfatosenoticias.com.br\/index.php\/2022\/07\/04\/apenas-uma-a-cada-cinco-pessoas-tem-saude-cardiovascular-ideal-revela-estudo\/#primaryimage\"},\"image\":{\"@id\":\"https:\/\/jornalfatosenoticias.com.br\/index.php\/2022\/07\/04\/apenas-uma-a-cada-cinco-pessoas-tem-saude-cardiovascular-ideal-revela-estudo\/#primaryimage\"},\"thumbnailUrl\":\"https:\/\/jornalfatosenoticias.com.br\/wp-content\/uploads\/2022\/07\/Saude-do-coracao.jpg\",\"datePublished\":\"2022-07-04T15:03:04+00:00\",\"dateModified\":\"2022-07-04T15:03:05+00:00\",\"breadcrumb\":{\"@id\":\"https:\/\/jornalfatosenoticias.com.br\/index.php\/2022\/07\/04\/apenas-uma-a-cada-cinco-pessoas-tem-saude-cardiovascular-ideal-revela-estudo\/#breadcrumb\"},\"inLanguage\":\"pt-BR\",\"potentialAction\":[{\"@type\":\"ReadAction\",\"target\":[\"https:\/\/jornalfatosenoticias.com.br\/index.php\/2022\/07\/04\/apenas-uma-a-cada-cinco-pessoas-tem-saude-cardiovascular-ideal-revela-estudo\/\"]}]},{\"@type\":\"ImageObject\",\"inLanguage\":\"pt-BR\",\"@id\":\"https:\/\/jornalfatosenoticias.com.br\/index.php\/2022\/07\/04\/apenas-uma-a-cada-cinco-pessoas-tem-saude-cardiovascular-ideal-revela-estudo\/#primaryimage\",\"url\":\"https:\/\/jornalfatosenoticias.com.br\/wp-content\/uploads\/2022\/07\/Saude-do-coracao.jpg\",\"contentUrl\":\"https:\/\/jornalfatosenoticias.com.br\/wp-content\/uploads\/2022\/07\/Saude-do-coracao.jpg\",\"width\":1000,\"height\":225},{\"@type\":\"BreadcrumbList\",\"@id\":\"https:\/\/jornalfatosenoticias.com.br\/index.php\/2022\/07\/04\/apenas-uma-a-cada-cinco-pessoas-tem-saude-cardiovascular-ideal-revela-estudo\/#breadcrumb\",\"itemListElement\":[{\"@type\":\"ListItem\",\"position\":1,\"name\":\"In\u00edcio\",\"item\":\"https:\/\/jornalfatosenoticias.com.br\/\"},{\"@type\":\"ListItem\",\"position\":2,\"name\":\"Apenas uma a cada cinco pessoas tem sa\u00fade cardiovascular ideal, revela estudo\"}]},{\"@type\":\"WebSite\",\"@id\":\"https:\/\/jornalfatosenoticias.com.br\/#website\",\"url\":\"https:\/\/jornalfatosenoticias.com.br\/\",\"name\":\"Jornal Fatos e Not\u00edcias\",\"description\":\"Not\u00edcias em geral\",\"publisher\":{\"@id\":\"https:\/\/jornalfatosenoticias.com.br\/#organization\"},\"potentialAction\":[{\"@type\":\"SearchAction\",\"target\":{\"@type\":\"EntryPoint\",\"urlTemplate\":\"https:\/\/jornalfatosenoticias.com.br\/?s={search_term_string}\"},\"query-input\":{\"@type\":\"PropertyValueSpecification\",\"valueRequired\":true,\"valueName\":\"search_term_string\"}}],\"inLanguage\":\"pt-BR\"},{\"@type\":\"Organization\",\"@id\":\"https:\/\/jornalfatosenoticias.com.br\/#organization\",\"name\":\"Jornal Fatos e Not\u00edcias\",\"url\":\"https:\/\/jornalfatosenoticias.com.br\/\",\"logo\":{\"@type\":\"ImageObject\",\"inLanguage\":\"pt-BR\",\"@id\":\"https:\/\/jornalfatosenoticias.com.br\/#\/schema\/logo\/image\/\",\"url\":\"https:\/\/jornalfatosenoticias.com.br\/wp-content\/uploads\/2020\/02\/logo120.png\",\"contentUrl\":\"https:\/\/jornalfatosenoticias.com.br\/wp-content\/uploads\/2020\/02\/logo120.png\",\"width\":1227,\"height\":120,\"caption\":\"Jornal Fatos e Not\u00edcias\"},\"image\":{\"@id\":\"https:\/\/jornalfatosenoticias.com.br\/#\/schema\/logo\/image\/\"}},{\"@type\":\"Person\",\"@id\":\"https:\/\/jornalfatosenoticias.com.br\/#\/schema\/person\/d63837fa13ac8666eb9e74e0985d6f81\",\"name\":\"Luzimara Fernandes\",\"image\":{\"@type\":\"ImageObject\",\"inLanguage\":\"pt-BR\",\"@id\":\"https:\/\/jornalfatosenoticias.com.br\/#\/schema\/person\/image\/\",\"url\":\"https:\/\/jornalfatosenoticias.com.br\/wp-content\/uploads\/2025\/05\/EU_portal.jpg\",\"contentUrl\":\"https:\/\/jornalfatosenoticias.com.br\/wp-content\/uploads\/2025\/05\/EU_portal.jpg\",\"caption\":\"Luzimara Fernandes\"},\"description\":\"Jornalista MTB 2358-ES\",\"sameAs\":[\"https:\/\/jornalfatosenoticias.com.br\"],\"url\":\"https:\/\/jornalfatosenoticias.com.br\/index.php\/author\/luzimara\/\"}]}<\/script>\n<!-- \/ Yoast SEO plugin. -->","yoast_head_json":{"title":"Apenas uma a cada cinco pessoas tem sa\u00fade cardiovascular ideal, revela estudo - Jornal Fatos e Not\u00edcias","robots":{"index":"index","follow":"follow","max-snippet":"max-snippet:-1","max-image-preview":"max-image-preview:large","max-video-preview":"max-video-preview:-1"},"canonical":"https:\/\/jornalfatosenoticias.com.br\/index.php\/2022\/07\/04\/apenas-uma-a-cada-cinco-pessoas-tem-saude-cardiovascular-ideal-revela-estudo\/","og_locale":"pt_BR","og_type":"article","og_title":"Apenas uma a cada cinco pessoas tem sa\u00fade cardiovascular ideal, revela estudo - Jornal Fatos e Not\u00edcias","og_description":"De acordo com um novo estudo\u00a0baseado na atualiza\u00e7\u00e3o das orienta\u00e7\u00f5es do Life\u2019s Essential 8, da American Heart Association (AHA), 80% das pessoas nos\u00a0EUA t\u00eam sa\u00fade cardiovascular de n\u00edvel baixo a moderado. A porcentagem indica que a cada cinco americanos, apenas um est\u00e1 com a sa\u00fade do cora\u00e7\u00e3o em dia.Publicado na \u00faltima quarta-feira (29) na\u00a0revista\u00a0Circulation\u00a0e divulgado [&hellip;]","og_url":"https:\/\/jornalfatosenoticias.com.br\/index.php\/2022\/07\/04\/apenas-uma-a-cada-cinco-pessoas-tem-saude-cardiovascular-ideal-revela-estudo\/","og_site_name":"Jornal Fatos e Not\u00edcias","article_published_time":"2022-07-04T15:03:04+00:00","article_modified_time":"2022-07-04T15:03:05+00:00","og_image":[{"width":1000,"height":225,"url":"https:\/\/jornalfatosenoticias.com.br\/wp-content\/uploads\/2022\/07\/Saude-do-coracao.jpg","type":"image\/jpeg"}],"author":"Luzimara Fernandes","twitter_card":"summary_large_image","twitter_misc":{"Escrito por":"Luzimara Fernandes","Est. tempo de leitura":"2 minutos"},"schema":{"@context":"https:\/\/schema.org","@graph":[{"@type":"Article","@id":"https:\/\/jornalfatosenoticias.com.br\/index.php\/2022\/07\/04\/apenas-uma-a-cada-cinco-pessoas-tem-saude-cardiovascular-ideal-revela-estudo\/#article","isPartOf":{"@id":"https:\/\/jornalfatosenoticias.com.br\/index.php\/2022\/07\/04\/apenas-uma-a-cada-cinco-pessoas-tem-saude-cardiovascular-ideal-revela-estudo\/"},"author":{"name":"Luzimara Fernandes","@id":"https:\/\/jornalfatosenoticias.com.br\/#\/schema\/person\/d63837fa13ac8666eb9e74e0985d6f81"},"headline":"Apenas uma a cada cinco pessoas tem sa\u00fade cardiovascular ideal, revela estudo","datePublished":"2022-07-04T15:03:04+00:00","dateModified":"2022-07-04T15:03:05+00:00","mainEntityOfPage":{"@id":"https:\/\/jornalfatosenoticias.com.br\/index.php\/2022\/07\/04\/apenas-uma-a-cada-cinco-pessoas-tem-saude-cardiovascular-ideal-revela-estudo\/"},"wordCount":363,"commentCount":0,"publisher":{"@id":"https:\/\/jornalfatosenoticias.com.br\/#organization"},"image":{"@id":"https:\/\/jornalfatosenoticias.com.br\/index.php\/2022\/07\/04\/apenas-uma-a-cada-cinco-pessoas-tem-saude-cardiovascular-ideal-revela-estudo\/#primaryimage"},"thumbnailUrl":"https:\/\/jornalfatosenoticias.com.br\/wp-content\/uploads\/2022\/07\/Saude-do-coracao.jpg","keywords":["cora\u00e7\u00e3o","doen\u00e7as cardiovasculares","estudo cient\u00edfico","sa\u00fade do cora\u00e7\u00e3o"],"articleSection":["Sa\u00fade"],"inLanguage":"pt-BR","potentialAction":[{"@type":"CommentAction","name":"Comment","target":["https:\/\/jornalfatosenoticias.com.br\/index.php\/2022\/07\/04\/apenas-uma-a-cada-cinco-pessoas-tem-saude-cardiovascular-ideal-revela-estudo\/#respond"]}]},{"@type":"WebPage","@id":"https:\/\/jornalfatosenoticias.com.br\/index.php\/2022\/07\/04\/apenas-uma-a-cada-cinco-pessoas-tem-saude-cardiovascular-ideal-revela-estudo\/","url":"https:\/\/jornalfatosenoticias.com.br\/index.php\/2022\/07\/04\/apenas-uma-a-cada-cinco-pessoas-tem-saude-cardiovascular-ideal-revela-estudo\/","name":"Apenas uma a cada cinco pessoas tem sa\u00fade cardiovascular ideal, revela estudo - Jornal Fatos e Not\u00edcias","isPartOf":{"@id":"https:\/\/jornalfatosenoticias.com.br\/#website"},"primaryImageOfPage":{"@id":"https:\/\/jornalfatosenoticias.com.br\/index.php\/2022\/07\/04\/apenas-uma-a-cada-cinco-pessoas-tem-saude-cardiovascular-ideal-revela-estudo\/#primaryimage"},"image":{"@id":"https:\/\/jornalfatosenoticias.com.br\/index.php\/2022\/07\/04\/apenas-uma-a-cada-cinco-pessoas-tem-saude-cardiovascular-ideal-revela-estudo\/#primaryimage"},"thumbnailUrl":"https:\/\/jornalfatosenoticias.com.br\/wp-content\/uploads\/2022\/07\/Saude-do-coracao.jpg","datePublished":"2022-07-04T15:03:04+00:00","dateModified":"2022-07-04T15:03:05+00:00","breadcrumb":{"@id":"https:\/\/jornalfatosenoticias.com.br\/index.php\/2022\/07\/04\/apenas-uma-a-cada-cinco-pessoas-tem-saude-cardiovascular-ideal-revela-estudo\/#breadcrumb"},"inLanguage":"pt-BR","potentialAction":[{"@type":"ReadAction","target":["https:\/\/jornalfatosenoticias.com.br\/index.php\/2022\/07\/04\/apenas-uma-a-cada-cinco-pessoas-tem-saude-cardiovascular-ideal-revela-estudo\/"]}]},{"@type":"ImageObject","inLanguage":"pt-BR","@id":"https:\/\/jornalfatosenoticias.com.br\/index.php\/2022\/07\/04\/apenas-uma-a-cada-cinco-pessoas-tem-saude-cardiovascular-ideal-revela-estudo\/#primaryimage","url":"https:\/\/jornalfatosenoticias.com.br\/wp-content\/uploads\/2022\/07\/Saude-do-coracao.jpg","contentUrl":"https:\/\/jornalfatosenoticias.com.br\/wp-content\/uploads\/2022\/07\/Saude-do-coracao.jpg","width":1000,"height":225},{"@type":"BreadcrumbList","@id":"https:\/\/jornalfatosenoticias.com.br\/index.php\/2022\/07\/04\/apenas-uma-a-cada-cinco-pessoas-tem-saude-cardiovascular-ideal-revela-estudo\/#breadcrumb","itemListElement":[{"@type":"ListItem","position":1,"name":"In\u00edcio","item":"https:\/\/jornalfatosenoticias.com.br\/"},{"@type":"ListItem","position":2,"name":"Apenas uma a cada cinco pessoas tem sa\u00fade cardiovascular ideal, revela estudo"}]},{"@type":"WebSite","@id":"https:\/\/jornalfatosenoticias.com.br\/#website","url":"https:\/\/jornalfatosenoticias.com.br\/","name":"Jornal Fatos e Not\u00edcias","description":"Not\u00edcias em geral","publisher":{"@id":"https:\/\/jornalfatosenoticias.com.br\/#organization"},"potentialAction":[{"@type":"SearchAction","target":{"@type":"EntryPoint","urlTemplate":"https:\/\/jornalfatosenoticias.com.br\/?s={search_term_string}"},"query-input":{"@type":"PropertyValueSpecification","valueRequired":true,"valueName":"search_term_string"}}],"inLanguage":"pt-BR"},{"@type":"Organization","@id":"https:\/\/jornalfatosenoticias.com.br\/#organization","name":"Jornal Fatos e Not\u00edcias","url":"https:\/\/jornalfatosenoticias.com.br\/","logo":{"@type":"ImageObject","inLanguage":"pt-BR","@id":"https:\/\/jornalfatosenoticias.com.br\/#\/schema\/logo\/image\/","url":"https:\/\/jornalfatosenoticias.com.br\/wp-content\/uploads\/2020\/02\/logo120.png","contentUrl":"https:\/\/jornalfatosenoticias.com.br\/wp-content\/uploads\/2020\/02\/logo120.png","width":1227,"height":120,"caption":"Jornal Fatos e Not\u00edcias"},"image":{"@id":"https:\/\/jornalfatosenoticias.com.br\/#\/schema\/logo\/image\/"}},{"@type":"Person","@id":"https:\/\/jornalfatosenoticias.com.br\/#\/schema\/person\/d63837fa13ac8666eb9e74e0985d6f81","name":"Luzimara Fernandes","image":{"@type":"ImageObject","inLanguage":"pt-BR","@id":"https:\/\/jornalfatosenoticias.com.br\/#\/schema\/person\/image\/","url":"https:\/\/jornalfatosenoticias.com.br\/wp-content\/uploads\/2025\/05\/EU_portal.jpg","contentUrl":"https:\/\/jornalfatosenoticias.com.br\/wp-content\/uploads\/2025\/05\/EU_portal.jpg","caption":"Luzimara Fernandes"},"description":"Jornalista MTB 2358-ES","sameAs":["https:\/\/jornalfatosenoticias.com.br"],"url":"https:\/\/jornalfatosenoticias.com.br\/index.php\/author\/luzimara\/"}]}},"cc_featured_image_caption":{"caption_text":" (Foto: Shtterstock)","source_text":"","source_url":""},"jetpack_featured_media_url":"https:\/\/jornalfatosenoticias.com.br\/wp-content\/uploads\/2022\/07\/Saude-do-coracao.jpg","_links":{"self":[{"href":"https:\/\/jornalfatosenoticias.com.br\/index.php\/wp-json\/wp\/v2\/posts\/31961","targetHints":{"allow":["GET"]}}],"collection":[{"href":"https:\/\/jornalfatosenoticias.com.br\/index.php\/wp-json\/wp\/v2\/posts"}],"about":[{"href":"https:\/\/jornalfatosenoticias.com.br\/index.php\/wp-json\/wp\/v2\/types\/post"}],"author":[{"embeddable":true,"href":"https:\/\/jornalfatosenoticias.com.br\/index.php\/wp-json\/wp\/v2\/users\/2"}],"replies":[{"embeddable":true,"href":"https:\/\/jornalfatosenoticias.com.br\/index.php\/wp-json\/wp\/v2\/comments?post=31961"}],"version-history":[{"count":0,"href":"https:\/\/jornalfatosenoticias.com.br\/index.php\/wp-json\/wp\/v2\/posts\/31961\/revisions"}],"wp:featuredmedia":[{"embeddable":true,"href":"https:\/\/jornalfatosenoticias.com.br\/index.php\/wp-json\/wp\/v2\/media\/31963"}],"wp:attachment":[{"href":"https:\/\/jornalfatosenoticias.com.br\/index.php\/wp-json\/wp\/v2\/media?parent=31961"}],"wp:term":[{"taxonomy":"category","embeddable":true,"href":"https:\/\/jornalfatosenoticias.com.br\/index.php\/wp-json\/wp\/v2\/categories?post=31961"},{"taxonomy":"post_tag","embeddable":true,"href":"https:\/\/jornalfatosenoticias.com.br\/index.php\/wp-json\/wp\/v2\/tags?post=31961"}],"curies":[{"name":"wp","href":"https:\/\/api.w.org\/{rel}","templated":true}]}}