{"id":31970,"date":"2022-07-04T12:47:45","date_gmt":"2022-07-04T15:47:45","guid":{"rendered":"https:\/\/jornalfatosenoticias.com.br\/?p=31970"},"modified":"2022-07-04T12:47:49","modified_gmt":"2022-07-04T15:47:49","slug":"violencia-e-criminalidade-perda-do-fio-da-meada-parte-1","status":"publish","type":"post","link":"https:\/\/jornalfatosenoticias.com.br\/index.php\/2022\/07\/04\/violencia-e-criminalidade-perda-do-fio-da-meada-parte-1\/","title":{"rendered":"Viol\u00eancia e criminalidade: Perda do \u201cfio da meada\u201d \u2014 Parte 1"},"content":{"rendered":"\n<p><em><span class=\"has-inline-color has-luminous-vivid-orange-color\"><strong>Por<\/strong> Jos\u00e9 Nivaldo Campos Vieira<\/span><\/em><\/p>\n\n\n\n<div class=\"wp-block-image\"><figure class=\"aligncenter size-large is-resized\"><img loading=\"lazy\" decoding=\"async\" src=\"https:\/\/jornalfatosenoticias.com.br\/wp-content\/uploads\/2020\/02\/banner_ferramentas-1024x100.jpg\" alt=\"\" class=\"wp-image-1258\" width=\"499\" height=\"48\" srcset=\"https:\/\/jornalfatosenoticias.com.br\/wp-content\/uploads\/2020\/02\/banner_ferramentas-1024x100.jpg 1024w, https:\/\/jornalfatosenoticias.com.br\/wp-content\/uploads\/2020\/02\/banner_ferramentas-300x29.jpg 300w, https:\/\/jornalfatosenoticias.com.br\/wp-content\/uploads\/2020\/02\/banner_ferramentas-768x75.jpg 768w, https:\/\/jornalfatosenoticias.com.br\/wp-content\/uploads\/2020\/02\/banner_ferramentas.jpg 1227w\" sizes=\"auto, (max-width: 499px) 100vw, 499px\" \/><\/figure><\/div>\n\n\n\n<p>Imaginemos grandes novelos de linha. Mas vamos dar asas \u00e0 nossa imagina\u00e7\u00e3o. Imaginemos novelos bem grandes, muito grandes. Vamos para o s\u00e9culo XIX, meado do s\u00e9culo. Imaginemos estes novelos numa m\u00e1quina de tear, daquelas surgidas no advento da revolu\u00e7\u00e3o industrial, com o objetivo de produzir tecidos em larga escala.<br>Inovando na produ\u00e7\u00e3o de tecidos, agora em larga escala, a m\u00e1quina, revolucion\u00e1ria, substituta dos antigos teares, at\u00e9 ent\u00e3o existentes, r\u00fasticos e rudimentares. Mas, ainda, como nos apetrechos antigos, dependia totalmente das m\u00e3os humanas, da a\u00e7\u00e3o humana. Nada as substituem. Felizmente.<\/p>\n\n\n\n<div class=\"wp-block-image\"><figure class=\"aligncenter size-large is-resized\"><img loading=\"lazy\" decoding=\"async\" src=\"https:\/\/jornalfatosenoticias.com.br\/wp-content\/uploads\/2022\/07\/Logo-Grupo-SEI.jpg\" alt=\"\" class=\"wp-image-31973\" width=\"377\" height=\"198\" srcset=\"https:\/\/jornalfatosenoticias.com.br\/wp-content\/uploads\/2022\/07\/Logo-Grupo-SEI.jpg 713w, https:\/\/jornalfatosenoticias.com.br\/wp-content\/uploads\/2022\/07\/Logo-Grupo-SEI-300x158.jpg 300w\" sizes=\"auto, (max-width: 377px) 100vw, 377px\" \/><\/figure><\/div>\n\n\n\n<p>Dotadas de suportes para os rolos de fios, as meadas, para que o equipamento funcionasse, atingisse seu objetivo, o homem tinha que colocar os novelos de linha, buscar as suas pontas, e conectar cada um dos fios na posi\u00e7\u00e3o exata para que a m\u00e1quina pudesse fabricar o tecido, o que fazia em alta velocidade.<br>Quando um ou mais fios partia, se desligava da engrenagem que fabricava o tecido, a m\u00e1quina tinha que ser parada, e o fio, ou os fios partidos, precisava ser reconectado para que a m\u00e1quina voltasse a funcionar corretamente. Caso contr\u00e1rio, o tecido sairia com defeito.<\/p>\n\n\n\n<div class=\"wp-block-image\"><figure class=\"alignleft size-large is-resized\"><img loading=\"lazy\" decoding=\"async\" src=\"https:\/\/jornalfatosenoticias.com.br\/wp-content\/uploads\/2020\/02\/logo_esteio.jpg\" alt=\"\" class=\"wp-image-1214\" width=\"290\" height=\"242\"\/><\/figure><\/div>\n\n\n\n<p>O ato de emendar os fios exigia muita aten\u00e7\u00e3o e concentra\u00e7\u00e3o. Sem ter como acompanhar a velocidade da m\u00e1quina, por vezes, um ou mais fios se partiam e o oper\u00e1rio respons\u00e1vel pela produ\u00e7\u00e3o do tecido, seja por falta de concentra\u00e7\u00e3o, seja por cansa\u00e7o, decorrente das estafantes e exaustivas jornadas de trabalho, n\u00e3o observava. Ele \u201cperdia o fio da meada\u201d, e o tecido fabricado ficava defeituoso, sem qualidade.<br>Surge ent\u00e3o, na revolu\u00e7\u00e3o industrial, a express\u00e3o ainda hoje popular: \u201cperder o fio da meada\u201d. Quem teve a oportunidade de trabalhar ou mesmo de visitar uma antiga f\u00e1brica de tecidos em Viana, famosa pela produ\u00e7\u00e3o de linho, de reconhecimento e qualidade nacional e internacional, orgulho dos capixabas, lamentavelmente fechada, sabe exatamente como funciona o problema de \u201cperder o fio da meada\u201d.<\/p>\n\n\n\n<div class=\"wp-block-image\"><figure class=\"alignright size-large is-resized\"><img loading=\"lazy\" decoding=\"async\" src=\"https:\/\/jornalfatosenoticias.com.br\/wp-content\/uploads\/2020\/02\/nova-logo-Marquetti.jpg\" alt=\"\" class=\"wp-image-22331\" width=\"273\" height=\"183\" srcset=\"https:\/\/jornalfatosenoticias.com.br\/wp-content\/uploads\/2020\/02\/nova-logo-Marquetti.jpg 643w, https:\/\/jornalfatosenoticias.com.br\/wp-content\/uploads\/2020\/02\/nova-logo-Marquetti-300x202.jpg 300w\" sizes=\"auto, (max-width: 273px) 100vw, 273px\" \/><\/figure><\/div>\n\n\n\n<p>Na linha de produ\u00e7\u00e3o dos tecidos, principalmente em rela\u00e7\u00e3o aos teares mais antigos (muito barulhentos, diga-se de passagem), se o oper\u00e1rio n\u00e3o ficasse muito atento ao seu trabalho, ele \u201cperderia o fio da meada\u201d.<br>\u00c9 poss\u00edvel se fazer uma perfeita analogia entre o fato hist\u00f3rico acima e a realidade, nua e crua, da viol\u00eancia e criminalidade que permeiam a sociedade atual. Em maior ou menor grau, mas, de maneira generalizada, atinge, afeta, atemoriza a sociedade como um todo.<br>Como em uma fabrica\u00e7\u00e3o de um tecido, de algod\u00e3o ou linho, produto mais moderno, as rela\u00e7\u00f5es sociais s\u00e3o formadas, ou quem sabe poder\u00edamos dizer, \u201cteadas\u201d (tecidas, costuradas) por cada um dos indiv\u00edduos existentes neste planeta, que se une por aspectos culturais, sociais, religiosos, pol\u00edticos, econ\u00f4micos.<\/p>\n\n\n\n<div class=\"wp-block-image\"><figure class=\"aligncenter size-large is-resized\"><img loading=\"lazy\" decoding=\"async\" src=\"https:\/\/jornalfatosenoticias.com.br\/wp-content\/uploads\/2020\/02\/Serra-Grande-1024x160.png\" alt=\"\" class=\"wp-image-7836\" width=\"465\" height=\"72\"\/><\/figure><\/div>\n\n\n\n<p>Somos cada um de n\u00f3s um caro\u00e7o de algod\u00e3o, um peda\u00e7o de fio. Quando nos unimos, fabricamos as linhas. De pedacinho em pedacinho, formamos os carret\u00e9is, de diversos e variados tamanhos. Fam\u00edlia, rua, comunidade, munic\u00edpio e, assim por diante. S\u00e3o muitos carret\u00e9is, milhares, milh\u00f5es deles, que tecem o tecido social. Formam a malha social.<br>As rela\u00e7\u00f5es sociais podem ser definidas como sendo de boa qualidade, quando cada uma das linhas participa ocupando seu lugar, seu espa\u00e7o, com direitos e deveres no complexo \u201ctear\u201d que forma o tecido social, a malha social.<\/p>\n\n\n\n<div class=\"wp-block-image\"><figure class=\"aligncenter size-large is-resized\"><img loading=\"lazy\" decoding=\"async\" src=\"https:\/\/jornalfatosenoticias.com.br\/wp-content\/uploads\/2022\/05\/NOVA-LOGO-CESCONETTO-1024x100.jpg\" alt=\"\" class=\"wp-image-30792\" width=\"519\" height=\"50\" srcset=\"https:\/\/jornalfatosenoticias.com.br\/wp-content\/uploads\/2022\/05\/NOVA-LOGO-CESCONETTO-1024x100.jpg 1024w, https:\/\/jornalfatosenoticias.com.br\/wp-content\/uploads\/2022\/05\/NOVA-LOGO-CESCONETTO-300x29.jpg 300w, https:\/\/jornalfatosenoticias.com.br\/wp-content\/uploads\/2022\/05\/NOVA-LOGO-CESCONETTO-768x75.jpg 768w, https:\/\/jornalfatosenoticias.com.br\/wp-content\/uploads\/2022\/05\/NOVA-LOGO-CESCONETTO.jpg 1280w\" sizes=\"auto, (max-width: 519px) 100vw, 519px\" \/><\/figure><\/div>\n\n\n\n<p>Quando isso n\u00e3o ocorre, quando um fio, um carretel se desprende do tear, quando \u201cperdemos o fio da meada\u201d, o tecido fabricado n\u00e3o ter\u00e1 boa qualidade. Sair\u00e1 com defeito. O tecido social, hoje produzido na sociedade como um todo, e aqui me reporto de forma especial em rela\u00e7\u00e3o \u00e0 sociedade capixaba, no que se refere \u00e0 viol\u00eancia e \u00e0 criminalidade (dois fatores sociais que, embora g\u00eameos, desastrosos, perversos, n\u00e3o s\u00e3o univitelinos) n\u00e3o \u00e9, h\u00e1 muito tempo, de boa qualidade.<br>Eis, de forma simples e emblem\u00e1tica o nosso grande problema: \u201cPerdemos o fio da meada\u201d. Ele existe, est\u00e1 a\u00ed. Mas se encontra perdido. Solu\u00e7\u00e3o: vamos encontr\u00e1-lo, vamos reconect\u00e1-lo. Para isso n\u00e3o h\u00e1 solu\u00e7\u00f5es imediatistas, de rompante. Uma longa caminhada come\u00e7a sempre com o primeiro passo. Vamos \u201cprocurar o fio da meada\u201d.<\/p>\n\n\n\n<div class=\"wp-block-image\"><figure class=\"aligncenter size-large is-resized\"><img loading=\"lazy\" decoding=\"async\" src=\"https:\/\/jornalfatosenoticias.com.br\/wp-content\/uploads\/2020\/02\/Logo-Mizu-segunda-2-1024x99.png\" alt=\"\" class=\"wp-image-2353\" width=\"476\" height=\"46\" srcset=\"https:\/\/jornalfatosenoticias.com.br\/wp-content\/uploads\/2020\/02\/Logo-Mizu-segunda-2-1024x99.png 1024w, https:\/\/jornalfatosenoticias.com.br\/wp-content\/uploads\/2020\/02\/Logo-Mizu-segunda-2-300x29.png 300w, https:\/\/jornalfatosenoticias.com.br\/wp-content\/uploads\/2020\/02\/Logo-Mizu-segunda-2-768x74.png 768w, https:\/\/jornalfatosenoticias.com.br\/wp-content\/uploads\/2020\/02\/Logo-Mizu-segunda-2.png 1240w\" sizes=\"auto, (max-width: 476px) 100vw, 476px\" \/><\/figure><\/div>\n\n\n\n<div class=\"wp-block-image\"><figure class=\"alignleft size-large is-resized\"><img loading=\"lazy\" decoding=\"async\" src=\"https:\/\/jornalfatosenoticias.com.br\/wp-content\/uploads\/2022\/07\/jose-nivaldo_perfil-1.jpg\" alt=\"\" class=\"wp-image-31972\" width=\"273\" height=\"261\" srcset=\"https:\/\/jornalfatosenoticias.com.br\/wp-content\/uploads\/2022\/07\/jose-nivaldo_perfil-1.jpg 677w, https:\/\/jornalfatosenoticias.com.br\/wp-content\/uploads\/2022\/07\/jose-nivaldo_perfil-1-300x287.jpg 300w\" sizes=\"auto, (max-width: 273px) 100vw, 273px\" \/><figcaption><em><span class=\"has-inline-color has-black-color\"><strong>Jos\u00e9 Nivaldo Campos Vieira<br><\/strong>Advogado, formado em Filosofia,<br>coronel da Reserva da PMES e<br>empres\u00e1rio da \u00e1rea de seguran\u00e7a privada<br>nivaldo@seiinteligencia.com.br<\/span><\/em><\/figcaption><\/figure><\/div>\n","protected":false},"excerpt":{"rendered":"<p>Por Jos\u00e9 Nivaldo Campos Vieira Imaginemos grandes novelos de linha. Mas vamos dar asas \u00e0 nossa imagina\u00e7\u00e3o. Imaginemos novelos bem grandes, muito grandes. Vamos para o s\u00e9culo XIX, meado do s\u00e9culo. Imaginemos estes novelos numa m\u00e1quina de tear, daquelas surgidas no advento da revolu\u00e7\u00e3o industrial, com o objetivo de produzir tecidos em larga escala.Inovando na [&hellip;]<\/p>\n","protected":false},"author":2,"featured_media":31873,"comment_status":"open","ping_status":"open","sticky":false,"template":"","format":"standard","meta":{"footnotes":""},"categories":[5],"tags":[4100,15075,15076,4101,15121],"class_list":["post-31970","post","type-post","status-publish","format-standard","has-post-thumbnail","hentry","category-geral","tag-criminalidade","tag-fio-da-meada","tag-perder-o-fio-da-meada","tag-seguranca-publica","tag-teia-social"],"yoast_head":"<!-- This site is optimized with the Yoast SEO plugin v26.5 - https:\/\/yoast.com\/wordpress\/plugins\/seo\/ -->\n<title>Viol\u00eancia e criminalidade: Perda do \u201cfio da meada\u201d \u2014 Parte 1 - Jornal Fatos e Not\u00edcias<\/title>\n<meta name=\"robots\" content=\"index, follow, max-snippet:-1, max-image-preview:large, max-video-preview:-1\" \/>\n<link rel=\"canonical\" href=\"https:\/\/jornalfatosenoticias.com.br\/index.php\/2022\/07\/04\/violencia-e-criminalidade-perda-do-fio-da-meada-parte-1\/\" \/>\n<meta property=\"og:locale\" content=\"pt_BR\" \/>\n<meta property=\"og:type\" content=\"article\" \/>\n<meta property=\"og:title\" content=\"Viol\u00eancia e criminalidade: Perda do \u201cfio da meada\u201d \u2014 Parte 1 - Jornal Fatos e Not\u00edcias\" \/>\n<meta property=\"og:description\" content=\"Por Jos\u00e9 Nivaldo Campos Vieira Imaginemos grandes novelos de linha. Mas vamos dar asas \u00e0 nossa imagina\u00e7\u00e3o. Imaginemos novelos bem grandes, muito grandes. Vamos para o s\u00e9culo XIX, meado do s\u00e9culo. Imaginemos estes novelos numa m\u00e1quina de tear, daquelas surgidas no advento da revolu\u00e7\u00e3o industrial, com o objetivo de produzir tecidos em larga escala.Inovando na [&hellip;]\" \/>\n<meta property=\"og:url\" content=\"https:\/\/jornalfatosenoticias.com.br\/index.php\/2022\/07\/04\/violencia-e-criminalidade-perda-do-fio-da-meada-parte-1\/\" \/>\n<meta property=\"og:site_name\" content=\"Jornal Fatos e Not\u00edcias\" \/>\n<meta property=\"article:published_time\" content=\"2022-07-04T15:47:45+00:00\" \/>\n<meta property=\"article:modified_time\" content=\"2022-07-04T15:47:49+00:00\" \/>\n<meta property=\"og:image\" content=\"https:\/\/jornalfatosenoticias.com.br\/wp-content\/uploads\/2022\/06\/Perder-O-Fio-Da-Meada.jpg\" \/>\n\t<meta property=\"og:image:width\" content=\"1000\" \/>\n\t<meta property=\"og:image:height\" content=\"561\" \/>\n\t<meta property=\"og:image:type\" content=\"image\/jpeg\" \/>\n<meta name=\"author\" content=\"Luzimara Fernandes\" \/>\n<meta name=\"twitter:card\" content=\"summary_large_image\" \/>\n<meta name=\"twitter:label1\" content=\"Escrito por\" \/>\n\t<meta name=\"twitter:data1\" content=\"Luzimara Fernandes\" \/>\n\t<meta name=\"twitter:label2\" content=\"Est. tempo de leitura\" \/>\n\t<meta name=\"twitter:data2\" content=\"4 minutos\" \/>\n<script type=\"application\/ld+json\" class=\"yoast-schema-graph\">{\"@context\":\"https:\/\/schema.org\",\"@graph\":[{\"@type\":\"Article\",\"@id\":\"https:\/\/jornalfatosenoticias.com.br\/index.php\/2022\/07\/04\/violencia-e-criminalidade-perda-do-fio-da-meada-parte-1\/#article\",\"isPartOf\":{\"@id\":\"https:\/\/jornalfatosenoticias.com.br\/index.php\/2022\/07\/04\/violencia-e-criminalidade-perda-do-fio-da-meada-parte-1\/\"},\"author\":{\"name\":\"Luzimara Fernandes\",\"@id\":\"https:\/\/jornalfatosenoticias.com.br\/#\/schema\/person\/d63837fa13ac8666eb9e74e0985d6f81\"},\"headline\":\"Viol\u00eancia e criminalidade: Perda do \u201cfio da meada\u201d \u2014 Parte 1\",\"datePublished\":\"2022-07-04T15:47:45+00:00\",\"dateModified\":\"2022-07-04T15:47:49+00:00\",\"mainEntityOfPage\":{\"@id\":\"https:\/\/jornalfatosenoticias.com.br\/index.php\/2022\/07\/04\/violencia-e-criminalidade-perda-do-fio-da-meada-parte-1\/\"},\"wordCount\":766,\"commentCount\":0,\"publisher\":{\"@id\":\"https:\/\/jornalfatosenoticias.com.br\/#organization\"},\"image\":{\"@id\":\"https:\/\/jornalfatosenoticias.com.br\/index.php\/2022\/07\/04\/violencia-e-criminalidade-perda-do-fio-da-meada-parte-1\/#primaryimage\"},\"thumbnailUrl\":\"https:\/\/jornalfatosenoticias.com.br\/wp-content\/uploads\/2022\/06\/Perder-O-Fio-Da-Meada.jpg\",\"keywords\":[\"criminalidade\",\"fio da meada\",\"perder o fio da meada\",\"seguran\u00e7a p\u00fablica\",\"teia social\"],\"articleSection\":[\"Geral\"],\"inLanguage\":\"pt-BR\",\"potentialAction\":[{\"@type\":\"CommentAction\",\"name\":\"Comment\",\"target\":[\"https:\/\/jornalfatosenoticias.com.br\/index.php\/2022\/07\/04\/violencia-e-criminalidade-perda-do-fio-da-meada-parte-1\/#respond\"]}]},{\"@type\":\"WebPage\",\"@id\":\"https:\/\/jornalfatosenoticias.com.br\/index.php\/2022\/07\/04\/violencia-e-criminalidade-perda-do-fio-da-meada-parte-1\/\",\"url\":\"https:\/\/jornalfatosenoticias.com.br\/index.php\/2022\/07\/04\/violencia-e-criminalidade-perda-do-fio-da-meada-parte-1\/\",\"name\":\"Viol\u00eancia e criminalidade: Perda do \u201cfio da meada\u201d \u2014 Parte 1 - Jornal Fatos e Not\u00edcias\",\"isPartOf\":{\"@id\":\"https:\/\/jornalfatosenoticias.com.br\/#website\"},\"primaryImageOfPage\":{\"@id\":\"https:\/\/jornalfatosenoticias.com.br\/index.php\/2022\/07\/04\/violencia-e-criminalidade-perda-do-fio-da-meada-parte-1\/#primaryimage\"},\"image\":{\"@id\":\"https:\/\/jornalfatosenoticias.com.br\/index.php\/2022\/07\/04\/violencia-e-criminalidade-perda-do-fio-da-meada-parte-1\/#primaryimage\"},\"thumbnailUrl\":\"https:\/\/jornalfatosenoticias.com.br\/wp-content\/uploads\/2022\/06\/Perder-O-Fio-Da-Meada.jpg\",\"datePublished\":\"2022-07-04T15:47:45+00:00\",\"dateModified\":\"2022-07-04T15:47:49+00:00\",\"breadcrumb\":{\"@id\":\"https:\/\/jornalfatosenoticias.com.br\/index.php\/2022\/07\/04\/violencia-e-criminalidade-perda-do-fio-da-meada-parte-1\/#breadcrumb\"},\"inLanguage\":\"pt-BR\",\"potentialAction\":[{\"@type\":\"ReadAction\",\"target\":[\"https:\/\/jornalfatosenoticias.com.br\/index.php\/2022\/07\/04\/violencia-e-criminalidade-perda-do-fio-da-meada-parte-1\/\"]}]},{\"@type\":\"ImageObject\",\"inLanguage\":\"pt-BR\",\"@id\":\"https:\/\/jornalfatosenoticias.com.br\/index.php\/2022\/07\/04\/violencia-e-criminalidade-perda-do-fio-da-meada-parte-1\/#primaryimage\",\"url\":\"https:\/\/jornalfatosenoticias.com.br\/wp-content\/uploads\/2022\/06\/Perder-O-Fio-Da-Meada.jpg\",\"contentUrl\":\"https:\/\/jornalfatosenoticias.com.br\/wp-content\/uploads\/2022\/06\/Perder-O-Fio-Da-Meada.jpg\",\"width\":1000,\"height\":561},{\"@type\":\"BreadcrumbList\",\"@id\":\"https:\/\/jornalfatosenoticias.com.br\/index.php\/2022\/07\/04\/violencia-e-criminalidade-perda-do-fio-da-meada-parte-1\/#breadcrumb\",\"itemListElement\":[{\"@type\":\"ListItem\",\"position\":1,\"name\":\"In\u00edcio\",\"item\":\"https:\/\/jornalfatosenoticias.com.br\/\"},{\"@type\":\"ListItem\",\"position\":2,\"name\":\"Viol\u00eancia e criminalidade: Perda do \u201cfio da meada\u201d \u2014 Parte 1\"}]},{\"@type\":\"WebSite\",\"@id\":\"https:\/\/jornalfatosenoticias.com.br\/#website\",\"url\":\"https:\/\/jornalfatosenoticias.com.br\/\",\"name\":\"Jornal Fatos e Not\u00edcias\",\"description\":\"Not\u00edcias em geral\",\"publisher\":{\"@id\":\"https:\/\/jornalfatosenoticias.com.br\/#organization\"},\"potentialAction\":[{\"@type\":\"SearchAction\",\"target\":{\"@type\":\"EntryPoint\",\"urlTemplate\":\"https:\/\/jornalfatosenoticias.com.br\/?s={search_term_string}\"},\"query-input\":{\"@type\":\"PropertyValueSpecification\",\"valueRequired\":true,\"valueName\":\"search_term_string\"}}],\"inLanguage\":\"pt-BR\"},{\"@type\":\"Organization\",\"@id\":\"https:\/\/jornalfatosenoticias.com.br\/#organization\",\"name\":\"Jornal Fatos e Not\u00edcias\",\"url\":\"https:\/\/jornalfatosenoticias.com.br\/\",\"logo\":{\"@type\":\"ImageObject\",\"inLanguage\":\"pt-BR\",\"@id\":\"https:\/\/jornalfatosenoticias.com.br\/#\/schema\/logo\/image\/\",\"url\":\"https:\/\/jornalfatosenoticias.com.br\/wp-content\/uploads\/2020\/02\/logo120.png\",\"contentUrl\":\"https:\/\/jornalfatosenoticias.com.br\/wp-content\/uploads\/2020\/02\/logo120.png\",\"width\":1227,\"height\":120,\"caption\":\"Jornal Fatos e Not\u00edcias\"},\"image\":{\"@id\":\"https:\/\/jornalfatosenoticias.com.br\/#\/schema\/logo\/image\/\"}},{\"@type\":\"Person\",\"@id\":\"https:\/\/jornalfatosenoticias.com.br\/#\/schema\/person\/d63837fa13ac8666eb9e74e0985d6f81\",\"name\":\"Luzimara Fernandes\",\"image\":{\"@type\":\"ImageObject\",\"inLanguage\":\"pt-BR\",\"@id\":\"https:\/\/jornalfatosenoticias.com.br\/#\/schema\/person\/image\/\",\"url\":\"https:\/\/jornalfatosenoticias.com.br\/wp-content\/uploads\/2025\/05\/EU_portal.jpg\",\"contentUrl\":\"https:\/\/jornalfatosenoticias.com.br\/wp-content\/uploads\/2025\/05\/EU_portal.jpg\",\"caption\":\"Luzimara Fernandes\"},\"description\":\"Jornalista MTB 2358-ES\",\"sameAs\":[\"https:\/\/jornalfatosenoticias.com.br\"],\"url\":\"https:\/\/jornalfatosenoticias.com.br\/index.php\/author\/luzimara\/\"}]}<\/script>\n<!-- \/ Yoast SEO plugin. -->","yoast_head_json":{"title":"Viol\u00eancia e criminalidade: Perda do \u201cfio da meada\u201d \u2014 Parte 1 - Jornal Fatos e Not\u00edcias","robots":{"index":"index","follow":"follow","max-snippet":"max-snippet:-1","max-image-preview":"max-image-preview:large","max-video-preview":"max-video-preview:-1"},"canonical":"https:\/\/jornalfatosenoticias.com.br\/index.php\/2022\/07\/04\/violencia-e-criminalidade-perda-do-fio-da-meada-parte-1\/","og_locale":"pt_BR","og_type":"article","og_title":"Viol\u00eancia e criminalidade: Perda do \u201cfio da meada\u201d \u2014 Parte 1 - Jornal Fatos e Not\u00edcias","og_description":"Por Jos\u00e9 Nivaldo Campos Vieira Imaginemos grandes novelos de linha. Mas vamos dar asas \u00e0 nossa imagina\u00e7\u00e3o. Imaginemos novelos bem grandes, muito grandes. Vamos para o s\u00e9culo XIX, meado do s\u00e9culo. Imaginemos estes novelos numa m\u00e1quina de tear, daquelas surgidas no advento da revolu\u00e7\u00e3o industrial, com o objetivo de produzir tecidos em larga escala.Inovando na [&hellip;]","og_url":"https:\/\/jornalfatosenoticias.com.br\/index.php\/2022\/07\/04\/violencia-e-criminalidade-perda-do-fio-da-meada-parte-1\/","og_site_name":"Jornal Fatos e Not\u00edcias","article_published_time":"2022-07-04T15:47:45+00:00","article_modified_time":"2022-07-04T15:47:49+00:00","og_image":[{"width":1000,"height":561,"url":"https:\/\/jornalfatosenoticias.com.br\/wp-content\/uploads\/2022\/06\/Perder-O-Fio-Da-Meada.jpg","type":"image\/jpeg"}],"author":"Luzimara Fernandes","twitter_card":"summary_large_image","twitter_misc":{"Escrito por":"Luzimara Fernandes","Est. tempo de leitura":"4 minutos"},"schema":{"@context":"https:\/\/schema.org","@graph":[{"@type":"Article","@id":"https:\/\/jornalfatosenoticias.com.br\/index.php\/2022\/07\/04\/violencia-e-criminalidade-perda-do-fio-da-meada-parte-1\/#article","isPartOf":{"@id":"https:\/\/jornalfatosenoticias.com.br\/index.php\/2022\/07\/04\/violencia-e-criminalidade-perda-do-fio-da-meada-parte-1\/"},"author":{"name":"Luzimara Fernandes","@id":"https:\/\/jornalfatosenoticias.com.br\/#\/schema\/person\/d63837fa13ac8666eb9e74e0985d6f81"},"headline":"Viol\u00eancia e criminalidade: Perda do \u201cfio da meada\u201d \u2014 Parte 1","datePublished":"2022-07-04T15:47:45+00:00","dateModified":"2022-07-04T15:47:49+00:00","mainEntityOfPage":{"@id":"https:\/\/jornalfatosenoticias.com.br\/index.php\/2022\/07\/04\/violencia-e-criminalidade-perda-do-fio-da-meada-parte-1\/"},"wordCount":766,"commentCount":0,"publisher":{"@id":"https:\/\/jornalfatosenoticias.com.br\/#organization"},"image":{"@id":"https:\/\/jornalfatosenoticias.com.br\/index.php\/2022\/07\/04\/violencia-e-criminalidade-perda-do-fio-da-meada-parte-1\/#primaryimage"},"thumbnailUrl":"https:\/\/jornalfatosenoticias.com.br\/wp-content\/uploads\/2022\/06\/Perder-O-Fio-Da-Meada.jpg","keywords":["criminalidade","fio da meada","perder o fio da meada","seguran\u00e7a p\u00fablica","teia social"],"articleSection":["Geral"],"inLanguage":"pt-BR","potentialAction":[{"@type":"CommentAction","name":"Comment","target":["https:\/\/jornalfatosenoticias.com.br\/index.php\/2022\/07\/04\/violencia-e-criminalidade-perda-do-fio-da-meada-parte-1\/#respond"]}]},{"@type":"WebPage","@id":"https:\/\/jornalfatosenoticias.com.br\/index.php\/2022\/07\/04\/violencia-e-criminalidade-perda-do-fio-da-meada-parte-1\/","url":"https:\/\/jornalfatosenoticias.com.br\/index.php\/2022\/07\/04\/violencia-e-criminalidade-perda-do-fio-da-meada-parte-1\/","name":"Viol\u00eancia e criminalidade: Perda do \u201cfio da meada\u201d \u2014 Parte 1 - Jornal Fatos e Not\u00edcias","isPartOf":{"@id":"https:\/\/jornalfatosenoticias.com.br\/#website"},"primaryImageOfPage":{"@id":"https:\/\/jornalfatosenoticias.com.br\/index.php\/2022\/07\/04\/violencia-e-criminalidade-perda-do-fio-da-meada-parte-1\/#primaryimage"},"image":{"@id":"https:\/\/jornalfatosenoticias.com.br\/index.php\/2022\/07\/04\/violencia-e-criminalidade-perda-do-fio-da-meada-parte-1\/#primaryimage"},"thumbnailUrl":"https:\/\/jornalfatosenoticias.com.br\/wp-content\/uploads\/2022\/06\/Perder-O-Fio-Da-Meada.jpg","datePublished":"2022-07-04T15:47:45+00:00","dateModified":"2022-07-04T15:47:49+00:00","breadcrumb":{"@id":"https:\/\/jornalfatosenoticias.com.br\/index.php\/2022\/07\/04\/violencia-e-criminalidade-perda-do-fio-da-meada-parte-1\/#breadcrumb"},"inLanguage":"pt-BR","potentialAction":[{"@type":"ReadAction","target":["https:\/\/jornalfatosenoticias.com.br\/index.php\/2022\/07\/04\/violencia-e-criminalidade-perda-do-fio-da-meada-parte-1\/"]}]},{"@type":"ImageObject","inLanguage":"pt-BR","@id":"https:\/\/jornalfatosenoticias.com.br\/index.php\/2022\/07\/04\/violencia-e-criminalidade-perda-do-fio-da-meada-parte-1\/#primaryimage","url":"https:\/\/jornalfatosenoticias.com.br\/wp-content\/uploads\/2022\/06\/Perder-O-Fio-Da-Meada.jpg","contentUrl":"https:\/\/jornalfatosenoticias.com.br\/wp-content\/uploads\/2022\/06\/Perder-O-Fio-Da-Meada.jpg","width":1000,"height":561},{"@type":"BreadcrumbList","@id":"https:\/\/jornalfatosenoticias.com.br\/index.php\/2022\/07\/04\/violencia-e-criminalidade-perda-do-fio-da-meada-parte-1\/#breadcrumb","itemListElement":[{"@type":"ListItem","position":1,"name":"In\u00edcio","item":"https:\/\/jornalfatosenoticias.com.br\/"},{"@type":"ListItem","position":2,"name":"Viol\u00eancia e criminalidade: Perda do \u201cfio da meada\u201d \u2014 Parte 1"}]},{"@type":"WebSite","@id":"https:\/\/jornalfatosenoticias.com.br\/#website","url":"https:\/\/jornalfatosenoticias.com.br\/","name":"Jornal Fatos e Not\u00edcias","description":"Not\u00edcias em geral","publisher":{"@id":"https:\/\/jornalfatosenoticias.com.br\/#organization"},"potentialAction":[{"@type":"SearchAction","target":{"@type":"EntryPoint","urlTemplate":"https:\/\/jornalfatosenoticias.com.br\/?s={search_term_string}"},"query-input":{"@type":"PropertyValueSpecification","valueRequired":true,"valueName":"search_term_string"}}],"inLanguage":"pt-BR"},{"@type":"Organization","@id":"https:\/\/jornalfatosenoticias.com.br\/#organization","name":"Jornal Fatos e Not\u00edcias","url":"https:\/\/jornalfatosenoticias.com.br\/","logo":{"@type":"ImageObject","inLanguage":"pt-BR","@id":"https:\/\/jornalfatosenoticias.com.br\/#\/schema\/logo\/image\/","url":"https:\/\/jornalfatosenoticias.com.br\/wp-content\/uploads\/2020\/02\/logo120.png","contentUrl":"https:\/\/jornalfatosenoticias.com.br\/wp-content\/uploads\/2020\/02\/logo120.png","width":1227,"height":120,"caption":"Jornal Fatos e Not\u00edcias"},"image":{"@id":"https:\/\/jornalfatosenoticias.com.br\/#\/schema\/logo\/image\/"}},{"@type":"Person","@id":"https:\/\/jornalfatosenoticias.com.br\/#\/schema\/person\/d63837fa13ac8666eb9e74e0985d6f81","name":"Luzimara Fernandes","image":{"@type":"ImageObject","inLanguage":"pt-BR","@id":"https:\/\/jornalfatosenoticias.com.br\/#\/schema\/person\/image\/","url":"https:\/\/jornalfatosenoticias.com.br\/wp-content\/uploads\/2025\/05\/EU_portal.jpg","contentUrl":"https:\/\/jornalfatosenoticias.com.br\/wp-content\/uploads\/2025\/05\/EU_portal.jpg","caption":"Luzimara Fernandes"},"description":"Jornalista MTB 2358-ES","sameAs":["https:\/\/jornalfatosenoticias.com.br"],"url":"https:\/\/jornalfatosenoticias.com.br\/index.php\/author\/luzimara\/"}]}},"cc_featured_image_caption":{"caption_text":" (Foto: Reprodu\u00e7\u00e3o internet)","source_text":"","source_url":""},"jetpack_featured_media_url":"https:\/\/jornalfatosenoticias.com.br\/wp-content\/uploads\/2022\/06\/Perder-O-Fio-Da-Meada.jpg","_links":{"self":[{"href":"https:\/\/jornalfatosenoticias.com.br\/index.php\/wp-json\/wp\/v2\/posts\/31970","targetHints":{"allow":["GET"]}}],"collection":[{"href":"https:\/\/jornalfatosenoticias.com.br\/index.php\/wp-json\/wp\/v2\/posts"}],"about":[{"href":"https:\/\/jornalfatosenoticias.com.br\/index.php\/wp-json\/wp\/v2\/types\/post"}],"author":[{"embeddable":true,"href":"https:\/\/jornalfatosenoticias.com.br\/index.php\/wp-json\/wp\/v2\/users\/2"}],"replies":[{"embeddable":true,"href":"https:\/\/jornalfatosenoticias.com.br\/index.php\/wp-json\/wp\/v2\/comments?post=31970"}],"version-history":[{"count":0,"href":"https:\/\/jornalfatosenoticias.com.br\/index.php\/wp-json\/wp\/v2\/posts\/31970\/revisions"}],"wp:featuredmedia":[{"embeddable":true,"href":"https:\/\/jornalfatosenoticias.com.br\/index.php\/wp-json\/wp\/v2\/media\/31873"}],"wp:attachment":[{"href":"https:\/\/jornalfatosenoticias.com.br\/index.php\/wp-json\/wp\/v2\/media?parent=31970"}],"wp:term":[{"taxonomy":"category","embeddable":true,"href":"https:\/\/jornalfatosenoticias.com.br\/index.php\/wp-json\/wp\/v2\/categories?post=31970"},{"taxonomy":"post_tag","embeddable":true,"href":"https:\/\/jornalfatosenoticias.com.br\/index.php\/wp-json\/wp\/v2\/tags?post=31970"}],"curies":[{"name":"wp","href":"https:\/\/api.w.org\/{rel}","templated":true}]}}