{"id":32023,"date":"2022-07-05T12:17:49","date_gmt":"2022-07-05T15:17:49","guid":{"rendered":"https:\/\/jornalfatosenoticias.com.br\/?p=32023"},"modified":"2022-07-05T12:17:50","modified_gmt":"2022-07-05T15:17:50","slug":"por-que-as-mulheres-sentem-mais-frio-que-os-homens","status":"publish","type":"post","link":"https:\/\/jornalfatosenoticias.com.br\/index.php\/2022\/07\/05\/por-que-as-mulheres-sentem-mais-frio-que-os-homens\/","title":{"rendered":"Por que as mulheres sentem mais frio que os homens?"},"content":{"rendered":"\n<div class=\"wp-block-image\"><figure class=\"aligncenter size-large is-resized\"><img loading=\"lazy\" decoding=\"async\" src=\"https:\/\/jornalfatosenoticias.com.br\/wp-content\/uploads\/2022\/02\/Arte-Autoescola-Galatas_endereco_portal-1024x103.png\" alt=\"\" class=\"wp-image-27869\" width=\"550\" height=\"55\" srcset=\"https:\/\/jornalfatosenoticias.com.br\/wp-content\/uploads\/2022\/02\/Arte-Autoescola-Galatas_endereco_portal-1024x103.png 1024w, https:\/\/jornalfatosenoticias.com.br\/wp-content\/uploads\/2022\/02\/Arte-Autoescola-Galatas_endereco_portal-300x30.png 300w, https:\/\/jornalfatosenoticias.com.br\/wp-content\/uploads\/2022\/02\/Arte-Autoescola-Galatas_endereco_portal-768x77.png 768w, https:\/\/jornalfatosenoticias.com.br\/wp-content\/uploads\/2022\/02\/Arte-Autoescola-Galatas_endereco_portal.png 1223w\" sizes=\"auto, (max-width: 550px) 100vw, 550px\" \/><\/figure><\/div>\n\n\n\n<p>Voc\u00ea j\u00e1 se perguntou <strong>por que as mulheres sentem mais frio que os homens? <\/strong>Embora muitos acreditem que essa informa\u00e7\u00e3o seja um boato popular, ela, na verdade, \u00e9 real! V\u00e1rios fatores contribuem para essa diferen\u00e7a de temperatura que ocorre naturalmente entre os sexos.<br>Al\u00e9m disso, o ser humano n\u00e3o \u00e9 a \u00fanica esp\u00e9cie a vivenciar esse fen\u00f4meno. <a href=\"https:\/\/cdnsciencepub.com\/doi\/10.1139\/z81-207\">Algumas<\/a>\u00a0<a href=\"https:\/\/onlinelibrary.wiley.com\/doi\/10.1111\/geb.13393\">pesquisas<\/a> indicam que outros mam\u00edferos e alguns p\u00e1ssaros tamb\u00e9m possuem essa caracter\u00edstica \u2014 enquanto os machos preferem lugares mais frios, as f\u00eameas das esp\u00e9cies escolhem migrar para locais com uma maior incid\u00eancia solar.<\/p>\n\n\n\n<div class=\"wp-block-image\"><figure class=\"aligncenter size-large is-resized\"><img loading=\"lazy\" decoding=\"async\" src=\"https:\/\/jornalfatosenoticias.com.br\/wp-content\/uploads\/2020\/02\/Serra-Grande-1024x160.png\" alt=\"\" class=\"wp-image-7836\" width=\"459\" height=\"71\"\/><\/figure><\/div>\n\n\n\n<p><strong><span class=\"has-inline-color has-vivid-purple-color\">Por que as mulheres sentem mais frio que os homens?<br><\/span><\/strong>Mas como e por que isso acontece? Entenda alguns fatores biol\u00f3gicos para que a <strong>mulher sinta mais frio que o homem<\/strong> nos t\u00f3picos a seguir.<\/p>\n\n\n\n<p><strong><span class=\"has-inline-color has-vivid-purple-color\">Temperatura corporal central<br><\/span><\/strong>Que a temperatura corporal \u00e9 variante entre seres humanos n\u00e3o \u00e9 uma novidade. Por\u00e9m, a diferen\u00e7a entre sexos pode ser maior ainda. Uma\u00a0<a href=\"https:\/\/jamanetwork.com\/journals\/jama\/article-abstract\/400116\">pesquisa<\/a>\u00a0publicada pela\u00a0<em>JAMA Network<\/em>e realizada pela Universidade de Maryland indicou que as\u00a0<strong>mulheres\u00a0<\/strong>possuem uma temperatura corporal central maior que os\u00a0<strong>homens<\/strong>.<br>Embora pare\u00e7a que isso indique que as <strong>mulheres n\u00e3o sentem mais frio que os homens, <\/strong>\u00e9, na verdade, o contr\u00e1rio!<\/p>\n\n\n\n<div class=\"wp-block-image\"><figure class=\"alignleft size-large is-resized\"><img loading=\"lazy\" decoding=\"async\" src=\"https:\/\/jornalfatosenoticias.com.br\/wp-content\/uploads\/2020\/02\/nova-logo-Marquetti.jpg\" alt=\"\" class=\"wp-image-22331\" width=\"313\" height=\"210\" srcset=\"https:\/\/jornalfatosenoticias.com.br\/wp-content\/uploads\/2020\/02\/nova-logo-Marquetti.jpg 643w, https:\/\/jornalfatosenoticias.com.br\/wp-content\/uploads\/2020\/02\/nova-logo-Marquetti-300x202.jpg 300w\" sizes=\"auto, (max-width: 313px) 100vw, 313px\" \/><\/figure><\/div>\n\n\n\n<p>Quando se \u00e9 mais acostumado a sentir calor, mudan\u00e7as de temperatura podem te afetar mais bruscamente. Desse modo, durante esta\u00e7\u00f5es mais frias, ou quando sujeitas a exposi\u00e7\u00e3o de ares-condicionados e ventiladores, \u00e9 comum que as <strong>mulheres sintam mais frio.<\/strong><br>Essas caracter\u00edsticas ocorrem devido a presen\u00e7a de <a href=\"https:\/\/www.ecycle.com.br\/estrogenio\">estrog\u00eanio<\/a> e progesterona, horm\u00f4nios abundantes no organismo das mulheres. O estrog\u00eanio dilata os vasos sangu\u00edneos das extremidades, o que faz com que a regi\u00e3o perca calor para o ar circundante. J\u00e1 a progesterona pode causar a constri\u00e7\u00e3o dos vasos da pele, dificultando a circula\u00e7\u00e3o de sangue para algumas \u00e1reas do corpo para manter os \u00f3rg\u00e3os internos mais quentes.<\/p>\n\n\n\n<div class=\"wp-block-image\"><figure class=\"aligncenter size-large is-resized\"><img loading=\"lazy\" decoding=\"async\" src=\"https:\/\/jornalfatosenoticias.com.br\/wp-content\/uploads\/2022\/03\/logo-Suinco-1024x390.jpg\" alt=\"\" class=\"wp-image-28785\" width=\"346\" height=\"131\"\/><\/figure><\/div>\n\n\n\n<p><strong><span class=\"has-inline-color has-vivid-purple-color\">Anticoncepcionais<br><\/span><\/strong>Mulheres que tomam p\u00edlulas <a href=\"https:\/\/www.ecycle.com.br\/anticoncepcional\/\">anticoncepcionais\u00a0<\/a>tamb\u00e9m podem sentir\u00a0<strong>mais frio<\/strong>. Isso ocorre porque os horm\u00f4nios presentes na composi\u00e7\u00e3o das p\u00edlulas podem alterar a temperatura corporal. Nesses casos, a temperatura corporal central mencionada anteriormente tamb\u00e9m \u00e9 afetada, o que faz com que as mulheres fiquem mais sens\u00edveis \u00e0 mudan\u00e7as de temperatura.<\/p>\n\n\n\n<p><strong><span class=\"has-inline-color has-vivid-purple-color\">Metabolismo<br><\/span><\/strong>De acordo com um\u00a0<a href=\"https:\/\/www.researchgate.net\/publication\/15073123_Resting_metabolic_rate_is_lower_in_women_than_in_men\">estudo<\/a>\u00a0publicado pelo\u00a0<em>Journal of Applied Physiology<\/em>, a taxa metab\u00f3lica dos homens \u00e9 23% mais alta do que a das mulheres. A taxa metab\u00f3lica n\u00e3o s\u00f3 \u00e9 respons\u00e1vel pela digest\u00e3o, mas pelo aquecimento do corpo que ocorre por conta desse processo. Portanto, um\u00a0<a href=\"https:\/\/www.ecycle.com.br\/metabolismo\">metabolismo<\/a> mais devagar pode resultar em um corpo mais frio.<\/p>\n\n\n\n<div class=\"wp-block-image\"><figure class=\"aligncenter size-large is-resized\"><img loading=\"lazy\" decoding=\"async\" src=\"https:\/\/jornalfatosenoticias.com.br\/wp-content\/uploads\/2022\/07\/Logo-Grupo-SEI.jpg\" alt=\"\" class=\"wp-image-31973\" width=\"366\" height=\"192\" srcset=\"https:\/\/jornalfatosenoticias.com.br\/wp-content\/uploads\/2022\/07\/Logo-Grupo-SEI.jpg 713w, https:\/\/jornalfatosenoticias.com.br\/wp-content\/uploads\/2022\/07\/Logo-Grupo-SEI-300x158.jpg 300w\" sizes=\"auto, (max-width: 366px) 100vw, 366px\" \/><\/figure><\/div>\n\n\n\n<p><strong><span class=\"has-inline-color has-vivid-purple-color\">Menos m\u00fasculos<br><\/span><\/strong>Mesmo em pesos similares, as mulheres tendem a ter menos m\u00fasculos para gerar calor e mais gordura que os homens. A gordura entre a pele e os m\u00fasculos aumenta a dist\u00e2ncia entre os vasos sangu\u00edneos e a pele tamb\u00e9m evidencia esse frio sentido pelas mulheres.<\/p>\n\n\n\n<h4 class=\"wp-block-heading\"><strong><span class=\"has-inline-color has-vivid-purple-color\">Qual a temperatura perfeita?<\/span><\/strong><\/h4>\n\n\n\n<div class=\"wp-block-image\"><figure class=\"alignright size-large\"><img decoding=\"async\" src=\"https:\/\/jornalfatosenoticias.com.br\/wp-content\/uploads\/2020\/02\/logo_esteio.jpg\" alt=\"\" class=\"wp-image-1214\"\/><\/figure><\/div>\n\n\n\n<p>De acordo com a Organiza\u00e7\u00e3o Mundial da Sa\u00fade (OMS), a temperatura ideal para termostatos \u00e9 por volta de 18\u00baC. J\u00e1 em ambientes com crian\u00e7as ou idosos, essa temperatura sobe para 20\u00baC. Contudo, \u00e9 necess\u00e1rio se agasalhar de acordo com a temperatura e com as necessidades do corpo.<br>Para dormir, <a href=\"https:\/\/www.sleepfoundation.org\/bedroom-environment\/best-temperature-for-sleep\">especialistas<\/a> recomendam que a temperatura varie entre 15\u00baC a 19\u00baC. Por\u00e9m, a maioria dos estudos leva em considera\u00e7\u00e3o a presen\u00e7a de termostatos ou ventiladores nas resid\u00eancias. O que nem sempre \u00e9 poss\u00edvel. Em recomenda\u00e7\u00f5es gerais, tente permanecer aquecido o suficiente, independentemente de seu sexo biol\u00f3gico ou g\u00eanero. O importante \u00e9 manter a sa\u00fade.<\/p>\n\n\n\n<div class=\"wp-block-image\"><figure class=\"aligncenter size-large is-resized\"><img loading=\"lazy\" decoding=\"async\" src=\"https:\/\/jornalfatosenoticias.com.br\/wp-content\/uploads\/2022\/02\/Serra-Pack-459.png\" alt=\"\" class=\"wp-image-27471\" width=\"288\" height=\"115\"\/><\/figure><\/div>\n\n\n\n<p><strong><em>Fonte: <a href=\"https:\/\/www.ecycle.com.br\/por-que-as-mulheres-sentem-mais-frio-que-os-homens\/amp\/\">eCycle<\/a><\/em><\/strong><\/p>\n","protected":false},"excerpt":{"rendered":"<p>Voc\u00ea j\u00e1 se perguntou por que as mulheres sentem mais frio que os homens? Embora muitos acreditem que essa informa\u00e7\u00e3o seja um boato popular, ela, na verdade, \u00e9 real! V\u00e1rios fatores contribuem para essa diferen\u00e7a de temperatura que ocorre naturalmente entre os sexos.Al\u00e9m disso, o ser humano n\u00e3o \u00e9 a \u00fanica esp\u00e9cie a vivenciar esse [&hellip;]<\/p>\n","protected":false},"author":2,"featured_media":32024,"comment_status":"open","ping_status":"open","sticky":false,"template":"","format":"standard","meta":{"footnotes":""},"categories":[42],"tags":[2877,1999,387,466,15150],"class_list":["post-32023","post","type-post","status-publish","format-standard","has-post-thumbnail","hentry","category-bem-estar","tag-frio","tag-homens","tag-mulheres","tag-sol","tag-solar"],"yoast_head":"<!-- This site is optimized with the Yoast SEO plugin v26.5 - https:\/\/yoast.com\/wordpress\/plugins\/seo\/ -->\n<title>Por que as mulheres sentem mais frio que os homens? - Jornal Fatos e Not\u00edcias<\/title>\n<meta name=\"robots\" content=\"index, follow, max-snippet:-1, max-image-preview:large, max-video-preview:-1\" \/>\n<link rel=\"canonical\" href=\"https:\/\/jornalfatosenoticias.com.br\/index.php\/2022\/07\/05\/por-que-as-mulheres-sentem-mais-frio-que-os-homens\/\" \/>\n<meta property=\"og:locale\" content=\"pt_BR\" \/>\n<meta property=\"og:type\" content=\"article\" \/>\n<meta property=\"og:title\" content=\"Por que as mulheres sentem mais frio que os homens? - Jornal Fatos e Not\u00edcias\" \/>\n<meta property=\"og:description\" content=\"Voc\u00ea j\u00e1 se perguntou por que as mulheres sentem mais frio que os homens? Embora muitos acreditem que essa informa\u00e7\u00e3o seja um boato popular, ela, na verdade, \u00e9 real! V\u00e1rios fatores contribuem para essa diferen\u00e7a de temperatura que ocorre naturalmente entre os sexos.Al\u00e9m disso, o ser humano n\u00e3o \u00e9 a \u00fanica esp\u00e9cie a vivenciar esse [&hellip;]\" \/>\n<meta property=\"og:url\" content=\"https:\/\/jornalfatosenoticias.com.br\/index.php\/2022\/07\/05\/por-que-as-mulheres-sentem-mais-frio-que-os-homens\/\" \/>\n<meta property=\"og:site_name\" content=\"Jornal Fatos e Not\u00edcias\" \/>\n<meta property=\"article:published_time\" content=\"2022-07-05T15:17:49+00:00\" \/>\n<meta property=\"article:modified_time\" content=\"2022-07-05T15:17:50+00:00\" \/>\n<meta property=\"og:image\" content=\"https:\/\/jornalfatosenoticias.com.br\/wp-content\/uploads\/2022\/07\/pq-mulher-sente-mais-frio-que-os-homens_Spencer-Backman-Unsplash.jpg\" \/>\n\t<meta property=\"og:image:width\" content=\"1000\" \/>\n\t<meta property=\"og:image:height\" content=\"649\" \/>\n\t<meta property=\"og:image:type\" content=\"image\/jpeg\" \/>\n<meta name=\"author\" content=\"Luzimara Fernandes\" \/>\n<meta name=\"twitter:card\" content=\"summary_large_image\" \/>\n<meta name=\"twitter:label1\" content=\"Escrito por\" \/>\n\t<meta name=\"twitter:data1\" content=\"Luzimara Fernandes\" \/>\n\t<meta name=\"twitter:label2\" content=\"Est. tempo de leitura\" \/>\n\t<meta name=\"twitter:data2\" content=\"3 minutos\" \/>\n<script type=\"application\/ld+json\" class=\"yoast-schema-graph\">{\"@context\":\"https:\/\/schema.org\",\"@graph\":[{\"@type\":\"Article\",\"@id\":\"https:\/\/jornalfatosenoticias.com.br\/index.php\/2022\/07\/05\/por-que-as-mulheres-sentem-mais-frio-que-os-homens\/#article\",\"isPartOf\":{\"@id\":\"https:\/\/jornalfatosenoticias.com.br\/index.php\/2022\/07\/05\/por-que-as-mulheres-sentem-mais-frio-que-os-homens\/\"},\"author\":{\"name\":\"Luzimara Fernandes\",\"@id\":\"https:\/\/jornalfatosenoticias.com.br\/#\/schema\/person\/d63837fa13ac8666eb9e74e0985d6f81\"},\"headline\":\"Por que as mulheres sentem mais frio que os homens?\",\"datePublished\":\"2022-07-05T15:17:49+00:00\",\"dateModified\":\"2022-07-05T15:17:50+00:00\",\"mainEntityOfPage\":{\"@id\":\"https:\/\/jornalfatosenoticias.com.br\/index.php\/2022\/07\/05\/por-que-as-mulheres-sentem-mais-frio-que-os-homens\/\"},\"wordCount\":623,\"commentCount\":0,\"publisher\":{\"@id\":\"https:\/\/jornalfatosenoticias.com.br\/#organization\"},\"image\":{\"@id\":\"https:\/\/jornalfatosenoticias.com.br\/index.php\/2022\/07\/05\/por-que-as-mulheres-sentem-mais-frio-que-os-homens\/#primaryimage\"},\"thumbnailUrl\":\"https:\/\/jornalfatosenoticias.com.br\/wp-content\/uploads\/2022\/07\/pq-mulher-sente-mais-frio-que-os-homens_Spencer-Backman-Unsplash.jpg\",\"keywords\":[\"frio\",\"homens\",\"mulheres\",\"Sol\",\"solar\"],\"articleSection\":[\"Bem-estar\"],\"inLanguage\":\"pt-BR\",\"potentialAction\":[{\"@type\":\"CommentAction\",\"name\":\"Comment\",\"target\":[\"https:\/\/jornalfatosenoticias.com.br\/index.php\/2022\/07\/05\/por-que-as-mulheres-sentem-mais-frio-que-os-homens\/#respond\"]}]},{\"@type\":\"WebPage\",\"@id\":\"https:\/\/jornalfatosenoticias.com.br\/index.php\/2022\/07\/05\/por-que-as-mulheres-sentem-mais-frio-que-os-homens\/\",\"url\":\"https:\/\/jornalfatosenoticias.com.br\/index.php\/2022\/07\/05\/por-que-as-mulheres-sentem-mais-frio-que-os-homens\/\",\"name\":\"Por que as mulheres sentem mais frio que os homens? - Jornal Fatos e Not\u00edcias\",\"isPartOf\":{\"@id\":\"https:\/\/jornalfatosenoticias.com.br\/#website\"},\"primaryImageOfPage\":{\"@id\":\"https:\/\/jornalfatosenoticias.com.br\/index.php\/2022\/07\/05\/por-que-as-mulheres-sentem-mais-frio-que-os-homens\/#primaryimage\"},\"image\":{\"@id\":\"https:\/\/jornalfatosenoticias.com.br\/index.php\/2022\/07\/05\/por-que-as-mulheres-sentem-mais-frio-que-os-homens\/#primaryimage\"},\"thumbnailUrl\":\"https:\/\/jornalfatosenoticias.com.br\/wp-content\/uploads\/2022\/07\/pq-mulher-sente-mais-frio-que-os-homens_Spencer-Backman-Unsplash.jpg\",\"datePublished\":\"2022-07-05T15:17:49+00:00\",\"dateModified\":\"2022-07-05T15:17:50+00:00\",\"breadcrumb\":{\"@id\":\"https:\/\/jornalfatosenoticias.com.br\/index.php\/2022\/07\/05\/por-que-as-mulheres-sentem-mais-frio-que-os-homens\/#breadcrumb\"},\"inLanguage\":\"pt-BR\",\"potentialAction\":[{\"@type\":\"ReadAction\",\"target\":[\"https:\/\/jornalfatosenoticias.com.br\/index.php\/2022\/07\/05\/por-que-as-mulheres-sentem-mais-frio-que-os-homens\/\"]}]},{\"@type\":\"ImageObject\",\"inLanguage\":\"pt-BR\",\"@id\":\"https:\/\/jornalfatosenoticias.com.br\/index.php\/2022\/07\/05\/por-que-as-mulheres-sentem-mais-frio-que-os-homens\/#primaryimage\",\"url\":\"https:\/\/jornalfatosenoticias.com.br\/wp-content\/uploads\/2022\/07\/pq-mulher-sente-mais-frio-que-os-homens_Spencer-Backman-Unsplash.jpg\",\"contentUrl\":\"https:\/\/jornalfatosenoticias.com.br\/wp-content\/uploads\/2022\/07\/pq-mulher-sente-mais-frio-que-os-homens_Spencer-Backman-Unsplash.jpg\",\"width\":1000,\"height\":649},{\"@type\":\"BreadcrumbList\",\"@id\":\"https:\/\/jornalfatosenoticias.com.br\/index.php\/2022\/07\/05\/por-que-as-mulheres-sentem-mais-frio-que-os-homens\/#breadcrumb\",\"itemListElement\":[{\"@type\":\"ListItem\",\"position\":1,\"name\":\"In\u00edcio\",\"item\":\"https:\/\/jornalfatosenoticias.com.br\/\"},{\"@type\":\"ListItem\",\"position\":2,\"name\":\"Por que as mulheres sentem mais frio que os homens?\"}]},{\"@type\":\"WebSite\",\"@id\":\"https:\/\/jornalfatosenoticias.com.br\/#website\",\"url\":\"https:\/\/jornalfatosenoticias.com.br\/\",\"name\":\"Jornal Fatos e Not\u00edcias\",\"description\":\"Not\u00edcias em geral\",\"publisher\":{\"@id\":\"https:\/\/jornalfatosenoticias.com.br\/#organization\"},\"potentialAction\":[{\"@type\":\"SearchAction\",\"target\":{\"@type\":\"EntryPoint\",\"urlTemplate\":\"https:\/\/jornalfatosenoticias.com.br\/?s={search_term_string}\"},\"query-input\":{\"@type\":\"PropertyValueSpecification\",\"valueRequired\":true,\"valueName\":\"search_term_string\"}}],\"inLanguage\":\"pt-BR\"},{\"@type\":\"Organization\",\"@id\":\"https:\/\/jornalfatosenoticias.com.br\/#organization\",\"name\":\"Jornal Fatos e Not\u00edcias\",\"url\":\"https:\/\/jornalfatosenoticias.com.br\/\",\"logo\":{\"@type\":\"ImageObject\",\"inLanguage\":\"pt-BR\",\"@id\":\"https:\/\/jornalfatosenoticias.com.br\/#\/schema\/logo\/image\/\",\"url\":\"https:\/\/jornalfatosenoticias.com.br\/wp-content\/uploads\/2020\/02\/logo120.png\",\"contentUrl\":\"https:\/\/jornalfatosenoticias.com.br\/wp-content\/uploads\/2020\/02\/logo120.png\",\"width\":1227,\"height\":120,\"caption\":\"Jornal Fatos e Not\u00edcias\"},\"image\":{\"@id\":\"https:\/\/jornalfatosenoticias.com.br\/#\/schema\/logo\/image\/\"}},{\"@type\":\"Person\",\"@id\":\"https:\/\/jornalfatosenoticias.com.br\/#\/schema\/person\/d63837fa13ac8666eb9e74e0985d6f81\",\"name\":\"Luzimara Fernandes\",\"image\":{\"@type\":\"ImageObject\",\"inLanguage\":\"pt-BR\",\"@id\":\"https:\/\/jornalfatosenoticias.com.br\/#\/schema\/person\/image\/\",\"url\":\"https:\/\/jornalfatosenoticias.com.br\/wp-content\/uploads\/2025\/05\/EU_portal.jpg\",\"contentUrl\":\"https:\/\/jornalfatosenoticias.com.br\/wp-content\/uploads\/2025\/05\/EU_portal.jpg\",\"caption\":\"Luzimara Fernandes\"},\"description\":\"Jornalista MTB 2358-ES\",\"sameAs\":[\"https:\/\/jornalfatosenoticias.com.br\"],\"url\":\"https:\/\/jornalfatosenoticias.com.br\/index.php\/author\/luzimara\/\"}]}<\/script>\n<!-- \/ Yoast SEO plugin. -->","yoast_head_json":{"title":"Por que as mulheres sentem mais frio que os homens? - Jornal Fatos e Not\u00edcias","robots":{"index":"index","follow":"follow","max-snippet":"max-snippet:-1","max-image-preview":"max-image-preview:large","max-video-preview":"max-video-preview:-1"},"canonical":"https:\/\/jornalfatosenoticias.com.br\/index.php\/2022\/07\/05\/por-que-as-mulheres-sentem-mais-frio-que-os-homens\/","og_locale":"pt_BR","og_type":"article","og_title":"Por que as mulheres sentem mais frio que os homens? - Jornal Fatos e Not\u00edcias","og_description":"Voc\u00ea j\u00e1 se perguntou por que as mulheres sentem mais frio que os homens? Embora muitos acreditem que essa informa\u00e7\u00e3o seja um boato popular, ela, na verdade, \u00e9 real! V\u00e1rios fatores contribuem para essa diferen\u00e7a de temperatura que ocorre naturalmente entre os sexos.Al\u00e9m disso, o ser humano n\u00e3o \u00e9 a \u00fanica esp\u00e9cie a vivenciar esse [&hellip;]","og_url":"https:\/\/jornalfatosenoticias.com.br\/index.php\/2022\/07\/05\/por-que-as-mulheres-sentem-mais-frio-que-os-homens\/","og_site_name":"Jornal Fatos e Not\u00edcias","article_published_time":"2022-07-05T15:17:49+00:00","article_modified_time":"2022-07-05T15:17:50+00:00","og_image":[{"width":1000,"height":649,"url":"https:\/\/jornalfatosenoticias.com.br\/wp-content\/uploads\/2022\/07\/pq-mulher-sente-mais-frio-que-os-homens_Spencer-Backman-Unsplash.jpg","type":"image\/jpeg"}],"author":"Luzimara Fernandes","twitter_card":"summary_large_image","twitter_misc":{"Escrito por":"Luzimara Fernandes","Est. tempo de leitura":"3 minutos"},"schema":{"@context":"https:\/\/schema.org","@graph":[{"@type":"Article","@id":"https:\/\/jornalfatosenoticias.com.br\/index.php\/2022\/07\/05\/por-que-as-mulheres-sentem-mais-frio-que-os-homens\/#article","isPartOf":{"@id":"https:\/\/jornalfatosenoticias.com.br\/index.php\/2022\/07\/05\/por-que-as-mulheres-sentem-mais-frio-que-os-homens\/"},"author":{"name":"Luzimara Fernandes","@id":"https:\/\/jornalfatosenoticias.com.br\/#\/schema\/person\/d63837fa13ac8666eb9e74e0985d6f81"},"headline":"Por que as mulheres sentem mais frio que os homens?","datePublished":"2022-07-05T15:17:49+00:00","dateModified":"2022-07-05T15:17:50+00:00","mainEntityOfPage":{"@id":"https:\/\/jornalfatosenoticias.com.br\/index.php\/2022\/07\/05\/por-que-as-mulheres-sentem-mais-frio-que-os-homens\/"},"wordCount":623,"commentCount":0,"publisher":{"@id":"https:\/\/jornalfatosenoticias.com.br\/#organization"},"image":{"@id":"https:\/\/jornalfatosenoticias.com.br\/index.php\/2022\/07\/05\/por-que-as-mulheres-sentem-mais-frio-que-os-homens\/#primaryimage"},"thumbnailUrl":"https:\/\/jornalfatosenoticias.com.br\/wp-content\/uploads\/2022\/07\/pq-mulher-sente-mais-frio-que-os-homens_Spencer-Backman-Unsplash.jpg","keywords":["frio","homens","mulheres","Sol","solar"],"articleSection":["Bem-estar"],"inLanguage":"pt-BR","potentialAction":[{"@type":"CommentAction","name":"Comment","target":["https:\/\/jornalfatosenoticias.com.br\/index.php\/2022\/07\/05\/por-que-as-mulheres-sentem-mais-frio-que-os-homens\/#respond"]}]},{"@type":"WebPage","@id":"https:\/\/jornalfatosenoticias.com.br\/index.php\/2022\/07\/05\/por-que-as-mulheres-sentem-mais-frio-que-os-homens\/","url":"https:\/\/jornalfatosenoticias.com.br\/index.php\/2022\/07\/05\/por-que-as-mulheres-sentem-mais-frio-que-os-homens\/","name":"Por que as mulheres sentem mais frio que os homens? - Jornal Fatos e Not\u00edcias","isPartOf":{"@id":"https:\/\/jornalfatosenoticias.com.br\/#website"},"primaryImageOfPage":{"@id":"https:\/\/jornalfatosenoticias.com.br\/index.php\/2022\/07\/05\/por-que-as-mulheres-sentem-mais-frio-que-os-homens\/#primaryimage"},"image":{"@id":"https:\/\/jornalfatosenoticias.com.br\/index.php\/2022\/07\/05\/por-que-as-mulheres-sentem-mais-frio-que-os-homens\/#primaryimage"},"thumbnailUrl":"https:\/\/jornalfatosenoticias.com.br\/wp-content\/uploads\/2022\/07\/pq-mulher-sente-mais-frio-que-os-homens_Spencer-Backman-Unsplash.jpg","datePublished":"2022-07-05T15:17:49+00:00","dateModified":"2022-07-05T15:17:50+00:00","breadcrumb":{"@id":"https:\/\/jornalfatosenoticias.com.br\/index.php\/2022\/07\/05\/por-que-as-mulheres-sentem-mais-frio-que-os-homens\/#breadcrumb"},"inLanguage":"pt-BR","potentialAction":[{"@type":"ReadAction","target":["https:\/\/jornalfatosenoticias.com.br\/index.php\/2022\/07\/05\/por-que-as-mulheres-sentem-mais-frio-que-os-homens\/"]}]},{"@type":"ImageObject","inLanguage":"pt-BR","@id":"https:\/\/jornalfatosenoticias.com.br\/index.php\/2022\/07\/05\/por-que-as-mulheres-sentem-mais-frio-que-os-homens\/#primaryimage","url":"https:\/\/jornalfatosenoticias.com.br\/wp-content\/uploads\/2022\/07\/pq-mulher-sente-mais-frio-que-os-homens_Spencer-Backman-Unsplash.jpg","contentUrl":"https:\/\/jornalfatosenoticias.com.br\/wp-content\/uploads\/2022\/07\/pq-mulher-sente-mais-frio-que-os-homens_Spencer-Backman-Unsplash.jpg","width":1000,"height":649},{"@type":"BreadcrumbList","@id":"https:\/\/jornalfatosenoticias.com.br\/index.php\/2022\/07\/05\/por-que-as-mulheres-sentem-mais-frio-que-os-homens\/#breadcrumb","itemListElement":[{"@type":"ListItem","position":1,"name":"In\u00edcio","item":"https:\/\/jornalfatosenoticias.com.br\/"},{"@type":"ListItem","position":2,"name":"Por que as mulheres sentem mais frio que os homens?"}]},{"@type":"WebSite","@id":"https:\/\/jornalfatosenoticias.com.br\/#website","url":"https:\/\/jornalfatosenoticias.com.br\/","name":"Jornal Fatos e Not\u00edcias","description":"Not\u00edcias em geral","publisher":{"@id":"https:\/\/jornalfatosenoticias.com.br\/#organization"},"potentialAction":[{"@type":"SearchAction","target":{"@type":"EntryPoint","urlTemplate":"https:\/\/jornalfatosenoticias.com.br\/?s={search_term_string}"},"query-input":{"@type":"PropertyValueSpecification","valueRequired":true,"valueName":"search_term_string"}}],"inLanguage":"pt-BR"},{"@type":"Organization","@id":"https:\/\/jornalfatosenoticias.com.br\/#organization","name":"Jornal Fatos e Not\u00edcias","url":"https:\/\/jornalfatosenoticias.com.br\/","logo":{"@type":"ImageObject","inLanguage":"pt-BR","@id":"https:\/\/jornalfatosenoticias.com.br\/#\/schema\/logo\/image\/","url":"https:\/\/jornalfatosenoticias.com.br\/wp-content\/uploads\/2020\/02\/logo120.png","contentUrl":"https:\/\/jornalfatosenoticias.com.br\/wp-content\/uploads\/2020\/02\/logo120.png","width":1227,"height":120,"caption":"Jornal Fatos e Not\u00edcias"},"image":{"@id":"https:\/\/jornalfatosenoticias.com.br\/#\/schema\/logo\/image\/"}},{"@type":"Person","@id":"https:\/\/jornalfatosenoticias.com.br\/#\/schema\/person\/d63837fa13ac8666eb9e74e0985d6f81","name":"Luzimara Fernandes","image":{"@type":"ImageObject","inLanguage":"pt-BR","@id":"https:\/\/jornalfatosenoticias.com.br\/#\/schema\/person\/image\/","url":"https:\/\/jornalfatosenoticias.com.br\/wp-content\/uploads\/2025\/05\/EU_portal.jpg","contentUrl":"https:\/\/jornalfatosenoticias.com.br\/wp-content\/uploads\/2025\/05\/EU_portal.jpg","caption":"Luzimara Fernandes"},"description":"Jornalista MTB 2358-ES","sameAs":["https:\/\/jornalfatosenoticias.com.br"],"url":"https:\/\/jornalfatosenoticias.com.br\/index.php\/author\/luzimara\/"}]}},"cc_featured_image_caption":{"caption_text":"(Foto: Spencer Backman\/Unsplash)","source_text":"","source_url":""},"jetpack_featured_media_url":"https:\/\/jornalfatosenoticias.com.br\/wp-content\/uploads\/2022\/07\/pq-mulher-sente-mais-frio-que-os-homens_Spencer-Backman-Unsplash.jpg","_links":{"self":[{"href":"https:\/\/jornalfatosenoticias.com.br\/index.php\/wp-json\/wp\/v2\/posts\/32023","targetHints":{"allow":["GET"]}}],"collection":[{"href":"https:\/\/jornalfatosenoticias.com.br\/index.php\/wp-json\/wp\/v2\/posts"}],"about":[{"href":"https:\/\/jornalfatosenoticias.com.br\/index.php\/wp-json\/wp\/v2\/types\/post"}],"author":[{"embeddable":true,"href":"https:\/\/jornalfatosenoticias.com.br\/index.php\/wp-json\/wp\/v2\/users\/2"}],"replies":[{"embeddable":true,"href":"https:\/\/jornalfatosenoticias.com.br\/index.php\/wp-json\/wp\/v2\/comments?post=32023"}],"version-history":[{"count":0,"href":"https:\/\/jornalfatosenoticias.com.br\/index.php\/wp-json\/wp\/v2\/posts\/32023\/revisions"}],"wp:featuredmedia":[{"embeddable":true,"href":"https:\/\/jornalfatosenoticias.com.br\/index.php\/wp-json\/wp\/v2\/media\/32024"}],"wp:attachment":[{"href":"https:\/\/jornalfatosenoticias.com.br\/index.php\/wp-json\/wp\/v2\/media?parent=32023"}],"wp:term":[{"taxonomy":"category","embeddable":true,"href":"https:\/\/jornalfatosenoticias.com.br\/index.php\/wp-json\/wp\/v2\/categories?post=32023"},{"taxonomy":"post_tag","embeddable":true,"href":"https:\/\/jornalfatosenoticias.com.br\/index.php\/wp-json\/wp\/v2\/tags?post=32023"}],"curies":[{"name":"wp","href":"https:\/\/api.w.org\/{rel}","templated":true}]}}