{"id":32062,"date":"2022-07-06T12:28:45","date_gmt":"2022-07-06T15:28:45","guid":{"rendered":"https:\/\/jornalfatosenoticias.com.br\/?p=32062"},"modified":"2022-07-06T12:28:46","modified_gmt":"2022-07-06T15:28:46","slug":"1o-festival-de-chorinho-jazz-e-blues-de-jardim-camburi","status":"publish","type":"post","link":"https:\/\/jornalfatosenoticias.com.br\/index.php\/2022\/07\/06\/1o-festival-de-chorinho-jazz-e-blues-de-jardim-camburi\/","title":{"rendered":"1\u00ba Festival de Chorinho, Jazz e Blues de Jardim Camburi"},"content":{"rendered":"\n<p><em><span class=\"has-inline-color has-black-color\">Evento come\u00e7a na sexta (8) e vai at\u00e9 domingo (10)<\/span><\/em><\/p>\n\n\n\n<div class=\"wp-block-image\"><figure class=\"aligncenter size-large is-resized\"><img loading=\"lazy\" decoding=\"async\" src=\"https:\/\/jornalfatosenoticias.com.br\/wp-content\/uploads\/2022\/05\/NOVA-LOGO-CESCONETTO-1024x100.jpg\" alt=\"\" class=\"wp-image-30792\" width=\"552\" height=\"53\" srcset=\"https:\/\/jornalfatosenoticias.com.br\/wp-content\/uploads\/2022\/05\/NOVA-LOGO-CESCONETTO-1024x100.jpg 1024w, https:\/\/jornalfatosenoticias.com.br\/wp-content\/uploads\/2022\/05\/NOVA-LOGO-CESCONETTO-300x29.jpg 300w, https:\/\/jornalfatosenoticias.com.br\/wp-content\/uploads\/2022\/05\/NOVA-LOGO-CESCONETTO-768x75.jpg 768w, https:\/\/jornalfatosenoticias.com.br\/wp-content\/uploads\/2022\/05\/NOVA-LOGO-CESCONETTO.jpg 1280w\" sizes=\"auto, (max-width: 552px) 100vw, 552px\" \/><\/figure><\/div>\n\n\n\n<p>Para de fortalecer ainda mais o polo gastron\u00f4mico capixaba, a Prefeitura de Vit\u00f3ria promove mais um evento tur\u00edstico cultural. \u00c9 o 1\u00ba Festival de Chorinho, Jazz e Blues de Jardim Camburi, que ocorre de 08 a 10 de julho, na Av. Isaac Lopes Rubim, ao lado da pra\u00e7a Nilze Mendes, local muito conhecido do bairro.<br>A iniciativa da realiza\u00e7\u00e3o do evento se d\u00e1 por meio Companhia de Desenvolvimento, Turismo e Inova\u00e7\u00e3o de Vit\u00f3ria (CDTIV), com objetivo de ampliar a capacidade de atra\u00e7\u00e3o do fluxo tur\u00edstico para os diversos bairros da capital e fortalecer as feiras comunit\u00e1rias.<\/p>\n\n\n\n<div class=\"wp-block-image\"><figure class=\"aligncenter size-large is-resized\"><img loading=\"lazy\" decoding=\"async\" src=\"https:\/\/jornalfatosenoticias.com.br\/wp-content\/uploads\/2022\/03\/logo-Suinco-1024x390.jpg\" alt=\"\" class=\"wp-image-28785\" width=\"423\" height=\"160\"\/><\/figure><\/div>\n\n\n\n<p>Eventos como esse tamb\u00e9m proporcionam a gera\u00e7\u00e3o de trabalho e renda, por movimentar a cadeia produtiva da regi\u00e3o, formada pelos comerciantes, vendedores informais e moradores da cidade. Al\u00e9m deles, os artistas, produtores, roadies e t\u00e9cnicos envolvidos nos shows musicais tamb\u00e9m t\u00eam oportunidade de trabalho.<br>No evento, pratos t\u00edpicos ser\u00e3o comercializados nos Food Trucks e tamb\u00e9m por expositores, que j\u00e1 trabalham na pra\u00e7a Nilze Mendes vendendo comidas, bebidas e artesanato. No palco, shows musicais com artistas capixabas. O evento ocorre de 08 a 10 de julho, sempre a partir das 18h.<\/p>\n\n\n\n<div class=\"wp-block-image\"><figure class=\"aligncenter size-large is-resized\"><img loading=\"lazy\" decoding=\"async\" src=\"https:\/\/jornalfatosenoticias.com.br\/wp-content\/uploads\/2020\/02\/Serra-Grande-1024x160.png\" alt=\"\" class=\"wp-image-7836\" width=\"491\" height=\"76\"\/><\/figure><\/div>\n\n\n\n<p><strong><span class=\"has-inline-color has-vivid-purple-color\">O Chorinho<br><\/span><\/strong>Choro ou, como \u00e9 mais conhecido, o Chorinho, \u00e9 um estilo musical pr\u00f3prio da esfera urbana no Brasil. \u00c9 um ritmo instrumental produzido no \u00e2mago das classes populares, que remonta, aproximadamente, h\u00e1 130 anos atr\u00e1s. Os grupos eram normalmente constitu\u00eddos por chor\u00f5es que gravitavam em volta de um trio composto por flauta, respons\u00e1vel pelos solos; viol\u00e3o, que adotava a performance de um contrabaixo, sendo assim conhecido como &#8216;baixaria&#8217;; cavaquinho, respons\u00e1vel pela harmonia musical por meio do equil\u00edbrio entre os acordes e os ornatos do trecho, que preservavam o tema principal. O pandeiro tamb\u00e9m era manipulado para marcar os aspectos r\u00edtmicos.<\/p>\n\n\n\n<div class=\"wp-block-image\"><figure class=\"aligncenter size-large is-resized\"><img loading=\"lazy\" decoding=\"async\" src=\"https:\/\/jornalfatosenoticias.com.br\/wp-content\/uploads\/2022\/02\/Arte-Autoescola-Galatas_endereco_portal-1024x103.png\" alt=\"\" class=\"wp-image-27869\" width=\"530\" height=\"53\" srcset=\"https:\/\/jornalfatosenoticias.com.br\/wp-content\/uploads\/2022\/02\/Arte-Autoescola-Galatas_endereco_portal-1024x103.png 1024w, https:\/\/jornalfatosenoticias.com.br\/wp-content\/uploads\/2022\/02\/Arte-Autoescola-Galatas_endereco_portal-300x30.png 300w, https:\/\/jornalfatosenoticias.com.br\/wp-content\/uploads\/2022\/02\/Arte-Autoescola-Galatas_endereco_portal-768x77.png 768w, https:\/\/jornalfatosenoticias.com.br\/wp-content\/uploads\/2022\/02\/Arte-Autoescola-Galatas_endereco_portal.png 1223w\" sizes=\"auto, (max-width: 530px) 100vw, 530px\" \/><\/figure><\/div>\n\n\n\n<p>Atualmente, no Esp\u00edrito Santo, grupos como Sambachoro, Brasil Pandeiro e Choro da Ilha, preservam o chorinho, promovendo constantemente este estilo musical. No Esp\u00edrito Santo, o grupo Urublues, que foi criado na Ufes, interpreta o ritmo h\u00e1 34 anos. Eles s\u00e3o os representantes desse ritmo no festival.<\/p>\n\n\n\n<p>Informa\u00e7\u00f5es: 27 99993 8464<\/p>\n\n\n\n<p><strong><em>Fonte: <a href=\"https:\/\/www.vitoria.es.gov.br\/noticia\/comeca-na-sexta-8-o-1ofestival-de-chorinho-jazz-e-blues-de-jardim-camburi-45565\">PMV<\/a><\/em><\/strong><\/p>\n","protected":false},"excerpt":{"rendered":"<p>Evento come\u00e7a na sexta (8) e vai at\u00e9 domingo (10) Para de fortalecer ainda mais o polo gastron\u00f4mico capixaba, a Prefeitura de Vit\u00f3ria promove mais um evento tur\u00edstico cultural. \u00c9 o 1\u00ba Festival de Chorinho, Jazz e Blues de Jardim Camburi, que ocorre de 08 a 10 de julho, na Av. Isaac Lopes Rubim, ao [&hellip;]<\/p>\n","protected":false},"author":2,"featured_media":32063,"comment_status":"open","ping_status":"open","sticky":false,"template":"","format":"standard","meta":{"footnotes":""},"categories":[4],"tags":[15165,5565,1764],"class_list":["post-32062","post","type-post","status-publish","format-standard","has-post-thumbnail","hentry","category-cultura","tag-1o-festival-de-chorinho-jazz-e-blues","tag-festival","tag-jardim-camburi"],"yoast_head":"<!-- This site is optimized with the Yoast SEO plugin v26.5 - https:\/\/yoast.com\/wordpress\/plugins\/seo\/ -->\n<title>1\u00ba Festival de Chorinho, Jazz e Blues de Jardim Camburi - Jornal Fatos e Not\u00edcias<\/title>\n<meta name=\"robots\" content=\"index, follow, max-snippet:-1, max-image-preview:large, max-video-preview:-1\" \/>\n<link rel=\"canonical\" href=\"https:\/\/jornalfatosenoticias.com.br\/index.php\/2022\/07\/06\/1o-festival-de-chorinho-jazz-e-blues-de-jardim-camburi\/\" \/>\n<meta property=\"og:locale\" content=\"pt_BR\" \/>\n<meta property=\"og:type\" content=\"article\" \/>\n<meta property=\"og:title\" content=\"1\u00ba Festival de Chorinho, Jazz e Blues de Jardim Camburi - Jornal Fatos e Not\u00edcias\" \/>\n<meta property=\"og:description\" content=\"Evento come\u00e7a na sexta (8) e vai at\u00e9 domingo (10) Para de fortalecer ainda mais o polo gastron\u00f4mico capixaba, a Prefeitura de Vit\u00f3ria promove mais um evento tur\u00edstico cultural. \u00c9 o 1\u00ba Festival de Chorinho, Jazz e Blues de Jardim Camburi, que ocorre de 08 a 10 de julho, na Av. Isaac Lopes Rubim, ao [&hellip;]\" \/>\n<meta property=\"og:url\" content=\"https:\/\/jornalfatosenoticias.com.br\/index.php\/2022\/07\/06\/1o-festival-de-chorinho-jazz-e-blues-de-jardim-camburi\/\" \/>\n<meta property=\"og:site_name\" content=\"Jornal Fatos e Not\u00edcias\" \/>\n<meta property=\"article:published_time\" content=\"2022-07-06T15:28:45+00:00\" \/>\n<meta property=\"article:modified_time\" content=\"2022-07-06T15:28:46+00:00\" \/>\n<meta property=\"og:image\" content=\"https:\/\/jornalfatosenoticias.com.br\/wp-content\/uploads\/2022\/07\/FESTIVAL-DE-CHORINHO_VITORIA.jpg\" \/>\n\t<meta property=\"og:image:width\" content=\"1000\" \/>\n\t<meta property=\"og:image:height\" content=\"1000\" \/>\n\t<meta property=\"og:image:type\" content=\"image\/jpeg\" \/>\n<meta name=\"author\" content=\"Luzimara Fernandes\" \/>\n<meta name=\"twitter:card\" content=\"summary_large_image\" \/>\n<meta name=\"twitter:label1\" content=\"Escrito por\" \/>\n\t<meta name=\"twitter:data1\" content=\"Luzimara Fernandes\" \/>\n\t<meta name=\"twitter:label2\" content=\"Est. tempo de leitura\" \/>\n\t<meta name=\"twitter:data2\" content=\"2 minutos\" \/>\n<script type=\"application\/ld+json\" class=\"yoast-schema-graph\">{\"@context\":\"https:\/\/schema.org\",\"@graph\":[{\"@type\":\"Article\",\"@id\":\"https:\/\/jornalfatosenoticias.com.br\/index.php\/2022\/07\/06\/1o-festival-de-chorinho-jazz-e-blues-de-jardim-camburi\/#article\",\"isPartOf\":{\"@id\":\"https:\/\/jornalfatosenoticias.com.br\/index.php\/2022\/07\/06\/1o-festival-de-chorinho-jazz-e-blues-de-jardim-camburi\/\"},\"author\":{\"name\":\"Luzimara Fernandes\",\"@id\":\"https:\/\/jornalfatosenoticias.com.br\/#\/schema\/person\/d63837fa13ac8666eb9e74e0985d6f81\"},\"headline\":\"1\u00ba Festival de Chorinho, Jazz e Blues de Jardim Camburi\",\"datePublished\":\"2022-07-06T15:28:45+00:00\",\"dateModified\":\"2022-07-06T15:28:46+00:00\",\"mainEntityOfPage\":{\"@id\":\"https:\/\/jornalfatosenoticias.com.br\/index.php\/2022\/07\/06\/1o-festival-de-chorinho-jazz-e-blues-de-jardim-camburi\/\"},\"wordCount\":379,\"commentCount\":0,\"publisher\":{\"@id\":\"https:\/\/jornalfatosenoticias.com.br\/#organization\"},\"image\":{\"@id\":\"https:\/\/jornalfatosenoticias.com.br\/index.php\/2022\/07\/06\/1o-festival-de-chorinho-jazz-e-blues-de-jardim-camburi\/#primaryimage\"},\"thumbnailUrl\":\"https:\/\/jornalfatosenoticias.com.br\/wp-content\/uploads\/2022\/07\/FESTIVAL-DE-CHORINHO_VITORIA.jpg\",\"keywords\":[\"1\u00ba Festival de Chorinho Jazz e Blues\",\"festival\",\"Jardim Camburi\"],\"articleSection\":[\"Cultura\"],\"inLanguage\":\"pt-BR\",\"potentialAction\":[{\"@type\":\"CommentAction\",\"name\":\"Comment\",\"target\":[\"https:\/\/jornalfatosenoticias.com.br\/index.php\/2022\/07\/06\/1o-festival-de-chorinho-jazz-e-blues-de-jardim-camburi\/#respond\"]}]},{\"@type\":\"WebPage\",\"@id\":\"https:\/\/jornalfatosenoticias.com.br\/index.php\/2022\/07\/06\/1o-festival-de-chorinho-jazz-e-blues-de-jardim-camburi\/\",\"url\":\"https:\/\/jornalfatosenoticias.com.br\/index.php\/2022\/07\/06\/1o-festival-de-chorinho-jazz-e-blues-de-jardim-camburi\/\",\"name\":\"1\u00ba Festival de Chorinho, Jazz e Blues de Jardim Camburi - Jornal Fatos e Not\u00edcias\",\"isPartOf\":{\"@id\":\"https:\/\/jornalfatosenoticias.com.br\/#website\"},\"primaryImageOfPage\":{\"@id\":\"https:\/\/jornalfatosenoticias.com.br\/index.php\/2022\/07\/06\/1o-festival-de-chorinho-jazz-e-blues-de-jardim-camburi\/#primaryimage\"},\"image\":{\"@id\":\"https:\/\/jornalfatosenoticias.com.br\/index.php\/2022\/07\/06\/1o-festival-de-chorinho-jazz-e-blues-de-jardim-camburi\/#primaryimage\"},\"thumbnailUrl\":\"https:\/\/jornalfatosenoticias.com.br\/wp-content\/uploads\/2022\/07\/FESTIVAL-DE-CHORINHO_VITORIA.jpg\",\"datePublished\":\"2022-07-06T15:28:45+00:00\",\"dateModified\":\"2022-07-06T15:28:46+00:00\",\"breadcrumb\":{\"@id\":\"https:\/\/jornalfatosenoticias.com.br\/index.php\/2022\/07\/06\/1o-festival-de-chorinho-jazz-e-blues-de-jardim-camburi\/#breadcrumb\"},\"inLanguage\":\"pt-BR\",\"potentialAction\":[{\"@type\":\"ReadAction\",\"target\":[\"https:\/\/jornalfatosenoticias.com.br\/index.php\/2022\/07\/06\/1o-festival-de-chorinho-jazz-e-blues-de-jardim-camburi\/\"]}]},{\"@type\":\"ImageObject\",\"inLanguage\":\"pt-BR\",\"@id\":\"https:\/\/jornalfatosenoticias.com.br\/index.php\/2022\/07\/06\/1o-festival-de-chorinho-jazz-e-blues-de-jardim-camburi\/#primaryimage\",\"url\":\"https:\/\/jornalfatosenoticias.com.br\/wp-content\/uploads\/2022\/07\/FESTIVAL-DE-CHORINHO_VITORIA.jpg\",\"contentUrl\":\"https:\/\/jornalfatosenoticias.com.br\/wp-content\/uploads\/2022\/07\/FESTIVAL-DE-CHORINHO_VITORIA.jpg\",\"width\":1000,\"height\":1000,\"caption\":\"1\u00ba Festival de chorinho, jazz e blues\"},{\"@type\":\"BreadcrumbList\",\"@id\":\"https:\/\/jornalfatosenoticias.com.br\/index.php\/2022\/07\/06\/1o-festival-de-chorinho-jazz-e-blues-de-jardim-camburi\/#breadcrumb\",\"itemListElement\":[{\"@type\":\"ListItem\",\"position\":1,\"name\":\"In\u00edcio\",\"item\":\"https:\/\/jornalfatosenoticias.com.br\/\"},{\"@type\":\"ListItem\",\"position\":2,\"name\":\"1\u00ba Festival de Chorinho, Jazz e Blues de Jardim Camburi\"}]},{\"@type\":\"WebSite\",\"@id\":\"https:\/\/jornalfatosenoticias.com.br\/#website\",\"url\":\"https:\/\/jornalfatosenoticias.com.br\/\",\"name\":\"Jornal Fatos e Not\u00edcias\",\"description\":\"Not\u00edcias em geral\",\"publisher\":{\"@id\":\"https:\/\/jornalfatosenoticias.com.br\/#organization\"},\"potentialAction\":[{\"@type\":\"SearchAction\",\"target\":{\"@type\":\"EntryPoint\",\"urlTemplate\":\"https:\/\/jornalfatosenoticias.com.br\/?s={search_term_string}\"},\"query-input\":{\"@type\":\"PropertyValueSpecification\",\"valueRequired\":true,\"valueName\":\"search_term_string\"}}],\"inLanguage\":\"pt-BR\"},{\"@type\":\"Organization\",\"@id\":\"https:\/\/jornalfatosenoticias.com.br\/#organization\",\"name\":\"Jornal Fatos e Not\u00edcias\",\"url\":\"https:\/\/jornalfatosenoticias.com.br\/\",\"logo\":{\"@type\":\"ImageObject\",\"inLanguage\":\"pt-BR\",\"@id\":\"https:\/\/jornalfatosenoticias.com.br\/#\/schema\/logo\/image\/\",\"url\":\"https:\/\/jornalfatosenoticias.com.br\/wp-content\/uploads\/2020\/02\/logo120.png\",\"contentUrl\":\"https:\/\/jornalfatosenoticias.com.br\/wp-content\/uploads\/2020\/02\/logo120.png\",\"width\":1227,\"height\":120,\"caption\":\"Jornal Fatos e Not\u00edcias\"},\"image\":{\"@id\":\"https:\/\/jornalfatosenoticias.com.br\/#\/schema\/logo\/image\/\"}},{\"@type\":\"Person\",\"@id\":\"https:\/\/jornalfatosenoticias.com.br\/#\/schema\/person\/d63837fa13ac8666eb9e74e0985d6f81\",\"name\":\"Luzimara Fernandes\",\"image\":{\"@type\":\"ImageObject\",\"inLanguage\":\"pt-BR\",\"@id\":\"https:\/\/jornalfatosenoticias.com.br\/#\/schema\/person\/image\/\",\"url\":\"https:\/\/jornalfatosenoticias.com.br\/wp-content\/uploads\/2025\/05\/EU_portal.jpg\",\"contentUrl\":\"https:\/\/jornalfatosenoticias.com.br\/wp-content\/uploads\/2025\/05\/EU_portal.jpg\",\"caption\":\"Luzimara Fernandes\"},\"description\":\"Jornalista MTB 2358-ES\",\"sameAs\":[\"https:\/\/jornalfatosenoticias.com.br\"],\"url\":\"https:\/\/jornalfatosenoticias.com.br\/index.php\/author\/luzimara\/\"}]}<\/script>\n<!-- \/ Yoast SEO plugin. -->","yoast_head_json":{"title":"1\u00ba Festival de Chorinho, Jazz e Blues de Jardim Camburi - Jornal Fatos e Not\u00edcias","robots":{"index":"index","follow":"follow","max-snippet":"max-snippet:-1","max-image-preview":"max-image-preview:large","max-video-preview":"max-video-preview:-1"},"canonical":"https:\/\/jornalfatosenoticias.com.br\/index.php\/2022\/07\/06\/1o-festival-de-chorinho-jazz-e-blues-de-jardim-camburi\/","og_locale":"pt_BR","og_type":"article","og_title":"1\u00ba Festival de Chorinho, Jazz e Blues de Jardim Camburi - Jornal Fatos e Not\u00edcias","og_description":"Evento come\u00e7a na sexta (8) e vai at\u00e9 domingo (10) Para de fortalecer ainda mais o polo gastron\u00f4mico capixaba, a Prefeitura de Vit\u00f3ria promove mais um evento tur\u00edstico cultural. \u00c9 o 1\u00ba Festival de Chorinho, Jazz e Blues de Jardim Camburi, que ocorre de 08 a 10 de julho, na Av. Isaac Lopes Rubim, ao [&hellip;]","og_url":"https:\/\/jornalfatosenoticias.com.br\/index.php\/2022\/07\/06\/1o-festival-de-chorinho-jazz-e-blues-de-jardim-camburi\/","og_site_name":"Jornal Fatos e Not\u00edcias","article_published_time":"2022-07-06T15:28:45+00:00","article_modified_time":"2022-07-06T15:28:46+00:00","og_image":[{"width":1000,"height":1000,"url":"https:\/\/jornalfatosenoticias.com.br\/wp-content\/uploads\/2022\/07\/FESTIVAL-DE-CHORINHO_VITORIA.jpg","type":"image\/jpeg"}],"author":"Luzimara Fernandes","twitter_card":"summary_large_image","twitter_misc":{"Escrito por":"Luzimara Fernandes","Est. tempo de leitura":"2 minutos"},"schema":{"@context":"https:\/\/schema.org","@graph":[{"@type":"Article","@id":"https:\/\/jornalfatosenoticias.com.br\/index.php\/2022\/07\/06\/1o-festival-de-chorinho-jazz-e-blues-de-jardim-camburi\/#article","isPartOf":{"@id":"https:\/\/jornalfatosenoticias.com.br\/index.php\/2022\/07\/06\/1o-festival-de-chorinho-jazz-e-blues-de-jardim-camburi\/"},"author":{"name":"Luzimara Fernandes","@id":"https:\/\/jornalfatosenoticias.com.br\/#\/schema\/person\/d63837fa13ac8666eb9e74e0985d6f81"},"headline":"1\u00ba Festival de Chorinho, Jazz e Blues de Jardim Camburi","datePublished":"2022-07-06T15:28:45+00:00","dateModified":"2022-07-06T15:28:46+00:00","mainEntityOfPage":{"@id":"https:\/\/jornalfatosenoticias.com.br\/index.php\/2022\/07\/06\/1o-festival-de-chorinho-jazz-e-blues-de-jardim-camburi\/"},"wordCount":379,"commentCount":0,"publisher":{"@id":"https:\/\/jornalfatosenoticias.com.br\/#organization"},"image":{"@id":"https:\/\/jornalfatosenoticias.com.br\/index.php\/2022\/07\/06\/1o-festival-de-chorinho-jazz-e-blues-de-jardim-camburi\/#primaryimage"},"thumbnailUrl":"https:\/\/jornalfatosenoticias.com.br\/wp-content\/uploads\/2022\/07\/FESTIVAL-DE-CHORINHO_VITORIA.jpg","keywords":["1\u00ba Festival de Chorinho Jazz e Blues","festival","Jardim Camburi"],"articleSection":["Cultura"],"inLanguage":"pt-BR","potentialAction":[{"@type":"CommentAction","name":"Comment","target":["https:\/\/jornalfatosenoticias.com.br\/index.php\/2022\/07\/06\/1o-festival-de-chorinho-jazz-e-blues-de-jardim-camburi\/#respond"]}]},{"@type":"WebPage","@id":"https:\/\/jornalfatosenoticias.com.br\/index.php\/2022\/07\/06\/1o-festival-de-chorinho-jazz-e-blues-de-jardim-camburi\/","url":"https:\/\/jornalfatosenoticias.com.br\/index.php\/2022\/07\/06\/1o-festival-de-chorinho-jazz-e-blues-de-jardim-camburi\/","name":"1\u00ba Festival de Chorinho, Jazz e Blues de Jardim Camburi - Jornal Fatos e Not\u00edcias","isPartOf":{"@id":"https:\/\/jornalfatosenoticias.com.br\/#website"},"primaryImageOfPage":{"@id":"https:\/\/jornalfatosenoticias.com.br\/index.php\/2022\/07\/06\/1o-festival-de-chorinho-jazz-e-blues-de-jardim-camburi\/#primaryimage"},"image":{"@id":"https:\/\/jornalfatosenoticias.com.br\/index.php\/2022\/07\/06\/1o-festival-de-chorinho-jazz-e-blues-de-jardim-camburi\/#primaryimage"},"thumbnailUrl":"https:\/\/jornalfatosenoticias.com.br\/wp-content\/uploads\/2022\/07\/FESTIVAL-DE-CHORINHO_VITORIA.jpg","datePublished":"2022-07-06T15:28:45+00:00","dateModified":"2022-07-06T15:28:46+00:00","breadcrumb":{"@id":"https:\/\/jornalfatosenoticias.com.br\/index.php\/2022\/07\/06\/1o-festival-de-chorinho-jazz-e-blues-de-jardim-camburi\/#breadcrumb"},"inLanguage":"pt-BR","potentialAction":[{"@type":"ReadAction","target":["https:\/\/jornalfatosenoticias.com.br\/index.php\/2022\/07\/06\/1o-festival-de-chorinho-jazz-e-blues-de-jardim-camburi\/"]}]},{"@type":"ImageObject","inLanguage":"pt-BR","@id":"https:\/\/jornalfatosenoticias.com.br\/index.php\/2022\/07\/06\/1o-festival-de-chorinho-jazz-e-blues-de-jardim-camburi\/#primaryimage","url":"https:\/\/jornalfatosenoticias.com.br\/wp-content\/uploads\/2022\/07\/FESTIVAL-DE-CHORINHO_VITORIA.jpg","contentUrl":"https:\/\/jornalfatosenoticias.com.br\/wp-content\/uploads\/2022\/07\/FESTIVAL-DE-CHORINHO_VITORIA.jpg","width":1000,"height":1000,"caption":"1\u00ba Festival de chorinho, jazz e blues"},{"@type":"BreadcrumbList","@id":"https:\/\/jornalfatosenoticias.com.br\/index.php\/2022\/07\/06\/1o-festival-de-chorinho-jazz-e-blues-de-jardim-camburi\/#breadcrumb","itemListElement":[{"@type":"ListItem","position":1,"name":"In\u00edcio","item":"https:\/\/jornalfatosenoticias.com.br\/"},{"@type":"ListItem","position":2,"name":"1\u00ba Festival de Chorinho, Jazz e Blues de Jardim Camburi"}]},{"@type":"WebSite","@id":"https:\/\/jornalfatosenoticias.com.br\/#website","url":"https:\/\/jornalfatosenoticias.com.br\/","name":"Jornal Fatos e Not\u00edcias","description":"Not\u00edcias em geral","publisher":{"@id":"https:\/\/jornalfatosenoticias.com.br\/#organization"},"potentialAction":[{"@type":"SearchAction","target":{"@type":"EntryPoint","urlTemplate":"https:\/\/jornalfatosenoticias.com.br\/?s={search_term_string}"},"query-input":{"@type":"PropertyValueSpecification","valueRequired":true,"valueName":"search_term_string"}}],"inLanguage":"pt-BR"},{"@type":"Organization","@id":"https:\/\/jornalfatosenoticias.com.br\/#organization","name":"Jornal Fatos e Not\u00edcias","url":"https:\/\/jornalfatosenoticias.com.br\/","logo":{"@type":"ImageObject","inLanguage":"pt-BR","@id":"https:\/\/jornalfatosenoticias.com.br\/#\/schema\/logo\/image\/","url":"https:\/\/jornalfatosenoticias.com.br\/wp-content\/uploads\/2020\/02\/logo120.png","contentUrl":"https:\/\/jornalfatosenoticias.com.br\/wp-content\/uploads\/2020\/02\/logo120.png","width":1227,"height":120,"caption":"Jornal Fatos e Not\u00edcias"},"image":{"@id":"https:\/\/jornalfatosenoticias.com.br\/#\/schema\/logo\/image\/"}},{"@type":"Person","@id":"https:\/\/jornalfatosenoticias.com.br\/#\/schema\/person\/d63837fa13ac8666eb9e74e0985d6f81","name":"Luzimara Fernandes","image":{"@type":"ImageObject","inLanguage":"pt-BR","@id":"https:\/\/jornalfatosenoticias.com.br\/#\/schema\/person\/image\/","url":"https:\/\/jornalfatosenoticias.com.br\/wp-content\/uploads\/2025\/05\/EU_portal.jpg","contentUrl":"https:\/\/jornalfatosenoticias.com.br\/wp-content\/uploads\/2025\/05\/EU_portal.jpg","caption":"Luzimara Fernandes"},"description":"Jornalista MTB 2358-ES","sameAs":["https:\/\/jornalfatosenoticias.com.br"],"url":"https:\/\/jornalfatosenoticias.com.br\/index.php\/author\/luzimara\/"}]}},"cc_featured_image_caption":{"caption_text":"(Foto: Divulga\u00e7\u00e3o) ","source_text":"","source_url":""},"jetpack_featured_media_url":"https:\/\/jornalfatosenoticias.com.br\/wp-content\/uploads\/2022\/07\/FESTIVAL-DE-CHORINHO_VITORIA.jpg","_links":{"self":[{"href":"https:\/\/jornalfatosenoticias.com.br\/index.php\/wp-json\/wp\/v2\/posts\/32062","targetHints":{"allow":["GET"]}}],"collection":[{"href":"https:\/\/jornalfatosenoticias.com.br\/index.php\/wp-json\/wp\/v2\/posts"}],"about":[{"href":"https:\/\/jornalfatosenoticias.com.br\/index.php\/wp-json\/wp\/v2\/types\/post"}],"author":[{"embeddable":true,"href":"https:\/\/jornalfatosenoticias.com.br\/index.php\/wp-json\/wp\/v2\/users\/2"}],"replies":[{"embeddable":true,"href":"https:\/\/jornalfatosenoticias.com.br\/index.php\/wp-json\/wp\/v2\/comments?post=32062"}],"version-history":[{"count":0,"href":"https:\/\/jornalfatosenoticias.com.br\/index.php\/wp-json\/wp\/v2\/posts\/32062\/revisions"}],"wp:featuredmedia":[{"embeddable":true,"href":"https:\/\/jornalfatosenoticias.com.br\/index.php\/wp-json\/wp\/v2\/media\/32063"}],"wp:attachment":[{"href":"https:\/\/jornalfatosenoticias.com.br\/index.php\/wp-json\/wp\/v2\/media?parent=32062"}],"wp:term":[{"taxonomy":"category","embeddable":true,"href":"https:\/\/jornalfatosenoticias.com.br\/index.php\/wp-json\/wp\/v2\/categories?post=32062"},{"taxonomy":"post_tag","embeddable":true,"href":"https:\/\/jornalfatosenoticias.com.br\/index.php\/wp-json\/wp\/v2\/tags?post=32062"}],"curies":[{"name":"wp","href":"https:\/\/api.w.org\/{rel}","templated":true}]}}