{"id":32152,"date":"2022-07-08T12:59:09","date_gmt":"2022-07-08T15:59:09","guid":{"rendered":"https:\/\/jornalfatosenoticias.com.br\/?p=32152"},"modified":"2022-07-08T12:59:10","modified_gmt":"2022-07-08T15:59:10","slug":"cem-anos-do-radio-no-brasil-recife-foi-berco-dizem-pesquisadores","status":"publish","type":"post","link":"https:\/\/jornalfatosenoticias.com.br\/index.php\/2022\/07\/08\/cem-anos-do-radio-no-brasil-recife-foi-berco-dizem-pesquisadores\/","title":{"rendered":"Cem anos do r\u00e1dio no Brasil: Recife foi &#8220;ber\u00e7o&#8221;, dizem pesquisadores"},"content":{"rendered":"\n<div class=\"wp-block-image\"><figure class=\"aligncenter size-large is-resized\"><img loading=\"lazy\" decoding=\"async\" src=\"https:\/\/jornalfatosenoticias.com.br\/wp-content\/uploads\/2022\/05\/NOVA-LOGO-CESCONETTO-1024x100.jpg\" alt=\"\" class=\"wp-image-30792\" width=\"519\" height=\"50\" srcset=\"https:\/\/jornalfatosenoticias.com.br\/wp-content\/uploads\/2022\/05\/NOVA-LOGO-CESCONETTO-1024x100.jpg 1024w, https:\/\/jornalfatosenoticias.com.br\/wp-content\/uploads\/2022\/05\/NOVA-LOGO-CESCONETTO-300x29.jpg 300w, https:\/\/jornalfatosenoticias.com.br\/wp-content\/uploads\/2022\/05\/NOVA-LOGO-CESCONETTO-768x75.jpg 768w, https:\/\/jornalfatosenoticias.com.br\/wp-content\/uploads\/2022\/05\/NOVA-LOGO-CESCONETTO.jpg 1280w\" sizes=\"auto, (max-width: 519px) 100vw, 519px\" \/><\/figure><\/div>\n\n\n\n<p>Em 7 de setembro de 1922, centen\u00e1rio da Independ\u00eancia do Brasil, ocorreu o que os pesquisadores chamam de primeira grande demonstra\u00e7\u00e3o p\u00fablica radiof\u00f4nica no Brasil. Houve, na ocasi\u00e3o, a inaugura\u00e7\u00e3o da Exposi\u00e7\u00e3o Internacional do Rio de Janeiro, que comemorava os 100 anos da emancipa\u00e7\u00e3o do pa\u00eds. A demonstra\u00e7\u00e3o de r\u00e1dio foi organizada pela empresa Westinghouse International Company, usando a esta\u00e7\u00e3o SPC, instalada no Corcovado. Naquele dia, houve o discurso do presidente Epit\u00e1cio Pessoa e as ondas chegaram at\u00e9 a Niter\u00f3i, a Petr\u00f3polis e a S\u00e3o Paulo. Mas, a hist\u00f3ria do r\u00e1dio pode ter come\u00e7ado bem antes deste que \u00e9 considerado por muitos o marco inicial do ve\u00edculo no Brasil. E em uma cidade que fica a mais de dois mil quil\u00f4metros da antiga capital do Pa\u00eds.<\/p>\n\n\n\n<div class=\"wp-block-image\"><figure class=\"aligncenter size-large is-resized\"><img loading=\"lazy\" decoding=\"async\" src=\"https:\/\/jornalfatosenoticias.com.br\/wp-content\/uploads\/2022\/02\/Arte-Autoescola-Galatas_endereco_portal-1024x103.png\" alt=\"\" class=\"wp-image-27869\" width=\"520\" height=\"52\" srcset=\"https:\/\/jornalfatosenoticias.com.br\/wp-content\/uploads\/2022\/02\/Arte-Autoescola-Galatas_endereco_portal-1024x103.png 1024w, https:\/\/jornalfatosenoticias.com.br\/wp-content\/uploads\/2022\/02\/Arte-Autoescola-Galatas_endereco_portal-300x30.png 300w, https:\/\/jornalfatosenoticias.com.br\/wp-content\/uploads\/2022\/02\/Arte-Autoescola-Galatas_endereco_portal-768x77.png 768w, https:\/\/jornalfatosenoticias.com.br\/wp-content\/uploads\/2022\/02\/Arte-Autoescola-Galatas_endereco_portal.png 1223w\" sizes=\"auto, (max-width: 520px) 100vw, 520px\" \/><\/figure><\/div>\n\n\n\n<p>Recife era uma cidade de 230 mil pessoas no ano de 1919 e respirava a brisa da modernidade daquelas primeiras d\u00e9cadas do s\u00e9culo 20. Tr\u00eas anos antes da transmiss\u00e3o carioca, apontada como a primeira transmiss\u00e3o radiof\u00f4nica do Brasil, a R\u00e1dio Clube de Pernambuco teve papel indiscut\u00edvel e pioneiro para o desenvolvimento do r\u00e1dio como ve\u00edculo de comunica\u00e7\u00e3o de massa.<\/p>\n\n\n\n<p><strong>Ou\u00e7a epis\u00f3dio da s\u00e9rie\u00a0<\/strong><em>Cem anos do r\u00e1dio no Brasil,\u00a0<\/em><strong>da<\/strong>\u00a0<strong>R\u00e1dio MEC<\/strong><em>,\u00a0<\/em><strong>sobre a R\u00e1dio Clube de Pernambuco:<\/strong><\/p>\n\n\n\n<figure class=\"wp-block-audio\"><audio controls src=\"https:\/\/jornalfatosenoticias.com.br\/wp-content\/uploads\/2022\/07\/100_anos_radio_-_pgm022_online-audio-converter.com_.mp3\"><\/audio><\/figure>\n\n\n\n<div class=\"wp-block-image\"><figure class=\"alignright size-large is-resized\"><img loading=\"lazy\" decoding=\"async\" src=\"https:\/\/jornalfatosenoticias.com.br\/wp-content\/uploads\/2022\/02\/Precisao-Contabilidade-1024x724.jpg\" alt=\"\" class=\"wp-image-28088\" width=\"295\" height=\"208\"\/><\/figure><\/div>\n\n\n\n<p>Para pesquisadores ouvidos pela <strong>Ag\u00eancia Brasil,<\/strong> n\u00e3o deve haver uma pol\u00eamica sobre onde afinal come\u00e7ou o r\u00e1dio porque os processos eram concomitantes. Professores explicam que em 1919, a R\u00e1dio Clube de Pernambuco passou a ter os pr\u00f3prios estatutos e ganhou visibilidade da m\u00eddia. A R\u00e1dio Sociedade do Rio de Janeiro seria fundada em 20 de abril do ano seguinte.<\/p>\n\n\n\n<p><strong>Ou\u00e7a epis\u00f3dio da s\u00e9rie\u00a0<\/strong><em>Cem anos do r\u00e1dio no Brasil,\u00a0<\/em><strong>da<\/strong>\u00a0<strong>R\u00e1dio MEC<\/strong><em>,<\/em><strong>\u00a0sobre a R\u00e1dio Sociedade do Rio de Janeiro:<\/strong><\/p>\n\n\n\n<figure class=\"wp-block-audio\"><audio controls src=\"https:\/\/jornalfatosenoticias.com.br\/wp-content\/uploads\/2022\/07\/100_anos_radio_-_pgm051_online-audio-converter.com_.mp3\"><\/audio><\/figure>\n\n\n\n<p>A emissora no Recife, formada por estudantes radioamadores, foi inaugurada em 6 de abril de 1919, e depois reinaugurada em 1923 \u2014 o que lhe garantiu pioneirismo t\u00e9cnico. \u201cFoi como um ber\u00e7o para a transmiss\u00e3o radiof\u00f4nica\u201d, diz o professor Pedro Vaz, pesquisador da hist\u00f3ria da r\u00e1dio e professor universit\u00e1rio em S\u00e3o Paulo.<\/p>\n\n\n\n<div class=\"wp-block-image\"><figure class=\"aligncenter size-large is-resized\"><img loading=\"lazy\" decoding=\"async\" src=\"https:\/\/jornalfatosenoticias.com.br\/wp-content\/uploads\/2022\/07\/Logo-Grupo-SEI.jpg\" alt=\"\" class=\"wp-image-31973\" width=\"387\" height=\"203\" srcset=\"https:\/\/jornalfatosenoticias.com.br\/wp-content\/uploads\/2022\/07\/Logo-Grupo-SEI.jpg 713w, https:\/\/jornalfatosenoticias.com.br\/wp-content\/uploads\/2022\/07\/Logo-Grupo-SEI-300x158.jpg 300w\" sizes=\"auto, (max-width: 387px) 100vw, 387px\" \/><\/figure><\/div>\n\n\n\n<blockquote class=\"wp-block-quote is-layout-flow wp-block-quote-is-layout-flow\"><p><span class=\"has-inline-color has-luminous-vivid-orange-color\">\u201cConsoante convoca\u00e7\u00e3o anterior, realizou-se hontem na Escola Superior de Eletricidade, a funda\u00e7\u00e3o do R\u00e1dio Club, sob os ausp\u00edcios de uma pl\u00eaiade de mo\u00e7os que se dedicam ao estudo da eletricidade e da telegraphia sem fio (\u2026) a primeira no g\u00eanero fundada no Pa\u00eds\u201d (trecho do documento de funda\u00e7\u00e3o da R\u00e1dio Clube).<\/span><\/p><\/blockquote>\n\n\n\n<div class=\"wp-block-image\"><figure class=\"alignleft size-large\"><img decoding=\"async\" src=\"https:\/\/jornalfatosenoticias.com.br\/wp-content\/uploads\/2020\/02\/logo_esteio.jpg\" alt=\"\" class=\"wp-image-1214\"\/><\/figure><\/div>\n\n\n\n<p>A pesquisadora Adriana Santana, da Universidade Federal de Pernambuco (UFPE), explica que a r\u00e1dio no Recife era formada por pesquisadores muito entusiasmados pelas possibilidades tecnol\u00f3gicas da transmiss\u00e3o sem fio. \u201cH\u00e1 pesquisas relevantes sobre o registro hist\u00f3rico no Recife, mas eu acho que o mais interessante n\u00e3o \u00e9 requerer a paternidade ou a maternidade da r\u00e1dio no Brasil, mas a gente constatar que, no Brasil, havia esse esp\u00edrito da descoberta que marca esse tempo\u201d.<br>A pesquisadora contextualiza que, naquelas primeiras d\u00e9cadas do s\u00e9culo 20, havia uma efervesc\u00eancia cultural e cient\u00edfica e que ganhou novo est\u00edmulo com o final da Primeira Guerra Mundial (1914-1918). \u201cEram pessoas com recursos e que investiam em equipamentos e testes. Em geral, homens de diferentes profiss\u00f5es e ligados pela paix\u00e3o por aquela inventividade\u201d, afirma.<\/p>\n\n\n\n<div class=\"wp-block-image\"><figure class=\"alignright size-large is-resized\"><img loading=\"lazy\" decoding=\"async\" src=\"https:\/\/jornalfatosenoticias.com.br\/wp-content\/uploads\/2020\/02\/nova-logo-Marquetti.jpg\" alt=\"\" class=\"wp-image-22331\" width=\"304\" height=\"204\" srcset=\"https:\/\/jornalfatosenoticias.com.br\/wp-content\/uploads\/2020\/02\/nova-logo-Marquetti.jpg 643w, https:\/\/jornalfatosenoticias.com.br\/wp-content\/uploads\/2020\/02\/nova-logo-Marquetti-300x202.jpg 300w\" sizes=\"auto, (max-width: 304px) 100vw, 304px\" \/><\/figure><\/div>\n\n\n\n<p>Mas, conforme pontua o professor Luiz Artur Ferraretto, da Universidade Federal do Rio Grande do Sul (UFRGS), as primeiras transmiss\u00f5es de r\u00e1dio no Brasil devem ser vistas como frutos de um processo e que h\u00e1 um inquestion\u00e1vel pioneirismo de a\u00e7\u00f5es em Pernambuco, inclusive antes de 1919. Na d\u00e9cada de 1910, j\u00e1 existem experimentos e Recife, por ser uma cidade portu\u00e1ria, recebeu equipamentos. Em 1914, as transmiss\u00f5es experimentais passam a ser proibidas por causa do in\u00edcio da guerra.<br>O documento<em> Carta aberta sobre o pioneirismo no r\u00e1dio brasileiro,<\/em> publicada por estudiosos do r\u00e1dio em setembro do ano passado, cita amadores operando esta\u00e7\u00f5es ainda na d\u00e9cada de 1910, em uma pr\u00e1tica que evoluiu da radiotelegrafia e da radiotelefonia.<\/p>\n\n\n\n<div class=\"wp-block-image\"><figure class=\"aligncenter size-large is-resized\"><img loading=\"lazy\" decoding=\"async\" src=\"https:\/\/jornalfatosenoticias.com.br\/wp-content\/uploads\/2022\/03\/logo-Suinco-1024x390.jpg\" alt=\"\" class=\"wp-image-28785\" width=\"388\" height=\"147\"\/><\/figure><\/div>\n\n\n\n<blockquote class=\"wp-block-quote is-layout-flow wp-block-quote-is-layout-flow\"><p><span class=\"has-inline-color has-luminous-vivid-orange-color\"><strong><a href=\"https:\/\/blog.ufba.br\/portaldoradio\/files\/2021\/09\/20210204_CARTA_ABERTA.pdf\" target=\"_blank\" rel=\"noreferrer noopener\">\u201cCom o surgimento da KDKA, emissora pioneira dos Estados Unidos, intensifica-se o interesse deles em rela\u00e7\u00e3o \u00e0 transmiss\u00e3o sonora. No Brasil, tais irradia\u00e7\u00f5es seguiam sendo consideradas clandestinas. H\u00e1 registros, inclusive, de persegui\u00e7\u00e3o das autoridades em rela\u00e7\u00e3o aos que operavam essas esta\u00e7\u00f5es\u201d,<\/a>\u00a0<\/strong>detalha a carta.<\/span><\/p><\/blockquote>\n\n\n\n<div class=\"wp-block-image\"><figure class=\"aligncenter size-large is-resized\"><img loading=\"lazy\" decoding=\"async\" src=\"https:\/\/jornalfatosenoticias.com.br\/wp-content\/uploads\/2022\/07\/Assinatura-Marketing-1024x300.png\" alt=\"\" class=\"wp-image-31962\" width=\"454\" height=\"132\" srcset=\"https:\/\/jornalfatosenoticias.com.br\/wp-content\/uploads\/2022\/07\/Assinatura-Marketing-1024x300.png 1024w, https:\/\/jornalfatosenoticias.com.br\/wp-content\/uploads\/2022\/07\/Assinatura-Marketing-300x88.png 300w, https:\/\/jornalfatosenoticias.com.br\/wp-content\/uploads\/2022\/07\/Assinatura-Marketing-768x225.png 768w, https:\/\/jornalfatosenoticias.com.br\/wp-content\/uploads\/2022\/07\/Assinatura-Marketing-1536x451.png 1536w, https:\/\/jornalfatosenoticias.com.br\/wp-content\/uploads\/2022\/07\/Assinatura-Marketing-2048x601.png 2048w\" sizes=\"auto, (max-width: 454px) 100vw, 454px\" \/><\/figure><\/div>\n\n\n\n<p>N\u00e3o h\u00e1 registros dessas transmiss\u00f5es em fun\u00e7\u00e3o das proibi\u00e7\u00f5es no Brasil, \u201co que se resolve somente ap\u00f3s a funda\u00e7\u00e3o da R\u00e1dio Sociedade e por h\u00e1bil intermedia\u00e7\u00e3o de Edgard Roquette-Pinto junto ao governo\u201d.<br>Segundo esse documento, entende-se que protagonistas foram Oscar Moreira Pinto (radiotelegrafista da Marinha Mercante) e Oscar Dubeux Pinto (eletricista que trouxe equipamentos para o Brasil). \u201cA primeira transmiss\u00e3o clara de som em territ\u00f3rio brasileiro, no entanto, \u00e9 anterior a tudo isso. Ocorreu, em 17 de abril de 1911, na costa da Bahia. Trata-se da demonstra\u00e7\u00e3o do chamado sistema Telefunken a bordo do SMS von der Tann, cruzador-encoura\u00e7ado alem\u00e3o, de onde se transmitiu m\u00fasica captada pela Esta\u00e7\u00e3o de Amaralina\u201d, contam os pesquisadores no texto da carta aberta.<br>Na avalia\u00e7\u00e3o do professor Ferraretto, r\u00e1dio como sin\u00f4nimo de comunica\u00e7\u00e3o sem fio, sem ser telefonia, come\u00e7a no Recife. \u201cNo Rio de Janeiro, ele ganhou for\u00e7a. Ao longo dos anos 1920, o ve\u00edculo vai se transformar naquele meio de comunica\u00e7\u00e3o que a gente conhece hoje como r\u00e1dio\u201d.<\/p>\n\n\n\n<div class=\"wp-block-image\"><figure class=\"aligncenter size-large is-resized\"><img loading=\"lazy\" decoding=\"async\" src=\"https:\/\/jornalfatosenoticias.com.br\/wp-content\/uploads\/2022\/02\/Serra-Pack-459.png\" alt=\"\" class=\"wp-image-27471\" width=\"303\" height=\"121\"\/><\/figure><\/div>\n\n\n\n<p><strong><strong>Leia mais:\u00a0<a href=\"https:\/\/agenciabrasil.ebc.com.br\/geral\/noticia\/2022-05\/cem-anos-do-r%C3%A1dio-no-brasil-o-padre-brasileiro-que-inventou-o-radio\" target=\"_blank\" rel=\"noreferrer noopener\">Cem anos do r\u00e1dio no Brasil: o padre brasileiro que inventou o r\u00e1dio<\/a><\/strong><\/strong><\/p>\n\n\n\n<p><strong>Acompanhe:<\/strong>&nbsp;<strong><a href=\"https:\/\/www.ebc.com.br\/sala-de-imprensa\/noticias\/2022\/05\/radios-mec-e-nacional-abrem-celebracoes-do-centenario-do-radio\" target=\"_blank\" rel=\"noreferrer noopener\">R\u00e1dios MEC e Nacional abrem celebra\u00e7\u00f5es do centen\u00e1rio do r\u00e1dio<\/a><\/strong><\/p>\n\n\n\n<div class=\"wp-block-image\"><figure class=\"aligncenter size-large is-resized\"><img loading=\"lazy\" decoding=\"async\" src=\"https:\/\/jornalfatosenoticias.com.br\/wp-content\/uploads\/2020\/02\/Serra-Grande-1024x160.png\" alt=\"\" class=\"wp-image-7836\" width=\"510\" height=\"79\"\/><\/figure><\/div>\n\n\n\n<p>O jornalista e pesquisador Luiz Maranh\u00e3o Filho tamb\u00e9m compartilha o entendimento que Pernambuco foi ber\u00e7o do r\u00e1dio no Brasil, atrav\u00e9s de um grupo de amadores e estudantes de f\u00edsica, integrantes da Escola de Eletricidade do Recife. \u201cFoi artesanal, com certeza. Os curiosos obtiveram a fonia, utilizando um transmissor de telegrafia sem fio (\u2026) O grupo adaptou para transmitir vozes, atrav\u00e9s de um microfone, feito com uma lata de goiabada com muitos furos de pregos e carv\u00f5es magn\u00e9ticos, estendidos em seu interior\u201d.<br>Pedro Vaz explica que tanto a R\u00e1dio Clube de Pernambuco como a R\u00e1dio Sociedade foram pioneiras. Ele contextualiza que os organizadores e entusiastas da radiotelegrafia n\u00e3o pensavam a r\u00e1dio como conhecemos hoje. \u201cNingu\u00e9m ali imaginaria que iria se tornar o potente ve\u00edculo da primeira metade do s\u00e9culo 20\u201d. Ele acrescenta que, a partir de fevereiro de 1923, com a instala\u00e7\u00e3o de um pequeno equipamento de dez watts, foi que a emissora passou a ser captada no centro de Recife.<\/p>\n\n\n\n<div class=\"wp-block-image\"><figure class=\"aligncenter size-large is-resized\"><img loading=\"lazy\" decoding=\"async\" src=\"https:\/\/jornalfatosenoticias.com.br\/wp-content\/uploads\/2020\/02\/Logo_Mizu.png\" alt=\"\" class=\"wp-image-1441\" width=\"532\" height=\"65\" srcset=\"https:\/\/jornalfatosenoticias.com.br\/wp-content\/uploads\/2020\/02\/Logo_Mizu.png 729w, https:\/\/jornalfatosenoticias.com.br\/wp-content\/uploads\/2020\/02\/Logo_Mizu-300x37.png 300w\" sizes=\"auto, (max-width: 532px) 100vw, 532px\" \/><\/figure><\/div>\n\n\n\n<p><strong><span class=\"has-inline-color has-vivid-purple-color\">Experimenta\u00e7\u00e3o<br><\/span><\/strong>Aqueles jovens, que tinham as refer\u00eancias de <strong><strong><a href=\"http:\/\/agenciabrasil.ebc.com.br\/geral\/noticia\/2022-05\/cem-anos-do-r%C3%A1dio-no-brasil-o-padre-brasileiro-que-inventou-o-radio\" target=\"_blank\" rel=\"noreferrer noopener\">Landell de Moura<\/a><\/strong>\u00a0<\/strong>e dos experimentos dos anos 1910, entenderam a possibilidade da transmiss\u00e3o de voz \u00e0 dist\u00e2ncia. \u201cEles resolveram criar uma r\u00e1dio clube para experimenta\u00e7\u00e3o de transmiss\u00e3o de sons. O que se fez na R\u00e1dio Clube de Pernambuco \u00e9 embri\u00e3o para a Sociedade Educadora Paulista, do Roquette-Pinto\u201d, diz Pedro Vaz.<br>O professor salienta que, entre Roquette-Pinto e R\u00e1dio Clube de Pernambuco, nunca houve uma pol\u00eamica sobre quem seria pioneira. \u201cEle reconhecia a R\u00e1dio Clube de Pernambuco e a R\u00e1dio Clube tamb\u00e9m reconhecia. N\u00e3o existiam brigas pra quem chegou primeiro, pelo contr\u00e1rio\u201d.<\/p>\n\n\n\n<p><strong><span class=\"has-inline-color has-vivid-purple-color\">S\u00e9rie de reportagens<br><\/span><\/strong>Em comemora\u00e7\u00e3o aos cem anos do r\u00e1dio no Brasil, completados em 7 de setembro de 2022, a <strong>Ag\u00eancia Brasil<\/strong> publica uma s\u00e9rie de dez reportagens sobre as principais curiosidades hist\u00f3ricas do r\u00e1dio brasileiro. O centen\u00e1rio do r\u00e1dio no pa\u00eds tamb\u00e9m ser\u00e1 celebrado com a\u00e7\u00f5es multiplataforma em outros ve\u00edculos da <strong>EBC<\/strong>,\u00a0como a<strong>\u00a0<a href=\"http:\/\/radioagencia.ebc.com.br\/\">Radioag\u00eancia<\/a>\u00a0<\/strong>e a\u00a0<strong><a href=\"http:\/\/radios.ebc.com.br\/\">R\u00e1dio MEC<\/a><\/strong> que transmitir\u00e1, diariamente, interprogramas com entrevistas e pesquisas de acervo para abordar diversos aspectos hist\u00f3ricos relacionados ao ve\u00edculo. A ideia \u00e9 resgatar personalidades, programas e emissoras marcantes presentes na mem\u00f3ria afetiva dos ouvintes.<\/p>\n\n\n\n<p><strong><em>Fonte: <a href=\"https:\/\/agenciabrasil.ebc.com.br\/geral\/noticia\/2022-05\/cem-anos-do-radio-no-brasil-recife-foi-berco-dizem-pesquisadores\">Ag\u00eancia Brasil<\/a><\/em><\/strong><\/p>\n","protected":false},"excerpt":{"rendered":"<p>Em 7 de setembro de 1922, centen\u00e1rio da Independ\u00eancia do Brasil, ocorreu o que os pesquisadores chamam de primeira grande demonstra\u00e7\u00e3o p\u00fablica radiof\u00f4nica no Brasil. Houve, na ocasi\u00e3o, a inaugura\u00e7\u00e3o da Exposi\u00e7\u00e3o Internacional do Rio de Janeiro, que comemorava os 100 anos da emancipa\u00e7\u00e3o do pa\u00eds. A demonstra\u00e7\u00e3o de r\u00e1dio foi organizada pela empresa Westinghouse [&hellip;]<\/p>\n","protected":false},"author":2,"featured_media":32155,"comment_status":"open","ping_status":"open","sticky":false,"template":"","format":"standard","meta":{"footnotes":""},"categories":[4],"tags":[15209,15210,15211,15212],"class_list":["post-32152","post","type-post","status-publish","format-standard","has-post-thumbnail","hentry","category-cultura","tag-cem-anos-do-radio","tag-centenario-da-radio","tag-pioneirismo-da-radio","tag-radio-clube"],"yoast_head":"<!-- This site is optimized with the Yoast SEO plugin v26.5 - https:\/\/yoast.com\/wordpress\/plugins\/seo\/ -->\n<title>Cem anos do r\u00e1dio no Brasil: Recife foi &quot;ber\u00e7o&quot;, dizem pesquisadores - Jornal Fatos e Not\u00edcias<\/title>\n<meta name=\"robots\" content=\"index, follow, max-snippet:-1, max-image-preview:large, max-video-preview:-1\" \/>\n<link rel=\"canonical\" href=\"https:\/\/jornalfatosenoticias.com.br\/index.php\/2022\/07\/08\/cem-anos-do-radio-no-brasil-recife-foi-berco-dizem-pesquisadores\/\" \/>\n<meta property=\"og:locale\" content=\"pt_BR\" \/>\n<meta property=\"og:type\" content=\"article\" \/>\n<meta property=\"og:title\" content=\"Cem anos do r\u00e1dio no Brasil: Recife foi &quot;ber\u00e7o&quot;, dizem pesquisadores - Jornal Fatos e Not\u00edcias\" \/>\n<meta property=\"og:description\" content=\"Em 7 de setembro de 1922, centen\u00e1rio da Independ\u00eancia do Brasil, ocorreu o que os pesquisadores chamam de primeira grande demonstra\u00e7\u00e3o p\u00fablica radiof\u00f4nica no Brasil. Houve, na ocasi\u00e3o, a inaugura\u00e7\u00e3o da Exposi\u00e7\u00e3o Internacional do Rio de Janeiro, que comemorava os 100 anos da emancipa\u00e7\u00e3o do pa\u00eds. A demonstra\u00e7\u00e3o de r\u00e1dio foi organizada pela empresa Westinghouse [&hellip;]\" \/>\n<meta property=\"og:url\" content=\"https:\/\/jornalfatosenoticias.com.br\/index.php\/2022\/07\/08\/cem-anos-do-radio-no-brasil-recife-foi-berco-dizem-pesquisadores\/\" \/>\n<meta property=\"og:site_name\" content=\"Jornal Fatos e Not\u00edcias\" \/>\n<meta property=\"article:published_time\" content=\"2022-07-08T15:59:09+00:00\" \/>\n<meta property=\"article:modified_time\" content=\"2022-07-08T15:59:10+00:00\" \/>\n<meta property=\"og:image\" content=\"https:\/\/jornalfatosenoticias.com.br\/wp-content\/uploads\/2022\/07\/centenario-radio.jpg\" \/>\n\t<meta property=\"og:image:width\" content=\"1000\" \/>\n\t<meta property=\"og:image:height\" content=\"598\" \/>\n\t<meta property=\"og:image:type\" content=\"image\/jpeg\" \/>\n<meta name=\"author\" content=\"Luzimara Fernandes\" \/>\n<meta name=\"twitter:card\" content=\"summary_large_image\" \/>\n<meta name=\"twitter:label1\" content=\"Escrito por\" \/>\n\t<meta name=\"twitter:data1\" content=\"Luzimara Fernandes\" \/>\n\t<meta name=\"twitter:label2\" content=\"Est. tempo de leitura\" \/>\n\t<meta name=\"twitter:data2\" content=\"7 minutos\" \/>\n<script type=\"application\/ld+json\" class=\"yoast-schema-graph\">{\"@context\":\"https:\/\/schema.org\",\"@graph\":[{\"@type\":\"Article\",\"@id\":\"https:\/\/jornalfatosenoticias.com.br\/index.php\/2022\/07\/08\/cem-anos-do-radio-no-brasil-recife-foi-berco-dizem-pesquisadores\/#article\",\"isPartOf\":{\"@id\":\"https:\/\/jornalfatosenoticias.com.br\/index.php\/2022\/07\/08\/cem-anos-do-radio-no-brasil-recife-foi-berco-dizem-pesquisadores\/\"},\"author\":{\"name\":\"Luzimara Fernandes\",\"@id\":\"https:\/\/jornalfatosenoticias.com.br\/#\/schema\/person\/d63837fa13ac8666eb9e74e0985d6f81\"},\"headline\":\"Cem anos do r\u00e1dio no Brasil: Recife foi &#8220;ber\u00e7o&#8221;, dizem pesquisadores\",\"datePublished\":\"2022-07-08T15:59:09+00:00\",\"dateModified\":\"2022-07-08T15:59:10+00:00\",\"mainEntityOfPage\":{\"@id\":\"https:\/\/jornalfatosenoticias.com.br\/index.php\/2022\/07\/08\/cem-anos-do-radio-no-brasil-recife-foi-berco-dizem-pesquisadores\/\"},\"wordCount\":1389,\"commentCount\":0,\"publisher\":{\"@id\":\"https:\/\/jornalfatosenoticias.com.br\/#organization\"},\"image\":{\"@id\":\"https:\/\/jornalfatosenoticias.com.br\/index.php\/2022\/07\/08\/cem-anos-do-radio-no-brasil-recife-foi-berco-dizem-pesquisadores\/#primaryimage\"},\"thumbnailUrl\":\"https:\/\/jornalfatosenoticias.com.br\/wp-content\/uploads\/2022\/07\/centenario-radio.jpg\",\"keywords\":[\"cem anos do r\u00e1dio\",\"centen\u00e1rio da r\u00e1dio\",\"pioneirismo da r\u00e1dio\",\"r\u00e1dio clube\"],\"articleSection\":[\"Cultura\"],\"inLanguage\":\"pt-BR\",\"potentialAction\":[{\"@type\":\"CommentAction\",\"name\":\"Comment\",\"target\":[\"https:\/\/jornalfatosenoticias.com.br\/index.php\/2022\/07\/08\/cem-anos-do-radio-no-brasil-recife-foi-berco-dizem-pesquisadores\/#respond\"]}]},{\"@type\":\"WebPage\",\"@id\":\"https:\/\/jornalfatosenoticias.com.br\/index.php\/2022\/07\/08\/cem-anos-do-radio-no-brasil-recife-foi-berco-dizem-pesquisadores\/\",\"url\":\"https:\/\/jornalfatosenoticias.com.br\/index.php\/2022\/07\/08\/cem-anos-do-radio-no-brasil-recife-foi-berco-dizem-pesquisadores\/\",\"name\":\"Cem anos do r\u00e1dio no Brasil: Recife foi \\\"ber\u00e7o\\\", dizem pesquisadores - Jornal Fatos e Not\u00edcias\",\"isPartOf\":{\"@id\":\"https:\/\/jornalfatosenoticias.com.br\/#website\"},\"primaryImageOfPage\":{\"@id\":\"https:\/\/jornalfatosenoticias.com.br\/index.php\/2022\/07\/08\/cem-anos-do-radio-no-brasil-recife-foi-berco-dizem-pesquisadores\/#primaryimage\"},\"image\":{\"@id\":\"https:\/\/jornalfatosenoticias.com.br\/index.php\/2022\/07\/08\/cem-anos-do-radio-no-brasil-recife-foi-berco-dizem-pesquisadores\/#primaryimage\"},\"thumbnailUrl\":\"https:\/\/jornalfatosenoticias.com.br\/wp-content\/uploads\/2022\/07\/centenario-radio.jpg\",\"datePublished\":\"2022-07-08T15:59:09+00:00\",\"dateModified\":\"2022-07-08T15:59:10+00:00\",\"breadcrumb\":{\"@id\":\"https:\/\/jornalfatosenoticias.com.br\/index.php\/2022\/07\/08\/cem-anos-do-radio-no-brasil-recife-foi-berco-dizem-pesquisadores\/#breadcrumb\"},\"inLanguage\":\"pt-BR\",\"potentialAction\":[{\"@type\":\"ReadAction\",\"target\":[\"https:\/\/jornalfatosenoticias.com.br\/index.php\/2022\/07\/08\/cem-anos-do-radio-no-brasil-recife-foi-berco-dizem-pesquisadores\/\"]}]},{\"@type\":\"ImageObject\",\"inLanguage\":\"pt-BR\",\"@id\":\"https:\/\/jornalfatosenoticias.com.br\/index.php\/2022\/07\/08\/cem-anos-do-radio-no-brasil-recife-foi-berco-dizem-pesquisadores\/#primaryimage\",\"url\":\"https:\/\/jornalfatosenoticias.com.br\/wp-content\/uploads\/2022\/07\/centenario-radio.jpg\",\"contentUrl\":\"https:\/\/jornalfatosenoticias.com.br\/wp-content\/uploads\/2022\/07\/centenario-radio.jpg\",\"width\":1000,\"height\":598,\"caption\":\"Equipamentos de som,radio antigo,R\u00e1dio\"},{\"@type\":\"BreadcrumbList\",\"@id\":\"https:\/\/jornalfatosenoticias.com.br\/index.php\/2022\/07\/08\/cem-anos-do-radio-no-brasil-recife-foi-berco-dizem-pesquisadores\/#breadcrumb\",\"itemListElement\":[{\"@type\":\"ListItem\",\"position\":1,\"name\":\"In\u00edcio\",\"item\":\"https:\/\/jornalfatosenoticias.com.br\/\"},{\"@type\":\"ListItem\",\"position\":2,\"name\":\"Cem anos do r\u00e1dio no Brasil: Recife foi &#8220;ber\u00e7o&#8221;, dizem pesquisadores\"}]},{\"@type\":\"WebSite\",\"@id\":\"https:\/\/jornalfatosenoticias.com.br\/#website\",\"url\":\"https:\/\/jornalfatosenoticias.com.br\/\",\"name\":\"Jornal Fatos e Not\u00edcias\",\"description\":\"Not\u00edcias em geral\",\"publisher\":{\"@id\":\"https:\/\/jornalfatosenoticias.com.br\/#organization\"},\"potentialAction\":[{\"@type\":\"SearchAction\",\"target\":{\"@type\":\"EntryPoint\",\"urlTemplate\":\"https:\/\/jornalfatosenoticias.com.br\/?s={search_term_string}\"},\"query-input\":{\"@type\":\"PropertyValueSpecification\",\"valueRequired\":true,\"valueName\":\"search_term_string\"}}],\"inLanguage\":\"pt-BR\"},{\"@type\":\"Organization\",\"@id\":\"https:\/\/jornalfatosenoticias.com.br\/#organization\",\"name\":\"Jornal Fatos e Not\u00edcias\",\"url\":\"https:\/\/jornalfatosenoticias.com.br\/\",\"logo\":{\"@type\":\"ImageObject\",\"inLanguage\":\"pt-BR\",\"@id\":\"https:\/\/jornalfatosenoticias.com.br\/#\/schema\/logo\/image\/\",\"url\":\"https:\/\/jornalfatosenoticias.com.br\/wp-content\/uploads\/2020\/02\/logo120.png\",\"contentUrl\":\"https:\/\/jornalfatosenoticias.com.br\/wp-content\/uploads\/2020\/02\/logo120.png\",\"width\":1227,\"height\":120,\"caption\":\"Jornal Fatos e Not\u00edcias\"},\"image\":{\"@id\":\"https:\/\/jornalfatosenoticias.com.br\/#\/schema\/logo\/image\/\"}},{\"@type\":\"Person\",\"@id\":\"https:\/\/jornalfatosenoticias.com.br\/#\/schema\/person\/d63837fa13ac8666eb9e74e0985d6f81\",\"name\":\"Luzimara Fernandes\",\"image\":{\"@type\":\"ImageObject\",\"inLanguage\":\"pt-BR\",\"@id\":\"https:\/\/jornalfatosenoticias.com.br\/#\/schema\/person\/image\/\",\"url\":\"https:\/\/jornalfatosenoticias.com.br\/wp-content\/uploads\/2025\/05\/EU_portal.jpg\",\"contentUrl\":\"https:\/\/jornalfatosenoticias.com.br\/wp-content\/uploads\/2025\/05\/EU_portal.jpg\",\"caption\":\"Luzimara Fernandes\"},\"description\":\"Jornalista MTB 2358-ES\",\"sameAs\":[\"https:\/\/jornalfatosenoticias.com.br\"],\"url\":\"https:\/\/jornalfatosenoticias.com.br\/index.php\/author\/luzimara\/\"}]}<\/script>\n<!-- \/ Yoast SEO plugin. -->","yoast_head_json":{"title":"Cem anos do r\u00e1dio no Brasil: Recife foi \"ber\u00e7o\", dizem pesquisadores - Jornal Fatos e Not\u00edcias","robots":{"index":"index","follow":"follow","max-snippet":"max-snippet:-1","max-image-preview":"max-image-preview:large","max-video-preview":"max-video-preview:-1"},"canonical":"https:\/\/jornalfatosenoticias.com.br\/index.php\/2022\/07\/08\/cem-anos-do-radio-no-brasil-recife-foi-berco-dizem-pesquisadores\/","og_locale":"pt_BR","og_type":"article","og_title":"Cem anos do r\u00e1dio no Brasil: Recife foi \"ber\u00e7o\", dizem pesquisadores - Jornal Fatos e Not\u00edcias","og_description":"Em 7 de setembro de 1922, centen\u00e1rio da Independ\u00eancia do Brasil, ocorreu o que os pesquisadores chamam de primeira grande demonstra\u00e7\u00e3o p\u00fablica radiof\u00f4nica no Brasil. Houve, na ocasi\u00e3o, a inaugura\u00e7\u00e3o da Exposi\u00e7\u00e3o Internacional do Rio de Janeiro, que comemorava os 100 anos da emancipa\u00e7\u00e3o do pa\u00eds. A demonstra\u00e7\u00e3o de r\u00e1dio foi organizada pela empresa Westinghouse [&hellip;]","og_url":"https:\/\/jornalfatosenoticias.com.br\/index.php\/2022\/07\/08\/cem-anos-do-radio-no-brasil-recife-foi-berco-dizem-pesquisadores\/","og_site_name":"Jornal Fatos e Not\u00edcias","article_published_time":"2022-07-08T15:59:09+00:00","article_modified_time":"2022-07-08T15:59:10+00:00","og_image":[{"width":1000,"height":598,"url":"https:\/\/jornalfatosenoticias.com.br\/wp-content\/uploads\/2022\/07\/centenario-radio.jpg","type":"image\/jpeg"}],"author":"Luzimara Fernandes","twitter_card":"summary_large_image","twitter_misc":{"Escrito por":"Luzimara Fernandes","Est. tempo de leitura":"7 minutos"},"schema":{"@context":"https:\/\/schema.org","@graph":[{"@type":"Article","@id":"https:\/\/jornalfatosenoticias.com.br\/index.php\/2022\/07\/08\/cem-anos-do-radio-no-brasil-recife-foi-berco-dizem-pesquisadores\/#article","isPartOf":{"@id":"https:\/\/jornalfatosenoticias.com.br\/index.php\/2022\/07\/08\/cem-anos-do-radio-no-brasil-recife-foi-berco-dizem-pesquisadores\/"},"author":{"name":"Luzimara Fernandes","@id":"https:\/\/jornalfatosenoticias.com.br\/#\/schema\/person\/d63837fa13ac8666eb9e74e0985d6f81"},"headline":"Cem anos do r\u00e1dio no Brasil: Recife foi &#8220;ber\u00e7o&#8221;, dizem pesquisadores","datePublished":"2022-07-08T15:59:09+00:00","dateModified":"2022-07-08T15:59:10+00:00","mainEntityOfPage":{"@id":"https:\/\/jornalfatosenoticias.com.br\/index.php\/2022\/07\/08\/cem-anos-do-radio-no-brasil-recife-foi-berco-dizem-pesquisadores\/"},"wordCount":1389,"commentCount":0,"publisher":{"@id":"https:\/\/jornalfatosenoticias.com.br\/#organization"},"image":{"@id":"https:\/\/jornalfatosenoticias.com.br\/index.php\/2022\/07\/08\/cem-anos-do-radio-no-brasil-recife-foi-berco-dizem-pesquisadores\/#primaryimage"},"thumbnailUrl":"https:\/\/jornalfatosenoticias.com.br\/wp-content\/uploads\/2022\/07\/centenario-radio.jpg","keywords":["cem anos do r\u00e1dio","centen\u00e1rio da r\u00e1dio","pioneirismo da r\u00e1dio","r\u00e1dio clube"],"articleSection":["Cultura"],"inLanguage":"pt-BR","potentialAction":[{"@type":"CommentAction","name":"Comment","target":["https:\/\/jornalfatosenoticias.com.br\/index.php\/2022\/07\/08\/cem-anos-do-radio-no-brasil-recife-foi-berco-dizem-pesquisadores\/#respond"]}]},{"@type":"WebPage","@id":"https:\/\/jornalfatosenoticias.com.br\/index.php\/2022\/07\/08\/cem-anos-do-radio-no-brasil-recife-foi-berco-dizem-pesquisadores\/","url":"https:\/\/jornalfatosenoticias.com.br\/index.php\/2022\/07\/08\/cem-anos-do-radio-no-brasil-recife-foi-berco-dizem-pesquisadores\/","name":"Cem anos do r\u00e1dio no Brasil: Recife foi \"ber\u00e7o\", dizem pesquisadores - Jornal Fatos e Not\u00edcias","isPartOf":{"@id":"https:\/\/jornalfatosenoticias.com.br\/#website"},"primaryImageOfPage":{"@id":"https:\/\/jornalfatosenoticias.com.br\/index.php\/2022\/07\/08\/cem-anos-do-radio-no-brasil-recife-foi-berco-dizem-pesquisadores\/#primaryimage"},"image":{"@id":"https:\/\/jornalfatosenoticias.com.br\/index.php\/2022\/07\/08\/cem-anos-do-radio-no-brasil-recife-foi-berco-dizem-pesquisadores\/#primaryimage"},"thumbnailUrl":"https:\/\/jornalfatosenoticias.com.br\/wp-content\/uploads\/2022\/07\/centenario-radio.jpg","datePublished":"2022-07-08T15:59:09+00:00","dateModified":"2022-07-08T15:59:10+00:00","breadcrumb":{"@id":"https:\/\/jornalfatosenoticias.com.br\/index.php\/2022\/07\/08\/cem-anos-do-radio-no-brasil-recife-foi-berco-dizem-pesquisadores\/#breadcrumb"},"inLanguage":"pt-BR","potentialAction":[{"@type":"ReadAction","target":["https:\/\/jornalfatosenoticias.com.br\/index.php\/2022\/07\/08\/cem-anos-do-radio-no-brasil-recife-foi-berco-dizem-pesquisadores\/"]}]},{"@type":"ImageObject","inLanguage":"pt-BR","@id":"https:\/\/jornalfatosenoticias.com.br\/index.php\/2022\/07\/08\/cem-anos-do-radio-no-brasil-recife-foi-berco-dizem-pesquisadores\/#primaryimage","url":"https:\/\/jornalfatosenoticias.com.br\/wp-content\/uploads\/2022\/07\/centenario-radio.jpg","contentUrl":"https:\/\/jornalfatosenoticias.com.br\/wp-content\/uploads\/2022\/07\/centenario-radio.jpg","width":1000,"height":598,"caption":"Equipamentos de som,radio antigo,R\u00e1dio"},{"@type":"BreadcrumbList","@id":"https:\/\/jornalfatosenoticias.com.br\/index.php\/2022\/07\/08\/cem-anos-do-radio-no-brasil-recife-foi-berco-dizem-pesquisadores\/#breadcrumb","itemListElement":[{"@type":"ListItem","position":1,"name":"In\u00edcio","item":"https:\/\/jornalfatosenoticias.com.br\/"},{"@type":"ListItem","position":2,"name":"Cem anos do r\u00e1dio no Brasil: Recife foi &#8220;ber\u00e7o&#8221;, dizem pesquisadores"}]},{"@type":"WebSite","@id":"https:\/\/jornalfatosenoticias.com.br\/#website","url":"https:\/\/jornalfatosenoticias.com.br\/","name":"Jornal Fatos e Not\u00edcias","description":"Not\u00edcias em geral","publisher":{"@id":"https:\/\/jornalfatosenoticias.com.br\/#organization"},"potentialAction":[{"@type":"SearchAction","target":{"@type":"EntryPoint","urlTemplate":"https:\/\/jornalfatosenoticias.com.br\/?s={search_term_string}"},"query-input":{"@type":"PropertyValueSpecification","valueRequired":true,"valueName":"search_term_string"}}],"inLanguage":"pt-BR"},{"@type":"Organization","@id":"https:\/\/jornalfatosenoticias.com.br\/#organization","name":"Jornal Fatos e Not\u00edcias","url":"https:\/\/jornalfatosenoticias.com.br\/","logo":{"@type":"ImageObject","inLanguage":"pt-BR","@id":"https:\/\/jornalfatosenoticias.com.br\/#\/schema\/logo\/image\/","url":"https:\/\/jornalfatosenoticias.com.br\/wp-content\/uploads\/2020\/02\/logo120.png","contentUrl":"https:\/\/jornalfatosenoticias.com.br\/wp-content\/uploads\/2020\/02\/logo120.png","width":1227,"height":120,"caption":"Jornal Fatos e Not\u00edcias"},"image":{"@id":"https:\/\/jornalfatosenoticias.com.br\/#\/schema\/logo\/image\/"}},{"@type":"Person","@id":"https:\/\/jornalfatosenoticias.com.br\/#\/schema\/person\/d63837fa13ac8666eb9e74e0985d6f81","name":"Luzimara Fernandes","image":{"@type":"ImageObject","inLanguage":"pt-BR","@id":"https:\/\/jornalfatosenoticias.com.br\/#\/schema\/person\/image\/","url":"https:\/\/jornalfatosenoticias.com.br\/wp-content\/uploads\/2025\/05\/EU_portal.jpg","contentUrl":"https:\/\/jornalfatosenoticias.com.br\/wp-content\/uploads\/2025\/05\/EU_portal.jpg","caption":"Luzimara Fernandes"},"description":"Jornalista MTB 2358-ES","sameAs":["https:\/\/jornalfatosenoticias.com.br"],"url":"https:\/\/jornalfatosenoticias.com.br\/index.php\/author\/luzimara\/"}]}},"cc_featured_image_caption":{"caption_text":"(Foto: Marcello Casal Jr\/Ag\u00eancia Brasil) ","source_text":"","source_url":""},"jetpack_featured_media_url":"https:\/\/jornalfatosenoticias.com.br\/wp-content\/uploads\/2022\/07\/centenario-radio.jpg","_links":{"self":[{"href":"https:\/\/jornalfatosenoticias.com.br\/index.php\/wp-json\/wp\/v2\/posts\/32152","targetHints":{"allow":["GET"]}}],"collection":[{"href":"https:\/\/jornalfatosenoticias.com.br\/index.php\/wp-json\/wp\/v2\/posts"}],"about":[{"href":"https:\/\/jornalfatosenoticias.com.br\/index.php\/wp-json\/wp\/v2\/types\/post"}],"author":[{"embeddable":true,"href":"https:\/\/jornalfatosenoticias.com.br\/index.php\/wp-json\/wp\/v2\/users\/2"}],"replies":[{"embeddable":true,"href":"https:\/\/jornalfatosenoticias.com.br\/index.php\/wp-json\/wp\/v2\/comments?post=32152"}],"version-history":[{"count":0,"href":"https:\/\/jornalfatosenoticias.com.br\/index.php\/wp-json\/wp\/v2\/posts\/32152\/revisions"}],"wp:featuredmedia":[{"embeddable":true,"href":"https:\/\/jornalfatosenoticias.com.br\/index.php\/wp-json\/wp\/v2\/media\/32155"}],"wp:attachment":[{"href":"https:\/\/jornalfatosenoticias.com.br\/index.php\/wp-json\/wp\/v2\/media?parent=32152"}],"wp:term":[{"taxonomy":"category","embeddable":true,"href":"https:\/\/jornalfatosenoticias.com.br\/index.php\/wp-json\/wp\/v2\/categories?post=32152"},{"taxonomy":"post_tag","embeddable":true,"href":"https:\/\/jornalfatosenoticias.com.br\/index.php\/wp-json\/wp\/v2\/tags?post=32152"}],"curies":[{"name":"wp","href":"https:\/\/api.w.org\/{rel}","templated":true}]}}