{"id":32160,"date":"2022-07-08T13:15:24","date_gmt":"2022-07-08T16:15:24","guid":{"rendered":"https:\/\/jornalfatosenoticias.com.br\/?p=32160"},"modified":"2022-07-08T13:15:26","modified_gmt":"2022-07-08T16:15:26","slug":"estudo-mapeia-pesquisas-cientificas-na-amazonia","status":"publish","type":"post","link":"https:\/\/jornalfatosenoticias.com.br\/index.php\/2022\/07\/08\/estudo-mapeia-pesquisas-cientificas-na-amazonia\/","title":{"rendered":"Estudo mapeia pesquisas cient\u00edficas na Amaz\u00f4nia"},"content":{"rendered":"\n<p><em><span class=\"has-inline-color has-black-color\">A\u00e7a\u00ed, tucum\u00e3 e buriti s\u00e3o os insumos mais pesquisados<\/span><\/em><\/p>\n\n\n\n<div class=\"wp-block-image\"><figure class=\"aligncenter size-large is-resized\"><img loading=\"lazy\" decoding=\"async\" src=\"https:\/\/jornalfatosenoticias.com.br\/wp-content\/uploads\/2022\/02\/Arte-Autoescola-Galatas_endereco_portal-1024x103.png\" alt=\"\" class=\"wp-image-27869\" width=\"540\" height=\"54\" srcset=\"https:\/\/jornalfatosenoticias.com.br\/wp-content\/uploads\/2022\/02\/Arte-Autoescola-Galatas_endereco_portal-1024x103.png 1024w, https:\/\/jornalfatosenoticias.com.br\/wp-content\/uploads\/2022\/02\/Arte-Autoescola-Galatas_endereco_portal-300x30.png 300w, https:\/\/jornalfatosenoticias.com.br\/wp-content\/uploads\/2022\/02\/Arte-Autoescola-Galatas_endereco_portal-768x77.png 768w, https:\/\/jornalfatosenoticias.com.br\/wp-content\/uploads\/2022\/02\/Arte-Autoescola-Galatas_endereco_portal.png 1223w\" sizes=\"auto, (max-width: 540px) 100vw, 540px\" \/><\/figure><\/div>\n\n\n\n<p>A\u00e7a\u00ed, tucum\u00e3 e buriti s\u00e3o os insumos da Amaz\u00f4nia que mais apareceram em estudos cient\u00edficos publicados de 2017 a 2021 por institui\u00e7\u00f5es de pesquisa brasileiras sobre mat\u00e9rias-primas da regi\u00e3o. Os estudos foram mapeados na publica\u00e7\u00e3o <em>Bioeconomia amaz\u00f4nica: uma navega\u00e7\u00e3o pelas fronteiras cient\u00edficas e potenciais de inova\u00e7\u00e3o,<\/em> divulgada hoje (8).<br>O levantamento foi coordenado pela World-Transforming Technologies (WTT), com a participa\u00e7\u00e3o da <strong><a href=\"https:\/\/abori.com.br\/\" target=\"_blank\" rel=\"noreferrer noopener\">Ag\u00eancia Bori<\/a><\/strong>, e mapeou 1.070 artigos cient\u00edficos publicados nos \u00faltimos cinco anos na base internacional de peri\u00f3dicos Web of Science. As \u00e1reas mais pesquisadas s\u00e3o ci\u00eancia das plantas, ci\u00eancias ambientais, ci\u00eancia e tecnologia de alimentos, ecologia, bioqu\u00edmica e biologia molecular.<\/p>\n\n\n\n<div class=\"wp-block-image\"><figure class=\"aligncenter size-large is-resized\"><img loading=\"lazy\" decoding=\"async\" src=\"https:\/\/jornalfatosenoticias.com.br\/wp-content\/uploads\/2022\/07\/Logo-Grupo-SEI.jpg\" alt=\"\" class=\"wp-image-31973\" width=\"390\" height=\"205\" srcset=\"https:\/\/jornalfatosenoticias.com.br\/wp-content\/uploads\/2022\/07\/Logo-Grupo-SEI.jpg 713w, https:\/\/jornalfatosenoticias.com.br\/wp-content\/uploads\/2022\/07\/Logo-Grupo-SEI-300x158.jpg 300w\" sizes=\"auto, (max-width: 390px) 100vw, 390px\" \/><\/figure><\/div>\n\n\n\n<blockquote class=\"wp-block-quote is-layout-flow wp-block-quote-is-layout-flow\"><p><span class=\"has-inline-color has-luminous-vivid-orange-color\">\u201cA gente precisa dar visibilidade \u00e0 ci\u00eancia feita na Amaz\u00f4nia e sobre a Amaz\u00f4nia. H\u00e1 muita pesquisa sobre os ativos da biodiversidade que t\u00eam o potencial de resolver problemas importantes da sociedade, como tratamento de c\u00e2ncer, tratamento para preven\u00e7\u00e3o de infec\u00e7\u00e3o com merc\u00fario, biomateriais, biopl\u00e1stico. H\u00e1 muita coisa interessante sendo pesquisada que pode, de fato, virar tecnologia, solu\u00e7\u00e3o para problemas da sociedade\u201d, diz o idealizador do estudo e gerente de opera\u00e7\u00f5es da WTT, Andre Wongtschowski.<\/span><\/p><\/blockquote>\n\n\n\n<div class=\"wp-block-image\"><figure class=\"alignright size-large is-resized\"><img loading=\"lazy\" decoding=\"async\" src=\"https:\/\/jornalfatosenoticias.com.br\/wp-content\/uploads\/2022\/02\/Precisao-Contabilidade-1024x724.jpg\" alt=\"\" class=\"wp-image-28088\" width=\"312\" height=\"220\"\/><\/figure><\/div>\n\n\n\n<p>O bioma amaz\u00f4nico \u00e9 continental, ocupa quase metade do territ\u00f3rio do pa\u00eds, \u00e9 compartilhado por pa\u00edses vizinhos como Col\u00f4mbia e Peru e se destaca como territ\u00f3rio de megabiodiversidade. Conforme ressalta a publica\u00e7\u00e3o, o n\u00famero total de esp\u00e9cies de animais e plantas ainda n\u00e3o \u00e9 conhecido, mas estima-se que existam pelo menos de 30 mil a 40 mil esp\u00e9cies apenas de plantas.<\/p>\n\n\n\n<p><strong><span class=\"has-inline-color has-luminous-vivid-orange-color\">Insumos mais citados<br><\/span><\/strong>A partir do mapeamento dos 1.070 artigos cient\u00edficos, foram analisados 621 estudos, que seguem crit\u00e9rios de gera\u00e7\u00e3o de novos conhecimentos e poss\u00edveis inova\u00e7\u00f5es a partir da sociobiodiversidade amaz\u00f4nica. Entre eles, 11 insumos aparecem em praticamente uma a cada tr\u00eas pesquisas: a\u00e7a\u00ed, tucum\u00e3, buriti, piper, aniba, castanha do Brasil, andiroba, cupua\u00e7u, lippia, guaran\u00e1 e bacaba.<br>As pesquisas s\u00e3o variadas. Nelas, os insumos s\u00e3o usados, por exemplo, para supress\u00e3o tumoral de c\u00e9lulas de c\u00e2ncer de ov\u00e1rio, agente sensibilizador para terapia fotodin\u00e2mica de c\u00e2ncer e como agente em combate a doen\u00e7as infecciosas. As pesquisas trabalham tamb\u00e9m com a valida\u00e7\u00e3o cient\u00edfica da utiliza\u00e7\u00e3o de insumos tradicionalmente empregados na medicina popular no tratamento de anemia, diarreia, mal\u00e1ria, dores, inflama\u00e7\u00f5es, hepatite e doen\u00e7as renais, dadas as atividades anti-inflamat\u00f3ria e antidiarreica, entre outras.<br>A aplica\u00e7\u00e3o pode ser feita tamb\u00e9m em diversas atividades industriais, como produtos artesanais, fabrica\u00e7\u00e3o de tecidos, fios e redes de pesca, materiais ciment\u00edcios para constru\u00e7\u00f5es sustent\u00e1veis, filmes biodegrad\u00e1veis.<\/p>\n\n\n\n<div class=\"wp-block-image\"><figure class=\"aligncenter size-large\"><img decoding=\"async\" src=\"https:\/\/jornalfatosenoticias.com.br\/wp-content\/uploads\/2020\/02\/logo_esteio.jpg\" alt=\"\" class=\"wp-image-1214\"\/><\/figure><\/div>\n\n\n\n<blockquote class=\"wp-block-quote is-layout-flow wp-block-quote-is-layout-flow\"><p><span class=\"has-inline-color has-luminous-vivid-orange-color\">\u201cTemos que dar visibilidade a essas pesquisas promissoras, para que elas saiam das prateleiras, saiam do papel e, de fato, se transformem em solu\u00e7\u00f5es para problemas importantes\u201d, defende Wongtschowski.<\/span><\/p><\/blockquote>\n\n\n\n<div class=\"wp-block-image\"><figure class=\"aligncenter size-large is-resized\"><img loading=\"lazy\" decoding=\"async\" src=\"https:\/\/jornalfatosenoticias.com.br\/wp-content\/uploads\/2022\/02\/Serra-Pack-459.png\" alt=\"\" class=\"wp-image-27471\" width=\"325\" height=\"130\"\/><\/figure><\/div>\n\n\n\n<p><strong><span class=\"has-inline-color has-vivid-green-cyan-color\">Pol\u00edtica nacional de inova\u00e7\u00e3o<br><\/span><\/strong>Segundo o pesquisador, \u00e9 necess\u00e1ria uma pol\u00edtica nacional de inova\u00e7\u00e3o que estabele\u00e7a grandes objetivos a partir dos desafios do Brasil, que precisam ser resolvidos com a ci\u00eancia. Nas solu\u00e7\u00f5es, \u00e9 preciso engajar a comunidade cient\u00edfica, empresas, governos, organiza\u00e7\u00f5es n\u00e3o governamentais e a sociedade em geral.<\/p>\n\n\n\n<blockquote class=\"wp-block-quote is-layout-flow wp-block-quote-is-layout-flow\"><p><span class=\"has-inline-color has-luminous-vivid-orange-color\">\u201c\u00c9 importante que esses desafios conversem com os desafios da sociedade, essas solu\u00e7\u00f5es precisam justamente olhar para os desafios que a gente tem como sociedade, sejam eles sociais ou ambientais\u201d, diz Wongtschowski. \u201c\u00c9 preciso ter realmente a colabora\u00e7\u00e3o entre esses v\u00e1rios setores para que as solu\u00e7\u00f5es desenvolvidas fiquem de p\u00e9, para que configurem uma cadeia de valor de ponta a ponta, que entregue benef\u00edcios \u00e0 popula\u00e7\u00e3o, que fomente a manuten\u00e7\u00e3o da floresta em p\u00e9, ou seja, que d\u00ea valor para os produtos da biodiversidade\u201d, complementa.<\/span><\/p><\/blockquote>\n\n\n\n<div class=\"wp-block-image\"><figure class=\"aligncenter size-large is-resized\"><img loading=\"lazy\" decoding=\"async\" src=\"https:\/\/jornalfatosenoticias.com.br\/wp-content\/uploads\/2020\/02\/Suinco-1024x389.jpg\" alt=\"\" class=\"wp-image-28883\" width=\"406\" height=\"154\" srcset=\"https:\/\/jornalfatosenoticias.com.br\/wp-content\/uploads\/2020\/02\/Suinco-1024x389.jpg 1024w, https:\/\/jornalfatosenoticias.com.br\/wp-content\/uploads\/2020\/02\/Suinco-300x114.jpg 300w, https:\/\/jornalfatosenoticias.com.br\/wp-content\/uploads\/2020\/02\/Suinco-768x292.jpg 768w, https:\/\/jornalfatosenoticias.com.br\/wp-content\/uploads\/2020\/02\/Suinco.jpg 1220w\" sizes=\"auto, (max-width: 406px) 100vw, 406px\" \/><\/figure><\/div>\n\n\n\n<p>A publica\u00e7\u00e3o traz ainda, em destaque, o resumo de sete estudos, selecionados a partir de crit\u00e9rios como potencial inovativo e relev\u00e2ncia cient\u00edfica, social e econ\u00f4mica, al\u00e9m de cinco artigos anal\u00edticos in\u00e9ditos escritos por pesquisadores, gestores e empreendedores de renome na \u00e1rea.<\/p>\n\n\n\n<div class=\"wp-block-image\"><figure class=\"alignleft size-large is-resized\"><img loading=\"lazy\" decoding=\"async\" src=\"https:\/\/jornalfatosenoticias.com.br\/wp-content\/uploads\/2020\/02\/nova-logo-Marquetti.jpg\" alt=\"\" class=\"wp-image-22331\" width=\"263\" height=\"176\" srcset=\"https:\/\/jornalfatosenoticias.com.br\/wp-content\/uploads\/2020\/02\/nova-logo-Marquetti.jpg 643w, https:\/\/jornalfatosenoticias.com.br\/wp-content\/uploads\/2020\/02\/nova-logo-Marquetti-300x202.jpg 300w\" sizes=\"auto, (max-width: 263px) 100vw, 263px\" \/><\/figure><\/div>\n\n\n\n<p><strong><span class=\"has-inline-color has-vivid-green-cyan-color\">Ci\u00eancia na Amaz\u00f4nia<br><\/span><\/strong>A publica\u00e7\u00e3o destaca tamb\u00e9m que as especificidades e a complexidade da Amaz\u00f4nia devem ser levadas em considera\u00e7\u00e3o quando se trata de inova\u00e7\u00e3o. Uma vez que bases da bioeconomia no Amazonas encontram-se diretamente ligadas aos recursos nativos da fauna, flora e microrganismos do bioma amaz\u00f4nico, \u00e9 preciso, acima de tudo, conservar a floresta e levar em considera\u00e7\u00e3o as popula\u00e7\u00f5es locais.<br>Os autores prop\u00f5em quatro princ\u00edpios: conserva\u00e7\u00e3o da biodiversidade; ci\u00eancia e tecnologia voltadas ao uso sustent\u00e1vel da sociobiodiversidade; diminui\u00e7\u00e3o das desigualdades sociais e territoriais e expans\u00e3o das \u00e1reas florestadas biodiversas e sustent\u00e1veis.<\/p>\n\n\n\n<div class=\"wp-block-image\"><figure class=\"aligncenter size-large is-resized\"><img loading=\"lazy\" decoding=\"async\" src=\"https:\/\/jornalfatosenoticias.com.br\/wp-content\/uploads\/2022\/05\/NOVA-LOGO-CESCONETTO-1024x100.jpg\" alt=\"\" class=\"wp-image-30792\" width=\"540\" height=\"52\" srcset=\"https:\/\/jornalfatosenoticias.com.br\/wp-content\/uploads\/2022\/05\/NOVA-LOGO-CESCONETTO-1024x100.jpg 1024w, https:\/\/jornalfatosenoticias.com.br\/wp-content\/uploads\/2022\/05\/NOVA-LOGO-CESCONETTO-300x29.jpg 300w, https:\/\/jornalfatosenoticias.com.br\/wp-content\/uploads\/2022\/05\/NOVA-LOGO-CESCONETTO-768x75.jpg 768w, https:\/\/jornalfatosenoticias.com.br\/wp-content\/uploads\/2022\/05\/NOVA-LOGO-CESCONETTO.jpg 1280w\" sizes=\"auto, (max-width: 540px) 100vw, 540px\" \/><\/figure><\/div>\n\n\n\n<blockquote class=\"wp-block-quote is-layout-flow wp-block-quote-is-layout-flow\"><p><span class=\"has-inline-color has-luminous-vivid-orange-color\">\u201cCada processo inovador necessita considerar as quest\u00f5es culturais, as salvaguardas socioambientais, os diversos territ\u00f3rios e o impacto a ser gerado para que essas tecnologias possam ser transformadoras do mundo, em um processo que fortale\u00e7a as popula\u00e7\u00f5es locais e mantenha a floresta em p\u00e9\u201d, diz a professora da Universidade Federal do Amazonas (Ufam) Tatiana Schor, em um dos artigos da publica\u00e7\u00e3o.<\/span><\/p><\/blockquote>\n\n\n\n<p><strong><em>Fonte: <a href=\"https:\/\/agenciabrasil.ebc.com.br\/geral\/noticia\/2022-07\/estudo-mapeia-pesquisas-cientificas-na-amazonia\">Ag\u00eancia Brasil<\/a><\/em><\/strong><\/p>\n","protected":false},"excerpt":{"rendered":"<p>A\u00e7a\u00ed, tucum\u00e3 e buriti s\u00e3o os insumos mais pesquisados A\u00e7a\u00ed, tucum\u00e3 e buriti s\u00e3o os insumos da Amaz\u00f4nia que mais apareceram em estudos cient\u00edficos publicados de 2017 a 2021 por institui\u00e7\u00f5es de pesquisa brasileiras sobre mat\u00e9rias-primas da regi\u00e3o. Os estudos foram mapeados na publica\u00e7\u00e3o Bioeconomia amaz\u00f4nica: uma navega\u00e7\u00e3o pelas fronteiras cient\u00edficas e potenciais de inova\u00e7\u00e3o, [&hellip;]<\/p>\n","protected":false},"author":2,"featured_media":32161,"comment_status":"open","ping_status":"open","sticky":false,"template":"","format":"standard","meta":{"footnotes":""},"categories":[8],"tags":[123,1264,1064,714,945,9010,784],"class_list":["post-32160","post","type-post","status-publish","format-standard","has-post-thumbnail","hentry","category-meio-ambiente","tag-amazonia","tag-animais","tag-bioma","tag-estudo","tag-meio-ambiente","tag-pesquisas-cientificas","tag-plantas"],"yoast_head":"<!-- This site is optimized with the Yoast SEO plugin v26.5 - https:\/\/yoast.com\/wordpress\/plugins\/seo\/ -->\n<title>Estudo mapeia pesquisas cient\u00edficas na Amaz\u00f4nia - Jornal Fatos e Not\u00edcias<\/title>\n<meta name=\"robots\" content=\"index, follow, max-snippet:-1, max-image-preview:large, max-video-preview:-1\" \/>\n<link rel=\"canonical\" href=\"https:\/\/jornalfatosenoticias.com.br\/index.php\/2022\/07\/08\/estudo-mapeia-pesquisas-cientificas-na-amazonia\/\" \/>\n<meta property=\"og:locale\" content=\"pt_BR\" \/>\n<meta property=\"og:type\" content=\"article\" \/>\n<meta property=\"og:title\" content=\"Estudo mapeia pesquisas cient\u00edficas na Amaz\u00f4nia - Jornal Fatos e Not\u00edcias\" \/>\n<meta property=\"og:description\" content=\"A\u00e7a\u00ed, tucum\u00e3 e buriti s\u00e3o os insumos mais pesquisados A\u00e7a\u00ed, tucum\u00e3 e buriti s\u00e3o os insumos da Amaz\u00f4nia que mais apareceram em estudos cient\u00edficos publicados de 2017 a 2021 por institui\u00e7\u00f5es de pesquisa brasileiras sobre mat\u00e9rias-primas da regi\u00e3o. Os estudos foram mapeados na publica\u00e7\u00e3o Bioeconomia amaz\u00f4nica: uma navega\u00e7\u00e3o pelas fronteiras cient\u00edficas e potenciais de inova\u00e7\u00e3o, [&hellip;]\" \/>\n<meta property=\"og:url\" content=\"https:\/\/jornalfatosenoticias.com.br\/index.php\/2022\/07\/08\/estudo-mapeia-pesquisas-cientificas-na-amazonia\/\" \/>\n<meta property=\"og:site_name\" content=\"Jornal Fatos e Not\u00edcias\" \/>\n<meta property=\"article:published_time\" content=\"2022-07-08T16:15:24+00:00\" \/>\n<meta property=\"article:modified_time\" content=\"2022-07-08T16:15:26+00:00\" \/>\n<meta property=\"og:image\" content=\"https:\/\/jornalfatosenoticias.com.br\/wp-content\/uploads\/2022\/07\/floresta_amazonica_ESTUDO.jpg\" \/>\n\t<meta property=\"og:image:width\" content=\"1000\" \/>\n\t<meta property=\"og:image:height\" content=\"598\" \/>\n\t<meta property=\"og:image:type\" content=\"image\/jpeg\" \/>\n<meta name=\"author\" content=\"Luzimara Fernandes\" \/>\n<meta name=\"twitter:card\" content=\"summary_large_image\" \/>\n<meta name=\"twitter:label1\" content=\"Escrito por\" \/>\n\t<meta name=\"twitter:data1\" content=\"Luzimara Fernandes\" \/>\n\t<meta name=\"twitter:label2\" content=\"Est. tempo de leitura\" \/>\n\t<meta name=\"twitter:data2\" content=\"4 minutos\" \/>\n<script type=\"application\/ld+json\" class=\"yoast-schema-graph\">{\"@context\":\"https:\/\/schema.org\",\"@graph\":[{\"@type\":\"Article\",\"@id\":\"https:\/\/jornalfatosenoticias.com.br\/index.php\/2022\/07\/08\/estudo-mapeia-pesquisas-cientificas-na-amazonia\/#article\",\"isPartOf\":{\"@id\":\"https:\/\/jornalfatosenoticias.com.br\/index.php\/2022\/07\/08\/estudo-mapeia-pesquisas-cientificas-na-amazonia\/\"},\"author\":{\"name\":\"Luzimara Fernandes\",\"@id\":\"https:\/\/jornalfatosenoticias.com.br\/#\/schema\/person\/d63837fa13ac8666eb9e74e0985d6f81\"},\"headline\":\"Estudo mapeia pesquisas cient\u00edficas na Amaz\u00f4nia\",\"datePublished\":\"2022-07-08T16:15:24+00:00\",\"dateModified\":\"2022-07-08T16:15:26+00:00\",\"mainEntityOfPage\":{\"@id\":\"https:\/\/jornalfatosenoticias.com.br\/index.php\/2022\/07\/08\/estudo-mapeia-pesquisas-cientificas-na-amazonia\/\"},\"wordCount\":881,\"commentCount\":0,\"publisher\":{\"@id\":\"https:\/\/jornalfatosenoticias.com.br\/#organization\"},\"image\":{\"@id\":\"https:\/\/jornalfatosenoticias.com.br\/index.php\/2022\/07\/08\/estudo-mapeia-pesquisas-cientificas-na-amazonia\/#primaryimage\"},\"thumbnailUrl\":\"https:\/\/jornalfatosenoticias.com.br\/wp-content\/uploads\/2022\/07\/floresta_amazonica_ESTUDO.jpg\",\"keywords\":[\"amaz\u00f4nia\",\"animais\",\"bioma\",\"Estudo\",\"meio ambiente\",\"pesquisas cient\u00edficas\",\"plantas\"],\"articleSection\":[\"Meio ambiente\"],\"inLanguage\":\"pt-BR\",\"potentialAction\":[{\"@type\":\"CommentAction\",\"name\":\"Comment\",\"target\":[\"https:\/\/jornalfatosenoticias.com.br\/index.php\/2022\/07\/08\/estudo-mapeia-pesquisas-cientificas-na-amazonia\/#respond\"]}]},{\"@type\":\"WebPage\",\"@id\":\"https:\/\/jornalfatosenoticias.com.br\/index.php\/2022\/07\/08\/estudo-mapeia-pesquisas-cientificas-na-amazonia\/\",\"url\":\"https:\/\/jornalfatosenoticias.com.br\/index.php\/2022\/07\/08\/estudo-mapeia-pesquisas-cientificas-na-amazonia\/\",\"name\":\"Estudo mapeia pesquisas cient\u00edficas na Amaz\u00f4nia - Jornal Fatos e Not\u00edcias\",\"isPartOf\":{\"@id\":\"https:\/\/jornalfatosenoticias.com.br\/#website\"},\"primaryImageOfPage\":{\"@id\":\"https:\/\/jornalfatosenoticias.com.br\/index.php\/2022\/07\/08\/estudo-mapeia-pesquisas-cientificas-na-amazonia\/#primaryimage\"},\"image\":{\"@id\":\"https:\/\/jornalfatosenoticias.com.br\/index.php\/2022\/07\/08\/estudo-mapeia-pesquisas-cientificas-na-amazonia\/#primaryimage\"},\"thumbnailUrl\":\"https:\/\/jornalfatosenoticias.com.br\/wp-content\/uploads\/2022\/07\/floresta_amazonica_ESTUDO.jpg\",\"datePublished\":\"2022-07-08T16:15:24+00:00\",\"dateModified\":\"2022-07-08T16:15:26+00:00\",\"breadcrumb\":{\"@id\":\"https:\/\/jornalfatosenoticias.com.br\/index.php\/2022\/07\/08\/estudo-mapeia-pesquisas-cientificas-na-amazonia\/#breadcrumb\"},\"inLanguage\":\"pt-BR\",\"potentialAction\":[{\"@type\":\"ReadAction\",\"target\":[\"https:\/\/jornalfatosenoticias.com.br\/index.php\/2022\/07\/08\/estudo-mapeia-pesquisas-cientificas-na-amazonia\/\"]}]},{\"@type\":\"ImageObject\",\"inLanguage\":\"pt-BR\",\"@id\":\"https:\/\/jornalfatosenoticias.com.br\/index.php\/2022\/07\/08\/estudo-mapeia-pesquisas-cientificas-na-amazonia\/#primaryimage\",\"url\":\"https:\/\/jornalfatosenoticias.com.br\/wp-content\/uploads\/2022\/07\/floresta_amazonica_ESTUDO.jpg\",\"contentUrl\":\"https:\/\/jornalfatosenoticias.com.br\/wp-content\/uploads\/2022\/07\/floresta_amazonica_ESTUDO.jpg\",\"width\":1000,\"height\":598,\"caption\":\"floresta Amaz\u00f4nica\"},{\"@type\":\"BreadcrumbList\",\"@id\":\"https:\/\/jornalfatosenoticias.com.br\/index.php\/2022\/07\/08\/estudo-mapeia-pesquisas-cientificas-na-amazonia\/#breadcrumb\",\"itemListElement\":[{\"@type\":\"ListItem\",\"position\":1,\"name\":\"In\u00edcio\",\"item\":\"https:\/\/jornalfatosenoticias.com.br\/\"},{\"@type\":\"ListItem\",\"position\":2,\"name\":\"Estudo mapeia pesquisas cient\u00edficas na Amaz\u00f4nia\"}]},{\"@type\":\"WebSite\",\"@id\":\"https:\/\/jornalfatosenoticias.com.br\/#website\",\"url\":\"https:\/\/jornalfatosenoticias.com.br\/\",\"name\":\"Jornal Fatos e Not\u00edcias\",\"description\":\"Not\u00edcias em geral\",\"publisher\":{\"@id\":\"https:\/\/jornalfatosenoticias.com.br\/#organization\"},\"potentialAction\":[{\"@type\":\"SearchAction\",\"target\":{\"@type\":\"EntryPoint\",\"urlTemplate\":\"https:\/\/jornalfatosenoticias.com.br\/?s={search_term_string}\"},\"query-input\":{\"@type\":\"PropertyValueSpecification\",\"valueRequired\":true,\"valueName\":\"search_term_string\"}}],\"inLanguage\":\"pt-BR\"},{\"@type\":\"Organization\",\"@id\":\"https:\/\/jornalfatosenoticias.com.br\/#organization\",\"name\":\"Jornal Fatos e Not\u00edcias\",\"url\":\"https:\/\/jornalfatosenoticias.com.br\/\",\"logo\":{\"@type\":\"ImageObject\",\"inLanguage\":\"pt-BR\",\"@id\":\"https:\/\/jornalfatosenoticias.com.br\/#\/schema\/logo\/image\/\",\"url\":\"https:\/\/jornalfatosenoticias.com.br\/wp-content\/uploads\/2020\/02\/logo120.png\",\"contentUrl\":\"https:\/\/jornalfatosenoticias.com.br\/wp-content\/uploads\/2020\/02\/logo120.png\",\"width\":1227,\"height\":120,\"caption\":\"Jornal Fatos e Not\u00edcias\"},\"image\":{\"@id\":\"https:\/\/jornalfatosenoticias.com.br\/#\/schema\/logo\/image\/\"}},{\"@type\":\"Person\",\"@id\":\"https:\/\/jornalfatosenoticias.com.br\/#\/schema\/person\/d63837fa13ac8666eb9e74e0985d6f81\",\"name\":\"Luzimara Fernandes\",\"image\":{\"@type\":\"ImageObject\",\"inLanguage\":\"pt-BR\",\"@id\":\"https:\/\/jornalfatosenoticias.com.br\/#\/schema\/person\/image\/\",\"url\":\"https:\/\/jornalfatosenoticias.com.br\/wp-content\/uploads\/2025\/05\/EU_portal.jpg\",\"contentUrl\":\"https:\/\/jornalfatosenoticias.com.br\/wp-content\/uploads\/2025\/05\/EU_portal.jpg\",\"caption\":\"Luzimara Fernandes\"},\"description\":\"Jornalista MTB 2358-ES\",\"sameAs\":[\"https:\/\/jornalfatosenoticias.com.br\"],\"url\":\"https:\/\/jornalfatosenoticias.com.br\/index.php\/author\/luzimara\/\"}]}<\/script>\n<!-- \/ Yoast SEO plugin. -->","yoast_head_json":{"title":"Estudo mapeia pesquisas cient\u00edficas na Amaz\u00f4nia - Jornal Fatos e Not\u00edcias","robots":{"index":"index","follow":"follow","max-snippet":"max-snippet:-1","max-image-preview":"max-image-preview:large","max-video-preview":"max-video-preview:-1"},"canonical":"https:\/\/jornalfatosenoticias.com.br\/index.php\/2022\/07\/08\/estudo-mapeia-pesquisas-cientificas-na-amazonia\/","og_locale":"pt_BR","og_type":"article","og_title":"Estudo mapeia pesquisas cient\u00edficas na Amaz\u00f4nia - Jornal Fatos e Not\u00edcias","og_description":"A\u00e7a\u00ed, tucum\u00e3 e buriti s\u00e3o os insumos mais pesquisados A\u00e7a\u00ed, tucum\u00e3 e buriti s\u00e3o os insumos da Amaz\u00f4nia que mais apareceram em estudos cient\u00edficos publicados de 2017 a 2021 por institui\u00e7\u00f5es de pesquisa brasileiras sobre mat\u00e9rias-primas da regi\u00e3o. Os estudos foram mapeados na publica\u00e7\u00e3o Bioeconomia amaz\u00f4nica: uma navega\u00e7\u00e3o pelas fronteiras cient\u00edficas e potenciais de inova\u00e7\u00e3o, [&hellip;]","og_url":"https:\/\/jornalfatosenoticias.com.br\/index.php\/2022\/07\/08\/estudo-mapeia-pesquisas-cientificas-na-amazonia\/","og_site_name":"Jornal Fatos e Not\u00edcias","article_published_time":"2022-07-08T16:15:24+00:00","article_modified_time":"2022-07-08T16:15:26+00:00","og_image":[{"width":1000,"height":598,"url":"https:\/\/jornalfatosenoticias.com.br\/wp-content\/uploads\/2022\/07\/floresta_amazonica_ESTUDO.jpg","type":"image\/jpeg"}],"author":"Luzimara Fernandes","twitter_card":"summary_large_image","twitter_misc":{"Escrito por":"Luzimara Fernandes","Est. tempo de leitura":"4 minutos"},"schema":{"@context":"https:\/\/schema.org","@graph":[{"@type":"Article","@id":"https:\/\/jornalfatosenoticias.com.br\/index.php\/2022\/07\/08\/estudo-mapeia-pesquisas-cientificas-na-amazonia\/#article","isPartOf":{"@id":"https:\/\/jornalfatosenoticias.com.br\/index.php\/2022\/07\/08\/estudo-mapeia-pesquisas-cientificas-na-amazonia\/"},"author":{"name":"Luzimara Fernandes","@id":"https:\/\/jornalfatosenoticias.com.br\/#\/schema\/person\/d63837fa13ac8666eb9e74e0985d6f81"},"headline":"Estudo mapeia pesquisas cient\u00edficas na Amaz\u00f4nia","datePublished":"2022-07-08T16:15:24+00:00","dateModified":"2022-07-08T16:15:26+00:00","mainEntityOfPage":{"@id":"https:\/\/jornalfatosenoticias.com.br\/index.php\/2022\/07\/08\/estudo-mapeia-pesquisas-cientificas-na-amazonia\/"},"wordCount":881,"commentCount":0,"publisher":{"@id":"https:\/\/jornalfatosenoticias.com.br\/#organization"},"image":{"@id":"https:\/\/jornalfatosenoticias.com.br\/index.php\/2022\/07\/08\/estudo-mapeia-pesquisas-cientificas-na-amazonia\/#primaryimage"},"thumbnailUrl":"https:\/\/jornalfatosenoticias.com.br\/wp-content\/uploads\/2022\/07\/floresta_amazonica_ESTUDO.jpg","keywords":["amaz\u00f4nia","animais","bioma","Estudo","meio ambiente","pesquisas cient\u00edficas","plantas"],"articleSection":["Meio ambiente"],"inLanguage":"pt-BR","potentialAction":[{"@type":"CommentAction","name":"Comment","target":["https:\/\/jornalfatosenoticias.com.br\/index.php\/2022\/07\/08\/estudo-mapeia-pesquisas-cientificas-na-amazonia\/#respond"]}]},{"@type":"WebPage","@id":"https:\/\/jornalfatosenoticias.com.br\/index.php\/2022\/07\/08\/estudo-mapeia-pesquisas-cientificas-na-amazonia\/","url":"https:\/\/jornalfatosenoticias.com.br\/index.php\/2022\/07\/08\/estudo-mapeia-pesquisas-cientificas-na-amazonia\/","name":"Estudo mapeia pesquisas cient\u00edficas na Amaz\u00f4nia - Jornal Fatos e Not\u00edcias","isPartOf":{"@id":"https:\/\/jornalfatosenoticias.com.br\/#website"},"primaryImageOfPage":{"@id":"https:\/\/jornalfatosenoticias.com.br\/index.php\/2022\/07\/08\/estudo-mapeia-pesquisas-cientificas-na-amazonia\/#primaryimage"},"image":{"@id":"https:\/\/jornalfatosenoticias.com.br\/index.php\/2022\/07\/08\/estudo-mapeia-pesquisas-cientificas-na-amazonia\/#primaryimage"},"thumbnailUrl":"https:\/\/jornalfatosenoticias.com.br\/wp-content\/uploads\/2022\/07\/floresta_amazonica_ESTUDO.jpg","datePublished":"2022-07-08T16:15:24+00:00","dateModified":"2022-07-08T16:15:26+00:00","breadcrumb":{"@id":"https:\/\/jornalfatosenoticias.com.br\/index.php\/2022\/07\/08\/estudo-mapeia-pesquisas-cientificas-na-amazonia\/#breadcrumb"},"inLanguage":"pt-BR","potentialAction":[{"@type":"ReadAction","target":["https:\/\/jornalfatosenoticias.com.br\/index.php\/2022\/07\/08\/estudo-mapeia-pesquisas-cientificas-na-amazonia\/"]}]},{"@type":"ImageObject","inLanguage":"pt-BR","@id":"https:\/\/jornalfatosenoticias.com.br\/index.php\/2022\/07\/08\/estudo-mapeia-pesquisas-cientificas-na-amazonia\/#primaryimage","url":"https:\/\/jornalfatosenoticias.com.br\/wp-content\/uploads\/2022\/07\/floresta_amazonica_ESTUDO.jpg","contentUrl":"https:\/\/jornalfatosenoticias.com.br\/wp-content\/uploads\/2022\/07\/floresta_amazonica_ESTUDO.jpg","width":1000,"height":598,"caption":"floresta Amaz\u00f4nica"},{"@type":"BreadcrumbList","@id":"https:\/\/jornalfatosenoticias.com.br\/index.php\/2022\/07\/08\/estudo-mapeia-pesquisas-cientificas-na-amazonia\/#breadcrumb","itemListElement":[{"@type":"ListItem","position":1,"name":"In\u00edcio","item":"https:\/\/jornalfatosenoticias.com.br\/"},{"@type":"ListItem","position":2,"name":"Estudo mapeia pesquisas cient\u00edficas na Amaz\u00f4nia"}]},{"@type":"WebSite","@id":"https:\/\/jornalfatosenoticias.com.br\/#website","url":"https:\/\/jornalfatosenoticias.com.br\/","name":"Jornal Fatos e Not\u00edcias","description":"Not\u00edcias em geral","publisher":{"@id":"https:\/\/jornalfatosenoticias.com.br\/#organization"},"potentialAction":[{"@type":"SearchAction","target":{"@type":"EntryPoint","urlTemplate":"https:\/\/jornalfatosenoticias.com.br\/?s={search_term_string}"},"query-input":{"@type":"PropertyValueSpecification","valueRequired":true,"valueName":"search_term_string"}}],"inLanguage":"pt-BR"},{"@type":"Organization","@id":"https:\/\/jornalfatosenoticias.com.br\/#organization","name":"Jornal Fatos e Not\u00edcias","url":"https:\/\/jornalfatosenoticias.com.br\/","logo":{"@type":"ImageObject","inLanguage":"pt-BR","@id":"https:\/\/jornalfatosenoticias.com.br\/#\/schema\/logo\/image\/","url":"https:\/\/jornalfatosenoticias.com.br\/wp-content\/uploads\/2020\/02\/logo120.png","contentUrl":"https:\/\/jornalfatosenoticias.com.br\/wp-content\/uploads\/2020\/02\/logo120.png","width":1227,"height":120,"caption":"Jornal Fatos e Not\u00edcias"},"image":{"@id":"https:\/\/jornalfatosenoticias.com.br\/#\/schema\/logo\/image\/"}},{"@type":"Person","@id":"https:\/\/jornalfatosenoticias.com.br\/#\/schema\/person\/d63837fa13ac8666eb9e74e0985d6f81","name":"Luzimara Fernandes","image":{"@type":"ImageObject","inLanguage":"pt-BR","@id":"https:\/\/jornalfatosenoticias.com.br\/#\/schema\/person\/image\/","url":"https:\/\/jornalfatosenoticias.com.br\/wp-content\/uploads\/2025\/05\/EU_portal.jpg","contentUrl":"https:\/\/jornalfatosenoticias.com.br\/wp-content\/uploads\/2025\/05\/EU_portal.jpg","caption":"Luzimara Fernandes"},"description":"Jornalista MTB 2358-ES","sameAs":["https:\/\/jornalfatosenoticias.com.br"],"url":"https:\/\/jornalfatosenoticias.com.br\/index.php\/author\/luzimara\/"}]}},"cc_featured_image_caption":{"caption_text":"(Foto: Marcelo Camargo\/Ag\u00eancia Brasil)","source_text":"","source_url":""},"jetpack_featured_media_url":"https:\/\/jornalfatosenoticias.com.br\/wp-content\/uploads\/2022\/07\/floresta_amazonica_ESTUDO.jpg","_links":{"self":[{"href":"https:\/\/jornalfatosenoticias.com.br\/index.php\/wp-json\/wp\/v2\/posts\/32160","targetHints":{"allow":["GET"]}}],"collection":[{"href":"https:\/\/jornalfatosenoticias.com.br\/index.php\/wp-json\/wp\/v2\/posts"}],"about":[{"href":"https:\/\/jornalfatosenoticias.com.br\/index.php\/wp-json\/wp\/v2\/types\/post"}],"author":[{"embeddable":true,"href":"https:\/\/jornalfatosenoticias.com.br\/index.php\/wp-json\/wp\/v2\/users\/2"}],"replies":[{"embeddable":true,"href":"https:\/\/jornalfatosenoticias.com.br\/index.php\/wp-json\/wp\/v2\/comments?post=32160"}],"version-history":[{"count":0,"href":"https:\/\/jornalfatosenoticias.com.br\/index.php\/wp-json\/wp\/v2\/posts\/32160\/revisions"}],"wp:featuredmedia":[{"embeddable":true,"href":"https:\/\/jornalfatosenoticias.com.br\/index.php\/wp-json\/wp\/v2\/media\/32161"}],"wp:attachment":[{"href":"https:\/\/jornalfatosenoticias.com.br\/index.php\/wp-json\/wp\/v2\/media?parent=32160"}],"wp:term":[{"taxonomy":"category","embeddable":true,"href":"https:\/\/jornalfatosenoticias.com.br\/index.php\/wp-json\/wp\/v2\/categories?post=32160"},{"taxonomy":"post_tag","embeddable":true,"href":"https:\/\/jornalfatosenoticias.com.br\/index.php\/wp-json\/wp\/v2\/tags?post=32160"}],"curies":[{"name":"wp","href":"https:\/\/api.w.org\/{rel}","templated":true}]}}