{"id":32195,"date":"2022-07-11T12:00:08","date_gmt":"2022-07-11T15:00:08","guid":{"rendered":"https:\/\/jornalfatosenoticias.com.br\/?p=32195"},"modified":"2022-07-11T12:00:09","modified_gmt":"2022-07-11T15:00:09","slug":"direitos-sociais-dos-pacientes-com-cancer","status":"publish","type":"post","link":"https:\/\/jornalfatosenoticias.com.br\/index.php\/2022\/07\/11\/direitos-sociais-dos-pacientes-com-cancer\/","title":{"rendered":"Direitos sociais dos pacientes com c\u00e2ncer"},"content":{"rendered":"\n<p><em><span class=\"has-inline-color has-black-color\">Para ter direito ao benef\u00edcio \u00e9 preciso ser submetido a uma per\u00edcia m\u00e9dica no INSS, \u00e9 necess\u00e1rio levar todos os exames e laudos m\u00e9dicos para comprovar a sua doen\u00e7a<\/span><\/em><\/p>\n\n\n\n<p><em><span class=\"has-inline-color has-luminous-vivid-orange-color\"><strong>Texto:<\/strong>\u00a0Adriana Vasconcellos Pereira<\/span><\/em><\/p>\n\n\n\n<div class=\"wp-block-image\"><figure class=\"aligncenter size-large is-resized\"><img loading=\"lazy\" decoding=\"async\" src=\"https:\/\/jornalfatosenoticias.com.br\/wp-content\/uploads\/2022\/02\/Arte-Autoescola-Galatas_endereco_portal-1024x103.png\" alt=\"\" class=\"wp-image-27869\" width=\"510\" height=\"51\" srcset=\"https:\/\/jornalfatosenoticias.com.br\/wp-content\/uploads\/2022\/02\/Arte-Autoescola-Galatas_endereco_portal-1024x103.png 1024w, https:\/\/jornalfatosenoticias.com.br\/wp-content\/uploads\/2022\/02\/Arte-Autoescola-Galatas_endereco_portal-300x30.png 300w, https:\/\/jornalfatosenoticias.com.br\/wp-content\/uploads\/2022\/02\/Arte-Autoescola-Galatas_endereco_portal-768x77.png 768w, https:\/\/jornalfatosenoticias.com.br\/wp-content\/uploads\/2022\/02\/Arte-Autoescola-Galatas_endereco_portal.png 1223w\" sizes=\"auto, (max-width: 510px) 100vw, 510px\" \/><\/figure><\/div>\n\n\n\n<p>A sa\u00fade \u00e9 um direito de todos, est\u00e1 previsto na Constitui\u00e7\u00e3o Federal em seu artigo 196, este diz:<br><strong>Art. 196. <\/strong>A sa\u00fade \u00e9 direito de todos e dever do Estado, garantido mediante pol\u00edticas sociais e econ\u00f4micas que visem \u00e0 redu\u00e7\u00e3o do risco de doen\u00e7a e de outros agravos e ao acesso universal e igualit\u00e1rio \u00e0s a\u00e7\u00f5es e servi\u00e7os para sua promo\u00e7\u00e3o, prote\u00e7\u00e3o e recupera\u00e7\u00e3o.<br>Vamos falar um pouco sobre a neoplasia maligna, mais conhecida como c\u00e2ncer, \u00e9 uma das doen\u00e7as mais cr\u00edticas que algu\u00e9m pode ter, podendo afetar v\u00e1rios \u00f3rg\u00e3os do seu corpo de forma bastante severa, causando morte, se n\u00e3o tratada com anteced\u00eancia.<\/p>\n\n\n\n<div class=\"wp-block-image\"><figure class=\"aligncenter size-large is-resized\"><img loading=\"lazy\" decoding=\"async\" src=\"https:\/\/jornalfatosenoticias.com.br\/wp-content\/uploads\/2020\/02\/Serra-Grande-1024x160.png\" alt=\"\" class=\"wp-image-7836\" width=\"446\" height=\"69\"\/><\/figure><\/div>\n\n\n\n<p>A doen\u00e7a deixa a pessoa muito debilitada, ainda mais se ela come\u00e7ar a fazer tratamentos radioter\u00e1picos e\u2215ou quimioter\u00e1picos. Por conta da gravidade da doen\u00e7a, o \u00edndice de mortalidade do c\u00e2ncer \u00e9 relativamente alto.<br>Contudo, o INSS garante alguns benef\u00edcios previdenci\u00e1rios para quem \u00e9 afetado por essa doen\u00e7a terr\u00edvel.<br>Diante desse fato, podemos listar alguns benef\u00edcios que o paciente com c\u00e2ncer tem direito:<\/p>\n\n\n\n<p><strong><span class=\"has-inline-color has-black-color\">1. Quais os benef\u00edcios previdenci\u00e1rios das pessoas com c\u00e2ncer?<br><\/span><\/strong>Os benef\u00edcios previdenci\u00e1rios que as pessoas com c\u00e2ncer podem ter s\u00e3o os seguintes:<\/p>\n\n\n\n<div class=\"wp-block-image\"><figure class=\"aligncenter size-large is-resized\"><img loading=\"lazy\" decoding=\"async\" src=\"https:\/\/jornalfatosenoticias.com.br\/wp-content\/uploads\/2022\/07\/Logo-Grupo-SEI.jpg\" alt=\"\" class=\"wp-image-31973\" width=\"339\" height=\"178\" srcset=\"https:\/\/jornalfatosenoticias.com.br\/wp-content\/uploads\/2022\/07\/Logo-Grupo-SEI.jpg 713w, https:\/\/jornalfatosenoticias.com.br\/wp-content\/uploads\/2022\/07\/Logo-Grupo-SEI-300x158.jpg 300w\" sizes=\"auto, (max-width: 339px) 100vw, 339px\" \/><\/figure><\/div>\n\n\n\n<p><strong><span class=\"has-inline-color has-black-color\">\u2022 Aux\u00edlio-Doen\u00e7a (Aux\u00edlio por incapacidade Tempor\u00e1ria);<\/span><\/strong><\/p>\n\n\n\n<p>Ter\u00e1 direito a este benef\u00edcio os segurados com c\u00e2ncer que, devida a esta condi\u00e7\u00e3o, fiquem incapacitados para exercer seu trabalho de forma total e tempor\u00e1ria. Para ter direito ao benef\u00edcio \u00e9 preciso ser submetido a uma per\u00edcia m\u00e9dica no INSS, \u00e9 necess\u00e1rio levar todos os exames e laudos m\u00e9dicos para comprovar a sua doen\u00e7a. Vale ressaltar, que \u00e9 preciso que voc\u00ea tenha qualidade de segurado na hora de requerimento do benef\u00edcio, ou seja: \u00e9 preciso que voc\u00ea esteja contribuindo para o INSS.<\/p>\n\n\n\n<p><strong><span class=\"has-inline-color has-black-color\">\u2022 Aux\u00edlio-Acidente;<\/span><\/strong><\/p>\n\n\n\n<div class=\"wp-block-image\"><figure class=\"alignleft size-large is-resized\"><img loading=\"lazy\" decoding=\"async\" src=\"https:\/\/jornalfatosenoticias.com.br\/wp-content\/uploads\/2020\/02\/logo_esteio.jpg\" alt=\"\" class=\"wp-image-1214\" width=\"293\" height=\"244\"\/><\/figure><\/div>\n\n\n\n<p>\u00c9 uma situa\u00e7\u00e3o mais espec\u00edfica, mas a pessoa com c\u00e2ncer ainda pode ter direito a este benef\u00edcio. O aux\u00edlio-Acidente \u00e9 devido aos segurados que tiveram uma redu\u00e7\u00e3o de sua capacidade laboral em conta de seu c\u00e2ncer, haja vista a presen\u00e7a de sequelas, causadas pela doen\u00e7a, que afetar\u00e3o toda a sua vida.<br>Podemos dizer que, a doen\u00e7a diminui a capacidade para o trabalho do segurado, mas ele ainda consegue trabalhar diariamente.<\/p>\n\n\n\n<figure class=\"wp-block-image size-large\"><img loading=\"lazy\" decoding=\"async\" width=\"1000\" height=\"666\" src=\"https:\/\/jornalfatosenoticias.com.br\/wp-content\/uploads\/2022\/07\/cancer_2.jpg\" alt=\"\" class=\"wp-image-32196\" srcset=\"https:\/\/jornalfatosenoticias.com.br\/wp-content\/uploads\/2022\/07\/cancer_2.jpg 1000w, https:\/\/jornalfatosenoticias.com.br\/wp-content\/uploads\/2022\/07\/cancer_2-300x200.jpg 300w, https:\/\/jornalfatosenoticias.com.br\/wp-content\/uploads\/2022\/07\/cancer_2-768x511.jpg 768w\" sizes=\"auto, (max-width: 1000px) 100vw, 1000px\" \/><figcaption><em><span class=\"has-inline-color has-black-color\">Direitos dos pacientes com c\u00e2ncer (Foto: Pinterest)<\/span><\/em><\/figcaption><\/figure>\n\n\n\n<p><strong><span class=\"has-inline-color has-black-color\">\u2022 Aposentadoria por invalidez (Aposentadoria por incapacidade Permanente).<\/span><\/strong><\/p>\n\n\n\n<div class=\"wp-block-image\"><figure class=\"alignright size-large is-resized\"><img loading=\"lazy\" decoding=\"async\" src=\"https:\/\/jornalfatosenoticias.com.br\/wp-content\/uploads\/2020\/02\/nova-logo-Marquetti.jpg\" alt=\"\" class=\"wp-image-22331\" width=\"278\" height=\"187\" srcset=\"https:\/\/jornalfatosenoticias.com.br\/wp-content\/uploads\/2020\/02\/nova-logo-Marquetti.jpg 643w, https:\/\/jornalfatosenoticias.com.br\/wp-content\/uploads\/2020\/02\/nova-logo-Marquetti-300x202.jpg 300w\" sizes=\"auto, (max-width: 278px) 100vw, 278px\" \/><\/figure><\/div>\n\n\n\n<p>Esse benef\u00edcio \u00e9 parecido com o Aux\u00edlio-Doen\u00e7a, pois tamb\u00e9m ser\u00e1 necess\u00e1rio ser submetido a uma per\u00edcia m\u00e9dica no INSS, mas tem uma diferen\u00e7a:<br>Ser\u00e1 necess\u00e1rio que o perito ateste a sua incapacidade total e permanente (definitiva) para o trabalho, isso significa que a sua condi\u00e7\u00e3o deve o impossibilitar de trabalhar, inclusive a reabilita\u00e7\u00e3o em outras profiss\u00f5es.<br>Assim como o Aux\u00edlio por Incapacidade Tempor\u00e1ria, para esta aposentadoria, \u00e9 preciso que voc\u00ea possua qualidade de segurado para ter direito ao benef\u00edcio.<br>Vale lembrar que, \u00e9 importante mencionar que as pessoas com neoplasia maligna t\u00eam isen\u00e7\u00e3o de car\u00eancia nos benef\u00edcios citados. Ou seja, n\u00e3o \u00e9 necess\u00e1rio cumprir o tempo m\u00ednimo estipulado pela lei, uma vez que o c\u00e2ncer \u00e9 enquadrado como uma doen\u00e7a grave, sendo dispensado o requisito da car\u00eancia.<\/p>\n\n\n\n<div class=\"wp-block-image\"><figure class=\"aligncenter size-large is-resized\"><img loading=\"lazy\" decoding=\"async\" src=\"https:\/\/jornalfatosenoticias.com.br\/wp-content\/uploads\/2020\/02\/Logo-Mizu-segunda-2-1024x99.png\" alt=\"\" class=\"wp-image-2353\" width=\"507\" height=\"49\" srcset=\"https:\/\/jornalfatosenoticias.com.br\/wp-content\/uploads\/2020\/02\/Logo-Mizu-segunda-2-1024x99.png 1024w, https:\/\/jornalfatosenoticias.com.br\/wp-content\/uploads\/2020\/02\/Logo-Mizu-segunda-2-300x29.png 300w, https:\/\/jornalfatosenoticias.com.br\/wp-content\/uploads\/2020\/02\/Logo-Mizu-segunda-2-768x74.png 768w, https:\/\/jornalfatosenoticias.com.br\/wp-content\/uploads\/2020\/02\/Logo-Mizu-segunda-2.png 1240w\" sizes=\"auto, (max-width: 507px) 100vw, 507px\" \/><\/figure><\/div>\n\n\n\n<p><strong><span class=\"has-inline-color has-black-color\">2. Diferen\u00e7as entre o Aux\u00edlio-Acidente e os Benef\u00edcios por incapacidade<br><\/span><\/strong>Diferente do Aux\u00edlio-Doen\u00e7a e da Aposentadoria por Invalidez, o Aux\u00edlio-Acidente tem natureza indenizat\u00f3ria e \u00e9 pago normalmente com o sal\u00e1rio do segurado, visto que eles ainda t\u00eam condi\u00e7\u00e3o de trabalhar.<br>Mesmo que a pessoa saia do emprego, ela continua recebendo o benef\u00edcio, tendo em vista a presen\u00e7a de sequelas que reduzem sua capacidade laboral at\u00e9 o fim de sua vida.<br>J\u00e1 no Aux\u00edlio-Doen\u00e7a e na Aposentadoria por Invalidez (Benef\u00edcios por Incapacidade), a pessoa n\u00e3o pode laborar enquanto recebe os benef\u00edcios, haja vista que eles est\u00e3o, em tese, incapacitados para o trabalho.<br>Caso eles voltarem a laborar enquanto recebem o benef\u00edcio, o Aux\u00edlio\/Aposentadoria \u00e9 cessado.<br>J\u00e1 no caso do Aux\u00edlio-Acidente, o benef\u00edcio \u00e9 cessado somente quando o segurado falece ou quando ele tem sua aposentadoria concedida.<\/p>\n\n\n\n<div class=\"wp-block-image\"><figure class=\"alignleft size-large is-resized\"><img loading=\"lazy\" decoding=\"async\" src=\"https:\/\/jornalfatosenoticias.com.br\/wp-content\/uploads\/2022\/02\/Precisao-Contabilidade-1024x724.jpg\" alt=\"\" class=\"wp-image-28088\" width=\"273\" height=\"192\"\/><\/figure><\/div>\n\n\n\n<p><strong><span class=\"has-inline-color has-black-color\">3. E se eu nunca contribu\u00ed para o INSS, tenho direito a algum benef\u00edcio?<br><\/span><\/strong>Sim, aqui n\u00e3o h\u00e1 que se fala do benef\u00edcio, mas sim assistencial. O Benef\u00edcio de Presta\u00e7\u00e3o Continuada (BPC).<\/p>\n\n\n\n<p><strong><span class=\"has-inline-color has-black-color\">4. Benef\u00edcio de Presta\u00e7\u00e3o Continuada<br><\/span><\/strong>O BPC \u00e9 direcionado \u00e0s pessoas idosas, acima de 65 anos, ou pessoas com defici\u00eancia, de qualquer idade, que comprovem n\u00e3o conseguir se sustentar, nem mesmo pela sua fam\u00edlia. Para os indiv\u00edduos com c\u00e2ncer serem enquadrados como pessoas com defici\u00eancia, \u00e9 preciso que fique demonstrado impedimentos a longo prazo (acima de dois anos) de natureza f\u00edsica, mental, intelectual ou sensorial.<\/p>\n\n\n\n<div class=\"wp-block-image\"><figure class=\"aligncenter size-large is-resized\"><img loading=\"lazy\" decoding=\"async\" src=\"https:\/\/jornalfatosenoticias.com.br\/wp-content\/uploads\/2022\/02\/Serra-Pack-459.png\" alt=\"\" class=\"wp-image-27471\" width=\"328\" height=\"131\"\/><\/figure><\/div>\n\n\n\n<p>Deve tamb\u00e9m ficar evidenciado que a defici\u00eancia (no caso, o c\u00e2ncer) impe\u00e7a a pessoa de participar plena e efetivamente na sociedade em igualdade de condi\u00e7\u00f5es com os demais indiv\u00edduos. Esse processo tamb\u00e9m \u00e9 feito atrav\u00e9s de uma per\u00edcia no INSS, onde o perito verificar\u00e1 se essas condi\u00e7\u00f5es foram preenchidas. Tamb\u00e9m \u00e9 preciso que a pessoa seja de baixa renda.<br>Ou seja, ela n\u00e3o tem condi\u00e7\u00f5es de se sustentar, nem mesmo de t\u00ea-la provida pela sua fam\u00edlia, assim, o INSS utiliza um crit\u00e9rio objetivo para essa verifica\u00e7\u00e3o: a renda mensal da fam\u00edlia do requerente do BPC deve ser igual ou inferior a \u00bc do sal\u00e1rio m\u00ednimo para cada membro, o que d\u00e1 R$ 275,00 em 2021.<\/p>\n\n\n\n<p><strong><span class=\"has-inline-color has-black-color\">5. Outros direitos sociais para a pessoa com c\u00e2ncer<br><\/span><\/strong>Importante ressaltar, que, as pessoas com c\u00e2ncer t\u00eam direito a outros benef\u00edcios (n\u00e3o s\u00f3 previdenci\u00e1rios).<br>Podemos citar alguns:<\/p>\n\n\n\n<figure class=\"wp-block-image size-large\"><img loading=\"lazy\" decoding=\"async\" width=\"1000\" height=\"666\" src=\"https:\/\/jornalfatosenoticias.com.br\/wp-content\/uploads\/2022\/07\/direitos-da-pessoa-com-cancer1.jpg\" alt=\"\" class=\"wp-image-32197\" srcset=\"https:\/\/jornalfatosenoticias.com.br\/wp-content\/uploads\/2022\/07\/direitos-da-pessoa-com-cancer1.jpg 1000w, https:\/\/jornalfatosenoticias.com.br\/wp-content\/uploads\/2022\/07\/direitos-da-pessoa-com-cancer1-300x200.jpg 300w, https:\/\/jornalfatosenoticias.com.br\/wp-content\/uploads\/2022\/07\/direitos-da-pessoa-com-cancer1-768x511.jpg 768w\" sizes=\"auto, (max-width: 1000px) 100vw, 1000px\" \/><figcaption><em><span class=\"has-inline-color has-black-color\">Direitos dos pacientes com c\u00e2ncer (Foto: Getty Images)<\/span><\/em><\/figcaption><\/figure>\n\n\n\n<p><strong><span class=\"has-inline-color has-black-color\">6. Isen\u00e7\u00e3o e restitui\u00e7\u00e3o do Imposto de Renda<br><\/span><\/strong>No entanto, quem \u00e9 acometido com c\u00e2ncer tem isen\u00e7\u00e3o no Imposto de Renda Retido na Fonte (IRRF), mas aten\u00e7\u00e3o: a isen\u00e7\u00e3o \u00e9 v\u00e1lida somente para valores recebidos a t\u00edtulo de aposentadoria, pens\u00e3o ou reforma. Se voc\u00ea trabalha com carteira assinada, por exemplo, os valores de IRRF s\u00e3o descontados normalmente da sua folha de pagamento.<\/p>\n\n\n\n<div class=\"wp-block-image\"><figure class=\"aligncenter size-large is-resized\"><img loading=\"lazy\" decoding=\"async\" src=\"https:\/\/jornalfatosenoticias.com.br\/wp-content\/uploads\/2022\/07\/Assinatura-Marketing-1024x300.png\" alt=\"\" class=\"wp-image-31962\" width=\"379\" height=\"110\" srcset=\"https:\/\/jornalfatosenoticias.com.br\/wp-content\/uploads\/2022\/07\/Assinatura-Marketing-1024x300.png 1024w, https:\/\/jornalfatosenoticias.com.br\/wp-content\/uploads\/2022\/07\/Assinatura-Marketing-300x88.png 300w, https:\/\/jornalfatosenoticias.com.br\/wp-content\/uploads\/2022\/07\/Assinatura-Marketing-768x225.png 768w, https:\/\/jornalfatosenoticias.com.br\/wp-content\/uploads\/2022\/07\/Assinatura-Marketing-1536x451.png 1536w, https:\/\/jornalfatosenoticias.com.br\/wp-content\/uploads\/2022\/07\/Assinatura-Marketing-2048x601.png 2048w\" sizes=\"auto, (max-width: 379px) 100vw, 379px\" \/><\/figure><\/div>\n\n\n\n<p>Agora, se voc\u00ea \u00e9 aposentado e ainda continua trabalhando, o imposto incide somente no valor da sua remunera\u00e7\u00e3o, sendo a aposentadoria livre de qualquer IRRF. A boa not\u00edcia \u00e9 que n\u00e3o existe um limite de isen\u00e7\u00e3o de imposto de renda para os valores recebidos a t\u00edtulo de aposentadoria, pens\u00e3o ou reforma.<br>Isso significa que quaisquer destes valores recebidos est\u00e3o isentos de Imposto de Renda.<br>Outro ponto positivo \u00e9 que voc\u00ea pode pedir a restitui\u00e7\u00e3o do Imposto de Renda desde o dia que voc\u00ea foi acometido com o c\u00e2ncer. Contudo, tem um, por\u00e9m; se voc\u00ea teve a neoplasia maligna antes de ter sua aposentadoria\/pens\u00e3o\/reforma concedida, voc\u00ea ter\u00e1 direito a isen\u00e7\u00e3o somente a partir do dia em que come\u00e7ou a receber o benef\u00edcio.<br>Caso a condi\u00e7\u00e3o tenha se iniciado depois, ter\u00e1 a partir do in\u00edcio da doen\u00e7a, conforme explicado, isso tudo foi feito em conta de previs\u00f5es legais para as pessoas acometidas com doen\u00e7as graves, como \u00e9 o c\u00e2ncer.<\/p>\n\n\n\n<div class=\"wp-block-image\"><figure class=\"aligncenter size-large is-resized\"><img loading=\"lazy\" decoding=\"async\" src=\"https:\/\/jornalfatosenoticias.com.br\/wp-content\/uploads\/2022\/05\/NOVA-LOGO-CESCONETTO-1024x100.jpg\" alt=\"\" class=\"wp-image-30792\" width=\"468\" height=\"45\" srcset=\"https:\/\/jornalfatosenoticias.com.br\/wp-content\/uploads\/2022\/05\/NOVA-LOGO-CESCONETTO-1024x100.jpg 1024w, https:\/\/jornalfatosenoticias.com.br\/wp-content\/uploads\/2022\/05\/NOVA-LOGO-CESCONETTO-300x29.jpg 300w, https:\/\/jornalfatosenoticias.com.br\/wp-content\/uploads\/2022\/05\/NOVA-LOGO-CESCONETTO-768x75.jpg 768w, https:\/\/jornalfatosenoticias.com.br\/wp-content\/uploads\/2022\/05\/NOVA-LOGO-CESCONETTO.jpg 1280w\" sizes=\"auto, (max-width: 468px) 100vw, 468px\" \/><\/figure><\/div>\n\n\n\n<p><strong><span class=\"has-inline-color has-black-color\">7. Saques de fundo de garantia<br><\/span><\/strong>Ser acometido com c\u00e2ncer tamb\u00e9m te d\u00e1 direito de sacar valores do seu fundo de garantia.<br>Aqui falamos do:<\/p>\n\n\n\n<p><span class=\"has-inline-color has-black-color\">\u2022 Fundo de Garantia do Tempo de Servi\u00e7o (FGTS);<br>\u2022 Programa de Integra\u00e7\u00e3o Social (PIS); e<br>\u2022 Programa de Forma\u00e7\u00e3o do Patrim\u00f4nio do Servidor P\u00fablico (Pasep).<\/span><\/p>\n\n\n\n<p>Todas as pessoas que trabalham com carteira assinada possuem uma conta no FGTS, em que s\u00e3o depositados 8% do seu sal\u00e1rio bruto todos os meses pelo seu empregador. Esse fundo \u00e9 de extrema import\u00e2ncia para o trabalhador em algumas situa\u00e7\u00f5es cr\u00edticas, como, por exemplo, demiss\u00e3o sem justa causa, onde \u00e9 poss\u00edvel sacar os valores ali depositados.<br>Outra situa\u00e7\u00e3o cr\u00edtica tamb\u00e9m \u00e9 o diagn\u00f3stico de c\u00e2ncer\u2026desse modo, a lei prev\u00ea o saque do FGTS quando voc\u00ea for diagnosticado com c\u00e2ncer, bastando fazer um requerimento para a Caixa Econ\u00f4mica Federal.<br>O PIS e o Pasep tamb\u00e9m s\u00e3o fundos de garantia para os trabalhadores (servidores p\u00fablicos e trabalhadores da iniciativa privada) que possu\u00edram carteira assinada antes de 1988. No caso da pessoa com c\u00e2ncer, ela tamb\u00e9m ter\u00e1 direito a sacar os valores que ali est\u00e3o a t\u00edtulo de PIS ou Pasep.<\/p>\n\n\n\n<div class=\"wp-block-image\"><figure class=\"aligncenter size-large is-resized\"><img loading=\"lazy\" decoding=\"async\" src=\"https:\/\/jornalfatosenoticias.com.br\/wp-content\/uploads\/2022\/03\/logo-Suinco-1024x390.jpg\" alt=\"\" class=\"wp-image-28785\" width=\"325\" height=\"123\"\/><\/figure><\/div>\n\n\n\n<p><strong><span class=\"has-inline-color has-black-color\">8. Medicamentos fornecidos pelo Governo<br><\/span><\/strong>Um outro benef\u00edcio oferecido para as pessoas com c\u00e2ncer \u00e9 o fornecimento de medicamentos gratuitos, s\u00e3o garantidos pela pr\u00f3pria Constitui\u00e7\u00e3o Federal o direito social a sa\u00fade de todas as pessoas do Brasil. \u00c9 importante que as pessoas acometidas com neoplasia maligna tenham direito a tratamentos pelo sistema p\u00fablico de forma gratuita, se assim a pessoa decidir.<br>Vale ressaltar que os tratamentos para o c\u00e2ncer s\u00e3o, em sua maioria, bastante custosos. Diante disso, a pessoa pode solicitar para o Sistema \u00danico de Sa\u00fade (SUS) os f\u00e1rmacos recomendados pelo m\u00e9dico para fazer o seu tratamento, vale dizer que o SUS somente fornece os medicamentos dispon\u00edveis na Rela\u00e7\u00e3o Nacional de Medicamentos Essenciais (Rename).<br>Caso o rem\u00e9dio n\u00e3o esteja na lista, \u00e9 poss\u00edvel solicitar o f\u00e1rmaco nas Secretarias de Sa\u00fade do seu estado ou munic\u00edpio. Caso o SUS ou as Secretarias de Sa\u00fade se negarem a fornecer o medicamento, \u00e9 poss\u00edvel ingressar com uma a\u00e7\u00e3o judicial para ter acesso aos rem\u00e9dios.<\/p>\n\n\n\n<div class=\"wp-block-image\"><figure class=\"aligncenter size-large is-resized\"><img loading=\"lazy\" decoding=\"async\" src=\"https:\/\/jornalfatosenoticias.com.br\/wp-content\/uploads\/2022\/02\/Arte-Autoescola-Galatas_endereco_portal-1024x103.png\" alt=\"\" class=\"wp-image-27869\" width=\"500\" height=\"50\" srcset=\"https:\/\/jornalfatosenoticias.com.br\/wp-content\/uploads\/2022\/02\/Arte-Autoescola-Galatas_endereco_portal-1024x103.png 1024w, https:\/\/jornalfatosenoticias.com.br\/wp-content\/uploads\/2022\/02\/Arte-Autoescola-Galatas_endereco_portal-300x30.png 300w, https:\/\/jornalfatosenoticias.com.br\/wp-content\/uploads\/2022\/02\/Arte-Autoescola-Galatas_endereco_portal-768x77.png 768w, https:\/\/jornalfatosenoticias.com.br\/wp-content\/uploads\/2022\/02\/Arte-Autoescola-Galatas_endereco_portal.png 1223w\" sizes=\"auto, (max-width: 500px) 100vw, 500px\" \/><\/figure><\/div>\n\n\n\n<p><strong><span class=\"has-inline-color has-black-color\">9. IPI e IPVA<br><\/span><\/strong>O Imposto sobre Produtos Industrializados (IPI) e o Imposto sobre a Propriedade de Ve\u00edculos Automotores (IPVA) tamb\u00e9m podem ser isentos para as pessoas com c\u00e2ncer. Voc\u00ea deve se perguntar: o IPI e o IPVA n\u00e3o t\u00eam muita rela\u00e7\u00e3o, por que voc\u00ea os colocou juntos aqui? Eles merecem uma aten\u00e7\u00e3o especial.<br>No caso do IPI, as pessoas com c\u00e2ncer podem pedir a isen\u00e7\u00e3o deste imposto quando v\u00e3o adquirir um autom\u00f3vel novo, o que reduz bastante o pre\u00e7o final do produto. No caso do IPVA, \u00e9 poss\u00edvel que este imposto tamb\u00e9m seja afastado para os diagnosticados com a neoplasia maligna.<br>S\u00f3 o fato de voc\u00ea ter c\u00e2ncer, por si s\u00f3, n\u00e3o te isenta do pagamento destes impostos. Para n\u00e3o \u201cprecisar\u201d mais pagar o IPI e o IPVA, \u00e9 necess\u00e1rio que voc\u00ea comprove defici\u00eancia f\u00edsica nos membros superiores ou inferiores que o impe\u00e7a de dirigir ve\u00edculos comuns.<\/p>\n\n\n\n<div class=\"wp-block-image\"><figure class=\"alignright size-large\"><img decoding=\"async\" src=\"https:\/\/jornalfatosenoticias.com.br\/wp-content\/uploads\/2020\/02\/logo_esteio.jpg\" alt=\"\" class=\"wp-image-1214\"\/><\/figure><\/div>\n\n\n\n<p>Para isso, a pessoa deve apresentar exames e laudos m\u00e9dicos para comprovar a situa\u00e7\u00e3o de defici\u00eancia, dependendo do tipo de c\u00e2ncer ou das sequelas causadas pela doen\u00e7a, \u00e9 poss\u00edvel que voc\u00ea fique com alguma defici\u00eancia f\u00edsica que te d\u00ea direito as isen\u00e7\u00f5es.<br>Insta salientar que, para o caso do IPVA, a legisla\u00e7\u00e3o de cada estado pode prever outros requisitos para que voc\u00ea fique isento do pagamento do referido imposto.<\/p>\n\n\n\n<figure class=\"wp-block-image size-large\"><img loading=\"lazy\" decoding=\"async\" width=\"1000\" height=\"525\" src=\"https:\/\/jornalfatosenoticias.com.br\/wp-content\/uploads\/2022\/07\/cancer_voce-nao-esta-sozinho.jpg\" alt=\"\" class=\"wp-image-32198\" srcset=\"https:\/\/jornalfatosenoticias.com.br\/wp-content\/uploads\/2022\/07\/cancer_voce-nao-esta-sozinho.jpg 1000w, https:\/\/jornalfatosenoticias.com.br\/wp-content\/uploads\/2022\/07\/cancer_voce-nao-esta-sozinho-300x158.jpg 300w, https:\/\/jornalfatosenoticias.com.br\/wp-content\/uploads\/2022\/07\/cancer_voce-nao-esta-sozinho-768x403.jpg 768w\" sizes=\"auto, (max-width: 1000px) 100vw, 1000px\" \/><figcaption><em><span class=\"has-inline-color has-black-color\">(Foto: Divulga\u00e7\u00e3o\/Alesc)<\/span><\/em><\/figcaption><\/figure>\n\n\n\n<p><strong><span class=\"has-inline-color has-black-color\">10. O dia Mundial do C\u00e2ncer<br><\/span><\/strong>O Dia Mundial do C\u00e2ncer, comemorado no dia 4 de fevereiro, \u00e9 uma iniciativa global organizada pela Uni\u00e3o Internacional para o Controle do C\u00e2ncer (UICC), com apoio da Organiza\u00e7\u00e3o Mundial da Sa\u00fade (OMS). A data comemorativa foi criada atrav\u00e9s da Carta de Paris, no ano de 2000, para a conscientiza\u00e7\u00e3o e educa\u00e7\u00e3o mundial sobre esta doen\u00e7a t\u00e3o grave.<\/p>\n\n\n\n<div class=\"wp-block-image\"><figure class=\"alignleft size-large is-resized\"><img loading=\"lazy\" decoding=\"async\" src=\"https:\/\/jornalfatosenoticias.com.br\/wp-content\/uploads\/2020\/02\/nova-logo-Marquetti.jpg\" alt=\"\" class=\"wp-image-22331\" width=\"248\" height=\"166\" srcset=\"https:\/\/jornalfatosenoticias.com.br\/wp-content\/uploads\/2020\/02\/nova-logo-Marquetti.jpg 643w, https:\/\/jornalfatosenoticias.com.br\/wp-content\/uploads\/2020\/02\/nova-logo-Marquetti-300x202.jpg 300w\" sizes=\"auto, (max-width: 248px) 100vw, 248px\" \/><\/figure><\/div>\n\n\n\n<p>Uma outra inten\u00e7\u00e3o com a data foi incentivar os governos e pessoas de todo o mundo para a mobiliza\u00e7\u00e3o do controle do c\u00e2ncer, atrav\u00e9s de medidas que promovem exames frequentes para a preven\u00e7\u00e3o da doen\u00e7a.<br>Com esse conte\u00fado voc\u00ea ficou sabendo de v\u00e1rios direitos que a pessoa acometida com c\u00e2ncer possui, e n\u00e3o s\u00e3o poucos.<br>Sem d\u00favida ser diagnosticado com esta doen\u00e7a t\u00e3o terr\u00edvel \u00e9 bastante triste, mas a legisla\u00e7\u00e3o tenta compensar um pouco, oferecendo algumas sa\u00eddas que podem te ajudar numa hora t\u00e3o cr\u00edtica. Voc\u00ea tamb\u00e9m tem um papel importante nesta luta di\u00e1ria destas pessoas, pois pode compartilhar este conte\u00fado e ajudar muita gente a descobrir os seus direitos.<\/p>\n\n\n\n<div class=\"wp-block-image\"><figure class=\"alignleft size-large is-resized\"><img loading=\"lazy\" decoding=\"async\" src=\"https:\/\/jornalfatosenoticias.com.br\/wp-content\/uploads\/2022\/04\/ADRIANA_VASCONCELOS-removebg-preview.png\" alt=\"\" class=\"wp-image-29799\" width=\"209\" height=\"206\" srcset=\"https:\/\/jornalfatosenoticias.com.br\/wp-content\/uploads\/2022\/04\/ADRIANA_VASCONCELOS-removebg-preview.png 504w, https:\/\/jornalfatosenoticias.com.br\/wp-content\/uploads\/2022\/04\/ADRIANA_VASCONCELOS-removebg-preview-300x295.png 300w\" sizes=\"auto, (max-width: 209px) 100vw, 209px\" \/><figcaption><em><strong>Adriana Vasconcellos Pereira<br><\/strong>Bacharela em Direito pela Faculdade Minas Gerais (Famig-MG)<br>P\u00f3s-graduanda na Escola de Magistratura do Esp\u00edrito Santo \u2014 Esmages<\/em><\/figcaption><\/figure><\/div>\n","protected":false},"excerpt":{"rendered":"<p>Para ter direito ao benef\u00edcio \u00e9 preciso ser submetido a uma per\u00edcia m\u00e9dica no INSS, \u00e9 necess\u00e1rio levar todos os exames e laudos m\u00e9dicos para comprovar a sua doen\u00e7a Texto:\u00a0Adriana Vasconcellos Pereira A sa\u00fade \u00e9 um direito de todos, est\u00e1 previsto na Constitui\u00e7\u00e3o Federal em seu artigo 196, este diz:Art. 196. A sa\u00fade \u00e9 direito [&hellip;]<\/p>\n","protected":false},"author":2,"featured_media":32197,"comment_status":"open","ping_status":"open","sticky":false,"template":"","format":"standard","meta":{"footnotes":""},"categories":[5],"tags":[642,15222,1860,74],"class_list":["post-32195","post","type-post","status-publish","format-standard","has-post-thumbnail","hentry","category-geral","tag-cancer","tag-direitos-da-pessoa-com-cancer","tag-pericia-medica","tag-saude"],"yoast_head":"<!-- This site is optimized with the Yoast SEO plugin v26.5 - https:\/\/yoast.com\/wordpress\/plugins\/seo\/ -->\n<title>Direitos sociais dos pacientes com c\u00e2ncer - Jornal Fatos e Not\u00edcias<\/title>\n<meta name=\"robots\" content=\"index, follow, max-snippet:-1, max-image-preview:large, max-video-preview:-1\" \/>\n<link rel=\"canonical\" href=\"https:\/\/jornalfatosenoticias.com.br\/index.php\/2022\/07\/11\/direitos-sociais-dos-pacientes-com-cancer\/\" \/>\n<meta property=\"og:locale\" content=\"pt_BR\" \/>\n<meta property=\"og:type\" content=\"article\" \/>\n<meta property=\"og:title\" content=\"Direitos sociais dos pacientes com c\u00e2ncer - Jornal Fatos e Not\u00edcias\" \/>\n<meta property=\"og:description\" content=\"Para ter direito ao benef\u00edcio \u00e9 preciso ser submetido a uma per\u00edcia m\u00e9dica no INSS, \u00e9 necess\u00e1rio levar todos os exames e laudos m\u00e9dicos para comprovar a sua doen\u00e7a Texto:\u00a0Adriana Vasconcellos Pereira A sa\u00fade \u00e9 um direito de todos, est\u00e1 previsto na Constitui\u00e7\u00e3o Federal em seu artigo 196, este diz:Art. 196. A sa\u00fade \u00e9 direito [&hellip;]\" \/>\n<meta property=\"og:url\" content=\"https:\/\/jornalfatosenoticias.com.br\/index.php\/2022\/07\/11\/direitos-sociais-dos-pacientes-com-cancer\/\" \/>\n<meta property=\"og:site_name\" content=\"Jornal Fatos e Not\u00edcias\" \/>\n<meta property=\"article:published_time\" content=\"2022-07-11T15:00:08+00:00\" \/>\n<meta property=\"article:modified_time\" content=\"2022-07-11T15:00:09+00:00\" \/>\n<meta property=\"og:image\" content=\"https:\/\/jornalfatosenoticias.com.br\/wp-content\/uploads\/2022\/07\/direitos-da-pessoa-com-cancer1.jpg\" \/>\n\t<meta property=\"og:image:width\" content=\"1000\" \/>\n\t<meta property=\"og:image:height\" content=\"666\" \/>\n\t<meta property=\"og:image:type\" content=\"image\/jpeg\" \/>\n<meta name=\"author\" content=\"Luzimara Fernandes\" \/>\n<meta name=\"twitter:card\" content=\"summary_large_image\" \/>\n<meta name=\"twitter:label1\" content=\"Escrito por\" \/>\n\t<meta name=\"twitter:data1\" content=\"Luzimara Fernandes\" \/>\n\t<meta name=\"twitter:label2\" content=\"Est. tempo de leitura\" \/>\n\t<meta name=\"twitter:data2\" content=\"11 minutos\" \/>\n<script type=\"application\/ld+json\" class=\"yoast-schema-graph\">{\"@context\":\"https:\/\/schema.org\",\"@graph\":[{\"@type\":\"Article\",\"@id\":\"https:\/\/jornalfatosenoticias.com.br\/index.php\/2022\/07\/11\/direitos-sociais-dos-pacientes-com-cancer\/#article\",\"isPartOf\":{\"@id\":\"https:\/\/jornalfatosenoticias.com.br\/index.php\/2022\/07\/11\/direitos-sociais-dos-pacientes-com-cancer\/\"},\"author\":{\"name\":\"Luzimara Fernandes\",\"@id\":\"https:\/\/jornalfatosenoticias.com.br\/#\/schema\/person\/d63837fa13ac8666eb9e74e0985d6f81\"},\"headline\":\"Direitos sociais dos pacientes com c\u00e2ncer\",\"datePublished\":\"2022-07-11T15:00:08+00:00\",\"dateModified\":\"2022-07-11T15:00:09+00:00\",\"mainEntityOfPage\":{\"@id\":\"https:\/\/jornalfatosenoticias.com.br\/index.php\/2022\/07\/11\/direitos-sociais-dos-pacientes-com-cancer\/\"},\"wordCount\":2144,\"commentCount\":0,\"publisher\":{\"@id\":\"https:\/\/jornalfatosenoticias.com.br\/#organization\"},\"image\":{\"@id\":\"https:\/\/jornalfatosenoticias.com.br\/index.php\/2022\/07\/11\/direitos-sociais-dos-pacientes-com-cancer\/#primaryimage\"},\"thumbnailUrl\":\"https:\/\/jornalfatosenoticias.com.br\/wp-content\/uploads\/2022\/07\/direitos-da-pessoa-com-cancer1.jpg\",\"keywords\":[\"c\u00e2ncer\",\"direitos da pessoa com c\u00e2ncer\",\"per\u00edcia m\u00e9dica\",\"sa\u00fade\"],\"articleSection\":[\"Geral\"],\"inLanguage\":\"pt-BR\",\"potentialAction\":[{\"@type\":\"CommentAction\",\"name\":\"Comment\",\"target\":[\"https:\/\/jornalfatosenoticias.com.br\/index.php\/2022\/07\/11\/direitos-sociais-dos-pacientes-com-cancer\/#respond\"]}]},{\"@type\":\"WebPage\",\"@id\":\"https:\/\/jornalfatosenoticias.com.br\/index.php\/2022\/07\/11\/direitos-sociais-dos-pacientes-com-cancer\/\",\"url\":\"https:\/\/jornalfatosenoticias.com.br\/index.php\/2022\/07\/11\/direitos-sociais-dos-pacientes-com-cancer\/\",\"name\":\"Direitos sociais dos pacientes com c\u00e2ncer - Jornal Fatos e Not\u00edcias\",\"isPartOf\":{\"@id\":\"https:\/\/jornalfatosenoticias.com.br\/#website\"},\"primaryImageOfPage\":{\"@id\":\"https:\/\/jornalfatosenoticias.com.br\/index.php\/2022\/07\/11\/direitos-sociais-dos-pacientes-com-cancer\/#primaryimage\"},\"image\":{\"@id\":\"https:\/\/jornalfatosenoticias.com.br\/index.php\/2022\/07\/11\/direitos-sociais-dos-pacientes-com-cancer\/#primaryimage\"},\"thumbnailUrl\":\"https:\/\/jornalfatosenoticias.com.br\/wp-content\/uploads\/2022\/07\/direitos-da-pessoa-com-cancer1.jpg\",\"datePublished\":\"2022-07-11T15:00:08+00:00\",\"dateModified\":\"2022-07-11T15:00:09+00:00\",\"breadcrumb\":{\"@id\":\"https:\/\/jornalfatosenoticias.com.br\/index.php\/2022\/07\/11\/direitos-sociais-dos-pacientes-com-cancer\/#breadcrumb\"},\"inLanguage\":\"pt-BR\",\"potentialAction\":[{\"@type\":\"ReadAction\",\"target\":[\"https:\/\/jornalfatosenoticias.com.br\/index.php\/2022\/07\/11\/direitos-sociais-dos-pacientes-com-cancer\/\"]}]},{\"@type\":\"ImageObject\",\"inLanguage\":\"pt-BR\",\"@id\":\"https:\/\/jornalfatosenoticias.com.br\/index.php\/2022\/07\/11\/direitos-sociais-dos-pacientes-com-cancer\/#primaryimage\",\"url\":\"https:\/\/jornalfatosenoticias.com.br\/wp-content\/uploads\/2022\/07\/direitos-da-pessoa-com-cancer1.jpg\",\"contentUrl\":\"https:\/\/jornalfatosenoticias.com.br\/wp-content\/uploads\/2022\/07\/direitos-da-pessoa-com-cancer1.jpg\",\"width\":1000,\"height\":666,\"caption\":\"Gavel under scale of justice. Flag of Brazil in the background.\"},{\"@type\":\"BreadcrumbList\",\"@id\":\"https:\/\/jornalfatosenoticias.com.br\/index.php\/2022\/07\/11\/direitos-sociais-dos-pacientes-com-cancer\/#breadcrumb\",\"itemListElement\":[{\"@type\":\"ListItem\",\"position\":1,\"name\":\"In\u00edcio\",\"item\":\"https:\/\/jornalfatosenoticias.com.br\/\"},{\"@type\":\"ListItem\",\"position\":2,\"name\":\"Direitos sociais dos pacientes com c\u00e2ncer\"}]},{\"@type\":\"WebSite\",\"@id\":\"https:\/\/jornalfatosenoticias.com.br\/#website\",\"url\":\"https:\/\/jornalfatosenoticias.com.br\/\",\"name\":\"Jornal Fatos e Not\u00edcias\",\"description\":\"Not\u00edcias em geral\",\"publisher\":{\"@id\":\"https:\/\/jornalfatosenoticias.com.br\/#organization\"},\"potentialAction\":[{\"@type\":\"SearchAction\",\"target\":{\"@type\":\"EntryPoint\",\"urlTemplate\":\"https:\/\/jornalfatosenoticias.com.br\/?s={search_term_string}\"},\"query-input\":{\"@type\":\"PropertyValueSpecification\",\"valueRequired\":true,\"valueName\":\"search_term_string\"}}],\"inLanguage\":\"pt-BR\"},{\"@type\":\"Organization\",\"@id\":\"https:\/\/jornalfatosenoticias.com.br\/#organization\",\"name\":\"Jornal Fatos e Not\u00edcias\",\"url\":\"https:\/\/jornalfatosenoticias.com.br\/\",\"logo\":{\"@type\":\"ImageObject\",\"inLanguage\":\"pt-BR\",\"@id\":\"https:\/\/jornalfatosenoticias.com.br\/#\/schema\/logo\/image\/\",\"url\":\"https:\/\/jornalfatosenoticias.com.br\/wp-content\/uploads\/2020\/02\/logo120.png\",\"contentUrl\":\"https:\/\/jornalfatosenoticias.com.br\/wp-content\/uploads\/2020\/02\/logo120.png\",\"width\":1227,\"height\":120,\"caption\":\"Jornal Fatos e Not\u00edcias\"},\"image\":{\"@id\":\"https:\/\/jornalfatosenoticias.com.br\/#\/schema\/logo\/image\/\"}},{\"@type\":\"Person\",\"@id\":\"https:\/\/jornalfatosenoticias.com.br\/#\/schema\/person\/d63837fa13ac8666eb9e74e0985d6f81\",\"name\":\"Luzimara Fernandes\",\"image\":{\"@type\":\"ImageObject\",\"inLanguage\":\"pt-BR\",\"@id\":\"https:\/\/jornalfatosenoticias.com.br\/#\/schema\/person\/image\/\",\"url\":\"https:\/\/jornalfatosenoticias.com.br\/wp-content\/uploads\/2025\/05\/EU_portal.jpg\",\"contentUrl\":\"https:\/\/jornalfatosenoticias.com.br\/wp-content\/uploads\/2025\/05\/EU_portal.jpg\",\"caption\":\"Luzimara Fernandes\"},\"description\":\"Jornalista MTB 2358-ES\",\"sameAs\":[\"https:\/\/jornalfatosenoticias.com.br\"],\"url\":\"https:\/\/jornalfatosenoticias.com.br\/index.php\/author\/luzimara\/\"}]}<\/script>\n<!-- \/ Yoast SEO plugin. -->","yoast_head_json":{"title":"Direitos sociais dos pacientes com c\u00e2ncer - Jornal Fatos e Not\u00edcias","robots":{"index":"index","follow":"follow","max-snippet":"max-snippet:-1","max-image-preview":"max-image-preview:large","max-video-preview":"max-video-preview:-1"},"canonical":"https:\/\/jornalfatosenoticias.com.br\/index.php\/2022\/07\/11\/direitos-sociais-dos-pacientes-com-cancer\/","og_locale":"pt_BR","og_type":"article","og_title":"Direitos sociais dos pacientes com c\u00e2ncer - Jornal Fatos e Not\u00edcias","og_description":"Para ter direito ao benef\u00edcio \u00e9 preciso ser submetido a uma per\u00edcia m\u00e9dica no INSS, \u00e9 necess\u00e1rio levar todos os exames e laudos m\u00e9dicos para comprovar a sua doen\u00e7a Texto:\u00a0Adriana Vasconcellos Pereira A sa\u00fade \u00e9 um direito de todos, est\u00e1 previsto na Constitui\u00e7\u00e3o Federal em seu artigo 196, este diz:Art. 196. A sa\u00fade \u00e9 direito [&hellip;]","og_url":"https:\/\/jornalfatosenoticias.com.br\/index.php\/2022\/07\/11\/direitos-sociais-dos-pacientes-com-cancer\/","og_site_name":"Jornal Fatos e Not\u00edcias","article_published_time":"2022-07-11T15:00:08+00:00","article_modified_time":"2022-07-11T15:00:09+00:00","og_image":[{"width":1000,"height":666,"url":"https:\/\/jornalfatosenoticias.com.br\/wp-content\/uploads\/2022\/07\/direitos-da-pessoa-com-cancer1.jpg","type":"image\/jpeg"}],"author":"Luzimara Fernandes","twitter_card":"summary_large_image","twitter_misc":{"Escrito por":"Luzimara Fernandes","Est. tempo de leitura":"11 minutos"},"schema":{"@context":"https:\/\/schema.org","@graph":[{"@type":"Article","@id":"https:\/\/jornalfatosenoticias.com.br\/index.php\/2022\/07\/11\/direitos-sociais-dos-pacientes-com-cancer\/#article","isPartOf":{"@id":"https:\/\/jornalfatosenoticias.com.br\/index.php\/2022\/07\/11\/direitos-sociais-dos-pacientes-com-cancer\/"},"author":{"name":"Luzimara Fernandes","@id":"https:\/\/jornalfatosenoticias.com.br\/#\/schema\/person\/d63837fa13ac8666eb9e74e0985d6f81"},"headline":"Direitos sociais dos pacientes com c\u00e2ncer","datePublished":"2022-07-11T15:00:08+00:00","dateModified":"2022-07-11T15:00:09+00:00","mainEntityOfPage":{"@id":"https:\/\/jornalfatosenoticias.com.br\/index.php\/2022\/07\/11\/direitos-sociais-dos-pacientes-com-cancer\/"},"wordCount":2144,"commentCount":0,"publisher":{"@id":"https:\/\/jornalfatosenoticias.com.br\/#organization"},"image":{"@id":"https:\/\/jornalfatosenoticias.com.br\/index.php\/2022\/07\/11\/direitos-sociais-dos-pacientes-com-cancer\/#primaryimage"},"thumbnailUrl":"https:\/\/jornalfatosenoticias.com.br\/wp-content\/uploads\/2022\/07\/direitos-da-pessoa-com-cancer1.jpg","keywords":["c\u00e2ncer","direitos da pessoa com c\u00e2ncer","per\u00edcia m\u00e9dica","sa\u00fade"],"articleSection":["Geral"],"inLanguage":"pt-BR","potentialAction":[{"@type":"CommentAction","name":"Comment","target":["https:\/\/jornalfatosenoticias.com.br\/index.php\/2022\/07\/11\/direitos-sociais-dos-pacientes-com-cancer\/#respond"]}]},{"@type":"WebPage","@id":"https:\/\/jornalfatosenoticias.com.br\/index.php\/2022\/07\/11\/direitos-sociais-dos-pacientes-com-cancer\/","url":"https:\/\/jornalfatosenoticias.com.br\/index.php\/2022\/07\/11\/direitos-sociais-dos-pacientes-com-cancer\/","name":"Direitos sociais dos pacientes com c\u00e2ncer - Jornal Fatos e Not\u00edcias","isPartOf":{"@id":"https:\/\/jornalfatosenoticias.com.br\/#website"},"primaryImageOfPage":{"@id":"https:\/\/jornalfatosenoticias.com.br\/index.php\/2022\/07\/11\/direitos-sociais-dos-pacientes-com-cancer\/#primaryimage"},"image":{"@id":"https:\/\/jornalfatosenoticias.com.br\/index.php\/2022\/07\/11\/direitos-sociais-dos-pacientes-com-cancer\/#primaryimage"},"thumbnailUrl":"https:\/\/jornalfatosenoticias.com.br\/wp-content\/uploads\/2022\/07\/direitos-da-pessoa-com-cancer1.jpg","datePublished":"2022-07-11T15:00:08+00:00","dateModified":"2022-07-11T15:00:09+00:00","breadcrumb":{"@id":"https:\/\/jornalfatosenoticias.com.br\/index.php\/2022\/07\/11\/direitos-sociais-dos-pacientes-com-cancer\/#breadcrumb"},"inLanguage":"pt-BR","potentialAction":[{"@type":"ReadAction","target":["https:\/\/jornalfatosenoticias.com.br\/index.php\/2022\/07\/11\/direitos-sociais-dos-pacientes-com-cancer\/"]}]},{"@type":"ImageObject","inLanguage":"pt-BR","@id":"https:\/\/jornalfatosenoticias.com.br\/index.php\/2022\/07\/11\/direitos-sociais-dos-pacientes-com-cancer\/#primaryimage","url":"https:\/\/jornalfatosenoticias.com.br\/wp-content\/uploads\/2022\/07\/direitos-da-pessoa-com-cancer1.jpg","contentUrl":"https:\/\/jornalfatosenoticias.com.br\/wp-content\/uploads\/2022\/07\/direitos-da-pessoa-com-cancer1.jpg","width":1000,"height":666,"caption":"Gavel under scale of justice. Flag of Brazil in the background."},{"@type":"BreadcrumbList","@id":"https:\/\/jornalfatosenoticias.com.br\/index.php\/2022\/07\/11\/direitos-sociais-dos-pacientes-com-cancer\/#breadcrumb","itemListElement":[{"@type":"ListItem","position":1,"name":"In\u00edcio","item":"https:\/\/jornalfatosenoticias.com.br\/"},{"@type":"ListItem","position":2,"name":"Direitos sociais dos pacientes com c\u00e2ncer"}]},{"@type":"WebSite","@id":"https:\/\/jornalfatosenoticias.com.br\/#website","url":"https:\/\/jornalfatosenoticias.com.br\/","name":"Jornal Fatos e Not\u00edcias","description":"Not\u00edcias em geral","publisher":{"@id":"https:\/\/jornalfatosenoticias.com.br\/#organization"},"potentialAction":[{"@type":"SearchAction","target":{"@type":"EntryPoint","urlTemplate":"https:\/\/jornalfatosenoticias.com.br\/?s={search_term_string}"},"query-input":{"@type":"PropertyValueSpecification","valueRequired":true,"valueName":"search_term_string"}}],"inLanguage":"pt-BR"},{"@type":"Organization","@id":"https:\/\/jornalfatosenoticias.com.br\/#organization","name":"Jornal Fatos e Not\u00edcias","url":"https:\/\/jornalfatosenoticias.com.br\/","logo":{"@type":"ImageObject","inLanguage":"pt-BR","@id":"https:\/\/jornalfatosenoticias.com.br\/#\/schema\/logo\/image\/","url":"https:\/\/jornalfatosenoticias.com.br\/wp-content\/uploads\/2020\/02\/logo120.png","contentUrl":"https:\/\/jornalfatosenoticias.com.br\/wp-content\/uploads\/2020\/02\/logo120.png","width":1227,"height":120,"caption":"Jornal Fatos e Not\u00edcias"},"image":{"@id":"https:\/\/jornalfatosenoticias.com.br\/#\/schema\/logo\/image\/"}},{"@type":"Person","@id":"https:\/\/jornalfatosenoticias.com.br\/#\/schema\/person\/d63837fa13ac8666eb9e74e0985d6f81","name":"Luzimara Fernandes","image":{"@type":"ImageObject","inLanguage":"pt-BR","@id":"https:\/\/jornalfatosenoticias.com.br\/#\/schema\/person\/image\/","url":"https:\/\/jornalfatosenoticias.com.br\/wp-content\/uploads\/2025\/05\/EU_portal.jpg","contentUrl":"https:\/\/jornalfatosenoticias.com.br\/wp-content\/uploads\/2025\/05\/EU_portal.jpg","caption":"Luzimara Fernandes"},"description":"Jornalista MTB 2358-ES","sameAs":["https:\/\/jornalfatosenoticias.com.br"],"url":"https:\/\/jornalfatosenoticias.com.br\/index.php\/author\/luzimara\/"}]}},"cc_featured_image_caption":{"caption_text":"","source_text":"","source_url":""},"jetpack_featured_media_url":"https:\/\/jornalfatosenoticias.com.br\/wp-content\/uploads\/2022\/07\/direitos-da-pessoa-com-cancer1.jpg","_links":{"self":[{"href":"https:\/\/jornalfatosenoticias.com.br\/index.php\/wp-json\/wp\/v2\/posts\/32195","targetHints":{"allow":["GET"]}}],"collection":[{"href":"https:\/\/jornalfatosenoticias.com.br\/index.php\/wp-json\/wp\/v2\/posts"}],"about":[{"href":"https:\/\/jornalfatosenoticias.com.br\/index.php\/wp-json\/wp\/v2\/types\/post"}],"author":[{"embeddable":true,"href":"https:\/\/jornalfatosenoticias.com.br\/index.php\/wp-json\/wp\/v2\/users\/2"}],"replies":[{"embeddable":true,"href":"https:\/\/jornalfatosenoticias.com.br\/index.php\/wp-json\/wp\/v2\/comments?post=32195"}],"version-history":[{"count":0,"href":"https:\/\/jornalfatosenoticias.com.br\/index.php\/wp-json\/wp\/v2\/posts\/32195\/revisions"}],"wp:featuredmedia":[{"embeddable":true,"href":"https:\/\/jornalfatosenoticias.com.br\/index.php\/wp-json\/wp\/v2\/media\/32197"}],"wp:attachment":[{"href":"https:\/\/jornalfatosenoticias.com.br\/index.php\/wp-json\/wp\/v2\/media?parent=32195"}],"wp:term":[{"taxonomy":"category","embeddable":true,"href":"https:\/\/jornalfatosenoticias.com.br\/index.php\/wp-json\/wp\/v2\/categories?post=32195"},{"taxonomy":"post_tag","embeddable":true,"href":"https:\/\/jornalfatosenoticias.com.br\/index.php\/wp-json\/wp\/v2\/tags?post=32195"}],"curies":[{"name":"wp","href":"https:\/\/api.w.org\/{rel}","templated":true}]}}