{"id":32203,"date":"2022-07-11T12:14:13","date_gmt":"2022-07-11T15:14:13","guid":{"rendered":"https:\/\/jornalfatosenoticias.com.br\/?p=32203"},"modified":"2022-07-11T12:15:06","modified_gmt":"2022-07-11T15:15:06","slug":"ippon-relampago-da-bronze-a-mayra-aguiar-no-grand-slam-de-budapeste","status":"publish","type":"post","link":"https:\/\/jornalfatosenoticias.com.br\/index.php\/2022\/07\/11\/ippon-relampago-da-bronze-a-mayra-aguiar-no-grand-slam-de-budapeste\/","title":{"rendered":"Ippon rel\u00e2mpago d\u00e1 bronze a Mayra Aguiar no Grand Slam de Budapeste"},"content":{"rendered":"\n<p><em><span class=\"has-inline-color has-black-color\">Brasil encerra 1\u00ba torneio que valeu pontos para 2024 com tr\u00eas p\u00f3dios<\/span><\/em><\/p>\n\n\n\n<div class=\"wp-block-image\"><figure class=\"aligncenter size-large is-resized\"><img loading=\"lazy\" decoding=\"async\" src=\"https:\/\/jornalfatosenoticias.com.br\/wp-content\/uploads\/2022\/05\/NOVA-LOGO-CESCONETTO-1024x100.jpg\" alt=\"\" class=\"wp-image-30792\" width=\"520\" height=\"50\" srcset=\"https:\/\/jornalfatosenoticias.com.br\/wp-content\/uploads\/2022\/05\/NOVA-LOGO-CESCONETTO-1024x100.jpg 1024w, https:\/\/jornalfatosenoticias.com.br\/wp-content\/uploads\/2022\/05\/NOVA-LOGO-CESCONETTO-300x29.jpg 300w, https:\/\/jornalfatosenoticias.com.br\/wp-content\/uploads\/2022\/05\/NOVA-LOGO-CESCONETTO-768x75.jpg 768w, https:\/\/jornalfatosenoticias.com.br\/wp-content\/uploads\/2022\/05\/NOVA-LOGO-CESCONETTO.jpg 1280w\" sizes=\"auto, (max-width: 520px) 100vw, 520px\" \/><\/figure><\/div>\n\n\n\n<p>A ga\u00facha Mayra Aguiar conquistou, neste domingo (10), a medalha de bronze no Grand Slam de Budapeste (Hungria). Bicampe\u00e3 mundial e tr\u00eas vezes medalhista ol\u00edmpica (tamb\u00e9m de bronze), a brasileira assegurou um lugar no p\u00f3dio da categoria at\u00e9 78 quilos ao derrotar a brit\u00e2nica Emma Reid por ippon (golpe perfeito), projetando-a de costas no solo em pouco mais de 30 segundos de luta.<br>Mayra competiu tr\u00eas vezes em Budapeste. A ga\u00facha entrou direto nas quartas de final e estreou derrotando a venezuelana Karen Leon. Na semifinal, a brasileira foi superada pela italiana Alice Bellandi (que conquistou o ouro), por acumular tr\u00eas shidos (puni\u00e7\u00f5es).<\/p>\n\n\n\n<div class=\"wp-block-image\"><figure class=\"aligncenter size-large is-resized\"><img loading=\"lazy\" decoding=\"async\" src=\"https:\/\/jornalfatosenoticias.com.br\/wp-content\/uploads\/2022\/07\/Assinatura-Marketing-1024x300.png\" alt=\"\" class=\"wp-image-31962\" width=\"375\" height=\"109\" srcset=\"https:\/\/jornalfatosenoticias.com.br\/wp-content\/uploads\/2022\/07\/Assinatura-Marketing-1024x300.png 1024w, https:\/\/jornalfatosenoticias.com.br\/wp-content\/uploads\/2022\/07\/Assinatura-Marketing-300x88.png 300w, https:\/\/jornalfatosenoticias.com.br\/wp-content\/uploads\/2022\/07\/Assinatura-Marketing-768x225.png 768w, https:\/\/jornalfatosenoticias.com.br\/wp-content\/uploads\/2022\/07\/Assinatura-Marketing-1536x451.png 1536w, https:\/\/jornalfatosenoticias.com.br\/wp-content\/uploads\/2022\/07\/Assinatura-Marketing-2048x601.png 2048w\" sizes=\"auto, (max-width: 375px) 100vw, 375px\" \/><\/figure><\/div>\n\n\n\n<p>A campanha na Hungria render\u00e1 500 pontos a Mayra no ranking mundial. Oitava colocada da categoria, ela deve subir para sexto na pr\u00f3xima atualiza\u00e7\u00e3o da lista da Federa\u00e7\u00e3o Internacional de Jud\u00f4 (IJF, sigla em ingl\u00eas), ultrapassando as alem\u00e3s Alina Boehm e Luise Malzahn.<br>Foi a terceira medalha do Brasil no Grand Slam h\u00fangaro, que marcou o in\u00edcio da contagem de pontos no ranking ol\u00edmpico, que definir\u00e1 a classifica\u00e7\u00e3o para os Jogos de Paris (Fran\u00e7a), em 2024. Na sexta-feira (8), a carioca Rafaela Silva, campe\u00e3 ol\u00edmpica na Rio 2016, foi bronze na categoria at\u00e9 57 quilos. No s\u00e1bado (9), o brasiliense Guilherme Schmdit conquistou o ouro na categoria at\u00e9 81 quilos.<\/p>\n\n\n\n<div class=\"wp-block-image\"><figure class=\"aligncenter size-large is-resized\"><img loading=\"lazy\" decoding=\"async\" src=\"https:\/\/jornalfatosenoticias.com.br\/wp-content\/uploads\/2022\/07\/Logo-Grupo-SEI.jpg\" alt=\"\" class=\"wp-image-31973\" width=\"394\" height=\"207\" srcset=\"https:\/\/jornalfatosenoticias.com.br\/wp-content\/uploads\/2022\/07\/Logo-Grupo-SEI.jpg 713w, https:\/\/jornalfatosenoticias.com.br\/wp-content\/uploads\/2022\/07\/Logo-Grupo-SEI-300x158.jpg 300w\" sizes=\"auto, (max-width: 394px) 100vw, 394px\" \/><\/figure><\/div>\n\n\n\n<p>O pr\u00f3ximo compromisso do jud\u00f4 brasileiro ser\u00e1 o Grand Prix de Zagreb (Cro\u00e1cia), entre sexta-feira (15) e domingo que vem (17). O Brasil competir\u00e1 com 25 judocas, entre eles, os tr\u00eas medalhistas de Budapeste. O campe\u00e3o de cada categoria receber\u00e1 700 pontos no ranking mundial.<\/p>\n\n\n\n<p><strong><em>Fonte: <a href=\"https:\/\/agenciabrasil.ebc.com.br\/esportes\/noticia\/2022-07\/ippon-relampago-da-bronze-mayra-aguiar-no-grand-slam-de-budapeste\">Ag\u00eancia Brasil<\/a><\/em><\/strong><\/p>\n","protected":false},"excerpt":{"rendered":"<p>Brasil encerra 1\u00ba torneio que valeu pontos para 2024 com tr\u00eas p\u00f3dios A ga\u00facha Mayra Aguiar conquistou, neste domingo (10), a medalha de bronze no Grand Slam de Budapeste (Hungria). Bicampe\u00e3 mundial e tr\u00eas vezes medalhista ol\u00edmpica (tamb\u00e9m de bronze), a brasileira assegurou um lugar no p\u00f3dio da categoria at\u00e9 78 quilos ao derrotar a [&hellip;]<\/p>\n","protected":false},"author":2,"featured_media":32204,"comment_status":"open","ping_status":"open","sticky":false,"template":"","format":"standard","meta":{"footnotes":""},"categories":[12],"tags":[13297,43,15224,5550],"class_list":["post-32203","post","type-post","status-publish","format-standard","has-post-thumbnail","hentry","category-esportes","tag-budapeste","tag-esportes","tag-grand-slam-de-budapeste","tag-judo"],"yoast_head":"<!-- This site is optimized with the Yoast SEO plugin v26.5 - https:\/\/yoast.com\/wordpress\/plugins\/seo\/ -->\n<title>Ippon rel\u00e2mpago d\u00e1 bronze a Mayra Aguiar no Grand Slam de Budapeste - Jornal Fatos e Not\u00edcias<\/title>\n<meta name=\"robots\" content=\"index, follow, max-snippet:-1, max-image-preview:large, max-video-preview:-1\" \/>\n<link rel=\"canonical\" href=\"https:\/\/jornalfatosenoticias.com.br\/index.php\/2022\/07\/11\/ippon-relampago-da-bronze-a-mayra-aguiar-no-grand-slam-de-budapeste\/\" \/>\n<meta property=\"og:locale\" content=\"pt_BR\" \/>\n<meta property=\"og:type\" content=\"article\" \/>\n<meta property=\"og:title\" content=\"Ippon rel\u00e2mpago d\u00e1 bronze a Mayra Aguiar no Grand Slam de Budapeste - Jornal Fatos e Not\u00edcias\" \/>\n<meta property=\"og:description\" content=\"Brasil encerra 1\u00ba torneio que valeu pontos para 2024 com tr\u00eas p\u00f3dios A ga\u00facha Mayra Aguiar conquistou, neste domingo (10), a medalha de bronze no Grand Slam de Budapeste (Hungria). Bicampe\u00e3 mundial e tr\u00eas vezes medalhista ol\u00edmpica (tamb\u00e9m de bronze), a brasileira assegurou um lugar no p\u00f3dio da categoria at\u00e9 78 quilos ao derrotar a [&hellip;]\" \/>\n<meta property=\"og:url\" content=\"https:\/\/jornalfatosenoticias.com.br\/index.php\/2022\/07\/11\/ippon-relampago-da-bronze-a-mayra-aguiar-no-grand-slam-de-budapeste\/\" \/>\n<meta property=\"og:site_name\" content=\"Jornal Fatos e Not\u00edcias\" \/>\n<meta property=\"article:published_time\" content=\"2022-07-11T15:14:13+00:00\" \/>\n<meta property=\"article:modified_time\" content=\"2022-07-11T15:15:06+00:00\" \/>\n<meta property=\"og:image\" content=\"https:\/\/jornalfatosenoticias.com.br\/wp-content\/uploads\/2022\/07\/judo.jpg\" \/>\n\t<meta property=\"og:image:width\" content=\"1000\" \/>\n\t<meta property=\"og:image:height\" content=\"598\" \/>\n\t<meta property=\"og:image:type\" content=\"image\/jpeg\" \/>\n<meta name=\"author\" content=\"Luzimara Fernandes\" \/>\n<meta name=\"twitter:card\" content=\"summary_large_image\" \/>\n<meta name=\"twitter:label1\" content=\"Escrito por\" \/>\n\t<meta name=\"twitter:data1\" content=\"Luzimara Fernandes\" \/>\n\t<meta name=\"twitter:label2\" content=\"Est. tempo de leitura\" \/>\n\t<meta name=\"twitter:data2\" content=\"1 minuto\" \/>\n<script type=\"application\/ld+json\" class=\"yoast-schema-graph\">{\"@context\":\"https:\/\/schema.org\",\"@graph\":[{\"@type\":\"Article\",\"@id\":\"https:\/\/jornalfatosenoticias.com.br\/index.php\/2022\/07\/11\/ippon-relampago-da-bronze-a-mayra-aguiar-no-grand-slam-de-budapeste\/#article\",\"isPartOf\":{\"@id\":\"https:\/\/jornalfatosenoticias.com.br\/index.php\/2022\/07\/11\/ippon-relampago-da-bronze-a-mayra-aguiar-no-grand-slam-de-budapeste\/\"},\"author\":{\"name\":\"Luzimara Fernandes\",\"@id\":\"https:\/\/jornalfatosenoticias.com.br\/#\/schema\/person\/d63837fa13ac8666eb9e74e0985d6f81\"},\"headline\":\"Ippon rel\u00e2mpago d\u00e1 bronze a Mayra Aguiar no Grand Slam de Budapeste\",\"datePublished\":\"2022-07-11T15:14:13+00:00\",\"dateModified\":\"2022-07-11T15:15:06+00:00\",\"mainEntityOfPage\":{\"@id\":\"https:\/\/jornalfatosenoticias.com.br\/index.php\/2022\/07\/11\/ippon-relampago-da-bronze-a-mayra-aguiar-no-grand-slam-de-budapeste\/\"},\"wordCount\":299,\"commentCount\":0,\"publisher\":{\"@id\":\"https:\/\/jornalfatosenoticias.com.br\/#organization\"},\"image\":{\"@id\":\"https:\/\/jornalfatosenoticias.com.br\/index.php\/2022\/07\/11\/ippon-relampago-da-bronze-a-mayra-aguiar-no-grand-slam-de-budapeste\/#primaryimage\"},\"thumbnailUrl\":\"https:\/\/jornalfatosenoticias.com.br\/wp-content\/uploads\/2022\/07\/judo.jpg\",\"keywords\":[\"Budapeste\",\"esportes\",\"Grand Slam de Budapeste\",\"Jud\u00f4\"],\"articleSection\":[\"Esportes\"],\"inLanguage\":\"pt-BR\",\"potentialAction\":[{\"@type\":\"CommentAction\",\"name\":\"Comment\",\"target\":[\"https:\/\/jornalfatosenoticias.com.br\/index.php\/2022\/07\/11\/ippon-relampago-da-bronze-a-mayra-aguiar-no-grand-slam-de-budapeste\/#respond\"]}]},{\"@type\":\"WebPage\",\"@id\":\"https:\/\/jornalfatosenoticias.com.br\/index.php\/2022\/07\/11\/ippon-relampago-da-bronze-a-mayra-aguiar-no-grand-slam-de-budapeste\/\",\"url\":\"https:\/\/jornalfatosenoticias.com.br\/index.php\/2022\/07\/11\/ippon-relampago-da-bronze-a-mayra-aguiar-no-grand-slam-de-budapeste\/\",\"name\":\"Ippon rel\u00e2mpago d\u00e1 bronze a Mayra Aguiar no Grand Slam de Budapeste - Jornal Fatos e Not\u00edcias\",\"isPartOf\":{\"@id\":\"https:\/\/jornalfatosenoticias.com.br\/#website\"},\"primaryImageOfPage\":{\"@id\":\"https:\/\/jornalfatosenoticias.com.br\/index.php\/2022\/07\/11\/ippon-relampago-da-bronze-a-mayra-aguiar-no-grand-slam-de-budapeste\/#primaryimage\"},\"image\":{\"@id\":\"https:\/\/jornalfatosenoticias.com.br\/index.php\/2022\/07\/11\/ippon-relampago-da-bronze-a-mayra-aguiar-no-grand-slam-de-budapeste\/#primaryimage\"},\"thumbnailUrl\":\"https:\/\/jornalfatosenoticias.com.br\/wp-content\/uploads\/2022\/07\/judo.jpg\",\"datePublished\":\"2022-07-11T15:14:13+00:00\",\"dateModified\":\"2022-07-11T15:15:06+00:00\",\"breadcrumb\":{\"@id\":\"https:\/\/jornalfatosenoticias.com.br\/index.php\/2022\/07\/11\/ippon-relampago-da-bronze-a-mayra-aguiar-no-grand-slam-de-budapeste\/#breadcrumb\"},\"inLanguage\":\"pt-BR\",\"potentialAction\":[{\"@type\":\"ReadAction\",\"target\":[\"https:\/\/jornalfatosenoticias.com.br\/index.php\/2022\/07\/11\/ippon-relampago-da-bronze-a-mayra-aguiar-no-grand-slam-de-budapeste\/\"]}]},{\"@type\":\"ImageObject\",\"inLanguage\":\"pt-BR\",\"@id\":\"https:\/\/jornalfatosenoticias.com.br\/index.php\/2022\/07\/11\/ippon-relampago-da-bronze-a-mayra-aguiar-no-grand-slam-de-budapeste\/#primaryimage\",\"url\":\"https:\/\/jornalfatosenoticias.com.br\/wp-content\/uploads\/2022\/07\/judo.jpg\",\"contentUrl\":\"https:\/\/jornalfatosenoticias.com.br\/wp-content\/uploads\/2022\/07\/judo.jpg\",\"width\":1000,\"height\":598},{\"@type\":\"BreadcrumbList\",\"@id\":\"https:\/\/jornalfatosenoticias.com.br\/index.php\/2022\/07\/11\/ippon-relampago-da-bronze-a-mayra-aguiar-no-grand-slam-de-budapeste\/#breadcrumb\",\"itemListElement\":[{\"@type\":\"ListItem\",\"position\":1,\"name\":\"In\u00edcio\",\"item\":\"https:\/\/jornalfatosenoticias.com.br\/\"},{\"@type\":\"ListItem\",\"position\":2,\"name\":\"Ippon rel\u00e2mpago d\u00e1 bronze a Mayra Aguiar no Grand Slam de Budapeste\"}]},{\"@type\":\"WebSite\",\"@id\":\"https:\/\/jornalfatosenoticias.com.br\/#website\",\"url\":\"https:\/\/jornalfatosenoticias.com.br\/\",\"name\":\"Jornal Fatos e Not\u00edcias\",\"description\":\"Not\u00edcias em geral\",\"publisher\":{\"@id\":\"https:\/\/jornalfatosenoticias.com.br\/#organization\"},\"potentialAction\":[{\"@type\":\"SearchAction\",\"target\":{\"@type\":\"EntryPoint\",\"urlTemplate\":\"https:\/\/jornalfatosenoticias.com.br\/?s={search_term_string}\"},\"query-input\":{\"@type\":\"PropertyValueSpecification\",\"valueRequired\":true,\"valueName\":\"search_term_string\"}}],\"inLanguage\":\"pt-BR\"},{\"@type\":\"Organization\",\"@id\":\"https:\/\/jornalfatosenoticias.com.br\/#organization\",\"name\":\"Jornal Fatos e Not\u00edcias\",\"url\":\"https:\/\/jornalfatosenoticias.com.br\/\",\"logo\":{\"@type\":\"ImageObject\",\"inLanguage\":\"pt-BR\",\"@id\":\"https:\/\/jornalfatosenoticias.com.br\/#\/schema\/logo\/image\/\",\"url\":\"https:\/\/jornalfatosenoticias.com.br\/wp-content\/uploads\/2020\/02\/logo120.png\",\"contentUrl\":\"https:\/\/jornalfatosenoticias.com.br\/wp-content\/uploads\/2020\/02\/logo120.png\",\"width\":1227,\"height\":120,\"caption\":\"Jornal Fatos e Not\u00edcias\"},\"image\":{\"@id\":\"https:\/\/jornalfatosenoticias.com.br\/#\/schema\/logo\/image\/\"}},{\"@type\":\"Person\",\"@id\":\"https:\/\/jornalfatosenoticias.com.br\/#\/schema\/person\/d63837fa13ac8666eb9e74e0985d6f81\",\"name\":\"Luzimara Fernandes\",\"image\":{\"@type\":\"ImageObject\",\"inLanguage\":\"pt-BR\",\"@id\":\"https:\/\/jornalfatosenoticias.com.br\/#\/schema\/person\/image\/\",\"url\":\"https:\/\/jornalfatosenoticias.com.br\/wp-content\/uploads\/2025\/05\/EU_portal.jpg\",\"contentUrl\":\"https:\/\/jornalfatosenoticias.com.br\/wp-content\/uploads\/2025\/05\/EU_portal.jpg\",\"caption\":\"Luzimara Fernandes\"},\"description\":\"Jornalista MTB 2358-ES\",\"sameAs\":[\"https:\/\/jornalfatosenoticias.com.br\"],\"url\":\"https:\/\/jornalfatosenoticias.com.br\/index.php\/author\/luzimara\/\"}]}<\/script>\n<!-- \/ Yoast SEO plugin. -->","yoast_head_json":{"title":"Ippon rel\u00e2mpago d\u00e1 bronze a Mayra Aguiar no Grand Slam de Budapeste - Jornal Fatos e Not\u00edcias","robots":{"index":"index","follow":"follow","max-snippet":"max-snippet:-1","max-image-preview":"max-image-preview:large","max-video-preview":"max-video-preview:-1"},"canonical":"https:\/\/jornalfatosenoticias.com.br\/index.php\/2022\/07\/11\/ippon-relampago-da-bronze-a-mayra-aguiar-no-grand-slam-de-budapeste\/","og_locale":"pt_BR","og_type":"article","og_title":"Ippon rel\u00e2mpago d\u00e1 bronze a Mayra Aguiar no Grand Slam de Budapeste - Jornal Fatos e Not\u00edcias","og_description":"Brasil encerra 1\u00ba torneio que valeu pontos para 2024 com tr\u00eas p\u00f3dios A ga\u00facha Mayra Aguiar conquistou, neste domingo (10), a medalha de bronze no Grand Slam de Budapeste (Hungria). Bicampe\u00e3 mundial e tr\u00eas vezes medalhista ol\u00edmpica (tamb\u00e9m de bronze), a brasileira assegurou um lugar no p\u00f3dio da categoria at\u00e9 78 quilos ao derrotar a [&hellip;]","og_url":"https:\/\/jornalfatosenoticias.com.br\/index.php\/2022\/07\/11\/ippon-relampago-da-bronze-a-mayra-aguiar-no-grand-slam-de-budapeste\/","og_site_name":"Jornal Fatos e Not\u00edcias","article_published_time":"2022-07-11T15:14:13+00:00","article_modified_time":"2022-07-11T15:15:06+00:00","og_image":[{"width":1000,"height":598,"url":"https:\/\/jornalfatosenoticias.com.br\/wp-content\/uploads\/2022\/07\/judo.jpg","type":"image\/jpeg"}],"author":"Luzimara Fernandes","twitter_card":"summary_large_image","twitter_misc":{"Escrito por":"Luzimara Fernandes","Est. tempo de leitura":"1 minuto"},"schema":{"@context":"https:\/\/schema.org","@graph":[{"@type":"Article","@id":"https:\/\/jornalfatosenoticias.com.br\/index.php\/2022\/07\/11\/ippon-relampago-da-bronze-a-mayra-aguiar-no-grand-slam-de-budapeste\/#article","isPartOf":{"@id":"https:\/\/jornalfatosenoticias.com.br\/index.php\/2022\/07\/11\/ippon-relampago-da-bronze-a-mayra-aguiar-no-grand-slam-de-budapeste\/"},"author":{"name":"Luzimara Fernandes","@id":"https:\/\/jornalfatosenoticias.com.br\/#\/schema\/person\/d63837fa13ac8666eb9e74e0985d6f81"},"headline":"Ippon rel\u00e2mpago d\u00e1 bronze a Mayra Aguiar no Grand Slam de Budapeste","datePublished":"2022-07-11T15:14:13+00:00","dateModified":"2022-07-11T15:15:06+00:00","mainEntityOfPage":{"@id":"https:\/\/jornalfatosenoticias.com.br\/index.php\/2022\/07\/11\/ippon-relampago-da-bronze-a-mayra-aguiar-no-grand-slam-de-budapeste\/"},"wordCount":299,"commentCount":0,"publisher":{"@id":"https:\/\/jornalfatosenoticias.com.br\/#organization"},"image":{"@id":"https:\/\/jornalfatosenoticias.com.br\/index.php\/2022\/07\/11\/ippon-relampago-da-bronze-a-mayra-aguiar-no-grand-slam-de-budapeste\/#primaryimage"},"thumbnailUrl":"https:\/\/jornalfatosenoticias.com.br\/wp-content\/uploads\/2022\/07\/judo.jpg","keywords":["Budapeste","esportes","Grand Slam de Budapeste","Jud\u00f4"],"articleSection":["Esportes"],"inLanguage":"pt-BR","potentialAction":[{"@type":"CommentAction","name":"Comment","target":["https:\/\/jornalfatosenoticias.com.br\/index.php\/2022\/07\/11\/ippon-relampago-da-bronze-a-mayra-aguiar-no-grand-slam-de-budapeste\/#respond"]}]},{"@type":"WebPage","@id":"https:\/\/jornalfatosenoticias.com.br\/index.php\/2022\/07\/11\/ippon-relampago-da-bronze-a-mayra-aguiar-no-grand-slam-de-budapeste\/","url":"https:\/\/jornalfatosenoticias.com.br\/index.php\/2022\/07\/11\/ippon-relampago-da-bronze-a-mayra-aguiar-no-grand-slam-de-budapeste\/","name":"Ippon rel\u00e2mpago d\u00e1 bronze a Mayra Aguiar no Grand Slam de Budapeste - Jornal Fatos e Not\u00edcias","isPartOf":{"@id":"https:\/\/jornalfatosenoticias.com.br\/#website"},"primaryImageOfPage":{"@id":"https:\/\/jornalfatosenoticias.com.br\/index.php\/2022\/07\/11\/ippon-relampago-da-bronze-a-mayra-aguiar-no-grand-slam-de-budapeste\/#primaryimage"},"image":{"@id":"https:\/\/jornalfatosenoticias.com.br\/index.php\/2022\/07\/11\/ippon-relampago-da-bronze-a-mayra-aguiar-no-grand-slam-de-budapeste\/#primaryimage"},"thumbnailUrl":"https:\/\/jornalfatosenoticias.com.br\/wp-content\/uploads\/2022\/07\/judo.jpg","datePublished":"2022-07-11T15:14:13+00:00","dateModified":"2022-07-11T15:15:06+00:00","breadcrumb":{"@id":"https:\/\/jornalfatosenoticias.com.br\/index.php\/2022\/07\/11\/ippon-relampago-da-bronze-a-mayra-aguiar-no-grand-slam-de-budapeste\/#breadcrumb"},"inLanguage":"pt-BR","potentialAction":[{"@type":"ReadAction","target":["https:\/\/jornalfatosenoticias.com.br\/index.php\/2022\/07\/11\/ippon-relampago-da-bronze-a-mayra-aguiar-no-grand-slam-de-budapeste\/"]}]},{"@type":"ImageObject","inLanguage":"pt-BR","@id":"https:\/\/jornalfatosenoticias.com.br\/index.php\/2022\/07\/11\/ippon-relampago-da-bronze-a-mayra-aguiar-no-grand-slam-de-budapeste\/#primaryimage","url":"https:\/\/jornalfatosenoticias.com.br\/wp-content\/uploads\/2022\/07\/judo.jpg","contentUrl":"https:\/\/jornalfatosenoticias.com.br\/wp-content\/uploads\/2022\/07\/judo.jpg","width":1000,"height":598},{"@type":"BreadcrumbList","@id":"https:\/\/jornalfatosenoticias.com.br\/index.php\/2022\/07\/11\/ippon-relampago-da-bronze-a-mayra-aguiar-no-grand-slam-de-budapeste\/#breadcrumb","itemListElement":[{"@type":"ListItem","position":1,"name":"In\u00edcio","item":"https:\/\/jornalfatosenoticias.com.br\/"},{"@type":"ListItem","position":2,"name":"Ippon rel\u00e2mpago d\u00e1 bronze a Mayra Aguiar no Grand Slam de Budapeste"}]},{"@type":"WebSite","@id":"https:\/\/jornalfatosenoticias.com.br\/#website","url":"https:\/\/jornalfatosenoticias.com.br\/","name":"Jornal Fatos e Not\u00edcias","description":"Not\u00edcias em geral","publisher":{"@id":"https:\/\/jornalfatosenoticias.com.br\/#organization"},"potentialAction":[{"@type":"SearchAction","target":{"@type":"EntryPoint","urlTemplate":"https:\/\/jornalfatosenoticias.com.br\/?s={search_term_string}"},"query-input":{"@type":"PropertyValueSpecification","valueRequired":true,"valueName":"search_term_string"}}],"inLanguage":"pt-BR"},{"@type":"Organization","@id":"https:\/\/jornalfatosenoticias.com.br\/#organization","name":"Jornal Fatos e Not\u00edcias","url":"https:\/\/jornalfatosenoticias.com.br\/","logo":{"@type":"ImageObject","inLanguage":"pt-BR","@id":"https:\/\/jornalfatosenoticias.com.br\/#\/schema\/logo\/image\/","url":"https:\/\/jornalfatosenoticias.com.br\/wp-content\/uploads\/2020\/02\/logo120.png","contentUrl":"https:\/\/jornalfatosenoticias.com.br\/wp-content\/uploads\/2020\/02\/logo120.png","width":1227,"height":120,"caption":"Jornal Fatos e Not\u00edcias"},"image":{"@id":"https:\/\/jornalfatosenoticias.com.br\/#\/schema\/logo\/image\/"}},{"@type":"Person","@id":"https:\/\/jornalfatosenoticias.com.br\/#\/schema\/person\/d63837fa13ac8666eb9e74e0985d6f81","name":"Luzimara Fernandes","image":{"@type":"ImageObject","inLanguage":"pt-BR","@id":"https:\/\/jornalfatosenoticias.com.br\/#\/schema\/person\/image\/","url":"https:\/\/jornalfatosenoticias.com.br\/wp-content\/uploads\/2025\/05\/EU_portal.jpg","contentUrl":"https:\/\/jornalfatosenoticias.com.br\/wp-content\/uploads\/2025\/05\/EU_portal.jpg","caption":"Luzimara Fernandes"},"description":"Jornalista MTB 2358-ES","sameAs":["https:\/\/jornalfatosenoticias.com.br"],"url":"https:\/\/jornalfatosenoticias.com.br\/index.php\/author\/luzimara\/"}]}},"cc_featured_image_caption":{"caption_text":"(Foto: Tamara Kulumbegashvili\/IJF\/Divulga\u00e7\u00e3o) ","source_text":"","source_url":""},"jetpack_featured_media_url":"https:\/\/jornalfatosenoticias.com.br\/wp-content\/uploads\/2022\/07\/judo.jpg","_links":{"self":[{"href":"https:\/\/jornalfatosenoticias.com.br\/index.php\/wp-json\/wp\/v2\/posts\/32203","targetHints":{"allow":["GET"]}}],"collection":[{"href":"https:\/\/jornalfatosenoticias.com.br\/index.php\/wp-json\/wp\/v2\/posts"}],"about":[{"href":"https:\/\/jornalfatosenoticias.com.br\/index.php\/wp-json\/wp\/v2\/types\/post"}],"author":[{"embeddable":true,"href":"https:\/\/jornalfatosenoticias.com.br\/index.php\/wp-json\/wp\/v2\/users\/2"}],"replies":[{"embeddable":true,"href":"https:\/\/jornalfatosenoticias.com.br\/index.php\/wp-json\/wp\/v2\/comments?post=32203"}],"version-history":[{"count":0,"href":"https:\/\/jornalfatosenoticias.com.br\/index.php\/wp-json\/wp\/v2\/posts\/32203\/revisions"}],"wp:featuredmedia":[{"embeddable":true,"href":"https:\/\/jornalfatosenoticias.com.br\/index.php\/wp-json\/wp\/v2\/media\/32204"}],"wp:attachment":[{"href":"https:\/\/jornalfatosenoticias.com.br\/index.php\/wp-json\/wp\/v2\/media?parent=32203"}],"wp:term":[{"taxonomy":"category","embeddable":true,"href":"https:\/\/jornalfatosenoticias.com.br\/index.php\/wp-json\/wp\/v2\/categories?post=32203"},{"taxonomy":"post_tag","embeddable":true,"href":"https:\/\/jornalfatosenoticias.com.br\/index.php\/wp-json\/wp\/v2\/tags?post=32203"}],"curies":[{"name":"wp","href":"https:\/\/api.w.org\/{rel}","templated":true}]}}