{"id":32210,"date":"2022-07-11T12:41:41","date_gmt":"2022-07-11T15:41:41","guid":{"rendered":"https:\/\/jornalfatosenoticias.com.br\/?p=32210"},"modified":"2022-07-11T12:41:43","modified_gmt":"2022-07-11T15:41:43","slug":"surge-uma-nova-e-ambiciosa-startup-premium-para-o-mercado-de-veiculos-eletricos","status":"publish","type":"post","link":"https:\/\/jornalfatosenoticias.com.br\/index.php\/2022\/07\/11\/surge-uma-nova-e-ambiciosa-startup-premium-para-o-mercado-de-veiculos-eletricos\/","title":{"rendered":"Surge uma nova e ambiciosa startup premium para o mercado de ve\u00edculos el\u00e9tricos"},"content":{"rendered":"\n<div class=\"wp-block-image\"><figure class=\"aligncenter size-large is-resized\"><img loading=\"lazy\" decoding=\"async\" src=\"https:\/\/jornalfatosenoticias.com.br\/wp-content\/uploads\/2022\/02\/Arte-Autoescola-Galatas_endereco_portal-1024x103.png\" alt=\"\" class=\"wp-image-27869\" width=\"490\" height=\"49\" srcset=\"https:\/\/jornalfatosenoticias.com.br\/wp-content\/uploads\/2022\/02\/Arte-Autoescola-Galatas_endereco_portal-1024x103.png 1024w, https:\/\/jornalfatosenoticias.com.br\/wp-content\/uploads\/2022\/02\/Arte-Autoescola-Galatas_endereco_portal-300x30.png 300w, https:\/\/jornalfatosenoticias.com.br\/wp-content\/uploads\/2022\/02\/Arte-Autoescola-Galatas_endereco_portal-768x77.png 768w, https:\/\/jornalfatosenoticias.com.br\/wp-content\/uploads\/2022\/02\/Arte-Autoescola-Galatas_endereco_portal.png 1223w\" sizes=\"auto, (max-width: 490px) 100vw, 490px\" \/><\/figure><\/div>\n\n\n\n<p>A Ahera, uma nova startup com sede na <a href=\"https:\/\/olhardigital.com.br\/2022\/03\/28\/carros-e-tecnologia\/mclaren-testa-seu-potente-artura-de-pista-no-circuito-italiano-de-monza\/\" target=\"_blank\" rel=\"noreferrer noopener\">It\u00e1lia<\/a>, est\u00e1 se apresentando para o segmento premium no mercado de ve\u00edculos el\u00e9tricos. Apesar de ainda n\u00e3o ter muito o que mostrar, suas ambi\u00e7\u00f5es s\u00e3o globais, com direito a lan\u00e7amentos daqui a apenas tr\u00eas anos.<br>Focada nos clientes de ve\u00edculos el\u00e9tricos em pa\u00edses como Estados Unidos e <a href=\"https:\/\/olhardigital.com.br\/2022\/07\/04\/carros-e-tecnologia\/chinesa-gac-apresenta-conceito-luxuoso-de-minivan-a-hidrogenio-com-alto-nivel-de-direcao-autonoma\/\" target=\"_blank\" rel=\"noreferrer noopener\">China<\/a>, al\u00e9m de consumidores europeus e dos pa\u00edses do Golfo, a Ahera pretende oferecer em 2025 dois modelos iniciais: um SUV e um sedan. Como caracter\u00edstica base, esses lan\u00e7amentos ter\u00e3o 800 km de autonomia por carga pelo menos.<\/p>\n\n\n\n<div class=\"wp-block-image\"><figure class=\"aligncenter size-large is-resized\"><img loading=\"lazy\" decoding=\"async\" src=\"https:\/\/jornalfatosenoticias.com.br\/wp-content\/uploads\/2020\/02\/Logo-Mizu-segunda-2-1024x99.png\" alt=\"\" class=\"wp-image-2353\" width=\"508\" height=\"49\" srcset=\"https:\/\/jornalfatosenoticias.com.br\/wp-content\/uploads\/2020\/02\/Logo-Mizu-segunda-2-1024x99.png 1024w, https:\/\/jornalfatosenoticias.com.br\/wp-content\/uploads\/2020\/02\/Logo-Mizu-segunda-2-300x29.png 300w, https:\/\/jornalfatosenoticias.com.br\/wp-content\/uploads\/2020\/02\/Logo-Mizu-segunda-2-768x74.png 768w, https:\/\/jornalfatosenoticias.com.br\/wp-content\/uploads\/2020\/02\/Logo-Mizu-segunda-2.png 1240w\" sizes=\"auto, (max-width: 508px) 100vw, 508px\" \/><\/figure><\/div>\n\n\n\n<p>Em <a href=\"https:\/\/www.aehra.com\/\" target=\"_blank\" rel=\"noreferrer noopener\">seu site oficial<\/a>, a startup vem apresentando alguns detalhes de como ser\u00e3o realizados seus trabalhos e a partir de que princ\u00edpios de\u00a0<a href=\"https:\/\/olhardigital.com.br\/2022\/04\/22\/carros-e-tecnologia\/indiana-de-scooters-ola-electric-investindo-e-avancando-nos-planos-de-producao-de-carros-eletricos\/\" target=\"_blank\" rel=\"noreferrer noopener\">design<\/a> seus desenvolvimentos ser\u00e3o baseados. Um deles \u00e9 o uso de fibra de carbono ultraleve na estrutura, em chassi monocoque, para cada ve\u00edculo Ahera proporcionar \u201cagilidade excepcional e prazer de condu\u00e7\u00e3o incompar\u00e1vel\u201d, como diz.<\/p>\n\n\n\n<div class=\"wp-block-image\"><figure class=\"aligncenter size-large is-resized\"><img loading=\"lazy\" decoding=\"async\" src=\"https:\/\/jornalfatosenoticias.com.br\/wp-content\/uploads\/2020\/02\/Serra-Grande-1024x160.png\" alt=\"\" class=\"wp-image-7836\" width=\"478\" height=\"74\"\/><\/figure><\/div>\n\n\n\n<figure class=\"wp-block-image size-large\"><img loading=\"lazy\" decoding=\"async\" width=\"874\" height=\"1000\" src=\"https:\/\/jornalfatosenoticias.com.br\/wp-content\/uploads\/2022\/07\/hazin-Nada-AHERA2.jpg\" alt=\"\" class=\"wp-image-32211\" srcset=\"https:\/\/jornalfatosenoticias.com.br\/wp-content\/uploads\/2022\/07\/hazin-Nada-AHERA2.jpg 874w, https:\/\/jornalfatosenoticias.com.br\/wp-content\/uploads\/2022\/07\/hazin-Nada-AHERA2-262x300.jpg 262w, https:\/\/jornalfatosenoticias.com.br\/wp-content\/uploads\/2022\/07\/hazin-Nada-AHERA2-768x879.jpg 768w\" sizes=\"auto, (max-width: 874px) 100vw, 874px\" \/><figcaption><em><span class=\"has-inline-color has-black-color\">Hazim Nada, CEO da Ahera (Foto: Divulga\u00e7\u00e3o\/Ahera)<\/span><\/em><\/figcaption><\/figure>\n\n\n\n<div class=\"wp-block-image\"><figure class=\"alignright size-large is-resized\"><img loading=\"lazy\" decoding=\"async\" src=\"https:\/\/jornalfatosenoticias.com.br\/wp-content\/uploads\/2022\/02\/Serra-Pack-459.png\" alt=\"\" class=\"wp-image-27471\" width=\"318\" height=\"127\"\/><\/figure><\/div>\n\n\n\n<p>Outro detalhe revelado tem a ver com a aplica\u00e7\u00e3o de uma assist\u00eancia ao motorista \u2014 Advanced Driver Assistance Systems (ADAS) \u2014 mais recente. Ali\u00e1s, um dos focos que a empresa refor\u00e7a est\u00e1 no conforto, com direito a tecnologia avan\u00e7ada dentro da <a href=\"https:\/\/olhardigital.com.br\/2021\/12\/22\/carros-e-tecnologia\/conceito-de-cabine-da-mitsubishi-rastreia-os-olhos-do-motorista-para-direcionar-os-farois-do-veiculo\/\" target=\"_blank\" rel=\"noreferrer noopener\">cabine<\/a>, espa\u00e7o e conforto.<br>Os ve\u00edculos da Ahera dever\u00e3o estar na faixa entre US$ 160.000 e US$ 180.000. Em nossa moeda, estamos falando de ve\u00edculos el\u00e9tricos premium acima dos R$ 857.000, acompanhando modelos Mercedes-Benz, BMW, <a href=\"https:\/\/olhardigital.com.br\/2022\/04\/19\/carros-e-tecnologia\/audi-revela-seu-enorme-conceito-autonomo-urbansphere-para-as-grandes-metropoles-do-planeta\/\" target=\"_blank\" rel=\"noreferrer noopener\">Audi<\/a> e demais no segmento.<\/p>\n\n\n\n<div class=\"wp-block-image\"><figure class=\"alignleft size-large is-resized\"><img loading=\"lazy\" decoding=\"async\" src=\"https:\/\/jornalfatosenoticias.com.br\/wp-content\/uploads\/2022\/03\/logo-Suinco-1024x390.jpg\" alt=\"\" class=\"wp-image-28785\" width=\"331\" height=\"125\"\/><\/figure><\/div>\n\n\n\n<p>Hazim Nada e Sandro Andreotti, fundadores da startup, est\u00e3o confiantes na tarefa e contam com a experi\u00eancia de Filippo Perini, ex-designer de nomes como <a href=\"https:\/\/olhardigital.com.br\/2022\/04\/25\/carros-e-tecnologia\/criado-por-deus-montadora-austriaca-apresenta-seu-eletrico-e-poderoso-vayanne-com-2-230-cv\/\" target=\"_blank\" rel=\"noreferrer noopener\">Italdesign<\/a>, Lamborghini e Genesis. Os trabalhos j\u00e1 est\u00e3o em andamento, com el\u00e9tricos SUV e sedan Ahera a serem revelados ainda este ano, em forma de conceitos.<\/p>\n\n\n\n<p><strong><em>Fonte: <a href=\"https:\/\/olhardigital.com.br\/2022\/07\/05\/carros-e-tecnologia\/surge-uma-nova-e-ambiciosa-startup-premium-para-o-mercado-de-veiculos-eletricos\/\">Olhar Digital<\/a><\/em><\/strong><\/p>\n","protected":false},"excerpt":{"rendered":"<p>A Ahera, uma nova startup com sede na It\u00e1lia, est\u00e1 se apresentando para o segmento premium no mercado de ve\u00edculos el\u00e9tricos. Apesar de ainda n\u00e3o ter muito o que mostrar, suas ambi\u00e7\u00f5es s\u00e3o globais, com direito a lan\u00e7amentos daqui a apenas tr\u00eas anos.Focada nos clientes de ve\u00edculos el\u00e9tricos em pa\u00edses como Estados Unidos e China, [&hellip;]<\/p>\n","protected":false},"author":2,"featured_media":32212,"comment_status":"open","ping_status":"open","sticky":false,"template":"","format":"standard","meta":{"footnotes":""},"categories":[9923,3],"tags":[15225,3108,7574,124,2504],"class_list":["post-32210","post","type-post","status-publish","format-standard","has-post-thumbnail","hentry","category-mobilidade","category-tecnologia","tag-ahera","tag-carro-eletrico","tag-carros-de-luxo","tag-italia","tag-startup"],"yoast_head":"<!-- This site is optimized with the Yoast SEO plugin v26.5 - https:\/\/yoast.com\/wordpress\/plugins\/seo\/ -->\n<title>Surge uma nova e ambiciosa startup premium para o mercado de ve\u00edculos el\u00e9tricos - Jornal Fatos e Not\u00edcias<\/title>\n<meta name=\"robots\" content=\"index, follow, max-snippet:-1, max-image-preview:large, max-video-preview:-1\" \/>\n<link rel=\"canonical\" href=\"https:\/\/jornalfatosenoticias.com.br\/index.php\/2022\/07\/11\/surge-uma-nova-e-ambiciosa-startup-premium-para-o-mercado-de-veiculos-eletricos\/\" \/>\n<meta property=\"og:locale\" content=\"pt_BR\" \/>\n<meta property=\"og:type\" content=\"article\" \/>\n<meta property=\"og:title\" content=\"Surge uma nova e ambiciosa startup premium para o mercado de ve\u00edculos el\u00e9tricos - Jornal Fatos e Not\u00edcias\" \/>\n<meta property=\"og:description\" content=\"A Ahera, uma nova startup com sede na It\u00e1lia, est\u00e1 se apresentando para o segmento premium no mercado de ve\u00edculos el\u00e9tricos. Apesar de ainda n\u00e3o ter muito o que mostrar, suas ambi\u00e7\u00f5es s\u00e3o globais, com direito a lan\u00e7amentos daqui a apenas tr\u00eas anos.Focada nos clientes de ve\u00edculos el\u00e9tricos em pa\u00edses como Estados Unidos e China, [&hellip;]\" \/>\n<meta property=\"og:url\" content=\"https:\/\/jornalfatosenoticias.com.br\/index.php\/2022\/07\/11\/surge-uma-nova-e-ambiciosa-startup-premium-para-o-mercado-de-veiculos-eletricos\/\" \/>\n<meta property=\"og:site_name\" content=\"Jornal Fatos e Not\u00edcias\" \/>\n<meta property=\"article:published_time\" content=\"2022-07-11T15:41:41+00:00\" \/>\n<meta property=\"article:modified_time\" content=\"2022-07-11T15:41:43+00:00\" \/>\n<meta property=\"og:image\" content=\"https:\/\/jornalfatosenoticias.com.br\/wp-content\/uploads\/2022\/07\/ahera-STARTUP.jpg\" \/>\n\t<meta property=\"og:image:width\" content=\"1000\" \/>\n\t<meta property=\"og:image:height\" content=\"273\" \/>\n\t<meta property=\"og:image:type\" content=\"image\/jpeg\" \/>\n<meta name=\"author\" content=\"Luzimara Fernandes\" \/>\n<meta name=\"twitter:card\" content=\"summary_large_image\" \/>\n<meta name=\"twitter:label1\" content=\"Escrito por\" \/>\n\t<meta name=\"twitter:data1\" content=\"Luzimara Fernandes\" \/>\n\t<meta name=\"twitter:label2\" content=\"Est. tempo de leitura\" \/>\n\t<meta name=\"twitter:data2\" content=\"2 minutos\" \/>\n<script type=\"application\/ld+json\" class=\"yoast-schema-graph\">{\"@context\":\"https:\/\/schema.org\",\"@graph\":[{\"@type\":\"Article\",\"@id\":\"https:\/\/jornalfatosenoticias.com.br\/index.php\/2022\/07\/11\/surge-uma-nova-e-ambiciosa-startup-premium-para-o-mercado-de-veiculos-eletricos\/#article\",\"isPartOf\":{\"@id\":\"https:\/\/jornalfatosenoticias.com.br\/index.php\/2022\/07\/11\/surge-uma-nova-e-ambiciosa-startup-premium-para-o-mercado-de-veiculos-eletricos\/\"},\"author\":{\"name\":\"Luzimara Fernandes\",\"@id\":\"https:\/\/jornalfatosenoticias.com.br\/#\/schema\/person\/d63837fa13ac8666eb9e74e0985d6f81\"},\"headline\":\"Surge uma nova e ambiciosa startup premium para o mercado de ve\u00edculos el\u00e9tricos\",\"datePublished\":\"2022-07-11T15:41:41+00:00\",\"dateModified\":\"2022-07-11T15:41:43+00:00\",\"mainEntityOfPage\":{\"@id\":\"https:\/\/jornalfatosenoticias.com.br\/index.php\/2022\/07\/11\/surge-uma-nova-e-ambiciosa-startup-premium-para-o-mercado-de-veiculos-eletricos\/\"},\"wordCount\":336,\"commentCount\":0,\"publisher\":{\"@id\":\"https:\/\/jornalfatosenoticias.com.br\/#organization\"},\"image\":{\"@id\":\"https:\/\/jornalfatosenoticias.com.br\/index.php\/2022\/07\/11\/surge-uma-nova-e-ambiciosa-startup-premium-para-o-mercado-de-veiculos-eletricos\/#primaryimage\"},\"thumbnailUrl\":\"https:\/\/jornalfatosenoticias.com.br\/wp-content\/uploads\/2022\/07\/ahera-STARTUP.jpg\",\"keywords\":[\"Ahera\",\"carro el\u00e9trico\",\"carros de luxo\",\"It\u00e1lia\",\"startup\"],\"articleSection\":[\"Mobilidade\",\"Tecnologia &amp; Inova\u00e7\u00e3o\"],\"inLanguage\":\"pt-BR\",\"potentialAction\":[{\"@type\":\"CommentAction\",\"name\":\"Comment\",\"target\":[\"https:\/\/jornalfatosenoticias.com.br\/index.php\/2022\/07\/11\/surge-uma-nova-e-ambiciosa-startup-premium-para-o-mercado-de-veiculos-eletricos\/#respond\"]}]},{\"@type\":\"WebPage\",\"@id\":\"https:\/\/jornalfatosenoticias.com.br\/index.php\/2022\/07\/11\/surge-uma-nova-e-ambiciosa-startup-premium-para-o-mercado-de-veiculos-eletricos\/\",\"url\":\"https:\/\/jornalfatosenoticias.com.br\/index.php\/2022\/07\/11\/surge-uma-nova-e-ambiciosa-startup-premium-para-o-mercado-de-veiculos-eletricos\/\",\"name\":\"Surge uma nova e ambiciosa startup premium para o mercado de ve\u00edculos el\u00e9tricos - Jornal Fatos e Not\u00edcias\",\"isPartOf\":{\"@id\":\"https:\/\/jornalfatosenoticias.com.br\/#website\"},\"primaryImageOfPage\":{\"@id\":\"https:\/\/jornalfatosenoticias.com.br\/index.php\/2022\/07\/11\/surge-uma-nova-e-ambiciosa-startup-premium-para-o-mercado-de-veiculos-eletricos\/#primaryimage\"},\"image\":{\"@id\":\"https:\/\/jornalfatosenoticias.com.br\/index.php\/2022\/07\/11\/surge-uma-nova-e-ambiciosa-startup-premium-para-o-mercado-de-veiculos-eletricos\/#primaryimage\"},\"thumbnailUrl\":\"https:\/\/jornalfatosenoticias.com.br\/wp-content\/uploads\/2022\/07\/ahera-STARTUP.jpg\",\"datePublished\":\"2022-07-11T15:41:41+00:00\",\"dateModified\":\"2022-07-11T15:41:43+00:00\",\"breadcrumb\":{\"@id\":\"https:\/\/jornalfatosenoticias.com.br\/index.php\/2022\/07\/11\/surge-uma-nova-e-ambiciosa-startup-premium-para-o-mercado-de-veiculos-eletricos\/#breadcrumb\"},\"inLanguage\":\"pt-BR\",\"potentialAction\":[{\"@type\":\"ReadAction\",\"target\":[\"https:\/\/jornalfatosenoticias.com.br\/index.php\/2022\/07\/11\/surge-uma-nova-e-ambiciosa-startup-premium-para-o-mercado-de-veiculos-eletricos\/\"]}]},{\"@type\":\"ImageObject\",\"inLanguage\":\"pt-BR\",\"@id\":\"https:\/\/jornalfatosenoticias.com.br\/index.php\/2022\/07\/11\/surge-uma-nova-e-ambiciosa-startup-premium-para-o-mercado-de-veiculos-eletricos\/#primaryimage\",\"url\":\"https:\/\/jornalfatosenoticias.com.br\/wp-content\/uploads\/2022\/07\/ahera-STARTUP.jpg\",\"contentUrl\":\"https:\/\/jornalfatosenoticias.com.br\/wp-content\/uploads\/2022\/07\/ahera-STARTUP.jpg\",\"width\":1000,\"height\":273},{\"@type\":\"BreadcrumbList\",\"@id\":\"https:\/\/jornalfatosenoticias.com.br\/index.php\/2022\/07\/11\/surge-uma-nova-e-ambiciosa-startup-premium-para-o-mercado-de-veiculos-eletricos\/#breadcrumb\",\"itemListElement\":[{\"@type\":\"ListItem\",\"position\":1,\"name\":\"In\u00edcio\",\"item\":\"https:\/\/jornalfatosenoticias.com.br\/\"},{\"@type\":\"ListItem\",\"position\":2,\"name\":\"Surge uma nova e ambiciosa startup premium para o mercado de ve\u00edculos el\u00e9tricos\"}]},{\"@type\":\"WebSite\",\"@id\":\"https:\/\/jornalfatosenoticias.com.br\/#website\",\"url\":\"https:\/\/jornalfatosenoticias.com.br\/\",\"name\":\"Jornal Fatos e Not\u00edcias\",\"description\":\"Not\u00edcias em geral\",\"publisher\":{\"@id\":\"https:\/\/jornalfatosenoticias.com.br\/#organization\"},\"potentialAction\":[{\"@type\":\"SearchAction\",\"target\":{\"@type\":\"EntryPoint\",\"urlTemplate\":\"https:\/\/jornalfatosenoticias.com.br\/?s={search_term_string}\"},\"query-input\":{\"@type\":\"PropertyValueSpecification\",\"valueRequired\":true,\"valueName\":\"search_term_string\"}}],\"inLanguage\":\"pt-BR\"},{\"@type\":\"Organization\",\"@id\":\"https:\/\/jornalfatosenoticias.com.br\/#organization\",\"name\":\"Jornal Fatos e Not\u00edcias\",\"url\":\"https:\/\/jornalfatosenoticias.com.br\/\",\"logo\":{\"@type\":\"ImageObject\",\"inLanguage\":\"pt-BR\",\"@id\":\"https:\/\/jornalfatosenoticias.com.br\/#\/schema\/logo\/image\/\",\"url\":\"https:\/\/jornalfatosenoticias.com.br\/wp-content\/uploads\/2020\/02\/logo120.png\",\"contentUrl\":\"https:\/\/jornalfatosenoticias.com.br\/wp-content\/uploads\/2020\/02\/logo120.png\",\"width\":1227,\"height\":120,\"caption\":\"Jornal Fatos e Not\u00edcias\"},\"image\":{\"@id\":\"https:\/\/jornalfatosenoticias.com.br\/#\/schema\/logo\/image\/\"}},{\"@type\":\"Person\",\"@id\":\"https:\/\/jornalfatosenoticias.com.br\/#\/schema\/person\/d63837fa13ac8666eb9e74e0985d6f81\",\"name\":\"Luzimara Fernandes\",\"image\":{\"@type\":\"ImageObject\",\"inLanguage\":\"pt-BR\",\"@id\":\"https:\/\/jornalfatosenoticias.com.br\/#\/schema\/person\/image\/\",\"url\":\"https:\/\/jornalfatosenoticias.com.br\/wp-content\/uploads\/2025\/05\/EU_portal.jpg\",\"contentUrl\":\"https:\/\/jornalfatosenoticias.com.br\/wp-content\/uploads\/2025\/05\/EU_portal.jpg\",\"caption\":\"Luzimara Fernandes\"},\"description\":\"Jornalista MTB 2358-ES\",\"sameAs\":[\"https:\/\/jornalfatosenoticias.com.br\"],\"url\":\"https:\/\/jornalfatosenoticias.com.br\/index.php\/author\/luzimara\/\"}]}<\/script>\n<!-- \/ Yoast SEO plugin. -->","yoast_head_json":{"title":"Surge uma nova e ambiciosa startup premium para o mercado de ve\u00edculos el\u00e9tricos - Jornal Fatos e Not\u00edcias","robots":{"index":"index","follow":"follow","max-snippet":"max-snippet:-1","max-image-preview":"max-image-preview:large","max-video-preview":"max-video-preview:-1"},"canonical":"https:\/\/jornalfatosenoticias.com.br\/index.php\/2022\/07\/11\/surge-uma-nova-e-ambiciosa-startup-premium-para-o-mercado-de-veiculos-eletricos\/","og_locale":"pt_BR","og_type":"article","og_title":"Surge uma nova e ambiciosa startup premium para o mercado de ve\u00edculos el\u00e9tricos - Jornal Fatos e Not\u00edcias","og_description":"A Ahera, uma nova startup com sede na It\u00e1lia, est\u00e1 se apresentando para o segmento premium no mercado de ve\u00edculos el\u00e9tricos. Apesar de ainda n\u00e3o ter muito o que mostrar, suas ambi\u00e7\u00f5es s\u00e3o globais, com direito a lan\u00e7amentos daqui a apenas tr\u00eas anos.Focada nos clientes de ve\u00edculos el\u00e9tricos em pa\u00edses como Estados Unidos e China, [&hellip;]","og_url":"https:\/\/jornalfatosenoticias.com.br\/index.php\/2022\/07\/11\/surge-uma-nova-e-ambiciosa-startup-premium-para-o-mercado-de-veiculos-eletricos\/","og_site_name":"Jornal Fatos e Not\u00edcias","article_published_time":"2022-07-11T15:41:41+00:00","article_modified_time":"2022-07-11T15:41:43+00:00","og_image":[{"width":1000,"height":273,"url":"https:\/\/jornalfatosenoticias.com.br\/wp-content\/uploads\/2022\/07\/ahera-STARTUP.jpg","type":"image\/jpeg"}],"author":"Luzimara Fernandes","twitter_card":"summary_large_image","twitter_misc":{"Escrito por":"Luzimara Fernandes","Est. tempo de leitura":"2 minutos"},"schema":{"@context":"https:\/\/schema.org","@graph":[{"@type":"Article","@id":"https:\/\/jornalfatosenoticias.com.br\/index.php\/2022\/07\/11\/surge-uma-nova-e-ambiciosa-startup-premium-para-o-mercado-de-veiculos-eletricos\/#article","isPartOf":{"@id":"https:\/\/jornalfatosenoticias.com.br\/index.php\/2022\/07\/11\/surge-uma-nova-e-ambiciosa-startup-premium-para-o-mercado-de-veiculos-eletricos\/"},"author":{"name":"Luzimara Fernandes","@id":"https:\/\/jornalfatosenoticias.com.br\/#\/schema\/person\/d63837fa13ac8666eb9e74e0985d6f81"},"headline":"Surge uma nova e ambiciosa startup premium para o mercado de ve\u00edculos el\u00e9tricos","datePublished":"2022-07-11T15:41:41+00:00","dateModified":"2022-07-11T15:41:43+00:00","mainEntityOfPage":{"@id":"https:\/\/jornalfatosenoticias.com.br\/index.php\/2022\/07\/11\/surge-uma-nova-e-ambiciosa-startup-premium-para-o-mercado-de-veiculos-eletricos\/"},"wordCount":336,"commentCount":0,"publisher":{"@id":"https:\/\/jornalfatosenoticias.com.br\/#organization"},"image":{"@id":"https:\/\/jornalfatosenoticias.com.br\/index.php\/2022\/07\/11\/surge-uma-nova-e-ambiciosa-startup-premium-para-o-mercado-de-veiculos-eletricos\/#primaryimage"},"thumbnailUrl":"https:\/\/jornalfatosenoticias.com.br\/wp-content\/uploads\/2022\/07\/ahera-STARTUP.jpg","keywords":["Ahera","carro el\u00e9trico","carros de luxo","It\u00e1lia","startup"],"articleSection":["Mobilidade","Tecnologia &amp; Inova\u00e7\u00e3o"],"inLanguage":"pt-BR","potentialAction":[{"@type":"CommentAction","name":"Comment","target":["https:\/\/jornalfatosenoticias.com.br\/index.php\/2022\/07\/11\/surge-uma-nova-e-ambiciosa-startup-premium-para-o-mercado-de-veiculos-eletricos\/#respond"]}]},{"@type":"WebPage","@id":"https:\/\/jornalfatosenoticias.com.br\/index.php\/2022\/07\/11\/surge-uma-nova-e-ambiciosa-startup-premium-para-o-mercado-de-veiculos-eletricos\/","url":"https:\/\/jornalfatosenoticias.com.br\/index.php\/2022\/07\/11\/surge-uma-nova-e-ambiciosa-startup-premium-para-o-mercado-de-veiculos-eletricos\/","name":"Surge uma nova e ambiciosa startup premium para o mercado de ve\u00edculos el\u00e9tricos - Jornal Fatos e Not\u00edcias","isPartOf":{"@id":"https:\/\/jornalfatosenoticias.com.br\/#website"},"primaryImageOfPage":{"@id":"https:\/\/jornalfatosenoticias.com.br\/index.php\/2022\/07\/11\/surge-uma-nova-e-ambiciosa-startup-premium-para-o-mercado-de-veiculos-eletricos\/#primaryimage"},"image":{"@id":"https:\/\/jornalfatosenoticias.com.br\/index.php\/2022\/07\/11\/surge-uma-nova-e-ambiciosa-startup-premium-para-o-mercado-de-veiculos-eletricos\/#primaryimage"},"thumbnailUrl":"https:\/\/jornalfatosenoticias.com.br\/wp-content\/uploads\/2022\/07\/ahera-STARTUP.jpg","datePublished":"2022-07-11T15:41:41+00:00","dateModified":"2022-07-11T15:41:43+00:00","breadcrumb":{"@id":"https:\/\/jornalfatosenoticias.com.br\/index.php\/2022\/07\/11\/surge-uma-nova-e-ambiciosa-startup-premium-para-o-mercado-de-veiculos-eletricos\/#breadcrumb"},"inLanguage":"pt-BR","potentialAction":[{"@type":"ReadAction","target":["https:\/\/jornalfatosenoticias.com.br\/index.php\/2022\/07\/11\/surge-uma-nova-e-ambiciosa-startup-premium-para-o-mercado-de-veiculos-eletricos\/"]}]},{"@type":"ImageObject","inLanguage":"pt-BR","@id":"https:\/\/jornalfatosenoticias.com.br\/index.php\/2022\/07\/11\/surge-uma-nova-e-ambiciosa-startup-premium-para-o-mercado-de-veiculos-eletricos\/#primaryimage","url":"https:\/\/jornalfatosenoticias.com.br\/wp-content\/uploads\/2022\/07\/ahera-STARTUP.jpg","contentUrl":"https:\/\/jornalfatosenoticias.com.br\/wp-content\/uploads\/2022\/07\/ahera-STARTUP.jpg","width":1000,"height":273},{"@type":"BreadcrumbList","@id":"https:\/\/jornalfatosenoticias.com.br\/index.php\/2022\/07\/11\/surge-uma-nova-e-ambiciosa-startup-premium-para-o-mercado-de-veiculos-eletricos\/#breadcrumb","itemListElement":[{"@type":"ListItem","position":1,"name":"In\u00edcio","item":"https:\/\/jornalfatosenoticias.com.br\/"},{"@type":"ListItem","position":2,"name":"Surge uma nova e ambiciosa startup premium para o mercado de ve\u00edculos el\u00e9tricos"}]},{"@type":"WebSite","@id":"https:\/\/jornalfatosenoticias.com.br\/#website","url":"https:\/\/jornalfatosenoticias.com.br\/","name":"Jornal Fatos e Not\u00edcias","description":"Not\u00edcias em geral","publisher":{"@id":"https:\/\/jornalfatosenoticias.com.br\/#organization"},"potentialAction":[{"@type":"SearchAction","target":{"@type":"EntryPoint","urlTemplate":"https:\/\/jornalfatosenoticias.com.br\/?s={search_term_string}"},"query-input":{"@type":"PropertyValueSpecification","valueRequired":true,"valueName":"search_term_string"}}],"inLanguage":"pt-BR"},{"@type":"Organization","@id":"https:\/\/jornalfatosenoticias.com.br\/#organization","name":"Jornal Fatos e Not\u00edcias","url":"https:\/\/jornalfatosenoticias.com.br\/","logo":{"@type":"ImageObject","inLanguage":"pt-BR","@id":"https:\/\/jornalfatosenoticias.com.br\/#\/schema\/logo\/image\/","url":"https:\/\/jornalfatosenoticias.com.br\/wp-content\/uploads\/2020\/02\/logo120.png","contentUrl":"https:\/\/jornalfatosenoticias.com.br\/wp-content\/uploads\/2020\/02\/logo120.png","width":1227,"height":120,"caption":"Jornal Fatos e Not\u00edcias"},"image":{"@id":"https:\/\/jornalfatosenoticias.com.br\/#\/schema\/logo\/image\/"}},{"@type":"Person","@id":"https:\/\/jornalfatosenoticias.com.br\/#\/schema\/person\/d63837fa13ac8666eb9e74e0985d6f81","name":"Luzimara Fernandes","image":{"@type":"ImageObject","inLanguage":"pt-BR","@id":"https:\/\/jornalfatosenoticias.com.br\/#\/schema\/person\/image\/","url":"https:\/\/jornalfatosenoticias.com.br\/wp-content\/uploads\/2025\/05\/EU_portal.jpg","contentUrl":"https:\/\/jornalfatosenoticias.com.br\/wp-content\/uploads\/2025\/05\/EU_portal.jpg","caption":"Luzimara Fernandes"},"description":"Jornalista MTB 2358-ES","sameAs":["https:\/\/jornalfatosenoticias.com.br"],"url":"https:\/\/jornalfatosenoticias.com.br\/index.php\/author\/luzimara\/"}]}},"cc_featured_image_caption":{"caption_text":"(Foto: Divulga\u00e7\u00e3o\/Ahera) ","source_text":"","source_url":""},"jetpack_featured_media_url":"https:\/\/jornalfatosenoticias.com.br\/wp-content\/uploads\/2022\/07\/ahera-STARTUP.jpg","_links":{"self":[{"href":"https:\/\/jornalfatosenoticias.com.br\/index.php\/wp-json\/wp\/v2\/posts\/32210","targetHints":{"allow":["GET"]}}],"collection":[{"href":"https:\/\/jornalfatosenoticias.com.br\/index.php\/wp-json\/wp\/v2\/posts"}],"about":[{"href":"https:\/\/jornalfatosenoticias.com.br\/index.php\/wp-json\/wp\/v2\/types\/post"}],"author":[{"embeddable":true,"href":"https:\/\/jornalfatosenoticias.com.br\/index.php\/wp-json\/wp\/v2\/users\/2"}],"replies":[{"embeddable":true,"href":"https:\/\/jornalfatosenoticias.com.br\/index.php\/wp-json\/wp\/v2\/comments?post=32210"}],"version-history":[{"count":0,"href":"https:\/\/jornalfatosenoticias.com.br\/index.php\/wp-json\/wp\/v2\/posts\/32210\/revisions"}],"wp:featuredmedia":[{"embeddable":true,"href":"https:\/\/jornalfatosenoticias.com.br\/index.php\/wp-json\/wp\/v2\/media\/32212"}],"wp:attachment":[{"href":"https:\/\/jornalfatosenoticias.com.br\/index.php\/wp-json\/wp\/v2\/media?parent=32210"}],"wp:term":[{"taxonomy":"category","embeddable":true,"href":"https:\/\/jornalfatosenoticias.com.br\/index.php\/wp-json\/wp\/v2\/categories?post=32210"},{"taxonomy":"post_tag","embeddable":true,"href":"https:\/\/jornalfatosenoticias.com.br\/index.php\/wp-json\/wp\/v2\/tags?post=32210"}],"curies":[{"name":"wp","href":"https:\/\/api.w.org\/{rel}","templated":true}]}}