{"id":32242,"date":"2022-07-11T14:51:37","date_gmt":"2022-07-11T17:51:37","guid":{"rendered":"https:\/\/jornalfatosenoticias.com.br\/?p=32242"},"modified":"2022-07-11T14:51:38","modified_gmt":"2022-07-11T17:51:38","slug":"bateria-de-areia-solucao-e-mais-barata-e-pode-armazenar-energia-por-meses","status":"publish","type":"post","link":"https:\/\/jornalfatosenoticias.com.br\/index.php\/2022\/07\/11\/bateria-de-areia-solucao-e-mais-barata-e-pode-armazenar-energia-por-meses\/","title":{"rendered":"\u201cBateria de areia\u201d? Solu\u00e7\u00e3o \u00e9 mais barata e pode armazenar energia por meses"},"content":{"rendered":"\n<div class=\"wp-block-image\"><figure class=\"aligncenter size-large is-resized\"><img loading=\"lazy\" decoding=\"async\" src=\"https:\/\/jornalfatosenoticias.com.br\/wp-content\/uploads\/2020\/02\/banner_ferramentas-1024x100.jpg\" alt=\"\" class=\"wp-image-1258\" width=\"499\" height=\"48\" srcset=\"https:\/\/jornalfatosenoticias.com.br\/wp-content\/uploads\/2020\/02\/banner_ferramentas-1024x100.jpg 1024w, https:\/\/jornalfatosenoticias.com.br\/wp-content\/uploads\/2020\/02\/banner_ferramentas-300x29.jpg 300w, https:\/\/jornalfatosenoticias.com.br\/wp-content\/uploads\/2020\/02\/banner_ferramentas-768x75.jpg 768w, https:\/\/jornalfatosenoticias.com.br\/wp-content\/uploads\/2020\/02\/banner_ferramentas.jpg 1227w\" sizes=\"auto, (max-width: 499px) 100vw, 499px\" \/><\/figure><\/div>\n\n\n\n<p>Quando voc\u00ea pensa em solu\u00e7\u00f5es de <a href=\"https:\/\/olhardigital.com.br\/tag\/energia\/\" target=\"_blank\" rel=\"noreferrer noopener\">energia<\/a>, pode n\u00e3o imaginar 100 toneladas de areia de constru\u00e7\u00e3o empilhadas dentro de um enorme silo.<br>Entretanto, a startup finlandesa <a href=\"https:\/\/polarnightenergy.fi\/\" target=\"_blank\" rel=\"noreferrer noopener\">Polar Night Energy<\/a>\u00a0descobriu que a areia pode, sim, ser o ingrediente secreto para o armazenamento energ\u00e9tico.<\/p>\n\n\n\n<p><strong><span class=\"has-inline-color has-vivid-purple-color\">Como a \u201cbateria de areia\u201d funciona?<br><\/span><\/strong>Primeiro, um container de a\u00e7o de 4\u00d77 metros \u00e9 preenchido com centenas de toneladas de areia que, sem seguida, \u00e9 aquecida com energia e\u00f3lica ou solar e armazenada por meses. \u00c9, efetivamente, uma bateria de areia gigante.<\/p>\n\n\n\n<div class=\"wp-block-image\"><figure class=\"alignleft size-large is-resized\"><img loading=\"lazy\" decoding=\"async\" src=\"https:\/\/jornalfatosenoticias.com.br\/wp-content\/uploads\/2022\/02\/Serra-Pack-459.png\" alt=\"\" class=\"wp-image-27471\" width=\"280\" height=\"112\"\/><\/figure><\/div>\n\n\n\n<p>Embora a energia e\u00f3lica e solar sejam extremamente \u00fateis, elas oferecem apenas energia intermitente. Ou seja, n\u00e3o pode ser armazenada em sua forma original e, por isso, s\u00f3 \u00e9 transformada em eletricidade enquanto o recurso estiver dispon\u00edvel no sistema de gera\u00e7\u00e3o.<br>Por outro lado, a areia \u00e9 dur\u00e1vel e barata e pode armazenar muito calor sem dissipa\u00e7\u00e3o a uma temperatura de cerca de 500 a 600 graus Celsius. Isso significa que, uma vez aquecido, o silo pode permanecer quente por meses com interven\u00e7\u00e3o m\u00ednima.<\/p>\n\n\n\n<div class=\"wp-block-image\"><figure class=\"aligncenter size-large is-resized\"><img loading=\"lazy\" decoding=\"async\" src=\"https:\/\/jornalfatosenoticias.com.br\/wp-content\/uploads\/2020\/02\/Serra-Grande-1024x160.png\" alt=\"\" class=\"wp-image-7836\" width=\"440\" height=\"68\"\/><\/figure><\/div>\n\n\n\n<p>Especificamente, o sistema pode descarregar um m\u00e1ximo de 100kW de energia t\u00e9rmica e tem uma capacidade total de energia de 8MWh. A <a href=\"https:\/\/olhardigital.com.br\/tag\/bateria\/\" target=\"_blank\" rel=\"noreferrer noopener\">bateria<\/a> de areia da empresa est\u00e1 atualmente atendendo o distrito de Kankaanp\u00e4\u00e4, na Finl\u00e2ndia, mantendo casas, escrit\u00f3rios, f\u00e1bricas e a piscina p\u00fablica local aquecidos.<\/p>\n\n\n\n<figure class=\"wp-block-image size-large\"><img loading=\"lazy\" decoding=\"async\" width=\"1000\" height=\"563\" src=\"https:\/\/jornalfatosenoticias.com.br\/wp-content\/uploads\/2022\/07\/bateria-areia2.png\" alt=\"\" class=\"wp-image-32243\" srcset=\"https:\/\/jornalfatosenoticias.com.br\/wp-content\/uploads\/2022\/07\/bateria-areia2.png 1000w, https:\/\/jornalfatosenoticias.com.br\/wp-content\/uploads\/2022\/07\/bateria-areia2-300x169.png 300w, https:\/\/jornalfatosenoticias.com.br\/wp-content\/uploads\/2022\/07\/bateria-areia2-768x432.png 768w\" sizes=\"auto, (max-width: 1000px) 100vw, 1000px\" \/><figcaption><em><span class=\"has-inline-color has-black-color\">Startup produz energia em silo cheio de areia (Foto: Polar Night Energy)<\/span><\/em><\/figcaption><\/figure>\n\n\n\n<p><strong><span class=\"has-inline-color has-vivid-purple-color\">Como nasceu a \u201cbateria de areia\u201d?<br><\/span><\/strong>A Polar Night Energy foi fundada em 2016 por dois jovens especialistas \u200b\u200bem energia t\u00e9rmica. A ideia, que nasceu no ambiente universit\u00e1rio, come\u00e7ou a ser aplicada no mundo real quando a dupla firmou uma parceria com o fornecedor de energia Vatajankoski.<\/p>\n\n\n\n<div class=\"wp-block-image\"><figure class=\"aligncenter size-large is-resized\"><img loading=\"lazy\" decoding=\"async\" src=\"https:\/\/jornalfatosenoticias.com.br\/wp-content\/uploads\/2020\/02\/Suinco-1024x389.jpg\" alt=\"\" class=\"wp-image-28883\" width=\"314\" height=\"119\" srcset=\"https:\/\/jornalfatosenoticias.com.br\/wp-content\/uploads\/2020\/02\/Suinco-1024x389.jpg 1024w, https:\/\/jornalfatosenoticias.com.br\/wp-content\/uploads\/2020\/02\/Suinco-300x114.jpg 300w, https:\/\/jornalfatosenoticias.com.br\/wp-content\/uploads\/2020\/02\/Suinco-768x292.jpg 768w, https:\/\/jornalfatosenoticias.com.br\/wp-content\/uploads\/2020\/02\/Suinco.jpg 1220w\" sizes=\"auto, (max-width: 314px) 100vw, 314px\" \/><\/figure><\/div>\n\n\n\n<p>Al\u00e9m disso, a startup ganhou apoio do governo local. O pa\u00eds enfrenta a falta de combust\u00edvel devido ao aumento dos pre\u00e7os do g\u00e1s. A R\u00fassia cortou o fornecimento de g\u00e1s \u00e0 Finl\u00e2ndia por se recusar a pagar em rublos. N\u00e3o \u00e9 uma boa not\u00edcia para a Finl\u00e2ndia, um pa\u00eds que experimenta invernos longos e frios.<br>Mas, por meio da parceria de sucesso, a Polar Night Energy representa um \u00f3timo exemplo de como a criatividade pode resolver problemas ambientais e sociais complexos.<\/p>\n\n\n\n<p><strong><em>Fonte: <a href=\"https:\/\/olhardigital.com.br\/2022\/07\/10\/ciencia-e-espaco\/bateria-de-areia-solucao-e-mais-barata-e-pode-armazenar-energia-por-meses\/\">Olhar Digital<\/a><\/em><\/strong><\/p>\n","protected":false},"excerpt":{"rendered":"<p>Quando voc\u00ea pensa em solu\u00e7\u00f5es de energia, pode n\u00e3o imaginar 100 toneladas de areia de constru\u00e7\u00e3o empilhadas dentro de um enorme silo.Entretanto, a startup finlandesa Polar Night Energy\u00a0descobriu que a areia pode, sim, ser o ingrediente secreto para o armazenamento energ\u00e9tico. Como a \u201cbateria de areia\u201d funciona?Primeiro, um container de a\u00e7o de 4\u00d77 metros \u00e9 [&hellip;]<\/p>\n","protected":false},"author":2,"featured_media":32244,"comment_status":"open","ping_status":"open","sticky":false,"template":"","format":"standard","meta":{"footnotes":""},"categories":[2],"tags":[3599,2539,2712,15235,2504],"class_list":["post-32242","post","type-post","status-publish","format-standard","has-post-thumbnail","hentry","category-ciencia","tag-bateria","tag-energia","tag-geracao-de-energia","tag-polar-night-energy","tag-startup"],"yoast_head":"<!-- This site is optimized with the Yoast SEO plugin v26.5 - https:\/\/yoast.com\/wordpress\/plugins\/seo\/ -->\n<title>\u201cBateria de areia\u201d? Solu\u00e7\u00e3o \u00e9 mais barata e pode armazenar energia por meses - Jornal Fatos e Not\u00edcias<\/title>\n<meta name=\"robots\" content=\"index, follow, max-snippet:-1, max-image-preview:large, max-video-preview:-1\" \/>\n<link rel=\"canonical\" href=\"https:\/\/jornalfatosenoticias.com.br\/index.php\/2022\/07\/11\/bateria-de-areia-solucao-e-mais-barata-e-pode-armazenar-energia-por-meses\/\" \/>\n<meta property=\"og:locale\" content=\"pt_BR\" \/>\n<meta property=\"og:type\" content=\"article\" \/>\n<meta property=\"og:title\" content=\"\u201cBateria de areia\u201d? Solu\u00e7\u00e3o \u00e9 mais barata e pode armazenar energia por meses - Jornal Fatos e Not\u00edcias\" \/>\n<meta property=\"og:description\" content=\"Quando voc\u00ea pensa em solu\u00e7\u00f5es de energia, pode n\u00e3o imaginar 100 toneladas de areia de constru\u00e7\u00e3o empilhadas dentro de um enorme silo.Entretanto, a startup finlandesa Polar Night Energy\u00a0descobriu que a areia pode, sim, ser o ingrediente secreto para o armazenamento energ\u00e9tico. Como a \u201cbateria de areia\u201d funciona?Primeiro, um container de a\u00e7o de 4\u00d77 metros \u00e9 [&hellip;]\" \/>\n<meta property=\"og:url\" content=\"https:\/\/jornalfatosenoticias.com.br\/index.php\/2022\/07\/11\/bateria-de-areia-solucao-e-mais-barata-e-pode-armazenar-energia-por-meses\/\" \/>\n<meta property=\"og:site_name\" content=\"Jornal Fatos e Not\u00edcias\" \/>\n<meta property=\"article:published_time\" content=\"2022-07-11T17:51:37+00:00\" \/>\n<meta property=\"article:modified_time\" content=\"2022-07-11T17:51:38+00:00\" \/>\n<meta property=\"og:image\" content=\"https:\/\/jornalfatosenoticias.com.br\/wp-content\/uploads\/2022\/07\/bateria-de-areia_Shutterstock.jpg\" \/>\n\t<meta property=\"og:image:width\" content=\"1000\" \/>\n\t<meta property=\"og:image:height\" content=\"450\" \/>\n\t<meta property=\"og:image:type\" content=\"image\/jpeg\" \/>\n<meta name=\"author\" content=\"Luzimara Fernandes\" \/>\n<meta name=\"twitter:card\" content=\"summary_large_image\" \/>\n<meta name=\"twitter:label1\" content=\"Escrito por\" \/>\n\t<meta name=\"twitter:data1\" content=\"Luzimara Fernandes\" \/>\n\t<meta name=\"twitter:label2\" content=\"Est. tempo de leitura\" \/>\n\t<meta name=\"twitter:data2\" content=\"2 minutos\" \/>\n<script type=\"application\/ld+json\" class=\"yoast-schema-graph\">{\"@context\":\"https:\/\/schema.org\",\"@graph\":[{\"@type\":\"Article\",\"@id\":\"https:\/\/jornalfatosenoticias.com.br\/index.php\/2022\/07\/11\/bateria-de-areia-solucao-e-mais-barata-e-pode-armazenar-energia-por-meses\/#article\",\"isPartOf\":{\"@id\":\"https:\/\/jornalfatosenoticias.com.br\/index.php\/2022\/07\/11\/bateria-de-areia-solucao-e-mais-barata-e-pode-armazenar-energia-por-meses\/\"},\"author\":{\"name\":\"Luzimara Fernandes\",\"@id\":\"https:\/\/jornalfatosenoticias.com.br\/#\/schema\/person\/d63837fa13ac8666eb9e74e0985d6f81\"},\"headline\":\"\u201cBateria de areia\u201d? Solu\u00e7\u00e3o \u00e9 mais barata e pode armazenar energia por meses\",\"datePublished\":\"2022-07-11T17:51:37+00:00\",\"dateModified\":\"2022-07-11T17:51:38+00:00\",\"mainEntityOfPage\":{\"@id\":\"https:\/\/jornalfatosenoticias.com.br\/index.php\/2022\/07\/11\/bateria-de-areia-solucao-e-mais-barata-e-pode-armazenar-energia-por-meses\/\"},\"wordCount\":395,\"commentCount\":0,\"publisher\":{\"@id\":\"https:\/\/jornalfatosenoticias.com.br\/#organization\"},\"image\":{\"@id\":\"https:\/\/jornalfatosenoticias.com.br\/index.php\/2022\/07\/11\/bateria-de-areia-solucao-e-mais-barata-e-pode-armazenar-energia-por-meses\/#primaryimage\"},\"thumbnailUrl\":\"https:\/\/jornalfatosenoticias.com.br\/wp-content\/uploads\/2022\/07\/bateria-de-areia_Shutterstock.jpg\",\"keywords\":[\"bateria\",\"energia\",\"gera\u00e7\u00e3o de energia\",\"Polar Night Energy\",\"startup\"],\"articleSection\":[\"Ci\u00eancia\"],\"inLanguage\":\"pt-BR\",\"potentialAction\":[{\"@type\":\"CommentAction\",\"name\":\"Comment\",\"target\":[\"https:\/\/jornalfatosenoticias.com.br\/index.php\/2022\/07\/11\/bateria-de-areia-solucao-e-mais-barata-e-pode-armazenar-energia-por-meses\/#respond\"]}]},{\"@type\":\"WebPage\",\"@id\":\"https:\/\/jornalfatosenoticias.com.br\/index.php\/2022\/07\/11\/bateria-de-areia-solucao-e-mais-barata-e-pode-armazenar-energia-por-meses\/\",\"url\":\"https:\/\/jornalfatosenoticias.com.br\/index.php\/2022\/07\/11\/bateria-de-areia-solucao-e-mais-barata-e-pode-armazenar-energia-por-meses\/\",\"name\":\"\u201cBateria de areia\u201d? Solu\u00e7\u00e3o \u00e9 mais barata e pode armazenar energia por meses - Jornal Fatos e Not\u00edcias\",\"isPartOf\":{\"@id\":\"https:\/\/jornalfatosenoticias.com.br\/#website\"},\"primaryImageOfPage\":{\"@id\":\"https:\/\/jornalfatosenoticias.com.br\/index.php\/2022\/07\/11\/bateria-de-areia-solucao-e-mais-barata-e-pode-armazenar-energia-por-meses\/#primaryimage\"},\"image\":{\"@id\":\"https:\/\/jornalfatosenoticias.com.br\/index.php\/2022\/07\/11\/bateria-de-areia-solucao-e-mais-barata-e-pode-armazenar-energia-por-meses\/#primaryimage\"},\"thumbnailUrl\":\"https:\/\/jornalfatosenoticias.com.br\/wp-content\/uploads\/2022\/07\/bateria-de-areia_Shutterstock.jpg\",\"datePublished\":\"2022-07-11T17:51:37+00:00\",\"dateModified\":\"2022-07-11T17:51:38+00:00\",\"breadcrumb\":{\"@id\":\"https:\/\/jornalfatosenoticias.com.br\/index.php\/2022\/07\/11\/bateria-de-areia-solucao-e-mais-barata-e-pode-armazenar-energia-por-meses\/#breadcrumb\"},\"inLanguage\":\"pt-BR\",\"potentialAction\":[{\"@type\":\"ReadAction\",\"target\":[\"https:\/\/jornalfatosenoticias.com.br\/index.php\/2022\/07\/11\/bateria-de-areia-solucao-e-mais-barata-e-pode-armazenar-energia-por-meses\/\"]}]},{\"@type\":\"ImageObject\",\"inLanguage\":\"pt-BR\",\"@id\":\"https:\/\/jornalfatosenoticias.com.br\/index.php\/2022\/07\/11\/bateria-de-areia-solucao-e-mais-barata-e-pode-armazenar-energia-por-meses\/#primaryimage\",\"url\":\"https:\/\/jornalfatosenoticias.com.br\/wp-content\/uploads\/2022\/07\/bateria-de-areia_Shutterstock.jpg\",\"contentUrl\":\"https:\/\/jornalfatosenoticias.com.br\/wp-content\/uploads\/2022\/07\/bateria-de-areia_Shutterstock.jpg\",\"width\":1000,\"height\":450},{\"@type\":\"BreadcrumbList\",\"@id\":\"https:\/\/jornalfatosenoticias.com.br\/index.php\/2022\/07\/11\/bateria-de-areia-solucao-e-mais-barata-e-pode-armazenar-energia-por-meses\/#breadcrumb\",\"itemListElement\":[{\"@type\":\"ListItem\",\"position\":1,\"name\":\"In\u00edcio\",\"item\":\"https:\/\/jornalfatosenoticias.com.br\/\"},{\"@type\":\"ListItem\",\"position\":2,\"name\":\"\u201cBateria de areia\u201d? Solu\u00e7\u00e3o \u00e9 mais barata e pode armazenar energia por meses\"}]},{\"@type\":\"WebSite\",\"@id\":\"https:\/\/jornalfatosenoticias.com.br\/#website\",\"url\":\"https:\/\/jornalfatosenoticias.com.br\/\",\"name\":\"Jornal Fatos e Not\u00edcias\",\"description\":\"Not\u00edcias em geral\",\"publisher\":{\"@id\":\"https:\/\/jornalfatosenoticias.com.br\/#organization\"},\"potentialAction\":[{\"@type\":\"SearchAction\",\"target\":{\"@type\":\"EntryPoint\",\"urlTemplate\":\"https:\/\/jornalfatosenoticias.com.br\/?s={search_term_string}\"},\"query-input\":{\"@type\":\"PropertyValueSpecification\",\"valueRequired\":true,\"valueName\":\"search_term_string\"}}],\"inLanguage\":\"pt-BR\"},{\"@type\":\"Organization\",\"@id\":\"https:\/\/jornalfatosenoticias.com.br\/#organization\",\"name\":\"Jornal Fatos e Not\u00edcias\",\"url\":\"https:\/\/jornalfatosenoticias.com.br\/\",\"logo\":{\"@type\":\"ImageObject\",\"inLanguage\":\"pt-BR\",\"@id\":\"https:\/\/jornalfatosenoticias.com.br\/#\/schema\/logo\/image\/\",\"url\":\"https:\/\/jornalfatosenoticias.com.br\/wp-content\/uploads\/2020\/02\/logo120.png\",\"contentUrl\":\"https:\/\/jornalfatosenoticias.com.br\/wp-content\/uploads\/2020\/02\/logo120.png\",\"width\":1227,\"height\":120,\"caption\":\"Jornal Fatos e Not\u00edcias\"},\"image\":{\"@id\":\"https:\/\/jornalfatosenoticias.com.br\/#\/schema\/logo\/image\/\"}},{\"@type\":\"Person\",\"@id\":\"https:\/\/jornalfatosenoticias.com.br\/#\/schema\/person\/d63837fa13ac8666eb9e74e0985d6f81\",\"name\":\"Luzimara Fernandes\",\"image\":{\"@type\":\"ImageObject\",\"inLanguage\":\"pt-BR\",\"@id\":\"https:\/\/jornalfatosenoticias.com.br\/#\/schema\/person\/image\/\",\"url\":\"https:\/\/jornalfatosenoticias.com.br\/wp-content\/uploads\/2025\/05\/EU_portal.jpg\",\"contentUrl\":\"https:\/\/jornalfatosenoticias.com.br\/wp-content\/uploads\/2025\/05\/EU_portal.jpg\",\"caption\":\"Luzimara Fernandes\"},\"description\":\"Jornalista MTB 2358-ES\",\"sameAs\":[\"https:\/\/jornalfatosenoticias.com.br\"],\"url\":\"https:\/\/jornalfatosenoticias.com.br\/index.php\/author\/luzimara\/\"}]}<\/script>\n<!-- \/ Yoast SEO plugin. -->","yoast_head_json":{"title":"\u201cBateria de areia\u201d? Solu\u00e7\u00e3o \u00e9 mais barata e pode armazenar energia por meses - Jornal Fatos e Not\u00edcias","robots":{"index":"index","follow":"follow","max-snippet":"max-snippet:-1","max-image-preview":"max-image-preview:large","max-video-preview":"max-video-preview:-1"},"canonical":"https:\/\/jornalfatosenoticias.com.br\/index.php\/2022\/07\/11\/bateria-de-areia-solucao-e-mais-barata-e-pode-armazenar-energia-por-meses\/","og_locale":"pt_BR","og_type":"article","og_title":"\u201cBateria de areia\u201d? Solu\u00e7\u00e3o \u00e9 mais barata e pode armazenar energia por meses - Jornal Fatos e Not\u00edcias","og_description":"Quando voc\u00ea pensa em solu\u00e7\u00f5es de energia, pode n\u00e3o imaginar 100 toneladas de areia de constru\u00e7\u00e3o empilhadas dentro de um enorme silo.Entretanto, a startup finlandesa Polar Night Energy\u00a0descobriu que a areia pode, sim, ser o ingrediente secreto para o armazenamento energ\u00e9tico. Como a \u201cbateria de areia\u201d funciona?Primeiro, um container de a\u00e7o de 4\u00d77 metros \u00e9 [&hellip;]","og_url":"https:\/\/jornalfatosenoticias.com.br\/index.php\/2022\/07\/11\/bateria-de-areia-solucao-e-mais-barata-e-pode-armazenar-energia-por-meses\/","og_site_name":"Jornal Fatos e Not\u00edcias","article_published_time":"2022-07-11T17:51:37+00:00","article_modified_time":"2022-07-11T17:51:38+00:00","og_image":[{"width":1000,"height":450,"url":"https:\/\/jornalfatosenoticias.com.br\/wp-content\/uploads\/2022\/07\/bateria-de-areia_Shutterstock.jpg","type":"image\/jpeg"}],"author":"Luzimara Fernandes","twitter_card":"summary_large_image","twitter_misc":{"Escrito por":"Luzimara Fernandes","Est. tempo de leitura":"2 minutos"},"schema":{"@context":"https:\/\/schema.org","@graph":[{"@type":"Article","@id":"https:\/\/jornalfatosenoticias.com.br\/index.php\/2022\/07\/11\/bateria-de-areia-solucao-e-mais-barata-e-pode-armazenar-energia-por-meses\/#article","isPartOf":{"@id":"https:\/\/jornalfatosenoticias.com.br\/index.php\/2022\/07\/11\/bateria-de-areia-solucao-e-mais-barata-e-pode-armazenar-energia-por-meses\/"},"author":{"name":"Luzimara Fernandes","@id":"https:\/\/jornalfatosenoticias.com.br\/#\/schema\/person\/d63837fa13ac8666eb9e74e0985d6f81"},"headline":"\u201cBateria de areia\u201d? Solu\u00e7\u00e3o \u00e9 mais barata e pode armazenar energia por meses","datePublished":"2022-07-11T17:51:37+00:00","dateModified":"2022-07-11T17:51:38+00:00","mainEntityOfPage":{"@id":"https:\/\/jornalfatosenoticias.com.br\/index.php\/2022\/07\/11\/bateria-de-areia-solucao-e-mais-barata-e-pode-armazenar-energia-por-meses\/"},"wordCount":395,"commentCount":0,"publisher":{"@id":"https:\/\/jornalfatosenoticias.com.br\/#organization"},"image":{"@id":"https:\/\/jornalfatosenoticias.com.br\/index.php\/2022\/07\/11\/bateria-de-areia-solucao-e-mais-barata-e-pode-armazenar-energia-por-meses\/#primaryimage"},"thumbnailUrl":"https:\/\/jornalfatosenoticias.com.br\/wp-content\/uploads\/2022\/07\/bateria-de-areia_Shutterstock.jpg","keywords":["bateria","energia","gera\u00e7\u00e3o de energia","Polar Night Energy","startup"],"articleSection":["Ci\u00eancia"],"inLanguage":"pt-BR","potentialAction":[{"@type":"CommentAction","name":"Comment","target":["https:\/\/jornalfatosenoticias.com.br\/index.php\/2022\/07\/11\/bateria-de-areia-solucao-e-mais-barata-e-pode-armazenar-energia-por-meses\/#respond"]}]},{"@type":"WebPage","@id":"https:\/\/jornalfatosenoticias.com.br\/index.php\/2022\/07\/11\/bateria-de-areia-solucao-e-mais-barata-e-pode-armazenar-energia-por-meses\/","url":"https:\/\/jornalfatosenoticias.com.br\/index.php\/2022\/07\/11\/bateria-de-areia-solucao-e-mais-barata-e-pode-armazenar-energia-por-meses\/","name":"\u201cBateria de areia\u201d? Solu\u00e7\u00e3o \u00e9 mais barata e pode armazenar energia por meses - Jornal Fatos e Not\u00edcias","isPartOf":{"@id":"https:\/\/jornalfatosenoticias.com.br\/#website"},"primaryImageOfPage":{"@id":"https:\/\/jornalfatosenoticias.com.br\/index.php\/2022\/07\/11\/bateria-de-areia-solucao-e-mais-barata-e-pode-armazenar-energia-por-meses\/#primaryimage"},"image":{"@id":"https:\/\/jornalfatosenoticias.com.br\/index.php\/2022\/07\/11\/bateria-de-areia-solucao-e-mais-barata-e-pode-armazenar-energia-por-meses\/#primaryimage"},"thumbnailUrl":"https:\/\/jornalfatosenoticias.com.br\/wp-content\/uploads\/2022\/07\/bateria-de-areia_Shutterstock.jpg","datePublished":"2022-07-11T17:51:37+00:00","dateModified":"2022-07-11T17:51:38+00:00","breadcrumb":{"@id":"https:\/\/jornalfatosenoticias.com.br\/index.php\/2022\/07\/11\/bateria-de-areia-solucao-e-mais-barata-e-pode-armazenar-energia-por-meses\/#breadcrumb"},"inLanguage":"pt-BR","potentialAction":[{"@type":"ReadAction","target":["https:\/\/jornalfatosenoticias.com.br\/index.php\/2022\/07\/11\/bateria-de-areia-solucao-e-mais-barata-e-pode-armazenar-energia-por-meses\/"]}]},{"@type":"ImageObject","inLanguage":"pt-BR","@id":"https:\/\/jornalfatosenoticias.com.br\/index.php\/2022\/07\/11\/bateria-de-areia-solucao-e-mais-barata-e-pode-armazenar-energia-por-meses\/#primaryimage","url":"https:\/\/jornalfatosenoticias.com.br\/wp-content\/uploads\/2022\/07\/bateria-de-areia_Shutterstock.jpg","contentUrl":"https:\/\/jornalfatosenoticias.com.br\/wp-content\/uploads\/2022\/07\/bateria-de-areia_Shutterstock.jpg","width":1000,"height":450},{"@type":"BreadcrumbList","@id":"https:\/\/jornalfatosenoticias.com.br\/index.php\/2022\/07\/11\/bateria-de-areia-solucao-e-mais-barata-e-pode-armazenar-energia-por-meses\/#breadcrumb","itemListElement":[{"@type":"ListItem","position":1,"name":"In\u00edcio","item":"https:\/\/jornalfatosenoticias.com.br\/"},{"@type":"ListItem","position":2,"name":"\u201cBateria de areia\u201d? Solu\u00e7\u00e3o \u00e9 mais barata e pode armazenar energia por meses"}]},{"@type":"WebSite","@id":"https:\/\/jornalfatosenoticias.com.br\/#website","url":"https:\/\/jornalfatosenoticias.com.br\/","name":"Jornal Fatos e Not\u00edcias","description":"Not\u00edcias em geral","publisher":{"@id":"https:\/\/jornalfatosenoticias.com.br\/#organization"},"potentialAction":[{"@type":"SearchAction","target":{"@type":"EntryPoint","urlTemplate":"https:\/\/jornalfatosenoticias.com.br\/?s={search_term_string}"},"query-input":{"@type":"PropertyValueSpecification","valueRequired":true,"valueName":"search_term_string"}}],"inLanguage":"pt-BR"},{"@type":"Organization","@id":"https:\/\/jornalfatosenoticias.com.br\/#organization","name":"Jornal Fatos e Not\u00edcias","url":"https:\/\/jornalfatosenoticias.com.br\/","logo":{"@type":"ImageObject","inLanguage":"pt-BR","@id":"https:\/\/jornalfatosenoticias.com.br\/#\/schema\/logo\/image\/","url":"https:\/\/jornalfatosenoticias.com.br\/wp-content\/uploads\/2020\/02\/logo120.png","contentUrl":"https:\/\/jornalfatosenoticias.com.br\/wp-content\/uploads\/2020\/02\/logo120.png","width":1227,"height":120,"caption":"Jornal Fatos e Not\u00edcias"},"image":{"@id":"https:\/\/jornalfatosenoticias.com.br\/#\/schema\/logo\/image\/"}},{"@type":"Person","@id":"https:\/\/jornalfatosenoticias.com.br\/#\/schema\/person\/d63837fa13ac8666eb9e74e0985d6f81","name":"Luzimara Fernandes","image":{"@type":"ImageObject","inLanguage":"pt-BR","@id":"https:\/\/jornalfatosenoticias.com.br\/#\/schema\/person\/image\/","url":"https:\/\/jornalfatosenoticias.com.br\/wp-content\/uploads\/2025\/05\/EU_portal.jpg","contentUrl":"https:\/\/jornalfatosenoticias.com.br\/wp-content\/uploads\/2025\/05\/EU_portal.jpg","caption":"Luzimara Fernandes"},"description":"Jornalista MTB 2358-ES","sameAs":["https:\/\/jornalfatosenoticias.com.br"],"url":"https:\/\/jornalfatosenoticias.com.br\/index.php\/author\/luzimara\/"}]}},"cc_featured_image_caption":{"caption_text":"(Foto: Shutterstock)","source_text":"","source_url":""},"jetpack_featured_media_url":"https:\/\/jornalfatosenoticias.com.br\/wp-content\/uploads\/2022\/07\/bateria-de-areia_Shutterstock.jpg","_links":{"self":[{"href":"https:\/\/jornalfatosenoticias.com.br\/index.php\/wp-json\/wp\/v2\/posts\/32242","targetHints":{"allow":["GET"]}}],"collection":[{"href":"https:\/\/jornalfatosenoticias.com.br\/index.php\/wp-json\/wp\/v2\/posts"}],"about":[{"href":"https:\/\/jornalfatosenoticias.com.br\/index.php\/wp-json\/wp\/v2\/types\/post"}],"author":[{"embeddable":true,"href":"https:\/\/jornalfatosenoticias.com.br\/index.php\/wp-json\/wp\/v2\/users\/2"}],"replies":[{"embeddable":true,"href":"https:\/\/jornalfatosenoticias.com.br\/index.php\/wp-json\/wp\/v2\/comments?post=32242"}],"version-history":[{"count":0,"href":"https:\/\/jornalfatosenoticias.com.br\/index.php\/wp-json\/wp\/v2\/posts\/32242\/revisions"}],"wp:featuredmedia":[{"embeddable":true,"href":"https:\/\/jornalfatosenoticias.com.br\/index.php\/wp-json\/wp\/v2\/media\/32244"}],"wp:attachment":[{"href":"https:\/\/jornalfatosenoticias.com.br\/index.php\/wp-json\/wp\/v2\/media?parent=32242"}],"wp:term":[{"taxonomy":"category","embeddable":true,"href":"https:\/\/jornalfatosenoticias.com.br\/index.php\/wp-json\/wp\/v2\/categories?post=32242"},{"taxonomy":"post_tag","embeddable":true,"href":"https:\/\/jornalfatosenoticias.com.br\/index.php\/wp-json\/wp\/v2\/tags?post=32242"}],"curies":[{"name":"wp","href":"https:\/\/api.w.org\/{rel}","templated":true}]}}