{"id":32250,"date":"2022-07-12T10:27:42","date_gmt":"2022-07-12T13:27:42","guid":{"rendered":"https:\/\/jornalfatosenoticias.com.br\/?p=32250"},"modified":"2022-07-12T10:27:43","modified_gmt":"2022-07-12T13:27:43","slug":"nasa-divulga-hoje-novas-imagens-obtidas-pelo-telescopio-james-webb","status":"publish","type":"post","link":"https:\/\/jornalfatosenoticias.com.br\/index.php\/2022\/07\/12\/nasa-divulga-hoje-novas-imagens-obtidas-pelo-telescopio-james-webb\/","title":{"rendered":"Nasa divulga hoje novas imagens obtidas pelo telesc\u00f3pio James Webb"},"content":{"rendered":"\n<p><em><span class=\"has-inline-color has-black-color\">Ag\u00eancia promete &#8220;vis\u00f5es sem precedentes&#8221; e ricas em detalhes<\/span><\/em><\/p>\n\n\n\n<div class=\"wp-block-image\"><figure class=\"aligncenter size-large is-resized\"><img loading=\"lazy\" decoding=\"async\" src=\"https:\/\/jornalfatosenoticias.com.br\/wp-content\/uploads\/2020\/02\/Logo-Mizu-segunda-2-1024x99.png\" alt=\"\" class=\"wp-image-2353\" width=\"508\" height=\"49\" srcset=\"https:\/\/jornalfatosenoticias.com.br\/wp-content\/uploads\/2020\/02\/Logo-Mizu-segunda-2-1024x99.png 1024w, https:\/\/jornalfatosenoticias.com.br\/wp-content\/uploads\/2020\/02\/Logo-Mizu-segunda-2-300x29.png 300w, https:\/\/jornalfatosenoticias.com.br\/wp-content\/uploads\/2020\/02\/Logo-Mizu-segunda-2-768x74.png 768w, https:\/\/jornalfatosenoticias.com.br\/wp-content\/uploads\/2020\/02\/Logo-Mizu-segunda-2.png 1240w\" sizes=\"auto, (max-width: 508px) 100vw, 508px\" \/><\/figure><\/div>\n\n\n\n<p>A Ag\u00eancia Espacial Norte-Americana (Nasa) apresenta nesta ter\u00e7a-feira (12) novas imagens obtidas pelo Telesc\u00f3pio Espacial James Webb. De acordo com o \u00f3rg\u00e3o, tais imagens revelar\u00e3o \u201cvis\u00f5es sem precedentes\u201d, ricas em detalhes do Universo. Ontem (11), a primeira imagem, do aglomerado de gal\u00e1xias conhecido como SMACS 0723, localizado h\u00e1 4,6 bilh\u00f5es de anos luz, foi divulgada em evento na Casa Branca que contou com a participa\u00e7\u00e3o do presidente norte-americano Joe Biden.<br>A divulga\u00e7\u00e3o das imagens hoje ser\u00e1 <strong><a href=\"https:\/\/www.nasa.gov\/nasalive\" target=\"_blank\" rel=\"noreferrer noopener\">transmitida<\/a><\/strong> ao vivo, a partir das 11h30 (hor\u00e1rio de Bras\u00edlia), pela Nasa, bem como pelas redes sociais da ag\u00eancia. As imagens tamb\u00e9m ser\u00e3o <strong><a href=\"https:\/\/www.nasa.gov\/webbfirstimages\" target=\"_blank\" rel=\"noreferrer noopener\">disponibilizadas<\/a>\u00a0<\/strong>no site da ag\u00eancia. Localizado a 1,5 milh\u00e3o de quil\u00f4metros da Terra, no chamado ponto L2,, o James Webb Space Telescope (JWST) \u00e9 fruto de uma parceria entre as ag\u00eancias espaciais norte-americana (Nasa) e europeia (ESA). Ele tem como principal caracter\u00edstica a capta\u00e7\u00e3o de radia\u00e7\u00e3o infravermelha.<\/p>\n\n\n\n<div class=\"wp-block-image\"><figure class=\"alignright size-large is-resized\"><img loading=\"lazy\" decoding=\"async\" src=\"https:\/\/jornalfatosenoticias.com.br\/wp-content\/uploads\/2022\/02\/Precisao-Contabilidade-1024x724.jpg\" alt=\"\" class=\"wp-image-28088\" width=\"273\" height=\"192\"\/><\/figure><\/div>\n\n\n\n<p>Se tudo der certo, o equipamento permitir\u00e1 aos pesquisadores observar a forma\u00e7\u00e3o das primeiras gal\u00e1xias e estrelas. Al\u00e9m de estudar a evolu\u00e7\u00e3o das gal\u00e1xias, eles poder\u00e3o ainda observar a produ\u00e7\u00e3o de elementos pelas estrelas e os processos de forma\u00e7\u00e3o de estrelas e planetas.<\/p>\n\n\n\n<p><strong><span class=\"has-inline-color has-vivid-purple-color\">Mist\u00e9rios<br><\/span><\/strong>A expectativa \u00e9 que, al\u00e9m de resolver mist\u00e9rios do nosso sistema solar, o telesc\u00f3pio olhe para mundos distantes em torno de outras estrelas e investigue misteriosas estruturas e origens do Universo, contribuindo para que o ser humano entenda melhor tamb\u00e9m o seu pr\u00f3prio planeta.<br>De acordo com a Nasa, a primeira leva de imagens, selecionadas por um comit\u00ea internacional, abrange duas nebulosas (Carina e a do Anel Sul), um planeta (Wasp-96 b) e dois aglomerados de gal\u00e1xias (o Quinteto de Stephan e os aglomerados Smacs 0723).<\/p>\n\n\n\n<div class=\"wp-block-image\"><figure class=\"aligncenter size-large is-resized\"><img loading=\"lazy\" decoding=\"async\" src=\"https:\/\/jornalfatosenoticias.com.br\/wp-content\/uploads\/2022\/07\/Assinatura-Marketing-1024x300.png\" alt=\"\" class=\"wp-image-31962\" width=\"430\" height=\"125\" srcset=\"https:\/\/jornalfatosenoticias.com.br\/wp-content\/uploads\/2022\/07\/Assinatura-Marketing-1024x300.png 1024w, https:\/\/jornalfatosenoticias.com.br\/wp-content\/uploads\/2022\/07\/Assinatura-Marketing-300x88.png 300w, https:\/\/jornalfatosenoticias.com.br\/wp-content\/uploads\/2022\/07\/Assinatura-Marketing-768x225.png 768w, https:\/\/jornalfatosenoticias.com.br\/wp-content\/uploads\/2022\/07\/Assinatura-Marketing-1536x451.png 1536w, https:\/\/jornalfatosenoticias.com.br\/wp-content\/uploads\/2022\/07\/Assinatura-Marketing-2048x601.png 2048w\" sizes=\"auto, (max-width: 430px) 100vw, 430px\" \/><\/figure><\/div>\n\n\n\n<p><strong><span class=\"has-inline-color has-vivid-purple-color\">Conhe\u00e7a os primeiros corpos celestes observados pelo James Webb, descritos pela pr\u00f3pria Nasa:<\/span><\/strong><\/p>\n\n\n\n<ul class=\"wp-block-list\"><li><strong><span class=\"has-inline-color has-black-color\">Nebulosa Carina:<\/span><\/strong> uma das maiores e mais brilhantes nebulosas do c\u00e9u, localizada a aproximadamente 7,6 mil anos-luz de dist\u00e2ncia na constela\u00e7\u00e3o sul de Carina. As nebulosas s\u00e3o ber\u00e7\u00e1rios estelares onde as estrelas se formam. A Nebulosa Carina \u00e9 o lar de muitas estrelas massivas, v\u00e1rias vezes maiores que o Sol.<\/li><li><strong><span class=\"has-inline-color has-black-color\">WASP-96 b:<\/span><\/strong> planeta gigante fora do nosso sistema solar, composto principalmente de g\u00e1s. Localizado a cerca de 1.150 anos-luz da Terra, orbita sua estrela a cada 3,4 dias. Tem cerca de metade da massa de J\u00fapiter e sua descoberta foi anunciada em 2014.<\/li><li><strong><span class=\"has-inline-color has-black-color\">Nebulosa do Anel Sul:<\/span><\/strong> tamb\u00e9m conhecida como nebulosa \u201cEight-Burst\u201d, \u00e9 uma nebulosa planet\u00e1ria \u2013 uma nuvem de g\u00e1s em expans\u00e3o, envolvendo uma estrela moribunda. Tem quase meio ano-luz de di\u00e2metro e est\u00e1 localizada a aproximadamente dois mil anos-luz de dist\u00e2ncia da Terra.<\/li><li><strong><span class=\"has-inline-color has-black-color\">Quinteto de Stephan: <\/span><\/strong>localizado a cerca de 290 milh\u00f5es de anos-luz de dist\u00e2ncia da Terra, na constela\u00e7\u00e3o de P\u00e9gaso. Foi o primeiro grupo compacto de gal\u00e1xias descoberto, em 1877. Quatro das cinco gal\u00e1xias dentro do quinteto est\u00e3o presas em uma dan\u00e7a c\u00f3smica de repetidos encontros imediatos.<\/li><li><strong><span class=\"has-inline-color has-black-color\">SMACS 0723: <\/span><\/strong>aglomerados maci\u00e7os de gal\u00e1xias, em primeiro plano, que ampliam e distorcem a luz dos objetos atr\u00e1s deles, permitindo uma vis\u00e3o de campo profundo em popula\u00e7\u00f5es de gal\u00e1xias extremamente distantes e intrinsecamente fracas.<\/li><\/ul>\n\n\n\n<div class=\"wp-block-image\"><figure class=\"aligncenter size-large is-resized\"><img loading=\"lazy\" decoding=\"async\" src=\"https:\/\/jornalfatosenoticias.com.br\/wp-content\/uploads\/2022\/02\/Arte-Autoescola-Galatas_endereco_portal-1024x103.png\" alt=\"\" class=\"wp-image-27869\" width=\"530\" height=\"53\" srcset=\"https:\/\/jornalfatosenoticias.com.br\/wp-content\/uploads\/2022\/02\/Arte-Autoescola-Galatas_endereco_portal-1024x103.png 1024w, https:\/\/jornalfatosenoticias.com.br\/wp-content\/uploads\/2022\/02\/Arte-Autoescola-Galatas_endereco_portal-300x30.png 300w, https:\/\/jornalfatosenoticias.com.br\/wp-content\/uploads\/2022\/02\/Arte-Autoescola-Galatas_endereco_portal-768x77.png 768w, https:\/\/jornalfatosenoticias.com.br\/wp-content\/uploads\/2022\/02\/Arte-Autoescola-Galatas_endereco_portal.png 1223w\" sizes=\"auto, (max-width: 530px) 100vw, 530px\" \/><\/figure><\/div>\n\n\n\n<p><strong><span class=\"has-inline-color has-vivid-purple-color\">James Webb<br><\/span><\/strong>A Nasa explica que, para realizar os estudos pretendidos, com \u201csensibilidade sem precedentes\u201d, o observat\u00f3rio dever\u00e1 ser mantido frio, livre das grandes fontes de interfer\u00eancia de infravermelho causadas por corpos celestes como o Sol, a Terra e a Lua.<br>Para bloquear as fontes de irradia\u00e7\u00e3o de infravermelho, o James Webb ter\u00e1, consigo, um \u201cgrande escudo solar dobr\u00e1vel metalizado\u201d, a ser aberto no espa\u00e7o. Seu espelho tem cerca de 6,5 metros de di\u00e2metro.<\/p>\n\n\n\n<div class=\"wp-block-image\"><figure class=\"alignright size-large\"><img decoding=\"async\" src=\"https:\/\/jornalfatosenoticias.com.br\/wp-content\/uploads\/2020\/02\/logo_esteio.jpg\" alt=\"\" class=\"wp-image-1214\"\/><\/figure><\/div>\n\n\n\n<p>Para fazer a observa\u00e7\u00e3o das \u00e1reas mais distantes, o telesc\u00f3pio ter\u00e1 ainda, em seus m\u00f3dulos, equipamentos sens\u00edveis \u00e0 radia\u00e7\u00e3o infravermelha: c\u00e2mera, espectr\u00f3grafo e outros instrumentos para analisar o infravermelho emitido pelas fontes miradas por ele. Ter\u00e1 tamb\u00e9m um m\u00f3dulo respons\u00e1vel pelo transporte de dados coletados, al\u00e9m do telesc\u00f3pio \u00f3tico.<\/p>\n\n\n\n<p><strong><span class=\"has-inline-color has-vivid-purple-color\">Homenagem<br><\/span><\/strong>O nome escolhido para o novo telesc\u00f3pio espacial \u00e9 uma homenagem a um antigo administrador da Nasa, James Edwin Webb. Ele liderou o programa Apollo, al\u00e9m de uma s\u00e9rie de outras importantes miss\u00f5es espaciais.<\/p>\n\n\n\n<div class=\"wp-block-image\"><figure class=\"aligncenter size-large is-resized\"><img loading=\"lazy\" decoding=\"async\" src=\"https:\/\/jornalfatosenoticias.com.br\/wp-content\/uploads\/2020\/02\/Serra-Grande-1024x160.png\" alt=\"\" class=\"wp-image-7836\" width=\"440\" height=\"68\"\/><\/figure><\/div>\n\n\n\n<p><strong><em>Fonte: <a href=\"https:\/\/agenciabrasil.ebc.com.br\/geral\/noticia\/2022-07\/nasa-divulga-hoje-novas-imagens-obtidas-pelo-telescopio-james-webb\">Ag\u00eancia Brasil<\/a><\/em><\/strong><\/p>\n","protected":false},"excerpt":{"rendered":"<p>Ag\u00eancia promete &#8220;vis\u00f5es sem precedentes&#8221; e ricas em detalhes A Ag\u00eancia Espacial Norte-Americana (Nasa) apresenta nesta ter\u00e7a-feira (12) novas imagens obtidas pelo Telesc\u00f3pio Espacial James Webb. De acordo com o \u00f3rg\u00e3o, tais imagens revelar\u00e3o \u201cvis\u00f5es sem precedentes\u201d, ricas em detalhes do Universo. Ontem (11), a primeira imagem, do aglomerado de gal\u00e1xias conhecido como SMACS 0723, [&hellip;]<\/p>\n","protected":false},"author":2,"featured_media":32251,"comment_status":"open","ping_status":"open","sticky":false,"template":"","format":"standard","meta":{"footnotes":""},"categories":[2],"tags":[4082,15159,164,786,14074],"class_list":["post-32250","post","type-post","status-publish","format-standard","has-post-thumbnail","hentry","category-ciencia","tag-corpos-celestes","tag-james-webb","tag-nasa","tag-telescopio","tag-telescopio-espacial-james-webb"],"yoast_head":"<!-- This site is optimized with the Yoast SEO plugin v26.5 - https:\/\/yoast.com\/wordpress\/plugins\/seo\/ -->\n<title>Nasa divulga hoje novas imagens obtidas pelo telesc\u00f3pio James Webb - Jornal Fatos e Not\u00edcias<\/title>\n<meta name=\"robots\" content=\"index, follow, max-snippet:-1, max-image-preview:large, max-video-preview:-1\" \/>\n<link rel=\"canonical\" href=\"https:\/\/jornalfatosenoticias.com.br\/index.php\/2022\/07\/12\/nasa-divulga-hoje-novas-imagens-obtidas-pelo-telescopio-james-webb\/\" \/>\n<meta property=\"og:locale\" content=\"pt_BR\" \/>\n<meta property=\"og:type\" content=\"article\" \/>\n<meta property=\"og:title\" content=\"Nasa divulga hoje novas imagens obtidas pelo telesc\u00f3pio James Webb - Jornal Fatos e Not\u00edcias\" \/>\n<meta property=\"og:description\" content=\"Ag\u00eancia promete &#8220;vis\u00f5es sem precedentes&#8221; e ricas em detalhes A Ag\u00eancia Espacial Norte-Americana (Nasa) apresenta nesta ter\u00e7a-feira (12) novas imagens obtidas pelo Telesc\u00f3pio Espacial James Webb. De acordo com o \u00f3rg\u00e3o, tais imagens revelar\u00e3o \u201cvis\u00f5es sem precedentes\u201d, ricas em detalhes do Universo. Ontem (11), a primeira imagem, do aglomerado de gal\u00e1xias conhecido como SMACS 0723, [&hellip;]\" \/>\n<meta property=\"og:url\" content=\"https:\/\/jornalfatosenoticias.com.br\/index.php\/2022\/07\/12\/nasa-divulga-hoje-novas-imagens-obtidas-pelo-telescopio-james-webb\/\" \/>\n<meta property=\"og:site_name\" content=\"Jornal Fatos e Not\u00edcias\" \/>\n<meta property=\"article:published_time\" content=\"2022-07-12T13:27:42+00:00\" \/>\n<meta property=\"article:modified_time\" content=\"2022-07-12T13:27:43+00:00\" \/>\n<meta property=\"og:image\" content=\"https:\/\/jornalfatosenoticias.com.br\/wp-content\/uploads\/2022\/07\/nasa.jpg\" \/>\n\t<meta property=\"og:image:width\" content=\"1000\" \/>\n\t<meta property=\"og:image:height\" content=\"598\" \/>\n\t<meta property=\"og:image:type\" content=\"image\/jpeg\" \/>\n<meta name=\"author\" content=\"Luzimara Fernandes\" \/>\n<meta name=\"twitter:card\" content=\"summary_large_image\" \/>\n<meta name=\"twitter:label1\" content=\"Escrito por\" \/>\n\t<meta name=\"twitter:data1\" content=\"Luzimara Fernandes\" \/>\n\t<meta name=\"twitter:label2\" content=\"Est. tempo de leitura\" \/>\n\t<meta name=\"twitter:data2\" content=\"4 minutos\" \/>\n<script type=\"application\/ld+json\" class=\"yoast-schema-graph\">{\"@context\":\"https:\/\/schema.org\",\"@graph\":[{\"@type\":\"Article\",\"@id\":\"https:\/\/jornalfatosenoticias.com.br\/index.php\/2022\/07\/12\/nasa-divulga-hoje-novas-imagens-obtidas-pelo-telescopio-james-webb\/#article\",\"isPartOf\":{\"@id\":\"https:\/\/jornalfatosenoticias.com.br\/index.php\/2022\/07\/12\/nasa-divulga-hoje-novas-imagens-obtidas-pelo-telescopio-james-webb\/\"},\"author\":{\"name\":\"Luzimara Fernandes\",\"@id\":\"https:\/\/jornalfatosenoticias.com.br\/#\/schema\/person\/d63837fa13ac8666eb9e74e0985d6f81\"},\"headline\":\"Nasa divulga hoje novas imagens obtidas pelo telesc\u00f3pio James Webb\",\"datePublished\":\"2022-07-12T13:27:42+00:00\",\"dateModified\":\"2022-07-12T13:27:43+00:00\",\"mainEntityOfPage\":{\"@id\":\"https:\/\/jornalfatosenoticias.com.br\/index.php\/2022\/07\/12\/nasa-divulga-hoje-novas-imagens-obtidas-pelo-telescopio-james-webb\/\"},\"wordCount\":757,\"commentCount\":0,\"publisher\":{\"@id\":\"https:\/\/jornalfatosenoticias.com.br\/#organization\"},\"image\":{\"@id\":\"https:\/\/jornalfatosenoticias.com.br\/index.php\/2022\/07\/12\/nasa-divulga-hoje-novas-imagens-obtidas-pelo-telescopio-james-webb\/#primaryimage\"},\"thumbnailUrl\":\"https:\/\/jornalfatosenoticias.com.br\/wp-content\/uploads\/2022\/07\/nasa.jpg\",\"keywords\":[\"corpos celestes\",\"James Webb\",\"Nasa\",\"telesc\u00f3pio\",\"Telesc\u00f3pio Espacial James Webb\"],\"articleSection\":[\"Ci\u00eancia\"],\"inLanguage\":\"pt-BR\",\"potentialAction\":[{\"@type\":\"CommentAction\",\"name\":\"Comment\",\"target\":[\"https:\/\/jornalfatosenoticias.com.br\/index.php\/2022\/07\/12\/nasa-divulga-hoje-novas-imagens-obtidas-pelo-telescopio-james-webb\/#respond\"]}]},{\"@type\":\"WebPage\",\"@id\":\"https:\/\/jornalfatosenoticias.com.br\/index.php\/2022\/07\/12\/nasa-divulga-hoje-novas-imagens-obtidas-pelo-telescopio-james-webb\/\",\"url\":\"https:\/\/jornalfatosenoticias.com.br\/index.php\/2022\/07\/12\/nasa-divulga-hoje-novas-imagens-obtidas-pelo-telescopio-james-webb\/\",\"name\":\"Nasa divulga hoje novas imagens obtidas pelo telesc\u00f3pio James Webb - Jornal Fatos e Not\u00edcias\",\"isPartOf\":{\"@id\":\"https:\/\/jornalfatosenoticias.com.br\/#website\"},\"primaryImageOfPage\":{\"@id\":\"https:\/\/jornalfatosenoticias.com.br\/index.php\/2022\/07\/12\/nasa-divulga-hoje-novas-imagens-obtidas-pelo-telescopio-james-webb\/#primaryimage\"},\"image\":{\"@id\":\"https:\/\/jornalfatosenoticias.com.br\/index.php\/2022\/07\/12\/nasa-divulga-hoje-novas-imagens-obtidas-pelo-telescopio-james-webb\/#primaryimage\"},\"thumbnailUrl\":\"https:\/\/jornalfatosenoticias.com.br\/wp-content\/uploads\/2022\/07\/nasa.jpg\",\"datePublished\":\"2022-07-12T13:27:42+00:00\",\"dateModified\":\"2022-07-12T13:27:43+00:00\",\"breadcrumb\":{\"@id\":\"https:\/\/jornalfatosenoticias.com.br\/index.php\/2022\/07\/12\/nasa-divulga-hoje-novas-imagens-obtidas-pelo-telescopio-james-webb\/#breadcrumb\"},\"inLanguage\":\"pt-BR\",\"potentialAction\":[{\"@type\":\"ReadAction\",\"target\":[\"https:\/\/jornalfatosenoticias.com.br\/index.php\/2022\/07\/12\/nasa-divulga-hoje-novas-imagens-obtidas-pelo-telescopio-james-webb\/\"]}]},{\"@type\":\"ImageObject\",\"inLanguage\":\"pt-BR\",\"@id\":\"https:\/\/jornalfatosenoticias.com.br\/index.php\/2022\/07\/12\/nasa-divulga-hoje-novas-imagens-obtidas-pelo-telescopio-james-webb\/#primaryimage\",\"url\":\"https:\/\/jornalfatosenoticias.com.br\/wp-content\/uploads\/2022\/07\/nasa.jpg\",\"contentUrl\":\"https:\/\/jornalfatosenoticias.com.br\/wp-content\/uploads\/2022\/07\/nasa.jpg\",\"width\":1000,\"height\":598},{\"@type\":\"BreadcrumbList\",\"@id\":\"https:\/\/jornalfatosenoticias.com.br\/index.php\/2022\/07\/12\/nasa-divulga-hoje-novas-imagens-obtidas-pelo-telescopio-james-webb\/#breadcrumb\",\"itemListElement\":[{\"@type\":\"ListItem\",\"position\":1,\"name\":\"In\u00edcio\",\"item\":\"https:\/\/jornalfatosenoticias.com.br\/\"},{\"@type\":\"ListItem\",\"position\":2,\"name\":\"Nasa divulga hoje novas imagens obtidas pelo telesc\u00f3pio James Webb\"}]},{\"@type\":\"WebSite\",\"@id\":\"https:\/\/jornalfatosenoticias.com.br\/#website\",\"url\":\"https:\/\/jornalfatosenoticias.com.br\/\",\"name\":\"Jornal Fatos e Not\u00edcias\",\"description\":\"Not\u00edcias em geral\",\"publisher\":{\"@id\":\"https:\/\/jornalfatosenoticias.com.br\/#organization\"},\"potentialAction\":[{\"@type\":\"SearchAction\",\"target\":{\"@type\":\"EntryPoint\",\"urlTemplate\":\"https:\/\/jornalfatosenoticias.com.br\/?s={search_term_string}\"},\"query-input\":{\"@type\":\"PropertyValueSpecification\",\"valueRequired\":true,\"valueName\":\"search_term_string\"}}],\"inLanguage\":\"pt-BR\"},{\"@type\":\"Organization\",\"@id\":\"https:\/\/jornalfatosenoticias.com.br\/#organization\",\"name\":\"Jornal Fatos e Not\u00edcias\",\"url\":\"https:\/\/jornalfatosenoticias.com.br\/\",\"logo\":{\"@type\":\"ImageObject\",\"inLanguage\":\"pt-BR\",\"@id\":\"https:\/\/jornalfatosenoticias.com.br\/#\/schema\/logo\/image\/\",\"url\":\"https:\/\/jornalfatosenoticias.com.br\/wp-content\/uploads\/2020\/02\/logo120.png\",\"contentUrl\":\"https:\/\/jornalfatosenoticias.com.br\/wp-content\/uploads\/2020\/02\/logo120.png\",\"width\":1227,\"height\":120,\"caption\":\"Jornal Fatos e Not\u00edcias\"},\"image\":{\"@id\":\"https:\/\/jornalfatosenoticias.com.br\/#\/schema\/logo\/image\/\"}},{\"@type\":\"Person\",\"@id\":\"https:\/\/jornalfatosenoticias.com.br\/#\/schema\/person\/d63837fa13ac8666eb9e74e0985d6f81\",\"name\":\"Luzimara Fernandes\",\"image\":{\"@type\":\"ImageObject\",\"inLanguage\":\"pt-BR\",\"@id\":\"https:\/\/jornalfatosenoticias.com.br\/#\/schema\/person\/image\/\",\"url\":\"https:\/\/jornalfatosenoticias.com.br\/wp-content\/uploads\/2025\/05\/EU_portal.jpg\",\"contentUrl\":\"https:\/\/jornalfatosenoticias.com.br\/wp-content\/uploads\/2025\/05\/EU_portal.jpg\",\"caption\":\"Luzimara Fernandes\"},\"description\":\"Jornalista MTB 2358-ES\",\"sameAs\":[\"https:\/\/jornalfatosenoticias.com.br\"],\"url\":\"https:\/\/jornalfatosenoticias.com.br\/index.php\/author\/luzimara\/\"}]}<\/script>\n<!-- \/ Yoast SEO plugin. -->","yoast_head_json":{"title":"Nasa divulga hoje novas imagens obtidas pelo telesc\u00f3pio James Webb - Jornal Fatos e Not\u00edcias","robots":{"index":"index","follow":"follow","max-snippet":"max-snippet:-1","max-image-preview":"max-image-preview:large","max-video-preview":"max-video-preview:-1"},"canonical":"https:\/\/jornalfatosenoticias.com.br\/index.php\/2022\/07\/12\/nasa-divulga-hoje-novas-imagens-obtidas-pelo-telescopio-james-webb\/","og_locale":"pt_BR","og_type":"article","og_title":"Nasa divulga hoje novas imagens obtidas pelo telesc\u00f3pio James Webb - Jornal Fatos e Not\u00edcias","og_description":"Ag\u00eancia promete &#8220;vis\u00f5es sem precedentes&#8221; e ricas em detalhes A Ag\u00eancia Espacial Norte-Americana (Nasa) apresenta nesta ter\u00e7a-feira (12) novas imagens obtidas pelo Telesc\u00f3pio Espacial James Webb. De acordo com o \u00f3rg\u00e3o, tais imagens revelar\u00e3o \u201cvis\u00f5es sem precedentes\u201d, ricas em detalhes do Universo. Ontem (11), a primeira imagem, do aglomerado de gal\u00e1xias conhecido como SMACS 0723, [&hellip;]","og_url":"https:\/\/jornalfatosenoticias.com.br\/index.php\/2022\/07\/12\/nasa-divulga-hoje-novas-imagens-obtidas-pelo-telescopio-james-webb\/","og_site_name":"Jornal Fatos e Not\u00edcias","article_published_time":"2022-07-12T13:27:42+00:00","article_modified_time":"2022-07-12T13:27:43+00:00","og_image":[{"width":1000,"height":598,"url":"https:\/\/jornalfatosenoticias.com.br\/wp-content\/uploads\/2022\/07\/nasa.jpg","type":"image\/jpeg"}],"author":"Luzimara Fernandes","twitter_card":"summary_large_image","twitter_misc":{"Escrito por":"Luzimara Fernandes","Est. tempo de leitura":"4 minutos"},"schema":{"@context":"https:\/\/schema.org","@graph":[{"@type":"Article","@id":"https:\/\/jornalfatosenoticias.com.br\/index.php\/2022\/07\/12\/nasa-divulga-hoje-novas-imagens-obtidas-pelo-telescopio-james-webb\/#article","isPartOf":{"@id":"https:\/\/jornalfatosenoticias.com.br\/index.php\/2022\/07\/12\/nasa-divulga-hoje-novas-imagens-obtidas-pelo-telescopio-james-webb\/"},"author":{"name":"Luzimara Fernandes","@id":"https:\/\/jornalfatosenoticias.com.br\/#\/schema\/person\/d63837fa13ac8666eb9e74e0985d6f81"},"headline":"Nasa divulga hoje novas imagens obtidas pelo telesc\u00f3pio James Webb","datePublished":"2022-07-12T13:27:42+00:00","dateModified":"2022-07-12T13:27:43+00:00","mainEntityOfPage":{"@id":"https:\/\/jornalfatosenoticias.com.br\/index.php\/2022\/07\/12\/nasa-divulga-hoje-novas-imagens-obtidas-pelo-telescopio-james-webb\/"},"wordCount":757,"commentCount":0,"publisher":{"@id":"https:\/\/jornalfatosenoticias.com.br\/#organization"},"image":{"@id":"https:\/\/jornalfatosenoticias.com.br\/index.php\/2022\/07\/12\/nasa-divulga-hoje-novas-imagens-obtidas-pelo-telescopio-james-webb\/#primaryimage"},"thumbnailUrl":"https:\/\/jornalfatosenoticias.com.br\/wp-content\/uploads\/2022\/07\/nasa.jpg","keywords":["corpos celestes","James Webb","Nasa","telesc\u00f3pio","Telesc\u00f3pio Espacial James Webb"],"articleSection":["Ci\u00eancia"],"inLanguage":"pt-BR","potentialAction":[{"@type":"CommentAction","name":"Comment","target":["https:\/\/jornalfatosenoticias.com.br\/index.php\/2022\/07\/12\/nasa-divulga-hoje-novas-imagens-obtidas-pelo-telescopio-james-webb\/#respond"]}]},{"@type":"WebPage","@id":"https:\/\/jornalfatosenoticias.com.br\/index.php\/2022\/07\/12\/nasa-divulga-hoje-novas-imagens-obtidas-pelo-telescopio-james-webb\/","url":"https:\/\/jornalfatosenoticias.com.br\/index.php\/2022\/07\/12\/nasa-divulga-hoje-novas-imagens-obtidas-pelo-telescopio-james-webb\/","name":"Nasa divulga hoje novas imagens obtidas pelo telesc\u00f3pio James Webb - Jornal Fatos e Not\u00edcias","isPartOf":{"@id":"https:\/\/jornalfatosenoticias.com.br\/#website"},"primaryImageOfPage":{"@id":"https:\/\/jornalfatosenoticias.com.br\/index.php\/2022\/07\/12\/nasa-divulga-hoje-novas-imagens-obtidas-pelo-telescopio-james-webb\/#primaryimage"},"image":{"@id":"https:\/\/jornalfatosenoticias.com.br\/index.php\/2022\/07\/12\/nasa-divulga-hoje-novas-imagens-obtidas-pelo-telescopio-james-webb\/#primaryimage"},"thumbnailUrl":"https:\/\/jornalfatosenoticias.com.br\/wp-content\/uploads\/2022\/07\/nasa.jpg","datePublished":"2022-07-12T13:27:42+00:00","dateModified":"2022-07-12T13:27:43+00:00","breadcrumb":{"@id":"https:\/\/jornalfatosenoticias.com.br\/index.php\/2022\/07\/12\/nasa-divulga-hoje-novas-imagens-obtidas-pelo-telescopio-james-webb\/#breadcrumb"},"inLanguage":"pt-BR","potentialAction":[{"@type":"ReadAction","target":["https:\/\/jornalfatosenoticias.com.br\/index.php\/2022\/07\/12\/nasa-divulga-hoje-novas-imagens-obtidas-pelo-telescopio-james-webb\/"]}]},{"@type":"ImageObject","inLanguage":"pt-BR","@id":"https:\/\/jornalfatosenoticias.com.br\/index.php\/2022\/07\/12\/nasa-divulga-hoje-novas-imagens-obtidas-pelo-telescopio-james-webb\/#primaryimage","url":"https:\/\/jornalfatosenoticias.com.br\/wp-content\/uploads\/2022\/07\/nasa.jpg","contentUrl":"https:\/\/jornalfatosenoticias.com.br\/wp-content\/uploads\/2022\/07\/nasa.jpg","width":1000,"height":598},{"@type":"BreadcrumbList","@id":"https:\/\/jornalfatosenoticias.com.br\/index.php\/2022\/07\/12\/nasa-divulga-hoje-novas-imagens-obtidas-pelo-telescopio-james-webb\/#breadcrumb","itemListElement":[{"@type":"ListItem","position":1,"name":"In\u00edcio","item":"https:\/\/jornalfatosenoticias.com.br\/"},{"@type":"ListItem","position":2,"name":"Nasa divulga hoje novas imagens obtidas pelo telesc\u00f3pio James Webb"}]},{"@type":"WebSite","@id":"https:\/\/jornalfatosenoticias.com.br\/#website","url":"https:\/\/jornalfatosenoticias.com.br\/","name":"Jornal Fatos e Not\u00edcias","description":"Not\u00edcias em geral","publisher":{"@id":"https:\/\/jornalfatosenoticias.com.br\/#organization"},"potentialAction":[{"@type":"SearchAction","target":{"@type":"EntryPoint","urlTemplate":"https:\/\/jornalfatosenoticias.com.br\/?s={search_term_string}"},"query-input":{"@type":"PropertyValueSpecification","valueRequired":true,"valueName":"search_term_string"}}],"inLanguage":"pt-BR"},{"@type":"Organization","@id":"https:\/\/jornalfatosenoticias.com.br\/#organization","name":"Jornal Fatos e Not\u00edcias","url":"https:\/\/jornalfatosenoticias.com.br\/","logo":{"@type":"ImageObject","inLanguage":"pt-BR","@id":"https:\/\/jornalfatosenoticias.com.br\/#\/schema\/logo\/image\/","url":"https:\/\/jornalfatosenoticias.com.br\/wp-content\/uploads\/2020\/02\/logo120.png","contentUrl":"https:\/\/jornalfatosenoticias.com.br\/wp-content\/uploads\/2020\/02\/logo120.png","width":1227,"height":120,"caption":"Jornal Fatos e Not\u00edcias"},"image":{"@id":"https:\/\/jornalfatosenoticias.com.br\/#\/schema\/logo\/image\/"}},{"@type":"Person","@id":"https:\/\/jornalfatosenoticias.com.br\/#\/schema\/person\/d63837fa13ac8666eb9e74e0985d6f81","name":"Luzimara Fernandes","image":{"@type":"ImageObject","inLanguage":"pt-BR","@id":"https:\/\/jornalfatosenoticias.com.br\/#\/schema\/person\/image\/","url":"https:\/\/jornalfatosenoticias.com.br\/wp-content\/uploads\/2025\/05\/EU_portal.jpg","contentUrl":"https:\/\/jornalfatosenoticias.com.br\/wp-content\/uploads\/2025\/05\/EU_portal.jpg","caption":"Luzimara Fernandes"},"description":"Jornalista MTB 2358-ES","sameAs":["https:\/\/jornalfatosenoticias.com.br"],"url":"https:\/\/jornalfatosenoticias.com.br\/index.php\/author\/luzimara\/"}]}},"cc_featured_image_caption":{"caption_text":"(Foto: Space Telescope Science Institut) ","source_text":"","source_url":""},"jetpack_featured_media_url":"https:\/\/jornalfatosenoticias.com.br\/wp-content\/uploads\/2022\/07\/nasa.jpg","_links":{"self":[{"href":"https:\/\/jornalfatosenoticias.com.br\/index.php\/wp-json\/wp\/v2\/posts\/32250","targetHints":{"allow":["GET"]}}],"collection":[{"href":"https:\/\/jornalfatosenoticias.com.br\/index.php\/wp-json\/wp\/v2\/posts"}],"about":[{"href":"https:\/\/jornalfatosenoticias.com.br\/index.php\/wp-json\/wp\/v2\/types\/post"}],"author":[{"embeddable":true,"href":"https:\/\/jornalfatosenoticias.com.br\/index.php\/wp-json\/wp\/v2\/users\/2"}],"replies":[{"embeddable":true,"href":"https:\/\/jornalfatosenoticias.com.br\/index.php\/wp-json\/wp\/v2\/comments?post=32250"}],"version-history":[{"count":0,"href":"https:\/\/jornalfatosenoticias.com.br\/index.php\/wp-json\/wp\/v2\/posts\/32250\/revisions"}],"wp:featuredmedia":[{"embeddable":true,"href":"https:\/\/jornalfatosenoticias.com.br\/index.php\/wp-json\/wp\/v2\/media\/32251"}],"wp:attachment":[{"href":"https:\/\/jornalfatosenoticias.com.br\/index.php\/wp-json\/wp\/v2\/media?parent=32250"}],"wp:term":[{"taxonomy":"category","embeddable":true,"href":"https:\/\/jornalfatosenoticias.com.br\/index.php\/wp-json\/wp\/v2\/categories?post=32250"},{"taxonomy":"post_tag","embeddable":true,"href":"https:\/\/jornalfatosenoticias.com.br\/index.php\/wp-json\/wp\/v2\/tags?post=32250"}],"curies":[{"name":"wp","href":"https:\/\/api.w.org\/{rel}","templated":true}]}}